{"id":10384,"date":"2024-02-06T12:28:02","date_gmt":"2024-02-06T11:28:02","guid":{"rendered":"https:\/\/confederaciopenyes.cat\/?p=10384"},"modified":"2024-02-07T09:55:04","modified_gmt":"2024-02-07T08:55:04","slug":"assemblies-federations-valencia-andalucia","status":"publish","type":"post","link":"https:\/\/confederaciopenyes.cat\/en\/assemblies-federations-valencia-andalucia\/","title":{"rendered":"Assemblies in the Federations of Valencia and Andaluc\u00eda"},"content":{"rendered":"\n<p>The territorial Federations of penyes have started the year 2024 in a very active way, and several of them are already holding the <strong>first assemblies with the entities of their territory.<\/strong> Last weekend it was the turn of the <strong>Federaci\u00f3 de Val\u00e8ncia i la Marina Alta <\/strong>and the <strong>Federaci\u00f3n de Andaluc\u00eda, Ceuta y Melilla<\/strong>, which <strong>brought together most of their supporters\u2019 clubs to plan the coming months<\/strong>.<\/p>\n\n\n\n<p>The<strong><a href=\"https:\/\/twitter.com\/FederacioPenyes\"> Federaci\u00f3 de Penyes de Val\u00e8ncia i la Marina Alta<\/a><\/strong> held its assembly last Saturday in <strong>Denia<\/strong>, specifically in Bale\u00e0ria Port. With more than 60 attendees, <strong>24 penyes of the federation were represented<\/strong>, with the president of the Federation, <strong>Miquel Gomis<\/strong>, at the head. The Denia Town Council was also represented. Among other issues, the assembly reviewed the latest<strong> report from the Confederaci\u00f3 Mundial de Penyes<\/strong>, and also began planning events such as the <strong>Meeting of Penyes<\/strong>, which is likely to be held in Denia itself in early summer. There were also <strong>new developments in the composition of the entity&#8217;s board of directors.<\/strong><\/p>\n\n\n\n<figure class=\"wp-block-gallery has-nested-images columns-default is-cropped wp-block-gallery-1 is-layout-flex wp-block-gallery-is-layout-flex\">\n<figure class=\"wp-block-image size-large\"><a href=\"https:\/\/confederaciopenyes.cat\/wp-content\/uploads\/2024\/02\/IMG-20240205-WA0015-2-edited.jpg\"><img decoding=\"async\" width=\"1600\" height=\"900\" data-id=\"10388\" data-src=\"https:\/\/confederaciopenyes.cat\/wp-content\/uploads\/2024\/02\/IMG-20240205-WA0015-2-edited.jpg\" alt=\"\" class=\"wp-image-10388 lazyload\" data-srcset=\"https:\/\/confederaciopenyes.cat\/wp-content\/uploads\/2024\/02\/IMG-20240205-WA0015-2-edited.jpg 1600w, https:\/\/confederaciopenyes.cat\/wp-content\/uploads\/2024\/02\/IMG-20240205-WA0015-2-edited-300x169.jpg 300w, https:\/\/confederaciopenyes.cat\/wp-content\/uploads\/2024\/02\/IMG-20240205-WA0015-2-edited-1024x576.jpg 1024w, https:\/\/confederaciopenyes.cat\/wp-content\/uploads\/2024\/02\/IMG-20240205-WA0015-2-edited-768x432.jpg 768w, https:\/\/confederaciopenyes.cat\/wp-content\/uploads\/2024\/02\/IMG-20240205-WA0015-2-edited-1536x864.jpg 1536w\" data-sizes=\"(max-width: 1600px) 100vw, 1600px\" src=\"data:image\/svg+xml;base64,PHN2ZyB3aWR0aD0iMSIgaGVpZ2h0PSIxIiB4bWxucz0iaHR0cDovL3d3dy53My5vcmcvMjAwMC9zdmciPjwvc3ZnPg==\" style=\"--smush-placeholder-width: 1600px; --smush-placeholder-aspect-ratio: 1600\/900;\" \/><\/a><\/figure>\n\n\n\n<figure class=\"wp-block-image size-large\"><a href=\"https:\/\/confederaciopenyes.cat\/wp-content\/uploads\/2024\/02\/IMG-20240205-WA0016-edited-2.jpg\"><img decoding=\"async\" width=\"1024\" height=\"576\" data-id=\"10387\" data-src=\"https:\/\/confederaciopenyes.cat\/wp-content\/uploads\/2024\/02\/IMG-20240205-WA0016-edited-2-1024x576.jpg\" alt=\"\" class=\"wp-image-10387 lazyload\" data-srcset=\"https:\/\/confederaciopenyes.cat\/wp-content\/uploads\/2024\/02\/IMG-20240205-WA0016-edited-2-1024x576.jpg 1024w, https:\/\/confederaciopenyes.cat\/wp-content\/uploads\/2024\/02\/IMG-20240205-WA0016-edited-2-300x169.jpg 300w, https:\/\/confederaciopenyes.cat\/wp-content\/uploads\/2024\/02\/IMG-20240205-WA0016-edited-2-768x432.jpg 768w, https:\/\/confederaciopenyes.cat\/wp-content\/uploads\/2024\/02\/IMG-20240205-WA0016-edited-2.jpg 1422w\" data-sizes=\"(max-width: 1024px) 100vw, 1024px\" src=\"data:image\/svg+xml;base64,PHN2ZyB3aWR0aD0iMSIgaGVpZ2h0PSIxIiB4bWxucz0iaHR0cDovL3d3dy53My5vcmcvMjAwMC9zdmciPjwvc3ZnPg==\" style=\"--smush-placeholder-width: 1024px; --smush-placeholder-aspect-ratio: 1024\/576;\" \/><\/a><\/figure>\n<\/figure>\n\n\n\n<p><\/p>\n\n\n\n<h6 class=\"wp-block-heading\" id=\"h-meeting-and-talk-in-palos-de-la-frontera\"><strong>Meeting and talk in Palos de la Frontera<\/strong><\/h6>\n\n\n\n<p>The<strong> Federaci\u00f3n de Pe\u00f1as de Andaluc\u00eda, Ceuta y Melilla<\/strong> also had an intense weekend in <strong>Palos de la Frontera<\/strong> (Huelva). On Friday, a meeting of the<strong> Federation&#8217;s board of directors<\/strong> was held in the town hall, headed by its president <strong>Jos\u00e9 Adame<\/strong>, and attended by the mayor of Palos de la Frontera, <strong>Carmelo Romero<\/strong>. A talk-colloquium was also organised, with the presence of<strong> more than 20 penyes from this area<\/strong>. There, information was given on the<strong> projects of the Confederaci\u00f3 Mundial de Penyes<\/strong> and the next<strong> Convivium of Pe\u00f1as Barcelonistas de Andaluc\u00eda, Ceuta and Melilla<\/strong>, to be<strong> held in Almerimar-El Ejido on 10, 11 and 12 May, was presented<\/strong>.<\/p>\n\n\n\n<p>The following day, the Federation organised various activities such as a <strong>talk on health in sport aimed at children<\/strong>, as well as<strong> various cultural visits to El Roc\u00edo.<\/strong> It was a full day of blaugrana passion in the province of Huelva.<\/p>\n\n\n\n<figure class=\"wp-block-gallery has-nested-images columns-default is-cropped wp-block-gallery-2 is-layout-flex wp-block-gallery-is-layout-flex\">\n<figure class=\"wp-block-image size-large\"><a href=\"https:\/\/confederaciopenyes.cat\/wp-content\/uploads\/2024\/02\/Assemblea-Fed.-Andalucia-2-edited.jpg\"><img decoding=\"async\" width=\"2048\" height=\"1152\" data-id=\"10391\" data-src=\"https:\/\/confederaciopenyes.cat\/wp-content\/uploads\/2024\/02\/Assemblea-Fed.-Andalucia-2-edited.jpg\" alt=\"\" class=\"wp-image-10391 lazyload\" data-srcset=\"https:\/\/confederaciopenyes.cat\/wp-content\/uploads\/2024\/02\/Assemblea-Fed.-Andalucia-2-edited.jpg 2048w, https:\/\/confederaciopenyes.cat\/wp-content\/uploads\/2024\/02\/Assemblea-Fed.-Andalucia-2-edited-300x169.jpg 300w, https:\/\/confederaciopenyes.cat\/wp-content\/uploads\/2024\/02\/Assemblea-Fed.-Andalucia-2-edited-1024x576.jpg 1024w, https:\/\/confederaciopenyes.cat\/wp-content\/uploads\/2024\/02\/Assemblea-Fed.-Andalucia-2-edited-768x432.jpg 768w, https:\/\/confederaciopenyes.cat\/wp-content\/uploads\/2024\/02\/Assemblea-Fed.-Andalucia-2-edited-1536x864.jpg 1536w\" data-sizes=\"(max-width: 2048px) 100vw, 2048px\" src=\"data:image\/svg+xml;base64,PHN2ZyB3aWR0aD0iMSIgaGVpZ2h0PSIxIiB4bWxucz0iaHR0cDovL3d3dy53My5vcmcvMjAwMC9zdmciPjwvc3ZnPg==\" style=\"--smush-placeholder-width: 2048px; --smush-placeholder-aspect-ratio: 2048\/1152;\" \/><\/a><\/figure>\n\n\n\n<figure class=\"wp-block-image size-large\"><a href=\"https:\/\/confederaciopenyes.cat\/wp-content\/uploads\/2024\/02\/Imagen-de-WhatsApp-2024-02-05-a-las-17.43.54_998cb898-2-edited.jpg\"><img decoding=\"async\" width=\"1600\" height=\"900\" data-id=\"10392\" data-src=\"https:\/\/confederaciopenyes.cat\/wp-content\/uploads\/2024\/02\/Imagen-de-WhatsApp-2024-02-05-a-las-17.43.54_998cb898-2-edited.jpg\" alt=\"\" class=\"wp-image-10392 lazyload\" data-srcset=\"https:\/\/confederaciopenyes.cat\/wp-content\/uploads\/2024\/02\/Imagen-de-WhatsApp-2024-02-05-a-las-17.43.54_998cb898-2-edited.jpg 1600w, https:\/\/confederaciopenyes.cat\/wp-content\/uploads\/2024\/02\/Imagen-de-WhatsApp-2024-02-05-a-las-17.43.54_998cb898-2-edited-300x169.jpg 300w, https:\/\/confederaciopenyes.cat\/wp-content\/uploads\/2024\/02\/Imagen-de-WhatsApp-2024-02-05-a-las-17.43.54_998cb898-2-edited-1024x576.jpg 1024w, https:\/\/confederaciopenyes.cat\/wp-content\/uploads\/2024\/02\/Imagen-de-WhatsApp-2024-02-05-a-las-17.43.54_998cb898-2-edited-768x432.jpg 768w, https:\/\/confederaciopenyes.cat\/wp-content\/uploads\/2024\/02\/Imagen-de-WhatsApp-2024-02-05-a-las-17.43.54_998cb898-2-edited-1536x864.jpg 1536w\" data-sizes=\"(max-width: 1600px) 100vw, 1600px\" src=\"data:image\/svg+xml;base64,PHN2ZyB3aWR0aD0iMSIgaGVpZ2h0PSIxIiB4bWxucz0iaHR0cDovL3d3dy53My5vcmcvMjAwMC9zdmciPjwvc3ZnPg==\" style=\"--smush-placeholder-width: 1600px; --smush-placeholder-aspect-ratio: 1600\/900;\" \/><\/a><\/figure>\n<\/figure>\n","protected":false},"excerpt":{"rendered":"<p>The territorial Federations of penyes have started the year 2024 in a very active way, and several of them are already holding the first assemblies with the entities of their territory. Last weekend it was the turn of the Federaci\u00f3 de Val\u00e8ncia i la Marina Alta and the Federaci\u00f3n de Andaluc\u00eda, Ceuta y Melilla, which &#8230; <a title=\"Assemblies in the Federations of Valencia and Andaluc\u00eda\" class=\"read-more\" href=\"https:\/\/confederaciopenyes.cat\/en\/assemblies-federations-valencia-andalucia\/\" aria-label=\"Read more about Assemblies in the Federations of Valencia and Andaluc\u00eda\">Read more<\/a><\/p>\n","protected":false},"author":4,"featured_media":10357,"comment_status":"closed","ping_status":"open","sticky":false,"template":"","format":"standard","meta":{"_acf_changed":false,"footnotes":""},"categories":[78],"tags":[2505,356,2507,2509,122,110],"class_list":["post-10384","post","type-post","status-publish","format-standard","has-post-thumbnail","hentry","category-news-en","tag-assembly","tag-confederacio-mundial-de-penyes-en","tag-federacio-de-valencia-i-marina-alta-en","tag-federacion-de-penas-de-andalucia-ceuta-y-melilla-en","tag-news","tag-penyes"],"acf":[],"yoast_head":"<!-- This site is optimized with the Yoast SEO Premium plugin v26.7 (Yoast SEO v27.5) - https:\/\/yoast.com\/product\/yoast-seo-premium-wordpress\/ -->\n<title>Assemblies in the Federations of Valencia and Andaluc\u00eda - C. M. P.<\/title>\n<meta name=\"description\" content=\"The territorial federations of Valencia and Andalusia, Ceuta and Melilla have already held their first assemblies of 2024.\" \/>\n<meta name=\"robots\" content=\"index, follow, max-snippet:-1, max-image-preview:large, max-video-preview:-1\" \/>\n<link rel=\"canonical\" href=\"https:\/\/confederaciopenyes.cat\/en\/assemblies-federations-valencia-andalucia\/\" \/>\n<meta property=\"og:locale\" content=\"en_US\" \/>\n<meta property=\"og:type\" content=\"article\" \/>\n<meta property=\"og:title\" content=\"Assemblies in the Federations of Valencia and Andaluc\u00eda\" \/>\n<meta property=\"og:description\" content=\"The territorial federations of Valencia and Andalusia, Ceuta and Melilla have already held their first assemblies of 2024.\" \/>\n<meta property=\"og:url\" content=\"https:\/\/confederaciopenyes.cat\/en\/assemblies-federations-valencia-andalucia\/\" \/>\n<meta property=\"og:site_name\" content=\"Confederaci\u00f3 Mundial de Penyes del FC Barcelona\" \/>\n<meta property=\"article:publisher\" content=\"https:\/\/www.facebook.com\/ConfederacioMundialPenyesFCB\" \/>\n<meta property=\"article:published_time\" content=\"2024-02-06T11:28:02+00:00\" \/>\n<meta property=\"article:modified_time\" content=\"2024-02-07T08:55:04+00:00\" \/>\n<meta property=\"og:image\" content=\"https:\/\/confederaciopenyes.cat\/wp-content\/uploads\/2024\/02\/Assemblea-Fed.-Valencia.jpg\" \/>\n\t<meta property=\"og:image:width\" content=\"1440\" \/>\n\t<meta property=\"og:image:height\" content=\"763\" \/>\n\t<meta property=\"og:image:type\" content=\"image\/jpeg\" \/>\n<meta name=\"author\" content=\"Confederaci\u00f3 Mundial de Penyes del FC Barcelona\" \/>\n<meta name=\"twitter:card\" content=\"summary_large_image\" \/>\n<meta name=\"twitter:creator\" content=\"@ConfePenyesFCB\" \/>\n<meta name=\"twitter:site\" content=\"@ConfePenyesFCB\" \/>\n<meta name=\"twitter:label1\" content=\"Written by\" \/>\n\t<meta name=\"twitter:data1\" content=\"Confederaci\u00f3 Mundial de Penyes del FC Barcelona\" \/>\n\t<meta name=\"twitter:label2\" content=\"Est. reading time\" \/>\n\t<meta name=\"twitter:data2\" content=\"3 minutes\" \/>\n<script type=\"application\/ld+json\" class=\"yoast-schema-graph\">{\"@context\":\"https:\\\/\\\/schema.org\",\"@graph\":[{\"@type\":\"Article\",\"@id\":\"https:\\\/\\\/confederaciopenyes.cat\\\/en\\\/assemblies-federations-valencia-andalucia\\\/#article\",\"isPartOf\":{\"@id\":\"https:\\\/\\\/confederaciopenyes.cat\\\/en\\\/assemblies-federations-valencia-andalucia\\\/\"},\"author\":{\"name\":\"Confederaci\u00f3 Mundial de Penyes del FC Barcelona\",\"@id\":\"https:\\\/\\\/confederaciopenyes.cat\\\/en\\\/#\\\/schema\\\/person\\\/337072f6daef87a85aa59aa1f134387c\"},\"headline\":\"Assemblies in the Federations of Valencia and Andaluc\u00eda\",\"datePublished\":\"2024-02-06T11:28:02+00:00\",\"dateModified\":\"2024-02-07T08:55:04+00:00\",\"mainEntityOfPage\":{\"@id\":\"https:\\\/\\\/confederaciopenyes.cat\\\/en\\\/assemblies-federations-valencia-andalucia\\\/\"},\"wordCount\":343,\"publisher\":{\"@id\":\"https:\\\/\\\/confederaciopenyes.cat\\\/en\\\/#organization\"},\"image\":{\"@id\":\"https:\\\/\\\/confederaciopenyes.cat\\\/en\\\/assemblies-federations-valencia-andalucia\\\/#primaryimage\"},\"thumbnailUrl\":\"https:\\\/\\\/confederaciopenyes.cat\\\/wp-content\\\/uploads\\\/2024\\\/02\\\/Assemblea-Fed.-Valencia.jpg\",\"keywords\":[\"assembly\",\"confederaci\u00f3 mundial de penyes\",\"Federaci\u00f3 de Val\u00e8ncia i Marina Alta\",\"Federaci\u00f3n de Pe\u00f1as de Andaluc\u00eda Ceuta y Melilla\",\"news\",\"penyes\"],\"articleSection\":[\"News\"],\"inLanguage\":\"en-US\"},{\"@type\":\"WebPage\",\"@id\":\"https:\\\/\\\/confederaciopenyes.cat\\\/en\\\/assemblies-federations-valencia-andalucia\\\/\",\"url\":\"https:\\\/\\\/confederaciopenyes.cat\\\/en\\\/assemblies-federations-valencia-andalucia\\\/\",\"name\":\"Assemblies in the Federations of Valencia and Andaluc\u00eda - C. M. P.\",\"isPartOf\":{\"@id\":\"https:\\\/\\\/confederaciopenyes.cat\\\/en\\\/#website\"},\"primaryImageOfPage\":{\"@id\":\"https:\\\/\\\/confederaciopenyes.cat\\\/en\\\/assemblies-federations-valencia-andalucia\\\/#primaryimage\"},\"image\":{\"@id\":\"https:\\\/\\\/confederaciopenyes.cat\\\/en\\\/assemblies-federations-valencia-andalucia\\\/#primaryimage\"},\"thumbnailUrl\":\"https:\\\/\\\/confederaciopenyes.cat\\\/wp-content\\\/uploads\\\/2024\\\/02\\\/Assemblea-Fed.-Valencia.jpg\",\"datePublished\":\"2024-02-06T11:28:02+00:00\",\"dateModified\":\"2024-02-07T08:55:04+00:00\",\"description\":\"The territorial federations of Valencia and Andalusia, Ceuta and Melilla have already held their first assemblies of 2024.\",\"breadcrumb\":{\"@id\":\"https:\\\/\\\/confederaciopenyes.cat\\\/en\\\/assemblies-federations-valencia-andalucia\\\/#breadcrumb\"},\"inLanguage\":\"en-US\",\"potentialAction\":[{\"@type\":\"ReadAction\",\"target\":[\"https:\\\/\\\/confederaciopenyes.cat\\\/en\\\/assemblies-federations-valencia-andalucia\\\/\"]}]},{\"@type\":\"ImageObject\",\"inLanguage\":\"en-US\",\"@id\":\"https:\\\/\\\/confederaciopenyes.cat\\\/en\\\/assemblies-federations-valencia-andalucia\\\/#primaryimage\",\"url\":\"https:\\\/\\\/confederaciopenyes.cat\\\/wp-content\\\/uploads\\\/2024\\\/02\\\/Assemblea-Fed.-Valencia.jpg\",\"contentUrl\":\"https:\\\/\\\/confederaciopenyes.cat\\\/wp-content\\\/uploads\\\/2024\\\/02\\\/Assemblea-Fed.-Valencia.jpg\",\"width\":1440,\"height\":763},{\"@type\":\"BreadcrumbList\",\"@id\":\"https:\\\/\\\/confederaciopenyes.cat\\\/en\\\/assemblies-federations-valencia-andalucia\\\/#breadcrumb\",\"itemListElement\":[{\"@type\":\"ListItem\",\"position\":1,\"name\":\"Inici\",\"item\":\"https:\\\/\\\/confederaciopenyes.cat\\\/en\\\/\"},{\"@type\":\"ListItem\",\"position\":2,\"name\":\"Assemblies in the Federations of Valencia and Andaluc\u00eda\"}]},{\"@type\":\"WebSite\",\"@id\":\"https:\\\/\\\/confederaciopenyes.cat\\\/en\\\/#website\",\"url\":\"https:\\\/\\\/confederaciopenyes.cat\\\/en\\\/\",\"name\":\"Confederaci\u00f3 Mundial de Penyes del FC Barcelona\",\"description\":\"C.M. Penyes FC Barcelona\",\"publisher\":{\"@id\":\"https:\\\/\\\/confederaciopenyes.cat\\\/en\\\/#organization\"},\"potentialAction\":[{\"@type\":\"SearchAction\",\"target\":{\"@type\":\"EntryPoint\",\"urlTemplate\":\"https:\\\/\\\/confederaciopenyes.cat\\\/en\\\/?s={search_term_string}\"},\"query-input\":{\"@type\":\"PropertyValueSpecification\",\"valueRequired\":true,\"valueName\":\"search_term_string\"}}],\"inLanguage\":\"en-US\"},{\"@type\":\"Organization\",\"@id\":\"https:\\\/\\\/confederaciopenyes.cat\\\/en\\\/#organization\",\"name\":\"Confederaci\u00f3 Mundial de Penyes del FC Barcelona\",\"url\":\"https:\\\/\\\/confederaciopenyes.cat\\\/en\\\/\",\"logo\":{\"@type\":\"ImageObject\",\"inLanguage\":\"en-US\",\"@id\":\"https:\\\/\\\/confederaciopenyes.cat\\\/en\\\/#\\\/schema\\\/logo\\\/image\\\/\",\"url\":\"https:\\\/\\\/confederaciopenyes.cat\\\/wp-content\\\/uploads\\\/2022\\\/07\\\/cropped-logo_horizontal.png\",\"contentUrl\":\"https:\\\/\\\/confederaciopenyes.cat\\\/wp-content\\\/uploads\\\/2022\\\/07\\\/cropped-logo_horizontal.png\",\"width\":1320,\"height\":309,\"caption\":\"Confederaci\u00f3 Mundial de Penyes del FC Barcelona\"},\"image\":{\"@id\":\"https:\\\/\\\/confederaciopenyes.cat\\\/en\\\/#\\\/schema\\\/logo\\\/image\\\/\"},\"sameAs\":[\"https:\\\/\\\/www.facebook.com\\\/ConfederacioMundialPenyesFCB\",\"https:\\\/\\\/x.com\\\/ConfePenyesFCB\",\"https:\\\/\\\/www.instagram.com\\\/confepenyesfcb\\\/\"]},{\"@type\":\"Person\",\"@id\":\"https:\\\/\\\/confederaciopenyes.cat\\\/en\\\/#\\\/schema\\\/person\\\/337072f6daef87a85aa59aa1f134387c\",\"name\":\"Confederaci\u00f3 Mundial de Penyes del FC Barcelona\",\"image\":{\"@type\":\"ImageObject\",\"inLanguage\":\"en-US\",\"@id\":\"https:\\\/\\\/secure.gravatar.com\\\/avatar\\\/98c60c7405ff843b10aec55db652bd3f5cb4320ef331ae76c156819a62194328?s=96&d=mm&r=g\",\"url\":\"https:\\\/\\\/secure.gravatar.com\\\/avatar\\\/98c60c7405ff843b10aec55db652bd3f5cb4320ef331ae76c156819a62194328?s=96&d=mm&r=g\",\"contentUrl\":\"https:\\\/\\\/secure.gravatar.com\\\/avatar\\\/98c60c7405ff843b10aec55db652bd3f5cb4320ef331ae76c156819a62194328?s=96&d=mm&r=g\",\"caption\":\"Confederaci\u00f3 Mundial de Penyes del FC Barcelona\"},\"url\":\"https:\\\/\\\/confederaciopenyes.cat\\\/en\\\/author\\\/comunicacioconfederaciopenyes-cat\\\/\"}]}<\/script>\n<!-- \/ Yoast SEO Premium plugin. -->","yoast_head_json":{"title":"Assemblies in the Federations of Valencia and Andaluc\u00eda - C. M. P.","description":"The territorial federations of Valencia and Andalusia, Ceuta and Melilla have already held their first assemblies of 2024.","robots":{"index":"index","follow":"follow","max-snippet":"max-snippet:-1","max-image-preview":"max-image-preview:large","max-video-preview":"max-video-preview:-1"},"canonical":"https:\/\/confederaciopenyes.cat\/en\/assemblies-federations-valencia-andalucia\/","og_locale":"en_US","og_type":"article","og_title":"Assemblies in the Federations of Valencia and Andaluc\u00eda","og_description":"The territorial federations of Valencia and Andalusia, Ceuta and Melilla have already held their first assemblies of 2024.","og_url":"https:\/\/confederaciopenyes.cat\/en\/assemblies-federations-valencia-andalucia\/","og_site_name":"Confederaci\u00f3 Mundial de Penyes del FC Barcelona","article_publisher":"https:\/\/www.facebook.com\/ConfederacioMundialPenyesFCB","article_published_time":"2024-02-06T11:28:02+00:00","article_modified_time":"2024-02-07T08:55:04+00:00","og_image":[{"width":1440,"height":763,"url":"https:\/\/confederaciopenyes.cat\/wp-content\/uploads\/2024\/02\/Assemblea-Fed.-Valencia.jpg","type":"image\/jpeg"}],"author":"Confederaci\u00f3 Mundial de Penyes del FC Barcelona","twitter_card":"summary_large_image","twitter_creator":"@ConfePenyesFCB","twitter_site":"@ConfePenyesFCB","twitter_misc":{"Written by":"Confederaci\u00f3 Mundial de Penyes del FC Barcelona","Est. reading time":"3 minutes"},"schema":{"@context":"https:\/\/schema.org","@graph":[{"@type":"Article","@id":"https:\/\/confederaciopenyes.cat\/en\/assemblies-federations-valencia-andalucia\/#article","isPartOf":{"@id":"https:\/\/confederaciopenyes.cat\/en\/assemblies-federations-valencia-andalucia\/"},"author":{"name":"Confederaci\u00f3 Mundial de Penyes del FC Barcelona","@id":"https:\/\/confederaciopenyes.cat\/en\/#\/schema\/person\/337072f6daef87a85aa59aa1f134387c"},"headline":"Assemblies in the Federations of Valencia and Andaluc\u00eda","datePublished":"2024-02-06T11:28:02+00:00","dateModified":"2024-02-07T08:55:04+00:00","mainEntityOfPage":{"@id":"https:\/\/confederaciopenyes.cat\/en\/assemblies-federations-valencia-andalucia\/"},"wordCount":343,"publisher":{"@id":"https:\/\/confederaciopenyes.cat\/en\/#organization"},"image":{"@id":"https:\/\/confederaciopenyes.cat\/en\/assemblies-federations-valencia-andalucia\/#primaryimage"},"thumbnailUrl":"https:\/\/confederaciopenyes.cat\/wp-content\/uploads\/2024\/02\/Assemblea-Fed.-Valencia.jpg","keywords":["assembly","confederaci\u00f3 mundial de penyes","Federaci\u00f3 de Val\u00e8ncia i Marina Alta","Federaci\u00f3n de Pe\u00f1as de Andaluc\u00eda Ceuta y Melilla","news","penyes"],"articleSection":["News"],"inLanguage":"en-US"},{"@type":"WebPage","@id":"https:\/\/confederaciopenyes.cat\/en\/assemblies-federations-valencia-andalucia\/","url":"https:\/\/confederaciopenyes.cat\/en\/assemblies-federations-valencia-andalucia\/","name":"Assemblies in the Federations of Valencia and Andaluc\u00eda - C. M. P.","isPartOf":{"@id":"https:\/\/confederaciopenyes.cat\/en\/#website"},"primaryImageOfPage":{"@id":"https:\/\/confederaciopenyes.cat\/en\/assemblies-federations-valencia-andalucia\/#primaryimage"},"image":{"@id":"https:\/\/confederaciopenyes.cat\/en\/assemblies-federations-valencia-andalucia\/#primaryimage"},"thumbnailUrl":"https:\/\/confederaciopenyes.cat\/wp-content\/uploads\/2024\/02\/Assemblea-Fed.-Valencia.jpg","datePublished":"2024-02-06T11:28:02+00:00","dateModified":"2024-02-07T08:55:04+00:00","description":"The territorial federations of Valencia and Andalusia, Ceuta and Melilla have already held their first assemblies of 2024.","breadcrumb":{"@id":"https:\/\/confederaciopenyes.cat\/en\/assemblies-federations-valencia-andalucia\/#breadcrumb"},"inLanguage":"en-US","potentialAction":[{"@type":"ReadAction","target":["https:\/\/confederaciopenyes.cat\/en\/assemblies-federations-valencia-andalucia\/"]}]},{"@type":"ImageObject","inLanguage":"en-US","@id":"https:\/\/confederaciopenyes.cat\/en\/assemblies-federations-valencia-andalucia\/#primaryimage","url":"https:\/\/confederaciopenyes.cat\/wp-content\/uploads\/2024\/02\/Assemblea-Fed.-Valencia.jpg","contentUrl":"https:\/\/confederaciopenyes.cat\/wp-content\/uploads\/2024\/02\/Assemblea-Fed.-Valencia.jpg","width":1440,"height":763},{"@type":"BreadcrumbList","@id":"https:\/\/confederaciopenyes.cat\/en\/assemblies-federations-valencia-andalucia\/#breadcrumb","itemListElement":[{"@type":"ListItem","position":1,"name":"Inici","item":"https:\/\/confederaciopenyes.cat\/en\/"},{"@type":"ListItem","position":2,"name":"Assemblies in the Federations of Valencia and Andaluc\u00eda"}]},{"@type":"WebSite","@id":"https:\/\/confederaciopenyes.cat\/en\/#website","url":"https:\/\/confederaciopenyes.cat\/en\/","name":"Confederaci\u00f3 Mundial de Penyes del FC Barcelona","description":"C.M. Penyes FC Barcelona","publisher":{"@id":"https:\/\/confederaciopenyes.cat\/en\/#organization"},"potentialAction":[{"@type":"SearchAction","target":{"@type":"EntryPoint","urlTemplate":"https:\/\/confederaciopenyes.cat\/en\/?s={search_term_string}"},"query-input":{"@type":"PropertyValueSpecification","valueRequired":true,"valueName":"search_term_string"}}],"inLanguage":"en-US"},{"@type":"Organization","@id":"https:\/\/confederaciopenyes.cat\/en\/#organization","name":"Confederaci\u00f3 Mundial de Penyes del FC Barcelona","url":"https:\/\/confederaciopenyes.cat\/en\/","logo":{"@type":"ImageObject","inLanguage":"en-US","@id":"https:\/\/confederaciopenyes.cat\/en\/#\/schema\/logo\/image\/","url":"https:\/\/confederaciopenyes.cat\/wp-content\/uploads\/2022\/07\/cropped-logo_horizontal.png","contentUrl":"https:\/\/confederaciopenyes.cat\/wp-content\/uploads\/2022\/07\/cropped-logo_horizontal.png","width":1320,"height":309,"caption":"Confederaci\u00f3 Mundial de Penyes del FC Barcelona"},"image":{"@id":"https:\/\/confederaciopenyes.cat\/en\/#\/schema\/logo\/image\/"},"sameAs":["https:\/\/www.facebook.com\/ConfederacioMundialPenyesFCB","https:\/\/x.com\/ConfePenyesFCB","https:\/\/www.instagram.com\/confepenyesfcb\/"]},{"@type":"Person","@id":"https:\/\/confederaciopenyes.cat\/en\/#\/schema\/person\/337072f6daef87a85aa59aa1f134387c","name":"Confederaci\u00f3 Mundial de Penyes del FC Barcelona","image":{"@type":"ImageObject","inLanguage":"en-US","@id":"https:\/\/secure.gravatar.com\/avatar\/98c60c7405ff843b10aec55db652bd3f5cb4320ef331ae76c156819a62194328?s=96&d=mm&r=g","url":"https:\/\/secure.gravatar.com\/avatar\/98c60c7405ff843b10aec55db652bd3f5cb4320ef331ae76c156819a62194328?s=96&d=mm&r=g","contentUrl":"https:\/\/secure.gravatar.com\/avatar\/98c60c7405ff843b10aec55db652bd3f5cb4320ef331ae76c156819a62194328?s=96&d=mm&r=g","caption":"Confederaci\u00f3 Mundial de Penyes del FC Barcelona"},"url":"https:\/\/confederaciopenyes.cat\/en\/author\/comunicacioconfederaciopenyes-cat\/"}]}},"_links":{"self":[{"href":"https:\/\/confederaciopenyes.cat\/en\/wp-json\/wp\/v2\/posts\/10384","targetHints":{"allow":["GET"]}}],"collection":[{"href":"https:\/\/confederaciopenyes.cat\/en\/wp-json\/wp\/v2\/posts"}],"about":[{"href":"https:\/\/confederaciopenyes.cat\/en\/wp-json\/wp\/v2\/types\/post"}],"author":[{"embeddable":true,"href":"https:\/\/confederaciopenyes.cat\/en\/wp-json\/wp\/v2\/users\/4"}],"replies":[{"embeddable":true,"href":"https:\/\/confederaciopenyes.cat\/en\/wp-json\/wp\/v2\/comments?post=10384"}],"version-history":[{"count":2,"href":"https:\/\/confederaciopenyes.cat\/en\/wp-json\/wp\/v2\/posts\/10384\/revisions"}],"predecessor-version":[{"id":10394,"href":"https:\/\/confederaciopenyes.cat\/en\/wp-json\/wp\/v2\/posts\/10384\/revisions\/10394"}],"wp:featuredmedia":[{"embeddable":true,"href":"https:\/\/confederaciopenyes.cat\/en\/wp-json\/wp\/v2\/media\/10357"}],"wp:attachment":[{"href":"https:\/\/confederaciopenyes.cat\/en\/wp-json\/wp\/v2\/media?parent=10384"}],"wp:term":[{"taxonomy":"category","embeddable":true,"href":"https:\/\/confederaciopenyes.cat\/en\/wp-json\/wp\/v2\/categories?post=10384"},{"taxonomy":"post_tag","embeddable":true,"href":"https:\/\/confederaciopenyes.cat\/en\/wp-json\/wp\/v2\/tags?post=10384"}],"curies":[{"name":"wp","href":"https:\/\/api.w.org\/{rel}","templated":true}]}}