{"id":20831,"date":"2024-04-03T09:46:32","date_gmt":"2024-04-03T07:46:32","guid":{"rendered":"https:\/\/confederaciopenyes.cat\/penyes-support-the-barca-grassroots-teams-in-the-iscarcup\/"},"modified":"2024-04-03T10:14:11","modified_gmt":"2024-04-03T08:14:11","slug":"penyes-support-barca-grassroots-teams-iscarcup","status":"publish","type":"post","link":"https:\/\/confederaciopenyes.cat\/en\/penyes-support-barca-grassroots-teams-iscarcup\/","title":{"rendered":"Penyes support the Bar\u00e7a grassroots teams in the \u00cdscarCup"},"content":{"rendered":"\n<p>The FC Barcelona supporters\u2019 clubs of the <strong>Federaci\u00f3n de Madrid<\/strong> experienced an intense Easter Week with the <strong><a href=\"https:\/\/www.instagram.com\/iscarcup\/\" target=\"_blank\" rel=\"noreferrer noopener\">\u00cdscarCup International Tournament<\/a><\/strong>, which was played in the town of Torrej\u00f3n de Ardoz. The local entity, the<strong> <a href=\"https:\/\/www.facebook.com\/p\/Pe%C3%B1a-Barcelonista-Torrejon-100057204350554\/?paipv=0&amp;eav=Afb_FUo06m8mkTYgxfzKqX7OtlnsXZcFrQp7idMZdsl5q65N0BF1HMNQ6cB23zS0ikc&amp;_rdr\">Pe\u00f1a Barcelonista de Torrej\u00f3n<\/a><\/strong>, joined the <strong><a href=\"https:\/\/www.instagram.com\/pbmostoles2053\/\" target=\"_blank\" rel=\"noreferrer noopener\">PB M\u00f3stoles<\/a><\/strong>, the<strong><a href=\"https:\/\/www.instagram.com\/penabarcelonistadeguadalaj\/\" target=\"_blank\" rel=\"noreferrer noopener\"> PB Guadalajara<\/a><\/strong>, the <strong>PB Los Amigos en Madrid<\/strong> and the<strong><a href=\"https:\/\/www.facebook.com\/p\/Pe%C3%B1a-Barcelonista-Santorcaz-100059272549276\/?paipv=0&amp;eav=AfbmWnuMpCDue4EO88BSuGpOaH_w3M1yKvyTPN6uueV7asF4WqUGC3gfgB2Zy9n8rlw&amp;_rdr\"> PB Santorcaz <\/a><\/strong>to support two teams from La Masia that dazzled in this competition along with other great clubs from around the world.<\/p>\n\n\n\n<p>The supporters lived <strong>three days of blaugrana passion supporting the youngsters<\/strong>, who were excited to live a great atmosphere in the stands and also outside them. On the first day of the competition, a <strong>reception was organized with the supporters\u2019 clubs at the hotel where the young players were staying.<\/strong> The event was attended by the member of the FC Barcelona Grassroots Football Committee, <strong>Miquel Espert<\/strong>, who is also an honorary member of the PB M\u00f3stoles.<\/p>\n\n\n\n<p>In the U-10 category, the blaugrana team won the championship <strong>trophy after defeating Sevilla in the final<\/strong>. For its part, the U-11 team was <strong>runner-up in the tournament<\/strong> in its category after losing in the final in the penalty shootout. At the end of all the matches in both categories, <strong>the FC Barcelona delegation once again thanked the support of the penya members and all the \u201cculers\u201d present in Torrej\u00f3n<\/strong>.<\/p>\n\n\n<div class=\"wp-block-image\">\n<figure class=\"aligncenter size-large is-resized\"><a href=\"https:\/\/confederaciopenyes.cat\/?attachment_id=20814#main\"><img decoding=\"async\" width=\"1024\" height=\"768\" data-src=\"https:\/\/confederaciopenyes.cat\/wp-content\/uploads\/2024\/04\/434466868_962452189213543_5476998717913492370_n-1024x768.jpg\" alt=\"\" class=\"wp-image-20814 lazyload\" style=\"--smush-placeholder-width: 1024px; --smush-placeholder-aspect-ratio: 1024\/768;width:605px;height:auto\" data-srcset=\"https:\/\/confederaciopenyes.cat\/wp-content\/uploads\/2024\/04\/434466868_962452189213543_5476998717913492370_n-1024x768.jpg 1024w, https:\/\/confederaciopenyes.cat\/wp-content\/uploads\/2024\/04\/434466868_962452189213543_5476998717913492370_n-300x225.jpg 300w, https:\/\/confederaciopenyes.cat\/wp-content\/uploads\/2024\/04\/434466868_962452189213543_5476998717913492370_n-768x576.jpg 768w, https:\/\/confederaciopenyes.cat\/wp-content\/uploads\/2024\/04\/434466868_962452189213543_5476998717913492370_n.jpg 1080w\" data-sizes=\"(max-width: 1024px) 100vw, 1024px\" src=\"data:image\/svg+xml;base64,PHN2ZyB3aWR0aD0iMSIgaGVpZ2h0PSIxIiB4bWxucz0iaHR0cDovL3d3dy53My5vcmcvMjAwMC9zdmciPjwvc3ZnPg==\" \/><\/a><\/figure>\n<\/div>","protected":false},"excerpt":{"rendered":"<p>The FC Barcelona supporters\u2019 clubs of the Federaci\u00f3n de Madrid experienced an intense Easter Week with the \u00cdscarCup International Tournament, which was played in the town of Torrej\u00f3n de Ardoz. The local entity, the Pe\u00f1a Barcelonista de Torrej\u00f3n, joined the PB M\u00f3stoles, the PB Guadalajara, the PB Los Amigos en Madrid and the PB Santorcaz &#8230; <a title=\"Penyes support the Bar\u00e7a grassroots teams in the \u00cdscarCup\" class=\"read-more\" href=\"https:\/\/confederaciopenyes.cat\/en\/penyes-support-barca-grassroots-teams-iscarcup\/\" aria-label=\"Read more about Penyes support the Bar\u00e7a grassroots teams in the \u00cdscarCup\">Read more<\/a><\/p>\n","protected":false},"author":4,"featured_media":20812,"comment_status":"closed","ping_status":"open","sticky":false,"template":"","format":"standard","meta":{"_acf_changed":false,"footnotes":""},"categories":[78],"tags":[2562,2678,2677,2679,2560,2561],"class_list":["post-20831","post","type-post","status-publish","format-standard","has-post-thumbnail","hentry","category-news-en","tag-confederacio-mundial-de-penyes-en-2","tag-federacion-madrid-en","tag-grassroots-teams","tag-iscarcup-en","tag-news-en","tag-penyes-en"],"acf":[],"yoast_head":"<!-- This site is optimized with the Yoast SEO Premium plugin v27.5 (Yoast SEO v27.5) - https:\/\/yoast.com\/product\/yoast-seo-premium-wordpress\/ -->\n<title>Penyes support grassroots teams in the \u00cdscarCup - C.M.P.<\/title>\n<meta name=\"description\" content=\"The supporters&#039; clubs of the Federaci\u00f3 de Madrid attended the \u00cdscarCup to support two teams of the soccer base blaugrana.\" \/>\n<meta name=\"robots\" content=\"index, follow, max-snippet:-1, max-image-preview:large, max-video-preview:-1\" \/>\n<link rel=\"canonical\" href=\"https:\/\/confederaciopenyes.cat\/en\/penyes-support-barca-grassroots-teams-iscarcup\/\" \/>\n<meta property=\"og:locale\" content=\"en_US\" \/>\n<meta property=\"og:type\" content=\"article\" \/>\n<meta property=\"og:title\" content=\"Penyes support the Bar\u00e7a grassroots teams in the \u00cdscarCup\" \/>\n<meta property=\"og:description\" content=\"The supporters&#039; clubs of the Federaci\u00f3 de Madrid attended the \u00cdscarCup to support two teams of the soccer base blaugrana.\" \/>\n<meta property=\"og:url\" content=\"https:\/\/confederaciopenyes.cat\/en\/penyes-support-barca-grassroots-teams-iscarcup\/\" \/>\n<meta property=\"og:site_name\" content=\"Confederaci\u00f3 Mundial de Penyes del FC Barcelona\" \/>\n<meta property=\"article:publisher\" content=\"https:\/\/www.facebook.com\/ConfederacioMundialPenyesFCB\" \/>\n<meta property=\"article:published_time\" content=\"2024-04-03T07:46:32+00:00\" \/>\n<meta property=\"article:modified_time\" content=\"2024-04-03T08:14:11+00:00\" \/>\n<meta property=\"og:image\" content=\"https:\/\/confederaciopenyes.cat\/wp-content\/uploads\/2024\/04\/433873568_962452342546861_7106062210982228297_n-e1712130292100.jpg\" \/>\n\t<meta property=\"og:image:width\" content=\"1080\" \/>\n\t<meta property=\"og:image:height\" content=\"810\" \/>\n\t<meta property=\"og:image:type\" content=\"image\/jpeg\" \/>\n<meta name=\"author\" content=\"Confederaci\u00f3 Mundial de Penyes del FC Barcelona\" \/>\n<meta name=\"twitter:card\" content=\"summary_large_image\" \/>\n<meta name=\"twitter:creator\" content=\"@ConfePenyesFCB\" \/>\n<meta name=\"twitter:site\" content=\"@ConfePenyesFCB\" \/>\n<meta name=\"twitter:label1\" content=\"Written by\" \/>\n\t<meta name=\"twitter:data1\" content=\"Confederaci\u00f3 Mundial de Penyes del FC Barcelona\" \/>\n\t<meta name=\"twitter:label2\" content=\"Est. reading time\" \/>\n\t<meta name=\"twitter:data2\" content=\"2 minutes\" \/>\n<script type=\"application\/ld+json\" class=\"yoast-schema-graph\">{\"@context\":\"https:\\\/\\\/schema.org\",\"@graph\":[{\"@type\":\"Article\",\"@id\":\"https:\\\/\\\/confederaciopenyes.cat\\\/en\\\/penyes-support-barca-grassroots-teams-iscarcup\\\/#article\",\"isPartOf\":{\"@id\":\"https:\\\/\\\/confederaciopenyes.cat\\\/en\\\/penyes-support-barca-grassroots-teams-iscarcup\\\/\"},\"author\":{\"name\":\"Confederaci\u00f3 Mundial de Penyes del FC Barcelona\",\"@id\":\"https:\\\/\\\/confederaciopenyes.cat\\\/en\\\/#\\\/schema\\\/person\\\/337072f6daef87a85aa59aa1f134387c\"},\"headline\":\"Penyes support the Bar\u00e7a grassroots teams in the \u00cdscarCup\",\"datePublished\":\"2024-04-03T07:46:32+00:00\",\"dateModified\":\"2024-04-03T08:14:11+00:00\",\"mainEntityOfPage\":{\"@id\":\"https:\\\/\\\/confederaciopenyes.cat\\\/en\\\/penyes-support-barca-grassroots-teams-iscarcup\\\/\"},\"wordCount\":239,\"publisher\":{\"@id\":\"https:\\\/\\\/confederaciopenyes.cat\\\/en\\\/#organization\"},\"image\":{\"@id\":\"https:\\\/\\\/confederaciopenyes.cat\\\/en\\\/penyes-support-barca-grassroots-teams-iscarcup\\\/#primaryimage\"},\"thumbnailUrl\":\"https:\\\/\\\/confederaciopenyes.cat\\\/wp-content\\\/uploads\\\/2024\\\/04\\\/433873568_962452342546861_7106062210982228297_n-e1712130292100.jpg\",\"keywords\":[\"confederaci\u00f3 mundial de penyes\",\"federaci\u00f3n Madrid\",\"grassroots teams\",\"\u00cdscarCup\",\"news\",\"penyes\"],\"articleSection\":[\"News\"],\"inLanguage\":\"en-US\"},{\"@type\":\"WebPage\",\"@id\":\"https:\\\/\\\/confederaciopenyes.cat\\\/en\\\/penyes-support-barca-grassroots-teams-iscarcup\\\/\",\"url\":\"https:\\\/\\\/confederaciopenyes.cat\\\/en\\\/penyes-support-barca-grassroots-teams-iscarcup\\\/\",\"name\":\"Penyes support grassroots teams in the \u00cdscarCup - C.M.P.\",\"isPartOf\":{\"@id\":\"https:\\\/\\\/confederaciopenyes.cat\\\/en\\\/#website\"},\"primaryImageOfPage\":{\"@id\":\"https:\\\/\\\/confederaciopenyes.cat\\\/en\\\/penyes-support-barca-grassroots-teams-iscarcup\\\/#primaryimage\"},\"image\":{\"@id\":\"https:\\\/\\\/confederaciopenyes.cat\\\/en\\\/penyes-support-barca-grassroots-teams-iscarcup\\\/#primaryimage\"},\"thumbnailUrl\":\"https:\\\/\\\/confederaciopenyes.cat\\\/wp-content\\\/uploads\\\/2024\\\/04\\\/433873568_962452342546861_7106062210982228297_n-e1712130292100.jpg\",\"datePublished\":\"2024-04-03T07:46:32+00:00\",\"dateModified\":\"2024-04-03T08:14:11+00:00\",\"description\":\"The supporters' clubs of the Federaci\u00f3 de Madrid attended the \u00cdscarCup to support two teams of the soccer base blaugrana.\",\"breadcrumb\":{\"@id\":\"https:\\\/\\\/confederaciopenyes.cat\\\/en\\\/penyes-support-barca-grassroots-teams-iscarcup\\\/#breadcrumb\"},\"inLanguage\":\"en-US\",\"potentialAction\":[{\"@type\":\"ReadAction\",\"target\":[\"https:\\\/\\\/confederaciopenyes.cat\\\/en\\\/penyes-support-barca-grassroots-teams-iscarcup\\\/\"]}]},{\"@type\":\"ImageObject\",\"inLanguage\":\"en-US\",\"@id\":\"https:\\\/\\\/confederaciopenyes.cat\\\/en\\\/penyes-support-barca-grassroots-teams-iscarcup\\\/#primaryimage\",\"url\":\"https:\\\/\\\/confederaciopenyes.cat\\\/wp-content\\\/uploads\\\/2024\\\/04\\\/433873568_962452342546861_7106062210982228297_n-e1712130292100.jpg\",\"contentUrl\":\"https:\\\/\\\/confederaciopenyes.cat\\\/wp-content\\\/uploads\\\/2024\\\/04\\\/433873568_962452342546861_7106062210982228297_n-e1712130292100.jpg\",\"width\":1080,\"height\":810},{\"@type\":\"BreadcrumbList\",\"@id\":\"https:\\\/\\\/confederaciopenyes.cat\\\/en\\\/penyes-support-barca-grassroots-teams-iscarcup\\\/#breadcrumb\",\"itemListElement\":[{\"@type\":\"ListItem\",\"position\":1,\"name\":\"Inici\",\"item\":\"https:\\\/\\\/confederaciopenyes.cat\\\/en\\\/\"},{\"@type\":\"ListItem\",\"position\":2,\"name\":\"Penyes support the Bar\u00e7a grassroots teams in the \u00cdscarCup\"}]},{\"@type\":\"WebSite\",\"@id\":\"https:\\\/\\\/confederaciopenyes.cat\\\/en\\\/#website\",\"url\":\"https:\\\/\\\/confederaciopenyes.cat\\\/en\\\/\",\"name\":\"Confederaci\u00f3 Mundial de Penyes del FC Barcelona\",\"description\":\"C.M. Penyes FC Barcelona\",\"publisher\":{\"@id\":\"https:\\\/\\\/confederaciopenyes.cat\\\/en\\\/#organization\"},\"potentialAction\":[{\"@type\":\"SearchAction\",\"target\":{\"@type\":\"EntryPoint\",\"urlTemplate\":\"https:\\\/\\\/confederaciopenyes.cat\\\/en\\\/?s={search_term_string}\"},\"query-input\":{\"@type\":\"PropertyValueSpecification\",\"valueRequired\":true,\"valueName\":\"search_term_string\"}}],\"inLanguage\":\"en-US\"},{\"@type\":\"Organization\",\"@id\":\"https:\\\/\\\/confederaciopenyes.cat\\\/en\\\/#organization\",\"name\":\"Confederaci\u00f3 Mundial de Penyes del FC Barcelona\",\"url\":\"https:\\\/\\\/confederaciopenyes.cat\\\/en\\\/\",\"logo\":{\"@type\":\"ImageObject\",\"inLanguage\":\"en-US\",\"@id\":\"https:\\\/\\\/confederaciopenyes.cat\\\/en\\\/#\\\/schema\\\/logo\\\/image\\\/\",\"url\":\"https:\\\/\\\/confederaciopenyes.cat\\\/wp-content\\\/uploads\\\/2022\\\/07\\\/cropped-logo_horizontal.png\",\"contentUrl\":\"https:\\\/\\\/confederaciopenyes.cat\\\/wp-content\\\/uploads\\\/2022\\\/07\\\/cropped-logo_horizontal.png\",\"width\":1320,\"height\":309,\"caption\":\"Confederaci\u00f3 Mundial de Penyes del FC Barcelona\"},\"image\":{\"@id\":\"https:\\\/\\\/confederaciopenyes.cat\\\/en\\\/#\\\/schema\\\/logo\\\/image\\\/\"},\"sameAs\":[\"https:\\\/\\\/www.facebook.com\\\/ConfederacioMundialPenyesFCB\",\"https:\\\/\\\/x.com\\\/ConfePenyesFCB\",\"https:\\\/\\\/www.instagram.com\\\/confepenyesfcb\\\/\"]},{\"@type\":\"Person\",\"@id\":\"https:\\\/\\\/confederaciopenyes.cat\\\/en\\\/#\\\/schema\\\/person\\\/337072f6daef87a85aa59aa1f134387c\",\"name\":\"Confederaci\u00f3 Mundial de Penyes del FC Barcelona\",\"image\":{\"@type\":\"ImageObject\",\"inLanguage\":\"en-US\",\"@id\":\"https:\\\/\\\/secure.gravatar.com\\\/avatar\\\/98c60c7405ff843b10aec55db652bd3f5cb4320ef331ae76c156819a62194328?s=96&d=mm&r=g\",\"url\":\"https:\\\/\\\/secure.gravatar.com\\\/avatar\\\/98c60c7405ff843b10aec55db652bd3f5cb4320ef331ae76c156819a62194328?s=96&d=mm&r=g\",\"contentUrl\":\"https:\\\/\\\/secure.gravatar.com\\\/avatar\\\/98c60c7405ff843b10aec55db652bd3f5cb4320ef331ae76c156819a62194328?s=96&d=mm&r=g\",\"caption\":\"Confederaci\u00f3 Mundial de Penyes del FC Barcelona\"},\"url\":\"https:\\\/\\\/confederaciopenyes.cat\\\/en\\\/author\\\/comunicacioconfederaciopenyes-cat\\\/\"}]}<\/script>\n<!-- \/ Yoast SEO Premium plugin. -->","yoast_head_json":{"title":"Penyes support grassroots teams in the \u00cdscarCup - C.M.P.","description":"The supporters' clubs of the Federaci\u00f3 de Madrid attended the \u00cdscarCup to support two teams of the soccer base blaugrana.","robots":{"index":"index","follow":"follow","max-snippet":"max-snippet:-1","max-image-preview":"max-image-preview:large","max-video-preview":"max-video-preview:-1"},"canonical":"https:\/\/confederaciopenyes.cat\/en\/penyes-support-barca-grassroots-teams-iscarcup\/","og_locale":"en_US","og_type":"article","og_title":"Penyes support the Bar\u00e7a grassroots teams in the \u00cdscarCup","og_description":"The supporters' clubs of the Federaci\u00f3 de Madrid attended the \u00cdscarCup to support two teams of the soccer base blaugrana.","og_url":"https:\/\/confederaciopenyes.cat\/en\/penyes-support-barca-grassroots-teams-iscarcup\/","og_site_name":"Confederaci\u00f3 Mundial de Penyes del FC Barcelona","article_publisher":"https:\/\/www.facebook.com\/ConfederacioMundialPenyesFCB","article_published_time":"2024-04-03T07:46:32+00:00","article_modified_time":"2024-04-03T08:14:11+00:00","og_image":[{"width":1080,"height":810,"url":"https:\/\/confederaciopenyes.cat\/wp-content\/uploads\/2024\/04\/433873568_962452342546861_7106062210982228297_n-e1712130292100.jpg","type":"image\/jpeg"}],"author":"Confederaci\u00f3 Mundial de Penyes del FC Barcelona","twitter_card":"summary_large_image","twitter_creator":"@ConfePenyesFCB","twitter_site":"@ConfePenyesFCB","twitter_misc":{"Written by":"Confederaci\u00f3 Mundial de Penyes del FC Barcelona","Est. reading time":"2 minutes"},"schema":{"@context":"https:\/\/schema.org","@graph":[{"@type":"Article","@id":"https:\/\/confederaciopenyes.cat\/en\/penyes-support-barca-grassroots-teams-iscarcup\/#article","isPartOf":{"@id":"https:\/\/confederaciopenyes.cat\/en\/penyes-support-barca-grassroots-teams-iscarcup\/"},"author":{"name":"Confederaci\u00f3 Mundial de Penyes del FC Barcelona","@id":"https:\/\/confederaciopenyes.cat\/en\/#\/schema\/person\/337072f6daef87a85aa59aa1f134387c"},"headline":"Penyes support the Bar\u00e7a grassroots teams in the \u00cdscarCup","datePublished":"2024-04-03T07:46:32+00:00","dateModified":"2024-04-03T08:14:11+00:00","mainEntityOfPage":{"@id":"https:\/\/confederaciopenyes.cat\/en\/penyes-support-barca-grassroots-teams-iscarcup\/"},"wordCount":239,"publisher":{"@id":"https:\/\/confederaciopenyes.cat\/en\/#organization"},"image":{"@id":"https:\/\/confederaciopenyes.cat\/en\/penyes-support-barca-grassroots-teams-iscarcup\/#primaryimage"},"thumbnailUrl":"https:\/\/confederaciopenyes.cat\/wp-content\/uploads\/2024\/04\/433873568_962452342546861_7106062210982228297_n-e1712130292100.jpg","keywords":["confederaci\u00f3 mundial de penyes","federaci\u00f3n Madrid","grassroots teams","\u00cdscarCup","news","penyes"],"articleSection":["News"],"inLanguage":"en-US"},{"@type":"WebPage","@id":"https:\/\/confederaciopenyes.cat\/en\/penyes-support-barca-grassroots-teams-iscarcup\/","url":"https:\/\/confederaciopenyes.cat\/en\/penyes-support-barca-grassroots-teams-iscarcup\/","name":"Penyes support grassroots teams in the \u00cdscarCup - C.M.P.","isPartOf":{"@id":"https:\/\/confederaciopenyes.cat\/en\/#website"},"primaryImageOfPage":{"@id":"https:\/\/confederaciopenyes.cat\/en\/penyes-support-barca-grassroots-teams-iscarcup\/#primaryimage"},"image":{"@id":"https:\/\/confederaciopenyes.cat\/en\/penyes-support-barca-grassroots-teams-iscarcup\/#primaryimage"},"thumbnailUrl":"https:\/\/confederaciopenyes.cat\/wp-content\/uploads\/2024\/04\/433873568_962452342546861_7106062210982228297_n-e1712130292100.jpg","datePublished":"2024-04-03T07:46:32+00:00","dateModified":"2024-04-03T08:14:11+00:00","description":"The supporters' clubs of the Federaci\u00f3 de Madrid attended the \u00cdscarCup to support two teams of the soccer base blaugrana.","breadcrumb":{"@id":"https:\/\/confederaciopenyes.cat\/en\/penyes-support-barca-grassroots-teams-iscarcup\/#breadcrumb"},"inLanguage":"en-US","potentialAction":[{"@type":"ReadAction","target":["https:\/\/confederaciopenyes.cat\/en\/penyes-support-barca-grassroots-teams-iscarcup\/"]}]},{"@type":"ImageObject","inLanguage":"en-US","@id":"https:\/\/confederaciopenyes.cat\/en\/penyes-support-barca-grassroots-teams-iscarcup\/#primaryimage","url":"https:\/\/confederaciopenyes.cat\/wp-content\/uploads\/2024\/04\/433873568_962452342546861_7106062210982228297_n-e1712130292100.jpg","contentUrl":"https:\/\/confederaciopenyes.cat\/wp-content\/uploads\/2024\/04\/433873568_962452342546861_7106062210982228297_n-e1712130292100.jpg","width":1080,"height":810},{"@type":"BreadcrumbList","@id":"https:\/\/confederaciopenyes.cat\/en\/penyes-support-barca-grassroots-teams-iscarcup\/#breadcrumb","itemListElement":[{"@type":"ListItem","position":1,"name":"Inici","item":"https:\/\/confederaciopenyes.cat\/en\/"},{"@type":"ListItem","position":2,"name":"Penyes support the Bar\u00e7a grassroots teams in the \u00cdscarCup"}]},{"@type":"WebSite","@id":"https:\/\/confederaciopenyes.cat\/en\/#website","url":"https:\/\/confederaciopenyes.cat\/en\/","name":"Confederaci\u00f3 Mundial de Penyes del FC Barcelona","description":"C.M. Penyes FC Barcelona","publisher":{"@id":"https:\/\/confederaciopenyes.cat\/en\/#organization"},"potentialAction":[{"@type":"SearchAction","target":{"@type":"EntryPoint","urlTemplate":"https:\/\/confederaciopenyes.cat\/en\/?s={search_term_string}"},"query-input":{"@type":"PropertyValueSpecification","valueRequired":true,"valueName":"search_term_string"}}],"inLanguage":"en-US"},{"@type":"Organization","@id":"https:\/\/confederaciopenyes.cat\/en\/#organization","name":"Confederaci\u00f3 Mundial de Penyes del FC Barcelona","url":"https:\/\/confederaciopenyes.cat\/en\/","logo":{"@type":"ImageObject","inLanguage":"en-US","@id":"https:\/\/confederaciopenyes.cat\/en\/#\/schema\/logo\/image\/","url":"https:\/\/confederaciopenyes.cat\/wp-content\/uploads\/2022\/07\/cropped-logo_horizontal.png","contentUrl":"https:\/\/confederaciopenyes.cat\/wp-content\/uploads\/2022\/07\/cropped-logo_horizontal.png","width":1320,"height":309,"caption":"Confederaci\u00f3 Mundial de Penyes del FC Barcelona"},"image":{"@id":"https:\/\/confederaciopenyes.cat\/en\/#\/schema\/logo\/image\/"},"sameAs":["https:\/\/www.facebook.com\/ConfederacioMundialPenyesFCB","https:\/\/x.com\/ConfePenyesFCB","https:\/\/www.instagram.com\/confepenyesfcb\/"]},{"@type":"Person","@id":"https:\/\/confederaciopenyes.cat\/en\/#\/schema\/person\/337072f6daef87a85aa59aa1f134387c","name":"Confederaci\u00f3 Mundial de Penyes del FC Barcelona","image":{"@type":"ImageObject","inLanguage":"en-US","@id":"https:\/\/secure.gravatar.com\/avatar\/98c60c7405ff843b10aec55db652bd3f5cb4320ef331ae76c156819a62194328?s=96&d=mm&r=g","url":"https:\/\/secure.gravatar.com\/avatar\/98c60c7405ff843b10aec55db652bd3f5cb4320ef331ae76c156819a62194328?s=96&d=mm&r=g","contentUrl":"https:\/\/secure.gravatar.com\/avatar\/98c60c7405ff843b10aec55db652bd3f5cb4320ef331ae76c156819a62194328?s=96&d=mm&r=g","caption":"Confederaci\u00f3 Mundial de Penyes del FC Barcelona"},"url":"https:\/\/confederaciopenyes.cat\/en\/author\/comunicacioconfederaciopenyes-cat\/"}]}},"_links":{"self":[{"href":"https:\/\/confederaciopenyes.cat\/en\/wp-json\/wp\/v2\/posts\/20831","targetHints":{"allow":["GET"]}}],"collection":[{"href":"https:\/\/confederaciopenyes.cat\/en\/wp-json\/wp\/v2\/posts"}],"about":[{"href":"https:\/\/confederaciopenyes.cat\/en\/wp-json\/wp\/v2\/types\/post"}],"author":[{"embeddable":true,"href":"https:\/\/confederaciopenyes.cat\/en\/wp-json\/wp\/v2\/users\/4"}],"replies":[{"embeddable":true,"href":"https:\/\/confederaciopenyes.cat\/en\/wp-json\/wp\/v2\/comments?post=20831"}],"version-history":[{"count":2,"href":"https:\/\/confederaciopenyes.cat\/en\/wp-json\/wp\/v2\/posts\/20831\/revisions"}],"predecessor-version":[{"id":20834,"href":"https:\/\/confederaciopenyes.cat\/en\/wp-json\/wp\/v2\/posts\/20831\/revisions\/20834"}],"wp:featuredmedia":[{"embeddable":true,"href":"https:\/\/confederaciopenyes.cat\/en\/wp-json\/wp\/v2\/media\/20812"}],"wp:attachment":[{"href":"https:\/\/confederaciopenyes.cat\/en\/wp-json\/wp\/v2\/media?parent=20831"}],"wp:term":[{"taxonomy":"category","embeddable":true,"href":"https:\/\/confederaciopenyes.cat\/en\/wp-json\/wp\/v2\/categories?post=20831"},{"taxonomy":"post_tag","embeddable":true,"href":"https:\/\/confederaciopenyes.cat\/en\/wp-json\/wp\/v2\/tags?post=20831"}],"curies":[{"name":"wp","href":"https:\/\/api.w.org\/{rel}","templated":true}]}}