{"id":22575,"date":"2024-05-23T10:47:35","date_gmt":"2024-05-23T08:47:35","guid":{"rendered":"https:\/\/confederaciopenyes.cat\/gala-celebration-at-the-pb-igualada-for-its-65th-anniversary\/"},"modified":"2024-05-23T11:20:49","modified_gmt":"2024-05-23T09:20:49","slug":"celebation-pb-igualada-65th-anniversary","status":"publish","type":"post","link":"https:\/\/confederaciopenyes.cat\/en\/celebation-pb-igualada-65th-anniversary\/","title":{"rendered":"Gala celebration at the PB Igualada for its 65th anniversary"},"content":{"rendered":"\n<p>After celebrating several <a href=\"https:\/\/confederaciopenyes.cat\/en\/pb-igualada-promotes-culture-and-history-for-its-65th-anniversary\/\">cultural and historical events <\/a> during the last weeks, the <strong><a href=\"https:\/\/www.instagram.com\/pbigualada\/\" target=\"_blank\" rel=\"noreferrer noopener\">Penya Blaugrana Igualada<\/a><\/strong> (Federaci\u00f3 Anoia, Alt Pened\u00e8s i Garraf) reached the high point of its <strong> 65th anniversary<\/strong> celebrations last Saturday with a big gala party in its town. The event was attended by <strong>more than 70 supporters, penya members and FC Barcelona fans<\/strong>, led by the president of the PB Igualada, <strong>Toni Claramunt<\/strong>, who acted as host for the evening.<\/p>\n\n<p>On behalf of FC Barcelona, the vice-president <strong>Antonio Escudero<\/strong> attended, and <strong>Antonio Olmo<\/strong>, former Bar\u00e7a player and current secretary of the Agrupaci\u00f3 Bar\u00e7a Jugadors, did not miss it either. The day also had the support of the municipality, with the presence of <strong>Sandra de la Iglesia <\/strong> and <strong>Josep Maria Carpi <\/strong> on behalf of the Igualada City Council. <strong>Alba Verg\u00e9s<\/strong>, vice-president of the Parlament de Catalunya board, was also present. After their speeches, the PB Igualada gave <strong>silver badges of the entity to the members with more than 25 years of seniority<\/strong>, and also blew out the candles of a commemorative cake. The comedian <strong>Guillem Estadella<\/strong> closed the evening.<\/p>\n\n<h6 class=\"wp-block-heading\" id=\"h-mes-actes-per-a-continuar-el-65e-aniversari\"><strong>More events to continue the 65th anniversary<\/strong><\/h6>\n\n<p>The PB Igualada is not ending here the events of its 65th anniversary. <strong>From 10 to 29 June,<\/strong>the penya will offer an exhibition <strong>on its historical trajectory will be held at the Regional Archive of Igualada,<\/strong>and on June 13 there will be an act of transfer <strong>of the documentary collection of the supporters\u2019 club to the same Regional Archive,<\/strong> so that it will be guarded and available for public consultation. That same day, there will be a <strong> conference entitled \u201cDesperta el Bar\u00e7a. La final de Basilea 1979\u201d<\/strong> (Bar\u00e7a awakens. The 1797 final in Basel), by the historian and doctoral candidate <strong>V\u00edctor Garrido<\/strong>.<\/p>\n\n<figure class=\"wp-block-gallery has-nested-images columns-default is-cropped wp-block-gallery-1 is-layout-flex wp-block-gallery-is-layout-flex\">\n<figure class=\"wp-block-image size-large\"><a href=\"https:\/\/confederaciopenyes.cat\/?attachment_id=22548#main\"><img decoding=\"async\" width=\"1024\" height=\"768\" data-id=\"22548\" data-src=\"https:\/\/confederaciopenyes.cat\/wp-content\/uploads\/2024\/05\/IMG_20240517_212840-1024x768.jpg\" alt=\"\" class=\"wp-image-22548 lazyload\" data-srcset=\"https:\/\/confederaciopenyes.cat\/wp-content\/uploads\/2024\/05\/IMG_20240517_212840-1024x768.jpg 1024w, https:\/\/confederaciopenyes.cat\/wp-content\/uploads\/2024\/05\/IMG_20240517_212840-300x225.jpg 300w, https:\/\/confederaciopenyes.cat\/wp-content\/uploads\/2024\/05\/IMG_20240517_212840-768x576.jpg 768w, https:\/\/confederaciopenyes.cat\/wp-content\/uploads\/2024\/05\/IMG_20240517_212840-1536x1152.jpg 1536w, https:\/\/confederaciopenyes.cat\/wp-content\/uploads\/2024\/05\/IMG_20240517_212840-2048x1536.jpg 2048w\" data-sizes=\"(max-width: 1024px) 100vw, 1024px\" src=\"data:image\/svg+xml;base64,PHN2ZyB3aWR0aD0iMSIgaGVpZ2h0PSIxIiB4bWxucz0iaHR0cDovL3d3dy53My5vcmcvMjAwMC9zdmciPjwvc3ZnPg==\" style=\"--smush-placeholder-width: 1024px; --smush-placeholder-aspect-ratio: 1024\/768;\" \/><\/a><\/figure>\n\n\n\n<figure class=\"wp-block-image size-large\"><a href=\"https:\/\/confederaciopenyes.cat\/?attachment_id=22547#main\"><img decoding=\"async\" width=\"1024\" height=\"768\" data-id=\"22547\" data-src=\"https:\/\/confederaciopenyes.cat\/wp-content\/uploads\/2024\/05\/IMG_20240517_213920-1024x768.jpg\" alt=\"\" class=\"wp-image-22547 lazyload\" data-srcset=\"https:\/\/confederaciopenyes.cat\/wp-content\/uploads\/2024\/05\/IMG_20240517_213920-1024x768.jpg 1024w, https:\/\/confederaciopenyes.cat\/wp-content\/uploads\/2024\/05\/IMG_20240517_213920-300x225.jpg 300w, https:\/\/confederaciopenyes.cat\/wp-content\/uploads\/2024\/05\/IMG_20240517_213920-768x576.jpg 768w, https:\/\/confederaciopenyes.cat\/wp-content\/uploads\/2024\/05\/IMG_20240517_213920-1536x1152.jpg 1536w, https:\/\/confederaciopenyes.cat\/wp-content\/uploads\/2024\/05\/IMG_20240517_213920-2048x1536.jpg 2048w\" data-sizes=\"(max-width: 1024px) 100vw, 1024px\" src=\"data:image\/svg+xml;base64,PHN2ZyB3aWR0aD0iMSIgaGVpZ2h0PSIxIiB4bWxucz0iaHR0cDovL3d3dy53My5vcmcvMjAwMC9zdmciPjwvc3ZnPg==\" style=\"--smush-placeholder-width: 1024px; --smush-placeholder-aspect-ratio: 1024\/768;\" \/><\/a><\/figure>\n<\/figure>\n","protected":false},"excerpt":{"rendered":"<p>After celebrating several cultural and historical events during the last weeks, the Penya Blaugrana Igualada (Federaci\u00f3 Anoia, Alt Pened\u00e8s i Garraf) reached the high point of its 65th anniversary celebrations last Saturday with a big gala party in its town. The event was attended by more than 70 supporters, penya members and FC Barcelona fans, &#8230; <a title=\"Gala celebration at the PB Igualada for its 65th anniversary\" class=\"read-more\" href=\"https:\/\/confederaciopenyes.cat\/en\/celebation-pb-igualada-65th-anniversary\/\" aria-label=\"Read more about Gala celebration at the PB Igualada for its 65th anniversary\">Read more<\/a><\/p>\n","protected":false},"author":4,"featured_media":22545,"comment_status":"closed","ping_status":"open","sticky":false,"template":"","format":"standard","meta":{"_acf_changed":false,"footnotes":""},"categories":[78],"tags":[2562,2560,2823,2561],"class_list":["post-22575","post","type-post","status-publish","format-standard","has-post-thumbnail","hentry","category-news-en","tag-confederacio-mundial-de-penyes-en-2","tag-news-en","tag-penya-blaugrana-igualada-en","tag-penyes-en"],"acf":[],"yoast_head":"<!-- This site is optimized with the Yoast SEO Premium plugin v27.5 (Yoast SEO v27.5) - https:\/\/yoast.com\/product\/yoast-seo-premium-wordpress\/ -->\n<title>Gala celebration at the PB Igualada for its 65th anniversary - C.M.P.<\/title>\n<meta name=\"description\" content=\"The PB Igualada held the main event of its 65th anniversary with about seventy members present. Several members will be honored.\" \/>\n<meta name=\"robots\" content=\"index, follow, max-snippet:-1, max-image-preview:large, max-video-preview:-1\" \/>\n<link rel=\"canonical\" href=\"https:\/\/confederaciopenyes.cat\/en\/celebation-pb-igualada-65th-anniversary\/\" \/>\n<meta property=\"og:locale\" content=\"en_US\" \/>\n<meta property=\"og:type\" content=\"article\" \/>\n<meta property=\"og:title\" content=\"Gala celebration at the PB Igualada for its 65th anniversary\" \/>\n<meta property=\"og:description\" content=\"The PB Igualada held the main event of its 65th anniversary with about seventy members present. Several members will be honored.\" \/>\n<meta property=\"og:url\" content=\"https:\/\/confederaciopenyes.cat\/en\/celebation-pb-igualada-65th-anniversary\/\" \/>\n<meta property=\"og:site_name\" content=\"Confederaci\u00f3 Mundial de Penyes del FC Barcelona\" \/>\n<meta property=\"article:publisher\" content=\"https:\/\/www.facebook.com\/ConfederacioMundialPenyesFCB\" \/>\n<meta property=\"article:published_time\" content=\"2024-05-23T08:47:35+00:00\" \/>\n<meta property=\"article:modified_time\" content=\"2024-05-23T09:20:49+00:00\" \/>\n<meta property=\"og:image\" content=\"https:\/\/confederaciopenyes.cat\/wp-content\/uploads\/2024\/05\/65e-PB-Igualada-scaled.jpg\" \/>\n\t<meta property=\"og:image:width\" content=\"2560\" \/>\n\t<meta property=\"og:image:height\" content=\"1920\" \/>\n\t<meta property=\"og:image:type\" content=\"image\/jpeg\" \/>\n<meta name=\"author\" content=\"Confederaci\u00f3 Mundial de Penyes del FC Barcelona\" \/>\n<meta name=\"twitter:card\" content=\"summary_large_image\" \/>\n<meta name=\"twitter:creator\" content=\"@ConfePenyesFCB\" \/>\n<meta name=\"twitter:site\" content=\"@ConfePenyesFCB\" \/>\n<meta name=\"twitter:label1\" content=\"Written by\" \/>\n\t<meta name=\"twitter:data1\" content=\"Confederaci\u00f3 Mundial de Penyes del FC Barcelona\" \/>\n\t<meta name=\"twitter:label2\" content=\"Est. reading time\" \/>\n\t<meta name=\"twitter:data2\" content=\"3 minutes\" \/>\n<script type=\"application\/ld+json\" class=\"yoast-schema-graph\">{\"@context\":\"https:\\\/\\\/schema.org\",\"@graph\":[{\"@type\":\"Article\",\"@id\":\"https:\\\/\\\/confederaciopenyes.cat\\\/en\\\/celebation-pb-igualada-65th-anniversary\\\/#article\",\"isPartOf\":{\"@id\":\"https:\\\/\\\/confederaciopenyes.cat\\\/en\\\/celebation-pb-igualada-65th-anniversary\\\/\"},\"author\":{\"name\":\"Confederaci\u00f3 Mundial de Penyes del FC Barcelona\",\"@id\":\"https:\\\/\\\/confederaciopenyes.cat\\\/en\\\/#\\\/schema\\\/person\\\/337072f6daef87a85aa59aa1f134387c\"},\"headline\":\"Gala celebration at the PB Igualada for its 65th anniversary\",\"datePublished\":\"2024-05-23T08:47:35+00:00\",\"dateModified\":\"2024-05-23T09:20:49+00:00\",\"mainEntityOfPage\":{\"@id\":\"https:\\\/\\\/confederaciopenyes.cat\\\/en\\\/celebation-pb-igualada-65th-anniversary\\\/\"},\"wordCount\":301,\"publisher\":{\"@id\":\"https:\\\/\\\/confederaciopenyes.cat\\\/en\\\/#organization\"},\"image\":{\"@id\":\"https:\\\/\\\/confederaciopenyes.cat\\\/en\\\/celebation-pb-igualada-65th-anniversary\\\/#primaryimage\"},\"thumbnailUrl\":\"https:\\\/\\\/confederaciopenyes.cat\\\/wp-content\\\/uploads\\\/2024\\\/05\\\/65e-PB-Igualada-scaled.jpg\",\"keywords\":[\"confederaci\u00f3 mundial de penyes\",\"news\",\"Penya Blaugrana Igualada\",\"penyes\"],\"articleSection\":[\"News\"],\"inLanguage\":\"en-US\"},{\"@type\":\"WebPage\",\"@id\":\"https:\\\/\\\/confederaciopenyes.cat\\\/en\\\/celebation-pb-igualada-65th-anniversary\\\/\",\"url\":\"https:\\\/\\\/confederaciopenyes.cat\\\/en\\\/celebation-pb-igualada-65th-anniversary\\\/\",\"name\":\"Gala celebration at the PB Igualada for its 65th anniversary - C.M.P.\",\"isPartOf\":{\"@id\":\"https:\\\/\\\/confederaciopenyes.cat\\\/en\\\/#website\"},\"primaryImageOfPage\":{\"@id\":\"https:\\\/\\\/confederaciopenyes.cat\\\/en\\\/celebation-pb-igualada-65th-anniversary\\\/#primaryimage\"},\"image\":{\"@id\":\"https:\\\/\\\/confederaciopenyes.cat\\\/en\\\/celebation-pb-igualada-65th-anniversary\\\/#primaryimage\"},\"thumbnailUrl\":\"https:\\\/\\\/confederaciopenyes.cat\\\/wp-content\\\/uploads\\\/2024\\\/05\\\/65e-PB-Igualada-scaled.jpg\",\"datePublished\":\"2024-05-23T08:47:35+00:00\",\"dateModified\":\"2024-05-23T09:20:49+00:00\",\"description\":\"The PB Igualada held the main event of its 65th anniversary with about seventy members present. Several members will be honored.\",\"breadcrumb\":{\"@id\":\"https:\\\/\\\/confederaciopenyes.cat\\\/en\\\/celebation-pb-igualada-65th-anniversary\\\/#breadcrumb\"},\"inLanguage\":\"en-US\",\"potentialAction\":[{\"@type\":\"ReadAction\",\"target\":[\"https:\\\/\\\/confederaciopenyes.cat\\\/en\\\/celebation-pb-igualada-65th-anniversary\\\/\"]}]},{\"@type\":\"ImageObject\",\"inLanguage\":\"en-US\",\"@id\":\"https:\\\/\\\/confederaciopenyes.cat\\\/en\\\/celebation-pb-igualada-65th-anniversary\\\/#primaryimage\",\"url\":\"https:\\\/\\\/confederaciopenyes.cat\\\/wp-content\\\/uploads\\\/2024\\\/05\\\/65e-PB-Igualada-scaled.jpg\",\"contentUrl\":\"https:\\\/\\\/confederaciopenyes.cat\\\/wp-content\\\/uploads\\\/2024\\\/05\\\/65e-PB-Igualada-scaled.jpg\",\"width\":2560,\"height\":1920},{\"@type\":\"BreadcrumbList\",\"@id\":\"https:\\\/\\\/confederaciopenyes.cat\\\/en\\\/celebation-pb-igualada-65th-anniversary\\\/#breadcrumb\",\"itemListElement\":[{\"@type\":\"ListItem\",\"position\":1,\"name\":\"Inici\",\"item\":\"https:\\\/\\\/confederaciopenyes.cat\\\/en\\\/\"},{\"@type\":\"ListItem\",\"position\":2,\"name\":\"Gala celebration at the PB Igualada for its 65th anniversary\"}]},{\"@type\":\"WebSite\",\"@id\":\"https:\\\/\\\/confederaciopenyes.cat\\\/en\\\/#website\",\"url\":\"https:\\\/\\\/confederaciopenyes.cat\\\/en\\\/\",\"name\":\"Confederaci\u00f3 Mundial de Penyes del FC Barcelona\",\"description\":\"C.M. Penyes FC Barcelona\",\"publisher\":{\"@id\":\"https:\\\/\\\/confederaciopenyes.cat\\\/en\\\/#organization\"},\"potentialAction\":[{\"@type\":\"SearchAction\",\"target\":{\"@type\":\"EntryPoint\",\"urlTemplate\":\"https:\\\/\\\/confederaciopenyes.cat\\\/en\\\/?s={search_term_string}\"},\"query-input\":{\"@type\":\"PropertyValueSpecification\",\"valueRequired\":true,\"valueName\":\"search_term_string\"}}],\"inLanguage\":\"en-US\"},{\"@type\":\"Organization\",\"@id\":\"https:\\\/\\\/confederaciopenyes.cat\\\/en\\\/#organization\",\"name\":\"Confederaci\u00f3 Mundial de Penyes del FC Barcelona\",\"url\":\"https:\\\/\\\/confederaciopenyes.cat\\\/en\\\/\",\"logo\":{\"@type\":\"ImageObject\",\"inLanguage\":\"en-US\",\"@id\":\"https:\\\/\\\/confederaciopenyes.cat\\\/en\\\/#\\\/schema\\\/logo\\\/image\\\/\",\"url\":\"https:\\\/\\\/confederaciopenyes.cat\\\/wp-content\\\/uploads\\\/2022\\\/07\\\/cropped-logo_horizontal.png\",\"contentUrl\":\"https:\\\/\\\/confederaciopenyes.cat\\\/wp-content\\\/uploads\\\/2022\\\/07\\\/cropped-logo_horizontal.png\",\"width\":1320,\"height\":309,\"caption\":\"Confederaci\u00f3 Mundial de Penyes del FC Barcelona\"},\"image\":{\"@id\":\"https:\\\/\\\/confederaciopenyes.cat\\\/en\\\/#\\\/schema\\\/logo\\\/image\\\/\"},\"sameAs\":[\"https:\\\/\\\/www.facebook.com\\\/ConfederacioMundialPenyesFCB\",\"https:\\\/\\\/x.com\\\/ConfePenyesFCB\",\"https:\\\/\\\/www.instagram.com\\\/confepenyesfcb\\\/\"]},{\"@type\":\"Person\",\"@id\":\"https:\\\/\\\/confederaciopenyes.cat\\\/en\\\/#\\\/schema\\\/person\\\/337072f6daef87a85aa59aa1f134387c\",\"name\":\"Confederaci\u00f3 Mundial de Penyes del FC Barcelona\",\"image\":{\"@type\":\"ImageObject\",\"inLanguage\":\"en-US\",\"@id\":\"https:\\\/\\\/secure.gravatar.com\\\/avatar\\\/98c60c7405ff843b10aec55db652bd3f5cb4320ef331ae76c156819a62194328?s=96&d=mm&r=g\",\"url\":\"https:\\\/\\\/secure.gravatar.com\\\/avatar\\\/98c60c7405ff843b10aec55db652bd3f5cb4320ef331ae76c156819a62194328?s=96&d=mm&r=g\",\"contentUrl\":\"https:\\\/\\\/secure.gravatar.com\\\/avatar\\\/98c60c7405ff843b10aec55db652bd3f5cb4320ef331ae76c156819a62194328?s=96&d=mm&r=g\",\"caption\":\"Confederaci\u00f3 Mundial de Penyes del FC Barcelona\"},\"url\":\"https:\\\/\\\/confederaciopenyes.cat\\\/en\\\/author\\\/comunicacioconfederaciopenyes-cat\\\/\"}]}<\/script>\n<!-- \/ Yoast SEO Premium plugin. -->","yoast_head_json":{"title":"Gala celebration at the PB Igualada for its 65th anniversary - C.M.P.","description":"The PB Igualada held the main event of its 65th anniversary with about seventy members present. Several members will be honored.","robots":{"index":"index","follow":"follow","max-snippet":"max-snippet:-1","max-image-preview":"max-image-preview:large","max-video-preview":"max-video-preview:-1"},"canonical":"https:\/\/confederaciopenyes.cat\/en\/celebation-pb-igualada-65th-anniversary\/","og_locale":"en_US","og_type":"article","og_title":"Gala celebration at the PB Igualada for its 65th anniversary","og_description":"The PB Igualada held the main event of its 65th anniversary with about seventy members present. Several members will be honored.","og_url":"https:\/\/confederaciopenyes.cat\/en\/celebation-pb-igualada-65th-anniversary\/","og_site_name":"Confederaci\u00f3 Mundial de Penyes del FC Barcelona","article_publisher":"https:\/\/www.facebook.com\/ConfederacioMundialPenyesFCB","article_published_time":"2024-05-23T08:47:35+00:00","article_modified_time":"2024-05-23T09:20:49+00:00","og_image":[{"width":2560,"height":1920,"url":"https:\/\/confederaciopenyes.cat\/wp-content\/uploads\/2024\/05\/65e-PB-Igualada-scaled.jpg","type":"image\/jpeg"}],"author":"Confederaci\u00f3 Mundial de Penyes del FC Barcelona","twitter_card":"summary_large_image","twitter_creator":"@ConfePenyesFCB","twitter_site":"@ConfePenyesFCB","twitter_misc":{"Written by":"Confederaci\u00f3 Mundial de Penyes del FC Barcelona","Est. reading time":"3 minutes"},"schema":{"@context":"https:\/\/schema.org","@graph":[{"@type":"Article","@id":"https:\/\/confederaciopenyes.cat\/en\/celebation-pb-igualada-65th-anniversary\/#article","isPartOf":{"@id":"https:\/\/confederaciopenyes.cat\/en\/celebation-pb-igualada-65th-anniversary\/"},"author":{"name":"Confederaci\u00f3 Mundial de Penyes del FC Barcelona","@id":"https:\/\/confederaciopenyes.cat\/en\/#\/schema\/person\/337072f6daef87a85aa59aa1f134387c"},"headline":"Gala celebration at the PB Igualada for its 65th anniversary","datePublished":"2024-05-23T08:47:35+00:00","dateModified":"2024-05-23T09:20:49+00:00","mainEntityOfPage":{"@id":"https:\/\/confederaciopenyes.cat\/en\/celebation-pb-igualada-65th-anniversary\/"},"wordCount":301,"publisher":{"@id":"https:\/\/confederaciopenyes.cat\/en\/#organization"},"image":{"@id":"https:\/\/confederaciopenyes.cat\/en\/celebation-pb-igualada-65th-anniversary\/#primaryimage"},"thumbnailUrl":"https:\/\/confederaciopenyes.cat\/wp-content\/uploads\/2024\/05\/65e-PB-Igualada-scaled.jpg","keywords":["confederaci\u00f3 mundial de penyes","news","Penya Blaugrana Igualada","penyes"],"articleSection":["News"],"inLanguage":"en-US"},{"@type":"WebPage","@id":"https:\/\/confederaciopenyes.cat\/en\/celebation-pb-igualada-65th-anniversary\/","url":"https:\/\/confederaciopenyes.cat\/en\/celebation-pb-igualada-65th-anniversary\/","name":"Gala celebration at the PB Igualada for its 65th anniversary - C.M.P.","isPartOf":{"@id":"https:\/\/confederaciopenyes.cat\/en\/#website"},"primaryImageOfPage":{"@id":"https:\/\/confederaciopenyes.cat\/en\/celebation-pb-igualada-65th-anniversary\/#primaryimage"},"image":{"@id":"https:\/\/confederaciopenyes.cat\/en\/celebation-pb-igualada-65th-anniversary\/#primaryimage"},"thumbnailUrl":"https:\/\/confederaciopenyes.cat\/wp-content\/uploads\/2024\/05\/65e-PB-Igualada-scaled.jpg","datePublished":"2024-05-23T08:47:35+00:00","dateModified":"2024-05-23T09:20:49+00:00","description":"The PB Igualada held the main event of its 65th anniversary with about seventy members present. Several members will be honored.","breadcrumb":{"@id":"https:\/\/confederaciopenyes.cat\/en\/celebation-pb-igualada-65th-anniversary\/#breadcrumb"},"inLanguage":"en-US","potentialAction":[{"@type":"ReadAction","target":["https:\/\/confederaciopenyes.cat\/en\/celebation-pb-igualada-65th-anniversary\/"]}]},{"@type":"ImageObject","inLanguage":"en-US","@id":"https:\/\/confederaciopenyes.cat\/en\/celebation-pb-igualada-65th-anniversary\/#primaryimage","url":"https:\/\/confederaciopenyes.cat\/wp-content\/uploads\/2024\/05\/65e-PB-Igualada-scaled.jpg","contentUrl":"https:\/\/confederaciopenyes.cat\/wp-content\/uploads\/2024\/05\/65e-PB-Igualada-scaled.jpg","width":2560,"height":1920},{"@type":"BreadcrumbList","@id":"https:\/\/confederaciopenyes.cat\/en\/celebation-pb-igualada-65th-anniversary\/#breadcrumb","itemListElement":[{"@type":"ListItem","position":1,"name":"Inici","item":"https:\/\/confederaciopenyes.cat\/en\/"},{"@type":"ListItem","position":2,"name":"Gala celebration at the PB Igualada for its 65th anniversary"}]},{"@type":"WebSite","@id":"https:\/\/confederaciopenyes.cat\/en\/#website","url":"https:\/\/confederaciopenyes.cat\/en\/","name":"Confederaci\u00f3 Mundial de Penyes del FC Barcelona","description":"C.M. Penyes FC Barcelona","publisher":{"@id":"https:\/\/confederaciopenyes.cat\/en\/#organization"},"potentialAction":[{"@type":"SearchAction","target":{"@type":"EntryPoint","urlTemplate":"https:\/\/confederaciopenyes.cat\/en\/?s={search_term_string}"},"query-input":{"@type":"PropertyValueSpecification","valueRequired":true,"valueName":"search_term_string"}}],"inLanguage":"en-US"},{"@type":"Organization","@id":"https:\/\/confederaciopenyes.cat\/en\/#organization","name":"Confederaci\u00f3 Mundial de Penyes del FC Barcelona","url":"https:\/\/confederaciopenyes.cat\/en\/","logo":{"@type":"ImageObject","inLanguage":"en-US","@id":"https:\/\/confederaciopenyes.cat\/en\/#\/schema\/logo\/image\/","url":"https:\/\/confederaciopenyes.cat\/wp-content\/uploads\/2022\/07\/cropped-logo_horizontal.png","contentUrl":"https:\/\/confederaciopenyes.cat\/wp-content\/uploads\/2022\/07\/cropped-logo_horizontal.png","width":1320,"height":309,"caption":"Confederaci\u00f3 Mundial de Penyes del FC Barcelona"},"image":{"@id":"https:\/\/confederaciopenyes.cat\/en\/#\/schema\/logo\/image\/"},"sameAs":["https:\/\/www.facebook.com\/ConfederacioMundialPenyesFCB","https:\/\/x.com\/ConfePenyesFCB","https:\/\/www.instagram.com\/confepenyesfcb\/"]},{"@type":"Person","@id":"https:\/\/confederaciopenyes.cat\/en\/#\/schema\/person\/337072f6daef87a85aa59aa1f134387c","name":"Confederaci\u00f3 Mundial de Penyes del FC Barcelona","image":{"@type":"ImageObject","inLanguage":"en-US","@id":"https:\/\/secure.gravatar.com\/avatar\/98c60c7405ff843b10aec55db652bd3f5cb4320ef331ae76c156819a62194328?s=96&d=mm&r=g","url":"https:\/\/secure.gravatar.com\/avatar\/98c60c7405ff843b10aec55db652bd3f5cb4320ef331ae76c156819a62194328?s=96&d=mm&r=g","contentUrl":"https:\/\/secure.gravatar.com\/avatar\/98c60c7405ff843b10aec55db652bd3f5cb4320ef331ae76c156819a62194328?s=96&d=mm&r=g","caption":"Confederaci\u00f3 Mundial de Penyes del FC Barcelona"},"url":"https:\/\/confederaciopenyes.cat\/en\/author\/comunicacioconfederaciopenyes-cat\/"}]}},"_links":{"self":[{"href":"https:\/\/confederaciopenyes.cat\/en\/wp-json\/wp\/v2\/posts\/22575","targetHints":{"allow":["GET"]}}],"collection":[{"href":"https:\/\/confederaciopenyes.cat\/en\/wp-json\/wp\/v2\/posts"}],"about":[{"href":"https:\/\/confederaciopenyes.cat\/en\/wp-json\/wp\/v2\/types\/post"}],"author":[{"embeddable":true,"href":"https:\/\/confederaciopenyes.cat\/en\/wp-json\/wp\/v2\/users\/4"}],"replies":[{"embeddable":true,"href":"https:\/\/confederaciopenyes.cat\/en\/wp-json\/wp\/v2\/comments?post=22575"}],"version-history":[{"count":2,"href":"https:\/\/confederaciopenyes.cat\/en\/wp-json\/wp\/v2\/posts\/22575\/revisions"}],"predecessor-version":[{"id":22578,"href":"https:\/\/confederaciopenyes.cat\/en\/wp-json\/wp\/v2\/posts\/22575\/revisions\/22578"}],"wp:featuredmedia":[{"embeddable":true,"href":"https:\/\/confederaciopenyes.cat\/en\/wp-json\/wp\/v2\/media\/22545"}],"wp:attachment":[{"href":"https:\/\/confederaciopenyes.cat\/en\/wp-json\/wp\/v2\/media?parent=22575"}],"wp:term":[{"taxonomy":"category","embeddable":true,"href":"https:\/\/confederaciopenyes.cat\/en\/wp-json\/wp\/v2\/categories?post=22575"},{"taxonomy":"post_tag","embeddable":true,"href":"https:\/\/confederaciopenyes.cat\/en\/wp-json\/wp\/v2\/tags?post=22575"}],"curies":[{"name":"wp","href":"https:\/\/api.w.org\/{rel}","templated":true}]}}