{"id":23430,"date":"2024-02-21T15:07:56","date_gmt":"2024-02-21T14:07:56","guid":{"rendered":"https:\/\/confederaciopenyes.cat\/chapter-2-the-fourth-teams-nova-germanor-and-apatics\/"},"modified":"2024-06-12T15:31:48","modified_gmt":"2024-06-12T13:31:48","slug":"chapter-2-the-fourth-teams-nova-germanor-and-apatics","status":"publish","type":"post","link":"https:\/\/confederaciopenyes.cat\/en\/chapter-2-the-fourth-teams-nova-germanor-and-apatics\/","title":{"rendered":"Chapter 2 &#8211; The fourth teams. Nova Germanor and Ap\u00e0tics"},"content":{"rendered":"\n<p>If we analyse some of the events of the second decade of FC Barcelona&#8217;s twentieth century, we could come to the conclusion that there is a <strong>certain relationship between the appearance of the supporters\u2019 clubs and the first political division in Barcelona, which has lasted until the present day<\/strong>. And that is when we ask ourselves: what kind of relationship can link a world of unity and consensus, such as that of the supporters\u2019 clubs, with an event that represents such division within the Club as the famous &#8220;isms&#8221;?<\/p>\n\n<p>If we go back in time, it all began on <strong>17 July 1910<\/strong>, when FC Barcelona decided <strong>to celebrate the achievement of the 1909\/1910 season treble<\/strong> (Catalan Championship, Spanish Championship &#8211; now known as Copa del Rey &#8211; and the Challenge International du Sud de France or Pyrenees Cup) in its new small stadium in Industria Street. For the first time, this celebration included the performance of <strong>the Club&#8217;s first anthem<\/strong>, which can also be considered the first anthem of a European football team. Composed by the Galician military man Jos\u00e9 Antonio Lodeiro Pi\u00f1eiroa, this anthem <strong>had very combative lyrics and joyful music performed by the band of the Regiment of Alc\u00e1ntara 58 infantry<\/strong>, a military regiment located in Barcelona. Among the members of FC Barcelona, there were military men who shared victories and successes with members of the Catalan bourgeois class, such as <strong>General Juan Avil\u00e9s or the Peris de Vargas family<\/strong>, which had many brothers, three of whom came to wear the blaugrana shirt. <strong>Enrique Peris<\/strong>, who played 308 games for Bar\u00e7a from the 1906\/1907 to the 1916\/1917 season, is worth mentioning.<\/p>\n\n<p>Among the Peris brothers, there was one who was not a player, but who has gone down in history as one of the most controversial leaders during his time as president of FC Barcelona, on two occasions, until the summer of 1915. On 29 June 1915, <strong>Rafael Llopart<\/strong> became president, and a year later, on 25 June 1916, he was succeeded by the Catalan nationalist politician <strong>Gaspar Ros\u00e9s<\/strong>, who clearly won the elections against Peris de Vargas&#8217; man, Josep Preckler. <strong>The club calmed down, although externally there were several problems with the federations<\/strong>. But the remedy to everything was always <strong>Joan Gamper<\/strong>, and so, in the elections of 17 June 1917, he returned to the presidency for the third time and remained in charge until 19 June 1919, when he was replaced by his colleague Ricard Graells.<\/p>\n<div class=\"wp-block-image is-style-default\">\n<figure class=\"aligncenter size-full\"><a href=\"https:\/\/confederaciopenyes.cat\/wp-content\/uploads\/2024\/02\/foto-3-peris-de-vargas.jpg\"><img decoding=\"async\" width=\"566\" height=\"451\" data-src=\"https:\/\/confederaciopenyes.cat\/wp-content\/uploads\/2024\/02\/foto-3-peris-de-vargas.jpg\" alt=\"\" class=\"wp-image-19723 lazyload\" data-srcset=\"https:\/\/confederaciopenyes.cat\/wp-content\/uploads\/2024\/02\/foto-3-peris-de-vargas.jpg 566w, https:\/\/confederaciopenyes.cat\/wp-content\/uploads\/2024\/02\/foto-3-peris-de-vargas-300x239.jpg 300w\" data-sizes=\"(max-width: 566px) 100vw, 566px\" src=\"data:image\/svg+xml;base64,PHN2ZyB3aWR0aD0iMSIgaGVpZ2h0PSIxIiB4bWxucz0iaHR0cDovL3d3dy53My5vcmcvMjAwMC9zdmciPjwvc3ZnPg==\" style=\"--smush-placeholder-width: 566px; --smush-placeholder-aspect-ratio: 566\/451;\" \/><\/a><\/figure>\n<\/div>\n<p><\/p>\n\n<p><strong>And what do the Bar\u00e7a supporters\u2019 clubs have to do with all this?<\/strong><\/p>\n\n<p>Peris de Vargas or his followers were not quiet during the following years, and whenever there was an obstacle in the successive directives, they appeared to demonstrate their opposition. <strong>It is also in 1915 that there is the first reference in FC Barcelona&#8217;s fourth teams<\/strong>, where we can see the division between the two political groups within the club: <strong>the monarchists and the Catalanists<\/strong>. It is not known exactly when the so-called fourth teams actually appeared or what they consisted of. Some say that they were the children&#8217;s teams (because the B and C teams already existed), others think that they were actually more diverse teams or, in other words, supporters&#8217; teams.<\/p>\n\n<p>In our opinion, always debatable, <strong>they were teams of young people without any age range<\/strong> who organised their own tournaments or friendly games. In other words, nothing to do with today&#8217;s structure in the grassroots categories of football.<\/p>\n\n<h6 class=\"wp-block-heading\" id=\"h-referencies-dels-quarts-equips\"><strong>References of the fourth teams<\/strong><\/h6>\n\n<ul class=\"wp-block-list\">\n<li><strong>1915<\/strong>: Hutchinson (first mention in Foot-Ball magazine, 3\/6\/1915), Matas (3\/6\/1915).<\/li>\n\n\n\n<li><strong>1916<\/strong>: Cuarto G (22\/6\/1916), \u00c1guilas (24\/8\/1916), New Hudson (28\/9\/1916), Reina Victoria Eugenia (3\/11\/1916). The latter team appeared just after the first Catalanist political president, Gaspar Ros\u00e9s, became president. Coincidence?<\/li>\n\n\n\n<li><strong>1917<\/strong>: Vampiros (1\/2\/1917), 70 HP (12\/4\/1917), H (28\/6\/1917), TBO (27\/7\/1917), Novells (11\/10\/1917), Thedy (20\/12\/1917).<\/li>\n\n\n\n<li><strong>1918<\/strong>: Tranquils (7\/3\/1918), Atiles (21\/3\/1918), Nova Germanor (11\/4\/1918), The Tango (13\/6\/1918), Els Teddys (20\/6\/1918), Alfonso XIII (27\/6\/1918), Ap\u00e0tics (15\/8\/1918), No\u2019ns Contis (5\/9\/1918), Aliats (26\/9\/1918), Los Calaveras (7\/11\/1918), Retintins (12\/12\/1918).<\/li>\n<\/ul>\n\n<p>In this last list, we should look at the <strong>Ap\u00e0tics<\/strong>, as this fourth team will go a step further and <strong>will now classify itself as a penya<\/strong>. It should also be added that <strong>Vicen\u00e7 Piera<\/strong>, the future great player of the Golden Age, known as \u201cLa Bruja\u201d and who currently gives his name to the Penya de La R\u00e0pita, came from the <strong>Penya Nova Germanor<\/strong>. So, in addition to the Ap\u00e0tics, there is also another leap from fourth team to &#8220;penya&#8221; in the case of Nova Germanor, which is even older than the Ap\u00e0tics. However, the fact that we found the denomination \u201cpenya\u201d when Piera joined in 1920 raises doubts as to whether one or the other was first.<\/p>\n\n<ul class=\"wp-block-list\">\n<li><strong>1919<\/strong>: Els Reposats (20\/3\/1919), Els Segadors (1\/5\/1919), Els Amics (1\/5\/1919), Els Esmolets (15\/5\/1919), Els Nacionalistes (15\/5\/1919), Els \u00danics (15\/5\/1919), Nacional (26\/6\/1919), Almog\u00e0vers (17\/7\/1919), Atletes (17\/7\/1919), Jove Catalunya (4\/9\/1919).<\/li>\n<\/ul>\n\n<p>In 1919, Bar\u00e7a took another<strong> step forward on the Catalanist path with the new presidency of Ricard Graells<\/strong>, who a year earlier had supported the request for a Statute of Autonomy for Catalonia and who made the floral offering at the monument to Rafael Casanova on 11 September for the first time in its history. And coincidence or not, it can be seen that in 1919 the names of the fourth teams were mostly Catalanist and some of the previous monarchist names disappeared. <strong>Faced with the theory that the fourth teams were children&#8217;s teams, we ask ourselves the question: do we honestly believe that a children&#8217;s team could be given names like Segadors, Esmolets, Nacionalistes or Almog\u00e0vers?<\/strong> And, finally, the fact that Piera joined Nova Germanor at the age of 17 suggests that those teams were not exactly youth teams.<\/p>\n\n<p>These appearances, which would continue into the 1920s, show that <strong>the Club&#8217;s social mass had already made an irreversible political turn that, with more or less clandestinity and more or less discomfort, would already form part of a DNA and roots that have lasted into the 21st century<\/strong>.<\/p>\n\n<h6 class=\"wp-block-heading\" id=\"h-el-cas-dels-apatics\"><strong>The Ap\u00e0tics case<\/strong><\/h6>\n\n<p>In 1918, one of these fourth teams also made the leap to a new dimension and to the new term of penya. This was the <strong>Ap\u00e0tics<\/strong>: a supporters&#8217; club which, as its name suggests, <strong>seemed to be one of those who did not believe too much in the new direction taken by FC Barcelona&#8217;s board<\/strong>. As published in the magazine Foot Ball, behind this supporters&#8217; club was the Peris de Vargas family. In fact, Enrique Peris had also left the Club with the entry of Gamper as president in 1917 and with <strong>the definitive separation into what we will call <em>\u201cPerists\u201d and \u201cGamperists\u201d<\/em><\/strong>. Also coincidence? Why do we believe that behind this supporters\u2019 club was Mr. Peris de Vargas or his followers? Simply because of the only publication we found of a penya activity.<\/p>\n<div class=\"wp-block-image is-style-default\">\n<figure class=\"aligncenter size-large is-resized\"><a href=\"https:\/\/confederaciopenyes.cat\/wp-content\/uploads\/2024\/02\/Foto-4-Apatics-Ball-1918.jpg\"><img decoding=\"async\" width=\"768\" height=\"1024\" data-src=\"https:\/\/confederaciopenyes.cat\/wp-content\/uploads\/2024\/02\/Foto-4-Apatics-Ball-1918-768x1024.jpg\" alt=\"\" class=\"wp-image-19720 lazyload\" style=\"--smush-placeholder-width: 768px; --smush-placeholder-aspect-ratio: 768\/1024;width:335px;height:auto\" data-srcset=\"https:\/\/confederaciopenyes.cat\/wp-content\/uploads\/2024\/02\/Foto-4-Apatics-Ball-1918-768x1024.jpg 768w, https:\/\/confederaciopenyes.cat\/wp-content\/uploads\/2024\/02\/Foto-4-Apatics-Ball-1918-225x300.jpg 225w, https:\/\/confederaciopenyes.cat\/wp-content\/uploads\/2024\/02\/Foto-4-Apatics-Ball-1918-1152x1536.jpg 1152w, https:\/\/confederaciopenyes.cat\/wp-content\/uploads\/2024\/02\/Foto-4-Apatics-Ball-1918.jpg 1299w\" data-sizes=\"(max-width: 768px) 100vw, 768px\" src=\"data:image\/svg+xml;base64,PHN2ZyB3aWR0aD0iMSIgaGVpZ2h0PSIxIiB4bWxucz0iaHR0cDovL3d3dy53My5vcmcvMjAwMC9zdmciPjwvc3ZnPg==\" \/><\/a><\/figure>\n<\/div>\n<p><\/p>\n\n<p>It is about <strong>a Saint James festival dance<\/strong> in a small square in Barcelona. Apparently, there would be no suspicion of the presence of groups opposed to Gamper behind the Ap\u00e0tics Barcelonistes, especially since they demanded a paid membership receipt. It does not specify whether this fee was the Club&#8217;s membership fee or that of the supporters\u2019 club itself, but we think it was the former because it was then conceivable that those who did not pay the fee ceased to be members and, therefore, ceased to be elements to whom an electoral campaign could be directed. We recall that at that time there were elections every year, as can be read in the Statutes.<\/p>\n\n<p>However, the suspicion arises when we see that <strong>the band that would liven up the dance is the music band of the Alc\u00e1ntara Regiment<\/strong>; that of Peris de Vargas, that of Lodeiro Pi\u00f1eiros. It is the military band that composed the Club&#8217;s first anthem eight years earlier. Faced with this mysterious announcement, and in search of a second piece of information, we can only move on to <strong>the following year, when the first FC Barcelona supporters\u2019 club became official: Penya Barcelonista del FC Barcelona<\/strong>. But that is a different story. <\/p>\n\n<p>So, considering the little information we have from those years, right now and without any new evidence to the contrary, <strong>we can consider Nova Germanor as the first sports supporters\u2019 club of FC Barcelona<\/strong>, and <strong>the Ap\u00e0tics as the first unofficial social supporters\u2019 club<\/strong>.<\/p>\n","protected":false},"excerpt":{"rendered":"<p>If we analyse some of the events of the second decade of FC Barcelona&#8217;s twentieth century, we could come to the conclusion that there is a certain relationship between the appearance of the supporters\u2019 clubs and the first political division in Barcelona, which has lasted until the present day. And that is when we ask &#8230; <a title=\"Chapter 2 &#8211; The fourth teams. Nova Germanor and Ap\u00e0tics\" class=\"read-more\" href=\"https:\/\/confederaciopenyes.cat\/en\/chapter-2-the-fourth-teams-nova-germanor-and-apatics\/\" aria-label=\"Read more about Chapter 2 &#8211; The fourth teams. Nova Germanor and Ap\u00e0tics\">Read more<\/a><\/p>\n","protected":false},"author":4,"featured_media":19728,"comment_status":"closed","ping_status":"open","sticky":false,"template":"","format":"standard","meta":{"_acf_changed":false,"footnotes":""},"categories":[2801],"tags":[2562,2902,2889,2903,2561,2904],"class_list":["post-23430","post","type-post","status-publish","format-standard","has-post-thumbnail","hentry","category-history-penyes-en","tag-confederacio-mundial-de-penyes-en-2","tag-els-apatics-en","tag-history-en-2","tag-nova-germanor-en","tag-penyes-en","tag-vicenc-piera-en"],"acf":[],"yoast_head":"<!-- This site is optimized with the Yoast SEO Premium plugin v27.5 (Yoast SEO v27.5) - https:\/\/yoast.com\/product\/yoast-seo-premium-wordpress\/ -->\n<title>Chapter 2 - The fourth teams. Nova Germanor and Ap\u00e0tics - Confederaci\u00f3 Mundial de Penyes del FC Barcelona<\/title>\n<meta name=\"description\" content=\"The fourth teams Nova Germanor and Ap\u00e0tics were the seed of the first FC Barcelona penyes in the 1910s.\" \/>\n<meta name=\"robots\" content=\"index, follow, max-snippet:-1, max-image-preview:large, max-video-preview:-1\" \/>\n<link rel=\"canonical\" href=\"https:\/\/confederaciopenyes.cat\/en\/chapter-2-the-fourth-teams-nova-germanor-and-apatics\/\" \/>\n<meta property=\"og:locale\" content=\"en_US\" \/>\n<meta property=\"og:type\" content=\"article\" \/>\n<meta property=\"og:title\" content=\"Chapter 2 - The fourth teams. Nova Germanor and Ap\u00e0tics\" \/>\n<meta property=\"og:description\" content=\"The fourth teams Nova Germanor and Ap\u00e0tics were the seed of the first FC Barcelona penyes in the 1910s.\" \/>\n<meta property=\"og:url\" content=\"https:\/\/confederaciopenyes.cat\/en\/chapter-2-the-fourth-teams-nova-germanor-and-apatics\/\" \/>\n<meta property=\"og:site_name\" content=\"Confederaci\u00f3 Mundial de Penyes del FC Barcelona\" \/>\n<meta property=\"article:publisher\" content=\"https:\/\/www.facebook.com\/ConfederacioMundialPenyesFCB\" \/>\n<meta property=\"article:published_time\" content=\"2024-02-21T14:07:56+00:00\" \/>\n<meta property=\"article:modified_time\" content=\"2024-06-12T13:31:48+00:00\" \/>\n<meta property=\"og:image\" content=\"https:\/\/confederaciopenyes.cat\/wp-content\/uploads\/2024\/02\/15267910.jpg\" \/>\n\t<meta property=\"og:image:width\" content=\"1200\" \/>\n\t<meta property=\"og:image:height\" content=\"750\" \/>\n\t<meta property=\"og:image:type\" content=\"image\/jpeg\" \/>\n<meta name=\"author\" content=\"Confederaci\u00f3 Mundial de Penyes del FC Barcelona\" \/>\n<meta name=\"twitter:card\" content=\"summary_large_image\" \/>\n<meta name=\"twitter:creator\" content=\"@ConfePenyesFCB\" \/>\n<meta name=\"twitter:site\" content=\"@ConfePenyesFCB\" \/>\n<meta name=\"twitter:label1\" content=\"Written by\" \/>\n\t<meta name=\"twitter:data1\" content=\"Confederaci\u00f3 Mundial de Penyes del FC Barcelona\" \/>\n\t<meta name=\"twitter:label2\" content=\"Est. reading time\" \/>\n\t<meta name=\"twitter:data2\" content=\"7 minutes\" \/>\n<script type=\"application\/ld+json\" class=\"yoast-schema-graph\">{\"@context\":\"https:\\\/\\\/schema.org\",\"@graph\":[{\"@type\":\"Article\",\"@id\":\"https:\\\/\\\/confederaciopenyes.cat\\\/en\\\/chapter-2-the-fourth-teams-nova-germanor-and-apatics\\\/#article\",\"isPartOf\":{\"@id\":\"https:\\\/\\\/confederaciopenyes.cat\\\/en\\\/chapter-2-the-fourth-teams-nova-germanor-and-apatics\\\/\"},\"author\":{\"name\":\"Confederaci\u00f3 Mundial de Penyes del FC Barcelona\",\"@id\":\"https:\\\/\\\/confederaciopenyes.cat\\\/en\\\/#\\\/schema\\\/person\\\/337072f6daef87a85aa59aa1f134387c\"},\"headline\":\"Chapter 2 &#8211; The fourth teams. Nova Germanor and Ap\u00e0tics\",\"datePublished\":\"2024-02-21T14:07:56+00:00\",\"dateModified\":\"2024-06-12T13:31:48+00:00\",\"mainEntityOfPage\":{\"@id\":\"https:\\\/\\\/confederaciopenyes.cat\\\/en\\\/chapter-2-the-fourth-teams-nova-germanor-and-apatics\\\/\"},\"wordCount\":1361,\"publisher\":{\"@id\":\"https:\\\/\\\/confederaciopenyes.cat\\\/en\\\/#organization\"},\"image\":{\"@id\":\"https:\\\/\\\/confederaciopenyes.cat\\\/en\\\/chapter-2-the-fourth-teams-nova-germanor-and-apatics\\\/#primaryimage\"},\"thumbnailUrl\":\"https:\\\/\\\/confederaciopenyes.cat\\\/wp-content\\\/uploads\\\/2024\\\/02\\\/15267910.jpg\",\"keywords\":[\"confederaci\u00f3 mundial de penyes\",\"Els Ap\u00e0tics\",\"history\",\"Nova Germanor\",\"penyes\",\"Vicen\u00e7 Piera\"],\"articleSection\":[\"History\"],\"inLanguage\":\"en-US\"},{\"@type\":\"WebPage\",\"@id\":\"https:\\\/\\\/confederaciopenyes.cat\\\/en\\\/chapter-2-the-fourth-teams-nova-germanor-and-apatics\\\/\",\"url\":\"https:\\\/\\\/confederaciopenyes.cat\\\/en\\\/chapter-2-the-fourth-teams-nova-germanor-and-apatics\\\/\",\"name\":\"Chapter 2 - The fourth teams. Nova Germanor and Ap\u00e0tics - Confederaci\u00f3 Mundial de Penyes del FC Barcelona\",\"isPartOf\":{\"@id\":\"https:\\\/\\\/confederaciopenyes.cat\\\/en\\\/#website\"},\"primaryImageOfPage\":{\"@id\":\"https:\\\/\\\/confederaciopenyes.cat\\\/en\\\/chapter-2-the-fourth-teams-nova-germanor-and-apatics\\\/#primaryimage\"},\"image\":{\"@id\":\"https:\\\/\\\/confederaciopenyes.cat\\\/en\\\/chapter-2-the-fourth-teams-nova-germanor-and-apatics\\\/#primaryimage\"},\"thumbnailUrl\":\"https:\\\/\\\/confederaciopenyes.cat\\\/wp-content\\\/uploads\\\/2024\\\/02\\\/15267910.jpg\",\"datePublished\":\"2024-02-21T14:07:56+00:00\",\"dateModified\":\"2024-06-12T13:31:48+00:00\",\"description\":\"The fourth teams Nova Germanor and Ap\u00e0tics were the seed of the first FC Barcelona penyes in the 1910s.\",\"breadcrumb\":{\"@id\":\"https:\\\/\\\/confederaciopenyes.cat\\\/en\\\/chapter-2-the-fourth-teams-nova-germanor-and-apatics\\\/#breadcrumb\"},\"inLanguage\":\"en-US\",\"potentialAction\":[{\"@type\":\"ReadAction\",\"target\":[\"https:\\\/\\\/confederaciopenyes.cat\\\/en\\\/chapter-2-the-fourth-teams-nova-germanor-and-apatics\\\/\"]}]},{\"@type\":\"ImageObject\",\"inLanguage\":\"en-US\",\"@id\":\"https:\\\/\\\/confederaciopenyes.cat\\\/en\\\/chapter-2-the-fourth-teams-nova-germanor-and-apatics\\\/#primaryimage\",\"url\":\"https:\\\/\\\/confederaciopenyes.cat\\\/wp-content\\\/uploads\\\/2024\\\/02\\\/15267910.jpg\",\"contentUrl\":\"https:\\\/\\\/confederaciopenyes.cat\\\/wp-content\\\/uploads\\\/2024\\\/02\\\/15267910.jpg\",\"width\":1200,\"height\":750},{\"@type\":\"BreadcrumbList\",\"@id\":\"https:\\\/\\\/confederaciopenyes.cat\\\/en\\\/chapter-2-the-fourth-teams-nova-germanor-and-apatics\\\/#breadcrumb\",\"itemListElement\":[{\"@type\":\"ListItem\",\"position\":1,\"name\":\"Inici\",\"item\":\"https:\\\/\\\/confederaciopenyes.cat\\\/en\\\/\"},{\"@type\":\"ListItem\",\"position\":2,\"name\":\"Chapter 2 &#8211; The fourth teams. Nova Germanor and Ap\u00e0tics\"}]},{\"@type\":\"WebSite\",\"@id\":\"https:\\\/\\\/confederaciopenyes.cat\\\/en\\\/#website\",\"url\":\"https:\\\/\\\/confederaciopenyes.cat\\\/en\\\/\",\"name\":\"Confederaci\u00f3 Mundial de Penyes del FC Barcelona\",\"description\":\"C.M. Penyes FC Barcelona\",\"publisher\":{\"@id\":\"https:\\\/\\\/confederaciopenyes.cat\\\/en\\\/#organization\"},\"potentialAction\":[{\"@type\":\"SearchAction\",\"target\":{\"@type\":\"EntryPoint\",\"urlTemplate\":\"https:\\\/\\\/confederaciopenyes.cat\\\/en\\\/?s={search_term_string}\"},\"query-input\":{\"@type\":\"PropertyValueSpecification\",\"valueRequired\":true,\"valueName\":\"search_term_string\"}}],\"inLanguage\":\"en-US\"},{\"@type\":\"Organization\",\"@id\":\"https:\\\/\\\/confederaciopenyes.cat\\\/en\\\/#organization\",\"name\":\"Confederaci\u00f3 Mundial de Penyes del FC Barcelona\",\"url\":\"https:\\\/\\\/confederaciopenyes.cat\\\/en\\\/\",\"logo\":{\"@type\":\"ImageObject\",\"inLanguage\":\"en-US\",\"@id\":\"https:\\\/\\\/confederaciopenyes.cat\\\/en\\\/#\\\/schema\\\/logo\\\/image\\\/\",\"url\":\"https:\\\/\\\/confederaciopenyes.cat\\\/wp-content\\\/uploads\\\/2022\\\/07\\\/cropped-logo_horizontal.png\",\"contentUrl\":\"https:\\\/\\\/confederaciopenyes.cat\\\/wp-content\\\/uploads\\\/2022\\\/07\\\/cropped-logo_horizontal.png\",\"width\":1320,\"height\":309,\"caption\":\"Confederaci\u00f3 Mundial de Penyes del FC Barcelona\"},\"image\":{\"@id\":\"https:\\\/\\\/confederaciopenyes.cat\\\/en\\\/#\\\/schema\\\/logo\\\/image\\\/\"},\"sameAs\":[\"https:\\\/\\\/www.facebook.com\\\/ConfederacioMundialPenyesFCB\",\"https:\\\/\\\/x.com\\\/ConfePenyesFCB\",\"https:\\\/\\\/www.instagram.com\\\/confepenyesfcb\\\/\"]},{\"@type\":\"Person\",\"@id\":\"https:\\\/\\\/confederaciopenyes.cat\\\/en\\\/#\\\/schema\\\/person\\\/337072f6daef87a85aa59aa1f134387c\",\"name\":\"Confederaci\u00f3 Mundial de Penyes del FC Barcelona\",\"image\":{\"@type\":\"ImageObject\",\"inLanguage\":\"en-US\",\"@id\":\"https:\\\/\\\/secure.gravatar.com\\\/avatar\\\/98c60c7405ff843b10aec55db652bd3f5cb4320ef331ae76c156819a62194328?s=96&d=mm&r=g\",\"url\":\"https:\\\/\\\/secure.gravatar.com\\\/avatar\\\/98c60c7405ff843b10aec55db652bd3f5cb4320ef331ae76c156819a62194328?s=96&d=mm&r=g\",\"contentUrl\":\"https:\\\/\\\/secure.gravatar.com\\\/avatar\\\/98c60c7405ff843b10aec55db652bd3f5cb4320ef331ae76c156819a62194328?s=96&d=mm&r=g\",\"caption\":\"Confederaci\u00f3 Mundial de Penyes del FC Barcelona\"},\"url\":\"https:\\\/\\\/confederaciopenyes.cat\\\/en\\\/author\\\/comunicacioconfederaciopenyes-cat\\\/\"}]}<\/script>\n<!-- \/ Yoast SEO Premium plugin. -->","yoast_head_json":{"title":"Chapter 2 - The fourth teams. Nova Germanor and Ap\u00e0tics - Confederaci\u00f3 Mundial de Penyes del FC Barcelona","description":"The fourth teams Nova Germanor and Ap\u00e0tics were the seed of the first FC Barcelona penyes in the 1910s.","robots":{"index":"index","follow":"follow","max-snippet":"max-snippet:-1","max-image-preview":"max-image-preview:large","max-video-preview":"max-video-preview:-1"},"canonical":"https:\/\/confederaciopenyes.cat\/en\/chapter-2-the-fourth-teams-nova-germanor-and-apatics\/","og_locale":"en_US","og_type":"article","og_title":"Chapter 2 - The fourth teams. Nova Germanor and Ap\u00e0tics","og_description":"The fourth teams Nova Germanor and Ap\u00e0tics were the seed of the first FC Barcelona penyes in the 1910s.","og_url":"https:\/\/confederaciopenyes.cat\/en\/chapter-2-the-fourth-teams-nova-germanor-and-apatics\/","og_site_name":"Confederaci\u00f3 Mundial de Penyes del FC Barcelona","article_publisher":"https:\/\/www.facebook.com\/ConfederacioMundialPenyesFCB","article_published_time":"2024-02-21T14:07:56+00:00","article_modified_time":"2024-06-12T13:31:48+00:00","og_image":[{"width":1200,"height":750,"url":"https:\/\/confederaciopenyes.cat\/wp-content\/uploads\/2024\/02\/15267910.jpg","type":"image\/jpeg"}],"author":"Confederaci\u00f3 Mundial de Penyes del FC Barcelona","twitter_card":"summary_large_image","twitter_creator":"@ConfePenyesFCB","twitter_site":"@ConfePenyesFCB","twitter_misc":{"Written by":"Confederaci\u00f3 Mundial de Penyes del FC Barcelona","Est. reading time":"7 minutes"},"schema":{"@context":"https:\/\/schema.org","@graph":[{"@type":"Article","@id":"https:\/\/confederaciopenyes.cat\/en\/chapter-2-the-fourth-teams-nova-germanor-and-apatics\/#article","isPartOf":{"@id":"https:\/\/confederaciopenyes.cat\/en\/chapter-2-the-fourth-teams-nova-germanor-and-apatics\/"},"author":{"name":"Confederaci\u00f3 Mundial de Penyes del FC Barcelona","@id":"https:\/\/confederaciopenyes.cat\/en\/#\/schema\/person\/337072f6daef87a85aa59aa1f134387c"},"headline":"Chapter 2 &#8211; The fourth teams. Nova Germanor and Ap\u00e0tics","datePublished":"2024-02-21T14:07:56+00:00","dateModified":"2024-06-12T13:31:48+00:00","mainEntityOfPage":{"@id":"https:\/\/confederaciopenyes.cat\/en\/chapter-2-the-fourth-teams-nova-germanor-and-apatics\/"},"wordCount":1361,"publisher":{"@id":"https:\/\/confederaciopenyes.cat\/en\/#organization"},"image":{"@id":"https:\/\/confederaciopenyes.cat\/en\/chapter-2-the-fourth-teams-nova-germanor-and-apatics\/#primaryimage"},"thumbnailUrl":"https:\/\/confederaciopenyes.cat\/wp-content\/uploads\/2024\/02\/15267910.jpg","keywords":["confederaci\u00f3 mundial de penyes","Els Ap\u00e0tics","history","Nova Germanor","penyes","Vicen\u00e7 Piera"],"articleSection":["History"],"inLanguage":"en-US"},{"@type":"WebPage","@id":"https:\/\/confederaciopenyes.cat\/en\/chapter-2-the-fourth-teams-nova-germanor-and-apatics\/","url":"https:\/\/confederaciopenyes.cat\/en\/chapter-2-the-fourth-teams-nova-germanor-and-apatics\/","name":"Chapter 2 - The fourth teams. Nova Germanor and Ap\u00e0tics - Confederaci\u00f3 Mundial de Penyes del FC Barcelona","isPartOf":{"@id":"https:\/\/confederaciopenyes.cat\/en\/#website"},"primaryImageOfPage":{"@id":"https:\/\/confederaciopenyes.cat\/en\/chapter-2-the-fourth-teams-nova-germanor-and-apatics\/#primaryimage"},"image":{"@id":"https:\/\/confederaciopenyes.cat\/en\/chapter-2-the-fourth-teams-nova-germanor-and-apatics\/#primaryimage"},"thumbnailUrl":"https:\/\/confederaciopenyes.cat\/wp-content\/uploads\/2024\/02\/15267910.jpg","datePublished":"2024-02-21T14:07:56+00:00","dateModified":"2024-06-12T13:31:48+00:00","description":"The fourth teams Nova Germanor and Ap\u00e0tics were the seed of the first FC Barcelona penyes in the 1910s.","breadcrumb":{"@id":"https:\/\/confederaciopenyes.cat\/en\/chapter-2-the-fourth-teams-nova-germanor-and-apatics\/#breadcrumb"},"inLanguage":"en-US","potentialAction":[{"@type":"ReadAction","target":["https:\/\/confederaciopenyes.cat\/en\/chapter-2-the-fourth-teams-nova-germanor-and-apatics\/"]}]},{"@type":"ImageObject","inLanguage":"en-US","@id":"https:\/\/confederaciopenyes.cat\/en\/chapter-2-the-fourth-teams-nova-germanor-and-apatics\/#primaryimage","url":"https:\/\/confederaciopenyes.cat\/wp-content\/uploads\/2024\/02\/15267910.jpg","contentUrl":"https:\/\/confederaciopenyes.cat\/wp-content\/uploads\/2024\/02\/15267910.jpg","width":1200,"height":750},{"@type":"BreadcrumbList","@id":"https:\/\/confederaciopenyes.cat\/en\/chapter-2-the-fourth-teams-nova-germanor-and-apatics\/#breadcrumb","itemListElement":[{"@type":"ListItem","position":1,"name":"Inici","item":"https:\/\/confederaciopenyes.cat\/en\/"},{"@type":"ListItem","position":2,"name":"Chapter 2 &#8211; The fourth teams. Nova Germanor and Ap\u00e0tics"}]},{"@type":"WebSite","@id":"https:\/\/confederaciopenyes.cat\/en\/#website","url":"https:\/\/confederaciopenyes.cat\/en\/","name":"Confederaci\u00f3 Mundial de Penyes del FC Barcelona","description":"C.M. Penyes FC Barcelona","publisher":{"@id":"https:\/\/confederaciopenyes.cat\/en\/#organization"},"potentialAction":[{"@type":"SearchAction","target":{"@type":"EntryPoint","urlTemplate":"https:\/\/confederaciopenyes.cat\/en\/?s={search_term_string}"},"query-input":{"@type":"PropertyValueSpecification","valueRequired":true,"valueName":"search_term_string"}}],"inLanguage":"en-US"},{"@type":"Organization","@id":"https:\/\/confederaciopenyes.cat\/en\/#organization","name":"Confederaci\u00f3 Mundial de Penyes del FC Barcelona","url":"https:\/\/confederaciopenyes.cat\/en\/","logo":{"@type":"ImageObject","inLanguage":"en-US","@id":"https:\/\/confederaciopenyes.cat\/en\/#\/schema\/logo\/image\/","url":"https:\/\/confederaciopenyes.cat\/wp-content\/uploads\/2022\/07\/cropped-logo_horizontal.png","contentUrl":"https:\/\/confederaciopenyes.cat\/wp-content\/uploads\/2022\/07\/cropped-logo_horizontal.png","width":1320,"height":309,"caption":"Confederaci\u00f3 Mundial de Penyes del FC Barcelona"},"image":{"@id":"https:\/\/confederaciopenyes.cat\/en\/#\/schema\/logo\/image\/"},"sameAs":["https:\/\/www.facebook.com\/ConfederacioMundialPenyesFCB","https:\/\/x.com\/ConfePenyesFCB","https:\/\/www.instagram.com\/confepenyesfcb\/"]},{"@type":"Person","@id":"https:\/\/confederaciopenyes.cat\/en\/#\/schema\/person\/337072f6daef87a85aa59aa1f134387c","name":"Confederaci\u00f3 Mundial de Penyes del FC Barcelona","image":{"@type":"ImageObject","inLanguage":"en-US","@id":"https:\/\/secure.gravatar.com\/avatar\/98c60c7405ff843b10aec55db652bd3f5cb4320ef331ae76c156819a62194328?s=96&d=mm&r=g","url":"https:\/\/secure.gravatar.com\/avatar\/98c60c7405ff843b10aec55db652bd3f5cb4320ef331ae76c156819a62194328?s=96&d=mm&r=g","contentUrl":"https:\/\/secure.gravatar.com\/avatar\/98c60c7405ff843b10aec55db652bd3f5cb4320ef331ae76c156819a62194328?s=96&d=mm&r=g","caption":"Confederaci\u00f3 Mundial de Penyes del FC Barcelona"},"url":"https:\/\/confederaciopenyes.cat\/en\/author\/comunicacioconfederaciopenyes-cat\/"}]}},"_links":{"self":[{"href":"https:\/\/confederaciopenyes.cat\/en\/wp-json\/wp\/v2\/posts\/23430","targetHints":{"allow":["GET"]}}],"collection":[{"href":"https:\/\/confederaciopenyes.cat\/en\/wp-json\/wp\/v2\/posts"}],"about":[{"href":"https:\/\/confederaciopenyes.cat\/en\/wp-json\/wp\/v2\/types\/post"}],"author":[{"embeddable":true,"href":"https:\/\/confederaciopenyes.cat\/en\/wp-json\/wp\/v2\/users\/4"}],"replies":[{"embeddable":true,"href":"https:\/\/confederaciopenyes.cat\/en\/wp-json\/wp\/v2\/comments?post=23430"}],"version-history":[{"count":1,"href":"https:\/\/confederaciopenyes.cat\/en\/wp-json\/wp\/v2\/posts\/23430\/revisions"}],"predecessor-version":[{"id":23431,"href":"https:\/\/confederaciopenyes.cat\/en\/wp-json\/wp\/v2\/posts\/23430\/revisions\/23431"}],"wp:featuredmedia":[{"embeddable":true,"href":"https:\/\/confederaciopenyes.cat\/en\/wp-json\/wp\/v2\/media\/19728"}],"wp:attachment":[{"href":"https:\/\/confederaciopenyes.cat\/en\/wp-json\/wp\/v2\/media?parent=23430"}],"wp:term":[{"taxonomy":"category","embeddable":true,"href":"https:\/\/confederaciopenyes.cat\/en\/wp-json\/wp\/v2\/categories?post=23430"},{"taxonomy":"post_tag","embeddable":true,"href":"https:\/\/confederaciopenyes.cat\/en\/wp-json\/wp\/v2\/tags?post=23430"}],"curies":[{"name":"wp","href":"https:\/\/api.w.org\/{rel}","templated":true}]}}