{"id":26118,"date":"2024-10-09T10:55:05","date_gmt":"2024-10-09T08:55:05","guid":{"rendered":"https:\/\/confederaciopenyes.cat\/cuellar-was-dyed-in-blaugrana-for-the-25th-anniversary-of-the-pb-cuellarana\/"},"modified":"2024-10-09T11:18:40","modified_gmt":"2024-10-09T09:18:40","slug":"cuellar-was-dyed-in-blaugrana-for-the-25th-anniversary-of-the-pb-cuellarana","status":"publish","type":"post","link":"https:\/\/confederaciopenyes.cat\/en\/cuellar-was-dyed-in-blaugrana-for-the-25th-anniversary-of-the-pb-cuellarana\/","title":{"rendered":"Cu\u00e9llar was dyed in blaugrana for the 25th anniversary of the PB Cuellarana"},"content":{"rendered":"\n<p>The <strong>Pe\u00f1a Barcelonista Cuellarana \u201cNicol\u00e1s Casaus\u201d<\/strong> celebrated its <strong>25th anniversary<\/strong> last Saturday with a big event in<strong> Cu\u00e9llar<\/strong> (Segovia), the town where the supporters\u2019 club was born in 1999. The events began at the Town Hall, where the mayor <strong>Carlos Fraile <\/strong>and the sports councilor <strong>Jon\u00e1s G\u00f3mez<\/strong> received the blaugrana retinue. Also present were <strong>Josep Ignasi Maci\u00e0<\/strong>, board member of the Social Area of FC Barcelona; <strong>Nicol\u00e1s P\u00e9rez<\/strong>, president of the Federaci\u00f3n de Pe\u00f1as de Castilla y Le\u00f3n; <strong>Enrique Magdaleno<\/strong>, president of the PB Cuellarana; and former FC Barcelona players<strong> Eusebio Sacrist\u00e1n <\/strong>and <strong>Juan Carlos Rodr\u00edguez<\/strong>. All of them underlined the role of the local penya as an a<strong>mbassador of the blaugrana passion in Cu\u00e9llar<\/strong>.   <\/p>\n\n<p>Then, the 25th anniversary of the PB Cuellarana lived its climax with a great<strong> <\/strong><strong>blaugrana party<\/strong> that was attended by <strong>a large number of supporters, members and FC Barcelona fans<\/strong> from the town and surrounding area. During the event, in which <strong>the Confederaci\u00f3 Mundial de Penyes collaborated<\/strong>, there was the traditional exchange of gifts between the entities present, and there was also a raffle of Bar\u00e7a gifts among all the attendees. There was a <strong>great blaugrana atmosphere<\/strong> and the strength of the supporters\u2019 clubs in Castilla y Le\u00f3n was demonstrated.  <\/p>\n\n<h6 class=\"wp-block-heading\" id=\"h-assemblea-de-la-federacion-de-castilla-i-leon\"><strong>Assembly of the Federaci\u00f3n de Castilla y Le\u00f3n<\/strong><\/h6>\n\n<p>Before the actual events to celebrate the 25th anniversary of the PB Cuellarana, the Federaci\u00f3n de Pe\u00f1as Barcelonistas de Castilla y Le\u00f3n took the opportunity to<strong> hold an assembly<\/strong>. It was led by the president of the federation,<strong> Nicol\u00e1s P\u00e9rez<\/strong>, and <strong>10 penyes from this territory were represented<\/strong>. During the assembly, the current situation of the organization was reviewed and the future of the penyes movement was also discussed. Likewise, a date was set for the n<strong>ext two Meetings of Penyes of Castilla y Le\u00f3n<\/strong>, which will take place during the coming year 2025: t<strong>he 19th will be held on January 11<\/strong>, while the<strong> 20th is scheduled for May 3<\/strong>.   <\/p>\n\n<figure class=\"wp-block-gallery has-nested-images columns-default is-cropped wp-block-gallery-1 is-layout-flex wp-block-gallery-is-layout-flex\">\n<figure class=\"wp-block-image size-large\"><a href=\"https:\/\/confederaciopenyes.cat\/wp-content\/uploads\/2024\/10\/3c8cdd78-439a-4fc9-8740-af4f74ae5ea7-1.jpg\"><img decoding=\"async\" width=\"1024\" height=\"768\" data-id=\"26107\" data-src=\"https:\/\/confederaciopenyes.cat\/wp-content\/uploads\/2024\/10\/3c8cdd78-439a-4fc9-8740-af4f74ae5ea7-1-1024x768.jpg\" alt=\"\" class=\"wp-image-26107 lazyload\" data-srcset=\"https:\/\/confederaciopenyes.cat\/wp-content\/uploads\/2024\/10\/3c8cdd78-439a-4fc9-8740-af4f74ae5ea7-1-1024x768.jpg 1024w, https:\/\/confederaciopenyes.cat\/wp-content\/uploads\/2024\/10\/3c8cdd78-439a-4fc9-8740-af4f74ae5ea7-1-300x225.jpg 300w, https:\/\/confederaciopenyes.cat\/wp-content\/uploads\/2024\/10\/3c8cdd78-439a-4fc9-8740-af4f74ae5ea7-1-768x576.jpg 768w, https:\/\/confederaciopenyes.cat\/wp-content\/uploads\/2024\/10\/3c8cdd78-439a-4fc9-8740-af4f74ae5ea7-1-1536x1152.jpg 1536w, https:\/\/confederaciopenyes.cat\/wp-content\/uploads\/2024\/10\/3c8cdd78-439a-4fc9-8740-af4f74ae5ea7-1.jpg 1600w\" data-sizes=\"(max-width: 1024px) 100vw, 1024px\" src=\"data:image\/svg+xml;base64,PHN2ZyB3aWR0aD0iMSIgaGVpZ2h0PSIxIiB4bWxucz0iaHR0cDovL3d3dy53My5vcmcvMjAwMC9zdmciPjwvc3ZnPg==\" style=\"--smush-placeholder-width: 1024px; --smush-placeholder-aspect-ratio: 1024\/768;\" \/><\/a><\/figure>\n\n\n\n<figure class=\"wp-block-image size-large\"><a href=\"https:\/\/confederaciopenyes.cat\/wp-content\/uploads\/2024\/10\/Imagen-de-WhatsApp-2024-10-08-a-las-09.36.53_41a638a8.jpg\"><img decoding=\"async\" width=\"1024\" height=\"768\" data-id=\"26106\" data-src=\"https:\/\/confederaciopenyes.cat\/wp-content\/uploads\/2024\/10\/Imagen-de-WhatsApp-2024-10-08-a-las-09.36.53_41a638a8-1024x768.jpg\" alt=\"\" class=\"wp-image-26106 lazyload\" data-srcset=\"https:\/\/confederaciopenyes.cat\/wp-content\/uploads\/2024\/10\/Imagen-de-WhatsApp-2024-10-08-a-las-09.36.53_41a638a8-1024x768.jpg 1024w, https:\/\/confederaciopenyes.cat\/wp-content\/uploads\/2024\/10\/Imagen-de-WhatsApp-2024-10-08-a-las-09.36.53_41a638a8-300x225.jpg 300w, https:\/\/confederaciopenyes.cat\/wp-content\/uploads\/2024\/10\/Imagen-de-WhatsApp-2024-10-08-a-las-09.36.53_41a638a8-768x576.jpg 768w, https:\/\/confederaciopenyes.cat\/wp-content\/uploads\/2024\/10\/Imagen-de-WhatsApp-2024-10-08-a-las-09.36.53_41a638a8-1536x1152.jpg 1536w, https:\/\/confederaciopenyes.cat\/wp-content\/uploads\/2024\/10\/Imagen-de-WhatsApp-2024-10-08-a-las-09.36.53_41a638a8.jpg 1600w\" data-sizes=\"(max-width: 1024px) 100vw, 1024px\" src=\"data:image\/svg+xml;base64,PHN2ZyB3aWR0aD0iMSIgaGVpZ2h0PSIxIiB4bWxucz0iaHR0cDovL3d3dy53My5vcmcvMjAwMC9zdmciPjwvc3ZnPg==\" style=\"--smush-placeholder-width: 1024px; --smush-placeholder-aspect-ratio: 1024\/768;\" \/><\/a><\/figure>\n<\/figure>\n","protected":false},"excerpt":{"rendered":"<p>The Pe\u00f1a Barcelonista Cuellarana \u201cNicol\u00e1s Casaus\u201d celebrated its 25th anniversary last Saturday with a big event in Cu\u00e9llar (Segovia), the town where the supporters\u2019 club was born in 1999. The events began at the Town Hall, where the mayor Carlos Fraile and the sports councilor Jon\u00e1s G\u00f3mez received the blaugrana retinue. Also present were Josep &#8230; <a title=\"Cu\u00e9llar was dyed in blaugrana for the 25th anniversary of the PB Cuellarana\" class=\"read-more\" href=\"https:\/\/confederaciopenyes.cat\/en\/cuellar-was-dyed-in-blaugrana-for-the-25th-anniversary-of-the-pb-cuellarana\/\" aria-label=\"Read more about Cu\u00e9llar was dyed in blaugrana for the 25th anniversary of the PB Cuellarana\">Read more<\/a><\/p>\n","protected":false},"author":4,"featured_media":26104,"comment_status":"closed","ping_status":"open","sticky":false,"template":"","format":"standard","meta":{"_acf_changed":false,"footnotes":""},"categories":[78],"tags":[2999,2562,3169,2560,3170,2561],"class_list":["post-26118","post","type-post","status-publish","format-standard","has-post-thumbnail","hentry","category-news-en","tag-25th-anniversary-en","tag-confederacio-mundial-de-penyes-en-2","tag-federacion-castilla-y-leon-en","tag-news-en","tag-pb-cuellarana-en","tag-penyes-en"],"acf":[],"yoast_head":"<!-- This site is optimized with the Yoast SEO Premium plugin v27.5 (Yoast SEO v27.5) - https:\/\/yoast.com\/product\/yoast-seo-premium-wordpress\/ -->\n<title>25th anniversary of the PB Cuellarana - Confederaci\u00f3 M. Penyes<\/title>\n<meta name=\"description\" content=\"Cu\u00e9llar was in blaugrana for the 25th anniversary of the PB Cuellarana, which included a meeting of the Fed. Castilla y Le\u00f3n.\" \/>\n<meta name=\"robots\" content=\"index, follow, max-snippet:-1, max-image-preview:large, max-video-preview:-1\" \/>\n<link rel=\"canonical\" href=\"https:\/\/confederaciopenyes.cat\/en\/cuellar-was-dyed-in-blaugrana-for-the-25th-anniversary-of-the-pb-cuellarana\/\" \/>\n<meta property=\"og:locale\" content=\"en_US\" \/>\n<meta property=\"og:type\" content=\"article\" \/>\n<meta property=\"og:title\" content=\"Cu\u00e9llar was dyed in blaugrana for the 25th anniversary of the PB Cuellarana\" \/>\n<meta property=\"og:description\" content=\"Cu\u00e9llar was in blaugrana for the 25th anniversary of the PB Cuellarana, which included a meeting of the Fed. Castilla y Le\u00f3n.\" \/>\n<meta property=\"og:url\" content=\"https:\/\/confederaciopenyes.cat\/en\/cuellar-was-dyed-in-blaugrana-for-the-25th-anniversary-of-the-pb-cuellarana\/\" \/>\n<meta property=\"og:site_name\" content=\"Confederaci\u00f3 Mundial de Penyes del FC Barcelona\" \/>\n<meta property=\"article:publisher\" content=\"https:\/\/www.facebook.com\/ConfederacioMundialPenyesFCB\" \/>\n<meta property=\"article:published_time\" content=\"2024-10-09T08:55:05+00:00\" \/>\n<meta property=\"article:modified_time\" content=\"2024-10-09T09:18:40+00:00\" \/>\n<meta property=\"og:image\" content=\"https:\/\/confederaciopenyes.cat\/wp-content\/uploads\/2024\/10\/Imagen-de-WhatsApp-2024-10-08-a-las-09.36.54_33ac1fc2.jpg\" \/>\n\t<meta property=\"og:image:width\" content=\"1912\" \/>\n\t<meta property=\"og:image:height\" content=\"873\" \/>\n\t<meta property=\"og:image:type\" content=\"image\/jpeg\" \/>\n<meta name=\"author\" content=\"Confederaci\u00f3 Mundial de Penyes del FC Barcelona\" \/>\n<meta name=\"twitter:card\" content=\"summary_large_image\" \/>\n<meta name=\"twitter:creator\" content=\"@ConfePenyesFCB\" \/>\n<meta name=\"twitter:site\" content=\"@ConfePenyesFCB\" \/>\n<meta name=\"twitter:label1\" content=\"Written by\" \/>\n\t<meta name=\"twitter:data1\" content=\"Confederaci\u00f3 Mundial de Penyes del FC Barcelona\" \/>\n\t<meta name=\"twitter:label2\" content=\"Est. reading time\" \/>\n\t<meta name=\"twitter:data2\" content=\"3 minutes\" \/>\n<script type=\"application\/ld+json\" class=\"yoast-schema-graph\">{\"@context\":\"https:\\\/\\\/schema.org\",\"@graph\":[{\"@type\":\"Article\",\"@id\":\"https:\\\/\\\/confederaciopenyes.cat\\\/en\\\/cuellar-was-dyed-in-blaugrana-for-the-25th-anniversary-of-the-pb-cuellarana\\\/#article\",\"isPartOf\":{\"@id\":\"https:\\\/\\\/confederaciopenyes.cat\\\/en\\\/cuellar-was-dyed-in-blaugrana-for-the-25th-anniversary-of-the-pb-cuellarana\\\/\"},\"author\":{\"name\":\"Confederaci\u00f3 Mundial de Penyes del FC Barcelona\",\"@id\":\"https:\\\/\\\/confederaciopenyes.cat\\\/en\\\/#\\\/schema\\\/person\\\/337072f6daef87a85aa59aa1f134387c\"},\"headline\":\"Cu\u00e9llar was dyed in blaugrana for the 25th anniversary of the PB Cuellarana\",\"datePublished\":\"2024-10-09T08:55:05+00:00\",\"dateModified\":\"2024-10-09T09:18:40+00:00\",\"mainEntityOfPage\":{\"@id\":\"https:\\\/\\\/confederaciopenyes.cat\\\/en\\\/cuellar-was-dyed-in-blaugrana-for-the-25th-anniversary-of-the-pb-cuellarana\\\/\"},\"wordCount\":355,\"publisher\":{\"@id\":\"https:\\\/\\\/confederaciopenyes.cat\\\/en\\\/#organization\"},\"image\":{\"@id\":\"https:\\\/\\\/confederaciopenyes.cat\\\/en\\\/cuellar-was-dyed-in-blaugrana-for-the-25th-anniversary-of-the-pb-cuellarana\\\/#primaryimage\"},\"thumbnailUrl\":\"https:\\\/\\\/confederaciopenyes.cat\\\/wp-content\\\/uploads\\\/2024\\\/10\\\/Imagen-de-WhatsApp-2024-10-08-a-las-09.36.54_33ac1fc2.jpg\",\"keywords\":[\"25th anniversary\",\"confederaci\u00f3 mundial de penyes\",\"Federaci\u00f3n Castilla y Le\u00f3n\",\"news\",\"PB Cuellarana\",\"penyes\"],\"articleSection\":[\"News\"],\"inLanguage\":\"en-US\"},{\"@type\":\"WebPage\",\"@id\":\"https:\\\/\\\/confederaciopenyes.cat\\\/en\\\/cuellar-was-dyed-in-blaugrana-for-the-25th-anniversary-of-the-pb-cuellarana\\\/\",\"url\":\"https:\\\/\\\/confederaciopenyes.cat\\\/en\\\/cuellar-was-dyed-in-blaugrana-for-the-25th-anniversary-of-the-pb-cuellarana\\\/\",\"name\":\"25th anniversary of the PB Cuellarana - Confederaci\u00f3 M. Penyes\",\"isPartOf\":{\"@id\":\"https:\\\/\\\/confederaciopenyes.cat\\\/en\\\/#website\"},\"primaryImageOfPage\":{\"@id\":\"https:\\\/\\\/confederaciopenyes.cat\\\/en\\\/cuellar-was-dyed-in-blaugrana-for-the-25th-anniversary-of-the-pb-cuellarana\\\/#primaryimage\"},\"image\":{\"@id\":\"https:\\\/\\\/confederaciopenyes.cat\\\/en\\\/cuellar-was-dyed-in-blaugrana-for-the-25th-anniversary-of-the-pb-cuellarana\\\/#primaryimage\"},\"thumbnailUrl\":\"https:\\\/\\\/confederaciopenyes.cat\\\/wp-content\\\/uploads\\\/2024\\\/10\\\/Imagen-de-WhatsApp-2024-10-08-a-las-09.36.54_33ac1fc2.jpg\",\"datePublished\":\"2024-10-09T08:55:05+00:00\",\"dateModified\":\"2024-10-09T09:18:40+00:00\",\"description\":\"Cu\u00e9llar was in blaugrana for the 25th anniversary of the PB Cuellarana, which included a meeting of the Fed. Castilla y Le\u00f3n.\",\"breadcrumb\":{\"@id\":\"https:\\\/\\\/confederaciopenyes.cat\\\/en\\\/cuellar-was-dyed-in-blaugrana-for-the-25th-anniversary-of-the-pb-cuellarana\\\/#breadcrumb\"},\"inLanguage\":\"en-US\",\"potentialAction\":[{\"@type\":\"ReadAction\",\"target\":[\"https:\\\/\\\/confederaciopenyes.cat\\\/en\\\/cuellar-was-dyed-in-blaugrana-for-the-25th-anniversary-of-the-pb-cuellarana\\\/\"]}]},{\"@type\":\"ImageObject\",\"inLanguage\":\"en-US\",\"@id\":\"https:\\\/\\\/confederaciopenyes.cat\\\/en\\\/cuellar-was-dyed-in-blaugrana-for-the-25th-anniversary-of-the-pb-cuellarana\\\/#primaryimage\",\"url\":\"https:\\\/\\\/confederaciopenyes.cat\\\/wp-content\\\/uploads\\\/2024\\\/10\\\/Imagen-de-WhatsApp-2024-10-08-a-las-09.36.54_33ac1fc2.jpg\",\"contentUrl\":\"https:\\\/\\\/confederaciopenyes.cat\\\/wp-content\\\/uploads\\\/2024\\\/10\\\/Imagen-de-WhatsApp-2024-10-08-a-las-09.36.54_33ac1fc2.jpg\",\"width\":1912,\"height\":873},{\"@type\":\"BreadcrumbList\",\"@id\":\"https:\\\/\\\/confederaciopenyes.cat\\\/en\\\/cuellar-was-dyed-in-blaugrana-for-the-25th-anniversary-of-the-pb-cuellarana\\\/#breadcrumb\",\"itemListElement\":[{\"@type\":\"ListItem\",\"position\":1,\"name\":\"Inici\",\"item\":\"https:\\\/\\\/confederaciopenyes.cat\\\/en\\\/\"},{\"@type\":\"ListItem\",\"position\":2,\"name\":\"Cu\u00e9llar was dyed in blaugrana for the 25th anniversary of the PB Cuellarana\"}]},{\"@type\":\"WebSite\",\"@id\":\"https:\\\/\\\/confederaciopenyes.cat\\\/en\\\/#website\",\"url\":\"https:\\\/\\\/confederaciopenyes.cat\\\/en\\\/\",\"name\":\"Confederaci\u00f3 Mundial de Penyes del FC Barcelona\",\"description\":\"C.M. Penyes FC Barcelona\",\"publisher\":{\"@id\":\"https:\\\/\\\/confederaciopenyes.cat\\\/en\\\/#organization\"},\"potentialAction\":[{\"@type\":\"SearchAction\",\"target\":{\"@type\":\"EntryPoint\",\"urlTemplate\":\"https:\\\/\\\/confederaciopenyes.cat\\\/en\\\/?s={search_term_string}\"},\"query-input\":{\"@type\":\"PropertyValueSpecification\",\"valueRequired\":true,\"valueName\":\"search_term_string\"}}],\"inLanguage\":\"en-US\"},{\"@type\":\"Organization\",\"@id\":\"https:\\\/\\\/confederaciopenyes.cat\\\/en\\\/#organization\",\"name\":\"Confederaci\u00f3 Mundial de Penyes del FC Barcelona\",\"url\":\"https:\\\/\\\/confederaciopenyes.cat\\\/en\\\/\",\"logo\":{\"@type\":\"ImageObject\",\"inLanguage\":\"en-US\",\"@id\":\"https:\\\/\\\/confederaciopenyes.cat\\\/en\\\/#\\\/schema\\\/logo\\\/image\\\/\",\"url\":\"https:\\\/\\\/confederaciopenyes.cat\\\/wp-content\\\/uploads\\\/2022\\\/07\\\/cropped-logo_horizontal.png\",\"contentUrl\":\"https:\\\/\\\/confederaciopenyes.cat\\\/wp-content\\\/uploads\\\/2022\\\/07\\\/cropped-logo_horizontal.png\",\"width\":1320,\"height\":309,\"caption\":\"Confederaci\u00f3 Mundial de Penyes del FC Barcelona\"},\"image\":{\"@id\":\"https:\\\/\\\/confederaciopenyes.cat\\\/en\\\/#\\\/schema\\\/logo\\\/image\\\/\"},\"sameAs\":[\"https:\\\/\\\/www.facebook.com\\\/ConfederacioMundialPenyesFCB\",\"https:\\\/\\\/x.com\\\/ConfePenyesFCB\",\"https:\\\/\\\/www.instagram.com\\\/confepenyesfcb\\\/\"]},{\"@type\":\"Person\",\"@id\":\"https:\\\/\\\/confederaciopenyes.cat\\\/en\\\/#\\\/schema\\\/person\\\/337072f6daef87a85aa59aa1f134387c\",\"name\":\"Confederaci\u00f3 Mundial de Penyes del FC Barcelona\",\"image\":{\"@type\":\"ImageObject\",\"inLanguage\":\"en-US\",\"@id\":\"https:\\\/\\\/secure.gravatar.com\\\/avatar\\\/98c60c7405ff843b10aec55db652bd3f5cb4320ef331ae76c156819a62194328?s=96&d=mm&r=g\",\"url\":\"https:\\\/\\\/secure.gravatar.com\\\/avatar\\\/98c60c7405ff843b10aec55db652bd3f5cb4320ef331ae76c156819a62194328?s=96&d=mm&r=g\",\"contentUrl\":\"https:\\\/\\\/secure.gravatar.com\\\/avatar\\\/98c60c7405ff843b10aec55db652bd3f5cb4320ef331ae76c156819a62194328?s=96&d=mm&r=g\",\"caption\":\"Confederaci\u00f3 Mundial de Penyes del FC Barcelona\"},\"url\":\"https:\\\/\\\/confederaciopenyes.cat\\\/en\\\/author\\\/comunicacioconfederaciopenyes-cat\\\/\"}]}<\/script>\n<!-- \/ Yoast SEO Premium plugin. -->","yoast_head_json":{"title":"25th anniversary of the PB Cuellarana - Confederaci\u00f3 M. Penyes","description":"Cu\u00e9llar was in blaugrana for the 25th anniversary of the PB Cuellarana, which included a meeting of the Fed. Castilla y Le\u00f3n.","robots":{"index":"index","follow":"follow","max-snippet":"max-snippet:-1","max-image-preview":"max-image-preview:large","max-video-preview":"max-video-preview:-1"},"canonical":"https:\/\/confederaciopenyes.cat\/en\/cuellar-was-dyed-in-blaugrana-for-the-25th-anniversary-of-the-pb-cuellarana\/","og_locale":"en_US","og_type":"article","og_title":"Cu\u00e9llar was dyed in blaugrana for the 25th anniversary of the PB Cuellarana","og_description":"Cu\u00e9llar was in blaugrana for the 25th anniversary of the PB Cuellarana, which included a meeting of the Fed. Castilla y Le\u00f3n.","og_url":"https:\/\/confederaciopenyes.cat\/en\/cuellar-was-dyed-in-blaugrana-for-the-25th-anniversary-of-the-pb-cuellarana\/","og_site_name":"Confederaci\u00f3 Mundial de Penyes del FC Barcelona","article_publisher":"https:\/\/www.facebook.com\/ConfederacioMundialPenyesFCB","article_published_time":"2024-10-09T08:55:05+00:00","article_modified_time":"2024-10-09T09:18:40+00:00","og_image":[{"width":1912,"height":873,"url":"https:\/\/confederaciopenyes.cat\/wp-content\/uploads\/2024\/10\/Imagen-de-WhatsApp-2024-10-08-a-las-09.36.54_33ac1fc2.jpg","type":"image\/jpeg"}],"author":"Confederaci\u00f3 Mundial de Penyes del FC Barcelona","twitter_card":"summary_large_image","twitter_creator":"@ConfePenyesFCB","twitter_site":"@ConfePenyesFCB","twitter_misc":{"Written by":"Confederaci\u00f3 Mundial de Penyes del FC Barcelona","Est. reading time":"3 minutes"},"schema":{"@context":"https:\/\/schema.org","@graph":[{"@type":"Article","@id":"https:\/\/confederaciopenyes.cat\/en\/cuellar-was-dyed-in-blaugrana-for-the-25th-anniversary-of-the-pb-cuellarana\/#article","isPartOf":{"@id":"https:\/\/confederaciopenyes.cat\/en\/cuellar-was-dyed-in-blaugrana-for-the-25th-anniversary-of-the-pb-cuellarana\/"},"author":{"name":"Confederaci\u00f3 Mundial de Penyes del FC Barcelona","@id":"https:\/\/confederaciopenyes.cat\/en\/#\/schema\/person\/337072f6daef87a85aa59aa1f134387c"},"headline":"Cu\u00e9llar was dyed in blaugrana for the 25th anniversary of the PB Cuellarana","datePublished":"2024-10-09T08:55:05+00:00","dateModified":"2024-10-09T09:18:40+00:00","mainEntityOfPage":{"@id":"https:\/\/confederaciopenyes.cat\/en\/cuellar-was-dyed-in-blaugrana-for-the-25th-anniversary-of-the-pb-cuellarana\/"},"wordCount":355,"publisher":{"@id":"https:\/\/confederaciopenyes.cat\/en\/#organization"},"image":{"@id":"https:\/\/confederaciopenyes.cat\/en\/cuellar-was-dyed-in-blaugrana-for-the-25th-anniversary-of-the-pb-cuellarana\/#primaryimage"},"thumbnailUrl":"https:\/\/confederaciopenyes.cat\/wp-content\/uploads\/2024\/10\/Imagen-de-WhatsApp-2024-10-08-a-las-09.36.54_33ac1fc2.jpg","keywords":["25th anniversary","confederaci\u00f3 mundial de penyes","Federaci\u00f3n Castilla y Le\u00f3n","news","PB Cuellarana","penyes"],"articleSection":["News"],"inLanguage":"en-US"},{"@type":"WebPage","@id":"https:\/\/confederaciopenyes.cat\/en\/cuellar-was-dyed-in-blaugrana-for-the-25th-anniversary-of-the-pb-cuellarana\/","url":"https:\/\/confederaciopenyes.cat\/en\/cuellar-was-dyed-in-blaugrana-for-the-25th-anniversary-of-the-pb-cuellarana\/","name":"25th anniversary of the PB Cuellarana - Confederaci\u00f3 M. Penyes","isPartOf":{"@id":"https:\/\/confederaciopenyes.cat\/en\/#website"},"primaryImageOfPage":{"@id":"https:\/\/confederaciopenyes.cat\/en\/cuellar-was-dyed-in-blaugrana-for-the-25th-anniversary-of-the-pb-cuellarana\/#primaryimage"},"image":{"@id":"https:\/\/confederaciopenyes.cat\/en\/cuellar-was-dyed-in-blaugrana-for-the-25th-anniversary-of-the-pb-cuellarana\/#primaryimage"},"thumbnailUrl":"https:\/\/confederaciopenyes.cat\/wp-content\/uploads\/2024\/10\/Imagen-de-WhatsApp-2024-10-08-a-las-09.36.54_33ac1fc2.jpg","datePublished":"2024-10-09T08:55:05+00:00","dateModified":"2024-10-09T09:18:40+00:00","description":"Cu\u00e9llar was in blaugrana for the 25th anniversary of the PB Cuellarana, which included a meeting of the Fed. Castilla y Le\u00f3n.","breadcrumb":{"@id":"https:\/\/confederaciopenyes.cat\/en\/cuellar-was-dyed-in-blaugrana-for-the-25th-anniversary-of-the-pb-cuellarana\/#breadcrumb"},"inLanguage":"en-US","potentialAction":[{"@type":"ReadAction","target":["https:\/\/confederaciopenyes.cat\/en\/cuellar-was-dyed-in-blaugrana-for-the-25th-anniversary-of-the-pb-cuellarana\/"]}]},{"@type":"ImageObject","inLanguage":"en-US","@id":"https:\/\/confederaciopenyes.cat\/en\/cuellar-was-dyed-in-blaugrana-for-the-25th-anniversary-of-the-pb-cuellarana\/#primaryimage","url":"https:\/\/confederaciopenyes.cat\/wp-content\/uploads\/2024\/10\/Imagen-de-WhatsApp-2024-10-08-a-las-09.36.54_33ac1fc2.jpg","contentUrl":"https:\/\/confederaciopenyes.cat\/wp-content\/uploads\/2024\/10\/Imagen-de-WhatsApp-2024-10-08-a-las-09.36.54_33ac1fc2.jpg","width":1912,"height":873},{"@type":"BreadcrumbList","@id":"https:\/\/confederaciopenyes.cat\/en\/cuellar-was-dyed-in-blaugrana-for-the-25th-anniversary-of-the-pb-cuellarana\/#breadcrumb","itemListElement":[{"@type":"ListItem","position":1,"name":"Inici","item":"https:\/\/confederaciopenyes.cat\/en\/"},{"@type":"ListItem","position":2,"name":"Cu\u00e9llar was dyed in blaugrana for the 25th anniversary of the PB Cuellarana"}]},{"@type":"WebSite","@id":"https:\/\/confederaciopenyes.cat\/en\/#website","url":"https:\/\/confederaciopenyes.cat\/en\/","name":"Confederaci\u00f3 Mundial de Penyes del FC Barcelona","description":"C.M. Penyes FC Barcelona","publisher":{"@id":"https:\/\/confederaciopenyes.cat\/en\/#organization"},"potentialAction":[{"@type":"SearchAction","target":{"@type":"EntryPoint","urlTemplate":"https:\/\/confederaciopenyes.cat\/en\/?s={search_term_string}"},"query-input":{"@type":"PropertyValueSpecification","valueRequired":true,"valueName":"search_term_string"}}],"inLanguage":"en-US"},{"@type":"Organization","@id":"https:\/\/confederaciopenyes.cat\/en\/#organization","name":"Confederaci\u00f3 Mundial de Penyes del FC Barcelona","url":"https:\/\/confederaciopenyes.cat\/en\/","logo":{"@type":"ImageObject","inLanguage":"en-US","@id":"https:\/\/confederaciopenyes.cat\/en\/#\/schema\/logo\/image\/","url":"https:\/\/confederaciopenyes.cat\/wp-content\/uploads\/2022\/07\/cropped-logo_horizontal.png","contentUrl":"https:\/\/confederaciopenyes.cat\/wp-content\/uploads\/2022\/07\/cropped-logo_horizontal.png","width":1320,"height":309,"caption":"Confederaci\u00f3 Mundial de Penyes del FC Barcelona"},"image":{"@id":"https:\/\/confederaciopenyes.cat\/en\/#\/schema\/logo\/image\/"},"sameAs":["https:\/\/www.facebook.com\/ConfederacioMundialPenyesFCB","https:\/\/x.com\/ConfePenyesFCB","https:\/\/www.instagram.com\/confepenyesfcb\/"]},{"@type":"Person","@id":"https:\/\/confederaciopenyes.cat\/en\/#\/schema\/person\/337072f6daef87a85aa59aa1f134387c","name":"Confederaci\u00f3 Mundial de Penyes del FC Barcelona","image":{"@type":"ImageObject","inLanguage":"en-US","@id":"https:\/\/secure.gravatar.com\/avatar\/98c60c7405ff843b10aec55db652bd3f5cb4320ef331ae76c156819a62194328?s=96&d=mm&r=g","url":"https:\/\/secure.gravatar.com\/avatar\/98c60c7405ff843b10aec55db652bd3f5cb4320ef331ae76c156819a62194328?s=96&d=mm&r=g","contentUrl":"https:\/\/secure.gravatar.com\/avatar\/98c60c7405ff843b10aec55db652bd3f5cb4320ef331ae76c156819a62194328?s=96&d=mm&r=g","caption":"Confederaci\u00f3 Mundial de Penyes del FC Barcelona"},"url":"https:\/\/confederaciopenyes.cat\/en\/author\/comunicacioconfederaciopenyes-cat\/"}]}},"_links":{"self":[{"href":"https:\/\/confederaciopenyes.cat\/en\/wp-json\/wp\/v2\/posts\/26118","targetHints":{"allow":["GET"]}}],"collection":[{"href":"https:\/\/confederaciopenyes.cat\/en\/wp-json\/wp\/v2\/posts"}],"about":[{"href":"https:\/\/confederaciopenyes.cat\/en\/wp-json\/wp\/v2\/types\/post"}],"author":[{"embeddable":true,"href":"https:\/\/confederaciopenyes.cat\/en\/wp-json\/wp\/v2\/users\/4"}],"replies":[{"embeddable":true,"href":"https:\/\/confederaciopenyes.cat\/en\/wp-json\/wp\/v2\/comments?post=26118"}],"version-history":[{"count":2,"href":"https:\/\/confederaciopenyes.cat\/en\/wp-json\/wp\/v2\/posts\/26118\/revisions"}],"predecessor-version":[{"id":26120,"href":"https:\/\/confederaciopenyes.cat\/en\/wp-json\/wp\/v2\/posts\/26118\/revisions\/26120"}],"wp:featuredmedia":[{"embeddable":true,"href":"https:\/\/confederaciopenyes.cat\/en\/wp-json\/wp\/v2\/media\/26104"}],"wp:attachment":[{"href":"https:\/\/confederaciopenyes.cat\/en\/wp-json\/wp\/v2\/media?parent=26118"}],"wp:term":[{"taxonomy":"category","embeddable":true,"href":"https:\/\/confederaciopenyes.cat\/en\/wp-json\/wp\/v2\/categories?post=26118"},{"taxonomy":"post_tag","embeddable":true,"href":"https:\/\/confederaciopenyes.cat\/en\/wp-json\/wp\/v2\/tags?post=26118"}],"curies":[{"name":"wp","href":"https:\/\/api.w.org\/{rel}","templated":true}]}}