{"id":26302,"date":"2024-10-16T14:55:50","date_gmt":"2024-10-16T12:55:50","guid":{"rendered":"https:\/\/confederaciopenyes.cat\/?p=26302"},"modified":"2024-10-16T15:00:22","modified_gmt":"2024-10-16T13:00:22","slug":"pb-arbucies-gathers-200-culers-to-celebrate-its-50th-anniversary","status":"publish","type":"post","link":"https:\/\/confederaciopenyes.cat\/en\/pb-arbucies-gathers-200-culers-to-celebrate-its-50th-anniversary\/","title":{"rendered":"PB Arb\u00facies gathers 200 culers to celebrate its 50th anniversary"},"content":{"rendered":"\n<p>Reaching half a century of history is a milestone for any penya barcelonista and deserves a special celebration. This was evidenced by the<strong><a href=\"https:\/\/www.instagram.com\/penyabarcelonistaarbucies\/\" target=\"_blank\" rel=\"noreferrer noopener\"> Penya Barcelonista d&#8217;Arb\u00facies<\/a><\/strong> (Federaci\u00f3 Giron\u00e8s, Selva, Garrotxa i Pla de l&#8217;Estany), which last Sunday commemorated in style its <strong>50th anniversary <\/strong>with <strong>several events in their town<\/strong>. A total of<strong> 200 people<\/strong> attended, including <strong>Antoni Guil<\/strong>, president of the Confederaci\u00f3 Mundial de Penyes; <strong>Antonio Escudero<\/strong>, vice president of the Social Area of FC Barcelona; <strong>Joaquim Vall-Llosera<\/strong>, president of the PB Arb\u00facies and also of the Federaci\u00f3 de Penyes del Giron\u00e8s, Selva, Garrotxa i Pla de l&#8217;Estany; and <strong>Juan Manuel Asensi<\/strong>, president of the Agrupaci\u00f3 Bar\u00e7a Jugadors.  <\/p>\n\n<p>Also participating in the celebration were<strong> Antoni Valverde<\/strong>, president of the Federaci\u00f3 de Penyes Bages, Bergued\u00e0 i Cerdanya, and<strong> David Falg\u00e0s<\/strong>, president of the Federaci\u00f3 de Penyes Empord\u00e0 i Catalunya Nord. In addition, members of <strong>about 20 penyes<\/strong> who wanted to accompany the PB Arb\u00facies on this special day were also present. <\/p>\n\n<h6 class=\"wp-block-heading\" id=\"h-jornada-festiva-i-emotiva\"><strong>Festive and emotional day<\/strong><\/h6>\n\n<p>The day began at the Ethnological Museum of Montseny-La Gabella, where a <strong>photographic exhibition that reviews the 50 years of the PB Arb\u00facies<\/strong> was inaugurated; it will be available until October 31. Afterwards, there was a<strong> blaugrana parade to the headquarters of the penya<\/strong>, where a <strong>commemorative plaque <\/strong>was unveiled and where the mayor of Arb\u00facies, <strong>Pere Garriga<\/strong>, received the blaugrana entourage. All those present signed the book of honor of the Town Hall and exchanged gifts. The day culminated with the final party of this 50th anniversary of the PB Arb\u00facies, in which emotional moments were experienced as a <strong>tribute to the first member of the penya, as well as its former presidents<\/strong>.   <\/p>\n\n<figure class=\"wp-block-gallery has-nested-images columns-default is-cropped wp-block-gallery-1 is-layout-flex wp-block-gallery-is-layout-flex\">\n<figure class=\"wp-block-image size-large\"><a href=\"https:\/\/confederaciopenyes.cat\/wp-content\/uploads\/2024\/10\/DSCF8105.R-scaled.jpg\"><img decoding=\"async\" width=\"1024\" height=\"743\" data-id=\"26282\" data-src=\"https:\/\/confederaciopenyes.cat\/wp-content\/uploads\/2024\/10\/DSCF8105.R-1024x743.jpg\" alt=\"\" class=\"wp-image-26282 lazyload\" data-srcset=\"https:\/\/confederaciopenyes.cat\/wp-content\/uploads\/2024\/10\/DSCF8105.R-1024x743.jpg 1024w, https:\/\/confederaciopenyes.cat\/wp-content\/uploads\/2024\/10\/DSCF8105.R-300x218.jpg 300w, https:\/\/confederaciopenyes.cat\/wp-content\/uploads\/2024\/10\/DSCF8105.R-768x558.jpg 768w, https:\/\/confederaciopenyes.cat\/wp-content\/uploads\/2024\/10\/DSCF8105.R-1536x1115.jpg 1536w, https:\/\/confederaciopenyes.cat\/wp-content\/uploads\/2024\/10\/DSCF8105.R-2048x1487.jpg 2048w\" data-sizes=\"(max-width: 1024px) 100vw, 1024px\" src=\"data:image\/svg+xml;base64,PHN2ZyB3aWR0aD0iMSIgaGVpZ2h0PSIxIiB4bWxucz0iaHR0cDovL3d3dy53My5vcmcvMjAwMC9zdmciPjwvc3ZnPg==\" style=\"--smush-placeholder-width: 1024px; --smush-placeholder-aspect-ratio: 1024\/743;\" \/><\/a><\/figure>\n\n\n\n<figure class=\"wp-block-image size-large\"><a href=\"https:\/\/confederaciopenyes.cat\/wp-content\/uploads\/2024\/10\/DSCF8001.R-1-scaled.jpg\"><img decoding=\"async\" width=\"1024\" height=\"644\" data-id=\"26288\" data-src=\"https:\/\/confederaciopenyes.cat\/wp-content\/uploads\/2024\/10\/DSCF8001.R-1-1024x644.jpg\" alt=\"\" class=\"wp-image-26288 lazyload\" data-srcset=\"https:\/\/confederaciopenyes.cat\/wp-content\/uploads\/2024\/10\/DSCF8001.R-1-1024x644.jpg 1024w, https:\/\/confederaciopenyes.cat\/wp-content\/uploads\/2024\/10\/DSCF8001.R-1-300x189.jpg 300w, https:\/\/confederaciopenyes.cat\/wp-content\/uploads\/2024\/10\/DSCF8001.R-1-768x483.jpg 768w, https:\/\/confederaciopenyes.cat\/wp-content\/uploads\/2024\/10\/DSCF8001.R-1-1536x967.jpg 1536w, https:\/\/confederaciopenyes.cat\/wp-content\/uploads\/2024\/10\/DSCF8001.R-1-2048x1289.jpg 2048w\" data-sizes=\"(max-width: 1024px) 100vw, 1024px\" src=\"data:image\/svg+xml;base64,PHN2ZyB3aWR0aD0iMSIgaGVpZ2h0PSIxIiB4bWxucz0iaHR0cDovL3d3dy53My5vcmcvMjAwMC9zdmciPjwvc3ZnPg==\" style=\"--smush-placeholder-width: 1024px; --smush-placeholder-aspect-ratio: 1024\/644;\" \/><\/a><\/figure>\n\n\n\n<figure class=\"wp-block-image size-large\"><a href=\"https:\/\/confederaciopenyes.cat\/wp-content\/uploads\/2024\/10\/DSCF8071.R-scaled.jpg\"><img decoding=\"async\" width=\"1024\" height=\"624\" data-id=\"26283\" data-src=\"https:\/\/confederaciopenyes.cat\/wp-content\/uploads\/2024\/10\/DSCF8071.R-1024x624.jpg\" alt=\"\" class=\"wp-image-26283 lazyload\" data-srcset=\"https:\/\/confederaciopenyes.cat\/wp-content\/uploads\/2024\/10\/DSCF8071.R-1024x624.jpg 1024w, https:\/\/confederaciopenyes.cat\/wp-content\/uploads\/2024\/10\/DSCF8071.R-300x183.jpg 300w, https:\/\/confederaciopenyes.cat\/wp-content\/uploads\/2024\/10\/DSCF8071.R-768x468.jpg 768w, https:\/\/confederaciopenyes.cat\/wp-content\/uploads\/2024\/10\/DSCF8071.R-1536x936.jpg 1536w, https:\/\/confederaciopenyes.cat\/wp-content\/uploads\/2024\/10\/DSCF8071.R-2048x1248.jpg 2048w\" data-sizes=\"(max-width: 1024px) 100vw, 1024px\" src=\"data:image\/svg+xml;base64,PHN2ZyB3aWR0aD0iMSIgaGVpZ2h0PSIxIiB4bWxucz0iaHR0cDovL3d3dy53My5vcmcvMjAwMC9zdmciPjwvc3ZnPg==\" style=\"--smush-placeholder-width: 1024px; --smush-placeholder-aspect-ratio: 1024\/624;\" \/><\/a><\/figure>\n\n\n\n<figure class=\"wp-block-image size-large\"><a href=\"https:\/\/confederaciopenyes.cat\/wp-content\/uploads\/2024\/10\/DSCF7979.R-scaled.jpg\"><img decoding=\"async\" width=\"1024\" height=\"683\" data-id=\"26281\" data-src=\"https:\/\/confederaciopenyes.cat\/wp-content\/uploads\/2024\/10\/DSCF7979.R-1024x683.jpg\" alt=\"\" class=\"wp-image-26281 lazyload\" data-srcset=\"https:\/\/confederaciopenyes.cat\/wp-content\/uploads\/2024\/10\/DSCF7979.R-1024x683.jpg 1024w, https:\/\/confederaciopenyes.cat\/wp-content\/uploads\/2024\/10\/DSCF7979.R-300x200.jpg 300w, https:\/\/confederaciopenyes.cat\/wp-content\/uploads\/2024\/10\/DSCF7979.R-768x512.jpg 768w, https:\/\/confederaciopenyes.cat\/wp-content\/uploads\/2024\/10\/DSCF7979.R-1536x1024.jpg 1536w, https:\/\/confederaciopenyes.cat\/wp-content\/uploads\/2024\/10\/DSCF7979.R-2048x1365.jpg 2048w\" data-sizes=\"(max-width: 1024px) 100vw, 1024px\" src=\"data:image\/svg+xml;base64,PHN2ZyB3aWR0aD0iMSIgaGVpZ2h0PSIxIiB4bWxucz0iaHR0cDovL3d3dy53My5vcmcvMjAwMC9zdmciPjwvc3ZnPg==\" style=\"--smush-placeholder-width: 1024px; --smush-placeholder-aspect-ratio: 1024\/683;\" \/><\/a><\/figure>\n\n\n\n<figure class=\"wp-block-image size-large\"><a href=\"https:\/\/confederaciopenyes.cat\/wp-content\/uploads\/2024\/10\/DSCF8202.R-scaled.jpg\"><img decoding=\"async\" width=\"1024\" height=\"715\" data-id=\"26290\" data-src=\"https:\/\/confederaciopenyes.cat\/wp-content\/uploads\/2024\/10\/DSCF8202.R-1024x715.jpg\" alt=\"\" class=\"wp-image-26290 lazyload\" data-srcset=\"https:\/\/confederaciopenyes.cat\/wp-content\/uploads\/2024\/10\/DSCF8202.R-1024x715.jpg 1024w, https:\/\/confederaciopenyes.cat\/wp-content\/uploads\/2024\/10\/DSCF8202.R-300x210.jpg 300w, https:\/\/confederaciopenyes.cat\/wp-content\/uploads\/2024\/10\/DSCF8202.R-768x537.jpg 768w, https:\/\/confederaciopenyes.cat\/wp-content\/uploads\/2024\/10\/DSCF8202.R-1536x1073.jpg 1536w, https:\/\/confederaciopenyes.cat\/wp-content\/uploads\/2024\/10\/DSCF8202.R-2048x1431.jpg 2048w\" data-sizes=\"(max-width: 1024px) 100vw, 1024px\" src=\"data:image\/svg+xml;base64,PHN2ZyB3aWR0aD0iMSIgaGVpZ2h0PSIxIiB4bWxucz0iaHR0cDovL3d3dy53My5vcmcvMjAwMC9zdmciPjwvc3ZnPg==\" style=\"--smush-placeholder-width: 1024px; --smush-placeholder-aspect-ratio: 1024\/715;\" \/><\/a><\/figure>\n\n\n\n<figure class=\"wp-block-image size-large\"><a href=\"https:\/\/confederaciopenyes.cat\/wp-content\/uploads\/2024\/10\/DSCF8207.R-scaled.jpg\"><img decoding=\"async\" width=\"1024\" height=\"774\" data-id=\"26289\" data-src=\"https:\/\/confederaciopenyes.cat\/wp-content\/uploads\/2024\/10\/DSCF8207.R-1024x774.jpg\" alt=\"\" class=\"wp-image-26289 lazyload\" data-srcset=\"https:\/\/confederaciopenyes.cat\/wp-content\/uploads\/2024\/10\/DSCF8207.R-1024x774.jpg 1024w, https:\/\/confederaciopenyes.cat\/wp-content\/uploads\/2024\/10\/DSCF8207.R-300x227.jpg 300w, https:\/\/confederaciopenyes.cat\/wp-content\/uploads\/2024\/10\/DSCF8207.R-768x580.jpg 768w, https:\/\/confederaciopenyes.cat\/wp-content\/uploads\/2024\/10\/DSCF8207.R-1536x1161.jpg 1536w, https:\/\/confederaciopenyes.cat\/wp-content\/uploads\/2024\/10\/DSCF8207.R-2048x1548.jpg 2048w\" data-sizes=\"(max-width: 1024px) 100vw, 1024px\" src=\"data:image\/svg+xml;base64,PHN2ZyB3aWR0aD0iMSIgaGVpZ2h0PSIxIiB4bWxucz0iaHR0cDovL3d3dy53My5vcmcvMjAwMC9zdmciPjwvc3ZnPg==\" style=\"--smush-placeholder-width: 1024px; --smush-placeholder-aspect-ratio: 1024\/774;\" \/><\/a><\/figure>\n<\/figure>\n","protected":false},"excerpt":{"rendered":"<p>Reaching half a century of history is a milestone for any penya barcelonista and deserves a special celebration. This was evidenced by the Penya Barcelonista d&#8217;Arb\u00facies (Federaci\u00f3 Giron\u00e8s, Selva, Garrotxa i Pla de l&#8217;Estany), which last Sunday commemorated in style its 50th anniversary with several events in their town. A total of 200 people attended, &#8230; <a title=\"PB Arb\u00facies gathers 200 culers to celebrate its 50th anniversary\" class=\"read-more\" href=\"https:\/\/confederaciopenyes.cat\/en\/pb-arbucies-gathers-200-culers-to-celebrate-its-50th-anniversary\/\" aria-label=\"Read more about PB Arb\u00facies gathers 200 culers to celebrate its 50th anniversary\">Read more<\/a><\/p>\n","protected":false},"author":4,"featured_media":26279,"comment_status":"closed","ping_status":"open","sticky":false,"template":"","format":"standard","meta":{"_acf_changed":false,"footnotes":""},"categories":[78],"tags":[2598,136,106,3092,3210,110],"class_list":["post-26302","post","type-post","status-publish","format-standard","has-post-thumbnail","hentry","category-news-en","tag-50th-anniversary","tag-confederacio-mundial-de-penyes","tag-noticies","tag-pb-arbucies","tag-penya-barcelonista-darbucies","tag-penyes"],"acf":[],"yoast_head":"<!-- This site is optimized with the Yoast SEO Premium plugin v26.7 (Yoast SEO v27.4) - https:\/\/yoast.com\/product\/yoast-seo-premium-wordpress\/ -->\n<title>The PB Arb\u00facies celebrate its 50th anniversary - Conf. M. Penyes<\/title>\n<meta name=\"description\" content=\"The PB Arb\u00facies celebrated its 50th anniversary with the presence of 200 members, supporters and fans in a festive and emotional day.\" \/>\n<meta name=\"robots\" content=\"index, follow, max-snippet:-1, max-image-preview:large, max-video-preview:-1\" \/>\n<link rel=\"canonical\" href=\"https:\/\/confederaciopenyes.cat\/en\/pb-arbucies-gathers-200-culers-to-celebrate-its-50th-anniversary\/\" \/>\n<meta property=\"og:locale\" content=\"en_US\" \/>\n<meta property=\"og:type\" content=\"article\" \/>\n<meta property=\"og:title\" content=\"PB Arb\u00facies gathers 200 culers to celebrate its 50th anniversary\" \/>\n<meta property=\"og:description\" content=\"The PB Arb\u00facies celebrated its 50th anniversary with the presence of 200 members, supporters and fans in a festive and emotional day.\" \/>\n<meta property=\"og:url\" content=\"https:\/\/confederaciopenyes.cat\/en\/pb-arbucies-gathers-200-culers-to-celebrate-its-50th-anniversary\/\" \/>\n<meta property=\"og:site_name\" content=\"Confederaci\u00f3 Mundial de Penyes del FC Barcelona\" \/>\n<meta property=\"article:publisher\" content=\"https:\/\/www.facebook.com\/ConfederacioMundialPenyesFCB\" \/>\n<meta property=\"article:published_time\" content=\"2024-10-16T12:55:50+00:00\" \/>\n<meta property=\"article:modified_time\" content=\"2024-10-16T13:00:22+00:00\" \/>\n<meta property=\"og:image\" content=\"https:\/\/confederaciopenyes.cat\/wp-content\/uploads\/2024\/10\/DSCF8171.R-scaled.jpg\" \/>\n\t<meta property=\"og:image:width\" content=\"2560\" \/>\n\t<meta property=\"og:image:height\" content=\"1707\" \/>\n\t<meta property=\"og:image:type\" content=\"image\/jpeg\" \/>\n<meta name=\"author\" content=\"Confederaci\u00f3 Mundial de Penyes del FC Barcelona\" \/>\n<meta name=\"twitter:card\" content=\"summary_large_image\" \/>\n<meta name=\"twitter:creator\" content=\"@ConfePenyesFCB\" \/>\n<meta name=\"twitter:site\" content=\"@ConfePenyesFCB\" \/>\n<meta name=\"twitter:label1\" content=\"Written by\" \/>\n\t<meta name=\"twitter:data1\" content=\"Confederaci\u00f3 Mundial de Penyes del FC Barcelona\" \/>\n\t<meta name=\"twitter:label2\" content=\"Est. reading time\" \/>\n\t<meta name=\"twitter:data2\" content=\"3 minutes\" \/>\n<script type=\"application\/ld+json\" class=\"yoast-schema-graph\">{\"@context\":\"https:\\\/\\\/schema.org\",\"@graph\":[{\"@type\":\"Article\",\"@id\":\"https:\\\/\\\/confederaciopenyes.cat\\\/en\\\/pb-arbucies-gathers-200-culers-to-celebrate-its-50th-anniversary\\\/#article\",\"isPartOf\":{\"@id\":\"https:\\\/\\\/confederaciopenyes.cat\\\/en\\\/pb-arbucies-gathers-200-culers-to-celebrate-its-50th-anniversary\\\/\"},\"author\":{\"name\":\"Confederaci\u00f3 Mundial de Penyes del FC Barcelona\",\"@id\":\"https:\\\/\\\/confederaciopenyes.cat\\\/en\\\/#\\\/schema\\\/person\\\/337072f6daef87a85aa59aa1f134387c\"},\"headline\":\"PB Arb\u00facies gathers 200 culers to celebrate its 50th anniversary\",\"datePublished\":\"2024-10-16T12:55:50+00:00\",\"dateModified\":\"2024-10-16T13:00:22+00:00\",\"mainEntityOfPage\":{\"@id\":\"https:\\\/\\\/confederaciopenyes.cat\\\/en\\\/pb-arbucies-gathers-200-culers-to-celebrate-its-50th-anniversary\\\/\"},\"wordCount\":297,\"publisher\":{\"@id\":\"https:\\\/\\\/confederaciopenyes.cat\\\/en\\\/#organization\"},\"image\":{\"@id\":\"https:\\\/\\\/confederaciopenyes.cat\\\/en\\\/pb-arbucies-gathers-200-culers-to-celebrate-its-50th-anniversary\\\/#primaryimage\"},\"thumbnailUrl\":\"https:\\\/\\\/confederaciopenyes.cat\\\/wp-content\\\/uploads\\\/2024\\\/10\\\/DSCF8171.R-scaled.jpg\",\"keywords\":[\"50th anniversary\",\"confederaci\u00f3 mundial de penyes\",\"not\u00edcies\",\"PB Arb\u00facies\",\"Penya Barcelonista d'Arb\u00facies\",\"penyes\"],\"articleSection\":[\"News\"],\"inLanguage\":\"en-US\"},{\"@type\":\"WebPage\",\"@id\":\"https:\\\/\\\/confederaciopenyes.cat\\\/en\\\/pb-arbucies-gathers-200-culers-to-celebrate-its-50th-anniversary\\\/\",\"url\":\"https:\\\/\\\/confederaciopenyes.cat\\\/en\\\/pb-arbucies-gathers-200-culers-to-celebrate-its-50th-anniversary\\\/\",\"name\":\"The PB Arb\u00facies celebrate its 50th anniversary - Conf. M. Penyes\",\"isPartOf\":{\"@id\":\"https:\\\/\\\/confederaciopenyes.cat\\\/en\\\/#website\"},\"primaryImageOfPage\":{\"@id\":\"https:\\\/\\\/confederaciopenyes.cat\\\/en\\\/pb-arbucies-gathers-200-culers-to-celebrate-its-50th-anniversary\\\/#primaryimage\"},\"image\":{\"@id\":\"https:\\\/\\\/confederaciopenyes.cat\\\/en\\\/pb-arbucies-gathers-200-culers-to-celebrate-its-50th-anniversary\\\/#primaryimage\"},\"thumbnailUrl\":\"https:\\\/\\\/confederaciopenyes.cat\\\/wp-content\\\/uploads\\\/2024\\\/10\\\/DSCF8171.R-scaled.jpg\",\"datePublished\":\"2024-10-16T12:55:50+00:00\",\"dateModified\":\"2024-10-16T13:00:22+00:00\",\"description\":\"The PB Arb\u00facies celebrated its 50th anniversary with the presence of 200 members, supporters and fans in a festive and emotional day.\",\"breadcrumb\":{\"@id\":\"https:\\\/\\\/confederaciopenyes.cat\\\/en\\\/pb-arbucies-gathers-200-culers-to-celebrate-its-50th-anniversary\\\/#breadcrumb\"},\"inLanguage\":\"en-US\",\"potentialAction\":[{\"@type\":\"ReadAction\",\"target\":[\"https:\\\/\\\/confederaciopenyes.cat\\\/en\\\/pb-arbucies-gathers-200-culers-to-celebrate-its-50th-anniversary\\\/\"]}]},{\"@type\":\"ImageObject\",\"inLanguage\":\"en-US\",\"@id\":\"https:\\\/\\\/confederaciopenyes.cat\\\/en\\\/pb-arbucies-gathers-200-culers-to-celebrate-its-50th-anniversary\\\/#primaryimage\",\"url\":\"https:\\\/\\\/confederaciopenyes.cat\\\/wp-content\\\/uploads\\\/2024\\\/10\\\/DSCF8171.R-scaled.jpg\",\"contentUrl\":\"https:\\\/\\\/confederaciopenyes.cat\\\/wp-content\\\/uploads\\\/2024\\\/10\\\/DSCF8171.R-scaled.jpg\",\"width\":2560,\"height\":1707},{\"@type\":\"BreadcrumbList\",\"@id\":\"https:\\\/\\\/confederaciopenyes.cat\\\/en\\\/pb-arbucies-gathers-200-culers-to-celebrate-its-50th-anniversary\\\/#breadcrumb\",\"itemListElement\":[{\"@type\":\"ListItem\",\"position\":1,\"name\":\"Home\",\"item\":\"https:\\\/\\\/confederaciopenyes.cat\\\/en\\\/\"},{\"@type\":\"ListItem\",\"position\":2,\"name\":\"PB Arb\u00facies gathers 200 culers to celebrate its 50th anniversary\"}]},{\"@type\":\"WebSite\",\"@id\":\"https:\\\/\\\/confederaciopenyes.cat\\\/en\\\/#website\",\"url\":\"https:\\\/\\\/confederaciopenyes.cat\\\/en\\\/\",\"name\":\"Confederaci\u00f3 Mundial de Penyes del FC Barcelona\",\"description\":\"C.M. Penyes FC Barcelona\",\"publisher\":{\"@id\":\"https:\\\/\\\/confederaciopenyes.cat\\\/en\\\/#organization\"},\"potentialAction\":[{\"@type\":\"SearchAction\",\"target\":{\"@type\":\"EntryPoint\",\"urlTemplate\":\"https:\\\/\\\/confederaciopenyes.cat\\\/en\\\/?s={search_term_string}\"},\"query-input\":{\"@type\":\"PropertyValueSpecification\",\"valueRequired\":true,\"valueName\":\"search_term_string\"}}],\"inLanguage\":\"en-US\"},{\"@type\":\"Organization\",\"@id\":\"https:\\\/\\\/confederaciopenyes.cat\\\/en\\\/#organization\",\"name\":\"Confederaci\u00f3 Mundial de Penyes del FC Barcelona\",\"url\":\"https:\\\/\\\/confederaciopenyes.cat\\\/en\\\/\",\"logo\":{\"@type\":\"ImageObject\",\"inLanguage\":\"en-US\",\"@id\":\"https:\\\/\\\/confederaciopenyes.cat\\\/en\\\/#\\\/schema\\\/logo\\\/image\\\/\",\"url\":\"https:\\\/\\\/confederaciopenyes.cat\\\/wp-content\\\/uploads\\\/2022\\\/07\\\/cropped-logo_horizontal.png\",\"contentUrl\":\"https:\\\/\\\/confederaciopenyes.cat\\\/wp-content\\\/uploads\\\/2022\\\/07\\\/cropped-logo_horizontal.png\",\"width\":1320,\"height\":309,\"caption\":\"Confederaci\u00f3 Mundial de Penyes del FC Barcelona\"},\"image\":{\"@id\":\"https:\\\/\\\/confederaciopenyes.cat\\\/en\\\/#\\\/schema\\\/logo\\\/image\\\/\"},\"sameAs\":[\"https:\\\/\\\/www.facebook.com\\\/ConfederacioMundialPenyesFCB\",\"https:\\\/\\\/x.com\\\/ConfePenyesFCB\",\"https:\\\/\\\/www.instagram.com\\\/confepenyesfcb\\\/\"]},{\"@type\":\"Person\",\"@id\":\"https:\\\/\\\/confederaciopenyes.cat\\\/en\\\/#\\\/schema\\\/person\\\/337072f6daef87a85aa59aa1f134387c\",\"name\":\"Confederaci\u00f3 Mundial de Penyes del FC Barcelona\",\"image\":{\"@type\":\"ImageObject\",\"inLanguage\":\"en-US\",\"@id\":\"https:\\\/\\\/secure.gravatar.com\\\/avatar\\\/98c60c7405ff843b10aec55db652bd3f5cb4320ef331ae76c156819a62194328?s=96&d=mm&r=g\",\"url\":\"https:\\\/\\\/secure.gravatar.com\\\/avatar\\\/98c60c7405ff843b10aec55db652bd3f5cb4320ef331ae76c156819a62194328?s=96&d=mm&r=g\",\"contentUrl\":\"https:\\\/\\\/secure.gravatar.com\\\/avatar\\\/98c60c7405ff843b10aec55db652bd3f5cb4320ef331ae76c156819a62194328?s=96&d=mm&r=g\",\"caption\":\"Confederaci\u00f3 Mundial de Penyes del FC Barcelona\"},\"url\":\"https:\\\/\\\/confederaciopenyes.cat\\\/en\\\/author\\\/comunicacioconfederaciopenyes-cat\\\/\"}]}<\/script>\n<!-- \/ Yoast SEO Premium plugin. -->","yoast_head_json":{"title":"The PB Arb\u00facies celebrate its 50th anniversary - Conf. M. Penyes","description":"The PB Arb\u00facies celebrated its 50th anniversary with the presence of 200 members, supporters and fans in a festive and emotional day.","robots":{"index":"index","follow":"follow","max-snippet":"max-snippet:-1","max-image-preview":"max-image-preview:large","max-video-preview":"max-video-preview:-1"},"canonical":"https:\/\/confederaciopenyes.cat\/en\/pb-arbucies-gathers-200-culers-to-celebrate-its-50th-anniversary\/","og_locale":"en_US","og_type":"article","og_title":"PB Arb\u00facies gathers 200 culers to celebrate its 50th anniversary","og_description":"The PB Arb\u00facies celebrated its 50th anniversary with the presence of 200 members, supporters and fans in a festive and emotional day.","og_url":"https:\/\/confederaciopenyes.cat\/en\/pb-arbucies-gathers-200-culers-to-celebrate-its-50th-anniversary\/","og_site_name":"Confederaci\u00f3 Mundial de Penyes del FC Barcelona","article_publisher":"https:\/\/www.facebook.com\/ConfederacioMundialPenyesFCB","article_published_time":"2024-10-16T12:55:50+00:00","article_modified_time":"2024-10-16T13:00:22+00:00","og_image":[{"width":2560,"height":1707,"url":"https:\/\/confederaciopenyes.cat\/wp-content\/uploads\/2024\/10\/DSCF8171.R-scaled.jpg","type":"image\/jpeg"}],"author":"Confederaci\u00f3 Mundial de Penyes del FC Barcelona","twitter_card":"summary_large_image","twitter_creator":"@ConfePenyesFCB","twitter_site":"@ConfePenyesFCB","twitter_misc":{"Written by":"Confederaci\u00f3 Mundial de Penyes del FC Barcelona","Est. reading time":"3 minutes"},"schema":{"@context":"https:\/\/schema.org","@graph":[{"@type":"Article","@id":"https:\/\/confederaciopenyes.cat\/en\/pb-arbucies-gathers-200-culers-to-celebrate-its-50th-anniversary\/#article","isPartOf":{"@id":"https:\/\/confederaciopenyes.cat\/en\/pb-arbucies-gathers-200-culers-to-celebrate-its-50th-anniversary\/"},"author":{"name":"Confederaci\u00f3 Mundial de Penyes del FC Barcelona","@id":"https:\/\/confederaciopenyes.cat\/en\/#\/schema\/person\/337072f6daef87a85aa59aa1f134387c"},"headline":"PB Arb\u00facies gathers 200 culers to celebrate its 50th anniversary","datePublished":"2024-10-16T12:55:50+00:00","dateModified":"2024-10-16T13:00:22+00:00","mainEntityOfPage":{"@id":"https:\/\/confederaciopenyes.cat\/en\/pb-arbucies-gathers-200-culers-to-celebrate-its-50th-anniversary\/"},"wordCount":297,"publisher":{"@id":"https:\/\/confederaciopenyes.cat\/en\/#organization"},"image":{"@id":"https:\/\/confederaciopenyes.cat\/en\/pb-arbucies-gathers-200-culers-to-celebrate-its-50th-anniversary\/#primaryimage"},"thumbnailUrl":"https:\/\/confederaciopenyes.cat\/wp-content\/uploads\/2024\/10\/DSCF8171.R-scaled.jpg","keywords":["50th anniversary","confederaci\u00f3 mundial de penyes","not\u00edcies","PB Arb\u00facies","Penya Barcelonista d'Arb\u00facies","penyes"],"articleSection":["News"],"inLanguage":"en-US"},{"@type":"WebPage","@id":"https:\/\/confederaciopenyes.cat\/en\/pb-arbucies-gathers-200-culers-to-celebrate-its-50th-anniversary\/","url":"https:\/\/confederaciopenyes.cat\/en\/pb-arbucies-gathers-200-culers-to-celebrate-its-50th-anniversary\/","name":"The PB Arb\u00facies celebrate its 50th anniversary - Conf. M. Penyes","isPartOf":{"@id":"https:\/\/confederaciopenyes.cat\/en\/#website"},"primaryImageOfPage":{"@id":"https:\/\/confederaciopenyes.cat\/en\/pb-arbucies-gathers-200-culers-to-celebrate-its-50th-anniversary\/#primaryimage"},"image":{"@id":"https:\/\/confederaciopenyes.cat\/en\/pb-arbucies-gathers-200-culers-to-celebrate-its-50th-anniversary\/#primaryimage"},"thumbnailUrl":"https:\/\/confederaciopenyes.cat\/wp-content\/uploads\/2024\/10\/DSCF8171.R-scaled.jpg","datePublished":"2024-10-16T12:55:50+00:00","dateModified":"2024-10-16T13:00:22+00:00","description":"The PB Arb\u00facies celebrated its 50th anniversary with the presence of 200 members, supporters and fans in a festive and emotional day.","breadcrumb":{"@id":"https:\/\/confederaciopenyes.cat\/en\/pb-arbucies-gathers-200-culers-to-celebrate-its-50th-anniversary\/#breadcrumb"},"inLanguage":"en-US","potentialAction":[{"@type":"ReadAction","target":["https:\/\/confederaciopenyes.cat\/en\/pb-arbucies-gathers-200-culers-to-celebrate-its-50th-anniversary\/"]}]},{"@type":"ImageObject","inLanguage":"en-US","@id":"https:\/\/confederaciopenyes.cat\/en\/pb-arbucies-gathers-200-culers-to-celebrate-its-50th-anniversary\/#primaryimage","url":"https:\/\/confederaciopenyes.cat\/wp-content\/uploads\/2024\/10\/DSCF8171.R-scaled.jpg","contentUrl":"https:\/\/confederaciopenyes.cat\/wp-content\/uploads\/2024\/10\/DSCF8171.R-scaled.jpg","width":2560,"height":1707},{"@type":"BreadcrumbList","@id":"https:\/\/confederaciopenyes.cat\/en\/pb-arbucies-gathers-200-culers-to-celebrate-its-50th-anniversary\/#breadcrumb","itemListElement":[{"@type":"ListItem","position":1,"name":"Home","item":"https:\/\/confederaciopenyes.cat\/en\/"},{"@type":"ListItem","position":2,"name":"PB Arb\u00facies gathers 200 culers to celebrate its 50th anniversary"}]},{"@type":"WebSite","@id":"https:\/\/confederaciopenyes.cat\/en\/#website","url":"https:\/\/confederaciopenyes.cat\/en\/","name":"Confederaci\u00f3 Mundial de Penyes del FC Barcelona","description":"C.M. Penyes FC Barcelona","publisher":{"@id":"https:\/\/confederaciopenyes.cat\/en\/#organization"},"potentialAction":[{"@type":"SearchAction","target":{"@type":"EntryPoint","urlTemplate":"https:\/\/confederaciopenyes.cat\/en\/?s={search_term_string}"},"query-input":{"@type":"PropertyValueSpecification","valueRequired":true,"valueName":"search_term_string"}}],"inLanguage":"en-US"},{"@type":"Organization","@id":"https:\/\/confederaciopenyes.cat\/en\/#organization","name":"Confederaci\u00f3 Mundial de Penyes del FC Barcelona","url":"https:\/\/confederaciopenyes.cat\/en\/","logo":{"@type":"ImageObject","inLanguage":"en-US","@id":"https:\/\/confederaciopenyes.cat\/en\/#\/schema\/logo\/image\/","url":"https:\/\/confederaciopenyes.cat\/wp-content\/uploads\/2022\/07\/cropped-logo_horizontal.png","contentUrl":"https:\/\/confederaciopenyes.cat\/wp-content\/uploads\/2022\/07\/cropped-logo_horizontal.png","width":1320,"height":309,"caption":"Confederaci\u00f3 Mundial de Penyes del FC Barcelona"},"image":{"@id":"https:\/\/confederaciopenyes.cat\/en\/#\/schema\/logo\/image\/"},"sameAs":["https:\/\/www.facebook.com\/ConfederacioMundialPenyesFCB","https:\/\/x.com\/ConfePenyesFCB","https:\/\/www.instagram.com\/confepenyesfcb\/"]},{"@type":"Person","@id":"https:\/\/confederaciopenyes.cat\/en\/#\/schema\/person\/337072f6daef87a85aa59aa1f134387c","name":"Confederaci\u00f3 Mundial de Penyes del FC Barcelona","image":{"@type":"ImageObject","inLanguage":"en-US","@id":"https:\/\/secure.gravatar.com\/avatar\/98c60c7405ff843b10aec55db652bd3f5cb4320ef331ae76c156819a62194328?s=96&d=mm&r=g","url":"https:\/\/secure.gravatar.com\/avatar\/98c60c7405ff843b10aec55db652bd3f5cb4320ef331ae76c156819a62194328?s=96&d=mm&r=g","contentUrl":"https:\/\/secure.gravatar.com\/avatar\/98c60c7405ff843b10aec55db652bd3f5cb4320ef331ae76c156819a62194328?s=96&d=mm&r=g","caption":"Confederaci\u00f3 Mundial de Penyes del FC Barcelona"},"url":"https:\/\/confederaciopenyes.cat\/en\/author\/comunicacioconfederaciopenyes-cat\/"}]}},"_links":{"self":[{"href":"https:\/\/confederaciopenyes.cat\/en\/wp-json\/wp\/v2\/posts\/26302","targetHints":{"allow":["GET"]}}],"collection":[{"href":"https:\/\/confederaciopenyes.cat\/en\/wp-json\/wp\/v2\/posts"}],"about":[{"href":"https:\/\/confederaciopenyes.cat\/en\/wp-json\/wp\/v2\/types\/post"}],"author":[{"embeddable":true,"href":"https:\/\/confederaciopenyes.cat\/en\/wp-json\/wp\/v2\/users\/4"}],"replies":[{"embeddable":true,"href":"https:\/\/confederaciopenyes.cat\/en\/wp-json\/wp\/v2\/comments?post=26302"}],"version-history":[{"count":2,"href":"https:\/\/confederaciopenyes.cat\/en\/wp-json\/wp\/v2\/posts\/26302\/revisions"}],"predecessor-version":[{"id":26305,"href":"https:\/\/confederaciopenyes.cat\/en\/wp-json\/wp\/v2\/posts\/26302\/revisions\/26305"}],"wp:featuredmedia":[{"embeddable":true,"href":"https:\/\/confederaciopenyes.cat\/en\/wp-json\/wp\/v2\/media\/26279"}],"wp:attachment":[{"href":"https:\/\/confederaciopenyes.cat\/en\/wp-json\/wp\/v2\/media?parent=26302"}],"wp:term":[{"taxonomy":"category","embeddable":true,"href":"https:\/\/confederaciopenyes.cat\/en\/wp-json\/wp\/v2\/categories?post=26302"},{"taxonomy":"post_tag","embeddable":true,"href":"https:\/\/confederaciopenyes.cat\/en\/wp-json\/wp\/v2\/tags?post=26302"}],"curies":[{"name":"wp","href":"https:\/\/api.w.org\/{rel}","templated":true}]}}