{"id":26785,"date":"2024-10-30T11:05:42","date_gmt":"2024-10-30T10:05:42","guid":{"rendered":"https:\/\/confederaciopenyes.cat\/chapter-20-the-penya-solera-part-1\/"},"modified":"2024-10-30T11:37:30","modified_gmt":"2024-10-30T10:37:30","slug":"chapter-20-the-penya-solera-part-1","status":"publish","type":"post","link":"https:\/\/confederaciopenyes.cat\/en\/chapter-20-the-penya-solera-part-1\/","title":{"rendered":"Chapter 20 &#8211; The Penya Solera (part 1)"},"content":{"rendered":"\n<p><strong>The penya Solera was created in 1944<\/strong>, coinciding with <strong>Josep Samitier&#8217;s<\/strong> return to FC Barcelona, this time as coach, and prior to the blaugrana team&#8217;s second league title. It was the f<strong>irst penya founded after the war<\/strong>, thanks to the auspices of Samitier himself and Jaume Ram\u00f3n. We can even say that it could be considered a strategic maneuver of the founders of the penya, with \u201cSami\u201d at the head, to reactivate a movement that they considered necessary to <strong>encourage a fan base that needed a boost in that hard post-war period<\/strong>.  <\/p>\n\n<p>The 20s had already been a pleasant experience with the proliferation of penyes that brought the idols closer to the fans. In the publication<em> Barcelof\u00edlia: inventario de la Barcelona desaparecida<\/em>, we can find: <\/p>\n\n<p><em>Considered a key association in the history of the penya movement linked to FC Barcelona, the Pe\u00f1a Solera was born in 1944 in a rather difficult environment. The pre-war blaugrana penyes had disappeared and a small group of culers, <strong>including Josep Samitier, Evarist Murtra and Jaume Ramon, met at the Solera bar on the Rambla<\/strong>, very close to the Canaletas fountain. They were the ones who decided to start the Penya Solera. The first activities of the new penya focused on the <strong>organization of trips to follow the team on its travels<\/strong>. Over the years, well-known players of the club such as <strong>Mariano Mart\u00edn, C\u00e9sar Rodr\u00edguez, Antoni Ramallets or Gustau Biosca <\/strong>were added, until later a man who would end up being key in the history of the penya joined. We are referring to <strong>Nicolau Casaus<\/strong>, who would be the president during several stages.     <\/em><\/p>\n\n<p><em>The social premises of the penya changed location over the years: during the early days, it was installed in the same social headquarters of FC Barcelona, in the chalet in the M\u00e9ndez Vigo passage. Later, they moved to Trafalgar 4, near Plaza Urquinaona; then, in 1954, they moved to Pelai 40, and finally, in July 1976, to Avenir Street between Amig\u00f3 and Santal\u00f3. The Penya Solera was the <strong>promoter and catalyst for other Bar\u00e7a penyes all over Catalonia and many of them adopted the name Solera before the name of the town where they were based<\/strong>. In 1952, its official name was changed to Pe\u00f1a Barcelonista Solera. Its activity was intensifying with the organization of numerous social and sporting events, so it ended up becoming a kind of factual power within the club.    <\/em><\/p>\n\n<figure class=\"wp-block-gallery has-nested-images columns-default is-cropped wp-block-gallery-1 is-layout-flex wp-block-gallery-is-layout-flex\">\n<figure class=\"wp-block-image size-large\"><a href=\"https:\/\/confederaciopenyes.cat\/wp-content\/uploads\/2024\/10\/Foto-35-Penya-Solera-celebrant-COPA-LLATINA-scaled.jpg\"><img decoding=\"async\" width=\"1024\" height=\"757\" data-id=\"26771\" data-src=\"https:\/\/confederaciopenyes.cat\/wp-content\/uploads\/2024\/10\/Foto-35-Penya-Solera-celebrant-COPA-LLATINA-1024x757.jpg\" alt=\"\" class=\"wp-image-26771 lazyload\" data-srcset=\"https:\/\/confederaciopenyes.cat\/wp-content\/uploads\/2024\/10\/Foto-35-Penya-Solera-celebrant-COPA-LLATINA-1024x757.jpg 1024w, https:\/\/confederaciopenyes.cat\/wp-content\/uploads\/2024\/10\/Foto-35-Penya-Solera-celebrant-COPA-LLATINA-300x222.jpg 300w, https:\/\/confederaciopenyes.cat\/wp-content\/uploads\/2024\/10\/Foto-35-Penya-Solera-celebrant-COPA-LLATINA-768x568.jpg 768w, https:\/\/confederaciopenyes.cat\/wp-content\/uploads\/2024\/10\/Foto-35-Penya-Solera-celebrant-COPA-LLATINA-1536x1136.jpg 1536w, https:\/\/confederaciopenyes.cat\/wp-content\/uploads\/2024\/10\/Foto-35-Penya-Solera-celebrant-COPA-LLATINA-2048x1514.jpg 2048w\" data-sizes=\"(max-width: 1024px) 100vw, 1024px\" src=\"data:image\/svg+xml;base64,PHN2ZyB3aWR0aD0iMSIgaGVpZ2h0PSIxIiB4bWxucz0iaHR0cDovL3d3dy53My5vcmcvMjAwMC9zdmciPjwvc3ZnPg==\" style=\"--smush-placeholder-width: 1024px; --smush-placeholder-aspect-ratio: 1024\/757;\" \/><\/a><\/figure>\n\n\n\n<figure class=\"wp-block-image size-large\"><a href=\"https:\/\/confederaciopenyes.cat\/wp-content\/uploads\/2024\/10\/Foto-36-CENA-HOMENAJE-A-MORERA-FALCO-EN-PENA-SOLERA-1967001.jpg\"><img decoding=\"async\" width=\"1024\" height=\"637\" data-id=\"26774\" data-src=\"https:\/\/confederaciopenyes.cat\/wp-content\/uploads\/2024\/10\/Foto-36-CENA-HOMENAJE-A-MORERA-FALCO-EN-PENA-SOLERA-1967001-1024x637.jpg\" alt=\"\" class=\"wp-image-26774 lazyload\" data-srcset=\"https:\/\/confederaciopenyes.cat\/wp-content\/uploads\/2024\/10\/Foto-36-CENA-HOMENAJE-A-MORERA-FALCO-EN-PENA-SOLERA-1967001-1024x637.jpg 1024w, https:\/\/confederaciopenyes.cat\/wp-content\/uploads\/2024\/10\/Foto-36-CENA-HOMENAJE-A-MORERA-FALCO-EN-PENA-SOLERA-1967001-300x187.jpg 300w, https:\/\/confederaciopenyes.cat\/wp-content\/uploads\/2024\/10\/Foto-36-CENA-HOMENAJE-A-MORERA-FALCO-EN-PENA-SOLERA-1967001-768x477.jpg 768w, https:\/\/confederaciopenyes.cat\/wp-content\/uploads\/2024\/10\/Foto-36-CENA-HOMENAJE-A-MORERA-FALCO-EN-PENA-SOLERA-1967001-1536x955.jpg 1536w, https:\/\/confederaciopenyes.cat\/wp-content\/uploads\/2024\/10\/Foto-36-CENA-HOMENAJE-A-MORERA-FALCO-EN-PENA-SOLERA-1967001.jpg 1652w\" data-sizes=\"(max-width: 1024px) 100vw, 1024px\" src=\"data:image\/svg+xml;base64,PHN2ZyB3aWR0aD0iMSIgaGVpZ2h0PSIxIiB4bWxucz0iaHR0cDovL3d3dy53My5vcmcvMjAwMC9zdmciPjwvc3ZnPg==\" style=\"--smush-placeholder-width: 1024px; --smush-placeholder-aspect-ratio: 1024\/637;\" \/><\/a><\/figure>\n<\/figure>\n\n<p><\/p>\n\n<h6 class=\"wp-block-heading\" id=\"h-l-entrada-de-nicolau-casaus\"><strong>The entry of Nicolau Casaus<\/strong><\/h6>\n\n<p>From 1947,<strong> Nicolau Casaus would become the soul of a penya that was a meeting point for all kinds of characters from the blaugrana world<\/strong>, as well as the scene of unusual revelries shared in total harmony between players and some members. It was also an ideal and discreet place for love games between football players and celebrities. In its origins, like most penyes, it was a recreational <strong>association made up of fans, members and footballers, sometimes from different clubs<\/strong>. Nicolau Casaus joined before becoming a member of FC Barcelona, on February 10, 1948. Four months after joining the penya, and after having been vice-president, he was named president. Since then, the name of this penya has been completely linked to the figure of Nicolau Casaus de la Fuente Jen\u00e9.     <\/p>\n\n<p>As president of the Penya Solera, he was<strong> very critical of the presidencies of Agust\u00ed Montalt y Galobart and Enric Mart\u00ed Carret\u00f3<\/strong>. In some cases, he even signified himself as a possible parallel power that, in some way, the directives would have to silence. In the 1953 election, Nicolau Casaus, then president of the Penya Solera, supported Francesc Mir\u00f3-Sans. This was the<strong> first time that Bar\u00e7a members had been able to choose their president since the end of the Civil War<\/strong>, since until then the presidents of football clubs were appointed directly by the Franco regime. At that time, only men were allowed to vote, and a total of 17,241 voted. <strong>The winner was Francesc Mir\u00f3-Sans by a margin of 301 votes<\/strong>. It was an election in which members voted by cards and not by persons, so a member could vote as many times as he\/she had membership cards.     <\/p>\n\n<h6 class=\"wp-block-heading\" id=\"h-una-figura-molt-influent\"><strong>A very influential figure<\/strong><\/h6>\n\n<p>In 1957, perhaps due to the power he was gaining with his penya, <strong>Casaus was appointed president of the Organizing Committee of the Social Events of the Inauguration of the Camp Nou<\/strong>. In relation to these acts, in Montserrat, Casaus was one of the privileged ones who made a very moving speech, as was his custom, but later he was not invited to the table of authorities at the gala meal. Some say it was because of Casaus&#8217; own preference to sit with \u201chis people\u201d, but other sources say it was because of his criminal record; and a third version says that he was simply excluded because he was not a member of the FC Barcelona Board of Directors. For this or other reasons, <strong>Nicolau Casaus left the presidency of the Penya Solera in 1957 to return to the post in 1959<\/strong>.   <\/p>\n\n<p>Going back to 1954, <strong>Casaus was one of those who moved the foundation stone of the Camp Nou<\/strong>, which was the same as that of the Camp de Les Corts. An<strong> expulsion order was also issued against him for having taken down a portrait of Franco<\/strong>, but the <strong>intervention of Josep Samitier and Jose Maria de Coss\u00edo prevented it<\/strong>; however, he had to temporarily step down as president of the penya. Another version of this fact is that in the landing of the staircase of the local of the Penya Solera there was the portrait of Franco that one day Casaus took down and left on the floor. Considering his past and his time in prison, it was not a good idea, since, perhaps alerted by the many \u201cinformers\u201d that the Regime had infiltrated everywhere, the police appeared asking why the portrait was on the floor. Casaus calmly replied: \u201cIt must have fallen. A gust of wind. See, the glass is broken.\u201d    <\/p>\n\n<p>It is hard to be certain about all the anecdotes or stories about Nicolau Casaus. In any case, whether they are true, exaggerated or simply urban legends, they are worthy of<strong> being written about and remembered<\/strong>. <\/p>\n<div class=\"wp-block-image\">\n<figure class=\"aligncenter size-large is-resized\"><a href=\"https:\/\/confederaciopenyes.cat\/wp-content\/uploads\/2024\/10\/3-DESFILADA-PENYES-INAUGURACIO-CAMP-NOU-1957.jpg\"><img decoding=\"async\" width=\"1024\" height=\"683\" data-src=\"https:\/\/confederaciopenyes.cat\/wp-content\/uploads\/2024\/10\/3-DESFILADA-PENYES-INAUGURACIO-CAMP-NOU-1957-1024x683.jpg\" alt=\"\" class=\"wp-image-26777 lazyload\" style=\"--smush-placeholder-width: 1024px; --smush-placeholder-aspect-ratio: 1024\/683;width:651px;height:auto\" data-srcset=\"https:\/\/confederaciopenyes.cat\/wp-content\/uploads\/2024\/10\/3-DESFILADA-PENYES-INAUGURACIO-CAMP-NOU-1957-1024x683.jpg 1024w, https:\/\/confederaciopenyes.cat\/wp-content\/uploads\/2024\/10\/3-DESFILADA-PENYES-INAUGURACIO-CAMP-NOU-1957-300x200.jpg 300w, https:\/\/confederaciopenyes.cat\/wp-content\/uploads\/2024\/10\/3-DESFILADA-PENYES-INAUGURACIO-CAMP-NOU-1957-768x512.jpg 768w, https:\/\/confederaciopenyes.cat\/wp-content\/uploads\/2024\/10\/3-DESFILADA-PENYES-INAUGURACIO-CAMP-NOU-1957-1536x1024.jpg 1536w, https:\/\/confederaciopenyes.cat\/wp-content\/uploads\/2024\/10\/3-DESFILADA-PENYES-INAUGURACIO-CAMP-NOU-1957.jpg 1620w\" data-sizes=\"(max-width: 1024px) 100vw, 1024px\" src=\"data:image\/svg+xml;base64,PHN2ZyB3aWR0aD0iMSIgaGVpZ2h0PSIxIiB4bWxucz0iaHR0cDovL3d3dy53My5vcmcvMjAwMC9zdmciPjwvc3ZnPg==\" \/><\/a><\/figure>\n<\/div>","protected":false},"excerpt":{"rendered":"<p>The penya Solera was created in 1944, coinciding with Josep Samitier&#8217;s return to FC Barcelona, this time as coach, and prior to the blaugrana team&#8217;s second league title. It was the first penya founded after the war, thanks to the auspices of Samitier himself and Jaume Ram\u00f3n. We can even say that it could be &#8230; <a title=\"Chapter 20 &#8211; The Penya Solera (part 1)\" class=\"read-more\" href=\"https:\/\/confederaciopenyes.cat\/en\/chapter-20-the-penya-solera-part-1\/\" aria-label=\"Read more about Chapter 20 &#8211; The Penya Solera (part 1)\">Read more<\/a><\/p>\n","protected":false},"author":4,"featured_media":26769,"comment_status":"closed","ping_status":"open","sticky":false,"template":"","format":"standard","meta":{"_acf_changed":false,"footnotes":""},"categories":[2801],"tags":[2599,2886,3252,2561],"class_list":["post-26785","post","type-post","status-publish","format-standard","has-post-thumbnail","hentry","category-history-penyes-en","tag-confederacio-mundial-de-penyes-en-3","tag-nicolau-casaus-en","tag-penya-solera-en","tag-penyes-en"],"acf":[],"yoast_head":"<!-- This site is optimized with the Yoast SEO Premium plugin v26.7 (Yoast SEO v27.5) - https:\/\/yoast.com\/product\/yoast-seo-premium-wordpress\/ -->\n<title>Chapter 20 - The Penya Solera (part 1) - Confederaci\u00f3 Mund. Penyes<\/title>\n<meta name=\"description\" content=\"The Penya Solera was the first one founded after the Civil War and had a high level of social activity among its members.\" \/>\n<meta name=\"robots\" content=\"index, follow, max-snippet:-1, max-image-preview:large, max-video-preview:-1\" \/>\n<link rel=\"canonical\" href=\"https:\/\/confederaciopenyes.cat\/en\/chapter-20-the-penya-solera-part-1\/\" \/>\n<meta property=\"og:locale\" content=\"en_US\" \/>\n<meta property=\"og:type\" content=\"article\" \/>\n<meta property=\"og:title\" content=\"Chapter 20 - The Penya Solera (part 1)\" \/>\n<meta property=\"og:description\" content=\"The Penya Solera was the first one founded after the Civil War and had a high level of social activity among its members.\" \/>\n<meta property=\"og:url\" content=\"https:\/\/confederaciopenyes.cat\/en\/chapter-20-the-penya-solera-part-1\/\" \/>\n<meta property=\"og:site_name\" content=\"Confederaci\u00f3 Mundial de Penyes del FC Barcelona\" \/>\n<meta property=\"article:publisher\" content=\"https:\/\/www.facebook.com\/ConfederacioMundialPenyesFCB\" \/>\n<meta property=\"article:published_time\" content=\"2024-10-30T10:05:42+00:00\" \/>\n<meta property=\"article:modified_time\" content=\"2024-10-30T10:37:30+00:00\" \/>\n<meta property=\"og:image\" content=\"https:\/\/confederaciopenyes.cat\/wp-content\/uploads\/2024\/10\/4-CAMP-NOU-INAUGURACIO.-DESFILADA-PENYES-DEL-CLUB-FOTO-MORERA-FALCO-1-scaled.jpg\" \/>\n\t<meta property=\"og:image:width\" content=\"2560\" \/>\n\t<meta property=\"og:image:height\" content=\"1979\" \/>\n\t<meta property=\"og:image:type\" content=\"image\/jpeg\" \/>\n<meta name=\"author\" content=\"Confederaci\u00f3 Mundial de Penyes del FC Barcelona\" \/>\n<meta name=\"twitter:card\" content=\"summary_large_image\" \/>\n<meta name=\"twitter:creator\" content=\"@ConfePenyesFCB\" \/>\n<meta name=\"twitter:site\" content=\"@ConfePenyesFCB\" \/>\n<meta name=\"twitter:label1\" content=\"Written by\" \/>\n\t<meta name=\"twitter:data1\" content=\"Confederaci\u00f3 Mundial de Penyes del FC Barcelona\" \/>\n\t<meta name=\"twitter:label2\" content=\"Est. reading time\" \/>\n\t<meta name=\"twitter:data2\" content=\"5 minutes\" \/>\n<script type=\"application\/ld+json\" class=\"yoast-schema-graph\">{\"@context\":\"https:\\\/\\\/schema.org\",\"@graph\":[{\"@type\":\"Article\",\"@id\":\"https:\\\/\\\/confederaciopenyes.cat\\\/en\\\/chapter-20-the-penya-solera-part-1\\\/#article\",\"isPartOf\":{\"@id\":\"https:\\\/\\\/confederaciopenyes.cat\\\/en\\\/chapter-20-the-penya-solera-part-1\\\/\"},\"author\":{\"name\":\"Confederaci\u00f3 Mundial de Penyes del FC Barcelona\",\"@id\":\"https:\\\/\\\/confederaciopenyes.cat\\\/en\\\/#\\\/schema\\\/person\\\/337072f6daef87a85aa59aa1f134387c\"},\"headline\":\"Chapter 20 &#8211; The Penya Solera (part 1)\",\"datePublished\":\"2024-10-30T10:05:42+00:00\",\"dateModified\":\"2024-10-30T10:37:30+00:00\",\"mainEntityOfPage\":{\"@id\":\"https:\\\/\\\/confederaciopenyes.cat\\\/en\\\/chapter-20-the-penya-solera-part-1\\\/\"},\"wordCount\":1035,\"publisher\":{\"@id\":\"https:\\\/\\\/confederaciopenyes.cat\\\/en\\\/#organization\"},\"image\":{\"@id\":\"https:\\\/\\\/confederaciopenyes.cat\\\/en\\\/chapter-20-the-penya-solera-part-1\\\/#primaryimage\"},\"thumbnailUrl\":\"https:\\\/\\\/confederaciopenyes.cat\\\/wp-content\\\/uploads\\\/2024\\\/10\\\/4-CAMP-NOU-INAUGURACIO.-DESFILADA-PENYES-DEL-CLUB-FOTO-MORERA-FALCO-1-scaled.jpg\",\"keywords\":[\"confederaci\u00f3 mundial de penyes\",\"Nicolau Casaus\",\"Penya Solera\",\"penyes\"],\"articleSection\":[\"History\"],\"inLanguage\":\"en-US\"},{\"@type\":\"WebPage\",\"@id\":\"https:\\\/\\\/confederaciopenyes.cat\\\/en\\\/chapter-20-the-penya-solera-part-1\\\/\",\"url\":\"https:\\\/\\\/confederaciopenyes.cat\\\/en\\\/chapter-20-the-penya-solera-part-1\\\/\",\"name\":\"Chapter 20 - The Penya Solera (part 1) - Confederaci\u00f3 Mund. Penyes\",\"isPartOf\":{\"@id\":\"https:\\\/\\\/confederaciopenyes.cat\\\/en\\\/#website\"},\"primaryImageOfPage\":{\"@id\":\"https:\\\/\\\/confederaciopenyes.cat\\\/en\\\/chapter-20-the-penya-solera-part-1\\\/#primaryimage\"},\"image\":{\"@id\":\"https:\\\/\\\/confederaciopenyes.cat\\\/en\\\/chapter-20-the-penya-solera-part-1\\\/#primaryimage\"},\"thumbnailUrl\":\"https:\\\/\\\/confederaciopenyes.cat\\\/wp-content\\\/uploads\\\/2024\\\/10\\\/4-CAMP-NOU-INAUGURACIO.-DESFILADA-PENYES-DEL-CLUB-FOTO-MORERA-FALCO-1-scaled.jpg\",\"datePublished\":\"2024-10-30T10:05:42+00:00\",\"dateModified\":\"2024-10-30T10:37:30+00:00\",\"description\":\"The Penya Solera was the first one founded after the Civil War and had a high level of social activity among its members.\",\"breadcrumb\":{\"@id\":\"https:\\\/\\\/confederaciopenyes.cat\\\/en\\\/chapter-20-the-penya-solera-part-1\\\/#breadcrumb\"},\"inLanguage\":\"en-US\",\"potentialAction\":[{\"@type\":\"ReadAction\",\"target\":[\"https:\\\/\\\/confederaciopenyes.cat\\\/en\\\/chapter-20-the-penya-solera-part-1\\\/\"]}]},{\"@type\":\"ImageObject\",\"inLanguage\":\"en-US\",\"@id\":\"https:\\\/\\\/confederaciopenyes.cat\\\/en\\\/chapter-20-the-penya-solera-part-1\\\/#primaryimage\",\"url\":\"https:\\\/\\\/confederaciopenyes.cat\\\/wp-content\\\/uploads\\\/2024\\\/10\\\/4-CAMP-NOU-INAUGURACIO.-DESFILADA-PENYES-DEL-CLUB-FOTO-MORERA-FALCO-1-scaled.jpg\",\"contentUrl\":\"https:\\\/\\\/confederaciopenyes.cat\\\/wp-content\\\/uploads\\\/2024\\\/10\\\/4-CAMP-NOU-INAUGURACIO.-DESFILADA-PENYES-DEL-CLUB-FOTO-MORERA-FALCO-1-scaled.jpg\",\"width\":2560,\"height\":1979},{\"@type\":\"BreadcrumbList\",\"@id\":\"https:\\\/\\\/confederaciopenyes.cat\\\/en\\\/chapter-20-the-penya-solera-part-1\\\/#breadcrumb\",\"itemListElement\":[{\"@type\":\"ListItem\",\"position\":1,\"name\":\"Inici\",\"item\":\"https:\\\/\\\/confederaciopenyes.cat\\\/en\\\/\"},{\"@type\":\"ListItem\",\"position\":2,\"name\":\"Chapter 20 &#8211; The Penya Solera (part 1)\"}]},{\"@type\":\"WebSite\",\"@id\":\"https:\\\/\\\/confederaciopenyes.cat\\\/en\\\/#website\",\"url\":\"https:\\\/\\\/confederaciopenyes.cat\\\/en\\\/\",\"name\":\"Confederaci\u00f3 Mundial de Penyes del FC Barcelona\",\"description\":\"C.M. Penyes FC Barcelona\",\"publisher\":{\"@id\":\"https:\\\/\\\/confederaciopenyes.cat\\\/en\\\/#organization\"},\"potentialAction\":[{\"@type\":\"SearchAction\",\"target\":{\"@type\":\"EntryPoint\",\"urlTemplate\":\"https:\\\/\\\/confederaciopenyes.cat\\\/en\\\/?s={search_term_string}\"},\"query-input\":{\"@type\":\"PropertyValueSpecification\",\"valueRequired\":true,\"valueName\":\"search_term_string\"}}],\"inLanguage\":\"en-US\"},{\"@type\":\"Organization\",\"@id\":\"https:\\\/\\\/confederaciopenyes.cat\\\/en\\\/#organization\",\"name\":\"Confederaci\u00f3 Mundial de Penyes del FC Barcelona\",\"url\":\"https:\\\/\\\/confederaciopenyes.cat\\\/en\\\/\",\"logo\":{\"@type\":\"ImageObject\",\"inLanguage\":\"en-US\",\"@id\":\"https:\\\/\\\/confederaciopenyes.cat\\\/en\\\/#\\\/schema\\\/logo\\\/image\\\/\",\"url\":\"https:\\\/\\\/confederaciopenyes.cat\\\/wp-content\\\/uploads\\\/2022\\\/07\\\/cropped-logo_horizontal.png\",\"contentUrl\":\"https:\\\/\\\/confederaciopenyes.cat\\\/wp-content\\\/uploads\\\/2022\\\/07\\\/cropped-logo_horizontal.png\",\"width\":1320,\"height\":309,\"caption\":\"Confederaci\u00f3 Mundial de Penyes del FC Barcelona\"},\"image\":{\"@id\":\"https:\\\/\\\/confederaciopenyes.cat\\\/en\\\/#\\\/schema\\\/logo\\\/image\\\/\"},\"sameAs\":[\"https:\\\/\\\/www.facebook.com\\\/ConfederacioMundialPenyesFCB\",\"https:\\\/\\\/x.com\\\/ConfePenyesFCB\",\"https:\\\/\\\/www.instagram.com\\\/confepenyesfcb\\\/\"]},{\"@type\":\"Person\",\"@id\":\"https:\\\/\\\/confederaciopenyes.cat\\\/en\\\/#\\\/schema\\\/person\\\/337072f6daef87a85aa59aa1f134387c\",\"name\":\"Confederaci\u00f3 Mundial de Penyes del FC Barcelona\",\"image\":{\"@type\":\"ImageObject\",\"inLanguage\":\"en-US\",\"@id\":\"https:\\\/\\\/secure.gravatar.com\\\/avatar\\\/98c60c7405ff843b10aec55db652bd3f5cb4320ef331ae76c156819a62194328?s=96&d=mm&r=g\",\"url\":\"https:\\\/\\\/secure.gravatar.com\\\/avatar\\\/98c60c7405ff843b10aec55db652bd3f5cb4320ef331ae76c156819a62194328?s=96&d=mm&r=g\",\"contentUrl\":\"https:\\\/\\\/secure.gravatar.com\\\/avatar\\\/98c60c7405ff843b10aec55db652bd3f5cb4320ef331ae76c156819a62194328?s=96&d=mm&r=g\",\"caption\":\"Confederaci\u00f3 Mundial de Penyes del FC Barcelona\"},\"url\":\"https:\\\/\\\/confederaciopenyes.cat\\\/en\\\/author\\\/comunicacioconfederaciopenyes-cat\\\/\"}]}<\/script>\n<!-- \/ Yoast SEO Premium plugin. -->","yoast_head_json":{"title":"Chapter 20 - The Penya Solera (part 1) - Confederaci\u00f3 Mund. Penyes","description":"The Penya Solera was the first one founded after the Civil War and had a high level of social activity among its members.","robots":{"index":"index","follow":"follow","max-snippet":"max-snippet:-1","max-image-preview":"max-image-preview:large","max-video-preview":"max-video-preview:-1"},"canonical":"https:\/\/confederaciopenyes.cat\/en\/chapter-20-the-penya-solera-part-1\/","og_locale":"en_US","og_type":"article","og_title":"Chapter 20 - The Penya Solera (part 1)","og_description":"The Penya Solera was the first one founded after the Civil War and had a high level of social activity among its members.","og_url":"https:\/\/confederaciopenyes.cat\/en\/chapter-20-the-penya-solera-part-1\/","og_site_name":"Confederaci\u00f3 Mundial de Penyes del FC Barcelona","article_publisher":"https:\/\/www.facebook.com\/ConfederacioMundialPenyesFCB","article_published_time":"2024-10-30T10:05:42+00:00","article_modified_time":"2024-10-30T10:37:30+00:00","og_image":[{"width":2560,"height":1979,"url":"https:\/\/confederaciopenyes.cat\/wp-content\/uploads\/2024\/10\/4-CAMP-NOU-INAUGURACIO.-DESFILADA-PENYES-DEL-CLUB-FOTO-MORERA-FALCO-1-scaled.jpg","type":"image\/jpeg"}],"author":"Confederaci\u00f3 Mundial de Penyes del FC Barcelona","twitter_card":"summary_large_image","twitter_creator":"@ConfePenyesFCB","twitter_site":"@ConfePenyesFCB","twitter_misc":{"Written by":"Confederaci\u00f3 Mundial de Penyes del FC Barcelona","Est. reading time":"5 minutes"},"schema":{"@context":"https:\/\/schema.org","@graph":[{"@type":"Article","@id":"https:\/\/confederaciopenyes.cat\/en\/chapter-20-the-penya-solera-part-1\/#article","isPartOf":{"@id":"https:\/\/confederaciopenyes.cat\/en\/chapter-20-the-penya-solera-part-1\/"},"author":{"name":"Confederaci\u00f3 Mundial de Penyes del FC Barcelona","@id":"https:\/\/confederaciopenyes.cat\/en\/#\/schema\/person\/337072f6daef87a85aa59aa1f134387c"},"headline":"Chapter 20 &#8211; The Penya Solera (part 1)","datePublished":"2024-10-30T10:05:42+00:00","dateModified":"2024-10-30T10:37:30+00:00","mainEntityOfPage":{"@id":"https:\/\/confederaciopenyes.cat\/en\/chapter-20-the-penya-solera-part-1\/"},"wordCount":1035,"publisher":{"@id":"https:\/\/confederaciopenyes.cat\/en\/#organization"},"image":{"@id":"https:\/\/confederaciopenyes.cat\/en\/chapter-20-the-penya-solera-part-1\/#primaryimage"},"thumbnailUrl":"https:\/\/confederaciopenyes.cat\/wp-content\/uploads\/2024\/10\/4-CAMP-NOU-INAUGURACIO.-DESFILADA-PENYES-DEL-CLUB-FOTO-MORERA-FALCO-1-scaled.jpg","keywords":["confederaci\u00f3 mundial de penyes","Nicolau Casaus","Penya Solera","penyes"],"articleSection":["History"],"inLanguage":"en-US"},{"@type":"WebPage","@id":"https:\/\/confederaciopenyes.cat\/en\/chapter-20-the-penya-solera-part-1\/","url":"https:\/\/confederaciopenyes.cat\/en\/chapter-20-the-penya-solera-part-1\/","name":"Chapter 20 - The Penya Solera (part 1) - Confederaci\u00f3 Mund. Penyes","isPartOf":{"@id":"https:\/\/confederaciopenyes.cat\/en\/#website"},"primaryImageOfPage":{"@id":"https:\/\/confederaciopenyes.cat\/en\/chapter-20-the-penya-solera-part-1\/#primaryimage"},"image":{"@id":"https:\/\/confederaciopenyes.cat\/en\/chapter-20-the-penya-solera-part-1\/#primaryimage"},"thumbnailUrl":"https:\/\/confederaciopenyes.cat\/wp-content\/uploads\/2024\/10\/4-CAMP-NOU-INAUGURACIO.-DESFILADA-PENYES-DEL-CLUB-FOTO-MORERA-FALCO-1-scaled.jpg","datePublished":"2024-10-30T10:05:42+00:00","dateModified":"2024-10-30T10:37:30+00:00","description":"The Penya Solera was the first one founded after the Civil War and had a high level of social activity among its members.","breadcrumb":{"@id":"https:\/\/confederaciopenyes.cat\/en\/chapter-20-the-penya-solera-part-1\/#breadcrumb"},"inLanguage":"en-US","potentialAction":[{"@type":"ReadAction","target":["https:\/\/confederaciopenyes.cat\/en\/chapter-20-the-penya-solera-part-1\/"]}]},{"@type":"ImageObject","inLanguage":"en-US","@id":"https:\/\/confederaciopenyes.cat\/en\/chapter-20-the-penya-solera-part-1\/#primaryimage","url":"https:\/\/confederaciopenyes.cat\/wp-content\/uploads\/2024\/10\/4-CAMP-NOU-INAUGURACIO.-DESFILADA-PENYES-DEL-CLUB-FOTO-MORERA-FALCO-1-scaled.jpg","contentUrl":"https:\/\/confederaciopenyes.cat\/wp-content\/uploads\/2024\/10\/4-CAMP-NOU-INAUGURACIO.-DESFILADA-PENYES-DEL-CLUB-FOTO-MORERA-FALCO-1-scaled.jpg","width":2560,"height":1979},{"@type":"BreadcrumbList","@id":"https:\/\/confederaciopenyes.cat\/en\/chapter-20-the-penya-solera-part-1\/#breadcrumb","itemListElement":[{"@type":"ListItem","position":1,"name":"Inici","item":"https:\/\/confederaciopenyes.cat\/en\/"},{"@type":"ListItem","position":2,"name":"Chapter 20 &#8211; The Penya Solera (part 1)"}]},{"@type":"WebSite","@id":"https:\/\/confederaciopenyes.cat\/en\/#website","url":"https:\/\/confederaciopenyes.cat\/en\/","name":"Confederaci\u00f3 Mundial de Penyes del FC Barcelona","description":"C.M. Penyes FC Barcelona","publisher":{"@id":"https:\/\/confederaciopenyes.cat\/en\/#organization"},"potentialAction":[{"@type":"SearchAction","target":{"@type":"EntryPoint","urlTemplate":"https:\/\/confederaciopenyes.cat\/en\/?s={search_term_string}"},"query-input":{"@type":"PropertyValueSpecification","valueRequired":true,"valueName":"search_term_string"}}],"inLanguage":"en-US"},{"@type":"Organization","@id":"https:\/\/confederaciopenyes.cat\/en\/#organization","name":"Confederaci\u00f3 Mundial de Penyes del FC Barcelona","url":"https:\/\/confederaciopenyes.cat\/en\/","logo":{"@type":"ImageObject","inLanguage":"en-US","@id":"https:\/\/confederaciopenyes.cat\/en\/#\/schema\/logo\/image\/","url":"https:\/\/confederaciopenyes.cat\/wp-content\/uploads\/2022\/07\/cropped-logo_horizontal.png","contentUrl":"https:\/\/confederaciopenyes.cat\/wp-content\/uploads\/2022\/07\/cropped-logo_horizontal.png","width":1320,"height":309,"caption":"Confederaci\u00f3 Mundial de Penyes del FC Barcelona"},"image":{"@id":"https:\/\/confederaciopenyes.cat\/en\/#\/schema\/logo\/image\/"},"sameAs":["https:\/\/www.facebook.com\/ConfederacioMundialPenyesFCB","https:\/\/x.com\/ConfePenyesFCB","https:\/\/www.instagram.com\/confepenyesfcb\/"]},{"@type":"Person","@id":"https:\/\/confederaciopenyes.cat\/en\/#\/schema\/person\/337072f6daef87a85aa59aa1f134387c","name":"Confederaci\u00f3 Mundial de Penyes del FC Barcelona","image":{"@type":"ImageObject","inLanguage":"en-US","@id":"https:\/\/secure.gravatar.com\/avatar\/98c60c7405ff843b10aec55db652bd3f5cb4320ef331ae76c156819a62194328?s=96&d=mm&r=g","url":"https:\/\/secure.gravatar.com\/avatar\/98c60c7405ff843b10aec55db652bd3f5cb4320ef331ae76c156819a62194328?s=96&d=mm&r=g","contentUrl":"https:\/\/secure.gravatar.com\/avatar\/98c60c7405ff843b10aec55db652bd3f5cb4320ef331ae76c156819a62194328?s=96&d=mm&r=g","caption":"Confederaci\u00f3 Mundial de Penyes del FC Barcelona"},"url":"https:\/\/confederaciopenyes.cat\/en\/author\/comunicacioconfederaciopenyes-cat\/"}]}},"_links":{"self":[{"href":"https:\/\/confederaciopenyes.cat\/en\/wp-json\/wp\/v2\/posts\/26785","targetHints":{"allow":["GET"]}}],"collection":[{"href":"https:\/\/confederaciopenyes.cat\/en\/wp-json\/wp\/v2\/posts"}],"about":[{"href":"https:\/\/confederaciopenyes.cat\/en\/wp-json\/wp\/v2\/types\/post"}],"author":[{"embeddable":true,"href":"https:\/\/confederaciopenyes.cat\/en\/wp-json\/wp\/v2\/users\/4"}],"replies":[{"embeddable":true,"href":"https:\/\/confederaciopenyes.cat\/en\/wp-json\/wp\/v2\/comments?post=26785"}],"version-history":[{"count":1,"href":"https:\/\/confederaciopenyes.cat\/en\/wp-json\/wp\/v2\/posts\/26785\/revisions"}],"predecessor-version":[{"id":26786,"href":"https:\/\/confederaciopenyes.cat\/en\/wp-json\/wp\/v2\/posts\/26785\/revisions\/26786"}],"wp:featuredmedia":[{"embeddable":true,"href":"https:\/\/confederaciopenyes.cat\/en\/wp-json\/wp\/v2\/media\/26769"}],"wp:attachment":[{"href":"https:\/\/confederaciopenyes.cat\/en\/wp-json\/wp\/v2\/media?parent=26785"}],"wp:term":[{"taxonomy":"category","embeddable":true,"href":"https:\/\/confederaciopenyes.cat\/en\/wp-json\/wp\/v2\/categories?post=26785"},{"taxonomy":"post_tag","embeddable":true,"href":"https:\/\/confederaciopenyes.cat\/en\/wp-json\/wp\/v2\/tags?post=26785"}],"curies":[{"name":"wp","href":"https:\/\/api.w.org\/{rel}","templated":true}]}}