{"id":30442,"date":"2025-04-01T12:11:32","date_gmt":"2025-04-01T10:11:32","guid":{"rendered":"https:\/\/confederaciopenyes.cat\/assembly-of-the-federacion-de-penas-galegas-in-boiro\/"},"modified":"2025-04-01T12:52:03","modified_gmt":"2025-04-01T10:52:03","slug":"assembly-of-the-federacion-de-penas-galegas-in-boiro","status":"publish","type":"post","link":"https:\/\/confederaciopenyes.cat\/en\/assembly-of-the-federacion-de-penas-galegas-in-boiro\/","title":{"rendered":"Assembly of the Federaci\u00f3n de Pe\u00f1as Galegas in Boiro"},"content":{"rendered":"\n<p>The <strong><a href=\"https:\/\/www.facebook.com\/FederacionPBGalegas\" target=\"_blank\" rel=\"noreferrer noopener\">Federaci\u00f3n de Pe\u00f1as Barcelonistas Galegas<\/a><\/strong> recently held an <strong>ordinary assembly in the town of Boiro<\/strong> (A Coru\u00f1a), hosted by the<strong><a href=\"https:\/\/www.facebook.com\/p\/Pe%C3%B1a-Barcelonista-do-Barbanza-Boiro-100063540582125\/\" target=\"_blank\" rel=\"noreferrer noopener\"> Pe\u00f1a Barcelonista do Barbanza<\/a><\/strong>. Around <strong>twenty supporters\u2019 clubs belonging to this federation<\/strong> took part in the event, with its president <strong>Salvador Cervi\u00f1o<\/strong> at the head. The delegate of the Advisory Council in Galicia, <strong>Nieves Loira<\/strong>, was also present, as well as the mayor of Boiro, <strong>Jos\u00e9 Ram\u00f3n Romero<\/strong>. Precisely, this town in A Coru\u00f1a will be the venue for the <strong>XXXI Xuntanza de Pe\u00f1as Barcelonistas Galegas (XXXI Meeting of Galician Penyes), which will take place on 7 and 8 June<\/strong>.   <\/p>\n<div class=\"wp-block-image\">\n<figure class=\"aligncenter size-large is-resized\"><a href=\"https:\/\/confederaciopenyes.cat\/wp-content\/uploads\/2025\/04\/IMG-20250331-WA0003.jpg\"><img decoding=\"async\" width=\"1024\" height=\"576\" data-src=\"https:\/\/confederaciopenyes.cat\/wp-content\/uploads\/2025\/04\/IMG-20250331-WA0003-1024x576.jpg\" alt=\"\" class=\"wp-image-30427 lazyload\" style=\"--smush-placeholder-width: 1024px; --smush-placeholder-aspect-ratio: 1024\/576;width:612px;height:auto\" data-srcset=\"https:\/\/confederaciopenyes.cat\/wp-content\/uploads\/2025\/04\/IMG-20250331-WA0003-1024x576.jpg 1024w, https:\/\/confederaciopenyes.cat\/wp-content\/uploads\/2025\/04\/IMG-20250331-WA0003-300x169.jpg 300w, https:\/\/confederaciopenyes.cat\/wp-content\/uploads\/2025\/04\/IMG-20250331-WA0003-768x432.jpg 768w, https:\/\/confederaciopenyes.cat\/wp-content\/uploads\/2025\/04\/IMG-20250331-WA0003.jpg 1366w\" data-sizes=\"(max-width: 1024px) 100vw, 1024px\" src=\"data:image\/svg+xml;base64,PHN2ZyB3aWR0aD0iMSIgaGVpZ2h0PSIxIiB4bWxucz0iaHR0cDovL3d3dy53My5vcmcvMjAwMC9zdmciPjwvc3ZnPg==\" \/><\/a><\/figure>\n<\/div>\n<p><\/p>\n\n<p>Romero opened the meeting by welcoming the attendees and encouraging them to participate in this great meeting of penyes. The same was done by <strong>Marcelino S\u00e1nchez<\/strong>, president of the PB Barbanza, organizer of the Xuntanza, who explained to the<strong> attendees the state of the preparations for this event <\/strong>and presented the <strong>poster with the official image<\/strong>. Afterwards, the Federaci\u00f3n de Pe\u00f1as Galegas<strong> presented its accounts<\/strong>, which received the unanimous approval of the assembly, and also discussed <strong>current blaugrana issues<\/strong> with the attendees.  <\/p>\n\n<p>It was a day marked by a good atmosphere and which showed that the FC Barcelona<strong> penyes movement in Galicia is still in very good shape<\/strong>. All the participants agreed to meet again in two months\u2019 time at the XXXI Xuntanza de Pe\u00f1as Barcelonistas Galegas. <\/p>\n<div class=\"wp-block-image\">\n<figure class=\"aligncenter size-large is-resized\"><a href=\"https:\/\/confederaciopenyes.cat\/?attachment_id=30416#main\"><img decoding=\"async\" width=\"704\" height=\"1024\" data-src=\"https:\/\/confederaciopenyes.cat\/wp-content\/uploads\/2025\/04\/CARTEL-XUNTANZA-PENAS-BARCELONA-2025_page-0001-704x1024.jpg\" alt=\"\" class=\"wp-image-30416 lazyload\" style=\"--smush-placeholder-width: 704px; --smush-placeholder-aspect-ratio: 704\/1024;width:434px;height:auto\" data-srcset=\"https:\/\/confederaciopenyes.cat\/wp-content\/uploads\/2025\/04\/CARTEL-XUNTANZA-PENAS-BARCELONA-2025_page-0001-704x1024.jpg 704w, https:\/\/confederaciopenyes.cat\/wp-content\/uploads\/2025\/04\/CARTEL-XUNTANZA-PENAS-BARCELONA-2025_page-0001-206x300.jpg 206w, https:\/\/confederaciopenyes.cat\/wp-content\/uploads\/2025\/04\/CARTEL-XUNTANZA-PENAS-BARCELONA-2025_page-0001-768x1117.jpg 768w, https:\/\/confederaciopenyes.cat\/wp-content\/uploads\/2025\/04\/CARTEL-XUNTANZA-PENAS-BARCELONA-2025_page-0001-1056x1536.jpg 1056w, https:\/\/confederaciopenyes.cat\/wp-content\/uploads\/2025\/04\/CARTEL-XUNTANZA-PENAS-BARCELONA-2025_page-0001-1408x2048.jpg 1408w, https:\/\/confederaciopenyes.cat\/wp-content\/uploads\/2025\/04\/CARTEL-XUNTANZA-PENAS-BARCELONA-2025_page-0001-scaled.jpg 1760w\" data-sizes=\"(max-width: 704px) 100vw, 704px\" src=\"data:image\/svg+xml;base64,PHN2ZyB3aWR0aD0iMSIgaGVpZ2h0PSIxIiB4bWxucz0iaHR0cDovL3d3dy53My5vcmcvMjAwMC9zdmciPjwvc3ZnPg==\" \/><\/a><\/figure>\n<\/div>","protected":false},"excerpt":{"rendered":"<p>The Federaci\u00f3n de Pe\u00f1as Barcelonistas Galegas recently held an ordinary assembly in the town of Boiro (A Coru\u00f1a), hosted by the Pe\u00f1a Barcelonista do Barbanza. Around twenty supporters\u2019 clubs belonging to this federation took part in the event, with its president Salvador Cervi\u00f1o at the head. The delegate of the Advisory Council in Galicia, Nieves &#8230; <a title=\"Assembly of the Federaci\u00f3n de Pe\u00f1as Galegas in Boiro\" class=\"read-more\" href=\"https:\/\/confederaciopenyes.cat\/en\/assembly-of-the-federacion-de-penas-galegas-in-boiro\/\" aria-label=\"Read more about Assembly of the Federaci\u00f3n de Pe\u00f1as Galegas in Boiro\">Read more<\/a><\/p>\n","protected":false},"author":4,"featured_media":30414,"comment_status":"closed","ping_status":"open","sticky":false,"template":"","format":"standard","meta":{"_acf_changed":false,"footnotes":""},"categories":[78],"tags":[2599,2582,2600,2561,3574],"class_list":["post-30442","post","type-post","status-publish","format-standard","has-post-thumbnail","hentry","category-news-en","tag-confederacio-mundial-de-penyes-en-3","tag-federacion-penas-barcelonistas-galegas-en","tag-news-en-2","tag-penyes-en","tag-xuntanza-en"],"acf":[],"yoast_head":"<!-- This site is optimized with the Yoast SEO Premium plugin v27.5 (Yoast SEO v27.5) - https:\/\/yoast.com\/product\/yoast-seo-premium-wordpress\/ -->\n<title>Assembly of the Federaci\u00f3n de Pe\u00f1as Galegas in Boiro - Confederaci\u00f3 Mundial de Penyes del FC Barcelona<\/title>\n<meta name=\"description\" content=\"The Federaci\u00f3n de Pe\u00f1as Galegas met in Boiro (La Coru\u00f1a) to start the preparations for the XXXI Xuntanza.\" \/>\n<meta name=\"robots\" content=\"index, follow, max-snippet:-1, max-image-preview:large, max-video-preview:-1\" \/>\n<link rel=\"canonical\" href=\"https:\/\/confederaciopenyes.cat\/en\/assembly-of-the-federacion-de-penas-galegas-in-boiro\/\" \/>\n<meta property=\"og:locale\" content=\"en_US\" \/>\n<meta property=\"og:type\" content=\"article\" \/>\n<meta property=\"og:title\" content=\"Assembly of the Federaci\u00f3n de Pe\u00f1as Galegas in Boiro\" \/>\n<meta property=\"og:description\" content=\"The Federaci\u00f3n de Pe\u00f1as Galegas met in Boiro (La Coru\u00f1a) to start the preparations for the XXXI Xuntanza.\" \/>\n<meta property=\"og:url\" content=\"https:\/\/confederaciopenyes.cat\/en\/assembly-of-the-federacion-de-penas-galegas-in-boiro\/\" \/>\n<meta property=\"og:site_name\" content=\"Confederaci\u00f3 Mundial de Penyes del FC Barcelona\" \/>\n<meta property=\"article:publisher\" content=\"https:\/\/www.facebook.com\/ConfederacioMundialPenyesFCB\" \/>\n<meta property=\"article:published_time\" content=\"2025-04-01T10:11:32+00:00\" \/>\n<meta property=\"article:modified_time\" content=\"2025-04-01T10:52:03+00:00\" \/>\n<meta property=\"og:image\" content=\"https:\/\/confederaciopenyes.cat\/wp-content\/uploads\/2025\/04\/IMG-20250331-WA000411.jpg\" \/>\n\t<meta property=\"og:image:width\" content=\"1594\" \/>\n\t<meta property=\"og:image:height\" content=\"701\" \/>\n\t<meta property=\"og:image:type\" content=\"image\/jpeg\" \/>\n<meta name=\"author\" content=\"Confederaci\u00f3 Mundial de Penyes del FC Barcelona\" \/>\n<meta name=\"twitter:card\" content=\"summary_large_image\" \/>\n<meta name=\"twitter:creator\" content=\"@ConfePenyesFCB\" \/>\n<meta name=\"twitter:site\" content=\"@ConfePenyesFCB\" \/>\n<meta name=\"twitter:label1\" content=\"Written by\" \/>\n\t<meta name=\"twitter:data1\" content=\"Confederaci\u00f3 Mundial de Penyes del FC Barcelona\" \/>\n\t<meta name=\"twitter:label2\" content=\"Est. reading time\" \/>\n\t<meta name=\"twitter:data2\" content=\"2 minutes\" \/>\n<script type=\"application\/ld+json\" class=\"yoast-schema-graph\">{\"@context\":\"https:\\\/\\\/schema.org\",\"@graph\":[{\"@type\":\"Article\",\"@id\":\"https:\\\/\\\/confederaciopenyes.cat\\\/en\\\/assembly-of-the-federacion-de-penas-galegas-in-boiro\\\/#article\",\"isPartOf\":{\"@id\":\"https:\\\/\\\/confederaciopenyes.cat\\\/en\\\/assembly-of-the-federacion-de-penas-galegas-in-boiro\\\/\"},\"author\":{\"name\":\"Confederaci\u00f3 Mundial de Penyes del FC Barcelona\",\"@id\":\"https:\\\/\\\/confederaciopenyes.cat\\\/en\\\/#\\\/schema\\\/person\\\/337072f6daef87a85aa59aa1f134387c\"},\"headline\":\"Assembly of the Federaci\u00f3n de Pe\u00f1as Galegas in Boiro\",\"datePublished\":\"2025-04-01T10:11:32+00:00\",\"dateModified\":\"2025-04-01T10:52:03+00:00\",\"mainEntityOfPage\":{\"@id\":\"https:\\\/\\\/confederaciopenyes.cat\\\/en\\\/assembly-of-the-federacion-de-penas-galegas-in-boiro\\\/\"},\"wordCount\":249,\"publisher\":{\"@id\":\"https:\\\/\\\/confederaciopenyes.cat\\\/en\\\/#organization\"},\"image\":{\"@id\":\"https:\\\/\\\/confederaciopenyes.cat\\\/en\\\/assembly-of-the-federacion-de-penas-galegas-in-boiro\\\/#primaryimage\"},\"thumbnailUrl\":\"https:\\\/\\\/confederaciopenyes.cat\\\/wp-content\\\/uploads\\\/2025\\\/04\\\/IMG-20250331-WA000411.jpg\",\"keywords\":[\"confederaci\u00f3 mundial de penyes\",\"federaci\u00f3n pe\u00f1as barcelonistas galegas\",\"news\",\"penyes\",\"Xuntanza\"],\"articleSection\":[\"News\"],\"inLanguage\":\"en-US\"},{\"@type\":\"WebPage\",\"@id\":\"https:\\\/\\\/confederaciopenyes.cat\\\/en\\\/assembly-of-the-federacion-de-penas-galegas-in-boiro\\\/\",\"url\":\"https:\\\/\\\/confederaciopenyes.cat\\\/en\\\/assembly-of-the-federacion-de-penas-galegas-in-boiro\\\/\",\"name\":\"Assembly of the Federaci\u00f3n de Pe\u00f1as Galegas in Boiro - Confederaci\u00f3 Mundial de Penyes del FC Barcelona\",\"isPartOf\":{\"@id\":\"https:\\\/\\\/confederaciopenyes.cat\\\/en\\\/#website\"},\"primaryImageOfPage\":{\"@id\":\"https:\\\/\\\/confederaciopenyes.cat\\\/en\\\/assembly-of-the-federacion-de-penas-galegas-in-boiro\\\/#primaryimage\"},\"image\":{\"@id\":\"https:\\\/\\\/confederaciopenyes.cat\\\/en\\\/assembly-of-the-federacion-de-penas-galegas-in-boiro\\\/#primaryimage\"},\"thumbnailUrl\":\"https:\\\/\\\/confederaciopenyes.cat\\\/wp-content\\\/uploads\\\/2025\\\/04\\\/IMG-20250331-WA000411.jpg\",\"datePublished\":\"2025-04-01T10:11:32+00:00\",\"dateModified\":\"2025-04-01T10:52:03+00:00\",\"description\":\"The Federaci\u00f3n de Pe\u00f1as Galegas met in Boiro (La Coru\u00f1a) to start the preparations for the XXXI Xuntanza.\",\"breadcrumb\":{\"@id\":\"https:\\\/\\\/confederaciopenyes.cat\\\/en\\\/assembly-of-the-federacion-de-penas-galegas-in-boiro\\\/#breadcrumb\"},\"inLanguage\":\"en-US\",\"potentialAction\":[{\"@type\":\"ReadAction\",\"target\":[\"https:\\\/\\\/confederaciopenyes.cat\\\/en\\\/assembly-of-the-federacion-de-penas-galegas-in-boiro\\\/\"]}]},{\"@type\":\"ImageObject\",\"inLanguage\":\"en-US\",\"@id\":\"https:\\\/\\\/confederaciopenyes.cat\\\/en\\\/assembly-of-the-federacion-de-penas-galegas-in-boiro\\\/#primaryimage\",\"url\":\"https:\\\/\\\/confederaciopenyes.cat\\\/wp-content\\\/uploads\\\/2025\\\/04\\\/IMG-20250331-WA000411.jpg\",\"contentUrl\":\"https:\\\/\\\/confederaciopenyes.cat\\\/wp-content\\\/uploads\\\/2025\\\/04\\\/IMG-20250331-WA000411.jpg\",\"width\":1594,\"height\":701},{\"@type\":\"BreadcrumbList\",\"@id\":\"https:\\\/\\\/confederaciopenyes.cat\\\/en\\\/assembly-of-the-federacion-de-penas-galegas-in-boiro\\\/#breadcrumb\",\"itemListElement\":[{\"@type\":\"ListItem\",\"position\":1,\"name\":\"Inici\",\"item\":\"https:\\\/\\\/confederaciopenyes.cat\\\/en\\\/\"},{\"@type\":\"ListItem\",\"position\":2,\"name\":\"Assembly of the Federaci\u00f3n de Pe\u00f1as Galegas in Boiro\"}]},{\"@type\":\"WebSite\",\"@id\":\"https:\\\/\\\/confederaciopenyes.cat\\\/en\\\/#website\",\"url\":\"https:\\\/\\\/confederaciopenyes.cat\\\/en\\\/\",\"name\":\"Confederaci\u00f3 Mundial de Penyes del FC Barcelona\",\"description\":\"C.M. Penyes FC Barcelona\",\"publisher\":{\"@id\":\"https:\\\/\\\/confederaciopenyes.cat\\\/en\\\/#organization\"},\"potentialAction\":[{\"@type\":\"SearchAction\",\"target\":{\"@type\":\"EntryPoint\",\"urlTemplate\":\"https:\\\/\\\/confederaciopenyes.cat\\\/en\\\/?s={search_term_string}\"},\"query-input\":{\"@type\":\"PropertyValueSpecification\",\"valueRequired\":true,\"valueName\":\"search_term_string\"}}],\"inLanguage\":\"en-US\"},{\"@type\":\"Organization\",\"@id\":\"https:\\\/\\\/confederaciopenyes.cat\\\/en\\\/#organization\",\"name\":\"Confederaci\u00f3 Mundial de Penyes del FC Barcelona\",\"url\":\"https:\\\/\\\/confederaciopenyes.cat\\\/en\\\/\",\"logo\":{\"@type\":\"ImageObject\",\"inLanguage\":\"en-US\",\"@id\":\"https:\\\/\\\/confederaciopenyes.cat\\\/en\\\/#\\\/schema\\\/logo\\\/image\\\/\",\"url\":\"https:\\\/\\\/confederaciopenyes.cat\\\/wp-content\\\/uploads\\\/2022\\\/07\\\/cropped-logo_horizontal.png\",\"contentUrl\":\"https:\\\/\\\/confederaciopenyes.cat\\\/wp-content\\\/uploads\\\/2022\\\/07\\\/cropped-logo_horizontal.png\",\"width\":1320,\"height\":309,\"caption\":\"Confederaci\u00f3 Mundial de Penyes del FC Barcelona\"},\"image\":{\"@id\":\"https:\\\/\\\/confederaciopenyes.cat\\\/en\\\/#\\\/schema\\\/logo\\\/image\\\/\"},\"sameAs\":[\"https:\\\/\\\/www.facebook.com\\\/ConfederacioMundialPenyesFCB\",\"https:\\\/\\\/x.com\\\/ConfePenyesFCB\",\"https:\\\/\\\/www.instagram.com\\\/confepenyesfcb\\\/\"]},{\"@type\":\"Person\",\"@id\":\"https:\\\/\\\/confederaciopenyes.cat\\\/en\\\/#\\\/schema\\\/person\\\/337072f6daef87a85aa59aa1f134387c\",\"name\":\"Confederaci\u00f3 Mundial de Penyes del FC Barcelona\",\"image\":{\"@type\":\"ImageObject\",\"inLanguage\":\"en-US\",\"@id\":\"https:\\\/\\\/secure.gravatar.com\\\/avatar\\\/98c60c7405ff843b10aec55db652bd3f5cb4320ef331ae76c156819a62194328?s=96&d=mm&r=g\",\"url\":\"https:\\\/\\\/secure.gravatar.com\\\/avatar\\\/98c60c7405ff843b10aec55db652bd3f5cb4320ef331ae76c156819a62194328?s=96&d=mm&r=g\",\"contentUrl\":\"https:\\\/\\\/secure.gravatar.com\\\/avatar\\\/98c60c7405ff843b10aec55db652bd3f5cb4320ef331ae76c156819a62194328?s=96&d=mm&r=g\",\"caption\":\"Confederaci\u00f3 Mundial de Penyes del FC Barcelona\"},\"url\":\"https:\\\/\\\/confederaciopenyes.cat\\\/en\\\/author\\\/comunicacioconfederaciopenyes-cat\\\/\"}]}<\/script>\n<!-- \/ Yoast SEO Premium plugin. -->","yoast_head_json":{"title":"Assembly of the Federaci\u00f3n de Pe\u00f1as Galegas in Boiro - Confederaci\u00f3 Mundial de Penyes del FC Barcelona","description":"The Federaci\u00f3n de Pe\u00f1as Galegas met in Boiro (La Coru\u00f1a) to start the preparations for the XXXI Xuntanza.","robots":{"index":"index","follow":"follow","max-snippet":"max-snippet:-1","max-image-preview":"max-image-preview:large","max-video-preview":"max-video-preview:-1"},"canonical":"https:\/\/confederaciopenyes.cat\/en\/assembly-of-the-federacion-de-penas-galegas-in-boiro\/","og_locale":"en_US","og_type":"article","og_title":"Assembly of the Federaci\u00f3n de Pe\u00f1as Galegas in Boiro","og_description":"The Federaci\u00f3n de Pe\u00f1as Galegas met in Boiro (La Coru\u00f1a) to start the preparations for the XXXI Xuntanza.","og_url":"https:\/\/confederaciopenyes.cat\/en\/assembly-of-the-federacion-de-penas-galegas-in-boiro\/","og_site_name":"Confederaci\u00f3 Mundial de Penyes del FC Barcelona","article_publisher":"https:\/\/www.facebook.com\/ConfederacioMundialPenyesFCB","article_published_time":"2025-04-01T10:11:32+00:00","article_modified_time":"2025-04-01T10:52:03+00:00","og_image":[{"width":1594,"height":701,"url":"https:\/\/confederaciopenyes.cat\/wp-content\/uploads\/2025\/04\/IMG-20250331-WA000411.jpg","type":"image\/jpeg"}],"author":"Confederaci\u00f3 Mundial de Penyes del FC Barcelona","twitter_card":"summary_large_image","twitter_creator":"@ConfePenyesFCB","twitter_site":"@ConfePenyesFCB","twitter_misc":{"Written by":"Confederaci\u00f3 Mundial de Penyes del FC Barcelona","Est. reading time":"2 minutes"},"schema":{"@context":"https:\/\/schema.org","@graph":[{"@type":"Article","@id":"https:\/\/confederaciopenyes.cat\/en\/assembly-of-the-federacion-de-penas-galegas-in-boiro\/#article","isPartOf":{"@id":"https:\/\/confederaciopenyes.cat\/en\/assembly-of-the-federacion-de-penas-galegas-in-boiro\/"},"author":{"name":"Confederaci\u00f3 Mundial de Penyes del FC Barcelona","@id":"https:\/\/confederaciopenyes.cat\/en\/#\/schema\/person\/337072f6daef87a85aa59aa1f134387c"},"headline":"Assembly of the Federaci\u00f3n de Pe\u00f1as Galegas in Boiro","datePublished":"2025-04-01T10:11:32+00:00","dateModified":"2025-04-01T10:52:03+00:00","mainEntityOfPage":{"@id":"https:\/\/confederaciopenyes.cat\/en\/assembly-of-the-federacion-de-penas-galegas-in-boiro\/"},"wordCount":249,"publisher":{"@id":"https:\/\/confederaciopenyes.cat\/en\/#organization"},"image":{"@id":"https:\/\/confederaciopenyes.cat\/en\/assembly-of-the-federacion-de-penas-galegas-in-boiro\/#primaryimage"},"thumbnailUrl":"https:\/\/confederaciopenyes.cat\/wp-content\/uploads\/2025\/04\/IMG-20250331-WA000411.jpg","keywords":["confederaci\u00f3 mundial de penyes","federaci\u00f3n pe\u00f1as barcelonistas galegas","news","penyes","Xuntanza"],"articleSection":["News"],"inLanguage":"en-US"},{"@type":"WebPage","@id":"https:\/\/confederaciopenyes.cat\/en\/assembly-of-the-federacion-de-penas-galegas-in-boiro\/","url":"https:\/\/confederaciopenyes.cat\/en\/assembly-of-the-federacion-de-penas-galegas-in-boiro\/","name":"Assembly of the Federaci\u00f3n de Pe\u00f1as Galegas in Boiro - Confederaci\u00f3 Mundial de Penyes del FC Barcelona","isPartOf":{"@id":"https:\/\/confederaciopenyes.cat\/en\/#website"},"primaryImageOfPage":{"@id":"https:\/\/confederaciopenyes.cat\/en\/assembly-of-the-federacion-de-penas-galegas-in-boiro\/#primaryimage"},"image":{"@id":"https:\/\/confederaciopenyes.cat\/en\/assembly-of-the-federacion-de-penas-galegas-in-boiro\/#primaryimage"},"thumbnailUrl":"https:\/\/confederaciopenyes.cat\/wp-content\/uploads\/2025\/04\/IMG-20250331-WA000411.jpg","datePublished":"2025-04-01T10:11:32+00:00","dateModified":"2025-04-01T10:52:03+00:00","description":"The Federaci\u00f3n de Pe\u00f1as Galegas met in Boiro (La Coru\u00f1a) to start the preparations for the XXXI Xuntanza.","breadcrumb":{"@id":"https:\/\/confederaciopenyes.cat\/en\/assembly-of-the-federacion-de-penas-galegas-in-boiro\/#breadcrumb"},"inLanguage":"en-US","potentialAction":[{"@type":"ReadAction","target":["https:\/\/confederaciopenyes.cat\/en\/assembly-of-the-federacion-de-penas-galegas-in-boiro\/"]}]},{"@type":"ImageObject","inLanguage":"en-US","@id":"https:\/\/confederaciopenyes.cat\/en\/assembly-of-the-federacion-de-penas-galegas-in-boiro\/#primaryimage","url":"https:\/\/confederaciopenyes.cat\/wp-content\/uploads\/2025\/04\/IMG-20250331-WA000411.jpg","contentUrl":"https:\/\/confederaciopenyes.cat\/wp-content\/uploads\/2025\/04\/IMG-20250331-WA000411.jpg","width":1594,"height":701},{"@type":"BreadcrumbList","@id":"https:\/\/confederaciopenyes.cat\/en\/assembly-of-the-federacion-de-penas-galegas-in-boiro\/#breadcrumb","itemListElement":[{"@type":"ListItem","position":1,"name":"Inici","item":"https:\/\/confederaciopenyes.cat\/en\/"},{"@type":"ListItem","position":2,"name":"Assembly of the Federaci\u00f3n de Pe\u00f1as Galegas in Boiro"}]},{"@type":"WebSite","@id":"https:\/\/confederaciopenyes.cat\/en\/#website","url":"https:\/\/confederaciopenyes.cat\/en\/","name":"Confederaci\u00f3 Mundial de Penyes del FC Barcelona","description":"C.M. Penyes FC Barcelona","publisher":{"@id":"https:\/\/confederaciopenyes.cat\/en\/#organization"},"potentialAction":[{"@type":"SearchAction","target":{"@type":"EntryPoint","urlTemplate":"https:\/\/confederaciopenyes.cat\/en\/?s={search_term_string}"},"query-input":{"@type":"PropertyValueSpecification","valueRequired":true,"valueName":"search_term_string"}}],"inLanguage":"en-US"},{"@type":"Organization","@id":"https:\/\/confederaciopenyes.cat\/en\/#organization","name":"Confederaci\u00f3 Mundial de Penyes del FC Barcelona","url":"https:\/\/confederaciopenyes.cat\/en\/","logo":{"@type":"ImageObject","inLanguage":"en-US","@id":"https:\/\/confederaciopenyes.cat\/en\/#\/schema\/logo\/image\/","url":"https:\/\/confederaciopenyes.cat\/wp-content\/uploads\/2022\/07\/cropped-logo_horizontal.png","contentUrl":"https:\/\/confederaciopenyes.cat\/wp-content\/uploads\/2022\/07\/cropped-logo_horizontal.png","width":1320,"height":309,"caption":"Confederaci\u00f3 Mundial de Penyes del FC Barcelona"},"image":{"@id":"https:\/\/confederaciopenyes.cat\/en\/#\/schema\/logo\/image\/"},"sameAs":["https:\/\/www.facebook.com\/ConfederacioMundialPenyesFCB","https:\/\/x.com\/ConfePenyesFCB","https:\/\/www.instagram.com\/confepenyesfcb\/"]},{"@type":"Person","@id":"https:\/\/confederaciopenyes.cat\/en\/#\/schema\/person\/337072f6daef87a85aa59aa1f134387c","name":"Confederaci\u00f3 Mundial de Penyes del FC Barcelona","image":{"@type":"ImageObject","inLanguage":"en-US","@id":"https:\/\/secure.gravatar.com\/avatar\/98c60c7405ff843b10aec55db652bd3f5cb4320ef331ae76c156819a62194328?s=96&d=mm&r=g","url":"https:\/\/secure.gravatar.com\/avatar\/98c60c7405ff843b10aec55db652bd3f5cb4320ef331ae76c156819a62194328?s=96&d=mm&r=g","contentUrl":"https:\/\/secure.gravatar.com\/avatar\/98c60c7405ff843b10aec55db652bd3f5cb4320ef331ae76c156819a62194328?s=96&d=mm&r=g","caption":"Confederaci\u00f3 Mundial de Penyes del FC Barcelona"},"url":"https:\/\/confederaciopenyes.cat\/en\/author\/comunicacioconfederaciopenyes-cat\/"}]}},"_links":{"self":[{"href":"https:\/\/confederaciopenyes.cat\/en\/wp-json\/wp\/v2\/posts\/30442","targetHints":{"allow":["GET"]}}],"collection":[{"href":"https:\/\/confederaciopenyes.cat\/en\/wp-json\/wp\/v2\/posts"}],"about":[{"href":"https:\/\/confederaciopenyes.cat\/en\/wp-json\/wp\/v2\/types\/post"}],"author":[{"embeddable":true,"href":"https:\/\/confederaciopenyes.cat\/en\/wp-json\/wp\/v2\/users\/4"}],"replies":[{"embeddable":true,"href":"https:\/\/confederaciopenyes.cat\/en\/wp-json\/wp\/v2\/comments?post=30442"}],"version-history":[{"count":2,"href":"https:\/\/confederaciopenyes.cat\/en\/wp-json\/wp\/v2\/posts\/30442\/revisions"}],"predecessor-version":[{"id":30444,"href":"https:\/\/confederaciopenyes.cat\/en\/wp-json\/wp\/v2\/posts\/30442\/revisions\/30444"}],"wp:featuredmedia":[{"embeddable":true,"href":"https:\/\/confederaciopenyes.cat\/en\/wp-json\/wp\/v2\/media\/30414"}],"wp:attachment":[{"href":"https:\/\/confederaciopenyes.cat\/en\/wp-json\/wp\/v2\/media?parent=30442"}],"wp:term":[{"taxonomy":"category","embeddable":true,"href":"https:\/\/confederaciopenyes.cat\/en\/wp-json\/wp\/v2\/categories?post=30442"},{"taxonomy":"post_tag","embeddable":true,"href":"https:\/\/confederaciopenyes.cat\/en\/wp-json\/wp\/v2\/tags?post=30442"}],"curies":[{"name":"wp","href":"https:\/\/api.w.org\/{rel}","templated":true}]}}