{"id":32054,"date":"2025-06-03T11:14:01","date_gmt":"2025-06-03T09:14:01","guid":{"rendered":"https:\/\/confederaciopenyes.cat\/the-pb-la-riera-de-gaia-waves-the-blaugrana-colours-at-the-summit-of-kilimanjaro\/"},"modified":"2025-06-03T12:19:58","modified_gmt":"2025-06-03T10:19:58","slug":"the-pb-la-riera-de-gaia-waves-the-blaugrana-colours-at-the-summit-of-kilimanjaro","status":"publish","type":"post","link":"https:\/\/confederaciopenyes.cat\/en\/the-pb-la-riera-de-gaia-waves-the-blaugrana-colours-at-the-summit-of-kilimanjaro\/","title":{"rendered":"The PB La Riera de Gai\u00e0 waves the blaugrana colours at the summit of Kilimanjaro"},"content":{"rendered":"\n<p>The <strong><a href=\"https:\/\/www.instagram.com\/pb.rieradegaia\/\" target=\"_blank\" rel=\"noreferrer noopener\">Penya Barcelonista de La Riera de Gai\u00e0<\/a><\/strong> (Federaci\u00f3 de Penyes de Tarragona Nord) can now explain that they have carried their colours to<strong> 5,895 metres above sea level<\/strong>. It is the <strong>summit of Kilimanjaro<\/strong>, the highest of the African continent, and that <strong>was achieved last Sunday, June 1, by the president of the penya, Marc Aznar, accompanied by another of its members<\/strong>. Both travelled to Tanzania in mid-May to embark on an expedition that has taken them to this emblematic peak. In all the stages and stops, the two members of the PB La Riera de Gai\u00e0<strong> have proudly worn the blaugrana flag of the penya<\/strong> and have shared experiences with the local population.   <\/p>\n\n<p>In mid-October, the PB La Riera de Gai\u00e0 already showed its vocation for hiking by <strong>reaching the summit of Puigmal, more than 2,900 metres high<\/strong>. In addition, the penya <strong><a href=\"https:\/\/confederaciopenyes.cat\/en\/new-march-to-montserrat-by-the-pb-la-riera-de-gaia\/\" target=\"_blank\" rel=\"noreferrer noopener\">has recovered the traditional walk to Montserrat from La Riera de Gai\u00e0<\/a><\/strong>, a 100-kilometre route that every year has more popularity and participants in the town of Tarragona.  <\/p>\n\n<figure class=\"wp-block-gallery has-nested-images columns-default is-cropped wp-block-gallery-1 is-layout-flex wp-block-gallery-is-layout-flex\">\n<figure class=\"wp-block-image size-large\"><a href=\"https:\/\/confederaciopenyes.cat\/wp-content\/uploads\/2025\/06\/494829449_1668895974500035_6902422805394049852_n.jpg\"><img decoding=\"async\" width=\"584\" height=\"438\" data-id=\"32015\" data-src=\"https:\/\/confederaciopenyes.cat\/wp-content\/uploads\/2025\/06\/494829449_1668895974500035_6902422805394049852_n.jpg\" alt=\"\" class=\"wp-image-32015 lazyload\" data-srcset=\"https:\/\/confederaciopenyes.cat\/wp-content\/uploads\/2025\/06\/494829449_1668895974500035_6902422805394049852_n.jpg 584w, https:\/\/confederaciopenyes.cat\/wp-content\/uploads\/2025\/06\/494829449_1668895974500035_6902422805394049852_n-300x225.jpg 300w\" data-sizes=\"(max-width: 584px) 100vw, 584px\" src=\"data:image\/svg+xml;base64,PHN2ZyB3aWR0aD0iMSIgaGVpZ2h0PSIxIiB4bWxucz0iaHR0cDovL3d3dy53My5vcmcvMjAwMC9zdmciPjwvc3ZnPg==\" style=\"--smush-placeholder-width: 584px; --smush-placeholder-aspect-ratio: 584\/438;\" \/><\/a><\/figure>\n\n\n\n<figure class=\"wp-block-image size-large\"><a href=\"https:\/\/confederaciopenyes.cat\/wp-content\/uploads\/2025\/06\/501813466_18165591145345861_7908464961380261890_n.jpg\"><img decoding=\"async\" width=\"902\" height=\"509\" data-id=\"32021\" data-src=\"https:\/\/confederaciopenyes.cat\/wp-content\/uploads\/2025\/06\/501813466_18165591145345861_7908464961380261890_n.jpg\" alt=\"\" class=\"wp-image-32021 lazyload\" data-srcset=\"https:\/\/confederaciopenyes.cat\/wp-content\/uploads\/2025\/06\/501813466_18165591145345861_7908464961380261890_n.jpg 902w, https:\/\/confederaciopenyes.cat\/wp-content\/uploads\/2025\/06\/501813466_18165591145345861_7908464961380261890_n-300x169.jpg 300w, https:\/\/confederaciopenyes.cat\/wp-content\/uploads\/2025\/06\/501813466_18165591145345861_7908464961380261890_n-768x433.jpg 768w\" data-sizes=\"(max-width: 902px) 100vw, 902px\" src=\"data:image\/svg+xml;base64,PHN2ZyB3aWR0aD0iMSIgaGVpZ2h0PSIxIiB4bWxucz0iaHR0cDovL3d3dy53My5vcmcvMjAwMC9zdmciPjwvc3ZnPg==\" style=\"--smush-placeholder-width: 902px; --smush-placeholder-aspect-ratio: 902\/509;\" \/><\/a><\/figure>\n\n\n\n<figure class=\"wp-block-image size-large\"><a href=\"https:\/\/confederaciopenyes.cat\/wp-content\/uploads\/2025\/06\/494829999_1768623317021216_1023552240985838618_n.jpg\"><img decoding=\"async\" width=\"586\" height=\"586\" data-id=\"32018\" data-src=\"https:\/\/confederaciopenyes.cat\/wp-content\/uploads\/2025\/06\/494829999_1768623317021216_1023552240985838618_n.jpg\" alt=\"\" class=\"wp-image-32018 lazyload\" data-srcset=\"https:\/\/confederaciopenyes.cat\/wp-content\/uploads\/2025\/06\/494829999_1768623317021216_1023552240985838618_n.jpg 586w, https:\/\/confederaciopenyes.cat\/wp-content\/uploads\/2025\/06\/494829999_1768623317021216_1023552240985838618_n-300x300.jpg 300w, https:\/\/confederaciopenyes.cat\/wp-content\/uploads\/2025\/06\/494829999_1768623317021216_1023552240985838618_n-150x150.jpg 150w\" data-sizes=\"(max-width: 586px) 100vw, 586px\" src=\"data:image\/svg+xml;base64,PHN2ZyB3aWR0aD0iMSIgaGVpZ2h0PSIxIiB4bWxucz0iaHR0cDovL3d3dy53My5vcmcvMjAwMC9zdmciPjwvc3ZnPg==\" style=\"--smush-placeholder-width: 586px; --smush-placeholder-aspect-ratio: 586\/586;\" \/><\/a><\/figure>\n\n\n\n<figure class=\"wp-block-image size-large\"><a href=\"https:\/\/confederaciopenyes.cat\/wp-content\/uploads\/2025\/06\/503000875_18165897397345861_4904542943255154235_n.jpg\"><img decoding=\"async\" width=\"1024\" height=\"768\" data-id=\"32012\" data-src=\"https:\/\/confederaciopenyes.cat\/wp-content\/uploads\/2025\/06\/503000875_18165897397345861_4904542943255154235_n-1024x768.jpg\" alt=\"\" class=\"wp-image-32012 lazyload\" data-srcset=\"https:\/\/confederaciopenyes.cat\/wp-content\/uploads\/2025\/06\/503000875_18165897397345861_4904542943255154235_n-1024x768.jpg 1024w, https:\/\/confederaciopenyes.cat\/wp-content\/uploads\/2025\/06\/503000875_18165897397345861_4904542943255154235_n-300x225.jpg 300w, https:\/\/confederaciopenyes.cat\/wp-content\/uploads\/2025\/06\/503000875_18165897397345861_4904542943255154235_n-768x576.jpg 768w, https:\/\/confederaciopenyes.cat\/wp-content\/uploads\/2025\/06\/503000875_18165897397345861_4904542943255154235_n.jpg 1080w\" data-sizes=\"(max-width: 1024px) 100vw, 1024px\" src=\"data:image\/svg+xml;base64,PHN2ZyB3aWR0aD0iMSIgaGVpZ2h0PSIxIiB4bWxucz0iaHR0cDovL3d3dy53My5vcmcvMjAwMC9zdmciPjwvc3ZnPg==\" style=\"--smush-placeholder-width: 1024px; --smush-placeholder-aspect-ratio: 1024\/768;\" \/><\/a><\/figure>\n\n\n\n<figure class=\"wp-block-image size-large\"><a href=\"https:\/\/confederaciopenyes.cat\/wp-content\/uploads\/2025\/06\/503892541_18166168837345861_2547217174431160844_n-1.jpg\"><img decoding=\"async\" width=\"1024\" height=\"768\" data-id=\"32030\" data-src=\"https:\/\/confederaciopenyes.cat\/wp-content\/uploads\/2025\/06\/503892541_18166168837345861_2547217174431160844_n-1-1024x768.jpg\" alt=\"\" class=\"wp-image-32030 lazyload\" data-srcset=\"https:\/\/confederaciopenyes.cat\/wp-content\/uploads\/2025\/06\/503892541_18166168837345861_2547217174431160844_n-1-1024x768.jpg 1024w, https:\/\/confederaciopenyes.cat\/wp-content\/uploads\/2025\/06\/503892541_18166168837345861_2547217174431160844_n-1-300x225.jpg 300w, https:\/\/confederaciopenyes.cat\/wp-content\/uploads\/2025\/06\/503892541_18166168837345861_2547217174431160844_n-1-768x576.jpg 768w, https:\/\/confederaciopenyes.cat\/wp-content\/uploads\/2025\/06\/503892541_18166168837345861_2547217174431160844_n-1.jpg 1080w\" data-sizes=\"(max-width: 1024px) 100vw, 1024px\" src=\"data:image\/svg+xml;base64,PHN2ZyB3aWR0aD0iMSIgaGVpZ2h0PSIxIiB4bWxucz0iaHR0cDovL3d3dy53My5vcmcvMjAwMC9zdmciPjwvc3ZnPg==\" style=\"--smush-placeholder-width: 1024px; --smush-placeholder-aspect-ratio: 1024\/768;\" \/><\/a><\/figure>\n\n\n\n<figure class=\"wp-block-image size-large\"><a href=\"https:\/\/confederaciopenyes.cat\/wp-content\/uploads\/2025\/06\/503862267_18166168822345861_6505398211886065739_n-1-edited.jpg\"><img decoding=\"async\" width=\"900\" height=\"900\" data-id=\"32033\" data-src=\"https:\/\/confederaciopenyes.cat\/wp-content\/uploads\/2025\/06\/503862267_18166168822345861_6505398211886065739_n-1-edited.jpg\" alt=\"\" class=\"wp-image-32033 lazyload\" data-srcset=\"https:\/\/confederaciopenyes.cat\/wp-content\/uploads\/2025\/06\/503862267_18166168822345861_6505398211886065739_n-1-edited.jpg 900w, https:\/\/confederaciopenyes.cat\/wp-content\/uploads\/2025\/06\/503862267_18166168822345861_6505398211886065739_n-1-edited-300x300.jpg 300w, https:\/\/confederaciopenyes.cat\/wp-content\/uploads\/2025\/06\/503862267_18166168822345861_6505398211886065739_n-1-edited-150x150.jpg 150w, https:\/\/confederaciopenyes.cat\/wp-content\/uploads\/2025\/06\/503862267_18166168822345861_6505398211886065739_n-1-edited-768x768.jpg 768w\" data-sizes=\"(max-width: 900px) 100vw, 900px\" src=\"data:image\/svg+xml;base64,PHN2ZyB3aWR0aD0iMSIgaGVpZ2h0PSIxIiB4bWxucz0iaHR0cDovL3d3dy53My5vcmcvMjAwMC9zdmciPjwvc3ZnPg==\" style=\"--smush-placeholder-width: 900px; --smush-placeholder-aspect-ratio: 900\/900;\" \/><\/a><\/figure>\n<\/figure>\n\n<p><\/p>\n\n<h6 class=\"wp-block-heading\" id=\"h-barcelonisme-d-alcada-arreu-del-mon\"><strong>High-altitude blaugrana passion all over the world<\/strong><\/h6>\n\n<p>This mountainous achievement of the PB La Riera de Gai\u00e0 joins other FC Barcelona penyes around the world that in recent months have wanted to take their colours to the highest peaks of the planet. In fact, one of them reached the highest point of all, as a member of the <strong><a href=\"https:\/\/www.instagram.com\/ososrusos\/\" target=\"_blank\" rel=\"noreferrer noopener\">Penya Blaugrana Osos Rusos<\/a><\/strong> crowned nothing less than the<strong> peak of Everest, at 8,849 metres<\/strong>. Also in Nepal, a member of the<strong><a href=\"https:\/\/www.instagram.com\/barcanepal2013\/\" target=\"_blank\" rel=\"noreferrer noopener\"> Penya Bar\u00e7a de Everest<\/a><\/strong> immortalised his ascent to the <strong>Gokyo Lakes, located at an altitude of almost 5,000 metres<\/strong>. Finally, two members of the<strong><a href=\"https:\/\/www.instagram.com\/fanclubbarcapolska\/\" target=\"_blank\" rel=\"noreferrer noopener\"> Bar\u00e7a Polska Fan Club <\/a><\/strong>also demonstrated their hiking skills by reaching the<strong> summit of Babia Gora<\/strong>, at an altitude of almost 1,800 metres.    <\/p>\n\n<figure class=\"wp-block-gallery has-nested-images columns-default is-cropped wp-block-gallery-2 is-layout-flex wp-block-gallery-is-layout-flex\">\n<figure class=\"wp-block-image size-large\"><a href=\"https:\/\/confederaciopenyes.cat\/wp-content\/uploads\/2025\/06\/500325406_18323303821205260_7000337323271987591_n.jpg\"><img decoding=\"async\" width=\"590\" height=\"737\" data-id=\"32042\" data-src=\"https:\/\/confederaciopenyes.cat\/wp-content\/uploads\/2025\/06\/500325406_18323303821205260_7000337323271987591_n.jpg\" alt=\"\" class=\"wp-image-32042 lazyload\" data-srcset=\"https:\/\/confederaciopenyes.cat\/wp-content\/uploads\/2025\/06\/500325406_18323303821205260_7000337323271987591_n.jpg 590w, https:\/\/confederaciopenyes.cat\/wp-content\/uploads\/2025\/06\/500325406_18323303821205260_7000337323271987591_n-240x300.jpg 240w\" data-sizes=\"(max-width: 590px) 100vw, 590px\" src=\"data:image\/svg+xml;base64,PHN2ZyB3aWR0aD0iMSIgaGVpZ2h0PSIxIiB4bWxucz0iaHR0cDovL3d3dy53My5vcmcvMjAwMC9zdmciPjwvc3ZnPg==\" style=\"--smush-placeholder-width: 590px; --smush-placeholder-aspect-ratio: 590\/737;\" \/><\/a><\/figure>\n\n\n\n<figure class=\"wp-block-image size-large\"><a href=\"https:\/\/confederaciopenyes.cat\/wp-content\/uploads\/2025\/06\/PB-Nepal.jpg\"><img decoding=\"async\" width=\"768\" height=\"1024\" data-id=\"32039\" data-src=\"https:\/\/confederaciopenyes.cat\/wp-content\/uploads\/2025\/06\/PB-Nepal-768x1024.jpg\" alt=\"\" class=\"wp-image-32039 lazyload\" data-srcset=\"https:\/\/confederaciopenyes.cat\/wp-content\/uploads\/2025\/06\/PB-Nepal-768x1024.jpg 768w, https:\/\/confederaciopenyes.cat\/wp-content\/uploads\/2025\/06\/PB-Nepal-225x300.jpg 225w, https:\/\/confederaciopenyes.cat\/wp-content\/uploads\/2025\/06\/PB-Nepal-1152x1536.jpg 1152w, https:\/\/confederaciopenyes.cat\/wp-content\/uploads\/2025\/06\/PB-Nepal.jpg 1290w\" data-sizes=\"(max-width: 768px) 100vw, 768px\" src=\"data:image\/svg+xml;base64,PHN2ZyB3aWR0aD0iMSIgaGVpZ2h0PSIxIiB4bWxucz0iaHR0cDovL3d3dy53My5vcmcvMjAwMC9zdmciPjwvc3ZnPg==\" style=\"--smush-placeholder-width: 768px; --smush-placeholder-aspect-ratio: 768\/1024;\" \/><\/a><\/figure>\n\n\n\n<figure class=\"wp-block-image size-large\"><a href=\"https:\/\/confederaciopenyes.cat\/wp-content\/uploads\/2025\/06\/487236436_1407166347398719_6254628987245306594_n-edited.jpg\"><img decoding=\"async\" width=\"1152\" height=\"1536\" data-id=\"32045\" data-src=\"https:\/\/confederaciopenyes.cat\/wp-content\/uploads\/2025\/06\/487236436_1407166347398719_6254628987245306594_n-edited.jpg\" alt=\"\" class=\"wp-image-32045 lazyload\" data-srcset=\"https:\/\/confederaciopenyes.cat\/wp-content\/uploads\/2025\/06\/487236436_1407166347398719_6254628987245306594_n-edited.jpg 1152w, https:\/\/confederaciopenyes.cat\/wp-content\/uploads\/2025\/06\/487236436_1407166347398719_6254628987245306594_n-edited-225x300.jpg 225w, https:\/\/confederaciopenyes.cat\/wp-content\/uploads\/2025\/06\/487236436_1407166347398719_6254628987245306594_n-edited-768x1024.jpg 768w\" data-sizes=\"(max-width: 1152px) 100vw, 1152px\" src=\"data:image\/svg+xml;base64,PHN2ZyB3aWR0aD0iMSIgaGVpZ2h0PSIxIiB4bWxucz0iaHR0cDovL3d3dy53My5vcmcvMjAwMC9zdmciPjwvc3ZnPg==\" style=\"--smush-placeholder-width: 1152px; --smush-placeholder-aspect-ratio: 1152\/1536;\" \/><\/a><\/figure>\n<\/figure>\n","protected":false},"excerpt":{"rendered":"<p>The Penya Barcelonista de La Riera de Gai\u00e0 (Federaci\u00f3 de Penyes de Tarragona Nord) can now explain that they have carried their colours to 5,895 metres above sea level. It is the summit of Kilimanjaro, the highest of the African continent, and that was achieved last Sunday, June 1, by the president of the penya, &#8230; <a title=\"The PB La Riera de Gai\u00e0 waves the blaugrana colours at the summit of Kilimanjaro\" class=\"read-more\" href=\"https:\/\/confederaciopenyes.cat\/en\/the-pb-la-riera-de-gaia-waves-the-blaugrana-colours-at-the-summit-of-kilimanjaro\/\" aria-label=\"Read more about The PB La Riera de Gai\u00e0 waves the blaugrana colours at the summit of Kilimanjaro\">Read more<\/a><\/p>\n","protected":false},"author":4,"featured_media":32010,"comment_status":"closed","ping_status":"open","sticky":false,"template":"","format":"standard","meta":{"_acf_changed":false,"footnotes":""},"categories":[78],"tags":[2562,3696,2560,3664,2561],"class_list":["post-32054","post","type-post","status-publish","format-standard","has-post-thumbnail","hentry","category-news-en","tag-confederacio-mundial-de-penyes-en-2","tag-kilimanjaro-en","tag-news-en","tag-pb-la-riera-de-gaia-en","tag-penyes-en"],"acf":[],"yoast_head":"<!-- This site is optimized with the Yoast SEO Premium plugin v26.7 (Yoast SEO v27.5) - https:\/\/yoast.com\/product\/yoast-seo-premium-wordpress\/ -->\n<title>The PB La Riera de Gai\u00e0 waves at the summit of Kilimanjaro - Confederaci\u00f3 Mundial de Penyes del FC Barcelona<\/title>\n<meta name=\"description\" content=\"Two members of the PB La Riera de Gai\u00e0 wore the blaugrana colours at Kilimanjaro. Other supporters&#039; clubs have done the same in other places.\" \/>\n<meta name=\"robots\" content=\"index, follow, max-snippet:-1, max-image-preview:large, max-video-preview:-1\" \/>\n<link rel=\"canonical\" href=\"https:\/\/confederaciopenyes.cat\/en\/the-pb-la-riera-de-gaia-waves-the-blaugrana-colours-at-the-summit-of-kilimanjaro\/\" \/>\n<meta property=\"og:locale\" content=\"en_US\" \/>\n<meta property=\"og:type\" content=\"article\" \/>\n<meta property=\"og:title\" content=\"The PB La Riera de Gai\u00e0 waves the blaugrana colours at the summit of Kilimanjaro\" \/>\n<meta property=\"og:description\" content=\"Two members of the PB La Riera de Gai\u00e0 wore the blaugrana colours at Kilimanjaro. Other supporters&#039; clubs have done the same in other places.\" \/>\n<meta property=\"og:url\" content=\"https:\/\/confederaciopenyes.cat\/en\/the-pb-la-riera-de-gaia-waves-the-blaugrana-colours-at-the-summit-of-kilimanjaro\/\" \/>\n<meta property=\"og:site_name\" content=\"Confederaci\u00f3 Mundial de Penyes del FC Barcelona\" \/>\n<meta property=\"article:publisher\" content=\"https:\/\/www.facebook.com\/ConfederacioMundialPenyesFCB\" \/>\n<meta property=\"article:published_time\" content=\"2025-06-03T09:14:01+00:00\" \/>\n<meta property=\"article:modified_time\" content=\"2025-06-03T10:19:58+00:00\" \/>\n<meta property=\"og:image\" content=\"https:\/\/confederaciopenyes.cat\/wp-content\/uploads\/2025\/06\/503862267_18166168822345861_6505398211886065739_n.jpg\" \/>\n\t<meta property=\"og:image:width\" content=\"900\" \/>\n\t<meta property=\"og:image:height\" content=\"506\" \/>\n\t<meta property=\"og:image:type\" content=\"image\/jpeg\" \/>\n<meta name=\"author\" content=\"Confederaci\u00f3 Mundial de Penyes del FC Barcelona\" \/>\n<meta name=\"twitter:card\" content=\"summary_large_image\" \/>\n<meta name=\"twitter:creator\" content=\"@ConfePenyesFCB\" \/>\n<meta name=\"twitter:site\" content=\"@ConfePenyesFCB\" \/>\n<meta name=\"twitter:label1\" content=\"Written by\" \/>\n\t<meta name=\"twitter:data1\" content=\"Confederaci\u00f3 Mundial de Penyes del FC Barcelona\" \/>\n\t<meta name=\"twitter:label2\" content=\"Est. reading time\" \/>\n\t<meta name=\"twitter:data2\" content=\"4 minutes\" \/>\n<script type=\"application\/ld+json\" class=\"yoast-schema-graph\">{\"@context\":\"https:\\\/\\\/schema.org\",\"@graph\":[{\"@type\":\"Article\",\"@id\":\"https:\\\/\\\/confederaciopenyes.cat\\\/en\\\/the-pb-la-riera-de-gaia-waves-the-blaugrana-colours-at-the-summit-of-kilimanjaro\\\/#article\",\"isPartOf\":{\"@id\":\"https:\\\/\\\/confederaciopenyes.cat\\\/en\\\/the-pb-la-riera-de-gaia-waves-the-blaugrana-colours-at-the-summit-of-kilimanjaro\\\/\"},\"author\":{\"name\":\"Confederaci\u00f3 Mundial de Penyes del FC Barcelona\",\"@id\":\"https:\\\/\\\/confederaciopenyes.cat\\\/en\\\/#\\\/schema\\\/person\\\/337072f6daef87a85aa59aa1f134387c\"},\"headline\":\"The PB La Riera de Gai\u00e0 waves the blaugrana colours at the summit of Kilimanjaro\",\"datePublished\":\"2025-06-03T09:14:01+00:00\",\"dateModified\":\"2025-06-03T10:19:58+00:00\",\"mainEntityOfPage\":{\"@id\":\"https:\\\/\\\/confederaciopenyes.cat\\\/en\\\/the-pb-la-riera-de-gaia-waves-the-blaugrana-colours-at-the-summit-of-kilimanjaro\\\/\"},\"wordCount\":310,\"publisher\":{\"@id\":\"https:\\\/\\\/confederaciopenyes.cat\\\/en\\\/#organization\"},\"image\":{\"@id\":\"https:\\\/\\\/confederaciopenyes.cat\\\/en\\\/the-pb-la-riera-de-gaia-waves-the-blaugrana-colours-at-the-summit-of-kilimanjaro\\\/#primaryimage\"},\"thumbnailUrl\":\"https:\\\/\\\/confederaciopenyes.cat\\\/wp-content\\\/uploads\\\/2025\\\/06\\\/503862267_18166168822345861_6505398211886065739_n.jpg\",\"keywords\":[\"confederaci\u00f3 mundial de penyes\",\"Kilimanjaro\",\"news\",\"PB La Riera de Gai\u00e0\",\"penyes\"],\"articleSection\":[\"News\"],\"inLanguage\":\"en-US\"},{\"@type\":\"WebPage\",\"@id\":\"https:\\\/\\\/confederaciopenyes.cat\\\/en\\\/the-pb-la-riera-de-gaia-waves-the-blaugrana-colours-at-the-summit-of-kilimanjaro\\\/\",\"url\":\"https:\\\/\\\/confederaciopenyes.cat\\\/en\\\/the-pb-la-riera-de-gaia-waves-the-blaugrana-colours-at-the-summit-of-kilimanjaro\\\/\",\"name\":\"The PB La Riera de Gai\u00e0 waves at the summit of Kilimanjaro - Confederaci\u00f3 Mundial de Penyes del FC Barcelona\",\"isPartOf\":{\"@id\":\"https:\\\/\\\/confederaciopenyes.cat\\\/en\\\/#website\"},\"primaryImageOfPage\":{\"@id\":\"https:\\\/\\\/confederaciopenyes.cat\\\/en\\\/the-pb-la-riera-de-gaia-waves-the-blaugrana-colours-at-the-summit-of-kilimanjaro\\\/#primaryimage\"},\"image\":{\"@id\":\"https:\\\/\\\/confederaciopenyes.cat\\\/en\\\/the-pb-la-riera-de-gaia-waves-the-blaugrana-colours-at-the-summit-of-kilimanjaro\\\/#primaryimage\"},\"thumbnailUrl\":\"https:\\\/\\\/confederaciopenyes.cat\\\/wp-content\\\/uploads\\\/2025\\\/06\\\/503862267_18166168822345861_6505398211886065739_n.jpg\",\"datePublished\":\"2025-06-03T09:14:01+00:00\",\"dateModified\":\"2025-06-03T10:19:58+00:00\",\"description\":\"Two members of the PB La Riera de Gai\u00e0 wore the blaugrana colours at Kilimanjaro. Other supporters' clubs have done the same in other places.\",\"breadcrumb\":{\"@id\":\"https:\\\/\\\/confederaciopenyes.cat\\\/en\\\/the-pb-la-riera-de-gaia-waves-the-blaugrana-colours-at-the-summit-of-kilimanjaro\\\/#breadcrumb\"},\"inLanguage\":\"en-US\",\"potentialAction\":[{\"@type\":\"ReadAction\",\"target\":[\"https:\\\/\\\/confederaciopenyes.cat\\\/en\\\/the-pb-la-riera-de-gaia-waves-the-blaugrana-colours-at-the-summit-of-kilimanjaro\\\/\"]}]},{\"@type\":\"ImageObject\",\"inLanguage\":\"en-US\",\"@id\":\"https:\\\/\\\/confederaciopenyes.cat\\\/en\\\/the-pb-la-riera-de-gaia-waves-the-blaugrana-colours-at-the-summit-of-kilimanjaro\\\/#primaryimage\",\"url\":\"https:\\\/\\\/confederaciopenyes.cat\\\/wp-content\\\/uploads\\\/2025\\\/06\\\/503862267_18166168822345861_6505398211886065739_n.jpg\",\"contentUrl\":\"https:\\\/\\\/confederaciopenyes.cat\\\/wp-content\\\/uploads\\\/2025\\\/06\\\/503862267_18166168822345861_6505398211886065739_n.jpg\",\"width\":900,\"height\":506},{\"@type\":\"BreadcrumbList\",\"@id\":\"https:\\\/\\\/confederaciopenyes.cat\\\/en\\\/the-pb-la-riera-de-gaia-waves-the-blaugrana-colours-at-the-summit-of-kilimanjaro\\\/#breadcrumb\",\"itemListElement\":[{\"@type\":\"ListItem\",\"position\":1,\"name\":\"Inici\",\"item\":\"https:\\\/\\\/confederaciopenyes.cat\\\/en\\\/\"},{\"@type\":\"ListItem\",\"position\":2,\"name\":\"The PB La Riera de Gai\u00e0 waves the blaugrana colours at the summit of Kilimanjaro\"}]},{\"@type\":\"WebSite\",\"@id\":\"https:\\\/\\\/confederaciopenyes.cat\\\/en\\\/#website\",\"url\":\"https:\\\/\\\/confederaciopenyes.cat\\\/en\\\/\",\"name\":\"Confederaci\u00f3 Mundial de Penyes del FC Barcelona\",\"description\":\"C.M. Penyes FC Barcelona\",\"publisher\":{\"@id\":\"https:\\\/\\\/confederaciopenyes.cat\\\/en\\\/#organization\"},\"potentialAction\":[{\"@type\":\"SearchAction\",\"target\":{\"@type\":\"EntryPoint\",\"urlTemplate\":\"https:\\\/\\\/confederaciopenyes.cat\\\/en\\\/?s={search_term_string}\"},\"query-input\":{\"@type\":\"PropertyValueSpecification\",\"valueRequired\":true,\"valueName\":\"search_term_string\"}}],\"inLanguage\":\"en-US\"},{\"@type\":\"Organization\",\"@id\":\"https:\\\/\\\/confederaciopenyes.cat\\\/en\\\/#organization\",\"name\":\"Confederaci\u00f3 Mundial de Penyes del FC Barcelona\",\"url\":\"https:\\\/\\\/confederaciopenyes.cat\\\/en\\\/\",\"logo\":{\"@type\":\"ImageObject\",\"inLanguage\":\"en-US\",\"@id\":\"https:\\\/\\\/confederaciopenyes.cat\\\/en\\\/#\\\/schema\\\/logo\\\/image\\\/\",\"url\":\"https:\\\/\\\/confederaciopenyes.cat\\\/wp-content\\\/uploads\\\/2022\\\/07\\\/cropped-logo_horizontal.png\",\"contentUrl\":\"https:\\\/\\\/confederaciopenyes.cat\\\/wp-content\\\/uploads\\\/2022\\\/07\\\/cropped-logo_horizontal.png\",\"width\":1320,\"height\":309,\"caption\":\"Confederaci\u00f3 Mundial de Penyes del FC Barcelona\"},\"image\":{\"@id\":\"https:\\\/\\\/confederaciopenyes.cat\\\/en\\\/#\\\/schema\\\/logo\\\/image\\\/\"},\"sameAs\":[\"https:\\\/\\\/www.facebook.com\\\/ConfederacioMundialPenyesFCB\",\"https:\\\/\\\/x.com\\\/ConfePenyesFCB\",\"https:\\\/\\\/www.instagram.com\\\/confepenyesfcb\\\/\"]},{\"@type\":\"Person\",\"@id\":\"https:\\\/\\\/confederaciopenyes.cat\\\/en\\\/#\\\/schema\\\/person\\\/337072f6daef87a85aa59aa1f134387c\",\"name\":\"Confederaci\u00f3 Mundial de Penyes del FC Barcelona\",\"image\":{\"@type\":\"ImageObject\",\"inLanguage\":\"en-US\",\"@id\":\"https:\\\/\\\/secure.gravatar.com\\\/avatar\\\/98c60c7405ff843b10aec55db652bd3f5cb4320ef331ae76c156819a62194328?s=96&d=mm&r=g\",\"url\":\"https:\\\/\\\/secure.gravatar.com\\\/avatar\\\/98c60c7405ff843b10aec55db652bd3f5cb4320ef331ae76c156819a62194328?s=96&d=mm&r=g\",\"contentUrl\":\"https:\\\/\\\/secure.gravatar.com\\\/avatar\\\/98c60c7405ff843b10aec55db652bd3f5cb4320ef331ae76c156819a62194328?s=96&d=mm&r=g\",\"caption\":\"Confederaci\u00f3 Mundial de Penyes del FC Barcelona\"},\"url\":\"https:\\\/\\\/confederaciopenyes.cat\\\/en\\\/author\\\/comunicacioconfederaciopenyes-cat\\\/\"}]}<\/script>\n<!-- \/ Yoast SEO Premium plugin. -->","yoast_head_json":{"title":"The PB La Riera de Gai\u00e0 waves at the summit of Kilimanjaro - Confederaci\u00f3 Mundial de Penyes del FC Barcelona","description":"Two members of the PB La Riera de Gai\u00e0 wore the blaugrana colours at Kilimanjaro. Other supporters' clubs have done the same in other places.","robots":{"index":"index","follow":"follow","max-snippet":"max-snippet:-1","max-image-preview":"max-image-preview:large","max-video-preview":"max-video-preview:-1"},"canonical":"https:\/\/confederaciopenyes.cat\/en\/the-pb-la-riera-de-gaia-waves-the-blaugrana-colours-at-the-summit-of-kilimanjaro\/","og_locale":"en_US","og_type":"article","og_title":"The PB La Riera de Gai\u00e0 waves the blaugrana colours at the summit of Kilimanjaro","og_description":"Two members of the PB La Riera de Gai\u00e0 wore the blaugrana colours at Kilimanjaro. Other supporters' clubs have done the same in other places.","og_url":"https:\/\/confederaciopenyes.cat\/en\/the-pb-la-riera-de-gaia-waves-the-blaugrana-colours-at-the-summit-of-kilimanjaro\/","og_site_name":"Confederaci\u00f3 Mundial de Penyes del FC Barcelona","article_publisher":"https:\/\/www.facebook.com\/ConfederacioMundialPenyesFCB","article_published_time":"2025-06-03T09:14:01+00:00","article_modified_time":"2025-06-03T10:19:58+00:00","og_image":[{"width":900,"height":506,"url":"https:\/\/confederaciopenyes.cat\/wp-content\/uploads\/2025\/06\/503862267_18166168822345861_6505398211886065739_n.jpg","type":"image\/jpeg"}],"author":"Confederaci\u00f3 Mundial de Penyes del FC Barcelona","twitter_card":"summary_large_image","twitter_creator":"@ConfePenyesFCB","twitter_site":"@ConfePenyesFCB","twitter_misc":{"Written by":"Confederaci\u00f3 Mundial de Penyes del FC Barcelona","Est. reading time":"4 minutes"},"schema":{"@context":"https:\/\/schema.org","@graph":[{"@type":"Article","@id":"https:\/\/confederaciopenyes.cat\/en\/the-pb-la-riera-de-gaia-waves-the-blaugrana-colours-at-the-summit-of-kilimanjaro\/#article","isPartOf":{"@id":"https:\/\/confederaciopenyes.cat\/en\/the-pb-la-riera-de-gaia-waves-the-blaugrana-colours-at-the-summit-of-kilimanjaro\/"},"author":{"name":"Confederaci\u00f3 Mundial de Penyes del FC Barcelona","@id":"https:\/\/confederaciopenyes.cat\/en\/#\/schema\/person\/337072f6daef87a85aa59aa1f134387c"},"headline":"The PB La Riera de Gai\u00e0 waves the blaugrana colours at the summit of Kilimanjaro","datePublished":"2025-06-03T09:14:01+00:00","dateModified":"2025-06-03T10:19:58+00:00","mainEntityOfPage":{"@id":"https:\/\/confederaciopenyes.cat\/en\/the-pb-la-riera-de-gaia-waves-the-blaugrana-colours-at-the-summit-of-kilimanjaro\/"},"wordCount":310,"publisher":{"@id":"https:\/\/confederaciopenyes.cat\/en\/#organization"},"image":{"@id":"https:\/\/confederaciopenyes.cat\/en\/the-pb-la-riera-de-gaia-waves-the-blaugrana-colours-at-the-summit-of-kilimanjaro\/#primaryimage"},"thumbnailUrl":"https:\/\/confederaciopenyes.cat\/wp-content\/uploads\/2025\/06\/503862267_18166168822345861_6505398211886065739_n.jpg","keywords":["confederaci\u00f3 mundial de penyes","Kilimanjaro","news","PB La Riera de Gai\u00e0","penyes"],"articleSection":["News"],"inLanguage":"en-US"},{"@type":"WebPage","@id":"https:\/\/confederaciopenyes.cat\/en\/the-pb-la-riera-de-gaia-waves-the-blaugrana-colours-at-the-summit-of-kilimanjaro\/","url":"https:\/\/confederaciopenyes.cat\/en\/the-pb-la-riera-de-gaia-waves-the-blaugrana-colours-at-the-summit-of-kilimanjaro\/","name":"The PB La Riera de Gai\u00e0 waves at the summit of Kilimanjaro - Confederaci\u00f3 Mundial de Penyes del FC Barcelona","isPartOf":{"@id":"https:\/\/confederaciopenyes.cat\/en\/#website"},"primaryImageOfPage":{"@id":"https:\/\/confederaciopenyes.cat\/en\/the-pb-la-riera-de-gaia-waves-the-blaugrana-colours-at-the-summit-of-kilimanjaro\/#primaryimage"},"image":{"@id":"https:\/\/confederaciopenyes.cat\/en\/the-pb-la-riera-de-gaia-waves-the-blaugrana-colours-at-the-summit-of-kilimanjaro\/#primaryimage"},"thumbnailUrl":"https:\/\/confederaciopenyes.cat\/wp-content\/uploads\/2025\/06\/503862267_18166168822345861_6505398211886065739_n.jpg","datePublished":"2025-06-03T09:14:01+00:00","dateModified":"2025-06-03T10:19:58+00:00","description":"Two members of the PB La Riera de Gai\u00e0 wore the blaugrana colours at Kilimanjaro. Other supporters' clubs have done the same in other places.","breadcrumb":{"@id":"https:\/\/confederaciopenyes.cat\/en\/the-pb-la-riera-de-gaia-waves-the-blaugrana-colours-at-the-summit-of-kilimanjaro\/#breadcrumb"},"inLanguage":"en-US","potentialAction":[{"@type":"ReadAction","target":["https:\/\/confederaciopenyes.cat\/en\/the-pb-la-riera-de-gaia-waves-the-blaugrana-colours-at-the-summit-of-kilimanjaro\/"]}]},{"@type":"ImageObject","inLanguage":"en-US","@id":"https:\/\/confederaciopenyes.cat\/en\/the-pb-la-riera-de-gaia-waves-the-blaugrana-colours-at-the-summit-of-kilimanjaro\/#primaryimage","url":"https:\/\/confederaciopenyes.cat\/wp-content\/uploads\/2025\/06\/503862267_18166168822345861_6505398211886065739_n.jpg","contentUrl":"https:\/\/confederaciopenyes.cat\/wp-content\/uploads\/2025\/06\/503862267_18166168822345861_6505398211886065739_n.jpg","width":900,"height":506},{"@type":"BreadcrumbList","@id":"https:\/\/confederaciopenyes.cat\/en\/the-pb-la-riera-de-gaia-waves-the-blaugrana-colours-at-the-summit-of-kilimanjaro\/#breadcrumb","itemListElement":[{"@type":"ListItem","position":1,"name":"Inici","item":"https:\/\/confederaciopenyes.cat\/en\/"},{"@type":"ListItem","position":2,"name":"The PB La Riera de Gai\u00e0 waves the blaugrana colours at the summit of Kilimanjaro"}]},{"@type":"WebSite","@id":"https:\/\/confederaciopenyes.cat\/en\/#website","url":"https:\/\/confederaciopenyes.cat\/en\/","name":"Confederaci\u00f3 Mundial de Penyes del FC Barcelona","description":"C.M. Penyes FC Barcelona","publisher":{"@id":"https:\/\/confederaciopenyes.cat\/en\/#organization"},"potentialAction":[{"@type":"SearchAction","target":{"@type":"EntryPoint","urlTemplate":"https:\/\/confederaciopenyes.cat\/en\/?s={search_term_string}"},"query-input":{"@type":"PropertyValueSpecification","valueRequired":true,"valueName":"search_term_string"}}],"inLanguage":"en-US"},{"@type":"Organization","@id":"https:\/\/confederaciopenyes.cat\/en\/#organization","name":"Confederaci\u00f3 Mundial de Penyes del FC Barcelona","url":"https:\/\/confederaciopenyes.cat\/en\/","logo":{"@type":"ImageObject","inLanguage":"en-US","@id":"https:\/\/confederaciopenyes.cat\/en\/#\/schema\/logo\/image\/","url":"https:\/\/confederaciopenyes.cat\/wp-content\/uploads\/2022\/07\/cropped-logo_horizontal.png","contentUrl":"https:\/\/confederaciopenyes.cat\/wp-content\/uploads\/2022\/07\/cropped-logo_horizontal.png","width":1320,"height":309,"caption":"Confederaci\u00f3 Mundial de Penyes del FC Barcelona"},"image":{"@id":"https:\/\/confederaciopenyes.cat\/en\/#\/schema\/logo\/image\/"},"sameAs":["https:\/\/www.facebook.com\/ConfederacioMundialPenyesFCB","https:\/\/x.com\/ConfePenyesFCB","https:\/\/www.instagram.com\/confepenyesfcb\/"]},{"@type":"Person","@id":"https:\/\/confederaciopenyes.cat\/en\/#\/schema\/person\/337072f6daef87a85aa59aa1f134387c","name":"Confederaci\u00f3 Mundial de Penyes del FC Barcelona","image":{"@type":"ImageObject","inLanguage":"en-US","@id":"https:\/\/secure.gravatar.com\/avatar\/98c60c7405ff843b10aec55db652bd3f5cb4320ef331ae76c156819a62194328?s=96&d=mm&r=g","url":"https:\/\/secure.gravatar.com\/avatar\/98c60c7405ff843b10aec55db652bd3f5cb4320ef331ae76c156819a62194328?s=96&d=mm&r=g","contentUrl":"https:\/\/secure.gravatar.com\/avatar\/98c60c7405ff843b10aec55db652bd3f5cb4320ef331ae76c156819a62194328?s=96&d=mm&r=g","caption":"Confederaci\u00f3 Mundial de Penyes del FC Barcelona"},"url":"https:\/\/confederaciopenyes.cat\/en\/author\/comunicacioconfederaciopenyes-cat\/"}]}},"_links":{"self":[{"href":"https:\/\/confederaciopenyes.cat\/en\/wp-json\/wp\/v2\/posts\/32054","targetHints":{"allow":["GET"]}}],"collection":[{"href":"https:\/\/confederaciopenyes.cat\/en\/wp-json\/wp\/v2\/posts"}],"about":[{"href":"https:\/\/confederaciopenyes.cat\/en\/wp-json\/wp\/v2\/types\/post"}],"author":[{"embeddable":true,"href":"https:\/\/confederaciopenyes.cat\/en\/wp-json\/wp\/v2\/users\/4"}],"replies":[{"embeddable":true,"href":"https:\/\/confederaciopenyes.cat\/en\/wp-json\/wp\/v2\/comments?post=32054"}],"version-history":[{"count":2,"href":"https:\/\/confederaciopenyes.cat\/en\/wp-json\/wp\/v2\/posts\/32054\/revisions"}],"predecessor-version":[{"id":32057,"href":"https:\/\/confederaciopenyes.cat\/en\/wp-json\/wp\/v2\/posts\/32054\/revisions\/32057"}],"wp:featuredmedia":[{"embeddable":true,"href":"https:\/\/confederaciopenyes.cat\/en\/wp-json\/wp\/v2\/media\/32010"}],"wp:attachment":[{"href":"https:\/\/confederaciopenyes.cat\/en\/wp-json\/wp\/v2\/media?parent=32054"}],"wp:term":[{"taxonomy":"category","embeddable":true,"href":"https:\/\/confederaciopenyes.cat\/en\/wp-json\/wp\/v2\/categories?post=32054"},{"taxonomy":"post_tag","embeddable":true,"href":"https:\/\/confederaciopenyes.cat\/en\/wp-json\/wp\/v2\/tags?post=32054"}],"curies":[{"name":"wp","href":"https:\/\/api.w.org\/{rel}","templated":true}]}}