{"id":32593,"date":"2025-06-16T13:50:13","date_gmt":"2025-06-16T11:50:13","guid":{"rendered":"https:\/\/confederaciopenyes.cat\/13th-sports-festival-for-children-of-pb-sant-cugat-with-over-300-boys-and-girls\/"},"modified":"2025-06-16T14:26:04","modified_gmt":"2025-06-16T12:26:04","slug":"13th-sports-festival-for-children-of-pb-sant-cugat-with-over-300-boys-and-girls","status":"publish","type":"post","link":"https:\/\/confederaciopenyes.cat\/en\/13th-sports-festival-for-children-of-pb-sant-cugat-with-over-300-boys-and-girls\/","title":{"rendered":"13th Sports Festival for Children of PB Sant Cugat with over 300 boys and girls"},"content":{"rendered":"\n<p>This past Sunday, June 15, the <strong><a href=\"https:\/\/pbsantcugat.cat\/\" target=\"_blank\" rel=\"noreferrer noopener\">Penya Blaugrana Sant Cugat<\/a><\/strong> (Federaci\u00f3 Vall\u00e8s) held <strong>a new edition of the Sports Festival for Children<\/strong>, an initiative in collaboration with the schools of Sant Cugat <strong>aimed at promoting physical activity among the boys and girls<\/strong> of this town in the Vall\u00e8s region. <strong>In this 13th edition, more than 300 players took part, with a total of 28 teams and 11 participating schools<\/strong> \u2013 two more than last year. The event was attended by <strong>Josep Maria F\u00e9lez<\/strong>, president of PB Sant Cugat; <strong>Josep Maria Vall\u00e8s<\/strong>, mayor of Sant Cugat; <strong>N\u00faria Escamilla<\/strong>, councillor for Sports and Culture of the Sant Cugat City Council; and <strong>Bernat Picornell<\/strong>, deputy mayor. Several other council members also joined the event.  <\/p>\n\n<p>This fun-focused school 7-a-side football tournament <strong>was held for over 10 hours<\/strong> \u2013 from 9:00 to 13:30 and from 15:00 to 21:00 \u2013 at the <strong>Can Mag\u00ed Municipal Football Field<\/strong>. This year, an additional category was added, making a total of four: <strong>3rd, 4th, 5th, and 6th grade of Primary School<\/strong>. All matches were played in a <strong>great atmosphere with fair play prevailing throughout<\/strong>. All players received a commemorative medal of the 13th Sports Festival for Children, and the top three teams in each category were awarded a trophy. <strong>A prize draw was also held<\/strong>, featuring two official FC Barcelona men&#8217;s first team jerseys (home and away kits), as well as PB Sant Cugat merchandising items.    <\/p>\n\n<figure class=\"wp-block-gallery has-nested-images columns-4 is-cropped wp-block-gallery-1 is-layout-flex wp-block-gallery-is-layout-flex\">\n<figure class=\"wp-block-image size-large\"><a href=\"https:\/\/confederaciopenyes.cat\/wp-content\/uploads\/2025\/06\/1r-de-6e-i-Bernat-Picornell-1536x1152-1.jpeg\"><img decoding=\"async\" width=\"1024\" height=\"768\" data-id=\"32565\" data-src=\"https:\/\/confederaciopenyes.cat\/wp-content\/uploads\/2025\/06\/1r-de-6e-i-Bernat-Picornell-1536x1152-1-1024x768.jpeg\" alt=\"\" class=\"wp-image-32565 lazyload\" data-srcset=\"https:\/\/confederaciopenyes.cat\/wp-content\/uploads\/2025\/06\/1r-de-6e-i-Bernat-Picornell-1536x1152-1-1024x768.jpeg 1024w, https:\/\/confederaciopenyes.cat\/wp-content\/uploads\/2025\/06\/1r-de-6e-i-Bernat-Picornell-1536x1152-1-300x225.jpeg 300w, https:\/\/confederaciopenyes.cat\/wp-content\/uploads\/2025\/06\/1r-de-6e-i-Bernat-Picornell-1536x1152-1-768x576.jpeg 768w, https:\/\/confederaciopenyes.cat\/wp-content\/uploads\/2025\/06\/1r-de-6e-i-Bernat-Picornell-1536x1152-1.jpeg 1536w\" data-sizes=\"(max-width: 1024px) 100vw, 1024px\" src=\"data:image\/svg+xml;base64,PHN2ZyB3aWR0aD0iMSIgaGVpZ2h0PSIxIiB4bWxucz0iaHR0cDovL3d3dy53My5vcmcvMjAwMC9zdmciPjwvc3ZnPg==\" style=\"--smush-placeholder-width: 1024px; --smush-placeholder-aspect-ratio: 1024\/768;\" \/><\/a><\/figure>\n\n\n\n<figure class=\"wp-block-image size-large\"><a href=\"https:\/\/confederaciopenyes.cat\/wp-content\/uploads\/2025\/06\/Imatge-camp-1536x1152-1-edited.jpeg\"><img decoding=\"async\" width=\"1052\" height=\"789\" data-id=\"32587\" data-src=\"https:\/\/confederaciopenyes.cat\/wp-content\/uploads\/2025\/06\/Imatge-camp-1536x1152-1-edited.jpeg\" alt=\"\" class=\"wp-image-32587 lazyload\" data-srcset=\"https:\/\/confederaciopenyes.cat\/wp-content\/uploads\/2025\/06\/Imatge-camp-1536x1152-1-edited.jpeg 1052w, https:\/\/confederaciopenyes.cat\/wp-content\/uploads\/2025\/06\/Imatge-camp-1536x1152-1-edited-300x225.jpeg 300w, https:\/\/confederaciopenyes.cat\/wp-content\/uploads\/2025\/06\/Imatge-camp-1536x1152-1-edited-1024x768.jpeg 1024w, https:\/\/confederaciopenyes.cat\/wp-content\/uploads\/2025\/06\/Imatge-camp-1536x1152-1-edited-768x576.jpeg 768w\" data-sizes=\"(max-width: 1052px) 100vw, 1052px\" src=\"data:image\/svg+xml;base64,PHN2ZyB3aWR0aD0iMSIgaGVpZ2h0PSIxIiB4bWxucz0iaHR0cDovL3d3dy53My5vcmcvMjAwMC9zdmciPjwvc3ZnPg==\" style=\"--smush-placeholder-width: 1052px; --smush-placeholder-aspect-ratio: 1052\/789;\" \/><\/a><\/figure>\n\n\n\n<figure class=\"wp-block-image size-large\"><a href=\"https:\/\/confederaciopenyes.cat\/wp-content\/uploads\/2025\/06\/Arbitres-mati-1536x1152-1.jpeg\"><img decoding=\"async\" width=\"1024\" height=\"768\" data-id=\"32573\" data-src=\"https:\/\/confederaciopenyes.cat\/wp-content\/uploads\/2025\/06\/Arbitres-mati-1536x1152-1-1024x768.jpeg\" alt=\"\" class=\"wp-image-32573 lazyload\" data-srcset=\"https:\/\/confederaciopenyes.cat\/wp-content\/uploads\/2025\/06\/Arbitres-mati-1536x1152-1-1024x768.jpeg 1024w, https:\/\/confederaciopenyes.cat\/wp-content\/uploads\/2025\/06\/Arbitres-mati-1536x1152-1-300x225.jpeg 300w, https:\/\/confederaciopenyes.cat\/wp-content\/uploads\/2025\/06\/Arbitres-mati-1536x1152-1-768x576.jpeg 768w, https:\/\/confederaciopenyes.cat\/wp-content\/uploads\/2025\/06\/Arbitres-mati-1536x1152-1.jpeg 1536w\" data-sizes=\"(max-width: 1024px) 100vw, 1024px\" src=\"data:image\/svg+xml;base64,PHN2ZyB3aWR0aD0iMSIgaGVpZ2h0PSIxIiB4bWxucz0iaHR0cDovL3d3dy53My5vcmcvMjAwMC9zdmciPjwvc3ZnPg==\" style=\"--smush-placeholder-width: 1024px; --smush-placeholder-aspect-ratio: 1024\/768;\" \/><\/a><\/figure>\n\n\n\n<figure class=\"wp-block-image size-large\"><a href=\"https:\/\/confederaciopenyes.cat\/wp-content\/uploads\/2025\/06\/Trofeu-3r-Primaria-1024x861.jpeg\"><img decoding=\"async\" width=\"1024\" height=\"861\" data-id=\"32582\" data-src=\"https:\/\/confederaciopenyes.cat\/wp-content\/uploads\/2025\/06\/Trofeu-3r-Primaria-1024x861.jpeg\" alt=\"\" class=\"wp-image-32582 lazyload\" data-srcset=\"https:\/\/confederaciopenyes.cat\/wp-content\/uploads\/2025\/06\/Trofeu-3r-Primaria-1024x861.jpeg 1024w, https:\/\/confederaciopenyes.cat\/wp-content\/uploads\/2025\/06\/Trofeu-3r-Primaria-300x252.jpeg 300w, https:\/\/confederaciopenyes.cat\/wp-content\/uploads\/2025\/06\/Trofeu-3r-Primaria-768x646.jpeg 768w, https:\/\/confederaciopenyes.cat\/wp-content\/uploads\/2025\/06\/Trofeu-3r-Primaria.jpeg 1397w\" data-sizes=\"(max-width: 1024px) 100vw, 1024px\" src=\"data:image\/svg+xml;base64,PHN2ZyB3aWR0aD0iMSIgaGVpZ2h0PSIxIiB4bWxucz0iaHR0cDovL3d3dy53My5vcmcvMjAwMC9zdmciPjwvc3ZnPg==\" style=\"--smush-placeholder-width: 1024px; --smush-placeholder-aspect-ratio: 1024\/861;\" \/><\/a><\/figure>\n\n\n\n<figure class=\"wp-block-image size-large\"><a href=\"https:\/\/confederaciopenyes.cat\/wp-content\/uploads\/2025\/06\/imatge-camp-banquetes-1536x1152-1.jpeg\"><img decoding=\"async\" width=\"1024\" height=\"768\" data-id=\"32571\" data-src=\"https:\/\/confederaciopenyes.cat\/wp-content\/uploads\/2025\/06\/imatge-camp-banquetes-1536x1152-1-1024x768.jpeg\" alt=\"\" class=\"wp-image-32571 lazyload\" data-srcset=\"https:\/\/confederaciopenyes.cat\/wp-content\/uploads\/2025\/06\/imatge-camp-banquetes-1536x1152-1-1024x768.jpeg 1024w, https:\/\/confederaciopenyes.cat\/wp-content\/uploads\/2025\/06\/imatge-camp-banquetes-1536x1152-1-300x225.jpeg 300w, https:\/\/confederaciopenyes.cat\/wp-content\/uploads\/2025\/06\/imatge-camp-banquetes-1536x1152-1-768x576.jpeg 768w, https:\/\/confederaciopenyes.cat\/wp-content\/uploads\/2025\/06\/imatge-camp-banquetes-1536x1152-1.jpeg 1310w\" data-sizes=\"(max-width: 1024px) 100vw, 1024px\" src=\"data:image\/svg+xml;base64,PHN2ZyB3aWR0aD0iMSIgaGVpZ2h0PSIxIiB4bWxucz0iaHR0cDovL3d3dy53My5vcmcvMjAwMC9zdmciPjwvc3ZnPg==\" style=\"--smush-placeholder-width: 1024px; --smush-placeholder-aspect-ratio: 1024\/768;\" \/><\/a><\/figure>\n\n\n\n<figure class=\"wp-block-image size-large\"><a href=\"https:\/\/confederaciopenyes.cat\/wp-content\/uploads\/2025\/06\/organitzacio-i-arbitres-1536x1152-1.jpg\"><img decoding=\"async\" width=\"1024\" height=\"768\" data-id=\"32576\" data-src=\"https:\/\/confederaciopenyes.cat\/wp-content\/uploads\/2025\/06\/organitzacio-i-arbitres-1536x1152-1-1024x768.jpg\" alt=\"\" class=\"wp-image-32576 lazyload\" data-srcset=\"https:\/\/confederaciopenyes.cat\/wp-content\/uploads\/2025\/06\/organitzacio-i-arbitres-1536x1152-1-1024x768.jpg 1024w, https:\/\/confederaciopenyes.cat\/wp-content\/uploads\/2025\/06\/organitzacio-i-arbitres-1536x1152-1-300x225.jpg 300w, https:\/\/confederaciopenyes.cat\/wp-content\/uploads\/2025\/06\/organitzacio-i-arbitres-1536x1152-1-768x576.jpg 768w, https:\/\/confederaciopenyes.cat\/wp-content\/uploads\/2025\/06\/organitzacio-i-arbitres-1536x1152-1.jpg 1536w\" data-sizes=\"(max-width: 1024px) 100vw, 1024px\" src=\"data:image\/svg+xml;base64,PHN2ZyB3aWR0aD0iMSIgaGVpZ2h0PSIxIiB4bWxucz0iaHR0cDovL3d3dy53My5vcmcvMjAwMC9zdmciPjwvc3ZnPg==\" style=\"--smush-placeholder-width: 1024px; --smush-placeholder-aspect-ratio: 1024\/768;\" \/><\/a><\/figure>\n\n\n\n<figure class=\"wp-block-image size-large\"><a href=\"https:\/\/confederaciopenyes.cat\/wp-content\/uploads\/2025\/06\/Detall-medalla-1536x1152-1.jpg\"><img decoding=\"async\" width=\"1024\" height=\"768\" data-id=\"32581\" data-src=\"https:\/\/confederaciopenyes.cat\/wp-content\/uploads\/2025\/06\/Detall-medalla-1536x1152-1-1024x768.jpg\" alt=\"\" class=\"wp-image-32581 lazyload\" data-srcset=\"https:\/\/confederaciopenyes.cat\/wp-content\/uploads\/2025\/06\/Detall-medalla-1536x1152-1-1024x768.jpg 1024w, https:\/\/confederaciopenyes.cat\/wp-content\/uploads\/2025\/06\/Detall-medalla-1536x1152-1-300x225.jpg 300w, https:\/\/confederaciopenyes.cat\/wp-content\/uploads\/2025\/06\/Detall-medalla-1536x1152-1-768x576.jpg 768w, https:\/\/confederaciopenyes.cat\/wp-content\/uploads\/2025\/06\/Detall-medalla-1536x1152-1.jpg 1536w\" data-sizes=\"(max-width: 1024px) 100vw, 1024px\" src=\"data:image\/svg+xml;base64,PHN2ZyB3aWR0aD0iMSIgaGVpZ2h0PSIxIiB4bWxucz0iaHR0cDovL3d3dy53My5vcmcvMjAwMC9zdmciPjwvc3ZnPg==\" style=\"--smush-placeholder-width: 1024px; --smush-placeholder-aspect-ratio: 1024\/768;\" \/><\/a><\/figure>\n\n\n\n<figure class=\"wp-block-image size-large\"><a href=\"https:\/\/confederaciopenyes.cat\/wp-content\/uploads\/2025\/06\/Valles-Nuria-Eloi-i-directiva-1536x1152-1.jpg\"><img decoding=\"async\" width=\"1024\" height=\"768\" data-id=\"32580\" data-src=\"https:\/\/confederaciopenyes.cat\/wp-content\/uploads\/2025\/06\/Valles-Nuria-Eloi-i-directiva-1536x1152-1-1024x768.jpg\" alt=\"\" class=\"wp-image-32580 lazyload\" data-srcset=\"https:\/\/confederaciopenyes.cat\/wp-content\/uploads\/2025\/06\/Valles-Nuria-Eloi-i-directiva-1536x1152-1-1024x768.jpg 1024w, https:\/\/confederaciopenyes.cat\/wp-content\/uploads\/2025\/06\/Valles-Nuria-Eloi-i-directiva-1536x1152-1-300x225.jpg 300w, https:\/\/confederaciopenyes.cat\/wp-content\/uploads\/2025\/06\/Valles-Nuria-Eloi-i-directiva-1536x1152-1-768x576.jpg 768w, https:\/\/confederaciopenyes.cat\/wp-content\/uploads\/2025\/06\/Valles-Nuria-Eloi-i-directiva-1536x1152-1.jpg 1536w\" data-sizes=\"(max-width: 1024px) 100vw, 1024px\" src=\"data:image\/svg+xml;base64,PHN2ZyB3aWR0aD0iMSIgaGVpZ2h0PSIxIiB4bWxucz0iaHR0cDovL3d3dy53My5vcmcvMjAwMC9zdmciPjwvc3ZnPg==\" style=\"--smush-placeholder-width: 1024px; --smush-placeholder-aspect-ratio: 1024\/768;\" \/><\/a><\/figure>\n<\/figure>\n","protected":false},"excerpt":{"rendered":"<p>This past Sunday, June 15, the Penya Blaugrana Sant Cugat (Federaci\u00f3 Vall\u00e8s) held a new edition of the Sports Festival for Children, an initiative in collaboration with the schools of Sant Cugat aimed at promoting physical activity among the boys and girls of this town in the Vall\u00e8s region. In this 13th edition, more than &#8230; <a title=\"13th Sports Festival for Children of PB Sant Cugat with over 300 boys and girls\" class=\"read-more\" href=\"https:\/\/confederaciopenyes.cat\/en\/13th-sports-festival-for-children-of-pb-sant-cugat-with-over-300-boys-and-girls\/\" aria-label=\"Read more about 13th Sports Festival for Children of PB Sant Cugat with over 300 boys and girls\">Read more<\/a><\/p>\n","protected":false},"author":4,"featured_media":32563,"comment_status":"closed","ping_status":"open","sticky":false,"template":"","format":"standard","meta":{"_acf_changed":false,"footnotes":""},"categories":[78],"tags":[2562,3030,2738,3202,2627,110,3726],"class_list":["post-32593","post","type-post","status-publish","format-standard","has-post-thumbnail","hentry","category-news-en","tag-confederacio-mundial-de-penyes-en-2","tag-federacio-del-valles-en","tag-football-tournament-en","tag-noticies-en","tag-penya-blaugrana-sant-cugat-en-2","tag-penyes","tag-sports-festival"],"acf":[],"yoast_head":"<!-- This site is optimized with the Yoast SEO Premium plugin v26.7 (Yoast SEO v27.5) - https:\/\/yoast.com\/product\/yoast-seo-premium-wordpress\/ -->\n<title>13th Sports Festival for Children of PB Sant Cugat - Confederaci\u00f3 Mundial de Penyes del FC Barcelona<\/title>\n<meta name=\"description\" content=\"The 13th Sports Festival for Children of PB Sant Cugat brought together more than 300 boys and girls from eleven schools in the Vall\u00e8s area.\" \/>\n<meta name=\"robots\" content=\"index, follow, max-snippet:-1, max-image-preview:large, max-video-preview:-1\" \/>\n<link rel=\"canonical\" href=\"https:\/\/confederaciopenyes.cat\/en\/13th-sports-festival-for-children-of-pb-sant-cugat-with-over-300-boys-and-girls\/\" \/>\n<meta property=\"og:locale\" content=\"en_US\" \/>\n<meta property=\"og:type\" content=\"article\" \/>\n<meta property=\"og:title\" content=\"13th Sports Festival for Children of PB Sant Cugat with over 300 boys and girls\" \/>\n<meta property=\"og:description\" content=\"The 13th Sports Festival for Children of PB Sant Cugat brought together more than 300 boys and girls from eleven schools in the Vall\u00e8s area.\" \/>\n<meta property=\"og:url\" content=\"https:\/\/confederaciopenyes.cat\/en\/13th-sports-festival-for-children-of-pb-sant-cugat-with-over-300-boys-and-girls\/\" \/>\n<meta property=\"og:site_name\" content=\"Confederaci\u00f3 Mundial de Penyes del FC Barcelona\" \/>\n<meta property=\"article:publisher\" content=\"https:\/\/www.facebook.com\/ConfederacioMundialPenyesFCB\" \/>\n<meta property=\"article:published_time\" content=\"2025-06-16T11:50:13+00:00\" \/>\n<meta property=\"article:modified_time\" content=\"2025-06-16T12:26:04+00:00\" \/>\n<meta property=\"og:image\" content=\"https:\/\/confederaciopenyes.cat\/wp-content\/uploads\/2025\/06\/TCM-campio-4t-1536x1152-1.jpeg\" \/>\n\t<meta property=\"og:image:width\" content=\"1536\" \/>\n\t<meta property=\"og:image:height\" content=\"862\" \/>\n\t<meta property=\"og:image:type\" content=\"image\/jpeg\" \/>\n<meta name=\"author\" content=\"Confederaci\u00f3 Mundial de Penyes del FC Barcelona\" \/>\n<meta name=\"twitter:card\" content=\"summary_large_image\" \/>\n<meta name=\"twitter:creator\" content=\"@ConfePenyesFCB\" \/>\n<meta name=\"twitter:site\" content=\"@ConfePenyesFCB\" \/>\n<meta name=\"twitter:label1\" content=\"Written by\" \/>\n\t<meta name=\"twitter:data1\" content=\"Confederaci\u00f3 Mundial de Penyes del FC Barcelona\" \/>\n\t<meta name=\"twitter:label2\" content=\"Est. reading time\" \/>\n\t<meta name=\"twitter:data2\" content=\"3 minutes\" \/>\n<script type=\"application\/ld+json\" class=\"yoast-schema-graph\">{\"@context\":\"https:\\\/\\\/schema.org\",\"@graph\":[{\"@type\":\"Article\",\"@id\":\"https:\\\/\\\/confederaciopenyes.cat\\\/en\\\/13th-sports-festival-for-children-of-pb-sant-cugat-with-over-300-boys-and-girls\\\/#article\",\"isPartOf\":{\"@id\":\"https:\\\/\\\/confederaciopenyes.cat\\\/en\\\/13th-sports-festival-for-children-of-pb-sant-cugat-with-over-300-boys-and-girls\\\/\"},\"author\":{\"name\":\"Confederaci\u00f3 Mundial de Penyes del FC Barcelona\",\"@id\":\"https:\\\/\\\/confederaciopenyes.cat\\\/en\\\/#\\\/schema\\\/person\\\/337072f6daef87a85aa59aa1f134387c\"},\"headline\":\"13th Sports Festival for Children of PB Sant Cugat with over 300 boys and girls\",\"datePublished\":\"2025-06-16T11:50:13+00:00\",\"dateModified\":\"2025-06-16T12:26:04+00:00\",\"mainEntityOfPage\":{\"@id\":\"https:\\\/\\\/confederaciopenyes.cat\\\/en\\\/13th-sports-festival-for-children-of-pb-sant-cugat-with-over-300-boys-and-girls\\\/\"},\"wordCount\":245,\"publisher\":{\"@id\":\"https:\\\/\\\/confederaciopenyes.cat\\\/en\\\/#organization\"},\"image\":{\"@id\":\"https:\\\/\\\/confederaciopenyes.cat\\\/en\\\/13th-sports-festival-for-children-of-pb-sant-cugat-with-over-300-boys-and-girls\\\/#primaryimage\"},\"thumbnailUrl\":\"https:\\\/\\\/confederaciopenyes.cat\\\/wp-content\\\/uploads\\\/2025\\\/06\\\/TCM-campio-4t-1536x1152-1.jpeg\",\"keywords\":[\"confederaci\u00f3 mundial de penyes\",\"Federaci\u00f3 del Vall\u00e8s\",\"football tournament\",\"not\u00edcies\",\"Penya Blaugrana Sant Cugat\",\"penyes\",\"Sports Festival\"],\"articleSection\":[\"News\"],\"inLanguage\":\"en-US\"},{\"@type\":\"WebPage\",\"@id\":\"https:\\\/\\\/confederaciopenyes.cat\\\/en\\\/13th-sports-festival-for-children-of-pb-sant-cugat-with-over-300-boys-and-girls\\\/\",\"url\":\"https:\\\/\\\/confederaciopenyes.cat\\\/en\\\/13th-sports-festival-for-children-of-pb-sant-cugat-with-over-300-boys-and-girls\\\/\",\"name\":\"13th Sports Festival for Children of PB Sant Cugat - Confederaci\u00f3 Mundial de Penyes del FC Barcelona\",\"isPartOf\":{\"@id\":\"https:\\\/\\\/confederaciopenyes.cat\\\/en\\\/#website\"},\"primaryImageOfPage\":{\"@id\":\"https:\\\/\\\/confederaciopenyes.cat\\\/en\\\/13th-sports-festival-for-children-of-pb-sant-cugat-with-over-300-boys-and-girls\\\/#primaryimage\"},\"image\":{\"@id\":\"https:\\\/\\\/confederaciopenyes.cat\\\/en\\\/13th-sports-festival-for-children-of-pb-sant-cugat-with-over-300-boys-and-girls\\\/#primaryimage\"},\"thumbnailUrl\":\"https:\\\/\\\/confederaciopenyes.cat\\\/wp-content\\\/uploads\\\/2025\\\/06\\\/TCM-campio-4t-1536x1152-1.jpeg\",\"datePublished\":\"2025-06-16T11:50:13+00:00\",\"dateModified\":\"2025-06-16T12:26:04+00:00\",\"description\":\"The 13th Sports Festival for Children of PB Sant Cugat brought together more than 300 boys and girls from eleven schools in the Vall\u00e8s area.\",\"breadcrumb\":{\"@id\":\"https:\\\/\\\/confederaciopenyes.cat\\\/en\\\/13th-sports-festival-for-children-of-pb-sant-cugat-with-over-300-boys-and-girls\\\/#breadcrumb\"},\"inLanguage\":\"en-US\",\"potentialAction\":[{\"@type\":\"ReadAction\",\"target\":[\"https:\\\/\\\/confederaciopenyes.cat\\\/en\\\/13th-sports-festival-for-children-of-pb-sant-cugat-with-over-300-boys-and-girls\\\/\"]}]},{\"@type\":\"ImageObject\",\"inLanguage\":\"en-US\",\"@id\":\"https:\\\/\\\/confederaciopenyes.cat\\\/en\\\/13th-sports-festival-for-children-of-pb-sant-cugat-with-over-300-boys-and-girls\\\/#primaryimage\",\"url\":\"https:\\\/\\\/confederaciopenyes.cat\\\/wp-content\\\/uploads\\\/2025\\\/06\\\/TCM-campio-4t-1536x1152-1.jpeg\",\"contentUrl\":\"https:\\\/\\\/confederaciopenyes.cat\\\/wp-content\\\/uploads\\\/2025\\\/06\\\/TCM-campio-4t-1536x1152-1.jpeg\",\"width\":1536,\"height\":862},{\"@type\":\"BreadcrumbList\",\"@id\":\"https:\\\/\\\/confederaciopenyes.cat\\\/en\\\/13th-sports-festival-for-children-of-pb-sant-cugat-with-over-300-boys-and-girls\\\/#breadcrumb\",\"itemListElement\":[{\"@type\":\"ListItem\",\"position\":1,\"name\":\"Inici\",\"item\":\"https:\\\/\\\/confederaciopenyes.cat\\\/en\\\/\"},{\"@type\":\"ListItem\",\"position\":2,\"name\":\"13th Sports Festival for Children of PB Sant Cugat with over 300 boys and girls\"}]},{\"@type\":\"WebSite\",\"@id\":\"https:\\\/\\\/confederaciopenyes.cat\\\/en\\\/#website\",\"url\":\"https:\\\/\\\/confederaciopenyes.cat\\\/en\\\/\",\"name\":\"Confederaci\u00f3 Mundial de Penyes del FC Barcelona\",\"description\":\"C.M. Penyes FC Barcelona\",\"publisher\":{\"@id\":\"https:\\\/\\\/confederaciopenyes.cat\\\/en\\\/#organization\"},\"potentialAction\":[{\"@type\":\"SearchAction\",\"target\":{\"@type\":\"EntryPoint\",\"urlTemplate\":\"https:\\\/\\\/confederaciopenyes.cat\\\/en\\\/?s={search_term_string}\"},\"query-input\":{\"@type\":\"PropertyValueSpecification\",\"valueRequired\":true,\"valueName\":\"search_term_string\"}}],\"inLanguage\":\"en-US\"},{\"@type\":\"Organization\",\"@id\":\"https:\\\/\\\/confederaciopenyes.cat\\\/en\\\/#organization\",\"name\":\"Confederaci\u00f3 Mundial de Penyes del FC Barcelona\",\"url\":\"https:\\\/\\\/confederaciopenyes.cat\\\/en\\\/\",\"logo\":{\"@type\":\"ImageObject\",\"inLanguage\":\"en-US\",\"@id\":\"https:\\\/\\\/confederaciopenyes.cat\\\/en\\\/#\\\/schema\\\/logo\\\/image\\\/\",\"url\":\"https:\\\/\\\/confederaciopenyes.cat\\\/wp-content\\\/uploads\\\/2022\\\/07\\\/cropped-logo_horizontal.png\",\"contentUrl\":\"https:\\\/\\\/confederaciopenyes.cat\\\/wp-content\\\/uploads\\\/2022\\\/07\\\/cropped-logo_horizontal.png\",\"width\":1320,\"height\":309,\"caption\":\"Confederaci\u00f3 Mundial de Penyes del FC Barcelona\"},\"image\":{\"@id\":\"https:\\\/\\\/confederaciopenyes.cat\\\/en\\\/#\\\/schema\\\/logo\\\/image\\\/\"},\"sameAs\":[\"https:\\\/\\\/www.facebook.com\\\/ConfederacioMundialPenyesFCB\",\"https:\\\/\\\/x.com\\\/ConfePenyesFCB\",\"https:\\\/\\\/www.instagram.com\\\/confepenyesfcb\\\/\"]},{\"@type\":\"Person\",\"@id\":\"https:\\\/\\\/confederaciopenyes.cat\\\/en\\\/#\\\/schema\\\/person\\\/337072f6daef87a85aa59aa1f134387c\",\"name\":\"Confederaci\u00f3 Mundial de Penyes del FC Barcelona\",\"image\":{\"@type\":\"ImageObject\",\"inLanguage\":\"en-US\",\"@id\":\"https:\\\/\\\/secure.gravatar.com\\\/avatar\\\/98c60c7405ff843b10aec55db652bd3f5cb4320ef331ae76c156819a62194328?s=96&d=mm&r=g\",\"url\":\"https:\\\/\\\/secure.gravatar.com\\\/avatar\\\/98c60c7405ff843b10aec55db652bd3f5cb4320ef331ae76c156819a62194328?s=96&d=mm&r=g\",\"contentUrl\":\"https:\\\/\\\/secure.gravatar.com\\\/avatar\\\/98c60c7405ff843b10aec55db652bd3f5cb4320ef331ae76c156819a62194328?s=96&d=mm&r=g\",\"caption\":\"Confederaci\u00f3 Mundial de Penyes del FC Barcelona\"},\"url\":\"https:\\\/\\\/confederaciopenyes.cat\\\/en\\\/author\\\/comunicacioconfederaciopenyes-cat\\\/\"}]}<\/script>\n<!-- \/ Yoast SEO Premium plugin. -->","yoast_head_json":{"title":"13th Sports Festival for Children of PB Sant Cugat - Confederaci\u00f3 Mundial de Penyes del FC Barcelona","description":"The 13th Sports Festival for Children of PB Sant Cugat brought together more than 300 boys and girls from eleven schools in the Vall\u00e8s area.","robots":{"index":"index","follow":"follow","max-snippet":"max-snippet:-1","max-image-preview":"max-image-preview:large","max-video-preview":"max-video-preview:-1"},"canonical":"https:\/\/confederaciopenyes.cat\/en\/13th-sports-festival-for-children-of-pb-sant-cugat-with-over-300-boys-and-girls\/","og_locale":"en_US","og_type":"article","og_title":"13th Sports Festival for Children of PB Sant Cugat with over 300 boys and girls","og_description":"The 13th Sports Festival for Children of PB Sant Cugat brought together more than 300 boys and girls from eleven schools in the Vall\u00e8s area.","og_url":"https:\/\/confederaciopenyes.cat\/en\/13th-sports-festival-for-children-of-pb-sant-cugat-with-over-300-boys-and-girls\/","og_site_name":"Confederaci\u00f3 Mundial de Penyes del FC Barcelona","article_publisher":"https:\/\/www.facebook.com\/ConfederacioMundialPenyesFCB","article_published_time":"2025-06-16T11:50:13+00:00","article_modified_time":"2025-06-16T12:26:04+00:00","og_image":[{"width":1536,"height":862,"url":"https:\/\/confederaciopenyes.cat\/wp-content\/uploads\/2025\/06\/TCM-campio-4t-1536x1152-1.jpeg","type":"image\/jpeg"}],"author":"Confederaci\u00f3 Mundial de Penyes del FC Barcelona","twitter_card":"summary_large_image","twitter_creator":"@ConfePenyesFCB","twitter_site":"@ConfePenyesFCB","twitter_misc":{"Written by":"Confederaci\u00f3 Mundial de Penyes del FC Barcelona","Est. reading time":"3 minutes"},"schema":{"@context":"https:\/\/schema.org","@graph":[{"@type":"Article","@id":"https:\/\/confederaciopenyes.cat\/en\/13th-sports-festival-for-children-of-pb-sant-cugat-with-over-300-boys-and-girls\/#article","isPartOf":{"@id":"https:\/\/confederaciopenyes.cat\/en\/13th-sports-festival-for-children-of-pb-sant-cugat-with-over-300-boys-and-girls\/"},"author":{"name":"Confederaci\u00f3 Mundial de Penyes del FC Barcelona","@id":"https:\/\/confederaciopenyes.cat\/en\/#\/schema\/person\/337072f6daef87a85aa59aa1f134387c"},"headline":"13th Sports Festival for Children of PB Sant Cugat with over 300 boys and girls","datePublished":"2025-06-16T11:50:13+00:00","dateModified":"2025-06-16T12:26:04+00:00","mainEntityOfPage":{"@id":"https:\/\/confederaciopenyes.cat\/en\/13th-sports-festival-for-children-of-pb-sant-cugat-with-over-300-boys-and-girls\/"},"wordCount":245,"publisher":{"@id":"https:\/\/confederaciopenyes.cat\/en\/#organization"},"image":{"@id":"https:\/\/confederaciopenyes.cat\/en\/13th-sports-festival-for-children-of-pb-sant-cugat-with-over-300-boys-and-girls\/#primaryimage"},"thumbnailUrl":"https:\/\/confederaciopenyes.cat\/wp-content\/uploads\/2025\/06\/TCM-campio-4t-1536x1152-1.jpeg","keywords":["confederaci\u00f3 mundial de penyes","Federaci\u00f3 del Vall\u00e8s","football tournament","not\u00edcies","Penya Blaugrana Sant Cugat","penyes","Sports Festival"],"articleSection":["News"],"inLanguage":"en-US"},{"@type":"WebPage","@id":"https:\/\/confederaciopenyes.cat\/en\/13th-sports-festival-for-children-of-pb-sant-cugat-with-over-300-boys-and-girls\/","url":"https:\/\/confederaciopenyes.cat\/en\/13th-sports-festival-for-children-of-pb-sant-cugat-with-over-300-boys-and-girls\/","name":"13th Sports Festival for Children of PB Sant Cugat - Confederaci\u00f3 Mundial de Penyes del FC Barcelona","isPartOf":{"@id":"https:\/\/confederaciopenyes.cat\/en\/#website"},"primaryImageOfPage":{"@id":"https:\/\/confederaciopenyes.cat\/en\/13th-sports-festival-for-children-of-pb-sant-cugat-with-over-300-boys-and-girls\/#primaryimage"},"image":{"@id":"https:\/\/confederaciopenyes.cat\/en\/13th-sports-festival-for-children-of-pb-sant-cugat-with-over-300-boys-and-girls\/#primaryimage"},"thumbnailUrl":"https:\/\/confederaciopenyes.cat\/wp-content\/uploads\/2025\/06\/TCM-campio-4t-1536x1152-1.jpeg","datePublished":"2025-06-16T11:50:13+00:00","dateModified":"2025-06-16T12:26:04+00:00","description":"The 13th Sports Festival for Children of PB Sant Cugat brought together more than 300 boys and girls from eleven schools in the Vall\u00e8s area.","breadcrumb":{"@id":"https:\/\/confederaciopenyes.cat\/en\/13th-sports-festival-for-children-of-pb-sant-cugat-with-over-300-boys-and-girls\/#breadcrumb"},"inLanguage":"en-US","potentialAction":[{"@type":"ReadAction","target":["https:\/\/confederaciopenyes.cat\/en\/13th-sports-festival-for-children-of-pb-sant-cugat-with-over-300-boys-and-girls\/"]}]},{"@type":"ImageObject","inLanguage":"en-US","@id":"https:\/\/confederaciopenyes.cat\/en\/13th-sports-festival-for-children-of-pb-sant-cugat-with-over-300-boys-and-girls\/#primaryimage","url":"https:\/\/confederaciopenyes.cat\/wp-content\/uploads\/2025\/06\/TCM-campio-4t-1536x1152-1.jpeg","contentUrl":"https:\/\/confederaciopenyes.cat\/wp-content\/uploads\/2025\/06\/TCM-campio-4t-1536x1152-1.jpeg","width":1536,"height":862},{"@type":"BreadcrumbList","@id":"https:\/\/confederaciopenyes.cat\/en\/13th-sports-festival-for-children-of-pb-sant-cugat-with-over-300-boys-and-girls\/#breadcrumb","itemListElement":[{"@type":"ListItem","position":1,"name":"Inici","item":"https:\/\/confederaciopenyes.cat\/en\/"},{"@type":"ListItem","position":2,"name":"13th Sports Festival for Children of PB Sant Cugat with over 300 boys and girls"}]},{"@type":"WebSite","@id":"https:\/\/confederaciopenyes.cat\/en\/#website","url":"https:\/\/confederaciopenyes.cat\/en\/","name":"Confederaci\u00f3 Mundial de Penyes del FC Barcelona","description":"C.M. Penyes FC Barcelona","publisher":{"@id":"https:\/\/confederaciopenyes.cat\/en\/#organization"},"potentialAction":[{"@type":"SearchAction","target":{"@type":"EntryPoint","urlTemplate":"https:\/\/confederaciopenyes.cat\/en\/?s={search_term_string}"},"query-input":{"@type":"PropertyValueSpecification","valueRequired":true,"valueName":"search_term_string"}}],"inLanguage":"en-US"},{"@type":"Organization","@id":"https:\/\/confederaciopenyes.cat\/en\/#organization","name":"Confederaci\u00f3 Mundial de Penyes del FC Barcelona","url":"https:\/\/confederaciopenyes.cat\/en\/","logo":{"@type":"ImageObject","inLanguage":"en-US","@id":"https:\/\/confederaciopenyes.cat\/en\/#\/schema\/logo\/image\/","url":"https:\/\/confederaciopenyes.cat\/wp-content\/uploads\/2022\/07\/cropped-logo_horizontal.png","contentUrl":"https:\/\/confederaciopenyes.cat\/wp-content\/uploads\/2022\/07\/cropped-logo_horizontal.png","width":1320,"height":309,"caption":"Confederaci\u00f3 Mundial de Penyes del FC Barcelona"},"image":{"@id":"https:\/\/confederaciopenyes.cat\/en\/#\/schema\/logo\/image\/"},"sameAs":["https:\/\/www.facebook.com\/ConfederacioMundialPenyesFCB","https:\/\/x.com\/ConfePenyesFCB","https:\/\/www.instagram.com\/confepenyesfcb\/"]},{"@type":"Person","@id":"https:\/\/confederaciopenyes.cat\/en\/#\/schema\/person\/337072f6daef87a85aa59aa1f134387c","name":"Confederaci\u00f3 Mundial de Penyes del FC Barcelona","image":{"@type":"ImageObject","inLanguage":"en-US","@id":"https:\/\/secure.gravatar.com\/avatar\/98c60c7405ff843b10aec55db652bd3f5cb4320ef331ae76c156819a62194328?s=96&d=mm&r=g","url":"https:\/\/secure.gravatar.com\/avatar\/98c60c7405ff843b10aec55db652bd3f5cb4320ef331ae76c156819a62194328?s=96&d=mm&r=g","contentUrl":"https:\/\/secure.gravatar.com\/avatar\/98c60c7405ff843b10aec55db652bd3f5cb4320ef331ae76c156819a62194328?s=96&d=mm&r=g","caption":"Confederaci\u00f3 Mundial de Penyes del FC Barcelona"},"url":"https:\/\/confederaciopenyes.cat\/en\/author\/comunicacioconfederaciopenyes-cat\/"}]}},"_links":{"self":[{"href":"https:\/\/confederaciopenyes.cat\/en\/wp-json\/wp\/v2\/posts\/32593","targetHints":{"allow":["GET"]}}],"collection":[{"href":"https:\/\/confederaciopenyes.cat\/en\/wp-json\/wp\/v2\/posts"}],"about":[{"href":"https:\/\/confederaciopenyes.cat\/en\/wp-json\/wp\/v2\/types\/post"}],"author":[{"embeddable":true,"href":"https:\/\/confederaciopenyes.cat\/en\/wp-json\/wp\/v2\/users\/4"}],"replies":[{"embeddable":true,"href":"https:\/\/confederaciopenyes.cat\/en\/wp-json\/wp\/v2\/comments?post=32593"}],"version-history":[{"count":3,"href":"https:\/\/confederaciopenyes.cat\/en\/wp-json\/wp\/v2\/posts\/32593\/revisions"}],"predecessor-version":[{"id":32599,"href":"https:\/\/confederaciopenyes.cat\/en\/wp-json\/wp\/v2\/posts\/32593\/revisions\/32599"}],"wp:featuredmedia":[{"embeddable":true,"href":"https:\/\/confederaciopenyes.cat\/en\/wp-json\/wp\/v2\/media\/32563"}],"wp:attachment":[{"href":"https:\/\/confederaciopenyes.cat\/en\/wp-json\/wp\/v2\/media?parent=32593"}],"wp:term":[{"taxonomy":"category","embeddable":true,"href":"https:\/\/confederaciopenyes.cat\/en\/wp-json\/wp\/v2\/categories?post=32593"},{"taxonomy":"post_tag","embeddable":true,"href":"https:\/\/confederaciopenyes.cat\/en\/wp-json\/wp\/v2\/tags?post=32593"}],"curies":[{"name":"wp","href":"https:\/\/api.w.org\/{rel}","templated":true}]}}