{"id":36549,"date":"2025-10-22T13:11:18","date_gmt":"2025-10-22T11:11:18","guid":{"rendered":"https:\/\/confederaciopenyes.cat\/new-conference-for-american-students-at-the-confederacio-mundial-de-penyes\/"},"modified":"2025-10-22T13:28:23","modified_gmt":"2025-10-22T11:28:23","slug":"new-conference-for-american-students-at-the-confederacio-mundial-de-penyes","status":"publish","type":"post","link":"https:\/\/confederaciopenyes.cat\/en\/new-conference-for-american-students-at-the-confederacio-mundial-de-penyes\/","title":{"rendered":"New conference for American students at the Confederaci\u00f3 Mundial de Penyes"},"content":{"rendered":"\n<p>The<strong> Confederaci\u00f3 Mundial de Peny<\/strong>es hosted a<strong> new edition of the conference aimed at American students at its headquarters<\/strong>. This time, it welcomed young people from several U.S. universities, such as the University of Massachusetts, the University of California, and Texas A&amp;M University, among others. Through this talk, they <strong>learned about the key factors that have turned Bar\u00e7a fandom and the penyes movement <\/strong>into much more than just a football crowd worldwide, making it an internationally recognized organization.  <\/p>\n\n<p>The conference was led by <strong>Vicen\u00e7 Notari<\/strong>, treasurer of the Confederaci\u00f3 Mundial de Penyes. In an organized and chronological manner, Notari presented the students the most relevant events from the early years of FC Barcelona, not only from a sporting perspective but also from cultural, social, and political angles within the Catalan context. In this framework,<strong> the penyes movement has played a prominent role and helps explain the deep meaning of the well-known expression \u201cM\u00e9s que un Club\u201d (More than a Club) <\/strong>that identifies FC Barcelona.  <\/p>\n\n<p>This initiative<strong> was launched in 2014<\/strong>, driven by the Penya Barcelonista La Guineu and the Penya Blaugrana Foment Martinenc (Federaci\u00f3 Barcelon\u00e8s Est), with the support of Universitat Pompeu Fabra. Eleven years later, <strong>the Confederaci\u00f3 continues this activity, which still arouses great interest among American students <\/strong>eager to discover the factors behind the global impact of Bar\u00e7a fandom. <strong><\/strong> <\/p>\n\n<figure class=\"wp-block-gallery has-nested-images columns-default is-cropped wp-block-gallery-1 is-layout-flex wp-block-gallery-is-layout-flex\">\n<figure class=\"wp-block-image size-large\"><a href=\"https:\/\/confederaciopenyes.cat\/wp-content\/uploads\/2025\/10\/IMG-20251020-WA0010-edited.jpg\"><img decoding=\"async\" width=\"1884\" height=\"1060\" data-id=\"36539\" data-src=\"https:\/\/confederaciopenyes.cat\/wp-content\/uploads\/2025\/10\/IMG-20251020-WA0010-edited.jpg\" alt=\"\" class=\"wp-image-36539 lazyload\" data-srcset=\"https:\/\/confederaciopenyes.cat\/wp-content\/uploads\/2025\/10\/IMG-20251020-WA0010-edited.jpg 1884w, https:\/\/confederaciopenyes.cat\/wp-content\/uploads\/2025\/10\/IMG-20251020-WA0010-edited-300x169.jpg 300w, https:\/\/confederaciopenyes.cat\/wp-content\/uploads\/2025\/10\/IMG-20251020-WA0010-edited-1024x576.jpg 1024w, https:\/\/confederaciopenyes.cat\/wp-content\/uploads\/2025\/10\/IMG-20251020-WA0010-edited-768x432.jpg 768w, https:\/\/confederaciopenyes.cat\/wp-content\/uploads\/2025\/10\/IMG-20251020-WA0010-edited-1536x864.jpg 1536w\" data-sizes=\"(max-width: 1884px) 100vw, 1884px\" src=\"data:image\/svg+xml;base64,PHN2ZyB3aWR0aD0iMSIgaGVpZ2h0PSIxIiB4bWxucz0iaHR0cDovL3d3dy53My5vcmcvMjAwMC9zdmciPjwvc3ZnPg==\" style=\"--smush-placeholder-width: 1884px; --smush-placeholder-aspect-ratio: 1884\/1060;\" \/><\/a><\/figure>\n\n\n\n<figure class=\"wp-block-image size-large\"><a href=\"https:\/\/confederaciopenyes.cat\/wp-content\/uploads\/2025\/10\/IMG-20251020-WA0007-edited.jpg\"><img decoding=\"async\" width=\"2016\" height=\"1134\" data-id=\"36542\" data-src=\"https:\/\/confederaciopenyes.cat\/wp-content\/uploads\/2025\/10\/IMG-20251020-WA0007-edited.jpg\" alt=\"\" class=\"wp-image-36542 lazyload\" data-srcset=\"https:\/\/confederaciopenyes.cat\/wp-content\/uploads\/2025\/10\/IMG-20251020-WA0007-edited.jpg 2016w, https:\/\/confederaciopenyes.cat\/wp-content\/uploads\/2025\/10\/IMG-20251020-WA0007-edited-300x169.jpg 300w, https:\/\/confederaciopenyes.cat\/wp-content\/uploads\/2025\/10\/IMG-20251020-WA0007-edited-1024x576.jpg 1024w, https:\/\/confederaciopenyes.cat\/wp-content\/uploads\/2025\/10\/IMG-20251020-WA0007-edited-768x432.jpg 768w, https:\/\/confederaciopenyes.cat\/wp-content\/uploads\/2025\/10\/IMG-20251020-WA0007-edited-1536x864.jpg 1536w\" data-sizes=\"(max-width: 2016px) 100vw, 2016px\" src=\"data:image\/svg+xml;base64,PHN2ZyB3aWR0aD0iMSIgaGVpZ2h0PSIxIiB4bWxucz0iaHR0cDovL3d3dy53My5vcmcvMjAwMC9zdmciPjwvc3ZnPg==\" style=\"--smush-placeholder-width: 2016px; --smush-placeholder-aspect-ratio: 2016\/1134;\" \/><\/a><\/figure>\n<\/figure>\n","protected":false},"excerpt":{"rendered":"<p>The Confederaci\u00f3 Mundial de Penyes hosted a new edition of the conference aimed at American students at its headquarters. This time, it welcomed young people from several U.S. universities, such as the University of Massachusetts, the University of California, and Texas A&amp;M University, among others. Through this talk, they learned about the key factors that &#8230; <a title=\"New conference for American students at the Confederaci\u00f3 Mundial de Penyes\" class=\"read-more\" href=\"https:\/\/confederaciopenyes.cat\/en\/new-conference-for-american-students-at-the-confederacio-mundial-de-penyes\/\" aria-label=\"Read more about New conference for American students at the Confederaci\u00f3 Mundial de Penyes\">Read more<\/a><\/p>\n","protected":false},"author":4,"featured_media":36529,"comment_status":"closed","ping_status":"open","sticky":false,"template":"","format":"standard","meta":{"_acf_changed":false,"footnotes":""},"categories":[78],"tags":[3969,2599,2570,3759,2600,2561],"class_list":["post-36549","post","type-post","status-publish","format-standard","has-post-thumbnail","hentry","category-news-en","tag-american-students","tag-confederacio-mundial-de-penyes-en-3","tag-conference","tag-conference-en","tag-news-en-2","tag-penyes-en"],"acf":[],"yoast_head":"<!-- This site is optimized with the Yoast SEO Premium plugin v27.5 (Yoast SEO v27.5) - https:\/\/yoast.com\/product\/yoast-seo-premium-wordpress\/ -->\n<title>New conference for American students - C. M. Penyes<\/title>\n<meta name=\"description\" content=\"The conference at the Confederaci\u00f3 explains the history of FC Barcelona and its supporters\u2019 clubs to American Students.\" \/>\n<meta name=\"robots\" content=\"index, follow, max-snippet:-1, max-image-preview:large, max-video-preview:-1\" \/>\n<link rel=\"canonical\" href=\"https:\/\/confederaciopenyes.cat\/en\/new-conference-for-american-students-at-the-confederacio-mundial-de-penyes\/\" \/>\n<meta property=\"og:locale\" content=\"en_US\" \/>\n<meta property=\"og:type\" content=\"article\" \/>\n<meta property=\"og:title\" content=\"New conference for American students at the Confederaci\u00f3 Mundial de Penyes\" \/>\n<meta property=\"og:description\" content=\"The conference at the Confederaci\u00f3 explains the history of FC Barcelona and its supporters\u2019 clubs to American Students.\" \/>\n<meta property=\"og:url\" content=\"https:\/\/confederaciopenyes.cat\/en\/new-conference-for-american-students-at-the-confederacio-mundial-de-penyes\/\" \/>\n<meta property=\"og:site_name\" content=\"Confederaci\u00f3 Mundial de Penyes del FC Barcelona\" \/>\n<meta property=\"article:publisher\" content=\"https:\/\/www.facebook.com\/ConfederacioMundialPenyesFCB\" \/>\n<meta property=\"article:published_time\" content=\"2025-10-22T11:11:18+00:00\" \/>\n<meta property=\"article:modified_time\" content=\"2025-10-22T11:28:23+00:00\" \/>\n<meta property=\"og:image\" content=\"https:\/\/confederaciopenyes.cat\/wp-content\/uploads\/2025\/10\/IMG-20251020-WA0002.jpg\" \/>\n\t<meta property=\"og:image:width\" content=\"2000\" \/>\n\t<meta property=\"og:image:height\" content=\"900\" \/>\n\t<meta property=\"og:image:type\" content=\"image\/jpeg\" \/>\n<meta name=\"author\" content=\"Confederaci\u00f3 Mundial de Penyes del FC Barcelona\" \/>\n<meta name=\"twitter:card\" content=\"summary_large_image\" \/>\n<meta name=\"twitter:creator\" content=\"@ConfePenyesFCB\" \/>\n<meta name=\"twitter:site\" content=\"@ConfePenyesFCB\" \/>\n<meta name=\"twitter:label1\" content=\"Written by\" \/>\n\t<meta name=\"twitter:data1\" content=\"Confederaci\u00f3 Mundial de Penyes del FC Barcelona\" \/>\n\t<meta name=\"twitter:label2\" content=\"Est. reading time\" \/>\n\t<meta name=\"twitter:data2\" content=\"2 minutes\" \/>\n<script type=\"application\/ld+json\" class=\"yoast-schema-graph\">{\"@context\":\"https:\\\/\\\/schema.org\",\"@graph\":[{\"@type\":\"Article\",\"@id\":\"https:\\\/\\\/confederaciopenyes.cat\\\/en\\\/new-conference-for-american-students-at-the-confederacio-mundial-de-penyes\\\/#article\",\"isPartOf\":{\"@id\":\"https:\\\/\\\/confederaciopenyes.cat\\\/en\\\/new-conference-for-american-students-at-the-confederacio-mundial-de-penyes\\\/\"},\"author\":{\"name\":\"Confederaci\u00f3 Mundial de Penyes del FC Barcelona\",\"@id\":\"https:\\\/\\\/confederaciopenyes.cat\\\/en\\\/#\\\/schema\\\/person\\\/337072f6daef87a85aa59aa1f134387c\"},\"headline\":\"New conference for American students at the Confederaci\u00f3 Mundial de Penyes\",\"datePublished\":\"2025-10-22T11:11:18+00:00\",\"dateModified\":\"2025-10-22T11:28:23+00:00\",\"mainEntityOfPage\":{\"@id\":\"https:\\\/\\\/confederaciopenyes.cat\\\/en\\\/new-conference-for-american-students-at-the-confederacio-mundial-de-penyes\\\/\"},\"wordCount\":238,\"publisher\":{\"@id\":\"https:\\\/\\\/confederaciopenyes.cat\\\/en\\\/#organization\"},\"image\":{\"@id\":\"https:\\\/\\\/confederaciopenyes.cat\\\/en\\\/new-conference-for-american-students-at-the-confederacio-mundial-de-penyes\\\/#primaryimage\"},\"thumbnailUrl\":\"https:\\\/\\\/confederaciopenyes.cat\\\/wp-content\\\/uploads\\\/2025\\\/10\\\/IMG-20251020-WA0002.jpg\",\"keywords\":[\"American students\",\"confederaci\u00f3 mundial de penyes\",\"conference\",\"conference\",\"news\",\"penyes\"],\"articleSection\":[\"News\"],\"inLanguage\":\"en-US\"},{\"@type\":\"WebPage\",\"@id\":\"https:\\\/\\\/confederaciopenyes.cat\\\/en\\\/new-conference-for-american-students-at-the-confederacio-mundial-de-penyes\\\/\",\"url\":\"https:\\\/\\\/confederaciopenyes.cat\\\/en\\\/new-conference-for-american-students-at-the-confederacio-mundial-de-penyes\\\/\",\"name\":\"New conference for American students - C. M. Penyes\",\"isPartOf\":{\"@id\":\"https:\\\/\\\/confederaciopenyes.cat\\\/en\\\/#website\"},\"primaryImageOfPage\":{\"@id\":\"https:\\\/\\\/confederaciopenyes.cat\\\/en\\\/new-conference-for-american-students-at-the-confederacio-mundial-de-penyes\\\/#primaryimage\"},\"image\":{\"@id\":\"https:\\\/\\\/confederaciopenyes.cat\\\/en\\\/new-conference-for-american-students-at-the-confederacio-mundial-de-penyes\\\/#primaryimage\"},\"thumbnailUrl\":\"https:\\\/\\\/confederaciopenyes.cat\\\/wp-content\\\/uploads\\\/2025\\\/10\\\/IMG-20251020-WA0002.jpg\",\"datePublished\":\"2025-10-22T11:11:18+00:00\",\"dateModified\":\"2025-10-22T11:28:23+00:00\",\"description\":\"The conference at the Confederaci\u00f3 explains the history of FC Barcelona and its supporters\u2019 clubs to American Students.\",\"breadcrumb\":{\"@id\":\"https:\\\/\\\/confederaciopenyes.cat\\\/en\\\/new-conference-for-american-students-at-the-confederacio-mundial-de-penyes\\\/#breadcrumb\"},\"inLanguage\":\"en-US\",\"potentialAction\":[{\"@type\":\"ReadAction\",\"target\":[\"https:\\\/\\\/confederaciopenyes.cat\\\/en\\\/new-conference-for-american-students-at-the-confederacio-mundial-de-penyes\\\/\"]}]},{\"@type\":\"ImageObject\",\"inLanguage\":\"en-US\",\"@id\":\"https:\\\/\\\/confederaciopenyes.cat\\\/en\\\/new-conference-for-american-students-at-the-confederacio-mundial-de-penyes\\\/#primaryimage\",\"url\":\"https:\\\/\\\/confederaciopenyes.cat\\\/wp-content\\\/uploads\\\/2025\\\/10\\\/IMG-20251020-WA0002.jpg\",\"contentUrl\":\"https:\\\/\\\/confederaciopenyes.cat\\\/wp-content\\\/uploads\\\/2025\\\/10\\\/IMG-20251020-WA0002.jpg\",\"width\":2000,\"height\":900},{\"@type\":\"BreadcrumbList\",\"@id\":\"https:\\\/\\\/confederaciopenyes.cat\\\/en\\\/new-conference-for-american-students-at-the-confederacio-mundial-de-penyes\\\/#breadcrumb\",\"itemListElement\":[{\"@type\":\"ListItem\",\"position\":1,\"name\":\"Inici\",\"item\":\"https:\\\/\\\/confederaciopenyes.cat\\\/en\\\/\"},{\"@type\":\"ListItem\",\"position\":2,\"name\":\"New conference for American students at the Confederaci\u00f3 Mundial de Penyes\"}]},{\"@type\":\"WebSite\",\"@id\":\"https:\\\/\\\/confederaciopenyes.cat\\\/en\\\/#website\",\"url\":\"https:\\\/\\\/confederaciopenyes.cat\\\/en\\\/\",\"name\":\"Confederaci\u00f3 Mundial de Penyes del FC Barcelona\",\"description\":\"C.M. Penyes FC Barcelona\",\"publisher\":{\"@id\":\"https:\\\/\\\/confederaciopenyes.cat\\\/en\\\/#organization\"},\"potentialAction\":[{\"@type\":\"SearchAction\",\"target\":{\"@type\":\"EntryPoint\",\"urlTemplate\":\"https:\\\/\\\/confederaciopenyes.cat\\\/en\\\/?s={search_term_string}\"},\"query-input\":{\"@type\":\"PropertyValueSpecification\",\"valueRequired\":true,\"valueName\":\"search_term_string\"}}],\"inLanguage\":\"en-US\"},{\"@type\":\"Organization\",\"@id\":\"https:\\\/\\\/confederaciopenyes.cat\\\/en\\\/#organization\",\"name\":\"Confederaci\u00f3 Mundial de Penyes del FC Barcelona\",\"url\":\"https:\\\/\\\/confederaciopenyes.cat\\\/en\\\/\",\"logo\":{\"@type\":\"ImageObject\",\"inLanguage\":\"en-US\",\"@id\":\"https:\\\/\\\/confederaciopenyes.cat\\\/en\\\/#\\\/schema\\\/logo\\\/image\\\/\",\"url\":\"https:\\\/\\\/confederaciopenyes.cat\\\/wp-content\\\/uploads\\\/2022\\\/07\\\/cropped-logo_horizontal.png\",\"contentUrl\":\"https:\\\/\\\/confederaciopenyes.cat\\\/wp-content\\\/uploads\\\/2022\\\/07\\\/cropped-logo_horizontal.png\",\"width\":1320,\"height\":309,\"caption\":\"Confederaci\u00f3 Mundial de Penyes del FC Barcelona\"},\"image\":{\"@id\":\"https:\\\/\\\/confederaciopenyes.cat\\\/en\\\/#\\\/schema\\\/logo\\\/image\\\/\"},\"sameAs\":[\"https:\\\/\\\/www.facebook.com\\\/ConfederacioMundialPenyesFCB\",\"https:\\\/\\\/x.com\\\/ConfePenyesFCB\",\"https:\\\/\\\/www.instagram.com\\\/confepenyesfcb\\\/\"]},{\"@type\":\"Person\",\"@id\":\"https:\\\/\\\/confederaciopenyes.cat\\\/en\\\/#\\\/schema\\\/person\\\/337072f6daef87a85aa59aa1f134387c\",\"name\":\"Confederaci\u00f3 Mundial de Penyes del FC Barcelona\",\"image\":{\"@type\":\"ImageObject\",\"inLanguage\":\"en-US\",\"@id\":\"https:\\\/\\\/secure.gravatar.com\\\/avatar\\\/98c60c7405ff843b10aec55db652bd3f5cb4320ef331ae76c156819a62194328?s=96&d=mm&r=g\",\"url\":\"https:\\\/\\\/secure.gravatar.com\\\/avatar\\\/98c60c7405ff843b10aec55db652bd3f5cb4320ef331ae76c156819a62194328?s=96&d=mm&r=g\",\"contentUrl\":\"https:\\\/\\\/secure.gravatar.com\\\/avatar\\\/98c60c7405ff843b10aec55db652bd3f5cb4320ef331ae76c156819a62194328?s=96&d=mm&r=g\",\"caption\":\"Confederaci\u00f3 Mundial de Penyes del FC Barcelona\"},\"url\":\"https:\\\/\\\/confederaciopenyes.cat\\\/en\\\/author\\\/comunicacioconfederaciopenyes-cat\\\/\"}]}<\/script>\n<!-- \/ Yoast SEO Premium plugin. -->","yoast_head_json":{"title":"New conference for American students - C. M. Penyes","description":"The conference at the Confederaci\u00f3 explains the history of FC Barcelona and its supporters\u2019 clubs to American Students.","robots":{"index":"index","follow":"follow","max-snippet":"max-snippet:-1","max-image-preview":"max-image-preview:large","max-video-preview":"max-video-preview:-1"},"canonical":"https:\/\/confederaciopenyes.cat\/en\/new-conference-for-american-students-at-the-confederacio-mundial-de-penyes\/","og_locale":"en_US","og_type":"article","og_title":"New conference for American students at the Confederaci\u00f3 Mundial de Penyes","og_description":"The conference at the Confederaci\u00f3 explains the history of FC Barcelona and its supporters\u2019 clubs to American Students.","og_url":"https:\/\/confederaciopenyes.cat\/en\/new-conference-for-american-students-at-the-confederacio-mundial-de-penyes\/","og_site_name":"Confederaci\u00f3 Mundial de Penyes del FC Barcelona","article_publisher":"https:\/\/www.facebook.com\/ConfederacioMundialPenyesFCB","article_published_time":"2025-10-22T11:11:18+00:00","article_modified_time":"2025-10-22T11:28:23+00:00","og_image":[{"width":2000,"height":900,"url":"https:\/\/confederaciopenyes.cat\/wp-content\/uploads\/2025\/10\/IMG-20251020-WA0002.jpg","type":"image\/jpeg"}],"author":"Confederaci\u00f3 Mundial de Penyes del FC Barcelona","twitter_card":"summary_large_image","twitter_creator":"@ConfePenyesFCB","twitter_site":"@ConfePenyesFCB","twitter_misc":{"Written by":"Confederaci\u00f3 Mundial de Penyes del FC Barcelona","Est. reading time":"2 minutes"},"schema":{"@context":"https:\/\/schema.org","@graph":[{"@type":"Article","@id":"https:\/\/confederaciopenyes.cat\/en\/new-conference-for-american-students-at-the-confederacio-mundial-de-penyes\/#article","isPartOf":{"@id":"https:\/\/confederaciopenyes.cat\/en\/new-conference-for-american-students-at-the-confederacio-mundial-de-penyes\/"},"author":{"name":"Confederaci\u00f3 Mundial de Penyes del FC Barcelona","@id":"https:\/\/confederaciopenyes.cat\/en\/#\/schema\/person\/337072f6daef87a85aa59aa1f134387c"},"headline":"New conference for American students at the Confederaci\u00f3 Mundial de Penyes","datePublished":"2025-10-22T11:11:18+00:00","dateModified":"2025-10-22T11:28:23+00:00","mainEntityOfPage":{"@id":"https:\/\/confederaciopenyes.cat\/en\/new-conference-for-american-students-at-the-confederacio-mundial-de-penyes\/"},"wordCount":238,"publisher":{"@id":"https:\/\/confederaciopenyes.cat\/en\/#organization"},"image":{"@id":"https:\/\/confederaciopenyes.cat\/en\/new-conference-for-american-students-at-the-confederacio-mundial-de-penyes\/#primaryimage"},"thumbnailUrl":"https:\/\/confederaciopenyes.cat\/wp-content\/uploads\/2025\/10\/IMG-20251020-WA0002.jpg","keywords":["American students","confederaci\u00f3 mundial de penyes","conference","conference","news","penyes"],"articleSection":["News"],"inLanguage":"en-US"},{"@type":"WebPage","@id":"https:\/\/confederaciopenyes.cat\/en\/new-conference-for-american-students-at-the-confederacio-mundial-de-penyes\/","url":"https:\/\/confederaciopenyes.cat\/en\/new-conference-for-american-students-at-the-confederacio-mundial-de-penyes\/","name":"New conference for American students - C. M. Penyes","isPartOf":{"@id":"https:\/\/confederaciopenyes.cat\/en\/#website"},"primaryImageOfPage":{"@id":"https:\/\/confederaciopenyes.cat\/en\/new-conference-for-american-students-at-the-confederacio-mundial-de-penyes\/#primaryimage"},"image":{"@id":"https:\/\/confederaciopenyes.cat\/en\/new-conference-for-american-students-at-the-confederacio-mundial-de-penyes\/#primaryimage"},"thumbnailUrl":"https:\/\/confederaciopenyes.cat\/wp-content\/uploads\/2025\/10\/IMG-20251020-WA0002.jpg","datePublished":"2025-10-22T11:11:18+00:00","dateModified":"2025-10-22T11:28:23+00:00","description":"The conference at the Confederaci\u00f3 explains the history of FC Barcelona and its supporters\u2019 clubs to American Students.","breadcrumb":{"@id":"https:\/\/confederaciopenyes.cat\/en\/new-conference-for-american-students-at-the-confederacio-mundial-de-penyes\/#breadcrumb"},"inLanguage":"en-US","potentialAction":[{"@type":"ReadAction","target":["https:\/\/confederaciopenyes.cat\/en\/new-conference-for-american-students-at-the-confederacio-mundial-de-penyes\/"]}]},{"@type":"ImageObject","inLanguage":"en-US","@id":"https:\/\/confederaciopenyes.cat\/en\/new-conference-for-american-students-at-the-confederacio-mundial-de-penyes\/#primaryimage","url":"https:\/\/confederaciopenyes.cat\/wp-content\/uploads\/2025\/10\/IMG-20251020-WA0002.jpg","contentUrl":"https:\/\/confederaciopenyes.cat\/wp-content\/uploads\/2025\/10\/IMG-20251020-WA0002.jpg","width":2000,"height":900},{"@type":"BreadcrumbList","@id":"https:\/\/confederaciopenyes.cat\/en\/new-conference-for-american-students-at-the-confederacio-mundial-de-penyes\/#breadcrumb","itemListElement":[{"@type":"ListItem","position":1,"name":"Inici","item":"https:\/\/confederaciopenyes.cat\/en\/"},{"@type":"ListItem","position":2,"name":"New conference for American students at the Confederaci\u00f3 Mundial de Penyes"}]},{"@type":"WebSite","@id":"https:\/\/confederaciopenyes.cat\/en\/#website","url":"https:\/\/confederaciopenyes.cat\/en\/","name":"Confederaci\u00f3 Mundial de Penyes del FC Barcelona","description":"C.M. Penyes FC Barcelona","publisher":{"@id":"https:\/\/confederaciopenyes.cat\/en\/#organization"},"potentialAction":[{"@type":"SearchAction","target":{"@type":"EntryPoint","urlTemplate":"https:\/\/confederaciopenyes.cat\/en\/?s={search_term_string}"},"query-input":{"@type":"PropertyValueSpecification","valueRequired":true,"valueName":"search_term_string"}}],"inLanguage":"en-US"},{"@type":"Organization","@id":"https:\/\/confederaciopenyes.cat\/en\/#organization","name":"Confederaci\u00f3 Mundial de Penyes del FC Barcelona","url":"https:\/\/confederaciopenyes.cat\/en\/","logo":{"@type":"ImageObject","inLanguage":"en-US","@id":"https:\/\/confederaciopenyes.cat\/en\/#\/schema\/logo\/image\/","url":"https:\/\/confederaciopenyes.cat\/wp-content\/uploads\/2022\/07\/cropped-logo_horizontal.png","contentUrl":"https:\/\/confederaciopenyes.cat\/wp-content\/uploads\/2022\/07\/cropped-logo_horizontal.png","width":1320,"height":309,"caption":"Confederaci\u00f3 Mundial de Penyes del FC Barcelona"},"image":{"@id":"https:\/\/confederaciopenyes.cat\/en\/#\/schema\/logo\/image\/"},"sameAs":["https:\/\/www.facebook.com\/ConfederacioMundialPenyesFCB","https:\/\/x.com\/ConfePenyesFCB","https:\/\/www.instagram.com\/confepenyesfcb\/"]},{"@type":"Person","@id":"https:\/\/confederaciopenyes.cat\/en\/#\/schema\/person\/337072f6daef87a85aa59aa1f134387c","name":"Confederaci\u00f3 Mundial de Penyes del FC Barcelona","image":{"@type":"ImageObject","inLanguage":"en-US","@id":"https:\/\/secure.gravatar.com\/avatar\/98c60c7405ff843b10aec55db652bd3f5cb4320ef331ae76c156819a62194328?s=96&d=mm&r=g","url":"https:\/\/secure.gravatar.com\/avatar\/98c60c7405ff843b10aec55db652bd3f5cb4320ef331ae76c156819a62194328?s=96&d=mm&r=g","contentUrl":"https:\/\/secure.gravatar.com\/avatar\/98c60c7405ff843b10aec55db652bd3f5cb4320ef331ae76c156819a62194328?s=96&d=mm&r=g","caption":"Confederaci\u00f3 Mundial de Penyes del FC Barcelona"},"url":"https:\/\/confederaciopenyes.cat\/en\/author\/comunicacioconfederaciopenyes-cat\/"}]}},"_links":{"self":[{"href":"https:\/\/confederaciopenyes.cat\/en\/wp-json\/wp\/v2\/posts\/36549","targetHints":{"allow":["GET"]}}],"collection":[{"href":"https:\/\/confederaciopenyes.cat\/en\/wp-json\/wp\/v2\/posts"}],"about":[{"href":"https:\/\/confederaciopenyes.cat\/en\/wp-json\/wp\/v2\/types\/post"}],"author":[{"embeddable":true,"href":"https:\/\/confederaciopenyes.cat\/en\/wp-json\/wp\/v2\/users\/4"}],"replies":[{"embeddable":true,"href":"https:\/\/confederaciopenyes.cat\/en\/wp-json\/wp\/v2\/comments?post=36549"}],"version-history":[{"count":2,"href":"https:\/\/confederaciopenyes.cat\/en\/wp-json\/wp\/v2\/posts\/36549\/revisions"}],"predecessor-version":[{"id":36551,"href":"https:\/\/confederaciopenyes.cat\/en\/wp-json\/wp\/v2\/posts\/36549\/revisions\/36551"}],"wp:featuredmedia":[{"embeddable":true,"href":"https:\/\/confederaciopenyes.cat\/en\/wp-json\/wp\/v2\/media\/36529"}],"wp:attachment":[{"href":"https:\/\/confederaciopenyes.cat\/en\/wp-json\/wp\/v2\/media?parent=36549"}],"wp:term":[{"taxonomy":"category","embeddable":true,"href":"https:\/\/confederaciopenyes.cat\/en\/wp-json\/wp\/v2\/categories?post=36549"},{"taxonomy":"post_tag","embeddable":true,"href":"https:\/\/confederaciopenyes.cat\/en\/wp-json\/wp\/v2\/tags?post=36549"}],"curies":[{"name":"wp","href":"https:\/\/api.w.org\/{rel}","templated":true}]}}