{"id":36586,"date":"2025-10-23T10:10:42","date_gmt":"2025-10-23T08:10:42","guid":{"rendered":"https:\/\/confederaciopenyes.cat\/the-20th-meeting-of-the-federacio-osona-i-ripolles-brings-together-12-penyes-in-taradell\/"},"modified":"2025-10-23T10:30:26","modified_gmt":"2025-10-23T08:30:26","slug":"the-20th-meeting-of-the-federacio-osona-i-ripolles-brings-together-12-penyes-in-taradell","status":"publish","type":"post","link":"https:\/\/confederaciopenyes.cat\/en\/the-20th-meeting-of-the-federacio-osona-i-ripolles-brings-together-12-penyes-in-taradell\/","title":{"rendered":"The 20th Meeting of the Federaci\u00f3 Osona i Ripoll\u00e8s brings together 12 penyes in Taradell"},"content":{"rendered":"\n<p>The <strong>Federaci\u00f3 de Penyes d\u2019Osona i Ripoll\u00e8s<\/strong> held its <strong>20th Meeting <\/strong>in the town of Taradell, in the Osona region. <strong>More than 70 FC Barcelona supporters <\/strong>took part in the event, which also marked the <strong>35th anniversary of the host entity, the <a href=\"https:\/\/www.instagram.com\/pbtaradell\/\" target=\"_blank\" rel=\"noreferrer noopener\">Penya Barcelonista de Taradell<\/a><\/strong>. A total of <strong>12 penyes from the region were represented<\/strong>: PB Vic, PB Montesquiu, PB Sant Quirze d\u2019Isaura, PB Tona, PB Camprodon, PB Torell\u00f3, PB Sant Boi de Llu\u00e7an\u00e8s, PB Manlleu, PB Collsuspina, PB Sant Joan de les Abadesses, PB Campdev\u00e0nol and PB Sant Bartomeu del Grau, in addition to the aforementioned PB Taradell. <\/p>\n\n<p>Among the attendees were <strong>Dion\u00eds Crusellas<\/strong>, president of the Federaci\u00f3 de Penyes d\u2019Osona i Ripoll\u00e8s; <strong>Jordi Guillam\u00f3n<\/strong>, president of PB Taradell; former players <strong>Carles Reixach and Paco Nieto<\/strong>; and <strong>Merc\u00e8 Cabanas<\/strong>, mayor of Taradell. Also present was<strong> Josep Autonell<\/strong>, former president of PB Taradell, <strong>who was honored for his work leading the blaugrana penya and received a commemorative plaque<\/strong>. The celebratory lunch also featured a raffle of Bar\u00e7a-themed prizes and gifts for attendees. It was an event<strong> full of emotion and Bar\u00e7a spirit<\/strong>.   <\/p>\n","protected":false},"excerpt":{"rendered":"<p>The Federaci\u00f3 de Penyes d\u2019Osona i Ripoll\u00e8s held its 20th Meeting in the town of Taradell, in the Osona region. More than 70 FC Barcelona supporters took part in the event, which also marked the 35th anniversary of the host entity, the Penya Barcelonista de Taradell. A total of 12 penyes from the region were &#8230; <a title=\"The 20th Meeting of the Federaci\u00f3 Osona i Ripoll\u00e8s brings together 12 penyes in Taradell\" class=\"read-more\" href=\"https:\/\/confederaciopenyes.cat\/en\/the-20th-meeting-of-the-federacio-osona-i-ripolles-brings-together-12-penyes-in-taradell\/\" aria-label=\"Read more about The 20th Meeting of the Federaci\u00f3 Osona i Ripoll\u00e8s brings together 12 penyes in Taradell\">Read more<\/a><\/p>\n","protected":false},"author":4,"featured_media":36565,"comment_status":"closed","ping_status":"open","sticky":false,"template":"","format":"standard","meta":{"_acf_changed":false,"footnotes":""},"categories":[78],"tags":[3979,3981,2599,2947,2600,3980,2561],"class_list":["post-36586","post","type-post","status-publish","format-standard","has-post-thumbnail","hentry","category-news-en","tag-20th-meeting","tag-35th-anniversary","tag-confederacio-mundial-de-penyes-en-3","tag-federacio-osona-i-ripolles-en","tag-news-en-2","tag-pb-taradell-en","tag-penyes-en"],"acf":[],"yoast_head":"<!-- This site is optimized with the Yoast SEO Premium plugin v26.7 (Yoast SEO v27.5) - https:\/\/yoast.com\/product\/yoast-seo-premium-wordpress\/ -->\n<title>20th Meeting of Federaci\u00f3 Osona i Ripoll\u00e8s - CMP<\/title>\n<meta name=\"description\" content=\"20th Meeting of the Federaci\u00f3 Osona i Ripoll\u00e8s commemorated the 35th anniversary of PB Taradell and paid tribute to Josep Autonell\" \/>\n<meta name=\"robots\" content=\"index, follow, max-snippet:-1, max-image-preview:large, max-video-preview:-1\" \/>\n<link rel=\"canonical\" href=\"https:\/\/confederaciopenyes.cat\/en\/the-20th-meeting-of-the-federacio-osona-i-ripolles-brings-together-12-penyes-in-taradell\/\" \/>\n<meta property=\"og:locale\" content=\"en_US\" \/>\n<meta property=\"og:type\" content=\"article\" \/>\n<meta property=\"og:title\" content=\"The 20th Meeting of the Federaci\u00f3 Osona i Ripoll\u00e8s brings together 12 penyes in Taradell\" \/>\n<meta property=\"og:description\" content=\"20th Meeting of the Federaci\u00f3 Osona i Ripoll\u00e8s commemorated the 35th anniversary of PB Taradell and paid tribute to Josep Autonell\" \/>\n<meta property=\"og:url\" content=\"https:\/\/confederaciopenyes.cat\/en\/the-20th-meeting-of-the-federacio-osona-i-ripolles-brings-together-12-penyes-in-taradell\/\" \/>\n<meta property=\"og:site_name\" content=\"Confederaci\u00f3 Mundial de Penyes del FC Barcelona\" \/>\n<meta property=\"article:publisher\" content=\"https:\/\/www.facebook.com\/ConfederacioMundialPenyesFCB\" \/>\n<meta property=\"article:published_time\" content=\"2025-10-23T08:10:42+00:00\" \/>\n<meta property=\"article:modified_time\" content=\"2025-10-23T08:30:26+00:00\" \/>\n<meta property=\"og:image\" content=\"https:\/\/confederaciopenyes.cat\/wp-content\/uploads\/2025\/10\/WhatsApp-Image-2025-10-14-at-09.12.42-e1761207005587.jpeg\" \/>\n\t<meta property=\"og:image:width\" content=\"1600\" \/>\n\t<meta property=\"og:image:height\" content=\"1200\" \/>\n\t<meta property=\"og:image:type\" content=\"image\/jpeg\" \/>\n<meta name=\"author\" content=\"Confederaci\u00f3 Mundial de Penyes del FC Barcelona\" \/>\n<meta name=\"twitter:card\" content=\"summary_large_image\" \/>\n<meta name=\"twitter:creator\" content=\"@ConfePenyesFCB\" \/>\n<meta name=\"twitter:site\" content=\"@ConfePenyesFCB\" \/>\n<meta name=\"twitter:label1\" content=\"Written by\" \/>\n\t<meta name=\"twitter:data1\" content=\"Confederaci\u00f3 Mundial de Penyes del FC Barcelona\" \/>\n\t<meta name=\"twitter:label2\" content=\"Est. reading time\" \/>\n\t<meta name=\"twitter:data2\" content=\"2 minutes\" \/>\n<script type=\"application\/ld+json\" class=\"yoast-schema-graph\">{\"@context\":\"https:\\\/\\\/schema.org\",\"@graph\":[{\"@type\":\"Article\",\"@id\":\"https:\\\/\\\/confederaciopenyes.cat\\\/en\\\/the-20th-meeting-of-the-federacio-osona-i-ripolles-brings-together-12-penyes-in-taradell\\\/#article\",\"isPartOf\":{\"@id\":\"https:\\\/\\\/confederaciopenyes.cat\\\/en\\\/the-20th-meeting-of-the-federacio-osona-i-ripolles-brings-together-12-penyes-in-taradell\\\/\"},\"author\":{\"name\":\"Confederaci\u00f3 Mundial de Penyes del FC Barcelona\",\"@id\":\"https:\\\/\\\/confederaciopenyes.cat\\\/en\\\/#\\\/schema\\\/person\\\/337072f6daef87a85aa59aa1f134387c\"},\"headline\":\"The 20th Meeting of the Federaci\u00f3 Osona i Ripoll\u00e8s brings together 12 penyes in Taradell\",\"datePublished\":\"2025-10-23T08:10:42+00:00\",\"dateModified\":\"2025-10-23T08:30:26+00:00\",\"mainEntityOfPage\":{\"@id\":\"https:\\\/\\\/confederaciopenyes.cat\\\/en\\\/the-20th-meeting-of-the-federacio-osona-i-ripolles-brings-together-12-penyes-in-taradell\\\/\"},\"wordCount\":208,\"publisher\":{\"@id\":\"https:\\\/\\\/confederaciopenyes.cat\\\/en\\\/#organization\"},\"image\":{\"@id\":\"https:\\\/\\\/confederaciopenyes.cat\\\/en\\\/the-20th-meeting-of-the-federacio-osona-i-ripolles-brings-together-12-penyes-in-taradell\\\/#primaryimage\"},\"thumbnailUrl\":\"https:\\\/\\\/confederaciopenyes.cat\\\/wp-content\\\/uploads\\\/2025\\\/10\\\/WhatsApp-Image-2025-10-14-at-09.12.42-e1761207005587.jpeg\",\"keywords\":[\"20th Meeting\",\"35th anniversary\",\"confederaci\u00f3 mundial de penyes\",\"Federaci\u00f3 Osona i Ripoll\u00e8s\",\"news\",\"PB Taradell\",\"penyes\"],\"articleSection\":[\"News\"],\"inLanguage\":\"en-US\"},{\"@type\":\"WebPage\",\"@id\":\"https:\\\/\\\/confederaciopenyes.cat\\\/en\\\/the-20th-meeting-of-the-federacio-osona-i-ripolles-brings-together-12-penyes-in-taradell\\\/\",\"url\":\"https:\\\/\\\/confederaciopenyes.cat\\\/en\\\/the-20th-meeting-of-the-federacio-osona-i-ripolles-brings-together-12-penyes-in-taradell\\\/\",\"name\":\"20th Meeting of Federaci\u00f3 Osona i Ripoll\u00e8s - CMP\",\"isPartOf\":{\"@id\":\"https:\\\/\\\/confederaciopenyes.cat\\\/en\\\/#website\"},\"primaryImageOfPage\":{\"@id\":\"https:\\\/\\\/confederaciopenyes.cat\\\/en\\\/the-20th-meeting-of-the-federacio-osona-i-ripolles-brings-together-12-penyes-in-taradell\\\/#primaryimage\"},\"image\":{\"@id\":\"https:\\\/\\\/confederaciopenyes.cat\\\/en\\\/the-20th-meeting-of-the-federacio-osona-i-ripolles-brings-together-12-penyes-in-taradell\\\/#primaryimage\"},\"thumbnailUrl\":\"https:\\\/\\\/confederaciopenyes.cat\\\/wp-content\\\/uploads\\\/2025\\\/10\\\/WhatsApp-Image-2025-10-14-at-09.12.42-e1761207005587.jpeg\",\"datePublished\":\"2025-10-23T08:10:42+00:00\",\"dateModified\":\"2025-10-23T08:30:26+00:00\",\"description\":\"20th Meeting of the Federaci\u00f3 Osona i Ripoll\u00e8s commemorated the 35th anniversary of PB Taradell and paid tribute to Josep Autonell\",\"breadcrumb\":{\"@id\":\"https:\\\/\\\/confederaciopenyes.cat\\\/en\\\/the-20th-meeting-of-the-federacio-osona-i-ripolles-brings-together-12-penyes-in-taradell\\\/#breadcrumb\"},\"inLanguage\":\"en-US\",\"potentialAction\":[{\"@type\":\"ReadAction\",\"target\":[\"https:\\\/\\\/confederaciopenyes.cat\\\/en\\\/the-20th-meeting-of-the-federacio-osona-i-ripolles-brings-together-12-penyes-in-taradell\\\/\"]}]},{\"@type\":\"ImageObject\",\"inLanguage\":\"en-US\",\"@id\":\"https:\\\/\\\/confederaciopenyes.cat\\\/en\\\/the-20th-meeting-of-the-federacio-osona-i-ripolles-brings-together-12-penyes-in-taradell\\\/#primaryimage\",\"url\":\"https:\\\/\\\/confederaciopenyes.cat\\\/wp-content\\\/uploads\\\/2025\\\/10\\\/WhatsApp-Image-2025-10-14-at-09.12.42-e1761207005587.jpeg\",\"contentUrl\":\"https:\\\/\\\/confederaciopenyes.cat\\\/wp-content\\\/uploads\\\/2025\\\/10\\\/WhatsApp-Image-2025-10-14-at-09.12.42-e1761207005587.jpeg\",\"width\":1600,\"height\":1200},{\"@type\":\"BreadcrumbList\",\"@id\":\"https:\\\/\\\/confederaciopenyes.cat\\\/en\\\/the-20th-meeting-of-the-federacio-osona-i-ripolles-brings-together-12-penyes-in-taradell\\\/#breadcrumb\",\"itemListElement\":[{\"@type\":\"ListItem\",\"position\":1,\"name\":\"Inici\",\"item\":\"https:\\\/\\\/confederaciopenyes.cat\\\/en\\\/\"},{\"@type\":\"ListItem\",\"position\":2,\"name\":\"The 20th Meeting of the Federaci\u00f3 Osona i Ripoll\u00e8s brings together 12 penyes in Taradell\"}]},{\"@type\":\"WebSite\",\"@id\":\"https:\\\/\\\/confederaciopenyes.cat\\\/en\\\/#website\",\"url\":\"https:\\\/\\\/confederaciopenyes.cat\\\/en\\\/\",\"name\":\"Confederaci\u00f3 Mundial de Penyes del FC Barcelona\",\"description\":\"C.M. Penyes FC Barcelona\",\"publisher\":{\"@id\":\"https:\\\/\\\/confederaciopenyes.cat\\\/en\\\/#organization\"},\"potentialAction\":[{\"@type\":\"SearchAction\",\"target\":{\"@type\":\"EntryPoint\",\"urlTemplate\":\"https:\\\/\\\/confederaciopenyes.cat\\\/en\\\/?s={search_term_string}\"},\"query-input\":{\"@type\":\"PropertyValueSpecification\",\"valueRequired\":true,\"valueName\":\"search_term_string\"}}],\"inLanguage\":\"en-US\"},{\"@type\":\"Organization\",\"@id\":\"https:\\\/\\\/confederaciopenyes.cat\\\/en\\\/#organization\",\"name\":\"Confederaci\u00f3 Mundial de Penyes del FC Barcelona\",\"url\":\"https:\\\/\\\/confederaciopenyes.cat\\\/en\\\/\",\"logo\":{\"@type\":\"ImageObject\",\"inLanguage\":\"en-US\",\"@id\":\"https:\\\/\\\/confederaciopenyes.cat\\\/en\\\/#\\\/schema\\\/logo\\\/image\\\/\",\"url\":\"https:\\\/\\\/confederaciopenyes.cat\\\/wp-content\\\/uploads\\\/2022\\\/07\\\/cropped-logo_horizontal.png\",\"contentUrl\":\"https:\\\/\\\/confederaciopenyes.cat\\\/wp-content\\\/uploads\\\/2022\\\/07\\\/cropped-logo_horizontal.png\",\"width\":1320,\"height\":309,\"caption\":\"Confederaci\u00f3 Mundial de Penyes del FC Barcelona\"},\"image\":{\"@id\":\"https:\\\/\\\/confederaciopenyes.cat\\\/en\\\/#\\\/schema\\\/logo\\\/image\\\/\"},\"sameAs\":[\"https:\\\/\\\/www.facebook.com\\\/ConfederacioMundialPenyesFCB\",\"https:\\\/\\\/x.com\\\/ConfePenyesFCB\",\"https:\\\/\\\/www.instagram.com\\\/confepenyesfcb\\\/\"]},{\"@type\":\"Person\",\"@id\":\"https:\\\/\\\/confederaciopenyes.cat\\\/en\\\/#\\\/schema\\\/person\\\/337072f6daef87a85aa59aa1f134387c\",\"name\":\"Confederaci\u00f3 Mundial de Penyes del FC Barcelona\",\"image\":{\"@type\":\"ImageObject\",\"inLanguage\":\"en-US\",\"@id\":\"https:\\\/\\\/secure.gravatar.com\\\/avatar\\\/98c60c7405ff843b10aec55db652bd3f5cb4320ef331ae76c156819a62194328?s=96&d=mm&r=g\",\"url\":\"https:\\\/\\\/secure.gravatar.com\\\/avatar\\\/98c60c7405ff843b10aec55db652bd3f5cb4320ef331ae76c156819a62194328?s=96&d=mm&r=g\",\"contentUrl\":\"https:\\\/\\\/secure.gravatar.com\\\/avatar\\\/98c60c7405ff843b10aec55db652bd3f5cb4320ef331ae76c156819a62194328?s=96&d=mm&r=g\",\"caption\":\"Confederaci\u00f3 Mundial de Penyes del FC Barcelona\"},\"url\":\"https:\\\/\\\/confederaciopenyes.cat\\\/en\\\/author\\\/comunicacioconfederaciopenyes-cat\\\/\"}]}<\/script>\n<!-- \/ Yoast SEO Premium plugin. -->","yoast_head_json":{"title":"20th Meeting of Federaci\u00f3 Osona i Ripoll\u00e8s - CMP","description":"20th Meeting of the Federaci\u00f3 Osona i Ripoll\u00e8s commemorated the 35th anniversary of PB Taradell and paid tribute to Josep Autonell","robots":{"index":"index","follow":"follow","max-snippet":"max-snippet:-1","max-image-preview":"max-image-preview:large","max-video-preview":"max-video-preview:-1"},"canonical":"https:\/\/confederaciopenyes.cat\/en\/the-20th-meeting-of-the-federacio-osona-i-ripolles-brings-together-12-penyes-in-taradell\/","og_locale":"en_US","og_type":"article","og_title":"The 20th Meeting of the Federaci\u00f3 Osona i Ripoll\u00e8s brings together 12 penyes in Taradell","og_description":"20th Meeting of the Federaci\u00f3 Osona i Ripoll\u00e8s commemorated the 35th anniversary of PB Taradell and paid tribute to Josep Autonell","og_url":"https:\/\/confederaciopenyes.cat\/en\/the-20th-meeting-of-the-federacio-osona-i-ripolles-brings-together-12-penyes-in-taradell\/","og_site_name":"Confederaci\u00f3 Mundial de Penyes del FC Barcelona","article_publisher":"https:\/\/www.facebook.com\/ConfederacioMundialPenyesFCB","article_published_time":"2025-10-23T08:10:42+00:00","article_modified_time":"2025-10-23T08:30:26+00:00","og_image":[{"width":1600,"height":1200,"url":"https:\/\/confederaciopenyes.cat\/wp-content\/uploads\/2025\/10\/WhatsApp-Image-2025-10-14-at-09.12.42-e1761207005587.jpeg","type":"image\/jpeg"}],"author":"Confederaci\u00f3 Mundial de Penyes del FC Barcelona","twitter_card":"summary_large_image","twitter_creator":"@ConfePenyesFCB","twitter_site":"@ConfePenyesFCB","twitter_misc":{"Written by":"Confederaci\u00f3 Mundial de Penyes del FC Barcelona","Est. reading time":"2 minutes"},"schema":{"@context":"https:\/\/schema.org","@graph":[{"@type":"Article","@id":"https:\/\/confederaciopenyes.cat\/en\/the-20th-meeting-of-the-federacio-osona-i-ripolles-brings-together-12-penyes-in-taradell\/#article","isPartOf":{"@id":"https:\/\/confederaciopenyes.cat\/en\/the-20th-meeting-of-the-federacio-osona-i-ripolles-brings-together-12-penyes-in-taradell\/"},"author":{"name":"Confederaci\u00f3 Mundial de Penyes del FC Barcelona","@id":"https:\/\/confederaciopenyes.cat\/en\/#\/schema\/person\/337072f6daef87a85aa59aa1f134387c"},"headline":"The 20th Meeting of the Federaci\u00f3 Osona i Ripoll\u00e8s brings together 12 penyes in Taradell","datePublished":"2025-10-23T08:10:42+00:00","dateModified":"2025-10-23T08:30:26+00:00","mainEntityOfPage":{"@id":"https:\/\/confederaciopenyes.cat\/en\/the-20th-meeting-of-the-federacio-osona-i-ripolles-brings-together-12-penyes-in-taradell\/"},"wordCount":208,"publisher":{"@id":"https:\/\/confederaciopenyes.cat\/en\/#organization"},"image":{"@id":"https:\/\/confederaciopenyes.cat\/en\/the-20th-meeting-of-the-federacio-osona-i-ripolles-brings-together-12-penyes-in-taradell\/#primaryimage"},"thumbnailUrl":"https:\/\/confederaciopenyes.cat\/wp-content\/uploads\/2025\/10\/WhatsApp-Image-2025-10-14-at-09.12.42-e1761207005587.jpeg","keywords":["20th Meeting","35th anniversary","confederaci\u00f3 mundial de penyes","Federaci\u00f3 Osona i Ripoll\u00e8s","news","PB Taradell","penyes"],"articleSection":["News"],"inLanguage":"en-US"},{"@type":"WebPage","@id":"https:\/\/confederaciopenyes.cat\/en\/the-20th-meeting-of-the-federacio-osona-i-ripolles-brings-together-12-penyes-in-taradell\/","url":"https:\/\/confederaciopenyes.cat\/en\/the-20th-meeting-of-the-federacio-osona-i-ripolles-brings-together-12-penyes-in-taradell\/","name":"20th Meeting of Federaci\u00f3 Osona i Ripoll\u00e8s - CMP","isPartOf":{"@id":"https:\/\/confederaciopenyes.cat\/en\/#website"},"primaryImageOfPage":{"@id":"https:\/\/confederaciopenyes.cat\/en\/the-20th-meeting-of-the-federacio-osona-i-ripolles-brings-together-12-penyes-in-taradell\/#primaryimage"},"image":{"@id":"https:\/\/confederaciopenyes.cat\/en\/the-20th-meeting-of-the-federacio-osona-i-ripolles-brings-together-12-penyes-in-taradell\/#primaryimage"},"thumbnailUrl":"https:\/\/confederaciopenyes.cat\/wp-content\/uploads\/2025\/10\/WhatsApp-Image-2025-10-14-at-09.12.42-e1761207005587.jpeg","datePublished":"2025-10-23T08:10:42+00:00","dateModified":"2025-10-23T08:30:26+00:00","description":"20th Meeting of the Federaci\u00f3 Osona i Ripoll\u00e8s commemorated the 35th anniversary of PB Taradell and paid tribute to Josep Autonell","breadcrumb":{"@id":"https:\/\/confederaciopenyes.cat\/en\/the-20th-meeting-of-the-federacio-osona-i-ripolles-brings-together-12-penyes-in-taradell\/#breadcrumb"},"inLanguage":"en-US","potentialAction":[{"@type":"ReadAction","target":["https:\/\/confederaciopenyes.cat\/en\/the-20th-meeting-of-the-federacio-osona-i-ripolles-brings-together-12-penyes-in-taradell\/"]}]},{"@type":"ImageObject","inLanguage":"en-US","@id":"https:\/\/confederaciopenyes.cat\/en\/the-20th-meeting-of-the-federacio-osona-i-ripolles-brings-together-12-penyes-in-taradell\/#primaryimage","url":"https:\/\/confederaciopenyes.cat\/wp-content\/uploads\/2025\/10\/WhatsApp-Image-2025-10-14-at-09.12.42-e1761207005587.jpeg","contentUrl":"https:\/\/confederaciopenyes.cat\/wp-content\/uploads\/2025\/10\/WhatsApp-Image-2025-10-14-at-09.12.42-e1761207005587.jpeg","width":1600,"height":1200},{"@type":"BreadcrumbList","@id":"https:\/\/confederaciopenyes.cat\/en\/the-20th-meeting-of-the-federacio-osona-i-ripolles-brings-together-12-penyes-in-taradell\/#breadcrumb","itemListElement":[{"@type":"ListItem","position":1,"name":"Inici","item":"https:\/\/confederaciopenyes.cat\/en\/"},{"@type":"ListItem","position":2,"name":"The 20th Meeting of the Federaci\u00f3 Osona i Ripoll\u00e8s brings together 12 penyes in Taradell"}]},{"@type":"WebSite","@id":"https:\/\/confederaciopenyes.cat\/en\/#website","url":"https:\/\/confederaciopenyes.cat\/en\/","name":"Confederaci\u00f3 Mundial de Penyes del FC Barcelona","description":"C.M. Penyes FC Barcelona","publisher":{"@id":"https:\/\/confederaciopenyes.cat\/en\/#organization"},"potentialAction":[{"@type":"SearchAction","target":{"@type":"EntryPoint","urlTemplate":"https:\/\/confederaciopenyes.cat\/en\/?s={search_term_string}"},"query-input":{"@type":"PropertyValueSpecification","valueRequired":true,"valueName":"search_term_string"}}],"inLanguage":"en-US"},{"@type":"Organization","@id":"https:\/\/confederaciopenyes.cat\/en\/#organization","name":"Confederaci\u00f3 Mundial de Penyes del FC Barcelona","url":"https:\/\/confederaciopenyes.cat\/en\/","logo":{"@type":"ImageObject","inLanguage":"en-US","@id":"https:\/\/confederaciopenyes.cat\/en\/#\/schema\/logo\/image\/","url":"https:\/\/confederaciopenyes.cat\/wp-content\/uploads\/2022\/07\/cropped-logo_horizontal.png","contentUrl":"https:\/\/confederaciopenyes.cat\/wp-content\/uploads\/2022\/07\/cropped-logo_horizontal.png","width":1320,"height":309,"caption":"Confederaci\u00f3 Mundial de Penyes del FC Barcelona"},"image":{"@id":"https:\/\/confederaciopenyes.cat\/en\/#\/schema\/logo\/image\/"},"sameAs":["https:\/\/www.facebook.com\/ConfederacioMundialPenyesFCB","https:\/\/x.com\/ConfePenyesFCB","https:\/\/www.instagram.com\/confepenyesfcb\/"]},{"@type":"Person","@id":"https:\/\/confederaciopenyes.cat\/en\/#\/schema\/person\/337072f6daef87a85aa59aa1f134387c","name":"Confederaci\u00f3 Mundial de Penyes del FC Barcelona","image":{"@type":"ImageObject","inLanguage":"en-US","@id":"https:\/\/secure.gravatar.com\/avatar\/98c60c7405ff843b10aec55db652bd3f5cb4320ef331ae76c156819a62194328?s=96&d=mm&r=g","url":"https:\/\/secure.gravatar.com\/avatar\/98c60c7405ff843b10aec55db652bd3f5cb4320ef331ae76c156819a62194328?s=96&d=mm&r=g","contentUrl":"https:\/\/secure.gravatar.com\/avatar\/98c60c7405ff843b10aec55db652bd3f5cb4320ef331ae76c156819a62194328?s=96&d=mm&r=g","caption":"Confederaci\u00f3 Mundial de Penyes del FC Barcelona"},"url":"https:\/\/confederaciopenyes.cat\/en\/author\/comunicacioconfederaciopenyes-cat\/"}]}},"_links":{"self":[{"href":"https:\/\/confederaciopenyes.cat\/en\/wp-json\/wp\/v2\/posts\/36586","targetHints":{"allow":["GET"]}}],"collection":[{"href":"https:\/\/confederaciopenyes.cat\/en\/wp-json\/wp\/v2\/posts"}],"about":[{"href":"https:\/\/confederaciopenyes.cat\/en\/wp-json\/wp\/v2\/types\/post"}],"author":[{"embeddable":true,"href":"https:\/\/confederaciopenyes.cat\/en\/wp-json\/wp\/v2\/users\/4"}],"replies":[{"embeddable":true,"href":"https:\/\/confederaciopenyes.cat\/en\/wp-json\/wp\/v2\/comments?post=36586"}],"version-history":[{"count":2,"href":"https:\/\/confederaciopenyes.cat\/en\/wp-json\/wp\/v2\/posts\/36586\/revisions"}],"predecessor-version":[{"id":36591,"href":"https:\/\/confederaciopenyes.cat\/en\/wp-json\/wp\/v2\/posts\/36586\/revisions\/36591"}],"wp:featuredmedia":[{"embeddable":true,"href":"https:\/\/confederaciopenyes.cat\/en\/wp-json\/wp\/v2\/media\/36565"}],"wp:attachment":[{"href":"https:\/\/confederaciopenyes.cat\/en\/wp-json\/wp\/v2\/media?parent=36586"}],"wp:term":[{"taxonomy":"category","embeddable":true,"href":"https:\/\/confederaciopenyes.cat\/en\/wp-json\/wp\/v2\/categories?post=36586"},{"taxonomy":"post_tag","embeddable":true,"href":"https:\/\/confederaciopenyes.cat\/en\/wp-json\/wp\/v2\/tags?post=36586"}],"curies":[{"name":"wp","href":"https:\/\/api.w.org\/{rel}","templated":true}]}}