{"id":36835,"date":"2025-10-28T12:35:33","date_gmt":"2025-10-28T11:35:33","guid":{"rendered":"https:\/\/confederaciopenyes.cat\/the-15th-congress-of-the-federacion-de-andalucia-ceuta-y-melilla-brings-together-800-supporters\/"},"modified":"2025-10-28T13:11:13","modified_gmt":"2025-10-28T12:11:13","slug":"the-15th-congress-of-the-federacion-de-andalucia-ceuta-y-melilla-brings-together-800-supporters","status":"publish","type":"post","link":"https:\/\/confederaciopenyes.cat\/en\/the-15th-congress-of-the-federacion-de-andalucia-ceuta-y-melilla-brings-together-800-supporters\/","title":{"rendered":"The 15th Congress of the Federaci\u00f3n de Andaluc\u00eda, Ceuta y Melilla brings together 800 supporters"},"content":{"rendered":"\n<p>The<strong><a href=\"https:\/\/www.facebook.com\/FederacionPenasBarcelonistasAndaluciaCeutayMelilla\/\" target=\"_blank\" rel=\"noreferrer noopener\"> Federaci\u00f3n de Andaluc\u00eda, Ceuta y Melilla<\/a><\/strong> and the<strong><a href=\"https:\/\/www.facebook.com\/p\/Pe%C3%B1a-Barcelonista-De-Lepe-Segundo-Triplete-100057383472178\/\" target=\"_blank\" rel=\"noreferrer noopener\"> PB \u201cSegundo Triplete\u201d Lepe<\/a><\/strong> organized the <strong>15th Congress of Penyes of Andalucia, Ceuta and Melilla last weekend<\/strong>. The event, held in the town of Islantilla (Huelva), gathered <strong>over 800 supporters representing 92 penyes from the region<\/strong>, who shared numerous activities and a great spirit of Bar\u00e7a camaraderie. <\/p>\n\n<p>Among the attendees were <strong>Jos\u00e9 Antonio Adame<\/strong>, president of the Federaci\u00f3n de Andalucia, Ceuta y Melilla; <strong>Francisco Jos\u00e9 Franco<\/strong>, president of the PB \u201cSegundo Triplete\u201d Lepe; and <strong>Diego Peral<\/strong>, secretary of the Andalousian federation. Representing FC Barcelona were president Joan Laporta, social vice-president Antonio Escudero, board member Josep Ignasi Maci\u00e0, and Juan Manuel Asensi, president of the Bar\u00e7a Jugadors. Former footballers Hristo Stoichkov and Esteban Vigo, as well as Bar\u00e7a basketball legend Audie Norris, were also present. The presidents of other federations of penyes \u2013<strong> Miguel \u00c1ngel Cruz <\/strong>(Extremadura), <strong>Salvador Cervi\u00f1o<\/strong> (Galicia), and <strong>Pablo Asensio<\/strong> (Asturias y Cantabria) \u2013 did not miss the event either.   <\/p>\n\n<figure class=\"wp-block-gallery has-nested-images columns-default is-cropped wp-block-gallery-1 is-layout-flex wp-block-gallery-is-layout-flex\">\n<figure class=\"wp-block-image size-large\"><a href=\"https:\/\/confederaciopenyes.cat\/wp-content\/uploads\/2025\/10\/IMG-20251028-WA0002-edited.jpg\"><img decoding=\"async\" width=\"1200\" height=\"800\" data-id=\"36816\" data-src=\"https:\/\/confederaciopenyes.cat\/wp-content\/uploads\/2025\/10\/IMG-20251028-WA0002-edited.jpg\" alt=\"\" class=\"wp-image-36816 lazyload\" data-srcset=\"https:\/\/confederaciopenyes.cat\/wp-content\/uploads\/2025\/10\/IMG-20251028-WA0002-edited.jpg 1200w, https:\/\/confederaciopenyes.cat\/wp-content\/uploads\/2025\/10\/IMG-20251028-WA0002-edited-300x200.jpg 300w, https:\/\/confederaciopenyes.cat\/wp-content\/uploads\/2025\/10\/IMG-20251028-WA0002-edited-1024x683.jpg 1024w, https:\/\/confederaciopenyes.cat\/wp-content\/uploads\/2025\/10\/IMG-20251028-WA0002-edited-768x512.jpg 768w\" data-sizes=\"(max-width: 1200px) 100vw, 1200px\" src=\"data:image\/svg+xml;base64,PHN2ZyB3aWR0aD0iMSIgaGVpZ2h0PSIxIiB4bWxucz0iaHR0cDovL3d3dy53My5vcmcvMjAwMC9zdmciPjwvc3ZnPg==\" style=\"--smush-placeholder-width: 1200px; --smush-placeholder-aspect-ratio: 1200\/800;\" \/><\/a><\/figure>\n\n\n\n<figure class=\"wp-block-image size-large\"><a href=\"https:\/\/confederaciopenyes.cat\/wp-content\/uploads\/2025\/10\/IMG-20251028-WA0019-edited.jpg\"><img decoding=\"async\" width=\"1204\" height=\"803\" data-id=\"36825\" data-src=\"https:\/\/confederaciopenyes.cat\/wp-content\/uploads\/2025\/10\/IMG-20251028-WA0019-edited.jpg\" alt=\"\" class=\"wp-image-36825 lazyload\" data-srcset=\"https:\/\/confederaciopenyes.cat\/wp-content\/uploads\/2025\/10\/IMG-20251028-WA0019-edited.jpg 1204w, https:\/\/confederaciopenyes.cat\/wp-content\/uploads\/2025\/10\/IMG-20251028-WA0019-edited-300x200.jpg 300w, https:\/\/confederaciopenyes.cat\/wp-content\/uploads\/2025\/10\/IMG-20251028-WA0019-edited-1024x683.jpg 1024w, https:\/\/confederaciopenyes.cat\/wp-content\/uploads\/2025\/10\/IMG-20251028-WA0019-edited-768x512.jpg 768w\" data-sizes=\"(max-width: 1204px) 100vw, 1204px\" src=\"data:image\/svg+xml;base64,PHN2ZyB3aWR0aD0iMSIgaGVpZ2h0PSIxIiB4bWxucz0iaHR0cDovL3d3dy53My5vcmcvMjAwMC9zdmciPjwvc3ZnPg==\" style=\"--smush-placeholder-width: 1204px; --smush-placeholder-aspect-ratio: 1204\/803;\" \/><\/a><\/figure>\n\n\n\n<figure class=\"wp-block-image size-large\"><a href=\"https:\/\/confederaciopenyes.cat\/wp-content\/uploads\/2025\/10\/569511800_1301427398696874_7050725757249459630_n-edited.jpg\"><img decoding=\"async\" width=\"1536\" height=\"1024\" data-id=\"36822\" data-src=\"https:\/\/confederaciopenyes.cat\/wp-content\/uploads\/2025\/10\/569511800_1301427398696874_7050725757249459630_n-edited.jpg\" alt=\"\" class=\"wp-image-36822 lazyload\" data-srcset=\"https:\/\/confederaciopenyes.cat\/wp-content\/uploads\/2025\/10\/569511800_1301427398696874_7050725757249459630_n-edited.jpg 1536w, https:\/\/confederaciopenyes.cat\/wp-content\/uploads\/2025\/10\/569511800_1301427398696874_7050725757249459630_n-edited-300x200.jpg 300w, https:\/\/confederaciopenyes.cat\/wp-content\/uploads\/2025\/10\/569511800_1301427398696874_7050725757249459630_n-edited-1024x683.jpg 1024w, https:\/\/confederaciopenyes.cat\/wp-content\/uploads\/2025\/10\/569511800_1301427398696874_7050725757249459630_n-edited-768x512.jpg 768w\" data-sizes=\"(max-width: 1536px) 100vw, 1536px\" src=\"data:image\/svg+xml;base64,PHN2ZyB3aWR0aD0iMSIgaGVpZ2h0PSIxIiB4bWxucz0iaHR0cDovL3d3dy53My5vcmcvMjAwMC9zdmciPjwvc3ZnPg==\" style=\"--smush-placeholder-width: 1536px; --smush-placeholder-aspect-ratio: 1536\/1024;\" \/><\/a><\/figure>\n\n\n\n<figure class=\"wp-block-image size-large\"><a href=\"https:\/\/confederaciopenyes.cat\/wp-content\/uploads\/2025\/10\/571079943_1301427945363486_7408471439868156164_n.jpg\"><img decoding=\"async\" width=\"1024\" height=\"768\" data-id=\"36795\" data-src=\"https:\/\/confederaciopenyes.cat\/wp-content\/uploads\/2025\/10\/571079943_1301427945363486_7408471439868156164_n-1024x768.jpg\" alt=\"\" class=\"wp-image-36795 lazyload\" data-srcset=\"https:\/\/confederaciopenyes.cat\/wp-content\/uploads\/2025\/10\/571079943_1301427945363486_7408471439868156164_n-1024x768.jpg 1024w, https:\/\/confederaciopenyes.cat\/wp-content\/uploads\/2025\/10\/571079943_1301427945363486_7408471439868156164_n-300x225.jpg 300w, https:\/\/confederaciopenyes.cat\/wp-content\/uploads\/2025\/10\/571079943_1301427945363486_7408471439868156164_n-768x576.jpg 768w, https:\/\/confederaciopenyes.cat\/wp-content\/uploads\/2025\/10\/571079943_1301427945363486_7408471439868156164_n-1536x1152.jpg 1536w, https:\/\/confederaciopenyes.cat\/wp-content\/uploads\/2025\/10\/571079943_1301427945363486_7408471439868156164_n.jpg 2048w\" data-sizes=\"(max-width: 1024px) 100vw, 1024px\" src=\"data:image\/svg+xml;base64,PHN2ZyB3aWR0aD0iMSIgaGVpZ2h0PSIxIiB4bWxucz0iaHR0cDovL3d3dy53My5vcmcvMjAwMC9zdmciPjwvc3ZnPg==\" style=\"--smush-placeholder-width: 1024px; --smush-placeholder-aspect-ratio: 1024\/768;\" \/><\/a><\/figure>\n\n\n\n<figure class=\"wp-block-image size-large\"><a href=\"https:\/\/confederaciopenyes.cat\/wp-content\/uploads\/2025\/10\/571229146_1301427355363545_1042917727131750481_n-edited.jpg\"><img decoding=\"async\" width=\"1200\" height=\"800\" data-id=\"36819\" data-src=\"https:\/\/confederaciopenyes.cat\/wp-content\/uploads\/2025\/10\/571229146_1301427355363545_1042917727131750481_n-edited.jpg\" alt=\"\" class=\"wp-image-36819 lazyload\" data-srcset=\"https:\/\/confederaciopenyes.cat\/wp-content\/uploads\/2025\/10\/571229146_1301427355363545_1042917727131750481_n-edited.jpg 1200w, https:\/\/confederaciopenyes.cat\/wp-content\/uploads\/2025\/10\/571229146_1301427355363545_1042917727131750481_n-edited-300x200.jpg 300w, https:\/\/confederaciopenyes.cat\/wp-content\/uploads\/2025\/10\/571229146_1301427355363545_1042917727131750481_n-edited-1024x683.jpg 1024w, https:\/\/confederaciopenyes.cat\/wp-content\/uploads\/2025\/10\/571229146_1301427355363545_1042917727131750481_n-edited-768x512.jpg 768w\" data-sizes=\"(max-width: 1200px) 100vw, 1200px\" src=\"data:image\/svg+xml;base64,PHN2ZyB3aWR0aD0iMSIgaGVpZ2h0PSIxIiB4bWxucz0iaHR0cDovL3d3dy53My5vcmcvMjAwMC9zdmciPjwvc3ZnPg==\" style=\"--smush-placeholder-width: 1200px; --smush-placeholder-aspect-ratio: 1200\/800;\" \/><\/a><\/figure>\n\n\n\n<figure class=\"wp-block-image size-large\"><a href=\"https:\/\/confederaciopenyes.cat\/wp-content\/uploads\/2025\/10\/IMG-20251028-WA0008.jpg\"><img decoding=\"async\" width=\"1024\" height=\"576\" data-id=\"36788\" data-src=\"https:\/\/confederaciopenyes.cat\/wp-content\/uploads\/2025\/10\/IMG-20251028-WA0008-1024x576.jpg\" alt=\"\" class=\"wp-image-36788 lazyload\" data-srcset=\"https:\/\/confederaciopenyes.cat\/wp-content\/uploads\/2025\/10\/IMG-20251028-WA0008-1024x576.jpg 1024w, https:\/\/confederaciopenyes.cat\/wp-content\/uploads\/2025\/10\/IMG-20251028-WA0008-300x169.jpg 300w, https:\/\/confederaciopenyes.cat\/wp-content\/uploads\/2025\/10\/IMG-20251028-WA0008-768x432.jpg 768w, https:\/\/confederaciopenyes.cat\/wp-content\/uploads\/2025\/10\/IMG-20251028-WA0008-1536x864.jpg 1536w, https:\/\/confederaciopenyes.cat\/wp-content\/uploads\/2025\/10\/IMG-20251028-WA0008.jpg 1599w\" data-sizes=\"(max-width: 1024px) 100vw, 1024px\" src=\"data:image\/svg+xml;base64,PHN2ZyB3aWR0aD0iMSIgaGVpZ2h0PSIxIiB4bWxucz0iaHR0cDovL3d3dy53My5vcmcvMjAwMC9zdmciPjwvc3ZnPg==\" style=\"--smush-placeholder-width: 1024px; --smush-placeholder-aspect-ratio: 1024\/576;\" \/><\/a><\/figure>\n\n\n\n<figure class=\"wp-block-image size-large\"><img decoding=\"async\" width=\"1024\" height=\"768\" data-id=\"36789\" data-src=\"https:\/\/confederaciopenyes.cat\/wp-content\/uploads\/2025\/10\/IMG-20251028-WA0014-1024x768.jpg\" alt=\"\" class=\"wp-image-36789 lazyload\" data-srcset=\"https:\/\/confederaciopenyes.cat\/wp-content\/uploads\/2025\/10\/IMG-20251028-WA0014-1024x768.jpg 1024w, https:\/\/confederaciopenyes.cat\/wp-content\/uploads\/2025\/10\/IMG-20251028-WA0014-300x225.jpg 300w, https:\/\/confederaciopenyes.cat\/wp-content\/uploads\/2025\/10\/IMG-20251028-WA0014-768x576.jpg 768w, https:\/\/confederaciopenyes.cat\/wp-content\/uploads\/2025\/10\/IMG-20251028-WA0014-1536x1152.jpg 1536w, https:\/\/confederaciopenyes.cat\/wp-content\/uploads\/2025\/10\/IMG-20251028-WA0014.jpg 1600w\" data-sizes=\"(max-width: 1024px) 100vw, 1024px\" src=\"data:image\/svg+xml;base64,PHN2ZyB3aWR0aD0iMSIgaGVpZ2h0PSIxIiB4bWxucz0iaHR0cDovL3d3dy53My5vcmcvMjAwMC9zdmciPjwvc3ZnPg==\" style=\"--smush-placeholder-width: 1024px; --smush-placeholder-aspect-ratio: 1024\/768;\" \/><\/figure>\n\n\n\n<figure class=\"wp-block-image size-large\"><a href=\"https:\/\/confederaciopenyes.cat\/wp-content\/uploads\/2025\/10\/IMG-20251028-WA0018.jpg\"><img decoding=\"async\" width=\"1024\" height=\"768\" data-id=\"36813\" data-src=\"https:\/\/confederaciopenyes.cat\/wp-content\/uploads\/2025\/10\/IMG-20251028-WA0018-1024x768.jpg\" alt=\"\" class=\"wp-image-36813 lazyload\" data-srcset=\"https:\/\/confederaciopenyes.cat\/wp-content\/uploads\/2025\/10\/IMG-20251028-WA0018-1024x768.jpg 1024w, https:\/\/confederaciopenyes.cat\/wp-content\/uploads\/2025\/10\/IMG-20251028-WA0018-300x225.jpg 300w, https:\/\/confederaciopenyes.cat\/wp-content\/uploads\/2025\/10\/IMG-20251028-WA0018-768x576.jpg 768w, https:\/\/confederaciopenyes.cat\/wp-content\/uploads\/2025\/10\/IMG-20251028-WA0018-1536x1152.jpg 1536w, https:\/\/confederaciopenyes.cat\/wp-content\/uploads\/2025\/10\/IMG-20251028-WA0018.jpg 1600w\" data-sizes=\"(max-width: 1024px) 100vw, 1024px\" src=\"data:image\/svg+xml;base64,PHN2ZyB3aWR0aD0iMSIgaGVpZ2h0PSIxIiB4bWxucz0iaHR0cDovL3d3dy53My5vcmcvMjAwMC9zdmciPjwvc3ZnPg==\" style=\"--smush-placeholder-width: 1024px; --smush-placeholder-aspect-ratio: 1024\/768;\" \/><\/a><\/figure>\n\n\n\n<figure class=\"wp-block-image size-large\"><a href=\"https:\/\/confederaciopenyes.cat\/wp-content\/uploads\/2025\/10\/IMG-20251028-WA0003.jpg\"><img decoding=\"async\" width=\"1024\" height=\"576\" data-id=\"36796\" data-src=\"https:\/\/confederaciopenyes.cat\/wp-content\/uploads\/2025\/10\/IMG-20251028-WA0003-1024x576.jpg\" alt=\"\" class=\"wp-image-36796 lazyload\" data-srcset=\"https:\/\/confederaciopenyes.cat\/wp-content\/uploads\/2025\/10\/IMG-20251028-WA0003-1024x576.jpg 1024w, https:\/\/confederaciopenyes.cat\/wp-content\/uploads\/2025\/10\/IMG-20251028-WA0003-300x169.jpg 300w, https:\/\/confederaciopenyes.cat\/wp-content\/uploads\/2025\/10\/IMG-20251028-WA0003-768x432.jpg 768w, https:\/\/confederaciopenyes.cat\/wp-content\/uploads\/2025\/10\/IMG-20251028-WA0003-1536x864.jpg 1536w, https:\/\/confederaciopenyes.cat\/wp-content\/uploads\/2025\/10\/IMG-20251028-WA0003.jpg 1600w\" data-sizes=\"(max-width: 1024px) 100vw, 1024px\" src=\"data:image\/svg+xml;base64,PHN2ZyB3aWR0aD0iMSIgaGVpZ2h0PSIxIiB4bWxucz0iaHR0cDovL3d3dy53My5vcmcvMjAwMC9zdmciPjwvc3ZnPg==\" style=\"--smush-placeholder-width: 1024px; --smush-placeholder-aspect-ratio: 1024\/576;\" \/><\/a><\/figure>\n<\/figure>\n\n<p><\/p>\n\n<h6 class=\"wp-block-heading\" id=\"h-dos-dies-carregats-d-activitats\"><strong>Two days packed with activities<\/strong><\/h6>\n\n<p>The program kicked off on Friday with a <strong>press conference at the headquarters <\/strong>of the PB \u201cSegundo Triplete\u201d Lepe, followed by an official reception at the Town Hall, led by deputy mayor <strong>Ana Delgado<\/strong>. A floral offering was also made to the local patron saint, Our Lady of La Bella Coronada, at the Santo Domingo de Guzm\u00e1n church. The inauguration of a special <strong>exhibition for the occasion and the institutional dinner <\/strong>at the Puerto Antilla Grand Hotel in Islantilla closed the first day.  <\/p>\n\n<p>Saturday began with excursions and visits offered by the organizers to participating supporters. Afterwards, the parade of flags and banners from the 90 penyes attending the congress filled the streets of Lepe with Bar\u00e7a colors, ending at Manuel Camacho Square. There, the opening ceremony of the congress took place, joined by the president of the Islantilla Commonwealth and mayor of Isla Cristina, Jenaro Orta. A popular festival, a proclamation, and a Bar\u00e7a-themed colloquium filled the Saturday afternoon, which concluded with the <g id=\"gid_2\">working session of the 15th Congress of Andalucia, Ceuta and Melilla<\/g>. The gala dinner was the perfect finale to this great Bar\u00e7a event.    <\/p>\n","protected":false},"excerpt":{"rendered":"<p>The Federaci\u00f3n de Andaluc\u00eda, Ceuta y Melilla and the PB \u201cSegundo Triplete\u201d Lepe organized the 15th Congress of Penyes of Andalucia, Ceuta and Melilla last weekend. The event, held in the town of Islantilla (Huelva), gathered over 800 supporters representing 92 penyes from the region, who shared numerous activities and a great spirit of Bar\u00e7a &#8230; <a title=\"The 15th Congress of the Federaci\u00f3n de Andaluc\u00eda, Ceuta y Melilla brings together 800 supporters\" class=\"read-more\" href=\"https:\/\/confederaciopenyes.cat\/en\/the-15th-congress-of-the-federacion-de-andalucia-ceuta-y-melilla-brings-together-800-supporters\/\" aria-label=\"Read more about The 15th Congress of the Federaci\u00f3n de Andaluc\u00eda, Ceuta y Melilla brings together 800 supporters\">Read more<\/a><\/p>\n","protected":false},"author":4,"featured_media":36786,"comment_status":"closed","ping_status":"open","sticky":false,"template":"","format":"standard","meta":{"_acf_changed":false,"footnotes":""},"categories":[78],"tags":[2599,3742,2600,3988,2561,3989],"class_list":["post-36835","post","type-post","status-publish","format-standard","has-post-thumbnail","hentry","category-news-en","tag-confederacio-mundial-de-penyes-en-3","tag-federacion-de-andalucia-ceuta-y-melilla-en","tag-news-en-2","tag-pb-segundo-triplete-lepe-en","tag-penyes-en","tag-xv-congress-andalucia-ceuta-i-melilla"],"acf":[],"yoast_head":"<!-- This site is optimized with the Yoast SEO Premium plugin v26.7 (Yoast SEO v27.5) - https:\/\/yoast.com\/product\/yoast-seo-premium-wordpress\/ -->\n<title>The XV Congress of the Fed. Andaluc\u00eda brings 800 supporters - CMP<\/title>\n<meta name=\"description\" content=\"The 15th Congress of the Federaci\u00f3n Andalucia, Ceuta y Melilla brought together 800 supporters representing 92 clubs in Islantilla (Huelva).\" \/>\n<meta name=\"robots\" content=\"index, follow, max-snippet:-1, max-image-preview:large, max-video-preview:-1\" \/>\n<link rel=\"canonical\" href=\"https:\/\/confederaciopenyes.cat\/en\/the-15th-congress-of-the-federacion-de-andalucia-ceuta-y-melilla-brings-together-800-supporters\/\" \/>\n<meta property=\"og:locale\" content=\"en_US\" \/>\n<meta property=\"og:type\" content=\"article\" \/>\n<meta property=\"og:title\" content=\"The 15th Congress of the Federaci\u00f3n de Andaluc\u00eda, Ceuta y Melilla brings together 800 supporters\" \/>\n<meta property=\"og:description\" content=\"The 15th Congress of the Federaci\u00f3n Andalucia, Ceuta y Melilla brought together 800 supporters representing 92 clubs in Islantilla (Huelva).\" \/>\n<meta property=\"og:url\" content=\"https:\/\/confederaciopenyes.cat\/en\/the-15th-congress-of-the-federacion-de-andalucia-ceuta-y-melilla-brings-together-800-supporters\/\" \/>\n<meta property=\"og:site_name\" content=\"Confederaci\u00f3 Mundial de Penyes del FC Barcelona\" \/>\n<meta property=\"article:publisher\" content=\"https:\/\/www.facebook.com\/ConfederacioMundialPenyesFCB\" \/>\n<meta property=\"article:published_time\" content=\"2025-10-28T11:35:33+00:00\" \/>\n<meta property=\"article:modified_time\" content=\"2025-10-28T12:11:13+00:00\" \/>\n<meta property=\"og:image\" content=\"https:\/\/confederaciopenyes.cat\/wp-content\/uploads\/2025\/10\/571185787_1301426728696941_6733559505185165336_n-e1761651220625.jpg\" \/>\n\t<meta property=\"og:image:width\" content=\"960\" \/>\n\t<meta property=\"og:image:height\" content=\"720\" \/>\n\t<meta property=\"og:image:type\" content=\"image\/jpeg\" \/>\n<meta name=\"author\" content=\"Confederaci\u00f3 Mundial de Penyes del FC Barcelona\" \/>\n<meta name=\"twitter:card\" content=\"summary_large_image\" \/>\n<meta name=\"twitter:creator\" content=\"@ConfePenyesFCB\" \/>\n<meta name=\"twitter:site\" content=\"@ConfePenyesFCB\" \/>\n<meta name=\"twitter:label1\" content=\"Written by\" \/>\n\t<meta name=\"twitter:data1\" content=\"Confederaci\u00f3 Mundial de Penyes del FC Barcelona\" \/>\n\t<meta name=\"twitter:label2\" content=\"Est. reading time\" \/>\n\t<meta name=\"twitter:data2\" content=\"4 minutes\" \/>\n<script type=\"application\/ld+json\" class=\"yoast-schema-graph\">{\"@context\":\"https:\\\/\\\/schema.org\",\"@graph\":[{\"@type\":\"Article\",\"@id\":\"https:\\\/\\\/confederaciopenyes.cat\\\/en\\\/the-15th-congress-of-the-federacion-de-andalucia-ceuta-y-melilla-brings-together-800-supporters\\\/#article\",\"isPartOf\":{\"@id\":\"https:\\\/\\\/confederaciopenyes.cat\\\/en\\\/the-15th-congress-of-the-federacion-de-andalucia-ceuta-y-melilla-brings-together-800-supporters\\\/\"},\"author\":{\"name\":\"Confederaci\u00f3 Mundial de Penyes del FC Barcelona\",\"@id\":\"https:\\\/\\\/confederaciopenyes.cat\\\/en\\\/#\\\/schema\\\/person\\\/337072f6daef87a85aa59aa1f134387c\"},\"headline\":\"The 15th Congress of the Federaci\u00f3n de Andaluc\u00eda, Ceuta y Melilla brings together 800 supporters\",\"datePublished\":\"2025-10-28T11:35:33+00:00\",\"dateModified\":\"2025-10-28T12:11:13+00:00\",\"mainEntityOfPage\":{\"@id\":\"https:\\\/\\\/confederaciopenyes.cat\\\/en\\\/the-15th-congress-of-the-federacion-de-andalucia-ceuta-y-melilla-brings-together-800-supporters\\\/\"},\"wordCount\":375,\"publisher\":{\"@id\":\"https:\\\/\\\/confederaciopenyes.cat\\\/en\\\/#organization\"},\"image\":{\"@id\":\"https:\\\/\\\/confederaciopenyes.cat\\\/en\\\/the-15th-congress-of-the-federacion-de-andalucia-ceuta-y-melilla-brings-together-800-supporters\\\/#primaryimage\"},\"thumbnailUrl\":\"https:\\\/\\\/confederaciopenyes.cat\\\/wp-content\\\/uploads\\\/2025\\\/10\\\/571185787_1301426728696941_6733559505185165336_n-e1761651220625.jpg\",\"keywords\":[\"confederaci\u00f3 mundial de penyes\",\"Federaci\u00f3n de Andaluc\u00eda Ceuta y Melilla\",\"news\",\"PB Segundo Triplete Lepe\",\"penyes\",\"XV Congress Andalucia Ceuta i Melilla\"],\"articleSection\":[\"News\"],\"inLanguage\":\"en-US\"},{\"@type\":\"WebPage\",\"@id\":\"https:\\\/\\\/confederaciopenyes.cat\\\/en\\\/the-15th-congress-of-the-federacion-de-andalucia-ceuta-y-melilla-brings-together-800-supporters\\\/\",\"url\":\"https:\\\/\\\/confederaciopenyes.cat\\\/en\\\/the-15th-congress-of-the-federacion-de-andalucia-ceuta-y-melilla-brings-together-800-supporters\\\/\",\"name\":\"The XV Congress of the Fed. Andaluc\u00eda brings 800 supporters - CMP\",\"isPartOf\":{\"@id\":\"https:\\\/\\\/confederaciopenyes.cat\\\/en\\\/#website\"},\"primaryImageOfPage\":{\"@id\":\"https:\\\/\\\/confederaciopenyes.cat\\\/en\\\/the-15th-congress-of-the-federacion-de-andalucia-ceuta-y-melilla-brings-together-800-supporters\\\/#primaryimage\"},\"image\":{\"@id\":\"https:\\\/\\\/confederaciopenyes.cat\\\/en\\\/the-15th-congress-of-the-federacion-de-andalucia-ceuta-y-melilla-brings-together-800-supporters\\\/#primaryimage\"},\"thumbnailUrl\":\"https:\\\/\\\/confederaciopenyes.cat\\\/wp-content\\\/uploads\\\/2025\\\/10\\\/571185787_1301426728696941_6733559505185165336_n-e1761651220625.jpg\",\"datePublished\":\"2025-10-28T11:35:33+00:00\",\"dateModified\":\"2025-10-28T12:11:13+00:00\",\"description\":\"The 15th Congress of the Federaci\u00f3n Andalucia, Ceuta y Melilla brought together 800 supporters representing 92 clubs in Islantilla (Huelva).\",\"breadcrumb\":{\"@id\":\"https:\\\/\\\/confederaciopenyes.cat\\\/en\\\/the-15th-congress-of-the-federacion-de-andalucia-ceuta-y-melilla-brings-together-800-supporters\\\/#breadcrumb\"},\"inLanguage\":\"en-US\",\"potentialAction\":[{\"@type\":\"ReadAction\",\"target\":[\"https:\\\/\\\/confederaciopenyes.cat\\\/en\\\/the-15th-congress-of-the-federacion-de-andalucia-ceuta-y-melilla-brings-together-800-supporters\\\/\"]}]},{\"@type\":\"ImageObject\",\"inLanguage\":\"en-US\",\"@id\":\"https:\\\/\\\/confederaciopenyes.cat\\\/en\\\/the-15th-congress-of-the-federacion-de-andalucia-ceuta-y-melilla-brings-together-800-supporters\\\/#primaryimage\",\"url\":\"https:\\\/\\\/confederaciopenyes.cat\\\/wp-content\\\/uploads\\\/2025\\\/10\\\/571185787_1301426728696941_6733559505185165336_n-e1761651220625.jpg\",\"contentUrl\":\"https:\\\/\\\/confederaciopenyes.cat\\\/wp-content\\\/uploads\\\/2025\\\/10\\\/571185787_1301426728696941_6733559505185165336_n-e1761651220625.jpg\",\"width\":960,\"height\":720},{\"@type\":\"BreadcrumbList\",\"@id\":\"https:\\\/\\\/confederaciopenyes.cat\\\/en\\\/the-15th-congress-of-the-federacion-de-andalucia-ceuta-y-melilla-brings-together-800-supporters\\\/#breadcrumb\",\"itemListElement\":[{\"@type\":\"ListItem\",\"position\":1,\"name\":\"Inici\",\"item\":\"https:\\\/\\\/confederaciopenyes.cat\\\/en\\\/\"},{\"@type\":\"ListItem\",\"position\":2,\"name\":\"The 15th Congress of the Federaci\u00f3n de Andaluc\u00eda, Ceuta y Melilla brings together 800 supporters\"}]},{\"@type\":\"WebSite\",\"@id\":\"https:\\\/\\\/confederaciopenyes.cat\\\/en\\\/#website\",\"url\":\"https:\\\/\\\/confederaciopenyes.cat\\\/en\\\/\",\"name\":\"Confederaci\u00f3 Mundial de Penyes del FC Barcelona\",\"description\":\"C.M. Penyes FC Barcelona\",\"publisher\":{\"@id\":\"https:\\\/\\\/confederaciopenyes.cat\\\/en\\\/#organization\"},\"potentialAction\":[{\"@type\":\"SearchAction\",\"target\":{\"@type\":\"EntryPoint\",\"urlTemplate\":\"https:\\\/\\\/confederaciopenyes.cat\\\/en\\\/?s={search_term_string}\"},\"query-input\":{\"@type\":\"PropertyValueSpecification\",\"valueRequired\":true,\"valueName\":\"search_term_string\"}}],\"inLanguage\":\"en-US\"},{\"@type\":\"Organization\",\"@id\":\"https:\\\/\\\/confederaciopenyes.cat\\\/en\\\/#organization\",\"name\":\"Confederaci\u00f3 Mundial de Penyes del FC Barcelona\",\"url\":\"https:\\\/\\\/confederaciopenyes.cat\\\/en\\\/\",\"logo\":{\"@type\":\"ImageObject\",\"inLanguage\":\"en-US\",\"@id\":\"https:\\\/\\\/confederaciopenyes.cat\\\/en\\\/#\\\/schema\\\/logo\\\/image\\\/\",\"url\":\"https:\\\/\\\/confederaciopenyes.cat\\\/wp-content\\\/uploads\\\/2022\\\/07\\\/cropped-logo_horizontal.png\",\"contentUrl\":\"https:\\\/\\\/confederaciopenyes.cat\\\/wp-content\\\/uploads\\\/2022\\\/07\\\/cropped-logo_horizontal.png\",\"width\":1320,\"height\":309,\"caption\":\"Confederaci\u00f3 Mundial de Penyes del FC Barcelona\"},\"image\":{\"@id\":\"https:\\\/\\\/confederaciopenyes.cat\\\/en\\\/#\\\/schema\\\/logo\\\/image\\\/\"},\"sameAs\":[\"https:\\\/\\\/www.facebook.com\\\/ConfederacioMundialPenyesFCB\",\"https:\\\/\\\/x.com\\\/ConfePenyesFCB\",\"https:\\\/\\\/www.instagram.com\\\/confepenyesfcb\\\/\"]},{\"@type\":\"Person\",\"@id\":\"https:\\\/\\\/confederaciopenyes.cat\\\/en\\\/#\\\/schema\\\/person\\\/337072f6daef87a85aa59aa1f134387c\",\"name\":\"Confederaci\u00f3 Mundial de Penyes del FC Barcelona\",\"image\":{\"@type\":\"ImageObject\",\"inLanguage\":\"en-US\",\"@id\":\"https:\\\/\\\/secure.gravatar.com\\\/avatar\\\/98c60c7405ff843b10aec55db652bd3f5cb4320ef331ae76c156819a62194328?s=96&d=mm&r=g\",\"url\":\"https:\\\/\\\/secure.gravatar.com\\\/avatar\\\/98c60c7405ff843b10aec55db652bd3f5cb4320ef331ae76c156819a62194328?s=96&d=mm&r=g\",\"contentUrl\":\"https:\\\/\\\/secure.gravatar.com\\\/avatar\\\/98c60c7405ff843b10aec55db652bd3f5cb4320ef331ae76c156819a62194328?s=96&d=mm&r=g\",\"caption\":\"Confederaci\u00f3 Mundial de Penyes del FC Barcelona\"},\"url\":\"https:\\\/\\\/confederaciopenyes.cat\\\/en\\\/author\\\/comunicacioconfederaciopenyes-cat\\\/\"}]}<\/script>\n<!-- \/ Yoast SEO Premium plugin. -->","yoast_head_json":{"title":"The XV Congress of the Fed. Andaluc\u00eda brings 800 supporters - CMP","description":"The 15th Congress of the Federaci\u00f3n Andalucia, Ceuta y Melilla brought together 800 supporters representing 92 clubs in Islantilla (Huelva).","robots":{"index":"index","follow":"follow","max-snippet":"max-snippet:-1","max-image-preview":"max-image-preview:large","max-video-preview":"max-video-preview:-1"},"canonical":"https:\/\/confederaciopenyes.cat\/en\/the-15th-congress-of-the-federacion-de-andalucia-ceuta-y-melilla-brings-together-800-supporters\/","og_locale":"en_US","og_type":"article","og_title":"The 15th Congress of the Federaci\u00f3n de Andaluc\u00eda, Ceuta y Melilla brings together 800 supporters","og_description":"The 15th Congress of the Federaci\u00f3n Andalucia, Ceuta y Melilla brought together 800 supporters representing 92 clubs in Islantilla (Huelva).","og_url":"https:\/\/confederaciopenyes.cat\/en\/the-15th-congress-of-the-federacion-de-andalucia-ceuta-y-melilla-brings-together-800-supporters\/","og_site_name":"Confederaci\u00f3 Mundial de Penyes del FC Barcelona","article_publisher":"https:\/\/www.facebook.com\/ConfederacioMundialPenyesFCB","article_published_time":"2025-10-28T11:35:33+00:00","article_modified_time":"2025-10-28T12:11:13+00:00","og_image":[{"width":960,"height":720,"url":"https:\/\/confederaciopenyes.cat\/wp-content\/uploads\/2025\/10\/571185787_1301426728696941_6733559505185165336_n-e1761651220625.jpg","type":"image\/jpeg"}],"author":"Confederaci\u00f3 Mundial de Penyes del FC Barcelona","twitter_card":"summary_large_image","twitter_creator":"@ConfePenyesFCB","twitter_site":"@ConfePenyesFCB","twitter_misc":{"Written by":"Confederaci\u00f3 Mundial de Penyes del FC Barcelona","Est. reading time":"4 minutes"},"schema":{"@context":"https:\/\/schema.org","@graph":[{"@type":"Article","@id":"https:\/\/confederaciopenyes.cat\/en\/the-15th-congress-of-the-federacion-de-andalucia-ceuta-y-melilla-brings-together-800-supporters\/#article","isPartOf":{"@id":"https:\/\/confederaciopenyes.cat\/en\/the-15th-congress-of-the-federacion-de-andalucia-ceuta-y-melilla-brings-together-800-supporters\/"},"author":{"name":"Confederaci\u00f3 Mundial de Penyes del FC Barcelona","@id":"https:\/\/confederaciopenyes.cat\/en\/#\/schema\/person\/337072f6daef87a85aa59aa1f134387c"},"headline":"The 15th Congress of the Federaci\u00f3n de Andaluc\u00eda, Ceuta y Melilla brings together 800 supporters","datePublished":"2025-10-28T11:35:33+00:00","dateModified":"2025-10-28T12:11:13+00:00","mainEntityOfPage":{"@id":"https:\/\/confederaciopenyes.cat\/en\/the-15th-congress-of-the-federacion-de-andalucia-ceuta-y-melilla-brings-together-800-supporters\/"},"wordCount":375,"publisher":{"@id":"https:\/\/confederaciopenyes.cat\/en\/#organization"},"image":{"@id":"https:\/\/confederaciopenyes.cat\/en\/the-15th-congress-of-the-federacion-de-andalucia-ceuta-y-melilla-brings-together-800-supporters\/#primaryimage"},"thumbnailUrl":"https:\/\/confederaciopenyes.cat\/wp-content\/uploads\/2025\/10\/571185787_1301426728696941_6733559505185165336_n-e1761651220625.jpg","keywords":["confederaci\u00f3 mundial de penyes","Federaci\u00f3n de Andaluc\u00eda Ceuta y Melilla","news","PB Segundo Triplete Lepe","penyes","XV Congress Andalucia Ceuta i Melilla"],"articleSection":["News"],"inLanguage":"en-US"},{"@type":"WebPage","@id":"https:\/\/confederaciopenyes.cat\/en\/the-15th-congress-of-the-federacion-de-andalucia-ceuta-y-melilla-brings-together-800-supporters\/","url":"https:\/\/confederaciopenyes.cat\/en\/the-15th-congress-of-the-federacion-de-andalucia-ceuta-y-melilla-brings-together-800-supporters\/","name":"The XV Congress of the Fed. Andaluc\u00eda brings 800 supporters - CMP","isPartOf":{"@id":"https:\/\/confederaciopenyes.cat\/en\/#website"},"primaryImageOfPage":{"@id":"https:\/\/confederaciopenyes.cat\/en\/the-15th-congress-of-the-federacion-de-andalucia-ceuta-y-melilla-brings-together-800-supporters\/#primaryimage"},"image":{"@id":"https:\/\/confederaciopenyes.cat\/en\/the-15th-congress-of-the-federacion-de-andalucia-ceuta-y-melilla-brings-together-800-supporters\/#primaryimage"},"thumbnailUrl":"https:\/\/confederaciopenyes.cat\/wp-content\/uploads\/2025\/10\/571185787_1301426728696941_6733559505185165336_n-e1761651220625.jpg","datePublished":"2025-10-28T11:35:33+00:00","dateModified":"2025-10-28T12:11:13+00:00","description":"The 15th Congress of the Federaci\u00f3n Andalucia, Ceuta y Melilla brought together 800 supporters representing 92 clubs in Islantilla (Huelva).","breadcrumb":{"@id":"https:\/\/confederaciopenyes.cat\/en\/the-15th-congress-of-the-federacion-de-andalucia-ceuta-y-melilla-brings-together-800-supporters\/#breadcrumb"},"inLanguage":"en-US","potentialAction":[{"@type":"ReadAction","target":["https:\/\/confederaciopenyes.cat\/en\/the-15th-congress-of-the-federacion-de-andalucia-ceuta-y-melilla-brings-together-800-supporters\/"]}]},{"@type":"ImageObject","inLanguage":"en-US","@id":"https:\/\/confederaciopenyes.cat\/en\/the-15th-congress-of-the-federacion-de-andalucia-ceuta-y-melilla-brings-together-800-supporters\/#primaryimage","url":"https:\/\/confederaciopenyes.cat\/wp-content\/uploads\/2025\/10\/571185787_1301426728696941_6733559505185165336_n-e1761651220625.jpg","contentUrl":"https:\/\/confederaciopenyes.cat\/wp-content\/uploads\/2025\/10\/571185787_1301426728696941_6733559505185165336_n-e1761651220625.jpg","width":960,"height":720},{"@type":"BreadcrumbList","@id":"https:\/\/confederaciopenyes.cat\/en\/the-15th-congress-of-the-federacion-de-andalucia-ceuta-y-melilla-brings-together-800-supporters\/#breadcrumb","itemListElement":[{"@type":"ListItem","position":1,"name":"Inici","item":"https:\/\/confederaciopenyes.cat\/en\/"},{"@type":"ListItem","position":2,"name":"The 15th Congress of the Federaci\u00f3n de Andaluc\u00eda, Ceuta y Melilla brings together 800 supporters"}]},{"@type":"WebSite","@id":"https:\/\/confederaciopenyes.cat\/en\/#website","url":"https:\/\/confederaciopenyes.cat\/en\/","name":"Confederaci\u00f3 Mundial de Penyes del FC Barcelona","description":"C.M. Penyes FC Barcelona","publisher":{"@id":"https:\/\/confederaciopenyes.cat\/en\/#organization"},"potentialAction":[{"@type":"SearchAction","target":{"@type":"EntryPoint","urlTemplate":"https:\/\/confederaciopenyes.cat\/en\/?s={search_term_string}"},"query-input":{"@type":"PropertyValueSpecification","valueRequired":true,"valueName":"search_term_string"}}],"inLanguage":"en-US"},{"@type":"Organization","@id":"https:\/\/confederaciopenyes.cat\/en\/#organization","name":"Confederaci\u00f3 Mundial de Penyes del FC Barcelona","url":"https:\/\/confederaciopenyes.cat\/en\/","logo":{"@type":"ImageObject","inLanguage":"en-US","@id":"https:\/\/confederaciopenyes.cat\/en\/#\/schema\/logo\/image\/","url":"https:\/\/confederaciopenyes.cat\/wp-content\/uploads\/2022\/07\/cropped-logo_horizontal.png","contentUrl":"https:\/\/confederaciopenyes.cat\/wp-content\/uploads\/2022\/07\/cropped-logo_horizontal.png","width":1320,"height":309,"caption":"Confederaci\u00f3 Mundial de Penyes del FC Barcelona"},"image":{"@id":"https:\/\/confederaciopenyes.cat\/en\/#\/schema\/logo\/image\/"},"sameAs":["https:\/\/www.facebook.com\/ConfederacioMundialPenyesFCB","https:\/\/x.com\/ConfePenyesFCB","https:\/\/www.instagram.com\/confepenyesfcb\/"]},{"@type":"Person","@id":"https:\/\/confederaciopenyes.cat\/en\/#\/schema\/person\/337072f6daef87a85aa59aa1f134387c","name":"Confederaci\u00f3 Mundial de Penyes del FC Barcelona","image":{"@type":"ImageObject","inLanguage":"en-US","@id":"https:\/\/secure.gravatar.com\/avatar\/98c60c7405ff843b10aec55db652bd3f5cb4320ef331ae76c156819a62194328?s=96&d=mm&r=g","url":"https:\/\/secure.gravatar.com\/avatar\/98c60c7405ff843b10aec55db652bd3f5cb4320ef331ae76c156819a62194328?s=96&d=mm&r=g","contentUrl":"https:\/\/secure.gravatar.com\/avatar\/98c60c7405ff843b10aec55db652bd3f5cb4320ef331ae76c156819a62194328?s=96&d=mm&r=g","caption":"Confederaci\u00f3 Mundial de Penyes del FC Barcelona"},"url":"https:\/\/confederaciopenyes.cat\/en\/author\/comunicacioconfederaciopenyes-cat\/"}]}},"_links":{"self":[{"href":"https:\/\/confederaciopenyes.cat\/en\/wp-json\/wp\/v2\/posts\/36835","targetHints":{"allow":["GET"]}}],"collection":[{"href":"https:\/\/confederaciopenyes.cat\/en\/wp-json\/wp\/v2\/posts"}],"about":[{"href":"https:\/\/confederaciopenyes.cat\/en\/wp-json\/wp\/v2\/types\/post"}],"author":[{"embeddable":true,"href":"https:\/\/confederaciopenyes.cat\/en\/wp-json\/wp\/v2\/users\/4"}],"replies":[{"embeddable":true,"href":"https:\/\/confederaciopenyes.cat\/en\/wp-json\/wp\/v2\/comments?post=36835"}],"version-history":[{"count":2,"href":"https:\/\/confederaciopenyes.cat\/en\/wp-json\/wp\/v2\/posts\/36835\/revisions"}],"predecessor-version":[{"id":36845,"href":"https:\/\/confederaciopenyes.cat\/en\/wp-json\/wp\/v2\/posts\/36835\/revisions\/36845"}],"wp:featuredmedia":[{"embeddable":true,"href":"https:\/\/confederaciopenyes.cat\/en\/wp-json\/wp\/v2\/media\/36786"}],"wp:attachment":[{"href":"https:\/\/confederaciopenyes.cat\/en\/wp-json\/wp\/v2\/media?parent=36835"}],"wp:term":[{"taxonomy":"category","embeddable":true,"href":"https:\/\/confederaciopenyes.cat\/en\/wp-json\/wp\/v2\/categories?post=36835"},{"taxonomy":"post_tag","embeddable":true,"href":"https:\/\/confederaciopenyes.cat\/en\/wp-json\/wp\/v2\/tags?post=36835"}],"curies":[{"name":"wp","href":"https:\/\/api.w.org\/{rel}","templated":true}]}}