{"id":37801,"date":"2025-11-20T15:42:33","date_gmt":"2025-11-20T14:42:33","guid":{"rendered":"https:\/\/confederaciopenyes.cat\/chapter-40-penya-blaugrana-digualada-founded-in-1959\/"},"modified":"2025-11-20T15:58:41","modified_gmt":"2025-11-20T14:58:41","slug":"chapter-40-penya-blaugrana-digualada-founded-in-1959","status":"publish","type":"post","link":"https:\/\/confederaciopenyes.cat\/en\/chapter-40-penya-blaugrana-digualada-founded-in-1959\/","title":{"rendered":"Chapter 40 &#8211; Penya Blaugrana d\u2019Igualada, founded in 1959"},"content":{"rendered":"\n<p>The<strong><a href=\"https:\/\/www.penyablaugranadigualada.cat\/\" target=\"_blank\" rel=\"noreferrer noopener\"> Penya Blaugrana d\u2019Igualada<\/a><\/strong> was born in <strong>January 1959, the result of the concern of a group of Igualada residents who wanted to crystallize their Bar\u00e7a sentiment by founding a penya culer<\/strong>; one of the first that FC Barcelona ever had. Behind was the Penya Germanor, which had been established before the War in this same city and disappeared once the conflict began. One of the notable promoters of that penya had been <strong>an eighteen-year-old named Nicolau Casaus<\/strong>, who organized trips to Barcelona to watch Bar\u00e7a matches, despite the very rudimentary conditions of the time.  <\/p>\n\n<h6 class=\"wp-block-heading\" id=\"h-l-origen-de-la-pb-igualada-per-toni-claramunt\"><strong>The origin of PB Igualada (by Toni Claramunt)<\/strong><\/h6>\n\n<p><em>\u201cIt is January 1959. The two promoters, Frederic Bergued\u00e0 and Joan Miserachs, make a public call addressed to all those Igualada residents, admirers and supporters of CF Barcelona who might be interested in organizing the penya. The meeting, held on Monday, January 19 at the Cooperativa on Sant Mag\u00ed street, <strong>gathers a total of fifty people, who unanimously support the project and approve the formation of a Management Committee<\/strong>.  <\/em><\/p>\n\n<p><em>Four days later \u2013Friday, January 23\u2013, at the same Cooperativa, the true<strong> founding assembly of the Penya Blau-Grana d\u2019Igualada takes place with the presence of about sixty Bar\u00e7a supporters from Igualada. <\/strong>. The penya, with the title Blau-Grana \u2013in Catalan and with two words joined by a hyphen\u2013, is now born. The recently inaugurated Camp Nou sees how the ever-growing family of penyes continues to expand. The city of Igualada, for its part, gains a new entity; an enthusiastic entity, with the drive of youth and determined ideals, with the clear will to foster coexistence, friendship and citizenship around the most representative football club of Catalonia.\u201d <\/em> (Excerpt from the commemorative book for the 25th anniversary of PB Igualada, authored by Marcel\u00b7l\u00ed Valls)<\/p>\n\n<p>The Management Committee that founded the penya was formed by <strong>Frederic Bergued\u00e0, Joan Miserachs, Modest Bosch, Joan Mart\u00ed Comes, Robert Pelfort, Rosendo Plaza, Joan Prat, Francesc Salvador, Art\u00fas Segu\u00e9s, Marcel\u00b7l\u00ed Tort, Jaume Valls, Llu\u00eds Vidal<\/strong>. On January 23, the Constituent Assembly was held and the first 50 founding members were registered in alphabetical order, and from number 50 onwards, registrations for women began.<\/p>\n\n<p>The penya has always been<strong> involved in the cultural world with various colloquiums, conferences, book presentations and other events<\/strong> at its premises, the same as the historic Ateneu Igualad\u00ed, which also appears in some previous episodes of the history of FC Barcelona penyes. The entity has been chaired by Joan Oll\u00e9 (1959-1969), Joan Santacana (1969-1973), Joan Sabat\u00e9 (1973-1985), Ramon Felip (1985-1989), Manel Roca (1989-1992), Antoni Codina (1992-1999), Ramon Le\u00f3n (1999-2009) and Toni Claramunt (2009-present). <\/p>\n<div class=\"wp-block-image\">\n<figure class=\"aligncenter size-full is-resized\"><a href=\"https:\/\/confederaciopenyes.cat\/?attachment_id=37793#main\"><img decoding=\"async\" width=\"1013\" height=\"711\" data-src=\"https:\/\/confederaciopenyes.cat\/wp-content\/uploads\/2025\/11\/1976-Cruyff-a-Igualada-Local-de-la-Penya-1024x724-1.jpg\" alt=\"\" class=\"wp-image-37793 lazyload\" style=\"--smush-placeholder-width: 1013px; --smush-placeholder-aspect-ratio: 1013\/711;width:681px;height:auto\" data-srcset=\"https:\/\/confederaciopenyes.cat\/wp-content\/uploads\/2025\/11\/1976-Cruyff-a-Igualada-Local-de-la-Penya-1024x724-1.jpg 1013w, https:\/\/confederaciopenyes.cat\/wp-content\/uploads\/2025\/11\/1976-Cruyff-a-Igualada-Local-de-la-Penya-1024x724-1-300x211.jpg 300w, https:\/\/confederaciopenyes.cat\/wp-content\/uploads\/2025\/11\/1976-Cruyff-a-Igualada-Local-de-la-Penya-1024x724-1-768x539.jpg 768w\" data-sizes=\"(max-width: 1013px) 100vw, 1013px\" src=\"data:image\/svg+xml;base64,PHN2ZyB3aWR0aD0iMSIgaGVpZ2h0PSIxIiB4bWxucz0iaHR0cDovL3d3dy53My5vcmcvMjAwMC9zdmciPjwvc3ZnPg==\" \/><\/a><\/figure>\n<\/div>\n<p><\/p>\n\n<h6 class=\"wp-block-heading\" id=\"h-la-ciutat-d-igualada\"><strong>The city of Igualada<\/strong><\/h6>\n\n<p>Igualada was founded around the year 1000, on the left bank of the Anoia river, which gives its name to the region. The name Igualada comes from the Latin aqualata, meaning \u201cwhere the river widens.\u201d A river that throughout history has been well used to supply the tanning industry or for hydraulic energy for mills. Old Igualada is a walled enclosure of small and winding streets around the church of Santa Maria. In 1381, Igualada received the title of Carrer de Barcelona and came under the tutelage of the city of Barcelona, gaining equal rights, freedoms and prerogatives.    <\/p>\n\n<p>In the municipality, you can find an old town with remnants of the wall and its gates, the Bas\u00edlica de Santa Maria (originating from a Romanesque chapel), the Asil del Sant Crist (an eclectic art construction), the Romanesque church of Sant Jaume Sesoliveres, the new Park and Cemetery (work of Enric Miralles), the Museu de la Pell, the Museu del Traginer, the Renaissance cloister of the former convent of the Agustins, or the Rec (a canal that runs east to west along the southern side of the old town and has become an industrial district of tanners). As a detail related to FC Barcelona, two club directors have been linked to Igualada: the aforementioned Nicolau Casaus de la Fuente Jen\u00e9, and Josep Mussons Mata. <\/p>\n\n<p>Article with the collaboration of Toni Claramunt.<\/p>\n","protected":false},"excerpt":{"rendered":"<p>The Penya Blaugrana d\u2019Igualada was born in January 1959, the result of the concern of a group of Igualada residents who wanted to crystallize their Bar\u00e7a sentiment by founding a penya culer; one of the first that FC Barcelona ever had. Behind was the Penya Germanor, which had been established before the War in this &#8230; <a title=\"Chapter 40 &#8211; Penya Blaugrana d\u2019Igualada, founded in 1959\" class=\"read-more\" href=\"https:\/\/confederaciopenyes.cat\/en\/chapter-40-penya-blaugrana-digualada-founded-in-1959\/\" aria-label=\"Read more about Chapter 40 &#8211; Penya Blaugrana d\u2019Igualada, founded in 1959\">Read more<\/a><\/p>\n","protected":false},"author":4,"featured_media":37791,"comment_status":"closed","ping_status":"open","sticky":false,"template":"","format":"standard","meta":{"_acf_changed":false,"footnotes":""},"categories":[2801],"tags":[136,2281,2774,2883,110],"class_list":["post-37801","post","type-post","status-publish","format-standard","has-post-thumbnail","hentry","category-history-penyes-en","tag-confederacio-mundial-de-penyes","tag-history","tag-pb-igualada","tag-penya-germanor-digualada","tag-penyes"],"acf":[],"yoast_head":"<!-- This site is optimized with the Yoast SEO Premium plugin v26.7 (Yoast SEO v27.4) - https:\/\/yoast.com\/product\/yoast-seo-premium-wordpress\/ -->\n<title>Chapter 40 - Penya Blaugrana d\u2019Igualada, founded in 1959 - CMP<\/title>\n<meta name=\"description\" content=\"The Penya Blaugrana of Igualada was founded in 1959 and has continued its Bar\u00e7a trajectory to the present day.\" \/>\n<meta name=\"robots\" content=\"index, follow, max-snippet:-1, max-image-preview:large, max-video-preview:-1\" \/>\n<link rel=\"canonical\" href=\"https:\/\/confederaciopenyes.cat\/en\/chapter-40-penya-blaugrana-digualada-founded-in-1959\/\" \/>\n<meta property=\"og:locale\" content=\"en_US\" \/>\n<meta property=\"og:type\" content=\"article\" \/>\n<meta property=\"og:title\" content=\"Chapter 40 - Penya Blaugrana d\u2019Igualada, founded in 1959\" \/>\n<meta property=\"og:description\" content=\"The Penya Blaugrana of Igualada was founded in 1959 and has continued its Bar\u00e7a trajectory to the present day.\" \/>\n<meta property=\"og:url\" content=\"https:\/\/confederaciopenyes.cat\/en\/chapter-40-penya-blaugrana-digualada-founded-in-1959\/\" \/>\n<meta property=\"og:site_name\" content=\"Confederaci\u00f3 Mundial de Penyes del FC Barcelona\" \/>\n<meta property=\"article:publisher\" content=\"https:\/\/www.facebook.com\/ConfederacioMundialPenyesFCB\" \/>\n<meta property=\"article:published_time\" content=\"2025-11-20T14:42:33+00:00\" \/>\n<meta property=\"article:modified_time\" content=\"2025-11-20T14:58:41+00:00\" \/>\n<meta property=\"og:image\" content=\"https:\/\/confederaciopenyes.cat\/wp-content\/uploads\/2025\/11\/Capitol-40-PB-Igualada-2.jpg\" \/>\n\t<meta property=\"og:image:width\" content=\"900\" \/>\n\t<meta property=\"og:image:height\" content=\"636\" \/>\n\t<meta property=\"og:image:type\" content=\"image\/jpeg\" \/>\n<meta name=\"author\" content=\"Confederaci\u00f3 Mundial de Penyes del FC Barcelona\" \/>\n<meta name=\"twitter:card\" content=\"summary_large_image\" \/>\n<meta name=\"twitter:creator\" content=\"@ConfePenyesFCB\" \/>\n<meta name=\"twitter:site\" content=\"@ConfePenyesFCB\" \/>\n<meta name=\"twitter:label1\" content=\"Written by\" \/>\n\t<meta name=\"twitter:data1\" content=\"Confederaci\u00f3 Mundial de Penyes del FC Barcelona\" \/>\n\t<meta name=\"twitter:label2\" content=\"Est. reading time\" \/>\n\t<meta name=\"twitter:data2\" content=\"3 minutes\" \/>\n<script type=\"application\/ld+json\" class=\"yoast-schema-graph\">{\"@context\":\"https:\\\/\\\/schema.org\",\"@graph\":[{\"@type\":\"Article\",\"@id\":\"https:\\\/\\\/confederaciopenyes.cat\\\/en\\\/chapter-40-penya-blaugrana-digualada-founded-in-1959\\\/#article\",\"isPartOf\":{\"@id\":\"https:\\\/\\\/confederaciopenyes.cat\\\/en\\\/chapter-40-penya-blaugrana-digualada-founded-in-1959\\\/\"},\"author\":{\"name\":\"Confederaci\u00f3 Mundial de Penyes del FC Barcelona\",\"@id\":\"https:\\\/\\\/confederaciopenyes.cat\\\/en\\\/#\\\/schema\\\/person\\\/337072f6daef87a85aa59aa1f134387c\"},\"headline\":\"Chapter 40 &#8211; Penya Blaugrana d\u2019Igualada, founded in 1959\",\"datePublished\":\"2025-11-20T14:42:33+00:00\",\"dateModified\":\"2025-11-20T14:58:41+00:00\",\"mainEntityOfPage\":{\"@id\":\"https:\\\/\\\/confederaciopenyes.cat\\\/en\\\/chapter-40-penya-blaugrana-digualada-founded-in-1959\\\/\"},\"wordCount\":674,\"publisher\":{\"@id\":\"https:\\\/\\\/confederaciopenyes.cat\\\/en\\\/#organization\"},\"image\":{\"@id\":\"https:\\\/\\\/confederaciopenyes.cat\\\/en\\\/chapter-40-penya-blaugrana-digualada-founded-in-1959\\\/#primaryimage\"},\"thumbnailUrl\":\"https:\\\/\\\/confederaciopenyes.cat\\\/wp-content\\\/uploads\\\/2025\\\/11\\\/Capitol-40-PB-Igualada-2.jpg\",\"keywords\":[\"confederaci\u00f3 mundial de penyes\",\"history\",\"PB Igualada\",\"Penya Germanor d'Igualada\",\"penyes\"],\"articleSection\":[\"History\"],\"inLanguage\":\"en-US\"},{\"@type\":\"WebPage\",\"@id\":\"https:\\\/\\\/confederaciopenyes.cat\\\/en\\\/chapter-40-penya-blaugrana-digualada-founded-in-1959\\\/\",\"url\":\"https:\\\/\\\/confederaciopenyes.cat\\\/en\\\/chapter-40-penya-blaugrana-digualada-founded-in-1959\\\/\",\"name\":\"Chapter 40 - Penya Blaugrana d\u2019Igualada, founded in 1959 - CMP\",\"isPartOf\":{\"@id\":\"https:\\\/\\\/confederaciopenyes.cat\\\/en\\\/#website\"},\"primaryImageOfPage\":{\"@id\":\"https:\\\/\\\/confederaciopenyes.cat\\\/en\\\/chapter-40-penya-blaugrana-digualada-founded-in-1959\\\/#primaryimage\"},\"image\":{\"@id\":\"https:\\\/\\\/confederaciopenyes.cat\\\/en\\\/chapter-40-penya-blaugrana-digualada-founded-in-1959\\\/#primaryimage\"},\"thumbnailUrl\":\"https:\\\/\\\/confederaciopenyes.cat\\\/wp-content\\\/uploads\\\/2025\\\/11\\\/Capitol-40-PB-Igualada-2.jpg\",\"datePublished\":\"2025-11-20T14:42:33+00:00\",\"dateModified\":\"2025-11-20T14:58:41+00:00\",\"description\":\"The Penya Blaugrana of Igualada was founded in 1959 and has continued its Bar\u00e7a trajectory to the present day.\",\"breadcrumb\":{\"@id\":\"https:\\\/\\\/confederaciopenyes.cat\\\/en\\\/chapter-40-penya-blaugrana-digualada-founded-in-1959\\\/#breadcrumb\"},\"inLanguage\":\"en-US\",\"potentialAction\":[{\"@type\":\"ReadAction\",\"target\":[\"https:\\\/\\\/confederaciopenyes.cat\\\/en\\\/chapter-40-penya-blaugrana-digualada-founded-in-1959\\\/\"]}]},{\"@type\":\"ImageObject\",\"inLanguage\":\"en-US\",\"@id\":\"https:\\\/\\\/confederaciopenyes.cat\\\/en\\\/chapter-40-penya-blaugrana-digualada-founded-in-1959\\\/#primaryimage\",\"url\":\"https:\\\/\\\/confederaciopenyes.cat\\\/wp-content\\\/uploads\\\/2025\\\/11\\\/Capitol-40-PB-Igualada-2.jpg\",\"contentUrl\":\"https:\\\/\\\/confederaciopenyes.cat\\\/wp-content\\\/uploads\\\/2025\\\/11\\\/Capitol-40-PB-Igualada-2.jpg\",\"width\":900,\"height\":636},{\"@type\":\"BreadcrumbList\",\"@id\":\"https:\\\/\\\/confederaciopenyes.cat\\\/en\\\/chapter-40-penya-blaugrana-digualada-founded-in-1959\\\/#breadcrumb\",\"itemListElement\":[{\"@type\":\"ListItem\",\"position\":1,\"name\":\"Home\",\"item\":\"https:\\\/\\\/confederaciopenyes.cat\\\/en\\\/\"},{\"@type\":\"ListItem\",\"position\":2,\"name\":\"Chapter 40 &#8211; Penya Blaugrana d\u2019Igualada, founded in 1959\"}]},{\"@type\":\"WebSite\",\"@id\":\"https:\\\/\\\/confederaciopenyes.cat\\\/en\\\/#website\",\"url\":\"https:\\\/\\\/confederaciopenyes.cat\\\/en\\\/\",\"name\":\"Confederaci\u00f3 Mundial de Penyes del FC Barcelona\",\"description\":\"C.M. Penyes FC Barcelona\",\"publisher\":{\"@id\":\"https:\\\/\\\/confederaciopenyes.cat\\\/en\\\/#organization\"},\"potentialAction\":[{\"@type\":\"SearchAction\",\"target\":{\"@type\":\"EntryPoint\",\"urlTemplate\":\"https:\\\/\\\/confederaciopenyes.cat\\\/en\\\/?s={search_term_string}\"},\"query-input\":{\"@type\":\"PropertyValueSpecification\",\"valueRequired\":true,\"valueName\":\"search_term_string\"}}],\"inLanguage\":\"en-US\"},{\"@type\":\"Organization\",\"@id\":\"https:\\\/\\\/confederaciopenyes.cat\\\/en\\\/#organization\",\"name\":\"Confederaci\u00f3 Mundial de Penyes del FC Barcelona\",\"url\":\"https:\\\/\\\/confederaciopenyes.cat\\\/en\\\/\",\"logo\":{\"@type\":\"ImageObject\",\"inLanguage\":\"en-US\",\"@id\":\"https:\\\/\\\/confederaciopenyes.cat\\\/en\\\/#\\\/schema\\\/logo\\\/image\\\/\",\"url\":\"https:\\\/\\\/confederaciopenyes.cat\\\/wp-content\\\/uploads\\\/2022\\\/07\\\/cropped-logo_horizontal.png\",\"contentUrl\":\"https:\\\/\\\/confederaciopenyes.cat\\\/wp-content\\\/uploads\\\/2022\\\/07\\\/cropped-logo_horizontal.png\",\"width\":1320,\"height\":309,\"caption\":\"Confederaci\u00f3 Mundial de Penyes del FC Barcelona\"},\"image\":{\"@id\":\"https:\\\/\\\/confederaciopenyes.cat\\\/en\\\/#\\\/schema\\\/logo\\\/image\\\/\"},\"sameAs\":[\"https:\\\/\\\/www.facebook.com\\\/ConfederacioMundialPenyesFCB\",\"https:\\\/\\\/x.com\\\/ConfePenyesFCB\",\"https:\\\/\\\/www.instagram.com\\\/confepenyesfcb\\\/\"]},{\"@type\":\"Person\",\"@id\":\"https:\\\/\\\/confederaciopenyes.cat\\\/en\\\/#\\\/schema\\\/person\\\/337072f6daef87a85aa59aa1f134387c\",\"name\":\"Confederaci\u00f3 Mundial de Penyes del FC Barcelona\",\"image\":{\"@type\":\"ImageObject\",\"inLanguage\":\"en-US\",\"@id\":\"https:\\\/\\\/secure.gravatar.com\\\/avatar\\\/98c60c7405ff843b10aec55db652bd3f5cb4320ef331ae76c156819a62194328?s=96&d=mm&r=g\",\"url\":\"https:\\\/\\\/secure.gravatar.com\\\/avatar\\\/98c60c7405ff843b10aec55db652bd3f5cb4320ef331ae76c156819a62194328?s=96&d=mm&r=g\",\"contentUrl\":\"https:\\\/\\\/secure.gravatar.com\\\/avatar\\\/98c60c7405ff843b10aec55db652bd3f5cb4320ef331ae76c156819a62194328?s=96&d=mm&r=g\",\"caption\":\"Confederaci\u00f3 Mundial de Penyes del FC Barcelona\"},\"url\":\"https:\\\/\\\/confederaciopenyes.cat\\\/en\\\/author\\\/comunicacioconfederaciopenyes-cat\\\/\"}]}<\/script>\n<!-- \/ Yoast SEO Premium plugin. -->","yoast_head_json":{"title":"Chapter 40 - Penya Blaugrana d\u2019Igualada, founded in 1959 - CMP","description":"The Penya Blaugrana of Igualada was founded in 1959 and has continued its Bar\u00e7a trajectory to the present day.","robots":{"index":"index","follow":"follow","max-snippet":"max-snippet:-1","max-image-preview":"max-image-preview:large","max-video-preview":"max-video-preview:-1"},"canonical":"https:\/\/confederaciopenyes.cat\/en\/chapter-40-penya-blaugrana-digualada-founded-in-1959\/","og_locale":"en_US","og_type":"article","og_title":"Chapter 40 - Penya Blaugrana d\u2019Igualada, founded in 1959","og_description":"The Penya Blaugrana of Igualada was founded in 1959 and has continued its Bar\u00e7a trajectory to the present day.","og_url":"https:\/\/confederaciopenyes.cat\/en\/chapter-40-penya-blaugrana-digualada-founded-in-1959\/","og_site_name":"Confederaci\u00f3 Mundial de Penyes del FC Barcelona","article_publisher":"https:\/\/www.facebook.com\/ConfederacioMundialPenyesFCB","article_published_time":"2025-11-20T14:42:33+00:00","article_modified_time":"2025-11-20T14:58:41+00:00","og_image":[{"width":900,"height":636,"url":"https:\/\/confederaciopenyes.cat\/wp-content\/uploads\/2025\/11\/Capitol-40-PB-Igualada-2.jpg","type":"image\/jpeg"}],"author":"Confederaci\u00f3 Mundial de Penyes del FC Barcelona","twitter_card":"summary_large_image","twitter_creator":"@ConfePenyesFCB","twitter_site":"@ConfePenyesFCB","twitter_misc":{"Written by":"Confederaci\u00f3 Mundial de Penyes del FC Barcelona","Est. reading time":"3 minutes"},"schema":{"@context":"https:\/\/schema.org","@graph":[{"@type":"Article","@id":"https:\/\/confederaciopenyes.cat\/en\/chapter-40-penya-blaugrana-digualada-founded-in-1959\/#article","isPartOf":{"@id":"https:\/\/confederaciopenyes.cat\/en\/chapter-40-penya-blaugrana-digualada-founded-in-1959\/"},"author":{"name":"Confederaci\u00f3 Mundial de Penyes del FC Barcelona","@id":"https:\/\/confederaciopenyes.cat\/en\/#\/schema\/person\/337072f6daef87a85aa59aa1f134387c"},"headline":"Chapter 40 &#8211; Penya Blaugrana d\u2019Igualada, founded in 1959","datePublished":"2025-11-20T14:42:33+00:00","dateModified":"2025-11-20T14:58:41+00:00","mainEntityOfPage":{"@id":"https:\/\/confederaciopenyes.cat\/en\/chapter-40-penya-blaugrana-digualada-founded-in-1959\/"},"wordCount":674,"publisher":{"@id":"https:\/\/confederaciopenyes.cat\/en\/#organization"},"image":{"@id":"https:\/\/confederaciopenyes.cat\/en\/chapter-40-penya-blaugrana-digualada-founded-in-1959\/#primaryimage"},"thumbnailUrl":"https:\/\/confederaciopenyes.cat\/wp-content\/uploads\/2025\/11\/Capitol-40-PB-Igualada-2.jpg","keywords":["confederaci\u00f3 mundial de penyes","history","PB Igualada","Penya Germanor d'Igualada","penyes"],"articleSection":["History"],"inLanguage":"en-US"},{"@type":"WebPage","@id":"https:\/\/confederaciopenyes.cat\/en\/chapter-40-penya-blaugrana-digualada-founded-in-1959\/","url":"https:\/\/confederaciopenyes.cat\/en\/chapter-40-penya-blaugrana-digualada-founded-in-1959\/","name":"Chapter 40 - Penya Blaugrana d\u2019Igualada, founded in 1959 - CMP","isPartOf":{"@id":"https:\/\/confederaciopenyes.cat\/en\/#website"},"primaryImageOfPage":{"@id":"https:\/\/confederaciopenyes.cat\/en\/chapter-40-penya-blaugrana-digualada-founded-in-1959\/#primaryimage"},"image":{"@id":"https:\/\/confederaciopenyes.cat\/en\/chapter-40-penya-blaugrana-digualada-founded-in-1959\/#primaryimage"},"thumbnailUrl":"https:\/\/confederaciopenyes.cat\/wp-content\/uploads\/2025\/11\/Capitol-40-PB-Igualada-2.jpg","datePublished":"2025-11-20T14:42:33+00:00","dateModified":"2025-11-20T14:58:41+00:00","description":"The Penya Blaugrana of Igualada was founded in 1959 and has continued its Bar\u00e7a trajectory to the present day.","breadcrumb":{"@id":"https:\/\/confederaciopenyes.cat\/en\/chapter-40-penya-blaugrana-digualada-founded-in-1959\/#breadcrumb"},"inLanguage":"en-US","potentialAction":[{"@type":"ReadAction","target":["https:\/\/confederaciopenyes.cat\/en\/chapter-40-penya-blaugrana-digualada-founded-in-1959\/"]}]},{"@type":"ImageObject","inLanguage":"en-US","@id":"https:\/\/confederaciopenyes.cat\/en\/chapter-40-penya-blaugrana-digualada-founded-in-1959\/#primaryimage","url":"https:\/\/confederaciopenyes.cat\/wp-content\/uploads\/2025\/11\/Capitol-40-PB-Igualada-2.jpg","contentUrl":"https:\/\/confederaciopenyes.cat\/wp-content\/uploads\/2025\/11\/Capitol-40-PB-Igualada-2.jpg","width":900,"height":636},{"@type":"BreadcrumbList","@id":"https:\/\/confederaciopenyes.cat\/en\/chapter-40-penya-blaugrana-digualada-founded-in-1959\/#breadcrumb","itemListElement":[{"@type":"ListItem","position":1,"name":"Home","item":"https:\/\/confederaciopenyes.cat\/en\/"},{"@type":"ListItem","position":2,"name":"Chapter 40 &#8211; Penya Blaugrana d\u2019Igualada, founded in 1959"}]},{"@type":"WebSite","@id":"https:\/\/confederaciopenyes.cat\/en\/#website","url":"https:\/\/confederaciopenyes.cat\/en\/","name":"Confederaci\u00f3 Mundial de Penyes del FC Barcelona","description":"C.M. Penyes FC Barcelona","publisher":{"@id":"https:\/\/confederaciopenyes.cat\/en\/#organization"},"potentialAction":[{"@type":"SearchAction","target":{"@type":"EntryPoint","urlTemplate":"https:\/\/confederaciopenyes.cat\/en\/?s={search_term_string}"},"query-input":{"@type":"PropertyValueSpecification","valueRequired":true,"valueName":"search_term_string"}}],"inLanguage":"en-US"},{"@type":"Organization","@id":"https:\/\/confederaciopenyes.cat\/en\/#organization","name":"Confederaci\u00f3 Mundial de Penyes del FC Barcelona","url":"https:\/\/confederaciopenyes.cat\/en\/","logo":{"@type":"ImageObject","inLanguage":"en-US","@id":"https:\/\/confederaciopenyes.cat\/en\/#\/schema\/logo\/image\/","url":"https:\/\/confederaciopenyes.cat\/wp-content\/uploads\/2022\/07\/cropped-logo_horizontal.png","contentUrl":"https:\/\/confederaciopenyes.cat\/wp-content\/uploads\/2022\/07\/cropped-logo_horizontal.png","width":1320,"height":309,"caption":"Confederaci\u00f3 Mundial de Penyes del FC Barcelona"},"image":{"@id":"https:\/\/confederaciopenyes.cat\/en\/#\/schema\/logo\/image\/"},"sameAs":["https:\/\/www.facebook.com\/ConfederacioMundialPenyesFCB","https:\/\/x.com\/ConfePenyesFCB","https:\/\/www.instagram.com\/confepenyesfcb\/"]},{"@type":"Person","@id":"https:\/\/confederaciopenyes.cat\/en\/#\/schema\/person\/337072f6daef87a85aa59aa1f134387c","name":"Confederaci\u00f3 Mundial de Penyes del FC Barcelona","image":{"@type":"ImageObject","inLanguage":"en-US","@id":"https:\/\/secure.gravatar.com\/avatar\/98c60c7405ff843b10aec55db652bd3f5cb4320ef331ae76c156819a62194328?s=96&d=mm&r=g","url":"https:\/\/secure.gravatar.com\/avatar\/98c60c7405ff843b10aec55db652bd3f5cb4320ef331ae76c156819a62194328?s=96&d=mm&r=g","contentUrl":"https:\/\/secure.gravatar.com\/avatar\/98c60c7405ff843b10aec55db652bd3f5cb4320ef331ae76c156819a62194328?s=96&d=mm&r=g","caption":"Confederaci\u00f3 Mundial de Penyes del FC Barcelona"},"url":"https:\/\/confederaciopenyes.cat\/en\/author\/comunicacioconfederaciopenyes-cat\/"}]}},"_links":{"self":[{"href":"https:\/\/confederaciopenyes.cat\/en\/wp-json\/wp\/v2\/posts\/37801","targetHints":{"allow":["GET"]}}],"collection":[{"href":"https:\/\/confederaciopenyes.cat\/en\/wp-json\/wp\/v2\/posts"}],"about":[{"href":"https:\/\/confederaciopenyes.cat\/en\/wp-json\/wp\/v2\/types\/post"}],"author":[{"embeddable":true,"href":"https:\/\/confederaciopenyes.cat\/en\/wp-json\/wp\/v2\/users\/4"}],"replies":[{"embeddable":true,"href":"https:\/\/confederaciopenyes.cat\/en\/wp-json\/wp\/v2\/comments?post=37801"}],"version-history":[{"count":2,"href":"https:\/\/confederaciopenyes.cat\/en\/wp-json\/wp\/v2\/posts\/37801\/revisions"}],"predecessor-version":[{"id":37804,"href":"https:\/\/confederaciopenyes.cat\/en\/wp-json\/wp\/v2\/posts\/37801\/revisions\/37804"}],"wp:featuredmedia":[{"embeddable":true,"href":"https:\/\/confederaciopenyes.cat\/en\/wp-json\/wp\/v2\/media\/37791"}],"wp:attachment":[{"href":"https:\/\/confederaciopenyes.cat\/en\/wp-json\/wp\/v2\/media?parent=37801"}],"wp:term":[{"taxonomy":"category","embeddable":true,"href":"https:\/\/confederaciopenyes.cat\/en\/wp-json\/wp\/v2\/categories?post=37801"},{"taxonomy":"post_tag","embeddable":true,"href":"https:\/\/confederaciopenyes.cat\/en\/wp-json\/wp\/v2\/tags?post=37801"}],"curies":[{"name":"wp","href":"https:\/\/api.w.org\/{rel}","templated":true}]}}