{"id":37886,"date":"2025-11-24T10:53:38","date_gmt":"2025-11-24T09:53:38","guid":{"rendered":"https:\/\/confederaciopenyes.cat\/the-penyes-take-centre-stage-in-the-return-to-spotify-camp-nou\/"},"modified":"2025-11-24T11:17:17","modified_gmt":"2025-11-24T10:17:17","slug":"the-penyes-take-centre-stage-in-the-return-to-spotify-camp-nou","status":"publish","type":"post","link":"https:\/\/confederaciopenyes.cat\/en\/the-penyes-take-centre-stage-in-the-return-to-spotify-camp-nou\/","title":{"rendered":"The penyes take centre stage in the return to Spotify Camp Nou"},"content":{"rendered":"\n<p>Last Saturday, Bar\u00e7a fans experienced the <strong>long-awaited return to Spotify Camp Nou<\/strong> and, as expected,<strong> many penyes didn\u2019t miss this very special day<\/strong>. Two and a half years after the last match at the stadium, <strong>hundreds of supporters from all over the world<\/strong> resumed their usual routes to reach the blaugrana temple and cheer the team live. <strong>The day was absolutely perfect, as the match against Athletic Club ended with a great victory for Hansi Flick\u2019s team<\/strong>. <\/p>\n\n<p>Some of the supporters\u2019 clubs present were<strong> PB Almog\u00e0vers, PB Front 532, PB Tortosa, PB Els Tamarells, PB Alt Empord\u00e0, PB Sant Adri\u00e0 de Bes\u00f2s, PB 1900 Terrassa, PB Vilafranca del Pened\u00e8s, PB Tordera, PB Sant Pere de Ribes, PB La Riera de Gai\u00e0, PB Sallent, PB Mont-Caro, PB Bizkabar\u00e7a, PB Districte XXVII La Sagrera, PB Amposta, and PB Baix Camp<\/strong>, among others. Internationally, penyes such as PB Paris, PB Santiago de Xile, PB London, PB Lyon, PB Malta, PB Marrakech, PB Rinc\u00f3n del Bar\u00e7a in Mexico, PB Fan Club de Rosmalen, PB Thessaloniki, and PB Culers de Vienna traveled to Camp Nou. A massive presence, then, from a movement that always wants to share great moments like this.  <\/p>\n\n<h6 class=\"wp-block-heading\" id=\"h-suport-incondicional-a-montjuic\"><strong>Unconditional support at Montju\u00efc<\/strong><\/h6>\n\n<p>Aquest retorn a l\u2019Spotify Camp Nou arriba despr\u00e9s de m\u00e9s de dues temporades jugant a l\u2019Estadi Ol\u00edmpic Lluis Companys a la muntanya de Montju\u00efc. <strong>Tot i les incomoditats que va suposar aquest trasllat, les penyes van demostrar que el seu recolzament a l\u2019equip \u00e9s incondicional<\/strong>, i van omplir les grades partit rere partit. Fins i tot en els dos partits disputats a l\u2019estadi Johan Cruyff, les penyes no hi van faltar. Tamb\u00e9 en els despla\u00e7aments, les penyes han estat, i seguiran sent, el<strong> motor de l\u2019afici\u00f3 blaugrana arreu d\u2019Europa<\/strong>.  <\/p>\n\n<figure class=\"wp-block-gallery has-nested-images columns-5 is-cropped wp-block-gallery-1 is-layout-flex wp-block-gallery-is-layout-flex\">\n<figure class=\"wp-block-image size-large\"><a href=\"https:\/\/confederaciopenyes.cat\/wp-content\/uploads\/2025\/11\/PB-Xile-1-1.jpg\"><img decoding=\"async\" width=\"768\" height=\"1024\" data-id=\"37847\" data-src=\"https:\/\/confederaciopenyes.cat\/wp-content\/uploads\/2025\/11\/PB-Xile-1-1-768x1024.jpg\" alt=\"\" class=\"wp-image-37847 lazyload\" data-srcset=\"https:\/\/confederaciopenyes.cat\/wp-content\/uploads\/2025\/11\/PB-Xile-1-1-768x1024.jpg 768w, https:\/\/confederaciopenyes.cat\/wp-content\/uploads\/2025\/11\/PB-Xile-1-1-225x300.jpg 225w, https:\/\/confederaciopenyes.cat\/wp-content\/uploads\/2025\/11\/PB-Xile-1-1.jpg 960w\" data-sizes=\"(max-width: 768px) 100vw, 768px\" src=\"data:image\/svg+xml;base64,PHN2ZyB3aWR0aD0iMSIgaGVpZ2h0PSIxIiB4bWxucz0iaHR0cDovL3d3dy53My5vcmcvMjAwMC9zdmciPjwvc3ZnPg==\" style=\"--smush-placeholder-width: 768px; --smush-placeholder-aspect-ratio: 768\/1024;\" \/><\/a><\/figure>\n\n\n\n<figure class=\"wp-block-image size-large\"><a href=\"https:\/\/confederaciopenyes.cat\/wp-content\/uploads\/2025\/11\/PB-Thessaloniki-6.jpg\"><img decoding=\"async\" width=\"768\" height=\"1024\" data-id=\"37850\" data-src=\"https:\/\/confederaciopenyes.cat\/wp-content\/uploads\/2025\/11\/PB-Thessaloniki-6-768x1024.jpg\" alt=\"\" class=\"wp-image-37850 lazyload\" data-srcset=\"https:\/\/confederaciopenyes.cat\/wp-content\/uploads\/2025\/11\/PB-Thessaloniki-6-768x1024.jpg 768w, https:\/\/confederaciopenyes.cat\/wp-content\/uploads\/2025\/11\/PB-Thessaloniki-6-225x300.jpg 225w, https:\/\/confederaciopenyes.cat\/wp-content\/uploads\/2025\/11\/PB-Thessaloniki-6-1152x1536.jpg 1152w, https:\/\/confederaciopenyes.cat\/wp-content\/uploads\/2025\/11\/PB-Thessaloniki-6.jpg 1536w\" data-sizes=\"(max-width: 768px) 100vw, 768px\" src=\"data:image\/svg+xml;base64,PHN2ZyB3aWR0aD0iMSIgaGVpZ2h0PSIxIiB4bWxucz0iaHR0cDovL3d3dy53My5vcmcvMjAwMC9zdmciPjwvc3ZnPg==\" style=\"--smush-placeholder-width: 768px; --smush-placeholder-aspect-ratio: 768\/1024;\" \/><\/a><\/figure>\n\n\n\n<figure class=\"wp-block-image size-large\"><a href=\"https:\/\/confederaciopenyes.cat\/wp-content\/uploads\/2025\/11\/PB-Rincon-Barca-Mexico.jpg\"><img decoding=\"async\" width=\"1024\" height=\"768\" data-id=\"37830\" data-src=\"https:\/\/confederaciopenyes.cat\/wp-content\/uploads\/2025\/11\/PB-Rincon-Barca-Mexico-1024x768.jpg\" alt=\"\" class=\"wp-image-37830 lazyload\" data-srcset=\"https:\/\/confederaciopenyes.cat\/wp-content\/uploads\/2025\/11\/PB-Rincon-Barca-Mexico-1024x768.jpg 1024w, https:\/\/confederaciopenyes.cat\/wp-content\/uploads\/2025\/11\/PB-Rincon-Barca-Mexico-300x225.jpg 300w, https:\/\/confederaciopenyes.cat\/wp-content\/uploads\/2025\/11\/PB-Rincon-Barca-Mexico-768x576.jpg 768w, https:\/\/confederaciopenyes.cat\/wp-content\/uploads\/2025\/11\/PB-Rincon-Barca-Mexico.jpg 1179w\" data-sizes=\"(max-width: 1024px) 100vw, 1024px\" src=\"data:image\/svg+xml;base64,PHN2ZyB3aWR0aD0iMSIgaGVpZ2h0PSIxIiB4bWxucz0iaHR0cDovL3d3dy53My5vcmcvMjAwMC9zdmciPjwvc3ZnPg==\" style=\"--smush-placeholder-width: 1024px; --smush-placeholder-aspect-ratio: 1024\/768;\" \/><\/a><\/figure>\n\n\n\n<figure class=\"wp-block-image size-large\"><a href=\"https:\/\/confederaciopenyes.cat\/wp-content\/uploads\/2025\/11\/PB-Paris-1.jpg\"><img decoding=\"async\" width=\"720\" height=\"720\" data-id=\"37826\" data-src=\"https:\/\/confederaciopenyes.cat\/wp-content\/uploads\/2025\/11\/PB-Paris-1.jpg\" alt=\"\" class=\"wp-image-37826 lazyload\" data-srcset=\"https:\/\/confederaciopenyes.cat\/wp-content\/uploads\/2025\/11\/PB-Paris-1.jpg 720w, https:\/\/confederaciopenyes.cat\/wp-content\/uploads\/2025\/11\/PB-Paris-1-300x300.jpg 300w, https:\/\/confederaciopenyes.cat\/wp-content\/uploads\/2025\/11\/PB-Paris-1-150x150.jpg 150w\" data-sizes=\"(max-width: 720px) 100vw, 720px\" src=\"data:image\/svg+xml;base64,PHN2ZyB3aWR0aD0iMSIgaGVpZ2h0PSIxIiB4bWxucz0iaHR0cDovL3d3dy53My5vcmcvMjAwMC9zdmciPjwvc3ZnPg==\" style=\"--smush-placeholder-width: 720px; --smush-placeholder-aspect-ratio: 720\/720;\" \/><\/a><\/figure>\n\n\n\n<figure class=\"wp-block-image size-large\"><a href=\"https:\/\/confederaciopenyes.cat\/wp-content\/uploads\/2025\/11\/PB-Mont-Caro.jpg\"><img decoding=\"async\" width=\"991\" height=\"1024\" data-id=\"37865\" data-src=\"https:\/\/confederaciopenyes.cat\/wp-content\/uploads\/2025\/11\/PB-Mont-Caro-991x1024.jpg\" alt=\"\" class=\"wp-image-37865 lazyload\" data-srcset=\"https:\/\/confederaciopenyes.cat\/wp-content\/uploads\/2025\/11\/PB-Mont-Caro-991x1024.jpg 991w, https:\/\/confederaciopenyes.cat\/wp-content\/uploads\/2025\/11\/PB-Mont-Caro-290x300.jpg 290w, https:\/\/confederaciopenyes.cat\/wp-content\/uploads\/2025\/11\/PB-Mont-Caro-768x794.jpg 768w, https:\/\/confederaciopenyes.cat\/wp-content\/uploads\/2025\/11\/PB-Mont-Caro.jpg 1078w\" data-sizes=\"(max-width: 991px) 100vw, 991px\" src=\"data:image\/svg+xml;base64,PHN2ZyB3aWR0aD0iMSIgaGVpZ2h0PSIxIiB4bWxucz0iaHR0cDovL3d3dy53My5vcmcvMjAwMC9zdmciPjwvc3ZnPg==\" style=\"--smush-placeholder-width: 991px; --smush-placeholder-aspect-ratio: 991\/1024;\" \/><\/a><\/figure>\n\n\n\n<figure class=\"wp-block-image size-large\"><a href=\"https:\/\/confederaciopenyes.cat\/wp-content\/uploads\/2025\/11\/PB-Lleo-Dues-Cues-1-1.jpg\"><img decoding=\"async\" width=\"675\" height=\"900\" data-id=\"37841\" data-src=\"https:\/\/confederaciopenyes.cat\/wp-content\/uploads\/2025\/11\/PB-Lleo-Dues-Cues-1-1.jpg\" alt=\"\" class=\"wp-image-37841 lazyload\" data-srcset=\"https:\/\/confederaciopenyes.cat\/wp-content\/uploads\/2025\/11\/PB-Lleo-Dues-Cues-1-1.jpg 675w, https:\/\/confederaciopenyes.cat\/wp-content\/uploads\/2025\/11\/PB-Lleo-Dues-Cues-1-1-225x300.jpg 225w\" data-sizes=\"(max-width: 675px) 100vw, 675px\" src=\"data:image\/svg+xml;base64,PHN2ZyB3aWR0aD0iMSIgaGVpZ2h0PSIxIiB4bWxucz0iaHR0cDovL3d3dy53My5vcmcvMjAwMC9zdmciPjwvc3ZnPg==\" style=\"--smush-placeholder-width: 675px; --smush-placeholder-aspect-ratio: 675\/900;\" \/><\/a><\/figure>\n\n\n\n<figure class=\"wp-block-image size-large\"><a href=\"https:\/\/confederaciopenyes.cat\/wp-content\/uploads\/2025\/11\/PB-Irun-6-edited.jpg\"><img decoding=\"async\" width=\"1152\" height=\"768\" data-id=\"37868\" data-src=\"https:\/\/confederaciopenyes.cat\/wp-content\/uploads\/2025\/11\/PB-Irun-6-edited.jpg\" alt=\"\" class=\"wp-image-37868 lazyload\" data-srcset=\"https:\/\/confederaciopenyes.cat\/wp-content\/uploads\/2025\/11\/PB-Irun-6-edited.jpg 1152w, https:\/\/confederaciopenyes.cat\/wp-content\/uploads\/2025\/11\/PB-Irun-6-edited-300x200.jpg 300w, https:\/\/confederaciopenyes.cat\/wp-content\/uploads\/2025\/11\/PB-Irun-6-edited-1024x683.jpg 1024w, https:\/\/confederaciopenyes.cat\/wp-content\/uploads\/2025\/11\/PB-Irun-6-edited-768x512.jpg 768w\" data-sizes=\"(max-width: 1152px) 100vw, 1152px\" src=\"data:image\/svg+xml;base64,PHN2ZyB3aWR0aD0iMSIgaGVpZ2h0PSIxIiB4bWxucz0iaHR0cDovL3d3dy53My5vcmcvMjAwMC9zdmciPjwvc3ZnPg==\" style=\"--smush-placeholder-width: 1152px; --smush-placeholder-aspect-ratio: 1152\/768;\" \/><\/a><\/figure>\n\n\n\n<figure class=\"wp-block-image size-large\"><a href=\"https:\/\/confederaciopenyes.cat\/wp-content\/uploads\/2025\/11\/PB-Culers-de-Viena.jpg\"><img decoding=\"async\" width=\"1024\" height=\"1024\" data-id=\"37838\" data-src=\"https:\/\/confederaciopenyes.cat\/wp-content\/uploads\/2025\/11\/PB-Culers-de-Viena-1024x1024.jpg\" alt=\"\" class=\"wp-image-37838 lazyload\" data-srcset=\"https:\/\/confederaciopenyes.cat\/wp-content\/uploads\/2025\/11\/PB-Culers-de-Viena-1024x1024.jpg 1024w, https:\/\/confederaciopenyes.cat\/wp-content\/uploads\/2025\/11\/PB-Culers-de-Viena-300x300.jpg 300w, https:\/\/confederaciopenyes.cat\/wp-content\/uploads\/2025\/11\/PB-Culers-de-Viena-150x150.jpg 150w, https:\/\/confederaciopenyes.cat\/wp-content\/uploads\/2025\/11\/PB-Culers-de-Viena-768x768.jpg 768w, https:\/\/confederaciopenyes.cat\/wp-content\/uploads\/2025\/11\/PB-Culers-de-Viena.jpg 1080w\" data-sizes=\"(max-width: 1024px) 100vw, 1024px\" src=\"data:image\/svg+xml;base64,PHN2ZyB3aWR0aD0iMSIgaGVpZ2h0PSIxIiB4bWxucz0iaHR0cDovL3d3dy53My5vcmcvMjAwMC9zdmciPjwvc3ZnPg==\" style=\"--smush-placeholder-width: 1024px; --smush-placeholder-aspect-ratio: 1024\/1024;\" \/><\/a><\/figure>\n\n\n\n<figure class=\"wp-block-image size-large\"><a href=\"https:\/\/confederaciopenyes.cat\/wp-content\/uploads\/2025\/11\/PB-Alt-Emporda-1-5.jpg\"><img decoding=\"async\" width=\"1024\" height=\"640\" data-id=\"37835\" data-src=\"https:\/\/confederaciopenyes.cat\/wp-content\/uploads\/2025\/11\/PB-Alt-Emporda-1-5-1024x640.jpg\" alt=\"\" class=\"wp-image-37835 lazyload\" data-srcset=\"https:\/\/confederaciopenyes.cat\/wp-content\/uploads\/2025\/11\/PB-Alt-Emporda-1-5-1024x640.jpg 1024w, https:\/\/confederaciopenyes.cat\/wp-content\/uploads\/2025\/11\/PB-Alt-Emporda-1-5-300x188.jpg 300w, https:\/\/confederaciopenyes.cat\/wp-content\/uploads\/2025\/11\/PB-Alt-Emporda-1-5-768x480.jpg 768w, https:\/\/confederaciopenyes.cat\/wp-content\/uploads\/2025\/11\/PB-Alt-Emporda-1-5.jpg 1080w\" data-sizes=\"(max-width: 1024px) 100vw, 1024px\" src=\"data:image\/svg+xml;base64,PHN2ZyB3aWR0aD0iMSIgaGVpZ2h0PSIxIiB4bWxucz0iaHR0cDovL3d3dy53My5vcmcvMjAwMC9zdmciPjwvc3ZnPg==\" style=\"--smush-placeholder-width: 1024px; --smush-placeholder-aspect-ratio: 1024\/640;\" \/><\/a><\/figure>\n\n\n\n<figure class=\"wp-block-image size-large\"><a href=\"https:\/\/confederaciopenyes.cat\/wp-content\/uploads\/2025\/11\/PB-Vandebarca-19.jpg\"><img decoding=\"async\" width=\"946\" height=\"697\" data-id=\"37862\" data-src=\"https:\/\/confederaciopenyes.cat\/wp-content\/uploads\/2025\/11\/PB-Vandebarca-19.jpg\" alt=\"\" class=\"wp-image-37862 lazyload\" data-srcset=\"https:\/\/confederaciopenyes.cat\/wp-content\/uploads\/2025\/11\/PB-Vandebarca-19.jpg 946w, https:\/\/confederaciopenyes.cat\/wp-content\/uploads\/2025\/11\/PB-Vandebarca-19-300x221.jpg 300w, https:\/\/confederaciopenyes.cat\/wp-content\/uploads\/2025\/11\/PB-Vandebarca-19-768x566.jpg 768w\" data-sizes=\"(max-width: 946px) 100vw, 946px\" src=\"data:image\/svg+xml;base64,PHN2ZyB3aWR0aD0iMSIgaGVpZ2h0PSIxIiB4bWxucz0iaHR0cDovL3d3dy53My5vcmcvMjAwMC9zdmciPjwvc3ZnPg==\" style=\"--smush-placeholder-width: 946px; --smush-placeholder-aspect-ratio: 946\/697;\" \/><\/a><\/figure>\n\n\n\n<figure class=\"wp-block-image size-large\"><a href=\"https:\/\/confederaciopenyes.cat\/wp-content\/uploads\/2025\/11\/PB-Front-2.jpg\"><img decoding=\"async\" width=\"720\" height=\"720\" data-id=\"37829\" data-src=\"https:\/\/confederaciopenyes.cat\/wp-content\/uploads\/2025\/11\/PB-Front-2.jpg\" alt=\"\" class=\"wp-image-37829 lazyload\" data-srcset=\"https:\/\/confederaciopenyes.cat\/wp-content\/uploads\/2025\/11\/PB-Front-2.jpg 720w, https:\/\/confederaciopenyes.cat\/wp-content\/uploads\/2025\/11\/PB-Front-2-300x300.jpg 300w, https:\/\/confederaciopenyes.cat\/wp-content\/uploads\/2025\/11\/PB-Front-2-150x150.jpg 150w\" data-sizes=\"(max-width: 720px) 100vw, 720px\" src=\"data:image\/svg+xml;base64,PHN2ZyB3aWR0aD0iMSIgaGVpZ2h0PSIxIiB4bWxucz0iaHR0cDovL3d3dy53My5vcmcvMjAwMC9zdmciPjwvc3ZnPg==\" style=\"--smush-placeholder-width: 720px; --smush-placeholder-aspect-ratio: 720\/720;\" \/><\/a><\/figure>\n\n\n\n<figure class=\"wp-block-image size-large\"><a href=\"https:\/\/confederaciopenyes.cat\/wp-content\/uploads\/2025\/11\/G6YDiQwX0AAtz0Y.jpeg\"><img decoding=\"async\" width=\"768\" height=\"1024\" data-id=\"37853\" data-src=\"https:\/\/confederaciopenyes.cat\/wp-content\/uploads\/2025\/11\/G6YDiQwX0AAtz0Y-768x1024.jpeg\" alt=\"\" class=\"wp-image-37853 lazyload\" data-srcset=\"https:\/\/confederaciopenyes.cat\/wp-content\/uploads\/2025\/11\/G6YDiQwX0AAtz0Y-768x1024.jpeg 768w, https:\/\/confederaciopenyes.cat\/wp-content\/uploads\/2025\/11\/G6YDiQwX0AAtz0Y-225x300.jpeg 225w, https:\/\/confederaciopenyes.cat\/wp-content\/uploads\/2025\/11\/G6YDiQwX0AAtz0Y-1152x1536.jpeg 1152w, https:\/\/confederaciopenyes.cat\/wp-content\/uploads\/2025\/11\/G6YDiQwX0AAtz0Y.jpeg 1200w\" data-sizes=\"(max-width: 768px) 100vw, 768px\" src=\"data:image\/svg+xml;base64,PHN2ZyB3aWR0aD0iMSIgaGVpZ2h0PSIxIiB4bWxucz0iaHR0cDovL3d3dy53My5vcmcvMjAwMC9zdmciPjwvc3ZnPg==\" style=\"--smush-placeholder-width: 768px; --smush-placeholder-aspect-ratio: 768\/1024;\" \/><\/a><\/figure>\n\n\n\n<figure class=\"wp-block-image size-large\"><a href=\"https:\/\/confederaciopenyes.cat\/wp-content\/uploads\/2025\/11\/Imagen-de-WhatsApp-2025-11-22-a-las-21.55.53_1bc9ae95.jpg\"><img decoding=\"async\" width=\"768\" height=\"1024\" data-id=\"37856\" data-src=\"https:\/\/confederaciopenyes.cat\/wp-content\/uploads\/2025\/11\/Imagen-de-WhatsApp-2025-11-22-a-las-21.55.53_1bc9ae95-768x1024.jpg\" alt=\"\" class=\"wp-image-37856 lazyload\" data-srcset=\"https:\/\/confederaciopenyes.cat\/wp-content\/uploads\/2025\/11\/Imagen-de-WhatsApp-2025-11-22-a-las-21.55.53_1bc9ae95-768x1024.jpg 768w, https:\/\/confederaciopenyes.cat\/wp-content\/uploads\/2025\/11\/Imagen-de-WhatsApp-2025-11-22-a-las-21.55.53_1bc9ae95-225x300.jpg 225w, https:\/\/confederaciopenyes.cat\/wp-content\/uploads\/2025\/11\/Imagen-de-WhatsApp-2025-11-22-a-las-21.55.53_1bc9ae95-1152x1536.jpg 1152w, https:\/\/confederaciopenyes.cat\/wp-content\/uploads\/2025\/11\/Imagen-de-WhatsApp-2025-11-22-a-las-21.55.53_1bc9ae95.jpg 1200w\" data-sizes=\"(max-width: 768px) 100vw, 768px\" src=\"data:image\/svg+xml;base64,PHN2ZyB3aWR0aD0iMSIgaGVpZ2h0PSIxIiB4bWxucz0iaHR0cDovL3d3dy53My5vcmcvMjAwMC9zdmciPjwvc3ZnPg==\" style=\"--smush-placeholder-width: 768px; --smush-placeholder-aspect-ratio: 768\/1024;\" \/><\/a><\/figure>\n\n\n\n<figure class=\"wp-block-image size-large\"><a href=\"https:\/\/confederaciopenyes.cat\/wp-content\/uploads\/2025\/11\/PB-Tamarells-1.jpg\"><img decoding=\"async\" width=\"900\" height=\"675\" data-id=\"37875\" data-src=\"https:\/\/confederaciopenyes.cat\/wp-content\/uploads\/2025\/11\/PB-Tamarells-1.jpg\" alt=\"\" class=\"wp-image-37875 lazyload\" data-srcset=\"https:\/\/confederaciopenyes.cat\/wp-content\/uploads\/2025\/11\/PB-Tamarells-1.jpg 900w, https:\/\/confederaciopenyes.cat\/wp-content\/uploads\/2025\/11\/PB-Tamarells-1-300x225.jpg 300w, https:\/\/confederaciopenyes.cat\/wp-content\/uploads\/2025\/11\/PB-Tamarells-1-768x576.jpg 768w\" data-sizes=\"(max-width: 900px) 100vw, 900px\" src=\"data:image\/svg+xml;base64,PHN2ZyB3aWR0aD0iMSIgaGVpZ2h0PSIxIiB4bWxucz0iaHR0cDovL3d3dy53My5vcmcvMjAwMC9zdmciPjwvc3ZnPg==\" style=\"--smush-placeholder-width: 900px; --smush-placeholder-aspect-ratio: 900\/675;\" \/><\/a><\/figure>\n\n\n\n<figure class=\"wp-block-image size-large\"><a href=\"https:\/\/confederaciopenyes.cat\/wp-content\/uploads\/2025\/11\/PB-Almogavers-Emporda.jpg\"><img decoding=\"async\" width=\"819\" height=\"1024\" data-id=\"37878\" data-src=\"https:\/\/confederaciopenyes.cat\/wp-content\/uploads\/2025\/11\/PB-Almogavers-Emporda-819x1024.jpg\" alt=\"\" class=\"wp-image-37878 lazyload\" data-srcset=\"https:\/\/confederaciopenyes.cat\/wp-content\/uploads\/2025\/11\/PB-Almogavers-Emporda-819x1024.jpg 819w, https:\/\/confederaciopenyes.cat\/wp-content\/uploads\/2025\/11\/PB-Almogavers-Emporda-240x300.jpg 240w, https:\/\/confederaciopenyes.cat\/wp-content\/uploads\/2025\/11\/PB-Almogavers-Emporda-768x960.jpg 768w, https:\/\/confederaciopenyes.cat\/wp-content\/uploads\/2025\/11\/PB-Almogavers-Emporda.jpg 1200w\" data-sizes=\"(max-width: 819px) 100vw, 819px\" src=\"data:image\/svg+xml;base64,PHN2ZyB3aWR0aD0iMSIgaGVpZ2h0PSIxIiB4bWxucz0iaHR0cDovL3d3dy53My5vcmcvMjAwMC9zdmciPjwvc3ZnPg==\" style=\"--smush-placeholder-width: 819px; --smush-placeholder-aspect-ratio: 819\/1024;\" \/><\/a><\/figure>\n<\/figure>\n","protected":false},"excerpt":{"rendered":"<p>Last Saturday, Bar\u00e7a fans experienced the long-awaited return to Spotify Camp Nou and, as expected, many penyes didn\u2019t miss this very special day. Two and a half years after the last match at the stadium, hundreds of supporters from all over the world resumed their usual routes to reach the blaugrana temple and cheer the &#8230; <a title=\"The penyes take centre stage in the return to Spotify Camp Nou\" class=\"read-more\" href=\"https:\/\/confederaciopenyes.cat\/en\/the-penyes-take-centre-stage-in-the-return-to-spotify-camp-nou\/\" aria-label=\"Read more about The penyes take centre stage in the return to Spotify Camp Nou\">Read more<\/a><\/p>\n","protected":false},"author":4,"featured_media":37824,"comment_status":"closed","ping_status":"open","sticky":false,"template":"","format":"standard","meta":{"_acf_changed":false,"footnotes":""},"categories":[78],"tags":[2562,2560,2561,2530,3455],"class_list":["post-37886","post","type-post","status-publish","format-standard","has-post-thumbnail","hentry","category-news-en","tag-confederacio-mundial-de-penyes-en-2","tag-news-en","tag-penyes-en","tag-spotify-camp-nou-en","tag-supporters-en"],"acf":[],"yoast_head":"<!-- This site is optimized with the Yoast SEO Premium plugin v26.7 (Yoast SEO v27.4) - https:\/\/yoast.com\/product\/yoast-seo-premium-wordpress\/ -->\n<title>The penyes take centre stage in the return to Spotify Camp Nou - Confederaci\u00f3 Mundial de Penyes del FC Barcelona<\/title>\n<meta name=\"description\" content=\"Bar\u00e7a supporters\u2019 clubs from all over the world were the protagonists in the return to Spotify Camp Nou and experienced a very emotional day.\" \/>\n<meta name=\"robots\" content=\"index, follow, max-snippet:-1, max-image-preview:large, max-video-preview:-1\" \/>\n<link rel=\"canonical\" href=\"https:\/\/confederaciopenyes.cat\/en\/the-penyes-take-centre-stage-in-the-return-to-spotify-camp-nou\/\" \/>\n<meta property=\"og:locale\" content=\"en_US\" \/>\n<meta property=\"og:type\" content=\"article\" \/>\n<meta property=\"og:title\" content=\"The penyes take centre stage in the return to Spotify Camp Nou\" \/>\n<meta property=\"og:description\" content=\"Bar\u00e7a supporters\u2019 clubs from all over the world were the protagonists in the return to Spotify Camp Nou and experienced a very emotional day.\" \/>\n<meta property=\"og:url\" content=\"https:\/\/confederaciopenyes.cat\/en\/the-penyes-take-centre-stage-in-the-return-to-spotify-camp-nou\/\" \/>\n<meta property=\"og:site_name\" content=\"Confederaci\u00f3 Mundial de Penyes del FC Barcelona\" \/>\n<meta property=\"article:publisher\" content=\"https:\/\/www.facebook.com\/ConfederacioMundialPenyesFCB\" \/>\n<meta property=\"article:published_time\" content=\"2025-11-24T09:53:38+00:00\" \/>\n<meta property=\"article:modified_time\" content=\"2025-11-24T10:17:17+00:00\" \/>\n<meta property=\"og:image\" content=\"https:\/\/confederaciopenyes.cat\/wp-content\/uploads\/2025\/11\/PB-Almogavers-1-2-e1763977974701.jpg\" \/>\n\t<meta property=\"og:image:width\" content=\"1080\" \/>\n\t<meta property=\"og:image:height\" content=\"1080\" \/>\n\t<meta property=\"og:image:type\" content=\"image\/jpeg\" \/>\n<meta name=\"author\" content=\"Confederaci\u00f3 Mundial de Penyes del FC Barcelona\" \/>\n<meta name=\"twitter:card\" content=\"summary_large_image\" \/>\n<meta name=\"twitter:creator\" content=\"@ConfePenyesFCB\" \/>\n<meta name=\"twitter:site\" content=\"@ConfePenyesFCB\" \/>\n<meta name=\"twitter:label1\" content=\"Written by\" \/>\n\t<meta name=\"twitter:data1\" content=\"Confederaci\u00f3 Mundial de Penyes del FC Barcelona\" \/>\n\t<meta name=\"twitter:label2\" content=\"Est. reading time\" \/>\n\t<meta name=\"twitter:data2\" content=\"5 minutes\" \/>\n<script type=\"application\/ld+json\" class=\"yoast-schema-graph\">{\"@context\":\"https:\\\/\\\/schema.org\",\"@graph\":[{\"@type\":\"Article\",\"@id\":\"https:\\\/\\\/confederaciopenyes.cat\\\/en\\\/the-penyes-take-centre-stage-in-the-return-to-spotify-camp-nou\\\/#article\",\"isPartOf\":{\"@id\":\"https:\\\/\\\/confederaciopenyes.cat\\\/en\\\/the-penyes-take-centre-stage-in-the-return-to-spotify-camp-nou\\\/\"},\"author\":{\"name\":\"Confederaci\u00f3 Mundial de Penyes del FC Barcelona\",\"@id\":\"https:\\\/\\\/confederaciopenyes.cat\\\/en\\\/#\\\/schema\\\/person\\\/337072f6daef87a85aa59aa1f134387c\"},\"headline\":\"The penyes take centre stage in the return to Spotify Camp Nou\",\"datePublished\":\"2025-11-24T09:53:38+00:00\",\"dateModified\":\"2025-11-24T10:17:17+00:00\",\"mainEntityOfPage\":{\"@id\":\"https:\\\/\\\/confederaciopenyes.cat\\\/en\\\/the-penyes-take-centre-stage-in-the-return-to-spotify-camp-nou\\\/\"},\"wordCount\":320,\"publisher\":{\"@id\":\"https:\\\/\\\/confederaciopenyes.cat\\\/en\\\/#organization\"},\"image\":{\"@id\":\"https:\\\/\\\/confederaciopenyes.cat\\\/en\\\/the-penyes-take-centre-stage-in-the-return-to-spotify-camp-nou\\\/#primaryimage\"},\"thumbnailUrl\":\"https:\\\/\\\/confederaciopenyes.cat\\\/wp-content\\\/uploads\\\/2025\\\/11\\\/PB-Almogavers-1-2-e1763977974701.jpg\",\"keywords\":[\"confederaci\u00f3 mundial de penyes\",\"news\",\"penyes\",\"Spotify Camp Nou\",\"supporters\"],\"articleSection\":[\"News\"],\"inLanguage\":\"en-US\"},{\"@type\":\"WebPage\",\"@id\":\"https:\\\/\\\/confederaciopenyes.cat\\\/en\\\/the-penyes-take-centre-stage-in-the-return-to-spotify-camp-nou\\\/\",\"url\":\"https:\\\/\\\/confederaciopenyes.cat\\\/en\\\/the-penyes-take-centre-stage-in-the-return-to-spotify-camp-nou\\\/\",\"name\":\"The penyes take centre stage in the return to Spotify Camp Nou - Confederaci\u00f3 Mundial de Penyes del FC Barcelona\",\"isPartOf\":{\"@id\":\"https:\\\/\\\/confederaciopenyes.cat\\\/en\\\/#website\"},\"primaryImageOfPage\":{\"@id\":\"https:\\\/\\\/confederaciopenyes.cat\\\/en\\\/the-penyes-take-centre-stage-in-the-return-to-spotify-camp-nou\\\/#primaryimage\"},\"image\":{\"@id\":\"https:\\\/\\\/confederaciopenyes.cat\\\/en\\\/the-penyes-take-centre-stage-in-the-return-to-spotify-camp-nou\\\/#primaryimage\"},\"thumbnailUrl\":\"https:\\\/\\\/confederaciopenyes.cat\\\/wp-content\\\/uploads\\\/2025\\\/11\\\/PB-Almogavers-1-2-e1763977974701.jpg\",\"datePublished\":\"2025-11-24T09:53:38+00:00\",\"dateModified\":\"2025-11-24T10:17:17+00:00\",\"description\":\"Bar\u00e7a supporters\u2019 clubs from all over the world were the protagonists in the return to Spotify Camp Nou and experienced a very emotional day.\",\"breadcrumb\":{\"@id\":\"https:\\\/\\\/confederaciopenyes.cat\\\/en\\\/the-penyes-take-centre-stage-in-the-return-to-spotify-camp-nou\\\/#breadcrumb\"},\"inLanguage\":\"en-US\",\"potentialAction\":[{\"@type\":\"ReadAction\",\"target\":[\"https:\\\/\\\/confederaciopenyes.cat\\\/en\\\/the-penyes-take-centre-stage-in-the-return-to-spotify-camp-nou\\\/\"]}]},{\"@type\":\"ImageObject\",\"inLanguage\":\"en-US\",\"@id\":\"https:\\\/\\\/confederaciopenyes.cat\\\/en\\\/the-penyes-take-centre-stage-in-the-return-to-spotify-camp-nou\\\/#primaryimage\",\"url\":\"https:\\\/\\\/confederaciopenyes.cat\\\/wp-content\\\/uploads\\\/2025\\\/11\\\/PB-Almogavers-1-2-e1763977974701.jpg\",\"contentUrl\":\"https:\\\/\\\/confederaciopenyes.cat\\\/wp-content\\\/uploads\\\/2025\\\/11\\\/PB-Almogavers-1-2-e1763977974701.jpg\",\"width\":1080,\"height\":1080},{\"@type\":\"BreadcrumbList\",\"@id\":\"https:\\\/\\\/confederaciopenyes.cat\\\/en\\\/the-penyes-take-centre-stage-in-the-return-to-spotify-camp-nou\\\/#breadcrumb\",\"itemListElement\":[{\"@type\":\"ListItem\",\"position\":1,\"name\":\"Home\",\"item\":\"https:\\\/\\\/confederaciopenyes.cat\\\/en\\\/\"},{\"@type\":\"ListItem\",\"position\":2,\"name\":\"The penyes take centre stage in the return to Spotify Camp Nou\"}]},{\"@type\":\"WebSite\",\"@id\":\"https:\\\/\\\/confederaciopenyes.cat\\\/en\\\/#website\",\"url\":\"https:\\\/\\\/confederaciopenyes.cat\\\/en\\\/\",\"name\":\"Confederaci\u00f3 Mundial de Penyes del FC Barcelona\",\"description\":\"C.M. Penyes FC Barcelona\",\"publisher\":{\"@id\":\"https:\\\/\\\/confederaciopenyes.cat\\\/en\\\/#organization\"},\"potentialAction\":[{\"@type\":\"SearchAction\",\"target\":{\"@type\":\"EntryPoint\",\"urlTemplate\":\"https:\\\/\\\/confederaciopenyes.cat\\\/en\\\/?s={search_term_string}\"},\"query-input\":{\"@type\":\"PropertyValueSpecification\",\"valueRequired\":true,\"valueName\":\"search_term_string\"}}],\"inLanguage\":\"en-US\"},{\"@type\":\"Organization\",\"@id\":\"https:\\\/\\\/confederaciopenyes.cat\\\/en\\\/#organization\",\"name\":\"Confederaci\u00f3 Mundial de Penyes del FC Barcelona\",\"url\":\"https:\\\/\\\/confederaciopenyes.cat\\\/en\\\/\",\"logo\":{\"@type\":\"ImageObject\",\"inLanguage\":\"en-US\",\"@id\":\"https:\\\/\\\/confederaciopenyes.cat\\\/en\\\/#\\\/schema\\\/logo\\\/image\\\/\",\"url\":\"https:\\\/\\\/confederaciopenyes.cat\\\/wp-content\\\/uploads\\\/2022\\\/07\\\/cropped-logo_horizontal.png\",\"contentUrl\":\"https:\\\/\\\/confederaciopenyes.cat\\\/wp-content\\\/uploads\\\/2022\\\/07\\\/cropped-logo_horizontal.png\",\"width\":1320,\"height\":309,\"caption\":\"Confederaci\u00f3 Mundial de Penyes del FC Barcelona\"},\"image\":{\"@id\":\"https:\\\/\\\/confederaciopenyes.cat\\\/en\\\/#\\\/schema\\\/logo\\\/image\\\/\"},\"sameAs\":[\"https:\\\/\\\/www.facebook.com\\\/ConfederacioMundialPenyesFCB\",\"https:\\\/\\\/x.com\\\/ConfePenyesFCB\",\"https:\\\/\\\/www.instagram.com\\\/confepenyesfcb\\\/\"]},{\"@type\":\"Person\",\"@id\":\"https:\\\/\\\/confederaciopenyes.cat\\\/en\\\/#\\\/schema\\\/person\\\/337072f6daef87a85aa59aa1f134387c\",\"name\":\"Confederaci\u00f3 Mundial de Penyes del FC Barcelona\",\"image\":{\"@type\":\"ImageObject\",\"inLanguage\":\"en-US\",\"@id\":\"https:\\\/\\\/secure.gravatar.com\\\/avatar\\\/98c60c7405ff843b10aec55db652bd3f5cb4320ef331ae76c156819a62194328?s=96&d=mm&r=g\",\"url\":\"https:\\\/\\\/secure.gravatar.com\\\/avatar\\\/98c60c7405ff843b10aec55db652bd3f5cb4320ef331ae76c156819a62194328?s=96&d=mm&r=g\",\"contentUrl\":\"https:\\\/\\\/secure.gravatar.com\\\/avatar\\\/98c60c7405ff843b10aec55db652bd3f5cb4320ef331ae76c156819a62194328?s=96&d=mm&r=g\",\"caption\":\"Confederaci\u00f3 Mundial de Penyes del FC Barcelona\"},\"url\":\"https:\\\/\\\/confederaciopenyes.cat\\\/en\\\/author\\\/comunicacioconfederaciopenyes-cat\\\/\"}]}<\/script>\n<!-- \/ Yoast SEO Premium plugin. -->","yoast_head_json":{"title":"The penyes take centre stage in the return to Spotify Camp Nou - Confederaci\u00f3 Mundial de Penyes del FC Barcelona","description":"Bar\u00e7a supporters\u2019 clubs from all over the world were the protagonists in the return to Spotify Camp Nou and experienced a very emotional day.","robots":{"index":"index","follow":"follow","max-snippet":"max-snippet:-1","max-image-preview":"max-image-preview:large","max-video-preview":"max-video-preview:-1"},"canonical":"https:\/\/confederaciopenyes.cat\/en\/the-penyes-take-centre-stage-in-the-return-to-spotify-camp-nou\/","og_locale":"en_US","og_type":"article","og_title":"The penyes take centre stage in the return to Spotify Camp Nou","og_description":"Bar\u00e7a supporters\u2019 clubs from all over the world were the protagonists in the return to Spotify Camp Nou and experienced a very emotional day.","og_url":"https:\/\/confederaciopenyes.cat\/en\/the-penyes-take-centre-stage-in-the-return-to-spotify-camp-nou\/","og_site_name":"Confederaci\u00f3 Mundial de Penyes del FC Barcelona","article_publisher":"https:\/\/www.facebook.com\/ConfederacioMundialPenyesFCB","article_published_time":"2025-11-24T09:53:38+00:00","article_modified_time":"2025-11-24T10:17:17+00:00","og_image":[{"width":1080,"height":1080,"url":"https:\/\/confederaciopenyes.cat\/wp-content\/uploads\/2025\/11\/PB-Almogavers-1-2-e1763977974701.jpg","type":"image\/jpeg"}],"author":"Confederaci\u00f3 Mundial de Penyes del FC Barcelona","twitter_card":"summary_large_image","twitter_creator":"@ConfePenyesFCB","twitter_site":"@ConfePenyesFCB","twitter_misc":{"Written by":"Confederaci\u00f3 Mundial de Penyes del FC Barcelona","Est. reading time":"5 minutes"},"schema":{"@context":"https:\/\/schema.org","@graph":[{"@type":"Article","@id":"https:\/\/confederaciopenyes.cat\/en\/the-penyes-take-centre-stage-in-the-return-to-spotify-camp-nou\/#article","isPartOf":{"@id":"https:\/\/confederaciopenyes.cat\/en\/the-penyes-take-centre-stage-in-the-return-to-spotify-camp-nou\/"},"author":{"name":"Confederaci\u00f3 Mundial de Penyes del FC Barcelona","@id":"https:\/\/confederaciopenyes.cat\/en\/#\/schema\/person\/337072f6daef87a85aa59aa1f134387c"},"headline":"The penyes take centre stage in the return to Spotify Camp Nou","datePublished":"2025-11-24T09:53:38+00:00","dateModified":"2025-11-24T10:17:17+00:00","mainEntityOfPage":{"@id":"https:\/\/confederaciopenyes.cat\/en\/the-penyes-take-centre-stage-in-the-return-to-spotify-camp-nou\/"},"wordCount":320,"publisher":{"@id":"https:\/\/confederaciopenyes.cat\/en\/#organization"},"image":{"@id":"https:\/\/confederaciopenyes.cat\/en\/the-penyes-take-centre-stage-in-the-return-to-spotify-camp-nou\/#primaryimage"},"thumbnailUrl":"https:\/\/confederaciopenyes.cat\/wp-content\/uploads\/2025\/11\/PB-Almogavers-1-2-e1763977974701.jpg","keywords":["confederaci\u00f3 mundial de penyes","news","penyes","Spotify Camp Nou","supporters"],"articleSection":["News"],"inLanguage":"en-US"},{"@type":"WebPage","@id":"https:\/\/confederaciopenyes.cat\/en\/the-penyes-take-centre-stage-in-the-return-to-spotify-camp-nou\/","url":"https:\/\/confederaciopenyes.cat\/en\/the-penyes-take-centre-stage-in-the-return-to-spotify-camp-nou\/","name":"The penyes take centre stage in the return to Spotify Camp Nou - Confederaci\u00f3 Mundial de Penyes del FC Barcelona","isPartOf":{"@id":"https:\/\/confederaciopenyes.cat\/en\/#website"},"primaryImageOfPage":{"@id":"https:\/\/confederaciopenyes.cat\/en\/the-penyes-take-centre-stage-in-the-return-to-spotify-camp-nou\/#primaryimage"},"image":{"@id":"https:\/\/confederaciopenyes.cat\/en\/the-penyes-take-centre-stage-in-the-return-to-spotify-camp-nou\/#primaryimage"},"thumbnailUrl":"https:\/\/confederaciopenyes.cat\/wp-content\/uploads\/2025\/11\/PB-Almogavers-1-2-e1763977974701.jpg","datePublished":"2025-11-24T09:53:38+00:00","dateModified":"2025-11-24T10:17:17+00:00","description":"Bar\u00e7a supporters\u2019 clubs from all over the world were the protagonists in the return to Spotify Camp Nou and experienced a very emotional day.","breadcrumb":{"@id":"https:\/\/confederaciopenyes.cat\/en\/the-penyes-take-centre-stage-in-the-return-to-spotify-camp-nou\/#breadcrumb"},"inLanguage":"en-US","potentialAction":[{"@type":"ReadAction","target":["https:\/\/confederaciopenyes.cat\/en\/the-penyes-take-centre-stage-in-the-return-to-spotify-camp-nou\/"]}]},{"@type":"ImageObject","inLanguage":"en-US","@id":"https:\/\/confederaciopenyes.cat\/en\/the-penyes-take-centre-stage-in-the-return-to-spotify-camp-nou\/#primaryimage","url":"https:\/\/confederaciopenyes.cat\/wp-content\/uploads\/2025\/11\/PB-Almogavers-1-2-e1763977974701.jpg","contentUrl":"https:\/\/confederaciopenyes.cat\/wp-content\/uploads\/2025\/11\/PB-Almogavers-1-2-e1763977974701.jpg","width":1080,"height":1080},{"@type":"BreadcrumbList","@id":"https:\/\/confederaciopenyes.cat\/en\/the-penyes-take-centre-stage-in-the-return-to-spotify-camp-nou\/#breadcrumb","itemListElement":[{"@type":"ListItem","position":1,"name":"Home","item":"https:\/\/confederaciopenyes.cat\/en\/"},{"@type":"ListItem","position":2,"name":"The penyes take centre stage in the return to Spotify Camp Nou"}]},{"@type":"WebSite","@id":"https:\/\/confederaciopenyes.cat\/en\/#website","url":"https:\/\/confederaciopenyes.cat\/en\/","name":"Confederaci\u00f3 Mundial de Penyes del FC Barcelona","description":"C.M. Penyes FC Barcelona","publisher":{"@id":"https:\/\/confederaciopenyes.cat\/en\/#organization"},"potentialAction":[{"@type":"SearchAction","target":{"@type":"EntryPoint","urlTemplate":"https:\/\/confederaciopenyes.cat\/en\/?s={search_term_string}"},"query-input":{"@type":"PropertyValueSpecification","valueRequired":true,"valueName":"search_term_string"}}],"inLanguage":"en-US"},{"@type":"Organization","@id":"https:\/\/confederaciopenyes.cat\/en\/#organization","name":"Confederaci\u00f3 Mundial de Penyes del FC Barcelona","url":"https:\/\/confederaciopenyes.cat\/en\/","logo":{"@type":"ImageObject","inLanguage":"en-US","@id":"https:\/\/confederaciopenyes.cat\/en\/#\/schema\/logo\/image\/","url":"https:\/\/confederaciopenyes.cat\/wp-content\/uploads\/2022\/07\/cropped-logo_horizontal.png","contentUrl":"https:\/\/confederaciopenyes.cat\/wp-content\/uploads\/2022\/07\/cropped-logo_horizontal.png","width":1320,"height":309,"caption":"Confederaci\u00f3 Mundial de Penyes del FC Barcelona"},"image":{"@id":"https:\/\/confederaciopenyes.cat\/en\/#\/schema\/logo\/image\/"},"sameAs":["https:\/\/www.facebook.com\/ConfederacioMundialPenyesFCB","https:\/\/x.com\/ConfePenyesFCB","https:\/\/www.instagram.com\/confepenyesfcb\/"]},{"@type":"Person","@id":"https:\/\/confederaciopenyes.cat\/en\/#\/schema\/person\/337072f6daef87a85aa59aa1f134387c","name":"Confederaci\u00f3 Mundial de Penyes del FC Barcelona","image":{"@type":"ImageObject","inLanguage":"en-US","@id":"https:\/\/secure.gravatar.com\/avatar\/98c60c7405ff843b10aec55db652bd3f5cb4320ef331ae76c156819a62194328?s=96&d=mm&r=g","url":"https:\/\/secure.gravatar.com\/avatar\/98c60c7405ff843b10aec55db652bd3f5cb4320ef331ae76c156819a62194328?s=96&d=mm&r=g","contentUrl":"https:\/\/secure.gravatar.com\/avatar\/98c60c7405ff843b10aec55db652bd3f5cb4320ef331ae76c156819a62194328?s=96&d=mm&r=g","caption":"Confederaci\u00f3 Mundial de Penyes del FC Barcelona"},"url":"https:\/\/confederaciopenyes.cat\/en\/author\/comunicacioconfederaciopenyes-cat\/"}]}},"_links":{"self":[{"href":"https:\/\/confederaciopenyes.cat\/en\/wp-json\/wp\/v2\/posts\/37886","targetHints":{"allow":["GET"]}}],"collection":[{"href":"https:\/\/confederaciopenyes.cat\/en\/wp-json\/wp\/v2\/posts"}],"about":[{"href":"https:\/\/confederaciopenyes.cat\/en\/wp-json\/wp\/v2\/types\/post"}],"author":[{"embeddable":true,"href":"https:\/\/confederaciopenyes.cat\/en\/wp-json\/wp\/v2\/users\/4"}],"replies":[{"embeddable":true,"href":"https:\/\/confederaciopenyes.cat\/en\/wp-json\/wp\/v2\/comments?post=37886"}],"version-history":[{"count":2,"href":"https:\/\/confederaciopenyes.cat\/en\/wp-json\/wp\/v2\/posts\/37886\/revisions"}],"predecessor-version":[{"id":37889,"href":"https:\/\/confederaciopenyes.cat\/en\/wp-json\/wp\/v2\/posts\/37886\/revisions\/37889"}],"wp:featuredmedia":[{"embeddable":true,"href":"https:\/\/confederaciopenyes.cat\/en\/wp-json\/wp\/v2\/media\/37824"}],"wp:attachment":[{"href":"https:\/\/confederaciopenyes.cat\/en\/wp-json\/wp\/v2\/media?parent=37886"}],"wp:term":[{"taxonomy":"category","embeddable":true,"href":"https:\/\/confederaciopenyes.cat\/en\/wp-json\/wp\/v2\/categories?post=37886"},{"taxonomy":"post_tag","embeddable":true,"href":"https:\/\/confederaciopenyes.cat\/en\/wp-json\/wp\/v2\/tags?post=37886"}],"curies":[{"name":"wp","href":"https:\/\/api.w.org\/{rel}","templated":true}]}}