{"id":39621,"date":"2026-01-15T12:32:01","date_gmt":"2026-01-15T11:32:01","guid":{"rendered":"https:\/\/confederaciopenyes.cat\/the-pb-vicenc-piera-organizes-a-large-scale-screening-of-sor-lucia-carams-documentary-about-ukraine\/"},"modified":"2026-01-15T15:37:30","modified_gmt":"2026-01-15T14:37:30","slug":"the-pb-vicenc-piera-organizes-a-large-scale-screening-of-sor-lucia-carams-documentary-about-ukraine","status":"publish","type":"post","link":"https:\/\/confederaciopenyes.cat\/en\/the-pb-vicenc-piera-organizes-a-large-scale-screening-of-sor-lucia-carams-documentary-about-ukraine\/","title":{"rendered":"PB Vicen\u00e7 Piera hosts a crowded screening of Sister Luc\u00eda Caram\u2019s documentary about Ukraine"},"content":{"rendered":"\n<p>The <strong><a href=\"https:\/\/www.instagram.com\/pbvpieralarapita\/\" target=\"_blank\" rel=\"noreferrer noopener\">Penya Barcelonista Vicen\u00e7 Piera de la R\u00e0pita<\/a><\/strong> (Terres de l&#8217;Ebre Federation) organized the <strong>screening of the documentary <a href=\"https:\/\/www.movistarplus.es\/documentales\/ucrania-resistencia-y-esperanza\/ficha?tipo=E&amp;id=4121453\" target=\"_blank\" rel=\"noreferrer noopener\">\u201cUkraine, resistance and hope\u201d<\/a> , starring Sister Luc\u00eda Caram<\/strong> . The stage was <strong>the Sixto Mir Auditorium in La R\u00e0pita<\/strong> , and the audience response was excellent, as the space <strong>was filled with 250 people<\/strong> who followed the documentary with great interest and attention. The <strong>great ovation once the screening ended highlights the impact generated by this testimony<\/strong> created by Sister Luc\u00eda Caram, who intervened to explain her experience firsthand to all attendees.<\/p>\n\n<p>The screening was attended by <strong>Ram\u00f3n Fibla<\/strong>, president of the Federaci\u00f3 Terres de l\u2019Ebre; <strong>Toni Cabr\u00e9<\/strong>, president of PB Vicen\u00e7 Piera de La R\u00e0pita; <strong>Sisco Pinyol<\/strong>, representative of the Consultative Council in the region; as well as <strong>representatives from the La R\u00e0pita City Council<\/strong>, which<strong> collaborated in the event together with the Confederaci\u00f3 Mundial de Penyes<\/strong>. Also present were Ukrainian <strong>citizens and families welcomed in La R\u00e0pita<\/strong>, who arrived thanks at the<strong> Santa Clara Convent Foundation<\/strong> and who today are an active and fully integrated part of the local community. All of them expressed their gratitude for the support they received, and the interest shown in learning about and sharing their story.  <\/p>\n\n<h6 class=\"wp-block-heading\" id=\"h-la-implicacio-de-sor-lucia-caram\"><strong>The involvement of Sister Luc\u00eda Caram<\/strong><\/h6>\n\n<p>Since the beginning of the Russian invasion of Ukraine<strong>, Sister Luc\u00eda Caram has witnessed firsthand the consequences of this conflict on the Ukrainian population<\/strong>, and she has reflected this in a deeply moving documentary. \u201cUkraine, Resistance and Hope\u201d takes us from the Santa Clara Convent in Manresa to the very heart of the conflict, <strong>focusing on what happens far from media spotlights<\/strong>. Sister Luc\u00eda shows the daily life of a people who continue to resist, the lives of children who must take shelter underground every night, the pain of displaced families, and the silent courage of those who fight without weapons. <strong>The activist expressed special gratitude to PB Vicen\u00e7 Piera for organizing this screening, helping the documentary reach as many people as possible<\/strong>.  <\/p>\n\n<figure class=\"wp-block-gallery has-nested-images columns-3 is-cropped wp-block-gallery-1 is-layout-flex wp-block-gallery-is-layout-flex\">\n<figure class=\"wp-block-image size-large\"><a href=\"https:\/\/confederaciopenyes.cat\/wp-content\/uploads\/2026\/01\/616779278_18552271633003868_6255377578720076783_n.jpg\"><img decoding=\"async\" width=\"1024\" height=\"576\" data-id=\"39602\" data-src=\"https:\/\/confederaciopenyes.cat\/wp-content\/uploads\/2026\/01\/616779278_18552271633003868_6255377578720076783_n-1024x576.jpg\" alt=\"\" class=\"wp-image-39602 lazyload\" data-srcset=\"https:\/\/confederaciopenyes.cat\/wp-content\/uploads\/2026\/01\/616779278_18552271633003868_6255377578720076783_n-1024x576.jpg 1024w, https:\/\/confederaciopenyes.cat\/wp-content\/uploads\/2026\/01\/616779278_18552271633003868_6255377578720076783_n-300x169.jpg 300w, https:\/\/confederaciopenyes.cat\/wp-content\/uploads\/2026\/01\/616779278_18552271633003868_6255377578720076783_n-768x432.jpg 768w, https:\/\/confederaciopenyes.cat\/wp-content\/uploads\/2026\/01\/616779278_18552271633003868_6255377578720076783_n.jpg 1152w\" data-sizes=\"(max-width: 1024px) 100vw, 1024px\" src=\"data:image\/svg+xml;base64,PHN2ZyB3aWR0aD0iMSIgaGVpZ2h0PSIxIiB4bWxucz0iaHR0cDovL3d3dy53My5vcmcvMjAwMC9zdmciPjwvc3ZnPg==\" style=\"--smush-placeholder-width: 1024px; --smush-placeholder-aspect-ratio: 1024\/576;\" \/><\/a><\/figure>\n\n\n\n<figure class=\"wp-block-image size-large\"><a href=\"https:\/\/confederaciopenyes.cat\/wp-content\/uploads\/2026\/01\/615853895_18552271639003868_3133999661760511240_n.jpg\"><img decoding=\"async\" width=\"1024\" height=\"576\" data-id=\"39593\" data-src=\"https:\/\/confederaciopenyes.cat\/wp-content\/uploads\/2026\/01\/615853895_18552271639003868_3133999661760511240_n-1024x576.jpg\" alt=\"\" class=\"wp-image-39593 lazyload\" data-srcset=\"https:\/\/confederaciopenyes.cat\/wp-content\/uploads\/2026\/01\/615853895_18552271639003868_3133999661760511240_n-1024x576.jpg 1024w, https:\/\/confederaciopenyes.cat\/wp-content\/uploads\/2026\/01\/615853895_18552271639003868_3133999661760511240_n-300x169.jpg 300w, https:\/\/confederaciopenyes.cat\/wp-content\/uploads\/2026\/01\/615853895_18552271639003868_3133999661760511240_n-768x432.jpg 768w, https:\/\/confederaciopenyes.cat\/wp-content\/uploads\/2026\/01\/615853895_18552271639003868_3133999661760511240_n.jpg 1152w\" data-sizes=\"(max-width: 1024px) 100vw, 1024px\" src=\"data:image\/svg+xml;base64,PHN2ZyB3aWR0aD0iMSIgaGVpZ2h0PSIxIiB4bWxucz0iaHR0cDovL3d3dy53My5vcmcvMjAwMC9zdmciPjwvc3ZnPg==\" style=\"--smush-placeholder-width: 1024px; --smush-placeholder-aspect-ratio: 1024\/576;\" \/><\/a><\/figure>\n\n\n\n<figure class=\"wp-block-image size-large\"><a href=\"https:\/\/confederaciopenyes.cat\/wp-content\/uploads\/2026\/01\/616127499_18552271609003868_3979124694811238477_n.jpg\"><img decoding=\"async\" width=\"882\" height=\"497\" data-id=\"39597\" data-src=\"https:\/\/confederaciopenyes.cat\/wp-content\/uploads\/2026\/01\/616127499_18552271609003868_3979124694811238477_n.jpg\" alt=\"\" class=\"wp-image-39597 lazyload\" data-srcset=\"https:\/\/confederaciopenyes.cat\/wp-content\/uploads\/2026\/01\/616127499_18552271609003868_3979124694811238477_n.jpg 882w, https:\/\/confederaciopenyes.cat\/wp-content\/uploads\/2026\/01\/616127499_18552271609003868_3979124694811238477_n-300x169.jpg 300w, https:\/\/confederaciopenyes.cat\/wp-content\/uploads\/2026\/01\/616127499_18552271609003868_3979124694811238477_n-768x433.jpg 768w\" data-sizes=\"(max-width: 882px) 100vw, 882px\" src=\"data:image\/svg+xml;base64,PHN2ZyB3aWR0aD0iMSIgaGVpZ2h0PSIxIiB4bWxucz0iaHR0cDovL3d3dy53My5vcmcvMjAwMC9zdmciPjwvc3ZnPg==\" style=\"--smush-placeholder-width: 882px; --smush-placeholder-aspect-ratio: 882\/497;\" \/><\/a><\/figure>\n\n\n\n<figure class=\"wp-block-image size-large\"><a href=\"https:\/\/confederaciopenyes.cat\/wp-content\/uploads\/2026\/01\/615876627_18552271636003868_7620010226929870107_n.jpg\"><img decoding=\"async\" width=\"1024\" height=\"576\" data-id=\"39587\" data-src=\"https:\/\/confederaciopenyes.cat\/wp-content\/uploads\/2026\/01\/615876627_18552271636003868_7620010226929870107_n-1024x576.jpg\" alt=\"\" class=\"wp-image-39587 lazyload\" data-srcset=\"https:\/\/confederaciopenyes.cat\/wp-content\/uploads\/2026\/01\/615876627_18552271636003868_7620010226929870107_n-1024x576.jpg 1024w, https:\/\/confederaciopenyes.cat\/wp-content\/uploads\/2026\/01\/615876627_18552271636003868_7620010226929870107_n-300x169.jpg 300w, https:\/\/confederaciopenyes.cat\/wp-content\/uploads\/2026\/01\/615876627_18552271636003868_7620010226929870107_n-768x432.jpg 768w, https:\/\/confederaciopenyes.cat\/wp-content\/uploads\/2026\/01\/615876627_18552271636003868_7620010226929870107_n.jpg 1152w\" data-sizes=\"(max-width: 1024px) 100vw, 1024px\" src=\"data:image\/svg+xml;base64,PHN2ZyB3aWR0aD0iMSIgaGVpZ2h0PSIxIiB4bWxucz0iaHR0cDovL3d3dy53My5vcmcvMjAwMC9zdmciPjwvc3ZnPg==\" style=\"--smush-placeholder-width: 1024px; --smush-placeholder-aspect-ratio: 1024\/576;\" \/><\/a><\/figure>\n\n\n\n<figure class=\"wp-block-image size-large\"><a href=\"https:\/\/confederaciopenyes.cat\/wp-content\/uploads\/2026\/01\/615830100_18552271630003868_4492519820882180963_n.jpg\"><img decoding=\"async\" width=\"1024\" height=\"577\" data-id=\"39590\" data-src=\"https:\/\/confederaciopenyes.cat\/wp-content\/uploads\/2026\/01\/615830100_18552271630003868_4492519820882180963_n-1024x577.jpg\" alt=\"\" class=\"wp-image-39590 lazyload\" data-srcset=\"https:\/\/confederaciopenyes.cat\/wp-content\/uploads\/2026\/01\/615830100_18552271630003868_4492519820882180963_n-1024x577.jpg 1024w, https:\/\/confederaciopenyes.cat\/wp-content\/uploads\/2026\/01\/615830100_18552271630003868_4492519820882180963_n-300x169.jpg 300w, https:\/\/confederaciopenyes.cat\/wp-content\/uploads\/2026\/01\/615830100_18552271630003868_4492519820882180963_n-768x433.jpg 768w, https:\/\/confederaciopenyes.cat\/wp-content\/uploads\/2026\/01\/615830100_18552271630003868_4492519820882180963_n.jpg 1152w\" data-sizes=\"(max-width: 1024px) 100vw, 1024px\" src=\"data:image\/svg+xml;base64,PHN2ZyB3aWR0aD0iMSIgaGVpZ2h0PSIxIiB4bWxucz0iaHR0cDovL3d3dy53My5vcmcvMjAwMC9zdmciPjwvc3ZnPg==\" style=\"--smush-placeholder-width: 1024px; --smush-placeholder-aspect-ratio: 1024\/577;\" \/><\/a><\/figure>\n\n\n\n<figure class=\"wp-block-image size-large\"><a href=\"https:\/\/confederaciopenyes.cat\/wp-content\/uploads\/2026\/01\/617231635_18552271648003868_3692360848437768558_n.jpg\"><img decoding=\"async\" width=\"1024\" height=\"576\" data-id=\"39605\" data-src=\"https:\/\/confederaciopenyes.cat\/wp-content\/uploads\/2026\/01\/617231635_18552271648003868_3692360848437768558_n-1024x576.jpg\" alt=\"\" class=\"wp-image-39605 lazyload\" data-srcset=\"https:\/\/confederaciopenyes.cat\/wp-content\/uploads\/2026\/01\/617231635_18552271648003868_3692360848437768558_n-1024x576.jpg 1024w, https:\/\/confederaciopenyes.cat\/wp-content\/uploads\/2026\/01\/617231635_18552271648003868_3692360848437768558_n-300x169.jpg 300w, https:\/\/confederaciopenyes.cat\/wp-content\/uploads\/2026\/01\/617231635_18552271648003868_3692360848437768558_n-768x432.jpg 768w, https:\/\/confederaciopenyes.cat\/wp-content\/uploads\/2026\/01\/617231635_18552271648003868_3692360848437768558_n.jpg 1152w\" data-sizes=\"(max-width: 1024px) 100vw, 1024px\" src=\"data:image\/svg+xml;base64,PHN2ZyB3aWR0aD0iMSIgaGVpZ2h0PSIxIiB4bWxucz0iaHR0cDovL3d3dy53My5vcmcvMjAwMC9zdmciPjwvc3ZnPg==\" style=\"--smush-placeholder-width: 1024px; --smush-placeholder-aspect-ratio: 1024\/576;\" \/><\/a><\/figure>\n<\/figure>\n","protected":false},"excerpt":{"rendered":"<p>The Penya Barcelonista Vicen\u00e7 Piera de la R\u00e0pita (Terres de l&#8217;Ebre Federation) organized the screening of the documentary \u201cUkraine, resistance and hope\u201d , starring Sister Luc\u00eda Caram . The stage was the Sixto Mir Auditorium in La R\u00e0pita , and the audience response was excellent, as the space was filled with 250 people who followed &#8230; <a title=\"PB Vicen\u00e7 Piera hosts a crowded screening of Sister Luc\u00eda Caram\u2019s documentary about Ukraine\" class=\"read-more\" href=\"https:\/\/confederaciopenyes.cat\/en\/the-pb-vicenc-piera-organizes-a-large-scale-screening-of-sor-lucia-carams-documentary-about-ukraine\/\" aria-label=\"Read more about PB Vicen\u00e7 Piera hosts a crowded screening of Sister Luc\u00eda Caram\u2019s documentary about Ukraine\">Read more<\/a><\/p>\n","protected":false},"author":4,"featured_media":39585,"comment_status":"closed","ping_status":"open","sticky":false,"template":"","format":"standard","meta":{"_acf_changed":false,"footnotes":""},"categories":[78],"tags":[2599,2600,3708,2561,2670,2606,4147],"class_list":["post-39621","post","type-post","status-publish","format-standard","has-post-thumbnail","hentry","category-news-en","tag-confederacio-mundial-de-penyes-en-3","tag-news-en-2","tag-pb-vicenc-piera-en","tag-penyes-en","tag-sister-lucia-caram","tag-solidarity-en-2","tag-ukraine-en"],"acf":[],"yoast_head":"<!-- This site is optimized with the Yoast SEO Premium plugin v27.5 (Yoast SEO v27.5) - https:\/\/yoast.com\/product\/yoast-seo-premium-wordpress\/ -->\n<title>The PB Vicen\u00e7 Piera presents documentary of Ukraine - C.M.P.<\/title>\n<meta name=\"description\" content=\"PB Vicen\u00e7 Piera screened the documentary \u201cUkraine, Resistance and Hope\u201d, by Sister Luc\u00eda Caram, with 250 people attending.\" \/>\n<meta name=\"robots\" content=\"index, follow, max-snippet:-1, max-image-preview:large, max-video-preview:-1\" \/>\n<link rel=\"canonical\" href=\"https:\/\/confederaciopenyes.cat\/en\/the-pb-vicenc-piera-organizes-a-large-scale-screening-of-sor-lucia-carams-documentary-about-ukraine\/\" \/>\n<meta property=\"og:locale\" content=\"en_US\" \/>\n<meta property=\"og:type\" content=\"article\" \/>\n<meta property=\"og:title\" content=\"PB Vicen\u00e7 Piera hosts a crowded screening of Sister Luc\u00eda Caram\u2019s documentary about Ukraine\" \/>\n<meta property=\"og:description\" content=\"PB Vicen\u00e7 Piera screened the documentary \u201cUkraine, Resistance and Hope\u201d, by Sister Luc\u00eda Caram, with 250 people attending.\" \/>\n<meta property=\"og:url\" content=\"https:\/\/confederaciopenyes.cat\/en\/the-pb-vicenc-piera-organizes-a-large-scale-screening-of-sor-lucia-carams-documentary-about-ukraine\/\" \/>\n<meta property=\"og:site_name\" content=\"Confederaci\u00f3 Mundial de Penyes del FC Barcelona\" \/>\n<meta property=\"article:publisher\" content=\"https:\/\/www.facebook.com\/ConfederacioMundialPenyesFCB\" \/>\n<meta property=\"article:published_time\" content=\"2026-01-15T11:32:01+00:00\" \/>\n<meta property=\"article:modified_time\" content=\"2026-01-15T14:37:30+00:00\" \/>\n<meta property=\"og:image\" content=\"https:\/\/confederaciopenyes.cat\/wp-content\/uploads\/2026\/01\/616886438_18552271597003868_6228073030586389497_n-e1768476671527.jpg\" \/>\n\t<meta property=\"og:image:width\" content=\"1152\" \/>\n\t<meta property=\"og:image:height\" content=\"648\" \/>\n\t<meta property=\"og:image:type\" content=\"image\/jpeg\" \/>\n<meta name=\"author\" content=\"Confederaci\u00f3 Mundial de Penyes del FC Barcelona\" \/>\n<meta name=\"twitter:card\" content=\"summary_large_image\" \/>\n<meta name=\"twitter:creator\" content=\"@ConfePenyesFCB\" \/>\n<meta name=\"twitter:site\" content=\"@ConfePenyesFCB\" \/>\n<meta name=\"twitter:label1\" content=\"Written by\" \/>\n\t<meta name=\"twitter:data1\" content=\"Confederaci\u00f3 Mundial de Penyes del FC Barcelona\" \/>\n\t<meta name=\"twitter:label2\" content=\"Est. reading time\" \/>\n\t<meta name=\"twitter:data2\" content=\"4 minutes\" \/>\n<script type=\"application\/ld+json\" class=\"yoast-schema-graph\">{\"@context\":\"https:\\\/\\\/schema.org\",\"@graph\":[{\"@type\":\"Article\",\"@id\":\"https:\\\/\\\/confederaciopenyes.cat\\\/en\\\/the-pb-vicenc-piera-organizes-a-large-scale-screening-of-sor-lucia-carams-documentary-about-ukraine\\\/#article\",\"isPartOf\":{\"@id\":\"https:\\\/\\\/confederaciopenyes.cat\\\/en\\\/the-pb-vicenc-piera-organizes-a-large-scale-screening-of-sor-lucia-carams-documentary-about-ukraine\\\/\"},\"author\":{\"name\":\"Confederaci\u00f3 Mundial de Penyes del FC Barcelona\",\"@id\":\"https:\\\/\\\/confederaciopenyes.cat\\\/en\\\/#\\\/schema\\\/person\\\/337072f6daef87a85aa59aa1f134387c\"},\"headline\":\"PB Vicen\u00e7 Piera hosts a crowded screening of Sister Luc\u00eda Caram\u2019s documentary about Ukraine\",\"datePublished\":\"2026-01-15T11:32:01+00:00\",\"dateModified\":\"2026-01-15T14:37:30+00:00\",\"mainEntityOfPage\":{\"@id\":\"https:\\\/\\\/confederaciopenyes.cat\\\/en\\\/the-pb-vicenc-piera-organizes-a-large-scale-screening-of-sor-lucia-carams-documentary-about-ukraine\\\/\"},\"wordCount\":357,\"publisher\":{\"@id\":\"https:\\\/\\\/confederaciopenyes.cat\\\/en\\\/#organization\"},\"image\":{\"@id\":\"https:\\\/\\\/confederaciopenyes.cat\\\/en\\\/the-pb-vicenc-piera-organizes-a-large-scale-screening-of-sor-lucia-carams-documentary-about-ukraine\\\/#primaryimage\"},\"thumbnailUrl\":\"https:\\\/\\\/confederaciopenyes.cat\\\/wp-content\\\/uploads\\\/2026\\\/01\\\/616886438_18552271597003868_6228073030586389497_n-e1768476671527.jpg\",\"keywords\":[\"confederaci\u00f3 mundial de penyes\",\"news\",\"PB Vicen\u00e7 Piera\",\"penyes\",\"Sister Luc\u00eda Caram\",\"solidarity\",\"Ukraine\"],\"articleSection\":[\"News\"],\"inLanguage\":\"en-US\"},{\"@type\":\"WebPage\",\"@id\":\"https:\\\/\\\/confederaciopenyes.cat\\\/en\\\/the-pb-vicenc-piera-organizes-a-large-scale-screening-of-sor-lucia-carams-documentary-about-ukraine\\\/\",\"url\":\"https:\\\/\\\/confederaciopenyes.cat\\\/en\\\/the-pb-vicenc-piera-organizes-a-large-scale-screening-of-sor-lucia-carams-documentary-about-ukraine\\\/\",\"name\":\"The PB Vicen\u00e7 Piera presents documentary of Ukraine - C.M.P.\",\"isPartOf\":{\"@id\":\"https:\\\/\\\/confederaciopenyes.cat\\\/en\\\/#website\"},\"primaryImageOfPage\":{\"@id\":\"https:\\\/\\\/confederaciopenyes.cat\\\/en\\\/the-pb-vicenc-piera-organizes-a-large-scale-screening-of-sor-lucia-carams-documentary-about-ukraine\\\/#primaryimage\"},\"image\":{\"@id\":\"https:\\\/\\\/confederaciopenyes.cat\\\/en\\\/the-pb-vicenc-piera-organizes-a-large-scale-screening-of-sor-lucia-carams-documentary-about-ukraine\\\/#primaryimage\"},\"thumbnailUrl\":\"https:\\\/\\\/confederaciopenyes.cat\\\/wp-content\\\/uploads\\\/2026\\\/01\\\/616886438_18552271597003868_6228073030586389497_n-e1768476671527.jpg\",\"datePublished\":\"2026-01-15T11:32:01+00:00\",\"dateModified\":\"2026-01-15T14:37:30+00:00\",\"description\":\"PB Vicen\u00e7 Piera screened the documentary \u201cUkraine, Resistance and Hope\u201d, by Sister Luc\u00eda Caram, with 250 people attending.\",\"breadcrumb\":{\"@id\":\"https:\\\/\\\/confederaciopenyes.cat\\\/en\\\/the-pb-vicenc-piera-organizes-a-large-scale-screening-of-sor-lucia-carams-documentary-about-ukraine\\\/#breadcrumb\"},\"inLanguage\":\"en-US\",\"potentialAction\":[{\"@type\":\"ReadAction\",\"target\":[\"https:\\\/\\\/confederaciopenyes.cat\\\/en\\\/the-pb-vicenc-piera-organizes-a-large-scale-screening-of-sor-lucia-carams-documentary-about-ukraine\\\/\"]}]},{\"@type\":\"ImageObject\",\"inLanguage\":\"en-US\",\"@id\":\"https:\\\/\\\/confederaciopenyes.cat\\\/en\\\/the-pb-vicenc-piera-organizes-a-large-scale-screening-of-sor-lucia-carams-documentary-about-ukraine\\\/#primaryimage\",\"url\":\"https:\\\/\\\/confederaciopenyes.cat\\\/wp-content\\\/uploads\\\/2026\\\/01\\\/616886438_18552271597003868_6228073030586389497_n-e1768476671527.jpg\",\"contentUrl\":\"https:\\\/\\\/confederaciopenyes.cat\\\/wp-content\\\/uploads\\\/2026\\\/01\\\/616886438_18552271597003868_6228073030586389497_n-e1768476671527.jpg\",\"width\":1152,\"height\":648},{\"@type\":\"BreadcrumbList\",\"@id\":\"https:\\\/\\\/confederaciopenyes.cat\\\/en\\\/the-pb-vicenc-piera-organizes-a-large-scale-screening-of-sor-lucia-carams-documentary-about-ukraine\\\/#breadcrumb\",\"itemListElement\":[{\"@type\":\"ListItem\",\"position\":1,\"name\":\"Inici\",\"item\":\"https:\\\/\\\/confederaciopenyes.cat\\\/en\\\/\"},{\"@type\":\"ListItem\",\"position\":2,\"name\":\"PB Vicen\u00e7 Piera hosts a crowded screening of Sister Luc\u00eda Caram\u2019s documentary about Ukraine\"}]},{\"@type\":\"WebSite\",\"@id\":\"https:\\\/\\\/confederaciopenyes.cat\\\/en\\\/#website\",\"url\":\"https:\\\/\\\/confederaciopenyes.cat\\\/en\\\/\",\"name\":\"Confederaci\u00f3 Mundial de Penyes del FC Barcelona\",\"description\":\"C.M. Penyes FC Barcelona\",\"publisher\":{\"@id\":\"https:\\\/\\\/confederaciopenyes.cat\\\/en\\\/#organization\"},\"potentialAction\":[{\"@type\":\"SearchAction\",\"target\":{\"@type\":\"EntryPoint\",\"urlTemplate\":\"https:\\\/\\\/confederaciopenyes.cat\\\/en\\\/?s={search_term_string}\"},\"query-input\":{\"@type\":\"PropertyValueSpecification\",\"valueRequired\":true,\"valueName\":\"search_term_string\"}}],\"inLanguage\":\"en-US\"},{\"@type\":\"Organization\",\"@id\":\"https:\\\/\\\/confederaciopenyes.cat\\\/en\\\/#organization\",\"name\":\"Confederaci\u00f3 Mundial de Penyes del FC Barcelona\",\"url\":\"https:\\\/\\\/confederaciopenyes.cat\\\/en\\\/\",\"logo\":{\"@type\":\"ImageObject\",\"inLanguage\":\"en-US\",\"@id\":\"https:\\\/\\\/confederaciopenyes.cat\\\/en\\\/#\\\/schema\\\/logo\\\/image\\\/\",\"url\":\"https:\\\/\\\/confederaciopenyes.cat\\\/wp-content\\\/uploads\\\/2022\\\/07\\\/cropped-logo_horizontal.png\",\"contentUrl\":\"https:\\\/\\\/confederaciopenyes.cat\\\/wp-content\\\/uploads\\\/2022\\\/07\\\/cropped-logo_horizontal.png\",\"width\":1320,\"height\":309,\"caption\":\"Confederaci\u00f3 Mundial de Penyes del FC Barcelona\"},\"image\":{\"@id\":\"https:\\\/\\\/confederaciopenyes.cat\\\/en\\\/#\\\/schema\\\/logo\\\/image\\\/\"},\"sameAs\":[\"https:\\\/\\\/www.facebook.com\\\/ConfederacioMundialPenyesFCB\",\"https:\\\/\\\/x.com\\\/ConfePenyesFCB\",\"https:\\\/\\\/www.instagram.com\\\/confepenyesfcb\\\/\"]},{\"@type\":\"Person\",\"@id\":\"https:\\\/\\\/confederaciopenyes.cat\\\/en\\\/#\\\/schema\\\/person\\\/337072f6daef87a85aa59aa1f134387c\",\"name\":\"Confederaci\u00f3 Mundial de Penyes del FC Barcelona\",\"image\":{\"@type\":\"ImageObject\",\"inLanguage\":\"en-US\",\"@id\":\"https:\\\/\\\/secure.gravatar.com\\\/avatar\\\/98c60c7405ff843b10aec55db652bd3f5cb4320ef331ae76c156819a62194328?s=96&d=mm&r=g\",\"url\":\"https:\\\/\\\/secure.gravatar.com\\\/avatar\\\/98c60c7405ff843b10aec55db652bd3f5cb4320ef331ae76c156819a62194328?s=96&d=mm&r=g\",\"contentUrl\":\"https:\\\/\\\/secure.gravatar.com\\\/avatar\\\/98c60c7405ff843b10aec55db652bd3f5cb4320ef331ae76c156819a62194328?s=96&d=mm&r=g\",\"caption\":\"Confederaci\u00f3 Mundial de Penyes del FC Barcelona\"},\"url\":\"https:\\\/\\\/confederaciopenyes.cat\\\/en\\\/author\\\/comunicacioconfederaciopenyes-cat\\\/\"}]}<\/script>\n<!-- \/ Yoast SEO Premium plugin. -->","yoast_head_json":{"title":"The PB Vicen\u00e7 Piera presents documentary of Ukraine - C.M.P.","description":"PB Vicen\u00e7 Piera screened the documentary \u201cUkraine, Resistance and Hope\u201d, by Sister Luc\u00eda Caram, with 250 people attending.","robots":{"index":"index","follow":"follow","max-snippet":"max-snippet:-1","max-image-preview":"max-image-preview:large","max-video-preview":"max-video-preview:-1"},"canonical":"https:\/\/confederaciopenyes.cat\/en\/the-pb-vicenc-piera-organizes-a-large-scale-screening-of-sor-lucia-carams-documentary-about-ukraine\/","og_locale":"en_US","og_type":"article","og_title":"PB Vicen\u00e7 Piera hosts a crowded screening of Sister Luc\u00eda Caram\u2019s documentary about Ukraine","og_description":"PB Vicen\u00e7 Piera screened the documentary \u201cUkraine, Resistance and Hope\u201d, by Sister Luc\u00eda Caram, with 250 people attending.","og_url":"https:\/\/confederaciopenyes.cat\/en\/the-pb-vicenc-piera-organizes-a-large-scale-screening-of-sor-lucia-carams-documentary-about-ukraine\/","og_site_name":"Confederaci\u00f3 Mundial de Penyes del FC Barcelona","article_publisher":"https:\/\/www.facebook.com\/ConfederacioMundialPenyesFCB","article_published_time":"2026-01-15T11:32:01+00:00","article_modified_time":"2026-01-15T14:37:30+00:00","og_image":[{"width":1152,"height":648,"url":"https:\/\/confederaciopenyes.cat\/wp-content\/uploads\/2026\/01\/616886438_18552271597003868_6228073030586389497_n-e1768476671527.jpg","type":"image\/jpeg"}],"author":"Confederaci\u00f3 Mundial de Penyes del FC Barcelona","twitter_card":"summary_large_image","twitter_creator":"@ConfePenyesFCB","twitter_site":"@ConfePenyesFCB","twitter_misc":{"Written by":"Confederaci\u00f3 Mundial de Penyes del FC Barcelona","Est. reading time":"4 minutes"},"schema":{"@context":"https:\/\/schema.org","@graph":[{"@type":"Article","@id":"https:\/\/confederaciopenyes.cat\/en\/the-pb-vicenc-piera-organizes-a-large-scale-screening-of-sor-lucia-carams-documentary-about-ukraine\/#article","isPartOf":{"@id":"https:\/\/confederaciopenyes.cat\/en\/the-pb-vicenc-piera-organizes-a-large-scale-screening-of-sor-lucia-carams-documentary-about-ukraine\/"},"author":{"name":"Confederaci\u00f3 Mundial de Penyes del FC Barcelona","@id":"https:\/\/confederaciopenyes.cat\/en\/#\/schema\/person\/337072f6daef87a85aa59aa1f134387c"},"headline":"PB Vicen\u00e7 Piera hosts a crowded screening of Sister Luc\u00eda Caram\u2019s documentary about Ukraine","datePublished":"2026-01-15T11:32:01+00:00","dateModified":"2026-01-15T14:37:30+00:00","mainEntityOfPage":{"@id":"https:\/\/confederaciopenyes.cat\/en\/the-pb-vicenc-piera-organizes-a-large-scale-screening-of-sor-lucia-carams-documentary-about-ukraine\/"},"wordCount":357,"publisher":{"@id":"https:\/\/confederaciopenyes.cat\/en\/#organization"},"image":{"@id":"https:\/\/confederaciopenyes.cat\/en\/the-pb-vicenc-piera-organizes-a-large-scale-screening-of-sor-lucia-carams-documentary-about-ukraine\/#primaryimage"},"thumbnailUrl":"https:\/\/confederaciopenyes.cat\/wp-content\/uploads\/2026\/01\/616886438_18552271597003868_6228073030586389497_n-e1768476671527.jpg","keywords":["confederaci\u00f3 mundial de penyes","news","PB Vicen\u00e7 Piera","penyes","Sister Luc\u00eda Caram","solidarity","Ukraine"],"articleSection":["News"],"inLanguage":"en-US"},{"@type":"WebPage","@id":"https:\/\/confederaciopenyes.cat\/en\/the-pb-vicenc-piera-organizes-a-large-scale-screening-of-sor-lucia-carams-documentary-about-ukraine\/","url":"https:\/\/confederaciopenyes.cat\/en\/the-pb-vicenc-piera-organizes-a-large-scale-screening-of-sor-lucia-carams-documentary-about-ukraine\/","name":"The PB Vicen\u00e7 Piera presents documentary of Ukraine - C.M.P.","isPartOf":{"@id":"https:\/\/confederaciopenyes.cat\/en\/#website"},"primaryImageOfPage":{"@id":"https:\/\/confederaciopenyes.cat\/en\/the-pb-vicenc-piera-organizes-a-large-scale-screening-of-sor-lucia-carams-documentary-about-ukraine\/#primaryimage"},"image":{"@id":"https:\/\/confederaciopenyes.cat\/en\/the-pb-vicenc-piera-organizes-a-large-scale-screening-of-sor-lucia-carams-documentary-about-ukraine\/#primaryimage"},"thumbnailUrl":"https:\/\/confederaciopenyes.cat\/wp-content\/uploads\/2026\/01\/616886438_18552271597003868_6228073030586389497_n-e1768476671527.jpg","datePublished":"2026-01-15T11:32:01+00:00","dateModified":"2026-01-15T14:37:30+00:00","description":"PB Vicen\u00e7 Piera screened the documentary \u201cUkraine, Resistance and Hope\u201d, by Sister Luc\u00eda Caram, with 250 people attending.","breadcrumb":{"@id":"https:\/\/confederaciopenyes.cat\/en\/the-pb-vicenc-piera-organizes-a-large-scale-screening-of-sor-lucia-carams-documentary-about-ukraine\/#breadcrumb"},"inLanguage":"en-US","potentialAction":[{"@type":"ReadAction","target":["https:\/\/confederaciopenyes.cat\/en\/the-pb-vicenc-piera-organizes-a-large-scale-screening-of-sor-lucia-carams-documentary-about-ukraine\/"]}]},{"@type":"ImageObject","inLanguage":"en-US","@id":"https:\/\/confederaciopenyes.cat\/en\/the-pb-vicenc-piera-organizes-a-large-scale-screening-of-sor-lucia-carams-documentary-about-ukraine\/#primaryimage","url":"https:\/\/confederaciopenyes.cat\/wp-content\/uploads\/2026\/01\/616886438_18552271597003868_6228073030586389497_n-e1768476671527.jpg","contentUrl":"https:\/\/confederaciopenyes.cat\/wp-content\/uploads\/2026\/01\/616886438_18552271597003868_6228073030586389497_n-e1768476671527.jpg","width":1152,"height":648},{"@type":"BreadcrumbList","@id":"https:\/\/confederaciopenyes.cat\/en\/the-pb-vicenc-piera-organizes-a-large-scale-screening-of-sor-lucia-carams-documentary-about-ukraine\/#breadcrumb","itemListElement":[{"@type":"ListItem","position":1,"name":"Inici","item":"https:\/\/confederaciopenyes.cat\/en\/"},{"@type":"ListItem","position":2,"name":"PB Vicen\u00e7 Piera hosts a crowded screening of Sister Luc\u00eda Caram\u2019s documentary about Ukraine"}]},{"@type":"WebSite","@id":"https:\/\/confederaciopenyes.cat\/en\/#website","url":"https:\/\/confederaciopenyes.cat\/en\/","name":"Confederaci\u00f3 Mundial de Penyes del FC Barcelona","description":"C.M. Penyes FC Barcelona","publisher":{"@id":"https:\/\/confederaciopenyes.cat\/en\/#organization"},"potentialAction":[{"@type":"SearchAction","target":{"@type":"EntryPoint","urlTemplate":"https:\/\/confederaciopenyes.cat\/en\/?s={search_term_string}"},"query-input":{"@type":"PropertyValueSpecification","valueRequired":true,"valueName":"search_term_string"}}],"inLanguage":"en-US"},{"@type":"Organization","@id":"https:\/\/confederaciopenyes.cat\/en\/#organization","name":"Confederaci\u00f3 Mundial de Penyes del FC Barcelona","url":"https:\/\/confederaciopenyes.cat\/en\/","logo":{"@type":"ImageObject","inLanguage":"en-US","@id":"https:\/\/confederaciopenyes.cat\/en\/#\/schema\/logo\/image\/","url":"https:\/\/confederaciopenyes.cat\/wp-content\/uploads\/2022\/07\/cropped-logo_horizontal.png","contentUrl":"https:\/\/confederaciopenyes.cat\/wp-content\/uploads\/2022\/07\/cropped-logo_horizontal.png","width":1320,"height":309,"caption":"Confederaci\u00f3 Mundial de Penyes del FC Barcelona"},"image":{"@id":"https:\/\/confederaciopenyes.cat\/en\/#\/schema\/logo\/image\/"},"sameAs":["https:\/\/www.facebook.com\/ConfederacioMundialPenyesFCB","https:\/\/x.com\/ConfePenyesFCB","https:\/\/www.instagram.com\/confepenyesfcb\/"]},{"@type":"Person","@id":"https:\/\/confederaciopenyes.cat\/en\/#\/schema\/person\/337072f6daef87a85aa59aa1f134387c","name":"Confederaci\u00f3 Mundial de Penyes del FC Barcelona","image":{"@type":"ImageObject","inLanguage":"en-US","@id":"https:\/\/secure.gravatar.com\/avatar\/98c60c7405ff843b10aec55db652bd3f5cb4320ef331ae76c156819a62194328?s=96&d=mm&r=g","url":"https:\/\/secure.gravatar.com\/avatar\/98c60c7405ff843b10aec55db652bd3f5cb4320ef331ae76c156819a62194328?s=96&d=mm&r=g","contentUrl":"https:\/\/secure.gravatar.com\/avatar\/98c60c7405ff843b10aec55db652bd3f5cb4320ef331ae76c156819a62194328?s=96&d=mm&r=g","caption":"Confederaci\u00f3 Mundial de Penyes del FC Barcelona"},"url":"https:\/\/confederaciopenyes.cat\/en\/author\/comunicacioconfederaciopenyes-cat\/"}]}},"_links":{"self":[{"href":"https:\/\/confederaciopenyes.cat\/en\/wp-json\/wp\/v2\/posts\/39621","targetHints":{"allow":["GET"]}}],"collection":[{"href":"https:\/\/confederaciopenyes.cat\/en\/wp-json\/wp\/v2\/posts"}],"about":[{"href":"https:\/\/confederaciopenyes.cat\/en\/wp-json\/wp\/v2\/types\/post"}],"author":[{"embeddable":true,"href":"https:\/\/confederaciopenyes.cat\/en\/wp-json\/wp\/v2\/users\/4"}],"replies":[{"embeddable":true,"href":"https:\/\/confederaciopenyes.cat\/en\/wp-json\/wp\/v2\/comments?post=39621"}],"version-history":[{"count":8,"href":"https:\/\/confederaciopenyes.cat\/en\/wp-json\/wp\/v2\/posts\/39621\/revisions"}],"predecessor-version":[{"id":39655,"href":"https:\/\/confederaciopenyes.cat\/en\/wp-json\/wp\/v2\/posts\/39621\/revisions\/39655"}],"wp:featuredmedia":[{"embeddable":true,"href":"https:\/\/confederaciopenyes.cat\/en\/wp-json\/wp\/v2\/media\/39585"}],"wp:attachment":[{"href":"https:\/\/confederaciopenyes.cat\/en\/wp-json\/wp\/v2\/media?parent=39621"}],"wp:term":[{"taxonomy":"category","embeddable":true,"href":"https:\/\/confederaciopenyes.cat\/en\/wp-json\/wp\/v2\/categories?post=39621"},{"taxonomy":"post_tag","embeddable":true,"href":"https:\/\/confederaciopenyes.cat\/en\/wp-json\/wp\/v2\/tags?post=39621"}],"curies":[{"name":"wp","href":"https:\/\/api.w.org\/{rel}","templated":true}]}}