{"id":43014,"date":"2026-04-16T11:23:44","date_gmt":"2026-04-16T09:23:44","guid":{"rendered":"https:\/\/confederaciopenyes.cat\/official-opening-of-the-penya-blaugrana-dolvan\/"},"modified":"2026-04-30T11:59:05","modified_gmt":"2026-04-30T09:59:05","slug":"official-opening-of-the-penya-blaugrana-dolvan","status":"publish","type":"post","link":"https:\/\/confederaciopenyes.cat\/en\/official-opening-of-the-penya-blaugrana-dolvan\/","title":{"rendered":"Official opening of the Penya Blaugrana d\u2019Olvan"},"content":{"rendered":"\n<p>The <strong><a href=\"https:\/\/www.instagram.com\/penyablaugranaolvan\/\" target=\"_blank\" rel=\"noreferrer noopener\">Penya Blaugrana d\u2019Olvan<\/a><\/strong> brought together Bar\u00e7a supporters from its municipality, as well as others arriving from different parts of the region, to <strong>celebrate the start of its journey within the penyes world<\/strong> following its official recognition in October 2025. The <strong>official opening ceremony of the entity<\/strong>, which is part of the Federaci\u00f3 de Penyes del Bages, Bergued\u00e0 i Cerdanya, took place at the Ateneu of Olvan and featured a notable institutional presence along with representatives of the Bar\u00e7a penyes movement. <\/p>\n\n<p>The president of PB Olvan, <strong>Marta Solanich<\/strong>, hosted the event, which was also attended by <strong>Antoni Valverde<\/strong>, president of the Federaci\u00f3 de Penyes del Bages, Bergued\u00e0 i Cerdanya; <strong>Josep Ignasi Maci\u00e0<\/strong>, member of the FC Barcelona Board of Directors; and <strong>Sebasti\u00e0 Prat<\/strong>, Mayor of Olvan. In addition, several penyes from the same federation did not want to miss the celebration, including PB Santpedor, PB Manresa, PB Sallent, PB Berga, PB Gironella and PB Bag\u00e0 Blaugrana. Another special guest was <strong>CAT, the FC Barcelona mascot<\/strong>, who delighted the youngest attendees.  <\/p>\n\n<h6 class=\"wp-block-heading\" id=\"h-una-penya-molt-dinamica-des-de-l-inici\"><strong>A very dynamic penya from the beginning<\/strong><\/h6>\n\n<p>During the event, institutional speeches were delivered, <strong>a commemorative plaque marking the official inauguration of PB Olvan<\/strong> was unveiled, and <strong>an FC Barcelona training shirt signed by Marc Bernal was raffled<\/strong> among the members of the penya. The PB Olvan was founded as a Bar\u00e7a ambassador in its municipality, but also with the aim of strengthening community ties and promoting the values of sport, friendship and respect. The entity aspires to become <strong>an open space for everyone, where people of all ages can come together to celebrate blaugrana successes<\/strong>. In addition, some of its members have already been present at first team away matches, such as this week trip to Madrid.   <\/p>\n\n<figure class=\"wp-block-gallery has-nested-images columns-3 is-cropped wp-block-gallery-1 is-layout-flex wp-block-gallery-is-layout-flex\">\n<figure class=\"wp-block-image size-large\"><a href=\"https:\/\/confederaciopenyes.cat\/wp-content\/uploads\/2026\/04\/WhatsApp-Image-2026-04-15-at-23.49.37-1.jpeg\"><img decoding=\"async\" width=\"918\" height=\"688\" data-id=\"42990\" data-src=\"https:\/\/confederaciopenyes.cat\/wp-content\/uploads\/2026\/04\/WhatsApp-Image-2026-04-15-at-23.49.37-1.jpeg\" alt=\"\" class=\"wp-image-42990 lazyload\" data-srcset=\"https:\/\/confederaciopenyes.cat\/wp-content\/uploads\/2026\/04\/WhatsApp-Image-2026-04-15-at-23.49.37-1.jpeg 918w, https:\/\/confederaciopenyes.cat\/wp-content\/uploads\/2026\/04\/WhatsApp-Image-2026-04-15-at-23.49.37-1-300x225.jpeg 300w, https:\/\/confederaciopenyes.cat\/wp-content\/uploads\/2026\/04\/WhatsApp-Image-2026-04-15-at-23.49.37-1-768x576.jpeg 768w\" data-sizes=\"(max-width: 918px) 100vw, 918px\" src=\"data:image\/svg+xml;base64,PHN2ZyB3aWR0aD0iMSIgaGVpZ2h0PSIxIiB4bWxucz0iaHR0cDovL3d3dy53My5vcmcvMjAwMC9zdmciPjwvc3ZnPg==\" style=\"--smush-placeholder-width: 918px; --smush-placeholder-aspect-ratio: 918\/688;\" \/><\/a><\/figure>\n\n\n\n<figure class=\"wp-block-image size-large\"><a href=\"https:\/\/confederaciopenyes.cat\/wp-content\/uploads\/2026\/04\/WhatsApp-Image-2026-04-15-at-23.49.37-3.jpeg\"><img decoding=\"async\" width=\"918\" height=\"689\" data-id=\"42997\" data-src=\"https:\/\/confederaciopenyes.cat\/wp-content\/uploads\/2026\/04\/WhatsApp-Image-2026-04-15-at-23.49.37-3.jpeg\" alt=\"\" class=\"wp-image-42997 lazyload\" data-srcset=\"https:\/\/confederaciopenyes.cat\/wp-content\/uploads\/2026\/04\/WhatsApp-Image-2026-04-15-at-23.49.37-3.jpeg 918w, https:\/\/confederaciopenyes.cat\/wp-content\/uploads\/2026\/04\/WhatsApp-Image-2026-04-15-at-23.49.37-3-300x225.jpeg 300w, https:\/\/confederaciopenyes.cat\/wp-content\/uploads\/2026\/04\/WhatsApp-Image-2026-04-15-at-23.49.37-3-768x576.jpeg 768w\" data-sizes=\"(max-width: 918px) 100vw, 918px\" src=\"data:image\/svg+xml;base64,PHN2ZyB3aWR0aD0iMSIgaGVpZ2h0PSIxIiB4bWxucz0iaHR0cDovL3d3dy53My5vcmcvMjAwMC9zdmciPjwvc3ZnPg==\" style=\"--smush-placeholder-width: 918px; --smush-placeholder-aspect-ratio: 918\/689;\" \/><\/a><\/figure>\n\n\n\n<figure class=\"wp-block-image size-large\"><a href=\"https:\/\/confederaciopenyes.cat\/wp-content\/uploads\/2026\/04\/WhatsApp-Image-2026-04-15-at-23.49.37-5.jpeg\"><img decoding=\"async\" width=\"1024\" height=\"576\" data-id=\"43002\" data-src=\"https:\/\/confederaciopenyes.cat\/wp-content\/uploads\/2026\/04\/WhatsApp-Image-2026-04-15-at-23.49.37-5-1024x576.jpeg\" alt=\"\" class=\"wp-image-43002 lazyload\" data-srcset=\"https:\/\/confederaciopenyes.cat\/wp-content\/uploads\/2026\/04\/WhatsApp-Image-2026-04-15-at-23.49.37-5-1024x576.jpeg 1024w, https:\/\/confederaciopenyes.cat\/wp-content\/uploads\/2026\/04\/WhatsApp-Image-2026-04-15-at-23.49.37-5-300x169.jpeg 300w, https:\/\/confederaciopenyes.cat\/wp-content\/uploads\/2026\/04\/WhatsApp-Image-2026-04-15-at-23.49.37-5-768x432.jpeg 768w, https:\/\/confederaciopenyes.cat\/wp-content\/uploads\/2026\/04\/WhatsApp-Image-2026-04-15-at-23.49.37-5-1536x863.jpeg 1536w, https:\/\/confederaciopenyes.cat\/wp-content\/uploads\/2026\/04\/WhatsApp-Image-2026-04-15-at-23.49.37-5.jpeg 1562w\" data-sizes=\"(max-width: 1024px) 100vw, 1024px\" src=\"data:image\/svg+xml;base64,PHN2ZyB3aWR0aD0iMSIgaGVpZ2h0PSIxIiB4bWxucz0iaHR0cDovL3d3dy53My5vcmcvMjAwMC9zdmciPjwvc3ZnPg==\" style=\"--smush-placeholder-width: 1024px; --smush-placeholder-aspect-ratio: 1024\/576;\" \/><\/a><\/figure>\n\n\n\n<figure class=\"wp-block-image size-large\"><a href=\"https:\/\/confederaciopenyes.cat\/wp-content\/uploads\/2026\/04\/WhatsApp-Image-2026-04-15-at-23.49.37-6.jpeg\"><img decoding=\"async\" width=\"960\" height=\"720\" data-id=\"42992\" data-src=\"https:\/\/confederaciopenyes.cat\/wp-content\/uploads\/2026\/04\/WhatsApp-Image-2026-04-15-at-23.49.37-6.jpeg\" alt=\"\" class=\"wp-image-42992 lazyload\" data-srcset=\"https:\/\/confederaciopenyes.cat\/wp-content\/uploads\/2026\/04\/WhatsApp-Image-2026-04-15-at-23.49.37-6.jpeg 960w, https:\/\/confederaciopenyes.cat\/wp-content\/uploads\/2026\/04\/WhatsApp-Image-2026-04-15-at-23.49.37-6-300x225.jpeg 300w, https:\/\/confederaciopenyes.cat\/wp-content\/uploads\/2026\/04\/WhatsApp-Image-2026-04-15-at-23.49.37-6-768x576.jpeg 768w\" data-sizes=\"(max-width: 960px) 100vw, 960px\" src=\"data:image\/svg+xml;base64,PHN2ZyB3aWR0aD0iMSIgaGVpZ2h0PSIxIiB4bWxucz0iaHR0cDovL3d3dy53My5vcmcvMjAwMC9zdmciPjwvc3ZnPg==\" style=\"--smush-placeholder-width: 960px; --smush-placeholder-aspect-ratio: 960\/720;\" \/><\/a><\/figure>\n\n\n\n<figure class=\"wp-block-image size-large\"><a href=\"https:\/\/confederaciopenyes.cat\/wp-content\/uploads\/2026\/04\/WhatsApp-Image-2026-04-15-at-23.49.37-4.jpeg\"><img decoding=\"async\" width=\"1024\" height=\"576\" data-id=\"42996\" data-src=\"https:\/\/confederaciopenyes.cat\/wp-content\/uploads\/2026\/04\/WhatsApp-Image-2026-04-15-at-23.49.37-4-1024x576.jpeg\" alt=\"\" class=\"wp-image-42996 lazyload\" data-srcset=\"https:\/\/confederaciopenyes.cat\/wp-content\/uploads\/2026\/04\/WhatsApp-Image-2026-04-15-at-23.49.37-4-1024x576.jpeg 1024w, https:\/\/confederaciopenyes.cat\/wp-content\/uploads\/2026\/04\/WhatsApp-Image-2026-04-15-at-23.49.37-4-300x169.jpeg 300w, https:\/\/confederaciopenyes.cat\/wp-content\/uploads\/2026\/04\/WhatsApp-Image-2026-04-15-at-23.49.37-4-768x432.jpeg 768w, https:\/\/confederaciopenyes.cat\/wp-content\/uploads\/2026\/04\/WhatsApp-Image-2026-04-15-at-23.49.37-4-1536x864.jpeg 1536w, https:\/\/confederaciopenyes.cat\/wp-content\/uploads\/2026\/04\/WhatsApp-Image-2026-04-15-at-23.49.37-4.jpeg 1632w\" data-sizes=\"(max-width: 1024px) 100vw, 1024px\" src=\"data:image\/svg+xml;base64,PHN2ZyB3aWR0aD0iMSIgaGVpZ2h0PSIxIiB4bWxucz0iaHR0cDovL3d3dy53My5vcmcvMjAwMC9zdmciPjwvc3ZnPg==\" style=\"--smush-placeholder-width: 1024px; --smush-placeholder-aspect-ratio: 1024\/576;\" \/><\/a><\/figure>\n\n\n\n<figure class=\"wp-block-image size-large\"><a href=\"https:\/\/confederaciopenyes.cat\/wp-content\/uploads\/2026\/04\/Captura-de-pantalla-2026-04-16-133948.png\"><img decoding=\"async\" width=\"904\" height=\"678\" data-id=\"43007\" data-src=\"https:\/\/confederaciopenyes.cat\/wp-content\/uploads\/2026\/04\/Captura-de-pantalla-2026-04-16-133948.png\" alt=\"\" class=\"wp-image-43007 lazyload\" data-srcset=\"https:\/\/confederaciopenyes.cat\/wp-content\/uploads\/2026\/04\/Captura-de-pantalla-2026-04-16-133948.png 904w, https:\/\/confederaciopenyes.cat\/wp-content\/uploads\/2026\/04\/Captura-de-pantalla-2026-04-16-133948-300x225.png 300w, https:\/\/confederaciopenyes.cat\/wp-content\/uploads\/2026\/04\/Captura-de-pantalla-2026-04-16-133948-768x576.png 768w\" data-sizes=\"(max-width: 904px) 100vw, 904px\" src=\"data:image\/svg+xml;base64,PHN2ZyB3aWR0aD0iMSIgaGVpZ2h0PSIxIiB4bWxucz0iaHR0cDovL3d3dy53My5vcmcvMjAwMC9zdmciPjwvc3ZnPg==\" style=\"--smush-placeholder-width: 904px; --smush-placeholder-aspect-ratio: 904\/678;\" \/><\/a><\/figure>\n<\/figure>\n","protected":false},"excerpt":{"rendered":"<p>The Penya Blaugrana d\u2019Olvan brought together Bar\u00e7a supporters from its municipality, as well as others arriving from different parts of the region, to celebrate the start of its journey within the penyes world following its official recognition in October 2025. The official opening ceremony of the entity, which is part of the Federaci\u00f3 de Penyes &#8230; <a title=\"Official opening of the Penya Blaugrana d\u2019Olvan\" class=\"read-more\" href=\"https:\/\/confederaciopenyes.cat\/en\/official-opening-of-the-penya-blaugrana-dolvan\/\" aria-label=\"Read more about Official opening of the Penya Blaugrana d\u2019Olvan\">Read more<\/a><\/p>\n","protected":false},"author":4,"featured_media":42988,"comment_status":"closed","ping_status":"open","sticky":false,"template":"","format":"standard","meta":{"_acf_changed":false,"footnotes":""},"categories":[78],"tags":[2562,2638,2560,4305,2561],"class_list":["post-43014","post","type-post","status-publish","format-standard","has-post-thumbnail","hentry","category-news-en","tag-confederacio-mundial-de-penyes-en-2","tag-federacio-bages-bergueda-i-cerdanya-en","tag-news-en","tag-pb-olvan","tag-penyes-en"],"acf":[],"yoast_head":"<!-- This site is optimized with the Yoast SEO Premium plugin v27.5 (Yoast SEO v27.5) - https:\/\/yoast.com\/product\/yoast-seo-premium-wordpress\/ -->\n<title>Official opening of the Penya Blaugrana d\u2019Olvan - Confederaci\u00f3 Mundial de Penyes del FC Barcelona<\/title>\n<meta name=\"description\" content=\"The Penya Blaugrana Olvan celebrated its official opening with an event full of emotion and Bar\u00e7a passion in its home town.\" \/>\n<meta name=\"robots\" content=\"index, follow, max-snippet:-1, max-image-preview:large, max-video-preview:-1\" \/>\n<link rel=\"canonical\" href=\"https:\/\/confederaciopenyes.cat\/en\/official-opening-of-the-penya-blaugrana-dolvan\/\" \/>\n<meta property=\"og:locale\" content=\"en_US\" \/>\n<meta property=\"og:type\" content=\"article\" \/>\n<meta property=\"og:title\" content=\"Official opening of the Penya Blaugrana d\u2019Olvan\" \/>\n<meta property=\"og:description\" content=\"The Penya Blaugrana Olvan celebrated its official opening with an event full of emotion and Bar\u00e7a passion in its home town.\" \/>\n<meta property=\"og:url\" content=\"https:\/\/confederaciopenyes.cat\/en\/official-opening-of-the-penya-blaugrana-dolvan\/\" \/>\n<meta property=\"og:site_name\" content=\"Confederaci\u00f3 Mundial de Penyes del FC Barcelona\" \/>\n<meta property=\"article:publisher\" content=\"https:\/\/www.facebook.com\/ConfederacioMundialPenyesFCB\" \/>\n<meta property=\"article:published_time\" content=\"2026-04-16T09:23:44+00:00\" \/>\n<meta property=\"article:modified_time\" content=\"2026-04-30T09:59:05+00:00\" \/>\n<meta property=\"og:image\" content=\"https:\/\/confederaciopenyes.cat\/wp-content\/uploads\/2026\/04\/WhatsApp-Image-2026-04-15-at-23.49.37.jpeg\" \/>\n\t<meta property=\"og:image:width\" content=\"1209\" \/>\n\t<meta property=\"og:image:height\" content=\"604\" \/>\n\t<meta property=\"og:image:type\" content=\"image\/jpeg\" \/>\n<meta name=\"author\" content=\"Confederaci\u00f3 Mundial de Penyes del FC Barcelona\" \/>\n<meta name=\"twitter:card\" content=\"summary_large_image\" \/>\n<meta name=\"twitter:creator\" content=\"@ConfePenyesFCB\" \/>\n<meta name=\"twitter:site\" content=\"@ConfePenyesFCB\" \/>\n<meta name=\"twitter:label1\" content=\"Written by\" \/>\n\t<meta name=\"twitter:data1\" content=\"Confederaci\u00f3 Mundial de Penyes del FC Barcelona\" \/>\n\t<meta name=\"twitter:label2\" content=\"Est. reading time\" \/>\n\t<meta name=\"twitter:data2\" content=\"3 minutes\" \/>\n<script type=\"application\/ld+json\" class=\"yoast-schema-graph\">{\"@context\":\"https:\\\/\\\/schema.org\",\"@graph\":[{\"@type\":\"Article\",\"@id\":\"https:\\\/\\\/confederaciopenyes.cat\\\/en\\\/official-opening-of-the-penya-blaugrana-dolvan\\\/#article\",\"isPartOf\":{\"@id\":\"https:\\\/\\\/confederaciopenyes.cat\\\/en\\\/official-opening-of-the-penya-blaugrana-dolvan\\\/\"},\"author\":{\"name\":\"Confederaci\u00f3 Mundial de Penyes del FC Barcelona\",\"@id\":\"https:\\\/\\\/confederaciopenyes.cat\\\/en\\\/#\\\/schema\\\/person\\\/337072f6daef87a85aa59aa1f134387c\"},\"headline\":\"Official opening of the Penya Blaugrana d\u2019Olvan\",\"datePublished\":\"2026-04-16T09:23:44+00:00\",\"dateModified\":\"2026-04-30T09:59:05+00:00\",\"mainEntityOfPage\":{\"@id\":\"https:\\\/\\\/confederaciopenyes.cat\\\/en\\\/official-opening-of-the-penya-blaugrana-dolvan\\\/\"},\"wordCount\":299,\"publisher\":{\"@id\":\"https:\\\/\\\/confederaciopenyes.cat\\\/en\\\/#organization\"},\"image\":{\"@id\":\"https:\\\/\\\/confederaciopenyes.cat\\\/en\\\/official-opening-of-the-penya-blaugrana-dolvan\\\/#primaryimage\"},\"thumbnailUrl\":\"https:\\\/\\\/confederaciopenyes.cat\\\/wp-content\\\/uploads\\\/2026\\\/04\\\/WhatsApp-Image-2026-04-15-at-23.49.37.jpeg\",\"keywords\":[\"confederaci\u00f3 mundial de penyes\",\"federaci\u00f3 bages bergued\u00e0 i cerdanya\",\"news\",\"PB Olvan\",\"penyes\"],\"articleSection\":[\"News\"],\"inLanguage\":\"en-US\"},{\"@type\":\"WebPage\",\"@id\":\"https:\\\/\\\/confederaciopenyes.cat\\\/en\\\/official-opening-of-the-penya-blaugrana-dolvan\\\/\",\"url\":\"https:\\\/\\\/confederaciopenyes.cat\\\/en\\\/official-opening-of-the-penya-blaugrana-dolvan\\\/\",\"name\":\"Official opening of the Penya Blaugrana d\u2019Olvan - Confederaci\u00f3 Mundial de Penyes del FC Barcelona\",\"isPartOf\":{\"@id\":\"https:\\\/\\\/confederaciopenyes.cat\\\/en\\\/#website\"},\"primaryImageOfPage\":{\"@id\":\"https:\\\/\\\/confederaciopenyes.cat\\\/en\\\/official-opening-of-the-penya-blaugrana-dolvan\\\/#primaryimage\"},\"image\":{\"@id\":\"https:\\\/\\\/confederaciopenyes.cat\\\/en\\\/official-opening-of-the-penya-blaugrana-dolvan\\\/#primaryimage\"},\"thumbnailUrl\":\"https:\\\/\\\/confederaciopenyes.cat\\\/wp-content\\\/uploads\\\/2026\\\/04\\\/WhatsApp-Image-2026-04-15-at-23.49.37.jpeg\",\"datePublished\":\"2026-04-16T09:23:44+00:00\",\"dateModified\":\"2026-04-30T09:59:05+00:00\",\"description\":\"The Penya Blaugrana Olvan celebrated its official opening with an event full of emotion and Bar\u00e7a passion in its home town.\",\"breadcrumb\":{\"@id\":\"https:\\\/\\\/confederaciopenyes.cat\\\/en\\\/official-opening-of-the-penya-blaugrana-dolvan\\\/#breadcrumb\"},\"inLanguage\":\"en-US\",\"potentialAction\":[{\"@type\":\"ReadAction\",\"target\":[\"https:\\\/\\\/confederaciopenyes.cat\\\/en\\\/official-opening-of-the-penya-blaugrana-dolvan\\\/\"]}]},{\"@type\":\"ImageObject\",\"inLanguage\":\"en-US\",\"@id\":\"https:\\\/\\\/confederaciopenyes.cat\\\/en\\\/official-opening-of-the-penya-blaugrana-dolvan\\\/#primaryimage\",\"url\":\"https:\\\/\\\/confederaciopenyes.cat\\\/wp-content\\\/uploads\\\/2026\\\/04\\\/WhatsApp-Image-2026-04-15-at-23.49.37.jpeg\",\"contentUrl\":\"https:\\\/\\\/confederaciopenyes.cat\\\/wp-content\\\/uploads\\\/2026\\\/04\\\/WhatsApp-Image-2026-04-15-at-23.49.37.jpeg\",\"width\":1209,\"height\":604},{\"@type\":\"BreadcrumbList\",\"@id\":\"https:\\\/\\\/confederaciopenyes.cat\\\/en\\\/official-opening-of-the-penya-blaugrana-dolvan\\\/#breadcrumb\",\"itemListElement\":[{\"@type\":\"ListItem\",\"position\":1,\"name\":\"Inici\",\"item\":\"https:\\\/\\\/confederaciopenyes.cat\\\/en\\\/\"},{\"@type\":\"ListItem\",\"position\":2,\"name\":\"Official opening of the Penya Blaugrana d\u2019Olvan\"}]},{\"@type\":\"WebSite\",\"@id\":\"https:\\\/\\\/confederaciopenyes.cat\\\/en\\\/#website\",\"url\":\"https:\\\/\\\/confederaciopenyes.cat\\\/en\\\/\",\"name\":\"Confederaci\u00f3 Mundial de Penyes del FC Barcelona\",\"description\":\"C.M. Penyes FC Barcelona\",\"publisher\":{\"@id\":\"https:\\\/\\\/confederaciopenyes.cat\\\/en\\\/#organization\"},\"potentialAction\":[{\"@type\":\"SearchAction\",\"target\":{\"@type\":\"EntryPoint\",\"urlTemplate\":\"https:\\\/\\\/confederaciopenyes.cat\\\/en\\\/?s={search_term_string}\"},\"query-input\":{\"@type\":\"PropertyValueSpecification\",\"valueRequired\":true,\"valueName\":\"search_term_string\"}}],\"inLanguage\":\"en-US\"},{\"@type\":\"Organization\",\"@id\":\"https:\\\/\\\/confederaciopenyes.cat\\\/en\\\/#organization\",\"name\":\"Confederaci\u00f3 Mundial de Penyes del FC Barcelona\",\"url\":\"https:\\\/\\\/confederaciopenyes.cat\\\/en\\\/\",\"logo\":{\"@type\":\"ImageObject\",\"inLanguage\":\"en-US\",\"@id\":\"https:\\\/\\\/confederaciopenyes.cat\\\/en\\\/#\\\/schema\\\/logo\\\/image\\\/\",\"url\":\"https:\\\/\\\/confederaciopenyes.cat\\\/wp-content\\\/uploads\\\/2022\\\/07\\\/cropped-logo_horizontal.png\",\"contentUrl\":\"https:\\\/\\\/confederaciopenyes.cat\\\/wp-content\\\/uploads\\\/2022\\\/07\\\/cropped-logo_horizontal.png\",\"width\":1320,\"height\":309,\"caption\":\"Confederaci\u00f3 Mundial de Penyes del FC Barcelona\"},\"image\":{\"@id\":\"https:\\\/\\\/confederaciopenyes.cat\\\/en\\\/#\\\/schema\\\/logo\\\/image\\\/\"},\"sameAs\":[\"https:\\\/\\\/www.facebook.com\\\/ConfederacioMundialPenyesFCB\",\"https:\\\/\\\/x.com\\\/ConfePenyesFCB\",\"https:\\\/\\\/www.instagram.com\\\/confepenyesfcb\\\/\"]},{\"@type\":\"Person\",\"@id\":\"https:\\\/\\\/confederaciopenyes.cat\\\/en\\\/#\\\/schema\\\/person\\\/337072f6daef87a85aa59aa1f134387c\",\"name\":\"Confederaci\u00f3 Mundial de Penyes del FC Barcelona\",\"image\":{\"@type\":\"ImageObject\",\"inLanguage\":\"en-US\",\"@id\":\"https:\\\/\\\/secure.gravatar.com\\\/avatar\\\/98c60c7405ff843b10aec55db652bd3f5cb4320ef331ae76c156819a62194328?s=96&d=mm&r=g\",\"url\":\"https:\\\/\\\/secure.gravatar.com\\\/avatar\\\/98c60c7405ff843b10aec55db652bd3f5cb4320ef331ae76c156819a62194328?s=96&d=mm&r=g\",\"contentUrl\":\"https:\\\/\\\/secure.gravatar.com\\\/avatar\\\/98c60c7405ff843b10aec55db652bd3f5cb4320ef331ae76c156819a62194328?s=96&d=mm&r=g\",\"caption\":\"Confederaci\u00f3 Mundial de Penyes del FC Barcelona\"},\"url\":\"https:\\\/\\\/confederaciopenyes.cat\\\/en\\\/author\\\/comunicacioconfederaciopenyes-cat\\\/\"}]}<\/script>\n<!-- \/ Yoast SEO Premium plugin. -->","yoast_head_json":{"title":"Official opening of the Penya Blaugrana d\u2019Olvan - Confederaci\u00f3 Mundial de Penyes del FC Barcelona","description":"The Penya Blaugrana Olvan celebrated its official opening with an event full of emotion and Bar\u00e7a passion in its home town.","robots":{"index":"index","follow":"follow","max-snippet":"max-snippet:-1","max-image-preview":"max-image-preview:large","max-video-preview":"max-video-preview:-1"},"canonical":"https:\/\/confederaciopenyes.cat\/en\/official-opening-of-the-penya-blaugrana-dolvan\/","og_locale":"en_US","og_type":"article","og_title":"Official opening of the Penya Blaugrana d\u2019Olvan","og_description":"The Penya Blaugrana Olvan celebrated its official opening with an event full of emotion and Bar\u00e7a passion in its home town.","og_url":"https:\/\/confederaciopenyes.cat\/en\/official-opening-of-the-penya-blaugrana-dolvan\/","og_site_name":"Confederaci\u00f3 Mundial de Penyes del FC Barcelona","article_publisher":"https:\/\/www.facebook.com\/ConfederacioMundialPenyesFCB","article_published_time":"2026-04-16T09:23:44+00:00","article_modified_time":"2026-04-30T09:59:05+00:00","og_image":[{"width":1209,"height":604,"url":"https:\/\/confederaciopenyes.cat\/wp-content\/uploads\/2026\/04\/WhatsApp-Image-2026-04-15-at-23.49.37.jpeg","type":"image\/jpeg"}],"author":"Confederaci\u00f3 Mundial de Penyes del FC Barcelona","twitter_card":"summary_large_image","twitter_creator":"@ConfePenyesFCB","twitter_site":"@ConfePenyesFCB","twitter_misc":{"Written by":"Confederaci\u00f3 Mundial de Penyes del FC Barcelona","Est. reading time":"3 minutes"},"schema":{"@context":"https:\/\/schema.org","@graph":[{"@type":"Article","@id":"https:\/\/confederaciopenyes.cat\/en\/official-opening-of-the-penya-blaugrana-dolvan\/#article","isPartOf":{"@id":"https:\/\/confederaciopenyes.cat\/en\/official-opening-of-the-penya-blaugrana-dolvan\/"},"author":{"name":"Confederaci\u00f3 Mundial de Penyes del FC Barcelona","@id":"https:\/\/confederaciopenyes.cat\/en\/#\/schema\/person\/337072f6daef87a85aa59aa1f134387c"},"headline":"Official opening of the Penya Blaugrana d\u2019Olvan","datePublished":"2026-04-16T09:23:44+00:00","dateModified":"2026-04-30T09:59:05+00:00","mainEntityOfPage":{"@id":"https:\/\/confederaciopenyes.cat\/en\/official-opening-of-the-penya-blaugrana-dolvan\/"},"wordCount":299,"publisher":{"@id":"https:\/\/confederaciopenyes.cat\/en\/#organization"},"image":{"@id":"https:\/\/confederaciopenyes.cat\/en\/official-opening-of-the-penya-blaugrana-dolvan\/#primaryimage"},"thumbnailUrl":"https:\/\/confederaciopenyes.cat\/wp-content\/uploads\/2026\/04\/WhatsApp-Image-2026-04-15-at-23.49.37.jpeg","keywords":["confederaci\u00f3 mundial de penyes","federaci\u00f3 bages bergued\u00e0 i cerdanya","news","PB Olvan","penyes"],"articleSection":["News"],"inLanguage":"en-US"},{"@type":"WebPage","@id":"https:\/\/confederaciopenyes.cat\/en\/official-opening-of-the-penya-blaugrana-dolvan\/","url":"https:\/\/confederaciopenyes.cat\/en\/official-opening-of-the-penya-blaugrana-dolvan\/","name":"Official opening of the Penya Blaugrana d\u2019Olvan - Confederaci\u00f3 Mundial de Penyes del FC Barcelona","isPartOf":{"@id":"https:\/\/confederaciopenyes.cat\/en\/#website"},"primaryImageOfPage":{"@id":"https:\/\/confederaciopenyes.cat\/en\/official-opening-of-the-penya-blaugrana-dolvan\/#primaryimage"},"image":{"@id":"https:\/\/confederaciopenyes.cat\/en\/official-opening-of-the-penya-blaugrana-dolvan\/#primaryimage"},"thumbnailUrl":"https:\/\/confederaciopenyes.cat\/wp-content\/uploads\/2026\/04\/WhatsApp-Image-2026-04-15-at-23.49.37.jpeg","datePublished":"2026-04-16T09:23:44+00:00","dateModified":"2026-04-30T09:59:05+00:00","description":"The Penya Blaugrana Olvan celebrated its official opening with an event full of emotion and Bar\u00e7a passion in its home town.","breadcrumb":{"@id":"https:\/\/confederaciopenyes.cat\/en\/official-opening-of-the-penya-blaugrana-dolvan\/#breadcrumb"},"inLanguage":"en-US","potentialAction":[{"@type":"ReadAction","target":["https:\/\/confederaciopenyes.cat\/en\/official-opening-of-the-penya-blaugrana-dolvan\/"]}]},{"@type":"ImageObject","inLanguage":"en-US","@id":"https:\/\/confederaciopenyes.cat\/en\/official-opening-of-the-penya-blaugrana-dolvan\/#primaryimage","url":"https:\/\/confederaciopenyes.cat\/wp-content\/uploads\/2026\/04\/WhatsApp-Image-2026-04-15-at-23.49.37.jpeg","contentUrl":"https:\/\/confederaciopenyes.cat\/wp-content\/uploads\/2026\/04\/WhatsApp-Image-2026-04-15-at-23.49.37.jpeg","width":1209,"height":604},{"@type":"BreadcrumbList","@id":"https:\/\/confederaciopenyes.cat\/en\/official-opening-of-the-penya-blaugrana-dolvan\/#breadcrumb","itemListElement":[{"@type":"ListItem","position":1,"name":"Inici","item":"https:\/\/confederaciopenyes.cat\/en\/"},{"@type":"ListItem","position":2,"name":"Official opening of the Penya Blaugrana d\u2019Olvan"}]},{"@type":"WebSite","@id":"https:\/\/confederaciopenyes.cat\/en\/#website","url":"https:\/\/confederaciopenyes.cat\/en\/","name":"Confederaci\u00f3 Mundial de Penyes del FC Barcelona","description":"C.M. Penyes FC Barcelona","publisher":{"@id":"https:\/\/confederaciopenyes.cat\/en\/#organization"},"potentialAction":[{"@type":"SearchAction","target":{"@type":"EntryPoint","urlTemplate":"https:\/\/confederaciopenyes.cat\/en\/?s={search_term_string}"},"query-input":{"@type":"PropertyValueSpecification","valueRequired":true,"valueName":"search_term_string"}}],"inLanguage":"en-US"},{"@type":"Organization","@id":"https:\/\/confederaciopenyes.cat\/en\/#organization","name":"Confederaci\u00f3 Mundial de Penyes del FC Barcelona","url":"https:\/\/confederaciopenyes.cat\/en\/","logo":{"@type":"ImageObject","inLanguage":"en-US","@id":"https:\/\/confederaciopenyes.cat\/en\/#\/schema\/logo\/image\/","url":"https:\/\/confederaciopenyes.cat\/wp-content\/uploads\/2022\/07\/cropped-logo_horizontal.png","contentUrl":"https:\/\/confederaciopenyes.cat\/wp-content\/uploads\/2022\/07\/cropped-logo_horizontal.png","width":1320,"height":309,"caption":"Confederaci\u00f3 Mundial de Penyes del FC Barcelona"},"image":{"@id":"https:\/\/confederaciopenyes.cat\/en\/#\/schema\/logo\/image\/"},"sameAs":["https:\/\/www.facebook.com\/ConfederacioMundialPenyesFCB","https:\/\/x.com\/ConfePenyesFCB","https:\/\/www.instagram.com\/confepenyesfcb\/"]},{"@type":"Person","@id":"https:\/\/confederaciopenyes.cat\/en\/#\/schema\/person\/337072f6daef87a85aa59aa1f134387c","name":"Confederaci\u00f3 Mundial de Penyes del FC Barcelona","image":{"@type":"ImageObject","inLanguage":"en-US","@id":"https:\/\/secure.gravatar.com\/avatar\/98c60c7405ff843b10aec55db652bd3f5cb4320ef331ae76c156819a62194328?s=96&d=mm&r=g","url":"https:\/\/secure.gravatar.com\/avatar\/98c60c7405ff843b10aec55db652bd3f5cb4320ef331ae76c156819a62194328?s=96&d=mm&r=g","contentUrl":"https:\/\/secure.gravatar.com\/avatar\/98c60c7405ff843b10aec55db652bd3f5cb4320ef331ae76c156819a62194328?s=96&d=mm&r=g","caption":"Confederaci\u00f3 Mundial de Penyes del FC Barcelona"},"url":"https:\/\/confederaciopenyes.cat\/en\/author\/comunicacioconfederaciopenyes-cat\/"}]}},"_links":{"self":[{"href":"https:\/\/confederaciopenyes.cat\/en\/wp-json\/wp\/v2\/posts\/43014","targetHints":{"allow":["GET"]}}],"collection":[{"href":"https:\/\/confederaciopenyes.cat\/en\/wp-json\/wp\/v2\/posts"}],"about":[{"href":"https:\/\/confederaciopenyes.cat\/en\/wp-json\/wp\/v2\/types\/post"}],"author":[{"embeddable":true,"href":"https:\/\/confederaciopenyes.cat\/en\/wp-json\/wp\/v2\/users\/4"}],"replies":[{"embeddable":true,"href":"https:\/\/confederaciopenyes.cat\/en\/wp-json\/wp\/v2\/comments?post=43014"}],"version-history":[{"count":2,"href":"https:\/\/confederaciopenyes.cat\/en\/wp-json\/wp\/v2\/posts\/43014\/revisions"}],"predecessor-version":[{"id":43018,"href":"https:\/\/confederaciopenyes.cat\/en\/wp-json\/wp\/v2\/posts\/43014\/revisions\/43018"}],"wp:featuredmedia":[{"embeddable":true,"href":"https:\/\/confederaciopenyes.cat\/en\/wp-json\/wp\/v2\/media\/42988"}],"wp:attachment":[{"href":"https:\/\/confederaciopenyes.cat\/en\/wp-json\/wp\/v2\/media?parent=43014"}],"wp:term":[{"taxonomy":"category","embeddable":true,"href":"https:\/\/confederaciopenyes.cat\/en\/wp-json\/wp\/v2\/categories?post=43014"},{"taxonomy":"post_tag","embeddable":true,"href":"https:\/\/confederaciopenyes.cat\/en\/wp-json\/wp\/v2\/tags?post=43014"}],"curies":[{"name":"wp","href":"https:\/\/api.w.org\/{rel}","templated":true}]}}