{"id":6162,"date":"2023-04-25T11:46:15","date_gmt":"2023-04-25T09:46:15","guid":{"rendered":"https:\/\/confederaciopenyes.cat\/?p=6162"},"modified":"2023-04-26T09:45:07","modified_gmt":"2023-04-26T07:45:07","slug":"sant-jordi-all-blaugrana-penyes","status":"publish","type":"post","link":"https:\/\/confederaciopenyes.cat\/en\/sant-jordi-all-blaugrana-penyes\/","title":{"rendered":"The penyes enjoyed an all-blaugrana Sant Jordi Day"},"content":{"rendered":"\n<p>One more year, the supporters\u2019 clubs\u2019 movement participated actively in the <strong>Diada de Sant Jordi<\/strong>, and did so, as always, combining the cul\u00e9 feeling with the traditions of this special day. In many places, <strong>the penyes took to the streets with their own stands full of roses and books<\/strong>, always with blue colour complementing the usual red of the typical Sant Jordi flower. This was the case, among many others, of the<strong><a href=\"https:\/\/www.instagram.com\/penyabarcelonistamataro\/\" target=\"_blank\" rel=\"noreferrer noopener\"> PB Matar\u00f3 <\/a><\/strong>(Fed. Maresme), the <strong><a href=\"https:\/\/www.instagram.com\/almogavers_emporda\/\" target=\"_blank\" rel=\"noreferrer noopener\">PB Almog\u00e0vers Empord\u00e0<\/a><\/strong> (Fed. Empord\u00e0 i Catalunya Nord), the <strong><a href=\"https:\/\/www.instagram.com\/pbsantandreudelabarca\/\" target=\"_blank\" rel=\"noreferrer noopener\">PB Sant Andreu de la Barca<\/a><\/strong> and the <strong><a href=\"https:\/\/www.instagram.com\/p.b.olesa\/\" target=\"_blank\" rel=\"noreferrer noopener\">PB Olesa de Montserrat<\/a><\/strong> (both from the Fed. Baix Llobregat). Others, such as<strong><a href=\"https:\/\/www.instagram.com\/pbsitges\/\" target=\"_blank\" rel=\"noreferrer noopener\"> PB Sitges <\/a><\/strong>(Fed. Anoia, Alt Pened\u00e8s i Garraf), moved the celebration to their social headquarters.<\/p>\n\n\n\n<p>There were also book signings. Specifically, by <strong>Salva Torres<\/strong>, vice-president of the Confederaci\u00f3 Mundial de Penyes, who presented his publications <strong>&#8220;Bar\u00e7a i Catalunya: Els origens de la simbiosi&#8221;<\/strong> and <strong><a href=\"https:\/\/confederaciopenyes.cat\/en\/presentation-book-autocar-46-wembley\/\">&#8220;Autocar 46: D<\/a><a href=\"https:\/\/confederaciopenyes.cat\/en\/presentation-book-autocar-46-wembley\/\" target=\"_blank\" rel=\"noreferrer noopener\">est\u00ed Wembley<\/a><a href=\"https:\/\/confederaciopenyes.cat\/en\/presentation-book-autocar-46-wembley\/\">&#8220;<\/a><\/strong>. Torres signed in Barcelona, where he met <strong>Aitana Bonmat\u00ed,<\/strong> and in Olesa de Montserrat.<\/p>\n\n\n\n<figure class=\"wp-block-gallery has-nested-images columns-4 is-cropped wp-block-gallery-1 is-layout-flex wp-block-gallery-is-layout-flex\">\n<figure class=\"wp-block-image size-large\"><a href=\"https:\/\/confederaciopenyes.cat\/wp-content\/uploads\/2023\/04\/PB-Mataro-2-2.jpg\"><img decoding=\"async\" width=\"1024\" height=\"473\" data-id=\"6167\" data-src=\"http:\/\/confederaciopenyes.cat\/wp-content\/uploads\/2023\/04\/PB-Mataro-2-2-1024x473.jpg\" alt=\"\" class=\"wp-image-6167 lazyload\" data-srcset=\"https:\/\/confederaciopenyes.cat\/wp-content\/uploads\/2023\/04\/PB-Mataro-2-2-1024x473.jpg 1024w, https:\/\/confederaciopenyes.cat\/wp-content\/uploads\/2023\/04\/PB-Mataro-2-2-300x139.jpg 300w, https:\/\/confederaciopenyes.cat\/wp-content\/uploads\/2023\/04\/PB-Mataro-2-2-768x355.jpg 768w, https:\/\/confederaciopenyes.cat\/wp-content\/uploads\/2023\/04\/PB-Mataro-2-2-1536x709.jpg 1536w, https:\/\/confederaciopenyes.cat\/wp-content\/uploads\/2023\/04\/PB-Mataro-2-2.jpg 1600w\" data-sizes=\"(max-width: 1024px) 100vw, 1024px\" src=\"data:image\/svg+xml;base64,PHN2ZyB3aWR0aD0iMSIgaGVpZ2h0PSIxIiB4bWxucz0iaHR0cDovL3d3dy53My5vcmcvMjAwMC9zdmciPjwvc3ZnPg==\" style=\"--smush-placeholder-width: 1024px; --smush-placeholder-aspect-ratio: 1024\/473;\" \/><\/a><\/figure>\n\n\n\n<figure class=\"wp-block-image size-large\"><a href=\"https:\/\/confederaciopenyes.cat\/wp-content\/uploads\/2023\/04\/PB-St-Andreu-Barca-2-2.jpg\"><img decoding=\"async\" width=\"1024\" height=\"768\" data-id=\"6164\" data-src=\"https:\/\/confederaciopenyes.cat\/wp-content\/uploads\/2023\/04\/PB-St-Andreu-Barca-2-2-1024x768.jpg\" alt=\"\" class=\"wp-image-6164 lazyload\" data-srcset=\"https:\/\/confederaciopenyes.cat\/wp-content\/uploads\/2023\/04\/PB-St-Andreu-Barca-2-2-1024x768.jpg 1024w, https:\/\/confederaciopenyes.cat\/wp-content\/uploads\/2023\/04\/PB-St-Andreu-Barca-2-2-300x225.jpg 300w, https:\/\/confederaciopenyes.cat\/wp-content\/uploads\/2023\/04\/PB-St-Andreu-Barca-2-2-768x576.jpg 768w, https:\/\/confederaciopenyes.cat\/wp-content\/uploads\/2023\/04\/PB-St-Andreu-Barca-2-2-1536x1152.jpg 1536w, https:\/\/confederaciopenyes.cat\/wp-content\/uploads\/2023\/04\/PB-St-Andreu-Barca-2-2.jpg 2048w\" data-sizes=\"(max-width: 1024px) 100vw, 1024px\" src=\"data:image\/svg+xml;base64,PHN2ZyB3aWR0aD0iMSIgaGVpZ2h0PSIxIiB4bWxucz0iaHR0cDovL3d3dy53My5vcmcvMjAwMC9zdmciPjwvc3ZnPg==\" style=\"--smush-placeholder-width: 1024px; --smush-placeholder-aspect-ratio: 1024\/768;\" \/><\/a><\/figure>\n\n\n\n<figure class=\"wp-block-image size-large\"><a href=\"https:\/\/confederaciopenyes.cat\/wp-content\/uploads\/2023\/04\/Almogavers-Emporda-3-2.jpg\"><img decoding=\"async\" width=\"1024\" height=\"1024\" data-id=\"6166\" data-src=\"https:\/\/confederaciopenyes.cat\/wp-content\/uploads\/2023\/04\/Almogavers-Emporda-3-2-1024x1024.jpg\" alt=\"\" class=\"wp-image-6166 lazyload\" data-srcset=\"https:\/\/confederaciopenyes.cat\/wp-content\/uploads\/2023\/04\/Almogavers-Emporda-3-2-1024x1024.jpg 1024w, https:\/\/confederaciopenyes.cat\/wp-content\/uploads\/2023\/04\/Almogavers-Emporda-3-2-300x300.jpg 300w, https:\/\/confederaciopenyes.cat\/wp-content\/uploads\/2023\/04\/Almogavers-Emporda-3-2-150x150.jpg 150w, https:\/\/confederaciopenyes.cat\/wp-content\/uploads\/2023\/04\/Almogavers-Emporda-3-2-768x768.jpg 768w, https:\/\/confederaciopenyes.cat\/wp-content\/uploads\/2023\/04\/Almogavers-Emporda-3-2.jpg 1080w\" data-sizes=\"(max-width: 1024px) 100vw, 1024px\" src=\"data:image\/svg+xml;base64,PHN2ZyB3aWR0aD0iMSIgaGVpZ2h0PSIxIiB4bWxucz0iaHR0cDovL3d3dy53My5vcmcvMjAwMC9zdmciPjwvc3ZnPg==\" style=\"--smush-placeholder-width: 1024px; --smush-placeholder-aspect-ratio: 1024\/1024;\" \/><\/a><\/figure>\n\n\n\n<figure class=\"wp-block-image size-large\"><a href=\"https:\/\/confederaciopenyes.cat\/wp-content\/uploads\/2023\/04\/Salva-i-Aitana-BCN-1.jpg\"><img decoding=\"async\" width=\"960\" height=\"1024\" data-id=\"6163\" data-src=\"https:\/\/confederaciopenyes.cat\/wp-content\/uploads\/2023\/04\/Salva-i-Aitana-BCN-1-960x1024.jpg\" alt=\"\" class=\"wp-image-6163 lazyload\" data-srcset=\"https:\/\/confederaciopenyes.cat\/wp-content\/uploads\/2023\/04\/Salva-i-Aitana-BCN-1-960x1024.jpg 960w, https:\/\/confederaciopenyes.cat\/wp-content\/uploads\/2023\/04\/Salva-i-Aitana-BCN-1-281x300.jpg 281w, https:\/\/confederaciopenyes.cat\/wp-content\/uploads\/2023\/04\/Salva-i-Aitana-BCN-1-768x819.jpg 768w, https:\/\/confederaciopenyes.cat\/wp-content\/uploads\/2023\/04\/Salva-i-Aitana-BCN-1-1440x1536.jpg 1440w, https:\/\/confederaciopenyes.cat\/wp-content\/uploads\/2023\/04\/Salva-i-Aitana-BCN-1.jpg 1536w\" data-sizes=\"(max-width: 960px) 100vw, 960px\" src=\"data:image\/svg+xml;base64,PHN2ZyB3aWR0aD0iMSIgaGVpZ2h0PSIxIiB4bWxucz0iaHR0cDovL3d3dy53My5vcmcvMjAwMC9zdmciPjwvc3ZnPg==\" style=\"--smush-placeholder-width: 960px; --smush-placeholder-aspect-ratio: 960\/1024;\" \/><\/a><\/figure>\n<\/figure>\n\n\n\n<p><\/p>\n\n\n\n<h6 class=\"wp-block-heading\"><strong>Exporting the Diada to the rest of the world<\/strong><\/h6>\n\n\n\n<p>The Diada de Sant Jordi also highlighted the important role that the supporters&#8217; clubs of the<strong><a href=\"https:\/\/www.instagram.com\/fcbworldpenyes\/\" target=\"_blank\" rel=\"noreferrer noopener\"> FCB World Federation <\/a><\/strong>have in exporting Catalan tradition and culture in their respective territories. The <strong><a href=\"https:\/\/www.instagram.com\/penyabarcaatx\/\" target=\"_blank\" rel=\"noreferrer noopener\">PB Austin<\/a><\/strong> did it in Texas (United States) with books and roses for its members, and the <strong><a href=\"https:\/\/www.instagram.com\/penyagbb\/\" target=\"_blank\" rel=\"noreferrer noopener\">PB Gent Barcelonista de Bogot\u00e1<\/a><\/strong> (Colombia) gave it a solidarity aspect by promoting the donation of books. On the other hand, the <a href=\"https:\/\/www.instagram.com\/penyablaugranalondon\/\" target=\"_blank\" rel=\"noreferrer noopener\"><strong>PB London<\/strong> <\/a>was one of the organizations that participated in the celebration of Sant Jordi that took place in the<strong> famous London market of Camden<\/strong>.<\/p>\n\n\n\n<p>Another penya that every year adopts the tradition of Sant Jordi is the<strong><a href=\"https:\/\/www.instagram.com\/pbvillabalter\/\" target=\"_blank\" rel=\"noreferrer noopener\"> PB Villabalter<\/a><\/strong> (Fed. Castilla y Le\u00f3n), which held its<strong> IV Short Story Contest<\/strong> with a great success of participation. With this action, framed in the commemoration of its <strong>35th anniversary<\/strong>, the blaugrana entity continues to <strong>promote writing and reading among young people<\/strong>.<\/p>\n\n\n\n<figure class=\"wp-block-gallery has-nested-images columns-default is-cropped wp-block-gallery-2 is-layout-flex wp-block-gallery-is-layout-flex\">\n<figure class=\"wp-block-image size-large\"><a href=\"https:\/\/confederaciopenyes.cat\/wp-content\/uploads\/2023\/04\/PB-Austin-1-2.jpg\"><img decoding=\"async\" width=\"1080\" height=\"608\" data-id=\"6186\" data-src=\"https:\/\/confederaciopenyes.cat\/wp-content\/uploads\/2023\/04\/PB-Austin-1-2-edited.jpg\" alt=\"\" class=\"wp-image-6186 lazyload\" data-srcset=\"https:\/\/confederaciopenyes.cat\/wp-content\/uploads\/2023\/04\/PB-Austin-1-2-edited.jpg 1080w, https:\/\/confederaciopenyes.cat\/wp-content\/uploads\/2023\/04\/PB-Austin-1-2-edited-300x169.jpg 300w, https:\/\/confederaciopenyes.cat\/wp-content\/uploads\/2023\/04\/PB-Austin-1-2-edited-1024x576.jpg 1024w, https:\/\/confederaciopenyes.cat\/wp-content\/uploads\/2023\/04\/PB-Austin-1-2-edited-768x432.jpg 768w\" data-sizes=\"(max-width: 1080px) 100vw, 1080px\" src=\"data:image\/svg+xml;base64,PHN2ZyB3aWR0aD0iMSIgaGVpZ2h0PSIxIiB4bWxucz0iaHR0cDovL3d3dy53My5vcmcvMjAwMC9zdmciPjwvc3ZnPg==\" style=\"--smush-placeholder-width: 1080px; --smush-placeholder-aspect-ratio: 1080\/608;\" \/><\/a><\/figure>\n\n\n\n<figure class=\"wp-block-image size-large\"><a href=\"https:\/\/confederaciopenyes.cat\/wp-content\/uploads\/2023\/04\/PB-London-1-2.jpg\"><img decoding=\"async\" width=\"2048\" height=\"1152\" data-id=\"6187\" data-src=\"https:\/\/confederaciopenyes.cat\/wp-content\/uploads\/2023\/04\/PB-London-1-2-edited.jpg\" alt=\"\" class=\"wp-image-6187 lazyload\" data-srcset=\"https:\/\/confederaciopenyes.cat\/wp-content\/uploads\/2023\/04\/PB-London-1-2-edited.jpg 2048w, https:\/\/confederaciopenyes.cat\/wp-content\/uploads\/2023\/04\/PB-London-1-2-edited-300x169.jpg 300w, https:\/\/confederaciopenyes.cat\/wp-content\/uploads\/2023\/04\/PB-London-1-2-edited-1024x576.jpg 1024w, https:\/\/confederaciopenyes.cat\/wp-content\/uploads\/2023\/04\/PB-London-1-2-edited-768x432.jpg 768w, https:\/\/confederaciopenyes.cat\/wp-content\/uploads\/2023\/04\/PB-London-1-2-edited-1536x864.jpg 1536w\" data-sizes=\"(max-width: 2048px) 100vw, 2048px\" src=\"data:image\/svg+xml;base64,PHN2ZyB3aWR0aD0iMSIgaGVpZ2h0PSIxIiB4bWxucz0iaHR0cDovL3d3dy53My5vcmcvMjAwMC9zdmciPjwvc3ZnPg==\" style=\"--smush-placeholder-width: 2048px; --smush-placeholder-aspect-ratio: 2048\/1152;\" \/><\/a><\/figure>\n\n\n\n<figure class=\"wp-block-image size-large\"><a href=\"https:\/\/confederaciopenyes.cat\/wp-content\/uploads\/2023\/04\/villabalter-sant-jordi-3-edited.jpg\"><img decoding=\"async\" width=\"960\" height=\"540\" data-id=\"6194\" data-src=\"https:\/\/confederaciopenyes.cat\/wp-content\/uploads\/2023\/04\/villabalter-sant-jordi-3-edited.jpg\" alt=\"\" class=\"wp-image-6194 lazyload\" data-srcset=\"https:\/\/confederaciopenyes.cat\/wp-content\/uploads\/2023\/04\/villabalter-sant-jordi-3-edited.jpg 960w, https:\/\/confederaciopenyes.cat\/wp-content\/uploads\/2023\/04\/villabalter-sant-jordi-3-edited-300x169.jpg 300w, https:\/\/confederaciopenyes.cat\/wp-content\/uploads\/2023\/04\/villabalter-sant-jordi-3-edited-768x432.jpg 768w\" data-sizes=\"(max-width: 960px) 100vw, 960px\" src=\"data:image\/svg+xml;base64,PHN2ZyB3aWR0aD0iMSIgaGVpZ2h0PSIxIiB4bWxucz0iaHR0cDovL3d3dy53My5vcmcvMjAwMC9zdmciPjwvc3ZnPg==\" style=\"--smush-placeholder-width: 960px; --smush-placeholder-aspect-ratio: 960\/540;\" \/><\/a><\/figure>\n<\/figure>\n\n\n\n<p><\/p>\n\n\n\n<h6 class=\"wp-block-heading\"><strong>Victory at the Camp Nou<\/strong><\/h6>\n\n\n\n<p>The Diada de Sant Jordi could not have had a better outcome for the penyes, as many of them went to the Camp Nou to see live the <strong>vital victory against Atl\u00e9tico de Madrid.<\/strong> Among others, <strong>PB Soses<\/strong>, <strong>PB Els Tamarells<\/strong>, <strong>PB Baix Camp<\/strong>,<strong> PB Joan Gamper d&#8217;Amposta<\/strong>, <strong>PB Castellbisbal,<\/strong> <strong>PB Vinar\u00f2s<\/strong>,<strong> PB Par\u00eds<\/strong>, <strong>PB Rinc\u00f3n del Bar\u00e7a M\u00e9xico<\/strong>, <strong>PB San Diego<\/strong>, <strong>PB Roma<\/strong>, <strong>PB Lombarda<\/strong> and <strong>PB Gabriel L\u00f3pez Sola St-Juery<\/strong> did not miss it.<\/p>\n\n\n\n<p>Some of them, such as <strong>PB Vinar\u00f2s<\/strong> and <strong>PB Poblenou Salut de Sabadell<\/strong>, also visited the headquarters of the <strong>Confederaci\u00f3 Mundial de Penyes<\/strong>, where they shared the preview of the match. Also present were the federation presidents <strong>Pablo Asensio<\/strong> (Asturias and Cantabria), <strong>Dion\u00eds Crusellas<\/strong> (Osona i Ripolles) and <strong>Ramon Fibla<\/strong> (Terres de l&#8217;Ebre).<\/p>\n\n\n\n<figure class=\"wp-block-gallery has-nested-images columns-default is-cropped wp-block-gallery-3 is-layout-flex wp-block-gallery-is-layout-flex\">\n<figure class=\"wp-block-image size-large\"><a href=\"https:\/\/confederaciopenyes.cat\/wp-content\/uploads\/2023\/04\/IMG_20230424_100818_720-2-edited.jpg\"><img decoding=\"async\" width=\"720\" height=\"720\" data-id=\"6178\" data-src=\"https:\/\/confederaciopenyes.cat\/wp-content\/uploads\/2023\/04\/IMG_20230424_100818_720-2-edited.jpg\" alt=\"\" class=\"wp-image-6178 lazyload\" data-srcset=\"https:\/\/confederaciopenyes.cat\/wp-content\/uploads\/2023\/04\/IMG_20230424_100818_720-2-edited.jpg 720w, https:\/\/confederaciopenyes.cat\/wp-content\/uploads\/2023\/04\/IMG_20230424_100818_720-2-edited-300x300.jpg 300w, https:\/\/confederaciopenyes.cat\/wp-content\/uploads\/2023\/04\/IMG_20230424_100818_720-2-edited-150x150.jpg 150w\" data-sizes=\"(max-width: 720px) 100vw, 720px\" src=\"data:image\/svg+xml;base64,PHN2ZyB3aWR0aD0iMSIgaGVpZ2h0PSIxIiB4bWxucz0iaHR0cDovL3d3dy53My5vcmcvMjAwMC9zdmciPjwvc3ZnPg==\" style=\"--smush-placeholder-width: 720px; --smush-placeholder-aspect-ratio: 720\/720;\" \/><\/a><\/figure>\n\n\n\n<figure class=\"wp-block-image size-large\"><a href=\"https:\/\/confederaciopenyes.cat\/wp-content\/uploads\/2023\/04\/rincon-de-mexico-barca-atletico-2-edited.jpg\"><img decoding=\"async\" width=\"600\" height=\"600\" data-id=\"6179\" data-src=\"https:\/\/confederaciopenyes.cat\/wp-content\/uploads\/2023\/04\/rincon-de-mexico-barca-atletico-2-edited.jpg\" alt=\"\" class=\"wp-image-6179 lazyload\" data-srcset=\"https:\/\/confederaciopenyes.cat\/wp-content\/uploads\/2023\/04\/rincon-de-mexico-barca-atletico-2-edited.jpg 600w, https:\/\/confederaciopenyes.cat\/wp-content\/uploads\/2023\/04\/rincon-de-mexico-barca-atletico-2-edited-300x300.jpg 300w, https:\/\/confederaciopenyes.cat\/wp-content\/uploads\/2023\/04\/rincon-de-mexico-barca-atletico-2-edited-150x150.jpg 150w\" data-sizes=\"(max-width: 600px) 100vw, 600px\" src=\"data:image\/svg+xml;base64,PHN2ZyB3aWR0aD0iMSIgaGVpZ2h0PSIxIiB4bWxucz0iaHR0cDovL3d3dy53My5vcmcvMjAwMC9zdmciPjwvc3ZnPg==\" style=\"--smush-placeholder-width: 600px; --smush-placeholder-aspect-ratio: 600\/600;\" \/><\/a><\/figure>\n\n\n\n<figure class=\"wp-block-image size-large\"><a href=\"https:\/\/confederaciopenyes.cat\/wp-content\/uploads\/2023\/04\/tamarells-barca-atletico-1-edited.jpg\"><img decoding=\"async\" width=\"1197\" height=\"1197\" data-id=\"6180\" data-src=\"https:\/\/confederaciopenyes.cat\/wp-content\/uploads\/2023\/04\/tamarells-barca-atletico-1-edited.jpg\" alt=\"\" class=\"wp-image-6180 lazyload\" data-srcset=\"https:\/\/confederaciopenyes.cat\/wp-content\/uploads\/2023\/04\/tamarells-barca-atletico-1-edited.jpg 1197w, https:\/\/confederaciopenyes.cat\/wp-content\/uploads\/2023\/04\/tamarells-barca-atletico-1-edited-300x300.jpg 300w, https:\/\/confederaciopenyes.cat\/wp-content\/uploads\/2023\/04\/tamarells-barca-atletico-1-edited-1024x1024.jpg 1024w, https:\/\/confederaciopenyes.cat\/wp-content\/uploads\/2023\/04\/tamarells-barca-atletico-1-edited-150x150.jpg 150w, https:\/\/confederaciopenyes.cat\/wp-content\/uploads\/2023\/04\/tamarells-barca-atletico-1-edited-768x768.jpg 768w\" data-sizes=\"(max-width: 1197px) 100vw, 1197px\" src=\"data:image\/svg+xml;base64,PHN2ZyB3aWR0aD0iMSIgaGVpZ2h0PSIxIiB4bWxucz0iaHR0cDovL3d3dy53My5vcmcvMjAwMC9zdmciPjwvc3ZnPg==\" style=\"--smush-placeholder-width: 1197px; --smush-placeholder-aspect-ratio: 1197\/1197;\" \/><\/a><\/figure>\n\n\n\n<figure class=\"wp-block-image size-large\"><a href=\"https:\/\/confederaciopenyes.cat\/wp-content\/uploads\/2023\/04\/IMG-20230423-WA0002-2.jpg\"><img decoding=\"async\" width=\"960\" height=\"540\" data-id=\"6184\" data-src=\"https:\/\/confederaciopenyes.cat\/wp-content\/uploads\/2023\/04\/IMG-20230423-WA0002-2-edited.jpg\" alt=\"\" class=\"wp-image-6184 lazyload\" data-srcset=\"https:\/\/confederaciopenyes.cat\/wp-content\/uploads\/2023\/04\/IMG-20230423-WA0002-2-edited.jpg 960w, https:\/\/confederaciopenyes.cat\/wp-content\/uploads\/2023\/04\/IMG-20230423-WA0002-2-edited-300x169.jpg 300w, https:\/\/confederaciopenyes.cat\/wp-content\/uploads\/2023\/04\/IMG-20230423-WA0002-2-edited-768x432.jpg 768w\" data-sizes=\"(max-width: 960px) 100vw, 960px\" src=\"data:image\/svg+xml;base64,PHN2ZyB3aWR0aD0iMSIgaGVpZ2h0PSIxIiB4bWxucz0iaHR0cDovL3d3dy53My5vcmcvMjAwMC9zdmciPjwvc3ZnPg==\" style=\"--smush-placeholder-width: 960px; --smush-placeholder-aspect-ratio: 960\/540;\" \/><\/a><\/figure>\n\n\n\n<figure class=\"wp-block-image size-large\"><a href=\"https:\/\/confederaciopenyes.cat\/wp-content\/uploads\/2023\/04\/IMG-20230423-WA0001-2.jpg\"><img decoding=\"async\" width=\"1600\" height=\"900\" data-id=\"6185\" data-src=\"https:\/\/confederaciopenyes.cat\/wp-content\/uploads\/2023\/04\/IMG-20230423-WA0001-2-edited.jpg\" alt=\"\" class=\"wp-image-6185 lazyload\" data-srcset=\"https:\/\/confederaciopenyes.cat\/wp-content\/uploads\/2023\/04\/IMG-20230423-WA0001-2-edited.jpg 1600w, https:\/\/confederaciopenyes.cat\/wp-content\/uploads\/2023\/04\/IMG-20230423-WA0001-2-edited-300x169.jpg 300w, https:\/\/confederaciopenyes.cat\/wp-content\/uploads\/2023\/04\/IMG-20230423-WA0001-2-edited-1024x576.jpg 1024w, https:\/\/confederaciopenyes.cat\/wp-content\/uploads\/2023\/04\/IMG-20230423-WA0001-2-edited-768x432.jpg 768w, https:\/\/confederaciopenyes.cat\/wp-content\/uploads\/2023\/04\/IMG-20230423-WA0001-2-edited-1536x864.jpg 1536w\" data-sizes=\"(max-width: 1600px) 100vw, 1600px\" src=\"data:image\/svg+xml;base64,PHN2ZyB3aWR0aD0iMSIgaGVpZ2h0PSIxIiB4bWxucz0iaHR0cDovL3d3dy53My5vcmcvMjAwMC9zdmciPjwvc3ZnPg==\" style=\"--smush-placeholder-width: 1600px; --smush-placeholder-aspect-ratio: 1600\/900;\" \/><\/a><\/figure>\n<\/figure>\n","protected":false},"excerpt":{"rendered":"<p>One more year, the supporters\u2019 clubs\u2019 movement participated actively in the Diada de Sant Jordi, and did so, as always, combining the cul\u00e9 feeling with the traditions of this special day. In many places, the penyes took to the streets with their own stands full of roses and books, always with blue colour complementing the &#8230; <a title=\"The penyes enjoyed an all-blaugrana Sant Jordi Day\" class=\"read-more\" href=\"https:\/\/confederaciopenyes.cat\/en\/sant-jordi-all-blaugrana-penyes\/\" aria-label=\"Read more about The penyes enjoyed an all-blaugrana Sant Jordi Day\">Read more<\/a><\/p>\n","protected":false},"author":4,"featured_media":6108,"comment_status":"closed","ping_status":"open","sticky":false,"template":"","format":"standard","meta":{"_acf_changed":false,"footnotes":""},"categories":[78],"tags":[356,552,122,1272,1274,1276,1278,1270,1221,1280,1282,1284,1286,1288,1290,1292,1294,1296,110,1298],"class_list":["post-6162","post","type-post","status-publish","format-standard","has-post-thumbnail","hentry","category-news-en","tag-confederacio-mundial-de-penyes-en","tag-federacio-terres-de-lebre","tag-news","tag-pb-almogavers-emporda-en","tag-pb-baix-camp-en","tag-pb-castellbisbal-en","tag-pb-els-tamarells-en","tag-pb-gabriel-lopez-st-juery","tag-pb-joan-gamper-damposta","tag-pb-mataro-en","tag-pb-olesa-de-montserrat-en","tag-pb-paris-en","tag-pb-rincon-del-barca-mexico-en","tag-pb-san-diego-en","tag-pb-sant-andreu-de-la-barca-en","tag-pb-sitges-en","tag-pb-soses-en","tag-pb-vinaros-en","tag-penyes","tag-sant-jordi-en"],"acf":[],"yoast_head":"<!-- This site is optimized with the Yoast SEO Premium plugin v27.5 (Yoast SEO v27.5) - https:\/\/yoast.com\/product\/yoast-seo-premium-wordpress\/ -->\n<title>An all-blaugrana Sant Jordi for the penyes - Conf. Mund. Penyes<\/title>\n<meta name=\"description\" content=\"The all-blaugrana Sant Jordi combined books, roses, signings and literary contests of the penyes, with the climax at the Camp Nou.\" \/>\n<meta name=\"robots\" content=\"index, follow, max-snippet:-1, max-image-preview:large, max-video-preview:-1\" \/>\n<link rel=\"canonical\" href=\"https:\/\/confederaciopenyes.cat\/en\/sant-jordi-all-blaugrana-penyes\/\" \/>\n<meta property=\"og:locale\" content=\"en_US\" \/>\n<meta property=\"og:type\" content=\"article\" \/>\n<meta property=\"og:title\" content=\"The penyes enjoyed an all-blaugrana Sant Jordi Day\" \/>\n<meta property=\"og:description\" content=\"The all-blaugrana Sant Jordi combined books, roses, signings and literary contests of the penyes, with the climax at the Camp Nou.\" \/>\n<meta property=\"og:url\" content=\"https:\/\/confederaciopenyes.cat\/en\/sant-jordi-all-blaugrana-penyes\/\" \/>\n<meta property=\"og:site_name\" content=\"Confederaci\u00f3 Mundial de Penyes del FC Barcelona\" \/>\n<meta property=\"article:publisher\" content=\"https:\/\/www.facebook.com\/ConfederacioMundialPenyesFCB\" \/>\n<meta property=\"article:published_time\" content=\"2023-04-25T09:46:15+00:00\" \/>\n<meta property=\"article:modified_time\" content=\"2023-04-26T07:45:07+00:00\" \/>\n<meta property=\"og:image\" content=\"https:\/\/confederaciopenyes.cat\/wp-content\/uploads\/2023\/04\/Almogavers-Emporda-1.jpg\" \/>\n\t<meta property=\"og:image:width\" content=\"1080\" \/>\n\t<meta property=\"og:image:height\" content=\"656\" \/>\n\t<meta property=\"og:image:type\" content=\"image\/jpeg\" \/>\n<meta name=\"author\" content=\"Confederaci\u00f3 Mundial de Penyes del FC Barcelona\" \/>\n<meta name=\"twitter:card\" content=\"summary_large_image\" \/>\n<meta name=\"twitter:creator\" content=\"@ConfePenyesFCB\" \/>\n<meta name=\"twitter:site\" content=\"@ConfePenyesFCB\" \/>\n<meta name=\"twitter:label1\" content=\"Written by\" \/>\n\t<meta name=\"twitter:data1\" content=\"Confederaci\u00f3 Mundial de Penyes del FC Barcelona\" \/>\n\t<meta name=\"twitter:label2\" content=\"Est. reading time\" \/>\n\t<meta name=\"twitter:data2\" content=\"5 minutes\" \/>\n<script type=\"application\/ld+json\" class=\"yoast-schema-graph\">{\"@context\":\"https:\\\/\\\/schema.org\",\"@graph\":[{\"@type\":\"Article\",\"@id\":\"https:\\\/\\\/confederaciopenyes.cat\\\/en\\\/sant-jordi-all-blaugrana-penyes\\\/#article\",\"isPartOf\":{\"@id\":\"https:\\\/\\\/confederaciopenyes.cat\\\/en\\\/sant-jordi-all-blaugrana-penyes\\\/\"},\"author\":{\"name\":\"Confederaci\u00f3 Mundial de Penyes del FC Barcelona\",\"@id\":\"https:\\\/\\\/confederaciopenyes.cat\\\/en\\\/#\\\/schema\\\/person\\\/337072f6daef87a85aa59aa1f134387c\"},\"headline\":\"The penyes enjoyed an all-blaugrana Sant Jordi Day\",\"datePublished\":\"2023-04-25T09:46:15+00:00\",\"dateModified\":\"2023-04-26T07:45:07+00:00\",\"mainEntityOfPage\":{\"@id\":\"https:\\\/\\\/confederaciopenyes.cat\\\/en\\\/sant-jordi-all-blaugrana-penyes\\\/\"},\"wordCount\":485,\"publisher\":{\"@id\":\"https:\\\/\\\/confederaciopenyes.cat\\\/en\\\/#organization\"},\"image\":{\"@id\":\"https:\\\/\\\/confederaciopenyes.cat\\\/en\\\/sant-jordi-all-blaugrana-penyes\\\/#primaryimage\"},\"thumbnailUrl\":\"https:\\\/\\\/confederaciopenyes.cat\\\/wp-content\\\/uploads\\\/2023\\\/04\\\/Almogavers-Emporda-1.jpg\",\"keywords\":[\"confederaci\u00f3 mundial de penyes\",\"federaci\u00f3 terres de l&#039;ebre\",\"news\",\"pb almog\u00e0vers empord\u00e0\",\"PB Baix Camp\",\"PB Castellbisbal\",\"PB Els Tamarells\",\"pb gabriel l\u00f3pez st-juery\",\"PB Joan Gamper d&#039;Amposta\",\"PB Matar\u00f3\",\"PB Olesa de Montserrat\",\"PB Par\u00eds\",\"PB Rinc\u00f3n del Bar\u00e7a M\u00e9xico\",\"PB San Diego\",\"PB Sant Andreu de la Barca\",\"PB Sitges\",\"PB Soses\",\"PB Vinar\u00f2s\",\"penyes\",\"sant jordi\"],\"articleSection\":[\"News\"],\"inLanguage\":\"en-US\"},{\"@type\":\"WebPage\",\"@id\":\"https:\\\/\\\/confederaciopenyes.cat\\\/en\\\/sant-jordi-all-blaugrana-penyes\\\/\",\"url\":\"https:\\\/\\\/confederaciopenyes.cat\\\/en\\\/sant-jordi-all-blaugrana-penyes\\\/\",\"name\":\"An all-blaugrana Sant Jordi for the penyes - Conf. Mund. Penyes\",\"isPartOf\":{\"@id\":\"https:\\\/\\\/confederaciopenyes.cat\\\/en\\\/#website\"},\"primaryImageOfPage\":{\"@id\":\"https:\\\/\\\/confederaciopenyes.cat\\\/en\\\/sant-jordi-all-blaugrana-penyes\\\/#primaryimage\"},\"image\":{\"@id\":\"https:\\\/\\\/confederaciopenyes.cat\\\/en\\\/sant-jordi-all-blaugrana-penyes\\\/#primaryimage\"},\"thumbnailUrl\":\"https:\\\/\\\/confederaciopenyes.cat\\\/wp-content\\\/uploads\\\/2023\\\/04\\\/Almogavers-Emporda-1.jpg\",\"datePublished\":\"2023-04-25T09:46:15+00:00\",\"dateModified\":\"2023-04-26T07:45:07+00:00\",\"description\":\"The all-blaugrana Sant Jordi combined books, roses, signings and literary contests of the penyes, with the climax at the Camp Nou.\",\"breadcrumb\":{\"@id\":\"https:\\\/\\\/confederaciopenyes.cat\\\/en\\\/sant-jordi-all-blaugrana-penyes\\\/#breadcrumb\"},\"inLanguage\":\"en-US\",\"potentialAction\":[{\"@type\":\"ReadAction\",\"target\":[\"https:\\\/\\\/confederaciopenyes.cat\\\/en\\\/sant-jordi-all-blaugrana-penyes\\\/\"]}]},{\"@type\":\"ImageObject\",\"inLanguage\":\"en-US\",\"@id\":\"https:\\\/\\\/confederaciopenyes.cat\\\/en\\\/sant-jordi-all-blaugrana-penyes\\\/#primaryimage\",\"url\":\"https:\\\/\\\/confederaciopenyes.cat\\\/wp-content\\\/uploads\\\/2023\\\/04\\\/Almogavers-Emporda-1.jpg\",\"contentUrl\":\"https:\\\/\\\/confederaciopenyes.cat\\\/wp-content\\\/uploads\\\/2023\\\/04\\\/Almogavers-Emporda-1.jpg\",\"width\":1080,\"height\":656},{\"@type\":\"BreadcrumbList\",\"@id\":\"https:\\\/\\\/confederaciopenyes.cat\\\/en\\\/sant-jordi-all-blaugrana-penyes\\\/#breadcrumb\",\"itemListElement\":[{\"@type\":\"ListItem\",\"position\":1,\"name\":\"Inici\",\"item\":\"https:\\\/\\\/confederaciopenyes.cat\\\/en\\\/\"},{\"@type\":\"ListItem\",\"position\":2,\"name\":\"The penyes enjoyed an all-blaugrana Sant Jordi Day\"}]},{\"@type\":\"WebSite\",\"@id\":\"https:\\\/\\\/confederaciopenyes.cat\\\/en\\\/#website\",\"url\":\"https:\\\/\\\/confederaciopenyes.cat\\\/en\\\/\",\"name\":\"Confederaci\u00f3 Mundial de Penyes del FC Barcelona\",\"description\":\"C.M. Penyes FC Barcelona\",\"publisher\":{\"@id\":\"https:\\\/\\\/confederaciopenyes.cat\\\/en\\\/#organization\"},\"potentialAction\":[{\"@type\":\"SearchAction\",\"target\":{\"@type\":\"EntryPoint\",\"urlTemplate\":\"https:\\\/\\\/confederaciopenyes.cat\\\/en\\\/?s={search_term_string}\"},\"query-input\":{\"@type\":\"PropertyValueSpecification\",\"valueRequired\":true,\"valueName\":\"search_term_string\"}}],\"inLanguage\":\"en-US\"},{\"@type\":\"Organization\",\"@id\":\"https:\\\/\\\/confederaciopenyes.cat\\\/en\\\/#organization\",\"name\":\"Confederaci\u00f3 Mundial de Penyes del FC Barcelona\",\"url\":\"https:\\\/\\\/confederaciopenyes.cat\\\/en\\\/\",\"logo\":{\"@type\":\"ImageObject\",\"inLanguage\":\"en-US\",\"@id\":\"https:\\\/\\\/confederaciopenyes.cat\\\/en\\\/#\\\/schema\\\/logo\\\/image\\\/\",\"url\":\"https:\\\/\\\/confederaciopenyes.cat\\\/wp-content\\\/uploads\\\/2022\\\/07\\\/cropped-logo_horizontal.png\",\"contentUrl\":\"https:\\\/\\\/confederaciopenyes.cat\\\/wp-content\\\/uploads\\\/2022\\\/07\\\/cropped-logo_horizontal.png\",\"width\":1320,\"height\":309,\"caption\":\"Confederaci\u00f3 Mundial de Penyes del FC Barcelona\"},\"image\":{\"@id\":\"https:\\\/\\\/confederaciopenyes.cat\\\/en\\\/#\\\/schema\\\/logo\\\/image\\\/\"},\"sameAs\":[\"https:\\\/\\\/www.facebook.com\\\/ConfederacioMundialPenyesFCB\",\"https:\\\/\\\/x.com\\\/ConfePenyesFCB\",\"https:\\\/\\\/www.instagram.com\\\/confepenyesfcb\\\/\"]},{\"@type\":\"Person\",\"@id\":\"https:\\\/\\\/confederaciopenyes.cat\\\/en\\\/#\\\/schema\\\/person\\\/337072f6daef87a85aa59aa1f134387c\",\"name\":\"Confederaci\u00f3 Mundial de Penyes del FC Barcelona\",\"image\":{\"@type\":\"ImageObject\",\"inLanguage\":\"en-US\",\"@id\":\"https:\\\/\\\/secure.gravatar.com\\\/avatar\\\/98c60c7405ff843b10aec55db652bd3f5cb4320ef331ae76c156819a62194328?s=96&d=mm&r=g\",\"url\":\"https:\\\/\\\/secure.gravatar.com\\\/avatar\\\/98c60c7405ff843b10aec55db652bd3f5cb4320ef331ae76c156819a62194328?s=96&d=mm&r=g\",\"contentUrl\":\"https:\\\/\\\/secure.gravatar.com\\\/avatar\\\/98c60c7405ff843b10aec55db652bd3f5cb4320ef331ae76c156819a62194328?s=96&d=mm&r=g\",\"caption\":\"Confederaci\u00f3 Mundial de Penyes del FC Barcelona\"},\"url\":\"https:\\\/\\\/confederaciopenyes.cat\\\/en\\\/author\\\/comunicacioconfederaciopenyes-cat\\\/\"}]}<\/script>\n<!-- \/ Yoast SEO Premium plugin. -->","yoast_head_json":{"title":"An all-blaugrana Sant Jordi for the penyes - Conf. Mund. Penyes","description":"The all-blaugrana Sant Jordi combined books, roses, signings and literary contests of the penyes, with the climax at the Camp Nou.","robots":{"index":"index","follow":"follow","max-snippet":"max-snippet:-1","max-image-preview":"max-image-preview:large","max-video-preview":"max-video-preview:-1"},"canonical":"https:\/\/confederaciopenyes.cat\/en\/sant-jordi-all-blaugrana-penyes\/","og_locale":"en_US","og_type":"article","og_title":"The penyes enjoyed an all-blaugrana Sant Jordi Day","og_description":"The all-blaugrana Sant Jordi combined books, roses, signings and literary contests of the penyes, with the climax at the Camp Nou.","og_url":"https:\/\/confederaciopenyes.cat\/en\/sant-jordi-all-blaugrana-penyes\/","og_site_name":"Confederaci\u00f3 Mundial de Penyes del FC Barcelona","article_publisher":"https:\/\/www.facebook.com\/ConfederacioMundialPenyesFCB","article_published_time":"2023-04-25T09:46:15+00:00","article_modified_time":"2023-04-26T07:45:07+00:00","og_image":[{"width":1080,"height":656,"url":"https:\/\/confederaciopenyes.cat\/wp-content\/uploads\/2023\/04\/Almogavers-Emporda-1.jpg","type":"image\/jpeg"}],"author":"Confederaci\u00f3 Mundial de Penyes del FC Barcelona","twitter_card":"summary_large_image","twitter_creator":"@ConfePenyesFCB","twitter_site":"@ConfePenyesFCB","twitter_misc":{"Written by":"Confederaci\u00f3 Mundial de Penyes del FC Barcelona","Est. reading time":"5 minutes"},"schema":{"@context":"https:\/\/schema.org","@graph":[{"@type":"Article","@id":"https:\/\/confederaciopenyes.cat\/en\/sant-jordi-all-blaugrana-penyes\/#article","isPartOf":{"@id":"https:\/\/confederaciopenyes.cat\/en\/sant-jordi-all-blaugrana-penyes\/"},"author":{"name":"Confederaci\u00f3 Mundial de Penyes del FC Barcelona","@id":"https:\/\/confederaciopenyes.cat\/en\/#\/schema\/person\/337072f6daef87a85aa59aa1f134387c"},"headline":"The penyes enjoyed an all-blaugrana Sant Jordi Day","datePublished":"2023-04-25T09:46:15+00:00","dateModified":"2023-04-26T07:45:07+00:00","mainEntityOfPage":{"@id":"https:\/\/confederaciopenyes.cat\/en\/sant-jordi-all-blaugrana-penyes\/"},"wordCount":485,"publisher":{"@id":"https:\/\/confederaciopenyes.cat\/en\/#organization"},"image":{"@id":"https:\/\/confederaciopenyes.cat\/en\/sant-jordi-all-blaugrana-penyes\/#primaryimage"},"thumbnailUrl":"https:\/\/confederaciopenyes.cat\/wp-content\/uploads\/2023\/04\/Almogavers-Emporda-1.jpg","keywords":["confederaci\u00f3 mundial de penyes","federaci\u00f3 terres de l&#039;ebre","news","pb almog\u00e0vers empord\u00e0","PB Baix Camp","PB Castellbisbal","PB Els Tamarells","pb gabriel l\u00f3pez st-juery","PB Joan Gamper d&#039;Amposta","PB Matar\u00f3","PB Olesa de Montserrat","PB Par\u00eds","PB Rinc\u00f3n del Bar\u00e7a M\u00e9xico","PB San Diego","PB Sant Andreu de la Barca","PB Sitges","PB Soses","PB Vinar\u00f2s","penyes","sant jordi"],"articleSection":["News"],"inLanguage":"en-US"},{"@type":"WebPage","@id":"https:\/\/confederaciopenyes.cat\/en\/sant-jordi-all-blaugrana-penyes\/","url":"https:\/\/confederaciopenyes.cat\/en\/sant-jordi-all-blaugrana-penyes\/","name":"An all-blaugrana Sant Jordi for the penyes - Conf. Mund. Penyes","isPartOf":{"@id":"https:\/\/confederaciopenyes.cat\/en\/#website"},"primaryImageOfPage":{"@id":"https:\/\/confederaciopenyes.cat\/en\/sant-jordi-all-blaugrana-penyes\/#primaryimage"},"image":{"@id":"https:\/\/confederaciopenyes.cat\/en\/sant-jordi-all-blaugrana-penyes\/#primaryimage"},"thumbnailUrl":"https:\/\/confederaciopenyes.cat\/wp-content\/uploads\/2023\/04\/Almogavers-Emporda-1.jpg","datePublished":"2023-04-25T09:46:15+00:00","dateModified":"2023-04-26T07:45:07+00:00","description":"The all-blaugrana Sant Jordi combined books, roses, signings and literary contests of the penyes, with the climax at the Camp Nou.","breadcrumb":{"@id":"https:\/\/confederaciopenyes.cat\/en\/sant-jordi-all-blaugrana-penyes\/#breadcrumb"},"inLanguage":"en-US","potentialAction":[{"@type":"ReadAction","target":["https:\/\/confederaciopenyes.cat\/en\/sant-jordi-all-blaugrana-penyes\/"]}]},{"@type":"ImageObject","inLanguage":"en-US","@id":"https:\/\/confederaciopenyes.cat\/en\/sant-jordi-all-blaugrana-penyes\/#primaryimage","url":"https:\/\/confederaciopenyes.cat\/wp-content\/uploads\/2023\/04\/Almogavers-Emporda-1.jpg","contentUrl":"https:\/\/confederaciopenyes.cat\/wp-content\/uploads\/2023\/04\/Almogavers-Emporda-1.jpg","width":1080,"height":656},{"@type":"BreadcrumbList","@id":"https:\/\/confederaciopenyes.cat\/en\/sant-jordi-all-blaugrana-penyes\/#breadcrumb","itemListElement":[{"@type":"ListItem","position":1,"name":"Inici","item":"https:\/\/confederaciopenyes.cat\/en\/"},{"@type":"ListItem","position":2,"name":"The penyes enjoyed an all-blaugrana Sant Jordi Day"}]},{"@type":"WebSite","@id":"https:\/\/confederaciopenyes.cat\/en\/#website","url":"https:\/\/confederaciopenyes.cat\/en\/","name":"Confederaci\u00f3 Mundial de Penyes del FC Barcelona","description":"C.M. Penyes FC Barcelona","publisher":{"@id":"https:\/\/confederaciopenyes.cat\/en\/#organization"},"potentialAction":[{"@type":"SearchAction","target":{"@type":"EntryPoint","urlTemplate":"https:\/\/confederaciopenyes.cat\/en\/?s={search_term_string}"},"query-input":{"@type":"PropertyValueSpecification","valueRequired":true,"valueName":"search_term_string"}}],"inLanguage":"en-US"},{"@type":"Organization","@id":"https:\/\/confederaciopenyes.cat\/en\/#organization","name":"Confederaci\u00f3 Mundial de Penyes del FC Barcelona","url":"https:\/\/confederaciopenyes.cat\/en\/","logo":{"@type":"ImageObject","inLanguage":"en-US","@id":"https:\/\/confederaciopenyes.cat\/en\/#\/schema\/logo\/image\/","url":"https:\/\/confederaciopenyes.cat\/wp-content\/uploads\/2022\/07\/cropped-logo_horizontal.png","contentUrl":"https:\/\/confederaciopenyes.cat\/wp-content\/uploads\/2022\/07\/cropped-logo_horizontal.png","width":1320,"height":309,"caption":"Confederaci\u00f3 Mundial de Penyes del FC Barcelona"},"image":{"@id":"https:\/\/confederaciopenyes.cat\/en\/#\/schema\/logo\/image\/"},"sameAs":["https:\/\/www.facebook.com\/ConfederacioMundialPenyesFCB","https:\/\/x.com\/ConfePenyesFCB","https:\/\/www.instagram.com\/confepenyesfcb\/"]},{"@type":"Person","@id":"https:\/\/confederaciopenyes.cat\/en\/#\/schema\/person\/337072f6daef87a85aa59aa1f134387c","name":"Confederaci\u00f3 Mundial de Penyes del FC Barcelona","image":{"@type":"ImageObject","inLanguage":"en-US","@id":"https:\/\/secure.gravatar.com\/avatar\/98c60c7405ff843b10aec55db652bd3f5cb4320ef331ae76c156819a62194328?s=96&d=mm&r=g","url":"https:\/\/secure.gravatar.com\/avatar\/98c60c7405ff843b10aec55db652bd3f5cb4320ef331ae76c156819a62194328?s=96&d=mm&r=g","contentUrl":"https:\/\/secure.gravatar.com\/avatar\/98c60c7405ff843b10aec55db652bd3f5cb4320ef331ae76c156819a62194328?s=96&d=mm&r=g","caption":"Confederaci\u00f3 Mundial de Penyes del FC Barcelona"},"url":"https:\/\/confederaciopenyes.cat\/en\/author\/comunicacioconfederaciopenyes-cat\/"}]}},"_links":{"self":[{"href":"https:\/\/confederaciopenyes.cat\/en\/wp-json\/wp\/v2\/posts\/6162","targetHints":{"allow":["GET"]}}],"collection":[{"href":"https:\/\/confederaciopenyes.cat\/en\/wp-json\/wp\/v2\/posts"}],"about":[{"href":"https:\/\/confederaciopenyes.cat\/en\/wp-json\/wp\/v2\/types\/post"}],"author":[{"embeddable":true,"href":"https:\/\/confederaciopenyes.cat\/en\/wp-json\/wp\/v2\/users\/4"}],"replies":[{"embeddable":true,"href":"https:\/\/confederaciopenyes.cat\/en\/wp-json\/wp\/v2\/comments?post=6162"}],"version-history":[{"count":7,"href":"https:\/\/confederaciopenyes.cat\/en\/wp-json\/wp\/v2\/posts\/6162\/revisions"}],"predecessor-version":[{"id":6196,"href":"https:\/\/confederaciopenyes.cat\/en\/wp-json\/wp\/v2\/posts\/6162\/revisions\/6196"}],"wp:featuredmedia":[{"embeddable":true,"href":"https:\/\/confederaciopenyes.cat\/en\/wp-json\/wp\/v2\/media\/6108"}],"wp:attachment":[{"href":"https:\/\/confederaciopenyes.cat\/en\/wp-json\/wp\/v2\/media?parent=6162"}],"wp:term":[{"taxonomy":"category","embeddable":true,"href":"https:\/\/confederaciopenyes.cat\/en\/wp-json\/wp\/v2\/categories?post=6162"},{"taxonomy":"post_tag","embeddable":true,"href":"https:\/\/confederaciopenyes.cat\/en\/wp-json\/wp\/v2\/tags?post=6162"}],"curies":[{"name":"wp","href":"https:\/\/api.w.org\/{rel}","templated":true}]}}