{"id":21140,"date":"2024-04-09T12:45:51","date_gmt":"2024-04-09T10:45:51","guid":{"rendered":"https:\/\/confederaciopenyes.cat\/los-aniversarios-protagonizan-el-fin-de-semana-de-las-penas\/"},"modified":"2024-04-09T12:58:53","modified_gmt":"2024-04-09T10:58:53","slug":"aniversarios-penas-protagonizan-fin-semana","status":"publish","type":"post","link":"https:\/\/confederaciopenyes.cat\/es\/aniversarios-penas-protagonizan-fin-semana\/","title":{"rendered":"Los aniversarios protagonizan el fin de semana de las pe\u00f1as"},"content":{"rendered":"\n<p>Coincidiendo con el par\u00f3n del calendario de La Liga, <strong>varias pe\u00f1as barcelonistas escogieron el pasado fin de semana para llevar a cabo la celebraci\u00f3n de sus respectivos aniversarios.<\/strong><\/p>\n\n<p>Una de las que se visti\u00f3 de gala fue la <strong><a href=\"https:\/\/www.instagram.com\/pbcervello\/\">Penya Blaugrana de Cervell\u00f3<\/a><\/strong> (Fed. Baix Llobregat), que por fin pudo conmemorar sus <strong>25 a\u00f1os<\/strong> tras tener que posponerlo en 2020 por la pandemia. La jornada, en la que <strong>colabor\u00f3 la Confederaci\u00f3 Mundial de Penyes<\/strong>, empez\u00f3 por la tarde con la <strong>presentaci\u00f3n del libro \u201cLa hist\u00f2ria d\u2019un somni\u201d, de Xavier Depares<\/strong>, que repasa el cuarto de siglo de la PB Cervell\u00f3. A continuaci\u00f3n, la fiesta de celebraci\u00f3n reuni\u00f3 a m\u00e1s de 120 personas, con la presencia de <strong>Vicen\u00e7 Notari<\/strong>, presidente de la PB Cervell\u00f3 y de la Federaci\u00f3 Baix Llobregat; <strong>Jordi Pueyo<\/strong>miembro de la Comisi\u00f3n Social del Bar\u00e7a; <strong>Pere Valent\u00ed Mora<\/strong>miembro de la Agrupaci\u00f3 Bar\u00e7a Jugadors; y el exrepresentante <strong>Josep Maria Minguella<\/strong>. Todos ellos participaron en un debate de actualidad.<\/p>\n\n<figure class=\"wp-block-gallery has-nested-images columns-default is-cropped wp-block-gallery-1 is-layout-flex wp-block-gallery-is-layout-flex\">\n<figure class=\"wp-block-image size-large is-style-default\"><a href=\"https:\/\/confederaciopenyes.cat\/wp-content\/uploads\/2024\/04\/7R49622_2.jpg\"><img decoding=\"async\" width=\"1024\" height=\"574\" data-id=\"21119\" data-src=\"https:\/\/confederaciopenyes.cat\/wp-content\/uploads\/2024\/04\/7R49622_2-1024x574.jpg\" alt=\"\" class=\"wp-image-21119 lazyload\" data-srcset=\"https:\/\/confederaciopenyes.cat\/wp-content\/uploads\/2024\/04\/7R49622_2-1024x574.jpg 1024w, https:\/\/confederaciopenyes.cat\/wp-content\/uploads\/2024\/04\/7R49622_2-300x168.jpg 300w, https:\/\/confederaciopenyes.cat\/wp-content\/uploads\/2024\/04\/7R49622_2-768x431.jpg 768w, https:\/\/confederaciopenyes.cat\/wp-content\/uploads\/2024\/04\/7R49622_2-1536x862.jpg 1536w, https:\/\/confederaciopenyes.cat\/wp-content\/uploads\/2024\/04\/7R49622_2.jpg 2000w\" data-sizes=\"(max-width: 1024px) 100vw, 1024px\" src=\"data:image\/svg+xml;base64,PHN2ZyB3aWR0aD0iMSIgaGVpZ2h0PSIxIiB4bWxucz0iaHR0cDovL3d3dy53My5vcmcvMjAwMC9zdmciPjwvc3ZnPg==\" style=\"--smush-placeholder-width: 1024px; --smush-placeholder-aspect-ratio: 1024\/574;\" \/><\/a><\/figure>\n\n\n\n<figure class=\"wp-block-image size-large is-style-default\"><a href=\"https:\/\/confederaciopenyes.cat\/wp-content\/uploads\/2024\/04\/7R49663_2-scaled.jpeg\"><img decoding=\"async\" width=\"1024\" height=\"581\" data-id=\"21122\" data-src=\"https:\/\/confederaciopenyes.cat\/wp-content\/uploads\/2024\/04\/7R49663_2-1024x581.jpeg\" alt=\"\" class=\"wp-image-21122 lazyload\" data-srcset=\"https:\/\/confederaciopenyes.cat\/wp-content\/uploads\/2024\/04\/7R49663_2-1024x581.jpeg 1024w, https:\/\/confederaciopenyes.cat\/wp-content\/uploads\/2024\/04\/7R49663_2-300x170.jpeg 300w, https:\/\/confederaciopenyes.cat\/wp-content\/uploads\/2024\/04\/7R49663_2-768x435.jpeg 768w, https:\/\/confederaciopenyes.cat\/wp-content\/uploads\/2024\/04\/7R49663_2-1536x871.jpeg 1536w, https:\/\/confederaciopenyes.cat\/wp-content\/uploads\/2024\/04\/7R49663_2-2048x1161.jpeg 2048w\" data-sizes=\"(max-width: 1024px) 100vw, 1024px\" src=\"data:image\/svg+xml;base64,PHN2ZyB3aWR0aD0iMSIgaGVpZ2h0PSIxIiB4bWxucz0iaHR0cDovL3d3dy53My5vcmcvMjAwMC9zdmciPjwvc3ZnPg==\" style=\"--smush-placeholder-width: 1024px; --smush-placeholder-aspect-ratio: 1024\/581;\" \/><\/a><\/figure>\n\n\n\n<figure class=\"wp-block-image size-large is-style-default\"><a href=\"https:\/\/confederaciopenyes.cat\/wp-content\/uploads\/2024\/04\/7R49473-scaled.jpeg\"><img decoding=\"async\" width=\"1024\" height=\"768\" data-id=\"21112\" data-src=\"https:\/\/confederaciopenyes.cat\/wp-content\/uploads\/2024\/04\/7R49473-1024x768.jpeg\" alt=\"\" class=\"wp-image-21112 lazyload\" data-srcset=\"https:\/\/confederaciopenyes.cat\/wp-content\/uploads\/2024\/04\/7R49473-1024x768.jpeg 1024w, https:\/\/confederaciopenyes.cat\/wp-content\/uploads\/2024\/04\/7R49473-300x225.jpeg 300w, https:\/\/confederaciopenyes.cat\/wp-content\/uploads\/2024\/04\/7R49473-768x576.jpeg 768w, https:\/\/confederaciopenyes.cat\/wp-content\/uploads\/2024\/04\/7R49473-1536x1152.jpeg 1536w, https:\/\/confederaciopenyes.cat\/wp-content\/uploads\/2024\/04\/7R49473-2048x1536.jpeg 2048w\" data-sizes=\"(max-width: 1024px) 100vw, 1024px\" src=\"data:image\/svg+xml;base64,PHN2ZyB3aWR0aD0iMSIgaGVpZ2h0PSIxIiB4bWxucz0iaHR0cDovL3d3dy53My5vcmcvMjAwMC9zdmciPjwvc3ZnPg==\" style=\"--smush-placeholder-width: 1024px; --smush-placeholder-aspect-ratio: 1024\/768;\" \/><\/a><\/figure>\n<\/figure>\n\n<p><\/p>\n\n<h6 class=\"wp-block-heading\" id=\"h-dos-aniversaris-a-la-federacio-ponent-nord\"><strong>Dos aniversarios en la Federaci\u00f3 Ponent Nord<\/strong><\/h6>\n\n<p>Tambi\u00e9n vivi\u00f3 un fin de semana muy especial la <strong><a href=\"https:\/\/www.instagram.com\/solsonapenyafcb\/\">Penya Barcelonista Solsona i Comarca<\/a><\/strong> (Fed. Ponent Nord) con motivo de su <strong>40\u00ba aniversario<\/strong>. Con su presidente <strong>Jordi Sendarrubias<\/strong> a la cabeza, la pe\u00f1a vivi\u00f3 dos d\u00edas llenos de actividad. l s\u00e1bado hubo diferentes sorteos entre los presentes en una celebraci\u00f3n, un campeonato de dardos y finalmente la representaci\u00f3n de la primera parte de la conferencia \u2018Bar\u00e7a i Catalunya\u2019, a cargo de <strong>Salva Torres<\/strong> y <strong>Xavier Gamper<\/strong>, con <strong>Aksana Vayevoda<\/strong> en la parte t\u00e9cnica. El domingo tuvo lugar la celebraci\u00f3n de gala, con la presencia de <strong>varias pe\u00f1as catalanas y del exjugador Francisco Mart\u00ednez<\/strong>.<\/p>\n\n<p>Finalmente, la <strong><a href=\"https:\/\/www.instagram.com\/pbisonaiconcadella\/\">Penya Barcelonista Isona i Conca Dell\u00e0<\/a><\/strong> (Fed. Ponent Nord) conmemor\u00f3 su <strong>15\u00ba aniversario<\/strong> organizando <strong>una serie de actividades con sus socios<\/strong>, encabezados por su presidente <strong>Llu\u00eds Isanta<\/strong>. Durante la celebraci\u00f3n hubo <strong>regalos azulgranas para los asistentes<\/strong> y se proyect\u00f3 un <strong>v\u00eddeo de im\u00e1genes recogidas durante estos 15 a\u00f1os<\/strong>.<\/p>\n\n<figure class=\"wp-block-gallery has-nested-images columns-4 is-cropped wp-block-gallery-2 is-layout-flex wp-block-gallery-is-layout-flex\">\n<figure class=\"wp-block-image size-large\"><a href=\"https:\/\/confederaciopenyes.cat\/wp-content\/uploads\/2024\/04\/WhatsApp-Image-2024-04-09-at-08.52.08-6.jpeg\"><img decoding=\"async\" width=\"1024\" height=\"595\" data-id=\"21100\" data-src=\"https:\/\/confederaciopenyes.cat\/wp-content\/uploads\/2024\/04\/WhatsApp-Image-2024-04-09-at-08.52.08-6-1024x595.jpeg\" alt=\"\" class=\"wp-image-21100 lazyload\" data-srcset=\"https:\/\/confederaciopenyes.cat\/wp-content\/uploads\/2024\/04\/WhatsApp-Image-2024-04-09-at-08.52.08-6-1024x595.jpeg 1024w, https:\/\/confederaciopenyes.cat\/wp-content\/uploads\/2024\/04\/WhatsApp-Image-2024-04-09-at-08.52.08-6-300x174.jpeg 300w, https:\/\/confederaciopenyes.cat\/wp-content\/uploads\/2024\/04\/WhatsApp-Image-2024-04-09-at-08.52.08-6-768x446.jpeg 768w, https:\/\/confederaciopenyes.cat\/wp-content\/uploads\/2024\/04\/WhatsApp-Image-2024-04-09-at-08.52.08-6-1536x892.jpeg 1536w, https:\/\/confederaciopenyes.cat\/wp-content\/uploads\/2024\/04\/WhatsApp-Image-2024-04-09-at-08.52.08-6.jpeg 1600w\" data-sizes=\"(max-width: 1024px) 100vw, 1024px\" src=\"data:image\/svg+xml;base64,PHN2ZyB3aWR0aD0iMSIgaGVpZ2h0PSIxIiB4bWxucz0iaHR0cDovL3d3dy53My5vcmcvMjAwMC9zdmciPjwvc3ZnPg==\" style=\"--smush-placeholder-width: 1024px; --smush-placeholder-aspect-ratio: 1024\/595;\" \/><\/a><\/figure>\n\n\n\n<figure class=\"wp-block-image size-large\"><a href=\"https:\/\/confederaciopenyes.cat\/wp-content\/uploads\/2024\/04\/WhatsApp-Image-2024-04-09-at-08.52.07.jpeg\"><img decoding=\"async\" width=\"1024\" height=\"861\" data-id=\"21106\" data-src=\"https:\/\/confederaciopenyes.cat\/wp-content\/uploads\/2024\/04\/WhatsApp-Image-2024-04-09-at-08.52.07-1024x861.jpeg\" alt=\"\" class=\"wp-image-21106 lazyload\" data-srcset=\"https:\/\/confederaciopenyes.cat\/wp-content\/uploads\/2024\/04\/WhatsApp-Image-2024-04-09-at-08.52.07-1024x861.jpeg 1024w, https:\/\/confederaciopenyes.cat\/wp-content\/uploads\/2024\/04\/WhatsApp-Image-2024-04-09-at-08.52.07-300x252.jpeg 300w, https:\/\/confederaciopenyes.cat\/wp-content\/uploads\/2024\/04\/WhatsApp-Image-2024-04-09-at-08.52.07-768x646.jpeg 768w, https:\/\/confederaciopenyes.cat\/wp-content\/uploads\/2024\/04\/WhatsApp-Image-2024-04-09-at-08.52.07-1536x1291.jpeg 1536w, https:\/\/confederaciopenyes.cat\/wp-content\/uploads\/2024\/04\/WhatsApp-Image-2024-04-09-at-08.52.07.jpeg 1599w\" data-sizes=\"(max-width: 1024px) 100vw, 1024px\" src=\"data:image\/svg+xml;base64,PHN2ZyB3aWR0aD0iMSIgaGVpZ2h0PSIxIiB4bWxucz0iaHR0cDovL3d3dy53My5vcmcvMjAwMC9zdmciPjwvc3ZnPg==\" style=\"--smush-placeholder-width: 1024px; --smush-placeholder-aspect-ratio: 1024\/861;\" \/><\/a><\/figure>\n\n\n\n<figure class=\"wp-block-image size-large\"><a href=\"https:\/\/confederaciopenyes.cat\/wp-content\/uploads\/2024\/04\/WhatsApp-Image-2024-04-09-at-08.52.08-1.jpeg\"><img decoding=\"async\" width=\"1024\" height=\"451\" data-id=\"21101\" data-src=\"https:\/\/confederaciopenyes.cat\/wp-content\/uploads\/2024\/04\/WhatsApp-Image-2024-04-09-at-08.52.08-1-1024x451.jpeg\" alt=\"\" class=\"wp-image-21101 lazyload\" data-srcset=\"https:\/\/confederaciopenyes.cat\/wp-content\/uploads\/2024\/04\/WhatsApp-Image-2024-04-09-at-08.52.08-1-1024x451.jpeg 1024w, https:\/\/confederaciopenyes.cat\/wp-content\/uploads\/2024\/04\/WhatsApp-Image-2024-04-09-at-08.52.08-1-300x132.jpeg 300w, https:\/\/confederaciopenyes.cat\/wp-content\/uploads\/2024\/04\/WhatsApp-Image-2024-04-09-at-08.52.08-1-768x338.jpeg 768w, https:\/\/confederaciopenyes.cat\/wp-content\/uploads\/2024\/04\/WhatsApp-Image-2024-04-09-at-08.52.08-1-1536x676.jpeg 1536w, https:\/\/confederaciopenyes.cat\/wp-content\/uploads\/2024\/04\/WhatsApp-Image-2024-04-09-at-08.52.08-1.jpeg 1544w\" data-sizes=\"(max-width: 1024px) 100vw, 1024px\" src=\"data:image\/svg+xml;base64,PHN2ZyB3aWR0aD0iMSIgaGVpZ2h0PSIxIiB4bWxucz0iaHR0cDovL3d3dy53My5vcmcvMjAwMC9zdmciPjwvc3ZnPg==\" style=\"--smush-placeholder-width: 1024px; --smush-placeholder-aspect-ratio: 1024\/451;\" \/><\/a><\/figure>\n\n\n\n<figure class=\"wp-block-image size-large is-style-default\"><a href=\"https:\/\/confederaciopenyes.cat\/wp-content\/uploads\/2024\/04\/Aniversari-PB-Isona-i-Conca-Della.jpeg\"><img decoding=\"async\" width=\"1024\" height=\"765\" data-id=\"21131\" data-src=\"https:\/\/confederaciopenyes.cat\/wp-content\/uploads\/2024\/04\/Aniversari-PB-Isona-i-Conca-Della-1024x765.jpeg\" alt=\"\" class=\"wp-image-21131 lazyload\" data-srcset=\"https:\/\/confederaciopenyes.cat\/wp-content\/uploads\/2024\/04\/Aniversari-PB-Isona-i-Conca-Della-1024x765.jpeg 1024w, https:\/\/confederaciopenyes.cat\/wp-content\/uploads\/2024\/04\/Aniversari-PB-Isona-i-Conca-Della-300x224.jpeg 300w, https:\/\/confederaciopenyes.cat\/wp-content\/uploads\/2024\/04\/Aniversari-PB-Isona-i-Conca-Della-768x574.jpeg 768w, https:\/\/confederaciopenyes.cat\/wp-content\/uploads\/2024\/04\/Aniversari-PB-Isona-i-Conca-Della.jpeg 1536w\" data-sizes=\"(max-width: 1024px) 100vw, 1024px\" src=\"data:image\/svg+xml;base64,PHN2ZyB3aWR0aD0iMSIgaGVpZ2h0PSIxIiB4bWxucz0iaHR0cDovL3d3dy53My5vcmcvMjAwMC9zdmciPjwvc3ZnPg==\" style=\"--smush-placeholder-width: 1024px; --smush-placeholder-aspect-ratio: 1024\/765;\" \/><\/a><\/figure>\n<\/figure>\n","protected":false},"excerpt":{"rendered":"<p>Coincidiendo con el par\u00f3n del calendario de La Liga, varias pe\u00f1as barcelonistas escogieron el pasado fin de semana para llevar a cabo la celebraci\u00f3n de sus respectivos aniversarios. Una de las que se visti\u00f3 de gala fue la Penya Blaugrana de Cervell\u00f3 (Fed. Baix Llobregat), que por fin pudo conmemorar sus 25 a\u00f1os tras tener &#8230; <a title=\"Los aniversarios protagonizan el fin de semana de las pe\u00f1as\" class=\"read-more\" href=\"https:\/\/confederaciopenyes.cat\/es\/aniversarios-penas-protagonizan-fin-semana\/\" aria-label=\"Leer m\u00e1s sobre Los aniversarios protagonizan el fin de semana de las pe\u00f1as\">Leer m\u00e1s<\/a><\/p>\n","protected":false},"author":4,"featured_media":21111,"comment_status":"closed","ping_status":"open","sticky":false,"template":"","format":"standard","meta":{"_acf_changed":false,"footnotes":""},"categories":[1],"tags":[2556,2703,2704,2554,2705,2706,2707,2555],"class_list":["post-21140","post","type-post","status-publish","format-standard","has-post-thumbnail","hentry","category-noticias-es","tag-confederacio-mundial-de-penyes-es-2","tag-federacio-baix-llobregat-es","tag-federacio-ponent-nord-es-2","tag-noticias-es","tag-pb-cervello-es","tag-pb-isona-i-conca-della-es","tag-pb-solsona-i-comarca-es","tag-penas-es"],"acf":[],"yoast_head":"<!-- This site is optimized with the Yoast SEO Premium plugin v27.5 (Yoast SEO v27.5) - https:\/\/yoast.com\/product\/yoast-seo-premium-wordpress\/ -->\n<title>Fin de semana lleno de cumplea\u00f1os de pe\u00f1as - Conf. M. Penyes<\/title>\n<meta name=\"description\" content=\"El fin de semana ha estado pleno de aniversarios de pe\u00f1as: 25\u00ba de PB Cervell\u00f3, 40\u00ba de PB Solsona y Comarca y 15\u00ba de PB Isona i Conca Dell\u00e0.\" \/>\n<meta name=\"robots\" content=\"index, follow, max-snippet:-1, max-image-preview:large, max-video-preview:-1\" \/>\n<link rel=\"canonical\" href=\"https:\/\/confederaciopenyes.cat\/es\/aniversarios-penas-protagonizan-fin-semana\/\" \/>\n<meta property=\"og:locale\" content=\"es_ES\" \/>\n<meta property=\"og:type\" content=\"article\" \/>\n<meta property=\"og:title\" content=\"Los aniversarios protagonizan el fin de semana de las pe\u00f1as\" \/>\n<meta property=\"og:description\" content=\"El fin de semana ha estado pleno de aniversarios de pe\u00f1as: 25\u00ba de PB Cervell\u00f3, 40\u00ba de PB Solsona y Comarca y 15\u00ba de PB Isona i Conca Dell\u00e0.\" \/>\n<meta property=\"og:url\" content=\"https:\/\/confederaciopenyes.cat\/es\/aniversarios-penas-protagonizan-fin-semana\/\" \/>\n<meta property=\"og:site_name\" content=\"Confederaci\u00f3 Mundial de Penyes del FC Barcelona\" \/>\n<meta property=\"article:publisher\" content=\"https:\/\/www.facebook.com\/ConfederacioMundialPenyesFCB\" \/>\n<meta property=\"article:published_time\" content=\"2024-04-09T10:45:51+00:00\" \/>\n<meta property=\"article:modified_time\" content=\"2024-04-09T10:58:53+00:00\" \/>\n<meta property=\"og:image\" content=\"https:\/\/confederaciopenyes.cat\/wp-content\/uploads\/2024\/04\/Aniversari-PB-Cervello-scaled.jpg\" \/>\n\t<meta property=\"og:image:width\" content=\"2560\" \/>\n\t<meta property=\"og:image:height\" content=\"1608\" \/>\n\t<meta property=\"og:image:type\" content=\"image\/jpeg\" \/>\n<meta name=\"author\" content=\"Confederaci\u00f3 Mundial de Penyes del FC Barcelona\" \/>\n<meta name=\"twitter:card\" content=\"summary_large_image\" \/>\n<meta name=\"twitter:creator\" content=\"@ConfePenyesFCB\" \/>\n<meta name=\"twitter:site\" content=\"@ConfePenyesFCB\" \/>\n<meta name=\"twitter:label1\" content=\"Escrito por\" \/>\n\t<meta name=\"twitter:data1\" content=\"Confederaci\u00f3 Mundial de Penyes del FC Barcelona\" \/>\n\t<meta name=\"twitter:label2\" content=\"Tiempo de lectura\" \/>\n\t<meta name=\"twitter:data2\" content=\"4 minutos\" \/>\n<script type=\"application\/ld+json\" class=\"yoast-schema-graph\">{\"@context\":\"https:\\\/\\\/schema.org\",\"@graph\":[{\"@type\":\"Article\",\"@id\":\"https:\\\/\\\/confederaciopenyes.cat\\\/es\\\/aniversarios-penas-protagonizan-fin-semana\\\/#article\",\"isPartOf\":{\"@id\":\"https:\\\/\\\/confederaciopenyes.cat\\\/es\\\/aniversarios-penas-protagonizan-fin-semana\\\/\"},\"author\":{\"name\":\"Confederaci\u00f3 Mundial de Penyes del FC Barcelona\",\"@id\":\"https:\\\/\\\/confederaciopenyes.cat\\\/es\\\/#\\\/schema\\\/person\\\/337072f6daef87a85aa59aa1f134387c\"},\"headline\":\"Los aniversarios protagonizan el fin de semana de las pe\u00f1as\",\"datePublished\":\"2024-04-09T10:45:51+00:00\",\"dateModified\":\"2024-04-09T10:58:53+00:00\",\"mainEntityOfPage\":{\"@id\":\"https:\\\/\\\/confederaciopenyes.cat\\\/es\\\/aniversarios-penas-protagonizan-fin-semana\\\/\"},\"wordCount\":352,\"publisher\":{\"@id\":\"https:\\\/\\\/confederaciopenyes.cat\\\/es\\\/#organization\"},\"image\":{\"@id\":\"https:\\\/\\\/confederaciopenyes.cat\\\/es\\\/aniversarios-penas-protagonizan-fin-semana\\\/#primaryimage\"},\"thumbnailUrl\":\"https:\\\/\\\/confederaciopenyes.cat\\\/wp-content\\\/uploads\\\/2024\\\/04\\\/Aniversari-PB-Cervello-scaled.jpg\",\"keywords\":[\"confederaci\u00f3 mundial de penyes\",\"Federaci\u00f3 Baix Llobregat\",\"Federaci\u00f3 Ponent Nord\",\"noticias\",\"PB Cervell\u00f3\",\"PB Isona i Conca Dell\u00e0\",\"PB Solsona i Comarca\",\"pe\u00f1as\"],\"articleSection\":[\"Noticias\"],\"inLanguage\":\"es\"},{\"@type\":\"WebPage\",\"@id\":\"https:\\\/\\\/confederaciopenyes.cat\\\/es\\\/aniversarios-penas-protagonizan-fin-semana\\\/\",\"url\":\"https:\\\/\\\/confederaciopenyes.cat\\\/es\\\/aniversarios-penas-protagonizan-fin-semana\\\/\",\"name\":\"Fin de semana lleno de cumplea\u00f1os de pe\u00f1as - Conf. M. Penyes\",\"isPartOf\":{\"@id\":\"https:\\\/\\\/confederaciopenyes.cat\\\/es\\\/#website\"},\"primaryImageOfPage\":{\"@id\":\"https:\\\/\\\/confederaciopenyes.cat\\\/es\\\/aniversarios-penas-protagonizan-fin-semana\\\/#primaryimage\"},\"image\":{\"@id\":\"https:\\\/\\\/confederaciopenyes.cat\\\/es\\\/aniversarios-penas-protagonizan-fin-semana\\\/#primaryimage\"},\"thumbnailUrl\":\"https:\\\/\\\/confederaciopenyes.cat\\\/wp-content\\\/uploads\\\/2024\\\/04\\\/Aniversari-PB-Cervello-scaled.jpg\",\"datePublished\":\"2024-04-09T10:45:51+00:00\",\"dateModified\":\"2024-04-09T10:58:53+00:00\",\"description\":\"El fin de semana ha estado pleno de aniversarios de pe\u00f1as: 25\u00ba de PB Cervell\u00f3, 40\u00ba de PB Solsona y Comarca y 15\u00ba de PB Isona i Conca Dell\u00e0.\",\"breadcrumb\":{\"@id\":\"https:\\\/\\\/confederaciopenyes.cat\\\/es\\\/aniversarios-penas-protagonizan-fin-semana\\\/#breadcrumb\"},\"inLanguage\":\"es\",\"potentialAction\":[{\"@type\":\"ReadAction\",\"target\":[\"https:\\\/\\\/confederaciopenyes.cat\\\/es\\\/aniversarios-penas-protagonizan-fin-semana\\\/\"]}]},{\"@type\":\"ImageObject\",\"inLanguage\":\"es\",\"@id\":\"https:\\\/\\\/confederaciopenyes.cat\\\/es\\\/aniversarios-penas-protagonizan-fin-semana\\\/#primaryimage\",\"url\":\"https:\\\/\\\/confederaciopenyes.cat\\\/wp-content\\\/uploads\\\/2024\\\/04\\\/Aniversari-PB-Cervello-scaled.jpg\",\"contentUrl\":\"https:\\\/\\\/confederaciopenyes.cat\\\/wp-content\\\/uploads\\\/2024\\\/04\\\/Aniversari-PB-Cervello-scaled.jpg\",\"width\":2560,\"height\":1608},{\"@type\":\"BreadcrumbList\",\"@id\":\"https:\\\/\\\/confederaciopenyes.cat\\\/es\\\/aniversarios-penas-protagonizan-fin-semana\\\/#breadcrumb\",\"itemListElement\":[{\"@type\":\"ListItem\",\"position\":1,\"name\":\"Inici\",\"item\":\"https:\\\/\\\/confederaciopenyes.cat\\\/es\\\/\"},{\"@type\":\"ListItem\",\"position\":2,\"name\":\"Los aniversarios protagonizan el fin de semana de las pe\u00f1as\"}]},{\"@type\":\"WebSite\",\"@id\":\"https:\\\/\\\/confederaciopenyes.cat\\\/es\\\/#website\",\"url\":\"https:\\\/\\\/confederaciopenyes.cat\\\/es\\\/\",\"name\":\"Confederaci\u00f3 Mundial de Penyes del FC Barcelona\",\"description\":\"C.M. Penyes FC Barcelona\",\"publisher\":{\"@id\":\"https:\\\/\\\/confederaciopenyes.cat\\\/es\\\/#organization\"},\"potentialAction\":[{\"@type\":\"SearchAction\",\"target\":{\"@type\":\"EntryPoint\",\"urlTemplate\":\"https:\\\/\\\/confederaciopenyes.cat\\\/es\\\/?s={search_term_string}\"},\"query-input\":{\"@type\":\"PropertyValueSpecification\",\"valueRequired\":true,\"valueName\":\"search_term_string\"}}],\"inLanguage\":\"es\"},{\"@type\":\"Organization\",\"@id\":\"https:\\\/\\\/confederaciopenyes.cat\\\/es\\\/#organization\",\"name\":\"Confederaci\u00f3 Mundial de Penyes del FC Barcelona\",\"url\":\"https:\\\/\\\/confederaciopenyes.cat\\\/es\\\/\",\"logo\":{\"@type\":\"ImageObject\",\"inLanguage\":\"es\",\"@id\":\"https:\\\/\\\/confederaciopenyes.cat\\\/es\\\/#\\\/schema\\\/logo\\\/image\\\/\",\"url\":\"https:\\\/\\\/confederaciopenyes.cat\\\/wp-content\\\/uploads\\\/2022\\\/07\\\/cropped-logo_horizontal.png\",\"contentUrl\":\"https:\\\/\\\/confederaciopenyes.cat\\\/wp-content\\\/uploads\\\/2022\\\/07\\\/cropped-logo_horizontal.png\",\"width\":1320,\"height\":309,\"caption\":\"Confederaci\u00f3 Mundial de Penyes del FC Barcelona\"},\"image\":{\"@id\":\"https:\\\/\\\/confederaciopenyes.cat\\\/es\\\/#\\\/schema\\\/logo\\\/image\\\/\"},\"sameAs\":[\"https:\\\/\\\/www.facebook.com\\\/ConfederacioMundialPenyesFCB\",\"https:\\\/\\\/x.com\\\/ConfePenyesFCB\",\"https:\\\/\\\/www.instagram.com\\\/confepenyesfcb\\\/\"]},{\"@type\":\"Person\",\"@id\":\"https:\\\/\\\/confederaciopenyes.cat\\\/es\\\/#\\\/schema\\\/person\\\/337072f6daef87a85aa59aa1f134387c\",\"name\":\"Confederaci\u00f3 Mundial de Penyes del FC Barcelona\",\"image\":{\"@type\":\"ImageObject\",\"inLanguage\":\"es\",\"@id\":\"https:\\\/\\\/secure.gravatar.com\\\/avatar\\\/98c60c7405ff843b10aec55db652bd3f5cb4320ef331ae76c156819a62194328?s=96&d=mm&r=g\",\"url\":\"https:\\\/\\\/secure.gravatar.com\\\/avatar\\\/98c60c7405ff843b10aec55db652bd3f5cb4320ef331ae76c156819a62194328?s=96&d=mm&r=g\",\"contentUrl\":\"https:\\\/\\\/secure.gravatar.com\\\/avatar\\\/98c60c7405ff843b10aec55db652bd3f5cb4320ef331ae76c156819a62194328?s=96&d=mm&r=g\",\"caption\":\"Confederaci\u00f3 Mundial de Penyes del FC Barcelona\"},\"url\":\"https:\\\/\\\/confederaciopenyes.cat\\\/es\\\/author\\\/comunicacioconfederaciopenyes-cat\\\/\"}]}<\/script>\n<!-- \/ Yoast SEO Premium plugin. -->","yoast_head_json":{"title":"Fin de semana lleno de cumplea\u00f1os de pe\u00f1as - Conf. M. Penyes","description":"El fin de semana ha estado pleno de aniversarios de pe\u00f1as: 25\u00ba de PB Cervell\u00f3, 40\u00ba de PB Solsona y Comarca y 15\u00ba de PB Isona i Conca Dell\u00e0.","robots":{"index":"index","follow":"follow","max-snippet":"max-snippet:-1","max-image-preview":"max-image-preview:large","max-video-preview":"max-video-preview:-1"},"canonical":"https:\/\/confederaciopenyes.cat\/es\/aniversarios-penas-protagonizan-fin-semana\/","og_locale":"es_ES","og_type":"article","og_title":"Los aniversarios protagonizan el fin de semana de las pe\u00f1as","og_description":"El fin de semana ha estado pleno de aniversarios de pe\u00f1as: 25\u00ba de PB Cervell\u00f3, 40\u00ba de PB Solsona y Comarca y 15\u00ba de PB Isona i Conca Dell\u00e0.","og_url":"https:\/\/confederaciopenyes.cat\/es\/aniversarios-penas-protagonizan-fin-semana\/","og_site_name":"Confederaci\u00f3 Mundial de Penyes del FC Barcelona","article_publisher":"https:\/\/www.facebook.com\/ConfederacioMundialPenyesFCB","article_published_time":"2024-04-09T10:45:51+00:00","article_modified_time":"2024-04-09T10:58:53+00:00","og_image":[{"width":2560,"height":1608,"url":"https:\/\/confederaciopenyes.cat\/wp-content\/uploads\/2024\/04\/Aniversari-PB-Cervello-scaled.jpg","type":"image\/jpeg"}],"author":"Confederaci\u00f3 Mundial de Penyes del FC Barcelona","twitter_card":"summary_large_image","twitter_creator":"@ConfePenyesFCB","twitter_site":"@ConfePenyesFCB","twitter_misc":{"Escrito por":"Confederaci\u00f3 Mundial de Penyes del FC Barcelona","Tiempo de lectura":"4 minutos"},"schema":{"@context":"https:\/\/schema.org","@graph":[{"@type":"Article","@id":"https:\/\/confederaciopenyes.cat\/es\/aniversarios-penas-protagonizan-fin-semana\/#article","isPartOf":{"@id":"https:\/\/confederaciopenyes.cat\/es\/aniversarios-penas-protagonizan-fin-semana\/"},"author":{"name":"Confederaci\u00f3 Mundial de Penyes del FC Barcelona","@id":"https:\/\/confederaciopenyes.cat\/es\/#\/schema\/person\/337072f6daef87a85aa59aa1f134387c"},"headline":"Los aniversarios protagonizan el fin de semana de las pe\u00f1as","datePublished":"2024-04-09T10:45:51+00:00","dateModified":"2024-04-09T10:58:53+00:00","mainEntityOfPage":{"@id":"https:\/\/confederaciopenyes.cat\/es\/aniversarios-penas-protagonizan-fin-semana\/"},"wordCount":352,"publisher":{"@id":"https:\/\/confederaciopenyes.cat\/es\/#organization"},"image":{"@id":"https:\/\/confederaciopenyes.cat\/es\/aniversarios-penas-protagonizan-fin-semana\/#primaryimage"},"thumbnailUrl":"https:\/\/confederaciopenyes.cat\/wp-content\/uploads\/2024\/04\/Aniversari-PB-Cervello-scaled.jpg","keywords":["confederaci\u00f3 mundial de penyes","Federaci\u00f3 Baix Llobregat","Federaci\u00f3 Ponent Nord","noticias","PB Cervell\u00f3","PB Isona i Conca Dell\u00e0","PB Solsona i Comarca","pe\u00f1as"],"articleSection":["Noticias"],"inLanguage":"es"},{"@type":"WebPage","@id":"https:\/\/confederaciopenyes.cat\/es\/aniversarios-penas-protagonizan-fin-semana\/","url":"https:\/\/confederaciopenyes.cat\/es\/aniversarios-penas-protagonizan-fin-semana\/","name":"Fin de semana lleno de cumplea\u00f1os de pe\u00f1as - Conf. M. Penyes","isPartOf":{"@id":"https:\/\/confederaciopenyes.cat\/es\/#website"},"primaryImageOfPage":{"@id":"https:\/\/confederaciopenyes.cat\/es\/aniversarios-penas-protagonizan-fin-semana\/#primaryimage"},"image":{"@id":"https:\/\/confederaciopenyes.cat\/es\/aniversarios-penas-protagonizan-fin-semana\/#primaryimage"},"thumbnailUrl":"https:\/\/confederaciopenyes.cat\/wp-content\/uploads\/2024\/04\/Aniversari-PB-Cervello-scaled.jpg","datePublished":"2024-04-09T10:45:51+00:00","dateModified":"2024-04-09T10:58:53+00:00","description":"El fin de semana ha estado pleno de aniversarios de pe\u00f1as: 25\u00ba de PB Cervell\u00f3, 40\u00ba de PB Solsona y Comarca y 15\u00ba de PB Isona i Conca Dell\u00e0.","breadcrumb":{"@id":"https:\/\/confederaciopenyes.cat\/es\/aniversarios-penas-protagonizan-fin-semana\/#breadcrumb"},"inLanguage":"es","potentialAction":[{"@type":"ReadAction","target":["https:\/\/confederaciopenyes.cat\/es\/aniversarios-penas-protagonizan-fin-semana\/"]}]},{"@type":"ImageObject","inLanguage":"es","@id":"https:\/\/confederaciopenyes.cat\/es\/aniversarios-penas-protagonizan-fin-semana\/#primaryimage","url":"https:\/\/confederaciopenyes.cat\/wp-content\/uploads\/2024\/04\/Aniversari-PB-Cervello-scaled.jpg","contentUrl":"https:\/\/confederaciopenyes.cat\/wp-content\/uploads\/2024\/04\/Aniversari-PB-Cervello-scaled.jpg","width":2560,"height":1608},{"@type":"BreadcrumbList","@id":"https:\/\/confederaciopenyes.cat\/es\/aniversarios-penas-protagonizan-fin-semana\/#breadcrumb","itemListElement":[{"@type":"ListItem","position":1,"name":"Inici","item":"https:\/\/confederaciopenyes.cat\/es\/"},{"@type":"ListItem","position":2,"name":"Los aniversarios protagonizan el fin de semana de las pe\u00f1as"}]},{"@type":"WebSite","@id":"https:\/\/confederaciopenyes.cat\/es\/#website","url":"https:\/\/confederaciopenyes.cat\/es\/","name":"Confederaci\u00f3 Mundial de Penyes del FC Barcelona","description":"C.M. Penyes FC Barcelona","publisher":{"@id":"https:\/\/confederaciopenyes.cat\/es\/#organization"},"potentialAction":[{"@type":"SearchAction","target":{"@type":"EntryPoint","urlTemplate":"https:\/\/confederaciopenyes.cat\/es\/?s={search_term_string}"},"query-input":{"@type":"PropertyValueSpecification","valueRequired":true,"valueName":"search_term_string"}}],"inLanguage":"es"},{"@type":"Organization","@id":"https:\/\/confederaciopenyes.cat\/es\/#organization","name":"Confederaci\u00f3 Mundial de Penyes del FC Barcelona","url":"https:\/\/confederaciopenyes.cat\/es\/","logo":{"@type":"ImageObject","inLanguage":"es","@id":"https:\/\/confederaciopenyes.cat\/es\/#\/schema\/logo\/image\/","url":"https:\/\/confederaciopenyes.cat\/wp-content\/uploads\/2022\/07\/cropped-logo_horizontal.png","contentUrl":"https:\/\/confederaciopenyes.cat\/wp-content\/uploads\/2022\/07\/cropped-logo_horizontal.png","width":1320,"height":309,"caption":"Confederaci\u00f3 Mundial de Penyes del FC Barcelona"},"image":{"@id":"https:\/\/confederaciopenyes.cat\/es\/#\/schema\/logo\/image\/"},"sameAs":["https:\/\/www.facebook.com\/ConfederacioMundialPenyesFCB","https:\/\/x.com\/ConfePenyesFCB","https:\/\/www.instagram.com\/confepenyesfcb\/"]},{"@type":"Person","@id":"https:\/\/confederaciopenyes.cat\/es\/#\/schema\/person\/337072f6daef87a85aa59aa1f134387c","name":"Confederaci\u00f3 Mundial de Penyes del FC Barcelona","image":{"@type":"ImageObject","inLanguage":"es","@id":"https:\/\/secure.gravatar.com\/avatar\/98c60c7405ff843b10aec55db652bd3f5cb4320ef331ae76c156819a62194328?s=96&d=mm&r=g","url":"https:\/\/secure.gravatar.com\/avatar\/98c60c7405ff843b10aec55db652bd3f5cb4320ef331ae76c156819a62194328?s=96&d=mm&r=g","contentUrl":"https:\/\/secure.gravatar.com\/avatar\/98c60c7405ff843b10aec55db652bd3f5cb4320ef331ae76c156819a62194328?s=96&d=mm&r=g","caption":"Confederaci\u00f3 Mundial de Penyes del FC Barcelona"},"url":"https:\/\/confederaciopenyes.cat\/es\/author\/comunicacioconfederaciopenyes-cat\/"}]}},"_links":{"self":[{"href":"https:\/\/confederaciopenyes.cat\/es\/wp-json\/wp\/v2\/posts\/21140","targetHints":{"allow":["GET"]}}],"collection":[{"href":"https:\/\/confederaciopenyes.cat\/es\/wp-json\/wp\/v2\/posts"}],"about":[{"href":"https:\/\/confederaciopenyes.cat\/es\/wp-json\/wp\/v2\/types\/post"}],"author":[{"embeddable":true,"href":"https:\/\/confederaciopenyes.cat\/es\/wp-json\/wp\/v2\/users\/4"}],"replies":[{"embeddable":true,"href":"https:\/\/confederaciopenyes.cat\/es\/wp-json\/wp\/v2\/comments?post=21140"}],"version-history":[{"count":2,"href":"https:\/\/confederaciopenyes.cat\/es\/wp-json\/wp\/v2\/posts\/21140\/revisions"}],"predecessor-version":[{"id":21142,"href":"https:\/\/confederaciopenyes.cat\/es\/wp-json\/wp\/v2\/posts\/21140\/revisions\/21142"}],"wp:featuredmedia":[{"embeddable":true,"href":"https:\/\/confederaciopenyes.cat\/es\/wp-json\/wp\/v2\/media\/21111"}],"wp:attachment":[{"href":"https:\/\/confederaciopenyes.cat\/es\/wp-json\/wp\/v2\/media?parent=21140"}],"wp:term":[{"taxonomy":"category","embeddable":true,"href":"https:\/\/confederaciopenyes.cat\/es\/wp-json\/wp\/v2\/categories?post=21140"},{"taxonomy":"post_tag","embeddable":true,"href":"https:\/\/confederaciopenyes.cat\/es\/wp-json\/wp\/v2\/tags?post=21140"}],"curies":[{"name":"wp","href":"https:\/\/api.w.org\/{rel}","templated":true}]}}