{"id":21823,"date":"2024-05-03T11:50:48","date_gmt":"2024-05-03T09:50:48","guid":{"rendered":"https:\/\/confederaciopenyes.cat\/el-10o-congreso-de-penas-francofonas-vivio-un-fin-de-semana-lleno-de-barcelonismo\/"},"modified":"2024-05-06T12:51:04","modified_gmt":"2024-05-06T10:51:04","slug":"10-congreso-penas-francofonas-paris-fin-semana-barcelonismo","status":"publish","type":"post","link":"https:\/\/confederaciopenyes.cat\/es\/10-congreso-penas-francofonas-paris-fin-semana-barcelonismo\/","title":{"rendered":"El 10\u00ba Congreso de Pe\u00f1as Franc\u00f3fonas vivi\u00f3 un fin de semana lleno de barcelonismo"},"content":{"rendered":"\n<p>Las <strong>pe\u00f1as franc\u00f3fonas<\/strong> volvieron a reunirse tras tres a\u00f1os sin hacerlo. En esta ocasi\u00f3n, <strong>Par\u00eds y Levallois-Perret fueron las ciudades anfitrionas del 10\u00ba Congreso de Pe\u00f1as Franc\u00f3fonas<\/strong>, en una fecha marcada desde hace meses por todos los socios y pe\u00f1istas azulgranas de estos territorios. El reencuentro entre <strong> pe\u00f1as de Francia, Suiza y Magreb<\/strong> fue muy especial para los presentes, y tuvo a la <strong><a href=\"https:\/\/www.instagram.com\/parisblaugrana\/\" target=\"_blank\" rel=\"noreferrer noopener\">Penya Blaugrana de Par\u00eds<\/a><\/strong> (Federaci\u00f3n Mundo) como anfitriona y organizadora, encabezada por su presidente <strong>Salem Gamar<\/strong>. En representaci\u00f3n del FC Barcelona, asisti\u00f3 <strong> N\u00faria Vilajeliu<\/strong>, miembro de la Comisi\u00f3n Social.<\/p>\n\n<p>Tras la inauguraci\u00f3n del congreso, la actividad se traslad\u00f3 <strong>al r\u00edo Sena<\/strong>, con un <strong>crucero con el que los pe\u00f1istas pudieron visitar los lugares destacados y de inter\u00e9s de la capital francesa<\/strong>, fomentando as\u00ed la cultura y la historia entre todos los asistentes. Durante ese d\u00eda, tambi\u00e9n se guard\u00f3 un <strong>minuto de silencio en homenaje a Nicol\u00e1s Fayet<\/strong>, que fue <strong> presidente de la PB Lyon<\/strong> y que falleci\u00f3 en 2021.<\/p>\n\n<p>Durante el fin de semana, tambi\u00e9n qued\u00f3 patente la solidaridad de las pe\u00f1as barcelonistas, reflejando los valores que impulsa el Bar\u00e7a en todo el mundo: <strong>la PB Par\u00eds hizo entrega de un cheque de 500 euros a UNICEF,<\/strong>programa ligado a las Naciones Unidas y con el que el Bar\u00e7a colabora activamente desde 2006. La jornada del domingo empez\u00f3 con la <strong>asamblea anual, d\u00f3nde se hizo repaso de todas las actividades y se abord\u00f3 el futuro del movimiento de pe\u00f1as<\/strong>. Finalmente, el congreso termin\u00f3 con un tour VIP entre bastidores del <strong>Stade de France<\/strong>, un escenario que se prepara para acoger este verano los <strong>Juegos Ol\u00edmpicos de Par\u00eds 2024<\/strong>.<\/p>\n\n<figure class=\"wp-block-gallery has-nested-images columns-default is-cropped wp-block-gallery-1 is-layout-flex wp-block-gallery-is-layout-flex\">\n<figure class=\"wp-block-image size-large\"><a href=\"https:\/\/confederaciopenyes.cat\/wp-content\/uploads\/2024\/05\/IMG-20240503-WA0001.jpg\"><img decoding=\"async\" width=\"1024\" height=\"678\" data-id=\"21808\" data-src=\"https:\/\/confederaciopenyes.cat\/wp-content\/uploads\/2024\/05\/IMG-20240503-WA0001-1024x678.jpg\" alt=\"\" class=\"wp-image-21808 lazyload\" data-srcset=\"https:\/\/confederaciopenyes.cat\/wp-content\/uploads\/2024\/05\/IMG-20240503-WA0001-1024x678.jpg 1024w, https:\/\/confederaciopenyes.cat\/wp-content\/uploads\/2024\/05\/IMG-20240503-WA0001-300x199.jpg 300w, https:\/\/confederaciopenyes.cat\/wp-content\/uploads\/2024\/05\/IMG-20240503-WA0001-768x508.jpg 768w, https:\/\/confederaciopenyes.cat\/wp-content\/uploads\/2024\/05\/IMG-20240503-WA0001-1536x1017.jpg 1536w, https:\/\/confederaciopenyes.cat\/wp-content\/uploads\/2024\/05\/IMG-20240503-WA0001.jpg 1600w\" data-sizes=\"(max-width: 1024px) 100vw, 1024px\" src=\"data:image\/svg+xml;base64,PHN2ZyB3aWR0aD0iMSIgaGVpZ2h0PSIxIiB4bWxucz0iaHR0cDovL3d3dy53My5vcmcvMjAwMC9zdmciPjwvc3ZnPg==\" style=\"--smush-placeholder-width: 1024px; --smush-placeholder-aspect-ratio: 1024\/678;\" \/><\/a><\/figure>\n\n\n\n<figure class=\"wp-block-image size-large\"><a href=\"https:\/\/confederaciopenyes.cat\/wp-content\/uploads\/2024\/05\/IMG-20240503-WA0011.jpg\"><img decoding=\"async\" width=\"1024\" height=\"678\" data-id=\"21802\" data-src=\"https:\/\/confederaciopenyes.cat\/wp-content\/uploads\/2024\/05\/IMG-20240503-WA0011-1024x678.jpg\" alt=\"\" class=\"wp-image-21802 lazyload\" data-srcset=\"https:\/\/confederaciopenyes.cat\/wp-content\/uploads\/2024\/05\/IMG-20240503-WA0011-1024x678.jpg 1024w, https:\/\/confederaciopenyes.cat\/wp-content\/uploads\/2024\/05\/IMG-20240503-WA0011-300x199.jpg 300w, https:\/\/confederaciopenyes.cat\/wp-content\/uploads\/2024\/05\/IMG-20240503-WA0011-768x508.jpg 768w, https:\/\/confederaciopenyes.cat\/wp-content\/uploads\/2024\/05\/IMG-20240503-WA0011-1536x1017.jpg 1536w, https:\/\/confederaciopenyes.cat\/wp-content\/uploads\/2024\/05\/IMG-20240503-WA0011.jpg 1600w\" data-sizes=\"(max-width: 1024px) 100vw, 1024px\" src=\"data:image\/svg+xml;base64,PHN2ZyB3aWR0aD0iMSIgaGVpZ2h0PSIxIiB4bWxucz0iaHR0cDovL3d3dy53My5vcmcvMjAwMC9zdmciPjwvc3ZnPg==\" style=\"--smush-placeholder-width: 1024px; --smush-placeholder-aspect-ratio: 1024\/678;\" \/><\/a><\/figure>\n\n\n\n<figure class=\"wp-block-image size-large\"><a href=\"https:\/\/confederaciopenyes.cat\/wp-content\/uploads\/2024\/05\/IMG-20240503-WA0010.jpg\"><img decoding=\"async\" width=\"1024\" height=\"678\" data-id=\"21801\" data-src=\"https:\/\/confederaciopenyes.cat\/wp-content\/uploads\/2024\/05\/IMG-20240503-WA0010-1024x678.jpg\" alt=\"\" class=\"wp-image-21801 lazyload\" data-srcset=\"https:\/\/confederaciopenyes.cat\/wp-content\/uploads\/2024\/05\/IMG-20240503-WA0010-1024x678.jpg 1024w, https:\/\/confederaciopenyes.cat\/wp-content\/uploads\/2024\/05\/IMG-20240503-WA0010-300x199.jpg 300w, https:\/\/confederaciopenyes.cat\/wp-content\/uploads\/2024\/05\/IMG-20240503-WA0010-768x508.jpg 768w, https:\/\/confederaciopenyes.cat\/wp-content\/uploads\/2024\/05\/IMG-20240503-WA0010-1536x1017.jpg 1536w, https:\/\/confederaciopenyes.cat\/wp-content\/uploads\/2024\/05\/IMG-20240503-WA0010.jpg 1600w\" data-sizes=\"(max-width: 1024px) 100vw, 1024px\" src=\"data:image\/svg+xml;base64,PHN2ZyB3aWR0aD0iMSIgaGVpZ2h0PSIxIiB4bWxucz0iaHR0cDovL3d3dy53My5vcmcvMjAwMC9zdmciPjwvc3ZnPg==\" style=\"--smush-placeholder-width: 1024px; --smush-placeholder-aspect-ratio: 1024\/678;\" \/><\/a><\/figure>\n\n\n\n<figure class=\"wp-block-image size-large\"><a href=\"https:\/\/confederaciopenyes.cat\/wp-content\/uploads\/2024\/05\/IMG-20240503-WA0009.jpg\"><img decoding=\"async\" width=\"1024\" height=\"678\" data-id=\"21806\" data-src=\"https:\/\/confederaciopenyes.cat\/wp-content\/uploads\/2024\/05\/IMG-20240503-WA0009-1024x678.jpg\" alt=\"\" class=\"wp-image-21806 lazyload\" data-srcset=\"https:\/\/confederaciopenyes.cat\/wp-content\/uploads\/2024\/05\/IMG-20240503-WA0009-1024x678.jpg 1024w, https:\/\/confederaciopenyes.cat\/wp-content\/uploads\/2024\/05\/IMG-20240503-WA0009-300x199.jpg 300w, https:\/\/confederaciopenyes.cat\/wp-content\/uploads\/2024\/05\/IMG-20240503-WA0009-768x508.jpg 768w, https:\/\/confederaciopenyes.cat\/wp-content\/uploads\/2024\/05\/IMG-20240503-WA0009-1536x1017.jpg 1536w, https:\/\/confederaciopenyes.cat\/wp-content\/uploads\/2024\/05\/IMG-20240503-WA0009.jpg 1600w\" data-sizes=\"(max-width: 1024px) 100vw, 1024px\" src=\"data:image\/svg+xml;base64,PHN2ZyB3aWR0aD0iMSIgaGVpZ2h0PSIxIiB4bWxucz0iaHR0cDovL3d3dy53My5vcmcvMjAwMC9zdmciPjwvc3ZnPg==\" style=\"--smush-placeholder-width: 1024px; --smush-placeholder-aspect-ratio: 1024\/678;\" \/><\/a><\/figure>\n\n\n\n<figure class=\"wp-block-image size-large\"><a href=\"https:\/\/confederaciopenyes.cat\/wp-content\/uploads\/2024\/05\/IMG-20240503-WA0008.jpg\"><img decoding=\"async\" width=\"1024\" height=\"678\" data-id=\"21804\" data-src=\"https:\/\/confederaciopenyes.cat\/wp-content\/uploads\/2024\/05\/IMG-20240503-WA0008-1024x678.jpg\" alt=\"\" class=\"wp-image-21804 lazyload\" data-srcset=\"https:\/\/confederaciopenyes.cat\/wp-content\/uploads\/2024\/05\/IMG-20240503-WA0008-1024x678.jpg 1024w, https:\/\/confederaciopenyes.cat\/wp-content\/uploads\/2024\/05\/IMG-20240503-WA0008-300x199.jpg 300w, https:\/\/confederaciopenyes.cat\/wp-content\/uploads\/2024\/05\/IMG-20240503-WA0008-768x508.jpg 768w, https:\/\/confederaciopenyes.cat\/wp-content\/uploads\/2024\/05\/IMG-20240503-WA0008-1536x1017.jpg 1536w, https:\/\/confederaciopenyes.cat\/wp-content\/uploads\/2024\/05\/IMG-20240503-WA0008.jpg 1600w\" data-sizes=\"(max-width: 1024px) 100vw, 1024px\" src=\"data:image\/svg+xml;base64,PHN2ZyB3aWR0aD0iMSIgaGVpZ2h0PSIxIiB4bWxucz0iaHR0cDovL3d3dy53My5vcmcvMjAwMC9zdmciPjwvc3ZnPg==\" style=\"--smush-placeholder-width: 1024px; --smush-placeholder-aspect-ratio: 1024\/678;\" \/><\/a><\/figure>\n\n\n\n<figure class=\"wp-block-image size-large\"><a href=\"https:\/\/confederaciopenyes.cat\/wp-content\/uploads\/2024\/05\/IMG-20240503-WA0003.jpg\"><img decoding=\"async\" width=\"1024\" height=\"682\" data-id=\"21805\" data-src=\"https:\/\/confederaciopenyes.cat\/wp-content\/uploads\/2024\/05\/IMG-20240503-WA0003-1024x682.jpg\" alt=\"\" class=\"wp-image-21805 lazyload\" data-srcset=\"https:\/\/confederaciopenyes.cat\/wp-content\/uploads\/2024\/05\/IMG-20240503-WA0003-1024x682.jpg 1024w, https:\/\/confederaciopenyes.cat\/wp-content\/uploads\/2024\/05\/IMG-20240503-WA0003-300x200.jpg 300w, https:\/\/confederaciopenyes.cat\/wp-content\/uploads\/2024\/05\/IMG-20240503-WA0003-768x512.jpg 768w, https:\/\/confederaciopenyes.cat\/wp-content\/uploads\/2024\/05\/IMG-20240503-WA0003-1536x1023.jpg 1536w, https:\/\/confederaciopenyes.cat\/wp-content\/uploads\/2024\/05\/IMG-20240503-WA0003.jpg 1600w\" data-sizes=\"(max-width: 1024px) 100vw, 1024px\" src=\"data:image\/svg+xml;base64,PHN2ZyB3aWR0aD0iMSIgaGVpZ2h0PSIxIiB4bWxucz0iaHR0cDovL3d3dy53My5vcmcvMjAwMC9zdmciPjwvc3ZnPg==\" style=\"--smush-placeholder-width: 1024px; --smush-placeholder-aspect-ratio: 1024\/682;\" \/><\/a><\/figure>\n\n\n\n<figure class=\"wp-block-image size-large\"><a href=\"https:\/\/confederaciopenyes.cat\/wp-content\/uploads\/2024\/05\/IMG-20240503-WA0013.jpg\"><img decoding=\"async\" width=\"1024\" height=\"678\" data-id=\"21798\" data-src=\"https:\/\/confederaciopenyes.cat\/wp-content\/uploads\/2024\/05\/IMG-20240503-WA0013-1024x678.jpg\" alt=\"\" class=\"wp-image-21798 lazyload\" data-srcset=\"https:\/\/confederaciopenyes.cat\/wp-content\/uploads\/2024\/05\/IMG-20240503-WA0013-1024x678.jpg 1024w, https:\/\/confederaciopenyes.cat\/wp-content\/uploads\/2024\/05\/IMG-20240503-WA0013-300x199.jpg 300w, https:\/\/confederaciopenyes.cat\/wp-content\/uploads\/2024\/05\/IMG-20240503-WA0013-768x508.jpg 768w, https:\/\/confederaciopenyes.cat\/wp-content\/uploads\/2024\/05\/IMG-20240503-WA0013-1536x1017.jpg 1536w, https:\/\/confederaciopenyes.cat\/wp-content\/uploads\/2024\/05\/IMG-20240503-WA0013.jpg 1600w\" data-sizes=\"(max-width: 1024px) 100vw, 1024px\" src=\"data:image\/svg+xml;base64,PHN2ZyB3aWR0aD0iMSIgaGVpZ2h0PSIxIiB4bWxucz0iaHR0cDovL3d3dy53My5vcmcvMjAwMC9zdmciPjwvc3ZnPg==\" style=\"--smush-placeholder-width: 1024px; --smush-placeholder-aspect-ratio: 1024\/678;\" \/><\/a><\/figure>\n\n\n\n<figure class=\"wp-block-image size-large\"><a href=\"https:\/\/confederaciopenyes.cat\/wp-content\/uploads\/2024\/05\/IMG-20240503-WA0006-edited.jpg\"><img decoding=\"async\" width=\"1200\" height=\"1200\" data-id=\"21816\" data-src=\"https:\/\/confederaciopenyes.cat\/wp-content\/uploads\/2024\/05\/IMG-20240503-WA0006-edited.jpg\" alt=\"\" class=\"wp-image-21816 lazyload\" data-srcset=\"https:\/\/confederaciopenyes.cat\/wp-content\/uploads\/2024\/05\/IMG-20240503-WA0006-edited.jpg 1200w, https:\/\/confederaciopenyes.cat\/wp-content\/uploads\/2024\/05\/IMG-20240503-WA0006-edited-300x300.jpg 300w, https:\/\/confederaciopenyes.cat\/wp-content\/uploads\/2024\/05\/IMG-20240503-WA0006-edited-1024x1024.jpg 1024w, https:\/\/confederaciopenyes.cat\/wp-content\/uploads\/2024\/05\/IMG-20240503-WA0006-edited-150x150.jpg 150w, https:\/\/confederaciopenyes.cat\/wp-content\/uploads\/2024\/05\/IMG-20240503-WA0006-edited-768x768.jpg 768w\" data-sizes=\"(max-width: 1200px) 100vw, 1200px\" src=\"data:image\/svg+xml;base64,PHN2ZyB3aWR0aD0iMSIgaGVpZ2h0PSIxIiB4bWxucz0iaHR0cDovL3d3dy53My5vcmcvMjAwMC9zdmciPjwvc3ZnPg==\" style=\"--smush-placeholder-width: 1200px; --smush-placeholder-aspect-ratio: 1200\/1200;\" \/><\/a><\/figure>\n\n\n\n<figure class=\"wp-block-image size-large\"><a href=\"https:\/\/confederaciopenyes.cat\/wp-content\/uploads\/2024\/05\/IMG-20240503-WA0002.jpg\"><img decoding=\"async\" width=\"1024\" height=\"682\" data-id=\"21807\" data-src=\"https:\/\/confederaciopenyes.cat\/wp-content\/uploads\/2024\/05\/IMG-20240503-WA0002-1024x682.jpg\" alt=\"\" class=\"wp-image-21807 lazyload\" data-srcset=\"https:\/\/confederaciopenyes.cat\/wp-content\/uploads\/2024\/05\/IMG-20240503-WA0002-1024x682.jpg 1024w, https:\/\/confederaciopenyes.cat\/wp-content\/uploads\/2024\/05\/IMG-20240503-WA0002-300x200.jpg 300w, https:\/\/confederaciopenyes.cat\/wp-content\/uploads\/2024\/05\/IMG-20240503-WA0002-768x512.jpg 768w, https:\/\/confederaciopenyes.cat\/wp-content\/uploads\/2024\/05\/IMG-20240503-WA0002-1536x1023.jpg 1536w, https:\/\/confederaciopenyes.cat\/wp-content\/uploads\/2024\/05\/IMG-20240503-WA0002.jpg 1600w\" data-sizes=\"(max-width: 1024px) 100vw, 1024px\" src=\"data:image\/svg+xml;base64,PHN2ZyB3aWR0aD0iMSIgaGVpZ2h0PSIxIiB4bWxucz0iaHR0cDovL3d3dy53My5vcmcvMjAwMC9zdmciPjwvc3ZnPg==\" style=\"--smush-placeholder-width: 1024px; --smush-placeholder-aspect-ratio: 1024\/682;\" \/><\/a><\/figure>\n<\/figure>\n","protected":false},"excerpt":{"rendered":"<p>Las pe\u00f1as franc\u00f3fonas volvieron a reunirse tras tres a\u00f1os sin hacerlo. En esta ocasi\u00f3n, Par\u00eds y Levallois-Perret fueron las ciudades anfitrionas del 10\u00ba Congreso de Pe\u00f1as Franc\u00f3fonas, en una fecha marcada desde hace meses por todos los socios y pe\u00f1istas azulgranas de estos territorios. El reencuentro entre pe\u00f1as de Francia, Suiza y Magreb fue muy &#8230; <a title=\"El 10\u00ba Congreso de Pe\u00f1as Franc\u00f3fonas vivi\u00f3 un fin de semana lleno de barcelonismo\" class=\"read-more\" href=\"https:\/\/confederaciopenyes.cat\/es\/10-congreso-penas-francofonas-paris-fin-semana-barcelonismo\/\" aria-label=\"Leer m\u00e1s sobre El 10\u00ba Congreso de Pe\u00f1as Franc\u00f3fonas vivi\u00f3 un fin de semana lleno de barcelonismo\">Leer m\u00e1s<\/a><\/p>\n","protected":false},"author":4,"featured_media":21794,"comment_status":"closed","ping_status":"open","sticky":false,"template":"","format":"standard","meta":{"_acf_changed":false,"footnotes":""},"categories":[1],"tags":[2556,2554,2555,2761,2760],"class_list":["post-21823","post","type-post","status-publish","format-standard","has-post-thumbnail","hentry","category-noticias-es","tag-confederacio-mundial-de-penyes-es-2","tag-noticias-es","tag-penas-es","tag-penas-francofonas","tag-penya-blaugrana-paris-es"],"acf":[],"yoast_head":"<!-- This site is optimized with the Yoast SEO Premium plugin v27.5 (Yoast SEO v27.5) - https:\/\/yoast.com\/product\/yoast-seo-premium-wordpress\/ -->\n<title>10\u00ba Congreso de Pe\u00f1as Francofonas en Par\u00eds - Conf. Mund. Penyes<\/title>\n<meta name=\"description\" content=\"El 10\u00ba Congreso de Pe\u00f1as Franc\u00f3fonas volvi\u00f3 a celebarse despu\u00e9s de tres a\u00f1os en Par\u00eds y Levallois-Perret.\" \/>\n<meta name=\"robots\" content=\"index, follow, max-snippet:-1, max-image-preview:large, max-video-preview:-1\" \/>\n<link rel=\"canonical\" href=\"https:\/\/confederaciopenyes.cat\/es\/10-congreso-penas-francofonas-paris-fin-semana-barcelonismo\/\" \/>\n<meta property=\"og:locale\" content=\"es_ES\" \/>\n<meta property=\"og:type\" content=\"article\" \/>\n<meta property=\"og:title\" content=\"El 10\u00ba Congreso de Pe\u00f1as Franc\u00f3fonas vivi\u00f3 un fin de semana lleno de barcelonismo\" \/>\n<meta property=\"og:description\" content=\"El 10\u00ba Congreso de Pe\u00f1as Franc\u00f3fonas volvi\u00f3 a celebarse despu\u00e9s de tres a\u00f1os en Par\u00eds y Levallois-Perret.\" \/>\n<meta property=\"og:url\" content=\"https:\/\/confederaciopenyes.cat\/es\/10-congreso-penas-francofonas-paris-fin-semana-barcelonismo\/\" \/>\n<meta property=\"og:site_name\" content=\"Confederaci\u00f3 Mundial de Penyes del FC Barcelona\" \/>\n<meta property=\"article:publisher\" content=\"https:\/\/www.facebook.com\/ConfederacioMundialPenyesFCB\" \/>\n<meta property=\"article:published_time\" content=\"2024-05-03T09:50:48+00:00\" \/>\n<meta property=\"article:modified_time\" content=\"2024-05-06T10:51:04+00:00\" \/>\n<meta property=\"og:image\" content=\"https:\/\/confederaciopenyes.cat\/wp-content\/uploads\/2024\/05\/IMG-20240503-WA0005_2.jpg\" \/>\n\t<meta property=\"og:image:width\" content=\"1200\" \/>\n\t<meta property=\"og:image:height\" content=\"671\" \/>\n\t<meta property=\"og:image:type\" content=\"image\/jpeg\" \/>\n<meta name=\"author\" content=\"Confederaci\u00f3 Mundial de Penyes del FC Barcelona\" \/>\n<meta name=\"twitter:card\" content=\"summary_large_image\" \/>\n<meta name=\"twitter:creator\" content=\"@ConfePenyesFCB\" \/>\n<meta name=\"twitter:site\" content=\"@ConfePenyesFCB\" \/>\n<meta name=\"twitter:label1\" content=\"Escrito por\" \/>\n\t<meta name=\"twitter:data1\" content=\"Confederaci\u00f3 Mundial de Penyes del FC Barcelona\" \/>\n\t<meta name=\"twitter:label2\" content=\"Tiempo de lectura\" \/>\n\t<meta name=\"twitter:data2\" content=\"4 minutos\" \/>\n<script type=\"application\/ld+json\" class=\"yoast-schema-graph\">{\"@context\":\"https:\\\/\\\/schema.org\",\"@graph\":[{\"@type\":\"Article\",\"@id\":\"https:\\\/\\\/confederaciopenyes.cat\\\/es\\\/10-congreso-penas-francofonas-paris-fin-semana-barcelonismo\\\/#article\",\"isPartOf\":{\"@id\":\"https:\\\/\\\/confederaciopenyes.cat\\\/es\\\/10-congreso-penas-francofonas-paris-fin-semana-barcelonismo\\\/\"},\"author\":{\"name\":\"Confederaci\u00f3 Mundial de Penyes del FC Barcelona\",\"@id\":\"https:\\\/\\\/confederaciopenyes.cat\\\/es\\\/#\\\/schema\\\/person\\\/337072f6daef87a85aa59aa1f134387c\"},\"headline\":\"El 10\u00ba Congreso de Pe\u00f1as Franc\u00f3fonas vivi\u00f3 un fin de semana lleno de barcelonismo\",\"datePublished\":\"2024-05-03T09:50:48+00:00\",\"dateModified\":\"2024-05-06T10:51:04+00:00\",\"mainEntityOfPage\":{\"@id\":\"https:\\\/\\\/confederaciopenyes.cat\\\/es\\\/10-congreso-penas-francofonas-paris-fin-semana-barcelonismo\\\/\"},\"wordCount\":311,\"publisher\":{\"@id\":\"https:\\\/\\\/confederaciopenyes.cat\\\/es\\\/#organization\"},\"image\":{\"@id\":\"https:\\\/\\\/confederaciopenyes.cat\\\/es\\\/10-congreso-penas-francofonas-paris-fin-semana-barcelonismo\\\/#primaryimage\"},\"thumbnailUrl\":\"https:\\\/\\\/confederaciopenyes.cat\\\/wp-content\\\/uploads\\\/2024\\\/05\\\/IMG-20240503-WA0005_2.jpg\",\"keywords\":[\"confederaci\u00f3 mundial de penyes\",\"noticias\",\"pe\u00f1as\",\"Pe\u00f1as Francofonas\",\"Penya Blaugrana Par\u00eds\"],\"articleSection\":[\"Noticias\"],\"inLanguage\":\"es\"},{\"@type\":\"WebPage\",\"@id\":\"https:\\\/\\\/confederaciopenyes.cat\\\/es\\\/10-congreso-penas-francofonas-paris-fin-semana-barcelonismo\\\/\",\"url\":\"https:\\\/\\\/confederaciopenyes.cat\\\/es\\\/10-congreso-penas-francofonas-paris-fin-semana-barcelonismo\\\/\",\"name\":\"10\u00ba Congreso de Pe\u00f1as Francofonas en Par\u00eds - Conf. Mund. Penyes\",\"isPartOf\":{\"@id\":\"https:\\\/\\\/confederaciopenyes.cat\\\/es\\\/#website\"},\"primaryImageOfPage\":{\"@id\":\"https:\\\/\\\/confederaciopenyes.cat\\\/es\\\/10-congreso-penas-francofonas-paris-fin-semana-barcelonismo\\\/#primaryimage\"},\"image\":{\"@id\":\"https:\\\/\\\/confederaciopenyes.cat\\\/es\\\/10-congreso-penas-francofonas-paris-fin-semana-barcelonismo\\\/#primaryimage\"},\"thumbnailUrl\":\"https:\\\/\\\/confederaciopenyes.cat\\\/wp-content\\\/uploads\\\/2024\\\/05\\\/IMG-20240503-WA0005_2.jpg\",\"datePublished\":\"2024-05-03T09:50:48+00:00\",\"dateModified\":\"2024-05-06T10:51:04+00:00\",\"description\":\"El 10\u00ba Congreso de Pe\u00f1as Franc\u00f3fonas volvi\u00f3 a celebarse despu\u00e9s de tres a\u00f1os en Par\u00eds y Levallois-Perret.\",\"breadcrumb\":{\"@id\":\"https:\\\/\\\/confederaciopenyes.cat\\\/es\\\/10-congreso-penas-francofonas-paris-fin-semana-barcelonismo\\\/#breadcrumb\"},\"inLanguage\":\"es\",\"potentialAction\":[{\"@type\":\"ReadAction\",\"target\":[\"https:\\\/\\\/confederaciopenyes.cat\\\/es\\\/10-congreso-penas-francofonas-paris-fin-semana-barcelonismo\\\/\"]}]},{\"@type\":\"ImageObject\",\"inLanguage\":\"es\",\"@id\":\"https:\\\/\\\/confederaciopenyes.cat\\\/es\\\/10-congreso-penas-francofonas-paris-fin-semana-barcelonismo\\\/#primaryimage\",\"url\":\"https:\\\/\\\/confederaciopenyes.cat\\\/wp-content\\\/uploads\\\/2024\\\/05\\\/IMG-20240503-WA0005_2.jpg\",\"contentUrl\":\"https:\\\/\\\/confederaciopenyes.cat\\\/wp-content\\\/uploads\\\/2024\\\/05\\\/IMG-20240503-WA0005_2.jpg\",\"width\":1200,\"height\":671},{\"@type\":\"BreadcrumbList\",\"@id\":\"https:\\\/\\\/confederaciopenyes.cat\\\/es\\\/10-congreso-penas-francofonas-paris-fin-semana-barcelonismo\\\/#breadcrumb\",\"itemListElement\":[{\"@type\":\"ListItem\",\"position\":1,\"name\":\"Inici\",\"item\":\"https:\\\/\\\/confederaciopenyes.cat\\\/es\\\/\"},{\"@type\":\"ListItem\",\"position\":2,\"name\":\"El 10\u00ba Congreso de Pe\u00f1as Franc\u00f3fonas vivi\u00f3 un fin de semana lleno de barcelonismo\"}]},{\"@type\":\"WebSite\",\"@id\":\"https:\\\/\\\/confederaciopenyes.cat\\\/es\\\/#website\",\"url\":\"https:\\\/\\\/confederaciopenyes.cat\\\/es\\\/\",\"name\":\"Confederaci\u00f3 Mundial de Penyes del FC Barcelona\",\"description\":\"C.M. Penyes FC Barcelona\",\"publisher\":{\"@id\":\"https:\\\/\\\/confederaciopenyes.cat\\\/es\\\/#organization\"},\"potentialAction\":[{\"@type\":\"SearchAction\",\"target\":{\"@type\":\"EntryPoint\",\"urlTemplate\":\"https:\\\/\\\/confederaciopenyes.cat\\\/es\\\/?s={search_term_string}\"},\"query-input\":{\"@type\":\"PropertyValueSpecification\",\"valueRequired\":true,\"valueName\":\"search_term_string\"}}],\"inLanguage\":\"es\"},{\"@type\":\"Organization\",\"@id\":\"https:\\\/\\\/confederaciopenyes.cat\\\/es\\\/#organization\",\"name\":\"Confederaci\u00f3 Mundial de Penyes del FC Barcelona\",\"url\":\"https:\\\/\\\/confederaciopenyes.cat\\\/es\\\/\",\"logo\":{\"@type\":\"ImageObject\",\"inLanguage\":\"es\",\"@id\":\"https:\\\/\\\/confederaciopenyes.cat\\\/es\\\/#\\\/schema\\\/logo\\\/image\\\/\",\"url\":\"https:\\\/\\\/confederaciopenyes.cat\\\/wp-content\\\/uploads\\\/2022\\\/07\\\/cropped-logo_horizontal.png\",\"contentUrl\":\"https:\\\/\\\/confederaciopenyes.cat\\\/wp-content\\\/uploads\\\/2022\\\/07\\\/cropped-logo_horizontal.png\",\"width\":1320,\"height\":309,\"caption\":\"Confederaci\u00f3 Mundial de Penyes del FC Barcelona\"},\"image\":{\"@id\":\"https:\\\/\\\/confederaciopenyes.cat\\\/es\\\/#\\\/schema\\\/logo\\\/image\\\/\"},\"sameAs\":[\"https:\\\/\\\/www.facebook.com\\\/ConfederacioMundialPenyesFCB\",\"https:\\\/\\\/x.com\\\/ConfePenyesFCB\",\"https:\\\/\\\/www.instagram.com\\\/confepenyesfcb\\\/\"]},{\"@type\":\"Person\",\"@id\":\"https:\\\/\\\/confederaciopenyes.cat\\\/es\\\/#\\\/schema\\\/person\\\/337072f6daef87a85aa59aa1f134387c\",\"name\":\"Confederaci\u00f3 Mundial de Penyes del FC Barcelona\",\"image\":{\"@type\":\"ImageObject\",\"inLanguage\":\"es\",\"@id\":\"https:\\\/\\\/secure.gravatar.com\\\/avatar\\\/98c60c7405ff843b10aec55db652bd3f5cb4320ef331ae76c156819a62194328?s=96&d=mm&r=g\",\"url\":\"https:\\\/\\\/secure.gravatar.com\\\/avatar\\\/98c60c7405ff843b10aec55db652bd3f5cb4320ef331ae76c156819a62194328?s=96&d=mm&r=g\",\"contentUrl\":\"https:\\\/\\\/secure.gravatar.com\\\/avatar\\\/98c60c7405ff843b10aec55db652bd3f5cb4320ef331ae76c156819a62194328?s=96&d=mm&r=g\",\"caption\":\"Confederaci\u00f3 Mundial de Penyes del FC Barcelona\"},\"url\":\"https:\\\/\\\/confederaciopenyes.cat\\\/es\\\/author\\\/comunicacioconfederaciopenyes-cat\\\/\"}]}<\/script>\n<!-- \/ Yoast SEO Premium plugin. -->","yoast_head_json":{"title":"10\u00ba Congreso de Pe\u00f1as Francofonas en Par\u00eds - Conf. Mund. Penyes","description":"El 10\u00ba Congreso de Pe\u00f1as Franc\u00f3fonas volvi\u00f3 a celebarse despu\u00e9s de tres a\u00f1os en Par\u00eds y Levallois-Perret.","robots":{"index":"index","follow":"follow","max-snippet":"max-snippet:-1","max-image-preview":"max-image-preview:large","max-video-preview":"max-video-preview:-1"},"canonical":"https:\/\/confederaciopenyes.cat\/es\/10-congreso-penas-francofonas-paris-fin-semana-barcelonismo\/","og_locale":"es_ES","og_type":"article","og_title":"El 10\u00ba Congreso de Pe\u00f1as Franc\u00f3fonas vivi\u00f3 un fin de semana lleno de barcelonismo","og_description":"El 10\u00ba Congreso de Pe\u00f1as Franc\u00f3fonas volvi\u00f3 a celebarse despu\u00e9s de tres a\u00f1os en Par\u00eds y Levallois-Perret.","og_url":"https:\/\/confederaciopenyes.cat\/es\/10-congreso-penas-francofonas-paris-fin-semana-barcelonismo\/","og_site_name":"Confederaci\u00f3 Mundial de Penyes del FC Barcelona","article_publisher":"https:\/\/www.facebook.com\/ConfederacioMundialPenyesFCB","article_published_time":"2024-05-03T09:50:48+00:00","article_modified_time":"2024-05-06T10:51:04+00:00","og_image":[{"width":1200,"height":671,"url":"https:\/\/confederaciopenyes.cat\/wp-content\/uploads\/2024\/05\/IMG-20240503-WA0005_2.jpg","type":"image\/jpeg"}],"author":"Confederaci\u00f3 Mundial de Penyes del FC Barcelona","twitter_card":"summary_large_image","twitter_creator":"@ConfePenyesFCB","twitter_site":"@ConfePenyesFCB","twitter_misc":{"Escrito por":"Confederaci\u00f3 Mundial de Penyes del FC Barcelona","Tiempo de lectura":"4 minutos"},"schema":{"@context":"https:\/\/schema.org","@graph":[{"@type":"Article","@id":"https:\/\/confederaciopenyes.cat\/es\/10-congreso-penas-francofonas-paris-fin-semana-barcelonismo\/#article","isPartOf":{"@id":"https:\/\/confederaciopenyes.cat\/es\/10-congreso-penas-francofonas-paris-fin-semana-barcelonismo\/"},"author":{"name":"Confederaci\u00f3 Mundial de Penyes del FC Barcelona","@id":"https:\/\/confederaciopenyes.cat\/es\/#\/schema\/person\/337072f6daef87a85aa59aa1f134387c"},"headline":"El 10\u00ba Congreso de Pe\u00f1as Franc\u00f3fonas vivi\u00f3 un fin de semana lleno de barcelonismo","datePublished":"2024-05-03T09:50:48+00:00","dateModified":"2024-05-06T10:51:04+00:00","mainEntityOfPage":{"@id":"https:\/\/confederaciopenyes.cat\/es\/10-congreso-penas-francofonas-paris-fin-semana-barcelonismo\/"},"wordCount":311,"publisher":{"@id":"https:\/\/confederaciopenyes.cat\/es\/#organization"},"image":{"@id":"https:\/\/confederaciopenyes.cat\/es\/10-congreso-penas-francofonas-paris-fin-semana-barcelonismo\/#primaryimage"},"thumbnailUrl":"https:\/\/confederaciopenyes.cat\/wp-content\/uploads\/2024\/05\/IMG-20240503-WA0005_2.jpg","keywords":["confederaci\u00f3 mundial de penyes","noticias","pe\u00f1as","Pe\u00f1as Francofonas","Penya Blaugrana Par\u00eds"],"articleSection":["Noticias"],"inLanguage":"es"},{"@type":"WebPage","@id":"https:\/\/confederaciopenyes.cat\/es\/10-congreso-penas-francofonas-paris-fin-semana-barcelonismo\/","url":"https:\/\/confederaciopenyes.cat\/es\/10-congreso-penas-francofonas-paris-fin-semana-barcelonismo\/","name":"10\u00ba Congreso de Pe\u00f1as Francofonas en Par\u00eds - Conf. Mund. Penyes","isPartOf":{"@id":"https:\/\/confederaciopenyes.cat\/es\/#website"},"primaryImageOfPage":{"@id":"https:\/\/confederaciopenyes.cat\/es\/10-congreso-penas-francofonas-paris-fin-semana-barcelonismo\/#primaryimage"},"image":{"@id":"https:\/\/confederaciopenyes.cat\/es\/10-congreso-penas-francofonas-paris-fin-semana-barcelonismo\/#primaryimage"},"thumbnailUrl":"https:\/\/confederaciopenyes.cat\/wp-content\/uploads\/2024\/05\/IMG-20240503-WA0005_2.jpg","datePublished":"2024-05-03T09:50:48+00:00","dateModified":"2024-05-06T10:51:04+00:00","description":"El 10\u00ba Congreso de Pe\u00f1as Franc\u00f3fonas volvi\u00f3 a celebarse despu\u00e9s de tres a\u00f1os en Par\u00eds y Levallois-Perret.","breadcrumb":{"@id":"https:\/\/confederaciopenyes.cat\/es\/10-congreso-penas-francofonas-paris-fin-semana-barcelonismo\/#breadcrumb"},"inLanguage":"es","potentialAction":[{"@type":"ReadAction","target":["https:\/\/confederaciopenyes.cat\/es\/10-congreso-penas-francofonas-paris-fin-semana-barcelonismo\/"]}]},{"@type":"ImageObject","inLanguage":"es","@id":"https:\/\/confederaciopenyes.cat\/es\/10-congreso-penas-francofonas-paris-fin-semana-barcelonismo\/#primaryimage","url":"https:\/\/confederaciopenyes.cat\/wp-content\/uploads\/2024\/05\/IMG-20240503-WA0005_2.jpg","contentUrl":"https:\/\/confederaciopenyes.cat\/wp-content\/uploads\/2024\/05\/IMG-20240503-WA0005_2.jpg","width":1200,"height":671},{"@type":"BreadcrumbList","@id":"https:\/\/confederaciopenyes.cat\/es\/10-congreso-penas-francofonas-paris-fin-semana-barcelonismo\/#breadcrumb","itemListElement":[{"@type":"ListItem","position":1,"name":"Inici","item":"https:\/\/confederaciopenyes.cat\/es\/"},{"@type":"ListItem","position":2,"name":"El 10\u00ba Congreso de Pe\u00f1as Franc\u00f3fonas vivi\u00f3 un fin de semana lleno de barcelonismo"}]},{"@type":"WebSite","@id":"https:\/\/confederaciopenyes.cat\/es\/#website","url":"https:\/\/confederaciopenyes.cat\/es\/","name":"Confederaci\u00f3 Mundial de Penyes del FC Barcelona","description":"C.M. Penyes FC Barcelona","publisher":{"@id":"https:\/\/confederaciopenyes.cat\/es\/#organization"},"potentialAction":[{"@type":"SearchAction","target":{"@type":"EntryPoint","urlTemplate":"https:\/\/confederaciopenyes.cat\/es\/?s={search_term_string}"},"query-input":{"@type":"PropertyValueSpecification","valueRequired":true,"valueName":"search_term_string"}}],"inLanguage":"es"},{"@type":"Organization","@id":"https:\/\/confederaciopenyes.cat\/es\/#organization","name":"Confederaci\u00f3 Mundial de Penyes del FC Barcelona","url":"https:\/\/confederaciopenyes.cat\/es\/","logo":{"@type":"ImageObject","inLanguage":"es","@id":"https:\/\/confederaciopenyes.cat\/es\/#\/schema\/logo\/image\/","url":"https:\/\/confederaciopenyes.cat\/wp-content\/uploads\/2022\/07\/cropped-logo_horizontal.png","contentUrl":"https:\/\/confederaciopenyes.cat\/wp-content\/uploads\/2022\/07\/cropped-logo_horizontal.png","width":1320,"height":309,"caption":"Confederaci\u00f3 Mundial de Penyes del FC Barcelona"},"image":{"@id":"https:\/\/confederaciopenyes.cat\/es\/#\/schema\/logo\/image\/"},"sameAs":["https:\/\/www.facebook.com\/ConfederacioMundialPenyesFCB","https:\/\/x.com\/ConfePenyesFCB","https:\/\/www.instagram.com\/confepenyesfcb\/"]},{"@type":"Person","@id":"https:\/\/confederaciopenyes.cat\/es\/#\/schema\/person\/337072f6daef87a85aa59aa1f134387c","name":"Confederaci\u00f3 Mundial de Penyes del FC Barcelona","image":{"@type":"ImageObject","inLanguage":"es","@id":"https:\/\/secure.gravatar.com\/avatar\/98c60c7405ff843b10aec55db652bd3f5cb4320ef331ae76c156819a62194328?s=96&d=mm&r=g","url":"https:\/\/secure.gravatar.com\/avatar\/98c60c7405ff843b10aec55db652bd3f5cb4320ef331ae76c156819a62194328?s=96&d=mm&r=g","contentUrl":"https:\/\/secure.gravatar.com\/avatar\/98c60c7405ff843b10aec55db652bd3f5cb4320ef331ae76c156819a62194328?s=96&d=mm&r=g","caption":"Confederaci\u00f3 Mundial de Penyes del FC Barcelona"},"url":"https:\/\/confederaciopenyes.cat\/es\/author\/comunicacioconfederaciopenyes-cat\/"}]}},"_links":{"self":[{"href":"https:\/\/confederaciopenyes.cat\/es\/wp-json\/wp\/v2\/posts\/21823","targetHints":{"allow":["GET"]}}],"collection":[{"href":"https:\/\/confederaciopenyes.cat\/es\/wp-json\/wp\/v2\/posts"}],"about":[{"href":"https:\/\/confederaciopenyes.cat\/es\/wp-json\/wp\/v2\/types\/post"}],"author":[{"embeddable":true,"href":"https:\/\/confederaciopenyes.cat\/es\/wp-json\/wp\/v2\/users\/4"}],"replies":[{"embeddable":true,"href":"https:\/\/confederaciopenyes.cat\/es\/wp-json\/wp\/v2\/comments?post=21823"}],"version-history":[{"count":4,"href":"https:\/\/confederaciopenyes.cat\/es\/wp-json\/wp\/v2\/posts\/21823\/revisions"}],"predecessor-version":[{"id":21839,"href":"https:\/\/confederaciopenyes.cat\/es\/wp-json\/wp\/v2\/posts\/21823\/revisions\/21839"}],"wp:featuredmedia":[{"embeddable":true,"href":"https:\/\/confederaciopenyes.cat\/es\/wp-json\/wp\/v2\/media\/21794"}],"wp:attachment":[{"href":"https:\/\/confederaciopenyes.cat\/es\/wp-json\/wp\/v2\/media?parent=21823"}],"wp:term":[{"taxonomy":"category","embeddable":true,"href":"https:\/\/confederaciopenyes.cat\/es\/wp-json\/wp\/v2\/categories?post=21823"},{"taxonomy":"post_tag","embeddable":true,"href":"https:\/\/confederaciopenyes.cat\/es\/wp-json\/wp\/v2\/tags?post=21823"}],"curies":[{"name":"wp","href":"https:\/\/api.w.org\/{rel}","templated":true}]}}