{"id":21863,"date":"2024-05-07T10:37:19","date_gmt":"2024-05-07T08:37:19","guid":{"rendered":"https:\/\/confederaciopenyes.cat\/la-pb-vallirana-organiza-su-primer-torneo-de-futbol-femenino\/"},"modified":"2024-05-07T10:52:22","modified_gmt":"2024-05-07T08:52:22","slug":"pb-vallirana-organiza-primer-torneo-futbol-femenino","status":"publish","type":"post","link":"https:\/\/confederaciopenyes.cat\/es\/pb-vallirana-organiza-primer-torneo-futbol-femenino\/","title":{"rendered":"La PB Vallirana organiza su primer torneo de f\u00fatbol femenino"},"content":{"rendered":"\n<p>El f\u00fatbol femenino se sigue consolidando como una de las grandes apuestas dentro del movimiento de pe\u00f1as barcelonistas. Una de las \u00faltimas entidades en ponerlo de manifiesto ha sido la <strong>Penya Blaugrana de Vallirana<\/strong> (Federaci\u00f3 de Penyes del Baix Llobregat), que recientemente organiz\u00f3 la 1\u00aa SHE Cup <strong>, su primer torneo de f\u00fatbol femenino. <\/strong>La competici\u00f3n <strong>en la modalidad de f\u00fatbol 7,<\/strong>disputada a lo largo de todo un d\u00eda en el Campo Municipal de Vallirana,<strong> reuni\u00f3 a m\u00e1s de 25 equipos<\/strong> repartidos en siete categor\u00edas<strong>\u2013desde alevines hasta veteranas\u2013<\/strong>y cont\u00f3 con la participaci\u00f3n de<strong> m\u00e1s de 200 jugadoras.<\/strong>.<\/p>\n\n<p>Entre los clubes participantes, destac\u00f3 la presencia de otras pe\u00f1as como la <strong><a href=\"https:\/\/www.instagram.com\/pbcervello\/\">Penya Blaugrana de Cervell\u00f3<\/a><\/strong> (Fed. Baix Llobregat) y la <strong><a href=\"https:\/\/www.instagram.com\/pbigualada\/\">Penya Blaugrana d\u2019Igualada<\/a><\/strong> \u2013 Secci\u00f3 Esportiva Ateneu (Fed. Anoia, Alt Pened\u00e9s i Garraf). Tambi\u00e9n compitieron <strong>equipos llegados desde la misma comarca del Baix Llobregat<\/strong>, as\u00ed como de otros puntos del territorio catal\u00e1n, evidenciando el <strong>gran \u00e9xito de la convocatoria<\/strong>. La emoci\u00f3n, pero tambi\u00e9n <strong> el fair play y el buen ambiente<\/strong>, fueron la t\u00f3nica principal de esta 1\u00aa SHE Cup de la PB Vallirana.<\/p>\n\n<h6 class=\"wp-block-heading\" id=\"h-homenatge-a-paquita-linares\"><strong>Homenaje a Paquita Linares<\/strong><\/h6>\n\n<p>Durante la celebraci\u00f3n del torneo, la PB Vallirana quiso rendir un peque\u00f1o homenaje a <strong>Paquita Linares<\/strong>, <strong> una de las grandes impulsoras del f\u00fatbol femenino en Catalunya<\/strong>, y concretamente en el Baix Llobregat. Exdirectiva de la FCF, Linares ha estado desde siempre muy ligada a Vallirana y a su pe\u00f1a blaugrana, y fue <strong> clave para la creaci\u00f3n del primer equipo femenino en la localidad<\/strong>.<\/p>\n\n<p>Visto el \u00e9xito de esta primera edici\u00f3n, <strong>la PB Vallirana ya contempla la SHE Cup como un proyecto que tendr\u00e1 continuidad en el futuro<\/strong>. De ese modo, la entidad seguir\u00e1 <strong>contribuyendo al crecimiento del f\u00fatbol femenino<\/strong> en su territorio, como ya est\u00e1n haciendo un <strong>gran n\u00famero de pe\u00f1as barcelonistas alrededor del mundo<\/strong>.<\/p>\n\n<figure class=\"wp-block-gallery has-nested-images columns-default is-cropped wp-block-gallery-1 is-layout-flex wp-block-gallery-is-layout-flex\">\n<figure class=\"wp-block-image size-large\"><a href=\"https:\/\/confederaciopenyes.cat\/es\/img-20240506-wa0001-2-2\/\"><img decoding=\"async\" width=\"1536\" height=\"1152\" data-id=\"21854\" data-src=\"https:\/\/confederaciopenyes.cat\/wp-content\/uploads\/2024\/05\/IMG-20240506-WA0001-edited.jpg\" alt=\"\" class=\"wp-image-21854 lazyload\" data-srcset=\"https:\/\/confederaciopenyes.cat\/wp-content\/uploads\/2024\/05\/IMG-20240506-WA0001-edited.jpg 1536w, https:\/\/confederaciopenyes.cat\/wp-content\/uploads\/2024\/05\/IMG-20240506-WA0001-edited-300x225.jpg 300w, https:\/\/confederaciopenyes.cat\/wp-content\/uploads\/2024\/05\/IMG-20240506-WA0001-edited-1024x768.jpg 1024w, https:\/\/confederaciopenyes.cat\/wp-content\/uploads\/2024\/05\/IMG-20240506-WA0001-edited-768x576.jpg 768w\" data-sizes=\"(max-width: 1536px) 100vw, 1536px\" src=\"data:image\/svg+xml;base64,PHN2ZyB3aWR0aD0iMSIgaGVpZ2h0PSIxIiB4bWxucz0iaHR0cDovL3d3dy53My5vcmcvMjAwMC9zdmciPjwvc3ZnPg==\" style=\"--smush-placeholder-width: 1536px; --smush-placeholder-aspect-ratio: 1536\/1152;\" \/><\/a><\/figure>\n\n\n\n<figure class=\"wp-block-image size-large\"><a href=\"https:\/\/confederaciopenyes.cat\/es\/img-20240506-wa0002-2-2\/\"><img decoding=\"async\" width=\"1200\" height=\"900\" data-id=\"21851\" data-src=\"https:\/\/confederaciopenyes.cat\/wp-content\/uploads\/2024\/05\/IMG-20240506-WA0002-edited.jpg\" alt=\"\" class=\"wp-image-21851 lazyload\" data-srcset=\"https:\/\/confederaciopenyes.cat\/wp-content\/uploads\/2024\/05\/IMG-20240506-WA0002-edited.jpg 1200w, https:\/\/confederaciopenyes.cat\/wp-content\/uploads\/2024\/05\/IMG-20240506-WA0002-edited-300x225.jpg 300w, https:\/\/confederaciopenyes.cat\/wp-content\/uploads\/2024\/05\/IMG-20240506-WA0002-edited-1024x768.jpg 1024w, https:\/\/confederaciopenyes.cat\/wp-content\/uploads\/2024\/05\/IMG-20240506-WA0002-edited-768x576.jpg 768w\" data-sizes=\"(max-width: 1200px) 100vw, 1200px\" src=\"data:image\/svg+xml;base64,PHN2ZyB3aWR0aD0iMSIgaGVpZ2h0PSIxIiB4bWxucz0iaHR0cDovL3d3dy53My5vcmcvMjAwMC9zdmciPjwvc3ZnPg==\" style=\"--smush-placeholder-width: 1200px; --smush-placeholder-aspect-ratio: 1200\/900;\" \/><\/a><\/figure>\n\n\n\n<figure class=\"wp-block-image size-large is-style-default\"><a href=\"https:\/\/confederaciopenyes.cat\/?attachment_id=21859#main\"><img decoding=\"async\" width=\"848\" height=\"480\" data-id=\"21859\" data-src=\"https:\/\/confederaciopenyes.cat\/wp-content\/uploads\/2024\/05\/VideoCapture_20240506-150345.jpg\" alt=\"\" class=\"wp-image-21859 lazyload\" data-srcset=\"https:\/\/confederaciopenyes.cat\/wp-content\/uploads\/2024\/05\/VideoCapture_20240506-150345.jpg 848w, https:\/\/confederaciopenyes.cat\/wp-content\/uploads\/2024\/05\/VideoCapture_20240506-150345-300x170.jpg 300w, https:\/\/confederaciopenyes.cat\/wp-content\/uploads\/2024\/05\/VideoCapture_20240506-150345-768x435.jpg 768w\" data-sizes=\"(max-width: 848px) 100vw, 848px\" src=\"data:image\/svg+xml;base64,PHN2ZyB3aWR0aD0iMSIgaGVpZ2h0PSIxIiB4bWxucz0iaHR0cDovL3d3dy53My5vcmcvMjAwMC9zdmciPjwvc3ZnPg==\" style=\"--smush-placeholder-width: 848px; --smush-placeholder-aspect-ratio: 848\/480;\" \/><\/a><\/figure>\n<\/figure>\n","protected":false},"excerpt":{"rendered":"<p>El f\u00fatbol femenino se sigue consolidando como una de las grandes apuestas dentro del movimiento de pe\u00f1as barcelonistas. Una de las \u00faltimas entidades en ponerlo de manifiesto ha sido la Penya Blaugrana de Vallirana (Federaci\u00f3 de Penyes del Baix Llobregat), que recientemente organiz\u00f3 la 1\u00aa SHE Cup , su primer torneo de f\u00fatbol femenino. La &#8230; <a title=\"La PB Vallirana organiza su primer torneo de f\u00fatbol femenino\" class=\"read-more\" href=\"https:\/\/confederaciopenyes.cat\/es\/pb-vallirana-organiza-primer-torneo-futbol-femenino\/\" aria-label=\"Leer m\u00e1s sobre La PB Vallirana organiza su primer torneo de f\u00fatbol femenino\">Leer m\u00e1s<\/a><\/p>\n","protected":false},"author":4,"featured_media":21844,"comment_status":"closed","ping_status":"open","sticky":false,"template":"","format":"standard","meta":{"_acf_changed":false,"footnotes":""},"categories":[1],"tags":[2594,2768,2595,2769,2555,2770],"class_list":["post-21863","post","type-post","status-publish","format-standard","has-post-thumbnail","hentry","category-noticias-es","tag-confederacio-mundial-de-penyes-es-3","tag-futbol-femenino-es","tag-noticias-es-2","tag-pb-vallirana-es","tag-penas-es","tag-she-cup-es"],"acf":[],"yoast_head":"<!-- This site is optimized with the Yoast SEO Premium plugin v27.5 (Yoast SEO v27.5) - https:\/\/yoast.com\/product\/yoast-seo-premium-wordpress\/ -->\n<title>Primer torneo de f\u00fatbol femenino de la PB Vallirana - C.M.Penyes<\/title>\n<meta name=\"description\" content=\"La PB Vallirana acogi\u00f3 m\u00e1s de 250 jugadoras a la SHE Cup, un nuevo torneo de f\u00fatbol femenino que fue todo un \u00e9xito de participaci\u00f3n.\" \/>\n<meta name=\"robots\" content=\"index, follow, max-snippet:-1, max-image-preview:large, max-video-preview:-1\" \/>\n<link rel=\"canonical\" href=\"https:\/\/confederaciopenyes.cat\/es\/pb-vallirana-organiza-primer-torneo-futbol-femenino\/\" \/>\n<meta property=\"og:locale\" content=\"es_ES\" \/>\n<meta property=\"og:type\" content=\"article\" \/>\n<meta property=\"og:title\" content=\"La PB Vallirana organiza su primer torneo de f\u00fatbol femenino\" \/>\n<meta property=\"og:description\" content=\"La PB Vallirana acogi\u00f3 m\u00e1s de 250 jugadoras a la SHE Cup, un nuevo torneo de f\u00fatbol femenino que fue todo un \u00e9xito de participaci\u00f3n.\" \/>\n<meta property=\"og:url\" content=\"https:\/\/confederaciopenyes.cat\/es\/pb-vallirana-organiza-primer-torneo-futbol-femenino\/\" \/>\n<meta property=\"og:site_name\" content=\"Confederaci\u00f3 Mundial de Penyes del FC Barcelona\" \/>\n<meta property=\"article:publisher\" content=\"https:\/\/www.facebook.com\/ConfederacioMundialPenyesFCB\" \/>\n<meta property=\"article:published_time\" content=\"2024-05-07T08:37:19+00:00\" \/>\n<meta property=\"article:modified_time\" content=\"2024-05-07T08:52:22+00:00\" \/>\n<meta property=\"og:image\" content=\"https:\/\/confederaciopenyes.cat\/wp-content\/uploads\/2024\/05\/Imagen-de-WhatsApp-2024-05-06-a-las-12.02.50_20a164ef_2.jpg\" \/>\n\t<meta property=\"og:image:width\" content=\"1068\" \/>\n\t<meta property=\"og:image:height\" content=\"515\" \/>\n\t<meta property=\"og:image:type\" content=\"image\/jpeg\" \/>\n<meta name=\"author\" content=\"Confederaci\u00f3 Mundial de Penyes del FC Barcelona\" \/>\n<meta name=\"twitter:card\" content=\"summary_large_image\" \/>\n<meta name=\"twitter:creator\" content=\"@ConfePenyesFCB\" \/>\n<meta name=\"twitter:site\" content=\"@ConfePenyesFCB\" \/>\n<meta name=\"twitter:label1\" content=\"Escrito por\" \/>\n\t<meta name=\"twitter:data1\" content=\"Confederaci\u00f3 Mundial de Penyes del FC Barcelona\" \/>\n\t<meta name=\"twitter:label2\" content=\"Tiempo de lectura\" \/>\n\t<meta name=\"twitter:data2\" content=\"3 minutos\" \/>\n<script type=\"application\/ld+json\" class=\"yoast-schema-graph\">{\"@context\":\"https:\\\/\\\/schema.org\",\"@graph\":[{\"@type\":\"Article\",\"@id\":\"https:\\\/\\\/confederaciopenyes.cat\\\/es\\\/pb-vallirana-organiza-primer-torneo-futbol-femenino\\\/#article\",\"isPartOf\":{\"@id\":\"https:\\\/\\\/confederaciopenyes.cat\\\/es\\\/pb-vallirana-organiza-primer-torneo-futbol-femenino\\\/\"},\"author\":{\"name\":\"Confederaci\u00f3 Mundial de Penyes del FC Barcelona\",\"@id\":\"https:\\\/\\\/confederaciopenyes.cat\\\/es\\\/#\\\/schema\\\/person\\\/337072f6daef87a85aa59aa1f134387c\"},\"headline\":\"La PB Vallirana organiza su primer torneo de f\u00fatbol femenino\",\"datePublished\":\"2024-05-07T08:37:19+00:00\",\"dateModified\":\"2024-05-07T08:52:22+00:00\",\"mainEntityOfPage\":{\"@id\":\"https:\\\/\\\/confederaciopenyes.cat\\\/es\\\/pb-vallirana-organiza-primer-torneo-futbol-femenino\\\/\"},\"wordCount\":335,\"publisher\":{\"@id\":\"https:\\\/\\\/confederaciopenyes.cat\\\/es\\\/#organization\"},\"image\":{\"@id\":\"https:\\\/\\\/confederaciopenyes.cat\\\/es\\\/pb-vallirana-organiza-primer-torneo-futbol-femenino\\\/#primaryimage\"},\"thumbnailUrl\":\"https:\\\/\\\/confederaciopenyes.cat\\\/wp-content\\\/uploads\\\/2024\\\/05\\\/Imagen-de-WhatsApp-2024-05-06-a-las-12.02.50_20a164ef_2.jpg\",\"keywords\":[\"confederaci\u00f3 mundial de penyes\",\"f\u00fatbol femenino\",\"noticias\",\"PB Vallirana\",\"pe\u00f1as\",\"SHE Cup\"],\"articleSection\":[\"Noticias\"],\"inLanguage\":\"es\"},{\"@type\":\"WebPage\",\"@id\":\"https:\\\/\\\/confederaciopenyes.cat\\\/es\\\/pb-vallirana-organiza-primer-torneo-futbol-femenino\\\/\",\"url\":\"https:\\\/\\\/confederaciopenyes.cat\\\/es\\\/pb-vallirana-organiza-primer-torneo-futbol-femenino\\\/\",\"name\":\"Primer torneo de f\u00fatbol femenino de la PB Vallirana - C.M.Penyes\",\"isPartOf\":{\"@id\":\"https:\\\/\\\/confederaciopenyes.cat\\\/es\\\/#website\"},\"primaryImageOfPage\":{\"@id\":\"https:\\\/\\\/confederaciopenyes.cat\\\/es\\\/pb-vallirana-organiza-primer-torneo-futbol-femenino\\\/#primaryimage\"},\"image\":{\"@id\":\"https:\\\/\\\/confederaciopenyes.cat\\\/es\\\/pb-vallirana-organiza-primer-torneo-futbol-femenino\\\/#primaryimage\"},\"thumbnailUrl\":\"https:\\\/\\\/confederaciopenyes.cat\\\/wp-content\\\/uploads\\\/2024\\\/05\\\/Imagen-de-WhatsApp-2024-05-06-a-las-12.02.50_20a164ef_2.jpg\",\"datePublished\":\"2024-05-07T08:37:19+00:00\",\"dateModified\":\"2024-05-07T08:52:22+00:00\",\"description\":\"La PB Vallirana acogi\u00f3 m\u00e1s de 250 jugadoras a la SHE Cup, un nuevo torneo de f\u00fatbol femenino que fue todo un \u00e9xito de participaci\u00f3n.\",\"breadcrumb\":{\"@id\":\"https:\\\/\\\/confederaciopenyes.cat\\\/es\\\/pb-vallirana-organiza-primer-torneo-futbol-femenino\\\/#breadcrumb\"},\"inLanguage\":\"es\",\"potentialAction\":[{\"@type\":\"ReadAction\",\"target\":[\"https:\\\/\\\/confederaciopenyes.cat\\\/es\\\/pb-vallirana-organiza-primer-torneo-futbol-femenino\\\/\"]}]},{\"@type\":\"ImageObject\",\"inLanguage\":\"es\",\"@id\":\"https:\\\/\\\/confederaciopenyes.cat\\\/es\\\/pb-vallirana-organiza-primer-torneo-futbol-femenino\\\/#primaryimage\",\"url\":\"https:\\\/\\\/confederaciopenyes.cat\\\/wp-content\\\/uploads\\\/2024\\\/05\\\/Imagen-de-WhatsApp-2024-05-06-a-las-12.02.50_20a164ef_2.jpg\",\"contentUrl\":\"https:\\\/\\\/confederaciopenyes.cat\\\/wp-content\\\/uploads\\\/2024\\\/05\\\/Imagen-de-WhatsApp-2024-05-06-a-las-12.02.50_20a164ef_2.jpg\",\"width\":1068,\"height\":515},{\"@type\":\"BreadcrumbList\",\"@id\":\"https:\\\/\\\/confederaciopenyes.cat\\\/es\\\/pb-vallirana-organiza-primer-torneo-futbol-femenino\\\/#breadcrumb\",\"itemListElement\":[{\"@type\":\"ListItem\",\"position\":1,\"name\":\"Inici\",\"item\":\"https:\\\/\\\/confederaciopenyes.cat\\\/es\\\/\"},{\"@type\":\"ListItem\",\"position\":2,\"name\":\"La PB Vallirana organiza su primer torneo de f\u00fatbol femenino\"}]},{\"@type\":\"WebSite\",\"@id\":\"https:\\\/\\\/confederaciopenyes.cat\\\/es\\\/#website\",\"url\":\"https:\\\/\\\/confederaciopenyes.cat\\\/es\\\/\",\"name\":\"Confederaci\u00f3 Mundial de Penyes del FC Barcelona\",\"description\":\"C.M. Penyes FC Barcelona\",\"publisher\":{\"@id\":\"https:\\\/\\\/confederaciopenyes.cat\\\/es\\\/#organization\"},\"potentialAction\":[{\"@type\":\"SearchAction\",\"target\":{\"@type\":\"EntryPoint\",\"urlTemplate\":\"https:\\\/\\\/confederaciopenyes.cat\\\/es\\\/?s={search_term_string}\"},\"query-input\":{\"@type\":\"PropertyValueSpecification\",\"valueRequired\":true,\"valueName\":\"search_term_string\"}}],\"inLanguage\":\"es\"},{\"@type\":\"Organization\",\"@id\":\"https:\\\/\\\/confederaciopenyes.cat\\\/es\\\/#organization\",\"name\":\"Confederaci\u00f3 Mundial de Penyes del FC Barcelona\",\"url\":\"https:\\\/\\\/confederaciopenyes.cat\\\/es\\\/\",\"logo\":{\"@type\":\"ImageObject\",\"inLanguage\":\"es\",\"@id\":\"https:\\\/\\\/confederaciopenyes.cat\\\/es\\\/#\\\/schema\\\/logo\\\/image\\\/\",\"url\":\"https:\\\/\\\/confederaciopenyes.cat\\\/wp-content\\\/uploads\\\/2022\\\/07\\\/cropped-logo_horizontal.png\",\"contentUrl\":\"https:\\\/\\\/confederaciopenyes.cat\\\/wp-content\\\/uploads\\\/2022\\\/07\\\/cropped-logo_horizontal.png\",\"width\":1320,\"height\":309,\"caption\":\"Confederaci\u00f3 Mundial de Penyes del FC Barcelona\"},\"image\":{\"@id\":\"https:\\\/\\\/confederaciopenyes.cat\\\/es\\\/#\\\/schema\\\/logo\\\/image\\\/\"},\"sameAs\":[\"https:\\\/\\\/www.facebook.com\\\/ConfederacioMundialPenyesFCB\",\"https:\\\/\\\/x.com\\\/ConfePenyesFCB\",\"https:\\\/\\\/www.instagram.com\\\/confepenyesfcb\\\/\"]},{\"@type\":\"Person\",\"@id\":\"https:\\\/\\\/confederaciopenyes.cat\\\/es\\\/#\\\/schema\\\/person\\\/337072f6daef87a85aa59aa1f134387c\",\"name\":\"Confederaci\u00f3 Mundial de Penyes del FC Barcelona\",\"image\":{\"@type\":\"ImageObject\",\"inLanguage\":\"es\",\"@id\":\"https:\\\/\\\/secure.gravatar.com\\\/avatar\\\/98c60c7405ff843b10aec55db652bd3f5cb4320ef331ae76c156819a62194328?s=96&d=mm&r=g\",\"url\":\"https:\\\/\\\/secure.gravatar.com\\\/avatar\\\/98c60c7405ff843b10aec55db652bd3f5cb4320ef331ae76c156819a62194328?s=96&d=mm&r=g\",\"contentUrl\":\"https:\\\/\\\/secure.gravatar.com\\\/avatar\\\/98c60c7405ff843b10aec55db652bd3f5cb4320ef331ae76c156819a62194328?s=96&d=mm&r=g\",\"caption\":\"Confederaci\u00f3 Mundial de Penyes del FC Barcelona\"},\"url\":\"https:\\\/\\\/confederaciopenyes.cat\\\/es\\\/author\\\/comunicacioconfederaciopenyes-cat\\\/\"}]}<\/script>\n<!-- \/ Yoast SEO Premium plugin. -->","yoast_head_json":{"title":"Primer torneo de f\u00fatbol femenino de la PB Vallirana - C.M.Penyes","description":"La PB Vallirana acogi\u00f3 m\u00e1s de 250 jugadoras a la SHE Cup, un nuevo torneo de f\u00fatbol femenino que fue todo un \u00e9xito de participaci\u00f3n.","robots":{"index":"index","follow":"follow","max-snippet":"max-snippet:-1","max-image-preview":"max-image-preview:large","max-video-preview":"max-video-preview:-1"},"canonical":"https:\/\/confederaciopenyes.cat\/es\/pb-vallirana-organiza-primer-torneo-futbol-femenino\/","og_locale":"es_ES","og_type":"article","og_title":"La PB Vallirana organiza su primer torneo de f\u00fatbol femenino","og_description":"La PB Vallirana acogi\u00f3 m\u00e1s de 250 jugadoras a la SHE Cup, un nuevo torneo de f\u00fatbol femenino que fue todo un \u00e9xito de participaci\u00f3n.","og_url":"https:\/\/confederaciopenyes.cat\/es\/pb-vallirana-organiza-primer-torneo-futbol-femenino\/","og_site_name":"Confederaci\u00f3 Mundial de Penyes del FC Barcelona","article_publisher":"https:\/\/www.facebook.com\/ConfederacioMundialPenyesFCB","article_published_time":"2024-05-07T08:37:19+00:00","article_modified_time":"2024-05-07T08:52:22+00:00","og_image":[{"width":1068,"height":515,"url":"https:\/\/confederaciopenyes.cat\/wp-content\/uploads\/2024\/05\/Imagen-de-WhatsApp-2024-05-06-a-las-12.02.50_20a164ef_2.jpg","type":"image\/jpeg"}],"author":"Confederaci\u00f3 Mundial de Penyes del FC Barcelona","twitter_card":"summary_large_image","twitter_creator":"@ConfePenyesFCB","twitter_site":"@ConfePenyesFCB","twitter_misc":{"Escrito por":"Confederaci\u00f3 Mundial de Penyes del FC Barcelona","Tiempo de lectura":"3 minutos"},"schema":{"@context":"https:\/\/schema.org","@graph":[{"@type":"Article","@id":"https:\/\/confederaciopenyes.cat\/es\/pb-vallirana-organiza-primer-torneo-futbol-femenino\/#article","isPartOf":{"@id":"https:\/\/confederaciopenyes.cat\/es\/pb-vallirana-organiza-primer-torneo-futbol-femenino\/"},"author":{"name":"Confederaci\u00f3 Mundial de Penyes del FC Barcelona","@id":"https:\/\/confederaciopenyes.cat\/es\/#\/schema\/person\/337072f6daef87a85aa59aa1f134387c"},"headline":"La PB Vallirana organiza su primer torneo de f\u00fatbol femenino","datePublished":"2024-05-07T08:37:19+00:00","dateModified":"2024-05-07T08:52:22+00:00","mainEntityOfPage":{"@id":"https:\/\/confederaciopenyes.cat\/es\/pb-vallirana-organiza-primer-torneo-futbol-femenino\/"},"wordCount":335,"publisher":{"@id":"https:\/\/confederaciopenyes.cat\/es\/#organization"},"image":{"@id":"https:\/\/confederaciopenyes.cat\/es\/pb-vallirana-organiza-primer-torneo-futbol-femenino\/#primaryimage"},"thumbnailUrl":"https:\/\/confederaciopenyes.cat\/wp-content\/uploads\/2024\/05\/Imagen-de-WhatsApp-2024-05-06-a-las-12.02.50_20a164ef_2.jpg","keywords":["confederaci\u00f3 mundial de penyes","f\u00fatbol femenino","noticias","PB Vallirana","pe\u00f1as","SHE Cup"],"articleSection":["Noticias"],"inLanguage":"es"},{"@type":"WebPage","@id":"https:\/\/confederaciopenyes.cat\/es\/pb-vallirana-organiza-primer-torneo-futbol-femenino\/","url":"https:\/\/confederaciopenyes.cat\/es\/pb-vallirana-organiza-primer-torneo-futbol-femenino\/","name":"Primer torneo de f\u00fatbol femenino de la PB Vallirana - C.M.Penyes","isPartOf":{"@id":"https:\/\/confederaciopenyes.cat\/es\/#website"},"primaryImageOfPage":{"@id":"https:\/\/confederaciopenyes.cat\/es\/pb-vallirana-organiza-primer-torneo-futbol-femenino\/#primaryimage"},"image":{"@id":"https:\/\/confederaciopenyes.cat\/es\/pb-vallirana-organiza-primer-torneo-futbol-femenino\/#primaryimage"},"thumbnailUrl":"https:\/\/confederaciopenyes.cat\/wp-content\/uploads\/2024\/05\/Imagen-de-WhatsApp-2024-05-06-a-las-12.02.50_20a164ef_2.jpg","datePublished":"2024-05-07T08:37:19+00:00","dateModified":"2024-05-07T08:52:22+00:00","description":"La PB Vallirana acogi\u00f3 m\u00e1s de 250 jugadoras a la SHE Cup, un nuevo torneo de f\u00fatbol femenino que fue todo un \u00e9xito de participaci\u00f3n.","breadcrumb":{"@id":"https:\/\/confederaciopenyes.cat\/es\/pb-vallirana-organiza-primer-torneo-futbol-femenino\/#breadcrumb"},"inLanguage":"es","potentialAction":[{"@type":"ReadAction","target":["https:\/\/confederaciopenyes.cat\/es\/pb-vallirana-organiza-primer-torneo-futbol-femenino\/"]}]},{"@type":"ImageObject","inLanguage":"es","@id":"https:\/\/confederaciopenyes.cat\/es\/pb-vallirana-organiza-primer-torneo-futbol-femenino\/#primaryimage","url":"https:\/\/confederaciopenyes.cat\/wp-content\/uploads\/2024\/05\/Imagen-de-WhatsApp-2024-05-06-a-las-12.02.50_20a164ef_2.jpg","contentUrl":"https:\/\/confederaciopenyes.cat\/wp-content\/uploads\/2024\/05\/Imagen-de-WhatsApp-2024-05-06-a-las-12.02.50_20a164ef_2.jpg","width":1068,"height":515},{"@type":"BreadcrumbList","@id":"https:\/\/confederaciopenyes.cat\/es\/pb-vallirana-organiza-primer-torneo-futbol-femenino\/#breadcrumb","itemListElement":[{"@type":"ListItem","position":1,"name":"Inici","item":"https:\/\/confederaciopenyes.cat\/es\/"},{"@type":"ListItem","position":2,"name":"La PB Vallirana organiza su primer torneo de f\u00fatbol femenino"}]},{"@type":"WebSite","@id":"https:\/\/confederaciopenyes.cat\/es\/#website","url":"https:\/\/confederaciopenyes.cat\/es\/","name":"Confederaci\u00f3 Mundial de Penyes del FC Barcelona","description":"C.M. Penyes FC Barcelona","publisher":{"@id":"https:\/\/confederaciopenyes.cat\/es\/#organization"},"potentialAction":[{"@type":"SearchAction","target":{"@type":"EntryPoint","urlTemplate":"https:\/\/confederaciopenyes.cat\/es\/?s={search_term_string}"},"query-input":{"@type":"PropertyValueSpecification","valueRequired":true,"valueName":"search_term_string"}}],"inLanguage":"es"},{"@type":"Organization","@id":"https:\/\/confederaciopenyes.cat\/es\/#organization","name":"Confederaci\u00f3 Mundial de Penyes del FC Barcelona","url":"https:\/\/confederaciopenyes.cat\/es\/","logo":{"@type":"ImageObject","inLanguage":"es","@id":"https:\/\/confederaciopenyes.cat\/es\/#\/schema\/logo\/image\/","url":"https:\/\/confederaciopenyes.cat\/wp-content\/uploads\/2022\/07\/cropped-logo_horizontal.png","contentUrl":"https:\/\/confederaciopenyes.cat\/wp-content\/uploads\/2022\/07\/cropped-logo_horizontal.png","width":1320,"height":309,"caption":"Confederaci\u00f3 Mundial de Penyes del FC Barcelona"},"image":{"@id":"https:\/\/confederaciopenyes.cat\/es\/#\/schema\/logo\/image\/"},"sameAs":["https:\/\/www.facebook.com\/ConfederacioMundialPenyesFCB","https:\/\/x.com\/ConfePenyesFCB","https:\/\/www.instagram.com\/confepenyesfcb\/"]},{"@type":"Person","@id":"https:\/\/confederaciopenyes.cat\/es\/#\/schema\/person\/337072f6daef87a85aa59aa1f134387c","name":"Confederaci\u00f3 Mundial de Penyes del FC Barcelona","image":{"@type":"ImageObject","inLanguage":"es","@id":"https:\/\/secure.gravatar.com\/avatar\/98c60c7405ff843b10aec55db652bd3f5cb4320ef331ae76c156819a62194328?s=96&d=mm&r=g","url":"https:\/\/secure.gravatar.com\/avatar\/98c60c7405ff843b10aec55db652bd3f5cb4320ef331ae76c156819a62194328?s=96&d=mm&r=g","contentUrl":"https:\/\/secure.gravatar.com\/avatar\/98c60c7405ff843b10aec55db652bd3f5cb4320ef331ae76c156819a62194328?s=96&d=mm&r=g","caption":"Confederaci\u00f3 Mundial de Penyes del FC Barcelona"},"url":"https:\/\/confederaciopenyes.cat\/es\/author\/comunicacioconfederaciopenyes-cat\/"}]}},"_links":{"self":[{"href":"https:\/\/confederaciopenyes.cat\/es\/wp-json\/wp\/v2\/posts\/21863","targetHints":{"allow":["GET"]}}],"collection":[{"href":"https:\/\/confederaciopenyes.cat\/es\/wp-json\/wp\/v2\/posts"}],"about":[{"href":"https:\/\/confederaciopenyes.cat\/es\/wp-json\/wp\/v2\/types\/post"}],"author":[{"embeddable":true,"href":"https:\/\/confederaciopenyes.cat\/es\/wp-json\/wp\/v2\/users\/4"}],"replies":[{"embeddable":true,"href":"https:\/\/confederaciopenyes.cat\/es\/wp-json\/wp\/v2\/comments?post=21863"}],"version-history":[{"count":2,"href":"https:\/\/confederaciopenyes.cat\/es\/wp-json\/wp\/v2\/posts\/21863\/revisions"}],"predecessor-version":[{"id":21865,"href":"https:\/\/confederaciopenyes.cat\/es\/wp-json\/wp\/v2\/posts\/21863\/revisions\/21865"}],"wp:featuredmedia":[{"embeddable":true,"href":"https:\/\/confederaciopenyes.cat\/es\/wp-json\/wp\/v2\/media\/21844"}],"wp:attachment":[{"href":"https:\/\/confederaciopenyes.cat\/es\/wp-json\/wp\/v2\/media?parent=21863"}],"wp:term":[{"taxonomy":"category","embeddable":true,"href":"https:\/\/confederaciopenyes.cat\/es\/wp-json\/wp\/v2\/categories?post=21863"},{"taxonomy":"post_tag","embeddable":true,"href":"https:\/\/confederaciopenyes.cat\/es\/wp-json\/wp\/v2\/tags?post=21863"}],"curies":[{"name":"wp","href":"https:\/\/api.w.org\/{rel}","templated":true}]}}