{"id":22556,"date":"2024-05-23T10:47:35","date_gmt":"2024-05-23T08:47:35","guid":{"rendered":"https:\/\/confederaciopenyes.cat\/celebracion-de-gala-en-la-pb-igualada-por-su-65o-aniversario\/"},"modified":"2024-05-23T10:58:46","modified_gmt":"2024-05-23T08:58:46","slug":"celebracion-pb-igualada-65o-aniversario","status":"publish","type":"post","link":"https:\/\/confederaciopenyes.cat\/es\/celebracion-pb-igualada-65o-aniversario\/","title":{"rendered":"Celebraci\u00f3n de gala en la PB Igualada por su 65\u00ba aniversario"},"content":{"rendered":"\n<p>Tras celebrar varios <a href=\"https:\/\/confederaciopenyes.cat\/es\/pb-igualada-fomenta-cultura-historia-65-aniversario\/\"> actos de car\u00e1cter cultural e hist\u00f3rico <\/a> durante las \u00faltimas semanas, la <strong><a href=\"https:\/\/www.instagram.com\/pbigualada\/\" target=\"_blank\" rel=\"noreferrer noopener\">Penya Blaugrana Igualada<\/a><\/strong> (Federaci\u00f3 Anoia, Alt Pened\u00e8s i Garraf) lleg\u00f3 al punto \u00e1lgido de las celebraciones de su <strong>65\u00ba aniversario <\/strong> el pasado s\u00e1bado con una gran fiesta de gala en su localidad. El evento cont\u00f3 con la asistencia de <strong>m\u00e1s de setenta pe\u00f1istas, socios y aficionados barcelonistas<\/strong>, encabezados por el presidente de la PB Igualada, <strong>Toni Claramunt<\/strong>, que ejerci\u00f3 de anfitri\u00f3n durante la noche.<\/p>\n\n\n\n<p>En representaci\u00f3n del FC Barcelona, asisti\u00f3 el vicepresidente <strong> Antonio Escudero<\/strong>, y tampoco se lo perdi\u00f3 <strong>Antonio Olmo<\/strong>, exjugador azulgrana y actual secretario de la Agrupaci\u00f3 Bar\u00e7a Jugadors. La jornada tambi\u00e9n cont\u00f3 con el apoyo municipal, con la presencia de <strong>Sandra de la Iglesia<\/strong> y <strong>Josep Maria Carpi<\/strong> en representaci\u00f3n del Ayuntamiento de Igualada. <strong>Alba Verg\u00e9s<\/strong>, vicepresidenta de la Mesa del Parlament de Catalunya, tambi\u00e9n estuvo presente. Tras sus parlamentos, la PB Igualada entreg\u00f3 <strong> insignias de plata de la entidad a los pe\u00f1istas de m\u00e1s de 25 a\u00f1os de antig\u00fcedad<\/strong>, y tambi\u00e9n se soplaron las velas de un pastel conmemorativo. El humorista <strong>Guillem Estadella<\/strong> cerr\u00f3 la noche.<\/p>\n\n\n\n<h6 class=\"wp-block-heading\" id=\"h-mas-actos-para-continuar-el-65\u00ba-aniversario\"><strong>M\u00e1s actos para continuar el 65\u00ba aniversario<\/strong><\/h6>\n\n\n\n<p>La PB Igualada no finaliza aqu\u00ed los actos de su 65\u00ba aniversario. <strong>Del 10 al 29 de junio,<\/strong> la pe\u00f1a ofrecer\u00e1 una exposici\u00f3n <strong>sobre su trayectoria hist\u00f3rica en el Archivo Comarcal de Igualada,<\/strong> y el 13 de junio celebrar\u00e1 un acto de <strong>cesi\u00f3n del fondo documental<\/strong> de la entidad barcelonista a ese mismo Archivo Comarcal, de modo que quede custodiado y disponible para consulta p\u00fablica. Ese mismo d\u00eda, habr\u00e1 la <strong> conferencia \u201cDesperta el Bar\u00e7a. La final de Basilea 1979\u201d<\/strong>, a cargo del historiador y doctorando igualadino <strong>V\u00edctor Garrido<\/strong>.<\/p>\n\n\n\n<figure class=\"wp-block-gallery has-nested-images columns-default is-cropped wp-block-gallery-1 is-layout-flex wp-block-gallery-is-layout-flex\">\n<figure class=\"wp-block-image size-large\"><a href=\"https:\/\/confederaciopenyes.cat\/?attachment_id=22548#main\"><img decoding=\"async\" width=\"1024\" height=\"768\" data-id=\"22548\" data-src=\"https:\/\/confederaciopenyes.cat\/wp-content\/uploads\/2024\/05\/IMG_20240517_212840-1024x768.jpg\" alt=\"\" class=\"wp-image-22548 lazyload\" data-srcset=\"https:\/\/confederaciopenyes.cat\/wp-content\/uploads\/2024\/05\/IMG_20240517_212840-1024x768.jpg 1024w, https:\/\/confederaciopenyes.cat\/wp-content\/uploads\/2024\/05\/IMG_20240517_212840-300x225.jpg 300w, https:\/\/confederaciopenyes.cat\/wp-content\/uploads\/2024\/05\/IMG_20240517_212840-768x576.jpg 768w, https:\/\/confederaciopenyes.cat\/wp-content\/uploads\/2024\/05\/IMG_20240517_212840-1536x1152.jpg 1536w, https:\/\/confederaciopenyes.cat\/wp-content\/uploads\/2024\/05\/IMG_20240517_212840-2048x1536.jpg 2048w\" data-sizes=\"(max-width: 1024px) 100vw, 1024px\" src=\"data:image\/svg+xml;base64,PHN2ZyB3aWR0aD0iMSIgaGVpZ2h0PSIxIiB4bWxucz0iaHR0cDovL3d3dy53My5vcmcvMjAwMC9zdmciPjwvc3ZnPg==\" style=\"--smush-placeholder-width: 1024px; --smush-placeholder-aspect-ratio: 1024\/768;\" \/><\/a><\/figure>\n\n\n\n<figure class=\"wp-block-image size-large\"><a href=\"https:\/\/confederaciopenyes.cat\/?attachment_id=22547#main\"><img decoding=\"async\" width=\"1024\" height=\"768\" data-id=\"22547\" data-src=\"https:\/\/confederaciopenyes.cat\/wp-content\/uploads\/2024\/05\/IMG_20240517_213920-1024x768.jpg\" alt=\"\" class=\"wp-image-22547 lazyload\" data-srcset=\"https:\/\/confederaciopenyes.cat\/wp-content\/uploads\/2024\/05\/IMG_20240517_213920-1024x768.jpg 1024w, https:\/\/confederaciopenyes.cat\/wp-content\/uploads\/2024\/05\/IMG_20240517_213920-300x225.jpg 300w, https:\/\/confederaciopenyes.cat\/wp-content\/uploads\/2024\/05\/IMG_20240517_213920-768x576.jpg 768w, https:\/\/confederaciopenyes.cat\/wp-content\/uploads\/2024\/05\/IMG_20240517_213920-1536x1152.jpg 1536w, https:\/\/confederaciopenyes.cat\/wp-content\/uploads\/2024\/05\/IMG_20240517_213920-2048x1536.jpg 2048w\" data-sizes=\"(max-width: 1024px) 100vw, 1024px\" src=\"data:image\/svg+xml;base64,PHN2ZyB3aWR0aD0iMSIgaGVpZ2h0PSIxIiB4bWxucz0iaHR0cDovL3d3dy53My5vcmcvMjAwMC9zdmciPjwvc3ZnPg==\" style=\"--smush-placeholder-width: 1024px; --smush-placeholder-aspect-ratio: 1024\/768;\" \/><\/a><\/figure>\n<\/figure>\n","protected":false},"excerpt":{"rendered":"<p>Tras celebrar varios actos de car\u00e1cter cultural e hist\u00f3rico durante las \u00faltimas semanas, la Penya Blaugrana Igualada (Federaci\u00f3 Anoia, Alt Pened\u00e8s i Garraf) lleg\u00f3 al punto \u00e1lgido de las celebraciones de su 65\u00ba aniversario el pasado s\u00e1bado con una gran fiesta de gala en su localidad. El evento cont\u00f3 con la asistencia de m\u00e1s de &#8230; <a title=\"Celebraci\u00f3n de gala en la PB Igualada por su 65\u00ba aniversario\" class=\"read-more\" href=\"https:\/\/confederaciopenyes.cat\/es\/celebracion-pb-igualada-65o-aniversario\/\" aria-label=\"Leer m\u00e1s sobre Celebraci\u00f3n de gala en la PB Igualada por su 65\u00ba aniversario\">Leer m\u00e1s<\/a><\/p>\n","protected":false},"author":4,"featured_media":22546,"comment_status":"closed","ping_status":"open","sticky":false,"template":"","format":"standard","meta":{"_acf_changed":false,"footnotes":""},"categories":[1],"tags":[2556,2554,2555,2822],"class_list":["post-22556","post","type-post","status-publish","format-standard","has-post-thumbnail","hentry","category-noticias-es","tag-confederacio-mundial-de-penyes-es-2","tag-noticias-es","tag-penas-es","tag-penya-blaugrana-igualada-es"],"acf":[],"yoast_head":"<!-- This site is optimized with the Yoast SEO Premium plugin v27.5 (Yoast SEO v27.5) - https:\/\/yoast.com\/product\/yoast-seo-premium-wordpress\/ -->\n<title>Celebraci\u00f3n de gala en la PB Igualada por su 65\u00ba aniversario - CMP<\/title>\n<meta name=\"description\" content=\"La PB Igualada hizo el acto central de su 65\u00ba aniversario con unos setenta pe\u00f1istas presentes. Se homenaje\u00f3 varios socios.\" \/>\n<meta name=\"robots\" content=\"index, follow, max-snippet:-1, max-image-preview:large, max-video-preview:-1\" \/>\n<link rel=\"canonical\" href=\"https:\/\/confederaciopenyes.cat\/es\/celebracion-pb-igualada-65o-aniversario\/\" \/>\n<meta property=\"og:locale\" content=\"es_ES\" \/>\n<meta property=\"og:type\" content=\"article\" \/>\n<meta property=\"og:title\" content=\"Celebraci\u00f3n de gala en la PB Igualada por su 65\u00ba aniversario\" \/>\n<meta property=\"og:description\" content=\"La PB Igualada hizo el acto central de su 65\u00ba aniversario con unos setenta pe\u00f1istas presentes. Se homenaje\u00f3 varios socios.\" \/>\n<meta property=\"og:url\" content=\"https:\/\/confederaciopenyes.cat\/es\/celebracion-pb-igualada-65o-aniversario\/\" \/>\n<meta property=\"og:site_name\" content=\"Confederaci\u00f3 Mundial de Penyes del FC Barcelona\" \/>\n<meta property=\"article:publisher\" content=\"https:\/\/www.facebook.com\/ConfederacioMundialPenyesFCB\" \/>\n<meta property=\"article:published_time\" content=\"2024-05-23T08:47:35+00:00\" \/>\n<meta property=\"article:modified_time\" content=\"2024-05-23T08:58:46+00:00\" \/>\n<meta property=\"og:image\" content=\"https:\/\/confederaciopenyes.cat\/wp-content\/uploads\/2024\/05\/65e-PB-Igualada-scaled.jpg\" \/>\n\t<meta property=\"og:image:width\" content=\"2560\" \/>\n\t<meta property=\"og:image:height\" content=\"1920\" \/>\n\t<meta property=\"og:image:type\" content=\"image\/jpeg\" \/>\n<meta name=\"author\" content=\"Confederaci\u00f3 Mundial de Penyes del FC Barcelona\" \/>\n<meta name=\"twitter:card\" content=\"summary_large_image\" \/>\n<meta name=\"twitter:creator\" content=\"@ConfePenyesFCB\" \/>\n<meta name=\"twitter:site\" content=\"@ConfePenyesFCB\" \/>\n<meta name=\"twitter:label1\" content=\"Escrito por\" \/>\n\t<meta name=\"twitter:data1\" content=\"Confederaci\u00f3 Mundial de Penyes del FC Barcelona\" \/>\n\t<meta name=\"twitter:label2\" content=\"Tiempo de lectura\" \/>\n\t<meta name=\"twitter:data2\" content=\"3 minutos\" \/>\n<script type=\"application\/ld+json\" class=\"yoast-schema-graph\">{\"@context\":\"https:\\\/\\\/schema.org\",\"@graph\":[{\"@type\":\"Article\",\"@id\":\"https:\\\/\\\/confederaciopenyes.cat\\\/es\\\/celebracion-pb-igualada-65o-aniversario\\\/#article\",\"isPartOf\":{\"@id\":\"https:\\\/\\\/confederaciopenyes.cat\\\/es\\\/celebracion-pb-igualada-65o-aniversario\\\/\"},\"author\":{\"name\":\"Confederaci\u00f3 Mundial de Penyes del FC Barcelona\",\"@id\":\"https:\\\/\\\/confederaciopenyes.cat\\\/es\\\/#\\\/schema\\\/person\\\/337072f6daef87a85aa59aa1f134387c\"},\"headline\":\"Celebraci\u00f3n de gala en la PB Igualada por su 65\u00ba aniversario\",\"datePublished\":\"2024-05-23T08:47:35+00:00\",\"dateModified\":\"2024-05-23T08:58:46+00:00\",\"mainEntityOfPage\":{\"@id\":\"https:\\\/\\\/confederaciopenyes.cat\\\/es\\\/celebracion-pb-igualada-65o-aniversario\\\/\"},\"wordCount\":309,\"publisher\":{\"@id\":\"https:\\\/\\\/confederaciopenyes.cat\\\/es\\\/#organization\"},\"image\":{\"@id\":\"https:\\\/\\\/confederaciopenyes.cat\\\/es\\\/celebracion-pb-igualada-65o-aniversario\\\/#primaryimage\"},\"thumbnailUrl\":\"https:\\\/\\\/confederaciopenyes.cat\\\/wp-content\\\/uploads\\\/2024\\\/05\\\/65e-PB-Igualada-scaled.jpg\",\"keywords\":[\"confederaci\u00f3 mundial de penyes\",\"noticias\",\"pe\u00f1as\",\"Penya Blaugrana Igualada\"],\"articleSection\":[\"Noticias\"],\"inLanguage\":\"es\"},{\"@type\":\"WebPage\",\"@id\":\"https:\\\/\\\/confederaciopenyes.cat\\\/es\\\/celebracion-pb-igualada-65o-aniversario\\\/\",\"url\":\"https:\\\/\\\/confederaciopenyes.cat\\\/es\\\/celebracion-pb-igualada-65o-aniversario\\\/\",\"name\":\"Celebraci\u00f3n de gala en la PB Igualada por su 65\u00ba aniversario - CMP\",\"isPartOf\":{\"@id\":\"https:\\\/\\\/confederaciopenyes.cat\\\/es\\\/#website\"},\"primaryImageOfPage\":{\"@id\":\"https:\\\/\\\/confederaciopenyes.cat\\\/es\\\/celebracion-pb-igualada-65o-aniversario\\\/#primaryimage\"},\"image\":{\"@id\":\"https:\\\/\\\/confederaciopenyes.cat\\\/es\\\/celebracion-pb-igualada-65o-aniversario\\\/#primaryimage\"},\"thumbnailUrl\":\"https:\\\/\\\/confederaciopenyes.cat\\\/wp-content\\\/uploads\\\/2024\\\/05\\\/65e-PB-Igualada-scaled.jpg\",\"datePublished\":\"2024-05-23T08:47:35+00:00\",\"dateModified\":\"2024-05-23T08:58:46+00:00\",\"description\":\"La PB Igualada hizo el acto central de su 65\u00ba aniversario con unos setenta pe\u00f1istas presentes. Se homenaje\u00f3 varios socios.\",\"breadcrumb\":{\"@id\":\"https:\\\/\\\/confederaciopenyes.cat\\\/es\\\/celebracion-pb-igualada-65o-aniversario\\\/#breadcrumb\"},\"inLanguage\":\"es\",\"potentialAction\":[{\"@type\":\"ReadAction\",\"target\":[\"https:\\\/\\\/confederaciopenyes.cat\\\/es\\\/celebracion-pb-igualada-65o-aniversario\\\/\"]}]},{\"@type\":\"ImageObject\",\"inLanguage\":\"es\",\"@id\":\"https:\\\/\\\/confederaciopenyes.cat\\\/es\\\/celebracion-pb-igualada-65o-aniversario\\\/#primaryimage\",\"url\":\"https:\\\/\\\/confederaciopenyes.cat\\\/wp-content\\\/uploads\\\/2024\\\/05\\\/65e-PB-Igualada-scaled.jpg\",\"contentUrl\":\"https:\\\/\\\/confederaciopenyes.cat\\\/wp-content\\\/uploads\\\/2024\\\/05\\\/65e-PB-Igualada-scaled.jpg\",\"width\":2560,\"height\":1920},{\"@type\":\"BreadcrumbList\",\"@id\":\"https:\\\/\\\/confederaciopenyes.cat\\\/es\\\/celebracion-pb-igualada-65o-aniversario\\\/#breadcrumb\",\"itemListElement\":[{\"@type\":\"ListItem\",\"position\":1,\"name\":\"Inici\",\"item\":\"https:\\\/\\\/confederaciopenyes.cat\\\/es\\\/\"},{\"@type\":\"ListItem\",\"position\":2,\"name\":\"Celebraci\u00f3n de gala en la PB Igualada por su 65\u00ba aniversario\"}]},{\"@type\":\"WebSite\",\"@id\":\"https:\\\/\\\/confederaciopenyes.cat\\\/es\\\/#website\",\"url\":\"https:\\\/\\\/confederaciopenyes.cat\\\/es\\\/\",\"name\":\"Confederaci\u00f3 Mundial de Penyes del FC Barcelona\",\"description\":\"C.M. Penyes FC Barcelona\",\"publisher\":{\"@id\":\"https:\\\/\\\/confederaciopenyes.cat\\\/es\\\/#organization\"},\"potentialAction\":[{\"@type\":\"SearchAction\",\"target\":{\"@type\":\"EntryPoint\",\"urlTemplate\":\"https:\\\/\\\/confederaciopenyes.cat\\\/es\\\/?s={search_term_string}\"},\"query-input\":{\"@type\":\"PropertyValueSpecification\",\"valueRequired\":true,\"valueName\":\"search_term_string\"}}],\"inLanguage\":\"es\"},{\"@type\":\"Organization\",\"@id\":\"https:\\\/\\\/confederaciopenyes.cat\\\/es\\\/#organization\",\"name\":\"Confederaci\u00f3 Mundial de Penyes del FC Barcelona\",\"url\":\"https:\\\/\\\/confederaciopenyes.cat\\\/es\\\/\",\"logo\":{\"@type\":\"ImageObject\",\"inLanguage\":\"es\",\"@id\":\"https:\\\/\\\/confederaciopenyes.cat\\\/es\\\/#\\\/schema\\\/logo\\\/image\\\/\",\"url\":\"https:\\\/\\\/confederaciopenyes.cat\\\/wp-content\\\/uploads\\\/2022\\\/07\\\/cropped-logo_horizontal.png\",\"contentUrl\":\"https:\\\/\\\/confederaciopenyes.cat\\\/wp-content\\\/uploads\\\/2022\\\/07\\\/cropped-logo_horizontal.png\",\"width\":1320,\"height\":309,\"caption\":\"Confederaci\u00f3 Mundial de Penyes del FC Barcelona\"},\"image\":{\"@id\":\"https:\\\/\\\/confederaciopenyes.cat\\\/es\\\/#\\\/schema\\\/logo\\\/image\\\/\"},\"sameAs\":[\"https:\\\/\\\/www.facebook.com\\\/ConfederacioMundialPenyesFCB\",\"https:\\\/\\\/x.com\\\/ConfePenyesFCB\",\"https:\\\/\\\/www.instagram.com\\\/confepenyesfcb\\\/\"]},{\"@type\":\"Person\",\"@id\":\"https:\\\/\\\/confederaciopenyes.cat\\\/es\\\/#\\\/schema\\\/person\\\/337072f6daef87a85aa59aa1f134387c\",\"name\":\"Confederaci\u00f3 Mundial de Penyes del FC Barcelona\",\"image\":{\"@type\":\"ImageObject\",\"inLanguage\":\"es\",\"@id\":\"https:\\\/\\\/secure.gravatar.com\\\/avatar\\\/98c60c7405ff843b10aec55db652bd3f5cb4320ef331ae76c156819a62194328?s=96&d=mm&r=g\",\"url\":\"https:\\\/\\\/secure.gravatar.com\\\/avatar\\\/98c60c7405ff843b10aec55db652bd3f5cb4320ef331ae76c156819a62194328?s=96&d=mm&r=g\",\"contentUrl\":\"https:\\\/\\\/secure.gravatar.com\\\/avatar\\\/98c60c7405ff843b10aec55db652bd3f5cb4320ef331ae76c156819a62194328?s=96&d=mm&r=g\",\"caption\":\"Confederaci\u00f3 Mundial de Penyes del FC Barcelona\"},\"url\":\"https:\\\/\\\/confederaciopenyes.cat\\\/es\\\/author\\\/comunicacioconfederaciopenyes-cat\\\/\"}]}<\/script>\n<!-- \/ Yoast SEO Premium plugin. -->","yoast_head_json":{"title":"Celebraci\u00f3n de gala en la PB Igualada por su 65\u00ba aniversario - CMP","description":"La PB Igualada hizo el acto central de su 65\u00ba aniversario con unos setenta pe\u00f1istas presentes. Se homenaje\u00f3 varios socios.","robots":{"index":"index","follow":"follow","max-snippet":"max-snippet:-1","max-image-preview":"max-image-preview:large","max-video-preview":"max-video-preview:-1"},"canonical":"https:\/\/confederaciopenyes.cat\/es\/celebracion-pb-igualada-65o-aniversario\/","og_locale":"es_ES","og_type":"article","og_title":"Celebraci\u00f3n de gala en la PB Igualada por su 65\u00ba aniversario","og_description":"La PB Igualada hizo el acto central de su 65\u00ba aniversario con unos setenta pe\u00f1istas presentes. Se homenaje\u00f3 varios socios.","og_url":"https:\/\/confederaciopenyes.cat\/es\/celebracion-pb-igualada-65o-aniversario\/","og_site_name":"Confederaci\u00f3 Mundial de Penyes del FC Barcelona","article_publisher":"https:\/\/www.facebook.com\/ConfederacioMundialPenyesFCB","article_published_time":"2024-05-23T08:47:35+00:00","article_modified_time":"2024-05-23T08:58:46+00:00","og_image":[{"width":2560,"height":1920,"url":"https:\/\/confederaciopenyes.cat\/wp-content\/uploads\/2024\/05\/65e-PB-Igualada-scaled.jpg","type":"image\/jpeg"}],"author":"Confederaci\u00f3 Mundial de Penyes del FC Barcelona","twitter_card":"summary_large_image","twitter_creator":"@ConfePenyesFCB","twitter_site":"@ConfePenyesFCB","twitter_misc":{"Escrito por":"Confederaci\u00f3 Mundial de Penyes del FC Barcelona","Tiempo de lectura":"3 minutos"},"schema":{"@context":"https:\/\/schema.org","@graph":[{"@type":"Article","@id":"https:\/\/confederaciopenyes.cat\/es\/celebracion-pb-igualada-65o-aniversario\/#article","isPartOf":{"@id":"https:\/\/confederaciopenyes.cat\/es\/celebracion-pb-igualada-65o-aniversario\/"},"author":{"name":"Confederaci\u00f3 Mundial de Penyes del FC Barcelona","@id":"https:\/\/confederaciopenyes.cat\/es\/#\/schema\/person\/337072f6daef87a85aa59aa1f134387c"},"headline":"Celebraci\u00f3n de gala en la PB Igualada por su 65\u00ba aniversario","datePublished":"2024-05-23T08:47:35+00:00","dateModified":"2024-05-23T08:58:46+00:00","mainEntityOfPage":{"@id":"https:\/\/confederaciopenyes.cat\/es\/celebracion-pb-igualada-65o-aniversario\/"},"wordCount":309,"publisher":{"@id":"https:\/\/confederaciopenyes.cat\/es\/#organization"},"image":{"@id":"https:\/\/confederaciopenyes.cat\/es\/celebracion-pb-igualada-65o-aniversario\/#primaryimage"},"thumbnailUrl":"https:\/\/confederaciopenyes.cat\/wp-content\/uploads\/2024\/05\/65e-PB-Igualada-scaled.jpg","keywords":["confederaci\u00f3 mundial de penyes","noticias","pe\u00f1as","Penya Blaugrana Igualada"],"articleSection":["Noticias"],"inLanguage":"es"},{"@type":"WebPage","@id":"https:\/\/confederaciopenyes.cat\/es\/celebracion-pb-igualada-65o-aniversario\/","url":"https:\/\/confederaciopenyes.cat\/es\/celebracion-pb-igualada-65o-aniversario\/","name":"Celebraci\u00f3n de gala en la PB Igualada por su 65\u00ba aniversario - CMP","isPartOf":{"@id":"https:\/\/confederaciopenyes.cat\/es\/#website"},"primaryImageOfPage":{"@id":"https:\/\/confederaciopenyes.cat\/es\/celebracion-pb-igualada-65o-aniversario\/#primaryimage"},"image":{"@id":"https:\/\/confederaciopenyes.cat\/es\/celebracion-pb-igualada-65o-aniversario\/#primaryimage"},"thumbnailUrl":"https:\/\/confederaciopenyes.cat\/wp-content\/uploads\/2024\/05\/65e-PB-Igualada-scaled.jpg","datePublished":"2024-05-23T08:47:35+00:00","dateModified":"2024-05-23T08:58:46+00:00","description":"La PB Igualada hizo el acto central de su 65\u00ba aniversario con unos setenta pe\u00f1istas presentes. Se homenaje\u00f3 varios socios.","breadcrumb":{"@id":"https:\/\/confederaciopenyes.cat\/es\/celebracion-pb-igualada-65o-aniversario\/#breadcrumb"},"inLanguage":"es","potentialAction":[{"@type":"ReadAction","target":["https:\/\/confederaciopenyes.cat\/es\/celebracion-pb-igualada-65o-aniversario\/"]}]},{"@type":"ImageObject","inLanguage":"es","@id":"https:\/\/confederaciopenyes.cat\/es\/celebracion-pb-igualada-65o-aniversario\/#primaryimage","url":"https:\/\/confederaciopenyes.cat\/wp-content\/uploads\/2024\/05\/65e-PB-Igualada-scaled.jpg","contentUrl":"https:\/\/confederaciopenyes.cat\/wp-content\/uploads\/2024\/05\/65e-PB-Igualada-scaled.jpg","width":2560,"height":1920},{"@type":"BreadcrumbList","@id":"https:\/\/confederaciopenyes.cat\/es\/celebracion-pb-igualada-65o-aniversario\/#breadcrumb","itemListElement":[{"@type":"ListItem","position":1,"name":"Inici","item":"https:\/\/confederaciopenyes.cat\/es\/"},{"@type":"ListItem","position":2,"name":"Celebraci\u00f3n de gala en la PB Igualada por su 65\u00ba aniversario"}]},{"@type":"WebSite","@id":"https:\/\/confederaciopenyes.cat\/es\/#website","url":"https:\/\/confederaciopenyes.cat\/es\/","name":"Confederaci\u00f3 Mundial de Penyes del FC Barcelona","description":"C.M. Penyes FC Barcelona","publisher":{"@id":"https:\/\/confederaciopenyes.cat\/es\/#organization"},"potentialAction":[{"@type":"SearchAction","target":{"@type":"EntryPoint","urlTemplate":"https:\/\/confederaciopenyes.cat\/es\/?s={search_term_string}"},"query-input":{"@type":"PropertyValueSpecification","valueRequired":true,"valueName":"search_term_string"}}],"inLanguage":"es"},{"@type":"Organization","@id":"https:\/\/confederaciopenyes.cat\/es\/#organization","name":"Confederaci\u00f3 Mundial de Penyes del FC Barcelona","url":"https:\/\/confederaciopenyes.cat\/es\/","logo":{"@type":"ImageObject","inLanguage":"es","@id":"https:\/\/confederaciopenyes.cat\/es\/#\/schema\/logo\/image\/","url":"https:\/\/confederaciopenyes.cat\/wp-content\/uploads\/2022\/07\/cropped-logo_horizontal.png","contentUrl":"https:\/\/confederaciopenyes.cat\/wp-content\/uploads\/2022\/07\/cropped-logo_horizontal.png","width":1320,"height":309,"caption":"Confederaci\u00f3 Mundial de Penyes del FC Barcelona"},"image":{"@id":"https:\/\/confederaciopenyes.cat\/es\/#\/schema\/logo\/image\/"},"sameAs":["https:\/\/www.facebook.com\/ConfederacioMundialPenyesFCB","https:\/\/x.com\/ConfePenyesFCB","https:\/\/www.instagram.com\/confepenyesfcb\/"]},{"@type":"Person","@id":"https:\/\/confederaciopenyes.cat\/es\/#\/schema\/person\/337072f6daef87a85aa59aa1f134387c","name":"Confederaci\u00f3 Mundial de Penyes del FC Barcelona","image":{"@type":"ImageObject","inLanguage":"es","@id":"https:\/\/secure.gravatar.com\/avatar\/98c60c7405ff843b10aec55db652bd3f5cb4320ef331ae76c156819a62194328?s=96&d=mm&r=g","url":"https:\/\/secure.gravatar.com\/avatar\/98c60c7405ff843b10aec55db652bd3f5cb4320ef331ae76c156819a62194328?s=96&d=mm&r=g","contentUrl":"https:\/\/secure.gravatar.com\/avatar\/98c60c7405ff843b10aec55db652bd3f5cb4320ef331ae76c156819a62194328?s=96&d=mm&r=g","caption":"Confederaci\u00f3 Mundial de Penyes del FC Barcelona"},"url":"https:\/\/confederaciopenyes.cat\/es\/author\/comunicacioconfederaciopenyes-cat\/"}]}},"_links":{"self":[{"href":"https:\/\/confederaciopenyes.cat\/es\/wp-json\/wp\/v2\/posts\/22556","targetHints":{"allow":["GET"]}}],"collection":[{"href":"https:\/\/confederaciopenyes.cat\/es\/wp-json\/wp\/v2\/posts"}],"about":[{"href":"https:\/\/confederaciopenyes.cat\/es\/wp-json\/wp\/v2\/types\/post"}],"author":[{"embeddable":true,"href":"https:\/\/confederaciopenyes.cat\/es\/wp-json\/wp\/v2\/users\/4"}],"replies":[{"embeddable":true,"href":"https:\/\/confederaciopenyes.cat\/es\/wp-json\/wp\/v2\/comments?post=22556"}],"version-history":[{"count":3,"href":"https:\/\/confederaciopenyes.cat\/es\/wp-json\/wp\/v2\/posts\/22556\/revisions"}],"predecessor-version":[{"id":22561,"href":"https:\/\/confederaciopenyes.cat\/es\/wp-json\/wp\/v2\/posts\/22556\/revisions\/22561"}],"wp:featuredmedia":[{"embeddable":true,"href":"https:\/\/confederaciopenyes.cat\/es\/wp-json\/wp\/v2\/media\/22546"}],"wp:attachment":[{"href":"https:\/\/confederaciopenyes.cat\/es\/wp-json\/wp\/v2\/media?parent=22556"}],"wp:term":[{"taxonomy":"category","embeddable":true,"href":"https:\/\/confederaciopenyes.cat\/es\/wp-json\/wp\/v2\/categories?post=22556"},{"taxonomy":"post_tag","embeddable":true,"href":"https:\/\/confederaciopenyes.cat\/es\/wp-json\/wp\/v2\/tags?post=22556"}],"curies":[{"name":"wp","href":"https:\/\/api.w.org\/{rel}","templated":true}]}}