{"id":2304,"date":"2022-03-17T15:55:33","date_gmt":"2022-03-17T14:55:33","guid":{"rendered":"https:\/\/confederaciopenyes.cat\/?p=2304"},"modified":"2022-03-17T15:55:35","modified_gmt":"2022-03-17T14:55:35","slug":"movimiento-penas-implicado-ayuda-a-ucrania","status":"publish","type":"post","link":"https:\/\/confederaciopenyes.cat\/es\/movimiento-penas-implicado-ayuda-a-ucrania\/","title":{"rendered":"El movimiento de pe\u00f1as, implicado de lleno en la ayuda a Ucrania\u00a0"},"content":{"rendered":"\n<p>Una vez m\u00e1s, el movimiento de pe\u00f1as est\u00e1 demostrando que <strong>la solidaridad se convierte en su clara prioridad<\/strong> cuando los hechos lo requieren. Ante la situaci\u00f3n que vive Ucrania, tanto la <strong>Confederaci\u00f3n Mundial de Pe\u00f1as<\/strong> y las <strong>Federaciones<\/strong> como las <strong>pe\u00f1as y pe\u00f1istas<\/strong> est\u00e1n aportando su granito de arena para asistir a la poblaci\u00f3n del pa\u00eds.\u00a0<\/p>\n\n\n\n<p>Una pe\u00f1a que est\u00e1 sufriendo especialmente el conflicto es la <strong>Fan Club Bar\u00e7a Kyiv<\/strong>. Aqu\u00ed han intervenido la <strong>Federaci\u00f3n Mundo<\/strong> y la <strong>Confederaci\u00f3n<\/strong>, que han cubierto <strong>parte de los gastos log\u00edsticos y de alojamiento<\/strong> en el traslado de la mujer, hijas y nieta del presidente de la pe\u00f1a desde Kyiv hasta Murcia. All\u00ed, ser\u00e1n acogidas por el secretario de la Fan Club Bar\u00e7a Kyiv. Han colaborado tambi\u00e9n la pe\u00f1a rumana <strong>Bar\u00e7a Fan Club Cluj<\/strong> y el <strong>Grup Fidel<\/strong>, un colectivo de socios que est\u00e1 llevando ayuda humanitaria a la frontera polaca y de vuelta trae a familias ucranianas que huyen de la guerra.\u00a0<\/p>\n\n\n\n<h6 class=\"wp-block-heading\"><strong>Campa\u00f1a online<\/strong>&nbsp;<\/h6>\n\n\n\n<p>La Fan Club Bar\u00e7a Kyiv es tambi\u00e9n es el objeto de la <strong><a href=\"https:\/\/www.kukumiku.com\/proyectos\/ayuda-humanitaria-a-la-gente-de-ucrania-y-fun-club-barca-kiev\/\" target=\"_blank\" rel=\"noreferrer noopener\">campa\u00f1a de recaudaci\u00f3n de fondos<\/a><\/strong> que uno de sus socios inici\u00f3 al estallar el conflicto. Desde entonces, <strong>han hecho sus aportaciones federaciones y pe\u00f1as de todo el mundo<\/strong>: PB Almog\u00e0vers, PB Bou, PB Solera, PB Quarta Lliga, PB Virtual, PB Alginet, PB El Paler, PB San Vicente del Raspeig, PB Madrid, PB Villabalter, PB Villacarrillo, FCB Clan, PB Londres, PB Stuttgart, PB Cluj, PB Bucarest, PB Budapest, PB Miami, PB San Diego y PB San Francisco. Tambi\u00e9n han participado otros barcelonistas a t\u00edtulo personal. La campa\u00f1a ya suma <strong>m\u00e1s de 3.400 euros<\/strong> y todav\u00eda sigue activa. <\/p>\n\n\n\n<h6 class=\"wp-block-heading\"><strong>M\u00e1s acciones<\/strong>&nbsp;<\/h6>\n\n\n\n<p>Federaciones y pe\u00f1as han hecho tambi\u00e9n sus propias acciones para Ucrania. Una de ellas es la <strong>PB Monells<\/strong>, de la <strong>Fed. Empord\u00e0 i Catalunya Nord<\/strong>, que viaj\u00f3 con seis furgonetas para recoger a 45 refugiados y traerlos hasta Catalunya, donde ser\u00e1n acogidos. Otras han optado por <strong>recogidas solidarias o donaciones econ\u00f3micas<\/strong>. La <strong>Fed. Balears<\/strong> ha donado 750 euros, y sus pe\u00f1as <strong>PB Els Tamarells<\/strong> (900 kg en total) y <strong>PB Peguera<\/strong> han recogido alimentos, ropa y medicamentos. En la <strong>Fed. Baix Llobregat<\/strong>, la <strong>PB Sant Vicen\u00e7 dels Horts<\/strong> ha alcanzado los 3.000 kg recogidos, y tambi\u00e9n la <strong>PB Quarta Lliga<\/strong> ha hecho su donaci\u00f3n de material.\u00a0\u00a0<\/p>\n\n\n\n<p>Otras entidades como la <strong>PB Solsona<\/strong> (<strong>Fed. Ponent Nord<\/strong>), <strong>PB Sant Cugat<\/strong> (<strong>Fed. Vall\u00e8s<\/strong>), <strong>PB Arb\u00facies<\/strong> (<strong>Fed. Giron\u00e8s, Selva, Garrotxa i Pla de l\u2019Estany<\/strong>) y la <strong>PB Pedrito<\/strong> (<strong>Fed. Canarias<\/strong>), as\u00ed como las pe\u00f1as de <strong>Mislata<\/strong> y <strong>Massanassa<\/strong> (<strong>Fed. Val\u00e8ncia<\/strong>), han hecho sus recogidas solidarias.\u00a0Otras han ayudado a fomentar iniciativas locales en ese mismo sentido.<\/p>\n\n\n\n<figure class=\"wp-block-gallery has-nested-images columns-2 is-cropped wp-block-gallery-1 is-layout-flex wp-block-gallery-is-layout-flex\">\n<figure class=\"wp-block-image size-large\"><a href=\"https:\/\/confederaciopenyes.cat\/wp-content\/uploads\/2022\/03\/IMG-20220316-WA0032-2.jpg\"><img decoding=\"async\" width=\"1024\" height=\"768\" data-id=\"2306\" data-src=\"https:\/\/confederaciopenyes.cat\/wp-content\/uploads\/2022\/03\/IMG-20220316-WA0032-2-1024x768.jpg\" alt=\"\" class=\"wp-image-2306 lazyload\" data-srcset=\"https:\/\/confederaciopenyes.cat\/wp-content\/uploads\/2022\/03\/IMG-20220316-WA0032-2-1024x768.jpg 1024w, https:\/\/confederaciopenyes.cat\/wp-content\/uploads\/2022\/03\/IMG-20220316-WA0032-2-300x225.jpg 300w, https:\/\/confederaciopenyes.cat\/wp-content\/uploads\/2022\/03\/IMG-20220316-WA0032-2-768x576.jpg 768w, https:\/\/confederaciopenyes.cat\/wp-content\/uploads\/2022\/03\/IMG-20220316-WA0032-2-1536x1152.jpg 1536w, https:\/\/confederaciopenyes.cat\/wp-content\/uploads\/2022\/03\/IMG-20220316-WA0032-2.jpg 1600w\" data-sizes=\"(max-width: 1024px) 100vw, 1024px\" src=\"data:image\/svg+xml;base64,PHN2ZyB3aWR0aD0iMSIgaGVpZ2h0PSIxIiB4bWxucz0iaHR0cDovL3d3dy53My5vcmcvMjAwMC9zdmciPjwvc3ZnPg==\" style=\"--smush-placeholder-width: 1024px; --smush-placeholder-aspect-ratio: 1024\/768;\" \/><\/a><figcaption><a href=\"https:\/\/www.instagram.com\/penabarcelonistapedrito\/\" target=\"_blank\" rel=\"noreferrer noopener\">PB Pedrito<\/a><\/figcaption><\/figure>\n\n\n\n<figure class=\"wp-block-image size-large\"><a href=\"https:\/\/confederaciopenyes.cat\/wp-content\/uploads\/2022\/03\/MicrosoftTeams-image-11.jpg\"><img decoding=\"async\" width=\"1024\" height=\"710\" data-id=\"2308\" data-src=\"https:\/\/confederaciopenyes.cat\/wp-content\/uploads\/2022\/03\/MicrosoftTeams-image-11-1024x710.jpg\" alt=\"\" class=\"wp-image-2308 lazyload\" data-srcset=\"https:\/\/confederaciopenyes.cat\/wp-content\/uploads\/2022\/03\/MicrosoftTeams-image-11-1024x710.jpg 1024w, https:\/\/confederaciopenyes.cat\/wp-content\/uploads\/2022\/03\/MicrosoftTeams-image-11-300x208.jpg 300w, https:\/\/confederaciopenyes.cat\/wp-content\/uploads\/2022\/03\/MicrosoftTeams-image-11-768x533.jpg 768w, https:\/\/confederaciopenyes.cat\/wp-content\/uploads\/2022\/03\/MicrosoftTeams-image-11-1536x1065.jpg 1536w, https:\/\/confederaciopenyes.cat\/wp-content\/uploads\/2022\/03\/MicrosoftTeams-image-11.jpg 2048w\" data-sizes=\"(max-width: 1024px) 100vw, 1024px\" src=\"data:image\/svg+xml;base64,PHN2ZyB3aWR0aD0iMSIgaGVpZ2h0PSIxIiB4bWxucz0iaHR0cDovL3d3dy53My5vcmcvMjAwMC9zdmciPjwvc3ZnPg==\" style=\"--smush-placeholder-width: 1024px; --smush-placeholder-aspect-ratio: 1024\/710;\" \/><\/a><figcaption>PB de Peguera <\/figcaption><\/figure>\n\n\n\n<figure class=\"wp-block-image size-large\"><a href=\"https:\/\/confederaciopenyes.cat\/wp-content\/uploads\/2022\/03\/MicrosoftTeams-image-12.1-1.jpg\"><img decoding=\"async\" width=\"399\" height=\"401\" data-id=\"2305\" data-src=\"https:\/\/confederaciopenyes.cat\/wp-content\/uploads\/2022\/03\/MicrosoftTeams-image-12.1-1.jpg\" alt=\"\" class=\"wp-image-2305 lazyload\" data-srcset=\"https:\/\/confederaciopenyes.cat\/wp-content\/uploads\/2022\/03\/MicrosoftTeams-image-12.1-1.jpg 399w, https:\/\/confederaciopenyes.cat\/wp-content\/uploads\/2022\/03\/MicrosoftTeams-image-12.1-1-150x150.jpg 150w\" data-sizes=\"(max-width: 399px) 100vw, 399px\" src=\"data:image\/svg+xml;base64,PHN2ZyB3aWR0aD0iMSIgaGVpZ2h0PSIxIiB4bWxucz0iaHR0cDovL3d3dy53My5vcmcvMjAwMC9zdmciPjwvc3ZnPg==\" style=\"--smush-placeholder-width: 399px; --smush-placeholder-aspect-ratio: 399\/401;\" \/><\/a><figcaption><a href=\"https:\/\/www.instagram.com\/pb_massanassa\/\" target=\"_blank\" rel=\"noreferrer noopener\">PB Massanassa<\/a><\/figcaption><\/figure>\n\n\n\n<figure class=\"wp-block-image size-large\"><a href=\"https:\/\/confederaciopenyes.cat\/wp-content\/uploads\/2022\/03\/PB-tamarells-1.jpeg\"><img decoding=\"async\" width=\"1024\" height=\"768\" data-id=\"2307\" data-src=\"https:\/\/confederaciopenyes.cat\/wp-content\/uploads\/2022\/03\/PB-tamarells-1-1024x768.jpeg\" alt=\"\" class=\"wp-image-2307 lazyload\" data-srcset=\"https:\/\/confederaciopenyes.cat\/wp-content\/uploads\/2022\/03\/PB-tamarells-1-1024x768.jpeg 1024w, https:\/\/confederaciopenyes.cat\/wp-content\/uploads\/2022\/03\/PB-tamarells-1-300x225.jpeg 300w, https:\/\/confederaciopenyes.cat\/wp-content\/uploads\/2022\/03\/PB-tamarells-1-768x576.jpeg 768w, https:\/\/confederaciopenyes.cat\/wp-content\/uploads\/2022\/03\/PB-tamarells-1-1536x1152.jpeg 1536w, https:\/\/confederaciopenyes.cat\/wp-content\/uploads\/2022\/03\/PB-tamarells-1.jpeg 2048w\" data-sizes=\"(max-width: 1024px) 100vw, 1024px\" src=\"data:image\/svg+xml;base64,PHN2ZyB3aWR0aD0iMSIgaGVpZ2h0PSIxIiB4bWxucz0iaHR0cDovL3d3dy53My5vcmcvMjAwMC9zdmciPjwvc3ZnPg==\" style=\"--smush-placeholder-width: 1024px; --smush-placeholder-aspect-ratio: 1024\/768;\" \/><\/a><figcaption><a href=\"https:\/\/www.instagram.com\/pbelstamarells\/\" target=\"_blank\" rel=\"noreferrer noopener\">PB Tamarells<\/a><\/figcaption><\/figure>\n<\/figure>\n","protected":false},"excerpt":{"rendered":"<p>Una vez m\u00e1s, el movimiento de pe\u00f1as est\u00e1 demostrando que la solidaridad se convierte en su clara prioridad cuando los hechos lo requieren. Ante la situaci\u00f3n que vive Ucrania, tanto la Confederaci\u00f3n Mundial de Pe\u00f1as y las Federaciones como las pe\u00f1as y pe\u00f1istas est\u00e1n aportando su granito de arena para asistir a la poblaci\u00f3n del &#8230; <a title=\"El movimiento de pe\u00f1as, implicado de lleno en la ayuda a Ucrania\u00a0\" class=\"read-more\" href=\"https:\/\/confederaciopenyes.cat\/es\/movimiento-penas-implicado-ayuda-a-ucrania\/\" aria-label=\"Leer m\u00e1s sobre El movimiento de pe\u00f1as, implicado de lleno en la ayuda a Ucrania\u00a0\">Leer m\u00e1s<\/a><\/p>\n","protected":false},"author":4,"featured_media":2327,"comment_status":"closed","ping_status":"open","sticky":false,"template":"","format":"standard","meta":{"_acf_changed":false,"footnotes":""},"categories":[1],"tags":[140,114,116,272,196,192,273],"class_list":["post-2304","post","type-post","status-publish","format-standard","has-post-thumbnail","hentry","category-noticias-es","tag-confederacion-mundial-de-penas","tag-noticias","tag-penas","tag-recaptacion-fondos","tag-recogidas-alimentos","tag-solidaridad","tag-ucrania"],"acf":[],"yoast_head":"<!-- This site is optimized with the Yoast SEO Premium plugin v27.5 (Yoast SEO v27.5) - https:\/\/yoast.com\/product\/yoast-seo-premium-wordpress\/ -->\n<title>El movimiento de pe\u00f1as, implicado de lleno en la ayuda a Ucrania\u00a0<\/title>\n<meta name=\"description\" content=\"La Confederaci\u00f3n Mundial de Pe\u00f1as, las Federaciones y las pe\u00f1as han aportado ayuda a Ucrania con recogidas de alimentos y material.\" \/>\n<meta name=\"robots\" content=\"index, follow, max-snippet:-1, max-image-preview:large, max-video-preview:-1\" \/>\n<link rel=\"canonical\" href=\"https:\/\/confederaciopenyes.cat\/es\/movimiento-penas-implicado-ayuda-a-ucrania\/\" \/>\n<meta property=\"og:locale\" content=\"es_ES\" \/>\n<meta property=\"og:type\" content=\"article\" \/>\n<meta property=\"og:title\" content=\"El movimiento de pe\u00f1as, implicado de lleno en la ayuda a Ucrania\u00a0\" \/>\n<meta property=\"og:description\" content=\"La Confederaci\u00f3n Mundial de Pe\u00f1as, las Federaciones y las pe\u00f1as han aportado ayuda a Ucrania con recogidas de alimentos y material.\" \/>\n<meta property=\"og:url\" content=\"https:\/\/confederaciopenyes.cat\/es\/movimiento-penas-implicado-ayuda-a-ucrania\/\" \/>\n<meta property=\"og:site_name\" content=\"Confederaci\u00f3 Mundial de Penyes del FC Barcelona\" \/>\n<meta property=\"article:publisher\" content=\"https:\/\/www.facebook.com\/ConfederacioMundialPenyesFCB\" \/>\n<meta property=\"article:published_time\" content=\"2022-03-17T14:55:33+00:00\" \/>\n<meta property=\"article:modified_time\" content=\"2022-03-17T14:55:35+00:00\" \/>\n<meta property=\"og:image\" content=\"https:\/\/confederaciopenyes.cat\/wp-content\/uploads\/2022\/03\/WhatsApp-Image-2022-03-17-at-14.39.22-1.jpeg\" \/>\n\t<meta property=\"og:image:width\" content=\"2016\" \/>\n\t<meta property=\"og:image:height\" content=\"1512\" \/>\n\t<meta property=\"og:image:type\" content=\"image\/jpeg\" \/>\n<meta name=\"author\" content=\"Confederaci\u00f3 Mundial de Penyes del FC Barcelona\" \/>\n<meta name=\"twitter:card\" content=\"summary_large_image\" \/>\n<meta name=\"twitter:creator\" content=\"@ConfePenyesFCB\" \/>\n<meta name=\"twitter:site\" content=\"@ConfePenyesFCB\" \/>\n<meta name=\"twitter:label1\" content=\"Escrito por\" \/>\n\t<meta name=\"twitter:data1\" content=\"Confederaci\u00f3 Mundial de Penyes del FC Barcelona\" \/>\n\t<meta name=\"twitter:label2\" content=\"Tiempo de lectura\" \/>\n\t<meta name=\"twitter:data2\" content=\"3 minutos\" \/>\n<script type=\"application\/ld+json\" class=\"yoast-schema-graph\">{\"@context\":\"https:\\\/\\\/schema.org\",\"@graph\":[{\"@type\":\"Article\",\"@id\":\"https:\\\/\\\/confederaciopenyes.cat\\\/es\\\/movimiento-penas-implicado-ayuda-a-ucrania\\\/#article\",\"isPartOf\":{\"@id\":\"https:\\\/\\\/confederaciopenyes.cat\\\/es\\\/movimiento-penas-implicado-ayuda-a-ucrania\\\/\"},\"author\":{\"name\":\"Confederaci\u00f3 Mundial de Penyes del FC Barcelona\",\"@id\":\"https:\\\/\\\/confederaciopenyes.cat\\\/es\\\/#\\\/schema\\\/person\\\/337072f6daef87a85aa59aa1f134387c\"},\"headline\":\"El movimiento de pe\u00f1as, implicado de lleno en la ayuda a Ucrania\u00a0\",\"datePublished\":\"2022-03-17T14:55:33+00:00\",\"dateModified\":\"2022-03-17T14:55:35+00:00\",\"mainEntityOfPage\":{\"@id\":\"https:\\\/\\\/confederaciopenyes.cat\\\/es\\\/movimiento-penas-implicado-ayuda-a-ucrania\\\/\"},\"wordCount\":499,\"publisher\":{\"@id\":\"https:\\\/\\\/confederaciopenyes.cat\\\/es\\\/#organization\"},\"image\":{\"@id\":\"https:\\\/\\\/confederaciopenyes.cat\\\/es\\\/movimiento-penas-implicado-ayuda-a-ucrania\\\/#primaryimage\"},\"thumbnailUrl\":\"https:\\\/\\\/confederaciopenyes.cat\\\/wp-content\\\/uploads\\\/2022\\\/03\\\/WhatsApp-Image-2022-03-17-at-14.39.22-1.jpeg\",\"keywords\":[\"confederaci\u00f3n mundial de pe\u00f1as\",\"noticias\",\"pe\u00f1as\",\"recaptaci\u00f3n fondos\",\"recogidas alimentos\",\"solidaridad\",\"Ucrania\"],\"articleSection\":[\"Noticias\"],\"inLanguage\":\"es\"},{\"@type\":\"WebPage\",\"@id\":\"https:\\\/\\\/confederaciopenyes.cat\\\/es\\\/movimiento-penas-implicado-ayuda-a-ucrania\\\/\",\"url\":\"https:\\\/\\\/confederaciopenyes.cat\\\/es\\\/movimiento-penas-implicado-ayuda-a-ucrania\\\/\",\"name\":\"El movimiento de pe\u00f1as, implicado de lleno en la ayuda a Ucrania\u00a0\",\"isPartOf\":{\"@id\":\"https:\\\/\\\/confederaciopenyes.cat\\\/es\\\/#website\"},\"primaryImageOfPage\":{\"@id\":\"https:\\\/\\\/confederaciopenyes.cat\\\/es\\\/movimiento-penas-implicado-ayuda-a-ucrania\\\/#primaryimage\"},\"image\":{\"@id\":\"https:\\\/\\\/confederaciopenyes.cat\\\/es\\\/movimiento-penas-implicado-ayuda-a-ucrania\\\/#primaryimage\"},\"thumbnailUrl\":\"https:\\\/\\\/confederaciopenyes.cat\\\/wp-content\\\/uploads\\\/2022\\\/03\\\/WhatsApp-Image-2022-03-17-at-14.39.22-1.jpeg\",\"datePublished\":\"2022-03-17T14:55:33+00:00\",\"dateModified\":\"2022-03-17T14:55:35+00:00\",\"description\":\"La Confederaci\u00f3n Mundial de Pe\u00f1as, las Federaciones y las pe\u00f1as han aportado ayuda a Ucrania con recogidas de alimentos y material.\",\"breadcrumb\":{\"@id\":\"https:\\\/\\\/confederaciopenyes.cat\\\/es\\\/movimiento-penas-implicado-ayuda-a-ucrania\\\/#breadcrumb\"},\"inLanguage\":\"es\",\"potentialAction\":[{\"@type\":\"ReadAction\",\"target\":[\"https:\\\/\\\/confederaciopenyes.cat\\\/es\\\/movimiento-penas-implicado-ayuda-a-ucrania\\\/\"]}]},{\"@type\":\"ImageObject\",\"inLanguage\":\"es\",\"@id\":\"https:\\\/\\\/confederaciopenyes.cat\\\/es\\\/movimiento-penas-implicado-ayuda-a-ucrania\\\/#primaryimage\",\"url\":\"https:\\\/\\\/confederaciopenyes.cat\\\/wp-content\\\/uploads\\\/2022\\\/03\\\/WhatsApp-Image-2022-03-17-at-14.39.22-1.jpeg\",\"contentUrl\":\"https:\\\/\\\/confederaciopenyes.cat\\\/wp-content\\\/uploads\\\/2022\\\/03\\\/WhatsApp-Image-2022-03-17-at-14.39.22-1.jpeg\",\"width\":2016,\"height\":1512},{\"@type\":\"BreadcrumbList\",\"@id\":\"https:\\\/\\\/confederaciopenyes.cat\\\/es\\\/movimiento-penas-implicado-ayuda-a-ucrania\\\/#breadcrumb\",\"itemListElement\":[{\"@type\":\"ListItem\",\"position\":1,\"name\":\"Inici\",\"item\":\"https:\\\/\\\/confederaciopenyes.cat\\\/es\\\/\"},{\"@type\":\"ListItem\",\"position\":2,\"name\":\"El movimiento de pe\u00f1as, implicado de lleno en la ayuda a Ucrania\u00a0\"}]},{\"@type\":\"WebSite\",\"@id\":\"https:\\\/\\\/confederaciopenyes.cat\\\/es\\\/#website\",\"url\":\"https:\\\/\\\/confederaciopenyes.cat\\\/es\\\/\",\"name\":\"Confederaci\u00f3 Mundial de Penyes del FC Barcelona\",\"description\":\"C.M. Penyes FC Barcelona\",\"publisher\":{\"@id\":\"https:\\\/\\\/confederaciopenyes.cat\\\/es\\\/#organization\"},\"potentialAction\":[{\"@type\":\"SearchAction\",\"target\":{\"@type\":\"EntryPoint\",\"urlTemplate\":\"https:\\\/\\\/confederaciopenyes.cat\\\/es\\\/?s={search_term_string}\"},\"query-input\":{\"@type\":\"PropertyValueSpecification\",\"valueRequired\":true,\"valueName\":\"search_term_string\"}}],\"inLanguage\":\"es\"},{\"@type\":\"Organization\",\"@id\":\"https:\\\/\\\/confederaciopenyes.cat\\\/es\\\/#organization\",\"name\":\"Confederaci\u00f3 Mundial de Penyes del FC Barcelona\",\"url\":\"https:\\\/\\\/confederaciopenyes.cat\\\/es\\\/\",\"logo\":{\"@type\":\"ImageObject\",\"inLanguage\":\"es\",\"@id\":\"https:\\\/\\\/confederaciopenyes.cat\\\/es\\\/#\\\/schema\\\/logo\\\/image\\\/\",\"url\":\"https:\\\/\\\/confederaciopenyes.cat\\\/wp-content\\\/uploads\\\/2022\\\/07\\\/cropped-logo_horizontal.png\",\"contentUrl\":\"https:\\\/\\\/confederaciopenyes.cat\\\/wp-content\\\/uploads\\\/2022\\\/07\\\/cropped-logo_horizontal.png\",\"width\":1320,\"height\":309,\"caption\":\"Confederaci\u00f3 Mundial de Penyes del FC Barcelona\"},\"image\":{\"@id\":\"https:\\\/\\\/confederaciopenyes.cat\\\/es\\\/#\\\/schema\\\/logo\\\/image\\\/\"},\"sameAs\":[\"https:\\\/\\\/www.facebook.com\\\/ConfederacioMundialPenyesFCB\",\"https:\\\/\\\/x.com\\\/ConfePenyesFCB\",\"https:\\\/\\\/www.instagram.com\\\/confepenyesfcb\\\/\"]},{\"@type\":\"Person\",\"@id\":\"https:\\\/\\\/confederaciopenyes.cat\\\/es\\\/#\\\/schema\\\/person\\\/337072f6daef87a85aa59aa1f134387c\",\"name\":\"Confederaci\u00f3 Mundial de Penyes del FC Barcelona\",\"image\":{\"@type\":\"ImageObject\",\"inLanguage\":\"es\",\"@id\":\"https:\\\/\\\/secure.gravatar.com\\\/avatar\\\/98c60c7405ff843b10aec55db652bd3f5cb4320ef331ae76c156819a62194328?s=96&d=mm&r=g\",\"url\":\"https:\\\/\\\/secure.gravatar.com\\\/avatar\\\/98c60c7405ff843b10aec55db652bd3f5cb4320ef331ae76c156819a62194328?s=96&d=mm&r=g\",\"contentUrl\":\"https:\\\/\\\/secure.gravatar.com\\\/avatar\\\/98c60c7405ff843b10aec55db652bd3f5cb4320ef331ae76c156819a62194328?s=96&d=mm&r=g\",\"caption\":\"Confederaci\u00f3 Mundial de Penyes del FC Barcelona\"},\"url\":\"https:\\\/\\\/confederaciopenyes.cat\\\/es\\\/author\\\/comunicacioconfederaciopenyes-cat\\\/\"}]}<\/script>\n<!-- \/ Yoast SEO Premium plugin. -->","yoast_head_json":{"title":"El movimiento de pe\u00f1as, implicado de lleno en la ayuda a Ucrania\u00a0","description":"La Confederaci\u00f3n Mundial de Pe\u00f1as, las Federaciones y las pe\u00f1as han aportado ayuda a Ucrania con recogidas de alimentos y material.","robots":{"index":"index","follow":"follow","max-snippet":"max-snippet:-1","max-image-preview":"max-image-preview:large","max-video-preview":"max-video-preview:-1"},"canonical":"https:\/\/confederaciopenyes.cat\/es\/movimiento-penas-implicado-ayuda-a-ucrania\/","og_locale":"es_ES","og_type":"article","og_title":"El movimiento de pe\u00f1as, implicado de lleno en la ayuda a Ucrania\u00a0","og_description":"La Confederaci\u00f3n Mundial de Pe\u00f1as, las Federaciones y las pe\u00f1as han aportado ayuda a Ucrania con recogidas de alimentos y material.","og_url":"https:\/\/confederaciopenyes.cat\/es\/movimiento-penas-implicado-ayuda-a-ucrania\/","og_site_name":"Confederaci\u00f3 Mundial de Penyes del FC Barcelona","article_publisher":"https:\/\/www.facebook.com\/ConfederacioMundialPenyesFCB","article_published_time":"2022-03-17T14:55:33+00:00","article_modified_time":"2022-03-17T14:55:35+00:00","og_image":[{"width":2016,"height":1512,"url":"https:\/\/confederaciopenyes.cat\/wp-content\/uploads\/2022\/03\/WhatsApp-Image-2022-03-17-at-14.39.22-1.jpeg","type":"image\/jpeg"}],"author":"Confederaci\u00f3 Mundial de Penyes del FC Barcelona","twitter_card":"summary_large_image","twitter_creator":"@ConfePenyesFCB","twitter_site":"@ConfePenyesFCB","twitter_misc":{"Escrito por":"Confederaci\u00f3 Mundial de Penyes del FC Barcelona","Tiempo de lectura":"3 minutos"},"schema":{"@context":"https:\/\/schema.org","@graph":[{"@type":"Article","@id":"https:\/\/confederaciopenyes.cat\/es\/movimiento-penas-implicado-ayuda-a-ucrania\/#article","isPartOf":{"@id":"https:\/\/confederaciopenyes.cat\/es\/movimiento-penas-implicado-ayuda-a-ucrania\/"},"author":{"name":"Confederaci\u00f3 Mundial de Penyes del FC Barcelona","@id":"https:\/\/confederaciopenyes.cat\/es\/#\/schema\/person\/337072f6daef87a85aa59aa1f134387c"},"headline":"El movimiento de pe\u00f1as, implicado de lleno en la ayuda a Ucrania\u00a0","datePublished":"2022-03-17T14:55:33+00:00","dateModified":"2022-03-17T14:55:35+00:00","mainEntityOfPage":{"@id":"https:\/\/confederaciopenyes.cat\/es\/movimiento-penas-implicado-ayuda-a-ucrania\/"},"wordCount":499,"publisher":{"@id":"https:\/\/confederaciopenyes.cat\/es\/#organization"},"image":{"@id":"https:\/\/confederaciopenyes.cat\/es\/movimiento-penas-implicado-ayuda-a-ucrania\/#primaryimage"},"thumbnailUrl":"https:\/\/confederaciopenyes.cat\/wp-content\/uploads\/2022\/03\/WhatsApp-Image-2022-03-17-at-14.39.22-1.jpeg","keywords":["confederaci\u00f3n mundial de pe\u00f1as","noticias","pe\u00f1as","recaptaci\u00f3n fondos","recogidas alimentos","solidaridad","Ucrania"],"articleSection":["Noticias"],"inLanguage":"es"},{"@type":"WebPage","@id":"https:\/\/confederaciopenyes.cat\/es\/movimiento-penas-implicado-ayuda-a-ucrania\/","url":"https:\/\/confederaciopenyes.cat\/es\/movimiento-penas-implicado-ayuda-a-ucrania\/","name":"El movimiento de pe\u00f1as, implicado de lleno en la ayuda a Ucrania\u00a0","isPartOf":{"@id":"https:\/\/confederaciopenyes.cat\/es\/#website"},"primaryImageOfPage":{"@id":"https:\/\/confederaciopenyes.cat\/es\/movimiento-penas-implicado-ayuda-a-ucrania\/#primaryimage"},"image":{"@id":"https:\/\/confederaciopenyes.cat\/es\/movimiento-penas-implicado-ayuda-a-ucrania\/#primaryimage"},"thumbnailUrl":"https:\/\/confederaciopenyes.cat\/wp-content\/uploads\/2022\/03\/WhatsApp-Image-2022-03-17-at-14.39.22-1.jpeg","datePublished":"2022-03-17T14:55:33+00:00","dateModified":"2022-03-17T14:55:35+00:00","description":"La Confederaci\u00f3n Mundial de Pe\u00f1as, las Federaciones y las pe\u00f1as han aportado ayuda a Ucrania con recogidas de alimentos y material.","breadcrumb":{"@id":"https:\/\/confederaciopenyes.cat\/es\/movimiento-penas-implicado-ayuda-a-ucrania\/#breadcrumb"},"inLanguage":"es","potentialAction":[{"@type":"ReadAction","target":["https:\/\/confederaciopenyes.cat\/es\/movimiento-penas-implicado-ayuda-a-ucrania\/"]}]},{"@type":"ImageObject","inLanguage":"es","@id":"https:\/\/confederaciopenyes.cat\/es\/movimiento-penas-implicado-ayuda-a-ucrania\/#primaryimage","url":"https:\/\/confederaciopenyes.cat\/wp-content\/uploads\/2022\/03\/WhatsApp-Image-2022-03-17-at-14.39.22-1.jpeg","contentUrl":"https:\/\/confederaciopenyes.cat\/wp-content\/uploads\/2022\/03\/WhatsApp-Image-2022-03-17-at-14.39.22-1.jpeg","width":2016,"height":1512},{"@type":"BreadcrumbList","@id":"https:\/\/confederaciopenyes.cat\/es\/movimiento-penas-implicado-ayuda-a-ucrania\/#breadcrumb","itemListElement":[{"@type":"ListItem","position":1,"name":"Inici","item":"https:\/\/confederaciopenyes.cat\/es\/"},{"@type":"ListItem","position":2,"name":"El movimiento de pe\u00f1as, implicado de lleno en la ayuda a Ucrania\u00a0"}]},{"@type":"WebSite","@id":"https:\/\/confederaciopenyes.cat\/es\/#website","url":"https:\/\/confederaciopenyes.cat\/es\/","name":"Confederaci\u00f3 Mundial de Penyes del FC Barcelona","description":"C.M. Penyes FC Barcelona","publisher":{"@id":"https:\/\/confederaciopenyes.cat\/es\/#organization"},"potentialAction":[{"@type":"SearchAction","target":{"@type":"EntryPoint","urlTemplate":"https:\/\/confederaciopenyes.cat\/es\/?s={search_term_string}"},"query-input":{"@type":"PropertyValueSpecification","valueRequired":true,"valueName":"search_term_string"}}],"inLanguage":"es"},{"@type":"Organization","@id":"https:\/\/confederaciopenyes.cat\/es\/#organization","name":"Confederaci\u00f3 Mundial de Penyes del FC Barcelona","url":"https:\/\/confederaciopenyes.cat\/es\/","logo":{"@type":"ImageObject","inLanguage":"es","@id":"https:\/\/confederaciopenyes.cat\/es\/#\/schema\/logo\/image\/","url":"https:\/\/confederaciopenyes.cat\/wp-content\/uploads\/2022\/07\/cropped-logo_horizontal.png","contentUrl":"https:\/\/confederaciopenyes.cat\/wp-content\/uploads\/2022\/07\/cropped-logo_horizontal.png","width":1320,"height":309,"caption":"Confederaci\u00f3 Mundial de Penyes del FC Barcelona"},"image":{"@id":"https:\/\/confederaciopenyes.cat\/es\/#\/schema\/logo\/image\/"},"sameAs":["https:\/\/www.facebook.com\/ConfederacioMundialPenyesFCB","https:\/\/x.com\/ConfePenyesFCB","https:\/\/www.instagram.com\/confepenyesfcb\/"]},{"@type":"Person","@id":"https:\/\/confederaciopenyes.cat\/es\/#\/schema\/person\/337072f6daef87a85aa59aa1f134387c","name":"Confederaci\u00f3 Mundial de Penyes del FC Barcelona","image":{"@type":"ImageObject","inLanguage":"es","@id":"https:\/\/secure.gravatar.com\/avatar\/98c60c7405ff843b10aec55db652bd3f5cb4320ef331ae76c156819a62194328?s=96&d=mm&r=g","url":"https:\/\/secure.gravatar.com\/avatar\/98c60c7405ff843b10aec55db652bd3f5cb4320ef331ae76c156819a62194328?s=96&d=mm&r=g","contentUrl":"https:\/\/secure.gravatar.com\/avatar\/98c60c7405ff843b10aec55db652bd3f5cb4320ef331ae76c156819a62194328?s=96&d=mm&r=g","caption":"Confederaci\u00f3 Mundial de Penyes del FC Barcelona"},"url":"https:\/\/confederaciopenyes.cat\/es\/author\/comunicacioconfederaciopenyes-cat\/"}]}},"_links":{"self":[{"href":"https:\/\/confederaciopenyes.cat\/es\/wp-json\/wp\/v2\/posts\/2304","targetHints":{"allow":["GET"]}}],"collection":[{"href":"https:\/\/confederaciopenyes.cat\/es\/wp-json\/wp\/v2\/posts"}],"about":[{"href":"https:\/\/confederaciopenyes.cat\/es\/wp-json\/wp\/v2\/types\/post"}],"author":[{"embeddable":true,"href":"https:\/\/confederaciopenyes.cat\/es\/wp-json\/wp\/v2\/users\/4"}],"replies":[{"embeddable":true,"href":"https:\/\/confederaciopenyes.cat\/es\/wp-json\/wp\/v2\/comments?post=2304"}],"version-history":[{"count":5,"href":"https:\/\/confederaciopenyes.cat\/es\/wp-json\/wp\/v2\/posts\/2304\/revisions"}],"predecessor-version":[{"id":2329,"href":"https:\/\/confederaciopenyes.cat\/es\/wp-json\/wp\/v2\/posts\/2304\/revisions\/2329"}],"wp:featuredmedia":[{"embeddable":true,"href":"https:\/\/confederaciopenyes.cat\/es\/wp-json\/wp\/v2\/media\/2327"}],"wp:attachment":[{"href":"https:\/\/confederaciopenyes.cat\/es\/wp-json\/wp\/v2\/media?parent=2304"}],"wp:term":[{"taxonomy":"category","embeddable":true,"href":"https:\/\/confederaciopenyes.cat\/es\/wp-json\/wp\/v2\/categories?post=2304"},{"taxonomy":"post_tag","embeddable":true,"href":"https:\/\/confederaciopenyes.cat\/es\/wp-json\/wp\/v2\/tags?post=2304"}],"curies":[{"name":"wp","href":"https:\/\/api.w.org\/{rel}","templated":true}]}}