{"id":25265,"date":"2024-09-05T10:20:04","date_gmt":"2024-09-05T08:20:04","guid":{"rendered":"https:\/\/confederaciopenyes.cat\/torneos-populares-en-la-pb-tortosa-la-pb-angles-y-la-pb-monells\/"},"modified":"2024-09-05T10:29:48","modified_gmt":"2024-09-05T08:29:48","slug":"torneos-pb-tortosa-pb-angles-pb-monells","status":"publish","type":"post","link":"https:\/\/confederaciopenyes.cat\/es\/torneos-pb-tortosa-pb-angles-pb-monells\/","title":{"rendered":"Torneos populares en la PB Tortosa, la PB Angl\u00e8s y la PB Monells"},"content":{"rendered":"\n<p>El verano ya encara su recta final, y<strong> las pe\u00f1as barcelonistas de todo el territorio siguen ofreciendo varias actividades<\/strong> de car\u00e1cter popular dirigidas a p\u00fablicos de todas las edades. A menudo, son eventos que <strong>se enmarcan en las fiestas mayores <\/strong>que suelen tener lugar durante estas fechas en muchas localidades. <\/p>\n\n<h6 class=\"wp-block-heading\" id=\"h-el-futboli-pren-el-protagonisme\"><strong>El futbol\u00edn toma el protagonismo<\/strong><\/h6>\n\n<p>Una de las entidades que se ha movilizado recientemente es la <strong><a href=\"https:\/\/www.instagram.com\/penyabarcelonistatortosa\/\">Penya Barcelonista de Tortosa<\/a><\/strong> (Federaci\u00f3 Terres de l\u2019Ebre), que la semana pasada organiz\u00f3 su <strong>1er Torneo de Futbol\u00edn<\/strong>. La actividad se desarroll\u00f3 en la Plaza del Ayuntamiento de Tortosa, en el marco de la<strong> fiesta de la Asociaci\u00f3n \u201cVa per tu Vidal\u201d<\/strong>, que fomenta el deporte, la cultura y la solidaridad. La competici\u00f3n cont\u00f3 con una decena de parejas de<strong> ni\u00f1os de entre 10 y 15 a\u00f1os<\/strong>, que jugaron varias eliminatorias hasta decidir el ganador final; todo ello, con un <strong>ambiente lleno de emoci\u00f3n, deportividad y pasi\u00f3n azulgrana<\/strong>. El torneo atrajo a mucha gente y cont\u00f3 con la <strong>colaboraci\u00f3n de la Confederaci\u00f3 Mundial de Penyes<\/strong>, as\u00ed como de otras entidades locales de Tortosa.   <\/p>\n\n<figure class=\"wp-block-gallery has-nested-images columns-2 is-cropped wp-block-gallery-1 is-layout-flex wp-block-gallery-is-layout-flex\">\n<figure class=\"wp-block-image size-large\"><a href=\"https:\/\/confederaciopenyes.cat\/wp-content\/uploads\/2024\/09\/PB-Tortosa-futboli.jpg\"><img decoding=\"async\" width=\"1036\" height=\"777\" data-id=\"25255\" data-src=\"https:\/\/confederaciopenyes.cat\/wp-content\/uploads\/2024\/09\/PB-Tortosa-futboli-edited.jpg\" alt=\"\" class=\"wp-image-25255 lazyload\" data-srcset=\"https:\/\/confederaciopenyes.cat\/wp-content\/uploads\/2024\/09\/PB-Tortosa-futboli-edited.jpg 1036w, https:\/\/confederaciopenyes.cat\/wp-content\/uploads\/2024\/09\/PB-Tortosa-futboli-edited-300x225.jpg 300w, https:\/\/confederaciopenyes.cat\/wp-content\/uploads\/2024\/09\/PB-Tortosa-futboli-edited-1024x768.jpg 1024w, https:\/\/confederaciopenyes.cat\/wp-content\/uploads\/2024\/09\/PB-Tortosa-futboli-edited-768x576.jpg 768w\" data-sizes=\"(max-width: 1036px) 100vw, 1036px\" src=\"data:image\/svg+xml;base64,PHN2ZyB3aWR0aD0iMSIgaGVpZ2h0PSIxIiB4bWxucz0iaHR0cDovL3d3dy53My5vcmcvMjAwMC9zdmciPjwvc3ZnPg==\" style=\"--smush-placeholder-width: 1036px; --smush-placeholder-aspect-ratio: 1036\/777;\" \/><\/a><\/figure>\n\n\n\n<figure class=\"wp-block-image size-large\"><a href=\"https:\/\/confederaciopenyes.cat\/wp-content\/uploads\/2024\/09\/20240827_172131-1-scaled.jpg\"><img decoding=\"async\" width=\"1024\" height=\"576\" data-id=\"25239\" data-src=\"https:\/\/confederaciopenyes.cat\/wp-content\/uploads\/2024\/09\/20240827_172131-1-1024x576.jpg\" alt=\"\" class=\"wp-image-25239 lazyload\" data-srcset=\"https:\/\/confederaciopenyes.cat\/wp-content\/uploads\/2024\/09\/20240827_172131-1-1024x576.jpg 1024w, https:\/\/confederaciopenyes.cat\/wp-content\/uploads\/2024\/09\/20240827_172131-1-300x169.jpg 300w, https:\/\/confederaciopenyes.cat\/wp-content\/uploads\/2024\/09\/20240827_172131-1-768x432.jpg 768w, https:\/\/confederaciopenyes.cat\/wp-content\/uploads\/2024\/09\/20240827_172131-1-1536x864.jpg 1536w, https:\/\/confederaciopenyes.cat\/wp-content\/uploads\/2024\/09\/20240827_172131-1-2048x1153.jpg 2048w\" data-sizes=\"(max-width: 1024px) 100vw, 1024px\" src=\"data:image\/svg+xml;base64,PHN2ZyB3aWR0aD0iMSIgaGVpZ2h0PSIxIiB4bWxucz0iaHR0cDovL3d3dy53My5vcmcvMjAwMC9zdmciPjwvc3ZnPg==\" style=\"--smush-placeholder-width: 1024px; --smush-placeholder-aspect-ratio: 1024\/576;\" \/><\/a><\/figure>\n\n\n\n<figure class=\"wp-block-image size-large\"><a href=\"https:\/\/confederaciopenyes.cat\/wp-content\/uploads\/2024\/09\/20240827_171451-1-scaled.jpg\"><img decoding=\"async\" width=\"1024\" height=\"576\" data-id=\"25242\" data-src=\"https:\/\/confederaciopenyes.cat\/wp-content\/uploads\/2024\/09\/20240827_171451-1-1024x576.jpg\" alt=\"\" class=\"wp-image-25242 lazyload\" data-srcset=\"https:\/\/confederaciopenyes.cat\/wp-content\/uploads\/2024\/09\/20240827_171451-1-1024x576.jpg 1024w, https:\/\/confederaciopenyes.cat\/wp-content\/uploads\/2024\/09\/20240827_171451-1-300x169.jpg 300w, https:\/\/confederaciopenyes.cat\/wp-content\/uploads\/2024\/09\/20240827_171451-1-768x432.jpg 768w, https:\/\/confederaciopenyes.cat\/wp-content\/uploads\/2024\/09\/20240827_171451-1-1536x864.jpg 1536w, https:\/\/confederaciopenyes.cat\/wp-content\/uploads\/2024\/09\/20240827_171451-1-2048x1153.jpg 2048w\" data-sizes=\"(max-width: 1024px) 100vw, 1024px\" src=\"data:image\/svg+xml;base64,PHN2ZyB3aWR0aD0iMSIgaGVpZ2h0PSIxIiB4bWxucz0iaHR0cDovL3d3dy53My5vcmcvMjAwMC9zdmciPjwvc3ZnPg==\" style=\"--smush-placeholder-width: 1024px; --smush-placeholder-aspect-ratio: 1024\/576;\" \/><\/a><\/figure>\n\n\n\n<figure class=\"wp-block-image size-large\"><a href=\"https:\/\/confederaciopenyes.cat\/wp-content\/uploads\/2024\/09\/20240827_172143-1-scaled.jpg\"><img decoding=\"async\" width=\"2560\" height=\"1921\" data-id=\"25261\" data-src=\"https:\/\/confederaciopenyes.cat\/wp-content\/uploads\/2024\/09\/20240827_172143-1-edited-scaled.jpg\" alt=\"\" class=\"wp-image-25261 lazyload\" data-srcset=\"https:\/\/confederaciopenyes.cat\/wp-content\/uploads\/2024\/09\/20240827_172143-1-edited-scaled.jpg 2560w, https:\/\/confederaciopenyes.cat\/wp-content\/uploads\/2024\/09\/20240827_172143-1-edited-300x225.jpg 300w, https:\/\/confederaciopenyes.cat\/wp-content\/uploads\/2024\/09\/20240827_172143-1-edited-1024x768.jpg 1024w, https:\/\/confederaciopenyes.cat\/wp-content\/uploads\/2024\/09\/20240827_172143-1-edited-768x576.jpg 768w, https:\/\/confederaciopenyes.cat\/wp-content\/uploads\/2024\/09\/20240827_172143-1-edited-1536x1153.jpg 1536w, https:\/\/confederaciopenyes.cat\/wp-content\/uploads\/2024\/09\/20240827_172143-1-edited-2048x1537.jpg 2048w\" data-sizes=\"(max-width: 2560px) 100vw, 2560px\" src=\"data:image\/svg+xml;base64,PHN2ZyB3aWR0aD0iMSIgaGVpZ2h0PSIxIiB4bWxucz0iaHR0cDovL3d3dy53My5vcmcvMjAwMC9zdmciPjwvc3ZnPg==\" style=\"--smush-placeholder-width: 2560px; --smush-placeholder-aspect-ratio: 2560\/1921;\" \/><\/a><\/figure>\n<\/figure>\n\n<p><\/p>\n\n<h6 class=\"wp-block-heading\" id=\"h-campionats-de-botifarra\"><strong>Campeonatos de \u201cbotifarra\u201d<\/strong><\/h6>\n\n<p>Los <strong>campeonatos de cartas<\/strong> en la popular modalidad de la \u201cbotifarra\u201d tambi\u00e9n han sido protagonistas durante los \u00faltimos d\u00edas. En el caso de la <strong><a href=\"https:\/\/www.instagram.com\/pbmonells\/\">Penya Blaugrana Monells <\/a><\/strong>(Federaci\u00f3 Empord\u00e0 i Catalunya Nord), se celebr\u00f3 la <strong>2\u00aa edici\u00f3n de la competici\u00f3n<\/strong>, que cont\u00f3 con la participaci\u00f3n de un total de<strong> 60 jugadores<\/strong>. La pe\u00f1a celebr\u00f3 el \u00e9xito de esta convocatoria, en la que <strong>se vivi\u00f3 un muy buen ambiente<\/strong>, y ya piensa en su 3\u00aa edici\u00f3n el pr\u00f3ximo a\u00f1o.  <\/p>\n\n<p>Por su lado, la <strong><a href=\"https:\/\/www.instagram.com\/penya_blaugrana_angles\/\">Penya Blaugrana d\u2019Angl\u00e8s<\/a><\/strong> (Federaci\u00f3 Giron\u00e8s, Selva, Garrotxa i Pla de l\u2019Estany) alcanz\u00f3 la<strong> 4\u00aa edici\u00f3n de su Campeonato de Botifarra <\/strong>con una importante participaci\u00f3n, que <strong>super\u00f3 el total de 60 jugadores<\/strong>. El evento se celebr\u00f3 en los Jardines de Can Cendra, donde tambi\u00e9n se vivi\u00f3 una <strong>atm\u00f3sfera claramente festiva entre todos los participantes<\/strong>. Adem\u00e1s, la pe\u00f1a proyect\u00f3 el partido entre Bar\u00e7a y Valladolid, que coincidi\u00f3 con el campeonato.  <\/p>\n\n<figure class=\"wp-block-gallery has-nested-images columns-default is-cropped wp-block-gallery-2 is-layout-flex wp-block-gallery-is-layout-flex\">\n<figure class=\"wp-block-image size-large\"><a href=\"https:\/\/confederaciopenyes.cat\/wp-content\/uploads\/2024\/09\/PB-Angles-botifarra.jpg\"><img decoding=\"async\" width=\"1024\" height=\"578\" data-id=\"25245\" data-src=\"https:\/\/confederaciopenyes.cat\/wp-content\/uploads\/2024\/09\/PB-Angles-botifarra-1024x578.jpg\" alt=\"\" class=\"wp-image-25245 lazyload\" data-srcset=\"https:\/\/confederaciopenyes.cat\/wp-content\/uploads\/2024\/09\/PB-Angles-botifarra-1024x578.jpg 1024w, https:\/\/confederaciopenyes.cat\/wp-content\/uploads\/2024\/09\/PB-Angles-botifarra-300x169.jpg 300w, https:\/\/confederaciopenyes.cat\/wp-content\/uploads\/2024\/09\/PB-Angles-botifarra-768x434.jpg 768w, https:\/\/confederaciopenyes.cat\/wp-content\/uploads\/2024\/09\/PB-Angles-botifarra.jpg 1080w\" data-sizes=\"(max-width: 1024px) 100vw, 1024px\" src=\"data:image\/svg+xml;base64,PHN2ZyB3aWR0aD0iMSIgaGVpZ2h0PSIxIiB4bWxucz0iaHR0cDovL3d3dy53My5vcmcvMjAwMC9zdmciPjwvc3ZnPg==\" style=\"--smush-placeholder-width: 1024px; --smush-placeholder-aspect-ratio: 1024\/578;\" \/><\/a><\/figure>\n\n\n\n<figure class=\"wp-block-image size-large\"><a href=\"https:\/\/confederaciopenyes.cat\/wp-content\/uploads\/2024\/09\/PB-Monells-botifarra-scaled.jpg\"><img decoding=\"async\" width=\"1024\" height=\"830\" data-id=\"25248\" data-src=\"https:\/\/confederaciopenyes.cat\/wp-content\/uploads\/2024\/09\/PB-Monells-botifarra-1024x830.jpg\" alt=\"\" class=\"wp-image-25248 lazyload\" data-srcset=\"https:\/\/confederaciopenyes.cat\/wp-content\/uploads\/2024\/09\/PB-Monells-botifarra-1024x830.jpg 1024w, https:\/\/confederaciopenyes.cat\/wp-content\/uploads\/2024\/09\/PB-Monells-botifarra-300x243.jpg 300w, https:\/\/confederaciopenyes.cat\/wp-content\/uploads\/2024\/09\/PB-Monells-botifarra-768x622.jpg 768w, https:\/\/confederaciopenyes.cat\/wp-content\/uploads\/2024\/09\/PB-Monells-botifarra-1536x1244.jpg 1536w, https:\/\/confederaciopenyes.cat\/wp-content\/uploads\/2024\/09\/PB-Monells-botifarra-2048x1659.jpg 2048w\" data-sizes=\"(max-width: 1024px) 100vw, 1024px\" src=\"data:image\/svg+xml;base64,PHN2ZyB3aWR0aD0iMSIgaGVpZ2h0PSIxIiB4bWxucz0iaHR0cDovL3d3dy53My5vcmcvMjAwMC9zdmciPjwvc3ZnPg==\" style=\"--smush-placeholder-width: 1024px; --smush-placeholder-aspect-ratio: 1024\/830;\" \/><\/a><\/figure>\n<\/figure>\n","protected":false},"excerpt":{"rendered":"<p>El verano ya encara su recta final, y las pe\u00f1as barcelonistas de todo el territorio siguen ofreciendo varias actividades de car\u00e1cter popular dirigidas a p\u00fablicos de todas las edades. A menudo, son eventos que se enmarcan en las fiestas mayores que suelen tener lugar durante estas fechas en muchas localidades. El futbol\u00edn toma el protagonismo &#8230; <a title=\"Torneos populares en la PB Tortosa, la PB Angl\u00e8s y la PB Monells\" class=\"read-more\" href=\"https:\/\/confederaciopenyes.cat\/es\/torneos-pb-tortosa-pb-angles-pb-monells\/\" aria-label=\"Leer m\u00e1s sobre Torneos populares en la PB Tortosa, la PB Angl\u00e8s y la PB Monells\">Leer m\u00e1s<\/a><\/p>\n","protected":false},"author":4,"featured_media":25232,"comment_status":"closed","ping_status":"open","sticky":false,"template":"","format":"standard","meta":{"_acf_changed":false,"footnotes":""},"categories":[1],"tags":[2556,3099,2554,3008,3097,3098,2555],"class_list":["post-25265","post","type-post","status-publish","format-standard","has-post-thumbnail","hentry","category-noticias-es","tag-confederacio-mundial-de-penyes-es-2","tag-futboli-es","tag-noticias-es","tag-pb-angles-es","tag-pb-monells-es","tag-pb-tortosa-es","tag-penas-es"],"acf":[],"yoast_head":"<!-- This site is optimized with the Yoast SEO Premium plugin v26.7 (Yoast SEO v27.5) - https:\/\/yoast.com\/product\/yoast-seo-premium-wordpress\/ -->\n<title>Torneos en la PB Tortosa, la PB Angl\u00e8s y la PB Monells - C. M. P.<\/title>\n<meta name=\"description\" content=\"Torneos para todas las edades a diferentes puntos del territorio. La semana pasada fue el turno de la PB Tortosa, PB Angl\u00e8s y PB Monells.\" \/>\n<meta name=\"robots\" content=\"index, follow, max-snippet:-1, max-image-preview:large, max-video-preview:-1\" \/>\n<link rel=\"canonical\" href=\"https:\/\/confederaciopenyes.cat\/es\/torneos-pb-tortosa-pb-angles-pb-monells\/\" \/>\n<meta property=\"og:locale\" content=\"es_ES\" \/>\n<meta property=\"og:type\" content=\"article\" \/>\n<meta property=\"og:title\" content=\"Torneos populares en la PB Tortosa, la PB Angl\u00e8s y la PB Monells\" \/>\n<meta property=\"og:description\" content=\"Torneos para todas las edades a diferentes puntos del territorio. La semana pasada fue el turno de la PB Tortosa, PB Angl\u00e8s y PB Monells.\" \/>\n<meta property=\"og:url\" content=\"https:\/\/confederaciopenyes.cat\/es\/torneos-pb-tortosa-pb-angles-pb-monells\/\" \/>\n<meta property=\"og:site_name\" content=\"Confederaci\u00f3 Mundial de Penyes del FC Barcelona\" \/>\n<meta property=\"article:publisher\" content=\"https:\/\/www.facebook.com\/ConfederacioMundialPenyesFCB\" \/>\n<meta property=\"article:published_time\" content=\"2024-09-05T08:20:04+00:00\" \/>\n<meta property=\"article:modified_time\" content=\"2024-09-05T08:29:48+00:00\" \/>\n<meta property=\"og:image\" content=\"https:\/\/confederaciopenyes.cat\/wp-content\/uploads\/2024\/09\/20240827_171318-1-scaled.jpg\" \/>\n\t<meta property=\"og:image:width\" content=\"2560\" \/>\n\t<meta property=\"og:image:height\" content=\"1441\" \/>\n\t<meta property=\"og:image:type\" content=\"image\/jpeg\" \/>\n<meta name=\"author\" content=\"Confederaci\u00f3 Mundial de Penyes del FC Barcelona\" \/>\n<meta name=\"twitter:card\" content=\"summary_large_image\" \/>\n<meta name=\"twitter:creator\" content=\"@ConfePenyesFCB\" \/>\n<meta name=\"twitter:site\" content=\"@ConfePenyesFCB\" \/>\n<meta name=\"twitter:label1\" content=\"Escrito por\" \/>\n\t<meta name=\"twitter:data1\" content=\"Confederaci\u00f3 Mundial de Penyes del FC Barcelona\" \/>\n\t<meta name=\"twitter:label2\" content=\"Tiempo de lectura\" \/>\n\t<meta name=\"twitter:data2\" content=\"4 minutos\" \/>\n<script type=\"application\/ld+json\" class=\"yoast-schema-graph\">{\"@context\":\"https:\\\/\\\/schema.org\",\"@graph\":[{\"@type\":\"Article\",\"@id\":\"https:\\\/\\\/confederaciopenyes.cat\\\/es\\\/torneos-pb-tortosa-pb-angles-pb-monells\\\/#article\",\"isPartOf\":{\"@id\":\"https:\\\/\\\/confederaciopenyes.cat\\\/es\\\/torneos-pb-tortosa-pb-angles-pb-monells\\\/\"},\"author\":{\"name\":\"Confederaci\u00f3 Mundial de Penyes del FC Barcelona\",\"@id\":\"https:\\\/\\\/confederaciopenyes.cat\\\/es\\\/#\\\/schema\\\/person\\\/337072f6daef87a85aa59aa1f134387c\"},\"headline\":\"Torneos populares en la PB Tortosa, la PB Angl\u00e8s y la PB Monells\",\"datePublished\":\"2024-09-05T08:20:04+00:00\",\"dateModified\":\"2024-09-05T08:29:48+00:00\",\"mainEntityOfPage\":{\"@id\":\"https:\\\/\\\/confederaciopenyes.cat\\\/es\\\/torneos-pb-tortosa-pb-angles-pb-monells\\\/\"},\"wordCount\":372,\"publisher\":{\"@id\":\"https:\\\/\\\/confederaciopenyes.cat\\\/es\\\/#organization\"},\"image\":{\"@id\":\"https:\\\/\\\/confederaciopenyes.cat\\\/es\\\/torneos-pb-tortosa-pb-angles-pb-monells\\\/#primaryimage\"},\"thumbnailUrl\":\"https:\\\/\\\/confederaciopenyes.cat\\\/wp-content\\\/uploads\\\/2024\\\/09\\\/20240827_171318-1-scaled.jpg\",\"keywords\":[\"confederaci\u00f3 mundial de penyes\",\"futbol\u00ed\",\"noticias\",\"PB Angl\u00e8s\",\"pb monells\",\"PB Tortosa\",\"pe\u00f1as\"],\"articleSection\":[\"Noticias\"],\"inLanguage\":\"es\"},{\"@type\":\"WebPage\",\"@id\":\"https:\\\/\\\/confederaciopenyes.cat\\\/es\\\/torneos-pb-tortosa-pb-angles-pb-monells\\\/\",\"url\":\"https:\\\/\\\/confederaciopenyes.cat\\\/es\\\/torneos-pb-tortosa-pb-angles-pb-monells\\\/\",\"name\":\"Torneos en la PB Tortosa, la PB Angl\u00e8s y la PB Monells - C. M. P.\",\"isPartOf\":{\"@id\":\"https:\\\/\\\/confederaciopenyes.cat\\\/es\\\/#website\"},\"primaryImageOfPage\":{\"@id\":\"https:\\\/\\\/confederaciopenyes.cat\\\/es\\\/torneos-pb-tortosa-pb-angles-pb-monells\\\/#primaryimage\"},\"image\":{\"@id\":\"https:\\\/\\\/confederaciopenyes.cat\\\/es\\\/torneos-pb-tortosa-pb-angles-pb-monells\\\/#primaryimage\"},\"thumbnailUrl\":\"https:\\\/\\\/confederaciopenyes.cat\\\/wp-content\\\/uploads\\\/2024\\\/09\\\/20240827_171318-1-scaled.jpg\",\"datePublished\":\"2024-09-05T08:20:04+00:00\",\"dateModified\":\"2024-09-05T08:29:48+00:00\",\"description\":\"Torneos para todas las edades a diferentes puntos del territorio. La semana pasada fue el turno de la PB Tortosa, PB Angl\u00e8s y PB Monells.\",\"breadcrumb\":{\"@id\":\"https:\\\/\\\/confederaciopenyes.cat\\\/es\\\/torneos-pb-tortosa-pb-angles-pb-monells\\\/#breadcrumb\"},\"inLanguage\":\"es\",\"potentialAction\":[{\"@type\":\"ReadAction\",\"target\":[\"https:\\\/\\\/confederaciopenyes.cat\\\/es\\\/torneos-pb-tortosa-pb-angles-pb-monells\\\/\"]}]},{\"@type\":\"ImageObject\",\"inLanguage\":\"es\",\"@id\":\"https:\\\/\\\/confederaciopenyes.cat\\\/es\\\/torneos-pb-tortosa-pb-angles-pb-monells\\\/#primaryimage\",\"url\":\"https:\\\/\\\/confederaciopenyes.cat\\\/wp-content\\\/uploads\\\/2024\\\/09\\\/20240827_171318-1-scaled.jpg\",\"contentUrl\":\"https:\\\/\\\/confederaciopenyes.cat\\\/wp-content\\\/uploads\\\/2024\\\/09\\\/20240827_171318-1-scaled.jpg\",\"width\":2560,\"height\":1441},{\"@type\":\"BreadcrumbList\",\"@id\":\"https:\\\/\\\/confederaciopenyes.cat\\\/es\\\/torneos-pb-tortosa-pb-angles-pb-monells\\\/#breadcrumb\",\"itemListElement\":[{\"@type\":\"ListItem\",\"position\":1,\"name\":\"Inici\",\"item\":\"https:\\\/\\\/confederaciopenyes.cat\\\/es\\\/\"},{\"@type\":\"ListItem\",\"position\":2,\"name\":\"Torneos populares en la PB Tortosa, la PB Angl\u00e8s y la PB Monells\"}]},{\"@type\":\"WebSite\",\"@id\":\"https:\\\/\\\/confederaciopenyes.cat\\\/es\\\/#website\",\"url\":\"https:\\\/\\\/confederaciopenyes.cat\\\/es\\\/\",\"name\":\"Confederaci\u00f3 Mundial de Penyes del FC Barcelona\",\"description\":\"C.M. Penyes FC Barcelona\",\"publisher\":{\"@id\":\"https:\\\/\\\/confederaciopenyes.cat\\\/es\\\/#organization\"},\"potentialAction\":[{\"@type\":\"SearchAction\",\"target\":{\"@type\":\"EntryPoint\",\"urlTemplate\":\"https:\\\/\\\/confederaciopenyes.cat\\\/es\\\/?s={search_term_string}\"},\"query-input\":{\"@type\":\"PropertyValueSpecification\",\"valueRequired\":true,\"valueName\":\"search_term_string\"}}],\"inLanguage\":\"es\"},{\"@type\":\"Organization\",\"@id\":\"https:\\\/\\\/confederaciopenyes.cat\\\/es\\\/#organization\",\"name\":\"Confederaci\u00f3 Mundial de Penyes del FC Barcelona\",\"url\":\"https:\\\/\\\/confederaciopenyes.cat\\\/es\\\/\",\"logo\":{\"@type\":\"ImageObject\",\"inLanguage\":\"es\",\"@id\":\"https:\\\/\\\/confederaciopenyes.cat\\\/es\\\/#\\\/schema\\\/logo\\\/image\\\/\",\"url\":\"https:\\\/\\\/confederaciopenyes.cat\\\/wp-content\\\/uploads\\\/2022\\\/07\\\/cropped-logo_horizontal.png\",\"contentUrl\":\"https:\\\/\\\/confederaciopenyes.cat\\\/wp-content\\\/uploads\\\/2022\\\/07\\\/cropped-logo_horizontal.png\",\"width\":1320,\"height\":309,\"caption\":\"Confederaci\u00f3 Mundial de Penyes del FC Barcelona\"},\"image\":{\"@id\":\"https:\\\/\\\/confederaciopenyes.cat\\\/es\\\/#\\\/schema\\\/logo\\\/image\\\/\"},\"sameAs\":[\"https:\\\/\\\/www.facebook.com\\\/ConfederacioMundialPenyesFCB\",\"https:\\\/\\\/x.com\\\/ConfePenyesFCB\",\"https:\\\/\\\/www.instagram.com\\\/confepenyesfcb\\\/\"]},{\"@type\":\"Person\",\"@id\":\"https:\\\/\\\/confederaciopenyes.cat\\\/es\\\/#\\\/schema\\\/person\\\/337072f6daef87a85aa59aa1f134387c\",\"name\":\"Confederaci\u00f3 Mundial de Penyes del FC Barcelona\",\"image\":{\"@type\":\"ImageObject\",\"inLanguage\":\"es\",\"@id\":\"https:\\\/\\\/secure.gravatar.com\\\/avatar\\\/98c60c7405ff843b10aec55db652bd3f5cb4320ef331ae76c156819a62194328?s=96&d=mm&r=g\",\"url\":\"https:\\\/\\\/secure.gravatar.com\\\/avatar\\\/98c60c7405ff843b10aec55db652bd3f5cb4320ef331ae76c156819a62194328?s=96&d=mm&r=g\",\"contentUrl\":\"https:\\\/\\\/secure.gravatar.com\\\/avatar\\\/98c60c7405ff843b10aec55db652bd3f5cb4320ef331ae76c156819a62194328?s=96&d=mm&r=g\",\"caption\":\"Confederaci\u00f3 Mundial de Penyes del FC Barcelona\"},\"url\":\"https:\\\/\\\/confederaciopenyes.cat\\\/es\\\/author\\\/comunicacioconfederaciopenyes-cat\\\/\"}]}<\/script>\n<!-- \/ Yoast SEO Premium plugin. -->","yoast_head_json":{"title":"Torneos en la PB Tortosa, la PB Angl\u00e8s y la PB Monells - C. M. P.","description":"Torneos para todas las edades a diferentes puntos del territorio. La semana pasada fue el turno de la PB Tortosa, PB Angl\u00e8s y PB Monells.","robots":{"index":"index","follow":"follow","max-snippet":"max-snippet:-1","max-image-preview":"max-image-preview:large","max-video-preview":"max-video-preview:-1"},"canonical":"https:\/\/confederaciopenyes.cat\/es\/torneos-pb-tortosa-pb-angles-pb-monells\/","og_locale":"es_ES","og_type":"article","og_title":"Torneos populares en la PB Tortosa, la PB Angl\u00e8s y la PB Monells","og_description":"Torneos para todas las edades a diferentes puntos del territorio. La semana pasada fue el turno de la PB Tortosa, PB Angl\u00e8s y PB Monells.","og_url":"https:\/\/confederaciopenyes.cat\/es\/torneos-pb-tortosa-pb-angles-pb-monells\/","og_site_name":"Confederaci\u00f3 Mundial de Penyes del FC Barcelona","article_publisher":"https:\/\/www.facebook.com\/ConfederacioMundialPenyesFCB","article_published_time":"2024-09-05T08:20:04+00:00","article_modified_time":"2024-09-05T08:29:48+00:00","og_image":[{"width":2560,"height":1441,"url":"https:\/\/confederaciopenyes.cat\/wp-content\/uploads\/2024\/09\/20240827_171318-1-scaled.jpg","type":"image\/jpeg"}],"author":"Confederaci\u00f3 Mundial de Penyes del FC Barcelona","twitter_card":"summary_large_image","twitter_creator":"@ConfePenyesFCB","twitter_site":"@ConfePenyesFCB","twitter_misc":{"Escrito por":"Confederaci\u00f3 Mundial de Penyes del FC Barcelona","Tiempo de lectura":"4 minutos"},"schema":{"@context":"https:\/\/schema.org","@graph":[{"@type":"Article","@id":"https:\/\/confederaciopenyes.cat\/es\/torneos-pb-tortosa-pb-angles-pb-monells\/#article","isPartOf":{"@id":"https:\/\/confederaciopenyes.cat\/es\/torneos-pb-tortosa-pb-angles-pb-monells\/"},"author":{"name":"Confederaci\u00f3 Mundial de Penyes del FC Barcelona","@id":"https:\/\/confederaciopenyes.cat\/es\/#\/schema\/person\/337072f6daef87a85aa59aa1f134387c"},"headline":"Torneos populares en la PB Tortosa, la PB Angl\u00e8s y la PB Monells","datePublished":"2024-09-05T08:20:04+00:00","dateModified":"2024-09-05T08:29:48+00:00","mainEntityOfPage":{"@id":"https:\/\/confederaciopenyes.cat\/es\/torneos-pb-tortosa-pb-angles-pb-monells\/"},"wordCount":372,"publisher":{"@id":"https:\/\/confederaciopenyes.cat\/es\/#organization"},"image":{"@id":"https:\/\/confederaciopenyes.cat\/es\/torneos-pb-tortosa-pb-angles-pb-monells\/#primaryimage"},"thumbnailUrl":"https:\/\/confederaciopenyes.cat\/wp-content\/uploads\/2024\/09\/20240827_171318-1-scaled.jpg","keywords":["confederaci\u00f3 mundial de penyes","futbol\u00ed","noticias","PB Angl\u00e8s","pb monells","PB Tortosa","pe\u00f1as"],"articleSection":["Noticias"],"inLanguage":"es"},{"@type":"WebPage","@id":"https:\/\/confederaciopenyes.cat\/es\/torneos-pb-tortosa-pb-angles-pb-monells\/","url":"https:\/\/confederaciopenyes.cat\/es\/torneos-pb-tortosa-pb-angles-pb-monells\/","name":"Torneos en la PB Tortosa, la PB Angl\u00e8s y la PB Monells - C. M. P.","isPartOf":{"@id":"https:\/\/confederaciopenyes.cat\/es\/#website"},"primaryImageOfPage":{"@id":"https:\/\/confederaciopenyes.cat\/es\/torneos-pb-tortosa-pb-angles-pb-monells\/#primaryimage"},"image":{"@id":"https:\/\/confederaciopenyes.cat\/es\/torneos-pb-tortosa-pb-angles-pb-monells\/#primaryimage"},"thumbnailUrl":"https:\/\/confederaciopenyes.cat\/wp-content\/uploads\/2024\/09\/20240827_171318-1-scaled.jpg","datePublished":"2024-09-05T08:20:04+00:00","dateModified":"2024-09-05T08:29:48+00:00","description":"Torneos para todas las edades a diferentes puntos del territorio. La semana pasada fue el turno de la PB Tortosa, PB Angl\u00e8s y PB Monells.","breadcrumb":{"@id":"https:\/\/confederaciopenyes.cat\/es\/torneos-pb-tortosa-pb-angles-pb-monells\/#breadcrumb"},"inLanguage":"es","potentialAction":[{"@type":"ReadAction","target":["https:\/\/confederaciopenyes.cat\/es\/torneos-pb-tortosa-pb-angles-pb-monells\/"]}]},{"@type":"ImageObject","inLanguage":"es","@id":"https:\/\/confederaciopenyes.cat\/es\/torneos-pb-tortosa-pb-angles-pb-monells\/#primaryimage","url":"https:\/\/confederaciopenyes.cat\/wp-content\/uploads\/2024\/09\/20240827_171318-1-scaled.jpg","contentUrl":"https:\/\/confederaciopenyes.cat\/wp-content\/uploads\/2024\/09\/20240827_171318-1-scaled.jpg","width":2560,"height":1441},{"@type":"BreadcrumbList","@id":"https:\/\/confederaciopenyes.cat\/es\/torneos-pb-tortosa-pb-angles-pb-monells\/#breadcrumb","itemListElement":[{"@type":"ListItem","position":1,"name":"Inici","item":"https:\/\/confederaciopenyes.cat\/es\/"},{"@type":"ListItem","position":2,"name":"Torneos populares en la PB Tortosa, la PB Angl\u00e8s y la PB Monells"}]},{"@type":"WebSite","@id":"https:\/\/confederaciopenyes.cat\/es\/#website","url":"https:\/\/confederaciopenyes.cat\/es\/","name":"Confederaci\u00f3 Mundial de Penyes del FC Barcelona","description":"C.M. Penyes FC Barcelona","publisher":{"@id":"https:\/\/confederaciopenyes.cat\/es\/#organization"},"potentialAction":[{"@type":"SearchAction","target":{"@type":"EntryPoint","urlTemplate":"https:\/\/confederaciopenyes.cat\/es\/?s={search_term_string}"},"query-input":{"@type":"PropertyValueSpecification","valueRequired":true,"valueName":"search_term_string"}}],"inLanguage":"es"},{"@type":"Organization","@id":"https:\/\/confederaciopenyes.cat\/es\/#organization","name":"Confederaci\u00f3 Mundial de Penyes del FC Barcelona","url":"https:\/\/confederaciopenyes.cat\/es\/","logo":{"@type":"ImageObject","inLanguage":"es","@id":"https:\/\/confederaciopenyes.cat\/es\/#\/schema\/logo\/image\/","url":"https:\/\/confederaciopenyes.cat\/wp-content\/uploads\/2022\/07\/cropped-logo_horizontal.png","contentUrl":"https:\/\/confederaciopenyes.cat\/wp-content\/uploads\/2022\/07\/cropped-logo_horizontal.png","width":1320,"height":309,"caption":"Confederaci\u00f3 Mundial de Penyes del FC Barcelona"},"image":{"@id":"https:\/\/confederaciopenyes.cat\/es\/#\/schema\/logo\/image\/"},"sameAs":["https:\/\/www.facebook.com\/ConfederacioMundialPenyesFCB","https:\/\/x.com\/ConfePenyesFCB","https:\/\/www.instagram.com\/confepenyesfcb\/"]},{"@type":"Person","@id":"https:\/\/confederaciopenyes.cat\/es\/#\/schema\/person\/337072f6daef87a85aa59aa1f134387c","name":"Confederaci\u00f3 Mundial de Penyes del FC Barcelona","image":{"@type":"ImageObject","inLanguage":"es","@id":"https:\/\/secure.gravatar.com\/avatar\/98c60c7405ff843b10aec55db652bd3f5cb4320ef331ae76c156819a62194328?s=96&d=mm&r=g","url":"https:\/\/secure.gravatar.com\/avatar\/98c60c7405ff843b10aec55db652bd3f5cb4320ef331ae76c156819a62194328?s=96&d=mm&r=g","contentUrl":"https:\/\/secure.gravatar.com\/avatar\/98c60c7405ff843b10aec55db652bd3f5cb4320ef331ae76c156819a62194328?s=96&d=mm&r=g","caption":"Confederaci\u00f3 Mundial de Penyes del FC Barcelona"},"url":"https:\/\/confederaciopenyes.cat\/es\/author\/comunicacioconfederaciopenyes-cat\/"}]}},"_links":{"self":[{"href":"https:\/\/confederaciopenyes.cat\/es\/wp-json\/wp\/v2\/posts\/25265","targetHints":{"allow":["GET"]}}],"collection":[{"href":"https:\/\/confederaciopenyes.cat\/es\/wp-json\/wp\/v2\/posts"}],"about":[{"href":"https:\/\/confederaciopenyes.cat\/es\/wp-json\/wp\/v2\/types\/post"}],"author":[{"embeddable":true,"href":"https:\/\/confederaciopenyes.cat\/es\/wp-json\/wp\/v2\/users\/4"}],"replies":[{"embeddable":true,"href":"https:\/\/confederaciopenyes.cat\/es\/wp-json\/wp\/v2\/comments?post=25265"}],"version-history":[{"count":2,"href":"https:\/\/confederaciopenyes.cat\/es\/wp-json\/wp\/v2\/posts\/25265\/revisions"}],"predecessor-version":[{"id":25267,"href":"https:\/\/confederaciopenyes.cat\/es\/wp-json\/wp\/v2\/posts\/25265\/revisions\/25267"}],"wp:featuredmedia":[{"embeddable":true,"href":"https:\/\/confederaciopenyes.cat\/es\/wp-json\/wp\/v2\/media\/25232"}],"wp:attachment":[{"href":"https:\/\/confederaciopenyes.cat\/es\/wp-json\/wp\/v2\/media?parent=25265"}],"wp:term":[{"taxonomy":"category","embeddable":true,"href":"https:\/\/confederaciopenyes.cat\/es\/wp-json\/wp\/v2\/categories?post=25265"},{"taxonomy":"post_tag","embeddable":true,"href":"https:\/\/confederaciopenyes.cat\/es\/wp-json\/wp\/v2\/tags?post=25265"}],"curies":[{"name":"wp","href":"https:\/\/api.w.org\/{rel}","templated":true}]}}