{"id":25908,"date":"2024-10-01T13:45:50","date_gmt":"2024-10-01T11:45:50","guid":{"rendered":"https:\/\/confederaciopenyes.cat\/la-confederacio-mundial-de-penyes-recibe-a-la-plataforma-som-un-clam-en-su-plenario\/"},"modified":"2024-10-01T14:04:36","modified_gmt":"2024-10-01T12:04:36","slug":"la-confederacio-mundial-de-penyes-recibe-a-la-plataforma-som-un-clam-en-su-plenario","status":"publish","type":"post","link":"https:\/\/confederaciopenyes.cat\/es\/la-confederacio-mundial-de-penyes-recibe-a-la-plataforma-som-un-clam-en-su-plenario\/","title":{"rendered":"La Confederaci\u00f3 Mundial de Penyes recibe a la plataforma \u2018Som un Clam\u2019 en su Plenario"},"content":{"rendered":"\n<p>El pasado s\u00e1bado, la Confederaci\u00f3 Mundial de Penyes celebr\u00f3 un <strong>nuevo Plenario de su Consejo de Penyes<\/strong> con la participaci\u00f3n de <strong>m\u00e1s de 30 representantes de las distintas Federaciones territoriales<\/strong>, encabezados por <strong>Antoni Guil<\/strong>, presidente de la Confederaci\u00f3. En esta ocasi\u00f3n, el encuentro cont\u00f3 con la presencia especial de la plataforma de socios del Bar\u00e7a <strong><a href=\"https:\/\/somunclam.cat\/index.html\">\u00abSom un Clam\u00bb<\/a><\/strong>, representada por <strong>Joan Camprub\u00ed, Georgina S\u00e1nchez y Albert Ferrer<\/strong>. Los tres expusieron su <strong>diagn\u00f3stico de la situaci\u00f3n actual del FC Barcelona<\/strong> y detallaron sus propuestas, y tambi\u00e9n escucharon las <strong>sugerencias y preocupaciones de los representantes de las pe\u00f1as<\/strong>, con el apartado social del Club como foco principal.  <\/p>\n\n<p>Adem\u00e1s, plantearon la necesidad de que la pr\u00f3xima Asamblea sea <strong>un ejercicio de participaci\u00f3n, transparencia y asunci\u00f3n de responsabilidades por parte de la junta directiva del Club<\/strong>. En este sentido, los presentes se sumaron a la demanda de &#8216;Som un Clam&#8217; para <strong>recuperar la Asamblea de Socios Compromisarios presencial<\/strong>, para as\u00ed conseguir la m\u00e1xima representatividad y debate en el m\u00e1ximo \u00f3rgano de gobierno del Club. Camprub\u00ed tambi\u00e9n aprovech\u00f3 la oportunidad para <strong>invitar a los penyistas al acto de presentaci\u00f3n p\u00fablica de \u00abSom un Clam\u00bb<\/strong>, que est\u00e1 previsto para este pr\u00f3ximo <strong>17 de octubre<\/strong>.  <\/p>\n\n<h6 class=\"wp-block-heading\" id=\"h-un-espai-obert-a-tots-els-barcelonistes\"><strong>Un espacio abierto a todos los barcelonistas<\/strong><\/h6>\n\n<p>La presencia de \u2018Som un Clam\u2019 responde a <strong>la voluntad de la Confederaci\u00f3 Mundial de Penyes de ser un espacio abierto a todos los grupos de socios y pe\u00f1istas que quieran expresar sus opiniones<\/strong>, tal como se aprob\u00f3 en el anterior Plenario del mes de julio. De hecho, el Plenario del pasado s\u00e1bado tambi\u00e9n cont\u00f3 con la intervenci\u00f3n de <strong>Ricard Faura, en representaci\u00f3n de los seis grupos de opini\u00f3n formados por socios barcelonistas<\/strong>. <\/p>\n\n<p>En pr\u00f3ximas reuniones, la Confederaci\u00f3 Mundial de Penyes tiene previsto contar con la participaci\u00f3n de nombres como <strong>V\u00edctor Font i Marc C\u00edria<\/strong>, y tambi\u00e9n se muestra <strong>abierta a recibir a los representantes del propio Club<\/strong>. As\u00ed lo afirm\u00f3 Antoni Guil, que record\u00f3 que <strong>el movimiento de pe\u00f1as agrupa a 163.000 pe\u00f1istas, de los cuales 18.000 son socios, por lo que representa a una parte importante del FC Barcelona<\/strong>. <\/p>\n\n<figure class=\"wp-block-gallery has-nested-images columns-2 is-cropped wp-block-gallery-1 is-layout-flex wp-block-gallery-is-layout-flex\">\n<figure class=\"wp-block-image size-large\"><a href=\"https:\/\/confederaciopenyes.cat\/wp-content\/uploads\/2024\/10\/DSC6188-scaled.jpg\"><img decoding=\"async\" width=\"1024\" height=\"683\" data-id=\"25898\" data-src=\"https:\/\/confederaciopenyes.cat\/wp-content\/uploads\/2024\/10\/DSC6188-1024x683.jpg\" alt=\"\" class=\"wp-image-25898 lazyload\" data-srcset=\"https:\/\/confederaciopenyes.cat\/wp-content\/uploads\/2024\/10\/DSC6188-1024x683.jpg 1024w, https:\/\/confederaciopenyes.cat\/wp-content\/uploads\/2024\/10\/DSC6188-300x200.jpg 300w, https:\/\/confederaciopenyes.cat\/wp-content\/uploads\/2024\/10\/DSC6188-768x512.jpg 768w, https:\/\/confederaciopenyes.cat\/wp-content\/uploads\/2024\/10\/DSC6188-1536x1024.jpg 1536w, https:\/\/confederaciopenyes.cat\/wp-content\/uploads\/2024\/10\/DSC6188-2048x1366.jpg 2048w\" data-sizes=\"(max-width: 1024px) 100vw, 1024px\" src=\"data:image\/svg+xml;base64,PHN2ZyB3aWR0aD0iMSIgaGVpZ2h0PSIxIiB4bWxucz0iaHR0cDovL3d3dy53My5vcmcvMjAwMC9zdmciPjwvc3ZnPg==\" style=\"--smush-placeholder-width: 1024px; --smush-placeholder-aspect-ratio: 1024\/683;\" \/><\/a><\/figure>\n\n\n\n<figure class=\"wp-block-image size-large\"><a href=\"https:\/\/confederaciopenyes.cat\/wp-content\/uploads\/2024\/10\/DSC6067-scaled.jpg\"><img decoding=\"async\" width=\"1024\" height=\"683\" data-id=\"25889\" data-src=\"https:\/\/confederaciopenyes.cat\/wp-content\/uploads\/2024\/10\/DSC6067-1024x683.jpg\" alt=\"\" class=\"wp-image-25889 lazyload\" data-srcset=\"https:\/\/confederaciopenyes.cat\/wp-content\/uploads\/2024\/10\/DSC6067-1024x683.jpg 1024w, https:\/\/confederaciopenyes.cat\/wp-content\/uploads\/2024\/10\/DSC6067-300x200.jpg 300w, https:\/\/confederaciopenyes.cat\/wp-content\/uploads\/2024\/10\/DSC6067-768x512.jpg 768w, https:\/\/confederaciopenyes.cat\/wp-content\/uploads\/2024\/10\/DSC6067-1536x1024.jpg 1536w, https:\/\/confederaciopenyes.cat\/wp-content\/uploads\/2024\/10\/DSC6067-2048x1366.jpg 2048w\" data-sizes=\"(max-width: 1024px) 100vw, 1024px\" src=\"data:image\/svg+xml;base64,PHN2ZyB3aWR0aD0iMSIgaGVpZ2h0PSIxIiB4bWxucz0iaHR0cDovL3d3dy53My5vcmcvMjAwMC9zdmciPjwvc3ZnPg==\" style=\"--smush-placeholder-width: 1024px; --smush-placeholder-aspect-ratio: 1024\/683;\" \/><\/a><\/figure>\n\n\n\n<figure class=\"wp-block-image size-large\"><a href=\"https:\/\/confederaciopenyes.cat\/wp-content\/uploads\/2024\/10\/DSC6161-scaled.jpg\"><img decoding=\"async\" width=\"1024\" height=\"542\" data-id=\"25886\" data-src=\"https:\/\/confederaciopenyes.cat\/wp-content\/uploads\/2024\/10\/DSC6161-1024x542.jpg\" alt=\"\" class=\"wp-image-25886 lazyload\" data-srcset=\"https:\/\/confederaciopenyes.cat\/wp-content\/uploads\/2024\/10\/DSC6161-1024x542.jpg 1024w, https:\/\/confederaciopenyes.cat\/wp-content\/uploads\/2024\/10\/DSC6161-300x159.jpg 300w, https:\/\/confederaciopenyes.cat\/wp-content\/uploads\/2024\/10\/DSC6161-768x406.jpg 768w, https:\/\/confederaciopenyes.cat\/wp-content\/uploads\/2024\/10\/DSC6161-1536x813.jpg 1536w, https:\/\/confederaciopenyes.cat\/wp-content\/uploads\/2024\/10\/DSC6161-2048x1084.jpg 2048w\" data-sizes=\"(max-width: 1024px) 100vw, 1024px\" src=\"data:image\/svg+xml;base64,PHN2ZyB3aWR0aD0iMSIgaGVpZ2h0PSIxIiB4bWxucz0iaHR0cDovL3d3dy53My5vcmcvMjAwMC9zdmciPjwvc3ZnPg==\" style=\"--smush-placeholder-width: 1024px; --smush-placeholder-aspect-ratio: 1024\/542;\" \/><\/a><\/figure>\n\n\n\n<figure class=\"wp-block-image size-large\"><a href=\"https:\/\/confederaciopenyes.cat\/wp-content\/uploads\/2024\/10\/DSC6060-scaled.jpg\"><img decoding=\"async\" width=\"1024\" height=\"681\" data-id=\"25888\" data-src=\"https:\/\/confederaciopenyes.cat\/wp-content\/uploads\/2024\/10\/DSC6060-1024x681.jpg\" alt=\"\" class=\"wp-image-25888 lazyload\" data-srcset=\"https:\/\/confederaciopenyes.cat\/wp-content\/uploads\/2024\/10\/DSC6060-1024x681.jpg 1024w, https:\/\/confederaciopenyes.cat\/wp-content\/uploads\/2024\/10\/DSC6060-300x199.jpg 300w, https:\/\/confederaciopenyes.cat\/wp-content\/uploads\/2024\/10\/DSC6060-768x511.jpg 768w, https:\/\/confederaciopenyes.cat\/wp-content\/uploads\/2024\/10\/DSC6060-1536x1021.jpg 1536w, https:\/\/confederaciopenyes.cat\/wp-content\/uploads\/2024\/10\/DSC6060-2048x1362.jpg 2048w\" data-sizes=\"(max-width: 1024px) 100vw, 1024px\" src=\"data:image\/svg+xml;base64,PHN2ZyB3aWR0aD0iMSIgaGVpZ2h0PSIxIiB4bWxucz0iaHR0cDovL3d3dy53My5vcmcvMjAwMC9zdmciPjwvc3ZnPg==\" style=\"--smush-placeholder-width: 1024px; --smush-placeholder-aspect-ratio: 1024\/681;\" \/><\/a><\/figure>\n\n\n\n<figure class=\"wp-block-image size-large\"><a href=\"https:\/\/confederaciopenyes.cat\/wp-content\/uploads\/2024\/10\/DSC6077-scaled.jpg\"><img decoding=\"async\" width=\"1024\" height=\"683\" data-id=\"25887\" data-src=\"https:\/\/confederaciopenyes.cat\/wp-content\/uploads\/2024\/10\/DSC6077-1024x683.jpg\" alt=\"\" class=\"wp-image-25887 lazyload\" data-srcset=\"https:\/\/confederaciopenyes.cat\/wp-content\/uploads\/2024\/10\/DSC6077-1024x683.jpg 1024w, https:\/\/confederaciopenyes.cat\/wp-content\/uploads\/2024\/10\/DSC6077-300x200.jpg 300w, https:\/\/confederaciopenyes.cat\/wp-content\/uploads\/2024\/10\/DSC6077-768x512.jpg 768w, https:\/\/confederaciopenyes.cat\/wp-content\/uploads\/2024\/10\/DSC6077-1536x1024.jpg 1536w, https:\/\/confederaciopenyes.cat\/wp-content\/uploads\/2024\/10\/DSC6077-2048x1366.jpg 2048w\" data-sizes=\"(max-width: 1024px) 100vw, 1024px\" src=\"data:image\/svg+xml;base64,PHN2ZyB3aWR0aD0iMSIgaGVpZ2h0PSIxIiB4bWxucz0iaHR0cDovL3d3dy53My5vcmcvMjAwMC9zdmciPjwvc3ZnPg==\" style=\"--smush-placeholder-width: 1024px; --smush-placeholder-aspect-ratio: 1024\/683;\" \/><\/a><\/figure>\n\n\n\n<figure class=\"wp-block-image size-large\"><a href=\"https:\/\/confederaciopenyes.cat\/wp-content\/uploads\/2024\/10\/DSC6014-scaled.jpg\"><img decoding=\"async\" width=\"1024\" height=\"683\" data-id=\"25900\" data-src=\"https:\/\/confederaciopenyes.cat\/wp-content\/uploads\/2024\/10\/DSC6014-1024x683.jpg\" alt=\"\" class=\"wp-image-25900 lazyload\" data-srcset=\"https:\/\/confederaciopenyes.cat\/wp-content\/uploads\/2024\/10\/DSC6014-1024x683.jpg 1024w, https:\/\/confederaciopenyes.cat\/wp-content\/uploads\/2024\/10\/DSC6014-300x200.jpg 300w, https:\/\/confederaciopenyes.cat\/wp-content\/uploads\/2024\/10\/DSC6014-768x512.jpg 768w, https:\/\/confederaciopenyes.cat\/wp-content\/uploads\/2024\/10\/DSC6014-1536x1024.jpg 1536w, https:\/\/confederaciopenyes.cat\/wp-content\/uploads\/2024\/10\/DSC6014-2048x1366.jpg 2048w\" data-sizes=\"(max-width: 1024px) 100vw, 1024px\" src=\"data:image\/svg+xml;base64,PHN2ZyB3aWR0aD0iMSIgaGVpZ2h0PSIxIiB4bWxucz0iaHR0cDovL3d3dy53My5vcmcvMjAwMC9zdmciPjwvc3ZnPg==\" style=\"--smush-placeholder-width: 1024px; --smush-placeholder-aspect-ratio: 1024\/683;\" \/><\/a><\/figure>\n<\/figure>\n\n<p><\/p>\n","protected":false},"excerpt":{"rendered":"<p>El pasado s\u00e1bado, la Confederaci\u00f3 Mundial de Penyes celebr\u00f3 un nuevo Plenario de su Consejo de Penyes con la participaci\u00f3n de m\u00e1s de 30 representantes de las distintas Federaciones territoriales, encabezados por Antoni Guil, presidente de la Confederaci\u00f3. En esta ocasi\u00f3n, el encuentro cont\u00f3 con la presencia especial de la plataforma de socios del Bar\u00e7a &#8230; <a title=\"La Confederaci\u00f3 Mundial de Penyes recibe a la plataforma \u2018Som un Clam\u2019 en su Plenario\" class=\"read-more\" href=\"https:\/\/confederaciopenyes.cat\/es\/la-confederacio-mundial-de-penyes-recibe-a-la-plataforma-som-un-clam-en-su-plenario\/\" aria-label=\"Leer m\u00e1s sobre La Confederaci\u00f3 Mundial de Penyes recibe a la plataforma \u2018Som un Clam\u2019 en su Plenario\">Leer m\u00e1s<\/a><\/p>\n","protected":false},"author":4,"featured_media":25885,"comment_status":"closed","ping_status":"open","sticky":false,"template":"","format":"standard","meta":{"_acf_changed":false,"footnotes":""},"categories":[1],"tags":[],"class_list":["post-25908","post","type-post","status-publish","format-standard","has-post-thumbnail","hentry","category-noticias-es"],"acf":[],"yoast_head":"<!-- This site is optimized with the Yoast SEO Premium plugin v26.7 (Yoast SEO v27.5) - https:\/\/yoast.com\/product\/yoast-seo-premium-wordpress\/ -->\n<title>La Confederaci\u00f3 recibe a &quot;Som un Clam&quot;\u2019 en su Plenario - C. M. P.<\/title>\n<meta name=\"description\" content=\"La Confederaci\u00f3 celebr\u00f3 un nuevo Plenario con la representaci\u00f3n de las 30 federaciones territoriales y la presencia de &quot;Som un Clam&quot;.\" \/>\n<meta name=\"robots\" content=\"index, follow, max-snippet:-1, max-image-preview:large, max-video-preview:-1\" \/>\n<link rel=\"canonical\" href=\"https:\/\/confederaciopenyes.cat\/es\/la-confederacio-mundial-de-penyes-recibe-a-la-plataforma-som-un-clam-en-su-plenario\/\" \/>\n<meta property=\"og:locale\" content=\"es_ES\" \/>\n<meta property=\"og:type\" content=\"article\" \/>\n<meta property=\"og:title\" content=\"La Confederaci\u00f3 Mundial de Penyes recibe a la plataforma \u2018Som un Clam\u2019 en su Plenario\" \/>\n<meta property=\"og:description\" content=\"La Confederaci\u00f3 celebr\u00f3 un nuevo Plenario con la representaci\u00f3n de las 30 federaciones territoriales y la presencia de &quot;Som un Clam&quot;.\" \/>\n<meta property=\"og:url\" content=\"https:\/\/confederaciopenyes.cat\/es\/la-confederacio-mundial-de-penyes-recibe-a-la-plataforma-som-un-clam-en-su-plenario\/\" \/>\n<meta property=\"og:site_name\" content=\"Confederaci\u00f3 Mundial de Penyes del FC Barcelona\" \/>\n<meta property=\"article:publisher\" content=\"https:\/\/www.facebook.com\/ConfederacioMundialPenyesFCB\" \/>\n<meta property=\"article:published_time\" content=\"2024-10-01T11:45:50+00:00\" \/>\n<meta property=\"article:modified_time\" content=\"2024-10-01T12:04:36+00:00\" \/>\n<meta property=\"og:image\" content=\"https:\/\/confederaciopenyes.cat\/wp-content\/uploads\/2024\/10\/DSC6194-scaled.jpg\" \/>\n\t<meta property=\"og:image:width\" content=\"2560\" \/>\n\t<meta property=\"og:image:height\" content=\"1245\" \/>\n\t<meta property=\"og:image:type\" content=\"image\/jpeg\" \/>\n<meta name=\"author\" content=\"Confederaci\u00f3 Mundial de Penyes del FC Barcelona\" \/>\n<meta name=\"twitter:card\" content=\"summary_large_image\" \/>\n<meta name=\"twitter:creator\" content=\"@ConfePenyesFCB\" \/>\n<meta name=\"twitter:site\" content=\"@ConfePenyesFCB\" \/>\n<meta name=\"twitter:label1\" content=\"Escrito por\" \/>\n\t<meta name=\"twitter:data1\" content=\"Confederaci\u00f3 Mundial de Penyes del FC Barcelona\" \/>\n\t<meta name=\"twitter:label2\" content=\"Tiempo de lectura\" \/>\n\t<meta name=\"twitter:data2\" content=\"3 minutos\" \/>\n<script type=\"application\/ld+json\" class=\"yoast-schema-graph\">{\"@context\":\"https:\\\/\\\/schema.org\",\"@graph\":[{\"@type\":\"Article\",\"@id\":\"https:\\\/\\\/confederaciopenyes.cat\\\/es\\\/la-confederacio-mundial-de-penyes-recibe-a-la-plataforma-som-un-clam-en-su-plenario\\\/#article\",\"isPartOf\":{\"@id\":\"https:\\\/\\\/confederaciopenyes.cat\\\/es\\\/la-confederacio-mundial-de-penyes-recibe-a-la-plataforma-som-un-clam-en-su-plenario\\\/\"},\"author\":{\"name\":\"Confederaci\u00f3 Mundial de Penyes del FC Barcelona\",\"@id\":\"https:\\\/\\\/confederaciopenyes.cat\\\/es\\\/#\\\/schema\\\/person\\\/337072f6daef87a85aa59aa1f134387c\"},\"headline\":\"La Confederaci\u00f3 Mundial de Penyes recibe a la plataforma \u2018Som un Clam\u2019 en su Plenario\",\"datePublished\":\"2024-10-01T11:45:50+00:00\",\"dateModified\":\"2024-10-01T12:04:36+00:00\",\"mainEntityOfPage\":{\"@id\":\"https:\\\/\\\/confederaciopenyes.cat\\\/es\\\/la-confederacio-mundial-de-penyes-recibe-a-la-plataforma-som-un-clam-en-su-plenario\\\/\"},\"wordCount\":390,\"publisher\":{\"@id\":\"https:\\\/\\\/confederaciopenyes.cat\\\/es\\\/#organization\"},\"image\":{\"@id\":\"https:\\\/\\\/confederaciopenyes.cat\\\/es\\\/la-confederacio-mundial-de-penyes-recibe-a-la-plataforma-som-un-clam-en-su-plenario\\\/#primaryimage\"},\"thumbnailUrl\":\"https:\\\/\\\/confederaciopenyes.cat\\\/wp-content\\\/uploads\\\/2024\\\/10\\\/DSC6194-scaled.jpg\",\"articleSection\":[\"Noticias\"],\"inLanguage\":\"es\"},{\"@type\":\"WebPage\",\"@id\":\"https:\\\/\\\/confederaciopenyes.cat\\\/es\\\/la-confederacio-mundial-de-penyes-recibe-a-la-plataforma-som-un-clam-en-su-plenario\\\/\",\"url\":\"https:\\\/\\\/confederaciopenyes.cat\\\/es\\\/la-confederacio-mundial-de-penyes-recibe-a-la-plataforma-som-un-clam-en-su-plenario\\\/\",\"name\":\"La Confederaci\u00f3 recibe a \\\"Som un Clam\\\"\u2019 en su Plenario - C. M. P.\",\"isPartOf\":{\"@id\":\"https:\\\/\\\/confederaciopenyes.cat\\\/es\\\/#website\"},\"primaryImageOfPage\":{\"@id\":\"https:\\\/\\\/confederaciopenyes.cat\\\/es\\\/la-confederacio-mundial-de-penyes-recibe-a-la-plataforma-som-un-clam-en-su-plenario\\\/#primaryimage\"},\"image\":{\"@id\":\"https:\\\/\\\/confederaciopenyes.cat\\\/es\\\/la-confederacio-mundial-de-penyes-recibe-a-la-plataforma-som-un-clam-en-su-plenario\\\/#primaryimage\"},\"thumbnailUrl\":\"https:\\\/\\\/confederaciopenyes.cat\\\/wp-content\\\/uploads\\\/2024\\\/10\\\/DSC6194-scaled.jpg\",\"datePublished\":\"2024-10-01T11:45:50+00:00\",\"dateModified\":\"2024-10-01T12:04:36+00:00\",\"description\":\"La Confederaci\u00f3 celebr\u00f3 un nuevo Plenario con la representaci\u00f3n de las 30 federaciones territoriales y la presencia de \\\"Som un Clam\\\".\",\"breadcrumb\":{\"@id\":\"https:\\\/\\\/confederaciopenyes.cat\\\/es\\\/la-confederacio-mundial-de-penyes-recibe-a-la-plataforma-som-un-clam-en-su-plenario\\\/#breadcrumb\"},\"inLanguage\":\"es\",\"potentialAction\":[{\"@type\":\"ReadAction\",\"target\":[\"https:\\\/\\\/confederaciopenyes.cat\\\/es\\\/la-confederacio-mundial-de-penyes-recibe-a-la-plataforma-som-un-clam-en-su-plenario\\\/\"]}]},{\"@type\":\"ImageObject\",\"inLanguage\":\"es\",\"@id\":\"https:\\\/\\\/confederaciopenyes.cat\\\/es\\\/la-confederacio-mundial-de-penyes-recibe-a-la-plataforma-som-un-clam-en-su-plenario\\\/#primaryimage\",\"url\":\"https:\\\/\\\/confederaciopenyes.cat\\\/wp-content\\\/uploads\\\/2024\\\/10\\\/DSC6194-scaled.jpg\",\"contentUrl\":\"https:\\\/\\\/confederaciopenyes.cat\\\/wp-content\\\/uploads\\\/2024\\\/10\\\/DSC6194-scaled.jpg\",\"width\":2560,\"height\":1245},{\"@type\":\"BreadcrumbList\",\"@id\":\"https:\\\/\\\/confederaciopenyes.cat\\\/es\\\/la-confederacio-mundial-de-penyes-recibe-a-la-plataforma-som-un-clam-en-su-plenario\\\/#breadcrumb\",\"itemListElement\":[{\"@type\":\"ListItem\",\"position\":1,\"name\":\"Inici\",\"item\":\"https:\\\/\\\/confederaciopenyes.cat\\\/es\\\/\"},{\"@type\":\"ListItem\",\"position\":2,\"name\":\"La Confederaci\u00f3 Mundial de Penyes recibe a la plataforma \u2018Som un Clam\u2019 en su Plenario\"}]},{\"@type\":\"WebSite\",\"@id\":\"https:\\\/\\\/confederaciopenyes.cat\\\/es\\\/#website\",\"url\":\"https:\\\/\\\/confederaciopenyes.cat\\\/es\\\/\",\"name\":\"Confederaci\u00f3 Mundial de Penyes del FC Barcelona\",\"description\":\"C.M. Penyes FC Barcelona\",\"publisher\":{\"@id\":\"https:\\\/\\\/confederaciopenyes.cat\\\/es\\\/#organization\"},\"potentialAction\":[{\"@type\":\"SearchAction\",\"target\":{\"@type\":\"EntryPoint\",\"urlTemplate\":\"https:\\\/\\\/confederaciopenyes.cat\\\/es\\\/?s={search_term_string}\"},\"query-input\":{\"@type\":\"PropertyValueSpecification\",\"valueRequired\":true,\"valueName\":\"search_term_string\"}}],\"inLanguage\":\"es\"},{\"@type\":\"Organization\",\"@id\":\"https:\\\/\\\/confederaciopenyes.cat\\\/es\\\/#organization\",\"name\":\"Confederaci\u00f3 Mundial de Penyes del FC Barcelona\",\"url\":\"https:\\\/\\\/confederaciopenyes.cat\\\/es\\\/\",\"logo\":{\"@type\":\"ImageObject\",\"inLanguage\":\"es\",\"@id\":\"https:\\\/\\\/confederaciopenyes.cat\\\/es\\\/#\\\/schema\\\/logo\\\/image\\\/\",\"url\":\"https:\\\/\\\/confederaciopenyes.cat\\\/wp-content\\\/uploads\\\/2022\\\/07\\\/cropped-logo_horizontal.png\",\"contentUrl\":\"https:\\\/\\\/confederaciopenyes.cat\\\/wp-content\\\/uploads\\\/2022\\\/07\\\/cropped-logo_horizontal.png\",\"width\":1320,\"height\":309,\"caption\":\"Confederaci\u00f3 Mundial de Penyes del FC Barcelona\"},\"image\":{\"@id\":\"https:\\\/\\\/confederaciopenyes.cat\\\/es\\\/#\\\/schema\\\/logo\\\/image\\\/\"},\"sameAs\":[\"https:\\\/\\\/www.facebook.com\\\/ConfederacioMundialPenyesFCB\",\"https:\\\/\\\/x.com\\\/ConfePenyesFCB\",\"https:\\\/\\\/www.instagram.com\\\/confepenyesfcb\\\/\"]},{\"@type\":\"Person\",\"@id\":\"https:\\\/\\\/confederaciopenyes.cat\\\/es\\\/#\\\/schema\\\/person\\\/337072f6daef87a85aa59aa1f134387c\",\"name\":\"Confederaci\u00f3 Mundial de Penyes del FC Barcelona\",\"image\":{\"@type\":\"ImageObject\",\"inLanguage\":\"es\",\"@id\":\"https:\\\/\\\/secure.gravatar.com\\\/avatar\\\/98c60c7405ff843b10aec55db652bd3f5cb4320ef331ae76c156819a62194328?s=96&d=mm&r=g\",\"url\":\"https:\\\/\\\/secure.gravatar.com\\\/avatar\\\/98c60c7405ff843b10aec55db652bd3f5cb4320ef331ae76c156819a62194328?s=96&d=mm&r=g\",\"contentUrl\":\"https:\\\/\\\/secure.gravatar.com\\\/avatar\\\/98c60c7405ff843b10aec55db652bd3f5cb4320ef331ae76c156819a62194328?s=96&d=mm&r=g\",\"caption\":\"Confederaci\u00f3 Mundial de Penyes del FC Barcelona\"},\"url\":\"https:\\\/\\\/confederaciopenyes.cat\\\/es\\\/author\\\/comunicacioconfederaciopenyes-cat\\\/\"}]}<\/script>\n<!-- \/ Yoast SEO Premium plugin. -->","yoast_head_json":{"title":"La Confederaci\u00f3 recibe a \"Som un Clam\"\u2019 en su Plenario - C. M. P.","description":"La Confederaci\u00f3 celebr\u00f3 un nuevo Plenario con la representaci\u00f3n de las 30 federaciones territoriales y la presencia de \"Som un Clam\".","robots":{"index":"index","follow":"follow","max-snippet":"max-snippet:-1","max-image-preview":"max-image-preview:large","max-video-preview":"max-video-preview:-1"},"canonical":"https:\/\/confederaciopenyes.cat\/es\/la-confederacio-mundial-de-penyes-recibe-a-la-plataforma-som-un-clam-en-su-plenario\/","og_locale":"es_ES","og_type":"article","og_title":"La Confederaci\u00f3 Mundial de Penyes recibe a la plataforma \u2018Som un Clam\u2019 en su Plenario","og_description":"La Confederaci\u00f3 celebr\u00f3 un nuevo Plenario con la representaci\u00f3n de las 30 federaciones territoriales y la presencia de \"Som un Clam\".","og_url":"https:\/\/confederaciopenyes.cat\/es\/la-confederacio-mundial-de-penyes-recibe-a-la-plataforma-som-un-clam-en-su-plenario\/","og_site_name":"Confederaci\u00f3 Mundial de Penyes del FC Barcelona","article_publisher":"https:\/\/www.facebook.com\/ConfederacioMundialPenyesFCB","article_published_time":"2024-10-01T11:45:50+00:00","article_modified_time":"2024-10-01T12:04:36+00:00","og_image":[{"width":2560,"height":1245,"url":"https:\/\/confederaciopenyes.cat\/wp-content\/uploads\/2024\/10\/DSC6194-scaled.jpg","type":"image\/jpeg"}],"author":"Confederaci\u00f3 Mundial de Penyes del FC Barcelona","twitter_card":"summary_large_image","twitter_creator":"@ConfePenyesFCB","twitter_site":"@ConfePenyesFCB","twitter_misc":{"Escrito por":"Confederaci\u00f3 Mundial de Penyes del FC Barcelona","Tiempo de lectura":"3 minutos"},"schema":{"@context":"https:\/\/schema.org","@graph":[{"@type":"Article","@id":"https:\/\/confederaciopenyes.cat\/es\/la-confederacio-mundial-de-penyes-recibe-a-la-plataforma-som-un-clam-en-su-plenario\/#article","isPartOf":{"@id":"https:\/\/confederaciopenyes.cat\/es\/la-confederacio-mundial-de-penyes-recibe-a-la-plataforma-som-un-clam-en-su-plenario\/"},"author":{"name":"Confederaci\u00f3 Mundial de Penyes del FC Barcelona","@id":"https:\/\/confederaciopenyes.cat\/es\/#\/schema\/person\/337072f6daef87a85aa59aa1f134387c"},"headline":"La Confederaci\u00f3 Mundial de Penyes recibe a la plataforma \u2018Som un Clam\u2019 en su Plenario","datePublished":"2024-10-01T11:45:50+00:00","dateModified":"2024-10-01T12:04:36+00:00","mainEntityOfPage":{"@id":"https:\/\/confederaciopenyes.cat\/es\/la-confederacio-mundial-de-penyes-recibe-a-la-plataforma-som-un-clam-en-su-plenario\/"},"wordCount":390,"publisher":{"@id":"https:\/\/confederaciopenyes.cat\/es\/#organization"},"image":{"@id":"https:\/\/confederaciopenyes.cat\/es\/la-confederacio-mundial-de-penyes-recibe-a-la-plataforma-som-un-clam-en-su-plenario\/#primaryimage"},"thumbnailUrl":"https:\/\/confederaciopenyes.cat\/wp-content\/uploads\/2024\/10\/DSC6194-scaled.jpg","articleSection":["Noticias"],"inLanguage":"es"},{"@type":"WebPage","@id":"https:\/\/confederaciopenyes.cat\/es\/la-confederacio-mundial-de-penyes-recibe-a-la-plataforma-som-un-clam-en-su-plenario\/","url":"https:\/\/confederaciopenyes.cat\/es\/la-confederacio-mundial-de-penyes-recibe-a-la-plataforma-som-un-clam-en-su-plenario\/","name":"La Confederaci\u00f3 recibe a \"Som un Clam\"\u2019 en su Plenario - C. M. P.","isPartOf":{"@id":"https:\/\/confederaciopenyes.cat\/es\/#website"},"primaryImageOfPage":{"@id":"https:\/\/confederaciopenyes.cat\/es\/la-confederacio-mundial-de-penyes-recibe-a-la-plataforma-som-un-clam-en-su-plenario\/#primaryimage"},"image":{"@id":"https:\/\/confederaciopenyes.cat\/es\/la-confederacio-mundial-de-penyes-recibe-a-la-plataforma-som-un-clam-en-su-plenario\/#primaryimage"},"thumbnailUrl":"https:\/\/confederaciopenyes.cat\/wp-content\/uploads\/2024\/10\/DSC6194-scaled.jpg","datePublished":"2024-10-01T11:45:50+00:00","dateModified":"2024-10-01T12:04:36+00:00","description":"La Confederaci\u00f3 celebr\u00f3 un nuevo Plenario con la representaci\u00f3n de las 30 federaciones territoriales y la presencia de \"Som un Clam\".","breadcrumb":{"@id":"https:\/\/confederaciopenyes.cat\/es\/la-confederacio-mundial-de-penyes-recibe-a-la-plataforma-som-un-clam-en-su-plenario\/#breadcrumb"},"inLanguage":"es","potentialAction":[{"@type":"ReadAction","target":["https:\/\/confederaciopenyes.cat\/es\/la-confederacio-mundial-de-penyes-recibe-a-la-plataforma-som-un-clam-en-su-plenario\/"]}]},{"@type":"ImageObject","inLanguage":"es","@id":"https:\/\/confederaciopenyes.cat\/es\/la-confederacio-mundial-de-penyes-recibe-a-la-plataforma-som-un-clam-en-su-plenario\/#primaryimage","url":"https:\/\/confederaciopenyes.cat\/wp-content\/uploads\/2024\/10\/DSC6194-scaled.jpg","contentUrl":"https:\/\/confederaciopenyes.cat\/wp-content\/uploads\/2024\/10\/DSC6194-scaled.jpg","width":2560,"height":1245},{"@type":"BreadcrumbList","@id":"https:\/\/confederaciopenyes.cat\/es\/la-confederacio-mundial-de-penyes-recibe-a-la-plataforma-som-un-clam-en-su-plenario\/#breadcrumb","itemListElement":[{"@type":"ListItem","position":1,"name":"Inici","item":"https:\/\/confederaciopenyes.cat\/es\/"},{"@type":"ListItem","position":2,"name":"La Confederaci\u00f3 Mundial de Penyes recibe a la plataforma \u2018Som un Clam\u2019 en su Plenario"}]},{"@type":"WebSite","@id":"https:\/\/confederaciopenyes.cat\/es\/#website","url":"https:\/\/confederaciopenyes.cat\/es\/","name":"Confederaci\u00f3 Mundial de Penyes del FC Barcelona","description":"C.M. Penyes FC Barcelona","publisher":{"@id":"https:\/\/confederaciopenyes.cat\/es\/#organization"},"potentialAction":[{"@type":"SearchAction","target":{"@type":"EntryPoint","urlTemplate":"https:\/\/confederaciopenyes.cat\/es\/?s={search_term_string}"},"query-input":{"@type":"PropertyValueSpecification","valueRequired":true,"valueName":"search_term_string"}}],"inLanguage":"es"},{"@type":"Organization","@id":"https:\/\/confederaciopenyes.cat\/es\/#organization","name":"Confederaci\u00f3 Mundial de Penyes del FC Barcelona","url":"https:\/\/confederaciopenyes.cat\/es\/","logo":{"@type":"ImageObject","inLanguage":"es","@id":"https:\/\/confederaciopenyes.cat\/es\/#\/schema\/logo\/image\/","url":"https:\/\/confederaciopenyes.cat\/wp-content\/uploads\/2022\/07\/cropped-logo_horizontal.png","contentUrl":"https:\/\/confederaciopenyes.cat\/wp-content\/uploads\/2022\/07\/cropped-logo_horizontal.png","width":1320,"height":309,"caption":"Confederaci\u00f3 Mundial de Penyes del FC Barcelona"},"image":{"@id":"https:\/\/confederaciopenyes.cat\/es\/#\/schema\/logo\/image\/"},"sameAs":["https:\/\/www.facebook.com\/ConfederacioMundialPenyesFCB","https:\/\/x.com\/ConfePenyesFCB","https:\/\/www.instagram.com\/confepenyesfcb\/"]},{"@type":"Person","@id":"https:\/\/confederaciopenyes.cat\/es\/#\/schema\/person\/337072f6daef87a85aa59aa1f134387c","name":"Confederaci\u00f3 Mundial de Penyes del FC Barcelona","image":{"@type":"ImageObject","inLanguage":"es","@id":"https:\/\/secure.gravatar.com\/avatar\/98c60c7405ff843b10aec55db652bd3f5cb4320ef331ae76c156819a62194328?s=96&d=mm&r=g","url":"https:\/\/secure.gravatar.com\/avatar\/98c60c7405ff843b10aec55db652bd3f5cb4320ef331ae76c156819a62194328?s=96&d=mm&r=g","contentUrl":"https:\/\/secure.gravatar.com\/avatar\/98c60c7405ff843b10aec55db652bd3f5cb4320ef331ae76c156819a62194328?s=96&d=mm&r=g","caption":"Confederaci\u00f3 Mundial de Penyes del FC Barcelona"},"url":"https:\/\/confederaciopenyes.cat\/es\/author\/comunicacioconfederaciopenyes-cat\/"}]}},"_links":{"self":[{"href":"https:\/\/confederaciopenyes.cat\/es\/wp-json\/wp\/v2\/posts\/25908","targetHints":{"allow":["GET"]}}],"collection":[{"href":"https:\/\/confederaciopenyes.cat\/es\/wp-json\/wp\/v2\/posts"}],"about":[{"href":"https:\/\/confederaciopenyes.cat\/es\/wp-json\/wp\/v2\/types\/post"}],"author":[{"embeddable":true,"href":"https:\/\/confederaciopenyes.cat\/es\/wp-json\/wp\/v2\/users\/4"}],"replies":[{"embeddable":true,"href":"https:\/\/confederaciopenyes.cat\/es\/wp-json\/wp\/v2\/comments?post=25908"}],"version-history":[{"count":2,"href":"https:\/\/confederaciopenyes.cat\/es\/wp-json\/wp\/v2\/posts\/25908\/revisions"}],"predecessor-version":[{"id":25912,"href":"https:\/\/confederaciopenyes.cat\/es\/wp-json\/wp\/v2\/posts\/25908\/revisions\/25912"}],"wp:featuredmedia":[{"embeddable":true,"href":"https:\/\/confederaciopenyes.cat\/es\/wp-json\/wp\/v2\/media\/25885"}],"wp:attachment":[{"href":"https:\/\/confederaciopenyes.cat\/es\/wp-json\/wp\/v2\/media?parent=25908"}],"wp:term":[{"taxonomy":"category","embeddable":true,"href":"https:\/\/confederaciopenyes.cat\/es\/wp-json\/wp\/v2\/categories?post=25908"},{"taxonomy":"post_tag","embeddable":true,"href":"https:\/\/confederaciopenyes.cat\/es\/wp-json\/wp\/v2\/tags?post=25908"}],"curies":[{"name":"wp","href":"https:\/\/api.w.org\/{rel}","templated":true}]}}