{"id":26092,"date":"2024-10-08T11:00:15","date_gmt":"2024-10-08T09:00:15","guid":{"rendered":"https:\/\/confederaciopenyes.cat\/2o-torneo-de-padel-interpenas-de-la-federacio-barcelones-est\/"},"modified":"2024-10-08T11:10:13","modified_gmt":"2024-10-08T09:10:13","slug":"2o-torneo-padel-interpenas-federacio-barcelones-est","status":"publish","type":"post","link":"https:\/\/confederaciopenyes.cat\/es\/2o-torneo-padel-interpenas-federacio-barcelones-est\/","title":{"rendered":"2\u00ba Torneo de P\u00e1del Interpe\u00f1as de la Federaci\u00f3 Barcelon\u00e8s Est"},"content":{"rendered":"\n<p>La <strong>Federaci\u00f3 de Penyes Barcelonistes del Barcelon\u00e8s Est <\/strong>organiz\u00f3 recientemente la <strong>2\u00aa edici\u00f3n de su Torneo de P\u00e1del Interpe\u00f1as<\/strong>, una iniciativa que una vez m\u00e1s une el barcelonismo con la pr\u00e1ctica del p\u00e1del. El evento, que cont\u00f3 con la <strong>colaboraci\u00f3n de la Confederaci\u00f3 Mundial de Penyes<\/strong>, tuvo lugar en las <strong>pistas de p\u00e1del de Bon Pastor<\/strong>, y congreg\u00f3 a un total de <strong>32 jugadores<\/strong> en representaci\u00f3n de siete pe\u00f1as del Barcelon\u00e8s Est:<strong> PB Can Bar\u00f3, PB Congr\u00e9s, PB Teixonera, PB Bon Pastor, PB Trinitat Vella, PB Sant Adri\u00e0 del Bes\u00f2s y PB Nova Lloreda<\/strong>. <\/p>\n\n<p>El torneo, caracterizado por el buen ambiente entre todos los participantes, tuvo una primera fase con grupos de cuatro parejas que jugaban entre ellas, y luego una categor\u00eda oro para las dos primeras, y una de plata para las dos \u00faltimas. En la primera, <strong>la pareja de la PB Nova Lloreda fue la ganadora<\/strong>, mientras que los <strong>representantes de la PB Can Bar\u00f3 se impusieron en la segunda<\/strong>. Entre los premios, destacaron palas de p\u00e1del y paleteros, as\u00ed como varios regalos azulgranas aportados por la Confederaci\u00f3 y el FC Barcelona. El evento tambi\u00e9n cont\u00f3 con el <strong>apoyo de Aguas de Barcelona e Inmocat<\/strong>.   <\/p>\n\n<p>El \u00e9xito de este 2\u00ba Torneo de P\u00e1del Interpe\u00f1as de la Federaci\u00f3 Barcelon\u00e8s Est demuestra una vez m\u00e1s la <strong>gran aceptaci\u00f3n que el p\u00e1del tiene entre el movimiento de pe\u00f1as barcelonistas<\/strong>. De hecho, se trata de una de las actividades que <strong>promueve la Confederaci\u00f3 Mundial de Penyes <\/strong>entre sus federaciones territoriales y pe\u00f1as. <\/p>\n\n<figure class=\"wp-block-gallery has-nested-images columns-3 is-cropped wp-block-gallery-1 is-layout-flex wp-block-gallery-is-layout-flex\">\n<figure class=\"wp-block-image size-large\"><a href=\"https:\/\/confederaciopenyes.cat\/wp-content\/uploads\/2024\/10\/Foto-29-9-24-11-07-47-scaled.jpg\"><img decoding=\"async\" width=\"1024\" height=\"768\" data-id=\"26061\" data-src=\"https:\/\/confederaciopenyes.cat\/wp-content\/uploads\/2024\/10\/Foto-29-9-24-11-07-47-1024x768.jpg\" alt=\"\" class=\"wp-image-26061 lazyload\" data-srcset=\"https:\/\/confederaciopenyes.cat\/wp-content\/uploads\/2024\/10\/Foto-29-9-24-11-07-47-1024x768.jpg 1024w, https:\/\/confederaciopenyes.cat\/wp-content\/uploads\/2024\/10\/Foto-29-9-24-11-07-47-300x225.jpg 300w, https:\/\/confederaciopenyes.cat\/wp-content\/uploads\/2024\/10\/Foto-29-9-24-11-07-47-768x576.jpg 768w, https:\/\/confederaciopenyes.cat\/wp-content\/uploads\/2024\/10\/Foto-29-9-24-11-07-47-1536x1152.jpg 1536w, https:\/\/confederaciopenyes.cat\/wp-content\/uploads\/2024\/10\/Foto-29-9-24-11-07-47-2048x1536.jpg 2048w\" data-sizes=\"(max-width: 1024px) 100vw, 1024px\" src=\"data:image\/svg+xml;base64,PHN2ZyB3aWR0aD0iMSIgaGVpZ2h0PSIxIiB4bWxucz0iaHR0cDovL3d3dy53My5vcmcvMjAwMC9zdmciPjwvc3ZnPg==\" style=\"--smush-placeholder-width: 1024px; --smush-placeholder-aspect-ratio: 1024\/768;\" \/><\/a><\/figure>\n\n\n\n<figure class=\"wp-block-image size-large\"><a href=\"https:\/\/confederaciopenyes.cat\/wp-content\/uploads\/2024\/10\/Foto-29-9-24-9-15-32-scaled.jpg\"><img decoding=\"async\" width=\"1024\" height=\"768\" data-id=\"26078\" data-src=\"https:\/\/confederaciopenyes.cat\/wp-content\/uploads\/2024\/10\/Foto-29-9-24-9-15-32-1024x768.jpg\" alt=\"\" class=\"wp-image-26078 lazyload\" data-srcset=\"https:\/\/confederaciopenyes.cat\/wp-content\/uploads\/2024\/10\/Foto-29-9-24-9-15-32-1024x768.jpg 1024w, https:\/\/confederaciopenyes.cat\/wp-content\/uploads\/2024\/10\/Foto-29-9-24-9-15-32-300x225.jpg 300w, https:\/\/confederaciopenyes.cat\/wp-content\/uploads\/2024\/10\/Foto-29-9-24-9-15-32-768x576.jpg 768w, https:\/\/confederaciopenyes.cat\/wp-content\/uploads\/2024\/10\/Foto-29-9-24-9-15-32-1536x1152.jpg 1536w, https:\/\/confederaciopenyes.cat\/wp-content\/uploads\/2024\/10\/Foto-29-9-24-9-15-32-2048x1536.jpg 2048w\" data-sizes=\"(max-width: 1024px) 100vw, 1024px\" src=\"data:image\/svg+xml;base64,PHN2ZyB3aWR0aD0iMSIgaGVpZ2h0PSIxIiB4bWxucz0iaHR0cDovL3d3dy53My5vcmcvMjAwMC9zdmciPjwvc3ZnPg==\" style=\"--smush-placeholder-width: 1024px; --smush-placeholder-aspect-ratio: 1024\/768;\" \/><\/a><\/figure>\n\n\n\n<figure class=\"wp-block-image size-large\"><a href=\"https:\/\/confederaciopenyes.cat\/wp-content\/uploads\/2024\/10\/Foto-29-9-24-12-06-47-scaled.jpg\"><img decoding=\"async\" width=\"1024\" height=\"768\" data-id=\"26064\" data-src=\"https:\/\/confederaciopenyes.cat\/wp-content\/uploads\/2024\/10\/Foto-29-9-24-12-06-47-1024x768.jpg\" alt=\"\" class=\"wp-image-26064 lazyload\" data-srcset=\"https:\/\/confederaciopenyes.cat\/wp-content\/uploads\/2024\/10\/Foto-29-9-24-12-06-47-1024x768.jpg 1024w, https:\/\/confederaciopenyes.cat\/wp-content\/uploads\/2024\/10\/Foto-29-9-24-12-06-47-300x225.jpg 300w, https:\/\/confederaciopenyes.cat\/wp-content\/uploads\/2024\/10\/Foto-29-9-24-12-06-47-768x576.jpg 768w, https:\/\/confederaciopenyes.cat\/wp-content\/uploads\/2024\/10\/Foto-29-9-24-12-06-47-1536x1152.jpg 1536w, https:\/\/confederaciopenyes.cat\/wp-content\/uploads\/2024\/10\/Foto-29-9-24-12-06-47-2048x1536.jpg 2048w\" data-sizes=\"(max-width: 1024px) 100vw, 1024px\" src=\"data:image\/svg+xml;base64,PHN2ZyB3aWR0aD0iMSIgaGVpZ2h0PSIxIiB4bWxucz0iaHR0cDovL3d3dy53My5vcmcvMjAwMC9zdmciPjwvc3ZnPg==\" style=\"--smush-placeholder-width: 1024px; --smush-placeholder-aspect-ratio: 1024\/768;\" \/><\/a><\/figure>\n\n\n\n<figure class=\"wp-block-image size-large\"><a href=\"https:\/\/confederaciopenyes.cat\/wp-content\/uploads\/2024\/10\/Foto-29-9-24-13-56-56-scaled.jpg\"><img decoding=\"async\" width=\"2560\" height=\"1920\" data-id=\"26086\" data-src=\"https:\/\/confederaciopenyes.cat\/wp-content\/uploads\/2024\/10\/Foto-29-9-24-13-56-56-edited-scaled.jpg\" alt=\"\" class=\"wp-image-26086 lazyload\" data-srcset=\"https:\/\/confederaciopenyes.cat\/wp-content\/uploads\/2024\/10\/Foto-29-9-24-13-56-56-edited-scaled.jpg 2560w, https:\/\/confederaciopenyes.cat\/wp-content\/uploads\/2024\/10\/Foto-29-9-24-13-56-56-edited-300x225.jpg 300w, https:\/\/confederaciopenyes.cat\/wp-content\/uploads\/2024\/10\/Foto-29-9-24-13-56-56-edited-1024x768.jpg 1024w, https:\/\/confederaciopenyes.cat\/wp-content\/uploads\/2024\/10\/Foto-29-9-24-13-56-56-edited-768x576.jpg 768w, https:\/\/confederaciopenyes.cat\/wp-content\/uploads\/2024\/10\/Foto-29-9-24-13-56-56-edited-1536x1152.jpg 1536w, https:\/\/confederaciopenyes.cat\/wp-content\/uploads\/2024\/10\/Foto-29-9-24-13-56-56-edited-2048x1536.jpg 2048w\" data-sizes=\"(max-width: 2560px) 100vw, 2560px\" src=\"data:image\/svg+xml;base64,PHN2ZyB3aWR0aD0iMSIgaGVpZ2h0PSIxIiB4bWxucz0iaHR0cDovL3d3dy53My5vcmcvMjAwMC9zdmciPjwvc3ZnPg==\" style=\"--smush-placeholder-width: 2560px; --smush-placeholder-aspect-ratio: 2560\/1920;\" \/><\/a><\/figure>\n\n\n\n<figure class=\"wp-block-image size-large\"><a href=\"https:\/\/confederaciopenyes.cat\/wp-content\/uploads\/2024\/10\/Foto-29-9-24-11-39-26-scaled.jpg\"><img decoding=\"async\" width=\"1024\" height=\"768\" data-id=\"26067\" data-src=\"https:\/\/confederaciopenyes.cat\/wp-content\/uploads\/2024\/10\/Foto-29-9-24-11-39-26-1024x768.jpg\" alt=\"\" class=\"wp-image-26067 lazyload\" data-srcset=\"https:\/\/confederaciopenyes.cat\/wp-content\/uploads\/2024\/10\/Foto-29-9-24-11-39-26-1024x768.jpg 1024w, https:\/\/confederaciopenyes.cat\/wp-content\/uploads\/2024\/10\/Foto-29-9-24-11-39-26-300x225.jpg 300w, https:\/\/confederaciopenyes.cat\/wp-content\/uploads\/2024\/10\/Foto-29-9-24-11-39-26-768x576.jpg 768w, https:\/\/confederaciopenyes.cat\/wp-content\/uploads\/2024\/10\/Foto-29-9-24-11-39-26-1536x1152.jpg 1536w, https:\/\/confederaciopenyes.cat\/wp-content\/uploads\/2024\/10\/Foto-29-9-24-11-39-26-2048x1536.jpg 2048w\" data-sizes=\"(max-width: 1024px) 100vw, 1024px\" src=\"data:image\/svg+xml;base64,PHN2ZyB3aWR0aD0iMSIgaGVpZ2h0PSIxIiB4bWxucz0iaHR0cDovL3d3dy53My5vcmcvMjAwMC9zdmciPjwvc3ZnPg==\" style=\"--smush-placeholder-width: 1024px; --smush-placeholder-aspect-ratio: 1024\/768;\" \/><\/a><\/figure>\n\n\n\n<figure class=\"wp-block-image size-large\"><a href=\"https:\/\/confederaciopenyes.cat\/wp-content\/uploads\/2024\/10\/Foto-29-9-24-13-47-26-scaled.jpg\"><img decoding=\"async\" width=\"1024\" height=\"768\" data-id=\"26081\" data-src=\"https:\/\/confederaciopenyes.cat\/wp-content\/uploads\/2024\/10\/Foto-29-9-24-13-47-26-1024x768.jpg\" alt=\"\" class=\"wp-image-26081 lazyload\" data-srcset=\"https:\/\/confederaciopenyes.cat\/wp-content\/uploads\/2024\/10\/Foto-29-9-24-13-47-26-1024x768.jpg 1024w, https:\/\/confederaciopenyes.cat\/wp-content\/uploads\/2024\/10\/Foto-29-9-24-13-47-26-300x225.jpg 300w, https:\/\/confederaciopenyes.cat\/wp-content\/uploads\/2024\/10\/Foto-29-9-24-13-47-26-768x576.jpg 768w, https:\/\/confederaciopenyes.cat\/wp-content\/uploads\/2024\/10\/Foto-29-9-24-13-47-26-1536x1152.jpg 1536w, https:\/\/confederaciopenyes.cat\/wp-content\/uploads\/2024\/10\/Foto-29-9-24-13-47-26-2048x1536.jpg 2048w\" data-sizes=\"(max-width: 1024px) 100vw, 1024px\" src=\"data:image\/svg+xml;base64,PHN2ZyB3aWR0aD0iMSIgaGVpZ2h0PSIxIiB4bWxucz0iaHR0cDovL3d3dy53My5vcmcvMjAwMC9zdmciPjwvc3ZnPg==\" style=\"--smush-placeholder-width: 1024px; --smush-placeholder-aspect-ratio: 1024\/768;\" \/><\/a><\/figure>\n<\/figure>\n","protected":false},"excerpt":{"rendered":"<p>La Federaci\u00f3 de Penyes Barcelonistes del Barcelon\u00e8s Est organiz\u00f3 recientemente la 2\u00aa edici\u00f3n de su Torneo de P\u00e1del Interpe\u00f1as, una iniciativa que una vez m\u00e1s une el barcelonismo con la pr\u00e1ctica del p\u00e1del. El evento, que cont\u00f3 con la colaboraci\u00f3n de la Confederaci\u00f3 Mundial de Penyes, tuvo lugar en las pistas de p\u00e1del de Bon &#8230; <a title=\"2\u00ba Torneo de P\u00e1del Interpe\u00f1as de la Federaci\u00f3 Barcelon\u00e8s Est\" class=\"read-more\" href=\"https:\/\/confederaciopenyes.cat\/es\/2o-torneo-padel-interpenas-federacio-barcelones-est\/\" aria-label=\"Leer m\u00e1s sobre 2\u00ba Torneo de P\u00e1del Interpe\u00f1as de la Federaci\u00f3 Barcelon\u00e8s Est\">Leer m\u00e1s<\/a><\/p>\n","protected":false},"author":4,"featured_media":26053,"comment_status":"closed","ping_status":"open","sticky":false,"template":"","format":"standard","meta":{"_acf_changed":false,"footnotes":""},"categories":[1],"tags":[2594,3163,2595,2959,2555,3162],"class_list":["post-26092","post","type-post","status-publish","format-standard","has-post-thumbnail","hentry","category-noticias-es","tag-confederacio-mundial-de-penyes-es-3","tag-federacio-barcelones-est-es","tag-noticias-es-2","tag-padel-es","tag-penas-es","tag-torneo-padel-interpenas"],"acf":[],"yoast_head":"<!-- This site is optimized with the Yoast SEO Premium plugin v26.7 (Yoast SEO v27.4) - https:\/\/yoast.com\/product\/yoast-seo-premium-wordpress\/ -->\n<title>2\u00ba Torneo de P\u00e1del Interpe\u00f1as de la Fed. Barcelon\u00e8s Est - CMP<\/title>\n<meta name=\"description\" content=\"El 2\u00ba Torneo de P\u00e1del Interpe\u00f1as de la Federaci\u00f3 Barcelon\u00e8s Est acogi\u00f3 32 jugadores en representaci\u00f3n de siete pe\u00f1as diferentes.\" \/>\n<meta name=\"robots\" content=\"index, follow, max-snippet:-1, max-image-preview:large, max-video-preview:-1\" \/>\n<link rel=\"canonical\" href=\"https:\/\/confederaciopenyes.cat\/es\/2o-torneo-padel-interpenas-federacio-barcelones-est\/\" \/>\n<meta property=\"og:locale\" content=\"es_ES\" \/>\n<meta property=\"og:type\" content=\"article\" \/>\n<meta property=\"og:title\" content=\"2\u00ba Torneo de P\u00e1del Interpe\u00f1as de la Federaci\u00f3 Barcelon\u00e8s Est\" \/>\n<meta property=\"og:description\" content=\"El 2\u00ba Torneo de P\u00e1del Interpe\u00f1as de la Federaci\u00f3 Barcelon\u00e8s Est acogi\u00f3 32 jugadores en representaci\u00f3n de siete pe\u00f1as diferentes.\" \/>\n<meta property=\"og:url\" content=\"https:\/\/confederaciopenyes.cat\/es\/2o-torneo-padel-interpenas-federacio-barcelones-est\/\" \/>\n<meta property=\"og:site_name\" content=\"Confederaci\u00f3 Mundial de Penyes del FC Barcelona\" \/>\n<meta property=\"article:publisher\" content=\"https:\/\/www.facebook.com\/ConfederacioMundialPenyesFCB\" \/>\n<meta property=\"article:published_time\" content=\"2024-10-08T09:00:15+00:00\" \/>\n<meta property=\"article:modified_time\" content=\"2024-10-08T09:10:13+00:00\" \/>\n<meta property=\"og:image\" content=\"https:\/\/confederaciopenyes.cat\/wp-content\/uploads\/2024\/10\/Foto-29-9-24-13-51-41-scaled-e1728377614271.jpg\" \/>\n\t<meta property=\"og:image:width\" content=\"2560\" \/>\n\t<meta property=\"og:image:height\" content=\"1920\" \/>\n\t<meta property=\"og:image:type\" content=\"image\/jpeg\" \/>\n<meta name=\"author\" content=\"Confederaci\u00f3 Mundial de Penyes del FC Barcelona\" \/>\n<meta name=\"twitter:card\" content=\"summary_large_image\" \/>\n<meta name=\"twitter:creator\" content=\"@ConfePenyesFCB\" \/>\n<meta name=\"twitter:site\" content=\"@ConfePenyesFCB\" \/>\n<meta name=\"twitter:label1\" content=\"Escrito por\" \/>\n\t<meta name=\"twitter:data1\" content=\"Confederaci\u00f3 Mundial de Penyes del FC Barcelona\" \/>\n\t<meta name=\"twitter:label2\" content=\"Tiempo de lectura\" \/>\n\t<meta name=\"twitter:data2\" content=\"3 minutos\" \/>\n<script type=\"application\/ld+json\" class=\"yoast-schema-graph\">{\"@context\":\"https:\\\/\\\/schema.org\",\"@graph\":[{\"@type\":\"Article\",\"@id\":\"https:\\\/\\\/confederaciopenyes.cat\\\/es\\\/2o-torneo-padel-interpenas-federacio-barcelones-est\\\/#article\",\"isPartOf\":{\"@id\":\"https:\\\/\\\/confederaciopenyes.cat\\\/es\\\/2o-torneo-padel-interpenas-federacio-barcelones-est\\\/\"},\"author\":{\"name\":\"Confederaci\u00f3 Mundial de Penyes del FC Barcelona\",\"@id\":\"https:\\\/\\\/confederaciopenyes.cat\\\/es\\\/#\\\/schema\\\/person\\\/337072f6daef87a85aa59aa1f134387c\"},\"headline\":\"2\u00ba Torneo de P\u00e1del Interpe\u00f1as de la Federaci\u00f3 Barcelon\u00e8s Est\",\"datePublished\":\"2024-10-08T09:00:15+00:00\",\"dateModified\":\"2024-10-08T09:10:13+00:00\",\"mainEntityOfPage\":{\"@id\":\"https:\\\/\\\/confederaciopenyes.cat\\\/es\\\/2o-torneo-padel-interpenas-federacio-barcelones-est\\\/\"},\"wordCount\":284,\"publisher\":{\"@id\":\"https:\\\/\\\/confederaciopenyes.cat\\\/es\\\/#organization\"},\"image\":{\"@id\":\"https:\\\/\\\/confederaciopenyes.cat\\\/es\\\/2o-torneo-padel-interpenas-federacio-barcelones-est\\\/#primaryimage\"},\"thumbnailUrl\":\"https:\\\/\\\/confederaciopenyes.cat\\\/wp-content\\\/uploads\\\/2024\\\/10\\\/Foto-29-9-24-13-51-41-scaled-e1728377614271.jpg\",\"keywords\":[\"confederaci\u00f3 mundial de penyes\",\"federaci\u00f3 barcelon\u00e8s est\",\"noticias\",\"padel\",\"pe\u00f1as\",\"torneo p\u00e1del interpe\u00f1as\"],\"articleSection\":[\"Noticias\"],\"inLanguage\":\"es\"},{\"@type\":\"WebPage\",\"@id\":\"https:\\\/\\\/confederaciopenyes.cat\\\/es\\\/2o-torneo-padel-interpenas-federacio-barcelones-est\\\/\",\"url\":\"https:\\\/\\\/confederaciopenyes.cat\\\/es\\\/2o-torneo-padel-interpenas-federacio-barcelones-est\\\/\",\"name\":\"2\u00ba Torneo de P\u00e1del Interpe\u00f1as de la Fed. Barcelon\u00e8s Est - CMP\",\"isPartOf\":{\"@id\":\"https:\\\/\\\/confederaciopenyes.cat\\\/es\\\/#website\"},\"primaryImageOfPage\":{\"@id\":\"https:\\\/\\\/confederaciopenyes.cat\\\/es\\\/2o-torneo-padel-interpenas-federacio-barcelones-est\\\/#primaryimage\"},\"image\":{\"@id\":\"https:\\\/\\\/confederaciopenyes.cat\\\/es\\\/2o-torneo-padel-interpenas-federacio-barcelones-est\\\/#primaryimage\"},\"thumbnailUrl\":\"https:\\\/\\\/confederaciopenyes.cat\\\/wp-content\\\/uploads\\\/2024\\\/10\\\/Foto-29-9-24-13-51-41-scaled-e1728377614271.jpg\",\"datePublished\":\"2024-10-08T09:00:15+00:00\",\"dateModified\":\"2024-10-08T09:10:13+00:00\",\"description\":\"El 2\u00ba Torneo de P\u00e1del Interpe\u00f1as de la Federaci\u00f3 Barcelon\u00e8s Est acogi\u00f3 32 jugadores en representaci\u00f3n de siete pe\u00f1as diferentes.\",\"breadcrumb\":{\"@id\":\"https:\\\/\\\/confederaciopenyes.cat\\\/es\\\/2o-torneo-padel-interpenas-federacio-barcelones-est\\\/#breadcrumb\"},\"inLanguage\":\"es\",\"potentialAction\":[{\"@type\":\"ReadAction\",\"target\":[\"https:\\\/\\\/confederaciopenyes.cat\\\/es\\\/2o-torneo-padel-interpenas-federacio-barcelones-est\\\/\"]}]},{\"@type\":\"ImageObject\",\"inLanguage\":\"es\",\"@id\":\"https:\\\/\\\/confederaciopenyes.cat\\\/es\\\/2o-torneo-padel-interpenas-federacio-barcelones-est\\\/#primaryimage\",\"url\":\"https:\\\/\\\/confederaciopenyes.cat\\\/wp-content\\\/uploads\\\/2024\\\/10\\\/Foto-29-9-24-13-51-41-scaled-e1728377614271.jpg\",\"contentUrl\":\"https:\\\/\\\/confederaciopenyes.cat\\\/wp-content\\\/uploads\\\/2024\\\/10\\\/Foto-29-9-24-13-51-41-scaled-e1728377614271.jpg\",\"width\":2560,\"height\":1920},{\"@type\":\"BreadcrumbList\",\"@id\":\"https:\\\/\\\/confederaciopenyes.cat\\\/es\\\/2o-torneo-padel-interpenas-federacio-barcelones-est\\\/#breadcrumb\",\"itemListElement\":[{\"@type\":\"ListItem\",\"position\":1,\"name\":\"Portada\",\"item\":\"https:\\\/\\\/confederaciopenyes.cat\\\/es\\\/\"},{\"@type\":\"ListItem\",\"position\":2,\"name\":\"2\u00ba Torneo de P\u00e1del Interpe\u00f1as de la Federaci\u00f3 Barcelon\u00e8s Est\"}]},{\"@type\":\"WebSite\",\"@id\":\"https:\\\/\\\/confederaciopenyes.cat\\\/es\\\/#website\",\"url\":\"https:\\\/\\\/confederaciopenyes.cat\\\/es\\\/\",\"name\":\"Confederaci\u00f3 Mundial de Penyes del FC Barcelona\",\"description\":\"C.M. Penyes FC Barcelona\",\"publisher\":{\"@id\":\"https:\\\/\\\/confederaciopenyes.cat\\\/es\\\/#organization\"},\"potentialAction\":[{\"@type\":\"SearchAction\",\"target\":{\"@type\":\"EntryPoint\",\"urlTemplate\":\"https:\\\/\\\/confederaciopenyes.cat\\\/es\\\/?s={search_term_string}\"},\"query-input\":{\"@type\":\"PropertyValueSpecification\",\"valueRequired\":true,\"valueName\":\"search_term_string\"}}],\"inLanguage\":\"es\"},{\"@type\":\"Organization\",\"@id\":\"https:\\\/\\\/confederaciopenyes.cat\\\/es\\\/#organization\",\"name\":\"Confederaci\u00f3 Mundial de Penyes del FC Barcelona\",\"url\":\"https:\\\/\\\/confederaciopenyes.cat\\\/es\\\/\",\"logo\":{\"@type\":\"ImageObject\",\"inLanguage\":\"es\",\"@id\":\"https:\\\/\\\/confederaciopenyes.cat\\\/es\\\/#\\\/schema\\\/logo\\\/image\\\/\",\"url\":\"https:\\\/\\\/confederaciopenyes.cat\\\/wp-content\\\/uploads\\\/2022\\\/07\\\/cropped-logo_horizontal.png\",\"contentUrl\":\"https:\\\/\\\/confederaciopenyes.cat\\\/wp-content\\\/uploads\\\/2022\\\/07\\\/cropped-logo_horizontal.png\",\"width\":1320,\"height\":309,\"caption\":\"Confederaci\u00f3 Mundial de Penyes del FC Barcelona\"},\"image\":{\"@id\":\"https:\\\/\\\/confederaciopenyes.cat\\\/es\\\/#\\\/schema\\\/logo\\\/image\\\/\"},\"sameAs\":[\"https:\\\/\\\/www.facebook.com\\\/ConfederacioMundialPenyesFCB\",\"https:\\\/\\\/x.com\\\/ConfePenyesFCB\",\"https:\\\/\\\/www.instagram.com\\\/confepenyesfcb\\\/\"]},{\"@type\":\"Person\",\"@id\":\"https:\\\/\\\/confederaciopenyes.cat\\\/es\\\/#\\\/schema\\\/person\\\/337072f6daef87a85aa59aa1f134387c\",\"name\":\"Confederaci\u00f3 Mundial de Penyes del FC Barcelona\",\"image\":{\"@type\":\"ImageObject\",\"inLanguage\":\"es\",\"@id\":\"https:\\\/\\\/secure.gravatar.com\\\/avatar\\\/98c60c7405ff843b10aec55db652bd3f5cb4320ef331ae76c156819a62194328?s=96&d=mm&r=g\",\"url\":\"https:\\\/\\\/secure.gravatar.com\\\/avatar\\\/98c60c7405ff843b10aec55db652bd3f5cb4320ef331ae76c156819a62194328?s=96&d=mm&r=g\",\"contentUrl\":\"https:\\\/\\\/secure.gravatar.com\\\/avatar\\\/98c60c7405ff843b10aec55db652bd3f5cb4320ef331ae76c156819a62194328?s=96&d=mm&r=g\",\"caption\":\"Confederaci\u00f3 Mundial de Penyes del FC Barcelona\"},\"url\":\"https:\\\/\\\/confederaciopenyes.cat\\\/es\\\/author\\\/comunicacioconfederaciopenyes-cat\\\/\"}]}<\/script>\n<!-- \/ Yoast SEO Premium plugin. -->","yoast_head_json":{"title":"2\u00ba Torneo de P\u00e1del Interpe\u00f1as de la Fed. Barcelon\u00e8s Est - CMP","description":"El 2\u00ba Torneo de P\u00e1del Interpe\u00f1as de la Federaci\u00f3 Barcelon\u00e8s Est acogi\u00f3 32 jugadores en representaci\u00f3n de siete pe\u00f1as diferentes.","robots":{"index":"index","follow":"follow","max-snippet":"max-snippet:-1","max-image-preview":"max-image-preview:large","max-video-preview":"max-video-preview:-1"},"canonical":"https:\/\/confederaciopenyes.cat\/es\/2o-torneo-padel-interpenas-federacio-barcelones-est\/","og_locale":"es_ES","og_type":"article","og_title":"2\u00ba Torneo de P\u00e1del Interpe\u00f1as de la Federaci\u00f3 Barcelon\u00e8s Est","og_description":"El 2\u00ba Torneo de P\u00e1del Interpe\u00f1as de la Federaci\u00f3 Barcelon\u00e8s Est acogi\u00f3 32 jugadores en representaci\u00f3n de siete pe\u00f1as diferentes.","og_url":"https:\/\/confederaciopenyes.cat\/es\/2o-torneo-padel-interpenas-federacio-barcelones-est\/","og_site_name":"Confederaci\u00f3 Mundial de Penyes del FC Barcelona","article_publisher":"https:\/\/www.facebook.com\/ConfederacioMundialPenyesFCB","article_published_time":"2024-10-08T09:00:15+00:00","article_modified_time":"2024-10-08T09:10:13+00:00","og_image":[{"width":2560,"height":1920,"url":"https:\/\/confederaciopenyes.cat\/wp-content\/uploads\/2024\/10\/Foto-29-9-24-13-51-41-scaled-e1728377614271.jpg","type":"image\/jpeg"}],"author":"Confederaci\u00f3 Mundial de Penyes del FC Barcelona","twitter_card":"summary_large_image","twitter_creator":"@ConfePenyesFCB","twitter_site":"@ConfePenyesFCB","twitter_misc":{"Escrito por":"Confederaci\u00f3 Mundial de Penyes del FC Barcelona","Tiempo de lectura":"3 minutos"},"schema":{"@context":"https:\/\/schema.org","@graph":[{"@type":"Article","@id":"https:\/\/confederaciopenyes.cat\/es\/2o-torneo-padel-interpenas-federacio-barcelones-est\/#article","isPartOf":{"@id":"https:\/\/confederaciopenyes.cat\/es\/2o-torneo-padel-interpenas-federacio-barcelones-est\/"},"author":{"name":"Confederaci\u00f3 Mundial de Penyes del FC Barcelona","@id":"https:\/\/confederaciopenyes.cat\/es\/#\/schema\/person\/337072f6daef87a85aa59aa1f134387c"},"headline":"2\u00ba Torneo de P\u00e1del Interpe\u00f1as de la Federaci\u00f3 Barcelon\u00e8s Est","datePublished":"2024-10-08T09:00:15+00:00","dateModified":"2024-10-08T09:10:13+00:00","mainEntityOfPage":{"@id":"https:\/\/confederaciopenyes.cat\/es\/2o-torneo-padel-interpenas-federacio-barcelones-est\/"},"wordCount":284,"publisher":{"@id":"https:\/\/confederaciopenyes.cat\/es\/#organization"},"image":{"@id":"https:\/\/confederaciopenyes.cat\/es\/2o-torneo-padel-interpenas-federacio-barcelones-est\/#primaryimage"},"thumbnailUrl":"https:\/\/confederaciopenyes.cat\/wp-content\/uploads\/2024\/10\/Foto-29-9-24-13-51-41-scaled-e1728377614271.jpg","keywords":["confederaci\u00f3 mundial de penyes","federaci\u00f3 barcelon\u00e8s est","noticias","padel","pe\u00f1as","torneo p\u00e1del interpe\u00f1as"],"articleSection":["Noticias"],"inLanguage":"es"},{"@type":"WebPage","@id":"https:\/\/confederaciopenyes.cat\/es\/2o-torneo-padel-interpenas-federacio-barcelones-est\/","url":"https:\/\/confederaciopenyes.cat\/es\/2o-torneo-padel-interpenas-federacio-barcelones-est\/","name":"2\u00ba Torneo de P\u00e1del Interpe\u00f1as de la Fed. Barcelon\u00e8s Est - CMP","isPartOf":{"@id":"https:\/\/confederaciopenyes.cat\/es\/#website"},"primaryImageOfPage":{"@id":"https:\/\/confederaciopenyes.cat\/es\/2o-torneo-padel-interpenas-federacio-barcelones-est\/#primaryimage"},"image":{"@id":"https:\/\/confederaciopenyes.cat\/es\/2o-torneo-padel-interpenas-federacio-barcelones-est\/#primaryimage"},"thumbnailUrl":"https:\/\/confederaciopenyes.cat\/wp-content\/uploads\/2024\/10\/Foto-29-9-24-13-51-41-scaled-e1728377614271.jpg","datePublished":"2024-10-08T09:00:15+00:00","dateModified":"2024-10-08T09:10:13+00:00","description":"El 2\u00ba Torneo de P\u00e1del Interpe\u00f1as de la Federaci\u00f3 Barcelon\u00e8s Est acogi\u00f3 32 jugadores en representaci\u00f3n de siete pe\u00f1as diferentes.","breadcrumb":{"@id":"https:\/\/confederaciopenyes.cat\/es\/2o-torneo-padel-interpenas-federacio-barcelones-est\/#breadcrumb"},"inLanguage":"es","potentialAction":[{"@type":"ReadAction","target":["https:\/\/confederaciopenyes.cat\/es\/2o-torneo-padel-interpenas-federacio-barcelones-est\/"]}]},{"@type":"ImageObject","inLanguage":"es","@id":"https:\/\/confederaciopenyes.cat\/es\/2o-torneo-padel-interpenas-federacio-barcelones-est\/#primaryimage","url":"https:\/\/confederaciopenyes.cat\/wp-content\/uploads\/2024\/10\/Foto-29-9-24-13-51-41-scaled-e1728377614271.jpg","contentUrl":"https:\/\/confederaciopenyes.cat\/wp-content\/uploads\/2024\/10\/Foto-29-9-24-13-51-41-scaled-e1728377614271.jpg","width":2560,"height":1920},{"@type":"BreadcrumbList","@id":"https:\/\/confederaciopenyes.cat\/es\/2o-torneo-padel-interpenas-federacio-barcelones-est\/#breadcrumb","itemListElement":[{"@type":"ListItem","position":1,"name":"Portada","item":"https:\/\/confederaciopenyes.cat\/es\/"},{"@type":"ListItem","position":2,"name":"2\u00ba Torneo de P\u00e1del Interpe\u00f1as de la Federaci\u00f3 Barcelon\u00e8s Est"}]},{"@type":"WebSite","@id":"https:\/\/confederaciopenyes.cat\/es\/#website","url":"https:\/\/confederaciopenyes.cat\/es\/","name":"Confederaci\u00f3 Mundial de Penyes del FC Barcelona","description":"C.M. Penyes FC Barcelona","publisher":{"@id":"https:\/\/confederaciopenyes.cat\/es\/#organization"},"potentialAction":[{"@type":"SearchAction","target":{"@type":"EntryPoint","urlTemplate":"https:\/\/confederaciopenyes.cat\/es\/?s={search_term_string}"},"query-input":{"@type":"PropertyValueSpecification","valueRequired":true,"valueName":"search_term_string"}}],"inLanguage":"es"},{"@type":"Organization","@id":"https:\/\/confederaciopenyes.cat\/es\/#organization","name":"Confederaci\u00f3 Mundial de Penyes del FC Barcelona","url":"https:\/\/confederaciopenyes.cat\/es\/","logo":{"@type":"ImageObject","inLanguage":"es","@id":"https:\/\/confederaciopenyes.cat\/es\/#\/schema\/logo\/image\/","url":"https:\/\/confederaciopenyes.cat\/wp-content\/uploads\/2022\/07\/cropped-logo_horizontal.png","contentUrl":"https:\/\/confederaciopenyes.cat\/wp-content\/uploads\/2022\/07\/cropped-logo_horizontal.png","width":1320,"height":309,"caption":"Confederaci\u00f3 Mundial de Penyes del FC Barcelona"},"image":{"@id":"https:\/\/confederaciopenyes.cat\/es\/#\/schema\/logo\/image\/"},"sameAs":["https:\/\/www.facebook.com\/ConfederacioMundialPenyesFCB","https:\/\/x.com\/ConfePenyesFCB","https:\/\/www.instagram.com\/confepenyesfcb\/"]},{"@type":"Person","@id":"https:\/\/confederaciopenyes.cat\/es\/#\/schema\/person\/337072f6daef87a85aa59aa1f134387c","name":"Confederaci\u00f3 Mundial de Penyes del FC Barcelona","image":{"@type":"ImageObject","inLanguage":"es","@id":"https:\/\/secure.gravatar.com\/avatar\/98c60c7405ff843b10aec55db652bd3f5cb4320ef331ae76c156819a62194328?s=96&d=mm&r=g","url":"https:\/\/secure.gravatar.com\/avatar\/98c60c7405ff843b10aec55db652bd3f5cb4320ef331ae76c156819a62194328?s=96&d=mm&r=g","contentUrl":"https:\/\/secure.gravatar.com\/avatar\/98c60c7405ff843b10aec55db652bd3f5cb4320ef331ae76c156819a62194328?s=96&d=mm&r=g","caption":"Confederaci\u00f3 Mundial de Penyes del FC Barcelona"},"url":"https:\/\/confederaciopenyes.cat\/es\/author\/comunicacioconfederaciopenyes-cat\/"}]}},"_links":{"self":[{"href":"https:\/\/confederaciopenyes.cat\/es\/wp-json\/wp\/v2\/posts\/26092","targetHints":{"allow":["GET"]}}],"collection":[{"href":"https:\/\/confederaciopenyes.cat\/es\/wp-json\/wp\/v2\/posts"}],"about":[{"href":"https:\/\/confederaciopenyes.cat\/es\/wp-json\/wp\/v2\/types\/post"}],"author":[{"embeddable":true,"href":"https:\/\/confederaciopenyes.cat\/es\/wp-json\/wp\/v2\/users\/4"}],"replies":[{"embeddable":true,"href":"https:\/\/confederaciopenyes.cat\/es\/wp-json\/wp\/v2\/comments?post=26092"}],"version-history":[{"count":2,"href":"https:\/\/confederaciopenyes.cat\/es\/wp-json\/wp\/v2\/posts\/26092\/revisions"}],"predecessor-version":[{"id":26094,"href":"https:\/\/confederaciopenyes.cat\/es\/wp-json\/wp\/v2\/posts\/26092\/revisions\/26094"}],"wp:featuredmedia":[{"embeddable":true,"href":"https:\/\/confederaciopenyes.cat\/es\/wp-json\/wp\/v2\/media\/26053"}],"wp:attachment":[{"href":"https:\/\/confederaciopenyes.cat\/es\/wp-json\/wp\/v2\/media?parent=26092"}],"wp:term":[{"taxonomy":"category","embeddable":true,"href":"https:\/\/confederaciopenyes.cat\/es\/wp-json\/wp\/v2\/categories?post=26092"},{"taxonomy":"post_tag","embeddable":true,"href":"https:\/\/confederaciopenyes.cat\/es\/wp-json\/wp\/v2\/tags?post=26092"}],"curies":[{"name":"wp","href":"https:\/\/api.w.org\/{rel}","templated":true}]}}