{"id":27379,"date":"2024-11-20T13:49:46","date_gmt":"2024-11-20T12:49:46","guid":{"rendered":"https:\/\/confederaciopenyes.cat\/aniversarios-en-las-penas-mallorquinas-els-tamarells-y-porreres\/"},"modified":"2024-11-20T15:47:52","modified_gmt":"2024-11-20T14:47:52","slug":"aniversarios-en-las-penas-mallorquinas-els-tamarells-y-porreres","status":"publish","type":"post","link":"https:\/\/confederaciopenyes.cat\/es\/aniversarios-en-las-penas-mallorquinas-els-tamarells-y-porreres\/","title":{"rendered":"Aniversarios en las pe\u00f1as mallorquinas Els Tamarells y Porreres"},"content":{"rendered":"\n<p>La <strong>Federaci\u00f3 de Penyes Barcelonistes de les Illes Balears<\/strong> vivi\u00f3 una doble celebraci\u00f3n el pasado fin de semana con el <strong>21\u00ba aniversario de la <a href=\"https:\/\/www.instagram.com\/pbelstamarells\/\" target=\"_blank\" rel=\"noreferrer noopener\">Penya Barcelonista Els Tamarells <\/a><\/strong>y el <strong>40\u00ba de la <a href=\"https:\/\/www.instagram.com\/penya_barcelonista_porreres\/\" target=\"_blank\" rel=\"noreferrer noopener\">Penya Barcelonista de Porreres<\/a><\/strong>. Fueron eventos festivos y emotivos, pero tambi\u00e9n con un especial componente hist\u00f3rico gracias a la presencia en ambos de los exjugadores <strong>Pere Valent\u00ed Mora<\/strong> i <strong>Rafael Zuvir\u00eda<\/strong>, protagonistas, respectivamente, del <strong>0-5 en el Bernab\u00e9u de 1974 o la Recopa de 1979<\/strong>. <\/p>\n\n<h6 class=\"wp-block-heading\" id=\"h-homenatges-historics-a-la-pb-els-tamarells\"><strong>Homenajes hist\u00f3ricos en la PB Els Tamarells<\/strong><\/h6>\n\n<p>Con motivo de su 21\u00ba aniversario, la <strong>PB Els Tamarells<\/strong> program\u00f3 dos d\u00edas de actividades en que las <strong>conferencias hist\u00f3ricas<\/strong> tuvieron un peso importante. La primera fue <strong>\u201cLlegendaris\u201d<\/strong>, un nuevo formato ofrecido por la <strong>Confederaci\u00f3 Mundial de Penyes<\/strong> y conducido por su vicepresidente <strong>Salva Torres<\/strong>. Con la presencia de los citados Mora y Zuvir\u00eda, la charla, organizada por el <strong>\u00c1rea Joven<\/strong> de la PB Els Tamarells, <strong>record\u00f3 aquel Bar\u00e7a de los a\u00f1os 70<\/strong> y los hitos que consigui\u00f3. El acto tuvo lugar en la sede de la PB Els Tamarells, con la presencia de <strong>m\u00e1s de 110 personas<\/strong>, las cuales participaron despu\u00e9s en la <strong>fiesta de aniversario organizada por la pe\u00f1a<\/strong>.   <\/p>\n\n<p>Al d\u00eda siguiente, fue el turno de la conferencia<strong> \u201cAmbaixades: La historia de les Penyes\u201d<\/strong>, conducida tambi\u00e9n por <strong>Salva Torres<\/strong> junto con <strong>Aksana Vayevoda<\/strong>. Esta sesi\u00f3n repas\u00f3 los m\u00e1s de 100 a\u00f1os de recorrido del movimiento de pe\u00f1as e incluy\u00f3 la <strong>presentaci\u00f3n del libro \u201cL\u2019Avi Joan\u201d, de Jordi Monturiol<\/strong>, que trata sobre Joan Casals, \u201cL\u2019Avi del Bar\u00e7a\u201d. El propio Monturiol y <strong>el hijo de Joan Casals<\/strong> participaron en la conversaci\u00f3n, recordando esta figura tan querida por el barcelonismo. El presidente de la PB Els Tamarells, <strong>Sebasti\u00e0 Oliver<\/strong>, encabez\u00f3 los actos, a los cuales tambi\u00e9n asisti\u00f3 <strong>Oscar Escoda<\/strong>, presidente de la Federaci\u00f3 de les Illes Balears.   <\/p>\n\n<figure class=\"wp-block-gallery has-nested-images columns-default is-cropped wp-block-gallery-1 is-layout-flex wp-block-gallery-is-layout-flex\">\n<figure class=\"wp-block-image size-large\"><a href=\"https:\/\/confederaciopenyes.cat\/wp-content\/uploads\/2024\/11\/466679041_901754728716049_8682295199003734178_n.jpg\"><img decoding=\"async\" width=\"1024\" height=\"536\" data-id=\"27340\" data-src=\"https:\/\/confederaciopenyes.cat\/wp-content\/uploads\/2024\/11\/466679041_901754728716049_8682295199003734178_n-1024x536.jpg\" alt=\"\" class=\"wp-image-27340 lazyload\" data-srcset=\"https:\/\/confederaciopenyes.cat\/wp-content\/uploads\/2024\/11\/466679041_901754728716049_8682295199003734178_n-1024x536.jpg 1024w, https:\/\/confederaciopenyes.cat\/wp-content\/uploads\/2024\/11\/466679041_901754728716049_8682295199003734178_n-300x157.jpg 300w, https:\/\/confederaciopenyes.cat\/wp-content\/uploads\/2024\/11\/466679041_901754728716049_8682295199003734178_n-768x402.jpg 768w, https:\/\/confederaciopenyes.cat\/wp-content\/uploads\/2024\/11\/466679041_901754728716049_8682295199003734178_n.jpg 1438w\" data-sizes=\"(max-width: 1024px) 100vw, 1024px\" src=\"data:image\/svg+xml;base64,PHN2ZyB3aWR0aD0iMSIgaGVpZ2h0PSIxIiB4bWxucz0iaHR0cDovL3d3dy53My5vcmcvMjAwMC9zdmciPjwvc3ZnPg==\" style=\"--smush-placeholder-width: 1024px; --smush-placeholder-aspect-ratio: 1024\/536;\" \/><\/a><\/figure>\n\n\n\n<figure class=\"wp-block-image size-large\"><a href=\"https:\/\/confederaciopenyes.cat\/wp-content\/uploads\/2024\/11\/Imagen-de-WhatsApp-2024-11-15-a-las-20.31.05_ec00e405.jpg\"><img decoding=\"async\" width=\"1024\" height=\"576\" data-id=\"27333\" data-src=\"https:\/\/confederaciopenyes.cat\/wp-content\/uploads\/2024\/11\/Imagen-de-WhatsApp-2024-11-15-a-las-20.31.05_ec00e405-1024x576.jpg\" alt=\"\" class=\"wp-image-27333 lazyload\" data-srcset=\"https:\/\/confederaciopenyes.cat\/wp-content\/uploads\/2024\/11\/Imagen-de-WhatsApp-2024-11-15-a-las-20.31.05_ec00e405-1024x576.jpg 1024w, https:\/\/confederaciopenyes.cat\/wp-content\/uploads\/2024\/11\/Imagen-de-WhatsApp-2024-11-15-a-las-20.31.05_ec00e405-300x169.jpg 300w, https:\/\/confederaciopenyes.cat\/wp-content\/uploads\/2024\/11\/Imagen-de-WhatsApp-2024-11-15-a-las-20.31.05_ec00e405-768x432.jpg 768w, https:\/\/confederaciopenyes.cat\/wp-content\/uploads\/2024\/11\/Imagen-de-WhatsApp-2024-11-15-a-las-20.31.05_ec00e405-1536x864.jpg 1536w, https:\/\/confederaciopenyes.cat\/wp-content\/uploads\/2024\/11\/Imagen-de-WhatsApp-2024-11-15-a-las-20.31.05_ec00e405.jpg 1600w\" data-sizes=\"(max-width: 1024px) 100vw, 1024px\" src=\"data:image\/svg+xml;base64,PHN2ZyB3aWR0aD0iMSIgaGVpZ2h0PSIxIiB4bWxucz0iaHR0cDovL3d3dy53My5vcmcvMjAwMC9zdmciPjwvc3ZnPg==\" style=\"--smush-placeholder-width: 1024px; --smush-placeholder-aspect-ratio: 1024\/576;\" \/><\/a><\/figure>\n\n\n\n<figure class=\"wp-block-image size-large\"><a href=\"https:\/\/confederaciopenyes.cat\/wp-content\/uploads\/2024\/11\/Imagen-de-WhatsApp-2024-11-18-a-las-17.46.32_07e3b787-edited.jpg\"><img decoding=\"async\" width=\"1440\" height=\"810\" data-id=\"27360\" data-src=\"https:\/\/confederaciopenyes.cat\/wp-content\/uploads\/2024\/11\/Imagen-de-WhatsApp-2024-11-18-a-las-17.46.32_07e3b787-edited.jpg\" alt=\"\" class=\"wp-image-27360 lazyload\" data-srcset=\"https:\/\/confederaciopenyes.cat\/wp-content\/uploads\/2024\/11\/Imagen-de-WhatsApp-2024-11-18-a-las-17.46.32_07e3b787-edited.jpg 1440w, https:\/\/confederaciopenyes.cat\/wp-content\/uploads\/2024\/11\/Imagen-de-WhatsApp-2024-11-18-a-las-17.46.32_07e3b787-edited-300x169.jpg 300w, https:\/\/confederaciopenyes.cat\/wp-content\/uploads\/2024\/11\/Imagen-de-WhatsApp-2024-11-18-a-las-17.46.32_07e3b787-edited-1024x576.jpg 1024w, https:\/\/confederaciopenyes.cat\/wp-content\/uploads\/2024\/11\/Imagen-de-WhatsApp-2024-11-18-a-las-17.46.32_07e3b787-edited-768x432.jpg 768w\" data-sizes=\"(max-width: 1440px) 100vw, 1440px\" src=\"data:image\/svg+xml;base64,PHN2ZyB3aWR0aD0iMSIgaGVpZ2h0PSIxIiB4bWxucz0iaHR0cDovL3d3dy53My5vcmcvMjAwMC9zdmciPjwvc3ZnPg==\" style=\"--smush-placeholder-width: 1440px; --smush-placeholder-aspect-ratio: 1440\/810;\" \/><\/a><\/figure>\n\n\n\n<figure class=\"wp-block-image size-large\"><a href=\"https:\/\/confederaciopenyes.cat\/wp-content\/uploads\/2024\/11\/Imagen-de-WhatsApp-2024-11-18-a-las-17.48.07_32a38d19.jpg\"><img decoding=\"async\" width=\"1024\" height=\"768\" data-id=\"27336\" data-src=\"https:\/\/confederaciopenyes.cat\/wp-content\/uploads\/2024\/11\/Imagen-de-WhatsApp-2024-11-18-a-las-17.48.07_32a38d19-1024x768.jpg\" alt=\"\" class=\"wp-image-27336 lazyload\" data-srcset=\"https:\/\/confederaciopenyes.cat\/wp-content\/uploads\/2024\/11\/Imagen-de-WhatsApp-2024-11-18-a-las-17.48.07_32a38d19-1024x768.jpg 1024w, https:\/\/confederaciopenyes.cat\/wp-content\/uploads\/2024\/11\/Imagen-de-WhatsApp-2024-11-18-a-las-17.48.07_32a38d19-300x225.jpg 300w, https:\/\/confederaciopenyes.cat\/wp-content\/uploads\/2024\/11\/Imagen-de-WhatsApp-2024-11-18-a-las-17.48.07_32a38d19-768x576.jpg 768w, https:\/\/confederaciopenyes.cat\/wp-content\/uploads\/2024\/11\/Imagen-de-WhatsApp-2024-11-18-a-las-17.48.07_32a38d19-1536x1152.jpg 1536w, https:\/\/confederaciopenyes.cat\/wp-content\/uploads\/2024\/11\/Imagen-de-WhatsApp-2024-11-18-a-las-17.48.07_32a38d19.jpg 1600w\" data-sizes=\"(max-width: 1024px) 100vw, 1024px\" src=\"data:image\/svg+xml;base64,PHN2ZyB3aWR0aD0iMSIgaGVpZ2h0PSIxIiB4bWxucz0iaHR0cDovL3d3dy53My5vcmcvMjAwMC9zdmciPjwvc3ZnPg==\" style=\"--smush-placeholder-width: 1024px; --smush-placeholder-aspect-ratio: 1024\/768;\" \/><\/a><\/figure>\n\n\n\n<figure class=\"wp-block-image size-large\"><a href=\"https:\/\/confederaciopenyes.cat\/wp-content\/uploads\/2024\/11\/IMG-20241119-WA0016-edited.jpg\"><img decoding=\"async\" width=\"934\" height=\"701\" data-id=\"27363\" data-src=\"https:\/\/confederaciopenyes.cat\/wp-content\/uploads\/2024\/11\/IMG-20241119-WA0016-edited.jpg\" alt=\"\" class=\"wp-image-27363 lazyload\" data-srcset=\"https:\/\/confederaciopenyes.cat\/wp-content\/uploads\/2024\/11\/IMG-20241119-WA0016-edited.jpg 934w, https:\/\/confederaciopenyes.cat\/wp-content\/uploads\/2024\/11\/IMG-20241119-WA0016-edited-300x225.jpg 300w, https:\/\/confederaciopenyes.cat\/wp-content\/uploads\/2024\/11\/IMG-20241119-WA0016-edited-768x576.jpg 768w\" data-sizes=\"(max-width: 934px) 100vw, 934px\" src=\"data:image\/svg+xml;base64,PHN2ZyB3aWR0aD0iMSIgaGVpZ2h0PSIxIiB4bWxucz0iaHR0cDovL3d3dy53My5vcmcvMjAwMC9zdmciPjwvc3ZnPg==\" style=\"--smush-placeholder-width: 934px; --smush-placeholder-aspect-ratio: 934\/701;\" \/><\/a><\/figure>\n\n\n\n<figure class=\"wp-block-image size-large\"><a href=\"https:\/\/confederaciopenyes.cat\/wp-content\/uploads\/2024\/11\/IMG-20241119-WA0017.jpg\"><img decoding=\"async\" width=\"1024\" height=\"768\" data-id=\"27348\" data-src=\"https:\/\/confederaciopenyes.cat\/wp-content\/uploads\/2024\/11\/IMG-20241119-WA0017-1024x768.jpg\" alt=\"\" class=\"wp-image-27348 lazyload\" data-srcset=\"https:\/\/confederaciopenyes.cat\/wp-content\/uploads\/2024\/11\/IMG-20241119-WA0017-1024x768.jpg 1024w, https:\/\/confederaciopenyes.cat\/wp-content\/uploads\/2024\/11\/IMG-20241119-WA0017-300x225.jpg 300w, https:\/\/confederaciopenyes.cat\/wp-content\/uploads\/2024\/11\/IMG-20241119-WA0017-768x576.jpg 768w, https:\/\/confederaciopenyes.cat\/wp-content\/uploads\/2024\/11\/IMG-20241119-WA0017.jpg 1536w\" data-sizes=\"(max-width: 1024px) 100vw, 1024px\" src=\"data:image\/svg+xml;base64,PHN2ZyB3aWR0aD0iMSIgaGVpZ2h0PSIxIiB4bWxucz0iaHR0cDovL3d3dy53My5vcmcvMjAwMC9zdmciPjwvc3ZnPg==\" style=\"--smush-placeholder-width: 1024px; --smush-placeholder-aspect-ratio: 1024\/768;\" \/><\/a><\/figure>\n\n\n\n<figure class=\"wp-block-image size-large\"><a href=\"https:\/\/confederaciopenyes.cat\/wp-content\/uploads\/2024\/11\/IMG-20241119-WA0006.jpg\"><img decoding=\"async\" width=\"1024\" height=\"598\" data-id=\"27353\" data-src=\"https:\/\/confederaciopenyes.cat\/wp-content\/uploads\/2024\/11\/IMG-20241119-WA0006-1024x598.jpg\" alt=\"\" class=\"wp-image-27353 lazyload\" data-srcset=\"https:\/\/confederaciopenyes.cat\/wp-content\/uploads\/2024\/11\/IMG-20241119-WA0006-1024x598.jpg 1024w, https:\/\/confederaciopenyes.cat\/wp-content\/uploads\/2024\/11\/IMG-20241119-WA0006-300x175.jpg 300w, https:\/\/confederaciopenyes.cat\/wp-content\/uploads\/2024\/11\/IMG-20241119-WA0006-768x448.jpg 768w, https:\/\/confederaciopenyes.cat\/wp-content\/uploads\/2024\/11\/IMG-20241119-WA0006.jpg 1456w\" data-sizes=\"(max-width: 1024px) 100vw, 1024px\" src=\"data:image\/svg+xml;base64,PHN2ZyB3aWR0aD0iMSIgaGVpZ2h0PSIxIiB4bWxucz0iaHR0cDovL3d3dy53My5vcmcvMjAwMC9zdmciPjwvc3ZnPg==\" style=\"--smush-placeholder-width: 1024px; --smush-placeholder-aspect-ratio: 1024\/598;\" \/><\/a><\/figure>\n\n\n\n<figure class=\"wp-block-image size-large\"><a href=\"https:\/\/confederaciopenyes.cat\/wp-content\/uploads\/2024\/11\/IMG-20241119-WA0007.jpg\"><img decoding=\"async\" width=\"1024\" height=\"478\" data-id=\"27354\" data-src=\"https:\/\/confederaciopenyes.cat\/wp-content\/uploads\/2024\/11\/IMG-20241119-WA0007-1024x478.jpg\" alt=\"\" class=\"wp-image-27354 lazyload\" data-srcset=\"https:\/\/confederaciopenyes.cat\/wp-content\/uploads\/2024\/11\/IMG-20241119-WA0007-1024x478.jpg 1024w, https:\/\/confederaciopenyes.cat\/wp-content\/uploads\/2024\/11\/IMG-20241119-WA0007-300x140.jpg 300w, https:\/\/confederaciopenyes.cat\/wp-content\/uploads\/2024\/11\/IMG-20241119-WA0007-768x359.jpg 768w, https:\/\/confederaciopenyes.cat\/wp-content\/uploads\/2024\/11\/IMG-20241119-WA0007-1536x717.jpg 1536w, https:\/\/confederaciopenyes.cat\/wp-content\/uploads\/2024\/11\/IMG-20241119-WA0007.jpg 2000w\" data-sizes=\"(max-width: 1024px) 100vw, 1024px\" src=\"data:image\/svg+xml;base64,PHN2ZyB3aWR0aD0iMSIgaGVpZ2h0PSIxIiB4bWxucz0iaHR0cDovL3d3dy53My5vcmcvMjAwMC9zdmciPjwvc3ZnPg==\" style=\"--smush-placeholder-width: 1024px; --smush-placeholder-aspect-ratio: 1024\/478;\" \/><\/a><\/figure>\n\n\n\n<figure class=\"wp-block-image size-large\"><a href=\"https:\/\/confederaciopenyes.cat\/wp-content\/uploads\/2024\/11\/IMG-20241119-WA0011.jpg\"><img decoding=\"async\" width=\"1024\" height=\"478\" data-id=\"27351\" data-src=\"https:\/\/confederaciopenyes.cat\/wp-content\/uploads\/2024\/11\/IMG-20241119-WA0011-1024x478.jpg\" alt=\"\" class=\"wp-image-27351 lazyload\" data-srcset=\"https:\/\/confederaciopenyes.cat\/wp-content\/uploads\/2024\/11\/IMG-20241119-WA0011-1024x478.jpg 1024w, https:\/\/confederaciopenyes.cat\/wp-content\/uploads\/2024\/11\/IMG-20241119-WA0011-300x140.jpg 300w, https:\/\/confederaciopenyes.cat\/wp-content\/uploads\/2024\/11\/IMG-20241119-WA0011-768x359.jpg 768w, https:\/\/confederaciopenyes.cat\/wp-content\/uploads\/2024\/11\/IMG-20241119-WA0011-1536x717.jpg 1536w, https:\/\/confederaciopenyes.cat\/wp-content\/uploads\/2024\/11\/IMG-20241119-WA0011.jpg 1600w\" data-sizes=\"(max-width: 1024px) 100vw, 1024px\" src=\"data:image\/svg+xml;base64,PHN2ZyB3aWR0aD0iMSIgaGVpZ2h0PSIxIiB4bWxucz0iaHR0cDovL3d3dy53My5vcmcvMjAwMC9zdmciPjwvc3ZnPg==\" style=\"--smush-placeholder-width: 1024px; --smush-placeholder-aspect-ratio: 1024\/478;\" \/><\/a><\/figure>\n<\/figure>\n\n<p><\/p>\n\n<h6 class=\"wp-block-heading\" id=\"h-fi-a-les-celebracions-de-la-pb-porreres\"><strong>Fin de las celebraciones de la PB Porreres <br\/><\/strong><\/h6>\n\n<p>Un d\u00eda despu\u00e9s, buena parte de los invitados se trasladaron a Porreres para asistir a la fiesta final del <strong>40\u00ba aniversario de la PB Porreres<\/strong>, presidida por <strong>Bernad\u00ed Barcel\u00f3<\/strong>. Aqu\u00ed, Pere Valent\u00ed Mora i Rafael Zuvir\u00eda tambi\u00e9n generaron un buen n\u00famero de conversaciones con los asistentes sobre el 0-5 en el Bernab\u00e9u y la Recopa, en un ambiente muy distendido y festivo. Tambi\u00e9n hubo un <strong>homenaje a uno de los fundadores de la pe\u00f1a, Toni Martorell<\/strong>, quien recibi\u00f3 una camiseta de Lamine Yamal, y se sortearon entradas para ver al primer equipo entre todos los asistentes. Los regidores <strong>Marta Escoda<\/strong> y <strong>Sebasti\u00e0 Lliteres<\/strong>, del Ayuntamiento de Porreres, tambi\u00e9n participaron en el acto.   <\/p>\n\n<p>Esta fiesta, con una <strong>numerosa presencia de sus miembros<\/strong>, culmina las celebraciones del 40\u00ba aniversario de la PB Porreres. Hace un mes, la entidad barcelonista ya organiz\u00f3 o<a href=\"https:\/\/confederaciopenyes.cat\/es\/la-pb-porreres-recuerda-a-sus-fundadores\/\" target=\"_blank\" rel=\"noreferrer noopener\">tro emotivo homenaje a las figuras que fueron protagonistas de sus primeros pasos<\/a> como pe\u00f1a, entre ellas el citado Toni Martorell. As\u00ed pues, la PB Porreres ha querido <strong>alabar su pasado, pero tambi\u00e9n mirar al futuro <\/strong>con estas cuatro d\u00e9cadas de recorrido.  <\/p>\n\n<figure class=\"wp-block-gallery has-nested-images columns-default is-cropped wp-block-gallery-2 is-layout-flex wp-block-gallery-is-layout-flex\">\n<figure class=\"wp-block-image size-large\"><a href=\"https:\/\/confederaciopenyes.cat\/wp-content\/uploads\/2024\/11\/Imagen-de-WhatsApp-2024-11-18-a-las-08.05.39_91405af3-edited.jpg\"><img decoding=\"async\" width=\"1500\" height=\"1125\" data-id=\"27375\" data-src=\"https:\/\/confederaciopenyes.cat\/wp-content\/uploads\/2024\/11\/Imagen-de-WhatsApp-2024-11-18-a-las-08.05.39_91405af3-edited.jpg\" alt=\"\" class=\"wp-image-27375 lazyload\" data-srcset=\"https:\/\/confederaciopenyes.cat\/wp-content\/uploads\/2024\/11\/Imagen-de-WhatsApp-2024-11-18-a-las-08.05.39_91405af3-edited.jpg 1500w, https:\/\/confederaciopenyes.cat\/wp-content\/uploads\/2024\/11\/Imagen-de-WhatsApp-2024-11-18-a-las-08.05.39_91405af3-edited-300x225.jpg 300w, https:\/\/confederaciopenyes.cat\/wp-content\/uploads\/2024\/11\/Imagen-de-WhatsApp-2024-11-18-a-las-08.05.39_91405af3-edited-1024x768.jpg 1024w, https:\/\/confederaciopenyes.cat\/wp-content\/uploads\/2024\/11\/Imagen-de-WhatsApp-2024-11-18-a-las-08.05.39_91405af3-edited-768x576.jpg 768w\" data-sizes=\"(max-width: 1500px) 100vw, 1500px\" src=\"data:image\/svg+xml;base64,PHN2ZyB3aWR0aD0iMSIgaGVpZ2h0PSIxIiB4bWxucz0iaHR0cDovL3d3dy53My5vcmcvMjAwMC9zdmciPjwvc3ZnPg==\" style=\"--smush-placeholder-width: 1500px; --smush-placeholder-aspect-ratio: 1500\/1125;\" \/><\/a><\/figure>\n\n\n\n<figure class=\"wp-block-image size-large\"><a href=\"https:\/\/confederaciopenyes.cat\/wp-content\/uploads\/2024\/11\/Imagen-de-WhatsApp-2024-11-18-a-las-08.05.52_4a00c196.jpg\"><img decoding=\"async\" width=\"1024\" height=\"768\" data-id=\"27372\" data-src=\"https:\/\/confederaciopenyes.cat\/wp-content\/uploads\/2024\/11\/Imagen-de-WhatsApp-2024-11-18-a-las-08.05.52_4a00c196-1024x768.jpg\" alt=\"\" class=\"wp-image-27372 lazyload\" data-srcset=\"https:\/\/confederaciopenyes.cat\/wp-content\/uploads\/2024\/11\/Imagen-de-WhatsApp-2024-11-18-a-las-08.05.52_4a00c196-1024x768.jpg 1024w, https:\/\/confederaciopenyes.cat\/wp-content\/uploads\/2024\/11\/Imagen-de-WhatsApp-2024-11-18-a-las-08.05.52_4a00c196-300x225.jpg 300w, https:\/\/confederaciopenyes.cat\/wp-content\/uploads\/2024\/11\/Imagen-de-WhatsApp-2024-11-18-a-las-08.05.52_4a00c196-768x576.jpg 768w, https:\/\/confederaciopenyes.cat\/wp-content\/uploads\/2024\/11\/Imagen-de-WhatsApp-2024-11-18-a-las-08.05.52_4a00c196.jpg 1536w\" data-sizes=\"(max-width: 1024px) 100vw, 1024px\" src=\"data:image\/svg+xml;base64,PHN2ZyB3aWR0aD0iMSIgaGVpZ2h0PSIxIiB4bWxucz0iaHR0cDovL3d3dy53My5vcmcvMjAwMC9zdmciPjwvc3ZnPg==\" style=\"--smush-placeholder-width: 1024px; --smush-placeholder-aspect-ratio: 1024\/768;\" \/><\/a><\/figure>\n\n\n\n<figure class=\"wp-block-image size-large\"><a href=\"https:\/\/confederaciopenyes.cat\/wp-content\/uploads\/2024\/11\/Imagen-de-WhatsApp-2024-11-18-a-las-08.06.00_df3bf954.jpg\"><img decoding=\"async\" width=\"1024\" height=\"768\" data-id=\"27369\" data-src=\"https:\/\/confederaciopenyes.cat\/wp-content\/uploads\/2024\/11\/Imagen-de-WhatsApp-2024-11-18-a-las-08.06.00_df3bf954-1024x768.jpg\" alt=\"\" class=\"wp-image-27369 lazyload\" data-srcset=\"https:\/\/confederaciopenyes.cat\/wp-content\/uploads\/2024\/11\/Imagen-de-WhatsApp-2024-11-18-a-las-08.06.00_df3bf954-1024x768.jpg 1024w, https:\/\/confederaciopenyes.cat\/wp-content\/uploads\/2024\/11\/Imagen-de-WhatsApp-2024-11-18-a-las-08.06.00_df3bf954-300x225.jpg 300w, https:\/\/confederaciopenyes.cat\/wp-content\/uploads\/2024\/11\/Imagen-de-WhatsApp-2024-11-18-a-las-08.06.00_df3bf954-768x576.jpg 768w, https:\/\/confederaciopenyes.cat\/wp-content\/uploads\/2024\/11\/Imagen-de-WhatsApp-2024-11-18-a-las-08.06.00_df3bf954-1536x1152.jpg 1536w, https:\/\/confederaciopenyes.cat\/wp-content\/uploads\/2024\/11\/Imagen-de-WhatsApp-2024-11-18-a-las-08.06.00_df3bf954.jpg 1600w\" data-sizes=\"(max-width: 1024px) 100vw, 1024px\" src=\"data:image\/svg+xml;base64,PHN2ZyB3aWR0aD0iMSIgaGVpZ2h0PSIxIiB4bWxucz0iaHR0cDovL3d3dy53My5vcmcvMjAwMC9zdmciPjwvc3ZnPg==\" style=\"--smush-placeholder-width: 1024px; --smush-placeholder-aspect-ratio: 1024\/768;\" \/><\/a><\/figure>\n<\/figure>\n","protected":false},"excerpt":{"rendered":"<p>La Federaci\u00f3 de Penyes Barcelonistes de les Illes Balears vivi\u00f3 una doble celebraci\u00f3n el pasado fin de semana con el 21\u00ba aniversario de la Penya Barcelonista Els Tamarells y el 40\u00ba de la Penya Barcelonista de Porreres. Fueron eventos festivos y emotivos, pero tambi\u00e9n con un especial componente hist\u00f3rico gracias a la presencia en ambos &#8230; <a title=\"Aniversarios en las pe\u00f1as mallorquinas Els Tamarells y Porreres\" class=\"read-more\" href=\"https:\/\/confederaciopenyes.cat\/es\/aniversarios-en-las-penas-mallorquinas-els-tamarells-y-porreres\/\" aria-label=\"Leer m\u00e1s sobre Aniversarios en las pe\u00f1as mallorquinas Els Tamarells y Porreres\">Leer m\u00e1s<\/a><\/p>\n","protected":false},"author":4,"featured_media":27332,"comment_status":"closed","ping_status":"open","sticky":false,"template":"","format":"standard","meta":{"_acf_changed":false,"footnotes":""},"categories":[1],"tags":[2854,2556,3113,2554,3088,3254,2555],"class_list":["post-27379","post","type-post","status-publish","format-standard","has-post-thumbnail","hentry","category-noticias-es","tag-aniversario-es","tag-confederacio-mundial-de-penyes-es-2","tag-federacio-de-penyes-de-les-illes-balears-es-2","tag-noticias-es","tag-pb-els-tamarells-es-2","tag-pb-porreres-es","tag-penas-es"],"acf":[],"yoast_head":"<!-- This site is optimized with the Yoast SEO Premium plugin v26.7 (Yoast SEO v27.5) - https:\/\/yoast.com\/product\/yoast-seo-premium-wordpress\/ -->\n<title>Aniversarios de la PB Els Tamarells y la PB Porreres - Confederaci\u00f3 Mundial de Penyes del FC Barcelona<\/title>\n<meta name=\"description\" content=\"La PB Els Tamarells celebr\u00f3 su 21\u00ba aniversario, mientras que la PB Porreres conmemor\u00f3 40 a\u00f1os de su creaci\u00f3n.\" \/>\n<meta name=\"robots\" content=\"index, follow, max-snippet:-1, max-image-preview:large, max-video-preview:-1\" \/>\n<link rel=\"canonical\" href=\"https:\/\/confederaciopenyes.cat\/es\/aniversarios-en-las-penas-mallorquinas-els-tamarells-y-porreres\/\" \/>\n<meta property=\"og:locale\" content=\"es_ES\" \/>\n<meta property=\"og:type\" content=\"article\" \/>\n<meta property=\"og:title\" content=\"Aniversarios en las pe\u00f1as mallorquinas Els Tamarells y Porreres\" \/>\n<meta property=\"og:description\" content=\"La PB Els Tamarells celebr\u00f3 su 21\u00ba aniversario, mientras que la PB Porreres conmemor\u00f3 40 a\u00f1os de su creaci\u00f3n.\" \/>\n<meta property=\"og:url\" content=\"https:\/\/confederaciopenyes.cat\/es\/aniversarios-en-las-penas-mallorquinas-els-tamarells-y-porreres\/\" \/>\n<meta property=\"og:site_name\" content=\"Confederaci\u00f3 Mundial de Penyes del FC Barcelona\" \/>\n<meta property=\"article:publisher\" content=\"https:\/\/www.facebook.com\/ConfederacioMundialPenyesFCB\" \/>\n<meta property=\"article:published_time\" content=\"2024-11-20T12:49:46+00:00\" \/>\n<meta property=\"article:modified_time\" content=\"2024-11-20T14:47:52+00:00\" \/>\n<meta property=\"og:image\" content=\"https:\/\/confederaciopenyes.cat\/wp-content\/uploads\/2024\/11\/IMG-20241119-WA0021.jpg\" \/>\n\t<meta property=\"og:image:width\" content=\"1600\" \/>\n\t<meta property=\"og:image:height\" content=\"882\" \/>\n\t<meta property=\"og:image:type\" content=\"image\/jpeg\" \/>\n<meta name=\"author\" content=\"Confederaci\u00f3 Mundial de Penyes del FC Barcelona\" \/>\n<meta name=\"twitter:card\" content=\"summary_large_image\" \/>\n<meta name=\"twitter:creator\" content=\"@ConfePenyesFCB\" \/>\n<meta name=\"twitter:site\" content=\"@ConfePenyesFCB\" \/>\n<meta name=\"twitter:label1\" content=\"Escrito por\" \/>\n\t<meta name=\"twitter:data1\" content=\"Confederaci\u00f3 Mundial de Penyes del FC Barcelona\" \/>\n\t<meta name=\"twitter:label2\" content=\"Tiempo de lectura\" \/>\n\t<meta name=\"twitter:data2\" content=\"6 minutos\" \/>\n<script type=\"application\/ld+json\" class=\"yoast-schema-graph\">{\"@context\":\"https:\\\/\\\/schema.org\",\"@graph\":[{\"@type\":\"Article\",\"@id\":\"https:\\\/\\\/confederaciopenyes.cat\\\/es\\\/aniversarios-en-las-penas-mallorquinas-els-tamarells-y-porreres\\\/#article\",\"isPartOf\":{\"@id\":\"https:\\\/\\\/confederaciopenyes.cat\\\/es\\\/aniversarios-en-las-penas-mallorquinas-els-tamarells-y-porreres\\\/\"},\"author\":{\"name\":\"Confederaci\u00f3 Mundial de Penyes del FC Barcelona\",\"@id\":\"https:\\\/\\\/confederaciopenyes.cat\\\/es\\\/#\\\/schema\\\/person\\\/337072f6daef87a85aa59aa1f134387c\"},\"headline\":\"Aniversarios en las pe\u00f1as mallorquinas Els Tamarells y Porreres\",\"datePublished\":\"2024-11-20T12:49:46+00:00\",\"dateModified\":\"2024-11-20T14:47:52+00:00\",\"mainEntityOfPage\":{\"@id\":\"https:\\\/\\\/confederaciopenyes.cat\\\/es\\\/aniversarios-en-las-penas-mallorquinas-els-tamarells-y-porreres\\\/\"},\"wordCount\":528,\"publisher\":{\"@id\":\"https:\\\/\\\/confederaciopenyes.cat\\\/es\\\/#organization\"},\"image\":{\"@id\":\"https:\\\/\\\/confederaciopenyes.cat\\\/es\\\/aniversarios-en-las-penas-mallorquinas-els-tamarells-y-porreres\\\/#primaryimage\"},\"thumbnailUrl\":\"https:\\\/\\\/confederaciopenyes.cat\\\/wp-content\\\/uploads\\\/2024\\\/11\\\/IMG-20241119-WA0021.jpg\",\"keywords\":[\"aniversario\",\"confederaci\u00f3 mundial de penyes\",\"Federaci\u00f3 de Penyes de les Illes Balears\",\"noticias\",\"PB Els Tamarells\",\"PB Porreres\",\"pe\u00f1as\"],\"articleSection\":[\"Noticias\"],\"inLanguage\":\"es\"},{\"@type\":\"WebPage\",\"@id\":\"https:\\\/\\\/confederaciopenyes.cat\\\/es\\\/aniversarios-en-las-penas-mallorquinas-els-tamarells-y-porreres\\\/\",\"url\":\"https:\\\/\\\/confederaciopenyes.cat\\\/es\\\/aniversarios-en-las-penas-mallorquinas-els-tamarells-y-porreres\\\/\",\"name\":\"Aniversarios de la PB Els Tamarells y la PB Porreres - Confederaci\u00f3 Mundial de Penyes del FC Barcelona\",\"isPartOf\":{\"@id\":\"https:\\\/\\\/confederaciopenyes.cat\\\/es\\\/#website\"},\"primaryImageOfPage\":{\"@id\":\"https:\\\/\\\/confederaciopenyes.cat\\\/es\\\/aniversarios-en-las-penas-mallorquinas-els-tamarells-y-porreres\\\/#primaryimage\"},\"image\":{\"@id\":\"https:\\\/\\\/confederaciopenyes.cat\\\/es\\\/aniversarios-en-las-penas-mallorquinas-els-tamarells-y-porreres\\\/#primaryimage\"},\"thumbnailUrl\":\"https:\\\/\\\/confederaciopenyes.cat\\\/wp-content\\\/uploads\\\/2024\\\/11\\\/IMG-20241119-WA0021.jpg\",\"datePublished\":\"2024-11-20T12:49:46+00:00\",\"dateModified\":\"2024-11-20T14:47:52+00:00\",\"description\":\"La PB Els Tamarells celebr\u00f3 su 21\u00ba aniversario, mientras que la PB Porreres conmemor\u00f3 40 a\u00f1os de su creaci\u00f3n.\",\"breadcrumb\":{\"@id\":\"https:\\\/\\\/confederaciopenyes.cat\\\/es\\\/aniversarios-en-las-penas-mallorquinas-els-tamarells-y-porreres\\\/#breadcrumb\"},\"inLanguage\":\"es\",\"potentialAction\":[{\"@type\":\"ReadAction\",\"target\":[\"https:\\\/\\\/confederaciopenyes.cat\\\/es\\\/aniversarios-en-las-penas-mallorquinas-els-tamarells-y-porreres\\\/\"]}]},{\"@type\":\"ImageObject\",\"inLanguage\":\"es\",\"@id\":\"https:\\\/\\\/confederaciopenyes.cat\\\/es\\\/aniversarios-en-las-penas-mallorquinas-els-tamarells-y-porreres\\\/#primaryimage\",\"url\":\"https:\\\/\\\/confederaciopenyes.cat\\\/wp-content\\\/uploads\\\/2024\\\/11\\\/IMG-20241119-WA0021.jpg\",\"contentUrl\":\"https:\\\/\\\/confederaciopenyes.cat\\\/wp-content\\\/uploads\\\/2024\\\/11\\\/IMG-20241119-WA0021.jpg\",\"width\":1600,\"height\":882},{\"@type\":\"BreadcrumbList\",\"@id\":\"https:\\\/\\\/confederaciopenyes.cat\\\/es\\\/aniversarios-en-las-penas-mallorquinas-els-tamarells-y-porreres\\\/#breadcrumb\",\"itemListElement\":[{\"@type\":\"ListItem\",\"position\":1,\"name\":\"Inici\",\"item\":\"https:\\\/\\\/confederaciopenyes.cat\\\/es\\\/\"},{\"@type\":\"ListItem\",\"position\":2,\"name\":\"Aniversarios en las pe\u00f1as mallorquinas Els Tamarells y Porreres\"}]},{\"@type\":\"WebSite\",\"@id\":\"https:\\\/\\\/confederaciopenyes.cat\\\/es\\\/#website\",\"url\":\"https:\\\/\\\/confederaciopenyes.cat\\\/es\\\/\",\"name\":\"Confederaci\u00f3 Mundial de Penyes del FC Barcelona\",\"description\":\"C.M. Penyes FC Barcelona\",\"publisher\":{\"@id\":\"https:\\\/\\\/confederaciopenyes.cat\\\/es\\\/#organization\"},\"potentialAction\":[{\"@type\":\"SearchAction\",\"target\":{\"@type\":\"EntryPoint\",\"urlTemplate\":\"https:\\\/\\\/confederaciopenyes.cat\\\/es\\\/?s={search_term_string}\"},\"query-input\":{\"@type\":\"PropertyValueSpecification\",\"valueRequired\":true,\"valueName\":\"search_term_string\"}}],\"inLanguage\":\"es\"},{\"@type\":\"Organization\",\"@id\":\"https:\\\/\\\/confederaciopenyes.cat\\\/es\\\/#organization\",\"name\":\"Confederaci\u00f3 Mundial de Penyes del FC Barcelona\",\"url\":\"https:\\\/\\\/confederaciopenyes.cat\\\/es\\\/\",\"logo\":{\"@type\":\"ImageObject\",\"inLanguage\":\"es\",\"@id\":\"https:\\\/\\\/confederaciopenyes.cat\\\/es\\\/#\\\/schema\\\/logo\\\/image\\\/\",\"url\":\"https:\\\/\\\/confederaciopenyes.cat\\\/wp-content\\\/uploads\\\/2022\\\/07\\\/cropped-logo_horizontal.png\",\"contentUrl\":\"https:\\\/\\\/confederaciopenyes.cat\\\/wp-content\\\/uploads\\\/2022\\\/07\\\/cropped-logo_horizontal.png\",\"width\":1320,\"height\":309,\"caption\":\"Confederaci\u00f3 Mundial de Penyes del FC Barcelona\"},\"image\":{\"@id\":\"https:\\\/\\\/confederaciopenyes.cat\\\/es\\\/#\\\/schema\\\/logo\\\/image\\\/\"},\"sameAs\":[\"https:\\\/\\\/www.facebook.com\\\/ConfederacioMundialPenyesFCB\",\"https:\\\/\\\/x.com\\\/ConfePenyesFCB\",\"https:\\\/\\\/www.instagram.com\\\/confepenyesfcb\\\/\"]},{\"@type\":\"Person\",\"@id\":\"https:\\\/\\\/confederaciopenyes.cat\\\/es\\\/#\\\/schema\\\/person\\\/337072f6daef87a85aa59aa1f134387c\",\"name\":\"Confederaci\u00f3 Mundial de Penyes del FC Barcelona\",\"image\":{\"@type\":\"ImageObject\",\"inLanguage\":\"es\",\"@id\":\"https:\\\/\\\/secure.gravatar.com\\\/avatar\\\/98c60c7405ff843b10aec55db652bd3f5cb4320ef331ae76c156819a62194328?s=96&d=mm&r=g\",\"url\":\"https:\\\/\\\/secure.gravatar.com\\\/avatar\\\/98c60c7405ff843b10aec55db652bd3f5cb4320ef331ae76c156819a62194328?s=96&d=mm&r=g\",\"contentUrl\":\"https:\\\/\\\/secure.gravatar.com\\\/avatar\\\/98c60c7405ff843b10aec55db652bd3f5cb4320ef331ae76c156819a62194328?s=96&d=mm&r=g\",\"caption\":\"Confederaci\u00f3 Mundial de Penyes del FC Barcelona\"},\"url\":\"https:\\\/\\\/confederaciopenyes.cat\\\/es\\\/author\\\/comunicacioconfederaciopenyes-cat\\\/\"}]}<\/script>\n<!-- \/ Yoast SEO Premium plugin. -->","yoast_head_json":{"title":"Aniversarios de la PB Els Tamarells y la PB Porreres - Confederaci\u00f3 Mundial de Penyes del FC Barcelona","description":"La PB Els Tamarells celebr\u00f3 su 21\u00ba aniversario, mientras que la PB Porreres conmemor\u00f3 40 a\u00f1os de su creaci\u00f3n.","robots":{"index":"index","follow":"follow","max-snippet":"max-snippet:-1","max-image-preview":"max-image-preview:large","max-video-preview":"max-video-preview:-1"},"canonical":"https:\/\/confederaciopenyes.cat\/es\/aniversarios-en-las-penas-mallorquinas-els-tamarells-y-porreres\/","og_locale":"es_ES","og_type":"article","og_title":"Aniversarios en las pe\u00f1as mallorquinas Els Tamarells y Porreres","og_description":"La PB Els Tamarells celebr\u00f3 su 21\u00ba aniversario, mientras que la PB Porreres conmemor\u00f3 40 a\u00f1os de su creaci\u00f3n.","og_url":"https:\/\/confederaciopenyes.cat\/es\/aniversarios-en-las-penas-mallorquinas-els-tamarells-y-porreres\/","og_site_name":"Confederaci\u00f3 Mundial de Penyes del FC Barcelona","article_publisher":"https:\/\/www.facebook.com\/ConfederacioMundialPenyesFCB","article_published_time":"2024-11-20T12:49:46+00:00","article_modified_time":"2024-11-20T14:47:52+00:00","og_image":[{"width":1600,"height":882,"url":"https:\/\/confederaciopenyes.cat\/wp-content\/uploads\/2024\/11\/IMG-20241119-WA0021.jpg","type":"image\/jpeg"}],"author":"Confederaci\u00f3 Mundial de Penyes del FC Barcelona","twitter_card":"summary_large_image","twitter_creator":"@ConfePenyesFCB","twitter_site":"@ConfePenyesFCB","twitter_misc":{"Escrito por":"Confederaci\u00f3 Mundial de Penyes del FC Barcelona","Tiempo de lectura":"6 minutos"},"schema":{"@context":"https:\/\/schema.org","@graph":[{"@type":"Article","@id":"https:\/\/confederaciopenyes.cat\/es\/aniversarios-en-las-penas-mallorquinas-els-tamarells-y-porreres\/#article","isPartOf":{"@id":"https:\/\/confederaciopenyes.cat\/es\/aniversarios-en-las-penas-mallorquinas-els-tamarells-y-porreres\/"},"author":{"name":"Confederaci\u00f3 Mundial de Penyes del FC Barcelona","@id":"https:\/\/confederaciopenyes.cat\/es\/#\/schema\/person\/337072f6daef87a85aa59aa1f134387c"},"headline":"Aniversarios en las pe\u00f1as mallorquinas Els Tamarells y Porreres","datePublished":"2024-11-20T12:49:46+00:00","dateModified":"2024-11-20T14:47:52+00:00","mainEntityOfPage":{"@id":"https:\/\/confederaciopenyes.cat\/es\/aniversarios-en-las-penas-mallorquinas-els-tamarells-y-porreres\/"},"wordCount":528,"publisher":{"@id":"https:\/\/confederaciopenyes.cat\/es\/#organization"},"image":{"@id":"https:\/\/confederaciopenyes.cat\/es\/aniversarios-en-las-penas-mallorquinas-els-tamarells-y-porreres\/#primaryimage"},"thumbnailUrl":"https:\/\/confederaciopenyes.cat\/wp-content\/uploads\/2024\/11\/IMG-20241119-WA0021.jpg","keywords":["aniversario","confederaci\u00f3 mundial de penyes","Federaci\u00f3 de Penyes de les Illes Balears","noticias","PB Els Tamarells","PB Porreres","pe\u00f1as"],"articleSection":["Noticias"],"inLanguage":"es"},{"@type":"WebPage","@id":"https:\/\/confederaciopenyes.cat\/es\/aniversarios-en-las-penas-mallorquinas-els-tamarells-y-porreres\/","url":"https:\/\/confederaciopenyes.cat\/es\/aniversarios-en-las-penas-mallorquinas-els-tamarells-y-porreres\/","name":"Aniversarios de la PB Els Tamarells y la PB Porreres - Confederaci\u00f3 Mundial de Penyes del FC Barcelona","isPartOf":{"@id":"https:\/\/confederaciopenyes.cat\/es\/#website"},"primaryImageOfPage":{"@id":"https:\/\/confederaciopenyes.cat\/es\/aniversarios-en-las-penas-mallorquinas-els-tamarells-y-porreres\/#primaryimage"},"image":{"@id":"https:\/\/confederaciopenyes.cat\/es\/aniversarios-en-las-penas-mallorquinas-els-tamarells-y-porreres\/#primaryimage"},"thumbnailUrl":"https:\/\/confederaciopenyes.cat\/wp-content\/uploads\/2024\/11\/IMG-20241119-WA0021.jpg","datePublished":"2024-11-20T12:49:46+00:00","dateModified":"2024-11-20T14:47:52+00:00","description":"La PB Els Tamarells celebr\u00f3 su 21\u00ba aniversario, mientras que la PB Porreres conmemor\u00f3 40 a\u00f1os de su creaci\u00f3n.","breadcrumb":{"@id":"https:\/\/confederaciopenyes.cat\/es\/aniversarios-en-las-penas-mallorquinas-els-tamarells-y-porreres\/#breadcrumb"},"inLanguage":"es","potentialAction":[{"@type":"ReadAction","target":["https:\/\/confederaciopenyes.cat\/es\/aniversarios-en-las-penas-mallorquinas-els-tamarells-y-porreres\/"]}]},{"@type":"ImageObject","inLanguage":"es","@id":"https:\/\/confederaciopenyes.cat\/es\/aniversarios-en-las-penas-mallorquinas-els-tamarells-y-porreres\/#primaryimage","url":"https:\/\/confederaciopenyes.cat\/wp-content\/uploads\/2024\/11\/IMG-20241119-WA0021.jpg","contentUrl":"https:\/\/confederaciopenyes.cat\/wp-content\/uploads\/2024\/11\/IMG-20241119-WA0021.jpg","width":1600,"height":882},{"@type":"BreadcrumbList","@id":"https:\/\/confederaciopenyes.cat\/es\/aniversarios-en-las-penas-mallorquinas-els-tamarells-y-porreres\/#breadcrumb","itemListElement":[{"@type":"ListItem","position":1,"name":"Inici","item":"https:\/\/confederaciopenyes.cat\/es\/"},{"@type":"ListItem","position":2,"name":"Aniversarios en las pe\u00f1as mallorquinas Els Tamarells y Porreres"}]},{"@type":"WebSite","@id":"https:\/\/confederaciopenyes.cat\/es\/#website","url":"https:\/\/confederaciopenyes.cat\/es\/","name":"Confederaci\u00f3 Mundial de Penyes del FC Barcelona","description":"C.M. Penyes FC Barcelona","publisher":{"@id":"https:\/\/confederaciopenyes.cat\/es\/#organization"},"potentialAction":[{"@type":"SearchAction","target":{"@type":"EntryPoint","urlTemplate":"https:\/\/confederaciopenyes.cat\/es\/?s={search_term_string}"},"query-input":{"@type":"PropertyValueSpecification","valueRequired":true,"valueName":"search_term_string"}}],"inLanguage":"es"},{"@type":"Organization","@id":"https:\/\/confederaciopenyes.cat\/es\/#organization","name":"Confederaci\u00f3 Mundial de Penyes del FC Barcelona","url":"https:\/\/confederaciopenyes.cat\/es\/","logo":{"@type":"ImageObject","inLanguage":"es","@id":"https:\/\/confederaciopenyes.cat\/es\/#\/schema\/logo\/image\/","url":"https:\/\/confederaciopenyes.cat\/wp-content\/uploads\/2022\/07\/cropped-logo_horizontal.png","contentUrl":"https:\/\/confederaciopenyes.cat\/wp-content\/uploads\/2022\/07\/cropped-logo_horizontal.png","width":1320,"height":309,"caption":"Confederaci\u00f3 Mundial de Penyes del FC Barcelona"},"image":{"@id":"https:\/\/confederaciopenyes.cat\/es\/#\/schema\/logo\/image\/"},"sameAs":["https:\/\/www.facebook.com\/ConfederacioMundialPenyesFCB","https:\/\/x.com\/ConfePenyesFCB","https:\/\/www.instagram.com\/confepenyesfcb\/"]},{"@type":"Person","@id":"https:\/\/confederaciopenyes.cat\/es\/#\/schema\/person\/337072f6daef87a85aa59aa1f134387c","name":"Confederaci\u00f3 Mundial de Penyes del FC Barcelona","image":{"@type":"ImageObject","inLanguage":"es","@id":"https:\/\/secure.gravatar.com\/avatar\/98c60c7405ff843b10aec55db652bd3f5cb4320ef331ae76c156819a62194328?s=96&d=mm&r=g","url":"https:\/\/secure.gravatar.com\/avatar\/98c60c7405ff843b10aec55db652bd3f5cb4320ef331ae76c156819a62194328?s=96&d=mm&r=g","contentUrl":"https:\/\/secure.gravatar.com\/avatar\/98c60c7405ff843b10aec55db652bd3f5cb4320ef331ae76c156819a62194328?s=96&d=mm&r=g","caption":"Confederaci\u00f3 Mundial de Penyes del FC Barcelona"},"url":"https:\/\/confederaciopenyes.cat\/es\/author\/comunicacioconfederaciopenyes-cat\/"}]}},"_links":{"self":[{"href":"https:\/\/confederaciopenyes.cat\/es\/wp-json\/wp\/v2\/posts\/27379","targetHints":{"allow":["GET"]}}],"collection":[{"href":"https:\/\/confederaciopenyes.cat\/es\/wp-json\/wp\/v2\/posts"}],"about":[{"href":"https:\/\/confederaciopenyes.cat\/es\/wp-json\/wp\/v2\/types\/post"}],"author":[{"embeddable":true,"href":"https:\/\/confederaciopenyes.cat\/es\/wp-json\/wp\/v2\/users\/4"}],"replies":[{"embeddable":true,"href":"https:\/\/confederaciopenyes.cat\/es\/wp-json\/wp\/v2\/comments?post=27379"}],"version-history":[{"count":3,"href":"https:\/\/confederaciopenyes.cat\/es\/wp-json\/wp\/v2\/posts\/27379\/revisions"}],"predecessor-version":[{"id":27387,"href":"https:\/\/confederaciopenyes.cat\/es\/wp-json\/wp\/v2\/posts\/27379\/revisions\/27387"}],"wp:featuredmedia":[{"embeddable":true,"href":"https:\/\/confederaciopenyes.cat\/es\/wp-json\/wp\/v2\/media\/27332"}],"wp:attachment":[{"href":"https:\/\/confederaciopenyes.cat\/es\/wp-json\/wp\/v2\/media?parent=27379"}],"wp:term":[{"taxonomy":"category","embeddable":true,"href":"https:\/\/confederaciopenyes.cat\/es\/wp-json\/wp\/v2\/categories?post=27379"},{"taxonomy":"post_tag","embeddable":true,"href":"https:\/\/confederaciopenyes.cat\/es\/wp-json\/wp\/v2\/tags?post=27379"}],"curies":[{"name":"wp","href":"https:\/\/api.w.org\/{rel}","templated":true}]}}