{"id":27898,"date":"2024-12-10T13:07:44","date_gmt":"2024-12-10T12:07:44","guid":{"rendered":"https:\/\/confederaciopenyes.cat\/los-juguetes-solidarios-toman-el-protagonismo-en-las-penas\/"},"modified":"2024-12-10T13:55:21","modified_gmt":"2024-12-10T12:55:21","slug":"los-juguetes-solidarios-toman-el-protagonismo-en-las-penas","status":"publish","type":"post","link":"https:\/\/confederaciopenyes.cat\/es\/los-juguetes-solidarios-toman-el-protagonismo-en-las-penas\/","title":{"rendered":"Los juguetes solidarios toman el protagonismo en las pe\u00f1as"},"content":{"rendered":"\n<p>La llegada de las fechas navide\u00f1as subraya a\u00fan m\u00e1s, si cabe, <strong>el esp\u00edritu solidario del movimiento de pe\u00f1as barcelonistas<\/strong>, que ya viene de contribuir en iniciativas como el <strong>Gran Recapte<\/strong> o las m\u00faltiples <strong><a href=\"https:\/\/confederaciopenyes.cat\/es\/el-mundo-penistico-se-vuelca-con-la-ayuda-a-la-comunidad-valenciana\/\" target=\"_blank\" rel=\"noreferrer noopener\">campa\u00f1as de ayuda a los afectados por las inundaciones en la Comunidad Valenciana<\/a><\/strong>. Ahora, en una \u00e9poca del a\u00f1o especialmente sensible para ellos, <strong>los m\u00e1s peque\u00f1os son los principales destinatarios<\/strong>, con los <strong>juguetes solidarios<\/strong> como protagonistas de estas acciones. <\/p>\n\n<h6 class=\"wp-block-heading\" id=\"h-ajuda-a-families-de-la-comunitat-valenciana\"><strong>Ayuda a familias de la Comunidad Valenciana<\/strong><\/h6>\n\n<p>Una de las entidades que se ha movilizado es la <strong><a href=\"https:\/\/www.instagram.com\/penya_tsunamiblaugrana\/\" target=\"_blank\" rel=\"noreferrer noopener\">Penya Tsunami Blaugrana<\/a><\/strong> (Fed. Barcelon\u00e8s Est). El pasado fin de semana, sus miembros <strong>viajaron hasta la sede de la PB Massanassa<\/strong> (Fed. Val\u00e8ncia i Marina Alta) para <strong>entregar juguetes<\/strong> que, posteriormente, la entidad valenciana har\u00e1 llegar a unos <strong>ni\u00f1os y ni\u00f1as que afrontan unas Navidades marcadas por los efectos de la DANA<\/strong> de hace poco m\u00e1s de un mes. Adem\u00e1s, la PB Tsunami Blaugrana tambi\u00e9n aprovech\u00f3 el viaje para <strong>donar juguetes y pienso al centro de adopci\u00f3n de mascotas Refugio de Mar\u00eda<\/strong>, en Sueca.  <\/p>\n\n<p>Otra pe\u00f1a que se ha implicado es la <strong><a href=\"https:\/\/www.instagram.com\/pbalmansa\/\" target=\"_blank\" rel=\"noreferrer noopener\">PB Almansa<\/a><\/strong> (Fed. Castilla-La Mancha), que dedic\u00f3 su <strong>VIII Jornada Solidaria<\/strong> a la <strong>recogida de juguetes para enviar a las zonas afectadas por las inundaciones<\/strong>. Gracias a la implicaci\u00f3n de sus pe\u00f1istas, la iniciativa tuvo un <strong>gran \u00e9xito de participaci\u00f3n<\/strong> y el local de la entidad barcelonista se llen\u00f3 de juguetes de todo tipo. <\/p>\n\n<figure class=\"wp-block-gallery has-nested-images columns-2 is-cropped wp-block-gallery-1 is-layout-flex wp-block-gallery-is-layout-flex\">\n<figure class=\"wp-block-image size-large\"><img decoding=\"async\" width=\"1024\" height=\"703\" data-id=\"27878\" data-src=\"https:\/\/confederaciopenyes.cat\/wp-content\/uploads\/2024\/12\/469568897_1090600699739684_8879972980464939323_n-1024x703.jpg\" alt=\"\" class=\"wp-image-27878 lazyload\" data-srcset=\"https:\/\/confederaciopenyes.cat\/wp-content\/uploads\/2024\/12\/469568897_1090600699739684_8879972980464939323_n-1024x703.jpg 1024w, https:\/\/confederaciopenyes.cat\/wp-content\/uploads\/2024\/12\/469568897_1090600699739684_8879972980464939323_n-300x206.jpg 300w, https:\/\/confederaciopenyes.cat\/wp-content\/uploads\/2024\/12\/469568897_1090600699739684_8879972980464939323_n-768x527.jpg 768w, https:\/\/confederaciopenyes.cat\/wp-content\/uploads\/2024\/12\/469568897_1090600699739684_8879972980464939323_n-1536x1055.jpg 1536w, https:\/\/confederaciopenyes.cat\/wp-content\/uploads\/2024\/12\/469568897_1090600699739684_8879972980464939323_n.jpg 2048w\" data-sizes=\"(max-width: 1024px) 100vw, 1024px\" src=\"data:image\/svg+xml;base64,PHN2ZyB3aWR0aD0iMSIgaGVpZ2h0PSIxIiB4bWxucz0iaHR0cDovL3d3dy53My5vcmcvMjAwMC9zdmciPjwvc3ZnPg==\" style=\"--smush-placeholder-width: 1024px; --smush-placeholder-aspect-ratio: 1024\/703;\" \/><figcaption class=\"wp-element-caption\">PB Tsunami Blaugrana con PB Massanassa<\/figcaption><\/figure>\n\n\n\n<figure class=\"wp-block-image size-large\"><a href=\"https:\/\/confederaciopenyes.cat\/wp-content\/uploads\/2024\/12\/469395309_1090600993072988_8098231567007222256_n.jpg\"><img decoding=\"async\" width=\"1024\" height=\"768\" data-id=\"27876\" data-src=\"https:\/\/confederaciopenyes.cat\/wp-content\/uploads\/2024\/12\/469395309_1090600993072988_8098231567007222256_n-1024x768.jpg\" alt=\"\" class=\"wp-image-27876 lazyload\" data-srcset=\"https:\/\/confederaciopenyes.cat\/wp-content\/uploads\/2024\/12\/469395309_1090600993072988_8098231567007222256_n-1024x768.jpg 1024w, https:\/\/confederaciopenyes.cat\/wp-content\/uploads\/2024\/12\/469395309_1090600993072988_8098231567007222256_n-300x225.jpg 300w, https:\/\/confederaciopenyes.cat\/wp-content\/uploads\/2024\/12\/469395309_1090600993072988_8098231567007222256_n-768x576.jpg 768w, https:\/\/confederaciopenyes.cat\/wp-content\/uploads\/2024\/12\/469395309_1090600993072988_8098231567007222256_n-1536x1152.jpg 1536w, https:\/\/confederaciopenyes.cat\/wp-content\/uploads\/2024\/12\/469395309_1090600993072988_8098231567007222256_n.jpg 2048w\" data-sizes=\"(max-width: 1024px) 100vw, 1024px\" src=\"data:image\/svg+xml;base64,PHN2ZyB3aWR0aD0iMSIgaGVpZ2h0PSIxIiB4bWxucz0iaHR0cDovL3d3dy53My5vcmcvMjAwMC9zdmciPjwvc3ZnPg==\" style=\"--smush-placeholder-width: 1024px; --smush-placeholder-aspect-ratio: 1024\/768;\" \/><\/a><figcaption class=\"wp-element-caption\">PB Tsunami Blaugrana con PB Massanassa<\/figcaption><\/figure>\n\n\n\n<figure class=\"wp-block-image size-large\"><a href=\"https:\/\/confederaciopenyes.cat\/wp-content\/uploads\/2024\/12\/468707283_1090600839739670_747924341290674544_n.jpg\"><img decoding=\"async\" width=\"1024\" height=\"768\" data-id=\"27877\" data-src=\"https:\/\/confederaciopenyes.cat\/wp-content\/uploads\/2024\/12\/468707283_1090600839739670_747924341290674544_n-1024x768.jpg\" alt=\"\" class=\"wp-image-27877 lazyload\" data-srcset=\"https:\/\/confederaciopenyes.cat\/wp-content\/uploads\/2024\/12\/468707283_1090600839739670_747924341290674544_n-1024x768.jpg 1024w, https:\/\/confederaciopenyes.cat\/wp-content\/uploads\/2024\/12\/468707283_1090600839739670_747924341290674544_n-300x225.jpg 300w, https:\/\/confederaciopenyes.cat\/wp-content\/uploads\/2024\/12\/468707283_1090600839739670_747924341290674544_n-768x576.jpg 768w, https:\/\/confederaciopenyes.cat\/wp-content\/uploads\/2024\/12\/468707283_1090600839739670_747924341290674544_n.jpg 1328w\" data-sizes=\"(max-width: 1024px) 100vw, 1024px\" src=\"data:image\/svg+xml;base64,PHN2ZyB3aWR0aD0iMSIgaGVpZ2h0PSIxIiB4bWxucz0iaHR0cDovL3d3dy53My5vcmcvMjAwMC9zdmciPjwvc3ZnPg==\" style=\"--smush-placeholder-width: 1024px; --smush-placeholder-aspect-ratio: 1024\/768;\" \/><\/a><figcaption class=\"wp-element-caption\">PB Tsunami Blaugrana con PB Massanassa<\/figcaption><\/figure>\n\n\n\n<figure class=\"wp-block-image size-large\"><a href=\"https:\/\/confederaciopenyes.cat\/wp-content\/uploads\/2024\/12\/Screenshot_20241209-092944_Instagram.jpg\"><img decoding=\"async\" width=\"1024\" height=\"741\" data-id=\"27883\" data-src=\"https:\/\/confederaciopenyes.cat\/wp-content\/uploads\/2024\/12\/Screenshot_20241209-092944_Instagram-1024x741.jpg\" alt=\"\" class=\"wp-image-27883 lazyload\" data-srcset=\"https:\/\/confederaciopenyes.cat\/wp-content\/uploads\/2024\/12\/Screenshot_20241209-092944_Instagram-1024x741.jpg 1024w, https:\/\/confederaciopenyes.cat\/wp-content\/uploads\/2024\/12\/Screenshot_20241209-092944_Instagram-300x217.jpg 300w, https:\/\/confederaciopenyes.cat\/wp-content\/uploads\/2024\/12\/Screenshot_20241209-092944_Instagram-768x556.jpg 768w, https:\/\/confederaciopenyes.cat\/wp-content\/uploads\/2024\/12\/Screenshot_20241209-092944_Instagram.jpg 1080w\" data-sizes=\"(max-width: 1024px) 100vw, 1024px\" src=\"data:image\/svg+xml;base64,PHN2ZyB3aWR0aD0iMSIgaGVpZ2h0PSIxIiB4bWxucz0iaHR0cDovL3d3dy53My5vcmcvMjAwMC9zdmciPjwvc3ZnPg==\" style=\"--smush-placeholder-width: 1024px; --smush-placeholder-aspect-ratio: 1024\/741;\" \/><\/a><figcaption class=\"wp-element-caption\">PB Almansa<\/figcaption><\/figure>\n<\/figure>\n\n<p><\/p>\n\n<h6 class=\"wp-block-heading\" id=\"h-recollides-per-a-entitats-socials-i-hospitals\"><strong>Recogidas para entidades sociales y hospitales<\/strong><\/h6>\n\n<p>La <strong><a href=\"https:\/\/www.instagram.com\/pbsueras\/\" target=\"_blank\" rel=\"noreferrer noopener\">PB Sueras<\/a><\/strong> (Fed. Comarques de Castell\u00f3) tambi\u00e9n ha organizado su <strong>recogida solidaria de juguetes<\/strong>, que se mantiene activa hasta el pr\u00f3ximo 15 de diciembre. Hasta la fecha, la pe\u00f1a ya cuenta con una gran cantidad de aportaciones en su local. Todos los juguetes <strong>se destinar\u00e1n a una entidad social en Onda<\/strong>. Por su parte, la <strong><a href=\"https:\/\/www.facebook.com\/pbtivenys\" target=\"_blank\" rel=\"noreferrer noopener\">PB Tivenys<\/a><\/strong> (Fed. Terres de l\u2019Ebre) aprovech\u00f3 su participaci\u00f3n en el <strong>Mercado de Navidad<\/strong> de su localidad para organizar en su puesto una <strong>recogida de juguetes que ser\u00e1n destinados a C\u00e1ritas<\/strong> para que los reparta a familias desfavorecidas.   <\/p>\n\n<p>Finalmente, <strong>en Estados Unidos dos pe\u00f1as barcelonistas ayudan a hospitales infantiles con la donaci\u00f3n de juguetes<\/strong> gracias a la gran implicaci\u00f3n de sus pe\u00f1istas. Una de ellas es la <strong><a href=\"https:\/\/www.instagram.com\/miamiblaugrana\/\" target=\"_blank\" rel=\"noreferrer noopener\">PB Miami-Dade<\/a><\/strong>, cuyos miembros recientemente hicieron su entrega al Hospital Nicklaus. La otra es la <strong><a href=\"https:\/\/www.instagram.com\/penyasandiego_\/\" target=\"_blank\" rel=\"noreferrer noopener\">PB San Diego<\/a><\/strong>, que hasta el d\u00eda 21 estar\u00e1 recogiendo juguetes entre sus miembros para los j\u00f3venes pacientes del Hospital Rady. Pr\u00f3ximamente, la <strong><a href=\"https:\/\/www.instagram.com\/fblaugranapty\/\" target=\"_blank\" rel=\"noreferrer noopener\">PB Familia Blaugrana de Panam\u00e1<\/a><\/strong> tambi\u00e9n har\u00e1 entrega de juguetes y regalos a un hospital pedi\u00e1trico de su ciudad.    <\/p>\n\n<figure class=\"wp-block-gallery has-nested-images columns-default is-cropped wp-block-gallery-2 is-layout-flex wp-block-gallery-is-layout-flex\">\n<figure class=\"wp-block-image size-large\"><a href=\"https:\/\/confederaciopenyes.cat\/wp-content\/uploads\/2024\/12\/Joguines-PB-Tivenys.jpg\"><img decoding=\"async\" width=\"1024\" height=\"626\" data-id=\"27891\" data-src=\"https:\/\/confederaciopenyes.cat\/wp-content\/uploads\/2024\/12\/Joguines-PB-Tivenys-1024x626.jpg\" alt=\"\" class=\"wp-image-27891 lazyload\" data-srcset=\"https:\/\/confederaciopenyes.cat\/wp-content\/uploads\/2024\/12\/Joguines-PB-Tivenys-1024x626.jpg 1024w, https:\/\/confederaciopenyes.cat\/wp-content\/uploads\/2024\/12\/Joguines-PB-Tivenys-300x183.jpg 300w, https:\/\/confederaciopenyes.cat\/wp-content\/uploads\/2024\/12\/Joguines-PB-Tivenys-768x469.jpg 768w, https:\/\/confederaciopenyes.cat\/wp-content\/uploads\/2024\/12\/Joguines-PB-Tivenys.jpg 1255w\" data-sizes=\"(max-width: 1024px) 100vw, 1024px\" src=\"data:image\/svg+xml;base64,PHN2ZyB3aWR0aD0iMSIgaGVpZ2h0PSIxIiB4bWxucz0iaHR0cDovL3d3dy53My5vcmcvMjAwMC9zdmciPjwvc3ZnPg==\" style=\"--smush-placeholder-width: 1024px; --smush-placeholder-aspect-ratio: 1024\/626;\" \/><\/a><figcaption class=\"wp-element-caption\">PB Tivenys<\/figcaption><\/figure>\n\n\n\n<figure class=\"wp-block-image size-large\"><a href=\"https:\/\/confederaciopenyes.cat\/wp-content\/uploads\/2024\/12\/Joguines-PB-Miami.jpg\"><img decoding=\"async\" width=\"642\" height=\"482\" data-id=\"27889\" data-src=\"https:\/\/confederaciopenyes.cat\/wp-content\/uploads\/2024\/12\/Joguines-PB-Miami.jpg\" alt=\"\" class=\"wp-image-27889 lazyload\" data-srcset=\"https:\/\/confederaciopenyes.cat\/wp-content\/uploads\/2024\/12\/Joguines-PB-Miami.jpg 642w, https:\/\/confederaciopenyes.cat\/wp-content\/uploads\/2024\/12\/Joguines-PB-Miami-300x225.jpg 300w\" data-sizes=\"(max-width: 642px) 100vw, 642px\" src=\"data:image\/svg+xml;base64,PHN2ZyB3aWR0aD0iMSIgaGVpZ2h0PSIxIiB4bWxucz0iaHR0cDovL3d3dy53My5vcmcvMjAwMC9zdmciPjwvc3ZnPg==\" style=\"--smush-placeholder-width: 642px; --smush-placeholder-aspect-ratio: 642\/482;\" \/><\/a><figcaption class=\"wp-element-caption\">PB Miami-Dade<\/figcaption><\/figure>\n<\/figure>\n","protected":false},"excerpt":{"rendered":"<p>La llegada de las fechas navide\u00f1as subraya a\u00fan m\u00e1s, si cabe, el esp\u00edritu solidario del movimiento de pe\u00f1as barcelonistas, que ya viene de contribuir en iniciativas como el Gran Recapte o las m\u00faltiples campa\u00f1as de ayuda a los afectados por las inundaciones en la Comunidad Valenciana. Ahora, en una \u00e9poca del a\u00f1o especialmente sensible para &#8230; <a title=\"Los juguetes solidarios toman el protagonismo en las pe\u00f1as\" class=\"read-more\" href=\"https:\/\/confederaciopenyes.cat\/es\/los-juguetes-solidarios-toman-el-protagonismo-en-las-penas\/\" aria-label=\"Leer m\u00e1s sobre Los juguetes solidarios toman el protagonismo en las pe\u00f1as\">Leer m\u00e1s<\/a><\/p>\n","protected":false},"author":4,"featured_media":27875,"comment_status":"closed","ping_status":"open","sticky":false,"template":"","format":"standard","meta":{"_acf_changed":false,"footnotes":""},"categories":[1],"tags":[2556,2554,3383,3384,3337,3381,3382,2555,3380,2603],"class_list":["post-27898","post","type-post","status-publish","format-standard","has-post-thumbnail","hentry","category-noticias-es","tag-confederacio-mundial-de-penyes-es-2","tag-noticias-es","tag-pb-almansa-es","tag-pb-miami-dade-es","tag-pb-suera-es","tag-pb-tivenys-es","tag-pb-tsunami-blaugrana-es","tag-penas-es","tag-recogida-juguetes-es","tag-solidaridad-es-2"],"acf":[],"yoast_head":"<!-- This site is optimized with the Yoast SEO Premium plugin v27.5 (Yoast SEO v27.5) - https:\/\/yoast.com\/product\/yoast-seo-premium-wordpress\/ -->\n<title>Los juguetes solidarios toman el protagonismo en las pe\u00f1as - Confederaci\u00f3 Mundial de Penyes del FC Barcelona<\/title>\n<meta name=\"description\" content=\"Pe\u00f1as de varios territorios han organizado recogidas de juguetes solidarios para enviar a familias necesitadas estas Navidades.\" \/>\n<meta name=\"robots\" content=\"index, follow, max-snippet:-1, max-image-preview:large, max-video-preview:-1\" \/>\n<link rel=\"canonical\" href=\"https:\/\/confederaciopenyes.cat\/es\/los-juguetes-solidarios-toman-el-protagonismo-en-las-penas\/\" \/>\n<meta property=\"og:locale\" content=\"es_ES\" \/>\n<meta property=\"og:type\" content=\"article\" \/>\n<meta property=\"og:title\" content=\"Los juguetes solidarios toman el protagonismo en las pe\u00f1as\" \/>\n<meta property=\"og:description\" content=\"Pe\u00f1as de varios territorios han organizado recogidas de juguetes solidarios para enviar a familias necesitadas estas Navidades.\" \/>\n<meta property=\"og:url\" content=\"https:\/\/confederaciopenyes.cat\/es\/los-juguetes-solidarios-toman-el-protagonismo-en-las-penas\/\" \/>\n<meta property=\"og:site_name\" content=\"Confederaci\u00f3 Mundial de Penyes del FC Barcelona\" \/>\n<meta property=\"article:publisher\" content=\"https:\/\/www.facebook.com\/ConfederacioMundialPenyesFCB\" \/>\n<meta property=\"article:published_time\" content=\"2024-12-10T12:07:44+00:00\" \/>\n<meta property=\"article:modified_time\" content=\"2024-12-10T12:55:21+00:00\" \/>\n<meta property=\"og:image\" content=\"https:\/\/confederaciopenyes.cat\/wp-content\/uploads\/2024\/12\/Screenshot_20241209-135909_Instagram.jpg\" \/>\n\t<meta property=\"og:image:width\" content=\"1079\" \/>\n\t<meta property=\"og:image:height\" content=\"689\" \/>\n\t<meta property=\"og:image:type\" content=\"image\/jpeg\" \/>\n<meta name=\"author\" content=\"Confederaci\u00f3 Mundial de Penyes del FC Barcelona\" \/>\n<meta name=\"twitter:card\" content=\"summary_large_image\" \/>\n<meta name=\"twitter:creator\" content=\"@ConfePenyesFCB\" \/>\n<meta name=\"twitter:site\" content=\"@ConfePenyesFCB\" \/>\n<meta name=\"twitter:label1\" content=\"Escrito por\" \/>\n\t<meta name=\"twitter:data1\" content=\"Confederaci\u00f3 Mundial de Penyes del FC Barcelona\" \/>\n\t<meta name=\"twitter:label2\" content=\"Tiempo de lectura\" \/>\n\t<meta name=\"twitter:data2\" content=\"4 minutos\" \/>\n<script type=\"application\/ld+json\" class=\"yoast-schema-graph\">{\"@context\":\"https:\\\/\\\/schema.org\",\"@graph\":[{\"@type\":\"Article\",\"@id\":\"https:\\\/\\\/confederaciopenyes.cat\\\/es\\\/los-juguetes-solidarios-toman-el-protagonismo-en-las-penas\\\/#article\",\"isPartOf\":{\"@id\":\"https:\\\/\\\/confederaciopenyes.cat\\\/es\\\/los-juguetes-solidarios-toman-el-protagonismo-en-las-penas\\\/\"},\"author\":{\"name\":\"Confederaci\u00f3 Mundial de Penyes del FC Barcelona\",\"@id\":\"https:\\\/\\\/confederaciopenyes.cat\\\/es\\\/#\\\/schema\\\/person\\\/337072f6daef87a85aa59aa1f134387c\"},\"headline\":\"Los juguetes solidarios toman el protagonismo en las pe\u00f1as\",\"datePublished\":\"2024-12-10T12:07:44+00:00\",\"dateModified\":\"2024-12-10T12:55:21+00:00\",\"mainEntityOfPage\":{\"@id\":\"https:\\\/\\\/confederaciopenyes.cat\\\/es\\\/los-juguetes-solidarios-toman-el-protagonismo-en-las-penas\\\/\"},\"wordCount\":493,\"publisher\":{\"@id\":\"https:\\\/\\\/confederaciopenyes.cat\\\/es\\\/#organization\"},\"image\":{\"@id\":\"https:\\\/\\\/confederaciopenyes.cat\\\/es\\\/los-juguetes-solidarios-toman-el-protagonismo-en-las-penas\\\/#primaryimage\"},\"thumbnailUrl\":\"https:\\\/\\\/confederaciopenyes.cat\\\/wp-content\\\/uploads\\\/2024\\\/12\\\/Screenshot_20241209-135909_Instagram.jpg\",\"keywords\":[\"confederaci\u00f3 mundial de penyes\",\"noticias\",\"PB Almansa\",\"PB Miami-Dade\",\"PB Suera\",\"PB Tivenys\",\"PB Tsunami Blaugrana\",\"pe\u00f1as\",\"recogida juguetes\",\"solidaridad\"],\"articleSection\":[\"Noticias\"],\"inLanguage\":\"es\"},{\"@type\":\"WebPage\",\"@id\":\"https:\\\/\\\/confederaciopenyes.cat\\\/es\\\/los-juguetes-solidarios-toman-el-protagonismo-en-las-penas\\\/\",\"url\":\"https:\\\/\\\/confederaciopenyes.cat\\\/es\\\/los-juguetes-solidarios-toman-el-protagonismo-en-las-penas\\\/\",\"name\":\"Los juguetes solidarios toman el protagonismo en las pe\u00f1as - Confederaci\u00f3 Mundial de Penyes del FC Barcelona\",\"isPartOf\":{\"@id\":\"https:\\\/\\\/confederaciopenyes.cat\\\/es\\\/#website\"},\"primaryImageOfPage\":{\"@id\":\"https:\\\/\\\/confederaciopenyes.cat\\\/es\\\/los-juguetes-solidarios-toman-el-protagonismo-en-las-penas\\\/#primaryimage\"},\"image\":{\"@id\":\"https:\\\/\\\/confederaciopenyes.cat\\\/es\\\/los-juguetes-solidarios-toman-el-protagonismo-en-las-penas\\\/#primaryimage\"},\"thumbnailUrl\":\"https:\\\/\\\/confederaciopenyes.cat\\\/wp-content\\\/uploads\\\/2024\\\/12\\\/Screenshot_20241209-135909_Instagram.jpg\",\"datePublished\":\"2024-12-10T12:07:44+00:00\",\"dateModified\":\"2024-12-10T12:55:21+00:00\",\"description\":\"Pe\u00f1as de varios territorios han organizado recogidas de juguetes solidarios para enviar a familias necesitadas estas Navidades.\",\"breadcrumb\":{\"@id\":\"https:\\\/\\\/confederaciopenyes.cat\\\/es\\\/los-juguetes-solidarios-toman-el-protagonismo-en-las-penas\\\/#breadcrumb\"},\"inLanguage\":\"es\",\"potentialAction\":[{\"@type\":\"ReadAction\",\"target\":[\"https:\\\/\\\/confederaciopenyes.cat\\\/es\\\/los-juguetes-solidarios-toman-el-protagonismo-en-las-penas\\\/\"]}]},{\"@type\":\"ImageObject\",\"inLanguage\":\"es\",\"@id\":\"https:\\\/\\\/confederaciopenyes.cat\\\/es\\\/los-juguetes-solidarios-toman-el-protagonismo-en-las-penas\\\/#primaryimage\",\"url\":\"https:\\\/\\\/confederaciopenyes.cat\\\/wp-content\\\/uploads\\\/2024\\\/12\\\/Screenshot_20241209-135909_Instagram.jpg\",\"contentUrl\":\"https:\\\/\\\/confederaciopenyes.cat\\\/wp-content\\\/uploads\\\/2024\\\/12\\\/Screenshot_20241209-135909_Instagram.jpg\",\"width\":1079,\"height\":689},{\"@type\":\"BreadcrumbList\",\"@id\":\"https:\\\/\\\/confederaciopenyes.cat\\\/es\\\/los-juguetes-solidarios-toman-el-protagonismo-en-las-penas\\\/#breadcrumb\",\"itemListElement\":[{\"@type\":\"ListItem\",\"position\":1,\"name\":\"Inici\",\"item\":\"https:\\\/\\\/confederaciopenyes.cat\\\/es\\\/\"},{\"@type\":\"ListItem\",\"position\":2,\"name\":\"Los juguetes solidarios toman el protagonismo en las pe\u00f1as\"}]},{\"@type\":\"WebSite\",\"@id\":\"https:\\\/\\\/confederaciopenyes.cat\\\/es\\\/#website\",\"url\":\"https:\\\/\\\/confederaciopenyes.cat\\\/es\\\/\",\"name\":\"Confederaci\u00f3 Mundial de Penyes del FC Barcelona\",\"description\":\"C.M. Penyes FC Barcelona\",\"publisher\":{\"@id\":\"https:\\\/\\\/confederaciopenyes.cat\\\/es\\\/#organization\"},\"potentialAction\":[{\"@type\":\"SearchAction\",\"target\":{\"@type\":\"EntryPoint\",\"urlTemplate\":\"https:\\\/\\\/confederaciopenyes.cat\\\/es\\\/?s={search_term_string}\"},\"query-input\":{\"@type\":\"PropertyValueSpecification\",\"valueRequired\":true,\"valueName\":\"search_term_string\"}}],\"inLanguage\":\"es\"},{\"@type\":\"Organization\",\"@id\":\"https:\\\/\\\/confederaciopenyes.cat\\\/es\\\/#organization\",\"name\":\"Confederaci\u00f3 Mundial de Penyes del FC Barcelona\",\"url\":\"https:\\\/\\\/confederaciopenyes.cat\\\/es\\\/\",\"logo\":{\"@type\":\"ImageObject\",\"inLanguage\":\"es\",\"@id\":\"https:\\\/\\\/confederaciopenyes.cat\\\/es\\\/#\\\/schema\\\/logo\\\/image\\\/\",\"url\":\"https:\\\/\\\/confederaciopenyes.cat\\\/wp-content\\\/uploads\\\/2022\\\/07\\\/cropped-logo_horizontal.png\",\"contentUrl\":\"https:\\\/\\\/confederaciopenyes.cat\\\/wp-content\\\/uploads\\\/2022\\\/07\\\/cropped-logo_horizontal.png\",\"width\":1320,\"height\":309,\"caption\":\"Confederaci\u00f3 Mundial de Penyes del FC Barcelona\"},\"image\":{\"@id\":\"https:\\\/\\\/confederaciopenyes.cat\\\/es\\\/#\\\/schema\\\/logo\\\/image\\\/\"},\"sameAs\":[\"https:\\\/\\\/www.facebook.com\\\/ConfederacioMundialPenyesFCB\",\"https:\\\/\\\/x.com\\\/ConfePenyesFCB\",\"https:\\\/\\\/www.instagram.com\\\/confepenyesfcb\\\/\"]},{\"@type\":\"Person\",\"@id\":\"https:\\\/\\\/confederaciopenyes.cat\\\/es\\\/#\\\/schema\\\/person\\\/337072f6daef87a85aa59aa1f134387c\",\"name\":\"Confederaci\u00f3 Mundial de Penyes del FC Barcelona\",\"image\":{\"@type\":\"ImageObject\",\"inLanguage\":\"es\",\"@id\":\"https:\\\/\\\/secure.gravatar.com\\\/avatar\\\/98c60c7405ff843b10aec55db652bd3f5cb4320ef331ae76c156819a62194328?s=96&d=mm&r=g\",\"url\":\"https:\\\/\\\/secure.gravatar.com\\\/avatar\\\/98c60c7405ff843b10aec55db652bd3f5cb4320ef331ae76c156819a62194328?s=96&d=mm&r=g\",\"contentUrl\":\"https:\\\/\\\/secure.gravatar.com\\\/avatar\\\/98c60c7405ff843b10aec55db652bd3f5cb4320ef331ae76c156819a62194328?s=96&d=mm&r=g\",\"caption\":\"Confederaci\u00f3 Mundial de Penyes del FC Barcelona\"},\"url\":\"https:\\\/\\\/confederaciopenyes.cat\\\/es\\\/author\\\/comunicacioconfederaciopenyes-cat\\\/\"}]}<\/script>\n<!-- \/ Yoast SEO Premium plugin. -->","yoast_head_json":{"title":"Los juguetes solidarios toman el protagonismo en las pe\u00f1as - Confederaci\u00f3 Mundial de Penyes del FC Barcelona","description":"Pe\u00f1as de varios territorios han organizado recogidas de juguetes solidarios para enviar a familias necesitadas estas Navidades.","robots":{"index":"index","follow":"follow","max-snippet":"max-snippet:-1","max-image-preview":"max-image-preview:large","max-video-preview":"max-video-preview:-1"},"canonical":"https:\/\/confederaciopenyes.cat\/es\/los-juguetes-solidarios-toman-el-protagonismo-en-las-penas\/","og_locale":"es_ES","og_type":"article","og_title":"Los juguetes solidarios toman el protagonismo en las pe\u00f1as","og_description":"Pe\u00f1as de varios territorios han organizado recogidas de juguetes solidarios para enviar a familias necesitadas estas Navidades.","og_url":"https:\/\/confederaciopenyes.cat\/es\/los-juguetes-solidarios-toman-el-protagonismo-en-las-penas\/","og_site_name":"Confederaci\u00f3 Mundial de Penyes del FC Barcelona","article_publisher":"https:\/\/www.facebook.com\/ConfederacioMundialPenyesFCB","article_published_time":"2024-12-10T12:07:44+00:00","article_modified_time":"2024-12-10T12:55:21+00:00","og_image":[{"width":1079,"height":689,"url":"https:\/\/confederaciopenyes.cat\/wp-content\/uploads\/2024\/12\/Screenshot_20241209-135909_Instagram.jpg","type":"image\/jpeg"}],"author":"Confederaci\u00f3 Mundial de Penyes del FC Barcelona","twitter_card":"summary_large_image","twitter_creator":"@ConfePenyesFCB","twitter_site":"@ConfePenyesFCB","twitter_misc":{"Escrito por":"Confederaci\u00f3 Mundial de Penyes del FC Barcelona","Tiempo de lectura":"4 minutos"},"schema":{"@context":"https:\/\/schema.org","@graph":[{"@type":"Article","@id":"https:\/\/confederaciopenyes.cat\/es\/los-juguetes-solidarios-toman-el-protagonismo-en-las-penas\/#article","isPartOf":{"@id":"https:\/\/confederaciopenyes.cat\/es\/los-juguetes-solidarios-toman-el-protagonismo-en-las-penas\/"},"author":{"name":"Confederaci\u00f3 Mundial de Penyes del FC Barcelona","@id":"https:\/\/confederaciopenyes.cat\/es\/#\/schema\/person\/337072f6daef87a85aa59aa1f134387c"},"headline":"Los juguetes solidarios toman el protagonismo en las pe\u00f1as","datePublished":"2024-12-10T12:07:44+00:00","dateModified":"2024-12-10T12:55:21+00:00","mainEntityOfPage":{"@id":"https:\/\/confederaciopenyes.cat\/es\/los-juguetes-solidarios-toman-el-protagonismo-en-las-penas\/"},"wordCount":493,"publisher":{"@id":"https:\/\/confederaciopenyes.cat\/es\/#organization"},"image":{"@id":"https:\/\/confederaciopenyes.cat\/es\/los-juguetes-solidarios-toman-el-protagonismo-en-las-penas\/#primaryimage"},"thumbnailUrl":"https:\/\/confederaciopenyes.cat\/wp-content\/uploads\/2024\/12\/Screenshot_20241209-135909_Instagram.jpg","keywords":["confederaci\u00f3 mundial de penyes","noticias","PB Almansa","PB Miami-Dade","PB Suera","PB Tivenys","PB Tsunami Blaugrana","pe\u00f1as","recogida juguetes","solidaridad"],"articleSection":["Noticias"],"inLanguage":"es"},{"@type":"WebPage","@id":"https:\/\/confederaciopenyes.cat\/es\/los-juguetes-solidarios-toman-el-protagonismo-en-las-penas\/","url":"https:\/\/confederaciopenyes.cat\/es\/los-juguetes-solidarios-toman-el-protagonismo-en-las-penas\/","name":"Los juguetes solidarios toman el protagonismo en las pe\u00f1as - Confederaci\u00f3 Mundial de Penyes del FC Barcelona","isPartOf":{"@id":"https:\/\/confederaciopenyes.cat\/es\/#website"},"primaryImageOfPage":{"@id":"https:\/\/confederaciopenyes.cat\/es\/los-juguetes-solidarios-toman-el-protagonismo-en-las-penas\/#primaryimage"},"image":{"@id":"https:\/\/confederaciopenyes.cat\/es\/los-juguetes-solidarios-toman-el-protagonismo-en-las-penas\/#primaryimage"},"thumbnailUrl":"https:\/\/confederaciopenyes.cat\/wp-content\/uploads\/2024\/12\/Screenshot_20241209-135909_Instagram.jpg","datePublished":"2024-12-10T12:07:44+00:00","dateModified":"2024-12-10T12:55:21+00:00","description":"Pe\u00f1as de varios territorios han organizado recogidas de juguetes solidarios para enviar a familias necesitadas estas Navidades.","breadcrumb":{"@id":"https:\/\/confederaciopenyes.cat\/es\/los-juguetes-solidarios-toman-el-protagonismo-en-las-penas\/#breadcrumb"},"inLanguage":"es","potentialAction":[{"@type":"ReadAction","target":["https:\/\/confederaciopenyes.cat\/es\/los-juguetes-solidarios-toman-el-protagonismo-en-las-penas\/"]}]},{"@type":"ImageObject","inLanguage":"es","@id":"https:\/\/confederaciopenyes.cat\/es\/los-juguetes-solidarios-toman-el-protagonismo-en-las-penas\/#primaryimage","url":"https:\/\/confederaciopenyes.cat\/wp-content\/uploads\/2024\/12\/Screenshot_20241209-135909_Instagram.jpg","contentUrl":"https:\/\/confederaciopenyes.cat\/wp-content\/uploads\/2024\/12\/Screenshot_20241209-135909_Instagram.jpg","width":1079,"height":689},{"@type":"BreadcrumbList","@id":"https:\/\/confederaciopenyes.cat\/es\/los-juguetes-solidarios-toman-el-protagonismo-en-las-penas\/#breadcrumb","itemListElement":[{"@type":"ListItem","position":1,"name":"Inici","item":"https:\/\/confederaciopenyes.cat\/es\/"},{"@type":"ListItem","position":2,"name":"Los juguetes solidarios toman el protagonismo en las pe\u00f1as"}]},{"@type":"WebSite","@id":"https:\/\/confederaciopenyes.cat\/es\/#website","url":"https:\/\/confederaciopenyes.cat\/es\/","name":"Confederaci\u00f3 Mundial de Penyes del FC Barcelona","description":"C.M. Penyes FC Barcelona","publisher":{"@id":"https:\/\/confederaciopenyes.cat\/es\/#organization"},"potentialAction":[{"@type":"SearchAction","target":{"@type":"EntryPoint","urlTemplate":"https:\/\/confederaciopenyes.cat\/es\/?s={search_term_string}"},"query-input":{"@type":"PropertyValueSpecification","valueRequired":true,"valueName":"search_term_string"}}],"inLanguage":"es"},{"@type":"Organization","@id":"https:\/\/confederaciopenyes.cat\/es\/#organization","name":"Confederaci\u00f3 Mundial de Penyes del FC Barcelona","url":"https:\/\/confederaciopenyes.cat\/es\/","logo":{"@type":"ImageObject","inLanguage":"es","@id":"https:\/\/confederaciopenyes.cat\/es\/#\/schema\/logo\/image\/","url":"https:\/\/confederaciopenyes.cat\/wp-content\/uploads\/2022\/07\/cropped-logo_horizontal.png","contentUrl":"https:\/\/confederaciopenyes.cat\/wp-content\/uploads\/2022\/07\/cropped-logo_horizontal.png","width":1320,"height":309,"caption":"Confederaci\u00f3 Mundial de Penyes del FC Barcelona"},"image":{"@id":"https:\/\/confederaciopenyes.cat\/es\/#\/schema\/logo\/image\/"},"sameAs":["https:\/\/www.facebook.com\/ConfederacioMundialPenyesFCB","https:\/\/x.com\/ConfePenyesFCB","https:\/\/www.instagram.com\/confepenyesfcb\/"]},{"@type":"Person","@id":"https:\/\/confederaciopenyes.cat\/es\/#\/schema\/person\/337072f6daef87a85aa59aa1f134387c","name":"Confederaci\u00f3 Mundial de Penyes del FC Barcelona","image":{"@type":"ImageObject","inLanguage":"es","@id":"https:\/\/secure.gravatar.com\/avatar\/98c60c7405ff843b10aec55db652bd3f5cb4320ef331ae76c156819a62194328?s=96&d=mm&r=g","url":"https:\/\/secure.gravatar.com\/avatar\/98c60c7405ff843b10aec55db652bd3f5cb4320ef331ae76c156819a62194328?s=96&d=mm&r=g","contentUrl":"https:\/\/secure.gravatar.com\/avatar\/98c60c7405ff843b10aec55db652bd3f5cb4320ef331ae76c156819a62194328?s=96&d=mm&r=g","caption":"Confederaci\u00f3 Mundial de Penyes del FC Barcelona"},"url":"https:\/\/confederaciopenyes.cat\/es\/author\/comunicacioconfederaciopenyes-cat\/"}]}},"_links":{"self":[{"href":"https:\/\/confederaciopenyes.cat\/es\/wp-json\/wp\/v2\/posts\/27898","targetHints":{"allow":["GET"]}}],"collection":[{"href":"https:\/\/confederaciopenyes.cat\/es\/wp-json\/wp\/v2\/posts"}],"about":[{"href":"https:\/\/confederaciopenyes.cat\/es\/wp-json\/wp\/v2\/types\/post"}],"author":[{"embeddable":true,"href":"https:\/\/confederaciopenyes.cat\/es\/wp-json\/wp\/v2\/users\/4"}],"replies":[{"embeddable":true,"href":"https:\/\/confederaciopenyes.cat\/es\/wp-json\/wp\/v2\/comments?post=27898"}],"version-history":[{"count":2,"href":"https:\/\/confederaciopenyes.cat\/es\/wp-json\/wp\/v2\/posts\/27898\/revisions"}],"predecessor-version":[{"id":27903,"href":"https:\/\/confederaciopenyes.cat\/es\/wp-json\/wp\/v2\/posts\/27898\/revisions\/27903"}],"wp:featuredmedia":[{"embeddable":true,"href":"https:\/\/confederaciopenyes.cat\/es\/wp-json\/wp\/v2\/media\/27875"}],"wp:attachment":[{"href":"https:\/\/confederaciopenyes.cat\/es\/wp-json\/wp\/v2\/media?parent=27898"}],"wp:term":[{"taxonomy":"category","embeddable":true,"href":"https:\/\/confederaciopenyes.cat\/es\/wp-json\/wp\/v2\/categories?post=27898"},{"taxonomy":"post_tag","embeddable":true,"href":"https:\/\/confederaciopenyes.cat\/es\/wp-json\/wp\/v2\/tags?post=27898"}],"curies":[{"name":"wp","href":"https:\/\/api.w.org\/{rel}","templated":true}]}}