{"id":27945,"date":"2024-12-11T13:53:41","date_gmt":"2024-12-11T12:53:41","guid":{"rendered":"https:\/\/confederaciopenyes.cat\/la-pb-la-bisbal-la-pb-palafolls-y-la-pb-moriles-celebran-sus-aniversarios\/"},"modified":"2024-12-11T15:32:28","modified_gmt":"2024-12-11T14:32:28","slug":"la-pb-la-bisbal-la-pb-palafolls-y-la-pb-moriles-celebran-sus-aniversarios","status":"publish","type":"post","link":"https:\/\/confederaciopenyes.cat\/es\/la-pb-la-bisbal-la-pb-palafolls-y-la-pb-moriles-celebran-sus-aniversarios\/","title":{"rendered":"La PB La Bisbal, la PB Palafolls y la PB Moriles celebran sus aniversarios"},"content":{"rendered":"\n<p>La <strong><a href=\"https:\/\/www.instagram.com\/pb_labisbal\/\" target=\"_blank\" rel=\"noreferrer noopener\">Penya Barcelonista de La Bisbal d\u2019Empord\u00e0<\/a><\/strong> (Federaci\u00f3 Empord\u00e0 i Catalunya Nord) conmemor\u00f3 su <strong>33\u00ba aniversario<\/strong> con una gran fiesta que lleg\u00f3 a reunir a <strong>unas 220 personas<\/strong>. Entre ellas, estuvieron presentes <strong>Jaume Fuster<\/strong>, presidente de la PB La Bisbal d\u2019Empord\u00e0; <strong>Pitu Comadevall<\/strong>, miembro de la Agrupaci\u00f3 de Jugadors del FC Barcelona; y <strong>Oscar Aparicio<\/strong>, alcalde de La Bisbal d\u2019Empord\u00e0. Las pe\u00f1as de Blanes, Palafrugell, L\u2019Escala, Palam\u00f3s, Montgr\u00ed i Comarca, Pals y Alt Empord\u00e0 tambi\u00e9n participaron en el evento, en el que destac\u00f3 la entrega a Comadevall de un <strong>exclusivo plato de cer\u00e1mica conmemorativo del 125\u00ba aniversario del FC Barcelona<\/strong>. La celebraci\u00f3n termin\u00f3 con una \u201cquina\u201d con grandes premios. Entre otras cosas, la PB La Bisbal d\u2019Empord\u00e0 destaca por su implicaci\u00f3n con el equipo de f\u00fatbol inclusivo <strong>Baix Empord\u00e0 Special<\/strong>.    <\/p>\n\n<figure class=\"wp-block-gallery has-nested-images columns-default is-cropped wp-block-gallery-1 is-layout-flex wp-block-gallery-is-layout-flex\">\n<figure class=\"wp-block-image size-large\"><a href=\"https:\/\/confederaciopenyes.cat\/wp-content\/uploads\/2024\/12\/Imagen-de-WhatsApp-2024-12-09-a-las-16.41.49_68fd4103.jpg\"><img decoding=\"async\" width=\"1024\" height=\"768\" data-id=\"27914\" data-src=\"https:\/\/confederaciopenyes.cat\/wp-content\/uploads\/2024\/12\/Imagen-de-WhatsApp-2024-12-09-a-las-16.41.49_68fd4103-1024x768.jpg\" alt=\"\" class=\"wp-image-27914 lazyload\" data-srcset=\"https:\/\/confederaciopenyes.cat\/wp-content\/uploads\/2024\/12\/Imagen-de-WhatsApp-2024-12-09-a-las-16.41.49_68fd4103-1024x768.jpg 1024w, https:\/\/confederaciopenyes.cat\/wp-content\/uploads\/2024\/12\/Imagen-de-WhatsApp-2024-12-09-a-las-16.41.49_68fd4103-300x225.jpg 300w, https:\/\/confederaciopenyes.cat\/wp-content\/uploads\/2024\/12\/Imagen-de-WhatsApp-2024-12-09-a-las-16.41.49_68fd4103-768x576.jpg 768w, https:\/\/confederaciopenyes.cat\/wp-content\/uploads\/2024\/12\/Imagen-de-WhatsApp-2024-12-09-a-las-16.41.49_68fd4103-1536x1152.jpg 1536w, https:\/\/confederaciopenyes.cat\/wp-content\/uploads\/2024\/12\/Imagen-de-WhatsApp-2024-12-09-a-las-16.41.49_68fd4103.jpg 2048w\" data-sizes=\"(max-width: 1024px) 100vw, 1024px\" src=\"data:image\/svg+xml;base64,PHN2ZyB3aWR0aD0iMSIgaGVpZ2h0PSIxIiB4bWxucz0iaHR0cDovL3d3dy53My5vcmcvMjAwMC9zdmciPjwvc3ZnPg==\" style=\"--smush-placeholder-width: 1024px; --smush-placeholder-aspect-ratio: 1024\/768;\" \/><\/a><\/figure>\n\n\n\n<figure class=\"wp-block-image size-large\"><img decoding=\"async\" width=\"1024\" height=\"768\" data-id=\"27915\" data-src=\"https:\/\/confederaciopenyes.cat\/wp-content\/uploads\/2024\/12\/Imagen-de-WhatsApp-2024-12-09-a-las-16.40.41_1f2dd2b1-1024x768.jpg\" alt=\"\" class=\"wp-image-27915 lazyload\" data-srcset=\"https:\/\/confederaciopenyes.cat\/wp-content\/uploads\/2024\/12\/Imagen-de-WhatsApp-2024-12-09-a-las-16.40.41_1f2dd2b1-1024x768.jpg 1024w, https:\/\/confederaciopenyes.cat\/wp-content\/uploads\/2024\/12\/Imagen-de-WhatsApp-2024-12-09-a-las-16.40.41_1f2dd2b1-300x225.jpg 300w, https:\/\/confederaciopenyes.cat\/wp-content\/uploads\/2024\/12\/Imagen-de-WhatsApp-2024-12-09-a-las-16.40.41_1f2dd2b1-768x576.jpg 768w, https:\/\/confederaciopenyes.cat\/wp-content\/uploads\/2024\/12\/Imagen-de-WhatsApp-2024-12-09-a-las-16.40.41_1f2dd2b1-1536x1152.jpg 1536w, https:\/\/confederaciopenyes.cat\/wp-content\/uploads\/2024\/12\/Imagen-de-WhatsApp-2024-12-09-a-las-16.40.41_1f2dd2b1.jpg 2048w\" data-sizes=\"(max-width: 1024px) 100vw, 1024px\" src=\"data:image\/svg+xml;base64,PHN2ZyB3aWR0aD0iMSIgaGVpZ2h0PSIxIiB4bWxucz0iaHR0cDovL3d3dy53My5vcmcvMjAwMC9zdmciPjwvc3ZnPg==\" style=\"--smush-placeholder-width: 1024px; --smush-placeholder-aspect-ratio: 1024\/768;\" \/><\/figure>\n\n\n\n<figure class=\"wp-block-image size-large\"><a href=\"https:\/\/confederaciopenyes.cat\/wp-content\/uploads\/2024\/12\/462574418_895170569456160_738424021844445494_n.jpg\"><img decoding=\"async\" width=\"960\" height=\"720\" data-id=\"27913\" data-src=\"https:\/\/confederaciopenyes.cat\/wp-content\/uploads\/2024\/12\/462574418_895170569456160_738424021844445494_n.jpg\" alt=\"\" class=\"wp-image-27913 lazyload\" data-srcset=\"https:\/\/confederaciopenyes.cat\/wp-content\/uploads\/2024\/12\/462574418_895170569456160_738424021844445494_n.jpg 960w, https:\/\/confederaciopenyes.cat\/wp-content\/uploads\/2024\/12\/462574418_895170569456160_738424021844445494_n-300x225.jpg 300w, https:\/\/confederaciopenyes.cat\/wp-content\/uploads\/2024\/12\/462574418_895170569456160_738424021844445494_n-768x576.jpg 768w\" data-sizes=\"(max-width: 960px) 100vw, 960px\" src=\"data:image\/svg+xml;base64,PHN2ZyB3aWR0aD0iMSIgaGVpZ2h0PSIxIiB4bWxucz0iaHR0cDovL3d3dy53My5vcmcvMjAwMC9zdmciPjwvc3ZnPg==\" style=\"--smush-placeholder-width: 960px; --smush-placeholder-aspect-ratio: 960\/720;\" \/><\/a><\/figure>\n<\/figure>\n\n<p><\/p>\n\n<h6 class=\"wp-block-heading\" id=\"h-20-anys-de-la-pb-palafolls-i-la-pb-moriles\"><strong>20 a\u00f1os de la PB Palafolls y la PB Moriles<\/strong><\/h6>\n\n<p>Por su parte, la <strong><a href=\"https:\/\/www.instagram.com\/pb.jsg.palafolls\/\" target=\"_blank\" rel=\"noreferrer noopener\">Penya Barcelonista Josep Su\u00f1ol Garriga de Palafolls<\/a><\/strong> (Federaci\u00f3 Maresme) celebr\u00f3 su <strong>20\u00ba aniversario<\/strong> con una jornada festiva en su municipio. La pe\u00f1a recibi\u00f3 a los asistentes con un desayuno, y a continuaci\u00f3n se celebr\u00f3 un <strong>pasacalle amenizado por los \u201cgegantons\u201d de Palafolls<\/strong> hasta el Ayuntamiento de la localidad, donde el alcalde <strong>Francesc Alemany<\/strong> recibi\u00f3 a la comitiva azulgrana. Esta estuvo encabezada por el presidente de la PB Palafolls, <strong>Ferm\u00edn Alberto Castillo<\/strong>; el presidente de la Federaci\u00f3 de Penyes del Maresme, <strong>Ramon Pruna<\/strong>; y el exjugador <strong>Paco Mart\u00ednez<\/strong>. La jornada culmin\u00f3 con una <strong>gran fiesta con todos los asistentes<\/strong>, que cont\u00f3 con la participaci\u00f3n de la PB Matar\u00f3, la PB Tordera, la PB Blanes 1976 y la PB Solera Calella.   <\/p>\n\n<p>Tambi\u00e9n festej\u00f3 su <strong>20\u00ba aniversario<\/strong> la <strong>Pe\u00f1a Barcelonista de Moriles<\/strong> (Federaci\u00f3n Andaluc\u00eda, Ceuta y Melilla), con un acto en su sede con la participaci\u00f3n de <strong>m\u00e1s de 60 personas<\/strong>. Con su presidente, <strong>Luis Jes\u00fas Medina<\/strong>, como anfitri\u00f3n, el evento cont\u00f3 con la presencia de <strong>Jos\u00e9 Antonio Adame<\/strong>, presidente de la Federaci\u00f3n de Pe\u00f1as de Andaluc\u00eda, Ceuta y Melilla, y de <strong>Francisca Carmona<\/strong>, alcaldesa de Moriles. Durante el festejo, en el que se expuso el triplete gracias a la colaboraci\u00f3n de la <strong>Confederaci\u00f3 Mundial de Penyes<\/strong>, destac\u00f3 el <strong>homenaje a Juan Guarde\u00f1o<\/strong>, fundador de la pe\u00f1a y actual tesorero, como reconocimiento a su compromiso con esta entidad barcelonista cordobesa.  <\/p>\n\n<figure class=\"wp-block-gallery has-nested-images columns-2 is-cropped wp-block-gallery-2 is-layout-flex wp-block-gallery-is-layout-flex\">\n<figure class=\"wp-block-image size-large\"><a href=\"https:\/\/confederaciopenyes.cat\/wp-content\/uploads\/2024\/12\/WhatsApp-Image-2024-12-09-at-11.26.47-1-edited.jpeg\"><img decoding=\"async\" width=\"1500\" height=\"844\" data-id=\"27932\" data-src=\"https:\/\/confederaciopenyes.cat\/wp-content\/uploads\/2024\/12\/WhatsApp-Image-2024-12-09-at-11.26.47-1-edited.jpeg\" alt=\"\" class=\"wp-image-27932 lazyload\" data-srcset=\"https:\/\/confederaciopenyes.cat\/wp-content\/uploads\/2024\/12\/WhatsApp-Image-2024-12-09-at-11.26.47-1-edited.jpeg 1500w, https:\/\/confederaciopenyes.cat\/wp-content\/uploads\/2024\/12\/WhatsApp-Image-2024-12-09-at-11.26.47-1-edited-300x169.jpeg 300w, https:\/\/confederaciopenyes.cat\/wp-content\/uploads\/2024\/12\/WhatsApp-Image-2024-12-09-at-11.26.47-1-edited-1024x576.jpeg 1024w, https:\/\/confederaciopenyes.cat\/wp-content\/uploads\/2024\/12\/WhatsApp-Image-2024-12-09-at-11.26.47-1-edited-768x432.jpeg 768w\" data-sizes=\"(max-width: 1500px) 100vw, 1500px\" src=\"data:image\/svg+xml;base64,PHN2ZyB3aWR0aD0iMSIgaGVpZ2h0PSIxIiB4bWxucz0iaHR0cDovL3d3dy53My5vcmcvMjAwMC9zdmciPjwvc3ZnPg==\" style=\"--smush-placeholder-width: 1500px; --smush-placeholder-aspect-ratio: 1500\/844;\" \/><\/a><\/figure>\n\n\n\n<figure class=\"wp-block-image size-large\"><a href=\"https:\/\/confederaciopenyes.cat\/wp-content\/uploads\/2024\/12\/WhatsApp-Image-2024-12-09-at-11.26.47-edited.jpeg\"><img decoding=\"async\" width=\"2000\" height=\"1125\" data-id=\"27935\" data-src=\"https:\/\/confederaciopenyes.cat\/wp-content\/uploads\/2024\/12\/WhatsApp-Image-2024-12-09-at-11.26.47-edited.jpeg\" alt=\"\" class=\"wp-image-27935 lazyload\" data-srcset=\"https:\/\/confederaciopenyes.cat\/wp-content\/uploads\/2024\/12\/WhatsApp-Image-2024-12-09-at-11.26.47-edited.jpeg 2000w, https:\/\/confederaciopenyes.cat\/wp-content\/uploads\/2024\/12\/WhatsApp-Image-2024-12-09-at-11.26.47-edited-300x169.jpeg 300w, https:\/\/confederaciopenyes.cat\/wp-content\/uploads\/2024\/12\/WhatsApp-Image-2024-12-09-at-11.26.47-edited-1024x576.jpeg 1024w, https:\/\/confederaciopenyes.cat\/wp-content\/uploads\/2024\/12\/WhatsApp-Image-2024-12-09-at-11.26.47-edited-768x432.jpeg 768w, https:\/\/confederaciopenyes.cat\/wp-content\/uploads\/2024\/12\/WhatsApp-Image-2024-12-09-at-11.26.47-edited-1536x864.jpeg 1536w\" data-sizes=\"(max-width: 2000px) 100vw, 2000px\" src=\"data:image\/svg+xml;base64,PHN2ZyB3aWR0aD0iMSIgaGVpZ2h0PSIxIiB4bWxucz0iaHR0cDovL3d3dy53My5vcmcvMjAwMC9zdmciPjwvc3ZnPg==\" style=\"--smush-placeholder-width: 2000px; --smush-placeholder-aspect-ratio: 2000\/1125;\" \/><\/a><\/figure>\n\n\n\n<figure class=\"wp-block-image size-large\"><a href=\"https:\/\/confederaciopenyes.cat\/wp-content\/uploads\/2024\/12\/IMG-20241209-WA0010-edited.jpg\"><img decoding=\"async\" width=\"747\" height=\"420\" data-id=\"27938\" data-src=\"https:\/\/confederaciopenyes.cat\/wp-content\/uploads\/2024\/12\/IMG-20241209-WA0010-edited.jpg\" alt=\"\" class=\"wp-image-27938 lazyload\" data-srcset=\"https:\/\/confederaciopenyes.cat\/wp-content\/uploads\/2024\/12\/IMG-20241209-WA0010-edited.jpg 747w, https:\/\/confederaciopenyes.cat\/wp-content\/uploads\/2024\/12\/IMG-20241209-WA0010-edited-300x169.jpg 300w\" data-sizes=\"(max-width: 747px) 100vw, 747px\" src=\"data:image\/svg+xml;base64,PHN2ZyB3aWR0aD0iMSIgaGVpZ2h0PSIxIiB4bWxucz0iaHR0cDovL3d3dy53My5vcmcvMjAwMC9zdmciPjwvc3ZnPg==\" style=\"--smush-placeholder-width: 747px; --smush-placeholder-aspect-ratio: 747\/420;\" \/><\/a><\/figure>\n\n\n\n<figure class=\"wp-block-image size-large\"><a href=\"https:\/\/confederaciopenyes.cat\/wp-content\/uploads\/2024\/12\/IMG-20241209-WA0012-edited.jpg\"><img decoding=\"async\" width=\"1337\" height=\"752\" data-id=\"27941\" data-src=\"https:\/\/confederaciopenyes.cat\/wp-content\/uploads\/2024\/12\/IMG-20241209-WA0012-edited.jpg\" alt=\"\" class=\"wp-image-27941 lazyload\" data-srcset=\"https:\/\/confederaciopenyes.cat\/wp-content\/uploads\/2024\/12\/IMG-20241209-WA0012-edited.jpg 1337w, https:\/\/confederaciopenyes.cat\/wp-content\/uploads\/2024\/12\/IMG-20241209-WA0012-edited-300x169.jpg 300w, https:\/\/confederaciopenyes.cat\/wp-content\/uploads\/2024\/12\/IMG-20241209-WA0012-edited-1024x576.jpg 1024w, https:\/\/confederaciopenyes.cat\/wp-content\/uploads\/2024\/12\/IMG-20241209-WA0012-edited-768x432.jpg 768w\" data-sizes=\"(max-width: 1337px) 100vw, 1337px\" src=\"data:image\/svg+xml;base64,PHN2ZyB3aWR0aD0iMSIgaGVpZ2h0PSIxIiB4bWxucz0iaHR0cDovL3d3dy53My5vcmcvMjAwMC9zdmciPjwvc3ZnPg==\" style=\"--smush-placeholder-width: 1337px; --smush-placeholder-aspect-ratio: 1337\/752;\" \/><\/a><\/figure>\n<\/figure>\n","protected":false},"excerpt":{"rendered":"<p>La Penya Barcelonista de La Bisbal d\u2019Empord\u00e0 (Federaci\u00f3 Empord\u00e0 i Catalunya Nord) conmemor\u00f3 su 33\u00ba aniversario con una gran fiesta que lleg\u00f3 a reunir a unas 220 personas. Entre ellas, estuvieron presentes Jaume Fuster, presidente de la PB La Bisbal d\u2019Empord\u00e0; Pitu Comadevall, miembro de la Agrupaci\u00f3 de Jugadors del FC Barcelona; y Oscar Aparicio, &#8230; <a title=\"La PB La Bisbal, la PB Palafolls y la PB Moriles celebran sus aniversarios\" class=\"read-more\" href=\"https:\/\/confederaciopenyes.cat\/es\/la-pb-la-bisbal-la-pb-palafolls-y-la-pb-moriles-celebran-sus-aniversarios\/\" aria-label=\"Leer m\u00e1s sobre La PB La Bisbal, la PB Palafolls y la PB Moriles celebran sus aniversarios\">Leer m\u00e1s<\/a><\/p>\n","protected":false},"author":4,"featured_media":27912,"comment_status":"closed","ping_status":"open","sticky":false,"template":"","format":"standard","meta":{"_acf_changed":false,"footnotes":""},"categories":[1],"tags":[2854,3393,3395,3394],"class_list":["post-27945","post","type-post","status-publish","format-standard","has-post-thumbnail","hentry","category-noticias-es","tag-aniversario-es","tag-pb-la-bisbal-es","tag-pb-moriles-es","tag-pb-palafolls-es"],"acf":[],"yoast_head":"<!-- This site is optimized with the Yoast SEO Premium plugin v27.5 (Yoast SEO v27.5) - https:\/\/yoast.com\/product\/yoast-seo-premium-wordpress\/ -->\n<title>Aniversarios de la PB La Bisbal, la PB Palafolls y la PB Moriles - Confederaci\u00f3 Mundial de Penyes del FC Barcelona<\/title>\n<meta name=\"description\" content=\"La PB La Bisbal, la PB Palafolls y la PB Moriles celebraron sus aniversarios con encuentros con un gran ambiente barcelonista.\" \/>\n<meta name=\"robots\" content=\"index, follow, max-snippet:-1, max-image-preview:large, max-video-preview:-1\" \/>\n<link rel=\"canonical\" href=\"https:\/\/confederaciopenyes.cat\/es\/la-pb-la-bisbal-la-pb-palafolls-y-la-pb-moriles-celebran-sus-aniversarios\/\" \/>\n<meta property=\"og:locale\" content=\"es_ES\" \/>\n<meta property=\"og:type\" content=\"article\" \/>\n<meta property=\"og:title\" content=\"La PB La Bisbal, la PB Palafolls y la PB Moriles celebran sus aniversarios\" \/>\n<meta property=\"og:description\" content=\"La PB La Bisbal, la PB Palafolls y la PB Moriles celebraron sus aniversarios con encuentros con un gran ambiente barcelonista.\" \/>\n<meta property=\"og:url\" content=\"https:\/\/confederaciopenyes.cat\/es\/la-pb-la-bisbal-la-pb-palafolls-y-la-pb-moriles-celebran-sus-aniversarios\/\" \/>\n<meta property=\"og:site_name\" content=\"Confederaci\u00f3 Mundial de Penyes del FC Barcelona\" \/>\n<meta property=\"article:publisher\" content=\"https:\/\/www.facebook.com\/ConfederacioMundialPenyesFCB\" \/>\n<meta property=\"article:published_time\" content=\"2024-12-11T12:53:41+00:00\" \/>\n<meta property=\"article:modified_time\" content=\"2024-12-11T14:32:28+00:00\" \/>\n<meta property=\"og:image\" content=\"https:\/\/confederaciopenyes.cat\/wp-content\/uploads\/2024\/12\/IMG-20241209-WA0013.jpg\" \/>\n\t<meta property=\"og:image:width\" content=\"1123\" \/>\n\t<meta property=\"og:image:height\" content=\"635\" \/>\n\t<meta property=\"og:image:type\" content=\"image\/jpeg\" \/>\n<meta name=\"author\" content=\"Confederaci\u00f3 Mundial de Penyes del FC Barcelona\" \/>\n<meta name=\"twitter:card\" content=\"summary_large_image\" \/>\n<meta name=\"twitter:creator\" content=\"@ConfePenyesFCB\" \/>\n<meta name=\"twitter:site\" content=\"@ConfePenyesFCB\" \/>\n<meta name=\"twitter:label1\" content=\"Escrito por\" \/>\n\t<meta name=\"twitter:data1\" content=\"Confederaci\u00f3 Mundial de Penyes del FC Barcelona\" \/>\n\t<meta name=\"twitter:label2\" content=\"Tiempo de lectura\" \/>\n\t<meta name=\"twitter:data2\" content=\"4 minutos\" \/>\n<script type=\"application\/ld+json\" class=\"yoast-schema-graph\">{\"@context\":\"https:\\\/\\\/schema.org\",\"@graph\":[{\"@type\":\"Article\",\"@id\":\"https:\\\/\\\/confederaciopenyes.cat\\\/es\\\/la-pb-la-bisbal-la-pb-palafolls-y-la-pb-moriles-celebran-sus-aniversarios\\\/#article\",\"isPartOf\":{\"@id\":\"https:\\\/\\\/confederaciopenyes.cat\\\/es\\\/la-pb-la-bisbal-la-pb-palafolls-y-la-pb-moriles-celebran-sus-aniversarios\\\/\"},\"author\":{\"name\":\"Confederaci\u00f3 Mundial de Penyes del FC Barcelona\",\"@id\":\"https:\\\/\\\/confederaciopenyes.cat\\\/es\\\/#\\\/schema\\\/person\\\/337072f6daef87a85aa59aa1f134387c\"},\"headline\":\"La PB La Bisbal, la PB Palafolls y la PB Moriles celebran sus aniversarios\",\"datePublished\":\"2024-12-11T12:53:41+00:00\",\"dateModified\":\"2024-12-11T14:32:28+00:00\",\"mainEntityOfPage\":{\"@id\":\"https:\\\/\\\/confederaciopenyes.cat\\\/es\\\/la-pb-la-bisbal-la-pb-palafolls-y-la-pb-moriles-celebran-sus-aniversarios\\\/\"},\"wordCount\":410,\"publisher\":{\"@id\":\"https:\\\/\\\/confederaciopenyes.cat\\\/es\\\/#organization\"},\"image\":{\"@id\":\"https:\\\/\\\/confederaciopenyes.cat\\\/es\\\/la-pb-la-bisbal-la-pb-palafolls-y-la-pb-moriles-celebran-sus-aniversarios\\\/#primaryimage\"},\"thumbnailUrl\":\"https:\\\/\\\/confederaciopenyes.cat\\\/wp-content\\\/uploads\\\/2024\\\/12\\\/IMG-20241209-WA0013.jpg\",\"keywords\":[\"aniversario\",\"PB La Bisbal\",\"PB Moriles\",\"PB Palafolls\"],\"articleSection\":[\"Noticias\"],\"inLanguage\":\"es\"},{\"@type\":\"WebPage\",\"@id\":\"https:\\\/\\\/confederaciopenyes.cat\\\/es\\\/la-pb-la-bisbal-la-pb-palafolls-y-la-pb-moriles-celebran-sus-aniversarios\\\/\",\"url\":\"https:\\\/\\\/confederaciopenyes.cat\\\/es\\\/la-pb-la-bisbal-la-pb-palafolls-y-la-pb-moriles-celebran-sus-aniversarios\\\/\",\"name\":\"Aniversarios de la PB La Bisbal, la PB Palafolls y la PB Moriles - Confederaci\u00f3 Mundial de Penyes del FC Barcelona\",\"isPartOf\":{\"@id\":\"https:\\\/\\\/confederaciopenyes.cat\\\/es\\\/#website\"},\"primaryImageOfPage\":{\"@id\":\"https:\\\/\\\/confederaciopenyes.cat\\\/es\\\/la-pb-la-bisbal-la-pb-palafolls-y-la-pb-moriles-celebran-sus-aniversarios\\\/#primaryimage\"},\"image\":{\"@id\":\"https:\\\/\\\/confederaciopenyes.cat\\\/es\\\/la-pb-la-bisbal-la-pb-palafolls-y-la-pb-moriles-celebran-sus-aniversarios\\\/#primaryimage\"},\"thumbnailUrl\":\"https:\\\/\\\/confederaciopenyes.cat\\\/wp-content\\\/uploads\\\/2024\\\/12\\\/IMG-20241209-WA0013.jpg\",\"datePublished\":\"2024-12-11T12:53:41+00:00\",\"dateModified\":\"2024-12-11T14:32:28+00:00\",\"description\":\"La PB La Bisbal, la PB Palafolls y la PB Moriles celebraron sus aniversarios con encuentros con un gran ambiente barcelonista.\",\"breadcrumb\":{\"@id\":\"https:\\\/\\\/confederaciopenyes.cat\\\/es\\\/la-pb-la-bisbal-la-pb-palafolls-y-la-pb-moriles-celebran-sus-aniversarios\\\/#breadcrumb\"},\"inLanguage\":\"es\",\"potentialAction\":[{\"@type\":\"ReadAction\",\"target\":[\"https:\\\/\\\/confederaciopenyes.cat\\\/es\\\/la-pb-la-bisbal-la-pb-palafolls-y-la-pb-moriles-celebran-sus-aniversarios\\\/\"]}]},{\"@type\":\"ImageObject\",\"inLanguage\":\"es\",\"@id\":\"https:\\\/\\\/confederaciopenyes.cat\\\/es\\\/la-pb-la-bisbal-la-pb-palafolls-y-la-pb-moriles-celebran-sus-aniversarios\\\/#primaryimage\",\"url\":\"https:\\\/\\\/confederaciopenyes.cat\\\/wp-content\\\/uploads\\\/2024\\\/12\\\/IMG-20241209-WA0013.jpg\",\"contentUrl\":\"https:\\\/\\\/confederaciopenyes.cat\\\/wp-content\\\/uploads\\\/2024\\\/12\\\/IMG-20241209-WA0013.jpg\",\"width\":1123,\"height\":635},{\"@type\":\"BreadcrumbList\",\"@id\":\"https:\\\/\\\/confederaciopenyes.cat\\\/es\\\/la-pb-la-bisbal-la-pb-palafolls-y-la-pb-moriles-celebran-sus-aniversarios\\\/#breadcrumb\",\"itemListElement\":[{\"@type\":\"ListItem\",\"position\":1,\"name\":\"Inici\",\"item\":\"https:\\\/\\\/confederaciopenyes.cat\\\/es\\\/\"},{\"@type\":\"ListItem\",\"position\":2,\"name\":\"La PB La Bisbal, la PB Palafolls y la PB Moriles celebran sus aniversarios\"}]},{\"@type\":\"WebSite\",\"@id\":\"https:\\\/\\\/confederaciopenyes.cat\\\/es\\\/#website\",\"url\":\"https:\\\/\\\/confederaciopenyes.cat\\\/es\\\/\",\"name\":\"Confederaci\u00f3 Mundial de Penyes del FC Barcelona\",\"description\":\"C.M. Penyes FC Barcelona\",\"publisher\":{\"@id\":\"https:\\\/\\\/confederaciopenyes.cat\\\/es\\\/#organization\"},\"potentialAction\":[{\"@type\":\"SearchAction\",\"target\":{\"@type\":\"EntryPoint\",\"urlTemplate\":\"https:\\\/\\\/confederaciopenyes.cat\\\/es\\\/?s={search_term_string}\"},\"query-input\":{\"@type\":\"PropertyValueSpecification\",\"valueRequired\":true,\"valueName\":\"search_term_string\"}}],\"inLanguage\":\"es\"},{\"@type\":\"Organization\",\"@id\":\"https:\\\/\\\/confederaciopenyes.cat\\\/es\\\/#organization\",\"name\":\"Confederaci\u00f3 Mundial de Penyes del FC Barcelona\",\"url\":\"https:\\\/\\\/confederaciopenyes.cat\\\/es\\\/\",\"logo\":{\"@type\":\"ImageObject\",\"inLanguage\":\"es\",\"@id\":\"https:\\\/\\\/confederaciopenyes.cat\\\/es\\\/#\\\/schema\\\/logo\\\/image\\\/\",\"url\":\"https:\\\/\\\/confederaciopenyes.cat\\\/wp-content\\\/uploads\\\/2022\\\/07\\\/cropped-logo_horizontal.png\",\"contentUrl\":\"https:\\\/\\\/confederaciopenyes.cat\\\/wp-content\\\/uploads\\\/2022\\\/07\\\/cropped-logo_horizontal.png\",\"width\":1320,\"height\":309,\"caption\":\"Confederaci\u00f3 Mundial de Penyes del FC Barcelona\"},\"image\":{\"@id\":\"https:\\\/\\\/confederaciopenyes.cat\\\/es\\\/#\\\/schema\\\/logo\\\/image\\\/\"},\"sameAs\":[\"https:\\\/\\\/www.facebook.com\\\/ConfederacioMundialPenyesFCB\",\"https:\\\/\\\/x.com\\\/ConfePenyesFCB\",\"https:\\\/\\\/www.instagram.com\\\/confepenyesfcb\\\/\"]},{\"@type\":\"Person\",\"@id\":\"https:\\\/\\\/confederaciopenyes.cat\\\/es\\\/#\\\/schema\\\/person\\\/337072f6daef87a85aa59aa1f134387c\",\"name\":\"Confederaci\u00f3 Mundial de Penyes del FC Barcelona\",\"image\":{\"@type\":\"ImageObject\",\"inLanguage\":\"es\",\"@id\":\"https:\\\/\\\/secure.gravatar.com\\\/avatar\\\/98c60c7405ff843b10aec55db652bd3f5cb4320ef331ae76c156819a62194328?s=96&d=mm&r=g\",\"url\":\"https:\\\/\\\/secure.gravatar.com\\\/avatar\\\/98c60c7405ff843b10aec55db652bd3f5cb4320ef331ae76c156819a62194328?s=96&d=mm&r=g\",\"contentUrl\":\"https:\\\/\\\/secure.gravatar.com\\\/avatar\\\/98c60c7405ff843b10aec55db652bd3f5cb4320ef331ae76c156819a62194328?s=96&d=mm&r=g\",\"caption\":\"Confederaci\u00f3 Mundial de Penyes del FC Barcelona\"},\"url\":\"https:\\\/\\\/confederaciopenyes.cat\\\/es\\\/author\\\/comunicacioconfederaciopenyes-cat\\\/\"}]}<\/script>\n<!-- \/ Yoast SEO Premium plugin. -->","yoast_head_json":{"title":"Aniversarios de la PB La Bisbal, la PB Palafolls y la PB Moriles - Confederaci\u00f3 Mundial de Penyes del FC Barcelona","description":"La PB La Bisbal, la PB Palafolls y la PB Moriles celebraron sus aniversarios con encuentros con un gran ambiente barcelonista.","robots":{"index":"index","follow":"follow","max-snippet":"max-snippet:-1","max-image-preview":"max-image-preview:large","max-video-preview":"max-video-preview:-1"},"canonical":"https:\/\/confederaciopenyes.cat\/es\/la-pb-la-bisbal-la-pb-palafolls-y-la-pb-moriles-celebran-sus-aniversarios\/","og_locale":"es_ES","og_type":"article","og_title":"La PB La Bisbal, la PB Palafolls y la PB Moriles celebran sus aniversarios","og_description":"La PB La Bisbal, la PB Palafolls y la PB Moriles celebraron sus aniversarios con encuentros con un gran ambiente barcelonista.","og_url":"https:\/\/confederaciopenyes.cat\/es\/la-pb-la-bisbal-la-pb-palafolls-y-la-pb-moriles-celebran-sus-aniversarios\/","og_site_name":"Confederaci\u00f3 Mundial de Penyes del FC Barcelona","article_publisher":"https:\/\/www.facebook.com\/ConfederacioMundialPenyesFCB","article_published_time":"2024-12-11T12:53:41+00:00","article_modified_time":"2024-12-11T14:32:28+00:00","og_image":[{"width":1123,"height":635,"url":"https:\/\/confederaciopenyes.cat\/wp-content\/uploads\/2024\/12\/IMG-20241209-WA0013.jpg","type":"image\/jpeg"}],"author":"Confederaci\u00f3 Mundial de Penyes del FC Barcelona","twitter_card":"summary_large_image","twitter_creator":"@ConfePenyesFCB","twitter_site":"@ConfePenyesFCB","twitter_misc":{"Escrito por":"Confederaci\u00f3 Mundial de Penyes del FC Barcelona","Tiempo de lectura":"4 minutos"},"schema":{"@context":"https:\/\/schema.org","@graph":[{"@type":"Article","@id":"https:\/\/confederaciopenyes.cat\/es\/la-pb-la-bisbal-la-pb-palafolls-y-la-pb-moriles-celebran-sus-aniversarios\/#article","isPartOf":{"@id":"https:\/\/confederaciopenyes.cat\/es\/la-pb-la-bisbal-la-pb-palafolls-y-la-pb-moriles-celebran-sus-aniversarios\/"},"author":{"name":"Confederaci\u00f3 Mundial de Penyes del FC Barcelona","@id":"https:\/\/confederaciopenyes.cat\/es\/#\/schema\/person\/337072f6daef87a85aa59aa1f134387c"},"headline":"La PB La Bisbal, la PB Palafolls y la PB Moriles celebran sus aniversarios","datePublished":"2024-12-11T12:53:41+00:00","dateModified":"2024-12-11T14:32:28+00:00","mainEntityOfPage":{"@id":"https:\/\/confederaciopenyes.cat\/es\/la-pb-la-bisbal-la-pb-palafolls-y-la-pb-moriles-celebran-sus-aniversarios\/"},"wordCount":410,"publisher":{"@id":"https:\/\/confederaciopenyes.cat\/es\/#organization"},"image":{"@id":"https:\/\/confederaciopenyes.cat\/es\/la-pb-la-bisbal-la-pb-palafolls-y-la-pb-moriles-celebran-sus-aniversarios\/#primaryimage"},"thumbnailUrl":"https:\/\/confederaciopenyes.cat\/wp-content\/uploads\/2024\/12\/IMG-20241209-WA0013.jpg","keywords":["aniversario","PB La Bisbal","PB Moriles","PB Palafolls"],"articleSection":["Noticias"],"inLanguage":"es"},{"@type":"WebPage","@id":"https:\/\/confederaciopenyes.cat\/es\/la-pb-la-bisbal-la-pb-palafolls-y-la-pb-moriles-celebran-sus-aniversarios\/","url":"https:\/\/confederaciopenyes.cat\/es\/la-pb-la-bisbal-la-pb-palafolls-y-la-pb-moriles-celebran-sus-aniversarios\/","name":"Aniversarios de la PB La Bisbal, la PB Palafolls y la PB Moriles - Confederaci\u00f3 Mundial de Penyes del FC Barcelona","isPartOf":{"@id":"https:\/\/confederaciopenyes.cat\/es\/#website"},"primaryImageOfPage":{"@id":"https:\/\/confederaciopenyes.cat\/es\/la-pb-la-bisbal-la-pb-palafolls-y-la-pb-moriles-celebran-sus-aniversarios\/#primaryimage"},"image":{"@id":"https:\/\/confederaciopenyes.cat\/es\/la-pb-la-bisbal-la-pb-palafolls-y-la-pb-moriles-celebran-sus-aniversarios\/#primaryimage"},"thumbnailUrl":"https:\/\/confederaciopenyes.cat\/wp-content\/uploads\/2024\/12\/IMG-20241209-WA0013.jpg","datePublished":"2024-12-11T12:53:41+00:00","dateModified":"2024-12-11T14:32:28+00:00","description":"La PB La Bisbal, la PB Palafolls y la PB Moriles celebraron sus aniversarios con encuentros con un gran ambiente barcelonista.","breadcrumb":{"@id":"https:\/\/confederaciopenyes.cat\/es\/la-pb-la-bisbal-la-pb-palafolls-y-la-pb-moriles-celebran-sus-aniversarios\/#breadcrumb"},"inLanguage":"es","potentialAction":[{"@type":"ReadAction","target":["https:\/\/confederaciopenyes.cat\/es\/la-pb-la-bisbal-la-pb-palafolls-y-la-pb-moriles-celebran-sus-aniversarios\/"]}]},{"@type":"ImageObject","inLanguage":"es","@id":"https:\/\/confederaciopenyes.cat\/es\/la-pb-la-bisbal-la-pb-palafolls-y-la-pb-moriles-celebran-sus-aniversarios\/#primaryimage","url":"https:\/\/confederaciopenyes.cat\/wp-content\/uploads\/2024\/12\/IMG-20241209-WA0013.jpg","contentUrl":"https:\/\/confederaciopenyes.cat\/wp-content\/uploads\/2024\/12\/IMG-20241209-WA0013.jpg","width":1123,"height":635},{"@type":"BreadcrumbList","@id":"https:\/\/confederaciopenyes.cat\/es\/la-pb-la-bisbal-la-pb-palafolls-y-la-pb-moriles-celebran-sus-aniversarios\/#breadcrumb","itemListElement":[{"@type":"ListItem","position":1,"name":"Inici","item":"https:\/\/confederaciopenyes.cat\/es\/"},{"@type":"ListItem","position":2,"name":"La PB La Bisbal, la PB Palafolls y la PB Moriles celebran sus aniversarios"}]},{"@type":"WebSite","@id":"https:\/\/confederaciopenyes.cat\/es\/#website","url":"https:\/\/confederaciopenyes.cat\/es\/","name":"Confederaci\u00f3 Mundial de Penyes del FC Barcelona","description":"C.M. Penyes FC Barcelona","publisher":{"@id":"https:\/\/confederaciopenyes.cat\/es\/#organization"},"potentialAction":[{"@type":"SearchAction","target":{"@type":"EntryPoint","urlTemplate":"https:\/\/confederaciopenyes.cat\/es\/?s={search_term_string}"},"query-input":{"@type":"PropertyValueSpecification","valueRequired":true,"valueName":"search_term_string"}}],"inLanguage":"es"},{"@type":"Organization","@id":"https:\/\/confederaciopenyes.cat\/es\/#organization","name":"Confederaci\u00f3 Mundial de Penyes del FC Barcelona","url":"https:\/\/confederaciopenyes.cat\/es\/","logo":{"@type":"ImageObject","inLanguage":"es","@id":"https:\/\/confederaciopenyes.cat\/es\/#\/schema\/logo\/image\/","url":"https:\/\/confederaciopenyes.cat\/wp-content\/uploads\/2022\/07\/cropped-logo_horizontal.png","contentUrl":"https:\/\/confederaciopenyes.cat\/wp-content\/uploads\/2022\/07\/cropped-logo_horizontal.png","width":1320,"height":309,"caption":"Confederaci\u00f3 Mundial de Penyes del FC Barcelona"},"image":{"@id":"https:\/\/confederaciopenyes.cat\/es\/#\/schema\/logo\/image\/"},"sameAs":["https:\/\/www.facebook.com\/ConfederacioMundialPenyesFCB","https:\/\/x.com\/ConfePenyesFCB","https:\/\/www.instagram.com\/confepenyesfcb\/"]},{"@type":"Person","@id":"https:\/\/confederaciopenyes.cat\/es\/#\/schema\/person\/337072f6daef87a85aa59aa1f134387c","name":"Confederaci\u00f3 Mundial de Penyes del FC Barcelona","image":{"@type":"ImageObject","inLanguage":"es","@id":"https:\/\/secure.gravatar.com\/avatar\/98c60c7405ff843b10aec55db652bd3f5cb4320ef331ae76c156819a62194328?s=96&d=mm&r=g","url":"https:\/\/secure.gravatar.com\/avatar\/98c60c7405ff843b10aec55db652bd3f5cb4320ef331ae76c156819a62194328?s=96&d=mm&r=g","contentUrl":"https:\/\/secure.gravatar.com\/avatar\/98c60c7405ff843b10aec55db652bd3f5cb4320ef331ae76c156819a62194328?s=96&d=mm&r=g","caption":"Confederaci\u00f3 Mundial de Penyes del FC Barcelona"},"url":"https:\/\/confederaciopenyes.cat\/es\/author\/comunicacioconfederaciopenyes-cat\/"}]}},"_links":{"self":[{"href":"https:\/\/confederaciopenyes.cat\/es\/wp-json\/wp\/v2\/posts\/27945","targetHints":{"allow":["GET"]}}],"collection":[{"href":"https:\/\/confederaciopenyes.cat\/es\/wp-json\/wp\/v2\/posts"}],"about":[{"href":"https:\/\/confederaciopenyes.cat\/es\/wp-json\/wp\/v2\/types\/post"}],"author":[{"embeddable":true,"href":"https:\/\/confederaciopenyes.cat\/es\/wp-json\/wp\/v2\/users\/4"}],"replies":[{"embeddable":true,"href":"https:\/\/confederaciopenyes.cat\/es\/wp-json\/wp\/v2\/comments?post=27945"}],"version-history":[{"count":3,"href":"https:\/\/confederaciopenyes.cat\/es\/wp-json\/wp\/v2\/posts\/27945\/revisions"}],"predecessor-version":[{"id":27953,"href":"https:\/\/confederaciopenyes.cat\/es\/wp-json\/wp\/v2\/posts\/27945\/revisions\/27953"}],"wp:featuredmedia":[{"embeddable":true,"href":"https:\/\/confederaciopenyes.cat\/es\/wp-json\/wp\/v2\/media\/27912"}],"wp:attachment":[{"href":"https:\/\/confederaciopenyes.cat\/es\/wp-json\/wp\/v2\/media?parent=27945"}],"wp:term":[{"taxonomy":"category","embeddable":true,"href":"https:\/\/confederaciopenyes.cat\/es\/wp-json\/wp\/v2\/categories?post=27945"},{"taxonomy":"post_tag","embeddable":true,"href":"https:\/\/confederaciopenyes.cat\/es\/wp-json\/wp\/v2\/tags?post=27945"}],"curies":[{"name":"wp","href":"https:\/\/api.w.org\/{rel}","templated":true}]}}