{"id":29679,"date":"2025-03-03T13:49:06","date_gmt":"2025-03-03T12:49:06","guid":{"rendered":"https:\/\/confederaciopenyes.cat\/asambleas-en-las-federaciones-valles-tarragona-nord-y-lleida-sud-i-la-franja\/"},"modified":"2025-03-04T13:59:00","modified_gmt":"2025-03-04T12:59:00","slug":"asambleas-en-las-federaciones-valles-tarragona-nord-y-lleida-sud-i-la-franja","status":"publish","type":"post","link":"https:\/\/confederaciopenyes.cat\/es\/asambleas-en-las-federaciones-valles-tarragona-nord-y-lleida-sud-i-la-franja\/","title":{"rendered":"Asambleas en las federaciones Vall\u00e8s, Tarragona Nord y Lleida Sud i la Franja"},"content":{"rendered":"\n<p>Estas semanas, <strong>las federaciones territoriales se encuentran en plena actividad<\/strong> para poner en com\u00fan con sus pe\u00f1as la situaci\u00f3n actual en sus respectivos territorios. Muchas de ellas han celebrado <strong>asambleas donde han hecho balance del a\u00f1o 2024 y tambi\u00e9n han planificado los actos y actividades <\/strong>durante los pr\u00f3ximos meses de 2025. <\/p>\n\n<p>Una de las que se ha reunido recientemente es la <strong><a href=\"https:\/\/www.instagram.com\/fedpenyesfcbvalles\/\" target=\"_blank\" rel=\"noreferrer noopener\">Federaci\u00f3 de Penyes del Vall\u00e8s<\/a><\/strong>, que celebr\u00f3 su asamblea en el local de la <strong><a href=\"https:\/\/www.instagram.com\/pbmontmelo\/\" target=\"_blank\" rel=\"noreferrer noopener\">Penya Blaugrana de Montmel\u00f3<\/a><\/strong> con la presencia de representantes de <strong>17 pe\u00f1as de este territorio<\/strong>. Conducida por <strong>Antoni Guil<\/strong>, presidente de la Federaci\u00f3 Vall\u00e8s y tambi\u00e9n de la Confederaci\u00f3 Mundial de Penyes, la reuni\u00f3n aprob\u00f3 el ejercicio econ\u00f3mico de 2024 y present\u00f3 un <strong>nuevo plan de acci\u00f3n para este 2025 que busca dar un nuevo impulso a la federaci\u00f3n<\/strong>. Tambi\u00e9n se anunci\u00f3 que el <strong><a href=\"https:\/\/confederaciopenyes.cat\/es\/carnet-penista-2025-formato-digital\/\" target=\"_blank\" rel=\"noreferrer noopener\">Carnet de Penyista 2025<\/a><\/strong> de la Confederaci\u00f3 Mundial de Penyes ya est\u00e1 disponible en formato digital para todas las pe\u00f1as. Finalmente, se presentaron algunos cambios en la composici\u00f3n de la junta directiva de la Federaci\u00f3 Vall\u00e8s.   <\/p>\n\n<figure class=\"wp-block-gallery has-nested-images columns-default is-cropped wp-block-gallery-1 is-layout-flex wp-block-gallery-is-layout-flex\">\n<figure class=\"wp-block-image size-large\"><a href=\"https:\/\/confederaciopenyes.cat\/wp-content\/uploads\/2025\/03\/Gkj5IszW8AAWEHi-scaled.jpg\"><img decoding=\"async\" width=\"1024\" height=\"576\" data-id=\"29659\" data-src=\"https:\/\/confederaciopenyes.cat\/wp-content\/uploads\/2025\/03\/Gkj5IszW8AAWEHi-1024x576.jpg\" alt=\"\" class=\"wp-image-29659 lazyload\" data-srcset=\"https:\/\/confederaciopenyes.cat\/wp-content\/uploads\/2025\/03\/Gkj5IszW8AAWEHi-1024x576.jpg 1024w, https:\/\/confederaciopenyes.cat\/wp-content\/uploads\/2025\/03\/Gkj5IszW8AAWEHi-300x169.jpg 300w, https:\/\/confederaciopenyes.cat\/wp-content\/uploads\/2025\/03\/Gkj5IszW8AAWEHi-768x432.jpg 768w, https:\/\/confederaciopenyes.cat\/wp-content\/uploads\/2025\/03\/Gkj5IszW8AAWEHi-1536x864.jpg 1536w, https:\/\/confederaciopenyes.cat\/wp-content\/uploads\/2025\/03\/Gkj5IszW8AAWEHi-2048x1152.jpg 2048w\" data-sizes=\"(max-width: 1024px) 100vw, 1024px\" src=\"data:image\/svg+xml;base64,PHN2ZyB3aWR0aD0iMSIgaGVpZ2h0PSIxIiB4bWxucz0iaHR0cDovL3d3dy53My5vcmcvMjAwMC9zdmciPjwvc3ZnPg==\" style=\"--smush-placeholder-width: 1024px; --smush-placeholder-aspect-ratio: 1024\/576;\" \/><\/a><\/figure>\n\n\n\n<figure class=\"wp-block-image size-large\"><a href=\"https:\/\/confederaciopenyes.cat\/wp-content\/uploads\/2025\/03\/Gkj5IsxXcAAgxVb-scaled.jpg\"><img decoding=\"async\" width=\"1024\" height=\"576\" data-id=\"29657\" data-src=\"https:\/\/confederaciopenyes.cat\/wp-content\/uploads\/2025\/03\/Gkj5IsxXcAAgxVb-1024x576.jpg\" alt=\"\" class=\"wp-image-29657 lazyload\" data-srcset=\"https:\/\/confederaciopenyes.cat\/wp-content\/uploads\/2025\/03\/Gkj5IsxXcAAgxVb-1024x576.jpg 1024w, https:\/\/confederaciopenyes.cat\/wp-content\/uploads\/2025\/03\/Gkj5IsxXcAAgxVb-300x169.jpg 300w, https:\/\/confederaciopenyes.cat\/wp-content\/uploads\/2025\/03\/Gkj5IsxXcAAgxVb-768x432.jpg 768w, https:\/\/confederaciopenyes.cat\/wp-content\/uploads\/2025\/03\/Gkj5IsxXcAAgxVb-1536x864.jpg 1536w, https:\/\/confederaciopenyes.cat\/wp-content\/uploads\/2025\/03\/Gkj5IsxXcAAgxVb-2048x1152.jpg 2048w\" data-sizes=\"(max-width: 1024px) 100vw, 1024px\" src=\"data:image\/svg+xml;base64,PHN2ZyB3aWR0aD0iMSIgaGVpZ2h0PSIxIiB4bWxucz0iaHR0cDovL3d3dy53My5vcmcvMjAwMC9zdmciPjwvc3ZnPg==\" style=\"--smush-placeholder-width: 1024px; --smush-placeholder-aspect-ratio: 1024\/576;\" \/><\/a><\/figure>\n\n\n\n<figure class=\"wp-block-image size-large\"><a href=\"https:\/\/confederaciopenyes.cat\/wp-content\/uploads\/2025\/03\/Gkj5IsuXwAEYs3F-scaled.jpg\"><img decoding=\"async\" width=\"1024\" height=\"576\" data-id=\"29663\" data-src=\"https:\/\/confederaciopenyes.cat\/wp-content\/uploads\/2025\/03\/Gkj5IsuXwAEYs3F-1024x576.jpg\" alt=\"\" class=\"wp-image-29663 lazyload\" data-srcset=\"https:\/\/confederaciopenyes.cat\/wp-content\/uploads\/2025\/03\/Gkj5IsuXwAEYs3F-1024x576.jpg 1024w, https:\/\/confederaciopenyes.cat\/wp-content\/uploads\/2025\/03\/Gkj5IsuXwAEYs3F-300x169.jpg 300w, https:\/\/confederaciopenyes.cat\/wp-content\/uploads\/2025\/03\/Gkj5IsuXwAEYs3F-768x432.jpg 768w, https:\/\/confederaciopenyes.cat\/wp-content\/uploads\/2025\/03\/Gkj5IsuXwAEYs3F-1536x864.jpg 1536w, https:\/\/confederaciopenyes.cat\/wp-content\/uploads\/2025\/03\/Gkj5IsuXwAEYs3F-2048x1152.jpg 2048w\" data-sizes=\"(max-width: 1024px) 100vw, 1024px\" src=\"data:image\/svg+xml;base64,PHN2ZyB3aWR0aD0iMSIgaGVpZ2h0PSIxIiB4bWxucz0iaHR0cDovL3d3dy53My5vcmcvMjAwMC9zdmciPjwvc3ZnPg==\" style=\"--smush-placeholder-width: 1024px; --smush-placeholder-aspect-ratio: 1024\/576;\" \/><\/a><\/figure>\n<\/figure>\n\n<p><\/p>\n\n<h6 class=\"wp-block-heading\" id=\"h-tambe-a-tarragona-nord-i-lleida-sud-i-la-franja\"><strong>Tambi\u00e9n en Tarragona Nord y Lleida Sud i la Franja<\/strong><\/h6>\n\n<p>Por su parte, la <strong>Federaci\u00f3 de Penyes Barcelonistes de Tarragona Nord<\/strong> celebr\u00f3 una nueva asamblea en la sede de la <strong><a href=\"https:\/\/www.instagram.com\/penyabcreus\/\" target=\"_blank\" rel=\"noreferrer noopener\">PB Baix Camp-Reus<\/a><\/strong>. <strong>M\u00e1s de 50 pe\u00f1istas en representaci\u00f3n de 23 pe\u00f1as<\/strong> de este territorio acudieron al evento, que estuvo encabezado por <strong>Josep Borrull,<\/strong> presidente de la Federaci\u00f3 Tarragona Nord. Se aprob\u00f3 por unanimidad el balance de cuentas y el presupuesto de la federaci\u00f3n, y tambi\u00e9n <strong>se coment\u00f3 el contenido de los \u00faltimos plenarios del Consejo de Pe\u00f1as<\/strong> celebrados en la Confederaci\u00f3. La asamblea tambi\u00e9n puso de manifiesto <strong>la preocupaci\u00f3n de las pe\u00f1as por la opacidad del actual sistema de asignaci\u00f3n de entradas a las pe\u00f1as en los desplazamientos<\/strong>, sobre todo en vistas a que el equipo alcance una final esta temporada.  <\/p>\n\n<figure class=\"wp-block-gallery has-nested-images columns-default is-cropped wp-block-gallery-2 is-layout-flex wp-block-gallery-is-layout-flex\">\n<figure class=\"wp-block-image size-large\"><a href=\"https:\/\/confederaciopenyes.cat\/wp-content\/uploads\/2025\/03\/WhatsApp-Image-2025-02-21-at-10.24.50-1.jpeg\"><img decoding=\"async\" width=\"1024\" height=\"768\" data-id=\"29666\" data-src=\"https:\/\/confederaciopenyes.cat\/wp-content\/uploads\/2025\/03\/WhatsApp-Image-2025-02-21-at-10.24.50-1-1024x768.jpeg\" alt=\"\" class=\"wp-image-29666 lazyload\" data-srcset=\"https:\/\/confederaciopenyes.cat\/wp-content\/uploads\/2025\/03\/WhatsApp-Image-2025-02-21-at-10.24.50-1-1024x768.jpeg 1024w, https:\/\/confederaciopenyes.cat\/wp-content\/uploads\/2025\/03\/WhatsApp-Image-2025-02-21-at-10.24.50-1-300x225.jpeg 300w, https:\/\/confederaciopenyes.cat\/wp-content\/uploads\/2025\/03\/WhatsApp-Image-2025-02-21-at-10.24.50-1-768x576.jpeg 768w, https:\/\/confederaciopenyes.cat\/wp-content\/uploads\/2025\/03\/WhatsApp-Image-2025-02-21-at-10.24.50-1-1536x1152.jpeg 1536w, https:\/\/confederaciopenyes.cat\/wp-content\/uploads\/2025\/03\/WhatsApp-Image-2025-02-21-at-10.24.50-1.jpeg 1600w\" data-sizes=\"(max-width: 1024px) 100vw, 1024px\" src=\"data:image\/svg+xml;base64,PHN2ZyB3aWR0aD0iMSIgaGVpZ2h0PSIxIiB4bWxucz0iaHR0cDovL3d3dy53My5vcmcvMjAwMC9zdmciPjwvc3ZnPg==\" style=\"--smush-placeholder-width: 1024px; --smush-placeholder-aspect-ratio: 1024\/768;\" \/><\/a><\/figure>\n\n\n\n<figure class=\"wp-block-image size-large\"><a href=\"https:\/\/confederaciopenyes.cat\/wp-content\/uploads\/2025\/03\/WhatsApp-Image-2025-02-21-at-10.24.50.jpeg\"><img decoding=\"async\" width=\"1024\" height=\"768\" data-id=\"29672\" data-src=\"https:\/\/confederaciopenyes.cat\/wp-content\/uploads\/2025\/03\/WhatsApp-Image-2025-02-21-at-10.24.50-1024x768.jpeg\" alt=\"\" class=\"wp-image-29672 lazyload\" data-srcset=\"https:\/\/confederaciopenyes.cat\/wp-content\/uploads\/2025\/03\/WhatsApp-Image-2025-02-21-at-10.24.50-1024x768.jpeg 1024w, https:\/\/confederaciopenyes.cat\/wp-content\/uploads\/2025\/03\/WhatsApp-Image-2025-02-21-at-10.24.50-300x225.jpeg 300w, https:\/\/confederaciopenyes.cat\/wp-content\/uploads\/2025\/03\/WhatsApp-Image-2025-02-21-at-10.24.50-768x576.jpeg 768w, https:\/\/confederaciopenyes.cat\/wp-content\/uploads\/2025\/03\/WhatsApp-Image-2025-02-21-at-10.24.50-1536x1152.jpeg 1536w, https:\/\/confederaciopenyes.cat\/wp-content\/uploads\/2025\/03\/WhatsApp-Image-2025-02-21-at-10.24.50.jpeg 1600w\" data-sizes=\"(max-width: 1024px) 100vw, 1024px\" src=\"data:image\/svg+xml;base64,PHN2ZyB3aWR0aD0iMSIgaGVpZ2h0PSIxIiB4bWxucz0iaHR0cDovL3d3dy53My5vcmcvMjAwMC9zdmciPjwvc3ZnPg==\" style=\"--smush-placeholder-width: 1024px; --smush-placeholder-aspect-ratio: 1024\/768;\" \/><\/a><\/figure>\n\n\n\n<figure class=\"wp-block-image size-large\"><a href=\"https:\/\/confederaciopenyes.cat\/wp-content\/uploads\/2025\/03\/WhatsApp-Image-2025-02-21-at-10.24.50-2.jpeg\"><img decoding=\"async\" width=\"1024\" height=\"768\" data-id=\"29669\" data-src=\"https:\/\/confederaciopenyes.cat\/wp-content\/uploads\/2025\/03\/WhatsApp-Image-2025-02-21-at-10.24.50-2-1024x768.jpeg\" alt=\"\" class=\"wp-image-29669 lazyload\" data-srcset=\"https:\/\/confederaciopenyes.cat\/wp-content\/uploads\/2025\/03\/WhatsApp-Image-2025-02-21-at-10.24.50-2-1024x768.jpeg 1024w, https:\/\/confederaciopenyes.cat\/wp-content\/uploads\/2025\/03\/WhatsApp-Image-2025-02-21-at-10.24.50-2-300x225.jpeg 300w, https:\/\/confederaciopenyes.cat\/wp-content\/uploads\/2025\/03\/WhatsApp-Image-2025-02-21-at-10.24.50-2-768x576.jpeg 768w, https:\/\/confederaciopenyes.cat\/wp-content\/uploads\/2025\/03\/WhatsApp-Image-2025-02-21-at-10.24.50-2-1536x1152.jpeg 1536w, https:\/\/confederaciopenyes.cat\/wp-content\/uploads\/2025\/03\/WhatsApp-Image-2025-02-21-at-10.24.50-2.jpeg 1600w\" data-sizes=\"(max-width: 1024px) 100vw, 1024px\" src=\"data:image\/svg+xml;base64,PHN2ZyB3aWR0aD0iMSIgaGVpZ2h0PSIxIiB4bWxucz0iaHR0cDovL3d3dy53My5vcmcvMjAwMC9zdmciPjwvc3ZnPg==\" style=\"--smush-placeholder-width: 1024px; --smush-placeholder-aspect-ratio: 1024\/768;\" \/><\/a><\/figure>\n<\/figure>\n\n<p><\/p>\n\n<p>Finalment, la <strong><a href=\"https:\/\/www.penyesfcblleidasud.cat\/\" target=\"_blank\" rel=\"noreferrer noopener\">Federaci\u00f3 de Penyes Barcelonistes de Lleida Sud i la Franja<\/a><\/strong> va celebrar la seva assemblea divendres passat a la sala de la Llar Social de Puigverd de Lleida, amb la <strong>PB Puigverd de Lleida<\/strong> com a amfitriona. Hi van assistir <strong>30 penyes d&#8217;aquest territori<\/strong>, encap\u00e7alades pel president de la federaci\u00f3, <strong>Claudi Bosch<\/strong>, i va destacar la pres\u00e8ncia de l&#8217;alcaldessa de Puigverd, <strong>\u00darsula Barrufet<\/strong>, que va donar la benvinguda a tots els assistents. L&#8217;assemblea va aprovar els comptes i va abordar temes com els despla\u00e7aments a Montju\u00efc o la <strong>pr\u00f2xima celebraci\u00f3 del 50\u00e8 aniversari de la PB Fraga<\/strong>. Tamb\u00e9 es van atendre dubtes dels penyistes. La jornada va finalitzar amb un sopar fraternal amb tots els assistents.    <\/p>\n<div class=\"wp-block-image\">\n<figure class=\"aligncenter size-large is-resized\"><a href=\"https:\/\/confederaciopenyes.cat\/wp-content\/uploads\/2025\/03\/Imagen-de-WhatsApp-2025-03-03-a-las-12.07.06_6d7d5a8e.jpg\"><img decoding=\"async\" width=\"1024\" height=\"576\" data-src=\"https:\/\/confederaciopenyes.cat\/wp-content\/uploads\/2025\/03\/Imagen-de-WhatsApp-2025-03-03-a-las-12.07.06_6d7d5a8e-1024x576.jpg\" alt=\"\" class=\"wp-image-29675 lazyload\" style=\"--smush-placeholder-width: 1024px; --smush-placeholder-aspect-ratio: 1024\/576;width:519px;height:auto\" data-srcset=\"https:\/\/confederaciopenyes.cat\/wp-content\/uploads\/2025\/03\/Imagen-de-WhatsApp-2025-03-03-a-las-12.07.06_6d7d5a8e-1024x576.jpg 1024w, https:\/\/confederaciopenyes.cat\/wp-content\/uploads\/2025\/03\/Imagen-de-WhatsApp-2025-03-03-a-las-12.07.06_6d7d5a8e-300x169.jpg 300w, https:\/\/confederaciopenyes.cat\/wp-content\/uploads\/2025\/03\/Imagen-de-WhatsApp-2025-03-03-a-las-12.07.06_6d7d5a8e-768x432.jpg 768w, https:\/\/confederaciopenyes.cat\/wp-content\/uploads\/2025\/03\/Imagen-de-WhatsApp-2025-03-03-a-las-12.07.06_6d7d5a8e-1536x864.jpg 1536w, https:\/\/confederaciopenyes.cat\/wp-content\/uploads\/2025\/03\/Imagen-de-WhatsApp-2025-03-03-a-las-12.07.06_6d7d5a8e.jpg 2000w\" data-sizes=\"(max-width: 1024px) 100vw, 1024px\" src=\"data:image\/svg+xml;base64,PHN2ZyB3aWR0aD0iMSIgaGVpZ2h0PSIxIiB4bWxucz0iaHR0cDovL3d3dy53My5vcmcvMjAwMC9zdmciPjwvc3ZnPg==\" \/><\/a><\/figure>\n<\/div>","protected":false},"excerpt":{"rendered":"<p>Estas semanas, las federaciones territoriales se encuentran en plena actividad para poner en com\u00fan con sus pe\u00f1as la situaci\u00f3n actual en sus respectivos territorios. Muchas de ellas han celebrado asambleas donde han hecho balance del a\u00f1o 2024 y tambi\u00e9n han planificado los actos y actividades durante los pr\u00f3ximos meses de 2025. Una de las que &#8230; <a title=\"Asambleas en las federaciones Vall\u00e8s, Tarragona Nord y Lleida Sud i la Franja\" class=\"read-more\" href=\"https:\/\/confederaciopenyes.cat\/es\/asambleas-en-las-federaciones-valles-tarragona-nord-y-lleida-sud-i-la-franja\/\" aria-label=\"Leer m\u00e1s sobre Asambleas en las federaciones Vall\u00e8s, Tarragona Nord y Lleida Sud i la Franja\">Leer m\u00e1s<\/a><\/p>\n","protected":false},"author":4,"featured_media":29656,"comment_status":"closed","ping_status":"open","sticky":false,"template":"","format":"standard","meta":{"_acf_changed":false,"footnotes":""},"categories":[1],"tags":[2649,3028,3511,2694],"class_list":["post-29679","post","type-post","status-publish","format-standard","has-post-thumbnail","hentry","category-noticias-es","tag-asamblea-es","tag-federacio-del-valles-es-2","tag-federacio-lleida-sud-i-la-franja-es-2","tag-federacio-tarragona-nord-es-2"],"acf":[],"yoast_head":"<!-- This site is optimized with the Yoast SEO Premium plugin v26.7 (Yoast SEO v27.4) - https:\/\/yoast.com\/product\/yoast-seo-premium-wordpress\/ -->\n<title>Asambleas en las Fed. Vall\u00e8s, Tarragona Nord y Lleida Sud - Confederaci\u00f3 Mundial de Penyes del FC Barcelona<\/title>\n<meta name=\"description\" content=\"Las federaciones Vall\u00e8s, Tarragona Nord y Lleida Sud i la Franja celebraron asambleas para planificar los pr\u00f3ximos actos y actividades.\" \/>\n<meta name=\"robots\" content=\"index, follow, max-snippet:-1, max-image-preview:large, max-video-preview:-1\" \/>\n<link rel=\"canonical\" href=\"https:\/\/confederaciopenyes.cat\/es\/asambleas-en-las-federaciones-valles-tarragona-nord-y-lleida-sud-i-la-franja\/\" \/>\n<meta property=\"og:locale\" content=\"es_ES\" \/>\n<meta property=\"og:type\" content=\"article\" \/>\n<meta property=\"og:title\" content=\"Asambleas en las federaciones Vall\u00e8s, Tarragona Nord y Lleida Sud i la Franja\" \/>\n<meta property=\"og:description\" content=\"Las federaciones Vall\u00e8s, Tarragona Nord y Lleida Sud i la Franja celebraron asambleas para planificar los pr\u00f3ximos actos y actividades.\" \/>\n<meta property=\"og:url\" content=\"https:\/\/confederaciopenyes.cat\/es\/asambleas-en-las-federaciones-valles-tarragona-nord-y-lleida-sud-i-la-franja\/\" \/>\n<meta property=\"og:site_name\" content=\"Confederaci\u00f3 Mundial de Penyes del FC Barcelona\" \/>\n<meta property=\"article:publisher\" content=\"https:\/\/www.facebook.com\/ConfederacioMundialPenyesFCB\" \/>\n<meta property=\"article:published_time\" content=\"2025-03-03T12:49:06+00:00\" \/>\n<meta property=\"article:modified_time\" content=\"2025-03-04T12:59:00+00:00\" \/>\n<meta property=\"og:image\" content=\"https:\/\/confederaciopenyes.cat\/wp-content\/uploads\/2025\/03\/Imagen-de-WhatsApp-2025-03-03-a-las-11.56.24_d0dedb9f.jpg\" \/>\n\t<meta property=\"og:image:width\" content=\"1600\" \/>\n\t<meta property=\"og:image:height\" content=\"791\" \/>\n\t<meta property=\"og:image:type\" content=\"image\/jpeg\" \/>\n<meta name=\"author\" content=\"Confederaci\u00f3 Mundial de Penyes del FC Barcelona\" \/>\n<meta name=\"twitter:card\" content=\"summary_large_image\" \/>\n<meta name=\"twitter:creator\" content=\"@ConfePenyesFCB\" \/>\n<meta name=\"twitter:site\" content=\"@ConfePenyesFCB\" \/>\n<meta name=\"twitter:label1\" content=\"Escrito por\" \/>\n\t<meta name=\"twitter:data1\" content=\"Confederaci\u00f3 Mundial de Penyes del FC Barcelona\" \/>\n\t<meta name=\"twitter:label2\" content=\"Tiempo de lectura\" \/>\n\t<meta name=\"twitter:data2\" content=\"4 minutos\" \/>\n<script type=\"application\/ld+json\" class=\"yoast-schema-graph\">{\"@context\":\"https:\\\/\\\/schema.org\",\"@graph\":[{\"@type\":\"Article\",\"@id\":\"https:\\\/\\\/confederaciopenyes.cat\\\/es\\\/asambleas-en-las-federaciones-valles-tarragona-nord-y-lleida-sud-i-la-franja\\\/#article\",\"isPartOf\":{\"@id\":\"https:\\\/\\\/confederaciopenyes.cat\\\/es\\\/asambleas-en-las-federaciones-valles-tarragona-nord-y-lleida-sud-i-la-franja\\\/\"},\"author\":{\"name\":\"Confederaci\u00f3 Mundial de Penyes del FC Barcelona\",\"@id\":\"https:\\\/\\\/confederaciopenyes.cat\\\/es\\\/#\\\/schema\\\/person\\\/337072f6daef87a85aa59aa1f134387c\"},\"headline\":\"Asambleas en las federaciones Vall\u00e8s, Tarragona Nord y Lleida Sud i la Franja\",\"datePublished\":\"2025-03-03T12:49:06+00:00\",\"dateModified\":\"2025-03-04T12:59:00+00:00\",\"mainEntityOfPage\":{\"@id\":\"https:\\\/\\\/confederaciopenyes.cat\\\/es\\\/asambleas-en-las-federaciones-valles-tarragona-nord-y-lleida-sud-i-la-franja\\\/\"},\"wordCount\":468,\"publisher\":{\"@id\":\"https:\\\/\\\/confederaciopenyes.cat\\\/es\\\/#organization\"},\"image\":{\"@id\":\"https:\\\/\\\/confederaciopenyes.cat\\\/es\\\/asambleas-en-las-federaciones-valles-tarragona-nord-y-lleida-sud-i-la-franja\\\/#primaryimage\"},\"thumbnailUrl\":\"https:\\\/\\\/confederaciopenyes.cat\\\/wp-content\\\/uploads\\\/2025\\\/03\\\/Imagen-de-WhatsApp-2025-03-03-a-las-11.56.24_d0dedb9f.jpg\",\"keywords\":[\"asamblea\",\"Federaci\u00f3 del Vall\u00e8s\",\"Federaci\u00f3 Lleida Sud i la Franja\",\"federaci\u00f3 tarragona nord\"],\"articleSection\":[\"Noticias\"],\"inLanguage\":\"es\"},{\"@type\":\"WebPage\",\"@id\":\"https:\\\/\\\/confederaciopenyes.cat\\\/es\\\/asambleas-en-las-federaciones-valles-tarragona-nord-y-lleida-sud-i-la-franja\\\/\",\"url\":\"https:\\\/\\\/confederaciopenyes.cat\\\/es\\\/asambleas-en-las-federaciones-valles-tarragona-nord-y-lleida-sud-i-la-franja\\\/\",\"name\":\"Asambleas en las Fed. Vall\u00e8s, Tarragona Nord y Lleida Sud - Confederaci\u00f3 Mundial de Penyes del FC Barcelona\",\"isPartOf\":{\"@id\":\"https:\\\/\\\/confederaciopenyes.cat\\\/es\\\/#website\"},\"primaryImageOfPage\":{\"@id\":\"https:\\\/\\\/confederaciopenyes.cat\\\/es\\\/asambleas-en-las-federaciones-valles-tarragona-nord-y-lleida-sud-i-la-franja\\\/#primaryimage\"},\"image\":{\"@id\":\"https:\\\/\\\/confederaciopenyes.cat\\\/es\\\/asambleas-en-las-federaciones-valles-tarragona-nord-y-lleida-sud-i-la-franja\\\/#primaryimage\"},\"thumbnailUrl\":\"https:\\\/\\\/confederaciopenyes.cat\\\/wp-content\\\/uploads\\\/2025\\\/03\\\/Imagen-de-WhatsApp-2025-03-03-a-las-11.56.24_d0dedb9f.jpg\",\"datePublished\":\"2025-03-03T12:49:06+00:00\",\"dateModified\":\"2025-03-04T12:59:00+00:00\",\"description\":\"Las federaciones Vall\u00e8s, Tarragona Nord y Lleida Sud i la Franja celebraron asambleas para planificar los pr\u00f3ximos actos y actividades.\",\"breadcrumb\":{\"@id\":\"https:\\\/\\\/confederaciopenyes.cat\\\/es\\\/asambleas-en-las-federaciones-valles-tarragona-nord-y-lleida-sud-i-la-franja\\\/#breadcrumb\"},\"inLanguage\":\"es\",\"potentialAction\":[{\"@type\":\"ReadAction\",\"target\":[\"https:\\\/\\\/confederaciopenyes.cat\\\/es\\\/asambleas-en-las-federaciones-valles-tarragona-nord-y-lleida-sud-i-la-franja\\\/\"]}]},{\"@type\":\"ImageObject\",\"inLanguage\":\"es\",\"@id\":\"https:\\\/\\\/confederaciopenyes.cat\\\/es\\\/asambleas-en-las-federaciones-valles-tarragona-nord-y-lleida-sud-i-la-franja\\\/#primaryimage\",\"url\":\"https:\\\/\\\/confederaciopenyes.cat\\\/wp-content\\\/uploads\\\/2025\\\/03\\\/Imagen-de-WhatsApp-2025-03-03-a-las-11.56.24_d0dedb9f.jpg\",\"contentUrl\":\"https:\\\/\\\/confederaciopenyes.cat\\\/wp-content\\\/uploads\\\/2025\\\/03\\\/Imagen-de-WhatsApp-2025-03-03-a-las-11.56.24_d0dedb9f.jpg\",\"width\":1600,\"height\":791},{\"@type\":\"BreadcrumbList\",\"@id\":\"https:\\\/\\\/confederaciopenyes.cat\\\/es\\\/asambleas-en-las-federaciones-valles-tarragona-nord-y-lleida-sud-i-la-franja\\\/#breadcrumb\",\"itemListElement\":[{\"@type\":\"ListItem\",\"position\":1,\"name\":\"Portada\",\"item\":\"https:\\\/\\\/confederaciopenyes.cat\\\/es\\\/\"},{\"@type\":\"ListItem\",\"position\":2,\"name\":\"Asambleas en las federaciones Vall\u00e8s, Tarragona Nord y Lleida Sud i la Franja\"}]},{\"@type\":\"WebSite\",\"@id\":\"https:\\\/\\\/confederaciopenyes.cat\\\/es\\\/#website\",\"url\":\"https:\\\/\\\/confederaciopenyes.cat\\\/es\\\/\",\"name\":\"Confederaci\u00f3 Mundial de Penyes del FC Barcelona\",\"description\":\"C.M. Penyes FC Barcelona\",\"publisher\":{\"@id\":\"https:\\\/\\\/confederaciopenyes.cat\\\/es\\\/#organization\"},\"potentialAction\":[{\"@type\":\"SearchAction\",\"target\":{\"@type\":\"EntryPoint\",\"urlTemplate\":\"https:\\\/\\\/confederaciopenyes.cat\\\/es\\\/?s={search_term_string}\"},\"query-input\":{\"@type\":\"PropertyValueSpecification\",\"valueRequired\":true,\"valueName\":\"search_term_string\"}}],\"inLanguage\":\"es\"},{\"@type\":\"Organization\",\"@id\":\"https:\\\/\\\/confederaciopenyes.cat\\\/es\\\/#organization\",\"name\":\"Confederaci\u00f3 Mundial de Penyes del FC Barcelona\",\"url\":\"https:\\\/\\\/confederaciopenyes.cat\\\/es\\\/\",\"logo\":{\"@type\":\"ImageObject\",\"inLanguage\":\"es\",\"@id\":\"https:\\\/\\\/confederaciopenyes.cat\\\/es\\\/#\\\/schema\\\/logo\\\/image\\\/\",\"url\":\"https:\\\/\\\/confederaciopenyes.cat\\\/wp-content\\\/uploads\\\/2022\\\/07\\\/cropped-logo_horizontal.png\",\"contentUrl\":\"https:\\\/\\\/confederaciopenyes.cat\\\/wp-content\\\/uploads\\\/2022\\\/07\\\/cropped-logo_horizontal.png\",\"width\":1320,\"height\":309,\"caption\":\"Confederaci\u00f3 Mundial de Penyes del FC Barcelona\"},\"image\":{\"@id\":\"https:\\\/\\\/confederaciopenyes.cat\\\/es\\\/#\\\/schema\\\/logo\\\/image\\\/\"},\"sameAs\":[\"https:\\\/\\\/www.facebook.com\\\/ConfederacioMundialPenyesFCB\",\"https:\\\/\\\/x.com\\\/ConfePenyesFCB\",\"https:\\\/\\\/www.instagram.com\\\/confepenyesfcb\\\/\"]},{\"@type\":\"Person\",\"@id\":\"https:\\\/\\\/confederaciopenyes.cat\\\/es\\\/#\\\/schema\\\/person\\\/337072f6daef87a85aa59aa1f134387c\",\"name\":\"Confederaci\u00f3 Mundial de Penyes del FC Barcelona\",\"image\":{\"@type\":\"ImageObject\",\"inLanguage\":\"es\",\"@id\":\"https:\\\/\\\/secure.gravatar.com\\\/avatar\\\/98c60c7405ff843b10aec55db652bd3f5cb4320ef331ae76c156819a62194328?s=96&d=mm&r=g\",\"url\":\"https:\\\/\\\/secure.gravatar.com\\\/avatar\\\/98c60c7405ff843b10aec55db652bd3f5cb4320ef331ae76c156819a62194328?s=96&d=mm&r=g\",\"contentUrl\":\"https:\\\/\\\/secure.gravatar.com\\\/avatar\\\/98c60c7405ff843b10aec55db652bd3f5cb4320ef331ae76c156819a62194328?s=96&d=mm&r=g\",\"caption\":\"Confederaci\u00f3 Mundial de Penyes del FC Barcelona\"},\"url\":\"https:\\\/\\\/confederaciopenyes.cat\\\/es\\\/author\\\/comunicacioconfederaciopenyes-cat\\\/\"}]}<\/script>\n<!-- \/ Yoast SEO Premium plugin. -->","yoast_head_json":{"title":"Asambleas en las Fed. Vall\u00e8s, Tarragona Nord y Lleida Sud - Confederaci\u00f3 Mundial de Penyes del FC Barcelona","description":"Las federaciones Vall\u00e8s, Tarragona Nord y Lleida Sud i la Franja celebraron asambleas para planificar los pr\u00f3ximos actos y actividades.","robots":{"index":"index","follow":"follow","max-snippet":"max-snippet:-1","max-image-preview":"max-image-preview:large","max-video-preview":"max-video-preview:-1"},"canonical":"https:\/\/confederaciopenyes.cat\/es\/asambleas-en-las-federaciones-valles-tarragona-nord-y-lleida-sud-i-la-franja\/","og_locale":"es_ES","og_type":"article","og_title":"Asambleas en las federaciones Vall\u00e8s, Tarragona Nord y Lleida Sud i la Franja","og_description":"Las federaciones Vall\u00e8s, Tarragona Nord y Lleida Sud i la Franja celebraron asambleas para planificar los pr\u00f3ximos actos y actividades.","og_url":"https:\/\/confederaciopenyes.cat\/es\/asambleas-en-las-federaciones-valles-tarragona-nord-y-lleida-sud-i-la-franja\/","og_site_name":"Confederaci\u00f3 Mundial de Penyes del FC Barcelona","article_publisher":"https:\/\/www.facebook.com\/ConfederacioMundialPenyesFCB","article_published_time":"2025-03-03T12:49:06+00:00","article_modified_time":"2025-03-04T12:59:00+00:00","og_image":[{"width":1600,"height":791,"url":"https:\/\/confederaciopenyes.cat\/wp-content\/uploads\/2025\/03\/Imagen-de-WhatsApp-2025-03-03-a-las-11.56.24_d0dedb9f.jpg","type":"image\/jpeg"}],"author":"Confederaci\u00f3 Mundial de Penyes del FC Barcelona","twitter_card":"summary_large_image","twitter_creator":"@ConfePenyesFCB","twitter_site":"@ConfePenyesFCB","twitter_misc":{"Escrito por":"Confederaci\u00f3 Mundial de Penyes del FC Barcelona","Tiempo de lectura":"4 minutos"},"schema":{"@context":"https:\/\/schema.org","@graph":[{"@type":"Article","@id":"https:\/\/confederaciopenyes.cat\/es\/asambleas-en-las-federaciones-valles-tarragona-nord-y-lleida-sud-i-la-franja\/#article","isPartOf":{"@id":"https:\/\/confederaciopenyes.cat\/es\/asambleas-en-las-federaciones-valles-tarragona-nord-y-lleida-sud-i-la-franja\/"},"author":{"name":"Confederaci\u00f3 Mundial de Penyes del FC Barcelona","@id":"https:\/\/confederaciopenyes.cat\/es\/#\/schema\/person\/337072f6daef87a85aa59aa1f134387c"},"headline":"Asambleas en las federaciones Vall\u00e8s, Tarragona Nord y Lleida Sud i la Franja","datePublished":"2025-03-03T12:49:06+00:00","dateModified":"2025-03-04T12:59:00+00:00","mainEntityOfPage":{"@id":"https:\/\/confederaciopenyes.cat\/es\/asambleas-en-las-federaciones-valles-tarragona-nord-y-lleida-sud-i-la-franja\/"},"wordCount":468,"publisher":{"@id":"https:\/\/confederaciopenyes.cat\/es\/#organization"},"image":{"@id":"https:\/\/confederaciopenyes.cat\/es\/asambleas-en-las-federaciones-valles-tarragona-nord-y-lleida-sud-i-la-franja\/#primaryimage"},"thumbnailUrl":"https:\/\/confederaciopenyes.cat\/wp-content\/uploads\/2025\/03\/Imagen-de-WhatsApp-2025-03-03-a-las-11.56.24_d0dedb9f.jpg","keywords":["asamblea","Federaci\u00f3 del Vall\u00e8s","Federaci\u00f3 Lleida Sud i la Franja","federaci\u00f3 tarragona nord"],"articleSection":["Noticias"],"inLanguage":"es"},{"@type":"WebPage","@id":"https:\/\/confederaciopenyes.cat\/es\/asambleas-en-las-federaciones-valles-tarragona-nord-y-lleida-sud-i-la-franja\/","url":"https:\/\/confederaciopenyes.cat\/es\/asambleas-en-las-federaciones-valles-tarragona-nord-y-lleida-sud-i-la-franja\/","name":"Asambleas en las Fed. Vall\u00e8s, Tarragona Nord y Lleida Sud - Confederaci\u00f3 Mundial de Penyes del FC Barcelona","isPartOf":{"@id":"https:\/\/confederaciopenyes.cat\/es\/#website"},"primaryImageOfPage":{"@id":"https:\/\/confederaciopenyes.cat\/es\/asambleas-en-las-federaciones-valles-tarragona-nord-y-lleida-sud-i-la-franja\/#primaryimage"},"image":{"@id":"https:\/\/confederaciopenyes.cat\/es\/asambleas-en-las-federaciones-valles-tarragona-nord-y-lleida-sud-i-la-franja\/#primaryimage"},"thumbnailUrl":"https:\/\/confederaciopenyes.cat\/wp-content\/uploads\/2025\/03\/Imagen-de-WhatsApp-2025-03-03-a-las-11.56.24_d0dedb9f.jpg","datePublished":"2025-03-03T12:49:06+00:00","dateModified":"2025-03-04T12:59:00+00:00","description":"Las federaciones Vall\u00e8s, Tarragona Nord y Lleida Sud i la Franja celebraron asambleas para planificar los pr\u00f3ximos actos y actividades.","breadcrumb":{"@id":"https:\/\/confederaciopenyes.cat\/es\/asambleas-en-las-federaciones-valles-tarragona-nord-y-lleida-sud-i-la-franja\/#breadcrumb"},"inLanguage":"es","potentialAction":[{"@type":"ReadAction","target":["https:\/\/confederaciopenyes.cat\/es\/asambleas-en-las-federaciones-valles-tarragona-nord-y-lleida-sud-i-la-franja\/"]}]},{"@type":"ImageObject","inLanguage":"es","@id":"https:\/\/confederaciopenyes.cat\/es\/asambleas-en-las-federaciones-valles-tarragona-nord-y-lleida-sud-i-la-franja\/#primaryimage","url":"https:\/\/confederaciopenyes.cat\/wp-content\/uploads\/2025\/03\/Imagen-de-WhatsApp-2025-03-03-a-las-11.56.24_d0dedb9f.jpg","contentUrl":"https:\/\/confederaciopenyes.cat\/wp-content\/uploads\/2025\/03\/Imagen-de-WhatsApp-2025-03-03-a-las-11.56.24_d0dedb9f.jpg","width":1600,"height":791},{"@type":"BreadcrumbList","@id":"https:\/\/confederaciopenyes.cat\/es\/asambleas-en-las-federaciones-valles-tarragona-nord-y-lleida-sud-i-la-franja\/#breadcrumb","itemListElement":[{"@type":"ListItem","position":1,"name":"Portada","item":"https:\/\/confederaciopenyes.cat\/es\/"},{"@type":"ListItem","position":2,"name":"Asambleas en las federaciones Vall\u00e8s, Tarragona Nord y Lleida Sud i la Franja"}]},{"@type":"WebSite","@id":"https:\/\/confederaciopenyes.cat\/es\/#website","url":"https:\/\/confederaciopenyes.cat\/es\/","name":"Confederaci\u00f3 Mundial de Penyes del FC Barcelona","description":"C.M. Penyes FC Barcelona","publisher":{"@id":"https:\/\/confederaciopenyes.cat\/es\/#organization"},"potentialAction":[{"@type":"SearchAction","target":{"@type":"EntryPoint","urlTemplate":"https:\/\/confederaciopenyes.cat\/es\/?s={search_term_string}"},"query-input":{"@type":"PropertyValueSpecification","valueRequired":true,"valueName":"search_term_string"}}],"inLanguage":"es"},{"@type":"Organization","@id":"https:\/\/confederaciopenyes.cat\/es\/#organization","name":"Confederaci\u00f3 Mundial de Penyes del FC Barcelona","url":"https:\/\/confederaciopenyes.cat\/es\/","logo":{"@type":"ImageObject","inLanguage":"es","@id":"https:\/\/confederaciopenyes.cat\/es\/#\/schema\/logo\/image\/","url":"https:\/\/confederaciopenyes.cat\/wp-content\/uploads\/2022\/07\/cropped-logo_horizontal.png","contentUrl":"https:\/\/confederaciopenyes.cat\/wp-content\/uploads\/2022\/07\/cropped-logo_horizontal.png","width":1320,"height":309,"caption":"Confederaci\u00f3 Mundial de Penyes del FC Barcelona"},"image":{"@id":"https:\/\/confederaciopenyes.cat\/es\/#\/schema\/logo\/image\/"},"sameAs":["https:\/\/www.facebook.com\/ConfederacioMundialPenyesFCB","https:\/\/x.com\/ConfePenyesFCB","https:\/\/www.instagram.com\/confepenyesfcb\/"]},{"@type":"Person","@id":"https:\/\/confederaciopenyes.cat\/es\/#\/schema\/person\/337072f6daef87a85aa59aa1f134387c","name":"Confederaci\u00f3 Mundial de Penyes del FC Barcelona","image":{"@type":"ImageObject","inLanguage":"es","@id":"https:\/\/secure.gravatar.com\/avatar\/98c60c7405ff843b10aec55db652bd3f5cb4320ef331ae76c156819a62194328?s=96&d=mm&r=g","url":"https:\/\/secure.gravatar.com\/avatar\/98c60c7405ff843b10aec55db652bd3f5cb4320ef331ae76c156819a62194328?s=96&d=mm&r=g","contentUrl":"https:\/\/secure.gravatar.com\/avatar\/98c60c7405ff843b10aec55db652bd3f5cb4320ef331ae76c156819a62194328?s=96&d=mm&r=g","caption":"Confederaci\u00f3 Mundial de Penyes del FC Barcelona"},"url":"https:\/\/confederaciopenyes.cat\/es\/author\/comunicacioconfederaciopenyes-cat\/"}]}},"_links":{"self":[{"href":"https:\/\/confederaciopenyes.cat\/es\/wp-json\/wp\/v2\/posts\/29679","targetHints":{"allow":["GET"]}}],"collection":[{"href":"https:\/\/confederaciopenyes.cat\/es\/wp-json\/wp\/v2\/posts"}],"about":[{"href":"https:\/\/confederaciopenyes.cat\/es\/wp-json\/wp\/v2\/types\/post"}],"author":[{"embeddable":true,"href":"https:\/\/confederaciopenyes.cat\/es\/wp-json\/wp\/v2\/users\/4"}],"replies":[{"embeddable":true,"href":"https:\/\/confederaciopenyes.cat\/es\/wp-json\/wp\/v2\/comments?post=29679"}],"version-history":[{"count":3,"href":"https:\/\/confederaciopenyes.cat\/es\/wp-json\/wp\/v2\/posts\/29679\/revisions"}],"predecessor-version":[{"id":29785,"href":"https:\/\/confederaciopenyes.cat\/es\/wp-json\/wp\/v2\/posts\/29679\/revisions\/29785"}],"wp:featuredmedia":[{"embeddable":true,"href":"https:\/\/confederaciopenyes.cat\/es\/wp-json\/wp\/v2\/media\/29656"}],"wp:attachment":[{"href":"https:\/\/confederaciopenyes.cat\/es\/wp-json\/wp\/v2\/media?parent=29679"}],"wp:term":[{"taxonomy":"category","embeddable":true,"href":"https:\/\/confederaciopenyes.cat\/es\/wp-json\/wp\/v2\/categories?post=29679"},{"taxonomy":"post_tag","embeddable":true,"href":"https:\/\/confederaciopenyes.cat\/es\/wp-json\/wp\/v2\/tags?post=29679"}],"curies":[{"name":"wp","href":"https:\/\/api.w.org\/{rel}","templated":true}]}}