{"id":2992,"date":"2022-06-02T12:35:22","date_gmt":"2022-06-02T10:35:22","guid":{"rendered":"https:\/\/confederaciopenyes.cat\/?p=2992"},"modified":"2022-06-02T13:24:56","modified_gmt":"2022-06-02T11:24:56","slug":"semana-intensa-actividad-penas-todo-territorio","status":"publish","type":"post","link":"https:\/\/confederaciopenyes.cat\/es\/semana-intensa-actividad-penas-todo-territorio\/","title":{"rendered":"Semana de intensa actividad de las pe\u00f1as por todo el territorio"},"content":{"rendered":"\n<p>La temporada 2021-22 se encuentra en su recta final, ya sin partidos del primer equipo, pero la actividad del movimiento de pe\u00f1as est\u00e1 en ebullici\u00f3n. Durante los \u00faltimos d\u00edas, <strong>diversos actos y celebraciones han puesto en valor el papel de Confederaci\u00f3, federaciones y pe\u00f1as como impulsoras del barcelonismo en todo el territorio<\/strong>.&nbsp;<\/p>\n\n\n\n<h6 class=\"wp-block-heading\"><strong>Aniversarios<\/strong>&nbsp;<\/h6>\n\n\n\n<p>Uno de los actos destacados fue el <strong>70\u00ba aniversario de la Penya Solera Barcelonista de Castellar del Vall\u00e8s<\/strong> <strong>(Fed. Vall\u00e8s)<\/strong>, la m\u00e1s longeva de todo el movimiento. Con la presencia de <strong>Antoni Guil<\/strong>, presidente de la <strong>Confederaci\u00f3 Mundial de Penyes<\/strong>, la entidad lo celebr\u00f3 con sus miembros y tambi\u00e9n con invitados de otras pe\u00f1as de su regi\u00f3n.&nbsp;<\/p>\n\n\n\n<p>Otro evento importante fue la <strong>17\u00aa Trobada de Penyes d\u2019Osona i el Ripoll\u00e8s<\/strong>, coincidiendo con el <strong>35\u00ba aniversario de la PB Vall de Bisaura<\/strong>. Asistieron al acto <strong>Dion\u00eds Crusellas<\/strong>, presidente de la Fed. Osona i Ripoll\u00e8s; <strong>Pere Valent\u00ed Mora<\/strong>, miembro de la Agrupaci\u00f3 de Jugadors; y <strong>Gabriel Cid<\/strong>, miembro de la Comisi\u00f3n Social del FC Barcelona.&nbsp;<\/p>\n\n\n\n<p>Finalmente, la <strong><a href=\"https:\/\/www.facebook.com\/Penya-Barcelonista-Aven%C3%A7-Esplugues-Llobregat-1509932372637709\" target=\"_blank\" rel=\"noreferrer noopener\">PB L\u2019Aven\u00e7 d\u2019Esplugues<\/a><\/strong> <strong>(Fed. Baix Llobregat)<\/strong> tambi\u00e9n tuvo su celebraci\u00f3n, concretamente la de su <strong>38\u00ba aniversario<\/strong>.<\/p>\n\n\n\n<figure class=\"wp-block-gallery has-nested-images columns-default is-cropped wp-block-gallery-1 is-layout-flex wp-block-gallery-is-layout-flex\">\n<figure class=\"wp-block-image size-large\"><a href=\"https:\/\/confederaciopenyes.cat\/wp-content\/uploads\/2022\/06\/IMG20220529104055-1-edited-scaled.jpg\"><img decoding=\"async\" width=\"2560\" height=\"1919\" data-id=\"3006\" data-src=\"https:\/\/confederaciopenyes.cat\/wp-content\/uploads\/2022\/06\/IMG20220529104055-1-edited-scaled.jpg\" alt=\"\" class=\"wp-image-3006 lazyload\" data-srcset=\"https:\/\/confederaciopenyes.cat\/wp-content\/uploads\/2022\/06\/IMG20220529104055-1-edited-scaled.jpg 2560w, https:\/\/confederaciopenyes.cat\/wp-content\/uploads\/2022\/06\/IMG20220529104055-1-edited-300x225.jpg 300w, https:\/\/confederaciopenyes.cat\/wp-content\/uploads\/2022\/06\/IMG20220529104055-1-edited-1024x768.jpg 1024w, https:\/\/confederaciopenyes.cat\/wp-content\/uploads\/2022\/06\/IMG20220529104055-1-edited-768x576.jpg 768w, https:\/\/confederaciopenyes.cat\/wp-content\/uploads\/2022\/06\/IMG20220529104055-1-edited-1536x1152.jpg 1536w, https:\/\/confederaciopenyes.cat\/wp-content\/uploads\/2022\/06\/IMG20220529104055-1-edited-2048x1535.jpg 2048w\" data-sizes=\"(max-width: 2560px) 100vw, 2560px\" src=\"data:image\/svg+xml;base64,PHN2ZyB3aWR0aD0iMSIgaGVpZ2h0PSIxIiB4bWxucz0iaHR0cDovL3d3dy53My5vcmcvMjAwMC9zdmciPjwvc3ZnPg==\" style=\"--smush-placeholder-width: 2560px; --smush-placeholder-aspect-ratio: 2560\/1919;\" \/><\/a><\/figure>\n\n\n\n<figure class=\"wp-block-image size-large\"><a href=\"https:\/\/confederaciopenyes.cat\/wp-content\/uploads\/2022\/06\/IMG20220529155038-1-scaled.jpg\"><img decoding=\"async\" width=\"1024\" height=\"771\" data-id=\"2995\" data-src=\"https:\/\/confederaciopenyes.cat\/wp-content\/uploads\/2022\/06\/IMG20220529155038-1-1024x771.jpg\" alt=\"\" class=\"wp-image-2995 lazyload\" data-srcset=\"https:\/\/confederaciopenyes.cat\/wp-content\/uploads\/2022\/06\/IMG20220529155038-1-1024x771.jpg 1024w, https:\/\/confederaciopenyes.cat\/wp-content\/uploads\/2022\/06\/IMG20220529155038-1-300x226.jpg 300w, https:\/\/confederaciopenyes.cat\/wp-content\/uploads\/2022\/06\/IMG20220529155038-1-768x578.jpg 768w, https:\/\/confederaciopenyes.cat\/wp-content\/uploads\/2022\/06\/IMG20220529155038-1-1536x1157.jpg 1536w, https:\/\/confederaciopenyes.cat\/wp-content\/uploads\/2022\/06\/IMG20220529155038-1-2048x1542.jpg 2048w\" data-sizes=\"(max-width: 1024px) 100vw, 1024px\" src=\"data:image\/svg+xml;base64,PHN2ZyB3aWR0aD0iMSIgaGVpZ2h0PSIxIiB4bWxucz0iaHR0cDovL3d3dy53My5vcmcvMjAwMC9zdmciPjwvc3ZnPg==\" style=\"--smush-placeholder-width: 1024px; --smush-placeholder-aspect-ratio: 1024\/771;\" \/><\/a><\/figure>\n\n\n\n<figure class=\"wp-block-image size-full\"><a href=\"https:\/\/confederaciopenyes.cat\/wp-content\/uploads\/2022\/06\/FUK-uO-XEAEZnrj-1.jpg\"><img decoding=\"async\" width=\"900\" height=\"673\" data-id=\"2998\" data-src=\"https:\/\/confederaciopenyes.cat\/wp-content\/uploads\/2022\/06\/FUK-uO-XEAEZnrj-1.jpg\" alt=\"\" class=\"wp-image-2998 lazyload\" data-srcset=\"https:\/\/confederaciopenyes.cat\/wp-content\/uploads\/2022\/06\/FUK-uO-XEAEZnrj-1.jpg 900w, https:\/\/confederaciopenyes.cat\/wp-content\/uploads\/2022\/06\/FUK-uO-XEAEZnrj-1-300x224.jpg 300w, https:\/\/confederaciopenyes.cat\/wp-content\/uploads\/2022\/06\/FUK-uO-XEAEZnrj-1-768x574.jpg 768w\" data-sizes=\"(max-width: 900px) 100vw, 900px\" src=\"data:image\/svg+xml;base64,PHN2ZyB3aWR0aD0iMSIgaGVpZ2h0PSIxIiB4bWxucz0iaHR0cDovL3d3dy53My5vcmcvMjAwMC9zdmciPjwvc3ZnPg==\" style=\"--smush-placeholder-width: 900px; --smush-placeholder-aspect-ratio: 900\/673;\" \/><\/a><\/figure>\n<\/figure>\n\n\n\n<p><\/p>\n\n\n\n<h6 class=\"wp-block-heading\"><strong>Actos locales<\/strong><\/h6>\n\n\n\n<p>Las pe\u00f1as tambi\u00e9n participaron en algunas ferias locales el pasado fin de semana. Es el caso de la <strong><a href=\"https:\/\/www.instagram.com\/p.b.olesa\/\" target=\"_blank\" rel=\"noreferrer noopener\">PB Olesa<\/a><\/strong> <strong>(Fed. Baix Llobregat)<\/strong>, que tom\u00f3 parte en la <strong>Fira d\u2019Entitats<\/strong> de su localidad, y de la<a href=\"https:\/\/www.instagram.com\/pbriudecanyes\/\" target=\"_blank\" rel=\"noreferrer noopener\"> <strong>PB Riudecanyes<\/strong><\/a> <strong>(Fed. Tarragona Nord)<\/strong>, que hizo lo mismo en la<strong> Fira Tastaverd<\/strong>.&nbsp;Ambas contaron con puestos propios que ti\u00f1eron de azulgrana las calles de su localidad.<\/p>\n\n\n\n<p>Por otro lado, la segunda parte de las conferencias Bar\u00e7a i Catalunya sigui\u00f3 viajando por el territorio. Tras pasar por los citados eventos de la <strong>PB<\/strong> <strong>Castellar del Vall\u00e8s<\/strong> y la <strong>PB Vall de Bisaura<\/strong>, la charla visit\u00f3 tambi\u00e9n la <strong><a href=\"https:\/\/www.instagram.com\/pbsantpedor\/\" target=\"_blank\" rel=\"noreferrer noopener\">PB Santpedor<\/a><\/strong> (Fed. Bages, Bergued\u00e0 i Cerdanya), donde cont\u00f3 con invitados muy especiales. En el marco de este evento, la pe\u00f1a tambi\u00e9n descubri\u00f3 una placa con la que una calle de Santpedor llevar\u00e1 el nombre de <strong>Anna Maria Mart\u00ednez Sagi<\/strong>, que fue la primera mujer directiva del FC Barcelona.<\/p>\n\n\n\n<figure class=\"wp-block-gallery has-nested-images columns-default is-cropped wp-block-gallery-2 is-layout-flex wp-block-gallery-is-layout-flex\">\n<figure class=\"wp-block-image size-large\"><a href=\"https:\/\/confederaciopenyes.cat\/wp-content\/uploads\/2022\/06\/519ab191-b884-45f8-840b-cb7a93b53825-1.jpg\"><img decoding=\"async\" width=\"1024\" height=\"768\" data-id=\"2999\" data-src=\"https:\/\/confederaciopenyes.cat\/wp-content\/uploads\/2022\/06\/519ab191-b884-45f8-840b-cb7a93b53825-1-1024x768.jpg\" alt=\"\" class=\"wp-image-2999 lazyload\" data-srcset=\"https:\/\/confederaciopenyes.cat\/wp-content\/uploads\/2022\/06\/519ab191-b884-45f8-840b-cb7a93b53825-1-1024x768.jpg 1024w, https:\/\/confederaciopenyes.cat\/wp-content\/uploads\/2022\/06\/519ab191-b884-45f8-840b-cb7a93b53825-1-300x225.jpg 300w, https:\/\/confederaciopenyes.cat\/wp-content\/uploads\/2022\/06\/519ab191-b884-45f8-840b-cb7a93b53825-1-768x576.jpg 768w, https:\/\/confederaciopenyes.cat\/wp-content\/uploads\/2022\/06\/519ab191-b884-45f8-840b-cb7a93b53825-1.jpg 1182w\" data-sizes=\"(max-width: 1024px) 100vw, 1024px\" src=\"data:image\/svg+xml;base64,PHN2ZyB3aWR0aD0iMSIgaGVpZ2h0PSIxIiB4bWxucz0iaHR0cDovL3d3dy53My5vcmcvMjAwMC9zdmciPjwvc3ZnPg==\" style=\"--smush-placeholder-width: 1024px; --smush-placeholder-aspect-ratio: 1024\/768;\" \/><\/a><\/figure>\n\n\n\n<figure class=\"wp-block-image size-large\"><img decoding=\"async\" width=\"617\" height=\"462\" data-id=\"3007\" data-src=\"https:\/\/confederaciopenyes.cat\/wp-content\/uploads\/2022\/06\/FUAKMEYWIAEK4NL-1-edited.png\" alt=\"\" class=\"wp-image-3007 lazyload\" data-srcset=\"https:\/\/confederaciopenyes.cat\/wp-content\/uploads\/2022\/06\/FUAKMEYWIAEK4NL-1-edited.png 617w, https:\/\/confederaciopenyes.cat\/wp-content\/uploads\/2022\/06\/FUAKMEYWIAEK4NL-1-edited-300x225.png 300w\" data-sizes=\"(max-width: 617px) 100vw, 617px\" src=\"data:image\/svg+xml;base64,PHN2ZyB3aWR0aD0iMSIgaGVpZ2h0PSIxIiB4bWxucz0iaHR0cDovL3d3dy53My5vcmcvMjAwMC9zdmciPjwvc3ZnPg==\" style=\"--smush-placeholder-width: 617px; --smush-placeholder-aspect-ratio: 617\/462;\" \/><\/figure>\n<\/figure>\n","protected":false},"excerpt":{"rendered":"<p>La temporada 2021-22 se encuentra en su recta final, ya sin partidos del primer equipo, pero la actividad del movimiento de pe\u00f1as est\u00e1 en ebullici\u00f3n. Durante los \u00faltimos d\u00edas, diversos actos y celebraciones han puesto en valor el papel de Confederaci\u00f3, federaciones y pe\u00f1as como impulsoras del barcelonismo en todo el territorio.&nbsp; Aniversarios&nbsp; Uno de &#8230; <a title=\"Semana de intensa actividad de las pe\u00f1as por todo el territorio\" class=\"read-more\" href=\"https:\/\/confederaciopenyes.cat\/es\/semana-intensa-actividad-penas-todo-territorio\/\" aria-label=\"Leer m\u00e1s sobre Semana de intensa actividad de las pe\u00f1as por todo el territorio\">Leer m\u00e1s<\/a><\/p>\n","protected":false},"author":4,"featured_media":2980,"comment_status":"closed","ping_status":"open","sticky":false,"template":"","format":"standard","meta":{"_acf_changed":false,"footnotes":""},"categories":[1],"tags":[140,114,116],"class_list":["post-2992","post","type-post","status-publish","format-standard","has-post-thumbnail","hentry","category-noticias-es","tag-confederacion-mundial-de-penas","tag-noticias","tag-penas"],"acf":[],"yoast_head":"<!-- This site is optimized with the Yoast SEO Premium plugin v26.7 (Yoast SEO v27.5) - https:\/\/yoast.com\/product\/yoast-seo-premium-wordpress\/ -->\n<title>Semana de intensa actividad de las pe\u00f1as por todo el territorio - C.M.P<\/title>\n<meta name=\"description\" content=\"Intensa actividad de las pe\u00f1as barcelonistas en los \u00faltimos d\u00edas en todo el territorio, con celebraciones y actos de todo tipo.\" \/>\n<meta name=\"robots\" content=\"index, follow, max-snippet:-1, max-image-preview:large, max-video-preview:-1\" \/>\n<link rel=\"canonical\" href=\"https:\/\/confederaciopenyes.cat\/es\/semana-intensa-actividad-penas-todo-territorio\/\" \/>\n<meta property=\"og:locale\" content=\"es_ES\" \/>\n<meta property=\"og:type\" content=\"article\" \/>\n<meta property=\"og:title\" content=\"Semana de intensa actividad de las pe\u00f1as por todo el territorio\" \/>\n<meta property=\"og:description\" content=\"Intensa actividad de las pe\u00f1as barcelonistas en los \u00faltimos d\u00edas en todo el territorio, con celebraciones y actos de todo tipo.\" \/>\n<meta property=\"og:url\" content=\"https:\/\/confederaciopenyes.cat\/es\/semana-intensa-actividad-penas-todo-territorio\/\" \/>\n<meta property=\"og:site_name\" content=\"Confederaci\u00f3 Mundial de Penyes del FC Barcelona\" \/>\n<meta property=\"article:publisher\" content=\"https:\/\/www.facebook.com\/ConfederacioMundialPenyesFCB\" \/>\n<meta property=\"article:published_time\" content=\"2022-06-02T10:35:22+00:00\" \/>\n<meta property=\"article:modified_time\" content=\"2022-06-02T11:24:56+00:00\" \/>\n<meta property=\"og:image\" content=\"https:\/\/confederaciopenyes.cat\/wp-content\/uploads\/2022\/06\/IMG20220529115604-scaled.jpg\" \/>\n\t<meta property=\"og:image:width\" content=\"2560\" \/>\n\t<meta property=\"og:image:height\" content=\"1928\" \/>\n\t<meta property=\"og:image:type\" content=\"image\/jpeg\" \/>\n<meta name=\"author\" content=\"Confederaci\u00f3 Mundial de Penyes del FC Barcelona\" \/>\n<meta name=\"twitter:card\" content=\"summary_large_image\" \/>\n<meta name=\"twitter:creator\" content=\"@ConfePenyesFCB\" \/>\n<meta name=\"twitter:site\" content=\"@ConfePenyesFCB\" \/>\n<meta name=\"twitter:label1\" content=\"Escrito por\" \/>\n\t<meta name=\"twitter:data1\" content=\"Confederaci\u00f3 Mundial de Penyes del FC Barcelona\" \/>\n\t<meta name=\"twitter:label2\" content=\"Tiempo de lectura\" \/>\n\t<meta name=\"twitter:data2\" content=\"3 minutos\" \/>\n<script type=\"application\/ld+json\" class=\"yoast-schema-graph\">{\"@context\":\"https:\\\/\\\/schema.org\",\"@graph\":[{\"@type\":\"Article\",\"@id\":\"https:\\\/\\\/confederaciopenyes.cat\\\/es\\\/semana-intensa-actividad-penas-todo-territorio\\\/#article\",\"isPartOf\":{\"@id\":\"https:\\\/\\\/confederaciopenyes.cat\\\/es\\\/semana-intensa-actividad-penas-todo-territorio\\\/\"},\"author\":{\"name\":\"Confederaci\u00f3 Mundial de Penyes del FC Barcelona\",\"@id\":\"https:\\\/\\\/confederaciopenyes.cat\\\/es\\\/#\\\/schema\\\/person\\\/337072f6daef87a85aa59aa1f134387c\"},\"headline\":\"Semana de intensa actividad de las pe\u00f1as por todo el territorio\",\"datePublished\":\"2022-06-02T10:35:22+00:00\",\"dateModified\":\"2022-06-02T11:24:56+00:00\",\"mainEntityOfPage\":{\"@id\":\"https:\\\/\\\/confederaciopenyes.cat\\\/es\\\/semana-intensa-actividad-penas-todo-territorio\\\/\"},\"wordCount\":380,\"publisher\":{\"@id\":\"https:\\\/\\\/confederaciopenyes.cat\\\/es\\\/#organization\"},\"image\":{\"@id\":\"https:\\\/\\\/confederaciopenyes.cat\\\/es\\\/semana-intensa-actividad-penas-todo-territorio\\\/#primaryimage\"},\"thumbnailUrl\":\"https:\\\/\\\/confederaciopenyes.cat\\\/wp-content\\\/uploads\\\/2022\\\/06\\\/IMG20220529115604-scaled.jpg\",\"keywords\":[\"confederaci\u00f3n mundial de pe\u00f1as\",\"noticias\",\"pe\u00f1as\"],\"articleSection\":[\"Noticias\"],\"inLanguage\":\"es\"},{\"@type\":\"WebPage\",\"@id\":\"https:\\\/\\\/confederaciopenyes.cat\\\/es\\\/semana-intensa-actividad-penas-todo-territorio\\\/\",\"url\":\"https:\\\/\\\/confederaciopenyes.cat\\\/es\\\/semana-intensa-actividad-penas-todo-territorio\\\/\",\"name\":\"Semana de intensa actividad de las pe\u00f1as por todo el territorio - C.M.P\",\"isPartOf\":{\"@id\":\"https:\\\/\\\/confederaciopenyes.cat\\\/es\\\/#website\"},\"primaryImageOfPage\":{\"@id\":\"https:\\\/\\\/confederaciopenyes.cat\\\/es\\\/semana-intensa-actividad-penas-todo-territorio\\\/#primaryimage\"},\"image\":{\"@id\":\"https:\\\/\\\/confederaciopenyes.cat\\\/es\\\/semana-intensa-actividad-penas-todo-territorio\\\/#primaryimage\"},\"thumbnailUrl\":\"https:\\\/\\\/confederaciopenyes.cat\\\/wp-content\\\/uploads\\\/2022\\\/06\\\/IMG20220529115604-scaled.jpg\",\"datePublished\":\"2022-06-02T10:35:22+00:00\",\"dateModified\":\"2022-06-02T11:24:56+00:00\",\"description\":\"Intensa actividad de las pe\u00f1as barcelonistas en los \u00faltimos d\u00edas en todo el territorio, con celebraciones y actos de todo tipo.\",\"breadcrumb\":{\"@id\":\"https:\\\/\\\/confederaciopenyes.cat\\\/es\\\/semana-intensa-actividad-penas-todo-territorio\\\/#breadcrumb\"},\"inLanguage\":\"es\",\"potentialAction\":[{\"@type\":\"ReadAction\",\"target\":[\"https:\\\/\\\/confederaciopenyes.cat\\\/es\\\/semana-intensa-actividad-penas-todo-territorio\\\/\"]}]},{\"@type\":\"ImageObject\",\"inLanguage\":\"es\",\"@id\":\"https:\\\/\\\/confederaciopenyes.cat\\\/es\\\/semana-intensa-actividad-penas-todo-territorio\\\/#primaryimage\",\"url\":\"https:\\\/\\\/confederaciopenyes.cat\\\/wp-content\\\/uploads\\\/2022\\\/06\\\/IMG20220529115604-scaled.jpg\",\"contentUrl\":\"https:\\\/\\\/confederaciopenyes.cat\\\/wp-content\\\/uploads\\\/2022\\\/06\\\/IMG20220529115604-scaled.jpg\",\"width\":2560,\"height\":1928},{\"@type\":\"BreadcrumbList\",\"@id\":\"https:\\\/\\\/confederaciopenyes.cat\\\/es\\\/semana-intensa-actividad-penas-todo-territorio\\\/#breadcrumb\",\"itemListElement\":[{\"@type\":\"ListItem\",\"position\":1,\"name\":\"Inici\",\"item\":\"https:\\\/\\\/confederaciopenyes.cat\\\/es\\\/\"},{\"@type\":\"ListItem\",\"position\":2,\"name\":\"Semana de intensa actividad de las pe\u00f1as por todo el territorio\"}]},{\"@type\":\"WebSite\",\"@id\":\"https:\\\/\\\/confederaciopenyes.cat\\\/es\\\/#website\",\"url\":\"https:\\\/\\\/confederaciopenyes.cat\\\/es\\\/\",\"name\":\"Confederaci\u00f3 Mundial de Penyes del FC Barcelona\",\"description\":\"C.M. Penyes FC Barcelona\",\"publisher\":{\"@id\":\"https:\\\/\\\/confederaciopenyes.cat\\\/es\\\/#organization\"},\"potentialAction\":[{\"@type\":\"SearchAction\",\"target\":{\"@type\":\"EntryPoint\",\"urlTemplate\":\"https:\\\/\\\/confederaciopenyes.cat\\\/es\\\/?s={search_term_string}\"},\"query-input\":{\"@type\":\"PropertyValueSpecification\",\"valueRequired\":true,\"valueName\":\"search_term_string\"}}],\"inLanguage\":\"es\"},{\"@type\":\"Organization\",\"@id\":\"https:\\\/\\\/confederaciopenyes.cat\\\/es\\\/#organization\",\"name\":\"Confederaci\u00f3 Mundial de Penyes del FC Barcelona\",\"url\":\"https:\\\/\\\/confederaciopenyes.cat\\\/es\\\/\",\"logo\":{\"@type\":\"ImageObject\",\"inLanguage\":\"es\",\"@id\":\"https:\\\/\\\/confederaciopenyes.cat\\\/es\\\/#\\\/schema\\\/logo\\\/image\\\/\",\"url\":\"https:\\\/\\\/confederaciopenyes.cat\\\/wp-content\\\/uploads\\\/2022\\\/07\\\/cropped-logo_horizontal.png\",\"contentUrl\":\"https:\\\/\\\/confederaciopenyes.cat\\\/wp-content\\\/uploads\\\/2022\\\/07\\\/cropped-logo_horizontal.png\",\"width\":1320,\"height\":309,\"caption\":\"Confederaci\u00f3 Mundial de Penyes del FC Barcelona\"},\"image\":{\"@id\":\"https:\\\/\\\/confederaciopenyes.cat\\\/es\\\/#\\\/schema\\\/logo\\\/image\\\/\"},\"sameAs\":[\"https:\\\/\\\/www.facebook.com\\\/ConfederacioMundialPenyesFCB\",\"https:\\\/\\\/x.com\\\/ConfePenyesFCB\",\"https:\\\/\\\/www.instagram.com\\\/confepenyesfcb\\\/\"]},{\"@type\":\"Person\",\"@id\":\"https:\\\/\\\/confederaciopenyes.cat\\\/es\\\/#\\\/schema\\\/person\\\/337072f6daef87a85aa59aa1f134387c\",\"name\":\"Confederaci\u00f3 Mundial de Penyes del FC Barcelona\",\"image\":{\"@type\":\"ImageObject\",\"inLanguage\":\"es\",\"@id\":\"https:\\\/\\\/secure.gravatar.com\\\/avatar\\\/98c60c7405ff843b10aec55db652bd3f5cb4320ef331ae76c156819a62194328?s=96&d=mm&r=g\",\"url\":\"https:\\\/\\\/secure.gravatar.com\\\/avatar\\\/98c60c7405ff843b10aec55db652bd3f5cb4320ef331ae76c156819a62194328?s=96&d=mm&r=g\",\"contentUrl\":\"https:\\\/\\\/secure.gravatar.com\\\/avatar\\\/98c60c7405ff843b10aec55db652bd3f5cb4320ef331ae76c156819a62194328?s=96&d=mm&r=g\",\"caption\":\"Confederaci\u00f3 Mundial de Penyes del FC Barcelona\"},\"url\":\"https:\\\/\\\/confederaciopenyes.cat\\\/es\\\/author\\\/comunicacioconfederaciopenyes-cat\\\/\"}]}<\/script>\n<!-- \/ Yoast SEO Premium plugin. -->","yoast_head_json":{"title":"Semana de intensa actividad de las pe\u00f1as por todo el territorio - C.M.P","description":"Intensa actividad de las pe\u00f1as barcelonistas en los \u00faltimos d\u00edas en todo el territorio, con celebraciones y actos de todo tipo.","robots":{"index":"index","follow":"follow","max-snippet":"max-snippet:-1","max-image-preview":"max-image-preview:large","max-video-preview":"max-video-preview:-1"},"canonical":"https:\/\/confederaciopenyes.cat\/es\/semana-intensa-actividad-penas-todo-territorio\/","og_locale":"es_ES","og_type":"article","og_title":"Semana de intensa actividad de las pe\u00f1as por todo el territorio","og_description":"Intensa actividad de las pe\u00f1as barcelonistas en los \u00faltimos d\u00edas en todo el territorio, con celebraciones y actos de todo tipo.","og_url":"https:\/\/confederaciopenyes.cat\/es\/semana-intensa-actividad-penas-todo-territorio\/","og_site_name":"Confederaci\u00f3 Mundial de Penyes del FC Barcelona","article_publisher":"https:\/\/www.facebook.com\/ConfederacioMundialPenyesFCB","article_published_time":"2022-06-02T10:35:22+00:00","article_modified_time":"2022-06-02T11:24:56+00:00","og_image":[{"width":2560,"height":1928,"url":"https:\/\/confederaciopenyes.cat\/wp-content\/uploads\/2022\/06\/IMG20220529115604-scaled.jpg","type":"image\/jpeg"}],"author":"Confederaci\u00f3 Mundial de Penyes del FC Barcelona","twitter_card":"summary_large_image","twitter_creator":"@ConfePenyesFCB","twitter_site":"@ConfePenyesFCB","twitter_misc":{"Escrito por":"Confederaci\u00f3 Mundial de Penyes del FC Barcelona","Tiempo de lectura":"3 minutos"},"schema":{"@context":"https:\/\/schema.org","@graph":[{"@type":"Article","@id":"https:\/\/confederaciopenyes.cat\/es\/semana-intensa-actividad-penas-todo-territorio\/#article","isPartOf":{"@id":"https:\/\/confederaciopenyes.cat\/es\/semana-intensa-actividad-penas-todo-territorio\/"},"author":{"name":"Confederaci\u00f3 Mundial de Penyes del FC Barcelona","@id":"https:\/\/confederaciopenyes.cat\/es\/#\/schema\/person\/337072f6daef87a85aa59aa1f134387c"},"headline":"Semana de intensa actividad de las pe\u00f1as por todo el territorio","datePublished":"2022-06-02T10:35:22+00:00","dateModified":"2022-06-02T11:24:56+00:00","mainEntityOfPage":{"@id":"https:\/\/confederaciopenyes.cat\/es\/semana-intensa-actividad-penas-todo-territorio\/"},"wordCount":380,"publisher":{"@id":"https:\/\/confederaciopenyes.cat\/es\/#organization"},"image":{"@id":"https:\/\/confederaciopenyes.cat\/es\/semana-intensa-actividad-penas-todo-territorio\/#primaryimage"},"thumbnailUrl":"https:\/\/confederaciopenyes.cat\/wp-content\/uploads\/2022\/06\/IMG20220529115604-scaled.jpg","keywords":["confederaci\u00f3n mundial de pe\u00f1as","noticias","pe\u00f1as"],"articleSection":["Noticias"],"inLanguage":"es"},{"@type":"WebPage","@id":"https:\/\/confederaciopenyes.cat\/es\/semana-intensa-actividad-penas-todo-territorio\/","url":"https:\/\/confederaciopenyes.cat\/es\/semana-intensa-actividad-penas-todo-territorio\/","name":"Semana de intensa actividad de las pe\u00f1as por todo el territorio - C.M.P","isPartOf":{"@id":"https:\/\/confederaciopenyes.cat\/es\/#website"},"primaryImageOfPage":{"@id":"https:\/\/confederaciopenyes.cat\/es\/semana-intensa-actividad-penas-todo-territorio\/#primaryimage"},"image":{"@id":"https:\/\/confederaciopenyes.cat\/es\/semana-intensa-actividad-penas-todo-territorio\/#primaryimage"},"thumbnailUrl":"https:\/\/confederaciopenyes.cat\/wp-content\/uploads\/2022\/06\/IMG20220529115604-scaled.jpg","datePublished":"2022-06-02T10:35:22+00:00","dateModified":"2022-06-02T11:24:56+00:00","description":"Intensa actividad de las pe\u00f1as barcelonistas en los \u00faltimos d\u00edas en todo el territorio, con celebraciones y actos de todo tipo.","breadcrumb":{"@id":"https:\/\/confederaciopenyes.cat\/es\/semana-intensa-actividad-penas-todo-territorio\/#breadcrumb"},"inLanguage":"es","potentialAction":[{"@type":"ReadAction","target":["https:\/\/confederaciopenyes.cat\/es\/semana-intensa-actividad-penas-todo-territorio\/"]}]},{"@type":"ImageObject","inLanguage":"es","@id":"https:\/\/confederaciopenyes.cat\/es\/semana-intensa-actividad-penas-todo-territorio\/#primaryimage","url":"https:\/\/confederaciopenyes.cat\/wp-content\/uploads\/2022\/06\/IMG20220529115604-scaled.jpg","contentUrl":"https:\/\/confederaciopenyes.cat\/wp-content\/uploads\/2022\/06\/IMG20220529115604-scaled.jpg","width":2560,"height":1928},{"@type":"BreadcrumbList","@id":"https:\/\/confederaciopenyes.cat\/es\/semana-intensa-actividad-penas-todo-territorio\/#breadcrumb","itemListElement":[{"@type":"ListItem","position":1,"name":"Inici","item":"https:\/\/confederaciopenyes.cat\/es\/"},{"@type":"ListItem","position":2,"name":"Semana de intensa actividad de las pe\u00f1as por todo el territorio"}]},{"@type":"WebSite","@id":"https:\/\/confederaciopenyes.cat\/es\/#website","url":"https:\/\/confederaciopenyes.cat\/es\/","name":"Confederaci\u00f3 Mundial de Penyes del FC Barcelona","description":"C.M. Penyes FC Barcelona","publisher":{"@id":"https:\/\/confederaciopenyes.cat\/es\/#organization"},"potentialAction":[{"@type":"SearchAction","target":{"@type":"EntryPoint","urlTemplate":"https:\/\/confederaciopenyes.cat\/es\/?s={search_term_string}"},"query-input":{"@type":"PropertyValueSpecification","valueRequired":true,"valueName":"search_term_string"}}],"inLanguage":"es"},{"@type":"Organization","@id":"https:\/\/confederaciopenyes.cat\/es\/#organization","name":"Confederaci\u00f3 Mundial de Penyes del FC Barcelona","url":"https:\/\/confederaciopenyes.cat\/es\/","logo":{"@type":"ImageObject","inLanguage":"es","@id":"https:\/\/confederaciopenyes.cat\/es\/#\/schema\/logo\/image\/","url":"https:\/\/confederaciopenyes.cat\/wp-content\/uploads\/2022\/07\/cropped-logo_horizontal.png","contentUrl":"https:\/\/confederaciopenyes.cat\/wp-content\/uploads\/2022\/07\/cropped-logo_horizontal.png","width":1320,"height":309,"caption":"Confederaci\u00f3 Mundial de Penyes del FC Barcelona"},"image":{"@id":"https:\/\/confederaciopenyes.cat\/es\/#\/schema\/logo\/image\/"},"sameAs":["https:\/\/www.facebook.com\/ConfederacioMundialPenyesFCB","https:\/\/x.com\/ConfePenyesFCB","https:\/\/www.instagram.com\/confepenyesfcb\/"]},{"@type":"Person","@id":"https:\/\/confederaciopenyes.cat\/es\/#\/schema\/person\/337072f6daef87a85aa59aa1f134387c","name":"Confederaci\u00f3 Mundial de Penyes del FC Barcelona","image":{"@type":"ImageObject","inLanguage":"es","@id":"https:\/\/secure.gravatar.com\/avatar\/98c60c7405ff843b10aec55db652bd3f5cb4320ef331ae76c156819a62194328?s=96&d=mm&r=g","url":"https:\/\/secure.gravatar.com\/avatar\/98c60c7405ff843b10aec55db652bd3f5cb4320ef331ae76c156819a62194328?s=96&d=mm&r=g","contentUrl":"https:\/\/secure.gravatar.com\/avatar\/98c60c7405ff843b10aec55db652bd3f5cb4320ef331ae76c156819a62194328?s=96&d=mm&r=g","caption":"Confederaci\u00f3 Mundial de Penyes del FC Barcelona"},"url":"https:\/\/confederaciopenyes.cat\/es\/author\/comunicacioconfederaciopenyes-cat\/"}]}},"_links":{"self":[{"href":"https:\/\/confederaciopenyes.cat\/es\/wp-json\/wp\/v2\/posts\/2992","targetHints":{"allow":["GET"]}}],"collection":[{"href":"https:\/\/confederaciopenyes.cat\/es\/wp-json\/wp\/v2\/posts"}],"about":[{"href":"https:\/\/confederaciopenyes.cat\/es\/wp-json\/wp\/v2\/types\/post"}],"author":[{"embeddable":true,"href":"https:\/\/confederaciopenyes.cat\/es\/wp-json\/wp\/v2\/users\/4"}],"replies":[{"embeddable":true,"href":"https:\/\/confederaciopenyes.cat\/es\/wp-json\/wp\/v2\/comments?post=2992"}],"version-history":[{"count":6,"href":"https:\/\/confederaciopenyes.cat\/es\/wp-json\/wp\/v2\/posts\/2992\/revisions"}],"predecessor-version":[{"id":3012,"href":"https:\/\/confederaciopenyes.cat\/es\/wp-json\/wp\/v2\/posts\/2992\/revisions\/3012"}],"wp:featuredmedia":[{"embeddable":true,"href":"https:\/\/confederaciopenyes.cat\/es\/wp-json\/wp\/v2\/media\/2980"}],"wp:attachment":[{"href":"https:\/\/confederaciopenyes.cat\/es\/wp-json\/wp\/v2\/media?parent=2992"}],"wp:term":[{"taxonomy":"category","embeddable":true,"href":"https:\/\/confederaciopenyes.cat\/es\/wp-json\/wp\/v2\/categories?post=2992"},{"taxonomy":"post_tag","embeddable":true,"href":"https:\/\/confederaciopenyes.cat\/es\/wp-json\/wp\/v2\/tags?post=2992"}],"curies":[{"name":"wp","href":"https:\/\/api.w.org\/{rel}","templated":true}]}}