{"id":30294,"date":"2025-03-26T10:19:25","date_gmt":"2025-03-26T09:19:25","guid":{"rendered":"https:\/\/confederaciopenyes.cat\/sor-lucia-caram-comparte-sus-experiencias-en-la-pb-torrelameu\/"},"modified":"2025-03-27T15:55:16","modified_gmt":"2025-03-27T14:55:16","slug":"sor-lucia-caram-comparte-sus-experiencias-en-la-pb-torrelameu","status":"publish","type":"post","link":"https:\/\/confederaciopenyes.cat\/es\/sor-lucia-caram-comparte-sus-experiencias-en-la-pb-torrelameu\/","title":{"rendered":"Sor Luc\u00eda Caram comparte sus experiencias en la PB Torrelameu"},"content":{"rendered":"\n<p>La <strong><a href=\"https:\/\/www.instagram.com\/pbtorrelameu\/\" target=\"_blank\" rel=\"noreferrer noopener\">Penya Barcelonista Torrelameu<\/a><\/strong> (Federaci\u00f3 Ponent Nord) alberg\u00f3 el pasado viernes la <strong>conferencia \u201cConstruir la pau en temps de crisi\u201d<\/strong>, a cargo de <strong>Sor Luc\u00eda Caram<\/strong>. La pe\u00f1a ilerdense ya hab\u00eda albergado la <a href=\"https:\/\/confederaciopenyes.cat\/es\/exito-conferencias-invulnerables-bellcaire-urgell-sant-antoni\/\" target=\"_blank\" rel=\"noreferrer noopener\">conferencia \u201cInvulnerables\u201d<\/a>, sobre el proyecto de erradicaci\u00f3n de la pobreza infantil, y en esta ocasi\u00f3n <strong>pudo conocer m\u00e1s detalles sobre la experiencia de la activista en Ucrania<\/strong>. El evento cont\u00f3 con <strong>cerca de un centenar de asistentes<\/strong>, entre los cuales el presidente de la PB Torrelameu, <strong>Carles Puig<\/strong>, as\u00ed como varios miembros del Ayuntamiento de Torrelameu, encabezados por su alcalde, <strong>Carles Comes<\/strong>.<\/p>\n\n\n\n<p>Desde el inicio de la invasi\u00f3n rusa en Ucrania,<strong> Sor Luc\u00eda Caram ha vivido en primera persona las repercusiones que este conflicto ha causado en la poblaci\u00f3n ucraniana<\/strong>, y lo ha querido explicar de primera mano a los asistentes a la conferencia. En sus constantes viajes a los territorios m\u00e1s afectados, la activista est\u00e1 ayudando con hospitales de campa\u00f1a, y adem\u00e1s ha conseguido enviar <strong>m\u00e1s de 140 ambulancias<\/strong>. Sor Luc\u00eda ha ayudado a <strong>evacuar a m\u00e1s de 4.000 personas<\/strong> de las zonas m\u00e1s peligrosas, y <strong>sigue trabajando para la paz y la solidaridad con el pueblo ucraniano<\/strong>.  <\/p>\n\n\n\n<h6 class=\"wp-block-heading\" id=\"h-una-relacion-basada-en-los-valores-solidarios\"><strong>Una relaci\u00f3n basada en los valores solidarios<\/strong><\/h6>\n\n\n\n<p>La <strong>Confederaci\u00f3 Mundial de Penyes<\/strong>, y todo el movimiento de pe\u00f1as en general, mantienen una<strong> relaci\u00f3n s\u00f3lida y duradera con Sor Luc\u00eda Caram<\/strong>, forjada por los<strong> valores solidarios que definen al colectivo barcelonista<\/strong>. La conferencia \u201cInvulnerables\u201d ya se acerca a las <strong>140 representaciones en pe\u00f1as de todo el territorio<\/strong>, y las que no la han albergado <strong>pueden solicitarla contactando con la Confederaci\u00f3<\/strong>. Adem\u00e1s, la entidad barcelonista <strong>sigue apoyando y difundiendo las acciones solidarias <\/strong>que Sor Luc\u00eda lleva a cabo a lo largo de todo el a\u00f1o en favor de la poblaci\u00f3n m\u00e1s desfavorecida.  <\/p>\n\n\n\n<figure class=\"wp-block-gallery has-nested-images columns-2 is-cropped wp-block-gallery-1 is-layout-flex wp-block-gallery-is-layout-flex\">\n<figure class=\"wp-block-image size-large\"><a href=\"https:\/\/confederaciopenyes.cat\/wp-content\/uploads\/2025\/03\/Sor-Lucia-Torrelameu-2-edited.jpg\"><img decoding=\"async\" width=\"1200\" height=\"800\" data-id=\"30285\" data-src=\"https:\/\/confederaciopenyes.cat\/wp-content\/uploads\/2025\/03\/Sor-Lucia-Torrelameu-2-edited.jpg\" alt=\"\" class=\"wp-image-30285 lazyload\" data-srcset=\"https:\/\/confederaciopenyes.cat\/wp-content\/uploads\/2025\/03\/Sor-Lucia-Torrelameu-2-edited.jpg 1200w, https:\/\/confederaciopenyes.cat\/wp-content\/uploads\/2025\/03\/Sor-Lucia-Torrelameu-2-edited-300x200.jpg 300w, https:\/\/confederaciopenyes.cat\/wp-content\/uploads\/2025\/03\/Sor-Lucia-Torrelameu-2-edited-1024x683.jpg 1024w, https:\/\/confederaciopenyes.cat\/wp-content\/uploads\/2025\/03\/Sor-Lucia-Torrelameu-2-edited-768x512.jpg 768w\" data-sizes=\"(max-width: 1200px) 100vw, 1200px\" src=\"data:image\/svg+xml;base64,PHN2ZyB3aWR0aD0iMSIgaGVpZ2h0PSIxIiB4bWxucz0iaHR0cDovL3d3dy53My5vcmcvMjAwMC9zdmciPjwvc3ZnPg==\" style=\"--smush-placeholder-width: 1200px; --smush-placeholder-aspect-ratio: 1200\/800;\" \/><\/a><\/figure>\n\n\n\n<figure class=\"wp-block-image size-full\"><a href=\"https:\/\/confederaciopenyes.cat\/wp-content\/uploads\/2025\/03\/IMG-20250324-WA0011.jpg\"><img decoding=\"async\" width=\"921\" height=\"691\" data-id=\"30290\" data-src=\"https:\/\/confederaciopenyes.cat\/wp-content\/uploads\/2025\/03\/IMG-20250324-WA0011.jpg\" alt=\"\" class=\"wp-image-30290 lazyload\" data-srcset=\"https:\/\/confederaciopenyes.cat\/wp-content\/uploads\/2025\/03\/IMG-20250324-WA0011.jpg 921w, https:\/\/confederaciopenyes.cat\/wp-content\/uploads\/2025\/03\/IMG-20250324-WA0011-300x225.jpg 300w, https:\/\/confederaciopenyes.cat\/wp-content\/uploads\/2025\/03\/IMG-20250324-WA0011-768x576.jpg 768w\" data-sizes=\"(max-width: 921px) 100vw, 921px\" src=\"data:image\/svg+xml;base64,PHN2ZyB3aWR0aD0iMSIgaGVpZ2h0PSIxIiB4bWxucz0iaHR0cDovL3d3dy53My5vcmcvMjAwMC9zdmciPjwvc3ZnPg==\" style=\"--smush-placeholder-width: 921px; --smush-placeholder-aspect-ratio: 921\/691;\" \/><\/a><\/figure>\n\n\n\n<figure class=\"wp-block-image size-large\"><a href=\"https:\/\/confederaciopenyes.cat\/wp-content\/uploads\/2025\/03\/IMG-20250324-WA0026.jpg\"><img decoding=\"async\" width=\"1024\" height=\"461\" data-id=\"30274\" data-src=\"https:\/\/confederaciopenyes.cat\/wp-content\/uploads\/2025\/03\/IMG-20250324-WA0026-1024x461.jpg\" alt=\"\" class=\"wp-image-30274 lazyload\" data-srcset=\"https:\/\/confederaciopenyes.cat\/wp-content\/uploads\/2025\/03\/IMG-20250324-WA0026-1024x461.jpg 1024w, https:\/\/confederaciopenyes.cat\/wp-content\/uploads\/2025\/03\/IMG-20250324-WA0026-300x135.jpg 300w, https:\/\/confederaciopenyes.cat\/wp-content\/uploads\/2025\/03\/IMG-20250324-WA0026-768x345.jpg 768w, https:\/\/confederaciopenyes.cat\/wp-content\/uploads\/2025\/03\/IMG-20250324-WA0026-1536x691.jpg 1536w, https:\/\/confederaciopenyes.cat\/wp-content\/uploads\/2025\/03\/IMG-20250324-WA0026.jpg 2048w\" data-sizes=\"(max-width: 1024px) 100vw, 1024px\" src=\"data:image\/svg+xml;base64,PHN2ZyB3aWR0aD0iMSIgaGVpZ2h0PSIxIiB4bWxucz0iaHR0cDovL3d3dy53My5vcmcvMjAwMC9zdmciPjwvc3ZnPg==\" style=\"--smush-placeholder-width: 1024px; --smush-placeholder-aspect-ratio: 1024\/461;\" \/><\/a><\/figure>\n\n\n\n<figure class=\"wp-block-image size-large\"><a href=\"https:\/\/confederaciopenyes.cat\/wp-content\/uploads\/2025\/03\/IMG-20250324-WA0020.jpg\"><img decoding=\"async\" width=\"1024\" height=\"768\" data-id=\"30279\" data-src=\"https:\/\/confederaciopenyes.cat\/wp-content\/uploads\/2025\/03\/IMG-20250324-WA0020-1024x768.jpg\" alt=\"\" class=\"wp-image-30279 lazyload\" data-srcset=\"https:\/\/confederaciopenyes.cat\/wp-content\/uploads\/2025\/03\/IMG-20250324-WA0020-1024x768.jpg 1024w, https:\/\/confederaciopenyes.cat\/wp-content\/uploads\/2025\/03\/IMG-20250324-WA0020-300x225.jpg 300w, https:\/\/confederaciopenyes.cat\/wp-content\/uploads\/2025\/03\/IMG-20250324-WA0020-768x576.jpg 768w, https:\/\/confederaciopenyes.cat\/wp-content\/uploads\/2025\/03\/IMG-20250324-WA0020-1536x1152.jpg 1536w, https:\/\/confederaciopenyes.cat\/wp-content\/uploads\/2025\/03\/IMG-20250324-WA0020.jpg 1835w\" data-sizes=\"(max-width: 1024px) 100vw, 1024px\" src=\"data:image\/svg+xml;base64,PHN2ZyB3aWR0aD0iMSIgaGVpZ2h0PSIxIiB4bWxucz0iaHR0cDovL3d3dy53My5vcmcvMjAwMC9zdmciPjwvc3ZnPg==\" style=\"--smush-placeholder-width: 1024px; --smush-placeholder-aspect-ratio: 1024\/768;\" \/><\/a><\/figure>\n<\/figure>\n","protected":false},"excerpt":{"rendered":"<p>La Penya Barcelonista Torrelameu (Federaci\u00f3 Ponent Nord) alberg\u00f3 el pasado viernes la conferencia \u201cConstruir la pau en temps de crisi\u201d, a cargo de Sor Luc\u00eda Caram. La pe\u00f1a ilerdense ya hab\u00eda albergado la conferencia \u201cInvulnerables\u201d, sobre el proyecto de erradicaci\u00f3n de la pobreza infantil, y en esta ocasi\u00f3n pudo conocer m\u00e1s detalles sobre la experiencia &#8230; <a title=\"Sor Luc\u00eda Caram comparte sus experiencias en la PB Torrelameu\" class=\"read-more\" href=\"https:\/\/confederaciopenyes.cat\/es\/sor-lucia-caram-comparte-sus-experiencias-en-la-pb-torrelameu\/\" aria-label=\"Leer m\u00e1s sobre Sor Luc\u00eda Caram comparte sus experiencias en la PB Torrelameu\">Leer m\u00e1s<\/a><\/p>\n","protected":false},"author":4,"featured_media":30272,"comment_status":"closed","ping_status":"open","sticky":false,"template":"","format":"standard","meta":{"_acf_changed":false,"footnotes":""},"categories":[1],"tags":[3563,2595,1728,2555,2603,2668],"class_list":["post-30294","post","type-post","status-publish","format-standard","has-post-thumbnail","hentry","category-noticias-es","tag-confederacio-mundial-penyes-es","tag-noticias-es-2","tag-pb-torrelameu","tag-penas-es","tag-solidaridad-es-2","tag-sor-lucia-caram-es-2"],"acf":[],"yoast_head":"<!-- This site is optimized with the Yoast SEO Premium plugin v26.7 (Yoast SEO v27.4) - https:\/\/yoast.com\/product\/yoast-seo-premium-wordpress\/ -->\n<title>Sor Luc\u00eda Caram visita a la PB Torrelameu - Confederaci\u00f3 M. Penyes<\/title>\n<meta name=\"description\" content=\"Sor Luc\u00eda Caram volvi\u00f3 a visitar a la PB Torrelameu para hablar de sus vivencias en los territorios afectados por la guerra en Ucrania.\" \/>\n<meta name=\"robots\" content=\"index, follow, max-snippet:-1, max-image-preview:large, max-video-preview:-1\" \/>\n<link rel=\"canonical\" href=\"https:\/\/confederaciopenyes.cat\/es\/sor-lucia-caram-comparte-sus-experiencias-en-la-pb-torrelameu\/\" \/>\n<meta property=\"og:locale\" content=\"es_ES\" \/>\n<meta property=\"og:type\" content=\"article\" \/>\n<meta property=\"og:title\" content=\"Sor Luc\u00eda Caram comparte sus experiencias en la PB Torrelameu\" \/>\n<meta property=\"og:description\" content=\"Sor Luc\u00eda Caram volvi\u00f3 a visitar a la PB Torrelameu para hablar de sus vivencias en los territorios afectados por la guerra en Ucrania.\" \/>\n<meta property=\"og:url\" content=\"https:\/\/confederaciopenyes.cat\/es\/sor-lucia-caram-comparte-sus-experiencias-en-la-pb-torrelameu\/\" \/>\n<meta property=\"og:site_name\" content=\"Confederaci\u00f3 Mundial de Penyes del FC Barcelona\" \/>\n<meta property=\"article:publisher\" content=\"https:\/\/www.facebook.com\/ConfederacioMundialPenyesFCB\" \/>\n<meta property=\"article:published_time\" content=\"2025-03-26T09:19:25+00:00\" \/>\n<meta property=\"article:modified_time\" content=\"2025-03-27T14:55:16+00:00\" \/>\n<meta property=\"og:image\" content=\"https:\/\/confederaciopenyes.cat\/wp-content\/uploads\/2025\/03\/Sor-Lucia-Torrelameu-1.jpg\" \/>\n\t<meta property=\"og:image:width\" content=\"1637\" \/>\n\t<meta property=\"og:image:height\" content=\"762\" \/>\n\t<meta property=\"og:image:type\" content=\"image\/jpeg\" \/>\n<meta name=\"author\" content=\"Confederaci\u00f3 Mundial de Penyes del FC Barcelona\" \/>\n<meta name=\"twitter:card\" content=\"summary_large_image\" \/>\n<meta name=\"twitter:creator\" content=\"@ConfePenyesFCB\" \/>\n<meta name=\"twitter:site\" content=\"@ConfePenyesFCB\" \/>\n<meta name=\"twitter:label1\" content=\"Escrito por\" \/>\n\t<meta name=\"twitter:data1\" content=\"Confederaci\u00f3 Mundial de Penyes del FC Barcelona\" \/>\n\t<meta name=\"twitter:label2\" content=\"Tiempo de lectura\" \/>\n\t<meta name=\"twitter:data2\" content=\"3 minutos\" \/>\n<script type=\"application\/ld+json\" class=\"yoast-schema-graph\">{\"@context\":\"https:\\\/\\\/schema.org\",\"@graph\":[{\"@type\":\"Article\",\"@id\":\"https:\\\/\\\/confederaciopenyes.cat\\\/es\\\/sor-lucia-caram-comparte-sus-experiencias-en-la-pb-torrelameu\\\/#article\",\"isPartOf\":{\"@id\":\"https:\\\/\\\/confederaciopenyes.cat\\\/es\\\/sor-lucia-caram-comparte-sus-experiencias-en-la-pb-torrelameu\\\/\"},\"author\":{\"name\":\"Confederaci\u00f3 Mundial de Penyes del FC Barcelona\",\"@id\":\"https:\\\/\\\/confederaciopenyes.cat\\\/es\\\/#\\\/schema\\\/person\\\/337072f6daef87a85aa59aa1f134387c\"},\"headline\":\"Sor Luc\u00eda Caram comparte sus experiencias en la PB Torrelameu\",\"datePublished\":\"2025-03-26T09:19:25+00:00\",\"dateModified\":\"2025-03-27T14:55:16+00:00\",\"mainEntityOfPage\":{\"@id\":\"https:\\\/\\\/confederaciopenyes.cat\\\/es\\\/sor-lucia-caram-comparte-sus-experiencias-en-la-pb-torrelameu\\\/\"},\"wordCount\":327,\"publisher\":{\"@id\":\"https:\\\/\\\/confederaciopenyes.cat\\\/es\\\/#organization\"},\"image\":{\"@id\":\"https:\\\/\\\/confederaciopenyes.cat\\\/es\\\/sor-lucia-caram-comparte-sus-experiencias-en-la-pb-torrelameu\\\/#primaryimage\"},\"thumbnailUrl\":\"https:\\\/\\\/confederaciopenyes.cat\\\/wp-content\\\/uploads\\\/2025\\\/03\\\/Sor-Lucia-Torrelameu-1.jpg\",\"keywords\":[\"confederaci\u00f3 mundial penyes\",\"noticias\",\"PB Torrelameu\",\"pe\u00f1as\",\"solidaridad\",\"Sor Luc\u00eda Caram\"],\"articleSection\":[\"Noticias\"],\"inLanguage\":\"es\"},{\"@type\":\"WebPage\",\"@id\":\"https:\\\/\\\/confederaciopenyes.cat\\\/es\\\/sor-lucia-caram-comparte-sus-experiencias-en-la-pb-torrelameu\\\/\",\"url\":\"https:\\\/\\\/confederaciopenyes.cat\\\/es\\\/sor-lucia-caram-comparte-sus-experiencias-en-la-pb-torrelameu\\\/\",\"name\":\"Sor Luc\u00eda Caram visita a la PB Torrelameu - Confederaci\u00f3 M. Penyes\",\"isPartOf\":{\"@id\":\"https:\\\/\\\/confederaciopenyes.cat\\\/es\\\/#website\"},\"primaryImageOfPage\":{\"@id\":\"https:\\\/\\\/confederaciopenyes.cat\\\/es\\\/sor-lucia-caram-comparte-sus-experiencias-en-la-pb-torrelameu\\\/#primaryimage\"},\"image\":{\"@id\":\"https:\\\/\\\/confederaciopenyes.cat\\\/es\\\/sor-lucia-caram-comparte-sus-experiencias-en-la-pb-torrelameu\\\/#primaryimage\"},\"thumbnailUrl\":\"https:\\\/\\\/confederaciopenyes.cat\\\/wp-content\\\/uploads\\\/2025\\\/03\\\/Sor-Lucia-Torrelameu-1.jpg\",\"datePublished\":\"2025-03-26T09:19:25+00:00\",\"dateModified\":\"2025-03-27T14:55:16+00:00\",\"description\":\"Sor Luc\u00eda Caram volvi\u00f3 a visitar a la PB Torrelameu para hablar de sus vivencias en los territorios afectados por la guerra en Ucrania.\",\"breadcrumb\":{\"@id\":\"https:\\\/\\\/confederaciopenyes.cat\\\/es\\\/sor-lucia-caram-comparte-sus-experiencias-en-la-pb-torrelameu\\\/#breadcrumb\"},\"inLanguage\":\"es\",\"potentialAction\":[{\"@type\":\"ReadAction\",\"target\":[\"https:\\\/\\\/confederaciopenyes.cat\\\/es\\\/sor-lucia-caram-comparte-sus-experiencias-en-la-pb-torrelameu\\\/\"]}]},{\"@type\":\"ImageObject\",\"inLanguage\":\"es\",\"@id\":\"https:\\\/\\\/confederaciopenyes.cat\\\/es\\\/sor-lucia-caram-comparte-sus-experiencias-en-la-pb-torrelameu\\\/#primaryimage\",\"url\":\"https:\\\/\\\/confederaciopenyes.cat\\\/wp-content\\\/uploads\\\/2025\\\/03\\\/Sor-Lucia-Torrelameu-1.jpg\",\"contentUrl\":\"https:\\\/\\\/confederaciopenyes.cat\\\/wp-content\\\/uploads\\\/2025\\\/03\\\/Sor-Lucia-Torrelameu-1.jpg\",\"width\":1637,\"height\":762},{\"@type\":\"BreadcrumbList\",\"@id\":\"https:\\\/\\\/confederaciopenyes.cat\\\/es\\\/sor-lucia-caram-comparte-sus-experiencias-en-la-pb-torrelameu\\\/#breadcrumb\",\"itemListElement\":[{\"@type\":\"ListItem\",\"position\":1,\"name\":\"Portada\",\"item\":\"https:\\\/\\\/confederaciopenyes.cat\\\/es\\\/\"},{\"@type\":\"ListItem\",\"position\":2,\"name\":\"Sor Luc\u00eda Caram comparte sus experiencias en la PB Torrelameu\"}]},{\"@type\":\"WebSite\",\"@id\":\"https:\\\/\\\/confederaciopenyes.cat\\\/es\\\/#website\",\"url\":\"https:\\\/\\\/confederaciopenyes.cat\\\/es\\\/\",\"name\":\"Confederaci\u00f3 Mundial de Penyes del FC Barcelona\",\"description\":\"C.M. Penyes FC Barcelona\",\"publisher\":{\"@id\":\"https:\\\/\\\/confederaciopenyes.cat\\\/es\\\/#organization\"},\"potentialAction\":[{\"@type\":\"SearchAction\",\"target\":{\"@type\":\"EntryPoint\",\"urlTemplate\":\"https:\\\/\\\/confederaciopenyes.cat\\\/es\\\/?s={search_term_string}\"},\"query-input\":{\"@type\":\"PropertyValueSpecification\",\"valueRequired\":true,\"valueName\":\"search_term_string\"}}],\"inLanguage\":\"es\"},{\"@type\":\"Organization\",\"@id\":\"https:\\\/\\\/confederaciopenyes.cat\\\/es\\\/#organization\",\"name\":\"Confederaci\u00f3 Mundial de Penyes del FC Barcelona\",\"url\":\"https:\\\/\\\/confederaciopenyes.cat\\\/es\\\/\",\"logo\":{\"@type\":\"ImageObject\",\"inLanguage\":\"es\",\"@id\":\"https:\\\/\\\/confederaciopenyes.cat\\\/es\\\/#\\\/schema\\\/logo\\\/image\\\/\",\"url\":\"https:\\\/\\\/confederaciopenyes.cat\\\/wp-content\\\/uploads\\\/2022\\\/07\\\/cropped-logo_horizontal.png\",\"contentUrl\":\"https:\\\/\\\/confederaciopenyes.cat\\\/wp-content\\\/uploads\\\/2022\\\/07\\\/cropped-logo_horizontal.png\",\"width\":1320,\"height\":309,\"caption\":\"Confederaci\u00f3 Mundial de Penyes del FC Barcelona\"},\"image\":{\"@id\":\"https:\\\/\\\/confederaciopenyes.cat\\\/es\\\/#\\\/schema\\\/logo\\\/image\\\/\"},\"sameAs\":[\"https:\\\/\\\/www.facebook.com\\\/ConfederacioMundialPenyesFCB\",\"https:\\\/\\\/x.com\\\/ConfePenyesFCB\",\"https:\\\/\\\/www.instagram.com\\\/confepenyesfcb\\\/\"]},{\"@type\":\"Person\",\"@id\":\"https:\\\/\\\/confederaciopenyes.cat\\\/es\\\/#\\\/schema\\\/person\\\/337072f6daef87a85aa59aa1f134387c\",\"name\":\"Confederaci\u00f3 Mundial de Penyes del FC Barcelona\",\"image\":{\"@type\":\"ImageObject\",\"inLanguage\":\"es\",\"@id\":\"https:\\\/\\\/secure.gravatar.com\\\/avatar\\\/98c60c7405ff843b10aec55db652bd3f5cb4320ef331ae76c156819a62194328?s=96&d=mm&r=g\",\"url\":\"https:\\\/\\\/secure.gravatar.com\\\/avatar\\\/98c60c7405ff843b10aec55db652bd3f5cb4320ef331ae76c156819a62194328?s=96&d=mm&r=g\",\"contentUrl\":\"https:\\\/\\\/secure.gravatar.com\\\/avatar\\\/98c60c7405ff843b10aec55db652bd3f5cb4320ef331ae76c156819a62194328?s=96&d=mm&r=g\",\"caption\":\"Confederaci\u00f3 Mundial de Penyes del FC Barcelona\"},\"url\":\"https:\\\/\\\/confederaciopenyes.cat\\\/es\\\/author\\\/comunicacioconfederaciopenyes-cat\\\/\"}]}<\/script>\n<!-- \/ Yoast SEO Premium plugin. -->","yoast_head_json":{"title":"Sor Luc\u00eda Caram visita a la PB Torrelameu - Confederaci\u00f3 M. Penyes","description":"Sor Luc\u00eda Caram volvi\u00f3 a visitar a la PB Torrelameu para hablar de sus vivencias en los territorios afectados por la guerra en Ucrania.","robots":{"index":"index","follow":"follow","max-snippet":"max-snippet:-1","max-image-preview":"max-image-preview:large","max-video-preview":"max-video-preview:-1"},"canonical":"https:\/\/confederaciopenyes.cat\/es\/sor-lucia-caram-comparte-sus-experiencias-en-la-pb-torrelameu\/","og_locale":"es_ES","og_type":"article","og_title":"Sor Luc\u00eda Caram comparte sus experiencias en la PB Torrelameu","og_description":"Sor Luc\u00eda Caram volvi\u00f3 a visitar a la PB Torrelameu para hablar de sus vivencias en los territorios afectados por la guerra en Ucrania.","og_url":"https:\/\/confederaciopenyes.cat\/es\/sor-lucia-caram-comparte-sus-experiencias-en-la-pb-torrelameu\/","og_site_name":"Confederaci\u00f3 Mundial de Penyes del FC Barcelona","article_publisher":"https:\/\/www.facebook.com\/ConfederacioMundialPenyesFCB","article_published_time":"2025-03-26T09:19:25+00:00","article_modified_time":"2025-03-27T14:55:16+00:00","og_image":[{"width":1637,"height":762,"url":"https:\/\/confederaciopenyes.cat\/wp-content\/uploads\/2025\/03\/Sor-Lucia-Torrelameu-1.jpg","type":"image\/jpeg"}],"author":"Confederaci\u00f3 Mundial de Penyes del FC Barcelona","twitter_card":"summary_large_image","twitter_creator":"@ConfePenyesFCB","twitter_site":"@ConfePenyesFCB","twitter_misc":{"Escrito por":"Confederaci\u00f3 Mundial de Penyes del FC Barcelona","Tiempo de lectura":"3 minutos"},"schema":{"@context":"https:\/\/schema.org","@graph":[{"@type":"Article","@id":"https:\/\/confederaciopenyes.cat\/es\/sor-lucia-caram-comparte-sus-experiencias-en-la-pb-torrelameu\/#article","isPartOf":{"@id":"https:\/\/confederaciopenyes.cat\/es\/sor-lucia-caram-comparte-sus-experiencias-en-la-pb-torrelameu\/"},"author":{"name":"Confederaci\u00f3 Mundial de Penyes del FC Barcelona","@id":"https:\/\/confederaciopenyes.cat\/es\/#\/schema\/person\/337072f6daef87a85aa59aa1f134387c"},"headline":"Sor Luc\u00eda Caram comparte sus experiencias en la PB Torrelameu","datePublished":"2025-03-26T09:19:25+00:00","dateModified":"2025-03-27T14:55:16+00:00","mainEntityOfPage":{"@id":"https:\/\/confederaciopenyes.cat\/es\/sor-lucia-caram-comparte-sus-experiencias-en-la-pb-torrelameu\/"},"wordCount":327,"publisher":{"@id":"https:\/\/confederaciopenyes.cat\/es\/#organization"},"image":{"@id":"https:\/\/confederaciopenyes.cat\/es\/sor-lucia-caram-comparte-sus-experiencias-en-la-pb-torrelameu\/#primaryimage"},"thumbnailUrl":"https:\/\/confederaciopenyes.cat\/wp-content\/uploads\/2025\/03\/Sor-Lucia-Torrelameu-1.jpg","keywords":["confederaci\u00f3 mundial penyes","noticias","PB Torrelameu","pe\u00f1as","solidaridad","Sor Luc\u00eda Caram"],"articleSection":["Noticias"],"inLanguage":"es"},{"@type":"WebPage","@id":"https:\/\/confederaciopenyes.cat\/es\/sor-lucia-caram-comparte-sus-experiencias-en-la-pb-torrelameu\/","url":"https:\/\/confederaciopenyes.cat\/es\/sor-lucia-caram-comparte-sus-experiencias-en-la-pb-torrelameu\/","name":"Sor Luc\u00eda Caram visita a la PB Torrelameu - Confederaci\u00f3 M. Penyes","isPartOf":{"@id":"https:\/\/confederaciopenyes.cat\/es\/#website"},"primaryImageOfPage":{"@id":"https:\/\/confederaciopenyes.cat\/es\/sor-lucia-caram-comparte-sus-experiencias-en-la-pb-torrelameu\/#primaryimage"},"image":{"@id":"https:\/\/confederaciopenyes.cat\/es\/sor-lucia-caram-comparte-sus-experiencias-en-la-pb-torrelameu\/#primaryimage"},"thumbnailUrl":"https:\/\/confederaciopenyes.cat\/wp-content\/uploads\/2025\/03\/Sor-Lucia-Torrelameu-1.jpg","datePublished":"2025-03-26T09:19:25+00:00","dateModified":"2025-03-27T14:55:16+00:00","description":"Sor Luc\u00eda Caram volvi\u00f3 a visitar a la PB Torrelameu para hablar de sus vivencias en los territorios afectados por la guerra en Ucrania.","breadcrumb":{"@id":"https:\/\/confederaciopenyes.cat\/es\/sor-lucia-caram-comparte-sus-experiencias-en-la-pb-torrelameu\/#breadcrumb"},"inLanguage":"es","potentialAction":[{"@type":"ReadAction","target":["https:\/\/confederaciopenyes.cat\/es\/sor-lucia-caram-comparte-sus-experiencias-en-la-pb-torrelameu\/"]}]},{"@type":"ImageObject","inLanguage":"es","@id":"https:\/\/confederaciopenyes.cat\/es\/sor-lucia-caram-comparte-sus-experiencias-en-la-pb-torrelameu\/#primaryimage","url":"https:\/\/confederaciopenyes.cat\/wp-content\/uploads\/2025\/03\/Sor-Lucia-Torrelameu-1.jpg","contentUrl":"https:\/\/confederaciopenyes.cat\/wp-content\/uploads\/2025\/03\/Sor-Lucia-Torrelameu-1.jpg","width":1637,"height":762},{"@type":"BreadcrumbList","@id":"https:\/\/confederaciopenyes.cat\/es\/sor-lucia-caram-comparte-sus-experiencias-en-la-pb-torrelameu\/#breadcrumb","itemListElement":[{"@type":"ListItem","position":1,"name":"Portada","item":"https:\/\/confederaciopenyes.cat\/es\/"},{"@type":"ListItem","position":2,"name":"Sor Luc\u00eda Caram comparte sus experiencias en la PB Torrelameu"}]},{"@type":"WebSite","@id":"https:\/\/confederaciopenyes.cat\/es\/#website","url":"https:\/\/confederaciopenyes.cat\/es\/","name":"Confederaci\u00f3 Mundial de Penyes del FC Barcelona","description":"C.M. Penyes FC Barcelona","publisher":{"@id":"https:\/\/confederaciopenyes.cat\/es\/#organization"},"potentialAction":[{"@type":"SearchAction","target":{"@type":"EntryPoint","urlTemplate":"https:\/\/confederaciopenyes.cat\/es\/?s={search_term_string}"},"query-input":{"@type":"PropertyValueSpecification","valueRequired":true,"valueName":"search_term_string"}}],"inLanguage":"es"},{"@type":"Organization","@id":"https:\/\/confederaciopenyes.cat\/es\/#organization","name":"Confederaci\u00f3 Mundial de Penyes del FC Barcelona","url":"https:\/\/confederaciopenyes.cat\/es\/","logo":{"@type":"ImageObject","inLanguage":"es","@id":"https:\/\/confederaciopenyes.cat\/es\/#\/schema\/logo\/image\/","url":"https:\/\/confederaciopenyes.cat\/wp-content\/uploads\/2022\/07\/cropped-logo_horizontal.png","contentUrl":"https:\/\/confederaciopenyes.cat\/wp-content\/uploads\/2022\/07\/cropped-logo_horizontal.png","width":1320,"height":309,"caption":"Confederaci\u00f3 Mundial de Penyes del FC Barcelona"},"image":{"@id":"https:\/\/confederaciopenyes.cat\/es\/#\/schema\/logo\/image\/"},"sameAs":["https:\/\/www.facebook.com\/ConfederacioMundialPenyesFCB","https:\/\/x.com\/ConfePenyesFCB","https:\/\/www.instagram.com\/confepenyesfcb\/"]},{"@type":"Person","@id":"https:\/\/confederaciopenyes.cat\/es\/#\/schema\/person\/337072f6daef87a85aa59aa1f134387c","name":"Confederaci\u00f3 Mundial de Penyes del FC Barcelona","image":{"@type":"ImageObject","inLanguage":"es","@id":"https:\/\/secure.gravatar.com\/avatar\/98c60c7405ff843b10aec55db652bd3f5cb4320ef331ae76c156819a62194328?s=96&d=mm&r=g","url":"https:\/\/secure.gravatar.com\/avatar\/98c60c7405ff843b10aec55db652bd3f5cb4320ef331ae76c156819a62194328?s=96&d=mm&r=g","contentUrl":"https:\/\/secure.gravatar.com\/avatar\/98c60c7405ff843b10aec55db652bd3f5cb4320ef331ae76c156819a62194328?s=96&d=mm&r=g","caption":"Confederaci\u00f3 Mundial de Penyes del FC Barcelona"},"url":"https:\/\/confederaciopenyes.cat\/es\/author\/comunicacioconfederaciopenyes-cat\/"}]}},"_links":{"self":[{"href":"https:\/\/confederaciopenyes.cat\/es\/wp-json\/wp\/v2\/posts\/30294","targetHints":{"allow":["GET"]}}],"collection":[{"href":"https:\/\/confederaciopenyes.cat\/es\/wp-json\/wp\/v2\/posts"}],"about":[{"href":"https:\/\/confederaciopenyes.cat\/es\/wp-json\/wp\/v2\/types\/post"}],"author":[{"embeddable":true,"href":"https:\/\/confederaciopenyes.cat\/es\/wp-json\/wp\/v2\/users\/4"}],"replies":[{"embeddable":true,"href":"https:\/\/confederaciopenyes.cat\/es\/wp-json\/wp\/v2\/comments?post=30294"}],"version-history":[{"count":3,"href":"https:\/\/confederaciopenyes.cat\/es\/wp-json\/wp\/v2\/posts\/30294\/revisions"}],"predecessor-version":[{"id":30376,"href":"https:\/\/confederaciopenyes.cat\/es\/wp-json\/wp\/v2\/posts\/30294\/revisions\/30376"}],"wp:featuredmedia":[{"embeddable":true,"href":"https:\/\/confederaciopenyes.cat\/es\/wp-json\/wp\/v2\/media\/30272"}],"wp:attachment":[{"href":"https:\/\/confederaciopenyes.cat\/es\/wp-json\/wp\/v2\/media?parent=30294"}],"wp:term":[{"taxonomy":"category","embeddable":true,"href":"https:\/\/confederaciopenyes.cat\/es\/wp-json\/wp\/v2\/categories?post=30294"},{"taxonomy":"post_tag","embeddable":true,"href":"https:\/\/confederaciopenyes.cat\/es\/wp-json\/wp\/v2\/tags?post=30294"}],"curies":[{"name":"wp","href":"https:\/\/api.w.org\/{rel}","templated":true}]}}