{"id":31068,"date":"2025-04-24T12:22:35","date_gmt":"2025-04-24T10:22:35","guid":{"rendered":"https:\/\/confederaciopenyes.cat\/las-penas-protagonizan-otro-sant-jordi-azulgrana\/"},"modified":"2025-04-24T12:40:19","modified_gmt":"2025-04-24T10:40:19","slug":"las-penas-protagonizan-otro-sant-jordi-azulgrana","status":"publish","type":"post","link":"https:\/\/confederaciopenyes.cat\/es\/las-penas-protagonizan-otro-sant-jordi-azulgrana\/","title":{"rendered":"Las pe\u00f1as protagonizan otro Sant Jordi azulgrana"},"content":{"rendered":"\n<p>Como cada a\u00f1o, la<strong> Diada de Sant Jordi<\/strong> llen\u00f3 las calles de rosas y libros, y el<strong> movimiento de pe\u00f1as barcelonistas no falt\u00f3 para a\u00f1adir el toque azulgrana <\/strong>a esta fiesta tan especial en todo el territorio catal\u00e1n. Con la<strong> ayuda de la Confederaci\u00f3 Mundial de Penyes y las respectivas Federaciones territoriales<\/strong>, muchas entidades barcelonistas instalaron<strong> sus propias paradas en sus localidades<\/strong>, donde lucieron los colores del Bar\u00e7a y contribuyeron a la fiesta con<strong> libros, rosas y otros art\u00edculos azulgranas<\/strong>. Tambi\u00e9n incluyeron obsequios de las pe\u00f1as y aprovecharon para dar informaci\u00f3n a los visitantes.  <\/p>\n\n<p>Entre otras muchas, fue el caso de la <strong><a href=\"https:\/\/www.instagram.com\/pblapulgadecastelldefels\/\" target=\"_blank\" rel=\"noreferrer noopener\">PB La Pulga de Castelldefels <\/a><\/strong>y la <strong><a href=\"https:\/\/www.instagram.com\/pbsantandreudelabarca\/\" target=\"_blank\" rel=\"noreferrer noopener\">PB Sant Andreu de la Barca<\/a><\/strong> (Fed. Baix Llobregat); la<strong><a href=\"https:\/\/www.facebook.com\/groups\/224455050927661\/\" target=\"_blank\" rel=\"noreferrer noopener\"> PB Les Corts<\/a><\/strong> (Fed. Barcelon\u00e8s Oest); la <strong><a href=\"https:\/\/www.instagram.com\/penya_tsunamiblaugrana\/\" target=\"_blank\" rel=\"noreferrer noopener\">PB Tsunami Blaugrana<\/a><\/strong> (Fed. Barcelon\u00e8s Est); la <strong><a href=\"https:\/\/www.facebook.com\/penyabarcelonistamataroficial\" target=\"_blank\" rel=\"noreferrer noopener\">PB Matar\u00f3<\/a><\/strong> y la <strong>PB Premi\u00e0 de Dalt <\/strong>(Fed. Maresme); la<strong><a href=\"https:\/\/x.com\/PBJ_Cerdanyola\" target=\"_blank\" rel=\"noreferrer noopener\"> PB Jove de Cerdanyola <\/a><\/strong>(Fed. Vall\u00e8s); y la<strong><a href=\"https:\/\/www.instagram.com\/somunsentiment\/\" target=\"_blank\" rel=\"noreferrer noopener\"> PB Som un Sentiment<\/a><\/strong> (Fed. Lleida Sud i la Franja). Otras entidades internacionales como la<strong><a href=\"https:\/\/www.instagram.com\/penyablaugranalondon\/\" target=\"_blank\" rel=\"noreferrer noopener\"> PB London<\/a><\/strong>, la <strong><a href=\"https:\/\/www.instagram.com\/penyaxilefcb\/\" target=\"_blank\" rel=\"noreferrer noopener\">PB Santiago de Xile <\/a><\/strong>o la<strong><a href=\"https:\/\/www.instagram.com\/penyabarcala\/\" target=\"_blank\" rel=\"noreferrer noopener\"> PB Los \u00c1ngeles<\/a><\/strong> aprovecharon su estancia en Barcelona para<strong> participar de la fiesta y mostrar sus colores<\/strong>.<\/p>\n\n<figure class=\"wp-block-gallery has-nested-images columns-default is-cropped wp-block-gallery-1 is-layout-flex wp-block-gallery-is-layout-flex\">\n<figure class=\"wp-block-image size-large\"><a href=\"https:\/\/confederaciopenyes.cat\/wp-content\/uploads\/2025\/04\/PB-Jove-Cerdanyola.jpg\"><img decoding=\"async\" width=\"1024\" height=\"1024\" data-id=\"31023\" data-src=\"https:\/\/confederaciopenyes.cat\/wp-content\/uploads\/2025\/04\/PB-Jove-Cerdanyola-1024x1024.jpg\" alt=\"\" class=\"wp-image-31023 lazyload\" data-srcset=\"https:\/\/confederaciopenyes.cat\/wp-content\/uploads\/2025\/04\/PB-Jove-Cerdanyola-1024x1024.jpg 1024w, https:\/\/confederaciopenyes.cat\/wp-content\/uploads\/2025\/04\/PB-Jove-Cerdanyola-300x300.jpg 300w, https:\/\/confederaciopenyes.cat\/wp-content\/uploads\/2025\/04\/PB-Jove-Cerdanyola-150x150.jpg 150w, https:\/\/confederaciopenyes.cat\/wp-content\/uploads\/2025\/04\/PB-Jove-Cerdanyola-768x768.jpg 768w, https:\/\/confederaciopenyes.cat\/wp-content\/uploads\/2025\/04\/PB-Jove-Cerdanyola.jpg 1536w\" data-sizes=\"(max-width: 1024px) 100vw, 1024px\" src=\"data:image\/svg+xml;base64,PHN2ZyB3aWR0aD0iMSIgaGVpZ2h0PSIxIiB4bWxucz0iaHR0cDovL3d3dy53My5vcmcvMjAwMC9zdmciPjwvc3ZnPg==\" style=\"--smush-placeholder-width: 1024px; --smush-placeholder-aspect-ratio: 1024\/1024;\" \/><\/a><\/figure>\n\n\n\n<figure class=\"wp-block-image size-large\"><a href=\"https:\/\/confederaciopenyes.cat\/wp-content\/uploads\/2025\/04\/492160439_10233197519951973_413901644711456091_n-edited.jpg\"><img decoding=\"async\" width=\"800\" height=\"800\" data-id=\"31064\" data-src=\"https:\/\/confederaciopenyes.cat\/wp-content\/uploads\/2025\/04\/492160439_10233197519951973_413901644711456091_n-edited.jpg\" alt=\"\" class=\"wp-image-31064 lazyload\" data-srcset=\"https:\/\/confederaciopenyes.cat\/wp-content\/uploads\/2025\/04\/492160439_10233197519951973_413901644711456091_n-edited.jpg 800w, https:\/\/confederaciopenyes.cat\/wp-content\/uploads\/2025\/04\/492160439_10233197519951973_413901644711456091_n-edited-300x300.jpg 300w, https:\/\/confederaciopenyes.cat\/wp-content\/uploads\/2025\/04\/492160439_10233197519951973_413901644711456091_n-edited-150x150.jpg 150w, https:\/\/confederaciopenyes.cat\/wp-content\/uploads\/2025\/04\/492160439_10233197519951973_413901644711456091_n-edited-768x768.jpg 768w\" data-sizes=\"(max-width: 800px) 100vw, 800px\" src=\"data:image\/svg+xml;base64,PHN2ZyB3aWR0aD0iMSIgaGVpZ2h0PSIxIiB4bWxucz0iaHR0cDovL3d3dy53My5vcmcvMjAwMC9zdmciPjwvc3ZnPg==\" style=\"--smush-placeholder-width: 800px; --smush-placeholder-aspect-ratio: 800\/800;\" \/><\/a><\/figure>\n\n\n\n<figure class=\"wp-block-image size-large\"><a href=\"https:\/\/confederaciopenyes.cat\/wp-content\/uploads\/2025\/04\/PB-Som-un-Sentiment-1.jpg\"><img decoding=\"async\" width=\"979\" height=\"1024\" data-id=\"31019\" data-src=\"https:\/\/confederaciopenyes.cat\/wp-content\/uploads\/2025\/04\/PB-Som-un-Sentiment-1-979x1024.jpg\" alt=\"\" class=\"wp-image-31019 lazyload\" data-srcset=\"https:\/\/confederaciopenyes.cat\/wp-content\/uploads\/2025\/04\/PB-Som-un-Sentiment-1-979x1024.jpg 979w, https:\/\/confederaciopenyes.cat\/wp-content\/uploads\/2025\/04\/PB-Som-un-Sentiment-1-287x300.jpg 287w, https:\/\/confederaciopenyes.cat\/wp-content\/uploads\/2025\/04\/PB-Som-un-Sentiment-1-768x803.jpg 768w, https:\/\/confederaciopenyes.cat\/wp-content\/uploads\/2025\/04\/PB-Som-un-Sentiment-1.jpg 1179w\" data-sizes=\"(max-width: 979px) 100vw, 979px\" src=\"data:image\/svg+xml;base64,PHN2ZyB3aWR0aD0iMSIgaGVpZ2h0PSIxIiB4bWxucz0iaHR0cDovL3d3dy53My5vcmcvMjAwMC9zdmciPjwvc3ZnPg==\" style=\"--smush-placeholder-width: 979px; --smush-placeholder-aspect-ratio: 979\/1024;\" \/><\/a><\/figure>\n\n\n\n<figure class=\"wp-block-image size-large\"><a href=\"https:\/\/confederaciopenyes.cat\/wp-content\/uploads\/2025\/04\/PB-London-2.jpg\"><img decoding=\"async\" width=\"590\" height=\"590\" data-id=\"31011\" data-src=\"https:\/\/confederaciopenyes.cat\/wp-content\/uploads\/2025\/04\/PB-London-2.jpg\" alt=\"\" class=\"wp-image-31011 lazyload\" data-srcset=\"https:\/\/confederaciopenyes.cat\/wp-content\/uploads\/2025\/04\/PB-London-2.jpg 590w, https:\/\/confederaciopenyes.cat\/wp-content\/uploads\/2025\/04\/PB-London-2-300x300.jpg 300w, https:\/\/confederaciopenyes.cat\/wp-content\/uploads\/2025\/04\/PB-London-2-150x150.jpg 150w\" data-sizes=\"(max-width: 590px) 100vw, 590px\" src=\"data:image\/svg+xml;base64,PHN2ZyB3aWR0aD0iMSIgaGVpZ2h0PSIxIiB4bWxucz0iaHR0cDovL3d3dy53My5vcmcvMjAwMC9zdmciPjwvc3ZnPg==\" style=\"--smush-placeholder-width: 590px; --smush-placeholder-aspect-ratio: 590\/590;\" \/><\/a><\/figure>\n\n\n\n<figure class=\"wp-block-image size-large\"><a href=\"https:\/\/confederaciopenyes.cat\/wp-content\/uploads\/2025\/04\/PB-Tsunami-1.jpg\"><img decoding=\"async\" width=\"1024\" height=\"1024\" data-id=\"31061\" data-src=\"https:\/\/confederaciopenyes.cat\/wp-content\/uploads\/2025\/04\/PB-Tsunami-1-1024x1024.jpg\" alt=\"\" class=\"wp-image-31061 lazyload\" data-srcset=\"https:\/\/confederaciopenyes.cat\/wp-content\/uploads\/2025\/04\/PB-Tsunami-1-1024x1024.jpg 1024w, https:\/\/confederaciopenyes.cat\/wp-content\/uploads\/2025\/04\/PB-Tsunami-1-300x300.jpg 300w, https:\/\/confederaciopenyes.cat\/wp-content\/uploads\/2025\/04\/PB-Tsunami-1-150x150.jpg 150w, https:\/\/confederaciopenyes.cat\/wp-content\/uploads\/2025\/04\/PB-Tsunami-1-768x768.jpg 768w, https:\/\/confederaciopenyes.cat\/wp-content\/uploads\/2025\/04\/PB-Tsunami-1-1536x1536.jpg 1536w, https:\/\/confederaciopenyes.cat\/wp-content\/uploads\/2025\/04\/PB-Tsunami-1.jpg 1960w\" data-sizes=\"(max-width: 1024px) 100vw, 1024px\" src=\"data:image\/svg+xml;base64,PHN2ZyB3aWR0aD0iMSIgaGVpZ2h0PSIxIiB4bWxucz0iaHR0cDovL3d3dy53My5vcmcvMjAwMC9zdmciPjwvc3ZnPg==\" style=\"--smush-placeholder-width: 1024px; --smush-placeholder-aspect-ratio: 1024\/1024;\" \/><\/a><\/figure>\n\n\n\n<figure class=\"wp-block-image size-large\"><a href=\"https:\/\/confederaciopenyes.cat\/wp-content\/uploads\/2025\/04\/PB-Xile-4.jpg\"><img decoding=\"async\" width=\"1024\" height=\"1024\" data-id=\"31032\" data-src=\"https:\/\/confederaciopenyes.cat\/wp-content\/uploads\/2025\/04\/PB-Xile-4-1024x1024.jpg\" alt=\"\" class=\"wp-image-31032 lazyload\" data-srcset=\"https:\/\/confederaciopenyes.cat\/wp-content\/uploads\/2025\/04\/PB-Xile-4-1024x1024.jpg 1024w, https:\/\/confederaciopenyes.cat\/wp-content\/uploads\/2025\/04\/PB-Xile-4-300x300.jpg 300w, https:\/\/confederaciopenyes.cat\/wp-content\/uploads\/2025\/04\/PB-Xile-4-150x150.jpg 150w, https:\/\/confederaciopenyes.cat\/wp-content\/uploads\/2025\/04\/PB-Xile-4-768x768.jpg 768w, https:\/\/confederaciopenyes.cat\/wp-content\/uploads\/2025\/04\/PB-Xile-4.jpg 1536w\" data-sizes=\"(max-width: 1024px) 100vw, 1024px\" src=\"data:image\/svg+xml;base64,PHN2ZyB3aWR0aD0iMSIgaGVpZ2h0PSIxIiB4bWxucz0iaHR0cDovL3d3dy53My5vcmcvMjAwMC9zdmciPjwvc3ZnPg==\" style=\"--smush-placeholder-width: 1024px; --smush-placeholder-aspect-ratio: 1024\/1024;\" \/><\/a><\/figure>\n\n\n\n<figure class=\"wp-block-image size-large\"><a href=\"https:\/\/confederaciopenyes.cat\/wp-content\/uploads\/2025\/04\/PB-Los-Angeles-7.jpg\"><img decoding=\"async\" width=\"1024\" height=\"921\" data-id=\"31025\" data-src=\"https:\/\/confederaciopenyes.cat\/wp-content\/uploads\/2025\/04\/PB-Los-Angeles-7-1024x921.jpg\" alt=\"\" class=\"wp-image-31025 lazyload\" data-srcset=\"https:\/\/confederaciopenyes.cat\/wp-content\/uploads\/2025\/04\/PB-Los-Angeles-7-1024x921.jpg 1024w, https:\/\/confederaciopenyes.cat\/wp-content\/uploads\/2025\/04\/PB-Los-Angeles-7-300x270.jpg 300w, https:\/\/confederaciopenyes.cat\/wp-content\/uploads\/2025\/04\/PB-Los-Angeles-7-768x691.jpg 768w, https:\/\/confederaciopenyes.cat\/wp-content\/uploads\/2025\/04\/PB-Los-Angeles-7.jpg 1290w\" data-sizes=\"(max-width: 1024px) 100vw, 1024px\" src=\"data:image\/svg+xml;base64,PHN2ZyB3aWR0aD0iMSIgaGVpZ2h0PSIxIiB4bWxucz0iaHR0cDovL3d3dy53My5vcmcvMjAwMC9zdmciPjwvc3ZnPg==\" style=\"--smush-placeholder-width: 1024px; --smush-placeholder-aspect-ratio: 1024\/921;\" \/><\/a><\/figure>\n\n\n\n<figure class=\"wp-block-image size-large\"><a href=\"https:\/\/confederaciopenyes.cat\/wp-content\/uploads\/2025\/04\/WhatsApp-Image-2025-04-24-at-09.30.33-edited.jpeg\"><img decoding=\"async\" width=\"1080\" height=\"720\" data-id=\"31035\" data-src=\"https:\/\/confederaciopenyes.cat\/wp-content\/uploads\/2025\/04\/WhatsApp-Image-2025-04-24-at-09.30.33-edited.jpeg\" alt=\"\" class=\"wp-image-31035 lazyload\" data-srcset=\"https:\/\/confederaciopenyes.cat\/wp-content\/uploads\/2025\/04\/WhatsApp-Image-2025-04-24-at-09.30.33-edited.jpeg 1080w, https:\/\/confederaciopenyes.cat\/wp-content\/uploads\/2025\/04\/WhatsApp-Image-2025-04-24-at-09.30.33-edited-300x200.jpeg 300w, https:\/\/confederaciopenyes.cat\/wp-content\/uploads\/2025\/04\/WhatsApp-Image-2025-04-24-at-09.30.33-edited-1024x683.jpeg 1024w, https:\/\/confederaciopenyes.cat\/wp-content\/uploads\/2025\/04\/WhatsApp-Image-2025-04-24-at-09.30.33-edited-768x512.jpeg 768w\" data-sizes=\"(max-width: 1080px) 100vw, 1080px\" src=\"data:image\/svg+xml;base64,PHN2ZyB3aWR0aD0iMSIgaGVpZ2h0PSIxIiB4bWxucz0iaHR0cDovL3d3dy53My5vcmcvMjAwMC9zdmciPjwvc3ZnPg==\" style=\"--smush-placeholder-width: 1080px; --smush-placeholder-aspect-ratio: 1080\/720;\" \/><\/a><\/figure>\n\n\n\n<figure class=\"wp-block-image size-large\"><a href=\"https:\/\/confederaciopenyes.cat\/wp-content\/uploads\/2025\/04\/PB-Som-un-Sentiment-2.jpg\"><img decoding=\"async\" width=\"1024\" height=\"1024\" data-id=\"31014\" data-src=\"https:\/\/confederaciopenyes.cat\/wp-content\/uploads\/2025\/04\/PB-Som-un-Sentiment-2-1024x1024.jpg\" alt=\"\" class=\"wp-image-31014 lazyload\" data-srcset=\"https:\/\/confederaciopenyes.cat\/wp-content\/uploads\/2025\/04\/PB-Som-un-Sentiment-2-1024x1024.jpg 1024w, https:\/\/confederaciopenyes.cat\/wp-content\/uploads\/2025\/04\/PB-Som-un-Sentiment-2-300x300.jpg 300w, https:\/\/confederaciopenyes.cat\/wp-content\/uploads\/2025\/04\/PB-Som-un-Sentiment-2-150x150.jpg 150w, https:\/\/confederaciopenyes.cat\/wp-content\/uploads\/2025\/04\/PB-Som-un-Sentiment-2-768x768.jpg 768w, https:\/\/confederaciopenyes.cat\/wp-content\/uploads\/2025\/04\/PB-Som-un-Sentiment-2.jpg 1179w\" data-sizes=\"(max-width: 1024px) 100vw, 1024px\" src=\"data:image\/svg+xml;base64,PHN2ZyB3aWR0aD0iMSIgaGVpZ2h0PSIxIiB4bWxucz0iaHR0cDovL3d3dy53My5vcmcvMjAwMC9zdmciPjwvc3ZnPg==\" style=\"--smush-placeholder-width: 1024px; --smush-placeholder-aspect-ratio: 1024\/1024;\" \/><\/a><\/figure>\n\n\n\n<figure class=\"wp-block-image size-large\"><a href=\"https:\/\/confederaciopenyes.cat\/wp-content\/uploads\/2025\/04\/PB-London-1-1.jpg\"><img decoding=\"async\" width=\"590\" height=\"590\" data-id=\"31008\" data-src=\"https:\/\/confederaciopenyes.cat\/wp-content\/uploads\/2025\/04\/PB-London-1-1.jpg\" alt=\"\" class=\"wp-image-31008 lazyload\" data-srcset=\"https:\/\/confederaciopenyes.cat\/wp-content\/uploads\/2025\/04\/PB-London-1-1.jpg 590w, https:\/\/confederaciopenyes.cat\/wp-content\/uploads\/2025\/04\/PB-London-1-1-300x300.jpg 300w, https:\/\/confederaciopenyes.cat\/wp-content\/uploads\/2025\/04\/PB-London-1-1-150x150.jpg 150w\" data-sizes=\"(max-width: 590px) 100vw, 590px\" src=\"data:image\/svg+xml;base64,PHN2ZyB3aWR0aD0iMSIgaGVpZ2h0PSIxIiB4bWxucz0iaHR0cDovL3d3dy53My5vcmcvMjAwMC9zdmciPjwvc3ZnPg==\" style=\"--smush-placeholder-width: 590px; --smush-placeholder-aspect-ratio: 590\/590;\" \/><\/a><\/figure>\n\n\n\n<figure class=\"wp-block-image size-large\"><a href=\"https:\/\/confederaciopenyes.cat\/wp-content\/uploads\/2025\/04\/WhatsApp-Image-2025-04-24-at-11.49.38.jpeg\"><img decoding=\"async\" width=\"1024\" height=\"576\" data-id=\"31038\" data-src=\"https:\/\/confederaciopenyes.cat\/wp-content\/uploads\/2025\/04\/WhatsApp-Image-2025-04-24-at-11.49.38-1024x576.jpeg\" alt=\"\" class=\"wp-image-31038 lazyload\" data-srcset=\"https:\/\/confederaciopenyes.cat\/wp-content\/uploads\/2025\/04\/WhatsApp-Image-2025-04-24-at-11.49.38-1024x576.jpeg 1024w, https:\/\/confederaciopenyes.cat\/wp-content\/uploads\/2025\/04\/WhatsApp-Image-2025-04-24-at-11.49.38-300x169.jpeg 300w, https:\/\/confederaciopenyes.cat\/wp-content\/uploads\/2025\/04\/WhatsApp-Image-2025-04-24-at-11.49.38-768x432.jpeg 768w, https:\/\/confederaciopenyes.cat\/wp-content\/uploads\/2025\/04\/WhatsApp-Image-2025-04-24-at-11.49.38-1536x864.jpeg 1536w, https:\/\/confederaciopenyes.cat\/wp-content\/uploads\/2025\/04\/WhatsApp-Image-2025-04-24-at-11.49.38.jpeg 2048w\" data-sizes=\"(max-width: 1024px) 100vw, 1024px\" src=\"data:image\/svg+xml;base64,PHN2ZyB3aWR0aD0iMSIgaGVpZ2h0PSIxIiB4bWxucz0iaHR0cDovL3d3dy53My5vcmcvMjAwMC9zdmciPjwvc3ZnPg==\" style=\"--smush-placeholder-width: 1024px; --smush-placeholder-aspect-ratio: 1024\/576;\" \/><\/a><\/figure>\n\n\n\n<figure class=\"wp-block-image size-large\"><a href=\"https:\/\/confederaciopenyes.cat\/wp-content\/uploads\/2025\/04\/PB-Tsunami-3.jpg\"><img decoding=\"async\" width=\"1024\" height=\"1024\" data-id=\"31058\" data-src=\"https:\/\/confederaciopenyes.cat\/wp-content\/uploads\/2025\/04\/PB-Tsunami-3-1024x1024.jpg\" alt=\"\" class=\"wp-image-31058 lazyload\" data-srcset=\"https:\/\/confederaciopenyes.cat\/wp-content\/uploads\/2025\/04\/PB-Tsunami-3-1024x1024.jpg 1024w, https:\/\/confederaciopenyes.cat\/wp-content\/uploads\/2025\/04\/PB-Tsunami-3-300x300.jpg 300w, https:\/\/confederaciopenyes.cat\/wp-content\/uploads\/2025\/04\/PB-Tsunami-3-150x150.jpg 150w, https:\/\/confederaciopenyes.cat\/wp-content\/uploads\/2025\/04\/PB-Tsunami-3-768x768.jpg 768w, https:\/\/confederaciopenyes.cat\/wp-content\/uploads\/2025\/04\/PB-Tsunami-3-1536x1536.jpg 1536w, https:\/\/confederaciopenyes.cat\/wp-content\/uploads\/2025\/04\/PB-Tsunami-3.jpg 1960w\" data-sizes=\"(max-width: 1024px) 100vw, 1024px\" src=\"data:image\/svg+xml;base64,PHN2ZyB3aWR0aD0iMSIgaGVpZ2h0PSIxIiB4bWxucz0iaHR0cDovL3d3dy53My5vcmcvMjAwMC9zdmciPjwvc3ZnPg==\" style=\"--smush-placeholder-width: 1024px; --smush-placeholder-aspect-ratio: 1024\/1024;\" \/><\/a><\/figure>\n<\/figure>\n\n<p><\/p>\n\n<h6 class=\"wp-block-heading\" id=\"h-6&#xAA;-concurs-de-relats-curts-de-la-pb-villabalter\"><strong>6\u00aa Concurso de Relatos Cortos de la PB Villabalter<\/strong><\/h6>\n\n<p>Fuera del territorio catal\u00e1n, una de las pe\u00f1as que cada a\u00f1o celebra Sant Jordi de una forma azulgrana especial es la<strong><a href=\"https:\/\/www.instagram.com\/pbvillabalter\/\" target=\"_blank\" rel=\"noreferrer noopener\"> PB Villabalter<\/a><\/strong> (Fed. Castilla y Le\u00f3n) con su <strong>Concurso de Relatos Cortos<\/strong>. Este a\u00f1o, ya ha <strong>entregado los premios de la 6\u00aa edici\u00f3n de esta iniciativa<\/strong>, con la cual busca<strong> fomentar la escritura y la inspiraci\u00f3n<\/strong> entre sus miembros, que con no m\u00e1s de cien palabras tienen que explicar una <strong>historia relacionada con el 125\u00ba aniversario del Bar\u00e7a<\/strong>. <\/p>\n\n<figure class=\"wp-block-gallery has-nested-images columns-default is-cropped wp-block-gallery-2 is-layout-flex wp-block-gallery-is-layout-flex\">\n<figure class=\"wp-block-image size-large\"><a href=\"https:\/\/confederaciopenyes.cat\/wp-content\/uploads\/2025\/04\/WhatsApp-Image-2025-04-23-at-21.44.27-edited.jpeg\"><img decoding=\"async\" width=\"1500\" height=\"1000\" data-id=\"31053\" data-src=\"https:\/\/confederaciopenyes.cat\/wp-content\/uploads\/2025\/04\/WhatsApp-Image-2025-04-23-at-21.44.27-edited.jpeg\" alt=\"\" class=\"wp-image-31053 lazyload\" data-srcset=\"https:\/\/confederaciopenyes.cat\/wp-content\/uploads\/2025\/04\/WhatsApp-Image-2025-04-23-at-21.44.27-edited.jpeg 1500w, https:\/\/confederaciopenyes.cat\/wp-content\/uploads\/2025\/04\/WhatsApp-Image-2025-04-23-at-21.44.27-edited-300x200.jpeg 300w, https:\/\/confederaciopenyes.cat\/wp-content\/uploads\/2025\/04\/WhatsApp-Image-2025-04-23-at-21.44.27-edited-1024x683.jpeg 1024w, https:\/\/confederaciopenyes.cat\/wp-content\/uploads\/2025\/04\/WhatsApp-Image-2025-04-23-at-21.44.27-edited-768x512.jpeg 768w\" data-sizes=\"(max-width: 1500px) 100vw, 1500px\" src=\"data:image\/svg+xml;base64,PHN2ZyB3aWR0aD0iMSIgaGVpZ2h0PSIxIiB4bWxucz0iaHR0cDovL3d3dy53My5vcmcvMjAwMC9zdmciPjwvc3ZnPg==\" style=\"--smush-placeholder-width: 1500px; --smush-placeholder-aspect-ratio: 1500\/1000;\" \/><\/a><\/figure>\n\n\n\n<figure class=\"wp-block-image size-large\"><a href=\"https:\/\/confederaciopenyes.cat\/wp-content\/uploads\/2025\/04\/WhatsApp-Image-2025-04-23-at-21.44.27-1-edited.jpeg\"><img decoding=\"async\" width=\"1500\" height=\"1000\" data-id=\"31050\" data-src=\"https:\/\/confederaciopenyes.cat\/wp-content\/uploads\/2025\/04\/WhatsApp-Image-2025-04-23-at-21.44.27-1-edited.jpeg\" alt=\"\" class=\"wp-image-31050 lazyload\" data-srcset=\"https:\/\/confederaciopenyes.cat\/wp-content\/uploads\/2025\/04\/WhatsApp-Image-2025-04-23-at-21.44.27-1-edited.jpeg 1500w, https:\/\/confederaciopenyes.cat\/wp-content\/uploads\/2025\/04\/WhatsApp-Image-2025-04-23-at-21.44.27-1-edited-300x200.jpeg 300w, https:\/\/confederaciopenyes.cat\/wp-content\/uploads\/2025\/04\/WhatsApp-Image-2025-04-23-at-21.44.27-1-edited-1024x683.jpeg 1024w, https:\/\/confederaciopenyes.cat\/wp-content\/uploads\/2025\/04\/WhatsApp-Image-2025-04-23-at-21.44.27-1-edited-768x512.jpeg 768w\" data-sizes=\"(max-width: 1500px) 100vw, 1500px\" src=\"data:image\/svg+xml;base64,PHN2ZyB3aWR0aD0iMSIgaGVpZ2h0PSIxIiB4bWxucz0iaHR0cDovL3d3dy53My5vcmcvMjAwMC9zdmciPjwvc3ZnPg==\" style=\"--smush-placeholder-width: 1500px; --smush-placeholder-aspect-ratio: 1500\/1000;\" \/><\/a><\/figure>\n<\/figure>\n","protected":false},"excerpt":{"rendered":"<p>Como cada a\u00f1o, la Diada de Sant Jordi llen\u00f3 las calles de rosas y libros, y el movimiento de pe\u00f1as barcelonistas no falt\u00f3 para a\u00f1adir el toque azulgrana a esta fiesta tan especial en todo el territorio catal\u00e1n. Con la ayuda de la Confederaci\u00f3 Mundial de Penyes y las respectivas Federaciones territoriales, muchas entidades barcelonistas &#8230; <a title=\"Las pe\u00f1as protagonizan otro Sant Jordi azulgrana\" class=\"read-more\" href=\"https:\/\/confederaciopenyes.cat\/es\/las-penas-protagonizan-otro-sant-jordi-azulgrana\/\" aria-label=\"Leer m\u00e1s sobre Las pe\u00f1as protagonizan otro Sant Jordi azulgrana\">Leer m\u00e1s<\/a><\/p>\n","protected":false},"author":4,"featured_media":31007,"comment_status":"closed","ping_status":"open","sticky":false,"template":"","format":"standard","meta":{"_acf_changed":false,"footnotes":""},"categories":[1],"tags":[2556,2554,2555,3630],"class_list":["post-31068","post","type-post","status-publish","format-standard","has-post-thumbnail","hentry","category-noticias-es","tag-confederacio-mundial-de-penyes-es-2","tag-noticias-es","tag-penas-es","tag-sant-jordi-2025-es"],"acf":[],"yoast_head":"<!-- This site is optimized with the Yoast SEO Premium plugin v27.5 (Yoast SEO v27.5) - https:\/\/yoast.com\/product\/yoast-seo-premium-wordpress\/ -->\n<title>Las pe\u00f1as protagonizan otro Sant Jordi azulgrana - C.M.P.<\/title>\n<meta name=\"description\" content=\"Las pe\u00f1as ti\u00f1eron la jornada de Sant Jordi de blaugrana con paradas de libros y rosas, y tambi\u00e9n lo celebraron fuera de Catalu\u00f1a.\" \/>\n<meta name=\"robots\" content=\"index, follow, max-snippet:-1, max-image-preview:large, max-video-preview:-1\" \/>\n<link rel=\"canonical\" href=\"https:\/\/confederaciopenyes.cat\/es\/las-penas-protagonizan-otro-sant-jordi-azulgrana\/\" \/>\n<meta property=\"og:locale\" content=\"es_ES\" \/>\n<meta property=\"og:type\" content=\"article\" \/>\n<meta property=\"og:title\" content=\"Las pe\u00f1as protagonizan otro Sant Jordi azulgrana\" \/>\n<meta property=\"og:description\" content=\"Las pe\u00f1as ti\u00f1eron la jornada de Sant Jordi de blaugrana con paradas de libros y rosas, y tambi\u00e9n lo celebraron fuera de Catalu\u00f1a.\" \/>\n<meta property=\"og:url\" content=\"https:\/\/confederaciopenyes.cat\/es\/las-penas-protagonizan-otro-sant-jordi-azulgrana\/\" \/>\n<meta property=\"og:site_name\" content=\"Confederaci\u00f3 Mundial de Penyes del FC Barcelona\" \/>\n<meta property=\"article:publisher\" content=\"https:\/\/www.facebook.com\/ConfederacioMundialPenyesFCB\" \/>\n<meta property=\"article:published_time\" content=\"2025-04-24T10:22:35+00:00\" \/>\n<meta property=\"article:modified_time\" content=\"2025-04-24T10:40:19+00:00\" \/>\n<meta property=\"og:image\" content=\"https:\/\/confederaciopenyes.cat\/wp-content\/uploads\/2025\/04\/PB-Mataro.jpeg\" \/>\n\t<meta property=\"og:image:width\" content=\"1843\" \/>\n\t<meta property=\"og:image:height\" content=\"1037\" \/>\n\t<meta property=\"og:image:type\" content=\"image\/jpeg\" \/>\n<meta name=\"author\" content=\"Confederaci\u00f3 Mundial de Penyes del FC Barcelona\" \/>\n<meta name=\"twitter:card\" content=\"summary_large_image\" \/>\n<meta name=\"twitter:creator\" content=\"@ConfePenyesFCB\" \/>\n<meta name=\"twitter:site\" content=\"@ConfePenyesFCB\" \/>\n<meta name=\"twitter:label1\" content=\"Escrito por\" \/>\n\t<meta name=\"twitter:data1\" content=\"Confederaci\u00f3 Mundial de Penyes del FC Barcelona\" \/>\n\t<meta name=\"twitter:label2\" content=\"Tiempo de lectura\" \/>\n\t<meta name=\"twitter:data2\" content=\"5 minutos\" \/>\n<script type=\"application\/ld+json\" class=\"yoast-schema-graph\">{\"@context\":\"https:\\\/\\\/schema.org\",\"@graph\":[{\"@type\":\"Article\",\"@id\":\"https:\\\/\\\/confederaciopenyes.cat\\\/es\\\/las-penas-protagonizan-otro-sant-jordi-azulgrana\\\/#article\",\"isPartOf\":{\"@id\":\"https:\\\/\\\/confederaciopenyes.cat\\\/es\\\/las-penas-protagonizan-otro-sant-jordi-azulgrana\\\/\"},\"author\":{\"name\":\"Confederaci\u00f3 Mundial de Penyes del FC Barcelona\",\"@id\":\"https:\\\/\\\/confederaciopenyes.cat\\\/es\\\/#\\\/schema\\\/person\\\/337072f6daef87a85aa59aa1f134387c\"},\"headline\":\"Las pe\u00f1as protagonizan otro Sant Jordi azulgrana\",\"datePublished\":\"2025-04-24T10:22:35+00:00\",\"dateModified\":\"2025-04-24T10:40:19+00:00\",\"mainEntityOfPage\":{\"@id\":\"https:\\\/\\\/confederaciopenyes.cat\\\/es\\\/las-penas-protagonizan-otro-sant-jordi-azulgrana\\\/\"},\"wordCount\":307,\"publisher\":{\"@id\":\"https:\\\/\\\/confederaciopenyes.cat\\\/es\\\/#organization\"},\"image\":{\"@id\":\"https:\\\/\\\/confederaciopenyes.cat\\\/es\\\/las-penas-protagonizan-otro-sant-jordi-azulgrana\\\/#primaryimage\"},\"thumbnailUrl\":\"https:\\\/\\\/confederaciopenyes.cat\\\/wp-content\\\/uploads\\\/2025\\\/04\\\/PB-Mataro.jpeg\",\"keywords\":[\"confederaci\u00f3 mundial de penyes\",\"noticias\",\"pe\u00f1as\",\"Sant Jordi 2025\"],\"articleSection\":[\"Noticias\"],\"inLanguage\":\"es\"},{\"@type\":\"WebPage\",\"@id\":\"https:\\\/\\\/confederaciopenyes.cat\\\/es\\\/las-penas-protagonizan-otro-sant-jordi-azulgrana\\\/\",\"url\":\"https:\\\/\\\/confederaciopenyes.cat\\\/es\\\/las-penas-protagonizan-otro-sant-jordi-azulgrana\\\/\",\"name\":\"Las pe\u00f1as protagonizan otro Sant Jordi azulgrana - C.M.P.\",\"isPartOf\":{\"@id\":\"https:\\\/\\\/confederaciopenyes.cat\\\/es\\\/#website\"},\"primaryImageOfPage\":{\"@id\":\"https:\\\/\\\/confederaciopenyes.cat\\\/es\\\/las-penas-protagonizan-otro-sant-jordi-azulgrana\\\/#primaryimage\"},\"image\":{\"@id\":\"https:\\\/\\\/confederaciopenyes.cat\\\/es\\\/las-penas-protagonizan-otro-sant-jordi-azulgrana\\\/#primaryimage\"},\"thumbnailUrl\":\"https:\\\/\\\/confederaciopenyes.cat\\\/wp-content\\\/uploads\\\/2025\\\/04\\\/PB-Mataro.jpeg\",\"datePublished\":\"2025-04-24T10:22:35+00:00\",\"dateModified\":\"2025-04-24T10:40:19+00:00\",\"description\":\"Las pe\u00f1as ti\u00f1eron la jornada de Sant Jordi de blaugrana con paradas de libros y rosas, y tambi\u00e9n lo celebraron fuera de Catalu\u00f1a.\",\"breadcrumb\":{\"@id\":\"https:\\\/\\\/confederaciopenyes.cat\\\/es\\\/las-penas-protagonizan-otro-sant-jordi-azulgrana\\\/#breadcrumb\"},\"inLanguage\":\"es\",\"potentialAction\":[{\"@type\":\"ReadAction\",\"target\":[\"https:\\\/\\\/confederaciopenyes.cat\\\/es\\\/las-penas-protagonizan-otro-sant-jordi-azulgrana\\\/\"]}]},{\"@type\":\"ImageObject\",\"inLanguage\":\"es\",\"@id\":\"https:\\\/\\\/confederaciopenyes.cat\\\/es\\\/las-penas-protagonizan-otro-sant-jordi-azulgrana\\\/#primaryimage\",\"url\":\"https:\\\/\\\/confederaciopenyes.cat\\\/wp-content\\\/uploads\\\/2025\\\/04\\\/PB-Mataro.jpeg\",\"contentUrl\":\"https:\\\/\\\/confederaciopenyes.cat\\\/wp-content\\\/uploads\\\/2025\\\/04\\\/PB-Mataro.jpeg\",\"width\":1843,\"height\":1037},{\"@type\":\"BreadcrumbList\",\"@id\":\"https:\\\/\\\/confederaciopenyes.cat\\\/es\\\/las-penas-protagonizan-otro-sant-jordi-azulgrana\\\/#breadcrumb\",\"itemListElement\":[{\"@type\":\"ListItem\",\"position\":1,\"name\":\"Inici\",\"item\":\"https:\\\/\\\/confederaciopenyes.cat\\\/es\\\/\"},{\"@type\":\"ListItem\",\"position\":2,\"name\":\"Las pe\u00f1as protagonizan otro Sant Jordi azulgrana\"}]},{\"@type\":\"WebSite\",\"@id\":\"https:\\\/\\\/confederaciopenyes.cat\\\/es\\\/#website\",\"url\":\"https:\\\/\\\/confederaciopenyes.cat\\\/es\\\/\",\"name\":\"Confederaci\u00f3 Mundial de Penyes del FC Barcelona\",\"description\":\"C.M. Penyes FC Barcelona\",\"publisher\":{\"@id\":\"https:\\\/\\\/confederaciopenyes.cat\\\/es\\\/#organization\"},\"potentialAction\":[{\"@type\":\"SearchAction\",\"target\":{\"@type\":\"EntryPoint\",\"urlTemplate\":\"https:\\\/\\\/confederaciopenyes.cat\\\/es\\\/?s={search_term_string}\"},\"query-input\":{\"@type\":\"PropertyValueSpecification\",\"valueRequired\":true,\"valueName\":\"search_term_string\"}}],\"inLanguage\":\"es\"},{\"@type\":\"Organization\",\"@id\":\"https:\\\/\\\/confederaciopenyes.cat\\\/es\\\/#organization\",\"name\":\"Confederaci\u00f3 Mundial de Penyes del FC Barcelona\",\"url\":\"https:\\\/\\\/confederaciopenyes.cat\\\/es\\\/\",\"logo\":{\"@type\":\"ImageObject\",\"inLanguage\":\"es\",\"@id\":\"https:\\\/\\\/confederaciopenyes.cat\\\/es\\\/#\\\/schema\\\/logo\\\/image\\\/\",\"url\":\"https:\\\/\\\/confederaciopenyes.cat\\\/wp-content\\\/uploads\\\/2022\\\/07\\\/cropped-logo_horizontal.png\",\"contentUrl\":\"https:\\\/\\\/confederaciopenyes.cat\\\/wp-content\\\/uploads\\\/2022\\\/07\\\/cropped-logo_horizontal.png\",\"width\":1320,\"height\":309,\"caption\":\"Confederaci\u00f3 Mundial de Penyes del FC Barcelona\"},\"image\":{\"@id\":\"https:\\\/\\\/confederaciopenyes.cat\\\/es\\\/#\\\/schema\\\/logo\\\/image\\\/\"},\"sameAs\":[\"https:\\\/\\\/www.facebook.com\\\/ConfederacioMundialPenyesFCB\",\"https:\\\/\\\/x.com\\\/ConfePenyesFCB\",\"https:\\\/\\\/www.instagram.com\\\/confepenyesfcb\\\/\"]},{\"@type\":\"Person\",\"@id\":\"https:\\\/\\\/confederaciopenyes.cat\\\/es\\\/#\\\/schema\\\/person\\\/337072f6daef87a85aa59aa1f134387c\",\"name\":\"Confederaci\u00f3 Mundial de Penyes del FC Barcelona\",\"image\":{\"@type\":\"ImageObject\",\"inLanguage\":\"es\",\"@id\":\"https:\\\/\\\/secure.gravatar.com\\\/avatar\\\/98c60c7405ff843b10aec55db652bd3f5cb4320ef331ae76c156819a62194328?s=96&d=mm&r=g\",\"url\":\"https:\\\/\\\/secure.gravatar.com\\\/avatar\\\/98c60c7405ff843b10aec55db652bd3f5cb4320ef331ae76c156819a62194328?s=96&d=mm&r=g\",\"contentUrl\":\"https:\\\/\\\/secure.gravatar.com\\\/avatar\\\/98c60c7405ff843b10aec55db652bd3f5cb4320ef331ae76c156819a62194328?s=96&d=mm&r=g\",\"caption\":\"Confederaci\u00f3 Mundial de Penyes del FC Barcelona\"},\"url\":\"https:\\\/\\\/confederaciopenyes.cat\\\/es\\\/author\\\/comunicacioconfederaciopenyes-cat\\\/\"}]}<\/script>\n<!-- \/ Yoast SEO Premium plugin. -->","yoast_head_json":{"title":"Las pe\u00f1as protagonizan otro Sant Jordi azulgrana - C.M.P.","description":"Las pe\u00f1as ti\u00f1eron la jornada de Sant Jordi de blaugrana con paradas de libros y rosas, y tambi\u00e9n lo celebraron fuera de Catalu\u00f1a.","robots":{"index":"index","follow":"follow","max-snippet":"max-snippet:-1","max-image-preview":"max-image-preview:large","max-video-preview":"max-video-preview:-1"},"canonical":"https:\/\/confederaciopenyes.cat\/es\/las-penas-protagonizan-otro-sant-jordi-azulgrana\/","og_locale":"es_ES","og_type":"article","og_title":"Las pe\u00f1as protagonizan otro Sant Jordi azulgrana","og_description":"Las pe\u00f1as ti\u00f1eron la jornada de Sant Jordi de blaugrana con paradas de libros y rosas, y tambi\u00e9n lo celebraron fuera de Catalu\u00f1a.","og_url":"https:\/\/confederaciopenyes.cat\/es\/las-penas-protagonizan-otro-sant-jordi-azulgrana\/","og_site_name":"Confederaci\u00f3 Mundial de Penyes del FC Barcelona","article_publisher":"https:\/\/www.facebook.com\/ConfederacioMundialPenyesFCB","article_published_time":"2025-04-24T10:22:35+00:00","article_modified_time":"2025-04-24T10:40:19+00:00","og_image":[{"width":1843,"height":1037,"url":"https:\/\/confederaciopenyes.cat\/wp-content\/uploads\/2025\/04\/PB-Mataro.jpeg","type":"image\/jpeg"}],"author":"Confederaci\u00f3 Mundial de Penyes del FC Barcelona","twitter_card":"summary_large_image","twitter_creator":"@ConfePenyesFCB","twitter_site":"@ConfePenyesFCB","twitter_misc":{"Escrito por":"Confederaci\u00f3 Mundial de Penyes del FC Barcelona","Tiempo de lectura":"5 minutos"},"schema":{"@context":"https:\/\/schema.org","@graph":[{"@type":"Article","@id":"https:\/\/confederaciopenyes.cat\/es\/las-penas-protagonizan-otro-sant-jordi-azulgrana\/#article","isPartOf":{"@id":"https:\/\/confederaciopenyes.cat\/es\/las-penas-protagonizan-otro-sant-jordi-azulgrana\/"},"author":{"name":"Confederaci\u00f3 Mundial de Penyes del FC Barcelona","@id":"https:\/\/confederaciopenyes.cat\/es\/#\/schema\/person\/337072f6daef87a85aa59aa1f134387c"},"headline":"Las pe\u00f1as protagonizan otro Sant Jordi azulgrana","datePublished":"2025-04-24T10:22:35+00:00","dateModified":"2025-04-24T10:40:19+00:00","mainEntityOfPage":{"@id":"https:\/\/confederaciopenyes.cat\/es\/las-penas-protagonizan-otro-sant-jordi-azulgrana\/"},"wordCount":307,"publisher":{"@id":"https:\/\/confederaciopenyes.cat\/es\/#organization"},"image":{"@id":"https:\/\/confederaciopenyes.cat\/es\/las-penas-protagonizan-otro-sant-jordi-azulgrana\/#primaryimage"},"thumbnailUrl":"https:\/\/confederaciopenyes.cat\/wp-content\/uploads\/2025\/04\/PB-Mataro.jpeg","keywords":["confederaci\u00f3 mundial de penyes","noticias","pe\u00f1as","Sant Jordi 2025"],"articleSection":["Noticias"],"inLanguage":"es"},{"@type":"WebPage","@id":"https:\/\/confederaciopenyes.cat\/es\/las-penas-protagonizan-otro-sant-jordi-azulgrana\/","url":"https:\/\/confederaciopenyes.cat\/es\/las-penas-protagonizan-otro-sant-jordi-azulgrana\/","name":"Las pe\u00f1as protagonizan otro Sant Jordi azulgrana - C.M.P.","isPartOf":{"@id":"https:\/\/confederaciopenyes.cat\/es\/#website"},"primaryImageOfPage":{"@id":"https:\/\/confederaciopenyes.cat\/es\/las-penas-protagonizan-otro-sant-jordi-azulgrana\/#primaryimage"},"image":{"@id":"https:\/\/confederaciopenyes.cat\/es\/las-penas-protagonizan-otro-sant-jordi-azulgrana\/#primaryimage"},"thumbnailUrl":"https:\/\/confederaciopenyes.cat\/wp-content\/uploads\/2025\/04\/PB-Mataro.jpeg","datePublished":"2025-04-24T10:22:35+00:00","dateModified":"2025-04-24T10:40:19+00:00","description":"Las pe\u00f1as ti\u00f1eron la jornada de Sant Jordi de blaugrana con paradas de libros y rosas, y tambi\u00e9n lo celebraron fuera de Catalu\u00f1a.","breadcrumb":{"@id":"https:\/\/confederaciopenyes.cat\/es\/las-penas-protagonizan-otro-sant-jordi-azulgrana\/#breadcrumb"},"inLanguage":"es","potentialAction":[{"@type":"ReadAction","target":["https:\/\/confederaciopenyes.cat\/es\/las-penas-protagonizan-otro-sant-jordi-azulgrana\/"]}]},{"@type":"ImageObject","inLanguage":"es","@id":"https:\/\/confederaciopenyes.cat\/es\/las-penas-protagonizan-otro-sant-jordi-azulgrana\/#primaryimage","url":"https:\/\/confederaciopenyes.cat\/wp-content\/uploads\/2025\/04\/PB-Mataro.jpeg","contentUrl":"https:\/\/confederaciopenyes.cat\/wp-content\/uploads\/2025\/04\/PB-Mataro.jpeg","width":1843,"height":1037},{"@type":"BreadcrumbList","@id":"https:\/\/confederaciopenyes.cat\/es\/las-penas-protagonizan-otro-sant-jordi-azulgrana\/#breadcrumb","itemListElement":[{"@type":"ListItem","position":1,"name":"Inici","item":"https:\/\/confederaciopenyes.cat\/es\/"},{"@type":"ListItem","position":2,"name":"Las pe\u00f1as protagonizan otro Sant Jordi azulgrana"}]},{"@type":"WebSite","@id":"https:\/\/confederaciopenyes.cat\/es\/#website","url":"https:\/\/confederaciopenyes.cat\/es\/","name":"Confederaci\u00f3 Mundial de Penyes del FC Barcelona","description":"C.M. Penyes FC Barcelona","publisher":{"@id":"https:\/\/confederaciopenyes.cat\/es\/#organization"},"potentialAction":[{"@type":"SearchAction","target":{"@type":"EntryPoint","urlTemplate":"https:\/\/confederaciopenyes.cat\/es\/?s={search_term_string}"},"query-input":{"@type":"PropertyValueSpecification","valueRequired":true,"valueName":"search_term_string"}}],"inLanguage":"es"},{"@type":"Organization","@id":"https:\/\/confederaciopenyes.cat\/es\/#organization","name":"Confederaci\u00f3 Mundial de Penyes del FC Barcelona","url":"https:\/\/confederaciopenyes.cat\/es\/","logo":{"@type":"ImageObject","inLanguage":"es","@id":"https:\/\/confederaciopenyes.cat\/es\/#\/schema\/logo\/image\/","url":"https:\/\/confederaciopenyes.cat\/wp-content\/uploads\/2022\/07\/cropped-logo_horizontal.png","contentUrl":"https:\/\/confederaciopenyes.cat\/wp-content\/uploads\/2022\/07\/cropped-logo_horizontal.png","width":1320,"height":309,"caption":"Confederaci\u00f3 Mundial de Penyes del FC Barcelona"},"image":{"@id":"https:\/\/confederaciopenyes.cat\/es\/#\/schema\/logo\/image\/"},"sameAs":["https:\/\/www.facebook.com\/ConfederacioMundialPenyesFCB","https:\/\/x.com\/ConfePenyesFCB","https:\/\/www.instagram.com\/confepenyesfcb\/"]},{"@type":"Person","@id":"https:\/\/confederaciopenyes.cat\/es\/#\/schema\/person\/337072f6daef87a85aa59aa1f134387c","name":"Confederaci\u00f3 Mundial de Penyes del FC Barcelona","image":{"@type":"ImageObject","inLanguage":"es","@id":"https:\/\/secure.gravatar.com\/avatar\/98c60c7405ff843b10aec55db652bd3f5cb4320ef331ae76c156819a62194328?s=96&d=mm&r=g","url":"https:\/\/secure.gravatar.com\/avatar\/98c60c7405ff843b10aec55db652bd3f5cb4320ef331ae76c156819a62194328?s=96&d=mm&r=g","contentUrl":"https:\/\/secure.gravatar.com\/avatar\/98c60c7405ff843b10aec55db652bd3f5cb4320ef331ae76c156819a62194328?s=96&d=mm&r=g","caption":"Confederaci\u00f3 Mundial de Penyes del FC Barcelona"},"url":"https:\/\/confederaciopenyes.cat\/es\/author\/comunicacioconfederaciopenyes-cat\/"}]}},"_links":{"self":[{"href":"https:\/\/confederaciopenyes.cat\/es\/wp-json\/wp\/v2\/posts\/31068","targetHints":{"allow":["GET"]}}],"collection":[{"href":"https:\/\/confederaciopenyes.cat\/es\/wp-json\/wp\/v2\/posts"}],"about":[{"href":"https:\/\/confederaciopenyes.cat\/es\/wp-json\/wp\/v2\/types\/post"}],"author":[{"embeddable":true,"href":"https:\/\/confederaciopenyes.cat\/es\/wp-json\/wp\/v2\/users\/4"}],"replies":[{"embeddable":true,"href":"https:\/\/confederaciopenyes.cat\/es\/wp-json\/wp\/v2\/comments?post=31068"}],"version-history":[{"count":2,"href":"https:\/\/confederaciopenyes.cat\/es\/wp-json\/wp\/v2\/posts\/31068\/revisions"}],"predecessor-version":[{"id":31070,"href":"https:\/\/confederaciopenyes.cat\/es\/wp-json\/wp\/v2\/posts\/31068\/revisions\/31070"}],"wp:featuredmedia":[{"embeddable":true,"href":"https:\/\/confederaciopenyes.cat\/es\/wp-json\/wp\/v2\/media\/31007"}],"wp:attachment":[{"href":"https:\/\/confederaciopenyes.cat\/es\/wp-json\/wp\/v2\/media?parent=31068"}],"wp:term":[{"taxonomy":"category","embeddable":true,"href":"https:\/\/confederaciopenyes.cat\/es\/wp-json\/wp\/v2\/categories?post=31068"},{"taxonomy":"post_tag","embeddable":true,"href":"https:\/\/confederaciopenyes.cat\/es\/wp-json\/wp\/v2\/tags?post=31068"}],"curies":[{"name":"wp","href":"https:\/\/api.w.org\/{rel}","templated":true}]}}