{"id":3137,"date":"2022-06-23T10:23:39","date_gmt":"2022-06-23T08:23:39","guid":{"rendered":"https:\/\/confederaciopenyes.cat\/?p=3137"},"modified":"2022-06-23T10:23:41","modified_gmt":"2022-06-23T08:23:41","slug":"vi-trobada-penas-baix-llobregat","status":"publish","type":"post","link":"https:\/\/confederaciopenyes.cat\/es\/vi-trobada-penas-baix-llobregat\/","title":{"rendered":"Las pe\u00f1as del Baix Llobregat, unidas en su VI Trobada"},"content":{"rendered":"\n<p>Cuatro a\u00f1os despu\u00e9s de su \u00faltimo encuentro, las pe\u00f1as barcelonistas de la <strong><a href=\"https:\/\/www.instagram.com\/federaciopbbaix\/\" target=\"_blank\" rel=\"noreferrer noopener\">Federaci\u00f3 del Baix Llobregat<\/a> <\/strong>volvieron a vivir una jornada muy especial. Fue el pasado s\u00e1bado, con motivo de la celebraci\u00f3n de la esperada <strong>VI Trobada de Penyes del Baix Llobregat<\/strong>. El evento reuni\u00f3 a <strong>m\u00e1s de 120 pe\u00f1istas en representaci\u00f3n de casi 20 pe\u00f1as de este territorio<\/strong>, y ti\u00f1\u00f3 de azulgrana las calles de El Prat de Llobregat. Precisamente, las dos pe\u00f1as de esta localidad, la <strong><a href=\"https:\/\/www.instagram.com\/penya_barcelonista_quartalliga\/\" target=\"_blank\" rel=\"noreferrer noopener\">PB Quarta Lliga<\/a><\/strong> y la <strong><a href=\"https:\/\/twitter.com\/pbpratpotablava\" target=\"_blank\" rel=\"noreferrer noopener\">PB Prat-Pota Blava<\/a><\/strong>, coorganizadoras del acto junto a la Federaci\u00f3 del Baix Llobregat, conmemoraron de forma conjunta su <strong>25\u00ba aniversario<\/strong>.<\/p>\n\n\n\n<p>La Trobada cont\u00f3 con la presencia de <strong>Antonio Escudero<\/strong>, vicepresidente del \u00c1rea Social del FC Barcelona, en representaci\u00f3n del Club. Por parte de la <strong>Confederaci\u00f3n Mundial de Pe\u00f1as<\/strong>, asistieron su presidente, <strong>Antoni Guil<\/strong>, y su tesorero, <strong>Vicen\u00e7 Notari<\/strong>, quien tambi\u00e9n preside la Federaci\u00f3 del Baix Llobregat. Tambi\u00e9n asistieron dos miembros de la Agrupaci\u00f3 Bar\u00e7a Jugadors: <strong>Pere Valent\u00ed Mora<\/strong> y <strong>Crist\u00f3bal Bravo<\/strong>; este \u00faltimo con una fuerte vinculaci\u00f3n con la PB Quarta Lliga.\u00a0<\/p>\n\n\n\n<h6 class=\"wp-block-heading\"><strong>Jornada completa<\/strong>&nbsp;<\/h6>\n\n\n\n<p>La VI Trobada del Baix Llobregat se puso en marcha de buena ma\u00f1ana con un desayuno popular. Seguidamente, se organiz\u00f3 un <strong>pasacalle junto a entidades locales<\/strong> de El Prat hasta la Pla\u00e7a de Catalunya. A continuaci\u00f3n, la comitiva fue recibida por las autoridades locales y hubo actuaciones de castellers y trabucaires, entre otros. Finalmente, los pe\u00f1istas se desplazaron hasta el escenario de la comida de celebraci\u00f3n.\u00a0\u00a0<\/p>\n\n\n\n<p>La fiesta termin\u00f3 con un baile popular que puso la guinda a una jornada marcada por el <strong>car\u00e1cter festivo y el esp\u00edritu de fraternidad barcelonista<\/strong> por parte de todos los participantes.<\/p>\n\n\n\n<figure class=\"wp-block-gallery has-nested-images columns-default is-cropped wp-block-gallery-1 is-layout-flex wp-block-gallery-is-layout-flex\">\n<figure class=\"wp-block-image size-large is-style-default\"><a href=\"https:\/\/confederaciopenyes.cat\/wp-content\/uploads\/2022\/06\/17-1.jpg\"><img decoding=\"async\" width=\"1024\" height=\"768\" data-id=\"3161\" data-src=\"https:\/\/confederaciopenyes.cat\/wp-content\/uploads\/2022\/06\/17-1-1024x768.jpg\" alt=\"\" class=\"wp-image-3161 lazyload\" data-srcset=\"https:\/\/confederaciopenyes.cat\/wp-content\/uploads\/2022\/06\/17-1-1024x768.jpg 1024w, https:\/\/confederaciopenyes.cat\/wp-content\/uploads\/2022\/06\/17-1-300x225.jpg 300w, https:\/\/confederaciopenyes.cat\/wp-content\/uploads\/2022\/06\/17-1-768x576.jpg 768w, https:\/\/confederaciopenyes.cat\/wp-content\/uploads\/2022\/06\/17-1-1536x1152.jpg 1536w, https:\/\/confederaciopenyes.cat\/wp-content\/uploads\/2022\/06\/17-1.jpg 1600w\" data-sizes=\"(max-width: 1024px) 100vw, 1024px\" src=\"data:image\/svg+xml;base64,PHN2ZyB3aWR0aD0iMSIgaGVpZ2h0PSIxIiB4bWxucz0iaHR0cDovL3d3dy53My5vcmcvMjAwMC9zdmciPjwvc3ZnPg==\" style=\"--smush-placeholder-width: 1024px; --smush-placeholder-aspect-ratio: 1024\/768;\" \/><\/a><\/figure>\n\n\n\n<figure class=\"wp-block-image size-large is-style-default\"><a href=\"https:\/\/confederaciopenyes.cat\/wp-content\/uploads\/2022\/06\/18-1.jpg\"><img decoding=\"async\" width=\"1024\" height=\"749\" data-id=\"3160\" data-src=\"https:\/\/confederaciopenyes.cat\/wp-content\/uploads\/2022\/06\/18-1-1024x749.jpg\" alt=\"\" class=\"wp-image-3160 lazyload\" data-srcset=\"https:\/\/confederaciopenyes.cat\/wp-content\/uploads\/2022\/06\/18-1-1024x749.jpg 1024w, https:\/\/confederaciopenyes.cat\/wp-content\/uploads\/2022\/06\/18-1-300x220.jpg 300w, https:\/\/confederaciopenyes.cat\/wp-content\/uploads\/2022\/06\/18-1-768x562.jpg 768w, https:\/\/confederaciopenyes.cat\/wp-content\/uploads\/2022\/06\/18-1.jpg 1134w\" data-sizes=\"(max-width: 1024px) 100vw, 1024px\" src=\"data:image\/svg+xml;base64,PHN2ZyB3aWR0aD0iMSIgaGVpZ2h0PSIxIiB4bWxucz0iaHR0cDovL3d3dy53My5vcmcvMjAwMC9zdmciPjwvc3ZnPg==\" style=\"--smush-placeholder-width: 1024px; --smush-placeholder-aspect-ratio: 1024\/749;\" \/><\/a><\/figure>\n\n\n\n<figure class=\"wp-block-image size-large is-style-default\"><a href=\"https:\/\/confederaciopenyes.cat\/wp-content\/uploads\/2022\/06\/10-1.jpg\"><img decoding=\"async\" width=\"640\" height=\"428\" data-id=\"3159\" data-src=\"https:\/\/confederaciopenyes.cat\/wp-content\/uploads\/2022\/06\/10-1.jpg\" alt=\"\" class=\"wp-image-3159 lazyload\" data-srcset=\"https:\/\/confederaciopenyes.cat\/wp-content\/uploads\/2022\/06\/10-1.jpg 640w, https:\/\/confederaciopenyes.cat\/wp-content\/uploads\/2022\/06\/10-1-300x201.jpg 300w\" data-sizes=\"(max-width: 640px) 100vw, 640px\" src=\"data:image\/svg+xml;base64,PHN2ZyB3aWR0aD0iMSIgaGVpZ2h0PSIxIiB4bWxucz0iaHR0cDovL3d3dy53My5vcmcvMjAwMC9zdmciPjwvc3ZnPg==\" style=\"--smush-placeholder-width: 640px; --smush-placeholder-aspect-ratio: 640\/428;\" \/><\/a><\/figure>\n\n\n\n<figure class=\"wp-block-image size-large is-style-default\"><a href=\"https:\/\/confederaciopenyes.cat\/wp-content\/uploads\/2022\/06\/4-1.jpg\"><img decoding=\"async\" width=\"640\" height=\"428\" data-id=\"3162\" data-src=\"https:\/\/confederaciopenyes.cat\/wp-content\/uploads\/2022\/06\/4-1.jpg\" alt=\"\" class=\"wp-image-3162 lazyload\" data-srcset=\"https:\/\/confederaciopenyes.cat\/wp-content\/uploads\/2022\/06\/4-1.jpg 640w, https:\/\/confederaciopenyes.cat\/wp-content\/uploads\/2022\/06\/4-1-300x201.jpg 300w\" data-sizes=\"(max-width: 640px) 100vw, 640px\" src=\"data:image\/svg+xml;base64,PHN2ZyB3aWR0aD0iMSIgaGVpZ2h0PSIxIiB4bWxucz0iaHR0cDovL3d3dy53My5vcmcvMjAwMC9zdmciPjwvc3ZnPg==\" style=\"--smush-placeholder-width: 640px; --smush-placeholder-aspect-ratio: 640\/428;\" \/><\/a><\/figure>\n\n\n\n<figure class=\"wp-block-image size-large is-style-default\"><a href=\"https:\/\/confederaciopenyes.cat\/wp-content\/uploads\/2022\/06\/1-1.jpg\"><img decoding=\"async\" width=\"640\" height=\"428\" data-id=\"3157\" data-src=\"https:\/\/confederaciopenyes.cat\/wp-content\/uploads\/2022\/06\/1-1.jpg\" alt=\"\" class=\"wp-image-3157 lazyload\" data-srcset=\"https:\/\/confederaciopenyes.cat\/wp-content\/uploads\/2022\/06\/1-1.jpg 640w, https:\/\/confederaciopenyes.cat\/wp-content\/uploads\/2022\/06\/1-1-300x201.jpg 300w\" data-sizes=\"(max-width: 640px) 100vw, 640px\" src=\"data:image\/svg+xml;base64,PHN2ZyB3aWR0aD0iMSIgaGVpZ2h0PSIxIiB4bWxucz0iaHR0cDovL3d3dy53My5vcmcvMjAwMC9zdmciPjwvc3ZnPg==\" style=\"--smush-placeholder-width: 640px; --smush-placeholder-aspect-ratio: 640\/428;\" \/><\/a><\/figure>\n\n\n\n<figure class=\"wp-block-image size-large is-style-default\"><a href=\"https:\/\/confederaciopenyes.cat\/wp-content\/uploads\/2022\/06\/6-1.jpg\"><img decoding=\"async\" width=\"640\" height=\"428\" data-id=\"3158\" data-src=\"https:\/\/confederaciopenyes.cat\/wp-content\/uploads\/2022\/06\/6-1.jpg\" alt=\"\" class=\"wp-image-3158 lazyload\" data-srcset=\"https:\/\/confederaciopenyes.cat\/wp-content\/uploads\/2022\/06\/6-1.jpg 640w, https:\/\/confederaciopenyes.cat\/wp-content\/uploads\/2022\/06\/6-1-300x201.jpg 300w\" data-sizes=\"(max-width: 640px) 100vw, 640px\" src=\"data:image\/svg+xml;base64,PHN2ZyB3aWR0aD0iMSIgaGVpZ2h0PSIxIiB4bWxucz0iaHR0cDovL3d3dy53My5vcmcvMjAwMC9zdmciPjwvc3ZnPg==\" style=\"--smush-placeholder-width: 640px; --smush-placeholder-aspect-ratio: 640\/428;\" \/><\/a><\/figure>\n<\/figure>\n","protected":false},"excerpt":{"rendered":"<p>Cuatro a\u00f1os despu\u00e9s de su \u00faltimo encuentro, las pe\u00f1as barcelonistas de la Federaci\u00f3 del Baix Llobregat volvieron a vivir una jornada muy especial. Fue el pasado s\u00e1bado, con motivo de la celebraci\u00f3n de la esperada VI Trobada de Penyes del Baix Llobregat. El evento reuni\u00f3 a m\u00e1s de 120 pe\u00f1istas en representaci\u00f3n de casi 20 &#8230; <a title=\"Las pe\u00f1as del Baix Llobregat, unidas en su VI Trobada\" class=\"read-more\" href=\"https:\/\/confederaciopenyes.cat\/es\/vi-trobada-penas-baix-llobregat\/\" aria-label=\"Leer m\u00e1s sobre Las pe\u00f1as del Baix Llobregat, unidas en su VI Trobada\">Leer m\u00e1s<\/a><\/p>\n","protected":false},"author":4,"featured_media":3156,"comment_status":"closed","ping_status":"open","sticky":false,"template":"","format":"standard","meta":{"_acf_changed":false,"footnotes":""},"categories":[1],"tags":[140,114,116],"class_list":["post-3137","post","type-post","status-publish","format-standard","has-post-thumbnail","hentry","category-noticias-es","tag-confederacion-mundial-de-penas","tag-noticias","tag-penas"],"acf":[],"yoast_head":"<!-- This site is optimized with the Yoast SEO Premium plugin v27.5 (Yoast SEO v27.5) - https:\/\/yoast.com\/product\/yoast-seo-premium-wordpress\/ -->\n<title>Las pe\u00f1as del Baix Llobregat, unidas en su VI Trobada - C.M.P<\/title>\n<meta name=\"description\" content=\"M\u00e1s de 120 pe\u00f1istas de m\u00e1s de 20 pe\u00f1as se reunieron en El Prat de Llobregat por la VI Trobada de Penyes del Baix Llobregat.\" \/>\n<meta name=\"robots\" content=\"index, follow, max-snippet:-1, max-image-preview:large, max-video-preview:-1\" \/>\n<link rel=\"canonical\" href=\"https:\/\/confederaciopenyes.cat\/es\/vi-trobada-penas-baix-llobregat\/\" \/>\n<meta property=\"og:locale\" content=\"es_ES\" \/>\n<meta property=\"og:type\" content=\"article\" \/>\n<meta property=\"og:title\" content=\"Las pe\u00f1as del Baix Llobregat, unidas en su VI Trobada\" \/>\n<meta property=\"og:description\" content=\"M\u00e1s de 120 pe\u00f1istas de m\u00e1s de 20 pe\u00f1as se reunieron en El Prat de Llobregat por la VI Trobada de Penyes del Baix Llobregat.\" \/>\n<meta property=\"og:url\" content=\"https:\/\/confederaciopenyes.cat\/es\/vi-trobada-penas-baix-llobregat\/\" \/>\n<meta property=\"og:site_name\" content=\"Confederaci\u00f3 Mundial de Penyes del FC Barcelona\" \/>\n<meta property=\"article:publisher\" content=\"https:\/\/www.facebook.com\/ConfederacioMundialPenyesFCB\" \/>\n<meta property=\"article:published_time\" content=\"2022-06-23T08:23:39+00:00\" \/>\n<meta property=\"article:modified_time\" content=\"2022-06-23T08:23:41+00:00\" \/>\n<meta property=\"og:image\" content=\"https:\/\/confederaciopenyes.cat\/wp-content\/uploads\/2022\/06\/7-1.jpg\" \/>\n\t<meta property=\"og:image:width\" content=\"640\" \/>\n\t<meta property=\"og:image:height\" content=\"428\" \/>\n\t<meta property=\"og:image:type\" content=\"image\/jpeg\" \/>\n<meta name=\"author\" content=\"Confederaci\u00f3 Mundial de Penyes del FC Barcelona\" \/>\n<meta name=\"twitter:card\" content=\"summary_large_image\" \/>\n<meta name=\"twitter:creator\" content=\"@ConfePenyesFCB\" \/>\n<meta name=\"twitter:site\" content=\"@ConfePenyesFCB\" \/>\n<meta name=\"twitter:label1\" content=\"Escrito por\" \/>\n\t<meta name=\"twitter:data1\" content=\"Confederaci\u00f3 Mundial de Penyes del FC Barcelona\" \/>\n\t<meta name=\"twitter:label2\" content=\"Tiempo de lectura\" \/>\n\t<meta name=\"twitter:data2\" content=\"3 minutos\" \/>\n<script type=\"application\/ld+json\" class=\"yoast-schema-graph\">{\"@context\":\"https:\\\/\\\/schema.org\",\"@graph\":[{\"@type\":\"Article\",\"@id\":\"https:\\\/\\\/confederaciopenyes.cat\\\/es\\\/vi-trobada-penas-baix-llobregat\\\/#article\",\"isPartOf\":{\"@id\":\"https:\\\/\\\/confederaciopenyes.cat\\\/es\\\/vi-trobada-penas-baix-llobregat\\\/\"},\"author\":{\"name\":\"Confederaci\u00f3 Mundial de Penyes del FC Barcelona\",\"@id\":\"https:\\\/\\\/confederaciopenyes.cat\\\/es\\\/#\\\/schema\\\/person\\\/337072f6daef87a85aa59aa1f134387c\"},\"headline\":\"Las pe\u00f1as del Baix Llobregat, unidas en su VI Trobada\",\"datePublished\":\"2022-06-23T08:23:39+00:00\",\"dateModified\":\"2022-06-23T08:23:41+00:00\",\"mainEntityOfPage\":{\"@id\":\"https:\\\/\\\/confederaciopenyes.cat\\\/es\\\/vi-trobada-penas-baix-llobregat\\\/\"},\"wordCount\":308,\"publisher\":{\"@id\":\"https:\\\/\\\/confederaciopenyes.cat\\\/es\\\/#organization\"},\"image\":{\"@id\":\"https:\\\/\\\/confederaciopenyes.cat\\\/es\\\/vi-trobada-penas-baix-llobregat\\\/#primaryimage\"},\"thumbnailUrl\":\"https:\\\/\\\/confederaciopenyes.cat\\\/wp-content\\\/uploads\\\/2022\\\/06\\\/7-1.jpg\",\"keywords\":[\"confederaci\u00f3n mundial de pe\u00f1as\",\"noticias\",\"pe\u00f1as\"],\"articleSection\":[\"Noticias\"],\"inLanguage\":\"es\"},{\"@type\":\"WebPage\",\"@id\":\"https:\\\/\\\/confederaciopenyes.cat\\\/es\\\/vi-trobada-penas-baix-llobregat\\\/\",\"url\":\"https:\\\/\\\/confederaciopenyes.cat\\\/es\\\/vi-trobada-penas-baix-llobregat\\\/\",\"name\":\"Las pe\u00f1as del Baix Llobregat, unidas en su VI Trobada - C.M.P\",\"isPartOf\":{\"@id\":\"https:\\\/\\\/confederaciopenyes.cat\\\/es\\\/#website\"},\"primaryImageOfPage\":{\"@id\":\"https:\\\/\\\/confederaciopenyes.cat\\\/es\\\/vi-trobada-penas-baix-llobregat\\\/#primaryimage\"},\"image\":{\"@id\":\"https:\\\/\\\/confederaciopenyes.cat\\\/es\\\/vi-trobada-penas-baix-llobregat\\\/#primaryimage\"},\"thumbnailUrl\":\"https:\\\/\\\/confederaciopenyes.cat\\\/wp-content\\\/uploads\\\/2022\\\/06\\\/7-1.jpg\",\"datePublished\":\"2022-06-23T08:23:39+00:00\",\"dateModified\":\"2022-06-23T08:23:41+00:00\",\"description\":\"M\u00e1s de 120 pe\u00f1istas de m\u00e1s de 20 pe\u00f1as se reunieron en El Prat de Llobregat por la VI Trobada de Penyes del Baix Llobregat.\",\"breadcrumb\":{\"@id\":\"https:\\\/\\\/confederaciopenyes.cat\\\/es\\\/vi-trobada-penas-baix-llobregat\\\/#breadcrumb\"},\"inLanguage\":\"es\",\"potentialAction\":[{\"@type\":\"ReadAction\",\"target\":[\"https:\\\/\\\/confederaciopenyes.cat\\\/es\\\/vi-trobada-penas-baix-llobregat\\\/\"]}]},{\"@type\":\"ImageObject\",\"inLanguage\":\"es\",\"@id\":\"https:\\\/\\\/confederaciopenyes.cat\\\/es\\\/vi-trobada-penas-baix-llobregat\\\/#primaryimage\",\"url\":\"https:\\\/\\\/confederaciopenyes.cat\\\/wp-content\\\/uploads\\\/2022\\\/06\\\/7-1.jpg\",\"contentUrl\":\"https:\\\/\\\/confederaciopenyes.cat\\\/wp-content\\\/uploads\\\/2022\\\/06\\\/7-1.jpg\",\"width\":640,\"height\":428},{\"@type\":\"BreadcrumbList\",\"@id\":\"https:\\\/\\\/confederaciopenyes.cat\\\/es\\\/vi-trobada-penas-baix-llobregat\\\/#breadcrumb\",\"itemListElement\":[{\"@type\":\"ListItem\",\"position\":1,\"name\":\"Inici\",\"item\":\"https:\\\/\\\/confederaciopenyes.cat\\\/es\\\/\"},{\"@type\":\"ListItem\",\"position\":2,\"name\":\"Las pe\u00f1as del Baix Llobregat, unidas en su VI Trobada\"}]},{\"@type\":\"WebSite\",\"@id\":\"https:\\\/\\\/confederaciopenyes.cat\\\/es\\\/#website\",\"url\":\"https:\\\/\\\/confederaciopenyes.cat\\\/es\\\/\",\"name\":\"Confederaci\u00f3 Mundial de Penyes del FC Barcelona\",\"description\":\"C.M. Penyes FC Barcelona\",\"publisher\":{\"@id\":\"https:\\\/\\\/confederaciopenyes.cat\\\/es\\\/#organization\"},\"potentialAction\":[{\"@type\":\"SearchAction\",\"target\":{\"@type\":\"EntryPoint\",\"urlTemplate\":\"https:\\\/\\\/confederaciopenyes.cat\\\/es\\\/?s={search_term_string}\"},\"query-input\":{\"@type\":\"PropertyValueSpecification\",\"valueRequired\":true,\"valueName\":\"search_term_string\"}}],\"inLanguage\":\"es\"},{\"@type\":\"Organization\",\"@id\":\"https:\\\/\\\/confederaciopenyes.cat\\\/es\\\/#organization\",\"name\":\"Confederaci\u00f3 Mundial de Penyes del FC Barcelona\",\"url\":\"https:\\\/\\\/confederaciopenyes.cat\\\/es\\\/\",\"logo\":{\"@type\":\"ImageObject\",\"inLanguage\":\"es\",\"@id\":\"https:\\\/\\\/confederaciopenyes.cat\\\/es\\\/#\\\/schema\\\/logo\\\/image\\\/\",\"url\":\"https:\\\/\\\/confederaciopenyes.cat\\\/wp-content\\\/uploads\\\/2022\\\/07\\\/cropped-logo_horizontal.png\",\"contentUrl\":\"https:\\\/\\\/confederaciopenyes.cat\\\/wp-content\\\/uploads\\\/2022\\\/07\\\/cropped-logo_horizontal.png\",\"width\":1320,\"height\":309,\"caption\":\"Confederaci\u00f3 Mundial de Penyes del FC Barcelona\"},\"image\":{\"@id\":\"https:\\\/\\\/confederaciopenyes.cat\\\/es\\\/#\\\/schema\\\/logo\\\/image\\\/\"},\"sameAs\":[\"https:\\\/\\\/www.facebook.com\\\/ConfederacioMundialPenyesFCB\",\"https:\\\/\\\/x.com\\\/ConfePenyesFCB\",\"https:\\\/\\\/www.instagram.com\\\/confepenyesfcb\\\/\"]},{\"@type\":\"Person\",\"@id\":\"https:\\\/\\\/confederaciopenyes.cat\\\/es\\\/#\\\/schema\\\/person\\\/337072f6daef87a85aa59aa1f134387c\",\"name\":\"Confederaci\u00f3 Mundial de Penyes del FC Barcelona\",\"image\":{\"@type\":\"ImageObject\",\"inLanguage\":\"es\",\"@id\":\"https:\\\/\\\/secure.gravatar.com\\\/avatar\\\/98c60c7405ff843b10aec55db652bd3f5cb4320ef331ae76c156819a62194328?s=96&d=mm&r=g\",\"url\":\"https:\\\/\\\/secure.gravatar.com\\\/avatar\\\/98c60c7405ff843b10aec55db652bd3f5cb4320ef331ae76c156819a62194328?s=96&d=mm&r=g\",\"contentUrl\":\"https:\\\/\\\/secure.gravatar.com\\\/avatar\\\/98c60c7405ff843b10aec55db652bd3f5cb4320ef331ae76c156819a62194328?s=96&d=mm&r=g\",\"caption\":\"Confederaci\u00f3 Mundial de Penyes del FC Barcelona\"},\"url\":\"https:\\\/\\\/confederaciopenyes.cat\\\/es\\\/author\\\/comunicacioconfederaciopenyes-cat\\\/\"}]}<\/script>\n<!-- \/ Yoast SEO Premium plugin. -->","yoast_head_json":{"title":"Las pe\u00f1as del Baix Llobregat, unidas en su VI Trobada - C.M.P","description":"M\u00e1s de 120 pe\u00f1istas de m\u00e1s de 20 pe\u00f1as se reunieron en El Prat de Llobregat por la VI Trobada de Penyes del Baix Llobregat.","robots":{"index":"index","follow":"follow","max-snippet":"max-snippet:-1","max-image-preview":"max-image-preview:large","max-video-preview":"max-video-preview:-1"},"canonical":"https:\/\/confederaciopenyes.cat\/es\/vi-trobada-penas-baix-llobregat\/","og_locale":"es_ES","og_type":"article","og_title":"Las pe\u00f1as del Baix Llobregat, unidas en su VI Trobada","og_description":"M\u00e1s de 120 pe\u00f1istas de m\u00e1s de 20 pe\u00f1as se reunieron en El Prat de Llobregat por la VI Trobada de Penyes del Baix Llobregat.","og_url":"https:\/\/confederaciopenyes.cat\/es\/vi-trobada-penas-baix-llobregat\/","og_site_name":"Confederaci\u00f3 Mundial de Penyes del FC Barcelona","article_publisher":"https:\/\/www.facebook.com\/ConfederacioMundialPenyesFCB","article_published_time":"2022-06-23T08:23:39+00:00","article_modified_time":"2022-06-23T08:23:41+00:00","og_image":[{"width":640,"height":428,"url":"https:\/\/confederaciopenyes.cat\/wp-content\/uploads\/2022\/06\/7-1.jpg","type":"image\/jpeg"}],"author":"Confederaci\u00f3 Mundial de Penyes del FC Barcelona","twitter_card":"summary_large_image","twitter_creator":"@ConfePenyesFCB","twitter_site":"@ConfePenyesFCB","twitter_misc":{"Escrito por":"Confederaci\u00f3 Mundial de Penyes del FC Barcelona","Tiempo de lectura":"3 minutos"},"schema":{"@context":"https:\/\/schema.org","@graph":[{"@type":"Article","@id":"https:\/\/confederaciopenyes.cat\/es\/vi-trobada-penas-baix-llobregat\/#article","isPartOf":{"@id":"https:\/\/confederaciopenyes.cat\/es\/vi-trobada-penas-baix-llobregat\/"},"author":{"name":"Confederaci\u00f3 Mundial de Penyes del FC Barcelona","@id":"https:\/\/confederaciopenyes.cat\/es\/#\/schema\/person\/337072f6daef87a85aa59aa1f134387c"},"headline":"Las pe\u00f1as del Baix Llobregat, unidas en su VI Trobada","datePublished":"2022-06-23T08:23:39+00:00","dateModified":"2022-06-23T08:23:41+00:00","mainEntityOfPage":{"@id":"https:\/\/confederaciopenyes.cat\/es\/vi-trobada-penas-baix-llobregat\/"},"wordCount":308,"publisher":{"@id":"https:\/\/confederaciopenyes.cat\/es\/#organization"},"image":{"@id":"https:\/\/confederaciopenyes.cat\/es\/vi-trobada-penas-baix-llobregat\/#primaryimage"},"thumbnailUrl":"https:\/\/confederaciopenyes.cat\/wp-content\/uploads\/2022\/06\/7-1.jpg","keywords":["confederaci\u00f3n mundial de pe\u00f1as","noticias","pe\u00f1as"],"articleSection":["Noticias"],"inLanguage":"es"},{"@type":"WebPage","@id":"https:\/\/confederaciopenyes.cat\/es\/vi-trobada-penas-baix-llobregat\/","url":"https:\/\/confederaciopenyes.cat\/es\/vi-trobada-penas-baix-llobregat\/","name":"Las pe\u00f1as del Baix Llobregat, unidas en su VI Trobada - C.M.P","isPartOf":{"@id":"https:\/\/confederaciopenyes.cat\/es\/#website"},"primaryImageOfPage":{"@id":"https:\/\/confederaciopenyes.cat\/es\/vi-trobada-penas-baix-llobregat\/#primaryimage"},"image":{"@id":"https:\/\/confederaciopenyes.cat\/es\/vi-trobada-penas-baix-llobregat\/#primaryimage"},"thumbnailUrl":"https:\/\/confederaciopenyes.cat\/wp-content\/uploads\/2022\/06\/7-1.jpg","datePublished":"2022-06-23T08:23:39+00:00","dateModified":"2022-06-23T08:23:41+00:00","description":"M\u00e1s de 120 pe\u00f1istas de m\u00e1s de 20 pe\u00f1as se reunieron en El Prat de Llobregat por la VI Trobada de Penyes del Baix Llobregat.","breadcrumb":{"@id":"https:\/\/confederaciopenyes.cat\/es\/vi-trobada-penas-baix-llobregat\/#breadcrumb"},"inLanguage":"es","potentialAction":[{"@type":"ReadAction","target":["https:\/\/confederaciopenyes.cat\/es\/vi-trobada-penas-baix-llobregat\/"]}]},{"@type":"ImageObject","inLanguage":"es","@id":"https:\/\/confederaciopenyes.cat\/es\/vi-trobada-penas-baix-llobregat\/#primaryimage","url":"https:\/\/confederaciopenyes.cat\/wp-content\/uploads\/2022\/06\/7-1.jpg","contentUrl":"https:\/\/confederaciopenyes.cat\/wp-content\/uploads\/2022\/06\/7-1.jpg","width":640,"height":428},{"@type":"BreadcrumbList","@id":"https:\/\/confederaciopenyes.cat\/es\/vi-trobada-penas-baix-llobregat\/#breadcrumb","itemListElement":[{"@type":"ListItem","position":1,"name":"Inici","item":"https:\/\/confederaciopenyes.cat\/es\/"},{"@type":"ListItem","position":2,"name":"Las pe\u00f1as del Baix Llobregat, unidas en su VI Trobada"}]},{"@type":"WebSite","@id":"https:\/\/confederaciopenyes.cat\/es\/#website","url":"https:\/\/confederaciopenyes.cat\/es\/","name":"Confederaci\u00f3 Mundial de Penyes del FC Barcelona","description":"C.M. Penyes FC Barcelona","publisher":{"@id":"https:\/\/confederaciopenyes.cat\/es\/#organization"},"potentialAction":[{"@type":"SearchAction","target":{"@type":"EntryPoint","urlTemplate":"https:\/\/confederaciopenyes.cat\/es\/?s={search_term_string}"},"query-input":{"@type":"PropertyValueSpecification","valueRequired":true,"valueName":"search_term_string"}}],"inLanguage":"es"},{"@type":"Organization","@id":"https:\/\/confederaciopenyes.cat\/es\/#organization","name":"Confederaci\u00f3 Mundial de Penyes del FC Barcelona","url":"https:\/\/confederaciopenyes.cat\/es\/","logo":{"@type":"ImageObject","inLanguage":"es","@id":"https:\/\/confederaciopenyes.cat\/es\/#\/schema\/logo\/image\/","url":"https:\/\/confederaciopenyes.cat\/wp-content\/uploads\/2022\/07\/cropped-logo_horizontal.png","contentUrl":"https:\/\/confederaciopenyes.cat\/wp-content\/uploads\/2022\/07\/cropped-logo_horizontal.png","width":1320,"height":309,"caption":"Confederaci\u00f3 Mundial de Penyes del FC Barcelona"},"image":{"@id":"https:\/\/confederaciopenyes.cat\/es\/#\/schema\/logo\/image\/"},"sameAs":["https:\/\/www.facebook.com\/ConfederacioMundialPenyesFCB","https:\/\/x.com\/ConfePenyesFCB","https:\/\/www.instagram.com\/confepenyesfcb\/"]},{"@type":"Person","@id":"https:\/\/confederaciopenyes.cat\/es\/#\/schema\/person\/337072f6daef87a85aa59aa1f134387c","name":"Confederaci\u00f3 Mundial de Penyes del FC Barcelona","image":{"@type":"ImageObject","inLanguage":"es","@id":"https:\/\/secure.gravatar.com\/avatar\/98c60c7405ff843b10aec55db652bd3f5cb4320ef331ae76c156819a62194328?s=96&d=mm&r=g","url":"https:\/\/secure.gravatar.com\/avatar\/98c60c7405ff843b10aec55db652bd3f5cb4320ef331ae76c156819a62194328?s=96&d=mm&r=g","contentUrl":"https:\/\/secure.gravatar.com\/avatar\/98c60c7405ff843b10aec55db652bd3f5cb4320ef331ae76c156819a62194328?s=96&d=mm&r=g","caption":"Confederaci\u00f3 Mundial de Penyes del FC Barcelona"},"url":"https:\/\/confederaciopenyes.cat\/es\/author\/comunicacioconfederaciopenyes-cat\/"}]}},"_links":{"self":[{"href":"https:\/\/confederaciopenyes.cat\/es\/wp-json\/wp\/v2\/posts\/3137","targetHints":{"allow":["GET"]}}],"collection":[{"href":"https:\/\/confederaciopenyes.cat\/es\/wp-json\/wp\/v2\/posts"}],"about":[{"href":"https:\/\/confederaciopenyes.cat\/es\/wp-json\/wp\/v2\/types\/post"}],"author":[{"embeddable":true,"href":"https:\/\/confederaciopenyes.cat\/es\/wp-json\/wp\/v2\/users\/4"}],"replies":[{"embeddable":true,"href":"https:\/\/confederaciopenyes.cat\/es\/wp-json\/wp\/v2\/comments?post=3137"}],"version-history":[{"count":6,"href":"https:\/\/confederaciopenyes.cat\/es\/wp-json\/wp\/v2\/posts\/3137\/revisions"}],"predecessor-version":[{"id":3163,"href":"https:\/\/confederaciopenyes.cat\/es\/wp-json\/wp\/v2\/posts\/3137\/revisions\/3163"}],"wp:featuredmedia":[{"embeddable":true,"href":"https:\/\/confederaciopenyes.cat\/es\/wp-json\/wp\/v2\/media\/3156"}],"wp:attachment":[{"href":"https:\/\/confederaciopenyes.cat\/es\/wp-json\/wp\/v2\/media?parent=3137"}],"wp:term":[{"taxonomy":"category","embeddable":true,"href":"https:\/\/confederaciopenyes.cat\/es\/wp-json\/wp\/v2\/categories?post=3137"},{"taxonomy":"post_tag","embeddable":true,"href":"https:\/\/confederaciopenyes.cat\/es\/wp-json\/wp\/v2\/tags?post=3137"}],"curies":[{"name":"wp","href":"https:\/\/api.w.org\/{rel}","templated":true}]}}