{"id":3222,"date":"2022-07-06T12:34:28","date_gmt":"2022-07-06T10:34:28","guid":{"rendered":"https:\/\/confederaciopenyes.cat\/?p=3222"},"modified":"2022-07-06T12:34:29","modified_gmt":"2022-07-06T10:34:29","slug":"la-pb-totana-y-pb-santa-pola-trabajan-para-la-reinsercion-social","status":"publish","type":"post","link":"https:\/\/confederaciopenyes.cat\/es\/la-pb-totana-y-pb-santa-pola-trabajan-para-la-reinsercion-social\/","title":{"rendered":"La PB Totana y PB Santa Pola trabajan para la reinserci\u00f3n social\u00a0\u00a0"},"content":{"rendered":"\n<p>Una vez m\u00e1s, la <strong><a href=\"https:\/\/www.totana.com\/pbtotana\/index.asp\" target=\"_blank\" rel=\"noreferrer noopener\">Pe\u00f1a Barcelonista de Totana<\/a><\/strong> (<strong>Federaci\u00f3n de Pe\u00f1as de Murcia<\/strong>) ha vuelto a realizar una acci\u00f3n solidaria enfocada a la reinserci\u00f3n social. En esta ocasi\u00f3n, la pe\u00f1a ha colaborado con la <strong>Pe\u00f1a Barcelonista de Santa Pola<\/strong> (<strong>Federaci\u00f3 de Penyes d&#8217;Alacant<\/strong>), el Ayuntamiento de Santa Pola y diferentes empresas y comercios de la localidad para hacer una salida a la ciudad de Santa Pola para las personas privadas de libertad del <strong>Centro Penitenciario de Murcia I<\/strong>. Con esta salida programada, se estableci\u00f3 un marco de convivencia donde los participantes pudieron disfrutar visitando diferentes espacios de la localidad, como el Museo de Santa Pola o la isla de Tabarca. Tambi\u00e9n pudieron degustar algunos productos t\u00edpicos de la regi\u00f3n en el Restaurante Paco Baile.\u00a0<\/p>\n\n\n\n<p><strong>Juan Carri\u00f3n<\/strong>, presidente de la Federaci\u00f3n de Pe\u00f1as de Murcia y de la PB Totana, quiso dar un especial agradecimiento a <strong>Paco Baile<\/strong>, presidente de la Federaci\u00f3 de Penyes d\u2019Alacant y de la PB Santa Pola, por haber aportado su grano de arena en este proyecto. Su colaboraci\u00f3n ha permitido que esta salida se consolide en el s\u00ed del Centro Penitenciario Murcia I, para as\u00ed lograr un mayor \u00e9xito en el plan de salidas para la reinserci\u00f3n.\u00a0<\/p>\n\n\n\n<p>Desde el a\u00f1o 2014, la PB Totana colabora con el programa Matrix Penitenciario, que se desarrolla en el centro penitenciario Murcia I y ayuda a personas privadas de libertad en su proceso de deshabituaci\u00f3n del consumo de sustancias t\u00f3xicas. En su octava edici\u00f3n, participaron m\u00e1s de 100 presos. Entre otras, una de las \u00faltimas acciones de la pe\u00f1a en el marco de este programa fue un <strong><a href=\"https:\/\/confederaciopenyes.cat\/es\/pb-totana-taller-mindfulness-reclusos-2\/\" target=\"_blank\" rel=\"noreferrer noopener\">Taller de Mindfulness.<\/a><\/strong><\/p>\n\n\n\n<figure class=\"wp-block-gallery has-nested-images columns-default is-cropped wp-block-gallery-1 is-layout-flex wp-block-gallery-is-layout-flex\">\n<figure class=\"wp-block-image size-large\"><a href=\"https:\/\/confederaciopenyes.cat\/wp-content\/uploads\/2022\/07\/280620221230572-1.jpg\"><img decoding=\"async\" width=\"540\" height=\"405\" data-id=\"3224\" data-src=\"https:\/\/confederaciopenyes.cat\/wp-content\/uploads\/2022\/07\/280620221230572-1.jpg\" alt=\"\" class=\"wp-image-3224 lazyload\" data-srcset=\"https:\/\/confederaciopenyes.cat\/wp-content\/uploads\/2022\/07\/280620221230572-1.jpg 540w, https:\/\/confederaciopenyes.cat\/wp-content\/uploads\/2022\/07\/280620221230572-1-300x225.jpg 300w\" data-sizes=\"(max-width: 540px) 100vw, 540px\" src=\"data:image\/svg+xml;base64,PHN2ZyB3aWR0aD0iMSIgaGVpZ2h0PSIxIiB4bWxucz0iaHR0cDovL3d3dy53My5vcmcvMjAwMC9zdmciPjwvc3ZnPg==\" style=\"--smush-placeholder-width: 540px; --smush-placeholder-aspect-ratio: 540\/405;\" \/><\/a><\/figure>\n\n\n\n<figure class=\"wp-block-image size-large\"><a href=\"https:\/\/confederaciopenyes.cat\/wp-content\/uploads\/2022\/07\/280620221230574-1.jpg\"><img decoding=\"async\" width=\"540\" height=\"304\" data-id=\"3223\" data-src=\"https:\/\/confederaciopenyes.cat\/wp-content\/uploads\/2022\/07\/280620221230574-1.jpg\" alt=\"\" class=\"wp-image-3223 lazyload\" data-srcset=\"https:\/\/confederaciopenyes.cat\/wp-content\/uploads\/2022\/07\/280620221230574-1.jpg 540w, https:\/\/confederaciopenyes.cat\/wp-content\/uploads\/2022\/07\/280620221230574-1-300x169.jpg 300w\" data-sizes=\"(max-width: 540px) 100vw, 540px\" src=\"data:image\/svg+xml;base64,PHN2ZyB3aWR0aD0iMSIgaGVpZ2h0PSIxIiB4bWxucz0iaHR0cDovL3d3dy53My5vcmcvMjAwMC9zdmciPjwvc3ZnPg==\" style=\"--smush-placeholder-width: 540px; --smush-placeholder-aspect-ratio: 540\/304;\" \/><\/a><\/figure>\n\n\n\n<figure class=\"wp-block-image size-large\"><a href=\"https:\/\/confederaciopenyes.cat\/wp-content\/uploads\/2022\/07\/280620221230586-1.jpg\"><img decoding=\"async\" width=\"540\" height=\"405\" data-id=\"3225\" data-src=\"https:\/\/confederaciopenyes.cat\/wp-content\/uploads\/2022\/07\/280620221230586-1.jpg\" alt=\"\" class=\"wp-image-3225 lazyload\" data-srcset=\"https:\/\/confederaciopenyes.cat\/wp-content\/uploads\/2022\/07\/280620221230586-1.jpg 540w, https:\/\/confederaciopenyes.cat\/wp-content\/uploads\/2022\/07\/280620221230586-1-300x225.jpg 300w\" data-sizes=\"(max-width: 540px) 100vw, 540px\" src=\"data:image\/svg+xml;base64,PHN2ZyB3aWR0aD0iMSIgaGVpZ2h0PSIxIiB4bWxucz0iaHR0cDovL3d3dy53My5vcmcvMjAwMC9zdmciPjwvc3ZnPg==\" style=\"--smush-placeholder-width: 540px; --smush-placeholder-aspect-ratio: 540\/405;\" \/><\/a><\/figure>\n<\/figure>\n","protected":false},"excerpt":{"rendered":"<p>Una vez m\u00e1s, la Pe\u00f1a Barcelonista de Totana (Federaci\u00f3n de Pe\u00f1as de Murcia) ha vuelto a realizar una acci\u00f3n solidaria enfocada a la reinserci\u00f3n social. En esta ocasi\u00f3n, la pe\u00f1a ha colaborado con la Pe\u00f1a Barcelonista de Santa Pola (Federaci\u00f3 de Penyes d&#8217;Alacant), el Ayuntamiento de Santa Pola y diferentes empresas y comercios de la &#8230; <a title=\"La PB Totana y PB Santa Pola trabajan para la reinserci\u00f3n social\u00a0\u00a0\" class=\"read-more\" href=\"https:\/\/confederaciopenyes.cat\/es\/la-pb-totana-y-pb-santa-pola-trabajan-para-la-reinsercion-social\/\" aria-label=\"Leer m\u00e1s sobre La PB Totana y PB Santa Pola trabajan para la reinserci\u00f3n social\u00a0\u00a0\">Leer m\u00e1s<\/a><\/p>\n","protected":false},"author":4,"featured_media":3219,"comment_status":"closed","ping_status":"open","sticky":false,"template":"","format":"standard","meta":{"_acf_changed":false,"footnotes":""},"categories":[1],"tags":[140,114,116],"class_list":["post-3222","post","type-post","status-publish","format-standard","has-post-thumbnail","hentry","category-noticias-es","tag-confederacion-mundial-de-penas","tag-noticias","tag-penas"],"acf":[],"yoast_head":"<!-- This site is optimized with the Yoast SEO Premium plugin v26.7 (Yoast SEO v27.4) - https:\/\/yoast.com\/product\/yoast-seo-premium-wordpress\/ -->\n<title>La PB Totana y PB Santa Pola trabajan para la reinserci\u00f3n social\u00a0\u00a0 - C.M.P.<\/title>\n<meta name=\"description\" content=\"La PB Totana y la PB Santa Pola han colaborado en un programa de reinserci\u00f3n social para personas privadas de libertad del CP Murcia I.\" \/>\n<meta name=\"robots\" content=\"index, follow, max-snippet:-1, max-image-preview:large, max-video-preview:-1\" \/>\n<link rel=\"canonical\" href=\"https:\/\/confederaciopenyes.cat\/es\/la-pb-totana-y-pb-santa-pola-trabajan-para-la-reinsercion-social\/\" \/>\n<meta property=\"og:locale\" content=\"es_ES\" \/>\n<meta property=\"og:type\" content=\"article\" \/>\n<meta property=\"og:title\" content=\"La PB Totana y PB Santa Pola trabajan para la reinserci\u00f3n social\u00a0\u00a0\" \/>\n<meta property=\"og:description\" content=\"La PB Totana y la PB Santa Pola han colaborado en un programa de reinserci\u00f3n social para personas privadas de libertad del CP Murcia I.\" \/>\n<meta property=\"og:url\" content=\"https:\/\/confederaciopenyes.cat\/es\/la-pb-totana-y-pb-santa-pola-trabajan-para-la-reinsercion-social\/\" \/>\n<meta property=\"og:site_name\" content=\"Confederaci\u00f3 Mundial de Penyes del FC Barcelona\" \/>\n<meta property=\"article:publisher\" content=\"https:\/\/www.facebook.com\/ConfederacioMundialPenyesFCB\" \/>\n<meta property=\"article:published_time\" content=\"2022-07-06T10:34:28+00:00\" \/>\n<meta property=\"article:modified_time\" content=\"2022-07-06T10:34:29+00:00\" \/>\n<meta property=\"og:image\" content=\"https:\/\/confederaciopenyes.cat\/wp-content\/uploads\/2022\/07\/MicrosoftTeams-image-30.jpg\" \/>\n\t<meta property=\"og:image:width\" content=\"1708\" \/>\n\t<meta property=\"og:image:height\" content=\"972\" \/>\n\t<meta property=\"og:image:type\" content=\"image\/jpeg\" \/>\n<meta name=\"author\" content=\"Confederaci\u00f3 Mundial de Penyes del FC Barcelona\" \/>\n<meta name=\"twitter:card\" content=\"summary_large_image\" \/>\n<meta name=\"twitter:creator\" content=\"@ConfePenyesFCB\" \/>\n<meta name=\"twitter:site\" content=\"@ConfePenyesFCB\" \/>\n<meta name=\"twitter:label1\" content=\"Escrito por\" \/>\n\t<meta name=\"twitter:data1\" content=\"Confederaci\u00f3 Mundial de Penyes del FC Barcelona\" \/>\n\t<meta name=\"twitter:label2\" content=\"Tiempo de lectura\" \/>\n\t<meta name=\"twitter:data2\" content=\"2 minutos\" \/>\n<script type=\"application\/ld+json\" class=\"yoast-schema-graph\">{\"@context\":\"https:\\\/\\\/schema.org\",\"@graph\":[{\"@type\":\"Article\",\"@id\":\"https:\\\/\\\/confederaciopenyes.cat\\\/es\\\/la-pb-totana-y-pb-santa-pola-trabajan-para-la-reinsercion-social\\\/#article\",\"isPartOf\":{\"@id\":\"https:\\\/\\\/confederaciopenyes.cat\\\/es\\\/la-pb-totana-y-pb-santa-pola-trabajan-para-la-reinsercion-social\\\/\"},\"author\":{\"name\":\"Confederaci\u00f3 Mundial de Penyes del FC Barcelona\",\"@id\":\"https:\\\/\\\/confederaciopenyes.cat\\\/es\\\/#\\\/schema\\\/person\\\/337072f6daef87a85aa59aa1f134387c\"},\"headline\":\"La PB Totana y PB Santa Pola trabajan para la reinserci\u00f3n social\u00a0\u00a0\",\"datePublished\":\"2022-07-06T10:34:28+00:00\",\"dateModified\":\"2022-07-06T10:34:29+00:00\",\"mainEntityOfPage\":{\"@id\":\"https:\\\/\\\/confederaciopenyes.cat\\\/es\\\/la-pb-totana-y-pb-santa-pola-trabajan-para-la-reinsercion-social\\\/\"},\"wordCount\":306,\"publisher\":{\"@id\":\"https:\\\/\\\/confederaciopenyes.cat\\\/es\\\/#organization\"},\"image\":{\"@id\":\"https:\\\/\\\/confederaciopenyes.cat\\\/es\\\/la-pb-totana-y-pb-santa-pola-trabajan-para-la-reinsercion-social\\\/#primaryimage\"},\"thumbnailUrl\":\"https:\\\/\\\/confederaciopenyes.cat\\\/wp-content\\\/uploads\\\/2022\\\/07\\\/MicrosoftTeams-image-30.jpg\",\"keywords\":[\"confederaci\u00f3n mundial de pe\u00f1as\",\"noticias\",\"pe\u00f1as\"],\"articleSection\":[\"Noticias\"],\"inLanguage\":\"es\"},{\"@type\":\"WebPage\",\"@id\":\"https:\\\/\\\/confederaciopenyes.cat\\\/es\\\/la-pb-totana-y-pb-santa-pola-trabajan-para-la-reinsercion-social\\\/\",\"url\":\"https:\\\/\\\/confederaciopenyes.cat\\\/es\\\/la-pb-totana-y-pb-santa-pola-trabajan-para-la-reinsercion-social\\\/\",\"name\":\"La PB Totana y PB Santa Pola trabajan para la reinserci\u00f3n social\u00a0\u00a0 - C.M.P.\",\"isPartOf\":{\"@id\":\"https:\\\/\\\/confederaciopenyes.cat\\\/es\\\/#website\"},\"primaryImageOfPage\":{\"@id\":\"https:\\\/\\\/confederaciopenyes.cat\\\/es\\\/la-pb-totana-y-pb-santa-pola-trabajan-para-la-reinsercion-social\\\/#primaryimage\"},\"image\":{\"@id\":\"https:\\\/\\\/confederaciopenyes.cat\\\/es\\\/la-pb-totana-y-pb-santa-pola-trabajan-para-la-reinsercion-social\\\/#primaryimage\"},\"thumbnailUrl\":\"https:\\\/\\\/confederaciopenyes.cat\\\/wp-content\\\/uploads\\\/2022\\\/07\\\/MicrosoftTeams-image-30.jpg\",\"datePublished\":\"2022-07-06T10:34:28+00:00\",\"dateModified\":\"2022-07-06T10:34:29+00:00\",\"description\":\"La PB Totana y la PB Santa Pola han colaborado en un programa de reinserci\u00f3n social para personas privadas de libertad del CP Murcia I.\",\"breadcrumb\":{\"@id\":\"https:\\\/\\\/confederaciopenyes.cat\\\/es\\\/la-pb-totana-y-pb-santa-pola-trabajan-para-la-reinsercion-social\\\/#breadcrumb\"},\"inLanguage\":\"es\",\"potentialAction\":[{\"@type\":\"ReadAction\",\"target\":[\"https:\\\/\\\/confederaciopenyes.cat\\\/es\\\/la-pb-totana-y-pb-santa-pola-trabajan-para-la-reinsercion-social\\\/\"]}]},{\"@type\":\"ImageObject\",\"inLanguage\":\"es\",\"@id\":\"https:\\\/\\\/confederaciopenyes.cat\\\/es\\\/la-pb-totana-y-pb-santa-pola-trabajan-para-la-reinsercion-social\\\/#primaryimage\",\"url\":\"https:\\\/\\\/confederaciopenyes.cat\\\/wp-content\\\/uploads\\\/2022\\\/07\\\/MicrosoftTeams-image-30.jpg\",\"contentUrl\":\"https:\\\/\\\/confederaciopenyes.cat\\\/wp-content\\\/uploads\\\/2022\\\/07\\\/MicrosoftTeams-image-30.jpg\",\"width\":1708,\"height\":972},{\"@type\":\"BreadcrumbList\",\"@id\":\"https:\\\/\\\/confederaciopenyes.cat\\\/es\\\/la-pb-totana-y-pb-santa-pola-trabajan-para-la-reinsercion-social\\\/#breadcrumb\",\"itemListElement\":[{\"@type\":\"ListItem\",\"position\":1,\"name\":\"Portada\",\"item\":\"https:\\\/\\\/confederaciopenyes.cat\\\/es\\\/\"},{\"@type\":\"ListItem\",\"position\":2,\"name\":\"La PB Totana y PB Santa Pola trabajan para la reinserci\u00f3n social\u00a0\u00a0\"}]},{\"@type\":\"WebSite\",\"@id\":\"https:\\\/\\\/confederaciopenyes.cat\\\/es\\\/#website\",\"url\":\"https:\\\/\\\/confederaciopenyes.cat\\\/es\\\/\",\"name\":\"Confederaci\u00f3 Mundial de Penyes del FC Barcelona\",\"description\":\"C.M. Penyes FC Barcelona\",\"publisher\":{\"@id\":\"https:\\\/\\\/confederaciopenyes.cat\\\/es\\\/#organization\"},\"potentialAction\":[{\"@type\":\"SearchAction\",\"target\":{\"@type\":\"EntryPoint\",\"urlTemplate\":\"https:\\\/\\\/confederaciopenyes.cat\\\/es\\\/?s={search_term_string}\"},\"query-input\":{\"@type\":\"PropertyValueSpecification\",\"valueRequired\":true,\"valueName\":\"search_term_string\"}}],\"inLanguage\":\"es\"},{\"@type\":\"Organization\",\"@id\":\"https:\\\/\\\/confederaciopenyes.cat\\\/es\\\/#organization\",\"name\":\"Confederaci\u00f3 Mundial de Penyes del FC Barcelona\",\"url\":\"https:\\\/\\\/confederaciopenyes.cat\\\/es\\\/\",\"logo\":{\"@type\":\"ImageObject\",\"inLanguage\":\"es\",\"@id\":\"https:\\\/\\\/confederaciopenyes.cat\\\/es\\\/#\\\/schema\\\/logo\\\/image\\\/\",\"url\":\"https:\\\/\\\/confederaciopenyes.cat\\\/wp-content\\\/uploads\\\/2022\\\/07\\\/cropped-logo_horizontal.png\",\"contentUrl\":\"https:\\\/\\\/confederaciopenyes.cat\\\/wp-content\\\/uploads\\\/2022\\\/07\\\/cropped-logo_horizontal.png\",\"width\":1320,\"height\":309,\"caption\":\"Confederaci\u00f3 Mundial de Penyes del FC Barcelona\"},\"image\":{\"@id\":\"https:\\\/\\\/confederaciopenyes.cat\\\/es\\\/#\\\/schema\\\/logo\\\/image\\\/\"},\"sameAs\":[\"https:\\\/\\\/www.facebook.com\\\/ConfederacioMundialPenyesFCB\",\"https:\\\/\\\/x.com\\\/ConfePenyesFCB\",\"https:\\\/\\\/www.instagram.com\\\/confepenyesfcb\\\/\"]},{\"@type\":\"Person\",\"@id\":\"https:\\\/\\\/confederaciopenyes.cat\\\/es\\\/#\\\/schema\\\/person\\\/337072f6daef87a85aa59aa1f134387c\",\"name\":\"Confederaci\u00f3 Mundial de Penyes del FC Barcelona\",\"image\":{\"@type\":\"ImageObject\",\"inLanguage\":\"es\",\"@id\":\"https:\\\/\\\/secure.gravatar.com\\\/avatar\\\/98c60c7405ff843b10aec55db652bd3f5cb4320ef331ae76c156819a62194328?s=96&d=mm&r=g\",\"url\":\"https:\\\/\\\/secure.gravatar.com\\\/avatar\\\/98c60c7405ff843b10aec55db652bd3f5cb4320ef331ae76c156819a62194328?s=96&d=mm&r=g\",\"contentUrl\":\"https:\\\/\\\/secure.gravatar.com\\\/avatar\\\/98c60c7405ff843b10aec55db652bd3f5cb4320ef331ae76c156819a62194328?s=96&d=mm&r=g\",\"caption\":\"Confederaci\u00f3 Mundial de Penyes del FC Barcelona\"},\"url\":\"https:\\\/\\\/confederaciopenyes.cat\\\/es\\\/author\\\/comunicacioconfederaciopenyes-cat\\\/\"}]}<\/script>\n<!-- \/ Yoast SEO Premium plugin. -->","yoast_head_json":{"title":"La PB Totana y PB Santa Pola trabajan para la reinserci\u00f3n social\u00a0\u00a0 - C.M.P.","description":"La PB Totana y la PB Santa Pola han colaborado en un programa de reinserci\u00f3n social para personas privadas de libertad del CP Murcia I.","robots":{"index":"index","follow":"follow","max-snippet":"max-snippet:-1","max-image-preview":"max-image-preview:large","max-video-preview":"max-video-preview:-1"},"canonical":"https:\/\/confederaciopenyes.cat\/es\/la-pb-totana-y-pb-santa-pola-trabajan-para-la-reinsercion-social\/","og_locale":"es_ES","og_type":"article","og_title":"La PB Totana y PB Santa Pola trabajan para la reinserci\u00f3n social\u00a0\u00a0","og_description":"La PB Totana y la PB Santa Pola han colaborado en un programa de reinserci\u00f3n social para personas privadas de libertad del CP Murcia I.","og_url":"https:\/\/confederaciopenyes.cat\/es\/la-pb-totana-y-pb-santa-pola-trabajan-para-la-reinsercion-social\/","og_site_name":"Confederaci\u00f3 Mundial de Penyes del FC Barcelona","article_publisher":"https:\/\/www.facebook.com\/ConfederacioMundialPenyesFCB","article_published_time":"2022-07-06T10:34:28+00:00","article_modified_time":"2022-07-06T10:34:29+00:00","og_image":[{"width":1708,"height":972,"url":"https:\/\/confederaciopenyes.cat\/wp-content\/uploads\/2022\/07\/MicrosoftTeams-image-30.jpg","type":"image\/jpeg"}],"author":"Confederaci\u00f3 Mundial de Penyes del FC Barcelona","twitter_card":"summary_large_image","twitter_creator":"@ConfePenyesFCB","twitter_site":"@ConfePenyesFCB","twitter_misc":{"Escrito por":"Confederaci\u00f3 Mundial de Penyes del FC Barcelona","Tiempo de lectura":"2 minutos"},"schema":{"@context":"https:\/\/schema.org","@graph":[{"@type":"Article","@id":"https:\/\/confederaciopenyes.cat\/es\/la-pb-totana-y-pb-santa-pola-trabajan-para-la-reinsercion-social\/#article","isPartOf":{"@id":"https:\/\/confederaciopenyes.cat\/es\/la-pb-totana-y-pb-santa-pola-trabajan-para-la-reinsercion-social\/"},"author":{"name":"Confederaci\u00f3 Mundial de Penyes del FC Barcelona","@id":"https:\/\/confederaciopenyes.cat\/es\/#\/schema\/person\/337072f6daef87a85aa59aa1f134387c"},"headline":"La PB Totana y PB Santa Pola trabajan para la reinserci\u00f3n social\u00a0\u00a0","datePublished":"2022-07-06T10:34:28+00:00","dateModified":"2022-07-06T10:34:29+00:00","mainEntityOfPage":{"@id":"https:\/\/confederaciopenyes.cat\/es\/la-pb-totana-y-pb-santa-pola-trabajan-para-la-reinsercion-social\/"},"wordCount":306,"publisher":{"@id":"https:\/\/confederaciopenyes.cat\/es\/#organization"},"image":{"@id":"https:\/\/confederaciopenyes.cat\/es\/la-pb-totana-y-pb-santa-pola-trabajan-para-la-reinsercion-social\/#primaryimage"},"thumbnailUrl":"https:\/\/confederaciopenyes.cat\/wp-content\/uploads\/2022\/07\/MicrosoftTeams-image-30.jpg","keywords":["confederaci\u00f3n mundial de pe\u00f1as","noticias","pe\u00f1as"],"articleSection":["Noticias"],"inLanguage":"es"},{"@type":"WebPage","@id":"https:\/\/confederaciopenyes.cat\/es\/la-pb-totana-y-pb-santa-pola-trabajan-para-la-reinsercion-social\/","url":"https:\/\/confederaciopenyes.cat\/es\/la-pb-totana-y-pb-santa-pola-trabajan-para-la-reinsercion-social\/","name":"La PB Totana y PB Santa Pola trabajan para la reinserci\u00f3n social\u00a0\u00a0 - C.M.P.","isPartOf":{"@id":"https:\/\/confederaciopenyes.cat\/es\/#website"},"primaryImageOfPage":{"@id":"https:\/\/confederaciopenyes.cat\/es\/la-pb-totana-y-pb-santa-pola-trabajan-para-la-reinsercion-social\/#primaryimage"},"image":{"@id":"https:\/\/confederaciopenyes.cat\/es\/la-pb-totana-y-pb-santa-pola-trabajan-para-la-reinsercion-social\/#primaryimage"},"thumbnailUrl":"https:\/\/confederaciopenyes.cat\/wp-content\/uploads\/2022\/07\/MicrosoftTeams-image-30.jpg","datePublished":"2022-07-06T10:34:28+00:00","dateModified":"2022-07-06T10:34:29+00:00","description":"La PB Totana y la PB Santa Pola han colaborado en un programa de reinserci\u00f3n social para personas privadas de libertad del CP Murcia I.","breadcrumb":{"@id":"https:\/\/confederaciopenyes.cat\/es\/la-pb-totana-y-pb-santa-pola-trabajan-para-la-reinsercion-social\/#breadcrumb"},"inLanguage":"es","potentialAction":[{"@type":"ReadAction","target":["https:\/\/confederaciopenyes.cat\/es\/la-pb-totana-y-pb-santa-pola-trabajan-para-la-reinsercion-social\/"]}]},{"@type":"ImageObject","inLanguage":"es","@id":"https:\/\/confederaciopenyes.cat\/es\/la-pb-totana-y-pb-santa-pola-trabajan-para-la-reinsercion-social\/#primaryimage","url":"https:\/\/confederaciopenyes.cat\/wp-content\/uploads\/2022\/07\/MicrosoftTeams-image-30.jpg","contentUrl":"https:\/\/confederaciopenyes.cat\/wp-content\/uploads\/2022\/07\/MicrosoftTeams-image-30.jpg","width":1708,"height":972},{"@type":"BreadcrumbList","@id":"https:\/\/confederaciopenyes.cat\/es\/la-pb-totana-y-pb-santa-pola-trabajan-para-la-reinsercion-social\/#breadcrumb","itemListElement":[{"@type":"ListItem","position":1,"name":"Portada","item":"https:\/\/confederaciopenyes.cat\/es\/"},{"@type":"ListItem","position":2,"name":"La PB Totana y PB Santa Pola trabajan para la reinserci\u00f3n social\u00a0\u00a0"}]},{"@type":"WebSite","@id":"https:\/\/confederaciopenyes.cat\/es\/#website","url":"https:\/\/confederaciopenyes.cat\/es\/","name":"Confederaci\u00f3 Mundial de Penyes del FC Barcelona","description":"C.M. Penyes FC Barcelona","publisher":{"@id":"https:\/\/confederaciopenyes.cat\/es\/#organization"},"potentialAction":[{"@type":"SearchAction","target":{"@type":"EntryPoint","urlTemplate":"https:\/\/confederaciopenyes.cat\/es\/?s={search_term_string}"},"query-input":{"@type":"PropertyValueSpecification","valueRequired":true,"valueName":"search_term_string"}}],"inLanguage":"es"},{"@type":"Organization","@id":"https:\/\/confederaciopenyes.cat\/es\/#organization","name":"Confederaci\u00f3 Mundial de Penyes del FC Barcelona","url":"https:\/\/confederaciopenyes.cat\/es\/","logo":{"@type":"ImageObject","inLanguage":"es","@id":"https:\/\/confederaciopenyes.cat\/es\/#\/schema\/logo\/image\/","url":"https:\/\/confederaciopenyes.cat\/wp-content\/uploads\/2022\/07\/cropped-logo_horizontal.png","contentUrl":"https:\/\/confederaciopenyes.cat\/wp-content\/uploads\/2022\/07\/cropped-logo_horizontal.png","width":1320,"height":309,"caption":"Confederaci\u00f3 Mundial de Penyes del FC Barcelona"},"image":{"@id":"https:\/\/confederaciopenyes.cat\/es\/#\/schema\/logo\/image\/"},"sameAs":["https:\/\/www.facebook.com\/ConfederacioMundialPenyesFCB","https:\/\/x.com\/ConfePenyesFCB","https:\/\/www.instagram.com\/confepenyesfcb\/"]},{"@type":"Person","@id":"https:\/\/confederaciopenyes.cat\/es\/#\/schema\/person\/337072f6daef87a85aa59aa1f134387c","name":"Confederaci\u00f3 Mundial de Penyes del FC Barcelona","image":{"@type":"ImageObject","inLanguage":"es","@id":"https:\/\/secure.gravatar.com\/avatar\/98c60c7405ff843b10aec55db652bd3f5cb4320ef331ae76c156819a62194328?s=96&d=mm&r=g","url":"https:\/\/secure.gravatar.com\/avatar\/98c60c7405ff843b10aec55db652bd3f5cb4320ef331ae76c156819a62194328?s=96&d=mm&r=g","contentUrl":"https:\/\/secure.gravatar.com\/avatar\/98c60c7405ff843b10aec55db652bd3f5cb4320ef331ae76c156819a62194328?s=96&d=mm&r=g","caption":"Confederaci\u00f3 Mundial de Penyes del FC Barcelona"},"url":"https:\/\/confederaciopenyes.cat\/es\/author\/comunicacioconfederaciopenyes-cat\/"}]}},"_links":{"self":[{"href":"https:\/\/confederaciopenyes.cat\/es\/wp-json\/wp\/v2\/posts\/3222","targetHints":{"allow":["GET"]}}],"collection":[{"href":"https:\/\/confederaciopenyes.cat\/es\/wp-json\/wp\/v2\/posts"}],"about":[{"href":"https:\/\/confederaciopenyes.cat\/es\/wp-json\/wp\/v2\/types\/post"}],"author":[{"embeddable":true,"href":"https:\/\/confederaciopenyes.cat\/es\/wp-json\/wp\/v2\/users\/4"}],"replies":[{"embeddable":true,"href":"https:\/\/confederaciopenyes.cat\/es\/wp-json\/wp\/v2\/comments?post=3222"}],"version-history":[{"count":4,"href":"https:\/\/confederaciopenyes.cat\/es\/wp-json\/wp\/v2\/posts\/3222\/revisions"}],"predecessor-version":[{"id":3234,"href":"https:\/\/confederaciopenyes.cat\/es\/wp-json\/wp\/v2\/posts\/3222\/revisions\/3234"}],"wp:featuredmedia":[{"embeddable":true,"href":"https:\/\/confederaciopenyes.cat\/es\/wp-json\/wp\/v2\/media\/3219"}],"wp:attachment":[{"href":"https:\/\/confederaciopenyes.cat\/es\/wp-json\/wp\/v2\/media?parent=3222"}],"wp:term":[{"taxonomy":"category","embeddable":true,"href":"https:\/\/confederaciopenyes.cat\/es\/wp-json\/wp\/v2\/categories?post=3222"},{"taxonomy":"post_tag","embeddable":true,"href":"https:\/\/confederaciopenyes.cat\/es\/wp-json\/wp\/v2\/tags?post=3222"}],"curies":[{"name":"wp","href":"https:\/\/api.w.org\/{rel}","templated":true}]}}