{"id":32554,"date":"2025-06-16T12:50:23","date_gmt":"2025-06-16T10:50:23","guid":{"rendered":"https:\/\/confederaciopenyes.cat\/diversion-familiar-blaugrana-en-el-encuentro-de-verano-2025-de-la-pb-eslovaca-alts-tatras\/"},"modified":"2025-06-16T13:02:36","modified_gmt":"2025-06-16T11:02:36","slug":"diversion-familiar-blaugrana-en-el-encuentro-de-verano-2025-de-la-pb-eslovaca-alts-tatras","status":"publish","type":"post","link":"https:\/\/confederaciopenyes.cat\/es\/diversion-familiar-blaugrana-en-el-encuentro-de-verano-2025-de-la-pb-eslovaca-alts-tatras\/","title":{"rendered":"Diversi\u00f3n familiar blaugrana en el Encuentro de Verano 2025 de la PB Eslovaca Alts Tatras"},"content":{"rendered":"\n<p>Un a\u00f1o m\u00e1s, la<a href=\"https:\/\/www.facebook.com\/penyaEslovaca\/\"><strong> Penya Barcelonista Eslovaca de los Alts Tatras <\/strong><\/a>(Federaci\u00f3n Mundo) vivi\u00f3 un fin de semana muy especial con motivo de su<strong> Encuentro de Verano 2025<\/strong>, con el que cierra la temporada actual. En el marco de la celebraci\u00f3n del D\u00eda de la Infancia, que en Eslovaquia se conmemora el 1 de junio, la pe\u00f1a organiz\u00f3 <strong>una salida para los pe\u00f1istas y sus familias cerca de la localidad de Prievidza<\/strong>, en el centro de Eslovaquia. Se trata de la <strong>10\u00aa edici\u00f3n de este encuentro<\/strong>, que ya se ha convertido en una tradici\u00f3n para la PB Eslovaca Alts Tatras, y que sus miembros esperan con especial ilusi\u00f3n.  <\/p>\n\n<p>Durante la estancia, la pe\u00f1a organiz\u00f3 <strong>actividades dirigidas a todas las edades, la mayor\u00eda con el f\u00fatbol como protagonista<\/strong>. Se celebraron, por ejemplo, varios partidos de f\u00fatbol entre ni\u00f1os y adultos (curiosamente, siempre con victoria para los m\u00e1s j\u00f3venes), as\u00ed como una salida al zool\u00f3gico de la cercana localidad de Bojnice, que entusiasm\u00f3 a los peque\u00f1os cul\u00e9s. Tambi\u00e9n se realiz\u00f3 un <strong>sorteo de regalos para los asistentes al evento<\/strong>. Como siempre, la PB Eslovaca Alts Tatras enfoca este Encuentro de Verano a las nuevas generaciones de barcelonistas en Eslovaquia, <strong>fomentando el ambiente familiar y reforzando as\u00ed el sentimiento de comuni\u00f3n que existe entre todos los miembros de la pe\u00f1a<\/strong>. El a\u00f1o que viene, sin duda, volver\u00e1 a ser una ocasi\u00f3n muy esperada para todos ellos.    <\/p>\n\n<figure class=\"wp-block-gallery has-nested-images columns-default is-cropped wp-block-gallery-1 is-layout-flex wp-block-gallery-is-layout-flex\">\n<figure class=\"wp-block-image size-large\"><a href=\"https:\/\/confederaciopenyes.cat\/?attachment_id=32545#main\"><img decoding=\"async\" width=\"1024\" height=\"838\" data-id=\"32545\" data-src=\"https:\/\/confederaciopenyes.cat\/wp-content\/uploads\/2025\/06\/Imagen-de-WhatsApp-2025-06-16-a-las-11.03.39_e1e9fba0-1024x838.jpg\" alt=\"\" class=\"wp-image-32545 lazyload\" data-srcset=\"https:\/\/confederaciopenyes.cat\/wp-content\/uploads\/2025\/06\/Imagen-de-WhatsApp-2025-06-16-a-las-11.03.39_e1e9fba0-1024x838.jpg 1024w, https:\/\/confederaciopenyes.cat\/wp-content\/uploads\/2025\/06\/Imagen-de-WhatsApp-2025-06-16-a-las-11.03.39_e1e9fba0-300x245.jpg 300w, https:\/\/confederaciopenyes.cat\/wp-content\/uploads\/2025\/06\/Imagen-de-WhatsApp-2025-06-16-a-las-11.03.39_e1e9fba0-768x628.jpg 768w, https:\/\/confederaciopenyes.cat\/wp-content\/uploads\/2025\/06\/Imagen-de-WhatsApp-2025-06-16-a-las-11.03.39_e1e9fba0-1536x1257.jpg 1536w, https:\/\/confederaciopenyes.cat\/wp-content\/uploads\/2025\/06\/Imagen-de-WhatsApp-2025-06-16-a-las-11.03.39_e1e9fba0.jpg 1600w\" data-sizes=\"(max-width: 1024px) 100vw, 1024px\" src=\"data:image\/svg+xml;base64,PHN2ZyB3aWR0aD0iMSIgaGVpZ2h0PSIxIiB4bWxucz0iaHR0cDovL3d3dy53My5vcmcvMjAwMC9zdmciPjwvc3ZnPg==\" style=\"--smush-placeholder-width: 1024px; --smush-placeholder-aspect-ratio: 1024\/838;\" \/><\/a><\/figure>\n\n\n\n<figure class=\"wp-block-image size-large\"><a href=\"https:\/\/confederaciopenyes.cat\/?attachment_id=32542#main\"><img decoding=\"async\" width=\"1024\" height=\"768\" data-id=\"32542\" data-src=\"https:\/\/confederaciopenyes.cat\/wp-content\/uploads\/2025\/06\/Imagen-de-WhatsApp-2025-06-16-a-las-11.03.39_1420a269-1024x768.jpg\" alt=\"\" class=\"wp-image-32542 lazyload\" data-srcset=\"https:\/\/confederaciopenyes.cat\/wp-content\/uploads\/2025\/06\/Imagen-de-WhatsApp-2025-06-16-a-las-11.03.39_1420a269-1024x768.jpg 1024w, https:\/\/confederaciopenyes.cat\/wp-content\/uploads\/2025\/06\/Imagen-de-WhatsApp-2025-06-16-a-las-11.03.39_1420a269-300x225.jpg 300w, https:\/\/confederaciopenyes.cat\/wp-content\/uploads\/2025\/06\/Imagen-de-WhatsApp-2025-06-16-a-las-11.03.39_1420a269-768x576.jpg 768w, https:\/\/confederaciopenyes.cat\/wp-content\/uploads\/2025\/06\/Imagen-de-WhatsApp-2025-06-16-a-las-11.03.39_1420a269-1536x1152.jpg 1536w, https:\/\/confederaciopenyes.cat\/wp-content\/uploads\/2025\/06\/Imagen-de-WhatsApp-2025-06-16-a-las-11.03.39_1420a269.jpg 1600w\" data-sizes=\"(max-width: 1024px) 100vw, 1024px\" src=\"data:image\/svg+xml;base64,PHN2ZyB3aWR0aD0iMSIgaGVpZ2h0PSIxIiB4bWxucz0iaHR0cDovL3d3dy53My5vcmcvMjAwMC9zdmciPjwvc3ZnPg==\" style=\"--smush-placeholder-width: 1024px; --smush-placeholder-aspect-ratio: 1024\/768;\" \/><\/a><\/figure>\n\n\n\n<figure class=\"wp-block-image size-large\"><a href=\"https:\/\/confederaciopenyes.cat\/?attachment_id=32548#main\"><img decoding=\"async\" width=\"1024\" height=\"768\" data-id=\"32548\" data-src=\"https:\/\/confederaciopenyes.cat\/wp-content\/uploads\/2025\/06\/Imagen-de-WhatsApp-2025-06-16-a-las-11.03.39_0b6c512f-1024x768.jpg\" alt=\"\" class=\"wp-image-32548 lazyload\" data-srcset=\"https:\/\/confederaciopenyes.cat\/wp-content\/uploads\/2025\/06\/Imagen-de-WhatsApp-2025-06-16-a-las-11.03.39_0b6c512f-1024x768.jpg 1024w, https:\/\/confederaciopenyes.cat\/wp-content\/uploads\/2025\/06\/Imagen-de-WhatsApp-2025-06-16-a-las-11.03.39_0b6c512f-300x225.jpg 300w, https:\/\/confederaciopenyes.cat\/wp-content\/uploads\/2025\/06\/Imagen-de-WhatsApp-2025-06-16-a-las-11.03.39_0b6c512f-768x576.jpg 768w, https:\/\/confederaciopenyes.cat\/wp-content\/uploads\/2025\/06\/Imagen-de-WhatsApp-2025-06-16-a-las-11.03.39_0b6c512f.jpg 1200w\" data-sizes=\"(max-width: 1024px) 100vw, 1024px\" src=\"data:image\/svg+xml;base64,PHN2ZyB3aWR0aD0iMSIgaGVpZ2h0PSIxIiB4bWxucz0iaHR0cDovL3d3dy53My5vcmcvMjAwMC9zdmciPjwvc3ZnPg==\" style=\"--smush-placeholder-width: 1024px; --smush-placeholder-aspect-ratio: 1024\/768;\" \/><\/a><\/figure>\n<\/figure>\n","protected":false},"excerpt":{"rendered":"<p>Un a\u00f1o m\u00e1s, la Penya Barcelonista Eslovaca de los Alts Tatras (Federaci\u00f3n Mundo) vivi\u00f3 un fin de semana muy especial con motivo de su Encuentro de Verano 2025, con el que cierra la temporada actual. En el marco de la celebraci\u00f3n del D\u00eda de la Infancia, que en Eslovaquia se conmemora el 1 de junio, &#8230; <a title=\"Diversi\u00f3n familiar blaugrana en el Encuentro de Verano 2025 de la PB Eslovaca Alts Tatras\" class=\"read-more\" href=\"https:\/\/confederaciopenyes.cat\/es\/diversion-familiar-blaugrana-en-el-encuentro-de-verano-2025-de-la-pb-eslovaca-alts-tatras\/\" aria-label=\"Leer m\u00e1s sobre Diversi\u00f3n familiar blaugrana en el Encuentro de Verano 2025 de la PB Eslovaca Alts Tatras\">Leer m\u00e1s<\/a><\/p>\n","protected":false},"author":4,"featured_media":32541,"comment_status":"closed","ping_status":"open","sticky":false,"template":"","format":"standard","meta":{"_acf_changed":false,"footnotes":""},"categories":[1],"tags":[2594,3346,2595,3722,2555],"class_list":["post-32554","post","type-post","status-publish","format-standard","has-post-thumbnail","hentry","category-noticias-es","tag-confederacio-mundial-de-penyes-es-3","tag-encuentro","tag-noticias-es-2","tag-pb-eslovaca-alts-tatras-es","tag-penas-es"],"acf":[],"yoast_head":"<!-- This site is optimized with the Yoast SEO Premium plugin v26.7 (Yoast SEO v27.5) - https:\/\/yoast.com\/product\/yoast-seo-premium-wordpress\/ -->\n<title>Encuentro de Verano 2025 de la PB Eslovaca Alts Tatras - C. M. Penyes<\/title>\n<meta name=\"description\" content=\"La PB Alts Tatras celebr\u00f3 su Encuentro de Verano 2025, que una vez m\u00e1s tuvo los cul\u00e9s m\u00e1s j\u00f3venes como protagonistas.\" \/>\n<meta name=\"robots\" content=\"index, follow, max-snippet:-1, max-image-preview:large, max-video-preview:-1\" \/>\n<link rel=\"canonical\" href=\"https:\/\/confederaciopenyes.cat\/es\/diversion-familiar-blaugrana-en-el-encuentro-de-verano-2025-de-la-pb-eslovaca-alts-tatras\/\" \/>\n<meta property=\"og:locale\" content=\"es_ES\" \/>\n<meta property=\"og:type\" content=\"article\" \/>\n<meta property=\"og:title\" content=\"Diversi\u00f3n familiar blaugrana en el Encuentro de Verano 2025 de la PB Eslovaca Alts Tatras\" \/>\n<meta property=\"og:description\" content=\"La PB Alts Tatras celebr\u00f3 su Encuentro de Verano 2025, que una vez m\u00e1s tuvo los cul\u00e9s m\u00e1s j\u00f3venes como protagonistas.\" \/>\n<meta property=\"og:url\" content=\"https:\/\/confederaciopenyes.cat\/es\/diversion-familiar-blaugrana-en-el-encuentro-de-verano-2025-de-la-pb-eslovaca-alts-tatras\/\" \/>\n<meta property=\"og:site_name\" content=\"Confederaci\u00f3 Mundial de Penyes del FC Barcelona\" \/>\n<meta property=\"article:publisher\" content=\"https:\/\/www.facebook.com\/ConfederacioMundialPenyesFCB\" \/>\n<meta property=\"article:published_time\" content=\"2025-06-16T10:50:23+00:00\" \/>\n<meta property=\"article:modified_time\" content=\"2025-06-16T11:02:36+00:00\" \/>\n<meta property=\"og:image\" content=\"https:\/\/confederaciopenyes.cat\/wp-content\/uploads\/2025\/06\/Imagen-de-WhatsApp-2025-06-07-a-las-16.58.45_ca1f9e70.jpg\" \/>\n\t<meta property=\"og:image:width\" content=\"1600\" \/>\n\t<meta property=\"og:image:height\" content=\"900\" \/>\n\t<meta property=\"og:image:type\" content=\"image\/jpeg\" \/>\n<meta name=\"author\" content=\"Confederaci\u00f3 Mundial de Penyes del FC Barcelona\" \/>\n<meta name=\"twitter:card\" content=\"summary_large_image\" \/>\n<meta name=\"twitter:creator\" content=\"@ConfePenyesFCB\" \/>\n<meta name=\"twitter:site\" content=\"@ConfePenyesFCB\" \/>\n<meta name=\"twitter:label1\" content=\"Escrito por\" \/>\n\t<meta name=\"twitter:data1\" content=\"Confederaci\u00f3 Mundial de Penyes del FC Barcelona\" \/>\n\t<meta name=\"twitter:label2\" content=\"Tiempo de lectura\" \/>\n\t<meta name=\"twitter:data2\" content=\"3 minutos\" \/>\n<script type=\"application\/ld+json\" class=\"yoast-schema-graph\">{\"@context\":\"https:\\\/\\\/schema.org\",\"@graph\":[{\"@type\":\"Article\",\"@id\":\"https:\\\/\\\/confederaciopenyes.cat\\\/es\\\/diversion-familiar-blaugrana-en-el-encuentro-de-verano-2025-de-la-pb-eslovaca-alts-tatras\\\/#article\",\"isPartOf\":{\"@id\":\"https:\\\/\\\/confederaciopenyes.cat\\\/es\\\/diversion-familiar-blaugrana-en-el-encuentro-de-verano-2025-de-la-pb-eslovaca-alts-tatras\\\/\"},\"author\":{\"name\":\"Confederaci\u00f3 Mundial de Penyes del FC Barcelona\",\"@id\":\"https:\\\/\\\/confederaciopenyes.cat\\\/es\\\/#\\\/schema\\\/person\\\/337072f6daef87a85aa59aa1f134387c\"},\"headline\":\"Diversi\u00f3n familiar blaugrana en el Encuentro de Verano 2025 de la PB Eslovaca Alts Tatras\",\"datePublished\":\"2025-06-16T10:50:23+00:00\",\"dateModified\":\"2025-06-16T11:02:36+00:00\",\"mainEntityOfPage\":{\"@id\":\"https:\\\/\\\/confederaciopenyes.cat\\\/es\\\/diversion-familiar-blaugrana-en-el-encuentro-de-verano-2025-de-la-pb-eslovaca-alts-tatras\\\/\"},\"wordCount\":270,\"publisher\":{\"@id\":\"https:\\\/\\\/confederaciopenyes.cat\\\/es\\\/#organization\"},\"image\":{\"@id\":\"https:\\\/\\\/confederaciopenyes.cat\\\/es\\\/diversion-familiar-blaugrana-en-el-encuentro-de-verano-2025-de-la-pb-eslovaca-alts-tatras\\\/#primaryimage\"},\"thumbnailUrl\":\"https:\\\/\\\/confederaciopenyes.cat\\\/wp-content\\\/uploads\\\/2025\\\/06\\\/Imagen-de-WhatsApp-2025-06-07-a-las-16.58.45_ca1f9e70.jpg\",\"keywords\":[\"confederaci\u00f3 mundial de penyes\",\"encuentro\",\"noticias\",\"PB Eslovaca Alts Tatras\",\"pe\u00f1as\"],\"articleSection\":[\"Noticias\"],\"inLanguage\":\"es\"},{\"@type\":\"WebPage\",\"@id\":\"https:\\\/\\\/confederaciopenyes.cat\\\/es\\\/diversion-familiar-blaugrana-en-el-encuentro-de-verano-2025-de-la-pb-eslovaca-alts-tatras\\\/\",\"url\":\"https:\\\/\\\/confederaciopenyes.cat\\\/es\\\/diversion-familiar-blaugrana-en-el-encuentro-de-verano-2025-de-la-pb-eslovaca-alts-tatras\\\/\",\"name\":\"Encuentro de Verano 2025 de la PB Eslovaca Alts Tatras - C. M. Penyes\",\"isPartOf\":{\"@id\":\"https:\\\/\\\/confederaciopenyes.cat\\\/es\\\/#website\"},\"primaryImageOfPage\":{\"@id\":\"https:\\\/\\\/confederaciopenyes.cat\\\/es\\\/diversion-familiar-blaugrana-en-el-encuentro-de-verano-2025-de-la-pb-eslovaca-alts-tatras\\\/#primaryimage\"},\"image\":{\"@id\":\"https:\\\/\\\/confederaciopenyes.cat\\\/es\\\/diversion-familiar-blaugrana-en-el-encuentro-de-verano-2025-de-la-pb-eslovaca-alts-tatras\\\/#primaryimage\"},\"thumbnailUrl\":\"https:\\\/\\\/confederaciopenyes.cat\\\/wp-content\\\/uploads\\\/2025\\\/06\\\/Imagen-de-WhatsApp-2025-06-07-a-las-16.58.45_ca1f9e70.jpg\",\"datePublished\":\"2025-06-16T10:50:23+00:00\",\"dateModified\":\"2025-06-16T11:02:36+00:00\",\"description\":\"La PB Alts Tatras celebr\u00f3 su Encuentro de Verano 2025, que una vez m\u00e1s tuvo los cul\u00e9s m\u00e1s j\u00f3venes como protagonistas.\",\"breadcrumb\":{\"@id\":\"https:\\\/\\\/confederaciopenyes.cat\\\/es\\\/diversion-familiar-blaugrana-en-el-encuentro-de-verano-2025-de-la-pb-eslovaca-alts-tatras\\\/#breadcrumb\"},\"inLanguage\":\"es\",\"potentialAction\":[{\"@type\":\"ReadAction\",\"target\":[\"https:\\\/\\\/confederaciopenyes.cat\\\/es\\\/diversion-familiar-blaugrana-en-el-encuentro-de-verano-2025-de-la-pb-eslovaca-alts-tatras\\\/\"]}]},{\"@type\":\"ImageObject\",\"inLanguage\":\"es\",\"@id\":\"https:\\\/\\\/confederaciopenyes.cat\\\/es\\\/diversion-familiar-blaugrana-en-el-encuentro-de-verano-2025-de-la-pb-eslovaca-alts-tatras\\\/#primaryimage\",\"url\":\"https:\\\/\\\/confederaciopenyes.cat\\\/wp-content\\\/uploads\\\/2025\\\/06\\\/Imagen-de-WhatsApp-2025-06-07-a-las-16.58.45_ca1f9e70.jpg\",\"contentUrl\":\"https:\\\/\\\/confederaciopenyes.cat\\\/wp-content\\\/uploads\\\/2025\\\/06\\\/Imagen-de-WhatsApp-2025-06-07-a-las-16.58.45_ca1f9e70.jpg\",\"width\":1600,\"height\":900},{\"@type\":\"BreadcrumbList\",\"@id\":\"https:\\\/\\\/confederaciopenyes.cat\\\/es\\\/diversion-familiar-blaugrana-en-el-encuentro-de-verano-2025-de-la-pb-eslovaca-alts-tatras\\\/#breadcrumb\",\"itemListElement\":[{\"@type\":\"ListItem\",\"position\":1,\"name\":\"Inici\",\"item\":\"https:\\\/\\\/confederaciopenyes.cat\\\/es\\\/\"},{\"@type\":\"ListItem\",\"position\":2,\"name\":\"Diversi\u00f3n familiar blaugrana en el Encuentro de Verano 2025 de la PB Eslovaca Alts Tatras\"}]},{\"@type\":\"WebSite\",\"@id\":\"https:\\\/\\\/confederaciopenyes.cat\\\/es\\\/#website\",\"url\":\"https:\\\/\\\/confederaciopenyes.cat\\\/es\\\/\",\"name\":\"Confederaci\u00f3 Mundial de Penyes del FC Barcelona\",\"description\":\"C.M. Penyes FC Barcelona\",\"publisher\":{\"@id\":\"https:\\\/\\\/confederaciopenyes.cat\\\/es\\\/#organization\"},\"potentialAction\":[{\"@type\":\"SearchAction\",\"target\":{\"@type\":\"EntryPoint\",\"urlTemplate\":\"https:\\\/\\\/confederaciopenyes.cat\\\/es\\\/?s={search_term_string}\"},\"query-input\":{\"@type\":\"PropertyValueSpecification\",\"valueRequired\":true,\"valueName\":\"search_term_string\"}}],\"inLanguage\":\"es\"},{\"@type\":\"Organization\",\"@id\":\"https:\\\/\\\/confederaciopenyes.cat\\\/es\\\/#organization\",\"name\":\"Confederaci\u00f3 Mundial de Penyes del FC Barcelona\",\"url\":\"https:\\\/\\\/confederaciopenyes.cat\\\/es\\\/\",\"logo\":{\"@type\":\"ImageObject\",\"inLanguage\":\"es\",\"@id\":\"https:\\\/\\\/confederaciopenyes.cat\\\/es\\\/#\\\/schema\\\/logo\\\/image\\\/\",\"url\":\"https:\\\/\\\/confederaciopenyes.cat\\\/wp-content\\\/uploads\\\/2022\\\/07\\\/cropped-logo_horizontal.png\",\"contentUrl\":\"https:\\\/\\\/confederaciopenyes.cat\\\/wp-content\\\/uploads\\\/2022\\\/07\\\/cropped-logo_horizontal.png\",\"width\":1320,\"height\":309,\"caption\":\"Confederaci\u00f3 Mundial de Penyes del FC Barcelona\"},\"image\":{\"@id\":\"https:\\\/\\\/confederaciopenyes.cat\\\/es\\\/#\\\/schema\\\/logo\\\/image\\\/\"},\"sameAs\":[\"https:\\\/\\\/www.facebook.com\\\/ConfederacioMundialPenyesFCB\",\"https:\\\/\\\/x.com\\\/ConfePenyesFCB\",\"https:\\\/\\\/www.instagram.com\\\/confepenyesfcb\\\/\"]},{\"@type\":\"Person\",\"@id\":\"https:\\\/\\\/confederaciopenyes.cat\\\/es\\\/#\\\/schema\\\/person\\\/337072f6daef87a85aa59aa1f134387c\",\"name\":\"Confederaci\u00f3 Mundial de Penyes del FC Barcelona\",\"image\":{\"@type\":\"ImageObject\",\"inLanguage\":\"es\",\"@id\":\"https:\\\/\\\/secure.gravatar.com\\\/avatar\\\/98c60c7405ff843b10aec55db652bd3f5cb4320ef331ae76c156819a62194328?s=96&d=mm&r=g\",\"url\":\"https:\\\/\\\/secure.gravatar.com\\\/avatar\\\/98c60c7405ff843b10aec55db652bd3f5cb4320ef331ae76c156819a62194328?s=96&d=mm&r=g\",\"contentUrl\":\"https:\\\/\\\/secure.gravatar.com\\\/avatar\\\/98c60c7405ff843b10aec55db652bd3f5cb4320ef331ae76c156819a62194328?s=96&d=mm&r=g\",\"caption\":\"Confederaci\u00f3 Mundial de Penyes del FC Barcelona\"},\"url\":\"https:\\\/\\\/confederaciopenyes.cat\\\/es\\\/author\\\/comunicacioconfederaciopenyes-cat\\\/\"}]}<\/script>\n<!-- \/ Yoast SEO Premium plugin. -->","yoast_head_json":{"title":"Encuentro de Verano 2025 de la PB Eslovaca Alts Tatras - C. M. Penyes","description":"La PB Alts Tatras celebr\u00f3 su Encuentro de Verano 2025, que una vez m\u00e1s tuvo los cul\u00e9s m\u00e1s j\u00f3venes como protagonistas.","robots":{"index":"index","follow":"follow","max-snippet":"max-snippet:-1","max-image-preview":"max-image-preview:large","max-video-preview":"max-video-preview:-1"},"canonical":"https:\/\/confederaciopenyes.cat\/es\/diversion-familiar-blaugrana-en-el-encuentro-de-verano-2025-de-la-pb-eslovaca-alts-tatras\/","og_locale":"es_ES","og_type":"article","og_title":"Diversi\u00f3n familiar blaugrana en el Encuentro de Verano 2025 de la PB Eslovaca Alts Tatras","og_description":"La PB Alts Tatras celebr\u00f3 su Encuentro de Verano 2025, que una vez m\u00e1s tuvo los cul\u00e9s m\u00e1s j\u00f3venes como protagonistas.","og_url":"https:\/\/confederaciopenyes.cat\/es\/diversion-familiar-blaugrana-en-el-encuentro-de-verano-2025-de-la-pb-eslovaca-alts-tatras\/","og_site_name":"Confederaci\u00f3 Mundial de Penyes del FC Barcelona","article_publisher":"https:\/\/www.facebook.com\/ConfederacioMundialPenyesFCB","article_published_time":"2025-06-16T10:50:23+00:00","article_modified_time":"2025-06-16T11:02:36+00:00","og_image":[{"width":1600,"height":900,"url":"https:\/\/confederaciopenyes.cat\/wp-content\/uploads\/2025\/06\/Imagen-de-WhatsApp-2025-06-07-a-las-16.58.45_ca1f9e70.jpg","type":"image\/jpeg"}],"author":"Confederaci\u00f3 Mundial de Penyes del FC Barcelona","twitter_card":"summary_large_image","twitter_creator":"@ConfePenyesFCB","twitter_site":"@ConfePenyesFCB","twitter_misc":{"Escrito por":"Confederaci\u00f3 Mundial de Penyes del FC Barcelona","Tiempo de lectura":"3 minutos"},"schema":{"@context":"https:\/\/schema.org","@graph":[{"@type":"Article","@id":"https:\/\/confederaciopenyes.cat\/es\/diversion-familiar-blaugrana-en-el-encuentro-de-verano-2025-de-la-pb-eslovaca-alts-tatras\/#article","isPartOf":{"@id":"https:\/\/confederaciopenyes.cat\/es\/diversion-familiar-blaugrana-en-el-encuentro-de-verano-2025-de-la-pb-eslovaca-alts-tatras\/"},"author":{"name":"Confederaci\u00f3 Mundial de Penyes del FC Barcelona","@id":"https:\/\/confederaciopenyes.cat\/es\/#\/schema\/person\/337072f6daef87a85aa59aa1f134387c"},"headline":"Diversi\u00f3n familiar blaugrana en el Encuentro de Verano 2025 de la PB Eslovaca Alts Tatras","datePublished":"2025-06-16T10:50:23+00:00","dateModified":"2025-06-16T11:02:36+00:00","mainEntityOfPage":{"@id":"https:\/\/confederaciopenyes.cat\/es\/diversion-familiar-blaugrana-en-el-encuentro-de-verano-2025-de-la-pb-eslovaca-alts-tatras\/"},"wordCount":270,"publisher":{"@id":"https:\/\/confederaciopenyes.cat\/es\/#organization"},"image":{"@id":"https:\/\/confederaciopenyes.cat\/es\/diversion-familiar-blaugrana-en-el-encuentro-de-verano-2025-de-la-pb-eslovaca-alts-tatras\/#primaryimage"},"thumbnailUrl":"https:\/\/confederaciopenyes.cat\/wp-content\/uploads\/2025\/06\/Imagen-de-WhatsApp-2025-06-07-a-las-16.58.45_ca1f9e70.jpg","keywords":["confederaci\u00f3 mundial de penyes","encuentro","noticias","PB Eslovaca Alts Tatras","pe\u00f1as"],"articleSection":["Noticias"],"inLanguage":"es"},{"@type":"WebPage","@id":"https:\/\/confederaciopenyes.cat\/es\/diversion-familiar-blaugrana-en-el-encuentro-de-verano-2025-de-la-pb-eslovaca-alts-tatras\/","url":"https:\/\/confederaciopenyes.cat\/es\/diversion-familiar-blaugrana-en-el-encuentro-de-verano-2025-de-la-pb-eslovaca-alts-tatras\/","name":"Encuentro de Verano 2025 de la PB Eslovaca Alts Tatras - C. M. Penyes","isPartOf":{"@id":"https:\/\/confederaciopenyes.cat\/es\/#website"},"primaryImageOfPage":{"@id":"https:\/\/confederaciopenyes.cat\/es\/diversion-familiar-blaugrana-en-el-encuentro-de-verano-2025-de-la-pb-eslovaca-alts-tatras\/#primaryimage"},"image":{"@id":"https:\/\/confederaciopenyes.cat\/es\/diversion-familiar-blaugrana-en-el-encuentro-de-verano-2025-de-la-pb-eslovaca-alts-tatras\/#primaryimage"},"thumbnailUrl":"https:\/\/confederaciopenyes.cat\/wp-content\/uploads\/2025\/06\/Imagen-de-WhatsApp-2025-06-07-a-las-16.58.45_ca1f9e70.jpg","datePublished":"2025-06-16T10:50:23+00:00","dateModified":"2025-06-16T11:02:36+00:00","description":"La PB Alts Tatras celebr\u00f3 su Encuentro de Verano 2025, que una vez m\u00e1s tuvo los cul\u00e9s m\u00e1s j\u00f3venes como protagonistas.","breadcrumb":{"@id":"https:\/\/confederaciopenyes.cat\/es\/diversion-familiar-blaugrana-en-el-encuentro-de-verano-2025-de-la-pb-eslovaca-alts-tatras\/#breadcrumb"},"inLanguage":"es","potentialAction":[{"@type":"ReadAction","target":["https:\/\/confederaciopenyes.cat\/es\/diversion-familiar-blaugrana-en-el-encuentro-de-verano-2025-de-la-pb-eslovaca-alts-tatras\/"]}]},{"@type":"ImageObject","inLanguage":"es","@id":"https:\/\/confederaciopenyes.cat\/es\/diversion-familiar-blaugrana-en-el-encuentro-de-verano-2025-de-la-pb-eslovaca-alts-tatras\/#primaryimage","url":"https:\/\/confederaciopenyes.cat\/wp-content\/uploads\/2025\/06\/Imagen-de-WhatsApp-2025-06-07-a-las-16.58.45_ca1f9e70.jpg","contentUrl":"https:\/\/confederaciopenyes.cat\/wp-content\/uploads\/2025\/06\/Imagen-de-WhatsApp-2025-06-07-a-las-16.58.45_ca1f9e70.jpg","width":1600,"height":900},{"@type":"BreadcrumbList","@id":"https:\/\/confederaciopenyes.cat\/es\/diversion-familiar-blaugrana-en-el-encuentro-de-verano-2025-de-la-pb-eslovaca-alts-tatras\/#breadcrumb","itemListElement":[{"@type":"ListItem","position":1,"name":"Inici","item":"https:\/\/confederaciopenyes.cat\/es\/"},{"@type":"ListItem","position":2,"name":"Diversi\u00f3n familiar blaugrana en el Encuentro de Verano 2025 de la PB Eslovaca Alts Tatras"}]},{"@type":"WebSite","@id":"https:\/\/confederaciopenyes.cat\/es\/#website","url":"https:\/\/confederaciopenyes.cat\/es\/","name":"Confederaci\u00f3 Mundial de Penyes del FC Barcelona","description":"C.M. Penyes FC Barcelona","publisher":{"@id":"https:\/\/confederaciopenyes.cat\/es\/#organization"},"potentialAction":[{"@type":"SearchAction","target":{"@type":"EntryPoint","urlTemplate":"https:\/\/confederaciopenyes.cat\/es\/?s={search_term_string}"},"query-input":{"@type":"PropertyValueSpecification","valueRequired":true,"valueName":"search_term_string"}}],"inLanguage":"es"},{"@type":"Organization","@id":"https:\/\/confederaciopenyes.cat\/es\/#organization","name":"Confederaci\u00f3 Mundial de Penyes del FC Barcelona","url":"https:\/\/confederaciopenyes.cat\/es\/","logo":{"@type":"ImageObject","inLanguage":"es","@id":"https:\/\/confederaciopenyes.cat\/es\/#\/schema\/logo\/image\/","url":"https:\/\/confederaciopenyes.cat\/wp-content\/uploads\/2022\/07\/cropped-logo_horizontal.png","contentUrl":"https:\/\/confederaciopenyes.cat\/wp-content\/uploads\/2022\/07\/cropped-logo_horizontal.png","width":1320,"height":309,"caption":"Confederaci\u00f3 Mundial de Penyes del FC Barcelona"},"image":{"@id":"https:\/\/confederaciopenyes.cat\/es\/#\/schema\/logo\/image\/"},"sameAs":["https:\/\/www.facebook.com\/ConfederacioMundialPenyesFCB","https:\/\/x.com\/ConfePenyesFCB","https:\/\/www.instagram.com\/confepenyesfcb\/"]},{"@type":"Person","@id":"https:\/\/confederaciopenyes.cat\/es\/#\/schema\/person\/337072f6daef87a85aa59aa1f134387c","name":"Confederaci\u00f3 Mundial de Penyes del FC Barcelona","image":{"@type":"ImageObject","inLanguage":"es","@id":"https:\/\/secure.gravatar.com\/avatar\/98c60c7405ff843b10aec55db652bd3f5cb4320ef331ae76c156819a62194328?s=96&d=mm&r=g","url":"https:\/\/secure.gravatar.com\/avatar\/98c60c7405ff843b10aec55db652bd3f5cb4320ef331ae76c156819a62194328?s=96&d=mm&r=g","contentUrl":"https:\/\/secure.gravatar.com\/avatar\/98c60c7405ff843b10aec55db652bd3f5cb4320ef331ae76c156819a62194328?s=96&d=mm&r=g","caption":"Confederaci\u00f3 Mundial de Penyes del FC Barcelona"},"url":"https:\/\/confederaciopenyes.cat\/es\/author\/comunicacioconfederaciopenyes-cat\/"}]}},"_links":{"self":[{"href":"https:\/\/confederaciopenyes.cat\/es\/wp-json\/wp\/v2\/posts\/32554","targetHints":{"allow":["GET"]}}],"collection":[{"href":"https:\/\/confederaciopenyes.cat\/es\/wp-json\/wp\/v2\/posts"}],"about":[{"href":"https:\/\/confederaciopenyes.cat\/es\/wp-json\/wp\/v2\/types\/post"}],"author":[{"embeddable":true,"href":"https:\/\/confederaciopenyes.cat\/es\/wp-json\/wp\/v2\/users\/4"}],"replies":[{"embeddable":true,"href":"https:\/\/confederaciopenyes.cat\/es\/wp-json\/wp\/v2\/comments?post=32554"}],"version-history":[{"count":2,"href":"https:\/\/confederaciopenyes.cat\/es\/wp-json\/wp\/v2\/posts\/32554\/revisions"}],"predecessor-version":[{"id":32556,"href":"https:\/\/confederaciopenyes.cat\/es\/wp-json\/wp\/v2\/posts\/32554\/revisions\/32556"}],"wp:featuredmedia":[{"embeddable":true,"href":"https:\/\/confederaciopenyes.cat\/es\/wp-json\/wp\/v2\/media\/32541"}],"wp:attachment":[{"href":"https:\/\/confederaciopenyes.cat\/es\/wp-json\/wp\/v2\/media?parent=32554"}],"wp:term":[{"taxonomy":"category","embeddable":true,"href":"https:\/\/confederaciopenyes.cat\/es\/wp-json\/wp\/v2\/categories?post=32554"},{"taxonomy":"post_tag","embeddable":true,"href":"https:\/\/confederaciopenyes.cat\/es\/wp-json\/wp\/v2\/tags?post=32554"}],"curies":[{"name":"wp","href":"https:\/\/api.w.org\/{rel}","templated":true}]}}