{"id":34381,"date":"2025-07-30T12:06:34","date_gmt":"2025-07-30T10:06:34","guid":{"rendered":"https:\/\/confederaciopenyes.cat\/doble-actividad-futbolistica-en-la-pb-peguera-calvia\/"},"modified":"2025-07-30T12:26:32","modified_gmt":"2025-07-30T10:26:32","slug":"doble-actividad-futbolistica-en-la-pb-peguera-calvia","status":"publish","type":"post","link":"https:\/\/confederaciopenyes.cat\/es\/doble-actividad-futbolistica-en-la-pb-peguera-calvia\/","title":{"rendered":"Doble actividad futbol\u00edstica en la PB Peguera-Calvi\u00e0"},"content":{"rendered":"\n<p>El pasado s\u00e1bado, el Campo Municipal Pas de ses Llebres de Peguera fue escenario de una<strong> jornada marcada por el deporte, la emoci\u00f3n y la solidaridad, en el marco de las Fiestas Patronales de Peguera y Cala Fornells<\/strong>. Una de las principales responsables de ello fue la <strong><a href=\"https:\/\/www.instagram.com\/penyabarcelonistapegueracalvia\/\" target=\"_blank\" rel=\"noreferrer noopener\">Penya Barcelonista Peguera-Calvi\u00e0<\/a><\/strong> (Federaci\u00f3 de Penyes de les Illes Balears), que <strong>una vez m\u00e1s demostr\u00f3 su compromiso con su localidad<\/strong>, especialmente dirigido a los m\u00e1s j\u00f3venes y a la actividad futbol\u00edstica. <\/p>\n\n<p>En primer lugar, se celebr\u00f3 con gran \u00e9xito la <strong>V edici\u00f3n de la Batalla de Penaltis de la PB Peguera-Calvi\u00e0<\/strong>, un evento deportivo muy esperado que reuni\u00f3 a<strong> 24 equipos en las categor\u00edas benjam\u00edn, alev\u00edn e infantil<\/strong>. En total, <strong>72 ni\u00f1os y ni\u00f1as participaron en esta competici\u00f3n<\/strong>, disfrutando de una tarde llena de goles, risas y compa\u00f1erismo, y con un ambiente excepcional, con la presencia de familias, amigos y vecinos. El evento cont\u00f3 con la presencia de <strong>Sebasti\u00e1n Palmer<\/strong>, presidente de la PB Peguera-Calvi\u00e0; <strong>Benito Ferrer<\/strong>, concejal de zona de Peguera; y <strong>Rafa Le\u00f3n<\/strong>, responsable de Deportes y Turismo de Calvi\u00e0365. Todos ellos mostraron su entusiasmo por esta iniciativa que ya se ha convertido en una tradici\u00f3n local.   <\/p>\n\n<figure class=\"wp-block-gallery has-nested-images columns-3 is-cropped wp-block-gallery-1 is-layout-flex wp-block-gallery-is-layout-flex\">\n<figure class=\"wp-block-image size-large\"><a href=\"https:\/\/confederaciopenyes.cat\/wp-content\/uploads\/2025\/07\/524794090_1300530098748069_3470083416032499355_n.jpg\"><img decoding=\"async\" width=\"1024\" height=\"768\" data-id=\"34377\" data-src=\"https:\/\/confederaciopenyes.cat\/wp-content\/uploads\/2025\/07\/524794090_1300530098748069_3470083416032499355_n-1024x768.jpg\" alt=\"\" class=\"wp-image-34377 lazyload\" data-srcset=\"https:\/\/confederaciopenyes.cat\/wp-content\/uploads\/2025\/07\/524794090_1300530098748069_3470083416032499355_n-1024x768.jpg 1024w, https:\/\/confederaciopenyes.cat\/wp-content\/uploads\/2025\/07\/524794090_1300530098748069_3470083416032499355_n-300x225.jpg 300w, https:\/\/confederaciopenyes.cat\/wp-content\/uploads\/2025\/07\/524794090_1300530098748069_3470083416032499355_n-768x576.jpg 768w, https:\/\/confederaciopenyes.cat\/wp-content\/uploads\/2025\/07\/524794090_1300530098748069_3470083416032499355_n-1536x1152.jpg 1536w, https:\/\/confederaciopenyes.cat\/wp-content\/uploads\/2025\/07\/524794090_1300530098748069_3470083416032499355_n.jpg 2048w\" data-sizes=\"(max-width: 1024px) 100vw, 1024px\" src=\"data:image\/svg+xml;base64,PHN2ZyB3aWR0aD0iMSIgaGVpZ2h0PSIxIiB4bWxucz0iaHR0cDovL3d3dy53My5vcmcvMjAwMC9zdmciPjwvc3ZnPg==\" style=\"--smush-placeholder-width: 1024px; --smush-placeholder-aspect-ratio: 1024\/768;\" \/><\/a><\/figure>\n\n\n\n<figure class=\"wp-block-image size-large\"><a href=\"https:\/\/confederaciopenyes.cat\/wp-content\/uploads\/2025\/07\/524600521_1300530112081401_5038140932157887965_n.jpg\"><img decoding=\"async\" width=\"1024\" height=\"768\" data-id=\"34352\" data-src=\"https:\/\/confederaciopenyes.cat\/wp-content\/uploads\/2025\/07\/524600521_1300530112081401_5038140932157887965_n-1024x768.jpg\" alt=\"\" class=\"wp-image-34352 lazyload\" data-srcset=\"https:\/\/confederaciopenyes.cat\/wp-content\/uploads\/2025\/07\/524600521_1300530112081401_5038140932157887965_n-1024x768.jpg 1024w, https:\/\/confederaciopenyes.cat\/wp-content\/uploads\/2025\/07\/524600521_1300530112081401_5038140932157887965_n-300x225.jpg 300w, https:\/\/confederaciopenyes.cat\/wp-content\/uploads\/2025\/07\/524600521_1300530112081401_5038140932157887965_n-768x576.jpg 768w, https:\/\/confederaciopenyes.cat\/wp-content\/uploads\/2025\/07\/524600521_1300530112081401_5038140932157887965_n-1536x1152.jpg 1536w, https:\/\/confederaciopenyes.cat\/wp-content\/uploads\/2025\/07\/524600521_1300530112081401_5038140932157887965_n.jpg 2048w\" data-sizes=\"(max-width: 1024px) 100vw, 1024px\" src=\"data:image\/svg+xml;base64,PHN2ZyB3aWR0aD0iMSIgaGVpZ2h0PSIxIiB4bWxucz0iaHR0cDovL3d3dy53My5vcmcvMjAwMC9zdmciPjwvc3ZnPg==\" style=\"--smush-placeholder-width: 1024px; --smush-placeholder-aspect-ratio: 1024\/768;\" \/><\/a><\/figure>\n\n\n\n<figure class=\"wp-block-image size-large\"><a href=\"https:\/\/confederaciopenyes.cat\/wp-content\/uploads\/2025\/07\/524897256_1300529558748123_6326233840949178937_n.jpg\"><img decoding=\"async\" width=\"1024\" height=\"768\" data-id=\"34335\" data-src=\"https:\/\/confederaciopenyes.cat\/wp-content\/uploads\/2025\/07\/524897256_1300529558748123_6326233840949178937_n-1024x768.jpg\" alt=\"\" class=\"wp-image-34335 lazyload\" data-srcset=\"https:\/\/confederaciopenyes.cat\/wp-content\/uploads\/2025\/07\/524897256_1300529558748123_6326233840949178937_n-1024x768.jpg 1024w, https:\/\/confederaciopenyes.cat\/wp-content\/uploads\/2025\/07\/524897256_1300529558748123_6326233840949178937_n-300x225.jpg 300w, https:\/\/confederaciopenyes.cat\/wp-content\/uploads\/2025\/07\/524897256_1300529558748123_6326233840949178937_n-768x576.jpg 768w, https:\/\/confederaciopenyes.cat\/wp-content\/uploads\/2025\/07\/524897256_1300529558748123_6326233840949178937_n-1536x1152.jpg 1536w, https:\/\/confederaciopenyes.cat\/wp-content\/uploads\/2025\/07\/524897256_1300529558748123_6326233840949178937_n.jpg 2048w\" data-sizes=\"(max-width: 1024px) 100vw, 1024px\" src=\"data:image\/svg+xml;base64,PHN2ZyB3aWR0aD0iMSIgaGVpZ2h0PSIxIiB4bWxucz0iaHR0cDovL3d3dy53My5vcmcvMjAwMC9zdmciPjwvc3ZnPg==\" style=\"--smush-placeholder-width: 1024px; --smush-placeholder-aspect-ratio: 1024\/768;\" \/><\/a><\/figure>\n\n\n\n<figure class=\"wp-block-image size-large\"><a href=\"https:\/\/confederaciopenyes.cat\/wp-content\/uploads\/2025\/07\/524497513_1300529658748113_183757938046695776_n.jpg\"><img decoding=\"async\" width=\"1024\" height=\"768\" data-id=\"34347\" data-src=\"https:\/\/confederaciopenyes.cat\/wp-content\/uploads\/2025\/07\/524497513_1300529658748113_183757938046695776_n-1024x768.jpg\" alt=\"\" class=\"wp-image-34347 lazyload\" data-srcset=\"https:\/\/confederaciopenyes.cat\/wp-content\/uploads\/2025\/07\/524497513_1300529658748113_183757938046695776_n-1024x768.jpg 1024w, https:\/\/confederaciopenyes.cat\/wp-content\/uploads\/2025\/07\/524497513_1300529658748113_183757938046695776_n-300x225.jpg 300w, https:\/\/confederaciopenyes.cat\/wp-content\/uploads\/2025\/07\/524497513_1300529658748113_183757938046695776_n-768x576.jpg 768w, https:\/\/confederaciopenyes.cat\/wp-content\/uploads\/2025\/07\/524497513_1300529658748113_183757938046695776_n-1536x1152.jpg 1536w, https:\/\/confederaciopenyes.cat\/wp-content\/uploads\/2025\/07\/524497513_1300529658748113_183757938046695776_n.jpg 2048w\" data-sizes=\"(max-width: 1024px) 100vw, 1024px\" src=\"data:image\/svg+xml;base64,PHN2ZyB3aWR0aD0iMSIgaGVpZ2h0PSIxIiB4bWxucz0iaHR0cDovL3d3dy53My5vcmcvMjAwMC9zdmciPjwvc3ZnPg==\" style=\"--smush-placeholder-width: 1024px; --smush-placeholder-aspect-ratio: 1024\/768;\" \/><\/a><\/figure>\n\n\n\n<figure class=\"wp-block-image size-large\"><a href=\"https:\/\/confederaciopenyes.cat\/wp-content\/uploads\/2025\/07\/523942839_1300529912081421_717346960432494240_n.jpg\"><img decoding=\"async\" width=\"1024\" height=\"768\" data-id=\"34338\" data-src=\"https:\/\/confederaciopenyes.cat\/wp-content\/uploads\/2025\/07\/523942839_1300529912081421_717346960432494240_n-1024x768.jpg\" alt=\"\" class=\"wp-image-34338 lazyload\" data-srcset=\"https:\/\/confederaciopenyes.cat\/wp-content\/uploads\/2025\/07\/523942839_1300529912081421_717346960432494240_n-1024x768.jpg 1024w, https:\/\/confederaciopenyes.cat\/wp-content\/uploads\/2025\/07\/523942839_1300529912081421_717346960432494240_n-300x225.jpg 300w, https:\/\/confederaciopenyes.cat\/wp-content\/uploads\/2025\/07\/523942839_1300529912081421_717346960432494240_n-768x576.jpg 768w, https:\/\/confederaciopenyes.cat\/wp-content\/uploads\/2025\/07\/523942839_1300529912081421_717346960432494240_n-1536x1152.jpg 1536w, https:\/\/confederaciopenyes.cat\/wp-content\/uploads\/2025\/07\/523942839_1300529912081421_717346960432494240_n.jpg 2048w\" data-sizes=\"(max-width: 1024px) 100vw, 1024px\" src=\"data:image\/svg+xml;base64,PHN2ZyB3aWR0aD0iMSIgaGVpZ2h0PSIxIiB4bWxucz0iaHR0cDovL3d3dy53My5vcmcvMjAwMC9zdmciPjwvc3ZnPg==\" style=\"--smush-placeholder-width: 1024px; --smush-placeholder-aspect-ratio: 1024\/768;\" \/><\/a><\/figure>\n\n\n\n<figure class=\"wp-block-image size-large\"><a href=\"https:\/\/confederaciopenyes.cat\/wp-content\/uploads\/2025\/07\/524446904_1300529925414753_2804321961757854994_n.jpg\"><img decoding=\"async\" width=\"1024\" height=\"768\" data-id=\"34341\" data-src=\"https:\/\/confederaciopenyes.cat\/wp-content\/uploads\/2025\/07\/524446904_1300529925414753_2804321961757854994_n-1024x768.jpg\" alt=\"\" class=\"wp-image-34341 lazyload\" data-srcset=\"https:\/\/confederaciopenyes.cat\/wp-content\/uploads\/2025\/07\/524446904_1300529925414753_2804321961757854994_n-1024x768.jpg 1024w, https:\/\/confederaciopenyes.cat\/wp-content\/uploads\/2025\/07\/524446904_1300529925414753_2804321961757854994_n-300x225.jpg 300w, https:\/\/confederaciopenyes.cat\/wp-content\/uploads\/2025\/07\/524446904_1300529925414753_2804321961757854994_n-768x576.jpg 768w, https:\/\/confederaciopenyes.cat\/wp-content\/uploads\/2025\/07\/524446904_1300529925414753_2804321961757854994_n-1536x1152.jpg 1536w, https:\/\/confederaciopenyes.cat\/wp-content\/uploads\/2025\/07\/524446904_1300529925414753_2804321961757854994_n.jpg 2048w\" data-sizes=\"(max-width: 1024px) 100vw, 1024px\" src=\"data:image\/svg+xml;base64,PHN2ZyB3aWR0aD0iMSIgaGVpZ2h0PSIxIiB4bWxucz0iaHR0cDovL3d3dy53My5vcmcvMjAwMC9zdmciPjwvc3ZnPg==\" style=\"--smush-placeholder-width: 1024px; --smush-placeholder-aspect-ratio: 1024\/768;\" \/><\/a><\/figure>\n<\/figure>\n\n<p><\/p>\n\n<h6 class=\"wp-block-heading\" id=\"h-la-1a-copa-stars-un-exit-solidari\"><strong>La 1\u00aa Copa Stars, un \u00e9xito solidario<\/strong><\/h6>\n\n<p>A continuaci\u00f3n, el mismo escenario del Campo Municipal Pas de ses Llebres alberg\u00f3 la<strong> 1\u00aa Copa Stars de Alev\u00edn DH<\/strong>, organizada por<strong><a href=\"https:\/\/www.instagram.com\/mallorcasoccerexperience\/\" target=\"_blank\" rel=\"noreferrer noopener\"> Mallorca Soccer Experience<\/a><\/strong>. Esta iniciativa cuenta con la colaboraci\u00f3n de la PB Peguera-Calvi\u00e0 y nace como un<strong> homenaje al exjugador Javier Dorado<\/strong>, muy ligado a la isla de Mallorca y a su f\u00fatbol base, que falleci\u00f3 el a\u00f1o pasado. La Copa reuni\u00f3 a <strong>4 equipos, 4 entrenadores y 45 j\u00f3venes promesas del f\u00fatbol base<\/strong> en una aut\u00e9ntica fiesta deportiva, que adem\u00e1s cont\u00f3 con un gran ambiente en las gradas y mucha emoci\u00f3n.  <\/p>\n\n<p>M\u00e1s all\u00e1 de la competici\u00f3n, la 1\u00aa Copa Stars tuvo tambi\u00e9n un <strong>prop\u00f3sito solidario: apoyar a Mario, un ni\u00f1o de 10 a\u00f1os que padece una enfermedad rara sin cura<\/strong>. Gracias a la generosidad de los asistentes y participantes, se<strong> recaudaron 717\u20ac destinados a ayudar a su familia<\/strong> y a la investigaci\u00f3n de la enfermedad. Esta causa ben\u00e9fica <strong>es la misma que la PB Peguera-Calvi\u00e0 incluye en su m\u00e1s que consolidado <a href=\"https:\/\/confederaciopenyes.cat\/es\/torneo-solidario-villa-peguera-bate-records-11-edicion\/\" target=\"_blank\" rel=\"noreferrer noopener\">Torneo Solidario Villa de Peguera<\/a><\/strong>, cuya XII edici\u00f3n tendr\u00e1 lugar a mediados del pr\u00f3ximo mes de septiembre.  <\/p>\n\n<figure class=\"wp-block-gallery has-nested-images columns-default is-cropped wp-block-gallery-2 is-layout-flex wp-block-gallery-is-layout-flex\">\n<figure class=\"wp-block-image size-large\"><a href=\"https:\/\/confederaciopenyes.cat\/wp-content\/uploads\/2025\/07\/524914913_1300543468746732_5485221128409393964_n.jpg\"><img decoding=\"async\" width=\"1024\" height=\"768\" data-id=\"34368\" data-src=\"https:\/\/confederaciopenyes.cat\/wp-content\/uploads\/2025\/07\/524914913_1300543468746732_5485221128409393964_n-1024x768.jpg\" alt=\"\" class=\"wp-image-34368 lazyload\" data-srcset=\"https:\/\/confederaciopenyes.cat\/wp-content\/uploads\/2025\/07\/524914913_1300543468746732_5485221128409393964_n-1024x768.jpg 1024w, https:\/\/confederaciopenyes.cat\/wp-content\/uploads\/2025\/07\/524914913_1300543468746732_5485221128409393964_n-300x225.jpg 300w, https:\/\/confederaciopenyes.cat\/wp-content\/uploads\/2025\/07\/524914913_1300543468746732_5485221128409393964_n-768x576.jpg 768w, https:\/\/confederaciopenyes.cat\/wp-content\/uploads\/2025\/07\/524914913_1300543468746732_5485221128409393964_n.jpg 1421w\" data-sizes=\"(max-width: 1024px) 100vw, 1024px\" src=\"data:image\/svg+xml;base64,PHN2ZyB3aWR0aD0iMSIgaGVpZ2h0PSIxIiB4bWxucz0iaHR0cDovL3d3dy53My5vcmcvMjAwMC9zdmciPjwvc3ZnPg==\" style=\"--smush-placeholder-width: 1024px; --smush-placeholder-aspect-ratio: 1024\/768;\" \/><\/a><\/figure>\n\n\n\n<figure class=\"wp-block-image size-large\"><a href=\"https:\/\/confederaciopenyes.cat\/wp-content\/uploads\/2025\/07\/525760435_1300543695413376_1358317272926807111_n.jpg\"><img decoding=\"async\" width=\"1024\" height=\"768\" data-id=\"34359\" data-src=\"https:\/\/confederaciopenyes.cat\/wp-content\/uploads\/2025\/07\/525760435_1300543695413376_1358317272926807111_n-1024x768.jpg\" alt=\"\" class=\"wp-image-34359 lazyload\" data-srcset=\"https:\/\/confederaciopenyes.cat\/wp-content\/uploads\/2025\/07\/525760435_1300543695413376_1358317272926807111_n-1024x768.jpg 1024w, https:\/\/confederaciopenyes.cat\/wp-content\/uploads\/2025\/07\/525760435_1300543695413376_1358317272926807111_n-300x225.jpg 300w, https:\/\/confederaciopenyes.cat\/wp-content\/uploads\/2025\/07\/525760435_1300543695413376_1358317272926807111_n-768x576.jpg 768w, https:\/\/confederaciopenyes.cat\/wp-content\/uploads\/2025\/07\/525760435_1300543695413376_1358317272926807111_n.jpg 1536w\" data-sizes=\"(max-width: 1024px) 100vw, 1024px\" src=\"data:image\/svg+xml;base64,PHN2ZyB3aWR0aD0iMSIgaGVpZ2h0PSIxIiB4bWxucz0iaHR0cDovL3d3dy53My5vcmcvMjAwMC9zdmciPjwvc3ZnPg==\" style=\"--smush-placeholder-width: 1024px; --smush-placeholder-aspect-ratio: 1024\/768;\" \/><\/a><\/figure>\n\n\n\n<figure class=\"wp-block-image size-large\"><a href=\"https:\/\/confederaciopenyes.cat\/wp-content\/uploads\/2025\/07\/525616126_1300543518746727_3604765321989829205_n.jpg\"><img decoding=\"async\" width=\"1024\" height=\"768\" data-id=\"34371\" data-src=\"https:\/\/confederaciopenyes.cat\/wp-content\/uploads\/2025\/07\/525616126_1300543518746727_3604765321989829205_n-1024x768.jpg\" alt=\"\" class=\"wp-image-34371 lazyload\" data-srcset=\"https:\/\/confederaciopenyes.cat\/wp-content\/uploads\/2025\/07\/525616126_1300543518746727_3604765321989829205_n-1024x768.jpg 1024w, https:\/\/confederaciopenyes.cat\/wp-content\/uploads\/2025\/07\/525616126_1300543518746727_3604765321989829205_n-300x225.jpg 300w, https:\/\/confederaciopenyes.cat\/wp-content\/uploads\/2025\/07\/525616126_1300543518746727_3604765321989829205_n-768x576.jpg 768w, https:\/\/confederaciopenyes.cat\/wp-content\/uploads\/2025\/07\/525616126_1300543518746727_3604765321989829205_n.jpg 1179w\" data-sizes=\"(max-width: 1024px) 100vw, 1024px\" src=\"data:image\/svg+xml;base64,PHN2ZyB3aWR0aD0iMSIgaGVpZ2h0PSIxIiB4bWxucz0iaHR0cDovL3d3dy53My5vcmcvMjAwMC9zdmciPjwvc3ZnPg==\" style=\"--smush-placeholder-width: 1024px; --smush-placeholder-aspect-ratio: 1024\/768;\" \/><\/a><\/figure>\n\n\n\n<figure class=\"wp-block-image size-large\"><a href=\"https:\/\/confederaciopenyes.cat\/wp-content\/uploads\/2025\/07\/524839720_1300543355413410_6396532948722033389_n.jpg\"><img decoding=\"async\" width=\"1024\" height=\"768\" data-id=\"34361\" data-src=\"https:\/\/confederaciopenyes.cat\/wp-content\/uploads\/2025\/07\/524839720_1300543355413410_6396532948722033389_n-1024x768.jpg\" alt=\"\" class=\"wp-image-34361 lazyload\" data-srcset=\"https:\/\/confederaciopenyes.cat\/wp-content\/uploads\/2025\/07\/524839720_1300543355413410_6396532948722033389_n-1024x768.jpg 1024w, https:\/\/confederaciopenyes.cat\/wp-content\/uploads\/2025\/07\/524839720_1300543355413410_6396532948722033389_n-300x225.jpg 300w, https:\/\/confederaciopenyes.cat\/wp-content\/uploads\/2025\/07\/524839720_1300543355413410_6396532948722033389_n-768x576.jpg 768w, https:\/\/confederaciopenyes.cat\/wp-content\/uploads\/2025\/07\/524839720_1300543355413410_6396532948722033389_n.jpg 1179w\" data-sizes=\"(max-width: 1024px) 100vw, 1024px\" src=\"data:image\/svg+xml;base64,PHN2ZyB3aWR0aD0iMSIgaGVpZ2h0PSIxIiB4bWxucz0iaHR0cDovL3d3dy53My5vcmcvMjAwMC9zdmciPjwvc3ZnPg==\" style=\"--smush-placeholder-width: 1024px; --smush-placeholder-aspect-ratio: 1024\/768;\" \/><\/a><\/figure>\n\n\n\n<figure class=\"wp-block-image size-large\"><a href=\"https:\/\/confederaciopenyes.cat\/wp-content\/uploads\/2025\/07\/524700804_1300543438746735_2571220848635831203_n.jpg\"><img decoding=\"async\" width=\"1024\" height=\"768\" data-id=\"34356\" data-src=\"https:\/\/confederaciopenyes.cat\/wp-content\/uploads\/2025\/07\/524700804_1300543438746735_2571220848635831203_n-1024x768.jpg\" alt=\"\" class=\"wp-image-34356 lazyload\" data-srcset=\"https:\/\/confederaciopenyes.cat\/wp-content\/uploads\/2025\/07\/524700804_1300543438746735_2571220848635831203_n-1024x768.jpg 1024w, https:\/\/confederaciopenyes.cat\/wp-content\/uploads\/2025\/07\/524700804_1300543438746735_2571220848635831203_n-300x225.jpg 300w, https:\/\/confederaciopenyes.cat\/wp-content\/uploads\/2025\/07\/524700804_1300543438746735_2571220848635831203_n-768x576.jpg 768w, https:\/\/confederaciopenyes.cat\/wp-content\/uploads\/2025\/07\/524700804_1300543438746735_2571220848635831203_n.jpg 1179w\" data-sizes=\"(max-width: 1024px) 100vw, 1024px\" src=\"data:image\/svg+xml;base64,PHN2ZyB3aWR0aD0iMSIgaGVpZ2h0PSIxIiB4bWxucz0iaHR0cDovL3d3dy53My5vcmcvMjAwMC9zdmciPjwvc3ZnPg==\" style=\"--smush-placeholder-width: 1024px; --smush-placeholder-aspect-ratio: 1024\/768;\" \/><\/a><\/figure>\n\n\n\n<figure class=\"wp-block-image size-large\"><a href=\"https:\/\/confederaciopenyes.cat\/wp-content\/uploads\/2025\/07\/524467782_1300543382080074_6038851677597933266_n.jpg\"><img decoding=\"async\" width=\"1024\" height=\"768\" data-id=\"34360\" data-src=\"https:\/\/confederaciopenyes.cat\/wp-content\/uploads\/2025\/07\/524467782_1300543382080074_6038851677597933266_n-1024x768.jpg\" alt=\"\" class=\"wp-image-34360 lazyload\" data-srcset=\"https:\/\/confederaciopenyes.cat\/wp-content\/uploads\/2025\/07\/524467782_1300543382080074_6038851677597933266_n-1024x768.jpg 1024w, https:\/\/confederaciopenyes.cat\/wp-content\/uploads\/2025\/07\/524467782_1300543382080074_6038851677597933266_n-300x225.jpg 300w, https:\/\/confederaciopenyes.cat\/wp-content\/uploads\/2025\/07\/524467782_1300543382080074_6038851677597933266_n-768x576.jpg 768w, https:\/\/confederaciopenyes.cat\/wp-content\/uploads\/2025\/07\/524467782_1300543382080074_6038851677597933266_n.jpg 1179w\" data-sizes=\"(max-width: 1024px) 100vw, 1024px\" src=\"data:image\/svg+xml;base64,PHN2ZyB3aWR0aD0iMSIgaGVpZ2h0PSIxIiB4bWxucz0iaHR0cDovL3d3dy53My5vcmcvMjAwMC9zdmciPjwvc3ZnPg==\" style=\"--smush-placeholder-width: 1024px; --smush-placeholder-aspect-ratio: 1024\/768;\" \/><\/a><\/figure>\n<\/figure>\n","protected":false},"excerpt":{"rendered":"<p>El pasado s\u00e1bado, el Campo Municipal Pas de ses Llebres de Peguera fue escenario de una jornada marcada por el deporte, la emoci\u00f3n y la solidaridad, en el marco de las Fiestas Patronales de Peguera y Cala Fornells. Una de las principales responsables de ello fue la Penya Barcelonista Peguera-Calvi\u00e0 (Federaci\u00f3 de Penyes de les &#8230; <a title=\"Doble actividad futbol\u00edstica en la PB Peguera-Calvi\u00e0\" class=\"read-more\" href=\"https:\/\/confederaciopenyes.cat\/es\/doble-actividad-futbolistica-en-la-pb-peguera-calvia\/\" aria-label=\"Leer m\u00e1s sobre Doble actividad futbol\u00edstica en la PB Peguera-Calvi\u00e0\">Leer m\u00e1s<\/a><\/p>\n","protected":false},"author":4,"featured_media":34332,"comment_status":"closed","ping_status":"open","sticky":false,"template":"","format":"standard","meta":{"_acf_changed":false,"footnotes":""},"categories":[1],"tags":[2556,3113,2554,3127,3853,2555,2603],"class_list":["post-34381","post","type-post","status-publish","format-standard","has-post-thumbnail","hentry","category-noticias-es","tag-confederacio-mundial-de-penyes-es-2","tag-federacio-de-penyes-de-les-illes-balears-es-2","tag-noticias-es","tag-pb-peguera-calvia-es","tag-penaltis","tag-penas-es","tag-solidaridad-es-2"],"acf":[],"yoast_head":"<!-- This site is optimized with the Yoast SEO Premium plugin v27.5 (Yoast SEO v27.5) - https:\/\/yoast.com\/product\/yoast-seo-premium-wordpress\/ -->\n<title>Doble actividad futbol\u00edstica en la PB Peguera-Calvi\u00e0 - Confederaci\u00f3 Mundial de Penyes del FC Barcelona<\/title>\n<meta name=\"description\" content=\"La PB Peguera-Calvi\u00e0 ofreci\u00f3 una doble actividad futbol\u00edstica en su localidad: la V Batalla de Penaltis y la I Copa Stars.\" \/>\n<meta name=\"robots\" content=\"index, follow, max-snippet:-1, max-image-preview:large, max-video-preview:-1\" \/>\n<link rel=\"canonical\" href=\"https:\/\/confederaciopenyes.cat\/es\/doble-actividad-futbolistica-en-la-pb-peguera-calvia\/\" \/>\n<meta property=\"og:locale\" content=\"es_ES\" \/>\n<meta property=\"og:type\" content=\"article\" \/>\n<meta property=\"og:title\" content=\"Doble actividad futbol\u00edstica en la PB Peguera-Calvi\u00e0\" \/>\n<meta property=\"og:description\" content=\"La PB Peguera-Calvi\u00e0 ofreci\u00f3 una doble actividad futbol\u00edstica en su localidad: la V Batalla de Penaltis y la I Copa Stars.\" \/>\n<meta property=\"og:url\" content=\"https:\/\/confederaciopenyes.cat\/es\/doble-actividad-futbolistica-en-la-pb-peguera-calvia\/\" \/>\n<meta property=\"og:site_name\" content=\"Confederaci\u00f3 Mundial de Penyes del FC Barcelona\" \/>\n<meta property=\"article:publisher\" content=\"https:\/\/www.facebook.com\/ConfederacioMundialPenyesFCB\" \/>\n<meta property=\"article:published_time\" content=\"2025-07-30T10:06:34+00:00\" \/>\n<meta property=\"article:modified_time\" content=\"2025-07-30T10:26:32+00:00\" \/>\n<meta property=\"og:image\" content=\"https:\/\/confederaciopenyes.cat\/wp-content\/uploads\/2025\/07\/524575366_1300530192081393_5319299237681400724_n-e1753869977245.jpg\" \/>\n\t<meta property=\"og:image:width\" content=\"2048\" \/>\n\t<meta property=\"og:image:height\" content=\"1536\" \/>\n\t<meta property=\"og:image:type\" content=\"image\/jpeg\" \/>\n<meta name=\"author\" content=\"Confederaci\u00f3 Mundial de Penyes del FC Barcelona\" \/>\n<meta name=\"twitter:card\" content=\"summary_large_image\" \/>\n<meta name=\"twitter:creator\" content=\"@ConfePenyesFCB\" \/>\n<meta name=\"twitter:site\" content=\"@ConfePenyesFCB\" \/>\n<meta name=\"twitter:label1\" content=\"Escrito por\" \/>\n\t<meta name=\"twitter:data1\" content=\"Confederaci\u00f3 Mundial de Penyes del FC Barcelona\" \/>\n\t<meta name=\"twitter:label2\" content=\"Tiempo de lectura\" \/>\n\t<meta name=\"twitter:data2\" content=\"5 minutos\" \/>\n<script type=\"application\/ld+json\" class=\"yoast-schema-graph\">{\"@context\":\"https:\\\/\\\/schema.org\",\"@graph\":[{\"@type\":\"Article\",\"@id\":\"https:\\\/\\\/confederaciopenyes.cat\\\/es\\\/doble-actividad-futbolistica-en-la-pb-peguera-calvia\\\/#article\",\"isPartOf\":{\"@id\":\"https:\\\/\\\/confederaciopenyes.cat\\\/es\\\/doble-actividad-futbolistica-en-la-pb-peguera-calvia\\\/\"},\"author\":{\"name\":\"Confederaci\u00f3 Mundial de Penyes del FC Barcelona\",\"@id\":\"https:\\\/\\\/confederaciopenyes.cat\\\/es\\\/#\\\/schema\\\/person\\\/337072f6daef87a85aa59aa1f134387c\"},\"headline\":\"Doble actividad futbol\u00edstica en la PB Peguera-Calvi\u00e0\",\"datePublished\":\"2025-07-30T10:06:34+00:00\",\"dateModified\":\"2025-07-30T10:26:32+00:00\",\"mainEntityOfPage\":{\"@id\":\"https:\\\/\\\/confederaciopenyes.cat\\\/es\\\/doble-actividad-futbolistica-en-la-pb-peguera-calvia\\\/\"},\"wordCount\":420,\"publisher\":{\"@id\":\"https:\\\/\\\/confederaciopenyes.cat\\\/es\\\/#organization\"},\"image\":{\"@id\":\"https:\\\/\\\/confederaciopenyes.cat\\\/es\\\/doble-actividad-futbolistica-en-la-pb-peguera-calvia\\\/#primaryimage\"},\"thumbnailUrl\":\"https:\\\/\\\/confederaciopenyes.cat\\\/wp-content\\\/uploads\\\/2025\\\/07\\\/524575366_1300530192081393_5319299237681400724_n-e1753869977245.jpg\",\"keywords\":[\"confederaci\u00f3 mundial de penyes\",\"Federaci\u00f3 de Penyes de les Illes Balears\",\"noticias\",\"PB Peguera-Calvi\u00e0\",\"penaltis\",\"pe\u00f1as\",\"solidaridad\"],\"articleSection\":[\"Noticias\"],\"inLanguage\":\"es\"},{\"@type\":\"WebPage\",\"@id\":\"https:\\\/\\\/confederaciopenyes.cat\\\/es\\\/doble-actividad-futbolistica-en-la-pb-peguera-calvia\\\/\",\"url\":\"https:\\\/\\\/confederaciopenyes.cat\\\/es\\\/doble-actividad-futbolistica-en-la-pb-peguera-calvia\\\/\",\"name\":\"Doble actividad futbol\u00edstica en la PB Peguera-Calvi\u00e0 - Confederaci\u00f3 Mundial de Penyes del FC Barcelona\",\"isPartOf\":{\"@id\":\"https:\\\/\\\/confederaciopenyes.cat\\\/es\\\/#website\"},\"primaryImageOfPage\":{\"@id\":\"https:\\\/\\\/confederaciopenyes.cat\\\/es\\\/doble-actividad-futbolistica-en-la-pb-peguera-calvia\\\/#primaryimage\"},\"image\":{\"@id\":\"https:\\\/\\\/confederaciopenyes.cat\\\/es\\\/doble-actividad-futbolistica-en-la-pb-peguera-calvia\\\/#primaryimage\"},\"thumbnailUrl\":\"https:\\\/\\\/confederaciopenyes.cat\\\/wp-content\\\/uploads\\\/2025\\\/07\\\/524575366_1300530192081393_5319299237681400724_n-e1753869977245.jpg\",\"datePublished\":\"2025-07-30T10:06:34+00:00\",\"dateModified\":\"2025-07-30T10:26:32+00:00\",\"description\":\"La PB Peguera-Calvi\u00e0 ofreci\u00f3 una doble actividad futbol\u00edstica en su localidad: la V Batalla de Penaltis y la I Copa Stars.\",\"breadcrumb\":{\"@id\":\"https:\\\/\\\/confederaciopenyes.cat\\\/es\\\/doble-actividad-futbolistica-en-la-pb-peguera-calvia\\\/#breadcrumb\"},\"inLanguage\":\"es\",\"potentialAction\":[{\"@type\":\"ReadAction\",\"target\":[\"https:\\\/\\\/confederaciopenyes.cat\\\/es\\\/doble-actividad-futbolistica-en-la-pb-peguera-calvia\\\/\"]}]},{\"@type\":\"ImageObject\",\"inLanguage\":\"es\",\"@id\":\"https:\\\/\\\/confederaciopenyes.cat\\\/es\\\/doble-actividad-futbolistica-en-la-pb-peguera-calvia\\\/#primaryimage\",\"url\":\"https:\\\/\\\/confederaciopenyes.cat\\\/wp-content\\\/uploads\\\/2025\\\/07\\\/524575366_1300530192081393_5319299237681400724_n-e1753869977245.jpg\",\"contentUrl\":\"https:\\\/\\\/confederaciopenyes.cat\\\/wp-content\\\/uploads\\\/2025\\\/07\\\/524575366_1300530192081393_5319299237681400724_n-e1753869977245.jpg\",\"width\":2048,\"height\":1536},{\"@type\":\"BreadcrumbList\",\"@id\":\"https:\\\/\\\/confederaciopenyes.cat\\\/es\\\/doble-actividad-futbolistica-en-la-pb-peguera-calvia\\\/#breadcrumb\",\"itemListElement\":[{\"@type\":\"ListItem\",\"position\":1,\"name\":\"Inici\",\"item\":\"https:\\\/\\\/confederaciopenyes.cat\\\/es\\\/\"},{\"@type\":\"ListItem\",\"position\":2,\"name\":\"Doble actividad futbol\u00edstica en la PB Peguera-Calvi\u00e0\"}]},{\"@type\":\"WebSite\",\"@id\":\"https:\\\/\\\/confederaciopenyes.cat\\\/es\\\/#website\",\"url\":\"https:\\\/\\\/confederaciopenyes.cat\\\/es\\\/\",\"name\":\"Confederaci\u00f3 Mundial de Penyes del FC Barcelona\",\"description\":\"C.M. Penyes FC Barcelona\",\"publisher\":{\"@id\":\"https:\\\/\\\/confederaciopenyes.cat\\\/es\\\/#organization\"},\"potentialAction\":[{\"@type\":\"SearchAction\",\"target\":{\"@type\":\"EntryPoint\",\"urlTemplate\":\"https:\\\/\\\/confederaciopenyes.cat\\\/es\\\/?s={search_term_string}\"},\"query-input\":{\"@type\":\"PropertyValueSpecification\",\"valueRequired\":true,\"valueName\":\"search_term_string\"}}],\"inLanguage\":\"es\"},{\"@type\":\"Organization\",\"@id\":\"https:\\\/\\\/confederaciopenyes.cat\\\/es\\\/#organization\",\"name\":\"Confederaci\u00f3 Mundial de Penyes del FC Barcelona\",\"url\":\"https:\\\/\\\/confederaciopenyes.cat\\\/es\\\/\",\"logo\":{\"@type\":\"ImageObject\",\"inLanguage\":\"es\",\"@id\":\"https:\\\/\\\/confederaciopenyes.cat\\\/es\\\/#\\\/schema\\\/logo\\\/image\\\/\",\"url\":\"https:\\\/\\\/confederaciopenyes.cat\\\/wp-content\\\/uploads\\\/2022\\\/07\\\/cropped-logo_horizontal.png\",\"contentUrl\":\"https:\\\/\\\/confederaciopenyes.cat\\\/wp-content\\\/uploads\\\/2022\\\/07\\\/cropped-logo_horizontal.png\",\"width\":1320,\"height\":309,\"caption\":\"Confederaci\u00f3 Mundial de Penyes del FC Barcelona\"},\"image\":{\"@id\":\"https:\\\/\\\/confederaciopenyes.cat\\\/es\\\/#\\\/schema\\\/logo\\\/image\\\/\"},\"sameAs\":[\"https:\\\/\\\/www.facebook.com\\\/ConfederacioMundialPenyesFCB\",\"https:\\\/\\\/x.com\\\/ConfePenyesFCB\",\"https:\\\/\\\/www.instagram.com\\\/confepenyesfcb\\\/\"]},{\"@type\":\"Person\",\"@id\":\"https:\\\/\\\/confederaciopenyes.cat\\\/es\\\/#\\\/schema\\\/person\\\/337072f6daef87a85aa59aa1f134387c\",\"name\":\"Confederaci\u00f3 Mundial de Penyes del FC Barcelona\",\"image\":{\"@type\":\"ImageObject\",\"inLanguage\":\"es\",\"@id\":\"https:\\\/\\\/secure.gravatar.com\\\/avatar\\\/98c60c7405ff843b10aec55db652bd3f5cb4320ef331ae76c156819a62194328?s=96&d=mm&r=g\",\"url\":\"https:\\\/\\\/secure.gravatar.com\\\/avatar\\\/98c60c7405ff843b10aec55db652bd3f5cb4320ef331ae76c156819a62194328?s=96&d=mm&r=g\",\"contentUrl\":\"https:\\\/\\\/secure.gravatar.com\\\/avatar\\\/98c60c7405ff843b10aec55db652bd3f5cb4320ef331ae76c156819a62194328?s=96&d=mm&r=g\",\"caption\":\"Confederaci\u00f3 Mundial de Penyes del FC Barcelona\"},\"url\":\"https:\\\/\\\/confederaciopenyes.cat\\\/es\\\/author\\\/comunicacioconfederaciopenyes-cat\\\/\"}]}<\/script>\n<!-- \/ Yoast SEO Premium plugin. -->","yoast_head_json":{"title":"Doble actividad futbol\u00edstica en la PB Peguera-Calvi\u00e0 - Confederaci\u00f3 Mundial de Penyes del FC Barcelona","description":"La PB Peguera-Calvi\u00e0 ofreci\u00f3 una doble actividad futbol\u00edstica en su localidad: la V Batalla de Penaltis y la I Copa Stars.","robots":{"index":"index","follow":"follow","max-snippet":"max-snippet:-1","max-image-preview":"max-image-preview:large","max-video-preview":"max-video-preview:-1"},"canonical":"https:\/\/confederaciopenyes.cat\/es\/doble-actividad-futbolistica-en-la-pb-peguera-calvia\/","og_locale":"es_ES","og_type":"article","og_title":"Doble actividad futbol\u00edstica en la PB Peguera-Calvi\u00e0","og_description":"La PB Peguera-Calvi\u00e0 ofreci\u00f3 una doble actividad futbol\u00edstica en su localidad: la V Batalla de Penaltis y la I Copa Stars.","og_url":"https:\/\/confederaciopenyes.cat\/es\/doble-actividad-futbolistica-en-la-pb-peguera-calvia\/","og_site_name":"Confederaci\u00f3 Mundial de Penyes del FC Barcelona","article_publisher":"https:\/\/www.facebook.com\/ConfederacioMundialPenyesFCB","article_published_time":"2025-07-30T10:06:34+00:00","article_modified_time":"2025-07-30T10:26:32+00:00","og_image":[{"width":2048,"height":1536,"url":"https:\/\/confederaciopenyes.cat\/wp-content\/uploads\/2025\/07\/524575366_1300530192081393_5319299237681400724_n-e1753869977245.jpg","type":"image\/jpeg"}],"author":"Confederaci\u00f3 Mundial de Penyes del FC Barcelona","twitter_card":"summary_large_image","twitter_creator":"@ConfePenyesFCB","twitter_site":"@ConfePenyesFCB","twitter_misc":{"Escrito por":"Confederaci\u00f3 Mundial de Penyes del FC Barcelona","Tiempo de lectura":"5 minutos"},"schema":{"@context":"https:\/\/schema.org","@graph":[{"@type":"Article","@id":"https:\/\/confederaciopenyes.cat\/es\/doble-actividad-futbolistica-en-la-pb-peguera-calvia\/#article","isPartOf":{"@id":"https:\/\/confederaciopenyes.cat\/es\/doble-actividad-futbolistica-en-la-pb-peguera-calvia\/"},"author":{"name":"Confederaci\u00f3 Mundial de Penyes del FC Barcelona","@id":"https:\/\/confederaciopenyes.cat\/es\/#\/schema\/person\/337072f6daef87a85aa59aa1f134387c"},"headline":"Doble actividad futbol\u00edstica en la PB Peguera-Calvi\u00e0","datePublished":"2025-07-30T10:06:34+00:00","dateModified":"2025-07-30T10:26:32+00:00","mainEntityOfPage":{"@id":"https:\/\/confederaciopenyes.cat\/es\/doble-actividad-futbolistica-en-la-pb-peguera-calvia\/"},"wordCount":420,"publisher":{"@id":"https:\/\/confederaciopenyes.cat\/es\/#organization"},"image":{"@id":"https:\/\/confederaciopenyes.cat\/es\/doble-actividad-futbolistica-en-la-pb-peguera-calvia\/#primaryimage"},"thumbnailUrl":"https:\/\/confederaciopenyes.cat\/wp-content\/uploads\/2025\/07\/524575366_1300530192081393_5319299237681400724_n-e1753869977245.jpg","keywords":["confederaci\u00f3 mundial de penyes","Federaci\u00f3 de Penyes de les Illes Balears","noticias","PB Peguera-Calvi\u00e0","penaltis","pe\u00f1as","solidaridad"],"articleSection":["Noticias"],"inLanguage":"es"},{"@type":"WebPage","@id":"https:\/\/confederaciopenyes.cat\/es\/doble-actividad-futbolistica-en-la-pb-peguera-calvia\/","url":"https:\/\/confederaciopenyes.cat\/es\/doble-actividad-futbolistica-en-la-pb-peguera-calvia\/","name":"Doble actividad futbol\u00edstica en la PB Peguera-Calvi\u00e0 - Confederaci\u00f3 Mundial de Penyes del FC Barcelona","isPartOf":{"@id":"https:\/\/confederaciopenyes.cat\/es\/#website"},"primaryImageOfPage":{"@id":"https:\/\/confederaciopenyes.cat\/es\/doble-actividad-futbolistica-en-la-pb-peguera-calvia\/#primaryimage"},"image":{"@id":"https:\/\/confederaciopenyes.cat\/es\/doble-actividad-futbolistica-en-la-pb-peguera-calvia\/#primaryimage"},"thumbnailUrl":"https:\/\/confederaciopenyes.cat\/wp-content\/uploads\/2025\/07\/524575366_1300530192081393_5319299237681400724_n-e1753869977245.jpg","datePublished":"2025-07-30T10:06:34+00:00","dateModified":"2025-07-30T10:26:32+00:00","description":"La PB Peguera-Calvi\u00e0 ofreci\u00f3 una doble actividad futbol\u00edstica en su localidad: la V Batalla de Penaltis y la I Copa Stars.","breadcrumb":{"@id":"https:\/\/confederaciopenyes.cat\/es\/doble-actividad-futbolistica-en-la-pb-peguera-calvia\/#breadcrumb"},"inLanguage":"es","potentialAction":[{"@type":"ReadAction","target":["https:\/\/confederaciopenyes.cat\/es\/doble-actividad-futbolistica-en-la-pb-peguera-calvia\/"]}]},{"@type":"ImageObject","inLanguage":"es","@id":"https:\/\/confederaciopenyes.cat\/es\/doble-actividad-futbolistica-en-la-pb-peguera-calvia\/#primaryimage","url":"https:\/\/confederaciopenyes.cat\/wp-content\/uploads\/2025\/07\/524575366_1300530192081393_5319299237681400724_n-e1753869977245.jpg","contentUrl":"https:\/\/confederaciopenyes.cat\/wp-content\/uploads\/2025\/07\/524575366_1300530192081393_5319299237681400724_n-e1753869977245.jpg","width":2048,"height":1536},{"@type":"BreadcrumbList","@id":"https:\/\/confederaciopenyes.cat\/es\/doble-actividad-futbolistica-en-la-pb-peguera-calvia\/#breadcrumb","itemListElement":[{"@type":"ListItem","position":1,"name":"Inici","item":"https:\/\/confederaciopenyes.cat\/es\/"},{"@type":"ListItem","position":2,"name":"Doble actividad futbol\u00edstica en la PB Peguera-Calvi\u00e0"}]},{"@type":"WebSite","@id":"https:\/\/confederaciopenyes.cat\/es\/#website","url":"https:\/\/confederaciopenyes.cat\/es\/","name":"Confederaci\u00f3 Mundial de Penyes del FC Barcelona","description":"C.M. Penyes FC Barcelona","publisher":{"@id":"https:\/\/confederaciopenyes.cat\/es\/#organization"},"potentialAction":[{"@type":"SearchAction","target":{"@type":"EntryPoint","urlTemplate":"https:\/\/confederaciopenyes.cat\/es\/?s={search_term_string}"},"query-input":{"@type":"PropertyValueSpecification","valueRequired":true,"valueName":"search_term_string"}}],"inLanguage":"es"},{"@type":"Organization","@id":"https:\/\/confederaciopenyes.cat\/es\/#organization","name":"Confederaci\u00f3 Mundial de Penyes del FC Barcelona","url":"https:\/\/confederaciopenyes.cat\/es\/","logo":{"@type":"ImageObject","inLanguage":"es","@id":"https:\/\/confederaciopenyes.cat\/es\/#\/schema\/logo\/image\/","url":"https:\/\/confederaciopenyes.cat\/wp-content\/uploads\/2022\/07\/cropped-logo_horizontal.png","contentUrl":"https:\/\/confederaciopenyes.cat\/wp-content\/uploads\/2022\/07\/cropped-logo_horizontal.png","width":1320,"height":309,"caption":"Confederaci\u00f3 Mundial de Penyes del FC Barcelona"},"image":{"@id":"https:\/\/confederaciopenyes.cat\/es\/#\/schema\/logo\/image\/"},"sameAs":["https:\/\/www.facebook.com\/ConfederacioMundialPenyesFCB","https:\/\/x.com\/ConfePenyesFCB","https:\/\/www.instagram.com\/confepenyesfcb\/"]},{"@type":"Person","@id":"https:\/\/confederaciopenyes.cat\/es\/#\/schema\/person\/337072f6daef87a85aa59aa1f134387c","name":"Confederaci\u00f3 Mundial de Penyes del FC Barcelona","image":{"@type":"ImageObject","inLanguage":"es","@id":"https:\/\/secure.gravatar.com\/avatar\/98c60c7405ff843b10aec55db652bd3f5cb4320ef331ae76c156819a62194328?s=96&d=mm&r=g","url":"https:\/\/secure.gravatar.com\/avatar\/98c60c7405ff843b10aec55db652bd3f5cb4320ef331ae76c156819a62194328?s=96&d=mm&r=g","contentUrl":"https:\/\/secure.gravatar.com\/avatar\/98c60c7405ff843b10aec55db652bd3f5cb4320ef331ae76c156819a62194328?s=96&d=mm&r=g","caption":"Confederaci\u00f3 Mundial de Penyes del FC Barcelona"},"url":"https:\/\/confederaciopenyes.cat\/es\/author\/comunicacioconfederaciopenyes-cat\/"}]}},"_links":{"self":[{"href":"https:\/\/confederaciopenyes.cat\/es\/wp-json\/wp\/v2\/posts\/34381","targetHints":{"allow":["GET"]}}],"collection":[{"href":"https:\/\/confederaciopenyes.cat\/es\/wp-json\/wp\/v2\/posts"}],"about":[{"href":"https:\/\/confederaciopenyes.cat\/es\/wp-json\/wp\/v2\/types\/post"}],"author":[{"embeddable":true,"href":"https:\/\/confederaciopenyes.cat\/es\/wp-json\/wp\/v2\/users\/4"}],"replies":[{"embeddable":true,"href":"https:\/\/confederaciopenyes.cat\/es\/wp-json\/wp\/v2\/comments?post=34381"}],"version-history":[{"count":2,"href":"https:\/\/confederaciopenyes.cat\/es\/wp-json\/wp\/v2\/posts\/34381\/revisions"}],"predecessor-version":[{"id":34383,"href":"https:\/\/confederaciopenyes.cat\/es\/wp-json\/wp\/v2\/posts\/34381\/revisions\/34383"}],"wp:featuredmedia":[{"embeddable":true,"href":"https:\/\/confederaciopenyes.cat\/es\/wp-json\/wp\/v2\/media\/34332"}],"wp:attachment":[{"href":"https:\/\/confederaciopenyes.cat\/es\/wp-json\/wp\/v2\/media?parent=34381"}],"wp:term":[{"taxonomy":"category","embeddable":true,"href":"https:\/\/confederaciopenyes.cat\/es\/wp-json\/wp\/v2\/categories?post=34381"},{"taxonomy":"post_tag","embeddable":true,"href":"https:\/\/confederaciopenyes.cat\/es\/wp-json\/wp\/v2\/tags?post=34381"}],"curies":[{"name":"wp","href":"https:\/\/api.w.org\/{rel}","templated":true}]}}