{"id":3562,"date":"2022-08-12T22:42:55","date_gmt":"2022-08-12T20:42:55","guid":{"rendered":"https:\/\/confederaciopenyes.cat\/?p=3562"},"modified":"2022-08-17T09:53:13","modified_gmt":"2022-08-17T07:53:13","slug":"la-festa-de-les-penyes-y-el-gamper-volvieron-a-movilizar-al-colectivo-penistico","status":"publish","type":"post","link":"https:\/\/confederaciopenyes.cat\/es\/la-festa-de-les-penyes-y-el-gamper-volvieron-a-movilizar-al-colectivo-penistico\/","title":{"rendered":"La Festa de les Penyes y el Gamper volvieron a movilizar al colectivo pe\u00f1\u00edstico\u00a0"},"content":{"rendered":"\n<p><strong>Tres a\u00f1os despu\u00e9s del \u00faltimo Congreso Mundial de Pe\u00f1as<\/strong>, el colectivo barcelonista volvi\u00f3 a disfrutar de un encuentro multitudinario con motivo de la celebraci\u00f3n del <strong>Trofeo Joan Gamper<\/strong>. En este caso, fue la <strong>Festa de les Penyes<\/strong>, <strong>celebrada el pasado s\u00e1bado por la ma\u00f1ana en las instalaciones de la Pista de Gel<\/strong>, y en la que <strong>se congregaron alrededor de 600 personas<\/strong> que se desplazaron desde todos los puntos del territorio.&nbsp;<\/p>\n\n\n\n<p>El evento estuvo marcado por un ambiente festivo y tambi\u00e9n emotivo, ya que <strong>desde el a\u00f1o 2019 no se pod\u00eda vivir con relativa normalidad la jornada del Gamper<\/strong>, siempre tan especial para el colectivo pe\u00f1\u00edstico. El presidente del <a href=\"https:\/\/www.instagram.com\/fcbarcelona\/\" target=\"_blank\" rel=\"noreferrer noopener\">FC Barcelona<\/a>, <strong>Joan Laporta<\/strong>, fue el encargado de dar la bienvenida a los pe\u00f1istas asistentes y de agradecerles su valiosa labor como embajadores del barcelonismo en todo el mundo a trav\u00e9s de sus respectivas pe\u00f1as.&nbsp;<\/p>\n\n\n\n<h6 class=\"wp-block-heading\"><strong>Unidad<\/strong>&nbsp;<\/h6>\n\n\n\n<p>Laporta tambi\u00e9n apunt\u00f3 que la importancia de las pe\u00f1as en el momento actual apelando a la unidad del movimiento.&nbsp;<\/p>\n\n\n\n<p>Adem\u00e1s del presidente, acudieron a la Festa de les Penyes los directivos <strong>Rafa Yuste<\/strong>, vicepresidente Deportivo, <strong>Eduard Romeu<\/strong>, vicepresidente Econ\u00f3mico, <strong>Antonio Escudero<\/strong>, vicepresidente Social,<strong> Josep Ignasi Maci\u00e0<\/strong>, Directivo responsable de Penyes i <strong>Xavier Puig<\/strong> directivo responsable de futbol femenino. El evento tambi\u00e9n sirvi\u00f3 como<strong> presentaci\u00f3n de los miembros del nuevo Consejo Consultivo de Pe\u00f1as<\/strong>.&nbsp;&nbsp;<\/p>\n\n\n\n<p>Ademas los pe\u00f1istas pudieron disfrutar de la presencia y los parlamentos de las nuevas incorporaciones del primer equipo como son <strong>Andreas Christiensen, Franck Kessi\u00e9, Raphinha, Robert Lewandowski y Jules Kound\u00e9.&nbsp;<\/strong><\/p>\n\n\n\n<h6 class=\"wp-block-heading\"><strong>Gamper<\/strong>&nbsp;<\/h6>\n\n\n\n<p>Tras la Festa de les Penyes, por la tarde lleg\u00f3 otra de las citas m\u00e1s esperadas por todo el colectivo: el Trofeo Joan Gamper, para el cu\u00e1l el Club hab\u00eda reservado cuatro invitaciones para cada pe\u00f1a que as\u00ed lo solicitara. El encuentro supuso la vuelta al <strong>Spotify Camp Nou dos meses y medio despu\u00e9s<\/strong> del \u00faltimo partido de la pasada temporada, y fueron muchas las entidades que no se lo quisieron perder. Ma\u00f1ana, en el <strong>estreno en<\/strong> <strong>La Liga<\/strong> contra el Rayo Vallecano, volver\u00e1n a estar all\u00ed, animando a un equipo con el que comparten las ilusiones renovadas.&nbsp;<\/p>\n\n\n\n<figure class=\"wp-block-gallery has-nested-images columns-default is-cropped wp-block-gallery-1 is-layout-flex wp-block-gallery-is-layout-flex\">\n<figure class=\"wp-block-image size-full\"><a href=\"https:\/\/confederaciopenyes.cat\/wp-content\/uploads\/2022\/08\/pb-eslovaca-2.jpg\"><img decoding=\"async\" width=\"834\" height=\"626\" data-id=\"3568\" data-src=\"https:\/\/confederaciopenyes.cat\/wp-content\/uploads\/2022\/08\/pb-eslovaca-2.jpg\" alt=\"\" class=\"wp-image-3568 lazyload\" data-srcset=\"https:\/\/confederaciopenyes.cat\/wp-content\/uploads\/2022\/08\/pb-eslovaca-2.jpg 834w, https:\/\/confederaciopenyes.cat\/wp-content\/uploads\/2022\/08\/pb-eslovaca-2-300x225.jpg 300w, https:\/\/confederaciopenyes.cat\/wp-content\/uploads\/2022\/08\/pb-eslovaca-2-768x576.jpg 768w\" data-sizes=\"(max-width: 834px) 100vw, 834px\" src=\"data:image\/svg+xml;base64,PHN2ZyB3aWR0aD0iMSIgaGVpZ2h0PSIxIiB4bWxucz0iaHR0cDovL3d3dy53My5vcmcvMjAwMC9zdmciPjwvc3ZnPg==\" style=\"--smush-placeholder-width: 834px; --smush-placeholder-aspect-ratio: 834\/626;\" \/><\/a><\/figure>\n\n\n\n<figure class=\"wp-block-image size-full\"><a href=\"https:\/\/confederaciopenyes.cat\/wp-content\/uploads\/2022\/08\/panama-1-1.jpg\"><img decoding=\"async\" width=\"619\" height=\"747\" data-id=\"3567\" data-src=\"https:\/\/confederaciopenyes.cat\/wp-content\/uploads\/2022\/08\/panama-1-1.jpg\" alt=\"\" class=\"wp-image-3567 lazyload\" data-srcset=\"https:\/\/confederaciopenyes.cat\/wp-content\/uploads\/2022\/08\/panama-1-1.jpg 619w, https:\/\/confederaciopenyes.cat\/wp-content\/uploads\/2022\/08\/panama-1-1-249x300.jpg 249w\" data-sizes=\"(max-width: 619px) 100vw, 619px\" src=\"data:image\/svg+xml;base64,PHN2ZyB3aWR0aD0iMSIgaGVpZ2h0PSIxIiB4bWxucz0iaHR0cDovL3d3dy53My5vcmcvMjAwMC9zdmciPjwvc3ZnPg==\" style=\"--smush-placeholder-width: 619px; --smush-placeholder-aspect-ratio: 619\/747;\" \/><\/a><\/figure>\n\n\n\n<figure class=\"wp-block-image size-large\"><a href=\"https:\/\/confederaciopenyes.cat\/wp-content\/uploads\/2022\/08\/tam2-1024x648-1.jpg\"><img decoding=\"async\" width=\"1024\" height=\"648\" data-id=\"3565\" data-src=\"https:\/\/confederaciopenyes.cat\/wp-content\/uploads\/2022\/08\/tam2-1024x648-1.jpg\" alt=\"\" class=\"wp-image-3565 lazyload\" data-srcset=\"https:\/\/confederaciopenyes.cat\/wp-content\/uploads\/2022\/08\/tam2-1024x648-1.jpg 1024w, https:\/\/confederaciopenyes.cat\/wp-content\/uploads\/2022\/08\/tam2-1024x648-1-300x190.jpg 300w, https:\/\/confederaciopenyes.cat\/wp-content\/uploads\/2022\/08\/tam2-1024x648-1-768x486.jpg 768w\" data-sizes=\"(max-width: 1024px) 100vw, 1024px\" src=\"data:image\/svg+xml;base64,PHN2ZyB3aWR0aD0iMSIgaGVpZ2h0PSIxIiB4bWxucz0iaHR0cDovL3d3dy53My5vcmcvMjAwMC9zdmciPjwvc3ZnPg==\" style=\"--smush-placeholder-width: 1024px; --smush-placeholder-aspect-ratio: 1024\/648;\" \/><\/a><\/figure>\n<\/figure>\n","protected":false},"excerpt":{"rendered":"<p>Tres a\u00f1os despu\u00e9s del \u00faltimo Congreso Mundial de Pe\u00f1as, el colectivo barcelonista volvi\u00f3 a disfrutar de un encuentro multitudinario con motivo de la celebraci\u00f3n del Trofeo Joan Gamper. En este caso, fue la Festa de les Penyes, celebrada el pasado s\u00e1bado por la ma\u00f1ana en las instalaciones de la Pista de Gel, y en la &#8230; <a title=\"La Festa de les Penyes y el Gamper volvieron a movilizar al colectivo pe\u00f1\u00edstico\u00a0\" class=\"read-more\" href=\"https:\/\/confederaciopenyes.cat\/es\/la-festa-de-les-penyes-y-el-gamper-volvieron-a-movilizar-al-colectivo-penistico\/\" aria-label=\"Leer m\u00e1s sobre La Festa de les Penyes y el Gamper volvieron a movilizar al colectivo pe\u00f1\u00edstico\u00a0\">Leer m\u00e1s<\/a><\/p>\n","protected":false},"author":4,"featured_media":3548,"comment_status":"closed","ping_status":"open","sticky":false,"template":"","format":"standard","meta":{"_acf_changed":false,"footnotes":""},"categories":[1],"tags":[],"class_list":["post-3562","post","type-post","status-publish","format-standard","has-post-thumbnail","hentry","category-noticias-es"],"acf":[],"yoast_head":"<!-- This site is optimized with the Yoast SEO Premium plugin v26.7 (Yoast SEO v27.5) - https:\/\/yoast.com\/product\/yoast-seo-premium-wordpress\/ -->\n<title>La Festa de les Penyes y el Gamper movilizan a las pe\u00f1as - C.M.P<\/title>\n<meta name=\"description\" content=\"La Festa de les Penyes y el Gamper reactivan el movimiento pe\u00f1\u00edstico en el que hicieron disfrutar a las pe\u00f1as de una gran jornada.\" \/>\n<meta name=\"robots\" content=\"index, follow, max-snippet:-1, max-image-preview:large, max-video-preview:-1\" \/>\n<link rel=\"canonical\" href=\"https:\/\/confederaciopenyes.cat\/es\/la-festa-de-les-penyes-y-el-gamper-volvieron-a-movilizar-al-colectivo-penistico\/\" \/>\n<meta property=\"og:locale\" content=\"es_ES\" \/>\n<meta property=\"og:type\" content=\"article\" \/>\n<meta property=\"og:title\" content=\"La Festa de les Penyes y el Gamper volvieron a movilizar al colectivo pe\u00f1\u00edstico\u00a0\" \/>\n<meta property=\"og:description\" content=\"La Festa de les Penyes y el Gamper reactivan el movimiento pe\u00f1\u00edstico en el que hicieron disfrutar a las pe\u00f1as de una gran jornada.\" \/>\n<meta property=\"og:url\" content=\"https:\/\/confederaciopenyes.cat\/es\/la-festa-de-les-penyes-y-el-gamper-volvieron-a-movilizar-al-colectivo-penistico\/\" \/>\n<meta property=\"og:site_name\" content=\"Confederaci\u00f3 Mundial de Penyes del FC Barcelona\" \/>\n<meta property=\"article:publisher\" content=\"https:\/\/www.facebook.com\/ConfederacioMundialPenyesFCB\" \/>\n<meta property=\"article:published_time\" content=\"2022-08-12T20:42:55+00:00\" \/>\n<meta property=\"article:modified_time\" content=\"2022-08-17T07:53:13+00:00\" \/>\n<meta property=\"og:image\" content=\"https:\/\/confederaciopenyes.cat\/wp-content\/uploads\/2022\/08\/festa-penyes.png\" \/>\n\t<meta property=\"og:image:width\" content=\"680\" \/>\n\t<meta property=\"og:image:height\" content=\"453\" \/>\n\t<meta property=\"og:image:type\" content=\"image\/png\" \/>\n<meta name=\"author\" content=\"Confederaci\u00f3 Mundial de Penyes del FC Barcelona\" \/>\n<meta name=\"twitter:card\" content=\"summary_large_image\" \/>\n<meta name=\"twitter:creator\" content=\"@ConfePenyesFCB\" \/>\n<meta name=\"twitter:site\" content=\"@ConfePenyesFCB\" \/>\n<meta name=\"twitter:label1\" content=\"Escrito por\" \/>\n\t<meta name=\"twitter:data1\" content=\"Confederaci\u00f3 Mundial de Penyes del FC Barcelona\" \/>\n\t<meta name=\"twitter:label2\" content=\"Tiempo de lectura\" \/>\n\t<meta name=\"twitter:data2\" content=\"3 minutos\" \/>\n<script type=\"application\/ld+json\" class=\"yoast-schema-graph\">{\"@context\":\"https:\\\/\\\/schema.org\",\"@graph\":[{\"@type\":\"Article\",\"@id\":\"https:\\\/\\\/confederaciopenyes.cat\\\/es\\\/la-festa-de-les-penyes-y-el-gamper-volvieron-a-movilizar-al-colectivo-penistico\\\/#article\",\"isPartOf\":{\"@id\":\"https:\\\/\\\/confederaciopenyes.cat\\\/es\\\/la-festa-de-les-penyes-y-el-gamper-volvieron-a-movilizar-al-colectivo-penistico\\\/\"},\"author\":{\"name\":\"Confederaci\u00f3 Mundial de Penyes del FC Barcelona\",\"@id\":\"https:\\\/\\\/confederaciopenyes.cat\\\/es\\\/#\\\/schema\\\/person\\\/337072f6daef87a85aa59aa1f134387c\"},\"headline\":\"La Festa de les Penyes y el Gamper volvieron a movilizar al colectivo pe\u00f1\u00edstico\u00a0\",\"datePublished\":\"2022-08-12T20:42:55+00:00\",\"dateModified\":\"2022-08-17T07:53:13+00:00\",\"mainEntityOfPage\":{\"@id\":\"https:\\\/\\\/confederaciopenyes.cat\\\/es\\\/la-festa-de-les-penyes-y-el-gamper-volvieron-a-movilizar-al-colectivo-penistico\\\/\"},\"wordCount\":397,\"publisher\":{\"@id\":\"https:\\\/\\\/confederaciopenyes.cat\\\/es\\\/#organization\"},\"image\":{\"@id\":\"https:\\\/\\\/confederaciopenyes.cat\\\/es\\\/la-festa-de-les-penyes-y-el-gamper-volvieron-a-movilizar-al-colectivo-penistico\\\/#primaryimage\"},\"thumbnailUrl\":\"https:\\\/\\\/confederaciopenyes.cat\\\/wp-content\\\/uploads\\\/2022\\\/08\\\/festa-penyes.png\",\"articleSection\":[\"Noticias\"],\"inLanguage\":\"es\"},{\"@type\":\"WebPage\",\"@id\":\"https:\\\/\\\/confederaciopenyes.cat\\\/es\\\/la-festa-de-les-penyes-y-el-gamper-volvieron-a-movilizar-al-colectivo-penistico\\\/\",\"url\":\"https:\\\/\\\/confederaciopenyes.cat\\\/es\\\/la-festa-de-les-penyes-y-el-gamper-volvieron-a-movilizar-al-colectivo-penistico\\\/\",\"name\":\"La Festa de les Penyes y el Gamper movilizan a las pe\u00f1as - C.M.P\",\"isPartOf\":{\"@id\":\"https:\\\/\\\/confederaciopenyes.cat\\\/es\\\/#website\"},\"primaryImageOfPage\":{\"@id\":\"https:\\\/\\\/confederaciopenyes.cat\\\/es\\\/la-festa-de-les-penyes-y-el-gamper-volvieron-a-movilizar-al-colectivo-penistico\\\/#primaryimage\"},\"image\":{\"@id\":\"https:\\\/\\\/confederaciopenyes.cat\\\/es\\\/la-festa-de-les-penyes-y-el-gamper-volvieron-a-movilizar-al-colectivo-penistico\\\/#primaryimage\"},\"thumbnailUrl\":\"https:\\\/\\\/confederaciopenyes.cat\\\/wp-content\\\/uploads\\\/2022\\\/08\\\/festa-penyes.png\",\"datePublished\":\"2022-08-12T20:42:55+00:00\",\"dateModified\":\"2022-08-17T07:53:13+00:00\",\"description\":\"La Festa de les Penyes y el Gamper reactivan el movimiento pe\u00f1\u00edstico en el que hicieron disfrutar a las pe\u00f1as de una gran jornada.\",\"breadcrumb\":{\"@id\":\"https:\\\/\\\/confederaciopenyes.cat\\\/es\\\/la-festa-de-les-penyes-y-el-gamper-volvieron-a-movilizar-al-colectivo-penistico\\\/#breadcrumb\"},\"inLanguage\":\"es\",\"potentialAction\":[{\"@type\":\"ReadAction\",\"target\":[\"https:\\\/\\\/confederaciopenyes.cat\\\/es\\\/la-festa-de-les-penyes-y-el-gamper-volvieron-a-movilizar-al-colectivo-penistico\\\/\"]}]},{\"@type\":\"ImageObject\",\"inLanguage\":\"es\",\"@id\":\"https:\\\/\\\/confederaciopenyes.cat\\\/es\\\/la-festa-de-les-penyes-y-el-gamper-volvieron-a-movilizar-al-colectivo-penistico\\\/#primaryimage\",\"url\":\"https:\\\/\\\/confederaciopenyes.cat\\\/wp-content\\\/uploads\\\/2022\\\/08\\\/festa-penyes.png\",\"contentUrl\":\"https:\\\/\\\/confederaciopenyes.cat\\\/wp-content\\\/uploads\\\/2022\\\/08\\\/festa-penyes.png\",\"width\":680,\"height\":453},{\"@type\":\"BreadcrumbList\",\"@id\":\"https:\\\/\\\/confederaciopenyes.cat\\\/es\\\/la-festa-de-les-penyes-y-el-gamper-volvieron-a-movilizar-al-colectivo-penistico\\\/#breadcrumb\",\"itemListElement\":[{\"@type\":\"ListItem\",\"position\":1,\"name\":\"Inici\",\"item\":\"https:\\\/\\\/confederaciopenyes.cat\\\/es\\\/\"},{\"@type\":\"ListItem\",\"position\":2,\"name\":\"La Festa de les Penyes y el Gamper volvieron a movilizar al colectivo pe\u00f1\u00edstico\u00a0\"}]},{\"@type\":\"WebSite\",\"@id\":\"https:\\\/\\\/confederaciopenyes.cat\\\/es\\\/#website\",\"url\":\"https:\\\/\\\/confederaciopenyes.cat\\\/es\\\/\",\"name\":\"Confederaci\u00f3 Mundial de Penyes del FC Barcelona\",\"description\":\"C.M. Penyes FC Barcelona\",\"publisher\":{\"@id\":\"https:\\\/\\\/confederaciopenyes.cat\\\/es\\\/#organization\"},\"potentialAction\":[{\"@type\":\"SearchAction\",\"target\":{\"@type\":\"EntryPoint\",\"urlTemplate\":\"https:\\\/\\\/confederaciopenyes.cat\\\/es\\\/?s={search_term_string}\"},\"query-input\":{\"@type\":\"PropertyValueSpecification\",\"valueRequired\":true,\"valueName\":\"search_term_string\"}}],\"inLanguage\":\"es\"},{\"@type\":\"Organization\",\"@id\":\"https:\\\/\\\/confederaciopenyes.cat\\\/es\\\/#organization\",\"name\":\"Confederaci\u00f3 Mundial de Penyes del FC Barcelona\",\"url\":\"https:\\\/\\\/confederaciopenyes.cat\\\/es\\\/\",\"logo\":{\"@type\":\"ImageObject\",\"inLanguage\":\"es\",\"@id\":\"https:\\\/\\\/confederaciopenyes.cat\\\/es\\\/#\\\/schema\\\/logo\\\/image\\\/\",\"url\":\"https:\\\/\\\/confederaciopenyes.cat\\\/wp-content\\\/uploads\\\/2022\\\/07\\\/cropped-logo_horizontal.png\",\"contentUrl\":\"https:\\\/\\\/confederaciopenyes.cat\\\/wp-content\\\/uploads\\\/2022\\\/07\\\/cropped-logo_horizontal.png\",\"width\":1320,\"height\":309,\"caption\":\"Confederaci\u00f3 Mundial de Penyes del FC Barcelona\"},\"image\":{\"@id\":\"https:\\\/\\\/confederaciopenyes.cat\\\/es\\\/#\\\/schema\\\/logo\\\/image\\\/\"},\"sameAs\":[\"https:\\\/\\\/www.facebook.com\\\/ConfederacioMundialPenyesFCB\",\"https:\\\/\\\/x.com\\\/ConfePenyesFCB\",\"https:\\\/\\\/www.instagram.com\\\/confepenyesfcb\\\/\"]},{\"@type\":\"Person\",\"@id\":\"https:\\\/\\\/confederaciopenyes.cat\\\/es\\\/#\\\/schema\\\/person\\\/337072f6daef87a85aa59aa1f134387c\",\"name\":\"Confederaci\u00f3 Mundial de Penyes del FC Barcelona\",\"image\":{\"@type\":\"ImageObject\",\"inLanguage\":\"es\",\"@id\":\"https:\\\/\\\/secure.gravatar.com\\\/avatar\\\/98c60c7405ff843b10aec55db652bd3f5cb4320ef331ae76c156819a62194328?s=96&d=mm&r=g\",\"url\":\"https:\\\/\\\/secure.gravatar.com\\\/avatar\\\/98c60c7405ff843b10aec55db652bd3f5cb4320ef331ae76c156819a62194328?s=96&d=mm&r=g\",\"contentUrl\":\"https:\\\/\\\/secure.gravatar.com\\\/avatar\\\/98c60c7405ff843b10aec55db652bd3f5cb4320ef331ae76c156819a62194328?s=96&d=mm&r=g\",\"caption\":\"Confederaci\u00f3 Mundial de Penyes del FC Barcelona\"},\"url\":\"https:\\\/\\\/confederaciopenyes.cat\\\/es\\\/author\\\/comunicacioconfederaciopenyes-cat\\\/\"}]}<\/script>\n<!-- \/ Yoast SEO Premium plugin. -->","yoast_head_json":{"title":"La Festa de les Penyes y el Gamper movilizan a las pe\u00f1as - C.M.P","description":"La Festa de les Penyes y el Gamper reactivan el movimiento pe\u00f1\u00edstico en el que hicieron disfrutar a las pe\u00f1as de una gran jornada.","robots":{"index":"index","follow":"follow","max-snippet":"max-snippet:-1","max-image-preview":"max-image-preview:large","max-video-preview":"max-video-preview:-1"},"canonical":"https:\/\/confederaciopenyes.cat\/es\/la-festa-de-les-penyes-y-el-gamper-volvieron-a-movilizar-al-colectivo-penistico\/","og_locale":"es_ES","og_type":"article","og_title":"La Festa de les Penyes y el Gamper volvieron a movilizar al colectivo pe\u00f1\u00edstico\u00a0","og_description":"La Festa de les Penyes y el Gamper reactivan el movimiento pe\u00f1\u00edstico en el que hicieron disfrutar a las pe\u00f1as de una gran jornada.","og_url":"https:\/\/confederaciopenyes.cat\/es\/la-festa-de-les-penyes-y-el-gamper-volvieron-a-movilizar-al-colectivo-penistico\/","og_site_name":"Confederaci\u00f3 Mundial de Penyes del FC Barcelona","article_publisher":"https:\/\/www.facebook.com\/ConfederacioMundialPenyesFCB","article_published_time":"2022-08-12T20:42:55+00:00","article_modified_time":"2022-08-17T07:53:13+00:00","og_image":[{"width":680,"height":453,"url":"https:\/\/confederaciopenyes.cat\/wp-content\/uploads\/2022\/08\/festa-penyes.png","type":"image\/png"}],"author":"Confederaci\u00f3 Mundial de Penyes del FC Barcelona","twitter_card":"summary_large_image","twitter_creator":"@ConfePenyesFCB","twitter_site":"@ConfePenyesFCB","twitter_misc":{"Escrito por":"Confederaci\u00f3 Mundial de Penyes del FC Barcelona","Tiempo de lectura":"3 minutos"},"schema":{"@context":"https:\/\/schema.org","@graph":[{"@type":"Article","@id":"https:\/\/confederaciopenyes.cat\/es\/la-festa-de-les-penyes-y-el-gamper-volvieron-a-movilizar-al-colectivo-penistico\/#article","isPartOf":{"@id":"https:\/\/confederaciopenyes.cat\/es\/la-festa-de-les-penyes-y-el-gamper-volvieron-a-movilizar-al-colectivo-penistico\/"},"author":{"name":"Confederaci\u00f3 Mundial de Penyes del FC Barcelona","@id":"https:\/\/confederaciopenyes.cat\/es\/#\/schema\/person\/337072f6daef87a85aa59aa1f134387c"},"headline":"La Festa de les Penyes y el Gamper volvieron a movilizar al colectivo pe\u00f1\u00edstico\u00a0","datePublished":"2022-08-12T20:42:55+00:00","dateModified":"2022-08-17T07:53:13+00:00","mainEntityOfPage":{"@id":"https:\/\/confederaciopenyes.cat\/es\/la-festa-de-les-penyes-y-el-gamper-volvieron-a-movilizar-al-colectivo-penistico\/"},"wordCount":397,"publisher":{"@id":"https:\/\/confederaciopenyes.cat\/es\/#organization"},"image":{"@id":"https:\/\/confederaciopenyes.cat\/es\/la-festa-de-les-penyes-y-el-gamper-volvieron-a-movilizar-al-colectivo-penistico\/#primaryimage"},"thumbnailUrl":"https:\/\/confederaciopenyes.cat\/wp-content\/uploads\/2022\/08\/festa-penyes.png","articleSection":["Noticias"],"inLanguage":"es"},{"@type":"WebPage","@id":"https:\/\/confederaciopenyes.cat\/es\/la-festa-de-les-penyes-y-el-gamper-volvieron-a-movilizar-al-colectivo-penistico\/","url":"https:\/\/confederaciopenyes.cat\/es\/la-festa-de-les-penyes-y-el-gamper-volvieron-a-movilizar-al-colectivo-penistico\/","name":"La Festa de les Penyes y el Gamper movilizan a las pe\u00f1as - C.M.P","isPartOf":{"@id":"https:\/\/confederaciopenyes.cat\/es\/#website"},"primaryImageOfPage":{"@id":"https:\/\/confederaciopenyes.cat\/es\/la-festa-de-les-penyes-y-el-gamper-volvieron-a-movilizar-al-colectivo-penistico\/#primaryimage"},"image":{"@id":"https:\/\/confederaciopenyes.cat\/es\/la-festa-de-les-penyes-y-el-gamper-volvieron-a-movilizar-al-colectivo-penistico\/#primaryimage"},"thumbnailUrl":"https:\/\/confederaciopenyes.cat\/wp-content\/uploads\/2022\/08\/festa-penyes.png","datePublished":"2022-08-12T20:42:55+00:00","dateModified":"2022-08-17T07:53:13+00:00","description":"La Festa de les Penyes y el Gamper reactivan el movimiento pe\u00f1\u00edstico en el que hicieron disfrutar a las pe\u00f1as de una gran jornada.","breadcrumb":{"@id":"https:\/\/confederaciopenyes.cat\/es\/la-festa-de-les-penyes-y-el-gamper-volvieron-a-movilizar-al-colectivo-penistico\/#breadcrumb"},"inLanguage":"es","potentialAction":[{"@type":"ReadAction","target":["https:\/\/confederaciopenyes.cat\/es\/la-festa-de-les-penyes-y-el-gamper-volvieron-a-movilizar-al-colectivo-penistico\/"]}]},{"@type":"ImageObject","inLanguage":"es","@id":"https:\/\/confederaciopenyes.cat\/es\/la-festa-de-les-penyes-y-el-gamper-volvieron-a-movilizar-al-colectivo-penistico\/#primaryimage","url":"https:\/\/confederaciopenyes.cat\/wp-content\/uploads\/2022\/08\/festa-penyes.png","contentUrl":"https:\/\/confederaciopenyes.cat\/wp-content\/uploads\/2022\/08\/festa-penyes.png","width":680,"height":453},{"@type":"BreadcrumbList","@id":"https:\/\/confederaciopenyes.cat\/es\/la-festa-de-les-penyes-y-el-gamper-volvieron-a-movilizar-al-colectivo-penistico\/#breadcrumb","itemListElement":[{"@type":"ListItem","position":1,"name":"Inici","item":"https:\/\/confederaciopenyes.cat\/es\/"},{"@type":"ListItem","position":2,"name":"La Festa de les Penyes y el Gamper volvieron a movilizar al colectivo pe\u00f1\u00edstico\u00a0"}]},{"@type":"WebSite","@id":"https:\/\/confederaciopenyes.cat\/es\/#website","url":"https:\/\/confederaciopenyes.cat\/es\/","name":"Confederaci\u00f3 Mundial de Penyes del FC Barcelona","description":"C.M. Penyes FC Barcelona","publisher":{"@id":"https:\/\/confederaciopenyes.cat\/es\/#organization"},"potentialAction":[{"@type":"SearchAction","target":{"@type":"EntryPoint","urlTemplate":"https:\/\/confederaciopenyes.cat\/es\/?s={search_term_string}"},"query-input":{"@type":"PropertyValueSpecification","valueRequired":true,"valueName":"search_term_string"}}],"inLanguage":"es"},{"@type":"Organization","@id":"https:\/\/confederaciopenyes.cat\/es\/#organization","name":"Confederaci\u00f3 Mundial de Penyes del FC Barcelona","url":"https:\/\/confederaciopenyes.cat\/es\/","logo":{"@type":"ImageObject","inLanguage":"es","@id":"https:\/\/confederaciopenyes.cat\/es\/#\/schema\/logo\/image\/","url":"https:\/\/confederaciopenyes.cat\/wp-content\/uploads\/2022\/07\/cropped-logo_horizontal.png","contentUrl":"https:\/\/confederaciopenyes.cat\/wp-content\/uploads\/2022\/07\/cropped-logo_horizontal.png","width":1320,"height":309,"caption":"Confederaci\u00f3 Mundial de Penyes del FC Barcelona"},"image":{"@id":"https:\/\/confederaciopenyes.cat\/es\/#\/schema\/logo\/image\/"},"sameAs":["https:\/\/www.facebook.com\/ConfederacioMundialPenyesFCB","https:\/\/x.com\/ConfePenyesFCB","https:\/\/www.instagram.com\/confepenyesfcb\/"]},{"@type":"Person","@id":"https:\/\/confederaciopenyes.cat\/es\/#\/schema\/person\/337072f6daef87a85aa59aa1f134387c","name":"Confederaci\u00f3 Mundial de Penyes del FC Barcelona","image":{"@type":"ImageObject","inLanguage":"es","@id":"https:\/\/secure.gravatar.com\/avatar\/98c60c7405ff843b10aec55db652bd3f5cb4320ef331ae76c156819a62194328?s=96&d=mm&r=g","url":"https:\/\/secure.gravatar.com\/avatar\/98c60c7405ff843b10aec55db652bd3f5cb4320ef331ae76c156819a62194328?s=96&d=mm&r=g","contentUrl":"https:\/\/secure.gravatar.com\/avatar\/98c60c7405ff843b10aec55db652bd3f5cb4320ef331ae76c156819a62194328?s=96&d=mm&r=g","caption":"Confederaci\u00f3 Mundial de Penyes del FC Barcelona"},"url":"https:\/\/confederaciopenyes.cat\/es\/author\/comunicacioconfederaciopenyes-cat\/"}]}},"_links":{"self":[{"href":"https:\/\/confederaciopenyes.cat\/es\/wp-json\/wp\/v2\/posts\/3562","targetHints":{"allow":["GET"]}}],"collection":[{"href":"https:\/\/confederaciopenyes.cat\/es\/wp-json\/wp\/v2\/posts"}],"about":[{"href":"https:\/\/confederaciopenyes.cat\/es\/wp-json\/wp\/v2\/types\/post"}],"author":[{"embeddable":true,"href":"https:\/\/confederaciopenyes.cat\/es\/wp-json\/wp\/v2\/users\/4"}],"replies":[{"embeddable":true,"href":"https:\/\/confederaciopenyes.cat\/es\/wp-json\/wp\/v2\/comments?post=3562"}],"version-history":[{"count":2,"href":"https:\/\/confederaciopenyes.cat\/es\/wp-json\/wp\/v2\/posts\/3562\/revisions"}],"predecessor-version":[{"id":3571,"href":"https:\/\/confederaciopenyes.cat\/es\/wp-json\/wp\/v2\/posts\/3562\/revisions\/3571"}],"wp:featuredmedia":[{"embeddable":true,"href":"https:\/\/confederaciopenyes.cat\/es\/wp-json\/wp\/v2\/media\/3548"}],"wp:attachment":[{"href":"https:\/\/confederaciopenyes.cat\/es\/wp-json\/wp\/v2\/media?parent=3562"}],"wp:term":[{"taxonomy":"category","embeddable":true,"href":"https:\/\/confederaciopenyes.cat\/es\/wp-json\/wp\/v2\/categories?post=3562"},{"taxonomy":"post_tag","embeddable":true,"href":"https:\/\/confederaciopenyes.cat\/es\/wp-json\/wp\/v2\/tags?post=3562"}],"curies":[{"name":"wp","href":"https:\/\/api.w.org\/{rel}","templated":true}]}}