{"id":3654,"date":"2022-08-26T12:41:15","date_gmt":"2022-08-26T10:41:15","guid":{"rendered":"https:\/\/confederaciopenyes.cat\/?p=3654"},"modified":"2022-08-26T12:58:05","modified_gmt":"2022-08-26T10:58:05","slug":"las-penas-colaboran-en-el-partido-benefico-del-barca-y-manchester-city","status":"publish","type":"post","link":"https:\/\/confederaciopenyes.cat\/es\/las-penas-colaboran-en-el-partido-benefico-del-barca-y-manchester-city\/","title":{"rendered":"Las pe\u00f1as colaboran en el partido ben\u00e9fico del Bar\u00e7a y Manchester City"},"content":{"rendered":"\n<p><strong>Bar\u00e7a y City<\/strong> se enfrentaron con un <strong>fin ben\u00e9fico, la investigaci\u00f3n de la ELA <\/strong>(esclerosis lateral amiotr\u00f3fica), este <strong>mi\u00e9rcoles 24 de agosto en el Spotify Camp Nou<\/strong>. La recaudaci\u00f3n del partido ir\u00e1 destinada a la <strong><a href=\"https:\/\/ffluzon.org\/\" target=\"_blank\" rel=\"noreferrer noopener\">Fundaci\u00f3n Luz\u00f3n<\/a><\/strong> para la investigaci\u00f3n de la ELA. Desde que se le diagnostic\u00f3 la ELA, el exjugador y exentrenador est\u00e1 llevando a cabo una gran labor de divulgaci\u00f3n sobre la situaci\u00f3n de las personas que padecen esta enfermedad.\u00a0 <strong>Unzu\u00e9<\/strong> exclam\u00f3 <strong>\u201cqueremos seguir viviendo y disfrutando de la vida\u201d<\/strong>, un llamamiento para que haya m\u00e1s ayudas que permitan investigar y combatir la ELA.\u00a0<\/p>\n\n\n\n<p>Adem\u00e1s, el duelo tambi\u00e9n ha estado especialmente emotivo por el reencuentro entre <strong>Xavi Hern\u00e1ndez <\/strong>i <strong>Pep Guardiola<\/strong>. Ha sido la primera vez que se han enfrentado como rivales a los banquillos, a pesar de que las im\u00e1genes que han dejado han estado de amistad y fraternidad.&nbsp;<\/p>\n\n\n\n<h6 class=\"wp-block-heading\"><strong>Solidaridad<\/strong>&nbsp;<\/h6>\n\n\n\n<p>Las pe\u00f1as estuvieron presentes en el estadio, para apoyar y colaborar en esta causa, mostrando una vez m\u00e1s su lado m\u00e1s solidario. Como muestra de ello, la <strong><a href=\"https:\/\/www.instagram.com\/pbcambrils\/\" target=\"_blank\" rel=\"noreferrer noopener\">PB Cambrils<\/a><\/strong>, de la <strong>Federaci\u00f3n Tarragona Nord<\/strong>, luci\u00f3 una pancarta en apoyo a la iniciativa, tambi\u00e9n estuvieron presentes pe\u00f1as de distintas federaciones, entre ellas <strong>la Federaci\u00f3 del Giron\u00e8s, la Selva, la Garrotxa i Pla de l\u2019Estany, la <a href=\"https:\/\/www.instagram.com\/fedemporicatnord\/\" target=\"_blank\" rel=\"noreferrer noopener\">Federaci\u00f3 de l\u2019 Empord\u00e0 i Catalunya Nord<\/a> i la <a href=\"https:\/\/www.instagram.com\/fedpenyesebre\/\" target=\"_blank\" rel=\"noreferrer noopener\">Federaci\u00f3 de Terres de L\u2019Ebre<\/a><\/strong>. Asimismo, como ejemplo, tambi\u00e9n estuvieron presentes pe\u00f1as del resto de Espa\u00f1a y del mundo, como la <strong><a href=\"https:\/\/www.facebook.com\/PenaBarcelonistaVillaDelRioCordoba\" target=\"_blank\" rel=\"noreferrer noopener\">Pe\u00f1a Barcelonista de Villa del R\u00edo<\/a><\/strong> (C\u00f3rdoba) y la <strong><a href=\"https:\/\/www.instagram.com\/penyalodz\/\" target=\"_blank\" rel=\"noreferrer noopener\">Penya Blaugrana de Lodz<\/a><\/strong> (Polonia)&nbsp;&nbsp;<\/p>\n\n\n\n<p>Una vez m\u00e1s se ha puesto de manifiesto porque somos<strong> \u201cm\u00e9s que un club\u201d<\/strong>.&nbsp;&nbsp;<\/p>\n\n\n\n<figure class=\"wp-block-gallery has-nested-images columns-default is-cropped wp-block-gallery-1 is-layout-flex wp-block-gallery-is-layout-flex\">\n<figure class=\"wp-block-image size-large\"><a href=\"https:\/\/confederaciopenyes.cat\/wp-content\/uploads\/2022\/08\/301129648_1197745974406501_8743619973274414598_n-1.jpg\"><img decoding=\"async\" width=\"771\" height=\"581\" data-id=\"3655\" data-src=\"https:\/\/confederaciopenyes.cat\/wp-content\/uploads\/2022\/08\/301129648_1197745974406501_8743619973274414598_n-1.jpg\" alt=\"\" class=\"wp-image-3655 lazyload\" data-srcset=\"https:\/\/confederaciopenyes.cat\/wp-content\/uploads\/2022\/08\/301129648_1197745974406501_8743619973274414598_n-1.jpg 771w, https:\/\/confederaciopenyes.cat\/wp-content\/uploads\/2022\/08\/301129648_1197745974406501_8743619973274414598_n-1-300x226.jpg 300w, https:\/\/confederaciopenyes.cat\/wp-content\/uploads\/2022\/08\/301129648_1197745974406501_8743619973274414598_n-1-768x579.jpg 768w\" data-sizes=\"(max-width: 771px) 100vw, 771px\" src=\"data:image\/svg+xml;base64,PHN2ZyB3aWR0aD0iMSIgaGVpZ2h0PSIxIiB4bWxucz0iaHR0cDovL3d3dy53My5vcmcvMjAwMC9zdmciPjwvc3ZnPg==\" style=\"--smush-placeholder-width: 771px; --smush-placeholder-aspect-ratio: 771\/581;\" \/><\/a><\/figure>\n\n\n\n<figure class=\"wp-block-image size-large\"><a href=\"https:\/\/confederaciopenyes.cat\/wp-content\/uploads\/2022\/08\/301168346_488849666411218_7259945166763240136_n-1.jpg\"><img decoding=\"async\" width=\"1024\" height=\"768\" data-id=\"3656\" data-src=\"https:\/\/confederaciopenyes.cat\/wp-content\/uploads\/2022\/08\/301168346_488849666411218_7259945166763240136_n-1.jpg\" alt=\"\" class=\"wp-image-3656 lazyload\" data-srcset=\"https:\/\/confederaciopenyes.cat\/wp-content\/uploads\/2022\/08\/301168346_488849666411218_7259945166763240136_n-1.jpg 1024w, https:\/\/confederaciopenyes.cat\/wp-content\/uploads\/2022\/08\/301168346_488849666411218_7259945166763240136_n-1-300x225.jpg 300w, https:\/\/confederaciopenyes.cat\/wp-content\/uploads\/2022\/08\/301168346_488849666411218_7259945166763240136_n-1-768x576.jpg 768w\" data-sizes=\"(max-width: 1024px) 100vw, 1024px\" src=\"data:image\/svg+xml;base64,PHN2ZyB3aWR0aD0iMSIgaGVpZ2h0PSIxIiB4bWxucz0iaHR0cDovL3d3dy53My5vcmcvMjAwMC9zdmciPjwvc3ZnPg==\" style=\"--smush-placeholder-width: 1024px; --smush-placeholder-aspect-ratio: 1024\/768;\" \/><\/a><\/figure>\n\n\n\n<figure class=\"wp-block-image size-large\"><a href=\"https:\/\/confederaciopenyes.cat\/wp-content\/uploads\/2022\/08\/Federacio-terres-lebre-principal-1.jpg\"><img decoding=\"async\" width=\"1024\" height=\"469\" data-id=\"3657\" data-src=\"https:\/\/confederaciopenyes.cat\/wp-content\/uploads\/2022\/08\/Federacio-terres-lebre-principal-1-1024x469.jpg\" alt=\"\" class=\"wp-image-3657 lazyload\" data-srcset=\"https:\/\/confederaciopenyes.cat\/wp-content\/uploads\/2022\/08\/Federacio-terres-lebre-principal-1-1024x469.jpg 1024w, https:\/\/confederaciopenyes.cat\/wp-content\/uploads\/2022\/08\/Federacio-terres-lebre-principal-1-300x137.jpg 300w, https:\/\/confederaciopenyes.cat\/wp-content\/uploads\/2022\/08\/Federacio-terres-lebre-principal-1-768x352.jpg 768w, https:\/\/confederaciopenyes.cat\/wp-content\/uploads\/2022\/08\/Federacio-terres-lebre-principal-1-1536x703.jpg 1536w, https:\/\/confederaciopenyes.cat\/wp-content\/uploads\/2022\/08\/Federacio-terres-lebre-principal-1.jpg 1544w\" data-sizes=\"(max-width: 1024px) 100vw, 1024px\" src=\"data:image\/svg+xml;base64,PHN2ZyB3aWR0aD0iMSIgaGVpZ2h0PSIxIiB4bWxucz0iaHR0cDovL3d3dy53My5vcmcvMjAwMC9zdmciPjwvc3ZnPg==\" style=\"--smush-placeholder-width: 1024px; --smush-placeholder-aspect-ratio: 1024\/469;\" \/><\/a><\/figure>\n<\/figure>\n","protected":false},"excerpt":{"rendered":"<p>Bar\u00e7a y City se enfrentaron con un fin ben\u00e9fico, la investigaci\u00f3n de la ELA (esclerosis lateral amiotr\u00f3fica), este mi\u00e9rcoles 24 de agosto en el Spotify Camp Nou. La recaudaci\u00f3n del partido ir\u00e1 destinada a la Fundaci\u00f3n Luz\u00f3n para la investigaci\u00f3n de la ELA. Desde que se le diagnostic\u00f3 la ELA, el exjugador y exentrenador est\u00e1 &#8230; <a title=\"Las pe\u00f1as colaboran en el partido ben\u00e9fico del Bar\u00e7a y Manchester City\" class=\"read-more\" href=\"https:\/\/confederaciopenyes.cat\/es\/las-penas-colaboran-en-el-partido-benefico-del-barca-y-manchester-city\/\" aria-label=\"Leer m\u00e1s sobre Las pe\u00f1as colaboran en el partido ben\u00e9fico del Bar\u00e7a y Manchester City\">Leer m\u00e1s<\/a><\/p>\n","protected":false},"author":4,"featured_media":3645,"comment_status":"closed","ping_status":"open","sticky":false,"template":"","format":"standard","meta":{"_acf_changed":false,"footnotes":""},"categories":[1],"tags":[140,114,116],"class_list":["post-3654","post","type-post","status-publish","format-standard","has-post-thumbnail","hentry","category-noticias-es","tag-confederacion-mundial-de-penas","tag-noticias","tag-penas"],"acf":[],"yoast_head":"<!-- This site is optimized with the Yoast SEO Premium plugin v26.7 (Yoast SEO v27.4) - https:\/\/yoast.com\/product\/yoast-seo-premium-wordpress\/ -->\n<title>Las pe\u00f1as colaboran en el partido ben\u00e9fico del Bar\u00e7a City - C.M.P<\/title>\n<meta name=\"description\" content=\"M\u00e1s de 90.000 personas llenaron el Camp Nou en el partido ben\u00e9fico del Bar\u00e7a y City apadrinado por Juan Carlos Unzu\u00e9.\" \/>\n<meta name=\"robots\" content=\"index, follow, max-snippet:-1, max-image-preview:large, max-video-preview:-1\" \/>\n<link rel=\"canonical\" href=\"https:\/\/confederaciopenyes.cat\/es\/las-penas-colaboran-en-el-partido-benefico-del-barca-y-manchester-city\/\" \/>\n<meta property=\"og:locale\" content=\"es_ES\" \/>\n<meta property=\"og:type\" content=\"article\" \/>\n<meta property=\"og:title\" content=\"Las pe\u00f1as colaboran en el partido ben\u00e9fico del Bar\u00e7a y Manchester City\" \/>\n<meta property=\"og:description\" content=\"M\u00e1s de 90.000 personas llenaron el Camp Nou en el partido ben\u00e9fico del Bar\u00e7a y City apadrinado por Juan Carlos Unzu\u00e9.\" \/>\n<meta property=\"og:url\" content=\"https:\/\/confederaciopenyes.cat\/es\/las-penas-colaboran-en-el-partido-benefico-del-barca-y-manchester-city\/\" \/>\n<meta property=\"og:site_name\" content=\"Confederaci\u00f3 Mundial de Penyes del FC Barcelona\" \/>\n<meta property=\"article:publisher\" content=\"https:\/\/www.facebook.com\/ConfederacioMundialPenyesFCB\" \/>\n<meta property=\"article:published_time\" content=\"2022-08-26T10:41:15+00:00\" \/>\n<meta property=\"article:modified_time\" content=\"2022-08-26T10:58:05+00:00\" \/>\n<meta property=\"og:image\" content=\"https:\/\/confederaciopenyes.cat\/wp-content\/uploads\/2022\/08\/Pb-cambrils-principal.jpg\" \/>\n\t<meta property=\"og:image:width\" content=\"400\" \/>\n\t<meta property=\"og:image:height\" content=\"300\" \/>\n\t<meta property=\"og:image:type\" content=\"image\/jpeg\" \/>\n<meta name=\"author\" content=\"Confederaci\u00f3 Mundial de Penyes del FC Barcelona\" \/>\n<meta name=\"twitter:card\" content=\"summary_large_image\" \/>\n<meta name=\"twitter:creator\" content=\"@ConfePenyesFCB\" \/>\n<meta name=\"twitter:site\" content=\"@ConfePenyesFCB\" \/>\n<meta name=\"twitter:label1\" content=\"Escrito por\" \/>\n\t<meta name=\"twitter:data1\" content=\"Confederaci\u00f3 Mundial de Penyes del FC Barcelona\" \/>\n\t<meta name=\"twitter:label2\" content=\"Tiempo de lectura\" \/>\n\t<meta name=\"twitter:data2\" content=\"2 minutos\" \/>\n<script type=\"application\/ld+json\" class=\"yoast-schema-graph\">{\"@context\":\"https:\\\/\\\/schema.org\",\"@graph\":[{\"@type\":\"Article\",\"@id\":\"https:\\\/\\\/confederaciopenyes.cat\\\/es\\\/las-penas-colaboran-en-el-partido-benefico-del-barca-y-manchester-city\\\/#article\",\"isPartOf\":{\"@id\":\"https:\\\/\\\/confederaciopenyes.cat\\\/es\\\/las-penas-colaboran-en-el-partido-benefico-del-barca-y-manchester-city\\\/\"},\"author\":{\"name\":\"Confederaci\u00f3 Mundial de Penyes del FC Barcelona\",\"@id\":\"https:\\\/\\\/confederaciopenyes.cat\\\/es\\\/#\\\/schema\\\/person\\\/337072f6daef87a85aa59aa1f134387c\"},\"headline\":\"Las pe\u00f1as colaboran en el partido ben\u00e9fico del Bar\u00e7a y Manchester City\",\"datePublished\":\"2022-08-26T10:41:15+00:00\",\"dateModified\":\"2022-08-26T10:58:05+00:00\",\"mainEntityOfPage\":{\"@id\":\"https:\\\/\\\/confederaciopenyes.cat\\\/es\\\/las-penas-colaboran-en-el-partido-benefico-del-barca-y-manchester-city\\\/\"},\"wordCount\":319,\"publisher\":{\"@id\":\"https:\\\/\\\/confederaciopenyes.cat\\\/es\\\/#organization\"},\"image\":{\"@id\":\"https:\\\/\\\/confederaciopenyes.cat\\\/es\\\/las-penas-colaboran-en-el-partido-benefico-del-barca-y-manchester-city\\\/#primaryimage\"},\"thumbnailUrl\":\"https:\\\/\\\/confederaciopenyes.cat\\\/wp-content\\\/uploads\\\/2022\\\/08\\\/Pb-cambrils-principal.jpg\",\"keywords\":[\"confederaci\u00f3n mundial de pe\u00f1as\",\"noticias\",\"pe\u00f1as\"],\"articleSection\":[\"Noticias\"],\"inLanguage\":\"es\"},{\"@type\":\"WebPage\",\"@id\":\"https:\\\/\\\/confederaciopenyes.cat\\\/es\\\/las-penas-colaboran-en-el-partido-benefico-del-barca-y-manchester-city\\\/\",\"url\":\"https:\\\/\\\/confederaciopenyes.cat\\\/es\\\/las-penas-colaboran-en-el-partido-benefico-del-barca-y-manchester-city\\\/\",\"name\":\"Las pe\u00f1as colaboran en el partido ben\u00e9fico del Bar\u00e7a City - C.M.P\",\"isPartOf\":{\"@id\":\"https:\\\/\\\/confederaciopenyes.cat\\\/es\\\/#website\"},\"primaryImageOfPage\":{\"@id\":\"https:\\\/\\\/confederaciopenyes.cat\\\/es\\\/las-penas-colaboran-en-el-partido-benefico-del-barca-y-manchester-city\\\/#primaryimage\"},\"image\":{\"@id\":\"https:\\\/\\\/confederaciopenyes.cat\\\/es\\\/las-penas-colaboran-en-el-partido-benefico-del-barca-y-manchester-city\\\/#primaryimage\"},\"thumbnailUrl\":\"https:\\\/\\\/confederaciopenyes.cat\\\/wp-content\\\/uploads\\\/2022\\\/08\\\/Pb-cambrils-principal.jpg\",\"datePublished\":\"2022-08-26T10:41:15+00:00\",\"dateModified\":\"2022-08-26T10:58:05+00:00\",\"description\":\"M\u00e1s de 90.000 personas llenaron el Camp Nou en el partido ben\u00e9fico del Bar\u00e7a y City apadrinado por Juan Carlos Unzu\u00e9.\",\"breadcrumb\":{\"@id\":\"https:\\\/\\\/confederaciopenyes.cat\\\/es\\\/las-penas-colaboran-en-el-partido-benefico-del-barca-y-manchester-city\\\/#breadcrumb\"},\"inLanguage\":\"es\",\"potentialAction\":[{\"@type\":\"ReadAction\",\"target\":[\"https:\\\/\\\/confederaciopenyes.cat\\\/es\\\/las-penas-colaboran-en-el-partido-benefico-del-barca-y-manchester-city\\\/\"]}]},{\"@type\":\"ImageObject\",\"inLanguage\":\"es\",\"@id\":\"https:\\\/\\\/confederaciopenyes.cat\\\/es\\\/las-penas-colaboran-en-el-partido-benefico-del-barca-y-manchester-city\\\/#primaryimage\",\"url\":\"https:\\\/\\\/confederaciopenyes.cat\\\/wp-content\\\/uploads\\\/2022\\\/08\\\/Pb-cambrils-principal.jpg\",\"contentUrl\":\"https:\\\/\\\/confederaciopenyes.cat\\\/wp-content\\\/uploads\\\/2022\\\/08\\\/Pb-cambrils-principal.jpg\",\"width\":400,\"height\":300},{\"@type\":\"BreadcrumbList\",\"@id\":\"https:\\\/\\\/confederaciopenyes.cat\\\/es\\\/las-penas-colaboran-en-el-partido-benefico-del-barca-y-manchester-city\\\/#breadcrumb\",\"itemListElement\":[{\"@type\":\"ListItem\",\"position\":1,\"name\":\"Portada\",\"item\":\"https:\\\/\\\/confederaciopenyes.cat\\\/es\\\/\"},{\"@type\":\"ListItem\",\"position\":2,\"name\":\"Las pe\u00f1as colaboran en el partido ben\u00e9fico del Bar\u00e7a y Manchester City\"}]},{\"@type\":\"WebSite\",\"@id\":\"https:\\\/\\\/confederaciopenyes.cat\\\/es\\\/#website\",\"url\":\"https:\\\/\\\/confederaciopenyes.cat\\\/es\\\/\",\"name\":\"Confederaci\u00f3 Mundial de Penyes del FC Barcelona\",\"description\":\"C.M. Penyes FC Barcelona\",\"publisher\":{\"@id\":\"https:\\\/\\\/confederaciopenyes.cat\\\/es\\\/#organization\"},\"potentialAction\":[{\"@type\":\"SearchAction\",\"target\":{\"@type\":\"EntryPoint\",\"urlTemplate\":\"https:\\\/\\\/confederaciopenyes.cat\\\/es\\\/?s={search_term_string}\"},\"query-input\":{\"@type\":\"PropertyValueSpecification\",\"valueRequired\":true,\"valueName\":\"search_term_string\"}}],\"inLanguage\":\"es\"},{\"@type\":\"Organization\",\"@id\":\"https:\\\/\\\/confederaciopenyes.cat\\\/es\\\/#organization\",\"name\":\"Confederaci\u00f3 Mundial de Penyes del FC Barcelona\",\"url\":\"https:\\\/\\\/confederaciopenyes.cat\\\/es\\\/\",\"logo\":{\"@type\":\"ImageObject\",\"inLanguage\":\"es\",\"@id\":\"https:\\\/\\\/confederaciopenyes.cat\\\/es\\\/#\\\/schema\\\/logo\\\/image\\\/\",\"url\":\"https:\\\/\\\/confederaciopenyes.cat\\\/wp-content\\\/uploads\\\/2022\\\/07\\\/cropped-logo_horizontal.png\",\"contentUrl\":\"https:\\\/\\\/confederaciopenyes.cat\\\/wp-content\\\/uploads\\\/2022\\\/07\\\/cropped-logo_horizontal.png\",\"width\":1320,\"height\":309,\"caption\":\"Confederaci\u00f3 Mundial de Penyes del FC Barcelona\"},\"image\":{\"@id\":\"https:\\\/\\\/confederaciopenyes.cat\\\/es\\\/#\\\/schema\\\/logo\\\/image\\\/\"},\"sameAs\":[\"https:\\\/\\\/www.facebook.com\\\/ConfederacioMundialPenyesFCB\",\"https:\\\/\\\/x.com\\\/ConfePenyesFCB\",\"https:\\\/\\\/www.instagram.com\\\/confepenyesfcb\\\/\"]},{\"@type\":\"Person\",\"@id\":\"https:\\\/\\\/confederaciopenyes.cat\\\/es\\\/#\\\/schema\\\/person\\\/337072f6daef87a85aa59aa1f134387c\",\"name\":\"Confederaci\u00f3 Mundial de Penyes del FC Barcelona\",\"image\":{\"@type\":\"ImageObject\",\"inLanguage\":\"es\",\"@id\":\"https:\\\/\\\/secure.gravatar.com\\\/avatar\\\/98c60c7405ff843b10aec55db652bd3f5cb4320ef331ae76c156819a62194328?s=96&d=mm&r=g\",\"url\":\"https:\\\/\\\/secure.gravatar.com\\\/avatar\\\/98c60c7405ff843b10aec55db652bd3f5cb4320ef331ae76c156819a62194328?s=96&d=mm&r=g\",\"contentUrl\":\"https:\\\/\\\/secure.gravatar.com\\\/avatar\\\/98c60c7405ff843b10aec55db652bd3f5cb4320ef331ae76c156819a62194328?s=96&d=mm&r=g\",\"caption\":\"Confederaci\u00f3 Mundial de Penyes del FC Barcelona\"},\"url\":\"https:\\\/\\\/confederaciopenyes.cat\\\/es\\\/author\\\/comunicacioconfederaciopenyes-cat\\\/\"}]}<\/script>\n<!-- \/ Yoast SEO Premium plugin. -->","yoast_head_json":{"title":"Las pe\u00f1as colaboran en el partido ben\u00e9fico del Bar\u00e7a City - C.M.P","description":"M\u00e1s de 90.000 personas llenaron el Camp Nou en el partido ben\u00e9fico del Bar\u00e7a y City apadrinado por Juan Carlos Unzu\u00e9.","robots":{"index":"index","follow":"follow","max-snippet":"max-snippet:-1","max-image-preview":"max-image-preview:large","max-video-preview":"max-video-preview:-1"},"canonical":"https:\/\/confederaciopenyes.cat\/es\/las-penas-colaboran-en-el-partido-benefico-del-barca-y-manchester-city\/","og_locale":"es_ES","og_type":"article","og_title":"Las pe\u00f1as colaboran en el partido ben\u00e9fico del Bar\u00e7a y Manchester City","og_description":"M\u00e1s de 90.000 personas llenaron el Camp Nou en el partido ben\u00e9fico del Bar\u00e7a y City apadrinado por Juan Carlos Unzu\u00e9.","og_url":"https:\/\/confederaciopenyes.cat\/es\/las-penas-colaboran-en-el-partido-benefico-del-barca-y-manchester-city\/","og_site_name":"Confederaci\u00f3 Mundial de Penyes del FC Barcelona","article_publisher":"https:\/\/www.facebook.com\/ConfederacioMundialPenyesFCB","article_published_time":"2022-08-26T10:41:15+00:00","article_modified_time":"2022-08-26T10:58:05+00:00","og_image":[{"width":400,"height":300,"url":"https:\/\/confederaciopenyes.cat\/wp-content\/uploads\/2022\/08\/Pb-cambrils-principal.jpg","type":"image\/jpeg"}],"author":"Confederaci\u00f3 Mundial de Penyes del FC Barcelona","twitter_card":"summary_large_image","twitter_creator":"@ConfePenyesFCB","twitter_site":"@ConfePenyesFCB","twitter_misc":{"Escrito por":"Confederaci\u00f3 Mundial de Penyes del FC Barcelona","Tiempo de lectura":"2 minutos"},"schema":{"@context":"https:\/\/schema.org","@graph":[{"@type":"Article","@id":"https:\/\/confederaciopenyes.cat\/es\/las-penas-colaboran-en-el-partido-benefico-del-barca-y-manchester-city\/#article","isPartOf":{"@id":"https:\/\/confederaciopenyes.cat\/es\/las-penas-colaboran-en-el-partido-benefico-del-barca-y-manchester-city\/"},"author":{"name":"Confederaci\u00f3 Mundial de Penyes del FC Barcelona","@id":"https:\/\/confederaciopenyes.cat\/es\/#\/schema\/person\/337072f6daef87a85aa59aa1f134387c"},"headline":"Las pe\u00f1as colaboran en el partido ben\u00e9fico del Bar\u00e7a y Manchester City","datePublished":"2022-08-26T10:41:15+00:00","dateModified":"2022-08-26T10:58:05+00:00","mainEntityOfPage":{"@id":"https:\/\/confederaciopenyes.cat\/es\/las-penas-colaboran-en-el-partido-benefico-del-barca-y-manchester-city\/"},"wordCount":319,"publisher":{"@id":"https:\/\/confederaciopenyes.cat\/es\/#organization"},"image":{"@id":"https:\/\/confederaciopenyes.cat\/es\/las-penas-colaboran-en-el-partido-benefico-del-barca-y-manchester-city\/#primaryimage"},"thumbnailUrl":"https:\/\/confederaciopenyes.cat\/wp-content\/uploads\/2022\/08\/Pb-cambrils-principal.jpg","keywords":["confederaci\u00f3n mundial de pe\u00f1as","noticias","pe\u00f1as"],"articleSection":["Noticias"],"inLanguage":"es"},{"@type":"WebPage","@id":"https:\/\/confederaciopenyes.cat\/es\/las-penas-colaboran-en-el-partido-benefico-del-barca-y-manchester-city\/","url":"https:\/\/confederaciopenyes.cat\/es\/las-penas-colaboran-en-el-partido-benefico-del-barca-y-manchester-city\/","name":"Las pe\u00f1as colaboran en el partido ben\u00e9fico del Bar\u00e7a City - C.M.P","isPartOf":{"@id":"https:\/\/confederaciopenyes.cat\/es\/#website"},"primaryImageOfPage":{"@id":"https:\/\/confederaciopenyes.cat\/es\/las-penas-colaboran-en-el-partido-benefico-del-barca-y-manchester-city\/#primaryimage"},"image":{"@id":"https:\/\/confederaciopenyes.cat\/es\/las-penas-colaboran-en-el-partido-benefico-del-barca-y-manchester-city\/#primaryimage"},"thumbnailUrl":"https:\/\/confederaciopenyes.cat\/wp-content\/uploads\/2022\/08\/Pb-cambrils-principal.jpg","datePublished":"2022-08-26T10:41:15+00:00","dateModified":"2022-08-26T10:58:05+00:00","description":"M\u00e1s de 90.000 personas llenaron el Camp Nou en el partido ben\u00e9fico del Bar\u00e7a y City apadrinado por Juan Carlos Unzu\u00e9.","breadcrumb":{"@id":"https:\/\/confederaciopenyes.cat\/es\/las-penas-colaboran-en-el-partido-benefico-del-barca-y-manchester-city\/#breadcrumb"},"inLanguage":"es","potentialAction":[{"@type":"ReadAction","target":["https:\/\/confederaciopenyes.cat\/es\/las-penas-colaboran-en-el-partido-benefico-del-barca-y-manchester-city\/"]}]},{"@type":"ImageObject","inLanguage":"es","@id":"https:\/\/confederaciopenyes.cat\/es\/las-penas-colaboran-en-el-partido-benefico-del-barca-y-manchester-city\/#primaryimage","url":"https:\/\/confederaciopenyes.cat\/wp-content\/uploads\/2022\/08\/Pb-cambrils-principal.jpg","contentUrl":"https:\/\/confederaciopenyes.cat\/wp-content\/uploads\/2022\/08\/Pb-cambrils-principal.jpg","width":400,"height":300},{"@type":"BreadcrumbList","@id":"https:\/\/confederaciopenyes.cat\/es\/las-penas-colaboran-en-el-partido-benefico-del-barca-y-manchester-city\/#breadcrumb","itemListElement":[{"@type":"ListItem","position":1,"name":"Portada","item":"https:\/\/confederaciopenyes.cat\/es\/"},{"@type":"ListItem","position":2,"name":"Las pe\u00f1as colaboran en el partido ben\u00e9fico del Bar\u00e7a y Manchester City"}]},{"@type":"WebSite","@id":"https:\/\/confederaciopenyes.cat\/es\/#website","url":"https:\/\/confederaciopenyes.cat\/es\/","name":"Confederaci\u00f3 Mundial de Penyes del FC Barcelona","description":"C.M. Penyes FC Barcelona","publisher":{"@id":"https:\/\/confederaciopenyes.cat\/es\/#organization"},"potentialAction":[{"@type":"SearchAction","target":{"@type":"EntryPoint","urlTemplate":"https:\/\/confederaciopenyes.cat\/es\/?s={search_term_string}"},"query-input":{"@type":"PropertyValueSpecification","valueRequired":true,"valueName":"search_term_string"}}],"inLanguage":"es"},{"@type":"Organization","@id":"https:\/\/confederaciopenyes.cat\/es\/#organization","name":"Confederaci\u00f3 Mundial de Penyes del FC Barcelona","url":"https:\/\/confederaciopenyes.cat\/es\/","logo":{"@type":"ImageObject","inLanguage":"es","@id":"https:\/\/confederaciopenyes.cat\/es\/#\/schema\/logo\/image\/","url":"https:\/\/confederaciopenyes.cat\/wp-content\/uploads\/2022\/07\/cropped-logo_horizontal.png","contentUrl":"https:\/\/confederaciopenyes.cat\/wp-content\/uploads\/2022\/07\/cropped-logo_horizontal.png","width":1320,"height":309,"caption":"Confederaci\u00f3 Mundial de Penyes del FC Barcelona"},"image":{"@id":"https:\/\/confederaciopenyes.cat\/es\/#\/schema\/logo\/image\/"},"sameAs":["https:\/\/www.facebook.com\/ConfederacioMundialPenyesFCB","https:\/\/x.com\/ConfePenyesFCB","https:\/\/www.instagram.com\/confepenyesfcb\/"]},{"@type":"Person","@id":"https:\/\/confederaciopenyes.cat\/es\/#\/schema\/person\/337072f6daef87a85aa59aa1f134387c","name":"Confederaci\u00f3 Mundial de Penyes del FC Barcelona","image":{"@type":"ImageObject","inLanguage":"es","@id":"https:\/\/secure.gravatar.com\/avatar\/98c60c7405ff843b10aec55db652bd3f5cb4320ef331ae76c156819a62194328?s=96&d=mm&r=g","url":"https:\/\/secure.gravatar.com\/avatar\/98c60c7405ff843b10aec55db652bd3f5cb4320ef331ae76c156819a62194328?s=96&d=mm&r=g","contentUrl":"https:\/\/secure.gravatar.com\/avatar\/98c60c7405ff843b10aec55db652bd3f5cb4320ef331ae76c156819a62194328?s=96&d=mm&r=g","caption":"Confederaci\u00f3 Mundial de Penyes del FC Barcelona"},"url":"https:\/\/confederaciopenyes.cat\/es\/author\/comunicacioconfederaciopenyes-cat\/"}]}},"_links":{"self":[{"href":"https:\/\/confederaciopenyes.cat\/es\/wp-json\/wp\/v2\/posts\/3654","targetHints":{"allow":["GET"]}}],"collection":[{"href":"https:\/\/confederaciopenyes.cat\/es\/wp-json\/wp\/v2\/posts"}],"about":[{"href":"https:\/\/confederaciopenyes.cat\/es\/wp-json\/wp\/v2\/types\/post"}],"author":[{"embeddable":true,"href":"https:\/\/confederaciopenyes.cat\/es\/wp-json\/wp\/v2\/users\/4"}],"replies":[{"embeddable":true,"href":"https:\/\/confederaciopenyes.cat\/es\/wp-json\/wp\/v2\/comments?post=3654"}],"version-history":[{"count":6,"href":"https:\/\/confederaciopenyes.cat\/es\/wp-json\/wp\/v2\/posts\/3654\/revisions"}],"predecessor-version":[{"id":3684,"href":"https:\/\/confederaciopenyes.cat\/es\/wp-json\/wp\/v2\/posts\/3654\/revisions\/3684"}],"wp:featuredmedia":[{"embeddable":true,"href":"https:\/\/confederaciopenyes.cat\/es\/wp-json\/wp\/v2\/media\/3645"}],"wp:attachment":[{"href":"https:\/\/confederaciopenyes.cat\/es\/wp-json\/wp\/v2\/media?parent=3654"}],"wp:term":[{"taxonomy":"category","embeddable":true,"href":"https:\/\/confederaciopenyes.cat\/es\/wp-json\/wp\/v2\/categories?post=3654"},{"taxonomy":"post_tag","embeddable":true,"href":"https:\/\/confederaciopenyes.cat\/es\/wp-json\/wp\/v2\/tags?post=3654"}],"curies":[{"name":"wp","href":"https:\/\/api.w.org\/{rel}","templated":true}]}}