{"id":36559,"date":"2025-10-22T16:41:59","date_gmt":"2025-10-22T14:41:59","guid":{"rendered":"https:\/\/confederaciopenyes.cat\/capitulo-37-la-penya-barcelonista-premia-de-mar\/"},"modified":"2025-10-22T16:45:30","modified_gmt":"2025-10-22T14:45:30","slug":"capitulo-37-la-penya-barcelonista-premia-de-mar","status":"publish","type":"post","link":"https:\/\/confederaciopenyes.cat\/es\/capitulo-37-la-penya-barcelonista-premia-de-mar\/","title":{"rendered":"Cap\u00edtulo 37 \u2013 La Penya Barcelonista Premi\u00e0 de Mar"},"content":{"rendered":"\n<p>La comarca del Maresme es una de las m\u00e1s cercanas a Barcelona, por lo que cualquiera podr\u00eda pensar que ser\u00eda una de las primeras en experimentar el impulso de la expansi\u00f3n pe\u00f1\u00edstica desde el centro neur\u00e1lgico que representaba Barcelona. Pero no fue exactamente as\u00ed. <\/p>\n\n<p>Ya hemos escrito sobre esta comarca en relaci\u00f3n con la pe\u00f1a decana, la <a href=\"https:\/\/confederaciopenyes.cat\/es\/capitulo-36-penya-solera-barcelonista-de-calella-fundada-en-1958\/\" target=\"_blank\" rel=\"noreferrer noopener\">Solera de Calella<\/a>. Sin embargo, a pesar de la proximidad con la capital catalana, las dos pe\u00f1as creadas en los a\u00f1os 50 fueron un espejismo, ya que<strong> no habr\u00eda un estallido de creaci\u00f3n de pe\u00f1as barcelonistas hasta los a\u00f1os 70<\/strong>. En esa d\u00e9cada aparecieron <strong>siete pe\u00f1as que se unir\u00edan a las dos decanas de los a\u00f1os 50, adem\u00e1s de las tres creadas en los a\u00f1os 60<\/strong>, de las cuales hablaremos en cap\u00edtulos posteriores.  <\/p>\n\n<h6 class=\"wp-block-heading\" id=\"h-creacio-lligada-a-la-final-de-berna-del-1961\"><strong>Creaci\u00f3n ligada a la final de Berna de 1961<\/strong><\/h6>\n\n<p><strong>La segunda pe\u00f1a creada durante la d\u00e9cada de los a\u00f1os 50 fue la Penya Barcelonista de Premi\u00e0 de Mar.<\/strong> Aunque <strong>su a\u00f1o de fundaci\u00f3n fue 1958<\/strong>, la pe\u00f1a no ser\u00eda<strong> reconocida oficialmente hasta el 7 de mayo de 1961<\/strong>, cuatro d\u00edas despu\u00e9s de que el Bar\u00e7a accediera a la final de Berna en una dura eliminatoria jugada contra el Hamburgo.<\/p>\n\n<p>Fueron unas trepidantes semifinales donde el Bar\u00e7a se impuso por 1-0 en la ida, el 12 de abril en el Camp Nou, contra un conjunto alem\u00e1n que contaba con su gran estrella Uwe Seeler. En la vuelta en el Volksparkstadion, el Bar\u00e7a fue derrotado por 2-1, lo que habr\u00eda dado la clasificaci\u00f3n al Bar\u00e7a si se hubieran seguido los criterios del valor doble del gol fuera de casa que se implantaron a\u00f1os despu\u00e9s. En aquellos tiempos, sin embargo, se obligaba a jugar un tercer partido de desempate en un campo neutral, que fue el estadio Heysel de Bruselas. Aquel 3 de mayo de 1961, el Bar\u00e7a se impuso al conjunto alem\u00e1n por 1-0, obra del gran delantero brasile\u00f1o Evaristo de Macedo, produciendo un estallido de alegr\u00eda entre los miembros de la joven PB Premi\u00e0 de Mar.   <\/p>\n\n<p>La alegr\u00eda se tornar\u00eda en gran decepci\u00f3n en la final de la Copa de Europa de Berna del 31 de mayo, recordada como la maldita final de los palos cuadrados, donde el Bar\u00e7a fue derrotado por el Benfica portugu\u00e9s por 3-2. A pesar de esta decepci\u00f3n, <strong>la PB Premi\u00e0 de Mar, encabezada por su primer presidente Lorenzo Bruguera, superar\u00eda aquel momento y, ya en aquellos tiempos, comenzar\u00eda a organizar hasta tres autocares para ir a Barcelona a ver cada partido<\/strong>. Fue una pe\u00f1a que irrumpi\u00f3 con una fuerza extraordinaria que le ha ayudado a llegar hasta nuestros d\u00edas como una de las veteranas del Universo Culer, y que en breve celebrar\u00e1 70 a\u00f1os de historia. \u00a1Casi nada!   <\/p>\n\n<h6 class=\"wp-block-heading\" id=\"h-premia-de-mar\"><strong>Premi\u00e0 de Mar<\/strong><\/h6>\n\n<p>En referencia al pueblo de Premi\u00e0 de Mar, adem\u00e1s de la proximidad mar\u00edtima, hay que destacar el Museo de la Estampaci\u00f3n, ubicado en la antigua F\u00e1brica del Gas de Premi\u00e0 de Mar, construida en el a\u00f1o 1884. Tambi\u00e9n se puede visitar el Museo Romano. De inter\u00e9s cultural, durante la Fiesta Mayor se celebra la representaci\u00f3n de Piratas y premianenses, de gran atractivo tur\u00edstico y cultural. Todos estos son motivos culturales para visitar Premi\u00e0 de Mar, que cuenta con unos anfitriones barcelonistas muy especiales que podr\u00edan escribir toda una historia de amor a unos colores.   <\/p>\n","protected":false},"excerpt":{"rendered":"<p>La comarca del Maresme es una de las m\u00e1s cercanas a Barcelona, por lo que cualquiera podr\u00eda pensar que ser\u00eda una de las primeras en experimentar el impulso de la expansi\u00f3n pe\u00f1\u00edstica desde el centro neur\u00e1lgico que representaba Barcelona. Pero no fue exactamente as\u00ed. Ya hemos escrito sobre esta comarca en relaci\u00f3n con la pe\u00f1a &#8230; <a title=\"Cap\u00edtulo 37 \u2013 La Penya Barcelonista Premi\u00e0 de Mar\" class=\"read-more\" href=\"https:\/\/confederaciopenyes.cat\/es\/capitulo-37-la-penya-barcelonista-premia-de-mar\/\" aria-label=\"Leer m\u00e1s sobre Cap\u00edtulo 37 \u2013 La Penya Barcelonista Premi\u00e0 de Mar\">Leer m\u00e1s<\/a><\/p>\n","protected":false},"author":4,"featured_media":36555,"comment_status":"closed","ping_status":"open","sticky":false,"template":"","format":"standard","meta":{"_acf_changed":false,"footnotes":""},"categories":[2802],"tags":[2594,2629,2555,3971],"class_list":["post-36559","post","type-post","status-publish","format-standard","has-post-thumbnail","hentry","category-historia-penyes-es","tag-confederacio-mundial-de-penyes-es-3","tag-historia-es-2","tag-penas-es","tag-penya-barcelonista-premia-de-mar-es"],"acf":[],"yoast_head":"<!-- This site is optimized with the Yoast SEO Premium plugin v26.7 (Yoast SEO v27.4) - https:\/\/yoast.com\/product\/yoast-seo-premium-wordpress\/ -->\n<title>Cap\u00edtulo 37 \u2013 La Penya Barcelonista Premi\u00e0 de Mar - Confederaci\u00f3 Mundial de Penyes del FC Barcelona<\/title>\n<meta name=\"description\" content=\"La Penya Barcelonista Premi\u00e0 de Mar fue una de las primeras pe\u00f1as pioneras en los a\u00f1os 50 creadas en la comarca del Maresme.\" \/>\n<meta name=\"robots\" content=\"index, follow, max-snippet:-1, max-image-preview:large, max-video-preview:-1\" \/>\n<link rel=\"canonical\" href=\"https:\/\/confederaciopenyes.cat\/es\/capitulo-37-la-penya-barcelonista-premia-de-mar\/\" \/>\n<meta property=\"og:locale\" content=\"es_ES\" \/>\n<meta property=\"og:type\" content=\"article\" \/>\n<meta property=\"og:title\" content=\"Cap\u00edtulo 37 \u2013 La Penya Barcelonista Premi\u00e0 de Mar\" \/>\n<meta property=\"og:description\" content=\"La Penya Barcelonista Premi\u00e0 de Mar fue una de las primeras pe\u00f1as pioneras en los a\u00f1os 50 creadas en la comarca del Maresme.\" \/>\n<meta property=\"og:url\" content=\"https:\/\/confederaciopenyes.cat\/es\/capitulo-37-la-penya-barcelonista-premia-de-mar\/\" \/>\n<meta property=\"og:site_name\" content=\"Confederaci\u00f3 Mundial de Penyes del FC Barcelona\" \/>\n<meta property=\"article:publisher\" content=\"https:\/\/www.facebook.com\/ConfederacioMundialPenyesFCB\" \/>\n<meta property=\"article:published_time\" content=\"2025-10-22T14:41:59+00:00\" \/>\n<meta property=\"article:modified_time\" content=\"2025-10-22T14:45:30+00:00\" \/>\n<meta property=\"og:image\" content=\"https:\/\/confederaciopenyes.cat\/wp-content\/uploads\/2025\/10\/Foto-47-b-NENS-DE-LA-PB-DE-PREMIA-BUTLLETI-CLUB-DESEMBRE-1961-scaled.jpg\" \/>\n\t<meta property=\"og:image:width\" content=\"2560\" \/>\n\t<meta property=\"og:image:height\" content=\"1934\" \/>\n\t<meta property=\"og:image:type\" content=\"image\/jpeg\" \/>\n<meta name=\"author\" content=\"Confederaci\u00f3 Mundial de Penyes del FC Barcelona\" \/>\n<meta name=\"twitter:card\" content=\"summary_large_image\" \/>\n<meta name=\"twitter:creator\" content=\"@ConfePenyesFCB\" \/>\n<meta name=\"twitter:site\" content=\"@ConfePenyesFCB\" \/>\n<meta name=\"twitter:label1\" content=\"Escrito por\" \/>\n\t<meta name=\"twitter:data1\" content=\"Confederaci\u00f3 Mundial de Penyes del FC Barcelona\" \/>\n\t<meta name=\"twitter:label2\" content=\"Tiempo de lectura\" \/>\n\t<meta name=\"twitter:data2\" content=\"3 minutos\" \/>\n<script type=\"application\/ld+json\" class=\"yoast-schema-graph\">{\"@context\":\"https:\\\/\\\/schema.org\",\"@graph\":[{\"@type\":\"Article\",\"@id\":\"https:\\\/\\\/confederaciopenyes.cat\\\/es\\\/capitulo-37-la-penya-barcelonista-premia-de-mar\\\/#article\",\"isPartOf\":{\"@id\":\"https:\\\/\\\/confederaciopenyes.cat\\\/es\\\/capitulo-37-la-penya-barcelonista-premia-de-mar\\\/\"},\"author\":{\"name\":\"Confederaci\u00f3 Mundial de Penyes del FC Barcelona\",\"@id\":\"https:\\\/\\\/confederaciopenyes.cat\\\/es\\\/#\\\/schema\\\/person\\\/337072f6daef87a85aa59aa1f134387c\"},\"headline\":\"Cap\u00edtulo 37 \u2013 La Penya Barcelonista Premi\u00e0 de Mar\",\"datePublished\":\"2025-10-22T14:41:59+00:00\",\"dateModified\":\"2025-10-22T14:45:30+00:00\",\"mainEntityOfPage\":{\"@id\":\"https:\\\/\\\/confederaciopenyes.cat\\\/es\\\/capitulo-37-la-penya-barcelonista-premia-de-mar\\\/\"},\"wordCount\":607,\"publisher\":{\"@id\":\"https:\\\/\\\/confederaciopenyes.cat\\\/es\\\/#organization\"},\"image\":{\"@id\":\"https:\\\/\\\/confederaciopenyes.cat\\\/es\\\/capitulo-37-la-penya-barcelonista-premia-de-mar\\\/#primaryimage\"},\"thumbnailUrl\":\"https:\\\/\\\/confederaciopenyes.cat\\\/wp-content\\\/uploads\\\/2025\\\/10\\\/Foto-47-b-NENS-DE-LA-PB-DE-PREMIA-BUTLLETI-CLUB-DESEMBRE-1961-scaled.jpg\",\"keywords\":[\"confederaci\u00f3 mundial de penyes\",\"Historia\",\"pe\u00f1as\",\"Penya Barcelonista Premi\u00e0 de Mar\"],\"articleSection\":[\"Historia\"],\"inLanguage\":\"es\"},{\"@type\":\"WebPage\",\"@id\":\"https:\\\/\\\/confederaciopenyes.cat\\\/es\\\/capitulo-37-la-penya-barcelonista-premia-de-mar\\\/\",\"url\":\"https:\\\/\\\/confederaciopenyes.cat\\\/es\\\/capitulo-37-la-penya-barcelonista-premia-de-mar\\\/\",\"name\":\"Cap\u00edtulo 37 \u2013 La Penya Barcelonista Premi\u00e0 de Mar - Confederaci\u00f3 Mundial de Penyes del FC Barcelona\",\"isPartOf\":{\"@id\":\"https:\\\/\\\/confederaciopenyes.cat\\\/es\\\/#website\"},\"primaryImageOfPage\":{\"@id\":\"https:\\\/\\\/confederaciopenyes.cat\\\/es\\\/capitulo-37-la-penya-barcelonista-premia-de-mar\\\/#primaryimage\"},\"image\":{\"@id\":\"https:\\\/\\\/confederaciopenyes.cat\\\/es\\\/capitulo-37-la-penya-barcelonista-premia-de-mar\\\/#primaryimage\"},\"thumbnailUrl\":\"https:\\\/\\\/confederaciopenyes.cat\\\/wp-content\\\/uploads\\\/2025\\\/10\\\/Foto-47-b-NENS-DE-LA-PB-DE-PREMIA-BUTLLETI-CLUB-DESEMBRE-1961-scaled.jpg\",\"datePublished\":\"2025-10-22T14:41:59+00:00\",\"dateModified\":\"2025-10-22T14:45:30+00:00\",\"description\":\"La Penya Barcelonista Premi\u00e0 de Mar fue una de las primeras pe\u00f1as pioneras en los a\u00f1os 50 creadas en la comarca del Maresme.\",\"breadcrumb\":{\"@id\":\"https:\\\/\\\/confederaciopenyes.cat\\\/es\\\/capitulo-37-la-penya-barcelonista-premia-de-mar\\\/#breadcrumb\"},\"inLanguage\":\"es\",\"potentialAction\":[{\"@type\":\"ReadAction\",\"target\":[\"https:\\\/\\\/confederaciopenyes.cat\\\/es\\\/capitulo-37-la-penya-barcelonista-premia-de-mar\\\/\"]}]},{\"@type\":\"ImageObject\",\"inLanguage\":\"es\",\"@id\":\"https:\\\/\\\/confederaciopenyes.cat\\\/es\\\/capitulo-37-la-penya-barcelonista-premia-de-mar\\\/#primaryimage\",\"url\":\"https:\\\/\\\/confederaciopenyes.cat\\\/wp-content\\\/uploads\\\/2025\\\/10\\\/Foto-47-b-NENS-DE-LA-PB-DE-PREMIA-BUTLLETI-CLUB-DESEMBRE-1961-scaled.jpg\",\"contentUrl\":\"https:\\\/\\\/confederaciopenyes.cat\\\/wp-content\\\/uploads\\\/2025\\\/10\\\/Foto-47-b-NENS-DE-LA-PB-DE-PREMIA-BUTLLETI-CLUB-DESEMBRE-1961-scaled.jpg\",\"width\":2560,\"height\":1934},{\"@type\":\"BreadcrumbList\",\"@id\":\"https:\\\/\\\/confederaciopenyes.cat\\\/es\\\/capitulo-37-la-penya-barcelonista-premia-de-mar\\\/#breadcrumb\",\"itemListElement\":[{\"@type\":\"ListItem\",\"position\":1,\"name\":\"Portada\",\"item\":\"https:\\\/\\\/confederaciopenyes.cat\\\/es\\\/\"},{\"@type\":\"ListItem\",\"position\":2,\"name\":\"Cap\u00edtulo 37 \u2013 La Penya Barcelonista Premi\u00e0 de Mar\"}]},{\"@type\":\"WebSite\",\"@id\":\"https:\\\/\\\/confederaciopenyes.cat\\\/es\\\/#website\",\"url\":\"https:\\\/\\\/confederaciopenyes.cat\\\/es\\\/\",\"name\":\"Confederaci\u00f3 Mundial de Penyes del FC Barcelona\",\"description\":\"C.M. Penyes FC Barcelona\",\"publisher\":{\"@id\":\"https:\\\/\\\/confederaciopenyes.cat\\\/es\\\/#organization\"},\"potentialAction\":[{\"@type\":\"SearchAction\",\"target\":{\"@type\":\"EntryPoint\",\"urlTemplate\":\"https:\\\/\\\/confederaciopenyes.cat\\\/es\\\/?s={search_term_string}\"},\"query-input\":{\"@type\":\"PropertyValueSpecification\",\"valueRequired\":true,\"valueName\":\"search_term_string\"}}],\"inLanguage\":\"es\"},{\"@type\":\"Organization\",\"@id\":\"https:\\\/\\\/confederaciopenyes.cat\\\/es\\\/#organization\",\"name\":\"Confederaci\u00f3 Mundial de Penyes del FC Barcelona\",\"url\":\"https:\\\/\\\/confederaciopenyes.cat\\\/es\\\/\",\"logo\":{\"@type\":\"ImageObject\",\"inLanguage\":\"es\",\"@id\":\"https:\\\/\\\/confederaciopenyes.cat\\\/es\\\/#\\\/schema\\\/logo\\\/image\\\/\",\"url\":\"https:\\\/\\\/confederaciopenyes.cat\\\/wp-content\\\/uploads\\\/2022\\\/07\\\/cropped-logo_horizontal.png\",\"contentUrl\":\"https:\\\/\\\/confederaciopenyes.cat\\\/wp-content\\\/uploads\\\/2022\\\/07\\\/cropped-logo_horizontal.png\",\"width\":1320,\"height\":309,\"caption\":\"Confederaci\u00f3 Mundial de Penyes del FC Barcelona\"},\"image\":{\"@id\":\"https:\\\/\\\/confederaciopenyes.cat\\\/es\\\/#\\\/schema\\\/logo\\\/image\\\/\"},\"sameAs\":[\"https:\\\/\\\/www.facebook.com\\\/ConfederacioMundialPenyesFCB\",\"https:\\\/\\\/x.com\\\/ConfePenyesFCB\",\"https:\\\/\\\/www.instagram.com\\\/confepenyesfcb\\\/\"]},{\"@type\":\"Person\",\"@id\":\"https:\\\/\\\/confederaciopenyes.cat\\\/es\\\/#\\\/schema\\\/person\\\/337072f6daef87a85aa59aa1f134387c\",\"name\":\"Confederaci\u00f3 Mundial de Penyes del FC Barcelona\",\"image\":{\"@type\":\"ImageObject\",\"inLanguage\":\"es\",\"@id\":\"https:\\\/\\\/secure.gravatar.com\\\/avatar\\\/98c60c7405ff843b10aec55db652bd3f5cb4320ef331ae76c156819a62194328?s=96&d=mm&r=g\",\"url\":\"https:\\\/\\\/secure.gravatar.com\\\/avatar\\\/98c60c7405ff843b10aec55db652bd3f5cb4320ef331ae76c156819a62194328?s=96&d=mm&r=g\",\"contentUrl\":\"https:\\\/\\\/secure.gravatar.com\\\/avatar\\\/98c60c7405ff843b10aec55db652bd3f5cb4320ef331ae76c156819a62194328?s=96&d=mm&r=g\",\"caption\":\"Confederaci\u00f3 Mundial de Penyes del FC Barcelona\"},\"url\":\"https:\\\/\\\/confederaciopenyes.cat\\\/es\\\/author\\\/comunicacioconfederaciopenyes-cat\\\/\"}]}<\/script>\n<!-- \/ Yoast SEO Premium plugin. -->","yoast_head_json":{"title":"Cap\u00edtulo 37 \u2013 La Penya Barcelonista Premi\u00e0 de Mar - Confederaci\u00f3 Mundial de Penyes del FC Barcelona","description":"La Penya Barcelonista Premi\u00e0 de Mar fue una de las primeras pe\u00f1as pioneras en los a\u00f1os 50 creadas en la comarca del Maresme.","robots":{"index":"index","follow":"follow","max-snippet":"max-snippet:-1","max-image-preview":"max-image-preview:large","max-video-preview":"max-video-preview:-1"},"canonical":"https:\/\/confederaciopenyes.cat\/es\/capitulo-37-la-penya-barcelonista-premia-de-mar\/","og_locale":"es_ES","og_type":"article","og_title":"Cap\u00edtulo 37 \u2013 La Penya Barcelonista Premi\u00e0 de Mar","og_description":"La Penya Barcelonista Premi\u00e0 de Mar fue una de las primeras pe\u00f1as pioneras en los a\u00f1os 50 creadas en la comarca del Maresme.","og_url":"https:\/\/confederaciopenyes.cat\/es\/capitulo-37-la-penya-barcelonista-premia-de-mar\/","og_site_name":"Confederaci\u00f3 Mundial de Penyes del FC Barcelona","article_publisher":"https:\/\/www.facebook.com\/ConfederacioMundialPenyesFCB","article_published_time":"2025-10-22T14:41:59+00:00","article_modified_time":"2025-10-22T14:45:30+00:00","og_image":[{"width":2560,"height":1934,"url":"https:\/\/confederaciopenyes.cat\/wp-content\/uploads\/2025\/10\/Foto-47-b-NENS-DE-LA-PB-DE-PREMIA-BUTLLETI-CLUB-DESEMBRE-1961-scaled.jpg","type":"image\/jpeg"}],"author":"Confederaci\u00f3 Mundial de Penyes del FC Barcelona","twitter_card":"summary_large_image","twitter_creator":"@ConfePenyesFCB","twitter_site":"@ConfePenyesFCB","twitter_misc":{"Escrito por":"Confederaci\u00f3 Mundial de Penyes del FC Barcelona","Tiempo de lectura":"3 minutos"},"schema":{"@context":"https:\/\/schema.org","@graph":[{"@type":"Article","@id":"https:\/\/confederaciopenyes.cat\/es\/capitulo-37-la-penya-barcelonista-premia-de-mar\/#article","isPartOf":{"@id":"https:\/\/confederaciopenyes.cat\/es\/capitulo-37-la-penya-barcelonista-premia-de-mar\/"},"author":{"name":"Confederaci\u00f3 Mundial de Penyes del FC Barcelona","@id":"https:\/\/confederaciopenyes.cat\/es\/#\/schema\/person\/337072f6daef87a85aa59aa1f134387c"},"headline":"Cap\u00edtulo 37 \u2013 La Penya Barcelonista Premi\u00e0 de Mar","datePublished":"2025-10-22T14:41:59+00:00","dateModified":"2025-10-22T14:45:30+00:00","mainEntityOfPage":{"@id":"https:\/\/confederaciopenyes.cat\/es\/capitulo-37-la-penya-barcelonista-premia-de-mar\/"},"wordCount":607,"publisher":{"@id":"https:\/\/confederaciopenyes.cat\/es\/#organization"},"image":{"@id":"https:\/\/confederaciopenyes.cat\/es\/capitulo-37-la-penya-barcelonista-premia-de-mar\/#primaryimage"},"thumbnailUrl":"https:\/\/confederaciopenyes.cat\/wp-content\/uploads\/2025\/10\/Foto-47-b-NENS-DE-LA-PB-DE-PREMIA-BUTLLETI-CLUB-DESEMBRE-1961-scaled.jpg","keywords":["confederaci\u00f3 mundial de penyes","Historia","pe\u00f1as","Penya Barcelonista Premi\u00e0 de Mar"],"articleSection":["Historia"],"inLanguage":"es"},{"@type":"WebPage","@id":"https:\/\/confederaciopenyes.cat\/es\/capitulo-37-la-penya-barcelonista-premia-de-mar\/","url":"https:\/\/confederaciopenyes.cat\/es\/capitulo-37-la-penya-barcelonista-premia-de-mar\/","name":"Cap\u00edtulo 37 \u2013 La Penya Barcelonista Premi\u00e0 de Mar - Confederaci\u00f3 Mundial de Penyes del FC Barcelona","isPartOf":{"@id":"https:\/\/confederaciopenyes.cat\/es\/#website"},"primaryImageOfPage":{"@id":"https:\/\/confederaciopenyes.cat\/es\/capitulo-37-la-penya-barcelonista-premia-de-mar\/#primaryimage"},"image":{"@id":"https:\/\/confederaciopenyes.cat\/es\/capitulo-37-la-penya-barcelonista-premia-de-mar\/#primaryimage"},"thumbnailUrl":"https:\/\/confederaciopenyes.cat\/wp-content\/uploads\/2025\/10\/Foto-47-b-NENS-DE-LA-PB-DE-PREMIA-BUTLLETI-CLUB-DESEMBRE-1961-scaled.jpg","datePublished":"2025-10-22T14:41:59+00:00","dateModified":"2025-10-22T14:45:30+00:00","description":"La Penya Barcelonista Premi\u00e0 de Mar fue una de las primeras pe\u00f1as pioneras en los a\u00f1os 50 creadas en la comarca del Maresme.","breadcrumb":{"@id":"https:\/\/confederaciopenyes.cat\/es\/capitulo-37-la-penya-barcelonista-premia-de-mar\/#breadcrumb"},"inLanguage":"es","potentialAction":[{"@type":"ReadAction","target":["https:\/\/confederaciopenyes.cat\/es\/capitulo-37-la-penya-barcelonista-premia-de-mar\/"]}]},{"@type":"ImageObject","inLanguage":"es","@id":"https:\/\/confederaciopenyes.cat\/es\/capitulo-37-la-penya-barcelonista-premia-de-mar\/#primaryimage","url":"https:\/\/confederaciopenyes.cat\/wp-content\/uploads\/2025\/10\/Foto-47-b-NENS-DE-LA-PB-DE-PREMIA-BUTLLETI-CLUB-DESEMBRE-1961-scaled.jpg","contentUrl":"https:\/\/confederaciopenyes.cat\/wp-content\/uploads\/2025\/10\/Foto-47-b-NENS-DE-LA-PB-DE-PREMIA-BUTLLETI-CLUB-DESEMBRE-1961-scaled.jpg","width":2560,"height":1934},{"@type":"BreadcrumbList","@id":"https:\/\/confederaciopenyes.cat\/es\/capitulo-37-la-penya-barcelonista-premia-de-mar\/#breadcrumb","itemListElement":[{"@type":"ListItem","position":1,"name":"Portada","item":"https:\/\/confederaciopenyes.cat\/es\/"},{"@type":"ListItem","position":2,"name":"Cap\u00edtulo 37 \u2013 La Penya Barcelonista Premi\u00e0 de Mar"}]},{"@type":"WebSite","@id":"https:\/\/confederaciopenyes.cat\/es\/#website","url":"https:\/\/confederaciopenyes.cat\/es\/","name":"Confederaci\u00f3 Mundial de Penyes del FC Barcelona","description":"C.M. Penyes FC Barcelona","publisher":{"@id":"https:\/\/confederaciopenyes.cat\/es\/#organization"},"potentialAction":[{"@type":"SearchAction","target":{"@type":"EntryPoint","urlTemplate":"https:\/\/confederaciopenyes.cat\/es\/?s={search_term_string}"},"query-input":{"@type":"PropertyValueSpecification","valueRequired":true,"valueName":"search_term_string"}}],"inLanguage":"es"},{"@type":"Organization","@id":"https:\/\/confederaciopenyes.cat\/es\/#organization","name":"Confederaci\u00f3 Mundial de Penyes del FC Barcelona","url":"https:\/\/confederaciopenyes.cat\/es\/","logo":{"@type":"ImageObject","inLanguage":"es","@id":"https:\/\/confederaciopenyes.cat\/es\/#\/schema\/logo\/image\/","url":"https:\/\/confederaciopenyes.cat\/wp-content\/uploads\/2022\/07\/cropped-logo_horizontal.png","contentUrl":"https:\/\/confederaciopenyes.cat\/wp-content\/uploads\/2022\/07\/cropped-logo_horizontal.png","width":1320,"height":309,"caption":"Confederaci\u00f3 Mundial de Penyes del FC Barcelona"},"image":{"@id":"https:\/\/confederaciopenyes.cat\/es\/#\/schema\/logo\/image\/"},"sameAs":["https:\/\/www.facebook.com\/ConfederacioMundialPenyesFCB","https:\/\/x.com\/ConfePenyesFCB","https:\/\/www.instagram.com\/confepenyesfcb\/"]},{"@type":"Person","@id":"https:\/\/confederaciopenyes.cat\/es\/#\/schema\/person\/337072f6daef87a85aa59aa1f134387c","name":"Confederaci\u00f3 Mundial de Penyes del FC Barcelona","image":{"@type":"ImageObject","inLanguage":"es","@id":"https:\/\/secure.gravatar.com\/avatar\/98c60c7405ff843b10aec55db652bd3f5cb4320ef331ae76c156819a62194328?s=96&d=mm&r=g","url":"https:\/\/secure.gravatar.com\/avatar\/98c60c7405ff843b10aec55db652bd3f5cb4320ef331ae76c156819a62194328?s=96&d=mm&r=g","contentUrl":"https:\/\/secure.gravatar.com\/avatar\/98c60c7405ff843b10aec55db652bd3f5cb4320ef331ae76c156819a62194328?s=96&d=mm&r=g","caption":"Confederaci\u00f3 Mundial de Penyes del FC Barcelona"},"url":"https:\/\/confederaciopenyes.cat\/es\/author\/comunicacioconfederaciopenyes-cat\/"}]}},"_links":{"self":[{"href":"https:\/\/confederaciopenyes.cat\/es\/wp-json\/wp\/v2\/posts\/36559","targetHints":{"allow":["GET"]}}],"collection":[{"href":"https:\/\/confederaciopenyes.cat\/es\/wp-json\/wp\/v2\/posts"}],"about":[{"href":"https:\/\/confederaciopenyes.cat\/es\/wp-json\/wp\/v2\/types\/post"}],"author":[{"embeddable":true,"href":"https:\/\/confederaciopenyes.cat\/es\/wp-json\/wp\/v2\/users\/4"}],"replies":[{"embeddable":true,"href":"https:\/\/confederaciopenyes.cat\/es\/wp-json\/wp\/v2\/comments?post=36559"}],"version-history":[{"count":1,"href":"https:\/\/confederaciopenyes.cat\/es\/wp-json\/wp\/v2\/posts\/36559\/revisions"}],"predecessor-version":[{"id":36560,"href":"https:\/\/confederaciopenyes.cat\/es\/wp-json\/wp\/v2\/posts\/36559\/revisions\/36560"}],"wp:featuredmedia":[{"embeddable":true,"href":"https:\/\/confederaciopenyes.cat\/es\/wp-json\/wp\/v2\/media\/36555"}],"wp:attachment":[{"href":"https:\/\/confederaciopenyes.cat\/es\/wp-json\/wp\/v2\/media?parent=36559"}],"wp:term":[{"taxonomy":"category","embeddable":true,"href":"https:\/\/confederaciopenyes.cat\/es\/wp-json\/wp\/v2\/categories?post=36559"},{"taxonomy":"post_tag","embeddable":true,"href":"https:\/\/confederaciopenyes.cat\/es\/wp-json\/wp\/v2\/tags?post=36559"}],"curies":[{"name":"wp","href":"https:\/\/api.w.org\/{rel}","templated":true}]}}