{"id":3696,"date":"2022-08-31T14:33:39","date_gmt":"2022-08-31T12:33:39","guid":{"rendered":"https:\/\/confederaciopenyes.cat\/?p=3696"},"modified":"2022-08-31T18:16:22","modified_gmt":"2022-08-31T16:16:22","slug":"torneo-de-esports-en-la-pb-vilamajors","status":"publish","type":"post","link":"https:\/\/confederaciopenyes.cat\/es\/torneo-de-esports-en-la-pb-vilamajors\/","title":{"rendered":"Torneo de eSports en la PB Vilamajor\u2019s\u00a0\u00a0"},"content":{"rendered":"\n<p>Los <strong>torneos de eSports<\/strong> son una de las actividades promovidas por la <strong>Confederaci\u00f3 Mundial de Penyes<\/strong> que m\u00e1s emoci\u00f3n despiertan entre los m\u00e1s j\u00f3venes. Superados los obst\u00e1culos y restricciones de los \u00faltimos a\u00f1os, las pe\u00f1as los est\u00e1n recuperando en sus agendas. El pasado fin de semana, hubo un gran torneo de eSports gracias a la <strong>PB Vilamajor\u2019s<\/strong>, que cont\u00f3 tambi\u00e9n con el soporte de la <strong>Federaci\u00f3 de penyes del Vall\u00e8s<\/strong>.&nbsp;<\/p>\n\n\n\n<h6 class=\"wp-block-heading\"><strong>Emoci\u00f3n<\/strong>&nbsp;<\/h6>\n\n\n\n<p>En el caso de la PB Vilamajor\u2019s, el campeonato de eSports tuvo lugar <strong>el s\u00e1bado por la tarde<\/strong> y se enmarc\u00f3 en el programa de actos de la Fiesta Mayor de la localidad. En total, <strong>m\u00e1s de 50 ni\u00f1os y ni\u00f1as<\/strong> se reunieron para poner a prueba sus habilidades a los mandos con gran emoci\u00f3n hasta el final. El evento cont\u00f3 con la presencia de <strong>Joaquim Verg\u00e9s Montasell<\/strong>, presidente de la PB Vilamajor\u2019s.&nbsp;&nbsp;<\/p>\n\n\n\n<p>En ambos casos, el ganador se llev\u00f3 una<strong> Playstation 5<\/strong> y el resto de finalistas tambi\u00e9n recibieron<strong> premios<\/strong> gracias a la Confederaci\u00f3n y la Federaci\u00f3n de Pe\u00f1as. Para dar por finalizado un torneo que fue todo un \u00e9xito, <strong>se sortearon chancletas, lanyards y obsequios<\/strong> para el resto de participantes que no pasaron a las fases finales del torneo.  <\/p>\n\n\n\n<h6 class=\"wp-block-heading\"><strong>M\u00e1s torneos<\/strong>&nbsp;<\/h6>\n\n\n\n<p>M\u00e1s pe\u00f1as distintas federaciones ya tienen programado o previsto sus torneos de eSports son la <strong>PB Llinars del Vall\u00e8s<\/strong>, que el <strong>24 de septiembre<\/strong> movilizar\u00e1 a sus socios y simpatizantes m\u00e1s j\u00f3venes, y la <strong>PB Figar\u00f3 Montmany<\/strong> que tiene previsto organizar y realizar su torneo pr\u00f3ximamente.&nbsp;&nbsp;<\/p>\n\n\n\n<p>Adem\u00e1s de los torneos de eSports tambi\u00e9n se reactivan los <strong>Campeonatos de Cartas<\/strong> en las pe\u00f1as, como la <strong><a href=\"https:\/\/www.instagram.com\/penya_blaugrana_angles\/\" target=\"_blank\" rel=\"noreferrer noopener\">PB Angles<\/a><\/strong>, de la <strong>federaci\u00f3 Giron\u00e8s, Selva Garrotxa i Pla de l\u2019Estany<\/strong>, y la <strong>PB Fontalba d\u2019Ulldemolins<\/strong>, de la <strong>federaci\u00f3 Tarragona nord<\/strong>, que realizar\u00e1n sus torneos este fin de semana.&nbsp;&nbsp;<\/p>\n\n\n\n<figure class=\"wp-block-gallery has-nested-images columns-default is-cropped wp-block-gallery-1 is-layout-flex wp-block-gallery-is-layout-flex\">\n<figure class=\"wp-block-image size-large\"><a href=\"https:\/\/confederaciopenyes.cat\/wp-content\/uploads\/2022\/08\/PHOTO-2022-08-30-10-41-37-4.jpg\"><img decoding=\"async\" width=\"1024\" height=\"768\" data-id=\"3702\" data-src=\"https:\/\/confederaciopenyes.cat\/wp-content\/uploads\/2022\/08\/PHOTO-2022-08-30-10-41-37-4-1024x768.jpg\" alt=\"\" class=\"wp-image-3702 lazyload\" data-srcset=\"https:\/\/confederaciopenyes.cat\/wp-content\/uploads\/2022\/08\/PHOTO-2022-08-30-10-41-37-4-1024x768.jpg 1024w, https:\/\/confederaciopenyes.cat\/wp-content\/uploads\/2022\/08\/PHOTO-2022-08-30-10-41-37-4-300x225.jpg 300w, https:\/\/confederaciopenyes.cat\/wp-content\/uploads\/2022\/08\/PHOTO-2022-08-30-10-41-37-4-768x576.jpg 768w, https:\/\/confederaciopenyes.cat\/wp-content\/uploads\/2022\/08\/PHOTO-2022-08-30-10-41-37-4-1536x1152.jpg 1536w, https:\/\/confederaciopenyes.cat\/wp-content\/uploads\/2022\/08\/PHOTO-2022-08-30-10-41-37-4.jpg 1600w\" data-sizes=\"(max-width: 1024px) 100vw, 1024px\" src=\"data:image\/svg+xml;base64,PHN2ZyB3aWR0aD0iMSIgaGVpZ2h0PSIxIiB4bWxucz0iaHR0cDovL3d3dy53My5vcmcvMjAwMC9zdmciPjwvc3ZnPg==\" style=\"--smush-placeholder-width: 1024px; --smush-placeholder-aspect-ratio: 1024\/768;\" \/><\/a><\/figure>\n\n\n\n<figure class=\"wp-block-image size-large\"><a href=\"https:\/\/confederaciopenyes.cat\/wp-content\/uploads\/2022\/08\/PHOTO-2022-08-30-10-40-44-3.jpg\"><img decoding=\"async\" width=\"768\" height=\"1024\" data-id=\"3701\" data-src=\"https:\/\/confederaciopenyes.cat\/wp-content\/uploads\/2022\/08\/PHOTO-2022-08-30-10-40-44-3-768x1024.jpg\" alt=\"\" class=\"wp-image-3701 lazyload\" data-srcset=\"https:\/\/confederaciopenyes.cat\/wp-content\/uploads\/2022\/08\/PHOTO-2022-08-30-10-40-44-3-768x1024.jpg 768w, https:\/\/confederaciopenyes.cat\/wp-content\/uploads\/2022\/08\/PHOTO-2022-08-30-10-40-44-3-225x300.jpg 225w, https:\/\/confederaciopenyes.cat\/wp-content\/uploads\/2022\/08\/PHOTO-2022-08-30-10-40-44-3-1152x1536.jpg 1152w, https:\/\/confederaciopenyes.cat\/wp-content\/uploads\/2022\/08\/PHOTO-2022-08-30-10-40-44-3.jpg 1200w\" data-sizes=\"(max-width: 768px) 100vw, 768px\" src=\"data:image\/svg+xml;base64,PHN2ZyB3aWR0aD0iMSIgaGVpZ2h0PSIxIiB4bWxucz0iaHR0cDovL3d3dy53My5vcmcvMjAwMC9zdmciPjwvc3ZnPg==\" style=\"--smush-placeholder-width: 768px; --smush-placeholder-aspect-ratio: 768\/1024;\" \/><\/a><\/figure>\n\n\n\n<figure class=\"wp-block-image size-large\"><a href=\"https:\/\/confederaciopenyes.cat\/wp-content\/uploads\/2022\/08\/PHOTO-2022-08-30-09-33-32-1.jpg\"><img decoding=\"async\" width=\"1024\" height=\"768\" data-id=\"3722\" data-src=\"https:\/\/confederaciopenyes.cat\/wp-content\/uploads\/2022\/08\/PHOTO-2022-08-30-09-33-32-1-1024x768.jpg\" alt=\"\" class=\"wp-image-3722 lazyload\" data-srcset=\"https:\/\/confederaciopenyes.cat\/wp-content\/uploads\/2022\/08\/PHOTO-2022-08-30-09-33-32-1-1024x768.jpg 1024w, https:\/\/confederaciopenyes.cat\/wp-content\/uploads\/2022\/08\/PHOTO-2022-08-30-09-33-32-1-300x225.jpg 300w, https:\/\/confederaciopenyes.cat\/wp-content\/uploads\/2022\/08\/PHOTO-2022-08-30-09-33-32-1-768x576.jpg 768w, https:\/\/confederaciopenyes.cat\/wp-content\/uploads\/2022\/08\/PHOTO-2022-08-30-09-33-32-1-1536x1152.jpg 1536w, https:\/\/confederaciopenyes.cat\/wp-content\/uploads\/2022\/08\/PHOTO-2022-08-30-09-33-32-1.jpg 1600w\" data-sizes=\"(max-width: 1024px) 100vw, 1024px\" src=\"data:image\/svg+xml;base64,PHN2ZyB3aWR0aD0iMSIgaGVpZ2h0PSIxIiB4bWxucz0iaHR0cDovL3d3dy53My5vcmcvMjAwMC9zdmciPjwvc3ZnPg==\" style=\"--smush-placeholder-width: 1024px; --smush-placeholder-aspect-ratio: 1024\/768;\" \/><\/a><\/figure>\n<\/figure>\n","protected":false},"excerpt":{"rendered":"<p>Los torneos de eSports son una de las actividades promovidas por la Confederaci\u00f3 Mundial de Penyes que m\u00e1s emoci\u00f3n despiertan entre los m\u00e1s j\u00f3venes. Superados los obst\u00e1culos y restricciones de los \u00faltimos a\u00f1os, las pe\u00f1as los est\u00e1n recuperando en sus agendas. El pasado fin de semana, hubo un gran torneo de eSports gracias a la &#8230; <a title=\"Torneo de eSports en la PB Vilamajor\u2019s\u00a0\u00a0\" class=\"read-more\" href=\"https:\/\/confederaciopenyes.cat\/es\/torneo-de-esports-en-la-pb-vilamajors\/\" aria-label=\"Leer m\u00e1s sobre Torneo de eSports en la PB Vilamajor\u2019s\u00a0\u00a0\">Leer m\u00e1s<\/a><\/p>\n","protected":false},"author":4,"featured_media":3721,"comment_status":"closed","ping_status":"open","sticky":false,"template":"","format":"standard","meta":{"_acf_changed":false,"footnotes":""},"categories":[1],"tags":[140,114,116],"class_list":["post-3696","post","type-post","status-publish","format-standard","has-post-thumbnail","hentry","category-noticias-es","tag-confederacion-mundial-de-penas","tag-noticias","tag-penas"],"acf":[],"yoast_head":"<!-- This site is optimized with the Yoast SEO Premium plugin v26.7 (Yoast SEO v27.5) - https:\/\/yoast.com\/product\/yoast-seo-premium-wordpress\/ -->\n<title>Torneo de eSports en la PB Vilamajor\u2019s\u00a0\u00a0 - C.M.P<\/title>\n<meta name=\"description\" content=\"M\u00e1s de 50 ni\u00f1os y ni\u00f1as participaron en el torneo de eSports de la PB Vilamajor&#039;s que fue todo un \u00e9xito y donde se entregaron grandes premios\" \/>\n<meta name=\"robots\" content=\"index, follow, max-snippet:-1, max-image-preview:large, max-video-preview:-1\" \/>\n<link rel=\"canonical\" href=\"https:\/\/confederaciopenyes.cat\/es\/torneo-de-esports-en-la-pb-vilamajors\/\" \/>\n<meta property=\"og:locale\" content=\"es_ES\" \/>\n<meta property=\"og:type\" content=\"article\" \/>\n<meta property=\"og:title\" content=\"Torneo de eSports en la PB Vilamajor\u2019s\u00a0\u00a0\" \/>\n<meta property=\"og:description\" content=\"M\u00e1s de 50 ni\u00f1os y ni\u00f1as participaron en el torneo de eSports de la PB Vilamajor&#039;s que fue todo un \u00e9xito y donde se entregaron grandes premios\" \/>\n<meta property=\"og:url\" content=\"https:\/\/confederaciopenyes.cat\/es\/torneo-de-esports-en-la-pb-vilamajors\/\" \/>\n<meta property=\"og:site_name\" content=\"Confederaci\u00f3 Mundial de Penyes del FC Barcelona\" \/>\n<meta property=\"article:publisher\" content=\"https:\/\/www.facebook.com\/ConfederacioMundialPenyesFCB\" \/>\n<meta property=\"article:published_time\" content=\"2022-08-31T12:33:39+00:00\" \/>\n<meta property=\"article:modified_time\" content=\"2022-08-31T16:16:22+00:00\" \/>\n<meta property=\"og:image\" content=\"https:\/\/confederaciopenyes.cat\/wp-content\/uploads\/2022\/08\/PHOTO-2022-08-30-09-33-31.jpg\" \/>\n\t<meta property=\"og:image:width\" content=\"1200\" \/>\n\t<meta property=\"og:image:height\" content=\"1600\" \/>\n\t<meta property=\"og:image:type\" content=\"image\/jpeg\" \/>\n<meta name=\"author\" content=\"Confederaci\u00f3 Mundial de Penyes del FC Barcelona\" \/>\n<meta name=\"twitter:card\" content=\"summary_large_image\" \/>\n<meta name=\"twitter:creator\" content=\"@ConfePenyesFCB\" \/>\n<meta name=\"twitter:site\" content=\"@ConfePenyesFCB\" \/>\n<meta name=\"twitter:label1\" content=\"Escrito por\" \/>\n\t<meta name=\"twitter:data1\" content=\"Confederaci\u00f3 Mundial de Penyes del FC Barcelona\" \/>\n\t<meta name=\"twitter:label2\" content=\"Tiempo de lectura\" \/>\n\t<meta name=\"twitter:data2\" content=\"2 minutos\" \/>\n<script type=\"application\/ld+json\" class=\"yoast-schema-graph\">{\"@context\":\"https:\\\/\\\/schema.org\",\"@graph\":[{\"@type\":\"Article\",\"@id\":\"https:\\\/\\\/confederaciopenyes.cat\\\/es\\\/torneo-de-esports-en-la-pb-vilamajors\\\/#article\",\"isPartOf\":{\"@id\":\"https:\\\/\\\/confederaciopenyes.cat\\\/es\\\/torneo-de-esports-en-la-pb-vilamajors\\\/\"},\"author\":{\"name\":\"Confederaci\u00f3 Mundial de Penyes del FC Barcelona\",\"@id\":\"https:\\\/\\\/confederaciopenyes.cat\\\/es\\\/#\\\/schema\\\/person\\\/337072f6daef87a85aa59aa1f134387c\"},\"headline\":\"Torneo de eSports en la PB Vilamajor\u2019s\u00a0\u00a0\",\"datePublished\":\"2022-08-31T12:33:39+00:00\",\"dateModified\":\"2022-08-31T16:16:22+00:00\",\"mainEntityOfPage\":{\"@id\":\"https:\\\/\\\/confederaciopenyes.cat\\\/es\\\/torneo-de-esports-en-la-pb-vilamajors\\\/\"},\"wordCount\":350,\"publisher\":{\"@id\":\"https:\\\/\\\/confederaciopenyes.cat\\\/es\\\/#organization\"},\"image\":{\"@id\":\"https:\\\/\\\/confederaciopenyes.cat\\\/es\\\/torneo-de-esports-en-la-pb-vilamajors\\\/#primaryimage\"},\"thumbnailUrl\":\"https:\\\/\\\/confederaciopenyes.cat\\\/wp-content\\\/uploads\\\/2022\\\/08\\\/PHOTO-2022-08-30-09-33-31.jpg\",\"keywords\":[\"confederaci\u00f3n mundial de pe\u00f1as\",\"noticias\",\"pe\u00f1as\"],\"articleSection\":[\"Noticias\"],\"inLanguage\":\"es\"},{\"@type\":\"WebPage\",\"@id\":\"https:\\\/\\\/confederaciopenyes.cat\\\/es\\\/torneo-de-esports-en-la-pb-vilamajors\\\/\",\"url\":\"https:\\\/\\\/confederaciopenyes.cat\\\/es\\\/torneo-de-esports-en-la-pb-vilamajors\\\/\",\"name\":\"Torneo de eSports en la PB Vilamajor\u2019s\u00a0\u00a0 - C.M.P\",\"isPartOf\":{\"@id\":\"https:\\\/\\\/confederaciopenyes.cat\\\/es\\\/#website\"},\"primaryImageOfPage\":{\"@id\":\"https:\\\/\\\/confederaciopenyes.cat\\\/es\\\/torneo-de-esports-en-la-pb-vilamajors\\\/#primaryimage\"},\"image\":{\"@id\":\"https:\\\/\\\/confederaciopenyes.cat\\\/es\\\/torneo-de-esports-en-la-pb-vilamajors\\\/#primaryimage\"},\"thumbnailUrl\":\"https:\\\/\\\/confederaciopenyes.cat\\\/wp-content\\\/uploads\\\/2022\\\/08\\\/PHOTO-2022-08-30-09-33-31.jpg\",\"datePublished\":\"2022-08-31T12:33:39+00:00\",\"dateModified\":\"2022-08-31T16:16:22+00:00\",\"description\":\"M\u00e1s de 50 ni\u00f1os y ni\u00f1as participaron en el torneo de eSports de la PB Vilamajor's que fue todo un \u00e9xito y donde se entregaron grandes premios\",\"breadcrumb\":{\"@id\":\"https:\\\/\\\/confederaciopenyes.cat\\\/es\\\/torneo-de-esports-en-la-pb-vilamajors\\\/#breadcrumb\"},\"inLanguage\":\"es\",\"potentialAction\":[{\"@type\":\"ReadAction\",\"target\":[\"https:\\\/\\\/confederaciopenyes.cat\\\/es\\\/torneo-de-esports-en-la-pb-vilamajors\\\/\"]}]},{\"@type\":\"ImageObject\",\"inLanguage\":\"es\",\"@id\":\"https:\\\/\\\/confederaciopenyes.cat\\\/es\\\/torneo-de-esports-en-la-pb-vilamajors\\\/#primaryimage\",\"url\":\"https:\\\/\\\/confederaciopenyes.cat\\\/wp-content\\\/uploads\\\/2022\\\/08\\\/PHOTO-2022-08-30-09-33-31.jpg\",\"contentUrl\":\"https:\\\/\\\/confederaciopenyes.cat\\\/wp-content\\\/uploads\\\/2022\\\/08\\\/PHOTO-2022-08-30-09-33-31.jpg\",\"width\":1200,\"height\":1600},{\"@type\":\"BreadcrumbList\",\"@id\":\"https:\\\/\\\/confederaciopenyes.cat\\\/es\\\/torneo-de-esports-en-la-pb-vilamajors\\\/#breadcrumb\",\"itemListElement\":[{\"@type\":\"ListItem\",\"position\":1,\"name\":\"Inici\",\"item\":\"https:\\\/\\\/confederaciopenyes.cat\\\/es\\\/\"},{\"@type\":\"ListItem\",\"position\":2,\"name\":\"Torneo de eSports en la PB Vilamajor\u2019s\u00a0\u00a0\"}]},{\"@type\":\"WebSite\",\"@id\":\"https:\\\/\\\/confederaciopenyes.cat\\\/es\\\/#website\",\"url\":\"https:\\\/\\\/confederaciopenyes.cat\\\/es\\\/\",\"name\":\"Confederaci\u00f3 Mundial de Penyes del FC Barcelona\",\"description\":\"C.M. Penyes FC Barcelona\",\"publisher\":{\"@id\":\"https:\\\/\\\/confederaciopenyes.cat\\\/es\\\/#organization\"},\"potentialAction\":[{\"@type\":\"SearchAction\",\"target\":{\"@type\":\"EntryPoint\",\"urlTemplate\":\"https:\\\/\\\/confederaciopenyes.cat\\\/es\\\/?s={search_term_string}\"},\"query-input\":{\"@type\":\"PropertyValueSpecification\",\"valueRequired\":true,\"valueName\":\"search_term_string\"}}],\"inLanguage\":\"es\"},{\"@type\":\"Organization\",\"@id\":\"https:\\\/\\\/confederaciopenyes.cat\\\/es\\\/#organization\",\"name\":\"Confederaci\u00f3 Mundial de Penyes del FC Barcelona\",\"url\":\"https:\\\/\\\/confederaciopenyes.cat\\\/es\\\/\",\"logo\":{\"@type\":\"ImageObject\",\"inLanguage\":\"es\",\"@id\":\"https:\\\/\\\/confederaciopenyes.cat\\\/es\\\/#\\\/schema\\\/logo\\\/image\\\/\",\"url\":\"https:\\\/\\\/confederaciopenyes.cat\\\/wp-content\\\/uploads\\\/2022\\\/07\\\/cropped-logo_horizontal.png\",\"contentUrl\":\"https:\\\/\\\/confederaciopenyes.cat\\\/wp-content\\\/uploads\\\/2022\\\/07\\\/cropped-logo_horizontal.png\",\"width\":1320,\"height\":309,\"caption\":\"Confederaci\u00f3 Mundial de Penyes del FC Barcelona\"},\"image\":{\"@id\":\"https:\\\/\\\/confederaciopenyes.cat\\\/es\\\/#\\\/schema\\\/logo\\\/image\\\/\"},\"sameAs\":[\"https:\\\/\\\/www.facebook.com\\\/ConfederacioMundialPenyesFCB\",\"https:\\\/\\\/x.com\\\/ConfePenyesFCB\",\"https:\\\/\\\/www.instagram.com\\\/confepenyesfcb\\\/\"]},{\"@type\":\"Person\",\"@id\":\"https:\\\/\\\/confederaciopenyes.cat\\\/es\\\/#\\\/schema\\\/person\\\/337072f6daef87a85aa59aa1f134387c\",\"name\":\"Confederaci\u00f3 Mundial de Penyes del FC Barcelona\",\"image\":{\"@type\":\"ImageObject\",\"inLanguage\":\"es\",\"@id\":\"https:\\\/\\\/secure.gravatar.com\\\/avatar\\\/98c60c7405ff843b10aec55db652bd3f5cb4320ef331ae76c156819a62194328?s=96&d=mm&r=g\",\"url\":\"https:\\\/\\\/secure.gravatar.com\\\/avatar\\\/98c60c7405ff843b10aec55db652bd3f5cb4320ef331ae76c156819a62194328?s=96&d=mm&r=g\",\"contentUrl\":\"https:\\\/\\\/secure.gravatar.com\\\/avatar\\\/98c60c7405ff843b10aec55db652bd3f5cb4320ef331ae76c156819a62194328?s=96&d=mm&r=g\",\"caption\":\"Confederaci\u00f3 Mundial de Penyes del FC Barcelona\"},\"url\":\"https:\\\/\\\/confederaciopenyes.cat\\\/es\\\/author\\\/comunicacioconfederaciopenyes-cat\\\/\"}]}<\/script>\n<!-- \/ Yoast SEO Premium plugin. -->","yoast_head_json":{"title":"Torneo de eSports en la PB Vilamajor\u2019s\u00a0\u00a0 - C.M.P","description":"M\u00e1s de 50 ni\u00f1os y ni\u00f1as participaron en el torneo de eSports de la PB Vilamajor's que fue todo un \u00e9xito y donde se entregaron grandes premios","robots":{"index":"index","follow":"follow","max-snippet":"max-snippet:-1","max-image-preview":"max-image-preview:large","max-video-preview":"max-video-preview:-1"},"canonical":"https:\/\/confederaciopenyes.cat\/es\/torneo-de-esports-en-la-pb-vilamajors\/","og_locale":"es_ES","og_type":"article","og_title":"Torneo de eSports en la PB Vilamajor\u2019s\u00a0\u00a0","og_description":"M\u00e1s de 50 ni\u00f1os y ni\u00f1as participaron en el torneo de eSports de la PB Vilamajor's que fue todo un \u00e9xito y donde se entregaron grandes premios","og_url":"https:\/\/confederaciopenyes.cat\/es\/torneo-de-esports-en-la-pb-vilamajors\/","og_site_name":"Confederaci\u00f3 Mundial de Penyes del FC Barcelona","article_publisher":"https:\/\/www.facebook.com\/ConfederacioMundialPenyesFCB","article_published_time":"2022-08-31T12:33:39+00:00","article_modified_time":"2022-08-31T16:16:22+00:00","og_image":[{"width":1200,"height":1600,"url":"https:\/\/confederaciopenyes.cat\/wp-content\/uploads\/2022\/08\/PHOTO-2022-08-30-09-33-31.jpg","type":"image\/jpeg"}],"author":"Confederaci\u00f3 Mundial de Penyes del FC Barcelona","twitter_card":"summary_large_image","twitter_creator":"@ConfePenyesFCB","twitter_site":"@ConfePenyesFCB","twitter_misc":{"Escrito por":"Confederaci\u00f3 Mundial de Penyes del FC Barcelona","Tiempo de lectura":"2 minutos"},"schema":{"@context":"https:\/\/schema.org","@graph":[{"@type":"Article","@id":"https:\/\/confederaciopenyes.cat\/es\/torneo-de-esports-en-la-pb-vilamajors\/#article","isPartOf":{"@id":"https:\/\/confederaciopenyes.cat\/es\/torneo-de-esports-en-la-pb-vilamajors\/"},"author":{"name":"Confederaci\u00f3 Mundial de Penyes del FC Barcelona","@id":"https:\/\/confederaciopenyes.cat\/es\/#\/schema\/person\/337072f6daef87a85aa59aa1f134387c"},"headline":"Torneo de eSports en la PB Vilamajor\u2019s\u00a0\u00a0","datePublished":"2022-08-31T12:33:39+00:00","dateModified":"2022-08-31T16:16:22+00:00","mainEntityOfPage":{"@id":"https:\/\/confederaciopenyes.cat\/es\/torneo-de-esports-en-la-pb-vilamajors\/"},"wordCount":350,"publisher":{"@id":"https:\/\/confederaciopenyes.cat\/es\/#organization"},"image":{"@id":"https:\/\/confederaciopenyes.cat\/es\/torneo-de-esports-en-la-pb-vilamajors\/#primaryimage"},"thumbnailUrl":"https:\/\/confederaciopenyes.cat\/wp-content\/uploads\/2022\/08\/PHOTO-2022-08-30-09-33-31.jpg","keywords":["confederaci\u00f3n mundial de pe\u00f1as","noticias","pe\u00f1as"],"articleSection":["Noticias"],"inLanguage":"es"},{"@type":"WebPage","@id":"https:\/\/confederaciopenyes.cat\/es\/torneo-de-esports-en-la-pb-vilamajors\/","url":"https:\/\/confederaciopenyes.cat\/es\/torneo-de-esports-en-la-pb-vilamajors\/","name":"Torneo de eSports en la PB Vilamajor\u2019s\u00a0\u00a0 - C.M.P","isPartOf":{"@id":"https:\/\/confederaciopenyes.cat\/es\/#website"},"primaryImageOfPage":{"@id":"https:\/\/confederaciopenyes.cat\/es\/torneo-de-esports-en-la-pb-vilamajors\/#primaryimage"},"image":{"@id":"https:\/\/confederaciopenyes.cat\/es\/torneo-de-esports-en-la-pb-vilamajors\/#primaryimage"},"thumbnailUrl":"https:\/\/confederaciopenyes.cat\/wp-content\/uploads\/2022\/08\/PHOTO-2022-08-30-09-33-31.jpg","datePublished":"2022-08-31T12:33:39+00:00","dateModified":"2022-08-31T16:16:22+00:00","description":"M\u00e1s de 50 ni\u00f1os y ni\u00f1as participaron en el torneo de eSports de la PB Vilamajor's que fue todo un \u00e9xito y donde se entregaron grandes premios","breadcrumb":{"@id":"https:\/\/confederaciopenyes.cat\/es\/torneo-de-esports-en-la-pb-vilamajors\/#breadcrumb"},"inLanguage":"es","potentialAction":[{"@type":"ReadAction","target":["https:\/\/confederaciopenyes.cat\/es\/torneo-de-esports-en-la-pb-vilamajors\/"]}]},{"@type":"ImageObject","inLanguage":"es","@id":"https:\/\/confederaciopenyes.cat\/es\/torneo-de-esports-en-la-pb-vilamajors\/#primaryimage","url":"https:\/\/confederaciopenyes.cat\/wp-content\/uploads\/2022\/08\/PHOTO-2022-08-30-09-33-31.jpg","contentUrl":"https:\/\/confederaciopenyes.cat\/wp-content\/uploads\/2022\/08\/PHOTO-2022-08-30-09-33-31.jpg","width":1200,"height":1600},{"@type":"BreadcrumbList","@id":"https:\/\/confederaciopenyes.cat\/es\/torneo-de-esports-en-la-pb-vilamajors\/#breadcrumb","itemListElement":[{"@type":"ListItem","position":1,"name":"Inici","item":"https:\/\/confederaciopenyes.cat\/es\/"},{"@type":"ListItem","position":2,"name":"Torneo de eSports en la PB Vilamajor\u2019s\u00a0\u00a0"}]},{"@type":"WebSite","@id":"https:\/\/confederaciopenyes.cat\/es\/#website","url":"https:\/\/confederaciopenyes.cat\/es\/","name":"Confederaci\u00f3 Mundial de Penyes del FC Barcelona","description":"C.M. Penyes FC Barcelona","publisher":{"@id":"https:\/\/confederaciopenyes.cat\/es\/#organization"},"potentialAction":[{"@type":"SearchAction","target":{"@type":"EntryPoint","urlTemplate":"https:\/\/confederaciopenyes.cat\/es\/?s={search_term_string}"},"query-input":{"@type":"PropertyValueSpecification","valueRequired":true,"valueName":"search_term_string"}}],"inLanguage":"es"},{"@type":"Organization","@id":"https:\/\/confederaciopenyes.cat\/es\/#organization","name":"Confederaci\u00f3 Mundial de Penyes del FC Barcelona","url":"https:\/\/confederaciopenyes.cat\/es\/","logo":{"@type":"ImageObject","inLanguage":"es","@id":"https:\/\/confederaciopenyes.cat\/es\/#\/schema\/logo\/image\/","url":"https:\/\/confederaciopenyes.cat\/wp-content\/uploads\/2022\/07\/cropped-logo_horizontal.png","contentUrl":"https:\/\/confederaciopenyes.cat\/wp-content\/uploads\/2022\/07\/cropped-logo_horizontal.png","width":1320,"height":309,"caption":"Confederaci\u00f3 Mundial de Penyes del FC Barcelona"},"image":{"@id":"https:\/\/confederaciopenyes.cat\/es\/#\/schema\/logo\/image\/"},"sameAs":["https:\/\/www.facebook.com\/ConfederacioMundialPenyesFCB","https:\/\/x.com\/ConfePenyesFCB","https:\/\/www.instagram.com\/confepenyesfcb\/"]},{"@type":"Person","@id":"https:\/\/confederaciopenyes.cat\/es\/#\/schema\/person\/337072f6daef87a85aa59aa1f134387c","name":"Confederaci\u00f3 Mundial de Penyes del FC Barcelona","image":{"@type":"ImageObject","inLanguage":"es","@id":"https:\/\/secure.gravatar.com\/avatar\/98c60c7405ff843b10aec55db652bd3f5cb4320ef331ae76c156819a62194328?s=96&d=mm&r=g","url":"https:\/\/secure.gravatar.com\/avatar\/98c60c7405ff843b10aec55db652bd3f5cb4320ef331ae76c156819a62194328?s=96&d=mm&r=g","contentUrl":"https:\/\/secure.gravatar.com\/avatar\/98c60c7405ff843b10aec55db652bd3f5cb4320ef331ae76c156819a62194328?s=96&d=mm&r=g","caption":"Confederaci\u00f3 Mundial de Penyes del FC Barcelona"},"url":"https:\/\/confederaciopenyes.cat\/es\/author\/comunicacioconfederaciopenyes-cat\/"}]}},"_links":{"self":[{"href":"https:\/\/confederaciopenyes.cat\/es\/wp-json\/wp\/v2\/posts\/3696","targetHints":{"allow":["GET"]}}],"collection":[{"href":"https:\/\/confederaciopenyes.cat\/es\/wp-json\/wp\/v2\/posts"}],"about":[{"href":"https:\/\/confederaciopenyes.cat\/es\/wp-json\/wp\/v2\/types\/post"}],"author":[{"embeddable":true,"href":"https:\/\/confederaciopenyes.cat\/es\/wp-json\/wp\/v2\/users\/4"}],"replies":[{"embeddable":true,"href":"https:\/\/confederaciopenyes.cat\/es\/wp-json\/wp\/v2\/comments?post=3696"}],"version-history":[{"count":10,"href":"https:\/\/confederaciopenyes.cat\/es\/wp-json\/wp\/v2\/posts\/3696\/revisions"}],"predecessor-version":[{"id":3734,"href":"https:\/\/confederaciopenyes.cat\/es\/wp-json\/wp\/v2\/posts\/3696\/revisions\/3734"}],"wp:featuredmedia":[{"embeddable":true,"href":"https:\/\/confederaciopenyes.cat\/es\/wp-json\/wp\/v2\/media\/3721"}],"wp:attachment":[{"href":"https:\/\/confederaciopenyes.cat\/es\/wp-json\/wp\/v2\/media?parent=3696"}],"wp:term":[{"taxonomy":"category","embeddable":true,"href":"https:\/\/confederaciopenyes.cat\/es\/wp-json\/wp\/v2\/categories?post=3696"},{"taxonomy":"post_tag","embeddable":true,"href":"https:\/\/confederaciopenyes.cat\/es\/wp-json\/wp\/v2\/tags?post=3696"}],"curies":[{"name":"wp","href":"https:\/\/api.w.org\/{rel}","templated":true}]}}