{"id":3742,"date":"2022-09-01T13:19:02","date_gmt":"2022-09-01T11:19:02","guid":{"rendered":"https:\/\/confederaciopenyes.cat\/?p=3742"},"modified":"2022-09-01T13:19:03","modified_gmt":"2022-09-01T11:19:03","slug":"las-conferencias-no-concluyen-para-los-penistas","status":"publish","type":"post","link":"https:\/\/confederaciopenyes.cat\/es\/las-conferencias-no-concluyen-para-los-penistas\/","title":{"rendered":"Las conferencias no concluyen para los pe\u00f1istas"},"content":{"rendered":"\n<p>El \u00e9xito de las conferencias<strong> \u201cBar\u00e7a i Catalunya\u201d<\/strong> tampoco cesa durante el mes de agosto para las pe\u00f1as. Una de las \u00faltimas entidades en albergar esta actividad de la <strong>Confederaci\u00f3 Mundial de Penyes<\/strong> fue la <strong>PB de Porreres<\/strong> (Fed. Balears), que <strong>reuni\u00f3 a cerca de 50 personas en la biblioteca municipal<\/strong>, con la presencia de <strong>Oscar Escoda<\/strong>, presidente de la <strong>Federaci\u00f3 de Balears<\/strong>, y representantes del Ayuntamiento de la localidad. Las conferencias Bar\u00e7a y Catalunya,<strong> \u00abLos or\u00edgenes de la Simbiosis\u00bb<\/strong> y<strong> \u00abTiempo de oscuridad\u00bb<\/strong>, son las dos conferencias que <strong>Salva Torres<\/strong>, vicepresidente de la Confederaci\u00f3n, y <strong>Xavier Gamper<\/strong>, nieto del fundador, exponen con entusiasmo a los pe\u00f1istas. Ambos condujeron la charla y tambi\u00e9n <strong>presentaron el libro hom\u00f3nimo de la conferencia<\/strong>.<\/p>\n\n\n\n<p>Adem\u00e1s, est\u00e1 previsto que durante el mes de septiembre pene como la <strong>PB Collbat\u00f3<\/strong>, la <strong>federaci\u00f3n del Baix Llobregat<\/strong>, la <strong>PB Foment Martinenc<\/strong>, la <strong>federaci\u00f3n del Barcelon\u00e8s Este<\/strong>, la <strong>PB Matar\u00f3<\/strong>, la <strong>federaci\u00f3 del Maresme<\/strong> y la <strong>PB Llinars del Vall\u00e8s<\/strong>, de la <strong>federaci\u00f3 del Vall\u00e8s<\/strong> tambi\u00e9n pueda disfrutar de esta actividad. Con el objetivo de seguir ofreciendo actividades para las pe\u00f1as, la Confederaci\u00f3n Mundial de Pe\u00f1as promover\u00e1 mayores conferencias para este \u00faltimo trimestre del a\u00f1o. <\/p>\n\n\n\n<p>Torres y Gamper tambi\u00e9n visitaron la <strong><a href=\"https:\/\/www.instagram.com\/pbelstamarells\/\" target=\"_blank\" rel=\"noreferrer noopener\">PB Els Tamarells<\/a><\/strong>, que pronto albergar\u00e1 ambas partes del ciclo \u201cBar\u00e7a i Catalunya\u201d. All\u00ed, coincidieron con el exjugador de baloncesto <strong>Juan Domingo de la Cruz<\/strong>. Otra entidad de la Federaci\u00f3 de Balears que congreg\u00f3 a <strong>cerca de 70 socios y simpatizantes<\/strong> fue la <strong>PB Sa Pobla<\/strong>, que organiz\u00f3 una cata de cervezas artesanas con fines solidarios. Toda la recaudaci\u00f3n se destinar\u00e1 a la <strong>Asociaci\u00f3n \u201cUn Somriure per Txern\u00f2bil\u201d<\/strong>, que trabaja para la acogida de ni\u00f1os de Ucrania y Bielorrusia.\u00a0<\/p>\n\n\n\n<figure class=\"wp-block-gallery has-nested-images columns-default is-cropped wp-block-gallery-1 is-layout-flex wp-block-gallery-is-layout-flex\">\n<figure class=\"wp-block-image size-large\"><a href=\"https:\/\/confederaciopenyes.cat\/wp-content\/uploads\/2022\/09\/PHOTO-2022-08-19-12-32-47-2-1.jpg\"><img decoding=\"async\" width=\"1024\" height=\"768\" data-id=\"3744\" data-src=\"https:\/\/confederaciopenyes.cat\/wp-content\/uploads\/2022\/09\/PHOTO-2022-08-19-12-32-47-2-1-1024x768.jpg\" alt=\"\" class=\"wp-image-3744 lazyload\" data-srcset=\"https:\/\/confederaciopenyes.cat\/wp-content\/uploads\/2022\/09\/PHOTO-2022-08-19-12-32-47-2-1-1024x768.jpg 1024w, https:\/\/confederaciopenyes.cat\/wp-content\/uploads\/2022\/09\/PHOTO-2022-08-19-12-32-47-2-1-300x225.jpg 300w, https:\/\/confederaciopenyes.cat\/wp-content\/uploads\/2022\/09\/PHOTO-2022-08-19-12-32-47-2-1-768x576.jpg 768w, https:\/\/confederaciopenyes.cat\/wp-content\/uploads\/2022\/09\/PHOTO-2022-08-19-12-32-47-2-1-1536x1152.jpg 1536w, https:\/\/confederaciopenyes.cat\/wp-content\/uploads\/2022\/09\/PHOTO-2022-08-19-12-32-47-2-1.jpg 2048w\" data-sizes=\"(max-width: 1024px) 100vw, 1024px\" src=\"data:image\/svg+xml;base64,PHN2ZyB3aWR0aD0iMSIgaGVpZ2h0PSIxIiB4bWxucz0iaHR0cDovL3d3dy53My5vcmcvMjAwMC9zdmciPjwvc3ZnPg==\" style=\"--smush-placeholder-width: 1024px; --smush-placeholder-aspect-ratio: 1024\/768;\" \/><\/a><\/figure>\n\n\n\n<figure class=\"wp-block-image size-large\"><a href=\"https:\/\/confederaciopenyes.cat\/wp-content\/uploads\/2022\/09\/PHOTO-2022-08-19-12-32-04-2-1.jpg\"><img decoding=\"async\" width=\"980\" height=\"667\" data-id=\"3743\" data-src=\"https:\/\/confederaciopenyes.cat\/wp-content\/uploads\/2022\/09\/PHOTO-2022-08-19-12-32-04-2-1.jpg\" alt=\"\" class=\"wp-image-3743 lazyload\" data-srcset=\"https:\/\/confederaciopenyes.cat\/wp-content\/uploads\/2022\/09\/PHOTO-2022-08-19-12-32-04-2-1.jpg 980w, https:\/\/confederaciopenyes.cat\/wp-content\/uploads\/2022\/09\/PHOTO-2022-08-19-12-32-04-2-1-300x204.jpg 300w, https:\/\/confederaciopenyes.cat\/wp-content\/uploads\/2022\/09\/PHOTO-2022-08-19-12-32-04-2-1-768x523.jpg 768w\" data-sizes=\"(max-width: 980px) 100vw, 980px\" src=\"data:image\/svg+xml;base64,PHN2ZyB3aWR0aD0iMSIgaGVpZ2h0PSIxIiB4bWxucz0iaHR0cDovL3d3dy53My5vcmcvMjAwMC9zdmciPjwvc3ZnPg==\" style=\"--smush-placeholder-width: 980px; --smush-placeholder-aspect-ratio: 980\/667;\" \/><\/a><\/figure>\n<\/figure>\n","protected":false},"excerpt":{"rendered":"<p>El \u00e9xito de las conferencias \u201cBar\u00e7a i Catalunya\u201d tampoco cesa durante el mes de agosto para las pe\u00f1as. Una de las \u00faltimas entidades en albergar esta actividad de la Confederaci\u00f3 Mundial de Penyes fue la PB de Porreres (Fed. Balears), que reuni\u00f3 a cerca de 50 personas en la biblioteca municipal, con la presencia de &#8230; <a title=\"Las conferencias no concluyen para los pe\u00f1istas\" class=\"read-more\" href=\"https:\/\/confederaciopenyes.cat\/es\/las-conferencias-no-concluyen-para-los-penistas\/\" aria-label=\"Leer m\u00e1s sobre Las conferencias no concluyen para los pe\u00f1istas\">Leer m\u00e1s<\/a><\/p>\n","protected":false},"author":4,"featured_media":3736,"comment_status":"closed","ping_status":"open","sticky":false,"template":"","format":"standard","meta":{"_acf_changed":false,"footnotes":""},"categories":[1],"tags":[140,114,116],"class_list":["post-3742","post","type-post","status-publish","format-standard","has-post-thumbnail","hentry","category-noticias-es","tag-confederacion-mundial-de-penas","tag-noticias","tag-penas"],"acf":[],"yoast_head":"<!-- This site is optimized with the Yoast SEO Premium plugin v26.7 (Yoast SEO v27.5) - https:\/\/yoast.com\/product\/yoast-seo-premium-wordpress\/ -->\n<title>Las conferencias no concluyen para los pe\u00f1istas - C.M.P<\/title>\n<meta name=\"description\" content=\"La Confederaci\u00f3n Mundial de Pe\u00f1as sigue dando conferencias y planific\u00e1ndolas, a varias pe\u00f1as de diferentes federaciones.\" \/>\n<meta name=\"robots\" content=\"index, follow, max-snippet:-1, max-image-preview:large, max-video-preview:-1\" \/>\n<link rel=\"canonical\" href=\"https:\/\/confederaciopenyes.cat\/es\/las-conferencias-no-concluyen-para-los-penistas\/\" \/>\n<meta property=\"og:locale\" content=\"es_ES\" \/>\n<meta property=\"og:type\" content=\"article\" \/>\n<meta property=\"og:title\" content=\"Las conferencias no concluyen para los pe\u00f1istas\" \/>\n<meta property=\"og:description\" content=\"La Confederaci\u00f3n Mundial de Pe\u00f1as sigue dando conferencias y planific\u00e1ndolas, a varias pe\u00f1as de diferentes federaciones.\" \/>\n<meta property=\"og:url\" content=\"https:\/\/confederaciopenyes.cat\/es\/las-conferencias-no-concluyen-para-los-penistas\/\" \/>\n<meta property=\"og:site_name\" content=\"Confederaci\u00f3 Mundial de Penyes del FC Barcelona\" \/>\n<meta property=\"article:publisher\" content=\"https:\/\/www.facebook.com\/ConfederacioMundialPenyesFCB\" \/>\n<meta property=\"article:published_time\" content=\"2022-09-01T11:19:02+00:00\" \/>\n<meta property=\"article:modified_time\" content=\"2022-09-01T11:19:03+00:00\" \/>\n<meta property=\"og:image\" content=\"https:\/\/confederaciopenyes.cat\/wp-content\/uploads\/2022\/09\/Conferencia-porreres.jpg\" \/>\n\t<meta property=\"og:image:width\" content=\"1024\" \/>\n\t<meta property=\"og:image:height\" content=\"595\" \/>\n\t<meta property=\"og:image:type\" content=\"image\/jpeg\" \/>\n<meta name=\"author\" content=\"Confederaci\u00f3 Mundial de Penyes del FC Barcelona\" \/>\n<meta name=\"twitter:card\" content=\"summary_large_image\" \/>\n<meta name=\"twitter:creator\" content=\"@ConfePenyesFCB\" \/>\n<meta name=\"twitter:site\" content=\"@ConfePenyesFCB\" \/>\n<meta name=\"twitter:label1\" content=\"Escrito por\" \/>\n\t<meta name=\"twitter:data1\" content=\"Confederaci\u00f3 Mundial de Penyes del FC Barcelona\" \/>\n\t<meta name=\"twitter:label2\" content=\"Tiempo de lectura\" \/>\n\t<meta name=\"twitter:data2\" content=\"2 minutos\" \/>\n<script type=\"application\/ld+json\" class=\"yoast-schema-graph\">{\"@context\":\"https:\\\/\\\/schema.org\",\"@graph\":[{\"@type\":\"Article\",\"@id\":\"https:\\\/\\\/confederaciopenyes.cat\\\/es\\\/las-conferencias-no-concluyen-para-los-penistas\\\/#article\",\"isPartOf\":{\"@id\":\"https:\\\/\\\/confederaciopenyes.cat\\\/es\\\/las-conferencias-no-concluyen-para-los-penistas\\\/\"},\"author\":{\"name\":\"Confederaci\u00f3 Mundial de Penyes del FC Barcelona\",\"@id\":\"https:\\\/\\\/confederaciopenyes.cat\\\/es\\\/#\\\/schema\\\/person\\\/337072f6daef87a85aa59aa1f134387c\"},\"headline\":\"Las conferencias no concluyen para los pe\u00f1istas\",\"datePublished\":\"2022-09-01T11:19:02+00:00\",\"dateModified\":\"2022-09-01T11:19:03+00:00\",\"mainEntityOfPage\":{\"@id\":\"https:\\\/\\\/confederaciopenyes.cat\\\/es\\\/las-conferencias-no-concluyen-para-los-penistas\\\/\"},\"wordCount\":312,\"publisher\":{\"@id\":\"https:\\\/\\\/confederaciopenyes.cat\\\/es\\\/#organization\"},\"image\":{\"@id\":\"https:\\\/\\\/confederaciopenyes.cat\\\/es\\\/las-conferencias-no-concluyen-para-los-penistas\\\/#primaryimage\"},\"thumbnailUrl\":\"https:\\\/\\\/confederaciopenyes.cat\\\/wp-content\\\/uploads\\\/2022\\\/09\\\/Conferencia-porreres.jpg\",\"keywords\":[\"confederaci\u00f3n mundial de pe\u00f1as\",\"noticias\",\"pe\u00f1as\"],\"articleSection\":[\"Noticias\"],\"inLanguage\":\"es\"},{\"@type\":\"WebPage\",\"@id\":\"https:\\\/\\\/confederaciopenyes.cat\\\/es\\\/las-conferencias-no-concluyen-para-los-penistas\\\/\",\"url\":\"https:\\\/\\\/confederaciopenyes.cat\\\/es\\\/las-conferencias-no-concluyen-para-los-penistas\\\/\",\"name\":\"Las conferencias no concluyen para los pe\u00f1istas - C.M.P\",\"isPartOf\":{\"@id\":\"https:\\\/\\\/confederaciopenyes.cat\\\/es\\\/#website\"},\"primaryImageOfPage\":{\"@id\":\"https:\\\/\\\/confederaciopenyes.cat\\\/es\\\/las-conferencias-no-concluyen-para-los-penistas\\\/#primaryimage\"},\"image\":{\"@id\":\"https:\\\/\\\/confederaciopenyes.cat\\\/es\\\/las-conferencias-no-concluyen-para-los-penistas\\\/#primaryimage\"},\"thumbnailUrl\":\"https:\\\/\\\/confederaciopenyes.cat\\\/wp-content\\\/uploads\\\/2022\\\/09\\\/Conferencia-porreres.jpg\",\"datePublished\":\"2022-09-01T11:19:02+00:00\",\"dateModified\":\"2022-09-01T11:19:03+00:00\",\"description\":\"La Confederaci\u00f3n Mundial de Pe\u00f1as sigue dando conferencias y planific\u00e1ndolas, a varias pe\u00f1as de diferentes federaciones.\",\"breadcrumb\":{\"@id\":\"https:\\\/\\\/confederaciopenyes.cat\\\/es\\\/las-conferencias-no-concluyen-para-los-penistas\\\/#breadcrumb\"},\"inLanguage\":\"es\",\"potentialAction\":[{\"@type\":\"ReadAction\",\"target\":[\"https:\\\/\\\/confederaciopenyes.cat\\\/es\\\/las-conferencias-no-concluyen-para-los-penistas\\\/\"]}]},{\"@type\":\"ImageObject\",\"inLanguage\":\"es\",\"@id\":\"https:\\\/\\\/confederaciopenyes.cat\\\/es\\\/las-conferencias-no-concluyen-para-los-penistas\\\/#primaryimage\",\"url\":\"https:\\\/\\\/confederaciopenyes.cat\\\/wp-content\\\/uploads\\\/2022\\\/09\\\/Conferencia-porreres.jpg\",\"contentUrl\":\"https:\\\/\\\/confederaciopenyes.cat\\\/wp-content\\\/uploads\\\/2022\\\/09\\\/Conferencia-porreres.jpg\",\"width\":1024,\"height\":595},{\"@type\":\"BreadcrumbList\",\"@id\":\"https:\\\/\\\/confederaciopenyes.cat\\\/es\\\/las-conferencias-no-concluyen-para-los-penistas\\\/#breadcrumb\",\"itemListElement\":[{\"@type\":\"ListItem\",\"position\":1,\"name\":\"Inici\",\"item\":\"https:\\\/\\\/confederaciopenyes.cat\\\/es\\\/\"},{\"@type\":\"ListItem\",\"position\":2,\"name\":\"Las conferencias no concluyen para los pe\u00f1istas\"}]},{\"@type\":\"WebSite\",\"@id\":\"https:\\\/\\\/confederaciopenyes.cat\\\/es\\\/#website\",\"url\":\"https:\\\/\\\/confederaciopenyes.cat\\\/es\\\/\",\"name\":\"Confederaci\u00f3 Mundial de Penyes del FC Barcelona\",\"description\":\"C.M. Penyes FC Barcelona\",\"publisher\":{\"@id\":\"https:\\\/\\\/confederaciopenyes.cat\\\/es\\\/#organization\"},\"potentialAction\":[{\"@type\":\"SearchAction\",\"target\":{\"@type\":\"EntryPoint\",\"urlTemplate\":\"https:\\\/\\\/confederaciopenyes.cat\\\/es\\\/?s={search_term_string}\"},\"query-input\":{\"@type\":\"PropertyValueSpecification\",\"valueRequired\":true,\"valueName\":\"search_term_string\"}}],\"inLanguage\":\"es\"},{\"@type\":\"Organization\",\"@id\":\"https:\\\/\\\/confederaciopenyes.cat\\\/es\\\/#organization\",\"name\":\"Confederaci\u00f3 Mundial de Penyes del FC Barcelona\",\"url\":\"https:\\\/\\\/confederaciopenyes.cat\\\/es\\\/\",\"logo\":{\"@type\":\"ImageObject\",\"inLanguage\":\"es\",\"@id\":\"https:\\\/\\\/confederaciopenyes.cat\\\/es\\\/#\\\/schema\\\/logo\\\/image\\\/\",\"url\":\"https:\\\/\\\/confederaciopenyes.cat\\\/wp-content\\\/uploads\\\/2022\\\/07\\\/cropped-logo_horizontal.png\",\"contentUrl\":\"https:\\\/\\\/confederaciopenyes.cat\\\/wp-content\\\/uploads\\\/2022\\\/07\\\/cropped-logo_horizontal.png\",\"width\":1320,\"height\":309,\"caption\":\"Confederaci\u00f3 Mundial de Penyes del FC Barcelona\"},\"image\":{\"@id\":\"https:\\\/\\\/confederaciopenyes.cat\\\/es\\\/#\\\/schema\\\/logo\\\/image\\\/\"},\"sameAs\":[\"https:\\\/\\\/www.facebook.com\\\/ConfederacioMundialPenyesFCB\",\"https:\\\/\\\/x.com\\\/ConfePenyesFCB\",\"https:\\\/\\\/www.instagram.com\\\/confepenyesfcb\\\/\"]},{\"@type\":\"Person\",\"@id\":\"https:\\\/\\\/confederaciopenyes.cat\\\/es\\\/#\\\/schema\\\/person\\\/337072f6daef87a85aa59aa1f134387c\",\"name\":\"Confederaci\u00f3 Mundial de Penyes del FC Barcelona\",\"image\":{\"@type\":\"ImageObject\",\"inLanguage\":\"es\",\"@id\":\"https:\\\/\\\/secure.gravatar.com\\\/avatar\\\/98c60c7405ff843b10aec55db652bd3f5cb4320ef331ae76c156819a62194328?s=96&d=mm&r=g\",\"url\":\"https:\\\/\\\/secure.gravatar.com\\\/avatar\\\/98c60c7405ff843b10aec55db652bd3f5cb4320ef331ae76c156819a62194328?s=96&d=mm&r=g\",\"contentUrl\":\"https:\\\/\\\/secure.gravatar.com\\\/avatar\\\/98c60c7405ff843b10aec55db652bd3f5cb4320ef331ae76c156819a62194328?s=96&d=mm&r=g\",\"caption\":\"Confederaci\u00f3 Mundial de Penyes del FC Barcelona\"},\"url\":\"https:\\\/\\\/confederaciopenyes.cat\\\/es\\\/author\\\/comunicacioconfederaciopenyes-cat\\\/\"}]}<\/script>\n<!-- \/ Yoast SEO Premium plugin. -->","yoast_head_json":{"title":"Las conferencias no concluyen para los pe\u00f1istas - C.M.P","description":"La Confederaci\u00f3n Mundial de Pe\u00f1as sigue dando conferencias y planific\u00e1ndolas, a varias pe\u00f1as de diferentes federaciones.","robots":{"index":"index","follow":"follow","max-snippet":"max-snippet:-1","max-image-preview":"max-image-preview:large","max-video-preview":"max-video-preview:-1"},"canonical":"https:\/\/confederaciopenyes.cat\/es\/las-conferencias-no-concluyen-para-los-penistas\/","og_locale":"es_ES","og_type":"article","og_title":"Las conferencias no concluyen para los pe\u00f1istas","og_description":"La Confederaci\u00f3n Mundial de Pe\u00f1as sigue dando conferencias y planific\u00e1ndolas, a varias pe\u00f1as de diferentes federaciones.","og_url":"https:\/\/confederaciopenyes.cat\/es\/las-conferencias-no-concluyen-para-los-penistas\/","og_site_name":"Confederaci\u00f3 Mundial de Penyes del FC Barcelona","article_publisher":"https:\/\/www.facebook.com\/ConfederacioMundialPenyesFCB","article_published_time":"2022-09-01T11:19:02+00:00","article_modified_time":"2022-09-01T11:19:03+00:00","og_image":[{"width":1024,"height":595,"url":"https:\/\/confederaciopenyes.cat\/wp-content\/uploads\/2022\/09\/Conferencia-porreres.jpg","type":"image\/jpeg"}],"author":"Confederaci\u00f3 Mundial de Penyes del FC Barcelona","twitter_card":"summary_large_image","twitter_creator":"@ConfePenyesFCB","twitter_site":"@ConfePenyesFCB","twitter_misc":{"Escrito por":"Confederaci\u00f3 Mundial de Penyes del FC Barcelona","Tiempo de lectura":"2 minutos"},"schema":{"@context":"https:\/\/schema.org","@graph":[{"@type":"Article","@id":"https:\/\/confederaciopenyes.cat\/es\/las-conferencias-no-concluyen-para-los-penistas\/#article","isPartOf":{"@id":"https:\/\/confederaciopenyes.cat\/es\/las-conferencias-no-concluyen-para-los-penistas\/"},"author":{"name":"Confederaci\u00f3 Mundial de Penyes del FC Barcelona","@id":"https:\/\/confederaciopenyes.cat\/es\/#\/schema\/person\/337072f6daef87a85aa59aa1f134387c"},"headline":"Las conferencias no concluyen para los pe\u00f1istas","datePublished":"2022-09-01T11:19:02+00:00","dateModified":"2022-09-01T11:19:03+00:00","mainEntityOfPage":{"@id":"https:\/\/confederaciopenyes.cat\/es\/las-conferencias-no-concluyen-para-los-penistas\/"},"wordCount":312,"publisher":{"@id":"https:\/\/confederaciopenyes.cat\/es\/#organization"},"image":{"@id":"https:\/\/confederaciopenyes.cat\/es\/las-conferencias-no-concluyen-para-los-penistas\/#primaryimage"},"thumbnailUrl":"https:\/\/confederaciopenyes.cat\/wp-content\/uploads\/2022\/09\/Conferencia-porreres.jpg","keywords":["confederaci\u00f3n mundial de pe\u00f1as","noticias","pe\u00f1as"],"articleSection":["Noticias"],"inLanguage":"es"},{"@type":"WebPage","@id":"https:\/\/confederaciopenyes.cat\/es\/las-conferencias-no-concluyen-para-los-penistas\/","url":"https:\/\/confederaciopenyes.cat\/es\/las-conferencias-no-concluyen-para-los-penistas\/","name":"Las conferencias no concluyen para los pe\u00f1istas - C.M.P","isPartOf":{"@id":"https:\/\/confederaciopenyes.cat\/es\/#website"},"primaryImageOfPage":{"@id":"https:\/\/confederaciopenyes.cat\/es\/las-conferencias-no-concluyen-para-los-penistas\/#primaryimage"},"image":{"@id":"https:\/\/confederaciopenyes.cat\/es\/las-conferencias-no-concluyen-para-los-penistas\/#primaryimage"},"thumbnailUrl":"https:\/\/confederaciopenyes.cat\/wp-content\/uploads\/2022\/09\/Conferencia-porreres.jpg","datePublished":"2022-09-01T11:19:02+00:00","dateModified":"2022-09-01T11:19:03+00:00","description":"La Confederaci\u00f3n Mundial de Pe\u00f1as sigue dando conferencias y planific\u00e1ndolas, a varias pe\u00f1as de diferentes federaciones.","breadcrumb":{"@id":"https:\/\/confederaciopenyes.cat\/es\/las-conferencias-no-concluyen-para-los-penistas\/#breadcrumb"},"inLanguage":"es","potentialAction":[{"@type":"ReadAction","target":["https:\/\/confederaciopenyes.cat\/es\/las-conferencias-no-concluyen-para-los-penistas\/"]}]},{"@type":"ImageObject","inLanguage":"es","@id":"https:\/\/confederaciopenyes.cat\/es\/las-conferencias-no-concluyen-para-los-penistas\/#primaryimage","url":"https:\/\/confederaciopenyes.cat\/wp-content\/uploads\/2022\/09\/Conferencia-porreres.jpg","contentUrl":"https:\/\/confederaciopenyes.cat\/wp-content\/uploads\/2022\/09\/Conferencia-porreres.jpg","width":1024,"height":595},{"@type":"BreadcrumbList","@id":"https:\/\/confederaciopenyes.cat\/es\/las-conferencias-no-concluyen-para-los-penistas\/#breadcrumb","itemListElement":[{"@type":"ListItem","position":1,"name":"Inici","item":"https:\/\/confederaciopenyes.cat\/es\/"},{"@type":"ListItem","position":2,"name":"Las conferencias no concluyen para los pe\u00f1istas"}]},{"@type":"WebSite","@id":"https:\/\/confederaciopenyes.cat\/es\/#website","url":"https:\/\/confederaciopenyes.cat\/es\/","name":"Confederaci\u00f3 Mundial de Penyes del FC Barcelona","description":"C.M. Penyes FC Barcelona","publisher":{"@id":"https:\/\/confederaciopenyes.cat\/es\/#organization"},"potentialAction":[{"@type":"SearchAction","target":{"@type":"EntryPoint","urlTemplate":"https:\/\/confederaciopenyes.cat\/es\/?s={search_term_string}"},"query-input":{"@type":"PropertyValueSpecification","valueRequired":true,"valueName":"search_term_string"}}],"inLanguage":"es"},{"@type":"Organization","@id":"https:\/\/confederaciopenyes.cat\/es\/#organization","name":"Confederaci\u00f3 Mundial de Penyes del FC Barcelona","url":"https:\/\/confederaciopenyes.cat\/es\/","logo":{"@type":"ImageObject","inLanguage":"es","@id":"https:\/\/confederaciopenyes.cat\/es\/#\/schema\/logo\/image\/","url":"https:\/\/confederaciopenyes.cat\/wp-content\/uploads\/2022\/07\/cropped-logo_horizontal.png","contentUrl":"https:\/\/confederaciopenyes.cat\/wp-content\/uploads\/2022\/07\/cropped-logo_horizontal.png","width":1320,"height":309,"caption":"Confederaci\u00f3 Mundial de Penyes del FC Barcelona"},"image":{"@id":"https:\/\/confederaciopenyes.cat\/es\/#\/schema\/logo\/image\/"},"sameAs":["https:\/\/www.facebook.com\/ConfederacioMundialPenyesFCB","https:\/\/x.com\/ConfePenyesFCB","https:\/\/www.instagram.com\/confepenyesfcb\/"]},{"@type":"Person","@id":"https:\/\/confederaciopenyes.cat\/es\/#\/schema\/person\/337072f6daef87a85aa59aa1f134387c","name":"Confederaci\u00f3 Mundial de Penyes del FC Barcelona","image":{"@type":"ImageObject","inLanguage":"es","@id":"https:\/\/secure.gravatar.com\/avatar\/98c60c7405ff843b10aec55db652bd3f5cb4320ef331ae76c156819a62194328?s=96&d=mm&r=g","url":"https:\/\/secure.gravatar.com\/avatar\/98c60c7405ff843b10aec55db652bd3f5cb4320ef331ae76c156819a62194328?s=96&d=mm&r=g","contentUrl":"https:\/\/secure.gravatar.com\/avatar\/98c60c7405ff843b10aec55db652bd3f5cb4320ef331ae76c156819a62194328?s=96&d=mm&r=g","caption":"Confederaci\u00f3 Mundial de Penyes del FC Barcelona"},"url":"https:\/\/confederaciopenyes.cat\/es\/author\/comunicacioconfederaciopenyes-cat\/"}]}},"_links":{"self":[{"href":"https:\/\/confederaciopenyes.cat\/es\/wp-json\/wp\/v2\/posts\/3742","targetHints":{"allow":["GET"]}}],"collection":[{"href":"https:\/\/confederaciopenyes.cat\/es\/wp-json\/wp\/v2\/posts"}],"about":[{"href":"https:\/\/confederaciopenyes.cat\/es\/wp-json\/wp\/v2\/types\/post"}],"author":[{"embeddable":true,"href":"https:\/\/confederaciopenyes.cat\/es\/wp-json\/wp\/v2\/users\/4"}],"replies":[{"embeddable":true,"href":"https:\/\/confederaciopenyes.cat\/es\/wp-json\/wp\/v2\/comments?post=3742"}],"version-history":[{"count":1,"href":"https:\/\/confederaciopenyes.cat\/es\/wp-json\/wp\/v2\/posts\/3742\/revisions"}],"predecessor-version":[{"id":3749,"href":"https:\/\/confederaciopenyes.cat\/es\/wp-json\/wp\/v2\/posts\/3742\/revisions\/3749"}],"wp:featuredmedia":[{"embeddable":true,"href":"https:\/\/confederaciopenyes.cat\/es\/wp-json\/wp\/v2\/media\/3736"}],"wp:attachment":[{"href":"https:\/\/confederaciopenyes.cat\/es\/wp-json\/wp\/v2\/media?parent=3742"}],"wp:term":[{"taxonomy":"category","embeddable":true,"href":"https:\/\/confederaciopenyes.cat\/es\/wp-json\/wp\/v2\/categories?post=3742"},{"taxonomy":"post_tag","embeddable":true,"href":"https:\/\/confederaciopenyes.cat\/es\/wp-json\/wp\/v2\/tags?post=3742"}],"curies":[{"name":"wp","href":"https:\/\/api.w.org\/{rel}","templated":true}]}}