{"id":37711,"date":"2025-11-19T12:32:59","date_gmt":"2025-11-19T11:32:59","guid":{"rendered":"https:\/\/confederaciopenyes.cat\/aniversarios-en-la-pb-joves-de-ponent-y-la-pb-plana-de-vic\/"},"modified":"2025-11-19T12:47:40","modified_gmt":"2025-11-19T11:47:40","slug":"aniversarios-en-la-pb-joves-de-ponent-y-la-pb-plana-de-vic","status":"publish","type":"post","link":"https:\/\/confederaciopenyes.cat\/es\/aniversarios-en-la-pb-joves-de-ponent-y-la-pb-plana-de-vic\/","title":{"rendered":"Aniversarios en la PB Joves de Ponent y la PB Plana de Vic"},"content":{"rendered":"\n<p>Durante estas semanas, varias pe\u00f1as barcelonistas de todo el territorio est\u00e1n celebrando sus respectivos <strong>aniversarios con jornadas llenas de hermandad azulgrana<\/strong>. Dos de ellas son la<strong><a href=\"https:\/\/www.instagram.com\/penya_barcelonista_albesa\/\" target=\"_blank\" rel=\"noreferrer noopener\"> Penya Barcelonista Joves de Ponent<\/a><\/strong> (Federaci\u00f3 de Penyes de Ponent Nord) y la<strong> <a href=\"https:\/\/www.instagram.com\/pbplanavic\/\" target=\"_blank\" rel=\"noreferrer noopener\">Penya Barcelonista Plana de Vic<\/a><\/strong> (Federaci\u00f3 de Penyes d\u2019Osona i Ripoll\u00e8s), que el pasado fin de semana reunieron respectivamente a buena parte de sus socios para esta ocasi\u00f3n tan especial. <\/p>\n\n\n\n<h6 class=\"wp-block-heading\" id=\"h-albesa-se-moviliza-por-el-30\u00ba-aniversario-de-la-pb-joves-de-ponent\"><strong>Albesa se moviliza por el 30\u00ba aniversario de la PB Joves de Ponent<\/strong><\/h6>\n\n\n\n<p>El s\u00e1bado, <strong>la localidad de Albesa (Lleida) se ti\u00f1\u00f3 de blaugrana con motivo de la celebraci\u00f3n del 30\u00ba aniversario de la Penya Barcelonista Joves de Ponent<\/strong>, que organiz\u00f3 una jornada completa de actividades para todo el pueblo. Por la ma\u00f1ana, la pe\u00f1a organiz\u00f3 un<strong> concurso de cartas<\/strong> en la modalidad de \u201cbotifarra\u201d en su sede, donde tambi\u00e9n se mont\u00f3 una <strong>exposici\u00f3n fotogr\u00e1fica para repasar las tres d\u00e9cadas de trayectoria de la entidad<\/strong> gracias a las fotograf\u00edas aportadas por varios pe\u00f1istas. Tambi\u00e9n se ofreci\u00f3 un vermut en el mismo local de la entidad.  <\/p>\n\n\n\n<p>A continuaci\u00f3n, <strong>la comida popular del 30\u00ba aniversario reuni\u00f3 a m\u00e1s de 100 personas <\/strong>en medio de un sentimiento de comunidad de todo el pueblo de Albesa, con la participaci\u00f3n del Ayuntamiento y de varias entidades locales. Durante el acto, la pe\u00f1a presidida por Carlos Albert Sanmart\u00ed agradeci\u00f3 la participaci\u00f3n de todos los presentes y tambi\u00e9n rindi\u00f3 <strong>homenaje a los anteriores presidentes de la entidad<\/strong>. Seguidamente, la PB Joves de Ponent propuso<strong> el juego \u201c\u00bfQui\u00e9n es m\u00e1s cul\u00e9?\u201d a los asistentes, haci\u00e9ndoles adivinar detalles sobre partidos hist\u00f3ricos del Bar\u00e7a<\/strong>, de los cuales se proyectaban fragmentos recortados. Hubo premios para los ganadores y un gran ambiente barcelonista que culmin\u00f3 con una fiesta final con DJ.<\/p>\n\n\n\n<figure class=\"wp-block-gallery has-nested-images columns-default is-cropped wp-block-gallery-1 is-layout-flex wp-block-gallery-is-layout-flex\">\n<figure class=\"wp-block-image size-large\"><a href=\"https:\/\/confederaciopenyes.cat\/wp-content\/uploads\/2025\/11\/WhatsApp-Image-2025-11-17-at-14.04.27.jpeg\"><img decoding=\"async\" width=\"1024\" height=\"768\" data-id=\"37673\" data-src=\"https:\/\/confederaciopenyes.cat\/wp-content\/uploads\/2025\/11\/WhatsApp-Image-2025-11-17-at-14.04.27-1024x768.jpeg\" alt=\"\" class=\"wp-image-37673 lazyload\" data-srcset=\"https:\/\/confederaciopenyes.cat\/wp-content\/uploads\/2025\/11\/WhatsApp-Image-2025-11-17-at-14.04.27-1024x768.jpeg 1024w, https:\/\/confederaciopenyes.cat\/wp-content\/uploads\/2025\/11\/WhatsApp-Image-2025-11-17-at-14.04.27-300x225.jpeg 300w, https:\/\/confederaciopenyes.cat\/wp-content\/uploads\/2025\/11\/WhatsApp-Image-2025-11-17-at-14.04.27-768x576.jpeg 768w, https:\/\/confederaciopenyes.cat\/wp-content\/uploads\/2025\/11\/WhatsApp-Image-2025-11-17-at-14.04.27-1536x1152.jpeg 1536w, https:\/\/confederaciopenyes.cat\/wp-content\/uploads\/2025\/11\/WhatsApp-Image-2025-11-17-at-14.04.27.jpeg 1600w\" data-sizes=\"(max-width: 1024px) 100vw, 1024px\" src=\"data:image\/svg+xml;base64,PHN2ZyB3aWR0aD0iMSIgaGVpZ2h0PSIxIiB4bWxucz0iaHR0cDovL3d3dy53My5vcmcvMjAwMC9zdmciPjwvc3ZnPg==\" style=\"--smush-placeholder-width: 1024px; --smush-placeholder-aspect-ratio: 1024\/768;\" \/><\/a><\/figure>\n\n\n\n<figure class=\"wp-block-image size-large\"><a href=\"https:\/\/confederaciopenyes.cat\/wp-content\/uploads\/2025\/11\/WhatsApp-Image-2025-11-17-at-14.04.28-edited.jpeg\"><img decoding=\"async\" width=\"1536\" height=\"864\" data-id=\"37684\" data-src=\"https:\/\/confederaciopenyes.cat\/wp-content\/uploads\/2025\/11\/WhatsApp-Image-2025-11-17-at-14.04.28-edited.jpeg\" alt=\"\" class=\"wp-image-37684 lazyload\" data-srcset=\"https:\/\/confederaciopenyes.cat\/wp-content\/uploads\/2025\/11\/WhatsApp-Image-2025-11-17-at-14.04.28-edited.jpeg 1536w, https:\/\/confederaciopenyes.cat\/wp-content\/uploads\/2025\/11\/WhatsApp-Image-2025-11-17-at-14.04.28-edited-300x169.jpeg 300w, https:\/\/confederaciopenyes.cat\/wp-content\/uploads\/2025\/11\/WhatsApp-Image-2025-11-17-at-14.04.28-edited-1024x576.jpeg 1024w, https:\/\/confederaciopenyes.cat\/wp-content\/uploads\/2025\/11\/WhatsApp-Image-2025-11-17-at-14.04.28-edited-768x432.jpeg 768w\" data-sizes=\"(max-width: 1536px) 100vw, 1536px\" src=\"data:image\/svg+xml;base64,PHN2ZyB3aWR0aD0iMSIgaGVpZ2h0PSIxIiB4bWxucz0iaHR0cDovL3d3dy53My5vcmcvMjAwMC9zdmciPjwvc3ZnPg==\" style=\"--smush-placeholder-width: 1536px; --smush-placeholder-aspect-ratio: 1536\/864;\" \/><\/a><\/figure>\n\n\n\n<figure class=\"wp-block-image size-full\"><a href=\"https:\/\/confederaciopenyes.cat\/wp-content\/uploads\/2025\/11\/Captura-de-pantalla-2025-11-19-122137.png\"><img decoding=\"async\" width=\"489\" height=\"348\" data-id=\"37695\" data-src=\"https:\/\/confederaciopenyes.cat\/wp-content\/uploads\/2025\/11\/Captura-de-pantalla-2025-11-19-122137.png\" alt=\"\" class=\"wp-image-37695 lazyload\" data-srcset=\"https:\/\/confederaciopenyes.cat\/wp-content\/uploads\/2025\/11\/Captura-de-pantalla-2025-11-19-122137.png 489w, https:\/\/confederaciopenyes.cat\/wp-content\/uploads\/2025\/11\/Captura-de-pantalla-2025-11-19-122137-300x213.png 300w\" data-sizes=\"(max-width: 489px) 100vw, 489px\" src=\"data:image\/svg+xml;base64,PHN2ZyB3aWR0aD0iMSIgaGVpZ2h0PSIxIiB4bWxucz0iaHR0cDovL3d3dy53My5vcmcvMjAwMC9zdmciPjwvc3ZnPg==\" style=\"--smush-placeholder-width: 489px; --smush-placeholder-aspect-ratio: 489\/348;\" \/><\/a><\/figure>\n\n\n\n<figure class=\"wp-block-image size-full\"><a href=\"https:\/\/confederaciopenyes.cat\/wp-content\/uploads\/2025\/11\/Captura-de-pantalla-2025-11-19-122124.png\"><img decoding=\"async\" width=\"361\" height=\"271\" data-id=\"37701\" data-src=\"https:\/\/confederaciopenyes.cat\/wp-content\/uploads\/2025\/11\/Captura-de-pantalla-2025-11-19-122124-edited.png\" alt=\"\" class=\"wp-image-37701 lazyload\" data-srcset=\"https:\/\/confederaciopenyes.cat\/wp-content\/uploads\/2025\/11\/Captura-de-pantalla-2025-11-19-122124-edited.png 361w, https:\/\/confederaciopenyes.cat\/wp-content\/uploads\/2025\/11\/Captura-de-pantalla-2025-11-19-122124-edited-300x225.png 300w\" data-sizes=\"(max-width: 361px) 100vw, 361px\" src=\"data:image\/svg+xml;base64,PHN2ZyB3aWR0aD0iMSIgaGVpZ2h0PSIxIiB4bWxucz0iaHR0cDovL3d3dy53My5vcmcvMjAwMC9zdmciPjwvc3ZnPg==\" style=\"--smush-placeholder-width: 361px; --smush-placeholder-aspect-ratio: 361\/271;\" \/><\/a><\/figure>\n\n\n\n<figure class=\"wp-block-image size-large\"><a href=\"https:\/\/confederaciopenyes.cat\/wp-content\/uploads\/2025\/11\/WhatsApp-Image-2025-11-17-at-14.04.57-1.jpeg\"><img decoding=\"async\" width=\"1024\" height=\"768\" data-id=\"37675\" data-src=\"https:\/\/confederaciopenyes.cat\/wp-content\/uploads\/2025\/11\/WhatsApp-Image-2025-11-17-at-14.04.57-1-1024x768.jpeg\" alt=\"\" class=\"wp-image-37675 lazyload\" data-srcset=\"https:\/\/confederaciopenyes.cat\/wp-content\/uploads\/2025\/11\/WhatsApp-Image-2025-11-17-at-14.04.57-1-1024x768.jpeg 1024w, https:\/\/confederaciopenyes.cat\/wp-content\/uploads\/2025\/11\/WhatsApp-Image-2025-11-17-at-14.04.57-1-300x225.jpeg 300w, https:\/\/confederaciopenyes.cat\/wp-content\/uploads\/2025\/11\/WhatsApp-Image-2025-11-17-at-14.04.57-1-768x576.jpeg 768w, https:\/\/confederaciopenyes.cat\/wp-content\/uploads\/2025\/11\/WhatsApp-Image-2025-11-17-at-14.04.57-1-1536x1152.jpeg 1536w, https:\/\/confederaciopenyes.cat\/wp-content\/uploads\/2025\/11\/WhatsApp-Image-2025-11-17-at-14.04.57-1.jpeg 1600w\" data-sizes=\"(max-width: 1024px) 100vw, 1024px\" src=\"data:image\/svg+xml;base64,PHN2ZyB3aWR0aD0iMSIgaGVpZ2h0PSIxIiB4bWxucz0iaHR0cDovL3d3dy53My5vcmcvMjAwMC9zdmciPjwvc3ZnPg==\" style=\"--smush-placeholder-width: 1024px; --smush-placeholder-aspect-ratio: 1024\/768;\" \/><\/a><\/figure>\n\n\n\n<figure class=\"wp-block-image size-full\"><a href=\"https:\/\/confederaciopenyes.cat\/wp-content\/uploads\/2025\/11\/Captura-de-pantalla-2025-11-19-122218.png\"><img decoding=\"async\" width=\"439\" height=\"403\" data-id=\"37692\" data-src=\"https:\/\/confederaciopenyes.cat\/wp-content\/uploads\/2025\/11\/Captura-de-pantalla-2025-11-19-122218.png\" alt=\"\" class=\"wp-image-37692 lazyload\" data-srcset=\"https:\/\/confederaciopenyes.cat\/wp-content\/uploads\/2025\/11\/Captura-de-pantalla-2025-11-19-122218.png 439w, https:\/\/confederaciopenyes.cat\/wp-content\/uploads\/2025\/11\/Captura-de-pantalla-2025-11-19-122218-300x275.png 300w\" data-sizes=\"(max-width: 439px) 100vw, 439px\" src=\"data:image\/svg+xml;base64,PHN2ZyB3aWR0aD0iMSIgaGVpZ2h0PSIxIiB4bWxucz0iaHR0cDovL3d3dy53My5vcmcvMjAwMC9zdmciPjwvc3ZnPg==\" style=\"--smush-placeholder-width: 439px; --smush-placeholder-aspect-ratio: 439\/403;\" \/><\/a><\/figure>\n<\/figure>\n\n\n\n<p><\/p>\n\n\n\n<h6 class=\"wp-block-heading\" id=\"h-fiesta-de-gala-por-el-52\u00ba-aniversario-de-la-pb-plana-de-vic\"><strong>Fiesta de gala por el 52\u00ba aniversario de la PB Plana de Vic<\/strong><\/h6>\n\n\n\n<p>El domingo lleg\u00f3 el turno de la Penya Barcelonista Plana de Vic, que <strong>celebr\u00f3 sus 52 a\u00f1os de historia con una comida conmemorativa que reuni\u00f3 a cerca de 150 personas<\/strong>. Entre los invitados, destac\u00f3 la presencia de <strong>Dion\u00eds Crusellas<\/strong>, presidente de la Federaci\u00f3 de Penyes d\u2019Osona i Ripoll\u00e8s; Miquel Alier, presidente de la PB Plana de Vic;<strong> Jordi Pueyo<\/strong>, miembro de la Comisi\u00f3n Social del Club; y <strong>Alberto Manga<\/strong>, miembro de la Agrupaci\u00f3n de Jugadores del FC Barcelona. Por parte del Ayuntamiento de Vic, participaron el alcalde, <strong>Albert Castells<\/strong>, y la concejala de urbanismo y medio ambiente, <strong>Ester Coma<\/strong>. Entidades como \u00d2mnium Cultural d\u2019Osona y la colla castellera Sagals d\u2019Osona tambi\u00e9n estuvieron presentes.<\/p>\n\n\n\n<p>Varias pe\u00f1as de la Federaci\u00f3 Osona i Ripoll\u00e8s, como<strong> la PB Manlleu, la PB Taradell, la PB Torell\u00f3, la PB Tona, la PB Roda de Ter i Les Masies, y la PB Campdev\u00e0nol <\/strong>quisieron acompa\u00f1ar a la PB Plana de Vic en esta celebraci\u00f3n de su 52\u00ba aniversario. Todas ellas contribuyeron al <strong>gran ambiente barcelonista<\/strong> que se vivi\u00f3 durante todo el evento, donde se sortearon obsequios azulgranas entre los asistentes. <\/p>\n\n\n\n<figure class=\"wp-block-gallery has-nested-images columns-default is-cropped wp-block-gallery-2 is-layout-flex wp-block-gallery-is-layout-flex\">\n<figure class=\"wp-block-image size-large\"><a href=\"https:\/\/confederaciopenyes.cat\/wp-content\/uploads\/2025\/11\/581667927_17975993012945256_5386183607078155122_n.jpg\"><img decoding=\"async\" width=\"1024\" height=\"1024\" data-id=\"37658\" data-src=\"https:\/\/confederaciopenyes.cat\/wp-content\/uploads\/2025\/11\/581667927_17975993012945256_5386183607078155122_n-1024x1024.jpg\" alt=\"\" class=\"wp-image-37658 lazyload\" data-srcset=\"https:\/\/confederaciopenyes.cat\/wp-content\/uploads\/2025\/11\/581667927_17975993012945256_5386183607078155122_n-1024x1024.jpg 1024w, https:\/\/confederaciopenyes.cat\/wp-content\/uploads\/2025\/11\/581667927_17975993012945256_5386183607078155122_n-300x300.jpg 300w, https:\/\/confederaciopenyes.cat\/wp-content\/uploads\/2025\/11\/581667927_17975993012945256_5386183607078155122_n-150x150.jpg 150w, https:\/\/confederaciopenyes.cat\/wp-content\/uploads\/2025\/11\/581667927_17975993012945256_5386183607078155122_n-768x768.jpg 768w, https:\/\/confederaciopenyes.cat\/wp-content\/uploads\/2025\/11\/581667927_17975993012945256_5386183607078155122_n.jpg 1080w\" data-sizes=\"(max-width: 1024px) 100vw, 1024px\" src=\"data:image\/svg+xml;base64,PHN2ZyB3aWR0aD0iMSIgaGVpZ2h0PSIxIiB4bWxucz0iaHR0cDovL3d3dy53My5vcmcvMjAwMC9zdmciPjwvc3ZnPg==\" style=\"--smush-placeholder-width: 1024px; --smush-placeholder-aspect-ratio: 1024\/1024;\" \/><\/a><\/figure>\n\n\n\n<figure class=\"wp-block-image size-large\"><a href=\"https:\/\/confederaciopenyes.cat\/wp-content\/uploads\/2025\/11\/582653559_17975992985945256_7128713714289299315_n.jpg\"><img decoding=\"async\" width=\"1024\" height=\"1024\" data-id=\"37704\" data-src=\"https:\/\/confederaciopenyes.cat\/wp-content\/uploads\/2025\/11\/582653559_17975992985945256_7128713714289299315_n-1024x1024.jpg\" alt=\"\" class=\"wp-image-37704 lazyload\" data-srcset=\"https:\/\/confederaciopenyes.cat\/wp-content\/uploads\/2025\/11\/582653559_17975992985945256_7128713714289299315_n-1024x1024.jpg 1024w, https:\/\/confederaciopenyes.cat\/wp-content\/uploads\/2025\/11\/582653559_17975992985945256_7128713714289299315_n-300x300.jpg 300w, https:\/\/confederaciopenyes.cat\/wp-content\/uploads\/2025\/11\/582653559_17975992985945256_7128713714289299315_n-150x150.jpg 150w, https:\/\/confederaciopenyes.cat\/wp-content\/uploads\/2025\/11\/582653559_17975992985945256_7128713714289299315_n-768x768.jpg 768w, https:\/\/confederaciopenyes.cat\/wp-content\/uploads\/2025\/11\/582653559_17975992985945256_7128713714289299315_n.jpg 1080w\" data-sizes=\"(max-width: 1024px) 100vw, 1024px\" src=\"data:image\/svg+xml;base64,PHN2ZyB3aWR0aD0iMSIgaGVpZ2h0PSIxIiB4bWxucz0iaHR0cDovL3d3dy53My5vcmcvMjAwMC9zdmciPjwvc3ZnPg==\" style=\"--smush-placeholder-width: 1024px; --smush-placeholder-aspect-ratio: 1024\/1024;\" \/><\/a><\/figure>\n\n\n\n<figure class=\"wp-block-image size-large\"><a href=\"https:\/\/confederaciopenyes.cat\/wp-content\/uploads\/2025\/11\/583285174_17975993033945256_5245403164463299721_n.jpg\"><img decoding=\"async\" width=\"1024\" height=\"1024\" data-id=\"37707\" data-src=\"https:\/\/confederaciopenyes.cat\/wp-content\/uploads\/2025\/11\/583285174_17975993033945256_5245403164463299721_n-1024x1024.jpg\" alt=\"\" class=\"wp-image-37707 lazyload\" data-srcset=\"https:\/\/confederaciopenyes.cat\/wp-content\/uploads\/2025\/11\/583285174_17975993033945256_5245403164463299721_n-1024x1024.jpg 1024w, https:\/\/confederaciopenyes.cat\/wp-content\/uploads\/2025\/11\/583285174_17975993033945256_5245403164463299721_n-300x300.jpg 300w, https:\/\/confederaciopenyes.cat\/wp-content\/uploads\/2025\/11\/583285174_17975993033945256_5245403164463299721_n-150x150.jpg 150w, https:\/\/confederaciopenyes.cat\/wp-content\/uploads\/2025\/11\/583285174_17975993033945256_5245403164463299721_n-768x768.jpg 768w, https:\/\/confederaciopenyes.cat\/wp-content\/uploads\/2025\/11\/583285174_17975993033945256_5245403164463299721_n.jpg 1080w\" data-sizes=\"(max-width: 1024px) 100vw, 1024px\" src=\"data:image\/svg+xml;base64,PHN2ZyB3aWR0aD0iMSIgaGVpZ2h0PSIxIiB4bWxucz0iaHR0cDovL3d3dy53My5vcmcvMjAwMC9zdmciPjwvc3ZnPg==\" style=\"--smush-placeholder-width: 1024px; --smush-placeholder-aspect-ratio: 1024\/1024;\" \/><\/a><\/figure>\n<\/figure>\n","protected":false},"excerpt":{"rendered":"<p>Durante estas semanas, varias pe\u00f1as barcelonistas de todo el territorio est\u00e1n celebrando sus respectivos aniversarios con jornadas llenas de hermandad azulgrana. Dos de ellas son la Penya Barcelonista Joves de Ponent (Federaci\u00f3 de Penyes de Ponent Nord) y la Penya Barcelonista Plana de Vic (Federaci\u00f3 de Penyes d\u2019Osona i Ripoll\u00e8s), que el pasado fin de &#8230; <a title=\"Aniversarios en la PB Joves de Ponent y la PB Plana de Vic\" class=\"read-more\" href=\"https:\/\/confederaciopenyes.cat\/es\/aniversarios-en-la-pb-joves-de-ponent-y-la-pb-plana-de-vic\/\" aria-label=\"Leer m\u00e1s sobre Aniversarios en la PB Joves de Ponent y la PB Plana de Vic\">Leer m\u00e1s<\/a><\/p>\n","protected":false},"author":4,"featured_media":37667,"comment_status":"closed","ping_status":"open","sticky":false,"template":"","format":"standard","meta":{"_acf_changed":false,"footnotes":""},"categories":[1],"tags":[3339,4040,2594,2595,4039,4038,2555],"class_list":["post-37711","post","type-post","status-publish","format-standard","has-post-thumbnail","hentry","category-noticias-es","tag-30o-aniversario","tag-52o-aniversario","tag-confederacio-mundial-de-penyes-es-3","tag-noticias-es-2","tag-pb-joves-de-ponent-es","tag-pb-plana-de-vic-es-2","tag-penas-es"],"acf":[],"yoast_head":"<!-- This site is optimized with the Yoast SEO Premium plugin v27.5 (Yoast SEO v27.5) - https:\/\/yoast.com\/product\/yoast-seo-premium-wordpress\/ -->\n<title>Aniversarios en la PB Joves de Ponent y la PB Plana de Vic - CMP<\/title>\n<meta name=\"description\" content=\"La PB Joves de Ponent conmemor\u00f3 su 30\u00ba aniversario, mientras que la PB Plana de Vic celebr\u00f3 52 a\u00f1os de historia.\" \/>\n<meta name=\"robots\" content=\"index, follow, max-snippet:-1, max-image-preview:large, max-video-preview:-1\" \/>\n<link rel=\"canonical\" href=\"https:\/\/confederaciopenyes.cat\/es\/aniversarios-en-la-pb-joves-de-ponent-y-la-pb-plana-de-vic\/\" \/>\n<meta property=\"og:locale\" content=\"es_ES\" \/>\n<meta property=\"og:type\" content=\"article\" \/>\n<meta property=\"og:title\" content=\"Aniversarios en la PB Joves de Ponent y la PB Plana de Vic\" \/>\n<meta property=\"og:description\" content=\"La PB Joves de Ponent conmemor\u00f3 su 30\u00ba aniversario, mientras que la PB Plana de Vic celebr\u00f3 52 a\u00f1os de historia.\" \/>\n<meta property=\"og:url\" content=\"https:\/\/confederaciopenyes.cat\/es\/aniversarios-en-la-pb-joves-de-ponent-y-la-pb-plana-de-vic\/\" \/>\n<meta property=\"og:site_name\" content=\"Confederaci\u00f3 Mundial de Penyes del FC Barcelona\" \/>\n<meta property=\"article:publisher\" content=\"https:\/\/www.facebook.com\/ConfederacioMundialPenyesFCB\" \/>\n<meta property=\"article:published_time\" content=\"2025-11-19T11:32:59+00:00\" \/>\n<meta property=\"article:modified_time\" content=\"2025-11-19T11:47:40+00:00\" \/>\n<meta property=\"og:image\" content=\"https:\/\/confederaciopenyes.cat\/wp-content\/uploads\/2025\/11\/WhatsApp-Image-2025-11-17-at-14.04.29.jpeg\" \/>\n\t<meta property=\"og:image:width\" content=\"2048\" \/>\n\t<meta property=\"og:image:height\" content=\"1084\" \/>\n\t<meta property=\"og:image:type\" content=\"image\/jpeg\" \/>\n<meta name=\"author\" content=\"Confederaci\u00f3 Mundial de Penyes del FC Barcelona\" \/>\n<meta name=\"twitter:card\" content=\"summary_large_image\" \/>\n<meta name=\"twitter:creator\" content=\"@ConfePenyesFCB\" \/>\n<meta name=\"twitter:site\" content=\"@ConfePenyesFCB\" \/>\n<meta name=\"twitter:label1\" content=\"Escrito por\" \/>\n\t<meta name=\"twitter:data1\" content=\"Confederaci\u00f3 Mundial de Penyes del FC Barcelona\" \/>\n\t<meta name=\"twitter:label2\" content=\"Tiempo de lectura\" \/>\n\t<meta name=\"twitter:data2\" content=\"5 minutos\" \/>\n<script type=\"application\/ld+json\" class=\"yoast-schema-graph\">{\"@context\":\"https:\\\/\\\/schema.org\",\"@graph\":[{\"@type\":\"Article\",\"@id\":\"https:\\\/\\\/confederaciopenyes.cat\\\/es\\\/aniversarios-en-la-pb-joves-de-ponent-y-la-pb-plana-de-vic\\\/#article\",\"isPartOf\":{\"@id\":\"https:\\\/\\\/confederaciopenyes.cat\\\/es\\\/aniversarios-en-la-pb-joves-de-ponent-y-la-pb-plana-de-vic\\\/\"},\"author\":{\"name\":\"Confederaci\u00f3 Mundial de Penyes del FC Barcelona\",\"@id\":\"https:\\\/\\\/confederaciopenyes.cat\\\/es\\\/#\\\/schema\\\/person\\\/337072f6daef87a85aa59aa1f134387c\"},\"headline\":\"Aniversarios en la PB Joves de Ponent y la PB Plana de Vic\",\"datePublished\":\"2025-11-19T11:32:59+00:00\",\"dateModified\":\"2025-11-19T11:47:40+00:00\",\"mainEntityOfPage\":{\"@id\":\"https:\\\/\\\/confederaciopenyes.cat\\\/es\\\/aniversarios-en-la-pb-joves-de-ponent-y-la-pb-plana-de-vic\\\/\"},\"wordCount\":530,\"publisher\":{\"@id\":\"https:\\\/\\\/confederaciopenyes.cat\\\/es\\\/#organization\"},\"image\":{\"@id\":\"https:\\\/\\\/confederaciopenyes.cat\\\/es\\\/aniversarios-en-la-pb-joves-de-ponent-y-la-pb-plana-de-vic\\\/#primaryimage\"},\"thumbnailUrl\":\"https:\\\/\\\/confederaciopenyes.cat\\\/wp-content\\\/uploads\\\/2025\\\/11\\\/WhatsApp-Image-2025-11-17-at-14.04.29.jpeg\",\"keywords\":[\"30\u00ba aniversario\",\"52\u00ba aniversario\",\"confederaci\u00f3 mundial de penyes\",\"noticias\",\"PB Joves de Ponent\",\"pb Plana de Vic\",\"pe\u00f1as\"],\"articleSection\":[\"Noticias\"],\"inLanguage\":\"es\"},{\"@type\":\"WebPage\",\"@id\":\"https:\\\/\\\/confederaciopenyes.cat\\\/es\\\/aniversarios-en-la-pb-joves-de-ponent-y-la-pb-plana-de-vic\\\/\",\"url\":\"https:\\\/\\\/confederaciopenyes.cat\\\/es\\\/aniversarios-en-la-pb-joves-de-ponent-y-la-pb-plana-de-vic\\\/\",\"name\":\"Aniversarios en la PB Joves de Ponent y la PB Plana de Vic - CMP\",\"isPartOf\":{\"@id\":\"https:\\\/\\\/confederaciopenyes.cat\\\/es\\\/#website\"},\"primaryImageOfPage\":{\"@id\":\"https:\\\/\\\/confederaciopenyes.cat\\\/es\\\/aniversarios-en-la-pb-joves-de-ponent-y-la-pb-plana-de-vic\\\/#primaryimage\"},\"image\":{\"@id\":\"https:\\\/\\\/confederaciopenyes.cat\\\/es\\\/aniversarios-en-la-pb-joves-de-ponent-y-la-pb-plana-de-vic\\\/#primaryimage\"},\"thumbnailUrl\":\"https:\\\/\\\/confederaciopenyes.cat\\\/wp-content\\\/uploads\\\/2025\\\/11\\\/WhatsApp-Image-2025-11-17-at-14.04.29.jpeg\",\"datePublished\":\"2025-11-19T11:32:59+00:00\",\"dateModified\":\"2025-11-19T11:47:40+00:00\",\"description\":\"La PB Joves de Ponent conmemor\u00f3 su 30\u00ba aniversario, mientras que la PB Plana de Vic celebr\u00f3 52 a\u00f1os de historia.\",\"breadcrumb\":{\"@id\":\"https:\\\/\\\/confederaciopenyes.cat\\\/es\\\/aniversarios-en-la-pb-joves-de-ponent-y-la-pb-plana-de-vic\\\/#breadcrumb\"},\"inLanguage\":\"es\",\"potentialAction\":[{\"@type\":\"ReadAction\",\"target\":[\"https:\\\/\\\/confederaciopenyes.cat\\\/es\\\/aniversarios-en-la-pb-joves-de-ponent-y-la-pb-plana-de-vic\\\/\"]}]},{\"@type\":\"ImageObject\",\"inLanguage\":\"es\",\"@id\":\"https:\\\/\\\/confederaciopenyes.cat\\\/es\\\/aniversarios-en-la-pb-joves-de-ponent-y-la-pb-plana-de-vic\\\/#primaryimage\",\"url\":\"https:\\\/\\\/confederaciopenyes.cat\\\/wp-content\\\/uploads\\\/2025\\\/11\\\/WhatsApp-Image-2025-11-17-at-14.04.29.jpeg\",\"contentUrl\":\"https:\\\/\\\/confederaciopenyes.cat\\\/wp-content\\\/uploads\\\/2025\\\/11\\\/WhatsApp-Image-2025-11-17-at-14.04.29.jpeg\",\"width\":2048,\"height\":1084},{\"@type\":\"BreadcrumbList\",\"@id\":\"https:\\\/\\\/confederaciopenyes.cat\\\/es\\\/aniversarios-en-la-pb-joves-de-ponent-y-la-pb-plana-de-vic\\\/#breadcrumb\",\"itemListElement\":[{\"@type\":\"ListItem\",\"position\":1,\"name\":\"Inici\",\"item\":\"https:\\\/\\\/confederaciopenyes.cat\\\/es\\\/\"},{\"@type\":\"ListItem\",\"position\":2,\"name\":\"Aniversarios en la PB Joves de Ponent y la PB Plana de Vic\"}]},{\"@type\":\"WebSite\",\"@id\":\"https:\\\/\\\/confederaciopenyes.cat\\\/es\\\/#website\",\"url\":\"https:\\\/\\\/confederaciopenyes.cat\\\/es\\\/\",\"name\":\"Confederaci\u00f3 Mundial de Penyes del FC Barcelona\",\"description\":\"C.M. Penyes FC Barcelona\",\"publisher\":{\"@id\":\"https:\\\/\\\/confederaciopenyes.cat\\\/es\\\/#organization\"},\"potentialAction\":[{\"@type\":\"SearchAction\",\"target\":{\"@type\":\"EntryPoint\",\"urlTemplate\":\"https:\\\/\\\/confederaciopenyes.cat\\\/es\\\/?s={search_term_string}\"},\"query-input\":{\"@type\":\"PropertyValueSpecification\",\"valueRequired\":true,\"valueName\":\"search_term_string\"}}],\"inLanguage\":\"es\"},{\"@type\":\"Organization\",\"@id\":\"https:\\\/\\\/confederaciopenyes.cat\\\/es\\\/#organization\",\"name\":\"Confederaci\u00f3 Mundial de Penyes del FC Barcelona\",\"url\":\"https:\\\/\\\/confederaciopenyes.cat\\\/es\\\/\",\"logo\":{\"@type\":\"ImageObject\",\"inLanguage\":\"es\",\"@id\":\"https:\\\/\\\/confederaciopenyes.cat\\\/es\\\/#\\\/schema\\\/logo\\\/image\\\/\",\"url\":\"https:\\\/\\\/confederaciopenyes.cat\\\/wp-content\\\/uploads\\\/2022\\\/07\\\/cropped-logo_horizontal.png\",\"contentUrl\":\"https:\\\/\\\/confederaciopenyes.cat\\\/wp-content\\\/uploads\\\/2022\\\/07\\\/cropped-logo_horizontal.png\",\"width\":1320,\"height\":309,\"caption\":\"Confederaci\u00f3 Mundial de Penyes del FC Barcelona\"},\"image\":{\"@id\":\"https:\\\/\\\/confederaciopenyes.cat\\\/es\\\/#\\\/schema\\\/logo\\\/image\\\/\"},\"sameAs\":[\"https:\\\/\\\/www.facebook.com\\\/ConfederacioMundialPenyesFCB\",\"https:\\\/\\\/x.com\\\/ConfePenyesFCB\",\"https:\\\/\\\/www.instagram.com\\\/confepenyesfcb\\\/\"]},{\"@type\":\"Person\",\"@id\":\"https:\\\/\\\/confederaciopenyes.cat\\\/es\\\/#\\\/schema\\\/person\\\/337072f6daef87a85aa59aa1f134387c\",\"name\":\"Confederaci\u00f3 Mundial de Penyes del FC Barcelona\",\"image\":{\"@type\":\"ImageObject\",\"inLanguage\":\"es\",\"@id\":\"https:\\\/\\\/secure.gravatar.com\\\/avatar\\\/98c60c7405ff843b10aec55db652bd3f5cb4320ef331ae76c156819a62194328?s=96&d=mm&r=g\",\"url\":\"https:\\\/\\\/secure.gravatar.com\\\/avatar\\\/98c60c7405ff843b10aec55db652bd3f5cb4320ef331ae76c156819a62194328?s=96&d=mm&r=g\",\"contentUrl\":\"https:\\\/\\\/secure.gravatar.com\\\/avatar\\\/98c60c7405ff843b10aec55db652bd3f5cb4320ef331ae76c156819a62194328?s=96&d=mm&r=g\",\"caption\":\"Confederaci\u00f3 Mundial de Penyes del FC Barcelona\"},\"url\":\"https:\\\/\\\/confederaciopenyes.cat\\\/es\\\/author\\\/comunicacioconfederaciopenyes-cat\\\/\"}]}<\/script>\n<!-- \/ Yoast SEO Premium plugin. -->","yoast_head_json":{"title":"Aniversarios en la PB Joves de Ponent y la PB Plana de Vic - CMP","description":"La PB Joves de Ponent conmemor\u00f3 su 30\u00ba aniversario, mientras que la PB Plana de Vic celebr\u00f3 52 a\u00f1os de historia.","robots":{"index":"index","follow":"follow","max-snippet":"max-snippet:-1","max-image-preview":"max-image-preview:large","max-video-preview":"max-video-preview:-1"},"canonical":"https:\/\/confederaciopenyes.cat\/es\/aniversarios-en-la-pb-joves-de-ponent-y-la-pb-plana-de-vic\/","og_locale":"es_ES","og_type":"article","og_title":"Aniversarios en la PB Joves de Ponent y la PB Plana de Vic","og_description":"La PB Joves de Ponent conmemor\u00f3 su 30\u00ba aniversario, mientras que la PB Plana de Vic celebr\u00f3 52 a\u00f1os de historia.","og_url":"https:\/\/confederaciopenyes.cat\/es\/aniversarios-en-la-pb-joves-de-ponent-y-la-pb-plana-de-vic\/","og_site_name":"Confederaci\u00f3 Mundial de Penyes del FC Barcelona","article_publisher":"https:\/\/www.facebook.com\/ConfederacioMundialPenyesFCB","article_published_time":"2025-11-19T11:32:59+00:00","article_modified_time":"2025-11-19T11:47:40+00:00","og_image":[{"width":2048,"height":1084,"url":"https:\/\/confederaciopenyes.cat\/wp-content\/uploads\/2025\/11\/WhatsApp-Image-2025-11-17-at-14.04.29.jpeg","type":"image\/jpeg"}],"author":"Confederaci\u00f3 Mundial de Penyes del FC Barcelona","twitter_card":"summary_large_image","twitter_creator":"@ConfePenyesFCB","twitter_site":"@ConfePenyesFCB","twitter_misc":{"Escrito por":"Confederaci\u00f3 Mundial de Penyes del FC Barcelona","Tiempo de lectura":"5 minutos"},"schema":{"@context":"https:\/\/schema.org","@graph":[{"@type":"Article","@id":"https:\/\/confederaciopenyes.cat\/es\/aniversarios-en-la-pb-joves-de-ponent-y-la-pb-plana-de-vic\/#article","isPartOf":{"@id":"https:\/\/confederaciopenyes.cat\/es\/aniversarios-en-la-pb-joves-de-ponent-y-la-pb-plana-de-vic\/"},"author":{"name":"Confederaci\u00f3 Mundial de Penyes del FC Barcelona","@id":"https:\/\/confederaciopenyes.cat\/es\/#\/schema\/person\/337072f6daef87a85aa59aa1f134387c"},"headline":"Aniversarios en la PB Joves de Ponent y la PB Plana de Vic","datePublished":"2025-11-19T11:32:59+00:00","dateModified":"2025-11-19T11:47:40+00:00","mainEntityOfPage":{"@id":"https:\/\/confederaciopenyes.cat\/es\/aniversarios-en-la-pb-joves-de-ponent-y-la-pb-plana-de-vic\/"},"wordCount":530,"publisher":{"@id":"https:\/\/confederaciopenyes.cat\/es\/#organization"},"image":{"@id":"https:\/\/confederaciopenyes.cat\/es\/aniversarios-en-la-pb-joves-de-ponent-y-la-pb-plana-de-vic\/#primaryimage"},"thumbnailUrl":"https:\/\/confederaciopenyes.cat\/wp-content\/uploads\/2025\/11\/WhatsApp-Image-2025-11-17-at-14.04.29.jpeg","keywords":["30\u00ba aniversario","52\u00ba aniversario","confederaci\u00f3 mundial de penyes","noticias","PB Joves de Ponent","pb Plana de Vic","pe\u00f1as"],"articleSection":["Noticias"],"inLanguage":"es"},{"@type":"WebPage","@id":"https:\/\/confederaciopenyes.cat\/es\/aniversarios-en-la-pb-joves-de-ponent-y-la-pb-plana-de-vic\/","url":"https:\/\/confederaciopenyes.cat\/es\/aniversarios-en-la-pb-joves-de-ponent-y-la-pb-plana-de-vic\/","name":"Aniversarios en la PB Joves de Ponent y la PB Plana de Vic - CMP","isPartOf":{"@id":"https:\/\/confederaciopenyes.cat\/es\/#website"},"primaryImageOfPage":{"@id":"https:\/\/confederaciopenyes.cat\/es\/aniversarios-en-la-pb-joves-de-ponent-y-la-pb-plana-de-vic\/#primaryimage"},"image":{"@id":"https:\/\/confederaciopenyes.cat\/es\/aniversarios-en-la-pb-joves-de-ponent-y-la-pb-plana-de-vic\/#primaryimage"},"thumbnailUrl":"https:\/\/confederaciopenyes.cat\/wp-content\/uploads\/2025\/11\/WhatsApp-Image-2025-11-17-at-14.04.29.jpeg","datePublished":"2025-11-19T11:32:59+00:00","dateModified":"2025-11-19T11:47:40+00:00","description":"La PB Joves de Ponent conmemor\u00f3 su 30\u00ba aniversario, mientras que la PB Plana de Vic celebr\u00f3 52 a\u00f1os de historia.","breadcrumb":{"@id":"https:\/\/confederaciopenyes.cat\/es\/aniversarios-en-la-pb-joves-de-ponent-y-la-pb-plana-de-vic\/#breadcrumb"},"inLanguage":"es","potentialAction":[{"@type":"ReadAction","target":["https:\/\/confederaciopenyes.cat\/es\/aniversarios-en-la-pb-joves-de-ponent-y-la-pb-plana-de-vic\/"]}]},{"@type":"ImageObject","inLanguage":"es","@id":"https:\/\/confederaciopenyes.cat\/es\/aniversarios-en-la-pb-joves-de-ponent-y-la-pb-plana-de-vic\/#primaryimage","url":"https:\/\/confederaciopenyes.cat\/wp-content\/uploads\/2025\/11\/WhatsApp-Image-2025-11-17-at-14.04.29.jpeg","contentUrl":"https:\/\/confederaciopenyes.cat\/wp-content\/uploads\/2025\/11\/WhatsApp-Image-2025-11-17-at-14.04.29.jpeg","width":2048,"height":1084},{"@type":"BreadcrumbList","@id":"https:\/\/confederaciopenyes.cat\/es\/aniversarios-en-la-pb-joves-de-ponent-y-la-pb-plana-de-vic\/#breadcrumb","itemListElement":[{"@type":"ListItem","position":1,"name":"Inici","item":"https:\/\/confederaciopenyes.cat\/es\/"},{"@type":"ListItem","position":2,"name":"Aniversarios en la PB Joves de Ponent y la PB Plana de Vic"}]},{"@type":"WebSite","@id":"https:\/\/confederaciopenyes.cat\/es\/#website","url":"https:\/\/confederaciopenyes.cat\/es\/","name":"Confederaci\u00f3 Mundial de Penyes del FC Barcelona","description":"C.M. Penyes FC Barcelona","publisher":{"@id":"https:\/\/confederaciopenyes.cat\/es\/#organization"},"potentialAction":[{"@type":"SearchAction","target":{"@type":"EntryPoint","urlTemplate":"https:\/\/confederaciopenyes.cat\/es\/?s={search_term_string}"},"query-input":{"@type":"PropertyValueSpecification","valueRequired":true,"valueName":"search_term_string"}}],"inLanguage":"es"},{"@type":"Organization","@id":"https:\/\/confederaciopenyes.cat\/es\/#organization","name":"Confederaci\u00f3 Mundial de Penyes del FC Barcelona","url":"https:\/\/confederaciopenyes.cat\/es\/","logo":{"@type":"ImageObject","inLanguage":"es","@id":"https:\/\/confederaciopenyes.cat\/es\/#\/schema\/logo\/image\/","url":"https:\/\/confederaciopenyes.cat\/wp-content\/uploads\/2022\/07\/cropped-logo_horizontal.png","contentUrl":"https:\/\/confederaciopenyes.cat\/wp-content\/uploads\/2022\/07\/cropped-logo_horizontal.png","width":1320,"height":309,"caption":"Confederaci\u00f3 Mundial de Penyes del FC Barcelona"},"image":{"@id":"https:\/\/confederaciopenyes.cat\/es\/#\/schema\/logo\/image\/"},"sameAs":["https:\/\/www.facebook.com\/ConfederacioMundialPenyesFCB","https:\/\/x.com\/ConfePenyesFCB","https:\/\/www.instagram.com\/confepenyesfcb\/"]},{"@type":"Person","@id":"https:\/\/confederaciopenyes.cat\/es\/#\/schema\/person\/337072f6daef87a85aa59aa1f134387c","name":"Confederaci\u00f3 Mundial de Penyes del FC Barcelona","image":{"@type":"ImageObject","inLanguage":"es","@id":"https:\/\/secure.gravatar.com\/avatar\/98c60c7405ff843b10aec55db652bd3f5cb4320ef331ae76c156819a62194328?s=96&d=mm&r=g","url":"https:\/\/secure.gravatar.com\/avatar\/98c60c7405ff843b10aec55db652bd3f5cb4320ef331ae76c156819a62194328?s=96&d=mm&r=g","contentUrl":"https:\/\/secure.gravatar.com\/avatar\/98c60c7405ff843b10aec55db652bd3f5cb4320ef331ae76c156819a62194328?s=96&d=mm&r=g","caption":"Confederaci\u00f3 Mundial de Penyes del FC Barcelona"},"url":"https:\/\/confederaciopenyes.cat\/es\/author\/comunicacioconfederaciopenyes-cat\/"}]}},"_links":{"self":[{"href":"https:\/\/confederaciopenyes.cat\/es\/wp-json\/wp\/v2\/posts\/37711","targetHints":{"allow":["GET"]}}],"collection":[{"href":"https:\/\/confederaciopenyes.cat\/es\/wp-json\/wp\/v2\/posts"}],"about":[{"href":"https:\/\/confederaciopenyes.cat\/es\/wp-json\/wp\/v2\/types\/post"}],"author":[{"embeddable":true,"href":"https:\/\/confederaciopenyes.cat\/es\/wp-json\/wp\/v2\/users\/4"}],"replies":[{"embeddable":true,"href":"https:\/\/confederaciopenyes.cat\/es\/wp-json\/wp\/v2\/comments?post=37711"}],"version-history":[{"count":2,"href":"https:\/\/confederaciopenyes.cat\/es\/wp-json\/wp\/v2\/posts\/37711\/revisions"}],"predecessor-version":[{"id":37714,"href":"https:\/\/confederaciopenyes.cat\/es\/wp-json\/wp\/v2\/posts\/37711\/revisions\/37714"}],"wp:featuredmedia":[{"embeddable":true,"href":"https:\/\/confederaciopenyes.cat\/es\/wp-json\/wp\/v2\/media\/37667"}],"wp:attachment":[{"href":"https:\/\/confederaciopenyes.cat\/es\/wp-json\/wp\/v2\/media?parent=37711"}],"wp:term":[{"taxonomy":"category","embeddable":true,"href":"https:\/\/confederaciopenyes.cat\/es\/wp-json\/wp\/v2\/categories?post=37711"},{"taxonomy":"post_tag","embeddable":true,"href":"https:\/\/confederaciopenyes.cat\/es\/wp-json\/wp\/v2\/tags?post=37711"}],"curies":[{"name":"wp","href":"https:\/\/api.w.org\/{rel}","templated":true}]}}