{"id":37799,"date":"2025-11-20T15:42:33","date_gmt":"2025-11-20T14:42:33","guid":{"rendered":"https:\/\/confederaciopenyes.cat\/capitulo-40-penya-blaugrana-de-igualada-fundada-en-1959\/"},"modified":"2025-11-20T15:52:35","modified_gmt":"2025-11-20T14:52:35","slug":"capitulo-40-penya-blaugrana-de-igualada-fundada-en-1959","status":"publish","type":"post","link":"https:\/\/confederaciopenyes.cat\/es\/capitulo-40-penya-blaugrana-de-igualada-fundada-en-1959\/","title":{"rendered":"Cap\u00edtulo 40 &#8211; Penya Blaugrana de Igualada, fundada en 1959"},"content":{"rendered":"\n<p>La <strong><a href=\"https:\/\/www.penyablaugranadigualada.cat\/\" target=\"_blank\" rel=\"noreferrer noopener\">Penya Blaugrana de Igualada <\/a><\/strong>nace en <strong>enero de 1959, fruto de la inquietud de una serie de igualadinos que quisieron cristalizar su sentimiento barcelonista fundando una penya cul\u00e9;<\/strong> una de las primeras que tuvo el FC Barcelona. Atr\u00e1s hab\u00eda quedado la Penya Germanor, que se constituy\u00f3 antes de la Guerra en esta misma ciudad y que desapareci\u00f3 una vez comenzado el conflicto b\u00e9lico. Uno de los notables dinamizadores de aquella pe\u00f1a hab\u00eda sido <strong>un joven de dieciocho a\u00f1os llamado Nicolau Casaus<\/strong>, quien organizaba viajes a Barcelona para ver partidos del Bar\u00e7a, a pesar de las condiciones tan rudimentarias del momento.  <\/p>\n\n<h6 class=\"wp-block-heading\" id=\"h-l-origen-de-la-pb-igualada-per-toni-claramunt\"><strong>El origen de la PB Igualada (por Toni Claramunt)<\/strong><\/h6>\n\n<p><em>\u201cCorre el mes de enero de 1959. Los dos promotores, Frederic Bergued\u00e0 y Joan Miserachs, hacen un llamamiento ciudadano dirigido a todos aquellos igualadinos, admiradores y simpatizantes del CF Barcelona que pudieran estar interesados en la organizaci\u00f3n de la penya. La convocatoria, desarrollada el lunes d\u00eda 19 de este mes de enero en el local de la Cooperativa de la calle Sant Mag\u00ed,<strong> re\u00fane un total de cincuenta personas, las cuales, un\u00e1nimemente, apoyan el proyecto y aprueban la formaci\u00f3n de una Comisi\u00f3n Gestora<\/strong>.  <\/em><\/p>\n\n<p><em>Cuatro d\u00edas despu\u00e9s \u2013viernes d\u00eda 23\u2013, en la misma Cooperativa, tiene lugar la verdadera<strong> asamblea fundacional de la Penya Blau-Grana de Igualada con presencia de unos sesenta igualadinos barcelonistas. La penya, con t\u00edtulo de Blau-Grana \u2013as\u00ed mismo, en catal\u00e1n y con dos palabras unidas por un guion\u2013, ya ha nacido. <\/strong>. El Bar\u00e7a del Camp Nou recientemente inaugurado ve c\u00f3mo aumenta la cada d\u00eda m\u00e1s numerosa familia de sus penyes. La ciudad de Igualada, por su parte, gana una nueva entidad; una entidad ilusionada, con el empuje propio de la juventud y de unos ideales determinados, con la voluntad manifiesta de fomentar convivencia, amistad y ciudadan\u00eda en torno al club de f\u00fatbol m\u00e1s representativo de Catalu\u00f1a.\u201d <\/em> (Fragmento extra\u00eddo del libro conmemorativo del 25\u00ba aniversario de la PB Igualada, cuyo autor fue Marcel\u00b7l\u00ed Valls)<\/p>\n\n<p>La Comisi\u00f3n Gestora que fund\u00f3 la penya estaba formada por<strong> Frederic Bergued\u00e0, Joan Miserachs, Modest Bosch, Joan Mart\u00ed Comes, Robert Pelfort, Rosendo Plaza, Joan Prat, Francesc Salvador, Art\u00fas Segu\u00e9s, Marcel\u00b7l\u00ed Tort, Jaume Valls, Llu\u00eds Vidal<\/strong>. El 23 de enero se lleva a cabo la Asamblea Constituyente y se dan de alta los primeros 50 socios fundadores, por orden alfab\u00e9tico, y a partir del n\u00famero 50 comienzan las altas para las mujeres.<\/p>\n\n<p>La penya siempre ha estado<strong> implicada en el mundo de la cultura con diferentes coloquios, conferencias, presentaciones de libros y otros actos<\/strong> en su local, el mismo que el del hist\u00f3rico Ateneu Igualad\u00ed, que tambi\u00e9n aparece en alg\u00fan que otro episodio anterior de la historia de las penyes del FC Barcelona. La entidad ha estado presidida por Joan Oll\u00e9 (1959-1969), Joan Santacana (1969-1973), Joan Sabat\u00e9 (1973-1985), Ramon Felip (1985-1989), Manel Roca (1989-1992), Antoni Codina (1992-1999), Ramon Le\u00f3n (1999-2009) y Toni Claramunt (2009-actualidad). <\/p>\n<div class=\"wp-block-image\">\n<figure class=\"aligncenter size-full is-resized\"><a href=\"https:\/\/confederaciopenyes.cat\/?attachment_id=37793#main\"><img decoding=\"async\" width=\"1013\" height=\"711\" data-src=\"https:\/\/confederaciopenyes.cat\/wp-content\/uploads\/2025\/11\/1976-Cruyff-a-Igualada-Local-de-la-Penya-1024x724-1.jpg\" alt=\"\" class=\"wp-image-37793 lazyload\" style=\"--smush-placeholder-width: 1013px; --smush-placeholder-aspect-ratio: 1013\/711;width:681px;height:auto\" data-srcset=\"https:\/\/confederaciopenyes.cat\/wp-content\/uploads\/2025\/11\/1976-Cruyff-a-Igualada-Local-de-la-Penya-1024x724-1.jpg 1013w, https:\/\/confederaciopenyes.cat\/wp-content\/uploads\/2025\/11\/1976-Cruyff-a-Igualada-Local-de-la-Penya-1024x724-1-300x211.jpg 300w, https:\/\/confederaciopenyes.cat\/wp-content\/uploads\/2025\/11\/1976-Cruyff-a-Igualada-Local-de-la-Penya-1024x724-1-768x539.jpg 768w\" data-sizes=\"(max-width: 1013px) 100vw, 1013px\" src=\"data:image\/svg+xml;base64,PHN2ZyB3aWR0aD0iMSIgaGVpZ2h0PSIxIiB4bWxucz0iaHR0cDovL3d3dy53My5vcmcvMjAwMC9zdmciPjwvc3ZnPg==\" \/><\/a><\/figure>\n<\/div>\n<p><\/p>\n\n<h6 class=\"wp-block-heading\" id=\"h-la-ciutat-d-igualada\"><strong>La ciudad de Igualada<\/strong><\/h6>\n\n<p>Igualada nace alrededor del a\u00f1o 1000, en el margen izquierdo del r\u00edo Anoia, que da nombre a la comarca. El nombre de Igualada proviene del lat\u00edn aqualata, que significa \u201call\u00ed donde el r\u00edo se ensancha\u201d. Un r\u00edo que a lo largo de la historia ha sido bien aprovechado para abastecer la industria adobera o para la energ\u00eda hidr\u00e1ulica de los molinos. La Igualada antigua es un recinto amurallado de peque\u00f1as y tortuosas calles en torno a la iglesia de Santa Mar\u00eda. En el a\u00f1o 1381, Igualada recibe el t\u00edtulo de Carrer de Barcelona y queda bajo la tutela de la ciudad de Barcelona, equipar\u00e1ndose en derechos, libertad y prerrogativas.    <\/p>\n\n<p>En el municipio podemos encontrar un n\u00facleo antiguo con vestigios de la muralla y sus portales, la Bas\u00edlica de Santa Mar\u00eda (con origen en una capilla rom\u00e1nica), el Asilo del Santo Cristo (construcci\u00f3n de arte ecl\u00e9ctico), la iglesia rom\u00e1nica de Sant Jaume Sesoliveres, el Parque y Cementerio nuevo (obra de Enric Miralles), el Museo de la Piel, el Museo del Traginer, el claustro renacentista del antiguo convento de los Agustinos, o el Rec (acequia que recorre de este a oeste el n\u00facleo antiguo por su parte sur y que se ha configurado como un barrio industrial de curtidores). Como detalle relacionado con el FC Barcelona, dos directivos del Club han estado vinculados con Igualada: el citado Nicolau Casaus de la Fuente y Jen\u00e9, y Josep Mussons i Mata. <\/p>\n\n<p>*Articulo con la colaboraci\u00f3n de Toni Claramunt.<\/p>\n","protected":false},"excerpt":{"rendered":"<p>La Penya Blaugrana de Igualada nace en enero de 1959, fruto de la inquietud de una serie de igualadinos que quisieron cristalizar su sentimiento barcelonista fundando una penya cul\u00e9; una de las primeras que tuvo el FC Barcelona. Atr\u00e1s hab\u00eda quedado la Penya Germanor, que se constituy\u00f3 antes de la Guerra en esta misma ciudad &#8230; <a title=\"Cap\u00edtulo 40 &#8211; Penya Blaugrana de Igualada, fundada en 1959\" class=\"read-more\" href=\"https:\/\/confederaciopenyes.cat\/es\/capitulo-40-penya-blaugrana-de-igualada-fundada-en-1959\/\" aria-label=\"Leer m\u00e1s sobre Cap\u00edtulo 40 &#8211; Penya Blaugrana de Igualada, fundada en 1959\">Leer m\u00e1s<\/a><\/p>\n","protected":false},"author":4,"featured_media":37792,"comment_status":"closed","ping_status":"open","sticky":false,"template":"","format":"standard","meta":{"_acf_changed":false,"footnotes":""},"categories":[2802],"tags":[136,198,2774,116,2883],"class_list":["post-37799","post","type-post","status-publish","format-standard","has-post-thumbnail","hentry","category-historia-penyes-es","tag-confederacio-mundial-de-penyes","tag-historia","tag-pb-igualada","tag-penas","tag-penya-germanor-digualada"],"acf":[],"yoast_head":"<!-- This site is optimized with the Yoast SEO Premium plugin v26.7 (Yoast SEO v27.4) - https:\/\/yoast.com\/product\/yoast-seo-premium-wordpress\/ -->\n<title>Cap\u00edtulo 40 - Penya Blaugrana de Igualada, fundada en 1959 - CMP<\/title>\n<meta name=\"description\" content=\"La Penya Blaugrana d&#039;Igualada fue fundada en 1959 y ha alargado su trayectoria barcelonista hasta la actualidad.\" \/>\n<meta name=\"robots\" content=\"index, follow, max-snippet:-1, max-image-preview:large, max-video-preview:-1\" \/>\n<link rel=\"canonical\" href=\"https:\/\/confederaciopenyes.cat\/es\/capitulo-40-penya-blaugrana-de-igualada-fundada-en-1959\/\" \/>\n<meta property=\"og:locale\" content=\"es_ES\" \/>\n<meta property=\"og:type\" content=\"article\" \/>\n<meta property=\"og:title\" content=\"Cap\u00edtulo 40 - Penya Blaugrana de Igualada, fundada en 1959\" \/>\n<meta property=\"og:description\" content=\"La Penya Blaugrana d&#039;Igualada fue fundada en 1959 y ha alargado su trayectoria barcelonista hasta la actualidad.\" \/>\n<meta property=\"og:url\" content=\"https:\/\/confederaciopenyes.cat\/es\/capitulo-40-penya-blaugrana-de-igualada-fundada-en-1959\/\" \/>\n<meta property=\"og:site_name\" content=\"Confederaci\u00f3 Mundial de Penyes del FC Barcelona\" \/>\n<meta property=\"article:publisher\" content=\"https:\/\/www.facebook.com\/ConfederacioMundialPenyesFCB\" \/>\n<meta property=\"article:published_time\" content=\"2025-11-20T14:42:33+00:00\" \/>\n<meta property=\"article:modified_time\" content=\"2025-11-20T14:52:35+00:00\" \/>\n<meta property=\"og:image\" content=\"https:\/\/confederaciopenyes.cat\/wp-content\/uploads\/2025\/11\/Capitol-40-PB-Igualada-2.jpg\" \/>\n\t<meta property=\"og:image:width\" content=\"900\" \/>\n\t<meta property=\"og:image:height\" content=\"636\" \/>\n\t<meta property=\"og:image:type\" content=\"image\/jpeg\" \/>\n<meta name=\"author\" content=\"Confederaci\u00f3 Mundial de Penyes del FC Barcelona\" \/>\n<meta name=\"twitter:card\" content=\"summary_large_image\" \/>\n<meta name=\"twitter:creator\" content=\"@ConfePenyesFCB\" \/>\n<meta name=\"twitter:site\" content=\"@ConfePenyesFCB\" \/>\n<meta name=\"twitter:label1\" content=\"Escrito por\" \/>\n\t<meta name=\"twitter:data1\" content=\"Confederaci\u00f3 Mundial de Penyes del FC Barcelona\" \/>\n\t<meta name=\"twitter:label2\" content=\"Tiempo de lectura\" \/>\n\t<meta name=\"twitter:data2\" content=\"4 minutos\" \/>\n<script type=\"application\/ld+json\" class=\"yoast-schema-graph\">{\"@context\":\"https:\\\/\\\/schema.org\",\"@graph\":[{\"@type\":\"Article\",\"@id\":\"https:\\\/\\\/confederaciopenyes.cat\\\/es\\\/capitulo-40-penya-blaugrana-de-igualada-fundada-en-1959\\\/#article\",\"isPartOf\":{\"@id\":\"https:\\\/\\\/confederaciopenyes.cat\\\/es\\\/capitulo-40-penya-blaugrana-de-igualada-fundada-en-1959\\\/\"},\"author\":{\"name\":\"Confederaci\u00f3 Mundial de Penyes del FC Barcelona\",\"@id\":\"https:\\\/\\\/confederaciopenyes.cat\\\/es\\\/#\\\/schema\\\/person\\\/337072f6daef87a85aa59aa1f134387c\"},\"headline\":\"Cap\u00edtulo 40 &#8211; Penya Blaugrana de Igualada, fundada en 1959\",\"datePublished\":\"2025-11-20T14:42:33+00:00\",\"dateModified\":\"2025-11-20T14:52:35+00:00\",\"mainEntityOfPage\":{\"@id\":\"https:\\\/\\\/confederaciopenyes.cat\\\/es\\\/capitulo-40-penya-blaugrana-de-igualada-fundada-en-1959\\\/\"},\"wordCount\":785,\"publisher\":{\"@id\":\"https:\\\/\\\/confederaciopenyes.cat\\\/es\\\/#organization\"},\"image\":{\"@id\":\"https:\\\/\\\/confederaciopenyes.cat\\\/es\\\/capitulo-40-penya-blaugrana-de-igualada-fundada-en-1959\\\/#primaryimage\"},\"thumbnailUrl\":\"https:\\\/\\\/confederaciopenyes.cat\\\/wp-content\\\/uploads\\\/2025\\\/11\\\/Capitol-40-PB-Igualada-2.jpg\",\"keywords\":[\"confederaci\u00f3 mundial de penyes\",\"Hist\u00f2ria\",\"PB Igualada\",\"pe\u00f1as\",\"Penya Germanor d'Igualada\"],\"articleSection\":[\"Historia\"],\"inLanguage\":\"es\"},{\"@type\":\"WebPage\",\"@id\":\"https:\\\/\\\/confederaciopenyes.cat\\\/es\\\/capitulo-40-penya-blaugrana-de-igualada-fundada-en-1959\\\/\",\"url\":\"https:\\\/\\\/confederaciopenyes.cat\\\/es\\\/capitulo-40-penya-blaugrana-de-igualada-fundada-en-1959\\\/\",\"name\":\"Cap\u00edtulo 40 - Penya Blaugrana de Igualada, fundada en 1959 - CMP\",\"isPartOf\":{\"@id\":\"https:\\\/\\\/confederaciopenyes.cat\\\/es\\\/#website\"},\"primaryImageOfPage\":{\"@id\":\"https:\\\/\\\/confederaciopenyes.cat\\\/es\\\/capitulo-40-penya-blaugrana-de-igualada-fundada-en-1959\\\/#primaryimage\"},\"image\":{\"@id\":\"https:\\\/\\\/confederaciopenyes.cat\\\/es\\\/capitulo-40-penya-blaugrana-de-igualada-fundada-en-1959\\\/#primaryimage\"},\"thumbnailUrl\":\"https:\\\/\\\/confederaciopenyes.cat\\\/wp-content\\\/uploads\\\/2025\\\/11\\\/Capitol-40-PB-Igualada-2.jpg\",\"datePublished\":\"2025-11-20T14:42:33+00:00\",\"dateModified\":\"2025-11-20T14:52:35+00:00\",\"description\":\"La Penya Blaugrana d'Igualada fue fundada en 1959 y ha alargado su trayectoria barcelonista hasta la actualidad.\",\"breadcrumb\":{\"@id\":\"https:\\\/\\\/confederaciopenyes.cat\\\/es\\\/capitulo-40-penya-blaugrana-de-igualada-fundada-en-1959\\\/#breadcrumb\"},\"inLanguage\":\"es\",\"potentialAction\":[{\"@type\":\"ReadAction\",\"target\":[\"https:\\\/\\\/confederaciopenyes.cat\\\/es\\\/capitulo-40-penya-blaugrana-de-igualada-fundada-en-1959\\\/\"]}]},{\"@type\":\"ImageObject\",\"inLanguage\":\"es\",\"@id\":\"https:\\\/\\\/confederaciopenyes.cat\\\/es\\\/capitulo-40-penya-blaugrana-de-igualada-fundada-en-1959\\\/#primaryimage\",\"url\":\"https:\\\/\\\/confederaciopenyes.cat\\\/wp-content\\\/uploads\\\/2025\\\/11\\\/Capitol-40-PB-Igualada-2.jpg\",\"contentUrl\":\"https:\\\/\\\/confederaciopenyes.cat\\\/wp-content\\\/uploads\\\/2025\\\/11\\\/Capitol-40-PB-Igualada-2.jpg\",\"width\":900,\"height\":636},{\"@type\":\"BreadcrumbList\",\"@id\":\"https:\\\/\\\/confederaciopenyes.cat\\\/es\\\/capitulo-40-penya-blaugrana-de-igualada-fundada-en-1959\\\/#breadcrumb\",\"itemListElement\":[{\"@type\":\"ListItem\",\"position\":1,\"name\":\"Portada\",\"item\":\"https:\\\/\\\/confederaciopenyes.cat\\\/es\\\/\"},{\"@type\":\"ListItem\",\"position\":2,\"name\":\"Cap\u00edtulo 40 &#8211; Penya Blaugrana de Igualada, fundada en 1959\"}]},{\"@type\":\"WebSite\",\"@id\":\"https:\\\/\\\/confederaciopenyes.cat\\\/es\\\/#website\",\"url\":\"https:\\\/\\\/confederaciopenyes.cat\\\/es\\\/\",\"name\":\"Confederaci\u00f3 Mundial de Penyes del FC Barcelona\",\"description\":\"C.M. Penyes FC Barcelona\",\"publisher\":{\"@id\":\"https:\\\/\\\/confederaciopenyes.cat\\\/es\\\/#organization\"},\"potentialAction\":[{\"@type\":\"SearchAction\",\"target\":{\"@type\":\"EntryPoint\",\"urlTemplate\":\"https:\\\/\\\/confederaciopenyes.cat\\\/es\\\/?s={search_term_string}\"},\"query-input\":{\"@type\":\"PropertyValueSpecification\",\"valueRequired\":true,\"valueName\":\"search_term_string\"}}],\"inLanguage\":\"es\"},{\"@type\":\"Organization\",\"@id\":\"https:\\\/\\\/confederaciopenyes.cat\\\/es\\\/#organization\",\"name\":\"Confederaci\u00f3 Mundial de Penyes del FC Barcelona\",\"url\":\"https:\\\/\\\/confederaciopenyes.cat\\\/es\\\/\",\"logo\":{\"@type\":\"ImageObject\",\"inLanguage\":\"es\",\"@id\":\"https:\\\/\\\/confederaciopenyes.cat\\\/es\\\/#\\\/schema\\\/logo\\\/image\\\/\",\"url\":\"https:\\\/\\\/confederaciopenyes.cat\\\/wp-content\\\/uploads\\\/2022\\\/07\\\/cropped-logo_horizontal.png\",\"contentUrl\":\"https:\\\/\\\/confederaciopenyes.cat\\\/wp-content\\\/uploads\\\/2022\\\/07\\\/cropped-logo_horizontal.png\",\"width\":1320,\"height\":309,\"caption\":\"Confederaci\u00f3 Mundial de Penyes del FC Barcelona\"},\"image\":{\"@id\":\"https:\\\/\\\/confederaciopenyes.cat\\\/es\\\/#\\\/schema\\\/logo\\\/image\\\/\"},\"sameAs\":[\"https:\\\/\\\/www.facebook.com\\\/ConfederacioMundialPenyesFCB\",\"https:\\\/\\\/x.com\\\/ConfePenyesFCB\",\"https:\\\/\\\/www.instagram.com\\\/confepenyesfcb\\\/\"]},{\"@type\":\"Person\",\"@id\":\"https:\\\/\\\/confederaciopenyes.cat\\\/es\\\/#\\\/schema\\\/person\\\/337072f6daef87a85aa59aa1f134387c\",\"name\":\"Confederaci\u00f3 Mundial de Penyes del FC Barcelona\",\"image\":{\"@type\":\"ImageObject\",\"inLanguage\":\"es\",\"@id\":\"https:\\\/\\\/secure.gravatar.com\\\/avatar\\\/98c60c7405ff843b10aec55db652bd3f5cb4320ef331ae76c156819a62194328?s=96&d=mm&r=g\",\"url\":\"https:\\\/\\\/secure.gravatar.com\\\/avatar\\\/98c60c7405ff843b10aec55db652bd3f5cb4320ef331ae76c156819a62194328?s=96&d=mm&r=g\",\"contentUrl\":\"https:\\\/\\\/secure.gravatar.com\\\/avatar\\\/98c60c7405ff843b10aec55db652bd3f5cb4320ef331ae76c156819a62194328?s=96&d=mm&r=g\",\"caption\":\"Confederaci\u00f3 Mundial de Penyes del FC Barcelona\"},\"url\":\"https:\\\/\\\/confederaciopenyes.cat\\\/es\\\/author\\\/comunicacioconfederaciopenyes-cat\\\/\"}]}<\/script>\n<!-- \/ Yoast SEO Premium plugin. -->","yoast_head_json":{"title":"Cap\u00edtulo 40 - Penya Blaugrana de Igualada, fundada en 1959 - CMP","description":"La Penya Blaugrana d'Igualada fue fundada en 1959 y ha alargado su trayectoria barcelonista hasta la actualidad.","robots":{"index":"index","follow":"follow","max-snippet":"max-snippet:-1","max-image-preview":"max-image-preview:large","max-video-preview":"max-video-preview:-1"},"canonical":"https:\/\/confederaciopenyes.cat\/es\/capitulo-40-penya-blaugrana-de-igualada-fundada-en-1959\/","og_locale":"es_ES","og_type":"article","og_title":"Cap\u00edtulo 40 - Penya Blaugrana de Igualada, fundada en 1959","og_description":"La Penya Blaugrana d'Igualada fue fundada en 1959 y ha alargado su trayectoria barcelonista hasta la actualidad.","og_url":"https:\/\/confederaciopenyes.cat\/es\/capitulo-40-penya-blaugrana-de-igualada-fundada-en-1959\/","og_site_name":"Confederaci\u00f3 Mundial de Penyes del FC Barcelona","article_publisher":"https:\/\/www.facebook.com\/ConfederacioMundialPenyesFCB","article_published_time":"2025-11-20T14:42:33+00:00","article_modified_time":"2025-11-20T14:52:35+00:00","og_image":[{"width":900,"height":636,"url":"https:\/\/confederaciopenyes.cat\/wp-content\/uploads\/2025\/11\/Capitol-40-PB-Igualada-2.jpg","type":"image\/jpeg"}],"author":"Confederaci\u00f3 Mundial de Penyes del FC Barcelona","twitter_card":"summary_large_image","twitter_creator":"@ConfePenyesFCB","twitter_site":"@ConfePenyesFCB","twitter_misc":{"Escrito por":"Confederaci\u00f3 Mundial de Penyes del FC Barcelona","Tiempo de lectura":"4 minutos"},"schema":{"@context":"https:\/\/schema.org","@graph":[{"@type":"Article","@id":"https:\/\/confederaciopenyes.cat\/es\/capitulo-40-penya-blaugrana-de-igualada-fundada-en-1959\/#article","isPartOf":{"@id":"https:\/\/confederaciopenyes.cat\/es\/capitulo-40-penya-blaugrana-de-igualada-fundada-en-1959\/"},"author":{"name":"Confederaci\u00f3 Mundial de Penyes del FC Barcelona","@id":"https:\/\/confederaciopenyes.cat\/es\/#\/schema\/person\/337072f6daef87a85aa59aa1f134387c"},"headline":"Cap\u00edtulo 40 &#8211; Penya Blaugrana de Igualada, fundada en 1959","datePublished":"2025-11-20T14:42:33+00:00","dateModified":"2025-11-20T14:52:35+00:00","mainEntityOfPage":{"@id":"https:\/\/confederaciopenyes.cat\/es\/capitulo-40-penya-blaugrana-de-igualada-fundada-en-1959\/"},"wordCount":785,"publisher":{"@id":"https:\/\/confederaciopenyes.cat\/es\/#organization"},"image":{"@id":"https:\/\/confederaciopenyes.cat\/es\/capitulo-40-penya-blaugrana-de-igualada-fundada-en-1959\/#primaryimage"},"thumbnailUrl":"https:\/\/confederaciopenyes.cat\/wp-content\/uploads\/2025\/11\/Capitol-40-PB-Igualada-2.jpg","keywords":["confederaci\u00f3 mundial de penyes","Hist\u00f2ria","PB Igualada","pe\u00f1as","Penya Germanor d'Igualada"],"articleSection":["Historia"],"inLanguage":"es"},{"@type":"WebPage","@id":"https:\/\/confederaciopenyes.cat\/es\/capitulo-40-penya-blaugrana-de-igualada-fundada-en-1959\/","url":"https:\/\/confederaciopenyes.cat\/es\/capitulo-40-penya-blaugrana-de-igualada-fundada-en-1959\/","name":"Cap\u00edtulo 40 - Penya Blaugrana de Igualada, fundada en 1959 - CMP","isPartOf":{"@id":"https:\/\/confederaciopenyes.cat\/es\/#website"},"primaryImageOfPage":{"@id":"https:\/\/confederaciopenyes.cat\/es\/capitulo-40-penya-blaugrana-de-igualada-fundada-en-1959\/#primaryimage"},"image":{"@id":"https:\/\/confederaciopenyes.cat\/es\/capitulo-40-penya-blaugrana-de-igualada-fundada-en-1959\/#primaryimage"},"thumbnailUrl":"https:\/\/confederaciopenyes.cat\/wp-content\/uploads\/2025\/11\/Capitol-40-PB-Igualada-2.jpg","datePublished":"2025-11-20T14:42:33+00:00","dateModified":"2025-11-20T14:52:35+00:00","description":"La Penya Blaugrana d'Igualada fue fundada en 1959 y ha alargado su trayectoria barcelonista hasta la actualidad.","breadcrumb":{"@id":"https:\/\/confederaciopenyes.cat\/es\/capitulo-40-penya-blaugrana-de-igualada-fundada-en-1959\/#breadcrumb"},"inLanguage":"es","potentialAction":[{"@type":"ReadAction","target":["https:\/\/confederaciopenyes.cat\/es\/capitulo-40-penya-blaugrana-de-igualada-fundada-en-1959\/"]}]},{"@type":"ImageObject","inLanguage":"es","@id":"https:\/\/confederaciopenyes.cat\/es\/capitulo-40-penya-blaugrana-de-igualada-fundada-en-1959\/#primaryimage","url":"https:\/\/confederaciopenyes.cat\/wp-content\/uploads\/2025\/11\/Capitol-40-PB-Igualada-2.jpg","contentUrl":"https:\/\/confederaciopenyes.cat\/wp-content\/uploads\/2025\/11\/Capitol-40-PB-Igualada-2.jpg","width":900,"height":636},{"@type":"BreadcrumbList","@id":"https:\/\/confederaciopenyes.cat\/es\/capitulo-40-penya-blaugrana-de-igualada-fundada-en-1959\/#breadcrumb","itemListElement":[{"@type":"ListItem","position":1,"name":"Portada","item":"https:\/\/confederaciopenyes.cat\/es\/"},{"@type":"ListItem","position":2,"name":"Cap\u00edtulo 40 &#8211; Penya Blaugrana de Igualada, fundada en 1959"}]},{"@type":"WebSite","@id":"https:\/\/confederaciopenyes.cat\/es\/#website","url":"https:\/\/confederaciopenyes.cat\/es\/","name":"Confederaci\u00f3 Mundial de Penyes del FC Barcelona","description":"C.M. Penyes FC Barcelona","publisher":{"@id":"https:\/\/confederaciopenyes.cat\/es\/#organization"},"potentialAction":[{"@type":"SearchAction","target":{"@type":"EntryPoint","urlTemplate":"https:\/\/confederaciopenyes.cat\/es\/?s={search_term_string}"},"query-input":{"@type":"PropertyValueSpecification","valueRequired":true,"valueName":"search_term_string"}}],"inLanguage":"es"},{"@type":"Organization","@id":"https:\/\/confederaciopenyes.cat\/es\/#organization","name":"Confederaci\u00f3 Mundial de Penyes del FC Barcelona","url":"https:\/\/confederaciopenyes.cat\/es\/","logo":{"@type":"ImageObject","inLanguage":"es","@id":"https:\/\/confederaciopenyes.cat\/es\/#\/schema\/logo\/image\/","url":"https:\/\/confederaciopenyes.cat\/wp-content\/uploads\/2022\/07\/cropped-logo_horizontal.png","contentUrl":"https:\/\/confederaciopenyes.cat\/wp-content\/uploads\/2022\/07\/cropped-logo_horizontal.png","width":1320,"height":309,"caption":"Confederaci\u00f3 Mundial de Penyes del FC Barcelona"},"image":{"@id":"https:\/\/confederaciopenyes.cat\/es\/#\/schema\/logo\/image\/"},"sameAs":["https:\/\/www.facebook.com\/ConfederacioMundialPenyesFCB","https:\/\/x.com\/ConfePenyesFCB","https:\/\/www.instagram.com\/confepenyesfcb\/"]},{"@type":"Person","@id":"https:\/\/confederaciopenyes.cat\/es\/#\/schema\/person\/337072f6daef87a85aa59aa1f134387c","name":"Confederaci\u00f3 Mundial de Penyes del FC Barcelona","image":{"@type":"ImageObject","inLanguage":"es","@id":"https:\/\/secure.gravatar.com\/avatar\/98c60c7405ff843b10aec55db652bd3f5cb4320ef331ae76c156819a62194328?s=96&d=mm&r=g","url":"https:\/\/secure.gravatar.com\/avatar\/98c60c7405ff843b10aec55db652bd3f5cb4320ef331ae76c156819a62194328?s=96&d=mm&r=g","contentUrl":"https:\/\/secure.gravatar.com\/avatar\/98c60c7405ff843b10aec55db652bd3f5cb4320ef331ae76c156819a62194328?s=96&d=mm&r=g","caption":"Confederaci\u00f3 Mundial de Penyes del FC Barcelona"},"url":"https:\/\/confederaciopenyes.cat\/es\/author\/comunicacioconfederaciopenyes-cat\/"}]}},"_links":{"self":[{"href":"https:\/\/confederaciopenyes.cat\/es\/wp-json\/wp\/v2\/posts\/37799","targetHints":{"allow":["GET"]}}],"collection":[{"href":"https:\/\/confederaciopenyes.cat\/es\/wp-json\/wp\/v2\/posts"}],"about":[{"href":"https:\/\/confederaciopenyes.cat\/es\/wp-json\/wp\/v2\/types\/post"}],"author":[{"embeddable":true,"href":"https:\/\/confederaciopenyes.cat\/es\/wp-json\/wp\/v2\/users\/4"}],"replies":[{"embeddable":true,"href":"https:\/\/confederaciopenyes.cat\/es\/wp-json\/wp\/v2\/comments?post=37799"}],"version-history":[{"count":1,"href":"https:\/\/confederaciopenyes.cat\/es\/wp-json\/wp\/v2\/posts\/37799\/revisions"}],"predecessor-version":[{"id":37800,"href":"https:\/\/confederaciopenyes.cat\/es\/wp-json\/wp\/v2\/posts\/37799\/revisions\/37800"}],"wp:featuredmedia":[{"embeddable":true,"href":"https:\/\/confederaciopenyes.cat\/es\/wp-json\/wp\/v2\/media\/37792"}],"wp:attachment":[{"href":"https:\/\/confederaciopenyes.cat\/es\/wp-json\/wp\/v2\/media?parent=37799"}],"wp:term":[{"taxonomy":"category","embeddable":true,"href":"https:\/\/confederaciopenyes.cat\/es\/wp-json\/wp\/v2\/categories?post=37799"},{"taxonomy":"post_tag","embeddable":true,"href":"https:\/\/confederaciopenyes.cat\/es\/wp-json\/wp\/v2\/tags?post=37799"}],"curies":[{"name":"wp","href":"https:\/\/api.w.org\/{rel}","templated":true}]}}