{"id":38144,"date":"2025-12-03T11:30:39","date_gmt":"2025-12-03T10:30:39","guid":{"rendered":"https:\/\/confederaciopenyes.cat\/gran-exito-de-la-3a-edicion-del-torneo-de-futbol-7-de-capacidades-diversas-de-la-pb-sant-cugat\/"},"modified":"2025-12-03T11:45:18","modified_gmt":"2025-12-03T10:45:18","slug":"gran-exito-de-la-3a-edicion-del-torneo-de-futbol-7-de-capacidades-diversas-de-la-pb-sant-cugat","status":"publish","type":"post","link":"https:\/\/confederaciopenyes.cat\/es\/gran-exito-de-la-3a-edicion-del-torneo-de-futbol-7-de-capacidades-diversas-de-la-pb-sant-cugat\/","title":{"rendered":"Gran \u00e9xito de la 3\u00aa edici\u00f3n del Torneo de F\u00fatbol 7 de Capacidades Diversas de la PB Sant Cugat"},"content":{"rendered":"\n<p>La<strong><a href=\"https:\/\/pbsantcugat.cat\/\"> Penya Blaugrana de Sant Cugat<\/a><\/strong> (Federaci\u00f3 de Penyes del Vall\u00e8s) celebr\u00f3 la <strong>3\u00aa edici\u00f3n del Torneo de F\u00fatbol 7 de Capacidades Diversas<\/strong> (hasta ahora denominado Torneo Adaptado de F\u00fatbol 7) con un<strong> gran \u00e9xito de participaci\u00f3n y asistencia<\/strong>. La iniciativa, organizada en colaboraci\u00f3n con el Ayuntamiento de Sant Cugat, reuni\u00f3 a <strong>cinco equipos en el Campo Municipal de F\u00fatbol de Can Mag\u00ed<\/strong>, con un total de <strong>70 participantes entre jugadores, jugadoras, entrenadores y entrenadoras<\/strong>. <\/p>\n\n<p>Los conjuntos que participaron en el 3er Torneo de F\u00fatbol 7 de Capacidades Diversas de la PB Sant Cugat fueron <strong>CFU Mira-sol Baco Catal\u00f2nia Fundaci\u00f3 Creactiva, Maresme Catal\u00f2nia Fundaci\u00f3 Creactiva, Asociaci\u00f3n Arc de Sant Mart\u00ed de Martorell, CFU Mira-sol Baco ValldoFlore Catal\u00f2nia Fundaci\u00f3 Creactiva y Pe\u00f1a Blaugrana Sant Cugat-Taller Jeroni de Moragas<\/strong>. Todos ellos promovieron un ambiente de inclusividad y concordia entre los participantes, convirtiendo el evento en toda una fiesta del f\u00fatbol adaptado en Sant Cugat y dejando la clasificaci\u00f3n en un segundo plano. Por ello, <strong>hubo medallas para todos los jugadores y jugadoras, y trofeos para los cinco equipos participantes<\/strong>.  <\/p>\n\n<p>La entrega estuvo a cargo de <strong>Ferran Felius<\/strong>, responsable del Comisionado para las Personas con Discapacidad del Ayuntamiento de Sant Cugat;<strong> Eloi Rovira<\/strong>, asesor del \u00e1rea de Deportes del mismo Ayuntamiento; <strong>Adri\u00e0 Serrahima<\/strong>, director general de Catal\u00f2nia Fundaci\u00f3 Creactiva; <strong>Maria Gonz\u00e1lez<\/strong>, coordinadora del \u00e1rea de Actividad F\u00edsica de Catal\u00f2nia Fundaci\u00f3 Creactiva; <strong>Anna Riba<\/strong>, pedagoga de Catal\u00f2nia Fundaci\u00f3 Creactiva; <strong>Albert Foz<\/strong>, vicepresidente del CFU Mirasol Baco; y <strong>Pau Pulido<\/strong>, vicepresidente primero de la Penya Blaugrana Sant Cugat.<\/p>\n\n<h6 class=\"wp-block-heading\" id=\"h-dia-internacional-de-les-persones-amb-discapacitat\"><strong>D\u00eda Internacional de las Personas con Discapacidad<\/strong><\/h6>\n\n<p>Este 3er Torneo de F\u00fatbol 7 de Capacidades Diversas de la PB Sant Cugat<strong> refuerza el compromiso de la pe\u00f1a con el f\u00fatbol inclusivo y se enmarca en el D\u00eda Internacional de las Personas con Discapacidad, que se conmemora cada 3 de diciembre<\/strong>. La iniciativa forma parte del programa de actos (del 15 de noviembre al 3 de diciembre), organizado en el municipio de Sant Cugat, elaborado conjuntamente por la Mesa para las Personas con Discapacidad de la ciudad, el Comisionado para Personas con Discapacidad y la Secci\u00f3n de Ciudadan\u00eda del Ayuntamiento. Este a\u00f1o, el lema es<strong> \u201cCada paso cuenta: construimos una ciudad inclusiva\u201d<\/strong>, con la voluntad de visibilizar las necesidades de este colectivo.  <\/p>\n\n<figure class=\"wp-block-gallery has-nested-images columns-default is-cropped wp-block-gallery-1 is-layout-flex wp-block-gallery-is-layout-flex\">\n<figure class=\"wp-block-image size-large\"><a href=\"https:\/\/confederaciopenyes.cat\/wp-content\/uploads\/2025\/12\/G6xB4-yXMAEHHQ3.jpg\"><img decoding=\"async\" width=\"1024\" height=\"576\" data-id=\"38117\" data-src=\"https:\/\/confederaciopenyes.cat\/wp-content\/uploads\/2025\/12\/G6xB4-yXMAEHHQ3-1024x576.jpg\" alt=\"\" class=\"wp-image-38117 lazyload\" data-srcset=\"https:\/\/confederaciopenyes.cat\/wp-content\/uploads\/2025\/12\/G6xB4-yXMAEHHQ3-1024x576.jpg 1024w, https:\/\/confederaciopenyes.cat\/wp-content\/uploads\/2025\/12\/G6xB4-yXMAEHHQ3-300x169.jpg 300w, https:\/\/confederaciopenyes.cat\/wp-content\/uploads\/2025\/12\/G6xB4-yXMAEHHQ3-768x432.jpg 768w, https:\/\/confederaciopenyes.cat\/wp-content\/uploads\/2025\/12\/G6xB4-yXMAEHHQ3-1536x864.jpg 1536w, https:\/\/confederaciopenyes.cat\/wp-content\/uploads\/2025\/12\/G6xB4-yXMAEHHQ3.jpg 1810w\" data-sizes=\"(max-width: 1024px) 100vw, 1024px\" src=\"data:image\/svg+xml;base64,PHN2ZyB3aWR0aD0iMSIgaGVpZ2h0PSIxIiB4bWxucz0iaHR0cDovL3d3dy53My5vcmcvMjAwMC9zdmciPjwvc3ZnPg==\" style=\"--smush-placeholder-width: 1024px; --smush-placeholder-aspect-ratio: 1024\/576;\" \/><\/a><\/figure>\n\n\n\n<figure class=\"wp-block-image size-large\"><a href=\"https:\/\/confederaciopenyes.cat\/wp-content\/uploads\/2025\/12\/G6xB_YAWcAAk03I-edited.jpg\"><img decoding=\"async\" width=\"1200\" height=\"800\" data-id=\"38132\" data-src=\"https:\/\/confederaciopenyes.cat\/wp-content\/uploads\/2025\/12\/G6xB_YAWcAAk03I-edited.jpg\" alt=\"\" class=\"wp-image-38132 lazyload\" data-srcset=\"https:\/\/confederaciopenyes.cat\/wp-content\/uploads\/2025\/12\/G6xB_YAWcAAk03I-edited.jpg 1200w, https:\/\/confederaciopenyes.cat\/wp-content\/uploads\/2025\/12\/G6xB_YAWcAAk03I-edited-300x200.jpg 300w, https:\/\/confederaciopenyes.cat\/wp-content\/uploads\/2025\/12\/G6xB_YAWcAAk03I-edited-1024x683.jpg 1024w, https:\/\/confederaciopenyes.cat\/wp-content\/uploads\/2025\/12\/G6xB_YAWcAAk03I-edited-768x512.jpg 768w\" data-sizes=\"(max-width: 1200px) 100vw, 1200px\" src=\"data:image\/svg+xml;base64,PHN2ZyB3aWR0aD0iMSIgaGVpZ2h0PSIxIiB4bWxucz0iaHR0cDovL3d3dy53My5vcmcvMjAwMC9zdmciPjwvc3ZnPg==\" style=\"--smush-placeholder-width: 1200px; --smush-placeholder-aspect-ratio: 1200\/800;\" \/><\/a><\/figure>\n\n\n\n<figure class=\"wp-block-image size-large\"><a href=\"https:\/\/confederaciopenyes.cat\/wp-content\/uploads\/2025\/12\/G6xBsjmWYAEIwhL-scaled.jpg\"><img decoding=\"async\" width=\"1024\" height=\"768\" data-id=\"38126\" data-src=\"https:\/\/confederaciopenyes.cat\/wp-content\/uploads\/2025\/12\/G6xBsjmWYAEIwhL-1024x768.jpg\" alt=\"\" class=\"wp-image-38126 lazyload\" data-srcset=\"https:\/\/confederaciopenyes.cat\/wp-content\/uploads\/2025\/12\/G6xBsjmWYAEIwhL-1024x768.jpg 1024w, https:\/\/confederaciopenyes.cat\/wp-content\/uploads\/2025\/12\/G6xBsjmWYAEIwhL-300x225.jpg 300w, https:\/\/confederaciopenyes.cat\/wp-content\/uploads\/2025\/12\/G6xBsjmWYAEIwhL-768x576.jpg 768w, https:\/\/confederaciopenyes.cat\/wp-content\/uploads\/2025\/12\/G6xBsjmWYAEIwhL-1536x1152.jpg 1536w, https:\/\/confederaciopenyes.cat\/wp-content\/uploads\/2025\/12\/G6xBsjmWYAEIwhL-2048x1536.jpg 2048w\" data-sizes=\"(max-width: 1024px) 100vw, 1024px\" src=\"data:image\/svg+xml;base64,PHN2ZyB3aWR0aD0iMSIgaGVpZ2h0PSIxIiB4bWxucz0iaHR0cDovL3d3dy53My5vcmcvMjAwMC9zdmciPjwvc3ZnPg==\" style=\"--smush-placeholder-width: 1024px; --smush-placeholder-aspect-ratio: 1024\/768;\" \/><\/a><\/figure>\n\n\n\n<figure class=\"wp-block-image size-large\"><a href=\"https:\/\/confederaciopenyes.cat\/wp-content\/uploads\/2025\/12\/WhatsApp-Image-2025-11-26-at-07.07.043-1536x1152-1.jpg\"><img decoding=\"async\" width=\"1024\" height=\"576\" data-id=\"38114\" data-src=\"https:\/\/confederaciopenyes.cat\/wp-content\/uploads\/2025\/12\/WhatsApp-Image-2025-11-26-at-07.07.043-1536x1152-1-1024x576.jpg\" alt=\"\" class=\"wp-image-38114 lazyload\" data-srcset=\"https:\/\/confederaciopenyes.cat\/wp-content\/uploads\/2025\/12\/WhatsApp-Image-2025-11-26-at-07.07.043-1536x1152-1-1024x576.jpg 1024w, https:\/\/confederaciopenyes.cat\/wp-content\/uploads\/2025\/12\/WhatsApp-Image-2025-11-26-at-07.07.043-1536x1152-1-300x169.jpg 300w, https:\/\/confederaciopenyes.cat\/wp-content\/uploads\/2025\/12\/WhatsApp-Image-2025-11-26-at-07.07.043-1536x1152-1-768x432.jpg 768w, https:\/\/confederaciopenyes.cat\/wp-content\/uploads\/2025\/12\/WhatsApp-Image-2025-11-26-at-07.07.043-1536x1152-1.jpg 1536w\" data-sizes=\"(max-width: 1024px) 100vw, 1024px\" src=\"data:image\/svg+xml;base64,PHN2ZyB3aWR0aD0iMSIgaGVpZ2h0PSIxIiB4bWxucz0iaHR0cDovL3d3dy53My5vcmcvMjAwMC9zdmciPjwvc3ZnPg==\" style=\"--smush-placeholder-width: 1024px; --smush-placeholder-aspect-ratio: 1024\/576;\" \/><\/a><\/figure>\n\n\n\n<figure class=\"wp-block-image size-large\"><a href=\"https:\/\/confederaciopenyes.cat\/wp-content\/uploads\/2025\/12\/WhatsApp-Image-2025-11-26-at-12.45.521-1152x1536-1-edited.jpg\"><img decoding=\"async\" width=\"1152\" height=\"768\" data-id=\"38135\" data-src=\"https:\/\/confederaciopenyes.cat\/wp-content\/uploads\/2025\/12\/WhatsApp-Image-2025-11-26-at-12.45.521-1152x1536-1-edited.jpg\" alt=\"\" class=\"wp-image-38135 lazyload\" data-srcset=\"https:\/\/confederaciopenyes.cat\/wp-content\/uploads\/2025\/12\/WhatsApp-Image-2025-11-26-at-12.45.521-1152x1536-1-edited.jpg 1152w, https:\/\/confederaciopenyes.cat\/wp-content\/uploads\/2025\/12\/WhatsApp-Image-2025-11-26-at-12.45.521-1152x1536-1-edited-300x200.jpg 300w, https:\/\/confederaciopenyes.cat\/wp-content\/uploads\/2025\/12\/WhatsApp-Image-2025-11-26-at-12.45.521-1152x1536-1-edited-1024x683.jpg 1024w, https:\/\/confederaciopenyes.cat\/wp-content\/uploads\/2025\/12\/WhatsApp-Image-2025-11-26-at-12.45.521-1152x1536-1-edited-768x512.jpg 768w\" data-sizes=\"(max-width: 1152px) 100vw, 1152px\" src=\"data:image\/svg+xml;base64,PHN2ZyB3aWR0aD0iMSIgaGVpZ2h0PSIxIiB4bWxucz0iaHR0cDovL3d3dy53My5vcmcvMjAwMC9zdmciPjwvc3ZnPg==\" style=\"--smush-placeholder-width: 1152px; --smush-placeholder-aspect-ratio: 1152\/768;\" \/><\/a><\/figure>\n\n\n\n<figure class=\"wp-block-image size-large\"><a href=\"https:\/\/confederaciopenyes.cat\/wp-content\/uploads\/2025\/12\/WhatsApp-Image-2025-11-26-at-12.45.54-1152x1536-1-edited.jpg\"><img decoding=\"async\" width=\"1152\" height=\"768\" data-id=\"38138\" data-src=\"https:\/\/confederaciopenyes.cat\/wp-content\/uploads\/2025\/12\/WhatsApp-Image-2025-11-26-at-12.45.54-1152x1536-1-edited.jpg\" alt=\"\" class=\"wp-image-38138 lazyload\" data-srcset=\"https:\/\/confederaciopenyes.cat\/wp-content\/uploads\/2025\/12\/WhatsApp-Image-2025-11-26-at-12.45.54-1152x1536-1-edited.jpg 1152w, https:\/\/confederaciopenyes.cat\/wp-content\/uploads\/2025\/12\/WhatsApp-Image-2025-11-26-at-12.45.54-1152x1536-1-edited-300x200.jpg 300w, https:\/\/confederaciopenyes.cat\/wp-content\/uploads\/2025\/12\/WhatsApp-Image-2025-11-26-at-12.45.54-1152x1536-1-edited-1024x683.jpg 1024w, https:\/\/confederaciopenyes.cat\/wp-content\/uploads\/2025\/12\/WhatsApp-Image-2025-11-26-at-12.45.54-1152x1536-1-edited-768x512.jpg 768w\" data-sizes=\"(max-width: 1152px) 100vw, 1152px\" src=\"data:image\/svg+xml;base64,PHN2ZyB3aWR0aD0iMSIgaGVpZ2h0PSIxIiB4bWxucz0iaHR0cDovL3d3dy53My5vcmcvMjAwMC9zdmciPjwvc3ZnPg==\" style=\"--smush-placeholder-width: 1152px; --smush-placeholder-aspect-ratio: 1152\/768;\" \/><\/a><\/figure>\n<\/figure>\n\n<p><\/p>\n","protected":false},"excerpt":{"rendered":"<p>La Penya Blaugrana de Sant Cugat (Federaci\u00f3 de Penyes del Vall\u00e8s) celebr\u00f3 la 3\u00aa edici\u00f3n del Torneo de F\u00fatbol 7 de Capacidades Diversas (hasta ahora denominado Torneo Adaptado de F\u00fatbol 7) con un gran \u00e9xito de participaci\u00f3n y asistencia. La iniciativa, organizada en colaboraci\u00f3n con el Ayuntamiento de Sant Cugat, reuni\u00f3 a cinco equipos en &#8230; <a title=\"Gran \u00e9xito de la 3\u00aa edici\u00f3n del Torneo de F\u00fatbol 7 de Capacidades Diversas de la PB Sant Cugat\" class=\"read-more\" href=\"https:\/\/confederaciopenyes.cat\/es\/gran-exito-de-la-3a-edicion-del-torneo-de-futbol-7-de-capacidades-diversas-de-la-pb-sant-cugat\/\" aria-label=\"Leer m\u00e1s sobre Gran \u00e9xito de la 3\u00aa edici\u00f3n del Torneo de F\u00fatbol 7 de Capacidades Diversas de la PB Sant Cugat\">Leer m\u00e1s<\/a><\/p>\n","protected":false},"author":4,"featured_media":38113,"comment_status":"closed","ping_status":"open","sticky":false,"template":"","format":"standard","meta":{"_acf_changed":false,"footnotes":""},"categories":[1],"tags":[2594,2557,2595,2960,2555,2603,4053],"class_list":["post-38144","post","type-post","status-publish","format-standard","has-post-thumbnail","hentry","category-noticias-es","tag-confederacio-mundial-de-penyes-es-3","tag-futbol-inclusivo-es","tag-noticias-es-2","tag-pb-sant-cugat-es-2","tag-penas-es","tag-solidaridad-es-2","tag-torneo-capacidades-diverses-futbol-7"],"acf":[],"yoast_head":"<!-- This site is optimized with the Yoast SEO Premium plugin v26.7 (Yoast SEO v27.4) - https:\/\/yoast.com\/product\/yoast-seo-premium-wordpress\/ -->\n<title>3r Torneo Futbol 7 de Capacidades Diversas PB Sant Cugat - CMP<\/title>\n<meta name=\"description\" content=\"La Penya Blaugrana Sant Cugat celebr\u00f3 la 3\u00aa edici\u00f3n del Torneo de F\u00fatbol 7 de Capacidades Diversas con un gran \u00e9xito de participaci\u00f3n\" \/>\n<meta name=\"robots\" content=\"index, follow, max-snippet:-1, max-image-preview:large, max-video-preview:-1\" \/>\n<link rel=\"canonical\" href=\"https:\/\/confederaciopenyes.cat\/es\/gran-exito-de-la-3a-edicion-del-torneo-de-futbol-7-de-capacidades-diversas-de-la-pb-sant-cugat\/\" \/>\n<meta property=\"og:locale\" content=\"es_ES\" \/>\n<meta property=\"og:type\" content=\"article\" \/>\n<meta property=\"og:title\" content=\"Gran \u00e9xito de la 3\u00aa edici\u00f3n del Torneo de F\u00fatbol 7 de Capacidades Diversas de la PB Sant Cugat\" \/>\n<meta property=\"og:description\" content=\"La Penya Blaugrana Sant Cugat celebr\u00f3 la 3\u00aa edici\u00f3n del Torneo de F\u00fatbol 7 de Capacidades Diversas con un gran \u00e9xito de participaci\u00f3n\" \/>\n<meta property=\"og:url\" content=\"https:\/\/confederaciopenyes.cat\/es\/gran-exito-de-la-3a-edicion-del-torneo-de-futbol-7-de-capacidades-diversas-de-la-pb-sant-cugat\/\" \/>\n<meta property=\"og:site_name\" content=\"Confederaci\u00f3 Mundial de Penyes del FC Barcelona\" \/>\n<meta property=\"article:publisher\" content=\"https:\/\/www.facebook.com\/ConfederacioMundialPenyesFCB\" \/>\n<meta property=\"article:published_time\" content=\"2025-12-03T10:30:39+00:00\" \/>\n<meta property=\"article:modified_time\" content=\"2025-12-03T10:45:18+00:00\" \/>\n<meta property=\"og:image\" content=\"https:\/\/confederaciopenyes.cat\/wp-content\/uploads\/2025\/12\/G6xBoIiXwAAF2rH-scaled-e1764757811963.jpg\" \/>\n\t<meta property=\"og:image:width\" content=\"2560\" \/>\n\t<meta property=\"og:image:height\" content=\"1440\" \/>\n\t<meta property=\"og:image:type\" content=\"image\/jpeg\" \/>\n<meta name=\"author\" content=\"Confederaci\u00f3 Mundial de Penyes del FC Barcelona\" \/>\n<meta name=\"twitter:card\" content=\"summary_large_image\" \/>\n<meta name=\"twitter:creator\" content=\"@ConfePenyesFCB\" \/>\n<meta name=\"twitter:site\" content=\"@ConfePenyesFCB\" \/>\n<meta name=\"twitter:label1\" content=\"Escrito por\" \/>\n\t<meta name=\"twitter:data1\" content=\"Confederaci\u00f3 Mundial de Penyes del FC Barcelona\" \/>\n\t<meta name=\"twitter:label2\" content=\"Tiempo de lectura\" \/>\n\t<meta name=\"twitter:data2\" content=\"4 minutos\" \/>\n<script type=\"application\/ld+json\" class=\"yoast-schema-graph\">{\"@context\":\"https:\\\/\\\/schema.org\",\"@graph\":[{\"@type\":\"Article\",\"@id\":\"https:\\\/\\\/confederaciopenyes.cat\\\/es\\\/gran-exito-de-la-3a-edicion-del-torneo-de-futbol-7-de-capacidades-diversas-de-la-pb-sant-cugat\\\/#article\",\"isPartOf\":{\"@id\":\"https:\\\/\\\/confederaciopenyes.cat\\\/es\\\/gran-exito-de-la-3a-edicion-del-torneo-de-futbol-7-de-capacidades-diversas-de-la-pb-sant-cugat\\\/\"},\"author\":{\"name\":\"Confederaci\u00f3 Mundial de Penyes del FC Barcelona\",\"@id\":\"https:\\\/\\\/confederaciopenyes.cat\\\/es\\\/#\\\/schema\\\/person\\\/337072f6daef87a85aa59aa1f134387c\"},\"headline\":\"Gran \u00e9xito de la 3\u00aa edici\u00f3n del Torneo de F\u00fatbol 7 de Capacidades Diversas de la PB Sant Cugat\",\"datePublished\":\"2025-12-03T10:30:39+00:00\",\"dateModified\":\"2025-12-03T10:45:18+00:00\",\"mainEntityOfPage\":{\"@id\":\"https:\\\/\\\/confederaciopenyes.cat\\\/es\\\/gran-exito-de-la-3a-edicion-del-torneo-de-futbol-7-de-capacidades-diversas-de-la-pb-sant-cugat\\\/\"},\"wordCount\":412,\"publisher\":{\"@id\":\"https:\\\/\\\/confederaciopenyes.cat\\\/es\\\/#organization\"},\"image\":{\"@id\":\"https:\\\/\\\/confederaciopenyes.cat\\\/es\\\/gran-exito-de-la-3a-edicion-del-torneo-de-futbol-7-de-capacidades-diversas-de-la-pb-sant-cugat\\\/#primaryimage\"},\"thumbnailUrl\":\"https:\\\/\\\/confederaciopenyes.cat\\\/wp-content\\\/uploads\\\/2025\\\/12\\\/G6xBoIiXwAAF2rH-scaled-e1764757811963.jpg\",\"keywords\":[\"confederaci\u00f3 mundial de penyes\",\"f\u00fatbol inclusivo\",\"noticias\",\"pb sant cugat\",\"pe\u00f1as\",\"solidaridad\",\"torneo capacidades diverses futbol 7\"],\"articleSection\":[\"Noticias\"],\"inLanguage\":\"es\"},{\"@type\":\"WebPage\",\"@id\":\"https:\\\/\\\/confederaciopenyes.cat\\\/es\\\/gran-exito-de-la-3a-edicion-del-torneo-de-futbol-7-de-capacidades-diversas-de-la-pb-sant-cugat\\\/\",\"url\":\"https:\\\/\\\/confederaciopenyes.cat\\\/es\\\/gran-exito-de-la-3a-edicion-del-torneo-de-futbol-7-de-capacidades-diversas-de-la-pb-sant-cugat\\\/\",\"name\":\"3r Torneo Futbol 7 de Capacidades Diversas PB Sant Cugat - CMP\",\"isPartOf\":{\"@id\":\"https:\\\/\\\/confederaciopenyes.cat\\\/es\\\/#website\"},\"primaryImageOfPage\":{\"@id\":\"https:\\\/\\\/confederaciopenyes.cat\\\/es\\\/gran-exito-de-la-3a-edicion-del-torneo-de-futbol-7-de-capacidades-diversas-de-la-pb-sant-cugat\\\/#primaryimage\"},\"image\":{\"@id\":\"https:\\\/\\\/confederaciopenyes.cat\\\/es\\\/gran-exito-de-la-3a-edicion-del-torneo-de-futbol-7-de-capacidades-diversas-de-la-pb-sant-cugat\\\/#primaryimage\"},\"thumbnailUrl\":\"https:\\\/\\\/confederaciopenyes.cat\\\/wp-content\\\/uploads\\\/2025\\\/12\\\/G6xBoIiXwAAF2rH-scaled-e1764757811963.jpg\",\"datePublished\":\"2025-12-03T10:30:39+00:00\",\"dateModified\":\"2025-12-03T10:45:18+00:00\",\"description\":\"La Penya Blaugrana Sant Cugat celebr\u00f3 la 3\u00aa edici\u00f3n del Torneo de F\u00fatbol 7 de Capacidades Diversas con un gran \u00e9xito de participaci\u00f3n\",\"breadcrumb\":{\"@id\":\"https:\\\/\\\/confederaciopenyes.cat\\\/es\\\/gran-exito-de-la-3a-edicion-del-torneo-de-futbol-7-de-capacidades-diversas-de-la-pb-sant-cugat\\\/#breadcrumb\"},\"inLanguage\":\"es\",\"potentialAction\":[{\"@type\":\"ReadAction\",\"target\":[\"https:\\\/\\\/confederaciopenyes.cat\\\/es\\\/gran-exito-de-la-3a-edicion-del-torneo-de-futbol-7-de-capacidades-diversas-de-la-pb-sant-cugat\\\/\"]}]},{\"@type\":\"ImageObject\",\"inLanguage\":\"es\",\"@id\":\"https:\\\/\\\/confederaciopenyes.cat\\\/es\\\/gran-exito-de-la-3a-edicion-del-torneo-de-futbol-7-de-capacidades-diversas-de-la-pb-sant-cugat\\\/#primaryimage\",\"url\":\"https:\\\/\\\/confederaciopenyes.cat\\\/wp-content\\\/uploads\\\/2025\\\/12\\\/G6xBoIiXwAAF2rH-scaled-e1764757811963.jpg\",\"contentUrl\":\"https:\\\/\\\/confederaciopenyes.cat\\\/wp-content\\\/uploads\\\/2025\\\/12\\\/G6xBoIiXwAAF2rH-scaled-e1764757811963.jpg\",\"width\":2560,\"height\":1440},{\"@type\":\"BreadcrumbList\",\"@id\":\"https:\\\/\\\/confederaciopenyes.cat\\\/es\\\/gran-exito-de-la-3a-edicion-del-torneo-de-futbol-7-de-capacidades-diversas-de-la-pb-sant-cugat\\\/#breadcrumb\",\"itemListElement\":[{\"@type\":\"ListItem\",\"position\":1,\"name\":\"Portada\",\"item\":\"https:\\\/\\\/confederaciopenyes.cat\\\/es\\\/\"},{\"@type\":\"ListItem\",\"position\":2,\"name\":\"Gran \u00e9xito de la 3\u00aa edici\u00f3n del Torneo de F\u00fatbol 7 de Capacidades Diversas de la PB Sant Cugat\"}]},{\"@type\":\"WebSite\",\"@id\":\"https:\\\/\\\/confederaciopenyes.cat\\\/es\\\/#website\",\"url\":\"https:\\\/\\\/confederaciopenyes.cat\\\/es\\\/\",\"name\":\"Confederaci\u00f3 Mundial de Penyes del FC Barcelona\",\"description\":\"C.M. Penyes FC Barcelona\",\"publisher\":{\"@id\":\"https:\\\/\\\/confederaciopenyes.cat\\\/es\\\/#organization\"},\"potentialAction\":[{\"@type\":\"SearchAction\",\"target\":{\"@type\":\"EntryPoint\",\"urlTemplate\":\"https:\\\/\\\/confederaciopenyes.cat\\\/es\\\/?s={search_term_string}\"},\"query-input\":{\"@type\":\"PropertyValueSpecification\",\"valueRequired\":true,\"valueName\":\"search_term_string\"}}],\"inLanguage\":\"es\"},{\"@type\":\"Organization\",\"@id\":\"https:\\\/\\\/confederaciopenyes.cat\\\/es\\\/#organization\",\"name\":\"Confederaci\u00f3 Mundial de Penyes del FC Barcelona\",\"url\":\"https:\\\/\\\/confederaciopenyes.cat\\\/es\\\/\",\"logo\":{\"@type\":\"ImageObject\",\"inLanguage\":\"es\",\"@id\":\"https:\\\/\\\/confederaciopenyes.cat\\\/es\\\/#\\\/schema\\\/logo\\\/image\\\/\",\"url\":\"https:\\\/\\\/confederaciopenyes.cat\\\/wp-content\\\/uploads\\\/2022\\\/07\\\/cropped-logo_horizontal.png\",\"contentUrl\":\"https:\\\/\\\/confederaciopenyes.cat\\\/wp-content\\\/uploads\\\/2022\\\/07\\\/cropped-logo_horizontal.png\",\"width\":1320,\"height\":309,\"caption\":\"Confederaci\u00f3 Mundial de Penyes del FC Barcelona\"},\"image\":{\"@id\":\"https:\\\/\\\/confederaciopenyes.cat\\\/es\\\/#\\\/schema\\\/logo\\\/image\\\/\"},\"sameAs\":[\"https:\\\/\\\/www.facebook.com\\\/ConfederacioMundialPenyesFCB\",\"https:\\\/\\\/x.com\\\/ConfePenyesFCB\",\"https:\\\/\\\/www.instagram.com\\\/confepenyesfcb\\\/\"]},{\"@type\":\"Person\",\"@id\":\"https:\\\/\\\/confederaciopenyes.cat\\\/es\\\/#\\\/schema\\\/person\\\/337072f6daef87a85aa59aa1f134387c\",\"name\":\"Confederaci\u00f3 Mundial de Penyes del FC Barcelona\",\"image\":{\"@type\":\"ImageObject\",\"inLanguage\":\"es\",\"@id\":\"https:\\\/\\\/secure.gravatar.com\\\/avatar\\\/98c60c7405ff843b10aec55db652bd3f5cb4320ef331ae76c156819a62194328?s=96&d=mm&r=g\",\"url\":\"https:\\\/\\\/secure.gravatar.com\\\/avatar\\\/98c60c7405ff843b10aec55db652bd3f5cb4320ef331ae76c156819a62194328?s=96&d=mm&r=g\",\"contentUrl\":\"https:\\\/\\\/secure.gravatar.com\\\/avatar\\\/98c60c7405ff843b10aec55db652bd3f5cb4320ef331ae76c156819a62194328?s=96&d=mm&r=g\",\"caption\":\"Confederaci\u00f3 Mundial de Penyes del FC Barcelona\"},\"url\":\"https:\\\/\\\/confederaciopenyes.cat\\\/es\\\/author\\\/comunicacioconfederaciopenyes-cat\\\/\"}]}<\/script>\n<!-- \/ Yoast SEO Premium plugin. -->","yoast_head_json":{"title":"3r Torneo Futbol 7 de Capacidades Diversas PB Sant Cugat - CMP","description":"La Penya Blaugrana Sant Cugat celebr\u00f3 la 3\u00aa edici\u00f3n del Torneo de F\u00fatbol 7 de Capacidades Diversas con un gran \u00e9xito de participaci\u00f3n","robots":{"index":"index","follow":"follow","max-snippet":"max-snippet:-1","max-image-preview":"max-image-preview:large","max-video-preview":"max-video-preview:-1"},"canonical":"https:\/\/confederaciopenyes.cat\/es\/gran-exito-de-la-3a-edicion-del-torneo-de-futbol-7-de-capacidades-diversas-de-la-pb-sant-cugat\/","og_locale":"es_ES","og_type":"article","og_title":"Gran \u00e9xito de la 3\u00aa edici\u00f3n del Torneo de F\u00fatbol 7 de Capacidades Diversas de la PB Sant Cugat","og_description":"La Penya Blaugrana Sant Cugat celebr\u00f3 la 3\u00aa edici\u00f3n del Torneo de F\u00fatbol 7 de Capacidades Diversas con un gran \u00e9xito de participaci\u00f3n","og_url":"https:\/\/confederaciopenyes.cat\/es\/gran-exito-de-la-3a-edicion-del-torneo-de-futbol-7-de-capacidades-diversas-de-la-pb-sant-cugat\/","og_site_name":"Confederaci\u00f3 Mundial de Penyes del FC Barcelona","article_publisher":"https:\/\/www.facebook.com\/ConfederacioMundialPenyesFCB","article_published_time":"2025-12-03T10:30:39+00:00","article_modified_time":"2025-12-03T10:45:18+00:00","og_image":[{"width":2560,"height":1440,"url":"https:\/\/confederaciopenyes.cat\/wp-content\/uploads\/2025\/12\/G6xBoIiXwAAF2rH-scaled-e1764757811963.jpg","type":"image\/jpeg"}],"author":"Confederaci\u00f3 Mundial de Penyes del FC Barcelona","twitter_card":"summary_large_image","twitter_creator":"@ConfePenyesFCB","twitter_site":"@ConfePenyesFCB","twitter_misc":{"Escrito por":"Confederaci\u00f3 Mundial de Penyes del FC Barcelona","Tiempo de lectura":"4 minutos"},"schema":{"@context":"https:\/\/schema.org","@graph":[{"@type":"Article","@id":"https:\/\/confederaciopenyes.cat\/es\/gran-exito-de-la-3a-edicion-del-torneo-de-futbol-7-de-capacidades-diversas-de-la-pb-sant-cugat\/#article","isPartOf":{"@id":"https:\/\/confederaciopenyes.cat\/es\/gran-exito-de-la-3a-edicion-del-torneo-de-futbol-7-de-capacidades-diversas-de-la-pb-sant-cugat\/"},"author":{"name":"Confederaci\u00f3 Mundial de Penyes del FC Barcelona","@id":"https:\/\/confederaciopenyes.cat\/es\/#\/schema\/person\/337072f6daef87a85aa59aa1f134387c"},"headline":"Gran \u00e9xito de la 3\u00aa edici\u00f3n del Torneo de F\u00fatbol 7 de Capacidades Diversas de la PB Sant Cugat","datePublished":"2025-12-03T10:30:39+00:00","dateModified":"2025-12-03T10:45:18+00:00","mainEntityOfPage":{"@id":"https:\/\/confederaciopenyes.cat\/es\/gran-exito-de-la-3a-edicion-del-torneo-de-futbol-7-de-capacidades-diversas-de-la-pb-sant-cugat\/"},"wordCount":412,"publisher":{"@id":"https:\/\/confederaciopenyes.cat\/es\/#organization"},"image":{"@id":"https:\/\/confederaciopenyes.cat\/es\/gran-exito-de-la-3a-edicion-del-torneo-de-futbol-7-de-capacidades-diversas-de-la-pb-sant-cugat\/#primaryimage"},"thumbnailUrl":"https:\/\/confederaciopenyes.cat\/wp-content\/uploads\/2025\/12\/G6xBoIiXwAAF2rH-scaled-e1764757811963.jpg","keywords":["confederaci\u00f3 mundial de penyes","f\u00fatbol inclusivo","noticias","pb sant cugat","pe\u00f1as","solidaridad","torneo capacidades diverses futbol 7"],"articleSection":["Noticias"],"inLanguage":"es"},{"@type":"WebPage","@id":"https:\/\/confederaciopenyes.cat\/es\/gran-exito-de-la-3a-edicion-del-torneo-de-futbol-7-de-capacidades-diversas-de-la-pb-sant-cugat\/","url":"https:\/\/confederaciopenyes.cat\/es\/gran-exito-de-la-3a-edicion-del-torneo-de-futbol-7-de-capacidades-diversas-de-la-pb-sant-cugat\/","name":"3r Torneo Futbol 7 de Capacidades Diversas PB Sant Cugat - CMP","isPartOf":{"@id":"https:\/\/confederaciopenyes.cat\/es\/#website"},"primaryImageOfPage":{"@id":"https:\/\/confederaciopenyes.cat\/es\/gran-exito-de-la-3a-edicion-del-torneo-de-futbol-7-de-capacidades-diversas-de-la-pb-sant-cugat\/#primaryimage"},"image":{"@id":"https:\/\/confederaciopenyes.cat\/es\/gran-exito-de-la-3a-edicion-del-torneo-de-futbol-7-de-capacidades-diversas-de-la-pb-sant-cugat\/#primaryimage"},"thumbnailUrl":"https:\/\/confederaciopenyes.cat\/wp-content\/uploads\/2025\/12\/G6xBoIiXwAAF2rH-scaled-e1764757811963.jpg","datePublished":"2025-12-03T10:30:39+00:00","dateModified":"2025-12-03T10:45:18+00:00","description":"La Penya Blaugrana Sant Cugat celebr\u00f3 la 3\u00aa edici\u00f3n del Torneo de F\u00fatbol 7 de Capacidades Diversas con un gran \u00e9xito de participaci\u00f3n","breadcrumb":{"@id":"https:\/\/confederaciopenyes.cat\/es\/gran-exito-de-la-3a-edicion-del-torneo-de-futbol-7-de-capacidades-diversas-de-la-pb-sant-cugat\/#breadcrumb"},"inLanguage":"es","potentialAction":[{"@type":"ReadAction","target":["https:\/\/confederaciopenyes.cat\/es\/gran-exito-de-la-3a-edicion-del-torneo-de-futbol-7-de-capacidades-diversas-de-la-pb-sant-cugat\/"]}]},{"@type":"ImageObject","inLanguage":"es","@id":"https:\/\/confederaciopenyes.cat\/es\/gran-exito-de-la-3a-edicion-del-torneo-de-futbol-7-de-capacidades-diversas-de-la-pb-sant-cugat\/#primaryimage","url":"https:\/\/confederaciopenyes.cat\/wp-content\/uploads\/2025\/12\/G6xBoIiXwAAF2rH-scaled-e1764757811963.jpg","contentUrl":"https:\/\/confederaciopenyes.cat\/wp-content\/uploads\/2025\/12\/G6xBoIiXwAAF2rH-scaled-e1764757811963.jpg","width":2560,"height":1440},{"@type":"BreadcrumbList","@id":"https:\/\/confederaciopenyes.cat\/es\/gran-exito-de-la-3a-edicion-del-torneo-de-futbol-7-de-capacidades-diversas-de-la-pb-sant-cugat\/#breadcrumb","itemListElement":[{"@type":"ListItem","position":1,"name":"Portada","item":"https:\/\/confederaciopenyes.cat\/es\/"},{"@type":"ListItem","position":2,"name":"Gran \u00e9xito de la 3\u00aa edici\u00f3n del Torneo de F\u00fatbol 7 de Capacidades Diversas de la PB Sant Cugat"}]},{"@type":"WebSite","@id":"https:\/\/confederaciopenyes.cat\/es\/#website","url":"https:\/\/confederaciopenyes.cat\/es\/","name":"Confederaci\u00f3 Mundial de Penyes del FC Barcelona","description":"C.M. Penyes FC Barcelona","publisher":{"@id":"https:\/\/confederaciopenyes.cat\/es\/#organization"},"potentialAction":[{"@type":"SearchAction","target":{"@type":"EntryPoint","urlTemplate":"https:\/\/confederaciopenyes.cat\/es\/?s={search_term_string}"},"query-input":{"@type":"PropertyValueSpecification","valueRequired":true,"valueName":"search_term_string"}}],"inLanguage":"es"},{"@type":"Organization","@id":"https:\/\/confederaciopenyes.cat\/es\/#organization","name":"Confederaci\u00f3 Mundial de Penyes del FC Barcelona","url":"https:\/\/confederaciopenyes.cat\/es\/","logo":{"@type":"ImageObject","inLanguage":"es","@id":"https:\/\/confederaciopenyes.cat\/es\/#\/schema\/logo\/image\/","url":"https:\/\/confederaciopenyes.cat\/wp-content\/uploads\/2022\/07\/cropped-logo_horizontal.png","contentUrl":"https:\/\/confederaciopenyes.cat\/wp-content\/uploads\/2022\/07\/cropped-logo_horizontal.png","width":1320,"height":309,"caption":"Confederaci\u00f3 Mundial de Penyes del FC Barcelona"},"image":{"@id":"https:\/\/confederaciopenyes.cat\/es\/#\/schema\/logo\/image\/"},"sameAs":["https:\/\/www.facebook.com\/ConfederacioMundialPenyesFCB","https:\/\/x.com\/ConfePenyesFCB","https:\/\/www.instagram.com\/confepenyesfcb\/"]},{"@type":"Person","@id":"https:\/\/confederaciopenyes.cat\/es\/#\/schema\/person\/337072f6daef87a85aa59aa1f134387c","name":"Confederaci\u00f3 Mundial de Penyes del FC Barcelona","image":{"@type":"ImageObject","inLanguage":"es","@id":"https:\/\/secure.gravatar.com\/avatar\/98c60c7405ff843b10aec55db652bd3f5cb4320ef331ae76c156819a62194328?s=96&d=mm&r=g","url":"https:\/\/secure.gravatar.com\/avatar\/98c60c7405ff843b10aec55db652bd3f5cb4320ef331ae76c156819a62194328?s=96&d=mm&r=g","contentUrl":"https:\/\/secure.gravatar.com\/avatar\/98c60c7405ff843b10aec55db652bd3f5cb4320ef331ae76c156819a62194328?s=96&d=mm&r=g","caption":"Confederaci\u00f3 Mundial de Penyes del FC Barcelona"},"url":"https:\/\/confederaciopenyes.cat\/es\/author\/comunicacioconfederaciopenyes-cat\/"}]}},"_links":{"self":[{"href":"https:\/\/confederaciopenyes.cat\/es\/wp-json\/wp\/v2\/posts\/38144","targetHints":{"allow":["GET"]}}],"collection":[{"href":"https:\/\/confederaciopenyes.cat\/es\/wp-json\/wp\/v2\/posts"}],"about":[{"href":"https:\/\/confederaciopenyes.cat\/es\/wp-json\/wp\/v2\/types\/post"}],"author":[{"embeddable":true,"href":"https:\/\/confederaciopenyes.cat\/es\/wp-json\/wp\/v2\/users\/4"}],"replies":[{"embeddable":true,"href":"https:\/\/confederaciopenyes.cat\/es\/wp-json\/wp\/v2\/comments?post=38144"}],"version-history":[{"count":2,"href":"https:\/\/confederaciopenyes.cat\/es\/wp-json\/wp\/v2\/posts\/38144\/revisions"}],"predecessor-version":[{"id":38146,"href":"https:\/\/confederaciopenyes.cat\/es\/wp-json\/wp\/v2\/posts\/38144\/revisions\/38146"}],"wp:featuredmedia":[{"embeddable":true,"href":"https:\/\/confederaciopenyes.cat\/es\/wp-json\/wp\/v2\/media\/38113"}],"wp:attachment":[{"href":"https:\/\/confederaciopenyes.cat\/es\/wp-json\/wp\/v2\/media?parent=38144"}],"wp:term":[{"taxonomy":"category","embeddable":true,"href":"https:\/\/confederaciopenyes.cat\/es\/wp-json\/wp\/v2\/categories?post=38144"},{"taxonomy":"post_tag","embeddable":true,"href":"https:\/\/confederaciopenyes.cat\/es\/wp-json\/wp\/v2\/tags?post=38144"}],"curies":[{"name":"wp","href":"https:\/\/api.w.org\/{rel}","templated":true}]}}