{"id":38905,"date":"2025-12-23T11:55:18","date_gmt":"2025-12-23T10:55:18","guid":{"rendered":"https:\/\/confederaciopenyes.cat\/la-pb-abidjan-y-la-pb-lubumbashi-celebran-asambleas-para-planificar-el-2026\/"},"modified":"2025-12-23T12:15:07","modified_gmt":"2025-12-23T11:15:07","slug":"la-pb-abidjan-y-la-pb-lubumbashi-celebran-asambleas-para-planificar-el-2026","status":"publish","type":"post","link":"https:\/\/confederaciopenyes.cat\/es\/la-pb-abidjan-y-la-pb-lubumbashi-celebran-asambleas-para-planificar-el-2026\/","title":{"rendered":"La PB Abidjan y la PB Lubumbashi celebran asambleas para planificar el 2026"},"content":{"rendered":"\n<p>Dos pe\u00f1as africanas del FC Barcelona pertenecientes a la Federaci\u00f3n Mundo han celebrado recientemente sus asambleas. Se trata de la <strong><a href=\"https:\/\/www.facebook.com\/BlaugranaABJ\/?locale=ca_ES\" target=\"_blank\" rel=\"noreferrer noopener\">Penya Blaugrana Abidjan<\/a><\/strong>, de Costa de Marfil, y de la <strong>Penya Barcelone Lubumbashi<\/strong>, de la Rep\u00fablica Democr\u00e1tica del Congo. En ambos casos, <strong>han reunido a sus miembros para definir y planificar sus proyectos de cara al a\u00f1o 2026<\/strong>, que est\u00e1 a punto de comenzar. Su objetivo: seguir difundiendo y fortaleciendo el sentimiento barcelonista en sus respectivos pa\u00edses.   <\/p>\n\n<h6 class=\"wp-block-heading\" id=\"h-nova-junta-directiva-a-la-pb-abidjan\"><strong>Nueva junta directiva en la PB Abidjan<\/strong><\/h6>\n\n<p>El pasado s\u00e1bado 20 de diciembre tuvo lugar la<strong> Asamblea General Extraordinaria de la PB Abidjan en su localidad<\/strong>. La reuni\u00f3n sirvi\u00f3 para <strong>relanzar oficialmente la pe\u00f1a marfile\u00f1a<\/strong>, que present\u00f3 a los miembros de su <strong>nueva junta directiva para esta nueva etapa<\/strong>. Durante el encuentro se debati\u00f3 el plan de acci\u00f3n y los proyectos de la PB Abidjan de cara al pr\u00f3ximo a\u00f1o 2026, as\u00ed como las condiciones y beneficios para todos los miembros de la entidad barcelonista.  <\/p>\n\n<p>Precisamente, la pe\u00f1a tambi\u00e9n anunci\u00f3 una<strong> nueva campa\u00f1a a partir de la semana que viene para atraer a m\u00e1s cul\u00e9s de Costa de Marfil<\/strong> y aumentar el registro de pe\u00f1istas. La PB Abidjan ya cuenta con<strong> cerca de 400 personas que han expresado su inter\u00e9s<\/strong> en formar parte de la pe\u00f1a, y trabaja con el ambicioso<strong> objetivo de llegar a los 1.000 pe\u00f1istas al finalizar el a\u00f1o 2026<\/strong>. La Asamblea General Extraordinaria de la PB Abidjan finaliz\u00f3 con una comida de hermandad en un ambiente barcelonista lleno de ilusi\u00f3n ante esta nueva etapa.  <\/p>\n\n<figure class=\"wp-block-gallery has-nested-images columns-3 is-cropped wp-block-gallery-1 is-layout-flex wp-block-gallery-is-layout-flex\">\n<figure class=\"wp-block-image size-large\"><a href=\"https:\/\/confederaciopenyes.cat\/wp-content\/uploads\/2025\/12\/WhatsApp-Image-2025-12-21-at-15.47.53-3.jpeg\"><img decoding=\"async\" width=\"1024\" height=\"660\" data-id=\"38876\" data-src=\"https:\/\/confederaciopenyes.cat\/wp-content\/uploads\/2025\/12\/WhatsApp-Image-2025-12-21-at-15.47.53-3-1024x660.jpeg\" alt=\"\" class=\"wp-image-38876 lazyload\" data-srcset=\"https:\/\/confederaciopenyes.cat\/wp-content\/uploads\/2025\/12\/WhatsApp-Image-2025-12-21-at-15.47.53-3-1024x660.jpeg 1024w, https:\/\/confederaciopenyes.cat\/wp-content\/uploads\/2025\/12\/WhatsApp-Image-2025-12-21-at-15.47.53-3-300x193.jpeg 300w, https:\/\/confederaciopenyes.cat\/wp-content\/uploads\/2025\/12\/WhatsApp-Image-2025-12-21-at-15.47.53-3-768x495.jpeg 768w, https:\/\/confederaciopenyes.cat\/wp-content\/uploads\/2025\/12\/WhatsApp-Image-2025-12-21-at-15.47.53-3.jpeg 1080w\" data-sizes=\"(max-width: 1024px) 100vw, 1024px\" src=\"data:image\/svg+xml;base64,PHN2ZyB3aWR0aD0iMSIgaGVpZ2h0PSIxIiB4bWxucz0iaHR0cDovL3d3dy53My5vcmcvMjAwMC9zdmciPjwvc3ZnPg==\" style=\"--smush-placeholder-width: 1024px; --smush-placeholder-aspect-ratio: 1024\/660;\" \/><\/a><\/figure>\n\n\n\n<figure class=\"wp-block-image size-large\"><a href=\"https:\/\/confederaciopenyes.cat\/wp-content\/uploads\/2025\/12\/WhatsApp-Image-2025-12-21-at-15.47.44-edited.jpeg\"><img decoding=\"async\" width=\"796\" height=\"597\" data-id=\"38898\" data-src=\"https:\/\/confederaciopenyes.cat\/wp-content\/uploads\/2025\/12\/WhatsApp-Image-2025-12-21-at-15.47.44-edited.jpeg\" alt=\"\" class=\"wp-image-38898 lazyload\" data-srcset=\"https:\/\/confederaciopenyes.cat\/wp-content\/uploads\/2025\/12\/WhatsApp-Image-2025-12-21-at-15.47.44-edited.jpeg 796w, https:\/\/confederaciopenyes.cat\/wp-content\/uploads\/2025\/12\/WhatsApp-Image-2025-12-21-at-15.47.44-edited-300x225.jpeg 300w, https:\/\/confederaciopenyes.cat\/wp-content\/uploads\/2025\/12\/WhatsApp-Image-2025-12-21-at-15.47.44-edited-768x576.jpeg 768w\" data-sizes=\"(max-width: 796px) 100vw, 796px\" src=\"data:image\/svg+xml;base64,PHN2ZyB3aWR0aD0iMSIgaGVpZ2h0PSIxIiB4bWxucz0iaHR0cDovL3d3dy53My5vcmcvMjAwMC9zdmciPjwvc3ZnPg==\" style=\"--smush-placeholder-width: 796px; --smush-placeholder-aspect-ratio: 796\/597;\" \/><\/a><\/figure>\n\n\n\n<figure class=\"wp-block-image size-large\"><a href=\"https:\/\/confederaciopenyes.cat\/wp-content\/uploads\/2025\/12\/WhatsApp-Image-2025-12-21-at-15.47.55-2.jpeg\"><img decoding=\"async\" width=\"1024\" height=\"683\" data-id=\"38873\" data-src=\"https:\/\/confederaciopenyes.cat\/wp-content\/uploads\/2025\/12\/WhatsApp-Image-2025-12-21-at-15.47.55-2-1024x683.jpeg\" alt=\"\" class=\"wp-image-38873 lazyload\" data-srcset=\"https:\/\/confederaciopenyes.cat\/wp-content\/uploads\/2025\/12\/WhatsApp-Image-2025-12-21-at-15.47.55-2-1024x683.jpeg 1024w, https:\/\/confederaciopenyes.cat\/wp-content\/uploads\/2025\/12\/WhatsApp-Image-2025-12-21-at-15.47.55-2-300x200.jpeg 300w, https:\/\/confederaciopenyes.cat\/wp-content\/uploads\/2025\/12\/WhatsApp-Image-2025-12-21-at-15.47.55-2-768x512.jpeg 768w, https:\/\/confederaciopenyes.cat\/wp-content\/uploads\/2025\/12\/WhatsApp-Image-2025-12-21-at-15.47.55-2.jpeg 1080w\" data-sizes=\"(max-width: 1024px) 100vw, 1024px\" src=\"data:image\/svg+xml;base64,PHN2ZyB3aWR0aD0iMSIgaGVpZ2h0PSIxIiB4bWxucz0iaHR0cDovL3d3dy53My5vcmcvMjAwMC9zdmciPjwvc3ZnPg==\" style=\"--smush-placeholder-width: 1024px; --smush-placeholder-aspect-ratio: 1024\/683;\" \/><\/a><\/figure>\n\n\n\n<figure class=\"wp-block-image size-large\"><a href=\"https:\/\/confederaciopenyes.cat\/wp-content\/uploads\/2025\/12\/WhatsApp-Image-2025-12-21-at-15.47.46-2.jpeg\"><img decoding=\"async\" width=\"1024\" height=\"683\" data-id=\"38892\" data-src=\"https:\/\/confederaciopenyes.cat\/wp-content\/uploads\/2025\/12\/WhatsApp-Image-2025-12-21-at-15.47.46-2-1024x683.jpeg\" alt=\"\" class=\"wp-image-38892 lazyload\" data-srcset=\"https:\/\/confederaciopenyes.cat\/wp-content\/uploads\/2025\/12\/WhatsApp-Image-2025-12-21-at-15.47.46-2-1024x683.jpeg 1024w, https:\/\/confederaciopenyes.cat\/wp-content\/uploads\/2025\/12\/WhatsApp-Image-2025-12-21-at-15.47.46-2-300x200.jpeg 300w, https:\/\/confederaciopenyes.cat\/wp-content\/uploads\/2025\/12\/WhatsApp-Image-2025-12-21-at-15.47.46-2-768x512.jpeg 768w, https:\/\/confederaciopenyes.cat\/wp-content\/uploads\/2025\/12\/WhatsApp-Image-2025-12-21-at-15.47.46-2.jpeg 1080w\" data-sizes=\"(max-width: 1024px) 100vw, 1024px\" src=\"data:image\/svg+xml;base64,PHN2ZyB3aWR0aD0iMSIgaGVpZ2h0PSIxIiB4bWxucz0iaHR0cDovL3d3dy53My5vcmcvMjAwMC9zdmciPjwvc3ZnPg==\" style=\"--smush-placeholder-width: 1024px; --smush-placeholder-aspect-ratio: 1024\/683;\" \/><\/a><\/figure>\n\n\n\n<figure class=\"wp-block-image size-large\"><a href=\"https:\/\/confederaciopenyes.cat\/wp-content\/uploads\/2025\/12\/WhatsApp-Image-2025-12-21-at-15.47.50-2-edited.jpeg\"><img decoding=\"async\" width=\"1080\" height=\"607\" data-id=\"38886\" data-src=\"https:\/\/confederaciopenyes.cat\/wp-content\/uploads\/2025\/12\/WhatsApp-Image-2025-12-21-at-15.47.50-2-edited.jpeg\" alt=\"\" class=\"wp-image-38886 lazyload\" data-srcset=\"https:\/\/confederaciopenyes.cat\/wp-content\/uploads\/2025\/12\/WhatsApp-Image-2025-12-21-at-15.47.50-2-edited.jpeg 1080w, https:\/\/confederaciopenyes.cat\/wp-content\/uploads\/2025\/12\/WhatsApp-Image-2025-12-21-at-15.47.50-2-edited-300x169.jpeg 300w, https:\/\/confederaciopenyes.cat\/wp-content\/uploads\/2025\/12\/WhatsApp-Image-2025-12-21-at-15.47.50-2-edited-1024x576.jpeg 1024w, https:\/\/confederaciopenyes.cat\/wp-content\/uploads\/2025\/12\/WhatsApp-Image-2025-12-21-at-15.47.50-2-edited-768x432.jpeg 768w\" data-sizes=\"(max-width: 1080px) 100vw, 1080px\" src=\"data:image\/svg+xml;base64,PHN2ZyB3aWR0aD0iMSIgaGVpZ2h0PSIxIiB4bWxucz0iaHR0cDovL3d3dy53My5vcmcvMjAwMC9zdmciPjwvc3ZnPg==\" style=\"--smush-placeholder-width: 1080px; --smush-placeholder-aspect-ratio: 1080\/607;\" \/><\/a><\/figure>\n\n\n\n<figure class=\"wp-block-image size-large\"><a href=\"https:\/\/confederaciopenyes.cat\/wp-content\/uploads\/2025\/12\/WhatsApp-Image-2025-12-21-at-15.47.55-edited.jpeg\"><img decoding=\"async\" width=\"1280\" height=\"960\" data-id=\"38901\" data-src=\"https:\/\/confederaciopenyes.cat\/wp-content\/uploads\/2025\/12\/WhatsApp-Image-2025-12-21-at-15.47.55-edited.jpeg\" alt=\"\" class=\"wp-image-38901 lazyload\" data-srcset=\"https:\/\/confederaciopenyes.cat\/wp-content\/uploads\/2025\/12\/WhatsApp-Image-2025-12-21-at-15.47.55-edited.jpeg 1280w, https:\/\/confederaciopenyes.cat\/wp-content\/uploads\/2025\/12\/WhatsApp-Image-2025-12-21-at-15.47.55-edited-300x225.jpeg 300w, https:\/\/confederaciopenyes.cat\/wp-content\/uploads\/2025\/12\/WhatsApp-Image-2025-12-21-at-15.47.55-edited-1024x768.jpeg 1024w, https:\/\/confederaciopenyes.cat\/wp-content\/uploads\/2025\/12\/WhatsApp-Image-2025-12-21-at-15.47.55-edited-768x576.jpeg 768w\" data-sizes=\"(max-width: 1280px) 100vw, 1280px\" src=\"data:image\/svg+xml;base64,PHN2ZyB3aWR0aD0iMSIgaGVpZ2h0PSIxIiB4bWxucz0iaHR0cDovL3d3dy53My5vcmcvMjAwMC9zdmciPjwvc3ZnPg==\" style=\"--smush-placeholder-width: 1280px; --smush-placeholder-aspect-ratio: 1280\/960;\" \/><\/a><\/figure>\n<\/figure>\n\n<p><\/p>\n\n<h6 class=\"wp-block-heading\" id=\"h-la-pb-lubumbashi-vol-seguir-fent-comunitat\"><strong>La PB Lubumbashi quiere seguir haciendo comunidad<\/strong><\/h6>\n\n<p>Una semana antes, el domingo 14 de diciembre,<strong> la PB Lubumbashi tambi\u00e9n organiz\u00f3 una reuni\u00f3n con sus socios para preparar el pr\u00f3ximo a\u00f1o<\/strong>. Entre los temas tratados destacan acciones para la comunidad, como <strong>ofrecer premios y beneficios a los estudiantes de la escuela de Ruashi<\/strong>, as\u00ed como la preparaci\u00f3n de un gran evento para celebrar el acuerdo de patrocinio de la Rep\u00fablica Democr\u00e1tica del Congo con el FC Barcelona. <\/p>\n\n<p>Por otro lado, tambi\u00e9n se <strong>planificaron viajes a Barcelona por parte de miembros de la pe\u00f1a<\/strong>. Una de las fechas se\u00f1aladas es el fin de semana del 9 y 10 de mayo, cuando <strong>la pe\u00f1a tiene previsto asistir al Cl\u00e1sico entre Bar\u00e7a y Real Madrid <\/strong>que se disputar\u00e1 en el Spotify Camp Nou. Asimismo, durante la reuni\u00f3n se acord\u00f3 la compra de merchandising blaugrana, tanto de forma presencial en Barcelona como a trav\u00e9s de la tienda online. Con todo ello, la PB Lubumbashi <strong>refuerza su compromiso de difundir el sentimiento barcelonista y sus valores en su pa\u00eds<\/strong>.   <\/p>\n<div class=\"wp-block-image\">\n<figure class=\"aligncenter size-full is-resized\"><a href=\"https:\/\/confederaciopenyes.cat\/wp-content\/uploads\/2025\/12\/WhatsApp-Image-2025-12-14-at-21.38.48.jpeg\"><img decoding=\"async\" width=\"1024\" height=\"768\" data-src=\"https:\/\/confederaciopenyes.cat\/wp-content\/uploads\/2025\/12\/WhatsApp-Image-2025-12-14-at-21.38.48.jpeg\" alt=\"\" class=\"wp-image-38881 lazyload\" style=\"--smush-placeholder-width: 1024px; --smush-placeholder-aspect-ratio: 1024\/768;width:563px;height:auto\" data-srcset=\"https:\/\/confederaciopenyes.cat\/wp-content\/uploads\/2025\/12\/WhatsApp-Image-2025-12-14-at-21.38.48.jpeg 1024w, https:\/\/confederaciopenyes.cat\/wp-content\/uploads\/2025\/12\/WhatsApp-Image-2025-12-14-at-21.38.48-300x225.jpeg 300w, https:\/\/confederaciopenyes.cat\/wp-content\/uploads\/2025\/12\/WhatsApp-Image-2025-12-14-at-21.38.48-768x576.jpeg 768w\" data-sizes=\"(max-width: 1024px) 100vw, 1024px\" src=\"data:image\/svg+xml;base64,PHN2ZyB3aWR0aD0iMSIgaGVpZ2h0PSIxIiB4bWxucz0iaHR0cDovL3d3dy53My5vcmcvMjAwMC9zdmciPjwvc3ZnPg==\" \/><\/a><\/figure>\n<\/div>","protected":false},"excerpt":{"rendered":"<p>Dos pe\u00f1as africanas del FC Barcelona pertenecientes a la Federaci\u00f3n Mundo han celebrado recientemente sus asambleas. Se trata de la Penya Blaugrana Abidjan, de Costa de Marfil, y de la Penya Barcelone Lubumbashi, de la Rep\u00fablica Democr\u00e1tica del Congo. En ambos casos, han reunido a sus miembros para definir y planificar sus proyectos de cara &#8230; <a title=\"La PB Abidjan y la PB Lubumbashi celebran asambleas para planificar el 2026\" class=\"read-more\" href=\"https:\/\/confederaciopenyes.cat\/es\/la-pb-abidjan-y-la-pb-lubumbashi-celebran-asambleas-para-planificar-el-2026\/\" aria-label=\"Leer m\u00e1s sobre La PB Abidjan y la PB Lubumbashi celebran asambleas para planificar el 2026\">Leer m\u00e1s<\/a><\/p>\n","protected":false},"author":4,"featured_media":38868,"comment_status":"closed","ping_status":"open","sticky":false,"template":"","format":"standard","meta":{"_acf_changed":false,"footnotes":""},"categories":[1],"tags":[2649,2594,3345,2595,3347,4121,2555],"class_list":["post-38905","post","type-post","status-publish","format-standard","has-post-thumbnail","hentry","category-noticias-es","tag-asamblea-es","tag-confederacio-mundial-de-penyes-es-3","tag-federacion-mundo-es","tag-noticias-es-2","tag-pb-abidjan-es","tag-pb-lubumbashi-es","tag-penas-es"],"acf":[],"yoast_head":"<!-- This site is optimized with the Yoast SEO Premium plugin v26.7 (Yoast SEO v27.4) - https:\/\/yoast.com\/product\/yoast-seo-premium-wordpress\/ -->\n<title>La PB Abidjan y la PB Lubumbashi celebran asambleas - C.M.P.<\/title>\n<meta name=\"description\" content=\"La PB Abidjan y la PB Lubumbashi celebran sus asambleas para empezar a planificar sus actividades de cara al a\u00f1o 2026\" \/>\n<meta name=\"robots\" content=\"index, follow, max-snippet:-1, max-image-preview:large, max-video-preview:-1\" \/>\n<link rel=\"canonical\" href=\"https:\/\/confederaciopenyes.cat\/es\/la-pb-abidjan-y-la-pb-lubumbashi-celebran-asambleas-para-planificar-el-2026\/\" \/>\n<meta property=\"og:locale\" content=\"es_ES\" \/>\n<meta property=\"og:type\" content=\"article\" \/>\n<meta property=\"og:title\" content=\"La PB Abidjan y la PB Lubumbashi celebran asambleas para planificar el 2026\" \/>\n<meta property=\"og:description\" content=\"La PB Abidjan y la PB Lubumbashi celebran sus asambleas para empezar a planificar sus actividades de cara al a\u00f1o 2026\" \/>\n<meta property=\"og:url\" content=\"https:\/\/confederaciopenyes.cat\/es\/la-pb-abidjan-y-la-pb-lubumbashi-celebran-asambleas-para-planificar-el-2026\/\" \/>\n<meta property=\"og:site_name\" content=\"Confederaci\u00f3 Mundial de Penyes del FC Barcelona\" \/>\n<meta property=\"article:publisher\" content=\"https:\/\/www.facebook.com\/ConfederacioMundialPenyesFCB\" \/>\n<meta property=\"article:published_time\" content=\"2025-12-23T10:55:18+00:00\" \/>\n<meta property=\"article:modified_time\" content=\"2025-12-23T11:15:07+00:00\" \/>\n<meta property=\"og:image\" content=\"https:\/\/confederaciopenyes.cat\/wp-content\/uploads\/2025\/12\/WhatsApp-Image-2025-12-21-at-15.47.58.jpeg\" \/>\n\t<meta property=\"og:image:width\" content=\"1080\" \/>\n\t<meta property=\"og:image:height\" content=\"541\" \/>\n\t<meta property=\"og:image:type\" content=\"image\/jpeg\" \/>\n<meta name=\"author\" content=\"Confederaci\u00f3 Mundial de Penyes del FC Barcelona\" \/>\n<meta name=\"twitter:card\" content=\"summary_large_image\" \/>\n<meta name=\"twitter:creator\" content=\"@ConfePenyesFCB\" \/>\n<meta name=\"twitter:site\" content=\"@ConfePenyesFCB\" \/>\n<meta name=\"twitter:label1\" content=\"Escrito por\" \/>\n\t<meta name=\"twitter:data1\" content=\"Confederaci\u00f3 Mundial de Penyes del FC Barcelona\" \/>\n\t<meta name=\"twitter:label2\" content=\"Tiempo de lectura\" \/>\n\t<meta name=\"twitter:data2\" content=\"4 minutos\" \/>\n<script type=\"application\/ld+json\" class=\"yoast-schema-graph\">{\"@context\":\"https:\\\/\\\/schema.org\",\"@graph\":[{\"@type\":\"Article\",\"@id\":\"https:\\\/\\\/confederaciopenyes.cat\\\/es\\\/la-pb-abidjan-y-la-pb-lubumbashi-celebran-asambleas-para-planificar-el-2026\\\/#article\",\"isPartOf\":{\"@id\":\"https:\\\/\\\/confederaciopenyes.cat\\\/es\\\/la-pb-abidjan-y-la-pb-lubumbashi-celebran-asambleas-para-planificar-el-2026\\\/\"},\"author\":{\"name\":\"Confederaci\u00f3 Mundial de Penyes del FC Barcelona\",\"@id\":\"https:\\\/\\\/confederaciopenyes.cat\\\/es\\\/#\\\/schema\\\/person\\\/337072f6daef87a85aa59aa1f134387c\"},\"headline\":\"La PB Abidjan y la PB Lubumbashi celebran asambleas para planificar el 2026\",\"datePublished\":\"2025-12-23T10:55:18+00:00\",\"dateModified\":\"2025-12-23T11:15:07+00:00\",\"mainEntityOfPage\":{\"@id\":\"https:\\\/\\\/confederaciopenyes.cat\\\/es\\\/la-pb-abidjan-y-la-pb-lubumbashi-celebran-asambleas-para-planificar-el-2026\\\/\"},\"wordCount\":471,\"publisher\":{\"@id\":\"https:\\\/\\\/confederaciopenyes.cat\\\/es\\\/#organization\"},\"image\":{\"@id\":\"https:\\\/\\\/confederaciopenyes.cat\\\/es\\\/la-pb-abidjan-y-la-pb-lubumbashi-celebran-asambleas-para-planificar-el-2026\\\/#primaryimage\"},\"thumbnailUrl\":\"https:\\\/\\\/confederaciopenyes.cat\\\/wp-content\\\/uploads\\\/2025\\\/12\\\/WhatsApp-Image-2025-12-21-at-15.47.58.jpeg\",\"keywords\":[\"asamblea\",\"confederaci\u00f3 mundial de penyes\",\"Federaci\u00f3n Mundo\",\"noticias\",\"PB Abidjan\",\"PB Lubumbashi\",\"pe\u00f1as\"],\"articleSection\":[\"Noticias\"],\"inLanguage\":\"es\"},{\"@type\":\"WebPage\",\"@id\":\"https:\\\/\\\/confederaciopenyes.cat\\\/es\\\/la-pb-abidjan-y-la-pb-lubumbashi-celebran-asambleas-para-planificar-el-2026\\\/\",\"url\":\"https:\\\/\\\/confederaciopenyes.cat\\\/es\\\/la-pb-abidjan-y-la-pb-lubumbashi-celebran-asambleas-para-planificar-el-2026\\\/\",\"name\":\"La PB Abidjan y la PB Lubumbashi celebran asambleas - C.M.P.\",\"isPartOf\":{\"@id\":\"https:\\\/\\\/confederaciopenyes.cat\\\/es\\\/#website\"},\"primaryImageOfPage\":{\"@id\":\"https:\\\/\\\/confederaciopenyes.cat\\\/es\\\/la-pb-abidjan-y-la-pb-lubumbashi-celebran-asambleas-para-planificar-el-2026\\\/#primaryimage\"},\"image\":{\"@id\":\"https:\\\/\\\/confederaciopenyes.cat\\\/es\\\/la-pb-abidjan-y-la-pb-lubumbashi-celebran-asambleas-para-planificar-el-2026\\\/#primaryimage\"},\"thumbnailUrl\":\"https:\\\/\\\/confederaciopenyes.cat\\\/wp-content\\\/uploads\\\/2025\\\/12\\\/WhatsApp-Image-2025-12-21-at-15.47.58.jpeg\",\"datePublished\":\"2025-12-23T10:55:18+00:00\",\"dateModified\":\"2025-12-23T11:15:07+00:00\",\"description\":\"La PB Abidjan y la PB Lubumbashi celebran sus asambleas para empezar a planificar sus actividades de cara al a\u00f1o 2026\",\"breadcrumb\":{\"@id\":\"https:\\\/\\\/confederaciopenyes.cat\\\/es\\\/la-pb-abidjan-y-la-pb-lubumbashi-celebran-asambleas-para-planificar-el-2026\\\/#breadcrumb\"},\"inLanguage\":\"es\",\"potentialAction\":[{\"@type\":\"ReadAction\",\"target\":[\"https:\\\/\\\/confederaciopenyes.cat\\\/es\\\/la-pb-abidjan-y-la-pb-lubumbashi-celebran-asambleas-para-planificar-el-2026\\\/\"]}]},{\"@type\":\"ImageObject\",\"inLanguage\":\"es\",\"@id\":\"https:\\\/\\\/confederaciopenyes.cat\\\/es\\\/la-pb-abidjan-y-la-pb-lubumbashi-celebran-asambleas-para-planificar-el-2026\\\/#primaryimage\",\"url\":\"https:\\\/\\\/confederaciopenyes.cat\\\/wp-content\\\/uploads\\\/2025\\\/12\\\/WhatsApp-Image-2025-12-21-at-15.47.58.jpeg\",\"contentUrl\":\"https:\\\/\\\/confederaciopenyes.cat\\\/wp-content\\\/uploads\\\/2025\\\/12\\\/WhatsApp-Image-2025-12-21-at-15.47.58.jpeg\",\"width\":1080,\"height\":541},{\"@type\":\"BreadcrumbList\",\"@id\":\"https:\\\/\\\/confederaciopenyes.cat\\\/es\\\/la-pb-abidjan-y-la-pb-lubumbashi-celebran-asambleas-para-planificar-el-2026\\\/#breadcrumb\",\"itemListElement\":[{\"@type\":\"ListItem\",\"position\":1,\"name\":\"Portada\",\"item\":\"https:\\\/\\\/confederaciopenyes.cat\\\/es\\\/\"},{\"@type\":\"ListItem\",\"position\":2,\"name\":\"La PB Abidjan y la PB Lubumbashi celebran asambleas para planificar el 2026\"}]},{\"@type\":\"WebSite\",\"@id\":\"https:\\\/\\\/confederaciopenyes.cat\\\/es\\\/#website\",\"url\":\"https:\\\/\\\/confederaciopenyes.cat\\\/es\\\/\",\"name\":\"Confederaci\u00f3 Mundial de Penyes del FC Barcelona\",\"description\":\"C.M. Penyes FC Barcelona\",\"publisher\":{\"@id\":\"https:\\\/\\\/confederaciopenyes.cat\\\/es\\\/#organization\"},\"potentialAction\":[{\"@type\":\"SearchAction\",\"target\":{\"@type\":\"EntryPoint\",\"urlTemplate\":\"https:\\\/\\\/confederaciopenyes.cat\\\/es\\\/?s={search_term_string}\"},\"query-input\":{\"@type\":\"PropertyValueSpecification\",\"valueRequired\":true,\"valueName\":\"search_term_string\"}}],\"inLanguage\":\"es\"},{\"@type\":\"Organization\",\"@id\":\"https:\\\/\\\/confederaciopenyes.cat\\\/es\\\/#organization\",\"name\":\"Confederaci\u00f3 Mundial de Penyes del FC Barcelona\",\"url\":\"https:\\\/\\\/confederaciopenyes.cat\\\/es\\\/\",\"logo\":{\"@type\":\"ImageObject\",\"inLanguage\":\"es\",\"@id\":\"https:\\\/\\\/confederaciopenyes.cat\\\/es\\\/#\\\/schema\\\/logo\\\/image\\\/\",\"url\":\"https:\\\/\\\/confederaciopenyes.cat\\\/wp-content\\\/uploads\\\/2022\\\/07\\\/cropped-logo_horizontal.png\",\"contentUrl\":\"https:\\\/\\\/confederaciopenyes.cat\\\/wp-content\\\/uploads\\\/2022\\\/07\\\/cropped-logo_horizontal.png\",\"width\":1320,\"height\":309,\"caption\":\"Confederaci\u00f3 Mundial de Penyes del FC Barcelona\"},\"image\":{\"@id\":\"https:\\\/\\\/confederaciopenyes.cat\\\/es\\\/#\\\/schema\\\/logo\\\/image\\\/\"},\"sameAs\":[\"https:\\\/\\\/www.facebook.com\\\/ConfederacioMundialPenyesFCB\",\"https:\\\/\\\/x.com\\\/ConfePenyesFCB\",\"https:\\\/\\\/www.instagram.com\\\/confepenyesfcb\\\/\"]},{\"@type\":\"Person\",\"@id\":\"https:\\\/\\\/confederaciopenyes.cat\\\/es\\\/#\\\/schema\\\/person\\\/337072f6daef87a85aa59aa1f134387c\",\"name\":\"Confederaci\u00f3 Mundial de Penyes del FC Barcelona\",\"image\":{\"@type\":\"ImageObject\",\"inLanguage\":\"es\",\"@id\":\"https:\\\/\\\/secure.gravatar.com\\\/avatar\\\/98c60c7405ff843b10aec55db652bd3f5cb4320ef331ae76c156819a62194328?s=96&d=mm&r=g\",\"url\":\"https:\\\/\\\/secure.gravatar.com\\\/avatar\\\/98c60c7405ff843b10aec55db652bd3f5cb4320ef331ae76c156819a62194328?s=96&d=mm&r=g\",\"contentUrl\":\"https:\\\/\\\/secure.gravatar.com\\\/avatar\\\/98c60c7405ff843b10aec55db652bd3f5cb4320ef331ae76c156819a62194328?s=96&d=mm&r=g\",\"caption\":\"Confederaci\u00f3 Mundial de Penyes del FC Barcelona\"},\"url\":\"https:\\\/\\\/confederaciopenyes.cat\\\/es\\\/author\\\/comunicacioconfederaciopenyes-cat\\\/\"}]}<\/script>\n<!-- \/ Yoast SEO Premium plugin. -->","yoast_head_json":{"title":"La PB Abidjan y la PB Lubumbashi celebran asambleas - C.M.P.","description":"La PB Abidjan y la PB Lubumbashi celebran sus asambleas para empezar a planificar sus actividades de cara al a\u00f1o 2026","robots":{"index":"index","follow":"follow","max-snippet":"max-snippet:-1","max-image-preview":"max-image-preview:large","max-video-preview":"max-video-preview:-1"},"canonical":"https:\/\/confederaciopenyes.cat\/es\/la-pb-abidjan-y-la-pb-lubumbashi-celebran-asambleas-para-planificar-el-2026\/","og_locale":"es_ES","og_type":"article","og_title":"La PB Abidjan y la PB Lubumbashi celebran asambleas para planificar el 2026","og_description":"La PB Abidjan y la PB Lubumbashi celebran sus asambleas para empezar a planificar sus actividades de cara al a\u00f1o 2026","og_url":"https:\/\/confederaciopenyes.cat\/es\/la-pb-abidjan-y-la-pb-lubumbashi-celebran-asambleas-para-planificar-el-2026\/","og_site_name":"Confederaci\u00f3 Mundial de Penyes del FC Barcelona","article_publisher":"https:\/\/www.facebook.com\/ConfederacioMundialPenyesFCB","article_published_time":"2025-12-23T10:55:18+00:00","article_modified_time":"2025-12-23T11:15:07+00:00","og_image":[{"width":1080,"height":541,"url":"https:\/\/confederaciopenyes.cat\/wp-content\/uploads\/2025\/12\/WhatsApp-Image-2025-12-21-at-15.47.58.jpeg","type":"image\/jpeg"}],"author":"Confederaci\u00f3 Mundial de Penyes del FC Barcelona","twitter_card":"summary_large_image","twitter_creator":"@ConfePenyesFCB","twitter_site":"@ConfePenyesFCB","twitter_misc":{"Escrito por":"Confederaci\u00f3 Mundial de Penyes del FC Barcelona","Tiempo de lectura":"4 minutos"},"schema":{"@context":"https:\/\/schema.org","@graph":[{"@type":"Article","@id":"https:\/\/confederaciopenyes.cat\/es\/la-pb-abidjan-y-la-pb-lubumbashi-celebran-asambleas-para-planificar-el-2026\/#article","isPartOf":{"@id":"https:\/\/confederaciopenyes.cat\/es\/la-pb-abidjan-y-la-pb-lubumbashi-celebran-asambleas-para-planificar-el-2026\/"},"author":{"name":"Confederaci\u00f3 Mundial de Penyes del FC Barcelona","@id":"https:\/\/confederaciopenyes.cat\/es\/#\/schema\/person\/337072f6daef87a85aa59aa1f134387c"},"headline":"La PB Abidjan y la PB Lubumbashi celebran asambleas para planificar el 2026","datePublished":"2025-12-23T10:55:18+00:00","dateModified":"2025-12-23T11:15:07+00:00","mainEntityOfPage":{"@id":"https:\/\/confederaciopenyes.cat\/es\/la-pb-abidjan-y-la-pb-lubumbashi-celebran-asambleas-para-planificar-el-2026\/"},"wordCount":471,"publisher":{"@id":"https:\/\/confederaciopenyes.cat\/es\/#organization"},"image":{"@id":"https:\/\/confederaciopenyes.cat\/es\/la-pb-abidjan-y-la-pb-lubumbashi-celebran-asambleas-para-planificar-el-2026\/#primaryimage"},"thumbnailUrl":"https:\/\/confederaciopenyes.cat\/wp-content\/uploads\/2025\/12\/WhatsApp-Image-2025-12-21-at-15.47.58.jpeg","keywords":["asamblea","confederaci\u00f3 mundial de penyes","Federaci\u00f3n Mundo","noticias","PB Abidjan","PB Lubumbashi","pe\u00f1as"],"articleSection":["Noticias"],"inLanguage":"es"},{"@type":"WebPage","@id":"https:\/\/confederaciopenyes.cat\/es\/la-pb-abidjan-y-la-pb-lubumbashi-celebran-asambleas-para-planificar-el-2026\/","url":"https:\/\/confederaciopenyes.cat\/es\/la-pb-abidjan-y-la-pb-lubumbashi-celebran-asambleas-para-planificar-el-2026\/","name":"La PB Abidjan y la PB Lubumbashi celebran asambleas - C.M.P.","isPartOf":{"@id":"https:\/\/confederaciopenyes.cat\/es\/#website"},"primaryImageOfPage":{"@id":"https:\/\/confederaciopenyes.cat\/es\/la-pb-abidjan-y-la-pb-lubumbashi-celebran-asambleas-para-planificar-el-2026\/#primaryimage"},"image":{"@id":"https:\/\/confederaciopenyes.cat\/es\/la-pb-abidjan-y-la-pb-lubumbashi-celebran-asambleas-para-planificar-el-2026\/#primaryimage"},"thumbnailUrl":"https:\/\/confederaciopenyes.cat\/wp-content\/uploads\/2025\/12\/WhatsApp-Image-2025-12-21-at-15.47.58.jpeg","datePublished":"2025-12-23T10:55:18+00:00","dateModified":"2025-12-23T11:15:07+00:00","description":"La PB Abidjan y la PB Lubumbashi celebran sus asambleas para empezar a planificar sus actividades de cara al a\u00f1o 2026","breadcrumb":{"@id":"https:\/\/confederaciopenyes.cat\/es\/la-pb-abidjan-y-la-pb-lubumbashi-celebran-asambleas-para-planificar-el-2026\/#breadcrumb"},"inLanguage":"es","potentialAction":[{"@type":"ReadAction","target":["https:\/\/confederaciopenyes.cat\/es\/la-pb-abidjan-y-la-pb-lubumbashi-celebran-asambleas-para-planificar-el-2026\/"]}]},{"@type":"ImageObject","inLanguage":"es","@id":"https:\/\/confederaciopenyes.cat\/es\/la-pb-abidjan-y-la-pb-lubumbashi-celebran-asambleas-para-planificar-el-2026\/#primaryimage","url":"https:\/\/confederaciopenyes.cat\/wp-content\/uploads\/2025\/12\/WhatsApp-Image-2025-12-21-at-15.47.58.jpeg","contentUrl":"https:\/\/confederaciopenyes.cat\/wp-content\/uploads\/2025\/12\/WhatsApp-Image-2025-12-21-at-15.47.58.jpeg","width":1080,"height":541},{"@type":"BreadcrumbList","@id":"https:\/\/confederaciopenyes.cat\/es\/la-pb-abidjan-y-la-pb-lubumbashi-celebran-asambleas-para-planificar-el-2026\/#breadcrumb","itemListElement":[{"@type":"ListItem","position":1,"name":"Portada","item":"https:\/\/confederaciopenyes.cat\/es\/"},{"@type":"ListItem","position":2,"name":"La PB Abidjan y la PB Lubumbashi celebran asambleas para planificar el 2026"}]},{"@type":"WebSite","@id":"https:\/\/confederaciopenyes.cat\/es\/#website","url":"https:\/\/confederaciopenyes.cat\/es\/","name":"Confederaci\u00f3 Mundial de Penyes del FC Barcelona","description":"C.M. Penyes FC Barcelona","publisher":{"@id":"https:\/\/confederaciopenyes.cat\/es\/#organization"},"potentialAction":[{"@type":"SearchAction","target":{"@type":"EntryPoint","urlTemplate":"https:\/\/confederaciopenyes.cat\/es\/?s={search_term_string}"},"query-input":{"@type":"PropertyValueSpecification","valueRequired":true,"valueName":"search_term_string"}}],"inLanguage":"es"},{"@type":"Organization","@id":"https:\/\/confederaciopenyes.cat\/es\/#organization","name":"Confederaci\u00f3 Mundial de Penyes del FC Barcelona","url":"https:\/\/confederaciopenyes.cat\/es\/","logo":{"@type":"ImageObject","inLanguage":"es","@id":"https:\/\/confederaciopenyes.cat\/es\/#\/schema\/logo\/image\/","url":"https:\/\/confederaciopenyes.cat\/wp-content\/uploads\/2022\/07\/cropped-logo_horizontal.png","contentUrl":"https:\/\/confederaciopenyes.cat\/wp-content\/uploads\/2022\/07\/cropped-logo_horizontal.png","width":1320,"height":309,"caption":"Confederaci\u00f3 Mundial de Penyes del FC Barcelona"},"image":{"@id":"https:\/\/confederaciopenyes.cat\/es\/#\/schema\/logo\/image\/"},"sameAs":["https:\/\/www.facebook.com\/ConfederacioMundialPenyesFCB","https:\/\/x.com\/ConfePenyesFCB","https:\/\/www.instagram.com\/confepenyesfcb\/"]},{"@type":"Person","@id":"https:\/\/confederaciopenyes.cat\/es\/#\/schema\/person\/337072f6daef87a85aa59aa1f134387c","name":"Confederaci\u00f3 Mundial de Penyes del FC Barcelona","image":{"@type":"ImageObject","inLanguage":"es","@id":"https:\/\/secure.gravatar.com\/avatar\/98c60c7405ff843b10aec55db652bd3f5cb4320ef331ae76c156819a62194328?s=96&d=mm&r=g","url":"https:\/\/secure.gravatar.com\/avatar\/98c60c7405ff843b10aec55db652bd3f5cb4320ef331ae76c156819a62194328?s=96&d=mm&r=g","contentUrl":"https:\/\/secure.gravatar.com\/avatar\/98c60c7405ff843b10aec55db652bd3f5cb4320ef331ae76c156819a62194328?s=96&d=mm&r=g","caption":"Confederaci\u00f3 Mundial de Penyes del FC Barcelona"},"url":"https:\/\/confederaciopenyes.cat\/es\/author\/comunicacioconfederaciopenyes-cat\/"}]}},"_links":{"self":[{"href":"https:\/\/confederaciopenyes.cat\/es\/wp-json\/wp\/v2\/posts\/38905","targetHints":{"allow":["GET"]}}],"collection":[{"href":"https:\/\/confederaciopenyes.cat\/es\/wp-json\/wp\/v2\/posts"}],"about":[{"href":"https:\/\/confederaciopenyes.cat\/es\/wp-json\/wp\/v2\/types\/post"}],"author":[{"embeddable":true,"href":"https:\/\/confederaciopenyes.cat\/es\/wp-json\/wp\/v2\/users\/4"}],"replies":[{"embeddable":true,"href":"https:\/\/confederaciopenyes.cat\/es\/wp-json\/wp\/v2\/comments?post=38905"}],"version-history":[{"count":2,"href":"https:\/\/confederaciopenyes.cat\/es\/wp-json\/wp\/v2\/posts\/38905\/revisions"}],"predecessor-version":[{"id":38907,"href":"https:\/\/confederaciopenyes.cat\/es\/wp-json\/wp\/v2\/posts\/38905\/revisions\/38907"}],"wp:featuredmedia":[{"embeddable":true,"href":"https:\/\/confederaciopenyes.cat\/es\/wp-json\/wp\/v2\/media\/38868"}],"wp:attachment":[{"href":"https:\/\/confederaciopenyes.cat\/es\/wp-json\/wp\/v2\/media?parent=38905"}],"wp:term":[{"taxonomy":"category","embeddable":true,"href":"https:\/\/confederaciopenyes.cat\/es\/wp-json\/wp\/v2\/categories?post=38905"},{"taxonomy":"post_tag","embeddable":true,"href":"https:\/\/confederaciopenyes.cat\/es\/wp-json\/wp\/v2\/tags?post=38905"}],"curies":[{"name":"wp","href":"https:\/\/api.w.org\/{rel}","templated":true}]}}