{"id":40356,"date":"2026-02-09T12:37:35","date_gmt":"2026-02-09T11:37:35","guid":{"rendered":"https:\/\/confederaciopenyes.cat\/la-sede-de-la-confederacio-punto-de-encuentro-de-aficionados-en-las-previas-del-spotify-camp-nou\/"},"modified":"2026-02-09T12:47:49","modified_gmt":"2026-02-09T11:47:49","slug":"la-sede-de-la-confederacio-punto-de-encuentro-de-aficionados-en-las-previas-del-spotify-camp-nou","status":"publish","type":"post","link":"https:\/\/confederaciopenyes.cat\/es\/la-sede-de-la-confederacio-punto-de-encuentro-de-aficionados-en-las-previas-del-spotify-camp-nou\/","title":{"rendered":"La sede de la Confederaci\u00f3, punto de encuentro de aficionados en las previas del Spotify Camp Nou"},"content":{"rendered":"\n<p>Con el regreso de la actividad al Spotify Camp Nou, <strong>la Confederaci\u00f3 Mundial de Penyes ha reestablecido la apertura de su sede durante la previa de los partidos en el estadio<\/strong>. A partir de dos horas antes del pitido inicial, la entidad invita a pe\u00f1istas, socios y aficionados barcelonistas a compartir los instantes previos a los encuentros en sus instalaciones, <strong>situadas justo delante del Spotify Camp Nou <\/strong>(<a href=\"https:\/\/maps.app.goo.gl\/m8VJgWsXHFYM1Vkw5\" target=\"_blank\" rel=\"noreferrer noopener\">Ar\u00edstides Maillol, 15, 1\u00aa planta<\/a>). De ese modo, <strong>los cul\u00e9s cuentan con un punto de encuentro acogedor <\/strong>y muy conveniente en el que calentar motores antes de los encuentros.  <\/p>\n\n<h6 class=\"wp-block-heading\" id=\"h-benvinguda-a-aficions-rivals\"><strong>Bienvenida a aficiones rivales<\/strong><\/h6>\n\n<p>Del mismo modo, <strong>la Confederaci\u00f3 quiere convertir su sede en un punto de concordia entre aficiones con la invitaci\u00f3n a las pe\u00f1as <\/strong>de los equipos visitantes en cada partido. El \u00faltimo ejemplo se puso de manifiesto ese mismo s\u00e1bado, cuando <strong>la entidad cul\u00e9 recibi\u00f3 a la <a href=\"https:\/\/www.instagram.com\/uniopenyes\" target=\"_blank\" rel=\"noreferrer noopener\">Uni\u00f3 de Penyes Mallorquinistes <\/a>antes del partido Bar\u00e7a-Mallorca<\/strong>. Pe\u00f1istas y aficionados de ambos clubes compartieron la previa en un ambiente lleno de cordialidad y respeto.<strong> Lo mismo ocurri\u00f3 antes del Bar\u00e7a-Osasuna con la Federaci\u00f3n de Pe\u00f1as Osasunistas<\/strong>, y est\u00e1 previsto que se repita en los pr\u00f3ximos partidos.  <\/p>\n\n<p>Esta iniciativa de la Confederaci\u00f3 Mundial de Penyes, que ya hab\u00eda cosechado un gran \u00e9xito antes del inicio de las obras y el traslado a Montjuic, nace de la <strong>voluntad de la entidad de abrir sus puertas a todo el barcelonismo y tambi\u00e9n a las aficiones de todos los equipos<\/strong>. Como miembro de <strong><a href=\"https:\/\/aficionesunidas.es\/\" target=\"_blank\" rel=\"noreferrer noopener\">Aficiones Unidas<\/a><\/strong>, organizaci\u00f3n que agrupa a 34 federaciones de pe\u00f1as de equipos del f\u00fatbol espa\u00f1ol, l<strong>a Confederaci\u00f3 trabaja para fomentar la concordia entre aficionados<\/strong> y convertir el f\u00fatbol en un espect\u00e1culo donde la violencia no tiene cabida. <\/p>\n\n<figure class=\"wp-block-gallery has-nested-images columns-default is-cropped wp-block-gallery-1 is-layout-flex wp-block-gallery-is-layout-flex\">\n<figure class=\"wp-block-image size-large\"><a href=\"https:\/\/confederaciopenyes.cat\/wp-content\/uploads\/2026\/02\/WhatsApp-Image-2026-02-07-at-15.17.53-2.jpeg\"><img decoding=\"async\" width=\"1024\" height=\"576\" data-id=\"40341\" data-src=\"https:\/\/confederaciopenyes.cat\/wp-content\/uploads\/2026\/02\/WhatsApp-Image-2026-02-07-at-15.17.53-2-1024x576.jpeg\" alt=\"\" class=\"wp-image-40341 lazyload\" data-srcset=\"https:\/\/confederaciopenyes.cat\/wp-content\/uploads\/2026\/02\/WhatsApp-Image-2026-02-07-at-15.17.53-2-1024x576.jpeg 1024w, https:\/\/confederaciopenyes.cat\/wp-content\/uploads\/2026\/02\/WhatsApp-Image-2026-02-07-at-15.17.53-2-300x169.jpeg 300w, https:\/\/confederaciopenyes.cat\/wp-content\/uploads\/2026\/02\/WhatsApp-Image-2026-02-07-at-15.17.53-2-768x432.jpeg 768w, https:\/\/confederaciopenyes.cat\/wp-content\/uploads\/2026\/02\/WhatsApp-Image-2026-02-07-at-15.17.53-2-1536x864.jpeg 1536w, https:\/\/confederaciopenyes.cat\/wp-content\/uploads\/2026\/02\/WhatsApp-Image-2026-02-07-at-15.17.53-2.jpeg 1600w\" data-sizes=\"(max-width: 1024px) 100vw, 1024px\" src=\"data:image\/svg+xml;base64,PHN2ZyB3aWR0aD0iMSIgaGVpZ2h0PSIxIiB4bWxucz0iaHR0cDovL3d3dy53My5vcmcvMjAwMC9zdmciPjwvc3ZnPg==\" style=\"--smush-placeholder-width: 1024px; --smush-placeholder-aspect-ratio: 1024\/576;\" \/><\/a><\/figure>\n\n\n\n<figure class=\"wp-block-image size-large\"><a href=\"https:\/\/confederaciopenyes.cat\/wp-content\/uploads\/2026\/02\/Recepcio-penyes-Osasuna-a-la-CMP.jpg\"><img decoding=\"async\" width=\"1024\" height=\"768\" data-id=\"40344\" data-src=\"https:\/\/confederaciopenyes.cat\/wp-content\/uploads\/2026\/02\/Recepcio-penyes-Osasuna-a-la-CMP-1024x768.jpg\" alt=\"\" class=\"wp-image-40344 lazyload\" data-srcset=\"https:\/\/confederaciopenyes.cat\/wp-content\/uploads\/2026\/02\/Recepcio-penyes-Osasuna-a-la-CMP-1024x768.jpg 1024w, https:\/\/confederaciopenyes.cat\/wp-content\/uploads\/2026\/02\/Recepcio-penyes-Osasuna-a-la-CMP-300x225.jpg 300w, https:\/\/confederaciopenyes.cat\/wp-content\/uploads\/2026\/02\/Recepcio-penyes-Osasuna-a-la-CMP-768x576.jpg 768w, https:\/\/confederaciopenyes.cat\/wp-content\/uploads\/2026\/02\/Recepcio-penyes-Osasuna-a-la-CMP-1536x1152.jpg 1536w, https:\/\/confederaciopenyes.cat\/wp-content\/uploads\/2026\/02\/Recepcio-penyes-Osasuna-a-la-CMP.jpg 2040w\" data-sizes=\"(max-width: 1024px) 100vw, 1024px\" src=\"data:image\/svg+xml;base64,PHN2ZyB3aWR0aD0iMSIgaGVpZ2h0PSIxIiB4bWxucz0iaHR0cDovL3d3dy53My5vcmcvMjAwMC9zdmciPjwvc3ZnPg==\" style=\"--smush-placeholder-width: 1024px; --smush-placeholder-aspect-ratio: 1024\/768;\" \/><\/a><\/figure>\n\n\n\n<figure class=\"wp-block-image size-large\"><a href=\"https:\/\/confederaciopenyes.cat\/wp-content\/uploads\/2026\/02\/recepcio-FCB-Girona.jpg\"><img decoding=\"async\" width=\"1024\" height=\"566\" data-id=\"40352\" data-src=\"https:\/\/confederaciopenyes.cat\/wp-content\/uploads\/2026\/02\/recepcio-FCB-Girona-1024x566.jpg\" alt=\"\" class=\"wp-image-40352 lazyload\" data-srcset=\"https:\/\/confederaciopenyes.cat\/wp-content\/uploads\/2026\/02\/recepcio-FCB-Girona-1024x566.jpg 1024w, https:\/\/confederaciopenyes.cat\/wp-content\/uploads\/2026\/02\/recepcio-FCB-Girona-300x166.jpg 300w, https:\/\/confederaciopenyes.cat\/wp-content\/uploads\/2026\/02\/recepcio-FCB-Girona-768x425.jpg 768w, https:\/\/confederaciopenyes.cat\/wp-content\/uploads\/2026\/02\/recepcio-FCB-Girona-1536x849.jpg 1536w, https:\/\/confederaciopenyes.cat\/wp-content\/uploads\/2026\/02\/recepcio-FCB-Girona.jpg 1892w\" data-sizes=\"(max-width: 1024px) 100vw, 1024px\" src=\"data:image\/svg+xml;base64,PHN2ZyB3aWR0aD0iMSIgaGVpZ2h0PSIxIiB4bWxucz0iaHR0cDovL3d3dy53My5vcmcvMjAwMC9zdmciPjwvc3ZnPg==\" style=\"--smush-placeholder-width: 1024px; --smush-placeholder-aspect-ratio: 1024\/566;\" \/><\/a><\/figure>\n<\/figure>\n","protected":false},"excerpt":{"rendered":"<p>Con el regreso de la actividad al Spotify Camp Nou, la Confederaci\u00f3 Mundial de Penyes ha reestablecido la apertura de su sede durante la previa de los partidos en el estadio. A partir de dos horas antes del pitido inicial, la entidad invita a pe\u00f1istas, socios y aficionados barcelonistas a compartir los instantes previos a &#8230; <a title=\"La sede de la Confederaci\u00f3, punto de encuentro de aficionados en las previas del Spotify Camp Nou\" class=\"read-more\" href=\"https:\/\/confederaciopenyes.cat\/es\/la-sede-de-la-confederacio-punto-de-encuentro-de-aficionados-en-las-previas-del-spotify-camp-nou\/\" aria-label=\"Leer m\u00e1s sobre La sede de la Confederaci\u00f3, punto de encuentro de aficionados en las previas del Spotify Camp Nou\">Leer m\u00e1s<\/a><\/p>\n","protected":false},"author":4,"featured_media":40351,"comment_status":"closed","ping_status":"open","sticky":false,"template":"","format":"standard","meta":{"_acf_changed":false,"footnotes":""},"categories":[1],"tags":[3454,2975,2594,2595,2555,4187],"class_list":["post-40356","post","type-post","status-publish","format-standard","has-post-thumbnail","hentry","category-noticias-es","tag-aficion-es","tag-aficiones-unidas-es-2","tag-confederacio-mundial-de-penyes-es-3","tag-noticias-es-2","tag-penas-es","tag-previas"],"acf":[],"yoast_head":"<!-- This site is optimized with the Yoast SEO Premium plugin v26.7 (Yoast SEO v27.5) - https:\/\/yoast.com\/product\/yoast-seo-premium-wordpress\/ -->\n<title>La Confederaci\u00f3, punto de encuentro en les previas en el Camp Nou - CMP<\/title>\n<meta name=\"description\" content=\"La Confederaci\u00f3 abre sus puertas a todos los aficionados culers, y tambi\u00e9n a las aficiones rivales, en las previas de los partidos en el Camp Nou\" \/>\n<meta name=\"robots\" content=\"index, follow, max-snippet:-1, max-image-preview:large, max-video-preview:-1\" \/>\n<link rel=\"canonical\" href=\"https:\/\/confederaciopenyes.cat\/es\/la-sede-de-la-confederacio-punto-de-encuentro-de-aficionados-en-las-previas-del-spotify-camp-nou\/\" \/>\n<meta property=\"og:locale\" content=\"es_ES\" \/>\n<meta property=\"og:type\" content=\"article\" \/>\n<meta property=\"og:title\" content=\"La sede de la Confederaci\u00f3, punto de encuentro de aficionados en las previas del Spotify Camp Nou\" \/>\n<meta property=\"og:description\" content=\"La Confederaci\u00f3 abre sus puertas a todos los aficionados culers, y tambi\u00e9n a las aficiones rivales, en las previas de los partidos en el Camp Nou\" \/>\n<meta property=\"og:url\" content=\"https:\/\/confederaciopenyes.cat\/es\/la-sede-de-la-confederacio-punto-de-encuentro-de-aficionados-en-las-previas-del-spotify-camp-nou\/\" \/>\n<meta property=\"og:site_name\" content=\"Confederaci\u00f3 Mundial de Penyes del FC Barcelona\" \/>\n<meta property=\"article:publisher\" content=\"https:\/\/www.facebook.com\/ConfederacioMundialPenyesFCB\" \/>\n<meta property=\"article:published_time\" content=\"2026-02-09T11:37:35+00:00\" \/>\n<meta property=\"article:modified_time\" content=\"2026-02-09T11:47:49+00:00\" \/>\n<meta property=\"og:image\" content=\"https:\/\/confederaciopenyes.cat\/wp-content\/uploads\/2026\/02\/WhatsApp-Image-2026-02-07-at-15.17.53-1.jpeg\" \/>\n\t<meta property=\"og:image:width\" content=\"1600\" \/>\n\t<meta property=\"og:image:height\" content=\"798\" \/>\n\t<meta property=\"og:image:type\" content=\"image\/jpeg\" \/>\n<meta name=\"author\" content=\"Confederaci\u00f3 Mundial de Penyes del FC Barcelona\" \/>\n<meta name=\"twitter:card\" content=\"summary_large_image\" \/>\n<meta name=\"twitter:creator\" content=\"@ConfePenyesFCB\" \/>\n<meta name=\"twitter:site\" content=\"@ConfePenyesFCB\" \/>\n<meta name=\"twitter:label1\" content=\"Escrito por\" \/>\n\t<meta name=\"twitter:data1\" content=\"Confederaci\u00f3 Mundial de Penyes del FC Barcelona\" \/>\n\t<meta name=\"twitter:label2\" content=\"Tiempo de lectura\" \/>\n\t<meta name=\"twitter:data2\" content=\"3 minutos\" \/>\n<script type=\"application\/ld+json\" class=\"yoast-schema-graph\">{\"@context\":\"https:\\\/\\\/schema.org\",\"@graph\":[{\"@type\":\"Article\",\"@id\":\"https:\\\/\\\/confederaciopenyes.cat\\\/es\\\/la-sede-de-la-confederacio-punto-de-encuentro-de-aficionados-en-las-previas-del-spotify-camp-nou\\\/#article\",\"isPartOf\":{\"@id\":\"https:\\\/\\\/confederaciopenyes.cat\\\/es\\\/la-sede-de-la-confederacio-punto-de-encuentro-de-aficionados-en-las-previas-del-spotify-camp-nou\\\/\"},\"author\":{\"name\":\"Confederaci\u00f3 Mundial de Penyes del FC Barcelona\",\"@id\":\"https:\\\/\\\/confederaciopenyes.cat\\\/es\\\/#\\\/schema\\\/person\\\/337072f6daef87a85aa59aa1f134387c\"},\"headline\":\"La sede de la Confederaci\u00f3, punto de encuentro de aficionados en las previas del Spotify Camp Nou\",\"datePublished\":\"2026-02-09T11:37:35+00:00\",\"dateModified\":\"2026-02-09T11:47:49+00:00\",\"mainEntityOfPage\":{\"@id\":\"https:\\\/\\\/confederaciopenyes.cat\\\/es\\\/la-sede-de-la-confederacio-punto-de-encuentro-de-aficionados-en-las-previas-del-spotify-camp-nou\\\/\"},\"wordCount\":317,\"publisher\":{\"@id\":\"https:\\\/\\\/confederaciopenyes.cat\\\/es\\\/#organization\"},\"image\":{\"@id\":\"https:\\\/\\\/confederaciopenyes.cat\\\/es\\\/la-sede-de-la-confederacio-punto-de-encuentro-de-aficionados-en-las-previas-del-spotify-camp-nou\\\/#primaryimage\"},\"thumbnailUrl\":\"https:\\\/\\\/confederaciopenyes.cat\\\/wp-content\\\/uploads\\\/2026\\\/02\\\/WhatsApp-Image-2026-02-07-at-15.17.53-1.jpeg\",\"keywords\":[\"afici\u00f3n\",\"aficiones unidas\",\"confederaci\u00f3 mundial de penyes\",\"noticias\",\"pe\u00f1as\",\"previas\"],\"articleSection\":[\"Noticias\"],\"inLanguage\":\"es\"},{\"@type\":\"WebPage\",\"@id\":\"https:\\\/\\\/confederaciopenyes.cat\\\/es\\\/la-sede-de-la-confederacio-punto-de-encuentro-de-aficionados-en-las-previas-del-spotify-camp-nou\\\/\",\"url\":\"https:\\\/\\\/confederaciopenyes.cat\\\/es\\\/la-sede-de-la-confederacio-punto-de-encuentro-de-aficionados-en-las-previas-del-spotify-camp-nou\\\/\",\"name\":\"La Confederaci\u00f3, punto de encuentro en les previas en el Camp Nou - CMP\",\"isPartOf\":{\"@id\":\"https:\\\/\\\/confederaciopenyes.cat\\\/es\\\/#website\"},\"primaryImageOfPage\":{\"@id\":\"https:\\\/\\\/confederaciopenyes.cat\\\/es\\\/la-sede-de-la-confederacio-punto-de-encuentro-de-aficionados-en-las-previas-del-spotify-camp-nou\\\/#primaryimage\"},\"image\":{\"@id\":\"https:\\\/\\\/confederaciopenyes.cat\\\/es\\\/la-sede-de-la-confederacio-punto-de-encuentro-de-aficionados-en-las-previas-del-spotify-camp-nou\\\/#primaryimage\"},\"thumbnailUrl\":\"https:\\\/\\\/confederaciopenyes.cat\\\/wp-content\\\/uploads\\\/2026\\\/02\\\/WhatsApp-Image-2026-02-07-at-15.17.53-1.jpeg\",\"datePublished\":\"2026-02-09T11:37:35+00:00\",\"dateModified\":\"2026-02-09T11:47:49+00:00\",\"description\":\"La Confederaci\u00f3 abre sus puertas a todos los aficionados culers, y tambi\u00e9n a las aficiones rivales, en las previas de los partidos en el Camp Nou\",\"breadcrumb\":{\"@id\":\"https:\\\/\\\/confederaciopenyes.cat\\\/es\\\/la-sede-de-la-confederacio-punto-de-encuentro-de-aficionados-en-las-previas-del-spotify-camp-nou\\\/#breadcrumb\"},\"inLanguage\":\"es\",\"potentialAction\":[{\"@type\":\"ReadAction\",\"target\":[\"https:\\\/\\\/confederaciopenyes.cat\\\/es\\\/la-sede-de-la-confederacio-punto-de-encuentro-de-aficionados-en-las-previas-del-spotify-camp-nou\\\/\"]}]},{\"@type\":\"ImageObject\",\"inLanguage\":\"es\",\"@id\":\"https:\\\/\\\/confederaciopenyes.cat\\\/es\\\/la-sede-de-la-confederacio-punto-de-encuentro-de-aficionados-en-las-previas-del-spotify-camp-nou\\\/#primaryimage\",\"url\":\"https:\\\/\\\/confederaciopenyes.cat\\\/wp-content\\\/uploads\\\/2026\\\/02\\\/WhatsApp-Image-2026-02-07-at-15.17.53-1.jpeg\",\"contentUrl\":\"https:\\\/\\\/confederaciopenyes.cat\\\/wp-content\\\/uploads\\\/2026\\\/02\\\/WhatsApp-Image-2026-02-07-at-15.17.53-1.jpeg\",\"width\":1600,\"height\":798},{\"@type\":\"BreadcrumbList\",\"@id\":\"https:\\\/\\\/confederaciopenyes.cat\\\/es\\\/la-sede-de-la-confederacio-punto-de-encuentro-de-aficionados-en-las-previas-del-spotify-camp-nou\\\/#breadcrumb\",\"itemListElement\":[{\"@type\":\"ListItem\",\"position\":1,\"name\":\"Inici\",\"item\":\"https:\\\/\\\/confederaciopenyes.cat\\\/es\\\/\"},{\"@type\":\"ListItem\",\"position\":2,\"name\":\"La sede de la Confederaci\u00f3, punto de encuentro de aficionados en las previas del Spotify Camp Nou\"}]},{\"@type\":\"WebSite\",\"@id\":\"https:\\\/\\\/confederaciopenyes.cat\\\/es\\\/#website\",\"url\":\"https:\\\/\\\/confederaciopenyes.cat\\\/es\\\/\",\"name\":\"Confederaci\u00f3 Mundial de Penyes del FC Barcelona\",\"description\":\"C.M. Penyes FC Barcelona\",\"publisher\":{\"@id\":\"https:\\\/\\\/confederaciopenyes.cat\\\/es\\\/#organization\"},\"potentialAction\":[{\"@type\":\"SearchAction\",\"target\":{\"@type\":\"EntryPoint\",\"urlTemplate\":\"https:\\\/\\\/confederaciopenyes.cat\\\/es\\\/?s={search_term_string}\"},\"query-input\":{\"@type\":\"PropertyValueSpecification\",\"valueRequired\":true,\"valueName\":\"search_term_string\"}}],\"inLanguage\":\"es\"},{\"@type\":\"Organization\",\"@id\":\"https:\\\/\\\/confederaciopenyes.cat\\\/es\\\/#organization\",\"name\":\"Confederaci\u00f3 Mundial de Penyes del FC Barcelona\",\"url\":\"https:\\\/\\\/confederaciopenyes.cat\\\/es\\\/\",\"logo\":{\"@type\":\"ImageObject\",\"inLanguage\":\"es\",\"@id\":\"https:\\\/\\\/confederaciopenyes.cat\\\/es\\\/#\\\/schema\\\/logo\\\/image\\\/\",\"url\":\"https:\\\/\\\/confederaciopenyes.cat\\\/wp-content\\\/uploads\\\/2022\\\/07\\\/cropped-logo_horizontal.png\",\"contentUrl\":\"https:\\\/\\\/confederaciopenyes.cat\\\/wp-content\\\/uploads\\\/2022\\\/07\\\/cropped-logo_horizontal.png\",\"width\":1320,\"height\":309,\"caption\":\"Confederaci\u00f3 Mundial de Penyes del FC Barcelona\"},\"image\":{\"@id\":\"https:\\\/\\\/confederaciopenyes.cat\\\/es\\\/#\\\/schema\\\/logo\\\/image\\\/\"},\"sameAs\":[\"https:\\\/\\\/www.facebook.com\\\/ConfederacioMundialPenyesFCB\",\"https:\\\/\\\/x.com\\\/ConfePenyesFCB\",\"https:\\\/\\\/www.instagram.com\\\/confepenyesfcb\\\/\"]},{\"@type\":\"Person\",\"@id\":\"https:\\\/\\\/confederaciopenyes.cat\\\/es\\\/#\\\/schema\\\/person\\\/337072f6daef87a85aa59aa1f134387c\",\"name\":\"Confederaci\u00f3 Mundial de Penyes del FC Barcelona\",\"image\":{\"@type\":\"ImageObject\",\"inLanguage\":\"es\",\"@id\":\"https:\\\/\\\/secure.gravatar.com\\\/avatar\\\/98c60c7405ff843b10aec55db652bd3f5cb4320ef331ae76c156819a62194328?s=96&d=mm&r=g\",\"url\":\"https:\\\/\\\/secure.gravatar.com\\\/avatar\\\/98c60c7405ff843b10aec55db652bd3f5cb4320ef331ae76c156819a62194328?s=96&d=mm&r=g\",\"contentUrl\":\"https:\\\/\\\/secure.gravatar.com\\\/avatar\\\/98c60c7405ff843b10aec55db652bd3f5cb4320ef331ae76c156819a62194328?s=96&d=mm&r=g\",\"caption\":\"Confederaci\u00f3 Mundial de Penyes del FC Barcelona\"},\"url\":\"https:\\\/\\\/confederaciopenyes.cat\\\/es\\\/author\\\/comunicacioconfederaciopenyes-cat\\\/\"}]}<\/script>\n<!-- \/ Yoast SEO Premium plugin. -->","yoast_head_json":{"title":"La Confederaci\u00f3, punto de encuentro en les previas en el Camp Nou - CMP","description":"La Confederaci\u00f3 abre sus puertas a todos los aficionados culers, y tambi\u00e9n a las aficiones rivales, en las previas de los partidos en el Camp Nou","robots":{"index":"index","follow":"follow","max-snippet":"max-snippet:-1","max-image-preview":"max-image-preview:large","max-video-preview":"max-video-preview:-1"},"canonical":"https:\/\/confederaciopenyes.cat\/es\/la-sede-de-la-confederacio-punto-de-encuentro-de-aficionados-en-las-previas-del-spotify-camp-nou\/","og_locale":"es_ES","og_type":"article","og_title":"La sede de la Confederaci\u00f3, punto de encuentro de aficionados en las previas del Spotify Camp Nou","og_description":"La Confederaci\u00f3 abre sus puertas a todos los aficionados culers, y tambi\u00e9n a las aficiones rivales, en las previas de los partidos en el Camp Nou","og_url":"https:\/\/confederaciopenyes.cat\/es\/la-sede-de-la-confederacio-punto-de-encuentro-de-aficionados-en-las-previas-del-spotify-camp-nou\/","og_site_name":"Confederaci\u00f3 Mundial de Penyes del FC Barcelona","article_publisher":"https:\/\/www.facebook.com\/ConfederacioMundialPenyesFCB","article_published_time":"2026-02-09T11:37:35+00:00","article_modified_time":"2026-02-09T11:47:49+00:00","og_image":[{"width":1600,"height":798,"url":"https:\/\/confederaciopenyes.cat\/wp-content\/uploads\/2026\/02\/WhatsApp-Image-2026-02-07-at-15.17.53-1.jpeg","type":"image\/jpeg"}],"author":"Confederaci\u00f3 Mundial de Penyes del FC Barcelona","twitter_card":"summary_large_image","twitter_creator":"@ConfePenyesFCB","twitter_site":"@ConfePenyesFCB","twitter_misc":{"Escrito por":"Confederaci\u00f3 Mundial de Penyes del FC Barcelona","Tiempo de lectura":"3 minutos"},"schema":{"@context":"https:\/\/schema.org","@graph":[{"@type":"Article","@id":"https:\/\/confederaciopenyes.cat\/es\/la-sede-de-la-confederacio-punto-de-encuentro-de-aficionados-en-las-previas-del-spotify-camp-nou\/#article","isPartOf":{"@id":"https:\/\/confederaciopenyes.cat\/es\/la-sede-de-la-confederacio-punto-de-encuentro-de-aficionados-en-las-previas-del-spotify-camp-nou\/"},"author":{"name":"Confederaci\u00f3 Mundial de Penyes del FC Barcelona","@id":"https:\/\/confederaciopenyes.cat\/es\/#\/schema\/person\/337072f6daef87a85aa59aa1f134387c"},"headline":"La sede de la Confederaci\u00f3, punto de encuentro de aficionados en las previas del Spotify Camp Nou","datePublished":"2026-02-09T11:37:35+00:00","dateModified":"2026-02-09T11:47:49+00:00","mainEntityOfPage":{"@id":"https:\/\/confederaciopenyes.cat\/es\/la-sede-de-la-confederacio-punto-de-encuentro-de-aficionados-en-las-previas-del-spotify-camp-nou\/"},"wordCount":317,"publisher":{"@id":"https:\/\/confederaciopenyes.cat\/es\/#organization"},"image":{"@id":"https:\/\/confederaciopenyes.cat\/es\/la-sede-de-la-confederacio-punto-de-encuentro-de-aficionados-en-las-previas-del-spotify-camp-nou\/#primaryimage"},"thumbnailUrl":"https:\/\/confederaciopenyes.cat\/wp-content\/uploads\/2026\/02\/WhatsApp-Image-2026-02-07-at-15.17.53-1.jpeg","keywords":["afici\u00f3n","aficiones unidas","confederaci\u00f3 mundial de penyes","noticias","pe\u00f1as","previas"],"articleSection":["Noticias"],"inLanguage":"es"},{"@type":"WebPage","@id":"https:\/\/confederaciopenyes.cat\/es\/la-sede-de-la-confederacio-punto-de-encuentro-de-aficionados-en-las-previas-del-spotify-camp-nou\/","url":"https:\/\/confederaciopenyes.cat\/es\/la-sede-de-la-confederacio-punto-de-encuentro-de-aficionados-en-las-previas-del-spotify-camp-nou\/","name":"La Confederaci\u00f3, punto de encuentro en les previas en el Camp Nou - CMP","isPartOf":{"@id":"https:\/\/confederaciopenyes.cat\/es\/#website"},"primaryImageOfPage":{"@id":"https:\/\/confederaciopenyes.cat\/es\/la-sede-de-la-confederacio-punto-de-encuentro-de-aficionados-en-las-previas-del-spotify-camp-nou\/#primaryimage"},"image":{"@id":"https:\/\/confederaciopenyes.cat\/es\/la-sede-de-la-confederacio-punto-de-encuentro-de-aficionados-en-las-previas-del-spotify-camp-nou\/#primaryimage"},"thumbnailUrl":"https:\/\/confederaciopenyes.cat\/wp-content\/uploads\/2026\/02\/WhatsApp-Image-2026-02-07-at-15.17.53-1.jpeg","datePublished":"2026-02-09T11:37:35+00:00","dateModified":"2026-02-09T11:47:49+00:00","description":"La Confederaci\u00f3 abre sus puertas a todos los aficionados culers, y tambi\u00e9n a las aficiones rivales, en las previas de los partidos en el Camp Nou","breadcrumb":{"@id":"https:\/\/confederaciopenyes.cat\/es\/la-sede-de-la-confederacio-punto-de-encuentro-de-aficionados-en-las-previas-del-spotify-camp-nou\/#breadcrumb"},"inLanguage":"es","potentialAction":[{"@type":"ReadAction","target":["https:\/\/confederaciopenyes.cat\/es\/la-sede-de-la-confederacio-punto-de-encuentro-de-aficionados-en-las-previas-del-spotify-camp-nou\/"]}]},{"@type":"ImageObject","inLanguage":"es","@id":"https:\/\/confederaciopenyes.cat\/es\/la-sede-de-la-confederacio-punto-de-encuentro-de-aficionados-en-las-previas-del-spotify-camp-nou\/#primaryimage","url":"https:\/\/confederaciopenyes.cat\/wp-content\/uploads\/2026\/02\/WhatsApp-Image-2026-02-07-at-15.17.53-1.jpeg","contentUrl":"https:\/\/confederaciopenyes.cat\/wp-content\/uploads\/2026\/02\/WhatsApp-Image-2026-02-07-at-15.17.53-1.jpeg","width":1600,"height":798},{"@type":"BreadcrumbList","@id":"https:\/\/confederaciopenyes.cat\/es\/la-sede-de-la-confederacio-punto-de-encuentro-de-aficionados-en-las-previas-del-spotify-camp-nou\/#breadcrumb","itemListElement":[{"@type":"ListItem","position":1,"name":"Inici","item":"https:\/\/confederaciopenyes.cat\/es\/"},{"@type":"ListItem","position":2,"name":"La sede de la Confederaci\u00f3, punto de encuentro de aficionados en las previas del Spotify Camp Nou"}]},{"@type":"WebSite","@id":"https:\/\/confederaciopenyes.cat\/es\/#website","url":"https:\/\/confederaciopenyes.cat\/es\/","name":"Confederaci\u00f3 Mundial de Penyes del FC Barcelona","description":"C.M. Penyes FC Barcelona","publisher":{"@id":"https:\/\/confederaciopenyes.cat\/es\/#organization"},"potentialAction":[{"@type":"SearchAction","target":{"@type":"EntryPoint","urlTemplate":"https:\/\/confederaciopenyes.cat\/es\/?s={search_term_string}"},"query-input":{"@type":"PropertyValueSpecification","valueRequired":true,"valueName":"search_term_string"}}],"inLanguage":"es"},{"@type":"Organization","@id":"https:\/\/confederaciopenyes.cat\/es\/#organization","name":"Confederaci\u00f3 Mundial de Penyes del FC Barcelona","url":"https:\/\/confederaciopenyes.cat\/es\/","logo":{"@type":"ImageObject","inLanguage":"es","@id":"https:\/\/confederaciopenyes.cat\/es\/#\/schema\/logo\/image\/","url":"https:\/\/confederaciopenyes.cat\/wp-content\/uploads\/2022\/07\/cropped-logo_horizontal.png","contentUrl":"https:\/\/confederaciopenyes.cat\/wp-content\/uploads\/2022\/07\/cropped-logo_horizontal.png","width":1320,"height":309,"caption":"Confederaci\u00f3 Mundial de Penyes del FC Barcelona"},"image":{"@id":"https:\/\/confederaciopenyes.cat\/es\/#\/schema\/logo\/image\/"},"sameAs":["https:\/\/www.facebook.com\/ConfederacioMundialPenyesFCB","https:\/\/x.com\/ConfePenyesFCB","https:\/\/www.instagram.com\/confepenyesfcb\/"]},{"@type":"Person","@id":"https:\/\/confederaciopenyes.cat\/es\/#\/schema\/person\/337072f6daef87a85aa59aa1f134387c","name":"Confederaci\u00f3 Mundial de Penyes del FC Barcelona","image":{"@type":"ImageObject","inLanguage":"es","@id":"https:\/\/secure.gravatar.com\/avatar\/98c60c7405ff843b10aec55db652bd3f5cb4320ef331ae76c156819a62194328?s=96&d=mm&r=g","url":"https:\/\/secure.gravatar.com\/avatar\/98c60c7405ff843b10aec55db652bd3f5cb4320ef331ae76c156819a62194328?s=96&d=mm&r=g","contentUrl":"https:\/\/secure.gravatar.com\/avatar\/98c60c7405ff843b10aec55db652bd3f5cb4320ef331ae76c156819a62194328?s=96&d=mm&r=g","caption":"Confederaci\u00f3 Mundial de Penyes del FC Barcelona"},"url":"https:\/\/confederaciopenyes.cat\/es\/author\/comunicacioconfederaciopenyes-cat\/"}]}},"_links":{"self":[{"href":"https:\/\/confederaciopenyes.cat\/es\/wp-json\/wp\/v2\/posts\/40356","targetHints":{"allow":["GET"]}}],"collection":[{"href":"https:\/\/confederaciopenyes.cat\/es\/wp-json\/wp\/v2\/posts"}],"about":[{"href":"https:\/\/confederaciopenyes.cat\/es\/wp-json\/wp\/v2\/types\/post"}],"author":[{"embeddable":true,"href":"https:\/\/confederaciopenyes.cat\/es\/wp-json\/wp\/v2\/users\/4"}],"replies":[{"embeddable":true,"href":"https:\/\/confederaciopenyes.cat\/es\/wp-json\/wp\/v2\/comments?post=40356"}],"version-history":[{"count":2,"href":"https:\/\/confederaciopenyes.cat\/es\/wp-json\/wp\/v2\/posts\/40356\/revisions"}],"predecessor-version":[{"id":40358,"href":"https:\/\/confederaciopenyes.cat\/es\/wp-json\/wp\/v2\/posts\/40356\/revisions\/40358"}],"wp:featuredmedia":[{"embeddable":true,"href":"https:\/\/confederaciopenyes.cat\/es\/wp-json\/wp\/v2\/media\/40351"}],"wp:attachment":[{"href":"https:\/\/confederaciopenyes.cat\/es\/wp-json\/wp\/v2\/media?parent=40356"}],"wp:term":[{"taxonomy":"category","embeddable":true,"href":"https:\/\/confederaciopenyes.cat\/es\/wp-json\/wp\/v2\/categories?post=40356"},{"taxonomy":"post_tag","embeddable":true,"href":"https:\/\/confederaciopenyes.cat\/es\/wp-json\/wp\/v2\/tags?post=40356"}],"curies":[{"name":"wp","href":"https:\/\/api.w.org\/{rel}","templated":true}]}}