{"id":40503,"date":"2026-02-11T11:22:33","date_gmt":"2026-02-11T10:22:33","guid":{"rendered":"https:\/\/confederaciopenyes.cat\/capitulo-44-la-agrupacion-de-futbol-de-clubes-y-penas-del-fc-barcelona\/"},"modified":"2026-02-11T11:30:13","modified_gmt":"2026-02-11T10:30:13","slug":"capitulo-44-la-agrupacion-de-futbol-de-clubes-y-penas-del-fc-barcelona","status":"publish","type":"post","link":"https:\/\/confederaciopenyes.cat\/es\/capitulo-44-la-agrupacion-de-futbol-de-clubes-y-penas-del-fc-barcelona\/","title":{"rendered":"Cap\u00edtulo 44 \u2013 La Agrupaci\u00f3n de F\u00fatbol de Clubes y Pe\u00f1as del FC Barcelona"},"content":{"rendered":"\n<p>Las actividades de las pe\u00f1as siempre han sido numerosas y dedicadas a fomentar distintos valores. Algunas han tenido una actividad eminentemente cultural, otras m\u00e1s social, otras incluso gastron\u00f3mica, y muchas m\u00e1s. Pero <strong>si nos fijamos hist\u00f3ricamente en la mayor\u00eda de las pe\u00f1as ubicadas en el \u00c1rea Metropolitana de Barcelona, normalmente han tenido desde sus inicios una actividad eminentemente deportiva<\/strong>.  <\/p>\n\n<p>Muchas pe\u00f1as de los a\u00f1os 50 y 60 nacen con este esp\u00edritu,<strong> con el objetivo de formar a los j\u00f3venes a trav\u00e9s del f\u00fatbol y de buscar posibles futuros talentos para el FC Barcelona<\/strong>. No hay duda de que, en tiempos de dictadura,<strong> las pe\u00f1as deportivas eran menos observadas y de creaci\u00f3n m\u00e1s f\u00e1cil que las sociales<\/strong>. Estas \u00faltimas ten\u00edan que superar numerosos controles y muchos retrasos en una oficialidad o creaci\u00f3n que, a veces, sufr\u00eda negativas constantes hasta que alg\u00fan personaje importante del R\u00e9gimen desbloqueaba la situaci\u00f3n.  <\/p>\n\n<h6 class=\"wp-block-heading\" id=\"h-la-creacio-de-l-agrupacio\"><strong>La creaci\u00f3n de la Agrupaci\u00f3n<\/strong><\/h6>\n\n<p><strong>La Agrupaci\u00f3n de F\u00fatbol de Clubes y Pe\u00f1as del FC Barcelona tiene su punto de partida el 15 de abril de 1956<\/strong>. Ese d\u00eda, varios representantes de pe\u00f1as barcelonistas se reunieron para crear la Comisi\u00f3n Deportiva de Pe\u00f1as Barcelonistas, con<strong> Ramon Gasol como primer responsable visible<\/strong>. La reuni\u00f3n inicial tuvo lugar en el local del n\u00famero 166 de la calle Bruc, donde se encontraba el gimnasio y otras instalaciones del Club de F\u00fatbol Barcelona.  <\/p>\n\n<p>En representaci\u00f3n del Consejo Directivo <strong>asisti\u00f3 el que ser\u00eda futuro presidente, Enric Llaudet<\/strong>, entonces vocal encargado de las secciones, quien dio todo su apoyo al proyecto de agrupar los equipos de f\u00fatbol de las pe\u00f1as barcelonistas. Entre los presentes hab\u00eda algunas pe\u00f1as con estatus oficial y otras que aprovecharon la ocasi\u00f3n para constituirse como pe\u00f1as azulgranas de pleno derecho. Algunas de ellas han desaparecido hoy en d\u00eda, como la <strong>Penya Alir\u00f3n, la Penya Kubala (m\u00e1s tarde Penya Collblanc), la Penya Azulgrana (Rogent) o la Penya Eulogio Mart\u00ednez<\/strong>, pero otras segu\u00edan activas en 2021, como la <strong>PB Cinc Copes, la PB Barceloneta, la PB Villaverde o la Uni\u00f3 Catalonia<\/strong>. Pronto se sumaron la<strong> PB Olivella y la PB Barcino.<\/strong>   <\/p>\n\n<h6 class=\"wp-block-heading\" id=\"h-primers-estatuts\"><strong>Primeros estatutos<\/strong><\/h6>\n\n<p>Dos a\u00f1os despu\u00e9s, <strong>el 30 de junio de 1958, se redactaron los primeros estatutos de la Comisi\u00f3n con Ramon Gasol como primer presidente oficial<\/strong>. Estaba integrada por once pe\u00f1as y solo con equipos juveniles. Para formar parte, se exig\u00edan seis requisitos: ser una entidad netamente barcelonista, estar legalmente constituida, haber sido aceptada como tal por el Consejo Directivo del FC Barcelona, tener un equipo juvenil inscrito en la Federaci\u00f3n Catalana de F\u00fatbol, que este equipo participase durante dos a\u00f1os seguidos en competiciones oficiales y disponer del informe favorable de la Comisi\u00f3n por los m\u00e9ritos obtenidos en esos dos a\u00f1os (cifra que posteriormente se ampli\u00f3 a tres).  <\/p>\n\n<p>En la Asamblea celebrada<strong> el 15 de noviembre de 1961, se acord\u00f3 modificar el nombre y pasar a denominarse Agrupaci\u00f3n Deportiva de Pe\u00f1as Barcelonistas con equipo de f\u00fatbol<\/strong>. Hasta la temporada 1965-1966 no se organiz\u00f3 la primera competici\u00f3n oficial interna, que se llev\u00f3 a cabo con diez pe\u00f1as, entre ellas la <strong>Penya Anguera<\/strong>. <\/p>\n\n<h6 class=\"wp-block-heading\" id=\"h-l-impuls-dels-anys-90\"><strong>El impulso de los a\u00f1os 90<\/strong><\/h6>\n\n<p>Cabe a\u00f1adir que, <strong>en los a\u00f1os 90, la Agrupaci\u00f3n tuvo un equipo propio que compet\u00eda en las divisiones catalanas<\/strong> y serv\u00eda como escaparate de nuevos talentos para La Masia. El exjugador Ferran Olivella fue presidente de la Agrupaci\u00f3n en 1996 y consigui\u00f3 darle un gran impulso. En <strong>la temporada del Centenario del FC Barcelona se alcanz\u00f3 la cifra r\u00e9cord (todav\u00eda vigente) de 27 pe\u00f1as<\/strong>. <\/p>\n\n<p>Una Agrupaci\u00f3n que, siguiendo la tendencia iniciada por Josep Su\u00f1ol i Garriga en los a\u00f1os treinta con su lema \u00abDeporte y Ciudadan\u00eda\u00bb,<strong> siempre ha puesto el acento en unos valores que han perdurado hasta hoy en todas las FCB Escola <\/strong>y en los nuevos jugadores del f\u00fatbol base que se forman en La Masia. Esta Agrupaci\u00f3n recuerda a los cuartos equipos existentes durante los primeros 25 a\u00f1os del siglo, muchos de los cuales ya se hac\u00edan llamar \u201cpe\u00f1a\u201d. <\/p>\n\n<h6 class=\"wp-block-heading\" id=\"h-aportacio-de-jugadors-al-primer-equip\"><strong>Aportaci\u00f3n de jugadores al primer equipo<\/strong><\/h6>\n\n<p>El servicio de la Agrupaci\u00f3n al FC Barcelona ha sido incalculable a lo largo de los a\u00f1os y, en ocasiones, poco reconocido. Gracias a esta labor, han podido ver con satisfacci\u00f3n c\u00f3mo algunos de sus miembros han llegado al primer equipo del FC Barcelona: <strong>Ram\u00f3n Montesinos (PB Kubala), Jos\u00e9 Manuel Mart\u00ednez Manolo (PB Cinc Copes), Canito (PB Anguera), V\u00edctor Vald\u00e9s (PB Cinc Copes), Joan Verd\u00fa (PB Anguera), Jes\u00fas Olmo (PB Trinitat Vella), entre otros<\/strong>. <\/p>\n\n<p>Tambi\u00e9n cabe destacar que han surgido otras personalidades del barcelonismo que han sobresalido en otros \u00e1mbitos como <strong>Pedro Ruiz, Carles Naval, Joan Laporta, Sandro Rosell, \u00d2scar Grau, Toni Freixa o Xavi Torres<\/strong>. Tambi\u00e9n han pasado por equipos de pe\u00f1as de fuera de la Agrupaci\u00f3n nombres como J<strong>uan Cano, Joaqu\u00edn Arana, Josep Ventura, Francisco Jos\u00e9 Carrasco o Marc Muniesa<\/strong>. <\/p>\n\n<p>Todo un mundo que pone a\u00fan m\u00e1s en valor la labor de las pe\u00f1as del FC Barcelona en los diversos \u00e1mbitos y escenarios, tanto dentro del barcelonismo como dentro de la sociedad catalana en general.<\/p>\n","protected":false},"excerpt":{"rendered":"<p>Las actividades de las pe\u00f1as siempre han sido numerosas y dedicadas a fomentar distintos valores. Algunas han tenido una actividad eminentemente cultural, otras m\u00e1s social, otras incluso gastron\u00f3mica, y muchas m\u00e1s. Pero si nos fijamos hist\u00f3ricamente en la mayor\u00eda de las pe\u00f1as ubicadas en el \u00c1rea Metropolitana de Barcelona, normalmente han tenido desde sus inicios &#8230; <a title=\"Cap\u00edtulo 44 \u2013 La Agrupaci\u00f3n de F\u00fatbol de Clubes y Pe\u00f1as del FC Barcelona\" class=\"read-more\" href=\"https:\/\/confederaciopenyes.cat\/es\/capitulo-44-la-agrupacion-de-futbol-de-clubes-y-penas-del-fc-barcelona\/\" aria-label=\"Leer m\u00e1s sobre Cap\u00edtulo 44 \u2013 La Agrupaci\u00f3n de F\u00fatbol de Clubes y Pe\u00f1as del FC Barcelona\">Leer m\u00e1s<\/a><\/p>\n","protected":false},"author":4,"featured_media":40499,"comment_status":"closed","ping_status":"open","sticky":false,"template":"","format":"standard","meta":{"_acf_changed":false,"footnotes":""},"categories":[2802],"tags":[4196,2594,2629,2555],"class_list":["post-40503","post","type-post","status-publish","format-standard","has-post-thumbnail","hentry","category-historia-penyes-es","tag-agrupacio-de-clubs-i-penyes-de-futbol-es","tag-confederacio-mundial-de-penyes-es-3","tag-historia-es-2","tag-penas-es"],"acf":[],"yoast_head":"<!-- This site is optimized with the Yoast SEO Premium plugin v26.7 (Yoast SEO v27.4) - https:\/\/yoast.com\/product\/yoast-seo-premium-wordpress\/ -->\n<title>La Agrupaci\u00f3n de F\u00fatbol de Clubes y Pe\u00f1as del FC Barcelona - CMP<\/title>\n<meta name=\"description\" content=\"Historia de la Agrupaci\u00f3n de F\u00fatbol de Clubes y Pe\u00f1as del FC Barcelona: or\u00edgenes, valores, competiciones y aportaci\u00f3n al f\u00fatbol base azulgrana\" \/>\n<meta name=\"robots\" content=\"index, follow, max-snippet:-1, max-image-preview:large, max-video-preview:-1\" \/>\n<link rel=\"canonical\" href=\"https:\/\/confederaciopenyes.cat\/es\/capitulo-44-la-agrupacion-de-futbol-de-clubes-y-penas-del-fc-barcelona\/\" \/>\n<meta property=\"og:locale\" content=\"es_ES\" \/>\n<meta property=\"og:type\" content=\"article\" \/>\n<meta property=\"og:title\" content=\"Cap\u00edtulo 44 \u2013 La Agrupaci\u00f3n de F\u00fatbol de Clubes y Pe\u00f1as del FC Barcelona\" \/>\n<meta property=\"og:description\" content=\"Historia de la Agrupaci\u00f3n de F\u00fatbol de Clubes y Pe\u00f1as del FC Barcelona: or\u00edgenes, valores, competiciones y aportaci\u00f3n al f\u00fatbol base azulgrana\" \/>\n<meta property=\"og:url\" content=\"https:\/\/confederaciopenyes.cat\/es\/capitulo-44-la-agrupacion-de-futbol-de-clubes-y-penas-del-fc-barcelona\/\" \/>\n<meta property=\"og:site_name\" content=\"Confederaci\u00f3 Mundial de Penyes del FC Barcelona\" \/>\n<meta property=\"article:publisher\" content=\"https:\/\/www.facebook.com\/ConfederacioMundialPenyesFCB\" \/>\n<meta property=\"article:published_time\" content=\"2026-02-11T10:22:33+00:00\" \/>\n<meta property=\"article:modified_time\" content=\"2026-02-11T10:30:13+00:00\" \/>\n<meta property=\"og:image\" content=\"https:\/\/confederaciopenyes.cat\/wp-content\/uploads\/2026\/02\/Capitol-44-RAJOLA-AGRUPACIO-DE-PENYES.jpg\" \/>\n\t<meta property=\"og:image:width\" content=\"2268\" \/>\n\t<meta property=\"og:image:height\" content=\"1280\" \/>\n\t<meta property=\"og:image:type\" content=\"image\/jpeg\" \/>\n<meta name=\"author\" content=\"Confederaci\u00f3 Mundial de Penyes del FC Barcelona\" \/>\n<meta name=\"twitter:card\" content=\"summary_large_image\" \/>\n<meta name=\"twitter:creator\" content=\"@ConfePenyesFCB\" \/>\n<meta name=\"twitter:site\" content=\"@ConfePenyesFCB\" \/>\n<meta name=\"twitter:label1\" content=\"Escrito por\" \/>\n\t<meta name=\"twitter:data1\" content=\"Confederaci\u00f3 Mundial de Penyes del FC Barcelona\" \/>\n\t<meta name=\"twitter:label2\" content=\"Tiempo de lectura\" \/>\n\t<meta name=\"twitter:data2\" content=\"5 minutos\" \/>\n<script type=\"application\/ld+json\" class=\"yoast-schema-graph\">{\"@context\":\"https:\\\/\\\/schema.org\",\"@graph\":[{\"@type\":\"Article\",\"@id\":\"https:\\\/\\\/confederaciopenyes.cat\\\/es\\\/capitulo-44-la-agrupacion-de-futbol-de-clubes-y-penas-del-fc-barcelona\\\/#article\",\"isPartOf\":{\"@id\":\"https:\\\/\\\/confederaciopenyes.cat\\\/es\\\/capitulo-44-la-agrupacion-de-futbol-de-clubes-y-penas-del-fc-barcelona\\\/\"},\"author\":{\"name\":\"Confederaci\u00f3 Mundial de Penyes del FC Barcelona\",\"@id\":\"https:\\\/\\\/confederaciopenyes.cat\\\/es\\\/#\\\/schema\\\/person\\\/337072f6daef87a85aa59aa1f134387c\"},\"headline\":\"Cap\u00edtulo 44 \u2013 La Agrupaci\u00f3n de F\u00fatbol de Clubes y Pe\u00f1as del FC Barcelona\",\"datePublished\":\"2026-02-11T10:22:33+00:00\",\"dateModified\":\"2026-02-11T10:30:13+00:00\",\"mainEntityOfPage\":{\"@id\":\"https:\\\/\\\/confederaciopenyes.cat\\\/es\\\/capitulo-44-la-agrupacion-de-futbol-de-clubes-y-penas-del-fc-barcelona\\\/\"},\"wordCount\":928,\"publisher\":{\"@id\":\"https:\\\/\\\/confederaciopenyes.cat\\\/es\\\/#organization\"},\"image\":{\"@id\":\"https:\\\/\\\/confederaciopenyes.cat\\\/es\\\/capitulo-44-la-agrupacion-de-futbol-de-clubes-y-penas-del-fc-barcelona\\\/#primaryimage\"},\"thumbnailUrl\":\"https:\\\/\\\/confederaciopenyes.cat\\\/wp-content\\\/uploads\\\/2026\\\/02\\\/Capitol-44-RAJOLA-AGRUPACIO-DE-PENYES.jpg\",\"keywords\":[\"Agrupaci\u00f3 de Clubs i Penyes de Futbol\",\"confederaci\u00f3 mundial de penyes\",\"Historia\",\"pe\u00f1as\"],\"articleSection\":[\"Historia\"],\"inLanguage\":\"es\"},{\"@type\":\"WebPage\",\"@id\":\"https:\\\/\\\/confederaciopenyes.cat\\\/es\\\/capitulo-44-la-agrupacion-de-futbol-de-clubes-y-penas-del-fc-barcelona\\\/\",\"url\":\"https:\\\/\\\/confederaciopenyes.cat\\\/es\\\/capitulo-44-la-agrupacion-de-futbol-de-clubes-y-penas-del-fc-barcelona\\\/\",\"name\":\"La Agrupaci\u00f3n de F\u00fatbol de Clubes y Pe\u00f1as del FC Barcelona - CMP\",\"isPartOf\":{\"@id\":\"https:\\\/\\\/confederaciopenyes.cat\\\/es\\\/#website\"},\"primaryImageOfPage\":{\"@id\":\"https:\\\/\\\/confederaciopenyes.cat\\\/es\\\/capitulo-44-la-agrupacion-de-futbol-de-clubes-y-penas-del-fc-barcelona\\\/#primaryimage\"},\"image\":{\"@id\":\"https:\\\/\\\/confederaciopenyes.cat\\\/es\\\/capitulo-44-la-agrupacion-de-futbol-de-clubes-y-penas-del-fc-barcelona\\\/#primaryimage\"},\"thumbnailUrl\":\"https:\\\/\\\/confederaciopenyes.cat\\\/wp-content\\\/uploads\\\/2026\\\/02\\\/Capitol-44-RAJOLA-AGRUPACIO-DE-PENYES.jpg\",\"datePublished\":\"2026-02-11T10:22:33+00:00\",\"dateModified\":\"2026-02-11T10:30:13+00:00\",\"description\":\"Historia de la Agrupaci\u00f3n de F\u00fatbol de Clubes y Pe\u00f1as del FC Barcelona: or\u00edgenes, valores, competiciones y aportaci\u00f3n al f\u00fatbol base azulgrana\",\"breadcrumb\":{\"@id\":\"https:\\\/\\\/confederaciopenyes.cat\\\/es\\\/capitulo-44-la-agrupacion-de-futbol-de-clubes-y-penas-del-fc-barcelona\\\/#breadcrumb\"},\"inLanguage\":\"es\",\"potentialAction\":[{\"@type\":\"ReadAction\",\"target\":[\"https:\\\/\\\/confederaciopenyes.cat\\\/es\\\/capitulo-44-la-agrupacion-de-futbol-de-clubes-y-penas-del-fc-barcelona\\\/\"]}]},{\"@type\":\"ImageObject\",\"inLanguage\":\"es\",\"@id\":\"https:\\\/\\\/confederaciopenyes.cat\\\/es\\\/capitulo-44-la-agrupacion-de-futbol-de-clubes-y-penas-del-fc-barcelona\\\/#primaryimage\",\"url\":\"https:\\\/\\\/confederaciopenyes.cat\\\/wp-content\\\/uploads\\\/2026\\\/02\\\/Capitol-44-RAJOLA-AGRUPACIO-DE-PENYES.jpg\",\"contentUrl\":\"https:\\\/\\\/confederaciopenyes.cat\\\/wp-content\\\/uploads\\\/2026\\\/02\\\/Capitol-44-RAJOLA-AGRUPACIO-DE-PENYES.jpg\",\"width\":2268,\"height\":1280,\"caption\":\"OLYMPUS DIGITAL CAMERA\"},{\"@type\":\"BreadcrumbList\",\"@id\":\"https:\\\/\\\/confederaciopenyes.cat\\\/es\\\/capitulo-44-la-agrupacion-de-futbol-de-clubes-y-penas-del-fc-barcelona\\\/#breadcrumb\",\"itemListElement\":[{\"@type\":\"ListItem\",\"position\":1,\"name\":\"Portada\",\"item\":\"https:\\\/\\\/confederaciopenyes.cat\\\/es\\\/\"},{\"@type\":\"ListItem\",\"position\":2,\"name\":\"Cap\u00edtulo 44 \u2013 La Agrupaci\u00f3n de F\u00fatbol de Clubes y Pe\u00f1as del FC Barcelona\"}]},{\"@type\":\"WebSite\",\"@id\":\"https:\\\/\\\/confederaciopenyes.cat\\\/es\\\/#website\",\"url\":\"https:\\\/\\\/confederaciopenyes.cat\\\/es\\\/\",\"name\":\"Confederaci\u00f3 Mundial de Penyes del FC Barcelona\",\"description\":\"C.M. Penyes FC Barcelona\",\"publisher\":{\"@id\":\"https:\\\/\\\/confederaciopenyes.cat\\\/es\\\/#organization\"},\"potentialAction\":[{\"@type\":\"SearchAction\",\"target\":{\"@type\":\"EntryPoint\",\"urlTemplate\":\"https:\\\/\\\/confederaciopenyes.cat\\\/es\\\/?s={search_term_string}\"},\"query-input\":{\"@type\":\"PropertyValueSpecification\",\"valueRequired\":true,\"valueName\":\"search_term_string\"}}],\"inLanguage\":\"es\"},{\"@type\":\"Organization\",\"@id\":\"https:\\\/\\\/confederaciopenyes.cat\\\/es\\\/#organization\",\"name\":\"Confederaci\u00f3 Mundial de Penyes del FC Barcelona\",\"url\":\"https:\\\/\\\/confederaciopenyes.cat\\\/es\\\/\",\"logo\":{\"@type\":\"ImageObject\",\"inLanguage\":\"es\",\"@id\":\"https:\\\/\\\/confederaciopenyes.cat\\\/es\\\/#\\\/schema\\\/logo\\\/image\\\/\",\"url\":\"https:\\\/\\\/confederaciopenyes.cat\\\/wp-content\\\/uploads\\\/2022\\\/07\\\/cropped-logo_horizontal.png\",\"contentUrl\":\"https:\\\/\\\/confederaciopenyes.cat\\\/wp-content\\\/uploads\\\/2022\\\/07\\\/cropped-logo_horizontal.png\",\"width\":1320,\"height\":309,\"caption\":\"Confederaci\u00f3 Mundial de Penyes del FC Barcelona\"},\"image\":{\"@id\":\"https:\\\/\\\/confederaciopenyes.cat\\\/es\\\/#\\\/schema\\\/logo\\\/image\\\/\"},\"sameAs\":[\"https:\\\/\\\/www.facebook.com\\\/ConfederacioMundialPenyesFCB\",\"https:\\\/\\\/x.com\\\/ConfePenyesFCB\",\"https:\\\/\\\/www.instagram.com\\\/confepenyesfcb\\\/\"]},{\"@type\":\"Person\",\"@id\":\"https:\\\/\\\/confederaciopenyes.cat\\\/es\\\/#\\\/schema\\\/person\\\/337072f6daef87a85aa59aa1f134387c\",\"name\":\"Confederaci\u00f3 Mundial de Penyes del FC Barcelona\",\"image\":{\"@type\":\"ImageObject\",\"inLanguage\":\"es\",\"@id\":\"https:\\\/\\\/secure.gravatar.com\\\/avatar\\\/98c60c7405ff843b10aec55db652bd3f5cb4320ef331ae76c156819a62194328?s=96&d=mm&r=g\",\"url\":\"https:\\\/\\\/secure.gravatar.com\\\/avatar\\\/98c60c7405ff843b10aec55db652bd3f5cb4320ef331ae76c156819a62194328?s=96&d=mm&r=g\",\"contentUrl\":\"https:\\\/\\\/secure.gravatar.com\\\/avatar\\\/98c60c7405ff843b10aec55db652bd3f5cb4320ef331ae76c156819a62194328?s=96&d=mm&r=g\",\"caption\":\"Confederaci\u00f3 Mundial de Penyes del FC Barcelona\"},\"url\":\"https:\\\/\\\/confederaciopenyes.cat\\\/es\\\/author\\\/comunicacioconfederaciopenyes-cat\\\/\"}]}<\/script>\n<!-- \/ Yoast SEO Premium plugin. -->","yoast_head_json":{"title":"La Agrupaci\u00f3n de F\u00fatbol de Clubes y Pe\u00f1as del FC Barcelona - CMP","description":"Historia de la Agrupaci\u00f3n de F\u00fatbol de Clubes y Pe\u00f1as del FC Barcelona: or\u00edgenes, valores, competiciones y aportaci\u00f3n al f\u00fatbol base azulgrana","robots":{"index":"index","follow":"follow","max-snippet":"max-snippet:-1","max-image-preview":"max-image-preview:large","max-video-preview":"max-video-preview:-1"},"canonical":"https:\/\/confederaciopenyes.cat\/es\/capitulo-44-la-agrupacion-de-futbol-de-clubes-y-penas-del-fc-barcelona\/","og_locale":"es_ES","og_type":"article","og_title":"Cap\u00edtulo 44 \u2013 La Agrupaci\u00f3n de F\u00fatbol de Clubes y Pe\u00f1as del FC Barcelona","og_description":"Historia de la Agrupaci\u00f3n de F\u00fatbol de Clubes y Pe\u00f1as del FC Barcelona: or\u00edgenes, valores, competiciones y aportaci\u00f3n al f\u00fatbol base azulgrana","og_url":"https:\/\/confederaciopenyes.cat\/es\/capitulo-44-la-agrupacion-de-futbol-de-clubes-y-penas-del-fc-barcelona\/","og_site_name":"Confederaci\u00f3 Mundial de Penyes del FC Barcelona","article_publisher":"https:\/\/www.facebook.com\/ConfederacioMundialPenyesFCB","article_published_time":"2026-02-11T10:22:33+00:00","article_modified_time":"2026-02-11T10:30:13+00:00","og_image":[{"width":2268,"height":1280,"url":"https:\/\/confederaciopenyes.cat\/wp-content\/uploads\/2026\/02\/Capitol-44-RAJOLA-AGRUPACIO-DE-PENYES.jpg","type":"image\/jpeg"}],"author":"Confederaci\u00f3 Mundial de Penyes del FC Barcelona","twitter_card":"summary_large_image","twitter_creator":"@ConfePenyesFCB","twitter_site":"@ConfePenyesFCB","twitter_misc":{"Escrito por":"Confederaci\u00f3 Mundial de Penyes del FC Barcelona","Tiempo de lectura":"5 minutos"},"schema":{"@context":"https:\/\/schema.org","@graph":[{"@type":"Article","@id":"https:\/\/confederaciopenyes.cat\/es\/capitulo-44-la-agrupacion-de-futbol-de-clubes-y-penas-del-fc-barcelona\/#article","isPartOf":{"@id":"https:\/\/confederaciopenyes.cat\/es\/capitulo-44-la-agrupacion-de-futbol-de-clubes-y-penas-del-fc-barcelona\/"},"author":{"name":"Confederaci\u00f3 Mundial de Penyes del FC Barcelona","@id":"https:\/\/confederaciopenyes.cat\/es\/#\/schema\/person\/337072f6daef87a85aa59aa1f134387c"},"headline":"Cap\u00edtulo 44 \u2013 La Agrupaci\u00f3n de F\u00fatbol de Clubes y Pe\u00f1as del FC Barcelona","datePublished":"2026-02-11T10:22:33+00:00","dateModified":"2026-02-11T10:30:13+00:00","mainEntityOfPage":{"@id":"https:\/\/confederaciopenyes.cat\/es\/capitulo-44-la-agrupacion-de-futbol-de-clubes-y-penas-del-fc-barcelona\/"},"wordCount":928,"publisher":{"@id":"https:\/\/confederaciopenyes.cat\/es\/#organization"},"image":{"@id":"https:\/\/confederaciopenyes.cat\/es\/capitulo-44-la-agrupacion-de-futbol-de-clubes-y-penas-del-fc-barcelona\/#primaryimage"},"thumbnailUrl":"https:\/\/confederaciopenyes.cat\/wp-content\/uploads\/2026\/02\/Capitol-44-RAJOLA-AGRUPACIO-DE-PENYES.jpg","keywords":["Agrupaci\u00f3 de Clubs i Penyes de Futbol","confederaci\u00f3 mundial de penyes","Historia","pe\u00f1as"],"articleSection":["Historia"],"inLanguage":"es"},{"@type":"WebPage","@id":"https:\/\/confederaciopenyes.cat\/es\/capitulo-44-la-agrupacion-de-futbol-de-clubes-y-penas-del-fc-barcelona\/","url":"https:\/\/confederaciopenyes.cat\/es\/capitulo-44-la-agrupacion-de-futbol-de-clubes-y-penas-del-fc-barcelona\/","name":"La Agrupaci\u00f3n de F\u00fatbol de Clubes y Pe\u00f1as del FC Barcelona - CMP","isPartOf":{"@id":"https:\/\/confederaciopenyes.cat\/es\/#website"},"primaryImageOfPage":{"@id":"https:\/\/confederaciopenyes.cat\/es\/capitulo-44-la-agrupacion-de-futbol-de-clubes-y-penas-del-fc-barcelona\/#primaryimage"},"image":{"@id":"https:\/\/confederaciopenyes.cat\/es\/capitulo-44-la-agrupacion-de-futbol-de-clubes-y-penas-del-fc-barcelona\/#primaryimage"},"thumbnailUrl":"https:\/\/confederaciopenyes.cat\/wp-content\/uploads\/2026\/02\/Capitol-44-RAJOLA-AGRUPACIO-DE-PENYES.jpg","datePublished":"2026-02-11T10:22:33+00:00","dateModified":"2026-02-11T10:30:13+00:00","description":"Historia de la Agrupaci\u00f3n de F\u00fatbol de Clubes y Pe\u00f1as del FC Barcelona: or\u00edgenes, valores, competiciones y aportaci\u00f3n al f\u00fatbol base azulgrana","breadcrumb":{"@id":"https:\/\/confederaciopenyes.cat\/es\/capitulo-44-la-agrupacion-de-futbol-de-clubes-y-penas-del-fc-barcelona\/#breadcrumb"},"inLanguage":"es","potentialAction":[{"@type":"ReadAction","target":["https:\/\/confederaciopenyes.cat\/es\/capitulo-44-la-agrupacion-de-futbol-de-clubes-y-penas-del-fc-barcelona\/"]}]},{"@type":"ImageObject","inLanguage":"es","@id":"https:\/\/confederaciopenyes.cat\/es\/capitulo-44-la-agrupacion-de-futbol-de-clubes-y-penas-del-fc-barcelona\/#primaryimage","url":"https:\/\/confederaciopenyes.cat\/wp-content\/uploads\/2026\/02\/Capitol-44-RAJOLA-AGRUPACIO-DE-PENYES.jpg","contentUrl":"https:\/\/confederaciopenyes.cat\/wp-content\/uploads\/2026\/02\/Capitol-44-RAJOLA-AGRUPACIO-DE-PENYES.jpg","width":2268,"height":1280,"caption":"OLYMPUS DIGITAL CAMERA"},{"@type":"BreadcrumbList","@id":"https:\/\/confederaciopenyes.cat\/es\/capitulo-44-la-agrupacion-de-futbol-de-clubes-y-penas-del-fc-barcelona\/#breadcrumb","itemListElement":[{"@type":"ListItem","position":1,"name":"Portada","item":"https:\/\/confederaciopenyes.cat\/es\/"},{"@type":"ListItem","position":2,"name":"Cap\u00edtulo 44 \u2013 La Agrupaci\u00f3n de F\u00fatbol de Clubes y Pe\u00f1as del FC Barcelona"}]},{"@type":"WebSite","@id":"https:\/\/confederaciopenyes.cat\/es\/#website","url":"https:\/\/confederaciopenyes.cat\/es\/","name":"Confederaci\u00f3 Mundial de Penyes del FC Barcelona","description":"C.M. Penyes FC Barcelona","publisher":{"@id":"https:\/\/confederaciopenyes.cat\/es\/#organization"},"potentialAction":[{"@type":"SearchAction","target":{"@type":"EntryPoint","urlTemplate":"https:\/\/confederaciopenyes.cat\/es\/?s={search_term_string}"},"query-input":{"@type":"PropertyValueSpecification","valueRequired":true,"valueName":"search_term_string"}}],"inLanguage":"es"},{"@type":"Organization","@id":"https:\/\/confederaciopenyes.cat\/es\/#organization","name":"Confederaci\u00f3 Mundial de Penyes del FC Barcelona","url":"https:\/\/confederaciopenyes.cat\/es\/","logo":{"@type":"ImageObject","inLanguage":"es","@id":"https:\/\/confederaciopenyes.cat\/es\/#\/schema\/logo\/image\/","url":"https:\/\/confederaciopenyes.cat\/wp-content\/uploads\/2022\/07\/cropped-logo_horizontal.png","contentUrl":"https:\/\/confederaciopenyes.cat\/wp-content\/uploads\/2022\/07\/cropped-logo_horizontal.png","width":1320,"height":309,"caption":"Confederaci\u00f3 Mundial de Penyes del FC Barcelona"},"image":{"@id":"https:\/\/confederaciopenyes.cat\/es\/#\/schema\/logo\/image\/"},"sameAs":["https:\/\/www.facebook.com\/ConfederacioMundialPenyesFCB","https:\/\/x.com\/ConfePenyesFCB","https:\/\/www.instagram.com\/confepenyesfcb\/"]},{"@type":"Person","@id":"https:\/\/confederaciopenyes.cat\/es\/#\/schema\/person\/337072f6daef87a85aa59aa1f134387c","name":"Confederaci\u00f3 Mundial de Penyes del FC Barcelona","image":{"@type":"ImageObject","inLanguage":"es","@id":"https:\/\/secure.gravatar.com\/avatar\/98c60c7405ff843b10aec55db652bd3f5cb4320ef331ae76c156819a62194328?s=96&d=mm&r=g","url":"https:\/\/secure.gravatar.com\/avatar\/98c60c7405ff843b10aec55db652bd3f5cb4320ef331ae76c156819a62194328?s=96&d=mm&r=g","contentUrl":"https:\/\/secure.gravatar.com\/avatar\/98c60c7405ff843b10aec55db652bd3f5cb4320ef331ae76c156819a62194328?s=96&d=mm&r=g","caption":"Confederaci\u00f3 Mundial de Penyes del FC Barcelona"},"url":"https:\/\/confederaciopenyes.cat\/es\/author\/comunicacioconfederaciopenyes-cat\/"}]}},"_links":{"self":[{"href":"https:\/\/confederaciopenyes.cat\/es\/wp-json\/wp\/v2\/posts\/40503","targetHints":{"allow":["GET"]}}],"collection":[{"href":"https:\/\/confederaciopenyes.cat\/es\/wp-json\/wp\/v2\/posts"}],"about":[{"href":"https:\/\/confederaciopenyes.cat\/es\/wp-json\/wp\/v2\/types\/post"}],"author":[{"embeddable":true,"href":"https:\/\/confederaciopenyes.cat\/es\/wp-json\/wp\/v2\/users\/4"}],"replies":[{"embeddable":true,"href":"https:\/\/confederaciopenyes.cat\/es\/wp-json\/wp\/v2\/comments?post=40503"}],"version-history":[{"count":1,"href":"https:\/\/confederaciopenyes.cat\/es\/wp-json\/wp\/v2\/posts\/40503\/revisions"}],"predecessor-version":[{"id":40504,"href":"https:\/\/confederaciopenyes.cat\/es\/wp-json\/wp\/v2\/posts\/40503\/revisions\/40504"}],"wp:featuredmedia":[{"embeddable":true,"href":"https:\/\/confederaciopenyes.cat\/es\/wp-json\/wp\/v2\/media\/40499"}],"wp:attachment":[{"href":"https:\/\/confederaciopenyes.cat\/es\/wp-json\/wp\/v2\/media?parent=40503"}],"wp:term":[{"taxonomy":"category","embeddable":true,"href":"https:\/\/confederaciopenyes.cat\/es\/wp-json\/wp\/v2\/categories?post=40503"},{"taxonomy":"post_tag","embeddable":true,"href":"https:\/\/confederaciopenyes.cat\/es\/wp-json\/wp\/v2\/tags?post=40503"}],"curies":[{"name":"wp","href":"https:\/\/api.w.org\/{rel}","templated":true}]}}