{"id":40517,"date":"2026-02-11T15:31:22","date_gmt":"2026-02-11T14:31:22","guid":{"rendered":"https:\/\/confederaciopenyes.cat\/las-penas-ya-han-recibido-el-carnet-de-penista-2026-en-formato-fisico\/"},"modified":"2026-02-12T09:31:55","modified_gmt":"2026-02-12T08:31:55","slug":"las-penas-ya-han-recibido-el-carnet-de-penista-2026-en-formato-fisico","status":"publish","type":"post","link":"https:\/\/confederaciopenyes.cat\/es\/las-penas-ya-han-recibido-el-carnet-de-penista-2026-en-formato-fisico\/","title":{"rendered":"Las pe\u00f1as ya han recibido el Carnet de Pe\u00f1ista 2026 en formato f\u00edsico"},"content":{"rendered":"\n<p>La Confederaci\u00f3n Mundial de Pe\u00f1as del FC Barcelona ya ha hecho llegar <strong>el Carnet de Pe\u00f1ista 2026 en formato f\u00edsico a todas aquellas pe\u00f1as barcelonistas que lo solicitaron <\/strong>mediante el formulario habilitado durante el pasado oto\u00f1o. De este modo, las pe\u00f1as podr\u00e1n distribuir los carnets entre todos sus pe\u00f1istas, que contar\u00e1n as\u00ed con un <strong>documento que los acredita como miembros de la entidad <\/strong>y que tambi\u00e9n refuerza el sentimiento de comunidad entre todos ellos. <\/p>\n\n<p>Por otro lado, <strong>el Carnet de Pe\u00f1ista 2026 ya est\u00e1 disponible en formato digital en la<a href=\"https:\/\/seu.confederaciopenyes.cat\/Account\/Login\" target=\"_blank\" rel=\"noreferrer noopener\"> Sede Electr\u00f3nica <\/a>de la Confederaci\u00f3 desde finales de enero<\/strong>. A trav\u00e9s de esta plataforma, todas las pe\u00f1as registradas pueden consultar el listado completo de carnets de su censo, descargarlos en formato PDF y enviarlos a sus pe\u00f1istas. De este modo,<strong> cada pe\u00f1ista puede guardar su Carnet en el m\u00f3vil y tenerlo siempre a mano<\/strong>. Adem\u00e1s, las personas que disponen de Identidad Digital pueden acceder directamente a su Carnet de Pe\u00f1ista desde su perfil en la Sede Electr\u00f3nica y descargarlo tambi\u00e9n en PDF si lo desean.<\/p>\n\n<div class=\"wp-block-buttons is-content-justification-center is-layout-flex wp-container-core-buttons-is-layout-16018d1d wp-block-buttons-is-layout-flex\">\n<div class=\"wp-block-button\"><a class=\"wp-block-button__link has-accent-background-color has-background has-text-align-center wp-element-button\" href=\"https:\/\/confederaciopenyes.cat\/wp-content\/uploads\/2026\/01\/CARNET-DIGITAL-2026_ESP.pdf\" target=\"_blank\" rel=\"noreferrer noopener\"><strong>Instrucciones para obtener el Carnet Digital<\/strong><\/a><\/div>\n<\/div>\n\n<p><\/p>\n\n<p>En total, la Confederaci\u00f3n Mundial de Pe\u00f1as ha generado <strong>m\u00e1s de 160.000 carnets digitales para las m\u00e1s de 1.250 pe\u00f1as barcelonistas<\/strong> de todo el mundo. Igual que en a\u00f1os anteriores, el carnet digital es completamente gratuito para todos los pe\u00f1istas, que podr\u00e1n seguir disfrutando de las <strong>ventajas que ofrece la Confederaci\u00f3n Mundial de Pe\u00f1as, como los descuentos y promociones en m\u00e1s de 300 marcas en el <a href=\"https:\/\/club.confederaciopenyes.cat\/\" type=\"link\" id=\"https:\/\/club.confederaciopenyes.cat\/\" target=\"_blank\" rel=\"noreferrer noopener\">Club del Pe\u00f1ista<\/a><\/strong>. <\/p>\n\n<p>Un a\u00f1o m\u00e1s, la Confederaci\u00f3n quiere<strong> agradecer a las Federaciones territoriales y a sus pe\u00f1as el trabajo de mantener actualizado el censo<\/strong>, lo que permite que todos los pe\u00f1istas dispongan de su carnet.<\/p>\n<div class=\"wp-block-image\">\n<figure class=\"aligncenter size-large is-resized\"><a href=\"https:\/\/confederaciopenyes.cat\/wp-content\/uploads\/2026\/02\/626486782_1469116021888148_561422141973273799_n.jpg\"><img decoding=\"async\" width=\"1024\" height=\"1024\" data-src=\"https:\/\/confederaciopenyes.cat\/wp-content\/uploads\/2026\/02\/626486782_1469116021888148_561422141973273799_n-1024x1024.jpg\" alt=\"\" class=\"wp-image-40513 lazyload\" style=\"--smush-placeholder-width: 1024px; --smush-placeholder-aspect-ratio: 1024\/1024;width:446px;height:auto\" data-srcset=\"https:\/\/confederaciopenyes.cat\/wp-content\/uploads\/2026\/02\/626486782_1469116021888148_561422141973273799_n-1024x1024.jpg 1024w, https:\/\/confederaciopenyes.cat\/wp-content\/uploads\/2026\/02\/626486782_1469116021888148_561422141973273799_n-300x300.jpg 300w, https:\/\/confederaciopenyes.cat\/wp-content\/uploads\/2026\/02\/626486782_1469116021888148_561422141973273799_n-150x150.jpg 150w, https:\/\/confederaciopenyes.cat\/wp-content\/uploads\/2026\/02\/626486782_1469116021888148_561422141973273799_n-768x768.jpg 768w, https:\/\/confederaciopenyes.cat\/wp-content\/uploads\/2026\/02\/626486782_1469116021888148_561422141973273799_n.jpg 1440w\" data-sizes=\"(max-width: 1024px) 100vw, 1024px\" src=\"data:image\/svg+xml;base64,PHN2ZyB3aWR0aD0iMSIgaGVpZ2h0PSIxIiB4bWxucz0iaHR0cDovL3d3dy53My5vcmcvMjAwMC9zdmciPjwvc3ZnPg==\" \/><\/a><\/figure>\n<\/div>","protected":false},"excerpt":{"rendered":"<p>La Confederaci\u00f3n Mundial de Pe\u00f1as del FC Barcelona ya ha hecho llegar el Carnet de Pe\u00f1ista 2026 en formato f\u00edsico a todas aquellas pe\u00f1as barcelonistas que lo solicitaron mediante el formulario habilitado durante el pasado oto\u00f1o. De este modo, las pe\u00f1as podr\u00e1n distribuir los carnets entre todos sus pe\u00f1istas, que contar\u00e1n as\u00ed con un documento &#8230; <a title=\"Las pe\u00f1as ya han recibido el Carnet de Pe\u00f1ista 2026 en formato f\u00edsico\" class=\"read-more\" href=\"https:\/\/confederaciopenyes.cat\/es\/las-penas-ya-han-recibido-el-carnet-de-penista-2026-en-formato-fisico\/\" aria-label=\"Leer m\u00e1s sobre Las pe\u00f1as ya han recibido el Carnet de Pe\u00f1ista 2026 en formato f\u00edsico\">Leer m\u00e1s<\/a><\/p>\n","protected":false},"author":4,"featured_media":40510,"comment_status":"closed","ping_status":"open","sticky":false,"template":"","format":"standard","meta":{"_acf_changed":false,"footnotes":""},"categories":[1],"tags":[3955,2594,2595,2555],"class_list":["post-40517","post","type-post","status-publish","format-standard","has-post-thumbnail","hentry","category-noticias-es","tag-carnet-penista-2026","tag-confederacio-mundial-de-penyes-es-3","tag-noticias-es-2","tag-penas-es"],"acf":[],"yoast_head":"<!-- This site is optimized with the Yoast SEO Premium plugin v26.7 (Yoast SEO v27.4) - https:\/\/yoast.com\/product\/yoast-seo-premium-wordpress\/ -->\n<title>Las pe\u00f1as ya han recibido el Carnet de Pe\u00f1ista 2026 en formato f\u00edsico - Confederaci\u00f3 Mundial de Penyes del FC Barcelona<\/title>\n<meta name=\"description\" content=\"La Confederaci\u00f3n ha entregado a las pe\u00f1as el Carnet de Penyista 2026 en formato f\u00edsico. El formato digital est\u00e1 disponible en la Sede Electr\u00f3nica\" \/>\n<meta name=\"robots\" content=\"index, follow, max-snippet:-1, max-image-preview:large, max-video-preview:-1\" \/>\n<link rel=\"canonical\" href=\"https:\/\/confederaciopenyes.cat\/es\/las-penas-ya-han-recibido-el-carnet-de-penista-2026-en-formato-fisico\/\" \/>\n<meta property=\"og:locale\" content=\"es_ES\" \/>\n<meta property=\"og:type\" content=\"article\" \/>\n<meta property=\"og:title\" content=\"Las pe\u00f1as ya han recibido el Carnet de Pe\u00f1ista 2026 en formato f\u00edsico\" \/>\n<meta property=\"og:description\" content=\"La Confederaci\u00f3n ha entregado a las pe\u00f1as el Carnet de Penyista 2026 en formato f\u00edsico. El formato digital est\u00e1 disponible en la Sede Electr\u00f3nica\" \/>\n<meta property=\"og:url\" content=\"https:\/\/confederaciopenyes.cat\/es\/las-penas-ya-han-recibido-el-carnet-de-penista-2026-en-formato-fisico\/\" \/>\n<meta property=\"og:site_name\" content=\"Confederaci\u00f3 Mundial de Penyes del FC Barcelona\" \/>\n<meta property=\"article:publisher\" content=\"https:\/\/www.facebook.com\/ConfederacioMundialPenyesFCB\" \/>\n<meta property=\"article:published_time\" content=\"2026-02-11T14:31:22+00:00\" \/>\n<meta property=\"article:modified_time\" content=\"2026-02-12T08:31:55+00:00\" \/>\n<meta property=\"og:image\" content=\"https:\/\/confederaciopenyes.cat\/wp-content\/uploads\/2026\/02\/20260211_133539_2-scaled.jpg\" \/>\n\t<meta property=\"og:image:width\" content=\"2560\" \/>\n\t<meta property=\"og:image:height\" content=\"1280\" \/>\n\t<meta property=\"og:image:type\" content=\"image\/jpeg\" \/>\n<meta name=\"author\" content=\"Confederaci\u00f3 Mundial de Penyes del FC Barcelona\" \/>\n<meta name=\"twitter:card\" content=\"summary_large_image\" \/>\n<meta name=\"twitter:creator\" content=\"@ConfePenyesFCB\" \/>\n<meta name=\"twitter:site\" content=\"@ConfePenyesFCB\" \/>\n<meta name=\"twitter:label1\" content=\"Escrito por\" \/>\n\t<meta name=\"twitter:data1\" content=\"Confederaci\u00f3 Mundial de Penyes del FC Barcelona\" \/>\n\t<meta name=\"twitter:label2\" content=\"Tiempo de lectura\" \/>\n\t<meta name=\"twitter:data2\" content=\"2 minutos\" \/>\n<script type=\"application\/ld+json\" class=\"yoast-schema-graph\">{\"@context\":\"https:\\\/\\\/schema.org\",\"@graph\":[{\"@type\":\"Article\",\"@id\":\"https:\\\/\\\/confederaciopenyes.cat\\\/es\\\/las-penas-ya-han-recibido-el-carnet-de-penista-2026-en-formato-fisico\\\/#article\",\"isPartOf\":{\"@id\":\"https:\\\/\\\/confederaciopenyes.cat\\\/es\\\/las-penas-ya-han-recibido-el-carnet-de-penista-2026-en-formato-fisico\\\/\"},\"author\":{\"name\":\"Confederaci\u00f3 Mundial de Penyes del FC Barcelona\",\"@id\":\"https:\\\/\\\/confederaciopenyes.cat\\\/es\\\/#\\\/schema\\\/person\\\/337072f6daef87a85aa59aa1f134387c\"},\"headline\":\"Las pe\u00f1as ya han recibido el Carnet de Pe\u00f1ista 2026 en formato f\u00edsico\",\"datePublished\":\"2026-02-11T14:31:22+00:00\",\"dateModified\":\"2026-02-12T08:31:55+00:00\",\"mainEntityOfPage\":{\"@id\":\"https:\\\/\\\/confederaciopenyes.cat\\\/es\\\/las-penas-ya-han-recibido-el-carnet-de-penista-2026-en-formato-fisico\\\/\"},\"wordCount\":332,\"publisher\":{\"@id\":\"https:\\\/\\\/confederaciopenyes.cat\\\/es\\\/#organization\"},\"image\":{\"@id\":\"https:\\\/\\\/confederaciopenyes.cat\\\/es\\\/las-penas-ya-han-recibido-el-carnet-de-penista-2026-en-formato-fisico\\\/#primaryimage\"},\"thumbnailUrl\":\"https:\\\/\\\/confederaciopenyes.cat\\\/wp-content\\\/uploads\\\/2026\\\/02\\\/20260211_133539_2-scaled.jpg\",\"keywords\":[\"Carnet Pe\u00f1ista 2026\",\"confederaci\u00f3 mundial de penyes\",\"noticias\",\"pe\u00f1as\"],\"articleSection\":[\"Noticias\"],\"inLanguage\":\"es\"},{\"@type\":\"WebPage\",\"@id\":\"https:\\\/\\\/confederaciopenyes.cat\\\/es\\\/las-penas-ya-han-recibido-el-carnet-de-penista-2026-en-formato-fisico\\\/\",\"url\":\"https:\\\/\\\/confederaciopenyes.cat\\\/es\\\/las-penas-ya-han-recibido-el-carnet-de-penista-2026-en-formato-fisico\\\/\",\"name\":\"Las pe\u00f1as ya han recibido el Carnet de Pe\u00f1ista 2026 en formato f\u00edsico - Confederaci\u00f3 Mundial de Penyes del FC Barcelona\",\"isPartOf\":{\"@id\":\"https:\\\/\\\/confederaciopenyes.cat\\\/es\\\/#website\"},\"primaryImageOfPage\":{\"@id\":\"https:\\\/\\\/confederaciopenyes.cat\\\/es\\\/las-penas-ya-han-recibido-el-carnet-de-penista-2026-en-formato-fisico\\\/#primaryimage\"},\"image\":{\"@id\":\"https:\\\/\\\/confederaciopenyes.cat\\\/es\\\/las-penas-ya-han-recibido-el-carnet-de-penista-2026-en-formato-fisico\\\/#primaryimage\"},\"thumbnailUrl\":\"https:\\\/\\\/confederaciopenyes.cat\\\/wp-content\\\/uploads\\\/2026\\\/02\\\/20260211_133539_2-scaled.jpg\",\"datePublished\":\"2026-02-11T14:31:22+00:00\",\"dateModified\":\"2026-02-12T08:31:55+00:00\",\"description\":\"La Confederaci\u00f3n ha entregado a las pe\u00f1as el Carnet de Penyista 2026 en formato f\u00edsico. El formato digital est\u00e1 disponible en la Sede Electr\u00f3nica\",\"breadcrumb\":{\"@id\":\"https:\\\/\\\/confederaciopenyes.cat\\\/es\\\/las-penas-ya-han-recibido-el-carnet-de-penista-2026-en-formato-fisico\\\/#breadcrumb\"},\"inLanguage\":\"es\",\"potentialAction\":[{\"@type\":\"ReadAction\",\"target\":[\"https:\\\/\\\/confederaciopenyes.cat\\\/es\\\/las-penas-ya-han-recibido-el-carnet-de-penista-2026-en-formato-fisico\\\/\"]}]},{\"@type\":\"ImageObject\",\"inLanguage\":\"es\",\"@id\":\"https:\\\/\\\/confederaciopenyes.cat\\\/es\\\/las-penas-ya-han-recibido-el-carnet-de-penista-2026-en-formato-fisico\\\/#primaryimage\",\"url\":\"https:\\\/\\\/confederaciopenyes.cat\\\/wp-content\\\/uploads\\\/2026\\\/02\\\/20260211_133539_2-scaled.jpg\",\"contentUrl\":\"https:\\\/\\\/confederaciopenyes.cat\\\/wp-content\\\/uploads\\\/2026\\\/02\\\/20260211_133539_2-scaled.jpg\",\"width\":2560,\"height\":1280},{\"@type\":\"BreadcrumbList\",\"@id\":\"https:\\\/\\\/confederaciopenyes.cat\\\/es\\\/las-penas-ya-han-recibido-el-carnet-de-penista-2026-en-formato-fisico\\\/#breadcrumb\",\"itemListElement\":[{\"@type\":\"ListItem\",\"position\":1,\"name\":\"Portada\",\"item\":\"https:\\\/\\\/confederaciopenyes.cat\\\/es\\\/\"},{\"@type\":\"ListItem\",\"position\":2,\"name\":\"Las pe\u00f1as ya han recibido el Carnet de Pe\u00f1ista 2026 en formato f\u00edsico\"}]},{\"@type\":\"WebSite\",\"@id\":\"https:\\\/\\\/confederaciopenyes.cat\\\/es\\\/#website\",\"url\":\"https:\\\/\\\/confederaciopenyes.cat\\\/es\\\/\",\"name\":\"Confederaci\u00f3 Mundial de Penyes del FC Barcelona\",\"description\":\"C.M. Penyes FC Barcelona\",\"publisher\":{\"@id\":\"https:\\\/\\\/confederaciopenyes.cat\\\/es\\\/#organization\"},\"potentialAction\":[{\"@type\":\"SearchAction\",\"target\":{\"@type\":\"EntryPoint\",\"urlTemplate\":\"https:\\\/\\\/confederaciopenyes.cat\\\/es\\\/?s={search_term_string}\"},\"query-input\":{\"@type\":\"PropertyValueSpecification\",\"valueRequired\":true,\"valueName\":\"search_term_string\"}}],\"inLanguage\":\"es\"},{\"@type\":\"Organization\",\"@id\":\"https:\\\/\\\/confederaciopenyes.cat\\\/es\\\/#organization\",\"name\":\"Confederaci\u00f3 Mundial de Penyes del FC Barcelona\",\"url\":\"https:\\\/\\\/confederaciopenyes.cat\\\/es\\\/\",\"logo\":{\"@type\":\"ImageObject\",\"inLanguage\":\"es\",\"@id\":\"https:\\\/\\\/confederaciopenyes.cat\\\/es\\\/#\\\/schema\\\/logo\\\/image\\\/\",\"url\":\"https:\\\/\\\/confederaciopenyes.cat\\\/wp-content\\\/uploads\\\/2022\\\/07\\\/cropped-logo_horizontal.png\",\"contentUrl\":\"https:\\\/\\\/confederaciopenyes.cat\\\/wp-content\\\/uploads\\\/2022\\\/07\\\/cropped-logo_horizontal.png\",\"width\":1320,\"height\":309,\"caption\":\"Confederaci\u00f3 Mundial de Penyes del FC Barcelona\"},\"image\":{\"@id\":\"https:\\\/\\\/confederaciopenyes.cat\\\/es\\\/#\\\/schema\\\/logo\\\/image\\\/\"},\"sameAs\":[\"https:\\\/\\\/www.facebook.com\\\/ConfederacioMundialPenyesFCB\",\"https:\\\/\\\/x.com\\\/ConfePenyesFCB\",\"https:\\\/\\\/www.instagram.com\\\/confepenyesfcb\\\/\"]},{\"@type\":\"Person\",\"@id\":\"https:\\\/\\\/confederaciopenyes.cat\\\/es\\\/#\\\/schema\\\/person\\\/337072f6daef87a85aa59aa1f134387c\",\"name\":\"Confederaci\u00f3 Mundial de Penyes del FC Barcelona\",\"image\":{\"@type\":\"ImageObject\",\"inLanguage\":\"es\",\"@id\":\"https:\\\/\\\/secure.gravatar.com\\\/avatar\\\/98c60c7405ff843b10aec55db652bd3f5cb4320ef331ae76c156819a62194328?s=96&d=mm&r=g\",\"url\":\"https:\\\/\\\/secure.gravatar.com\\\/avatar\\\/98c60c7405ff843b10aec55db652bd3f5cb4320ef331ae76c156819a62194328?s=96&d=mm&r=g\",\"contentUrl\":\"https:\\\/\\\/secure.gravatar.com\\\/avatar\\\/98c60c7405ff843b10aec55db652bd3f5cb4320ef331ae76c156819a62194328?s=96&d=mm&r=g\",\"caption\":\"Confederaci\u00f3 Mundial de Penyes del FC Barcelona\"},\"url\":\"https:\\\/\\\/confederaciopenyes.cat\\\/es\\\/author\\\/comunicacioconfederaciopenyes-cat\\\/\"}]}<\/script>\n<!-- \/ Yoast SEO Premium plugin. -->","yoast_head_json":{"title":"Las pe\u00f1as ya han recibido el Carnet de Pe\u00f1ista 2026 en formato f\u00edsico - Confederaci\u00f3 Mundial de Penyes del FC Barcelona","description":"La Confederaci\u00f3n ha entregado a las pe\u00f1as el Carnet de Penyista 2026 en formato f\u00edsico. El formato digital est\u00e1 disponible en la Sede Electr\u00f3nica","robots":{"index":"index","follow":"follow","max-snippet":"max-snippet:-1","max-image-preview":"max-image-preview:large","max-video-preview":"max-video-preview:-1"},"canonical":"https:\/\/confederaciopenyes.cat\/es\/las-penas-ya-han-recibido-el-carnet-de-penista-2026-en-formato-fisico\/","og_locale":"es_ES","og_type":"article","og_title":"Las pe\u00f1as ya han recibido el Carnet de Pe\u00f1ista 2026 en formato f\u00edsico","og_description":"La Confederaci\u00f3n ha entregado a las pe\u00f1as el Carnet de Penyista 2026 en formato f\u00edsico. El formato digital est\u00e1 disponible en la Sede Electr\u00f3nica","og_url":"https:\/\/confederaciopenyes.cat\/es\/las-penas-ya-han-recibido-el-carnet-de-penista-2026-en-formato-fisico\/","og_site_name":"Confederaci\u00f3 Mundial de Penyes del FC Barcelona","article_publisher":"https:\/\/www.facebook.com\/ConfederacioMundialPenyesFCB","article_published_time":"2026-02-11T14:31:22+00:00","article_modified_time":"2026-02-12T08:31:55+00:00","og_image":[{"width":2560,"height":1280,"url":"https:\/\/confederaciopenyes.cat\/wp-content\/uploads\/2026\/02\/20260211_133539_2-scaled.jpg","type":"image\/jpeg"}],"author":"Confederaci\u00f3 Mundial de Penyes del FC Barcelona","twitter_card":"summary_large_image","twitter_creator":"@ConfePenyesFCB","twitter_site":"@ConfePenyesFCB","twitter_misc":{"Escrito por":"Confederaci\u00f3 Mundial de Penyes del FC Barcelona","Tiempo de lectura":"2 minutos"},"schema":{"@context":"https:\/\/schema.org","@graph":[{"@type":"Article","@id":"https:\/\/confederaciopenyes.cat\/es\/las-penas-ya-han-recibido-el-carnet-de-penista-2026-en-formato-fisico\/#article","isPartOf":{"@id":"https:\/\/confederaciopenyes.cat\/es\/las-penas-ya-han-recibido-el-carnet-de-penista-2026-en-formato-fisico\/"},"author":{"name":"Confederaci\u00f3 Mundial de Penyes del FC Barcelona","@id":"https:\/\/confederaciopenyes.cat\/es\/#\/schema\/person\/337072f6daef87a85aa59aa1f134387c"},"headline":"Las pe\u00f1as ya han recibido el Carnet de Pe\u00f1ista 2026 en formato f\u00edsico","datePublished":"2026-02-11T14:31:22+00:00","dateModified":"2026-02-12T08:31:55+00:00","mainEntityOfPage":{"@id":"https:\/\/confederaciopenyes.cat\/es\/las-penas-ya-han-recibido-el-carnet-de-penista-2026-en-formato-fisico\/"},"wordCount":332,"publisher":{"@id":"https:\/\/confederaciopenyes.cat\/es\/#organization"},"image":{"@id":"https:\/\/confederaciopenyes.cat\/es\/las-penas-ya-han-recibido-el-carnet-de-penista-2026-en-formato-fisico\/#primaryimage"},"thumbnailUrl":"https:\/\/confederaciopenyes.cat\/wp-content\/uploads\/2026\/02\/20260211_133539_2-scaled.jpg","keywords":["Carnet Pe\u00f1ista 2026","confederaci\u00f3 mundial de penyes","noticias","pe\u00f1as"],"articleSection":["Noticias"],"inLanguage":"es"},{"@type":"WebPage","@id":"https:\/\/confederaciopenyes.cat\/es\/las-penas-ya-han-recibido-el-carnet-de-penista-2026-en-formato-fisico\/","url":"https:\/\/confederaciopenyes.cat\/es\/las-penas-ya-han-recibido-el-carnet-de-penista-2026-en-formato-fisico\/","name":"Las pe\u00f1as ya han recibido el Carnet de Pe\u00f1ista 2026 en formato f\u00edsico - Confederaci\u00f3 Mundial de Penyes del FC Barcelona","isPartOf":{"@id":"https:\/\/confederaciopenyes.cat\/es\/#website"},"primaryImageOfPage":{"@id":"https:\/\/confederaciopenyes.cat\/es\/las-penas-ya-han-recibido-el-carnet-de-penista-2026-en-formato-fisico\/#primaryimage"},"image":{"@id":"https:\/\/confederaciopenyes.cat\/es\/las-penas-ya-han-recibido-el-carnet-de-penista-2026-en-formato-fisico\/#primaryimage"},"thumbnailUrl":"https:\/\/confederaciopenyes.cat\/wp-content\/uploads\/2026\/02\/20260211_133539_2-scaled.jpg","datePublished":"2026-02-11T14:31:22+00:00","dateModified":"2026-02-12T08:31:55+00:00","description":"La Confederaci\u00f3n ha entregado a las pe\u00f1as el Carnet de Penyista 2026 en formato f\u00edsico. El formato digital est\u00e1 disponible en la Sede Electr\u00f3nica","breadcrumb":{"@id":"https:\/\/confederaciopenyes.cat\/es\/las-penas-ya-han-recibido-el-carnet-de-penista-2026-en-formato-fisico\/#breadcrumb"},"inLanguage":"es","potentialAction":[{"@type":"ReadAction","target":["https:\/\/confederaciopenyes.cat\/es\/las-penas-ya-han-recibido-el-carnet-de-penista-2026-en-formato-fisico\/"]}]},{"@type":"ImageObject","inLanguage":"es","@id":"https:\/\/confederaciopenyes.cat\/es\/las-penas-ya-han-recibido-el-carnet-de-penista-2026-en-formato-fisico\/#primaryimage","url":"https:\/\/confederaciopenyes.cat\/wp-content\/uploads\/2026\/02\/20260211_133539_2-scaled.jpg","contentUrl":"https:\/\/confederaciopenyes.cat\/wp-content\/uploads\/2026\/02\/20260211_133539_2-scaled.jpg","width":2560,"height":1280},{"@type":"BreadcrumbList","@id":"https:\/\/confederaciopenyes.cat\/es\/las-penas-ya-han-recibido-el-carnet-de-penista-2026-en-formato-fisico\/#breadcrumb","itemListElement":[{"@type":"ListItem","position":1,"name":"Portada","item":"https:\/\/confederaciopenyes.cat\/es\/"},{"@type":"ListItem","position":2,"name":"Las pe\u00f1as ya han recibido el Carnet de Pe\u00f1ista 2026 en formato f\u00edsico"}]},{"@type":"WebSite","@id":"https:\/\/confederaciopenyes.cat\/es\/#website","url":"https:\/\/confederaciopenyes.cat\/es\/","name":"Confederaci\u00f3 Mundial de Penyes del FC Barcelona","description":"C.M. Penyes FC Barcelona","publisher":{"@id":"https:\/\/confederaciopenyes.cat\/es\/#organization"},"potentialAction":[{"@type":"SearchAction","target":{"@type":"EntryPoint","urlTemplate":"https:\/\/confederaciopenyes.cat\/es\/?s={search_term_string}"},"query-input":{"@type":"PropertyValueSpecification","valueRequired":true,"valueName":"search_term_string"}}],"inLanguage":"es"},{"@type":"Organization","@id":"https:\/\/confederaciopenyes.cat\/es\/#organization","name":"Confederaci\u00f3 Mundial de Penyes del FC Barcelona","url":"https:\/\/confederaciopenyes.cat\/es\/","logo":{"@type":"ImageObject","inLanguage":"es","@id":"https:\/\/confederaciopenyes.cat\/es\/#\/schema\/logo\/image\/","url":"https:\/\/confederaciopenyes.cat\/wp-content\/uploads\/2022\/07\/cropped-logo_horizontal.png","contentUrl":"https:\/\/confederaciopenyes.cat\/wp-content\/uploads\/2022\/07\/cropped-logo_horizontal.png","width":1320,"height":309,"caption":"Confederaci\u00f3 Mundial de Penyes del FC Barcelona"},"image":{"@id":"https:\/\/confederaciopenyes.cat\/es\/#\/schema\/logo\/image\/"},"sameAs":["https:\/\/www.facebook.com\/ConfederacioMundialPenyesFCB","https:\/\/x.com\/ConfePenyesFCB","https:\/\/www.instagram.com\/confepenyesfcb\/"]},{"@type":"Person","@id":"https:\/\/confederaciopenyes.cat\/es\/#\/schema\/person\/337072f6daef87a85aa59aa1f134387c","name":"Confederaci\u00f3 Mundial de Penyes del FC Barcelona","image":{"@type":"ImageObject","inLanguage":"es","@id":"https:\/\/secure.gravatar.com\/avatar\/98c60c7405ff843b10aec55db652bd3f5cb4320ef331ae76c156819a62194328?s=96&d=mm&r=g","url":"https:\/\/secure.gravatar.com\/avatar\/98c60c7405ff843b10aec55db652bd3f5cb4320ef331ae76c156819a62194328?s=96&d=mm&r=g","contentUrl":"https:\/\/secure.gravatar.com\/avatar\/98c60c7405ff843b10aec55db652bd3f5cb4320ef331ae76c156819a62194328?s=96&d=mm&r=g","caption":"Confederaci\u00f3 Mundial de Penyes del FC Barcelona"},"url":"https:\/\/confederaciopenyes.cat\/es\/author\/comunicacioconfederaciopenyes-cat\/"}]}},"_links":{"self":[{"href":"https:\/\/confederaciopenyes.cat\/es\/wp-json\/wp\/v2\/posts\/40517","targetHints":{"allow":["GET"]}}],"collection":[{"href":"https:\/\/confederaciopenyes.cat\/es\/wp-json\/wp\/v2\/posts"}],"about":[{"href":"https:\/\/confederaciopenyes.cat\/es\/wp-json\/wp\/v2\/types\/post"}],"author":[{"embeddable":true,"href":"https:\/\/confederaciopenyes.cat\/es\/wp-json\/wp\/v2\/users\/4"}],"replies":[{"embeddable":true,"href":"https:\/\/confederaciopenyes.cat\/es\/wp-json\/wp\/v2\/comments?post=40517"}],"version-history":[{"count":3,"href":"https:\/\/confederaciopenyes.cat\/es\/wp-json\/wp\/v2\/posts\/40517\/revisions"}],"predecessor-version":[{"id":40523,"href":"https:\/\/confederaciopenyes.cat\/es\/wp-json\/wp\/v2\/posts\/40517\/revisions\/40523"}],"wp:featuredmedia":[{"embeddable":true,"href":"https:\/\/confederaciopenyes.cat\/es\/wp-json\/wp\/v2\/media\/40510"}],"wp:attachment":[{"href":"https:\/\/confederaciopenyes.cat\/es\/wp-json\/wp\/v2\/media?parent=40517"}],"wp:term":[{"taxonomy":"category","embeddable":true,"href":"https:\/\/confederaciopenyes.cat\/es\/wp-json\/wp\/v2\/categories?post=40517"},{"taxonomy":"post_tag","embeddable":true,"href":"https:\/\/confederaciopenyes.cat\/es\/wp-json\/wp\/v2\/tags?post=40517"}],"curies":[{"name":"wp","href":"https:\/\/api.w.org\/{rel}","templated":true}]}}