{"id":41077,"date":"2026-02-27T13:09:38","date_gmt":"2026-02-27T12:09:38","guid":{"rendered":"https:\/\/confederaciopenyes.cat\/la-confederacion-mundial-de-penas-conmemora-un-ano-mas-el-dia-mundial-de-las-enfermedades-raras\/"},"modified":"2026-02-27T13:25:23","modified_gmt":"2026-02-27T12:25:23","slug":"la-confederacion-mundial-de-penas-conmemora-un-ano-mas-el-dia-mundial-de-las-enfermedades-raras","status":"publish","type":"post","link":"https:\/\/confederaciopenyes.cat\/es\/la-confederacion-mundial-de-penas-conmemora-un-ano-mas-el-dia-mundial-de-las-enfermedades-raras\/","title":{"rendered":"La Confederaci\u00f3n Mundial de Pe\u00f1as conmemora un a\u00f1o m\u00e1s el D\u00eda Mundial de las Enfermedades Raras"},"content":{"rendered":"\n<p>La Confederaci\u00f3n Mundial de Pe\u00f1as del FC Barcelona, a trav\u00e9s de su Subcomisi\u00f3n de RSC, se suma un a\u00f1o m\u00e1s al <strong><a href=\"https:\/\/www.enfermedades-raras.org\/dia-mundial-de-las-enfermedades-raras-2026\" target=\"_blank\" rel=\"noreferrer noopener\">D\u00eda Mundial de las Enfermedades Raras<\/a><\/strong>, que se conmemora el <strong>28 de febrero<\/strong>. La entidad barcelonista respalda a la <strong>Federaci\u00f3n Espa\u00f1ola de Enfermedades Raras (FEDER)<\/strong>, que una vez m\u00e1s dedica este d\u00eda a <strong>sensibilizar a toda la poblaci\u00f3n y reclamar m\u00e1s soluciones y recursos dirigidos a las personas que conviven con estas patolog\u00edas<\/strong>. Bajo el lema \u201cPorque cada pERsona importa\u201d, FEDER centra la campa\u00f1a de este a\u00f1o en la necesidad de <strong>garantizar la equidad de estos pacientes en el acceso a recursos sociales y sanitarios<\/strong>, tanto en investigaci\u00f3n, como en diagn\u00f3stico, tratamiento y terapias.  <\/p>\n\n<h6 class=\"wp-block-heading\" id=\"h-compromis-liderat-per-la-pb-totana\"><strong>Compromiso liderado por la PB Totana<\/strong><\/h6>\n\n<p>Dentro del movimiento de pe\u00f1as barcelonistas, el compromiso con las enfermedades raras tiene como principal abanderada a la <strong><a href=\"https:\/\/www.totana.com\/pbtotana\/\">Pe\u00f1a Barcelonista de Totana<\/a><\/strong>, presidida por <strong>Juan Carri\u00f3n<\/strong>, quien tambi\u00e9n es <strong>presidente de la Federaci\u00f3n de Pe\u00f1as Barcelonistas de Murcia y de la propia FEDER<\/strong>. Buena parte de las acciones de la PB Totana se llevan a cabo en el <strong>Centro Penitenciario Murcia I<\/strong>, el \u00fanico de Espa\u00f1a donde se sensibiliza a las personas privadas de libertad sobre las enfermedades raras. <\/p>\n\n<p>Uno de los ejemplos m\u00e1s recientes es la <strong>3\u00aa Jornada de Sensibilizaci\u00f3n sobre Enfermedades Raras<\/strong>, con la presencia de m\u00e1s de 130 reclusos del centro. Todos ellos pudieron conocer el trabajo de diversas organizaciones del sector y escucharon el <strong>testimonio de tres personas que conviven con una enfermedad rara<\/strong>. La jornada, que cont\u00f3 con la colaboraci\u00f3n del profesorado del Centro de Educaci\u00f3n de Adultos Garc\u00eda Alix, transmiti\u00f3 valores como <strong>la fortaleza, la resiliencia y el papel clave de la familia y los cuidadores<\/strong>. Anteriormente, la PB Totana tambi\u00e9n hab\u00eda organizado una <strong>salida programada con reclusos para concienciar sobre las enfermedades raras<\/strong>.   <\/p>\n\n<figure class=\"wp-block-gallery has-nested-images columns-2 is-cropped wp-block-gallery-1 is-layout-flex wp-block-gallery-is-layout-flex\">\n<figure class=\"wp-block-image size-large\"><a href=\"https:\/\/confederaciopenyes.cat\/wp-content\/uploads\/2026\/02\/WhatsApp-Image-2026-02-17-at-23.10.11-edited.jpeg\" target=\"_blank\"><img decoding=\"async\" width=\"2040\" height=\"1148\" data-id=\"41063\" data-src=\"https:\/\/confederaciopenyes.cat\/wp-content\/uploads\/2026\/02\/WhatsApp-Image-2026-02-17-at-23.10.11-edited.jpeg\" alt=\"\" class=\"wp-image-41063 lazyload\" data-srcset=\"https:\/\/confederaciopenyes.cat\/wp-content\/uploads\/2026\/02\/WhatsApp-Image-2026-02-17-at-23.10.11-edited.jpeg 2040w, https:\/\/confederaciopenyes.cat\/wp-content\/uploads\/2026\/02\/WhatsApp-Image-2026-02-17-at-23.10.11-edited-300x169.jpeg 300w, https:\/\/confederaciopenyes.cat\/wp-content\/uploads\/2026\/02\/WhatsApp-Image-2026-02-17-at-23.10.11-edited-1024x576.jpeg 1024w, https:\/\/confederaciopenyes.cat\/wp-content\/uploads\/2026\/02\/WhatsApp-Image-2026-02-17-at-23.10.11-edited-768x432.jpeg 768w, https:\/\/confederaciopenyes.cat\/wp-content\/uploads\/2026\/02\/WhatsApp-Image-2026-02-17-at-23.10.11-edited-1536x864.jpeg 1536w\" data-sizes=\"(max-width: 2040px) 100vw, 2040px\" src=\"data:image\/svg+xml;base64,PHN2ZyB3aWR0aD0iMSIgaGVpZ2h0PSIxIiB4bWxucz0iaHR0cDovL3d3dy53My5vcmcvMjAwMC9zdmciPjwvc3ZnPg==\" style=\"--smush-placeholder-width: 2040px; --smush-placeholder-aspect-ratio: 2040\/1148;\" \/><\/a><\/figure>\n\n\n\n<figure class=\"wp-block-image size-large\"><a href=\"https:\/\/confederaciopenyes.cat\/wp-content\/uploads\/2026\/02\/WhatsApp-Image-2026-02-17-at-23.10.12-edited-1.jpeg\" target=\"_blank\"><img decoding=\"async\" width=\"1530\" height=\"861\" data-id=\"41066\" data-src=\"https:\/\/confederaciopenyes.cat\/wp-content\/uploads\/2026\/02\/WhatsApp-Image-2026-02-17-at-23.10.12-edited-1.jpeg\" alt=\"\" class=\"wp-image-41066 lazyload\" data-srcset=\"https:\/\/confederaciopenyes.cat\/wp-content\/uploads\/2026\/02\/WhatsApp-Image-2026-02-17-at-23.10.12-edited-1.jpeg 1530w, https:\/\/confederaciopenyes.cat\/wp-content\/uploads\/2026\/02\/WhatsApp-Image-2026-02-17-at-23.10.12-edited-1-300x169.jpeg 300w, https:\/\/confederaciopenyes.cat\/wp-content\/uploads\/2026\/02\/WhatsApp-Image-2026-02-17-at-23.10.12-edited-1-1024x576.jpeg 1024w, https:\/\/confederaciopenyes.cat\/wp-content\/uploads\/2026\/02\/WhatsApp-Image-2026-02-17-at-23.10.12-edited-1-768x432.jpeg 768w\" data-sizes=\"(max-width: 1530px) 100vw, 1530px\" src=\"data:image\/svg+xml;base64,PHN2ZyB3aWR0aD0iMSIgaGVpZ2h0PSIxIiB4bWxucz0iaHR0cDovL3d3dy53My5vcmcvMjAwMC9zdmciPjwvc3ZnPg==\" style=\"--smush-placeholder-width: 1530px; --smush-placeholder-aspect-ratio: 1530\/861;\" \/><\/a><\/figure>\n\n\n\n<figure class=\"wp-block-image size-large\"><a href=\"https:\/\/confederaciopenyes.cat\/wp-content\/uploads\/2026\/02\/WhatsApp-Image-2026-02-14-at-11.21.01-1-edited.jpeg\" target=\"_blank\"><img decoding=\"async\" width=\"1152\" height=\"648\" data-id=\"41069\" data-src=\"https:\/\/confederaciopenyes.cat\/wp-content\/uploads\/2026\/02\/WhatsApp-Image-2026-02-14-at-11.21.01-1-edited.jpeg\" alt=\"\" class=\"wp-image-41069 lazyload\" data-srcset=\"https:\/\/confederaciopenyes.cat\/wp-content\/uploads\/2026\/02\/WhatsApp-Image-2026-02-14-at-11.21.01-1-edited.jpeg 1152w, https:\/\/confederaciopenyes.cat\/wp-content\/uploads\/2026\/02\/WhatsApp-Image-2026-02-14-at-11.21.01-1-edited-300x169.jpeg 300w, https:\/\/confederaciopenyes.cat\/wp-content\/uploads\/2026\/02\/WhatsApp-Image-2026-02-14-at-11.21.01-1-edited-1024x576.jpeg 1024w, https:\/\/confederaciopenyes.cat\/wp-content\/uploads\/2026\/02\/WhatsApp-Image-2026-02-14-at-11.21.01-1-edited-768x432.jpeg 768w\" data-sizes=\"(max-width: 1152px) 100vw, 1152px\" src=\"data:image\/svg+xml;base64,PHN2ZyB3aWR0aD0iMSIgaGVpZ2h0PSIxIiB4bWxucz0iaHR0cDovL3d3dy53My5vcmcvMjAwMC9zdmciPjwvc3ZnPg==\" style=\"--smush-placeholder-width: 1152px; --smush-placeholder-aspect-ratio: 1152\/648;\" \/><\/a><\/figure>\n\n\n\n<figure class=\"wp-block-image size-large\"><a href=\"https:\/\/confederaciopenyes.cat\/wp-content\/uploads\/2026\/02\/WhatsApp-Image-2026-02-14-at-11.21.01.jpeg\" target=\"_blank\"><img decoding=\"async\" width=\"1024\" height=\"517\" data-id=\"41057\" data-src=\"https:\/\/confederaciopenyes.cat\/wp-content\/uploads\/2026\/02\/WhatsApp-Image-2026-02-14-at-11.21.01-1024x517.jpeg\" alt=\"\" class=\"wp-image-41057 lazyload\" data-srcset=\"https:\/\/confederaciopenyes.cat\/wp-content\/uploads\/2026\/02\/WhatsApp-Image-2026-02-14-at-11.21.01-1024x517.jpeg 1024w, https:\/\/confederaciopenyes.cat\/wp-content\/uploads\/2026\/02\/WhatsApp-Image-2026-02-14-at-11.21.01-300x151.jpeg 300w, https:\/\/confederaciopenyes.cat\/wp-content\/uploads\/2026\/02\/WhatsApp-Image-2026-02-14-at-11.21.01-768x388.jpeg 768w, https:\/\/confederaciopenyes.cat\/wp-content\/uploads\/2026\/02\/WhatsApp-Image-2026-02-14-at-11.21.01.jpeg 1462w\" data-sizes=\"(max-width: 1024px) 100vw, 1024px\" src=\"data:image\/svg+xml;base64,PHN2ZyB3aWR0aD0iMSIgaGVpZ2h0PSIxIiB4bWxucz0iaHR0cDovL3d3dy53My5vcmcvMjAwMC9zdmciPjwvc3ZnPg==\" style=\"--smush-placeholder-width: 1024px; --smush-placeholder-aspect-ratio: 1024\/517;\" \/><\/a><\/figure>\n<\/figure>\n\n<p><\/p>\n\n<h6 class=\"wp-block-heading\" id=\"h-declaracio-institucional-de-feder\"><strong>Declaraci\u00f3n institucional de FEDER<\/strong><\/h6>\n\n<p>Tal como reclama FEDER en su <a href=\"https:\/\/www.enfermedades-raras.org\/sites\/default\/files\/2026-01\/declaracion-dmer-26.pdf\" target=\"_blank\" rel=\"noreferrer noopener\">declaraci\u00f3n institucional<\/a>, para minimizar el impacto de las enfermedades raras se requiere el apoyo de las instituciones p\u00fablicas en tres \u00e1mbitos: impulsar la <strong>investigaci\u00f3n y el conocimiento<\/strong> sobre estas patolog\u00edas; asegurar un <strong>acceso r\u00e1pido y equitativo a las pruebas de diagn\u00f3stico<\/strong>; y garantizar el acceso a <strong>tratamientos y terapias a tiempo y en condiciones de equidad<\/strong>. FEDER tambi\u00e9n subraya la importancia de la coordinaci\u00f3n entre comunidades aut\u00f3nomas para garantizar el acceso a todos estos recursos, as\u00ed como a los de car\u00e1cter social. <\/p>\n\n<p>Las enfermedades raras, o de baja prevalencia, son aquellas de las que se han diagnosticado 5 o menos casos por cada 10.000 habitantes. Actualmente, <strong>se estima que entre el 6 y el 8% de la poblaci\u00f3n mundial convive con estas patolog\u00edas<\/strong>, lo que equivale a unos 3 millones de personas en Espa\u00f1a. Hoy en d\u00eda, <strong>m\u00e1s de la mitad de las familias con enfermedades poco frecuentes esperan m\u00e1s de 6 a\u00f1os para obtener un diagn\u00f3stico<\/strong> en Espa\u00f1a. A ello se suma el hecho de que solo el 6% de las m\u00e1s de 6.500 enfermedades raras identificadas cuenta con un tratamiento.  <\/p>\n<div class=\"wp-block-image\">\n<figure class=\"aligncenter size-large is-resized\"><a href=\"https:\/\/confederaciopenyes.cat\/?attachment_id=41049#main\"><img decoding=\"async\" width=\"732\" height=\"1024\" data-src=\"https:\/\/confederaciopenyes.cat\/wp-content\/uploads\/2026\/02\/WhatsApp-Image-2026-02-25-at-14.59.58-732x1024.jpeg\" alt=\"\" class=\"wp-image-41049 lazyload\" style=\"--smush-placeholder-width: 732px; --smush-placeholder-aspect-ratio: 732\/1024;aspect-ratio:0.7148472465460206;width:455px;height:auto\" data-srcset=\"https:\/\/confederaciopenyes.cat\/wp-content\/uploads\/2026\/02\/WhatsApp-Image-2026-02-25-at-14.59.58-732x1024.jpeg 732w, https:\/\/confederaciopenyes.cat\/wp-content\/uploads\/2026\/02\/WhatsApp-Image-2026-02-25-at-14.59.58-214x300.jpeg 214w, https:\/\/confederaciopenyes.cat\/wp-content\/uploads\/2026\/02\/WhatsApp-Image-2026-02-25-at-14.59.58.jpeg 739w\" data-sizes=\"(max-width: 732px) 100vw, 732px\" src=\"data:image\/svg+xml;base64,PHN2ZyB3aWR0aD0iMSIgaGVpZ2h0PSIxIiB4bWxucz0iaHR0cDovL3d3dy53My5vcmcvMjAwMC9zdmciPjwvc3ZnPg==\" \/><\/a><\/figure>\n<\/div>","protected":false},"excerpt":{"rendered":"<p>La Confederaci\u00f3n Mundial de Pe\u00f1as del FC Barcelona, a trav\u00e9s de su Subcomisi\u00f3n de RSC, se suma un a\u00f1o m\u00e1s al D\u00eda Mundial de las Enfermedades Raras, que se conmemora el 28 de febrero. La entidad barcelonista respalda a la Federaci\u00f3n Espa\u00f1ola de Enfermedades Raras (FEDER), que una vez m\u00e1s dedica este d\u00eda a sensibilizar &#8230; <a title=\"La Confederaci\u00f3n Mundial de Pe\u00f1as conmemora un a\u00f1o m\u00e1s el D\u00eda Mundial de las Enfermedades Raras\" class=\"read-more\" href=\"https:\/\/confederaciopenyes.cat\/es\/la-confederacion-mundial-de-penas-conmemora-un-ano-mas-el-dia-mundial-de-las-enfermedades-raras\/\" aria-label=\"Leer m\u00e1s sobre La Confederaci\u00f3n Mundial de Pe\u00f1as conmemora un a\u00f1o m\u00e1s el D\u00eda Mundial de las Enfermedades Raras\">Leer m\u00e1s<\/a><\/p>\n","protected":false},"author":4,"featured_media":41074,"comment_status":"closed","ping_status":"open","sticky":false,"template":"","format":"standard","meta":{"_acf_changed":false,"footnotes":""},"categories":[1],"tags":[4142,2594,4218,2595,3930,2555,2603],"class_list":["post-41077","post","type-post","status-publish","format-standard","has-post-thumbnail","hentry","category-noticias-es","tag-centre-penitenciari-murcia-i-es","tag-confederacio-mundial-de-penyes-es-3","tag-dia-mundial-enfermedades-raras","tag-noticias-es-2","tag-pb-totana-es","tag-penas-es","tag-solidaridad-es-2"],"acf":[],"yoast_head":"<!-- This site is optimized with the Yoast SEO Premium plugin v27.5 (Yoast SEO v27.5) - https:\/\/yoast.com\/product\/yoast-seo-premium-wordpress\/ -->\n<title>La Confederaci\u00f3n, con el D\u00eda Mundial Enfermedades Raras - CMP<\/title>\n<meta name=\"description\" content=\"La Confederaci\u00f3n Mundial de Pe\u00f1as conmemora un a\u00f1o m\u00e1s el D\u00eda Mundial de las Enfermedades Raras y apoya el trabajo de FEDER.\" \/>\n<meta name=\"robots\" content=\"index, follow, max-snippet:-1, max-image-preview:large, max-video-preview:-1\" \/>\n<link rel=\"canonical\" href=\"https:\/\/confederaciopenyes.cat\/es\/la-confederacion-mundial-de-penas-conmemora-un-ano-mas-el-dia-mundial-de-las-enfermedades-raras\/\" \/>\n<meta property=\"og:locale\" content=\"es_ES\" \/>\n<meta property=\"og:type\" content=\"article\" \/>\n<meta property=\"og:title\" content=\"La Confederaci\u00f3n Mundial de Pe\u00f1as conmemora un a\u00f1o m\u00e1s el D\u00eda Mundial de las Enfermedades Raras\" \/>\n<meta property=\"og:description\" content=\"La Confederaci\u00f3n Mundial de Pe\u00f1as conmemora un a\u00f1o m\u00e1s el D\u00eda Mundial de las Enfermedades Raras y apoya el trabajo de FEDER.\" \/>\n<meta property=\"og:url\" content=\"https:\/\/confederaciopenyes.cat\/es\/la-confederacion-mundial-de-penas-conmemora-un-ano-mas-el-dia-mundial-de-las-enfermedades-raras\/\" \/>\n<meta property=\"og:site_name\" content=\"Confederaci\u00f3 Mundial de Penyes del FC Barcelona\" \/>\n<meta property=\"article:publisher\" content=\"https:\/\/www.facebook.com\/ConfederacioMundialPenyesFCB\" \/>\n<meta property=\"article:published_time\" content=\"2026-02-27T12:09:38+00:00\" \/>\n<meta property=\"article:modified_time\" content=\"2026-02-27T12:25:23+00:00\" \/>\n<meta property=\"og:image\" content=\"https:\/\/confederaciopenyes.cat\/wp-content\/uploads\/2026\/02\/WhatsApp-Image-2026-02-17-at-23.10.10-1.jpeg\" \/>\n\t<meta property=\"og:image:width\" content=\"1528\" \/>\n\t<meta property=\"og:image:height\" content=\"859\" \/>\n\t<meta property=\"og:image:type\" content=\"image\/jpeg\" \/>\n<meta name=\"author\" content=\"Confederaci\u00f3 Mundial de Penyes del FC Barcelona\" \/>\n<meta name=\"twitter:card\" content=\"summary_large_image\" \/>\n<meta name=\"twitter:creator\" content=\"@ConfePenyesFCB\" \/>\n<meta name=\"twitter:site\" content=\"@ConfePenyesFCB\" \/>\n<meta name=\"twitter:label1\" content=\"Escrito por\" \/>\n\t<meta name=\"twitter:data1\" content=\"Confederaci\u00f3 Mundial de Penyes del FC Barcelona\" \/>\n\t<meta name=\"twitter:label2\" content=\"Tiempo de lectura\" \/>\n\t<meta name=\"twitter:data2\" content=\"4 minutos\" \/>\n<script type=\"application\/ld+json\" class=\"yoast-schema-graph\">{\"@context\":\"https:\\\/\\\/schema.org\",\"@graph\":[{\"@type\":\"Article\",\"@id\":\"https:\\\/\\\/confederaciopenyes.cat\\\/es\\\/la-confederacion-mundial-de-penas-conmemora-un-ano-mas-el-dia-mundial-de-las-enfermedades-raras\\\/#article\",\"isPartOf\":{\"@id\":\"https:\\\/\\\/confederaciopenyes.cat\\\/es\\\/la-confederacion-mundial-de-penas-conmemora-un-ano-mas-el-dia-mundial-de-las-enfermedades-raras\\\/\"},\"author\":{\"name\":\"Confederaci\u00f3 Mundial de Penyes del FC Barcelona\",\"@id\":\"https:\\\/\\\/confederaciopenyes.cat\\\/es\\\/#\\\/schema\\\/person\\\/337072f6daef87a85aa59aa1f134387c\"},\"headline\":\"La Confederaci\u00f3n Mundial de Pe\u00f1as conmemora un a\u00f1o m\u00e1s el D\u00eda Mundial de las Enfermedades Raras\",\"datePublished\":\"2026-02-27T12:09:38+00:00\",\"dateModified\":\"2026-02-27T12:25:23+00:00\",\"mainEntityOfPage\":{\"@id\":\"https:\\\/\\\/confederaciopenyes.cat\\\/es\\\/la-confederacion-mundial-de-penas-conmemora-un-ano-mas-el-dia-mundial-de-las-enfermedades-raras\\\/\"},\"wordCount\":557,\"publisher\":{\"@id\":\"https:\\\/\\\/confederaciopenyes.cat\\\/es\\\/#organization\"},\"image\":{\"@id\":\"https:\\\/\\\/confederaciopenyes.cat\\\/es\\\/la-confederacion-mundial-de-penas-conmemora-un-ano-mas-el-dia-mundial-de-las-enfermedades-raras\\\/#primaryimage\"},\"thumbnailUrl\":\"https:\\\/\\\/confederaciopenyes.cat\\\/wp-content\\\/uploads\\\/2026\\\/02\\\/WhatsApp-Image-2026-02-17-at-23.10.10-1.jpeg\",\"keywords\":[\"Centre Penitenciari Murcia I\",\"confederaci\u00f3 mundial de penyes\",\"D\u00eda Mundial Enfermedades Raras\",\"noticias\",\"PB Totana\",\"pe\u00f1as\",\"solidaridad\"],\"articleSection\":[\"Noticias\"],\"inLanguage\":\"es\"},{\"@type\":\"WebPage\",\"@id\":\"https:\\\/\\\/confederaciopenyes.cat\\\/es\\\/la-confederacion-mundial-de-penas-conmemora-un-ano-mas-el-dia-mundial-de-las-enfermedades-raras\\\/\",\"url\":\"https:\\\/\\\/confederaciopenyes.cat\\\/es\\\/la-confederacion-mundial-de-penas-conmemora-un-ano-mas-el-dia-mundial-de-las-enfermedades-raras\\\/\",\"name\":\"La Confederaci\u00f3n, con el D\u00eda Mundial Enfermedades Raras - CMP\",\"isPartOf\":{\"@id\":\"https:\\\/\\\/confederaciopenyes.cat\\\/es\\\/#website\"},\"primaryImageOfPage\":{\"@id\":\"https:\\\/\\\/confederaciopenyes.cat\\\/es\\\/la-confederacion-mundial-de-penas-conmemora-un-ano-mas-el-dia-mundial-de-las-enfermedades-raras\\\/#primaryimage\"},\"image\":{\"@id\":\"https:\\\/\\\/confederaciopenyes.cat\\\/es\\\/la-confederacion-mundial-de-penas-conmemora-un-ano-mas-el-dia-mundial-de-las-enfermedades-raras\\\/#primaryimage\"},\"thumbnailUrl\":\"https:\\\/\\\/confederaciopenyes.cat\\\/wp-content\\\/uploads\\\/2026\\\/02\\\/WhatsApp-Image-2026-02-17-at-23.10.10-1.jpeg\",\"datePublished\":\"2026-02-27T12:09:38+00:00\",\"dateModified\":\"2026-02-27T12:25:23+00:00\",\"description\":\"La Confederaci\u00f3n Mundial de Pe\u00f1as conmemora un a\u00f1o m\u00e1s el D\u00eda Mundial de las Enfermedades Raras y apoya el trabajo de FEDER.\",\"breadcrumb\":{\"@id\":\"https:\\\/\\\/confederaciopenyes.cat\\\/es\\\/la-confederacion-mundial-de-penas-conmemora-un-ano-mas-el-dia-mundial-de-las-enfermedades-raras\\\/#breadcrumb\"},\"inLanguage\":\"es\",\"potentialAction\":[{\"@type\":\"ReadAction\",\"target\":[\"https:\\\/\\\/confederaciopenyes.cat\\\/es\\\/la-confederacion-mundial-de-penas-conmemora-un-ano-mas-el-dia-mundial-de-las-enfermedades-raras\\\/\"]}]},{\"@type\":\"ImageObject\",\"inLanguage\":\"es\",\"@id\":\"https:\\\/\\\/confederaciopenyes.cat\\\/es\\\/la-confederacion-mundial-de-penas-conmemora-un-ano-mas-el-dia-mundial-de-las-enfermedades-raras\\\/#primaryimage\",\"url\":\"https:\\\/\\\/confederaciopenyes.cat\\\/wp-content\\\/uploads\\\/2026\\\/02\\\/WhatsApp-Image-2026-02-17-at-23.10.10-1.jpeg\",\"contentUrl\":\"https:\\\/\\\/confederaciopenyes.cat\\\/wp-content\\\/uploads\\\/2026\\\/02\\\/WhatsApp-Image-2026-02-17-at-23.10.10-1.jpeg\",\"width\":1528,\"height\":859},{\"@type\":\"BreadcrumbList\",\"@id\":\"https:\\\/\\\/confederaciopenyes.cat\\\/es\\\/la-confederacion-mundial-de-penas-conmemora-un-ano-mas-el-dia-mundial-de-las-enfermedades-raras\\\/#breadcrumb\",\"itemListElement\":[{\"@type\":\"ListItem\",\"position\":1,\"name\":\"Inici\",\"item\":\"https:\\\/\\\/confederaciopenyes.cat\\\/es\\\/\"},{\"@type\":\"ListItem\",\"position\":2,\"name\":\"La Confederaci\u00f3n Mundial de Pe\u00f1as conmemora un a\u00f1o m\u00e1s el D\u00eda Mundial de las Enfermedades Raras\"}]},{\"@type\":\"WebSite\",\"@id\":\"https:\\\/\\\/confederaciopenyes.cat\\\/es\\\/#website\",\"url\":\"https:\\\/\\\/confederaciopenyes.cat\\\/es\\\/\",\"name\":\"Confederaci\u00f3 Mundial de Penyes del FC Barcelona\",\"description\":\"C.M. Penyes FC Barcelona\",\"publisher\":{\"@id\":\"https:\\\/\\\/confederaciopenyes.cat\\\/es\\\/#organization\"},\"potentialAction\":[{\"@type\":\"SearchAction\",\"target\":{\"@type\":\"EntryPoint\",\"urlTemplate\":\"https:\\\/\\\/confederaciopenyes.cat\\\/es\\\/?s={search_term_string}\"},\"query-input\":{\"@type\":\"PropertyValueSpecification\",\"valueRequired\":true,\"valueName\":\"search_term_string\"}}],\"inLanguage\":\"es\"},{\"@type\":\"Organization\",\"@id\":\"https:\\\/\\\/confederaciopenyes.cat\\\/es\\\/#organization\",\"name\":\"Confederaci\u00f3 Mundial de Penyes del FC Barcelona\",\"url\":\"https:\\\/\\\/confederaciopenyes.cat\\\/es\\\/\",\"logo\":{\"@type\":\"ImageObject\",\"inLanguage\":\"es\",\"@id\":\"https:\\\/\\\/confederaciopenyes.cat\\\/es\\\/#\\\/schema\\\/logo\\\/image\\\/\",\"url\":\"https:\\\/\\\/confederaciopenyes.cat\\\/wp-content\\\/uploads\\\/2022\\\/07\\\/cropped-logo_horizontal.png\",\"contentUrl\":\"https:\\\/\\\/confederaciopenyes.cat\\\/wp-content\\\/uploads\\\/2022\\\/07\\\/cropped-logo_horizontal.png\",\"width\":1320,\"height\":309,\"caption\":\"Confederaci\u00f3 Mundial de Penyes del FC Barcelona\"},\"image\":{\"@id\":\"https:\\\/\\\/confederaciopenyes.cat\\\/es\\\/#\\\/schema\\\/logo\\\/image\\\/\"},\"sameAs\":[\"https:\\\/\\\/www.facebook.com\\\/ConfederacioMundialPenyesFCB\",\"https:\\\/\\\/x.com\\\/ConfePenyesFCB\",\"https:\\\/\\\/www.instagram.com\\\/confepenyesfcb\\\/\"]},{\"@type\":\"Person\",\"@id\":\"https:\\\/\\\/confederaciopenyes.cat\\\/es\\\/#\\\/schema\\\/person\\\/337072f6daef87a85aa59aa1f134387c\",\"name\":\"Confederaci\u00f3 Mundial de Penyes del FC Barcelona\",\"image\":{\"@type\":\"ImageObject\",\"inLanguage\":\"es\",\"@id\":\"https:\\\/\\\/secure.gravatar.com\\\/avatar\\\/98c60c7405ff843b10aec55db652bd3f5cb4320ef331ae76c156819a62194328?s=96&d=mm&r=g\",\"url\":\"https:\\\/\\\/secure.gravatar.com\\\/avatar\\\/98c60c7405ff843b10aec55db652bd3f5cb4320ef331ae76c156819a62194328?s=96&d=mm&r=g\",\"contentUrl\":\"https:\\\/\\\/secure.gravatar.com\\\/avatar\\\/98c60c7405ff843b10aec55db652bd3f5cb4320ef331ae76c156819a62194328?s=96&d=mm&r=g\",\"caption\":\"Confederaci\u00f3 Mundial de Penyes del FC Barcelona\"},\"url\":\"https:\\\/\\\/confederaciopenyes.cat\\\/es\\\/author\\\/comunicacioconfederaciopenyes-cat\\\/\"}]}<\/script>\n<!-- \/ Yoast SEO Premium plugin. -->","yoast_head_json":{"title":"La Confederaci\u00f3n, con el D\u00eda Mundial Enfermedades Raras - CMP","description":"La Confederaci\u00f3n Mundial de Pe\u00f1as conmemora un a\u00f1o m\u00e1s el D\u00eda Mundial de las Enfermedades Raras y apoya el trabajo de FEDER.","robots":{"index":"index","follow":"follow","max-snippet":"max-snippet:-1","max-image-preview":"max-image-preview:large","max-video-preview":"max-video-preview:-1"},"canonical":"https:\/\/confederaciopenyes.cat\/es\/la-confederacion-mundial-de-penas-conmemora-un-ano-mas-el-dia-mundial-de-las-enfermedades-raras\/","og_locale":"es_ES","og_type":"article","og_title":"La Confederaci\u00f3n Mundial de Pe\u00f1as conmemora un a\u00f1o m\u00e1s el D\u00eda Mundial de las Enfermedades Raras","og_description":"La Confederaci\u00f3n Mundial de Pe\u00f1as conmemora un a\u00f1o m\u00e1s el D\u00eda Mundial de las Enfermedades Raras y apoya el trabajo de FEDER.","og_url":"https:\/\/confederaciopenyes.cat\/es\/la-confederacion-mundial-de-penas-conmemora-un-ano-mas-el-dia-mundial-de-las-enfermedades-raras\/","og_site_name":"Confederaci\u00f3 Mundial de Penyes del FC Barcelona","article_publisher":"https:\/\/www.facebook.com\/ConfederacioMundialPenyesFCB","article_published_time":"2026-02-27T12:09:38+00:00","article_modified_time":"2026-02-27T12:25:23+00:00","og_image":[{"width":1528,"height":859,"url":"https:\/\/confederaciopenyes.cat\/wp-content\/uploads\/2026\/02\/WhatsApp-Image-2026-02-17-at-23.10.10-1.jpeg","type":"image\/jpeg"}],"author":"Confederaci\u00f3 Mundial de Penyes del FC Barcelona","twitter_card":"summary_large_image","twitter_creator":"@ConfePenyesFCB","twitter_site":"@ConfePenyesFCB","twitter_misc":{"Escrito por":"Confederaci\u00f3 Mundial de Penyes del FC Barcelona","Tiempo de lectura":"4 minutos"},"schema":{"@context":"https:\/\/schema.org","@graph":[{"@type":"Article","@id":"https:\/\/confederaciopenyes.cat\/es\/la-confederacion-mundial-de-penas-conmemora-un-ano-mas-el-dia-mundial-de-las-enfermedades-raras\/#article","isPartOf":{"@id":"https:\/\/confederaciopenyes.cat\/es\/la-confederacion-mundial-de-penas-conmemora-un-ano-mas-el-dia-mundial-de-las-enfermedades-raras\/"},"author":{"name":"Confederaci\u00f3 Mundial de Penyes del FC Barcelona","@id":"https:\/\/confederaciopenyes.cat\/es\/#\/schema\/person\/337072f6daef87a85aa59aa1f134387c"},"headline":"La Confederaci\u00f3n Mundial de Pe\u00f1as conmemora un a\u00f1o m\u00e1s el D\u00eda Mundial de las Enfermedades Raras","datePublished":"2026-02-27T12:09:38+00:00","dateModified":"2026-02-27T12:25:23+00:00","mainEntityOfPage":{"@id":"https:\/\/confederaciopenyes.cat\/es\/la-confederacion-mundial-de-penas-conmemora-un-ano-mas-el-dia-mundial-de-las-enfermedades-raras\/"},"wordCount":557,"publisher":{"@id":"https:\/\/confederaciopenyes.cat\/es\/#organization"},"image":{"@id":"https:\/\/confederaciopenyes.cat\/es\/la-confederacion-mundial-de-penas-conmemora-un-ano-mas-el-dia-mundial-de-las-enfermedades-raras\/#primaryimage"},"thumbnailUrl":"https:\/\/confederaciopenyes.cat\/wp-content\/uploads\/2026\/02\/WhatsApp-Image-2026-02-17-at-23.10.10-1.jpeg","keywords":["Centre Penitenciari Murcia I","confederaci\u00f3 mundial de penyes","D\u00eda Mundial Enfermedades Raras","noticias","PB Totana","pe\u00f1as","solidaridad"],"articleSection":["Noticias"],"inLanguage":"es"},{"@type":"WebPage","@id":"https:\/\/confederaciopenyes.cat\/es\/la-confederacion-mundial-de-penas-conmemora-un-ano-mas-el-dia-mundial-de-las-enfermedades-raras\/","url":"https:\/\/confederaciopenyes.cat\/es\/la-confederacion-mundial-de-penas-conmemora-un-ano-mas-el-dia-mundial-de-las-enfermedades-raras\/","name":"La Confederaci\u00f3n, con el D\u00eda Mundial Enfermedades Raras - CMP","isPartOf":{"@id":"https:\/\/confederaciopenyes.cat\/es\/#website"},"primaryImageOfPage":{"@id":"https:\/\/confederaciopenyes.cat\/es\/la-confederacion-mundial-de-penas-conmemora-un-ano-mas-el-dia-mundial-de-las-enfermedades-raras\/#primaryimage"},"image":{"@id":"https:\/\/confederaciopenyes.cat\/es\/la-confederacion-mundial-de-penas-conmemora-un-ano-mas-el-dia-mundial-de-las-enfermedades-raras\/#primaryimage"},"thumbnailUrl":"https:\/\/confederaciopenyes.cat\/wp-content\/uploads\/2026\/02\/WhatsApp-Image-2026-02-17-at-23.10.10-1.jpeg","datePublished":"2026-02-27T12:09:38+00:00","dateModified":"2026-02-27T12:25:23+00:00","description":"La Confederaci\u00f3n Mundial de Pe\u00f1as conmemora un a\u00f1o m\u00e1s el D\u00eda Mundial de las Enfermedades Raras y apoya el trabajo de FEDER.","breadcrumb":{"@id":"https:\/\/confederaciopenyes.cat\/es\/la-confederacion-mundial-de-penas-conmemora-un-ano-mas-el-dia-mundial-de-las-enfermedades-raras\/#breadcrumb"},"inLanguage":"es","potentialAction":[{"@type":"ReadAction","target":["https:\/\/confederaciopenyes.cat\/es\/la-confederacion-mundial-de-penas-conmemora-un-ano-mas-el-dia-mundial-de-las-enfermedades-raras\/"]}]},{"@type":"ImageObject","inLanguage":"es","@id":"https:\/\/confederaciopenyes.cat\/es\/la-confederacion-mundial-de-penas-conmemora-un-ano-mas-el-dia-mundial-de-las-enfermedades-raras\/#primaryimage","url":"https:\/\/confederaciopenyes.cat\/wp-content\/uploads\/2026\/02\/WhatsApp-Image-2026-02-17-at-23.10.10-1.jpeg","contentUrl":"https:\/\/confederaciopenyes.cat\/wp-content\/uploads\/2026\/02\/WhatsApp-Image-2026-02-17-at-23.10.10-1.jpeg","width":1528,"height":859},{"@type":"BreadcrumbList","@id":"https:\/\/confederaciopenyes.cat\/es\/la-confederacion-mundial-de-penas-conmemora-un-ano-mas-el-dia-mundial-de-las-enfermedades-raras\/#breadcrumb","itemListElement":[{"@type":"ListItem","position":1,"name":"Inici","item":"https:\/\/confederaciopenyes.cat\/es\/"},{"@type":"ListItem","position":2,"name":"La Confederaci\u00f3n Mundial de Pe\u00f1as conmemora un a\u00f1o m\u00e1s el D\u00eda Mundial de las Enfermedades Raras"}]},{"@type":"WebSite","@id":"https:\/\/confederaciopenyes.cat\/es\/#website","url":"https:\/\/confederaciopenyes.cat\/es\/","name":"Confederaci\u00f3 Mundial de Penyes del FC Barcelona","description":"C.M. Penyes FC Barcelona","publisher":{"@id":"https:\/\/confederaciopenyes.cat\/es\/#organization"},"potentialAction":[{"@type":"SearchAction","target":{"@type":"EntryPoint","urlTemplate":"https:\/\/confederaciopenyes.cat\/es\/?s={search_term_string}"},"query-input":{"@type":"PropertyValueSpecification","valueRequired":true,"valueName":"search_term_string"}}],"inLanguage":"es"},{"@type":"Organization","@id":"https:\/\/confederaciopenyes.cat\/es\/#organization","name":"Confederaci\u00f3 Mundial de Penyes del FC Barcelona","url":"https:\/\/confederaciopenyes.cat\/es\/","logo":{"@type":"ImageObject","inLanguage":"es","@id":"https:\/\/confederaciopenyes.cat\/es\/#\/schema\/logo\/image\/","url":"https:\/\/confederaciopenyes.cat\/wp-content\/uploads\/2022\/07\/cropped-logo_horizontal.png","contentUrl":"https:\/\/confederaciopenyes.cat\/wp-content\/uploads\/2022\/07\/cropped-logo_horizontal.png","width":1320,"height":309,"caption":"Confederaci\u00f3 Mundial de Penyes del FC Barcelona"},"image":{"@id":"https:\/\/confederaciopenyes.cat\/es\/#\/schema\/logo\/image\/"},"sameAs":["https:\/\/www.facebook.com\/ConfederacioMundialPenyesFCB","https:\/\/x.com\/ConfePenyesFCB","https:\/\/www.instagram.com\/confepenyesfcb\/"]},{"@type":"Person","@id":"https:\/\/confederaciopenyes.cat\/es\/#\/schema\/person\/337072f6daef87a85aa59aa1f134387c","name":"Confederaci\u00f3 Mundial de Penyes del FC Barcelona","image":{"@type":"ImageObject","inLanguage":"es","@id":"https:\/\/secure.gravatar.com\/avatar\/98c60c7405ff843b10aec55db652bd3f5cb4320ef331ae76c156819a62194328?s=96&d=mm&r=g","url":"https:\/\/secure.gravatar.com\/avatar\/98c60c7405ff843b10aec55db652bd3f5cb4320ef331ae76c156819a62194328?s=96&d=mm&r=g","contentUrl":"https:\/\/secure.gravatar.com\/avatar\/98c60c7405ff843b10aec55db652bd3f5cb4320ef331ae76c156819a62194328?s=96&d=mm&r=g","caption":"Confederaci\u00f3 Mundial de Penyes del FC Barcelona"},"url":"https:\/\/confederaciopenyes.cat\/es\/author\/comunicacioconfederaciopenyes-cat\/"}]}},"_links":{"self":[{"href":"https:\/\/confederaciopenyes.cat\/es\/wp-json\/wp\/v2\/posts\/41077","targetHints":{"allow":["GET"]}}],"collection":[{"href":"https:\/\/confederaciopenyes.cat\/es\/wp-json\/wp\/v2\/posts"}],"about":[{"href":"https:\/\/confederaciopenyes.cat\/es\/wp-json\/wp\/v2\/types\/post"}],"author":[{"embeddable":true,"href":"https:\/\/confederaciopenyes.cat\/es\/wp-json\/wp\/v2\/users\/4"}],"replies":[{"embeddable":true,"href":"https:\/\/confederaciopenyes.cat\/es\/wp-json\/wp\/v2\/comments?post=41077"}],"version-history":[{"count":2,"href":"https:\/\/confederaciopenyes.cat\/es\/wp-json\/wp\/v2\/posts\/41077\/revisions"}],"predecessor-version":[{"id":41079,"href":"https:\/\/confederaciopenyes.cat\/es\/wp-json\/wp\/v2\/posts\/41077\/revisions\/41079"}],"wp:featuredmedia":[{"embeddable":true,"href":"https:\/\/confederaciopenyes.cat\/es\/wp-json\/wp\/v2\/media\/41074"}],"wp:attachment":[{"href":"https:\/\/confederaciopenyes.cat\/es\/wp-json\/wp\/v2\/media?parent=41077"}],"wp:term":[{"taxonomy":"category","embeddable":true,"href":"https:\/\/confederaciopenyes.cat\/es\/wp-json\/wp\/v2\/categories?post=41077"},{"taxonomy":"post_tag","embeddable":true,"href":"https:\/\/confederaciopenyes.cat\/es\/wp-json\/wp\/v2\/tags?post=41077"}],"curies":[{"name":"wp","href":"https:\/\/api.w.org\/{rel}","templated":true}]}}